{"id":8447,"date":"2025-03-20T08:15:16","date_gmt":"2025-03-20T07:15:16","guid":{"rendered":"https:\/\/rafaramirez.org\/blog\/?p=8447"},"modified":"2025-03-12T10:32:41","modified_gmt":"2025-03-12T09:32:41","slug":"dia-internacional-de-la-felicidad","status":"publish","type":"post","link":"https:\/\/rafaramirez.org\/blog\/index.php\/2025\/03\/20\/dia-internacional-de-la-felicidad\/","title":{"rendered":"D\u00eda Internacional de la Felicidad: fomentando la gratitud, la amabilidad y el optimismo."},"content":{"rendered":"<p>El D\u00eda Internacional de la Felicidad se celebra cada a\u00f1o el 20 de marzo. Fue instaurado por las Naciones Unidas como una forma de reconocer la importancia de la felicidad y el bienestar como metas universales en la vida de las personas.<\/p>\n<p>Esta celebraci\u00f3n busca promover una visi\u00f3n m\u00e1s positiva del mundo y resalta la necesidad de adoptar pol\u00edticas p\u00fablicas y acciones que favorezcan el bienestar de las personas. Adem\u00e1s, se hace hincapi\u00e9 en la conexi\u00f3n entre felicidad, desarrollo sostenible y erradicaci\u00f3n de la pobreza. Por ejemplo, la felicidad a menudo depende de factores como el acceso a la educaci\u00f3n, la salud y la justicia social.<\/p>\n<p>En este d\u00eda se organizan actividades, campa\u00f1as y eventos que fomentan la gratitud, la amabilidad y el optimismo.<\/p>\n<h3>Historia de este d\u00eda.<\/h3>\n<p>El D\u00eda Internacional de la Felicidad se remonta a una resoluci\u00f3n de la Asamblea General de las Naciones Unidas de 2012. Este d\u00eda se celebr\u00f3 por primera vez en 2013 y fue propuesto por el Reino de But\u00e1n, un pa\u00eds que, desde la d\u00e9cada de 1970, ha priorizado la \u00abFelicidad Nacional Bruta\u00bb sobre el Producto Interior Bruto como medida del \u00e9xito. La filosof\u00eda de But\u00e1n inspir\u00f3 a la ONU a reconocer la felicidad y el bienestar como aspiraciones universales de los seres humanos y a destacar su importancia en las pol\u00edticas gubernamentales.<\/p>\n<p>La fecha elegida, el 20 de marzo, simboliza el equilibrio, ya que coincide con el equinoccio de primavera en el hemisferio norte y el de oto\u00f1o en el hemisferio sur. El objetivo de esta celebraci\u00f3n es promover un enfoque m\u00e1s inclusivo y equilibrado del desarrollo econ\u00f3mico que fomente la erradicaci\u00f3n de la pobreza y el bienestar global.<\/p>\n<figure id=\"attachment_8453\" aria-describedby=\"caption-attachment-8453\" style=\"width: 300px\" class=\"wp-caption aligncenter\"><a href=\"https:\/\/rafaramirez.org\/blog\/wp-content\/uploads\/2025\/03\/holi-2416686.jpg\" target=\"_blank\" rel=\"noopener\"><img loading=\"lazy\" decoding=\"async\" class=\"wp-image-8453 size-medium\" src=\"https:\/\/rafaramirez.org\/blog\/wp-content\/uploads\/2025\/03\/holi-2416686-300x200.jpg\" alt=\"D\u00eda Internacional de la Felicidad 20 de marzo. Blog de Rafael Ram\u00edrez.\" width=\"300\" height=\"200\" srcset=\"https:\/\/rafaramirez.org\/blog\/wp-content\/uploads\/2025\/03\/holi-2416686-300x200.jpg 300w, https:\/\/rafaramirez.org\/blog\/wp-content\/uploads\/2025\/03\/holi-2416686-768x512.jpg 768w, https:\/\/rafaramirez.org\/blog\/wp-content\/uploads\/2025\/03\/holi-2416686.jpg 800w\" sizes=\"auto, (max-width: 300px) 100vw, 300px\" \/><\/a><figcaption id=\"caption-attachment-8453\" class=\"wp-caption-text\">D\u00eda Internacional de la Felicidad 20 de marzo. Blog de Rafael Ram\u00edrez. (Foto: Pixabay).<\/figcaption><\/figure>\n<h3>Celebraci\u00f3n de este d\u00eda en diferentes partes del mundo.<\/h3>\n<p>El D\u00eda Internacional de la Felicidad se celebra de diversas maneras en todo el mundo, reflejando las culturas y tradiciones locales:<\/p>\n<ul>\n<li>Dinamarca: se promueve el concepto de hygge, que se centra en disfrutar de los peque\u00f1os placeres de la vida, como compartir momentos acogedores con amigos y familia.<\/li>\n<li>But\u00e1n: este pa\u00eds, pionero en la idea de la Felicidad Nacional Bruta, organiza eventos que destacan la importancia del bienestar colectivo y el desarrollo sostenible.<\/li>\n<li>Canad\u00e1: se celebra la joie de vivre, fomentando la gratitud y la amabilidad en las interacciones diarias.<\/li>\n<li>Finlandia: se practica el kalsarik\u00e4nnit, que consiste en relajarse en casa con ropa c\u00f3moda, disfrutando de un momento de tranquilidad.<\/li>\n<\/ul>\n<p>En general, muchas personas y organizaciones aprovechan este d\u00eda para realizar actividades que promuevan la felicidad, como actos de bondad, talleres de bienestar y campa\u00f1as de concienciaci\u00f3n sobre la importancia del equilibrio emocional y social.<\/p>\n<h3>\u00bfC\u00f3mo puedo celebrar este d\u00eda?<\/h3>\n<p>Celebrar el D\u00eda Internacional de la Felicidad es una oportunidad fant\u00e1stica para centrarse en el bienestar y compartir la alegr\u00eda. Aqu\u00ed tienes algunas ideas:<\/p>\n<ul>\n<li>Practica la gratitud: ded\u00edcate unos minutos a pensar en las cosas por las que est\u00e1s agradecido. Puedes escribirlas en un diario o compartirlas con esa persona especial.<\/li>\n<li>Realiza un acto de bondad: sorprende a alguien con un gesto amable, como dejarle una nota positiva, hacerle un favor inesperado o simplemente regalarle una sonrisa.<\/li>\n<li>Conecta con la naturaleza: da un paseo al aire libre, visita un parque o simplemente disfruta del sol. La naturaleza tiene un efecto positivo en nuestro estado de \u00e1nimo.<\/li>\n<li>Encuentra tiempo para ti: realiza actividades que te hagan feliz, como escuchar m\u00fasica, leer, meditar o practicar alg\u00fan pasatiempo que te apasione.<\/li>\n<li>Celebra con amigos o familia: re\u00fane a tus seres queridos, cocina juntos, jugad a algo divertido o simplemente compartid un buen momento.<\/li>\n<li>Difunde optimismo en redes sociales: comparte mensajes positivos, historias inspiradoras o reflexiones sobre qu\u00e9 significa la felicidad para ti.<\/li>\n<\/ul>\n<figure id=\"attachment_8454\" aria-describedby=\"caption-attachment-8454\" style=\"width: 300px\" class=\"wp-caption aligncenter\"><a href=\"https:\/\/rafaramirez.org\/blog\/wp-content\/uploads\/2025\/03\/child-3199624.jpg\" target=\"_blank\" rel=\"noopener\"><img loading=\"lazy\" decoding=\"async\" class=\"wp-image-8454 size-medium\" src=\"https:\/\/rafaramirez.org\/blog\/wp-content\/uploads\/2025\/03\/child-3199624-300x268.jpg\" alt=\"D\u00eda Internacional de la Felicidad 20 de marzo. Blog de Rafael Ram\u00edrez.\" width=\"300\" height=\"268\" srcset=\"https:\/\/rafaramirez.org\/blog\/wp-content\/uploads\/2025\/03\/child-3199624-300x268.jpg 300w, https:\/\/rafaramirez.org\/blog\/wp-content\/uploads\/2025\/03\/child-3199624-768x685.jpg 768w, https:\/\/rafaramirez.org\/blog\/wp-content\/uploads\/2025\/03\/child-3199624.jpg 800w\" sizes=\"auto, (max-width: 300px) 100vw, 300px\" \/><\/a><figcaption id=\"caption-attachment-8454\" class=\"wp-caption-text\">D\u00eda Internacional de la Felicidad 20 de marzo. Blog de Rafael Ram\u00edrez. (Foto: Pixabay).<\/figcaption><\/figure>\n<p>En resumen, el D\u00eda Internacional de la Felicidad es importante porque nos recuerda que el bienestar y la felicidad son derechos universales y fundamentales. Promueve la amabilidad, la gratitud y la solidaridad, y subraya la conexi\u00f3n entre felicidad, desarrollo sostenible y justicia social.<\/p>\n<p>M\u00e1s informaci\u00f3n:<\/p>\n<ul>\n<li><a href=\"https:\/\/www.un.org\/es\/observances\/happiness-day\" target=\"_blank\" rel=\"noopener\">ONU<\/a>.<\/li>\n<li><a href=\"https:\/\/es.wikipedia.org\/wiki\/D%C3%ADa_Internacional_de_la_Felicidad\" target=\"_blank\" rel=\"noopener\">Wikipedia<\/a>.<\/li>\n<li><a href=\"https:\/\/rafaramirez.org\/blog\/index.php\/category\/arte\/efemerides\/\" target=\"_blank\" rel=\"noopener\">Otras efem\u00e9rides<\/a>.<\/li>\n<\/ul>\n","protected":false},"excerpt":{"rendered":"<p>El D\u00eda Internacional de la Felicidad se celebra cada a\u00f1o el 20 de marzo. Fue instaurado por las Naciones Unidas como una forma de reconocer la importancia de la felicidad y el bienestar como metas universales en la vida de las personas. Esta celebraci\u00f3n busca promover una visi\u00f3n m\u00e1s positiva del mundo y resalta la [&hellip;]<\/p>\n","protected":false},"author":1,"featured_media":8451,"comment_status":"open","ping_status":"closed","sticky":false,"template":"","format":"standard","meta":{"site-container-style":"default","site-container-layout":"default","site-sidebar-layout":"default","disable-article-header":"default","disable-site-header":"default","disable-site-footer":"default","disable-content-area-spacing":"default","_jetpack_newsletter_access":"","_jetpack_dont_email_post_to_subs":false,"_jetpack_newsletter_tier_id":0,"_jetpack_memberships_contains_paywalled_content":false,"_jetpack_feature_clip_id":0,"_jetpack_memberships_contains_paid_content":false,"footnotes":"","jetpack_publicize_message":"","jetpack_publicize_feature_enabled":true,"jetpack_social_post_already_shared":true,"jetpack_social_options":{"image_generator_settings":{"template":"highway","default_image_id":0,"font":"","enabled":false},"version":2},"jetpack_post_was_ever_published":false},"categories":[1291],"tags":[68,4116,1323,4117,4099,4098,2324,1702],"class_list":["post-8447","post","type-post","status-publish","format-standard","has-post-thumbnail","hentry","category-efemerides","tag-blog-de-rafael-ramirez","tag-dia-internacional-de-la-felicidad","tag-efemerides","tag-efemerides-20-de-marzo","tag-efemerides-de-2025","tag-efemerides-de-marzo","tag-naciones-unidas","tag-onu"],"yoast_head":"<!-- This site is optimized with the Yoast SEO plugin v28.4 - https:\/\/yoast.com\/product\/yoast-seo-wordpress\/ -->\n<title>D\u00eda Internacional de la Felicidad: fomentando la gratitud, la amabilidad y el optimismo. - Blog de Rafael Ram\u00edrez<\/title>\n<meta name=\"description\" content=\"El D\u00eda Internacional de la Felicidad se celebra el 20 de marzo. Fue instaurado por la ONU para reconocer la importancia de la felicidad y el\" \/>\n<meta name=\"robots\" content=\"index, follow, max-snippet:-1, max-image-preview:large, max-video-preview:-1\" \/>\n<link rel=\"canonical\" href=\"https:\/\/rafaramirez.org\/blog\/index.php\/2025\/03\/20\/dia-internacional-de-la-felicidad\/\" \/>\n<meta property=\"og:locale\" content=\"es_ES\" \/>\n<meta property=\"og:type\" content=\"article\" \/>\n<meta property=\"og:title\" content=\"D\u00eda Internacional de la Felicidad: fomentando la gratitud, la amabilidad y el optimismo. - Blog de Rafael Ram\u00edrez\" \/>\n<meta property=\"og:description\" content=\"El D\u00eda Internacional de la Felicidad se celebra el 20 de marzo. Fue instaurado por la ONU para reconocer la importancia de la felicidad y el\" \/>\n<meta property=\"og:url\" content=\"https:\/\/rafaramirez.org\/blog\/index.php\/2025\/03\/20\/dia-internacional-de-la-felicidad\/\" \/>\n<meta property=\"og:site_name\" content=\"Blog de Rafael Ram\u00edrez\" \/>\n<meta property=\"article:published_time\" content=\"2025-03-20T07:15:16+00:00\" \/>\n<meta property=\"og:image\" content=\"https:\/\/rafaramirez.org\/blog\/wp-content\/uploads\/2025\/03\/Dia_Internacional_de_la_Felicidad_banner.jpg\" \/>\n\t<meta property=\"og:image:width\" content=\"720\" \/>\n\t<meta property=\"og:image:height\" content=\"440\" \/>\n\t<meta property=\"og:image:type\" content=\"image\/jpeg\" \/>\n<meta name=\"author\" content=\"Rafael Ram\u00edrez\" \/>\n<meta name=\"twitter:card\" content=\"summary_large_image\" \/>\n<meta name=\"twitter:creator\" content=\"@rafaramirez_ok\" \/>\n<meta name=\"twitter:site\" content=\"@rafaramirez_ok\" \/>\n<meta name=\"twitter:label1\" content=\"Escrito por\" \/>\n\t<meta name=\"twitter:data1\" content=\"Rafael Ram\u00edrez\" \/>\n\t<meta name=\"twitter:label2\" content=\"Tiempo de lectura\" \/>\n\t<meta name=\"twitter:data2\" content=\"4 minutos\" \/>\n<script type=\"application\/ld+json\" class=\"yoast-schema-graph\">{\"@context\":\"https:\\\/\\\/schema.org\",\"@graph\":[{\"@type\":\"Article\",\"@id\":\"https:\\\/\\\/rafaramirez.org\\\/blog\\\/index.php\\\/2025\\\/03\\\/20\\\/dia-internacional-de-la-felicidad\\\/#article\",\"isPartOf\":{\"@id\":\"https:\\\/\\\/rafaramirez.org\\\/blog\\\/index.php\\\/2025\\\/03\\\/20\\\/dia-internacional-de-la-felicidad\\\/\"},\"author\":{\"name\":\"Rafael Ram\u00edrez\",\"@id\":\"https:\\\/\\\/rafaramirez.org\\\/blog\\\/#\\\/schema\\\/person\\\/50f43b6d60c578760d4c17bda54ab6a5\"},\"headline\":\"D\u00eda Internacional de la Felicidad: fomentando la gratitud, la amabilidad y el optimismo.\",\"datePublished\":\"2025-03-20T07:15:16+00:00\",\"mainEntityOfPage\":{\"@id\":\"https:\\\/\\\/rafaramirez.org\\\/blog\\\/index.php\\\/2025\\\/03\\\/20\\\/dia-internacional-de-la-felicidad\\\/\"},\"wordCount\":761,\"commentCount\":0,\"publisher\":{\"@id\":\"https:\\\/\\\/rafaramirez.org\\\/blog\\\/#\\\/schema\\\/person\\\/50f43b6d60c578760d4c17bda54ab6a5\"},\"image\":{\"@id\":\"https:\\\/\\\/rafaramirez.org\\\/blog\\\/index.php\\\/2025\\\/03\\\/20\\\/dia-internacional-de-la-felicidad\\\/#primaryimage\"},\"thumbnailUrl\":\"https:\\\/\\\/rafaramirez.org\\\/blog\\\/wp-content\\\/uploads\\\/2025\\\/03\\\/Dia_Internacional_de_la_Felicidad_banner.jpg\",\"keywords\":[\"blog de Rafael Ram\u00edrez\",\"D\u00eda Internacional de la Felicidad\",\"efem\u00e9rides\",\"efem\u00e9rides 20 de marzo\",\"efem\u00e9rides de 2025\",\"efem\u00e9rides de marzo\",\"Naciones Unidas\",\"ONU\"],\"articleSection\":[\"Efem\u00e9rides\"],\"inLanguage\":\"es\",\"potentialAction\":[{\"@type\":\"CommentAction\",\"name\":\"Comment\",\"target\":[\"https:\\\/\\\/rafaramirez.org\\\/blog\\\/index.php\\\/2025\\\/03\\\/20\\\/dia-internacional-de-la-felicidad\\\/#respond\"]}]},{\"@type\":\"WebPage\",\"@id\":\"https:\\\/\\\/rafaramirez.org\\\/blog\\\/index.php\\\/2025\\\/03\\\/20\\\/dia-internacional-de-la-felicidad\\\/\",\"url\":\"https:\\\/\\\/rafaramirez.org\\\/blog\\\/index.php\\\/2025\\\/03\\\/20\\\/dia-internacional-de-la-felicidad\\\/\",\"name\":\"D\u00eda Internacional de la Felicidad: fomentando la gratitud, la amabilidad y el optimismo. - Blog de Rafael Ram\u00edrez\",\"isPartOf\":{\"@id\":\"https:\\\/\\\/rafaramirez.org\\\/blog\\\/#website\"},\"primaryImageOfPage\":{\"@id\":\"https:\\\/\\\/rafaramirez.org\\\/blog\\\/index.php\\\/2025\\\/03\\\/20\\\/dia-internacional-de-la-felicidad\\\/#primaryimage\"},\"image\":{\"@id\":\"https:\\\/\\\/rafaramirez.org\\\/blog\\\/index.php\\\/2025\\\/03\\\/20\\\/dia-internacional-de-la-felicidad\\\/#primaryimage\"},\"thumbnailUrl\":\"https:\\\/\\\/rafaramirez.org\\\/blog\\\/wp-content\\\/uploads\\\/2025\\\/03\\\/Dia_Internacional_de_la_Felicidad_banner.jpg\",\"datePublished\":\"2025-03-20T07:15:16+00:00\",\"description\":\"El D\u00eda Internacional de la Felicidad se celebra el 20 de marzo. Fue instaurado por la ONU para reconocer la importancia de la felicidad y el\",\"breadcrumb\":{\"@id\":\"https:\\\/\\\/rafaramirez.org\\\/blog\\\/index.php\\\/2025\\\/03\\\/20\\\/dia-internacional-de-la-felicidad\\\/#breadcrumb\"},\"inLanguage\":\"es\",\"potentialAction\":[{\"@type\":\"ReadAction\",\"target\":[\"https:\\\/\\\/rafaramirez.org\\\/blog\\\/index.php\\\/2025\\\/03\\\/20\\\/dia-internacional-de-la-felicidad\\\/\"]}]},{\"@type\":\"ImageObject\",\"inLanguage\":\"es\",\"@id\":\"https:\\\/\\\/rafaramirez.org\\\/blog\\\/index.php\\\/2025\\\/03\\\/20\\\/dia-internacional-de-la-felicidad\\\/#primaryimage\",\"url\":\"https:\\\/\\\/rafaramirez.org\\\/blog\\\/wp-content\\\/uploads\\\/2025\\\/03\\\/Dia_Internacional_de_la_Felicidad_banner.jpg\",\"contentUrl\":\"https:\\\/\\\/rafaramirez.org\\\/blog\\\/wp-content\\\/uploads\\\/2025\\\/03\\\/Dia_Internacional_de_la_Felicidad_banner.jpg\",\"width\":720,\"height\":440,\"caption\":\"D\u00eda Internacional de la Felicidad 20 de marzo. Blog de Rafael Ram\u00edrez.. Fotograf\u00eda: Pixabay.\"},{\"@type\":\"BreadcrumbList\",\"@id\":\"https:\\\/\\\/rafaramirez.org\\\/blog\\\/index.php\\\/2025\\\/03\\\/20\\\/dia-internacional-de-la-felicidad\\\/#breadcrumb\",\"itemListElement\":[{\"@type\":\"ListItem\",\"position\":1,\"name\":\"Portada\",\"item\":\"https:\\\/\\\/rafaramirez.org\\\/blog\\\/\"},{\"@type\":\"ListItem\",\"position\":2,\"name\":\"D\u00eda Internacional de la Felicidad: fomentando la gratitud, la amabilidad y el optimismo.\"}]},{\"@type\":\"WebSite\",\"@id\":\"https:\\\/\\\/rafaramirez.org\\\/blog\\\/#website\",\"url\":\"https:\\\/\\\/rafaramirez.org\\\/blog\\\/\",\"name\":\"Blog de Rafael Ram\u00edrez\",\"description\":\"Un sitio social, de arte y cultura\",\"publisher\":{\"@id\":\"https:\\\/\\\/rafaramirez.org\\\/blog\\\/#\\\/schema\\\/person\\\/50f43b6d60c578760d4c17bda54ab6a5\"},\"potentialAction\":[{\"@type\":\"SearchAction\",\"target\":{\"@type\":\"EntryPoint\",\"urlTemplate\":\"https:\\\/\\\/rafaramirez.org\\\/blog\\\/?s={search_term_string}\"},\"query-input\":{\"@type\":\"PropertyValueSpecification\",\"valueRequired\":true,\"valueName\":\"search_term_string\"}}],\"inLanguage\":\"es\"},{\"@type\":[\"Person\",\"Organization\"],\"@id\":\"https:\\\/\\\/rafaramirez.org\\\/blog\\\/#\\\/schema\\\/person\\\/50f43b6d60c578760d4c17bda54ab6a5\",\"name\":\"Rafael Ram\u00edrez\",\"image\":{\"@type\":\"ImageObject\",\"inLanguage\":\"es\",\"@id\":\"https:\\\/\\\/rafaramirez.org\\\/blog\\\/wp-content\\\/uploads\\\/2024\\\/09\\\/RR_socialnetwork.jpg\",\"url\":\"https:\\\/\\\/rafaramirez.org\\\/blog\\\/wp-content\\\/uploads\\\/2024\\\/09\\\/RR_socialnetwork.jpg\",\"contentUrl\":\"https:\\\/\\\/rafaramirez.org\\\/blog\\\/wp-content\\\/uploads\\\/2024\\\/09\\\/RR_socialnetwork.jpg\",\"width\":600,\"height\":606,\"caption\":\"Rafael Ram\u00edrez\"},\"logo\":{\"@id\":\"https:\\\/\\\/rafaramirez.org\\\/blog\\\/wp-content\\\/uploads\\\/2024\\\/09\\\/RR_socialnetwork.jpg\"},\"sameAs\":[\"https:\\\/\\\/www.rafaramirez.org\\\/blog\",\"https:\\\/\\\/www.instagram.com\\\/rafaramirez_ok\\\/\",\"https:\\\/\\\/es.pinterest.com\\\/Ramirez_Rafa\\\/\",\"https:\\\/\\\/x.com\\\/rafaramirez_ok\"],\"url\":\"https:\\\/\\\/rafaramirez.org\\\/blog\\\/index.php\\\/author\\\/rafaell_qm6j97da\\\/\"}]}<\/script>\n<!-- \/ Yoast SEO plugin. -->","yoast_head_json":{"title":"D\u00eda Internacional de la Felicidad: fomentando la gratitud, la amabilidad y el optimismo. - Blog de Rafael Ram\u00edrez","description":"El D\u00eda Internacional de la Felicidad se celebra el 20 de marzo. Fue instaurado por la ONU para reconocer la importancia de la felicidad y el","robots":{"index":"index","follow":"follow","max-snippet":"max-snippet:-1","max-image-preview":"max-image-preview:large","max-video-preview":"max-video-preview:-1"},"canonical":"https:\/\/rafaramirez.org\/blog\/index.php\/2025\/03\/20\/dia-internacional-de-la-felicidad\/","og_locale":"es_ES","og_type":"article","og_title":"D\u00eda Internacional de la Felicidad: fomentando la gratitud, la amabilidad y el optimismo. - Blog de Rafael Ram\u00edrez","og_description":"El D\u00eda Internacional de la Felicidad se celebra el 20 de marzo. Fue instaurado por la ONU para reconocer la importancia de la felicidad y el","og_url":"https:\/\/rafaramirez.org\/blog\/index.php\/2025\/03\/20\/dia-internacional-de-la-felicidad\/","og_site_name":"Blog de Rafael Ram\u00edrez","article_published_time":"2025-03-20T07:15:16+00:00","og_image":[{"width":720,"height":440,"url":"https:\/\/rafaramirez.org\/blog\/wp-content\/uploads\/2025\/03\/Dia_Internacional_de_la_Felicidad_banner.jpg","type":"image\/jpeg"}],"author":"Rafael Ram\u00edrez","twitter_card":"summary_large_image","twitter_creator":"@rafaramirez_ok","twitter_site":"@rafaramirez_ok","twitter_misc":{"Escrito por":"Rafael Ram\u00edrez","Tiempo de lectura":"4 minutos"},"schema":{"@context":"https:\/\/schema.org","@graph":[{"@type":"Article","@id":"https:\/\/rafaramirez.org\/blog\/index.php\/2025\/03\/20\/dia-internacional-de-la-felicidad\/#article","isPartOf":{"@id":"https:\/\/rafaramirez.org\/blog\/index.php\/2025\/03\/20\/dia-internacional-de-la-felicidad\/"},"author":{"name":"Rafael Ram\u00edrez","@id":"https:\/\/rafaramirez.org\/blog\/#\/schema\/person\/50f43b6d60c578760d4c17bda54ab6a5"},"headline":"D\u00eda Internacional de la Felicidad: fomentando la gratitud, la amabilidad y el optimismo.","datePublished":"2025-03-20T07:15:16+00:00","mainEntityOfPage":{"@id":"https:\/\/rafaramirez.org\/blog\/index.php\/2025\/03\/20\/dia-internacional-de-la-felicidad\/"},"wordCount":761,"commentCount":0,"publisher":{"@id":"https:\/\/rafaramirez.org\/blog\/#\/schema\/person\/50f43b6d60c578760d4c17bda54ab6a5"},"image":{"@id":"https:\/\/rafaramirez.org\/blog\/index.php\/2025\/03\/20\/dia-internacional-de-la-felicidad\/#primaryimage"},"thumbnailUrl":"https:\/\/rafaramirez.org\/blog\/wp-content\/uploads\/2025\/03\/Dia_Internacional_de_la_Felicidad_banner.jpg","keywords":["blog de Rafael Ram\u00edrez","D\u00eda Internacional de la Felicidad","efem\u00e9rides","efem\u00e9rides 20 de marzo","efem\u00e9rides de 2025","efem\u00e9rides de marzo","Naciones Unidas","ONU"],"articleSection":["Efem\u00e9rides"],"inLanguage":"es","potentialAction":[{"@type":"CommentAction","name":"Comment","target":["https:\/\/rafaramirez.org\/blog\/index.php\/2025\/03\/20\/dia-internacional-de-la-felicidad\/#respond"]}]},{"@type":"WebPage","@id":"https:\/\/rafaramirez.org\/blog\/index.php\/2025\/03\/20\/dia-internacional-de-la-felicidad\/","url":"https:\/\/rafaramirez.org\/blog\/index.php\/2025\/03\/20\/dia-internacional-de-la-felicidad\/","name":"D\u00eda Internacional de la Felicidad: fomentando la gratitud, la amabilidad y el optimismo. - Blog de Rafael Ram\u00edrez","isPartOf":{"@id":"https:\/\/rafaramirez.org\/blog\/#website"},"primaryImageOfPage":{"@id":"https:\/\/rafaramirez.org\/blog\/index.php\/2025\/03\/20\/dia-internacional-de-la-felicidad\/#primaryimage"},"image":{"@id":"https:\/\/rafaramirez.org\/blog\/index.php\/2025\/03\/20\/dia-internacional-de-la-felicidad\/#primaryimage"},"thumbnailUrl":"https:\/\/rafaramirez.org\/blog\/wp-content\/uploads\/2025\/03\/Dia_Internacional_de_la_Felicidad_banner.jpg","datePublished":"2025-03-20T07:15:16+00:00","description":"El D\u00eda Internacional de la Felicidad se celebra el 20 de marzo. Fue instaurado por la ONU para reconocer la importancia de la felicidad y el","breadcrumb":{"@id":"https:\/\/rafaramirez.org\/blog\/index.php\/2025\/03\/20\/dia-internacional-de-la-felicidad\/#breadcrumb"},"inLanguage":"es","potentialAction":[{"@type":"ReadAction","target":["https:\/\/rafaramirez.org\/blog\/index.php\/2025\/03\/20\/dia-internacional-de-la-felicidad\/"]}]},{"@type":"ImageObject","inLanguage":"es","@id":"https:\/\/rafaramirez.org\/blog\/index.php\/2025\/03\/20\/dia-internacional-de-la-felicidad\/#primaryimage","url":"https:\/\/rafaramirez.org\/blog\/wp-content\/uploads\/2025\/03\/Dia_Internacional_de_la_Felicidad_banner.jpg","contentUrl":"https:\/\/rafaramirez.org\/blog\/wp-content\/uploads\/2025\/03\/Dia_Internacional_de_la_Felicidad_banner.jpg","width":720,"height":440,"caption":"D\u00eda Internacional de la Felicidad 20 de marzo. Blog de Rafael Ram\u00edrez.. Fotograf\u00eda: Pixabay."},{"@type":"BreadcrumbList","@id":"https:\/\/rafaramirez.org\/blog\/index.php\/2025\/03\/20\/dia-internacional-de-la-felicidad\/#breadcrumb","itemListElement":[{"@type":"ListItem","position":1,"name":"Portada","item":"https:\/\/rafaramirez.org\/blog\/"},{"@type":"ListItem","position":2,"name":"D\u00eda Internacional de la Felicidad: fomentando la gratitud, la amabilidad y el optimismo."}]},{"@type":"WebSite","@id":"https:\/\/rafaramirez.org\/blog\/#website","url":"https:\/\/rafaramirez.org\/blog\/","name":"Blog de Rafael Ram\u00edrez","description":"Un sitio social, de arte y cultura","publisher":{"@id":"https:\/\/rafaramirez.org\/blog\/#\/schema\/person\/50f43b6d60c578760d4c17bda54ab6a5"},"potentialAction":[{"@type":"SearchAction","target":{"@type":"EntryPoint","urlTemplate":"https:\/\/rafaramirez.org\/blog\/?s={search_term_string}"},"query-input":{"@type":"PropertyValueSpecification","valueRequired":true,"valueName":"search_term_string"}}],"inLanguage":"es"},{"@type":["Person","Organization"],"@id":"https:\/\/rafaramirez.org\/blog\/#\/schema\/person\/50f43b6d60c578760d4c17bda54ab6a5","name":"Rafael Ram\u00edrez","image":{"@type":"ImageObject","inLanguage":"es","@id":"https:\/\/rafaramirez.org\/blog\/wp-content\/uploads\/2024\/09\/RR_socialnetwork.jpg","url":"https:\/\/rafaramirez.org\/blog\/wp-content\/uploads\/2024\/09\/RR_socialnetwork.jpg","contentUrl":"https:\/\/rafaramirez.org\/blog\/wp-content\/uploads\/2024\/09\/RR_socialnetwork.jpg","width":600,"height":606,"caption":"Rafael Ram\u00edrez"},"logo":{"@id":"https:\/\/rafaramirez.org\/blog\/wp-content\/uploads\/2024\/09\/RR_socialnetwork.jpg"},"sameAs":["https:\/\/www.rafaramirez.org\/blog","https:\/\/www.instagram.com\/rafaramirez_ok\/","https:\/\/es.pinterest.com\/Ramirez_Rafa\/","https:\/\/x.com\/rafaramirez_ok"],"url":"https:\/\/rafaramirez.org\/blog\/index.php\/author\/rafaell_qm6j97da\/"}]}},"jetpack_publicize_connections":[],"jetpack_sharing_enabled":true,"jetpack_likes_enabled":true,"jetpack_featured_media_url":"https:\/\/rafaramirez.org\/blog\/wp-content\/uploads\/2025\/03\/Dia_Internacional_de_la_Felicidad_banner.jpg","_links":{"self":[{"href":"https:\/\/rafaramirez.org\/blog\/index.php\/wp-json\/wp\/v2\/posts\/8447","targetHints":{"allow":["GET"]}}],"collection":[{"href":"https:\/\/rafaramirez.org\/blog\/index.php\/wp-json\/wp\/v2\/posts"}],"about":[{"href":"https:\/\/rafaramirez.org\/blog\/index.php\/wp-json\/wp\/v2\/types\/post"}],"author":[{"embeddable":true,"href":"https:\/\/rafaramirez.org\/blog\/index.php\/wp-json\/wp\/v2\/users\/1"}],"replies":[{"embeddable":true,"href":"https:\/\/rafaramirez.org\/blog\/index.php\/wp-json\/wp\/v2\/comments?post=8447"}],"version-history":[{"count":6,"href":"https:\/\/rafaramirez.org\/blog\/index.php\/wp-json\/wp\/v2\/posts\/8447\/revisions"}],"predecessor-version":[{"id":8498,"href":"https:\/\/rafaramirez.org\/blog\/index.php\/wp-json\/wp\/v2\/posts\/8447\/revisions\/8498"}],"wp:featuredmedia":[{"embeddable":true,"href":"https:\/\/rafaramirez.org\/blog\/index.php\/wp-json\/wp\/v2\/media\/8451"}],"wp:attachment":[{"href":"https:\/\/rafaramirez.org\/blog\/index.php\/wp-json\/wp\/v2\/media?parent=8447"}],"wp:term":[{"taxonomy":"category","embeddable":true,"href":"https:\/\/rafaramirez.org\/blog\/index.php\/wp-json\/wp\/v2\/categories?post=8447"},{"taxonomy":"post_tag","embeddable":true,"href":"https:\/\/rafaramirez.org\/blog\/index.php\/wp-json\/wp\/v2\/tags?post=8447"}],"curies":[{"name":"wp","href":"https:\/\/api.w.org\/{rel}","templated":true}]}}