{"id":8424,"date":"2025-03-18T08:15:57","date_gmt":"2025-03-18T07:15:57","guid":{"rendered":"https:\/\/rafaramirez.org\/blog\/?p=8424"},"modified":"2025-03-07T12:58:31","modified_gmt":"2025-03-07T11:58:31","slug":"agua-y-jabon-de-marta-d-riezu","status":"publish","type":"post","link":"https:\/\/rafaramirez.org\/blog\/index.php\/2025\/03\/18\/agua-y-jabon-de-marta-d-riezu\/","title":{"rendered":"\u00abAgua y jab\u00f3n\u00bb de Marta D. Riezu: redescubriendo la elegancia de lo simple."},"content":{"rendered":"<p>Hoy os hablo del libro <strong>\u00abAgua y jab\u00f3n\u00bb<\/strong>, de <strong>Marta D. Riezu<\/strong>. Se trata de un ensayo que explora la idea de la \u00abelegancia involuntaria\u00bb. Inspirado en una frase del fot\u00f3grafo Cecil Beaton, quien defini\u00f3 la elegancia como \u00abagua y jab\u00f3n\u00bb, el libro celebra lo sencillo, lo \u00fatil y lo aut\u00e9ntico.<\/p>\n<p>Dividido en tres partes (Temperamentos, Objetos y Lugares), el libro <strong>es una colecci\u00f3n de reflexiones, observaciones y an\u00e9cdotas<\/strong> que invitan a apreciar la belleza en lo cotidiano. Desde el amor por las bibliotecas p\u00fablicas hasta el encanto de los trenes y los zepelines, Riezu nos lleva por un <strong>viaje lleno de nostalgia, humor y sensibilidad<\/strong>. No sigue un orden estricto, lo que permite al lector abrirlo por cualquier p\u00e1gina y disfrutar de su compa\u00f1\u00eda.<\/p>\n<p>Escrito con un estilo fragmentario y pausado, \u00abAgua y jab\u00f3n\u00bb es ideal para quienes buscan una lectura reflexiva y cercana.<\/p>\n<h3>Cr\u00edtica literaria.<\/h3>\n<p>\u00abAgua y jab\u00f3n\u00bb, de Marta D. Riezu, es un texto que se adentra en la reflexi\u00f3n sobre la elegancia cotidiana, defini\u00e9ndola no como algo superficial o adornado, sino como una cualidad aut\u00e9ntica, funcional y discreta. Su <strong>estructura fragmentaria invita a una lectura sin prisas<\/strong>, lo que refuerza su mensaje de apreciar la simplicidad y la esencia de la vida.<\/p>\n<p>Lo m\u00e1s destacado de esta obra es su estilo: Riezu logra transmitir sus ideas con una voz cercana, introspectiva y a menudo impregnada de nostalgia. Las referencias culturales que utiliza, desde la literatura hasta el dise\u00f1o, enriquecen el texto sin hacerlo inaccesible. Esto demuestra su habilidad para conectar lo personal con lo universal e <strong>invita al lector a reflexionar sobre sus propias experiencias y valores<\/strong>.<\/p>\n<p>Sin embargo, para algunos lectores, la ausencia de una narrativa lineal o un argumento definido podr\u00eda resultar poco convencional o incluso desconcertante. El libro, sin duda, no busca \u00abatrapar\u00bb al lector, sino ofrecer momentos de pausa y contemplaci\u00f3n.<\/p>\n<p>As\u00ed, \u00abAgua y jab\u00f3n\u00bb es un libro que celebra la esencia de lo cotidiano y lo modesto, dirigido a un p\u00fablico <strong>que valore la introspecci\u00f3n y la sensibilidad est\u00e9tica<\/strong>. Es una lectura que recompensa a quienes est\u00e9n dispuestos a disfrutar de peque\u00f1os placeres y reflexiones pausadas.<\/p>\n<figure id=\"attachment_8431\" aria-describedby=\"caption-attachment-8431\" style=\"width: 197px\" class=\"wp-caption aligncenter\"><a href=\"https:\/\/rafaramirez.org\/blog\/wp-content\/uploads\/2025\/03\/Agua_y_jabon_de_Marta_D.Riezu_portada_ok.jpg\" target=\"_blank\" rel=\"noopener\"><img loading=\"lazy\" decoding=\"async\" class=\"wp-image-8431 size-medium\" src=\"https:\/\/rafaramirez.org\/blog\/wp-content\/uploads\/2025\/03\/Agua_y_jabon_de_Marta_D.Riezu_portada_ok-197x300.jpg\" alt=\"&quot;Agua y jab\u00f3n&quot; de Marta D. Riezu. Blog de Rafael Ram\u00edrez.\" width=\"197\" height=\"300\" srcset=\"https:\/\/rafaramirez.org\/blog\/wp-content\/uploads\/2025\/03\/Agua_y_jabon_de_Marta_D.Riezu_portada_ok-197x300.jpg 197w, https:\/\/rafaramirez.org\/blog\/wp-content\/uploads\/2025\/03\/Agua_y_jabon_de_Marta_D.Riezu_portada_ok.jpg 526w\" sizes=\"auto, (max-width: 197px) 100vw, 197px\" \/><\/a><figcaption id=\"caption-attachment-8431\" class=\"wp-caption-text\">\u00abAgua y jab\u00f3n\u00bb de Marta D. Riezu. Blog de Rafael Ram\u00edrez.<\/figcaption><\/figure>\n<h3>Ficha t\u00e9cnica.<\/h3>\n<ul>\n<li><strong>T\u00edtulo:<\/strong> Agua y jab\u00f3n: Apuntes sobre elegancia involuntaria<\/li>\n<li><strong>Autora:<\/strong> Marta D. Riezu<\/li>\n<li><strong>Editorial:<\/strong> Anagrama<\/li>\n<li><strong>Colecci\u00f3n:<\/strong> Compactos<\/li>\n<li><strong>ISBN:<\/strong> 978-84-339-6133-4<\/li>\n<li><strong>N\u00famero de p\u00e1ginas:<\/strong> 240<\/li>\n<li><strong>Encuadernaci\u00f3n:<\/strong> Tapa blanda<\/li>\n<li><strong>Idioma:<\/strong> Castellano<\/li>\n<li><strong>Fecha de publicaci\u00f3n:<\/strong> 22 de junio de 2022<\/li>\n<li><strong>Lugar de edici\u00f3n:<\/strong> Barcelona<\/li>\n<\/ul>\n<h3>Sobre su autora.<\/h3>\n<p>Marta D. Riezu es una <strong>periodista y escritora<\/strong> espa\u00f1ola nacida en Terrassa en 1979. Actualmente, reside en Barcelona. A lo largo de su carrera, ha colaborado con diversos medios culturales como El Pa\u00eds, La Vanguardia, Vogue y Vanity Fair, y ha escrito sobre cine, m\u00fasica, moda y televisi\u00f3n.<\/p>\n<p>En el \u00e1mbito literario, aparte del que te estoy hablando, \u00abAgua y jab\u00f3n\u00bb (2022), Riezu ha publicado otro ensayo destacado: <strong>\u00abLa moda justa\u00bb<\/strong> (2021), donde reflexiona sobre la \u00e9tica en la vestimenta. Su <strong>estilo<\/strong> se caracteriza por ser <strong>introspectivo, nost\u00e1lgico y lleno de referencias culturales<\/strong> que conectan lo personal con lo universal.<\/p>\n<p>Riezu es conocida por su perfil discreto y su rechazo a las modas pasajeras, lo que la ha llevado a ser considerada una \u00abautora de culto\u00bb. Su obra refleja una sensibilidad \u00fanica hacia lo sencillo y lo aut\u00e9ntico.<\/p>\n<figure id=\"attachment_8429\" aria-describedby=\"caption-attachment-8429\" style=\"width: 265px\" class=\"wp-caption aligncenter\"><a href=\"https:\/\/rafaramirez.org\/blog\/wp-content\/uploads\/2025\/03\/Marta_D.Riezu_portrait.jpg\" target=\"_blank\" rel=\"noopener\"><img loading=\"lazy\" decoding=\"async\" class=\"wp-image-8429 size-medium\" src=\"https:\/\/rafaramirez.org\/blog\/wp-content\/uploads\/2025\/03\/Marta_D.Riezu_portrait-265x300.jpg\" alt=\"La escritora Marta D. Riezu. Blog de Rafael Ram\u00edrez.\" width=\"265\" height=\"300\" srcset=\"https:\/\/rafaramirez.org\/blog\/wp-content\/uploads\/2025\/03\/Marta_D.Riezu_portrait-265x300.jpg 265w, https:\/\/rafaramirez.org\/blog\/wp-content\/uploads\/2025\/03\/Marta_D.Riezu_portrait.jpg 360w\" sizes=\"auto, (max-width: 265px) 100vw, 265px\" \/><\/a><figcaption id=\"caption-attachment-8429\" class=\"wp-caption-text\">La escritora Marta D. Riezu. Blog de Rafael Ram\u00edrez.<\/figcaption><\/figure>\n<p>En resumen, \u00abAgua y jab\u00f3n\u00bb es un libro que celebra la bondad de lo cotidiano y lo aut\u00e9ntico. Marta D. Riezu, con su estilo reflexivo y nost\u00e1lgico, nos invita a redescubrir la elegancia de lo simple y a alejarnos de las prisas y las modas del momento. Es ideal para quienes buscan una lectura pausada que les inspire a apreciar los peque\u00f1os detalles de la vida. \u00bfTe animas a leerlo?<\/p>\n<p>M\u00e1s informaci\u00f3n:<\/p>\n<ul>\n<li><a href=\"https:\/\/elpais.com\/cultura\/2022-07-13\/marta-d-riezu-y-agua-y-jabon-el-triunfo-de-lo-de-toda-la-vida.html\" target=\"_blank\" rel=\"noopener\">El Pa\u00eds<\/a>.<\/li>\n<li><a href=\"https:\/\/www.anagrama-ed.es\/autor\/d-riezu-marta-2559\" target=\"_blank\" rel=\"noopener\">Editorial Anagrama<\/a>.<\/li>\n<li><a href=\"https:\/\/rafaramirez.org\/blog\/index.php\/category\/arte\/literatura\/\" target=\"_blank\" rel=\"noopener\">Otra lectura recomendada<\/a>.<\/li>\n<\/ul>\n","protected":false},"excerpt":{"rendered":"<p>Hoy os hablo del libro \u00abAgua y jab\u00f3n\u00bb, de Marta D. Riezu. Se trata de un ensayo que explora la idea de la \u00abelegancia involuntaria\u00bb. Inspirado en una frase del fot\u00f3grafo Cecil Beaton, quien defini\u00f3 la elegancia como \u00abagua y jab\u00f3n\u00bb, el libro celebra lo sencillo, lo \u00fatil y lo aut\u00e9ntico. Dividido en tres partes [&hellip;]<\/p>\n","protected":false},"author":1,"featured_media":8430,"comment_status":"open","ping_status":"closed","sticky":false,"template":"","format":"standard","meta":{"site-container-style":"default","site-container-layout":"default","site-sidebar-layout":"default","disable-article-header":"default","disable-site-header":"default","disable-site-footer":"default","disable-content-area-spacing":"default","_jetpack_newsletter_access":"","_jetpack_dont_email_post_to_subs":false,"_jetpack_newsletter_tier_id":0,"_jetpack_memberships_contains_paywalled_content":false,"_jetpack_feature_clip_id":0,"_jetpack_memberships_contains_paid_content":false,"footnotes":"","jetpack_publicize_message":"","jetpack_publicize_feature_enabled":true,"jetpack_social_post_already_shared":true,"jetpack_social_options":{"image_generator_settings":{"template":"highway","default_image_id":0,"font":"","enabled":false},"version":2},"jetpack_post_was_ever_published":false},"categories":[710],"tags":[4112,68,1585,2805,3610,264],"class_list":["post-8424","post","type-post","status-publish","format-standard","has-post-thumbnail","hentry","category-literatura","tag-agua-y-jabon-libro-de-marta-d-riezu","tag-blog-de-rafael-ramirez","tag-critica-literaria","tag-ensayo","tag-lectura-recomendada","tag-libro-recomendado"],"yoast_head":"<!-- This site is optimized with the Yoast SEO plugin v28.4 - https:\/\/yoast.com\/product\/yoast-seo-wordpress\/ -->\n<title>&quot;Agua y jab\u00f3n&quot; de Marta D. Riezu: redescubriendo la elegancia de lo simple. - Blog de Rafael Ram\u00edrez<\/title>\n<meta name=\"description\" content=\"Hoy os hablo del libro &quot;Agua y jab\u00f3n&quot;, de Marta D. Riezu. Se trata de un ensayo que explora la idea de la \u00abelegancia involuntaria\u00bb.\" \/>\n<meta name=\"robots\" content=\"index, follow, max-snippet:-1, max-image-preview:large, max-video-preview:-1\" \/>\n<link rel=\"canonical\" href=\"https:\/\/rafaramirez.org\/blog\/index.php\/2025\/03\/18\/agua-y-jabon-de-marta-d-riezu\/\" \/>\n<meta property=\"og:locale\" content=\"es_ES\" \/>\n<meta property=\"og:type\" content=\"article\" \/>\n<meta property=\"og:title\" content=\"&quot;Agua y jab\u00f3n&quot; de Marta D. Riezu: redescubriendo la elegancia de lo simple. - Blog de Rafael Ram\u00edrez\" \/>\n<meta property=\"og:description\" content=\"Hoy os hablo del libro &quot;Agua y jab\u00f3n&quot;, de Marta D. Riezu. Se trata de un ensayo que explora la idea de la \u00abelegancia involuntaria\u00bb.\" \/>\n<meta property=\"og:url\" content=\"https:\/\/rafaramirez.org\/blog\/index.php\/2025\/03\/18\/agua-y-jabon-de-marta-d-riezu\/\" \/>\n<meta property=\"og:site_name\" content=\"Blog de Rafael Ram\u00edrez\" \/>\n<meta property=\"article:published_time\" content=\"2025-03-18T07:15:57+00:00\" \/>\n<meta property=\"og:image\" content=\"https:\/\/rafaramirez.org\/blog\/wp-content\/uploads\/2025\/03\/Agua_y_jabon_de_Marta_D.Riezu_banner.jpg\" \/>\n\t<meta property=\"og:image:width\" content=\"720\" \/>\n\t<meta property=\"og:image:height\" content=\"440\" \/>\n\t<meta property=\"og:image:type\" content=\"image\/jpeg\" \/>\n<meta name=\"author\" content=\"Rafael Ram\u00edrez\" \/>\n<meta name=\"twitter:card\" content=\"summary_large_image\" \/>\n<meta name=\"twitter:creator\" content=\"@rafaramirez_ok\" \/>\n<meta name=\"twitter:site\" content=\"@rafaramirez_ok\" \/>\n<meta name=\"twitter:label1\" content=\"Escrito por\" \/>\n\t<meta name=\"twitter:data1\" content=\"Rafael Ram\u00edrez\" \/>\n\t<meta name=\"twitter:label2\" content=\"Tiempo de lectura\" \/>\n\t<meta name=\"twitter:data2\" content=\"4 minutos\" \/>\n<script type=\"application\/ld+json\" class=\"yoast-schema-graph\">{\"@context\":\"https:\\\/\\\/schema.org\",\"@graph\":[{\"@type\":\"Article\",\"@id\":\"https:\\\/\\\/rafaramirez.org\\\/blog\\\/index.php\\\/2025\\\/03\\\/18\\\/agua-y-jabon-de-marta-d-riezu\\\/#article\",\"isPartOf\":{\"@id\":\"https:\\\/\\\/rafaramirez.org\\\/blog\\\/index.php\\\/2025\\\/03\\\/18\\\/agua-y-jabon-de-marta-d-riezu\\\/\"},\"author\":{\"name\":\"Rafael Ram\u00edrez\",\"@id\":\"https:\\\/\\\/rafaramirez.org\\\/blog\\\/#\\\/schema\\\/person\\\/50f43b6d60c578760d4c17bda54ab6a5\"},\"headline\":\"\u00abAgua y jab\u00f3n\u00bb de Marta D. Riezu: redescubriendo la elegancia de lo simple.\",\"datePublished\":\"2025-03-18T07:15:57+00:00\",\"mainEntityOfPage\":{\"@id\":\"https:\\\/\\\/rafaramirez.org\\\/blog\\\/index.php\\\/2025\\\/03\\\/18\\\/agua-y-jabon-de-marta-d-riezu\\\/\"},\"wordCount\":712,\"commentCount\":0,\"publisher\":{\"@id\":\"https:\\\/\\\/rafaramirez.org\\\/blog\\\/#\\\/schema\\\/person\\\/50f43b6d60c578760d4c17bda54ab6a5\"},\"image\":{\"@id\":\"https:\\\/\\\/rafaramirez.org\\\/blog\\\/index.php\\\/2025\\\/03\\\/18\\\/agua-y-jabon-de-marta-d-riezu\\\/#primaryimage\"},\"thumbnailUrl\":\"https:\\\/\\\/rafaramirez.org\\\/blog\\\/wp-content\\\/uploads\\\/2025\\\/03\\\/Agua_y_jabon_de_Marta_D.Riezu_banner.jpg\",\"keywords\":[\"\\\"Agua y jab\u00f3n\\\" libro de Marta D. Riezu\",\"blog de Rafael Ram\u00edrez\",\"cr\u00edtica literaria\",\"ensayo\",\"lectura recomendada\",\"libro recomendado\"],\"articleSection\":[\"Literatura\"],\"inLanguage\":\"es\",\"potentialAction\":[{\"@type\":\"CommentAction\",\"name\":\"Comment\",\"target\":[\"https:\\\/\\\/rafaramirez.org\\\/blog\\\/index.php\\\/2025\\\/03\\\/18\\\/agua-y-jabon-de-marta-d-riezu\\\/#respond\"]}]},{\"@type\":\"WebPage\",\"@id\":\"https:\\\/\\\/rafaramirez.org\\\/blog\\\/index.php\\\/2025\\\/03\\\/18\\\/agua-y-jabon-de-marta-d-riezu\\\/\",\"url\":\"https:\\\/\\\/rafaramirez.org\\\/blog\\\/index.php\\\/2025\\\/03\\\/18\\\/agua-y-jabon-de-marta-d-riezu\\\/\",\"name\":\"\\\"Agua y jab\u00f3n\\\" de Marta D. Riezu: redescubriendo la elegancia de lo simple. - Blog de Rafael Ram\u00edrez\",\"isPartOf\":{\"@id\":\"https:\\\/\\\/rafaramirez.org\\\/blog\\\/#website\"},\"primaryImageOfPage\":{\"@id\":\"https:\\\/\\\/rafaramirez.org\\\/blog\\\/index.php\\\/2025\\\/03\\\/18\\\/agua-y-jabon-de-marta-d-riezu\\\/#primaryimage\"},\"image\":{\"@id\":\"https:\\\/\\\/rafaramirez.org\\\/blog\\\/index.php\\\/2025\\\/03\\\/18\\\/agua-y-jabon-de-marta-d-riezu\\\/#primaryimage\"},\"thumbnailUrl\":\"https:\\\/\\\/rafaramirez.org\\\/blog\\\/wp-content\\\/uploads\\\/2025\\\/03\\\/Agua_y_jabon_de_Marta_D.Riezu_banner.jpg\",\"datePublished\":\"2025-03-18T07:15:57+00:00\",\"description\":\"Hoy os hablo del libro \\\"Agua y jab\u00f3n\\\", de Marta D. Riezu. Se trata de un ensayo que explora la idea de la \u00abelegancia involuntaria\u00bb.\",\"breadcrumb\":{\"@id\":\"https:\\\/\\\/rafaramirez.org\\\/blog\\\/index.php\\\/2025\\\/03\\\/18\\\/agua-y-jabon-de-marta-d-riezu\\\/#breadcrumb\"},\"inLanguage\":\"es\",\"potentialAction\":[{\"@type\":\"ReadAction\",\"target\":[\"https:\\\/\\\/rafaramirez.org\\\/blog\\\/index.php\\\/2025\\\/03\\\/18\\\/agua-y-jabon-de-marta-d-riezu\\\/\"]}]},{\"@type\":\"ImageObject\",\"inLanguage\":\"es\",\"@id\":\"https:\\\/\\\/rafaramirez.org\\\/blog\\\/index.php\\\/2025\\\/03\\\/18\\\/agua-y-jabon-de-marta-d-riezu\\\/#primaryimage\",\"url\":\"https:\\\/\\\/rafaramirez.org\\\/blog\\\/wp-content\\\/uploads\\\/2025\\\/03\\\/Agua_y_jabon_de_Marta_D.Riezu_banner.jpg\",\"contentUrl\":\"https:\\\/\\\/rafaramirez.org\\\/blog\\\/wp-content\\\/uploads\\\/2025\\\/03\\\/Agua_y_jabon_de_Marta_D.Riezu_banner.jpg\",\"width\":720,\"height\":440,\"caption\":\"\\\"Agua y jab\u00f3n\\\" de Marta D. Riezu. Blog de Rafael Ram\u00edrez.\\\"Agua y jab\u00f3n\\\" libro de Marta D. Riezu. Blog de Rafael Ram\u00edrez.\"},{\"@type\":\"BreadcrumbList\",\"@id\":\"https:\\\/\\\/rafaramirez.org\\\/blog\\\/index.php\\\/2025\\\/03\\\/18\\\/agua-y-jabon-de-marta-d-riezu\\\/#breadcrumb\",\"itemListElement\":[{\"@type\":\"ListItem\",\"position\":1,\"name\":\"Portada\",\"item\":\"https:\\\/\\\/rafaramirez.org\\\/blog\\\/\"},{\"@type\":\"ListItem\",\"position\":2,\"name\":\"\u00abAgua y jab\u00f3n\u00bb de Marta D. Riezu: redescubriendo la elegancia de lo simple.\"}]},{\"@type\":\"WebSite\",\"@id\":\"https:\\\/\\\/rafaramirez.org\\\/blog\\\/#website\",\"url\":\"https:\\\/\\\/rafaramirez.org\\\/blog\\\/\",\"name\":\"Blog de Rafael Ram\u00edrez\",\"description\":\"Un sitio social, de arte y cultura\",\"publisher\":{\"@id\":\"https:\\\/\\\/rafaramirez.org\\\/blog\\\/#\\\/schema\\\/person\\\/50f43b6d60c578760d4c17bda54ab6a5\"},\"potentialAction\":[{\"@type\":\"SearchAction\",\"target\":{\"@type\":\"EntryPoint\",\"urlTemplate\":\"https:\\\/\\\/rafaramirez.org\\\/blog\\\/?s={search_term_string}\"},\"query-input\":{\"@type\":\"PropertyValueSpecification\",\"valueRequired\":true,\"valueName\":\"search_term_string\"}}],\"inLanguage\":\"es\"},{\"@type\":[\"Person\",\"Organization\"],\"@id\":\"https:\\\/\\\/rafaramirez.org\\\/blog\\\/#\\\/schema\\\/person\\\/50f43b6d60c578760d4c17bda54ab6a5\",\"name\":\"Rafael Ram\u00edrez\",\"image\":{\"@type\":\"ImageObject\",\"inLanguage\":\"es\",\"@id\":\"https:\\\/\\\/rafaramirez.org\\\/blog\\\/wp-content\\\/uploads\\\/2024\\\/09\\\/RR_socialnetwork.jpg\",\"url\":\"https:\\\/\\\/rafaramirez.org\\\/blog\\\/wp-content\\\/uploads\\\/2024\\\/09\\\/RR_socialnetwork.jpg\",\"contentUrl\":\"https:\\\/\\\/rafaramirez.org\\\/blog\\\/wp-content\\\/uploads\\\/2024\\\/09\\\/RR_socialnetwork.jpg\",\"width\":600,\"height\":606,\"caption\":\"Rafael Ram\u00edrez\"},\"logo\":{\"@id\":\"https:\\\/\\\/rafaramirez.org\\\/blog\\\/wp-content\\\/uploads\\\/2024\\\/09\\\/RR_socialnetwork.jpg\"},\"sameAs\":[\"https:\\\/\\\/www.rafaramirez.org\\\/blog\",\"https:\\\/\\\/www.instagram.com\\\/rafaramirez_ok\\\/\",\"https:\\\/\\\/es.pinterest.com\\\/Ramirez_Rafa\\\/\",\"https:\\\/\\\/x.com\\\/rafaramirez_ok\"],\"url\":\"https:\\\/\\\/rafaramirez.org\\\/blog\\\/index.php\\\/author\\\/rafaell_qm6j97da\\\/\"}]}<\/script>\n<!-- \/ Yoast SEO plugin. -->","yoast_head_json":{"title":"\"Agua y jab\u00f3n\" de Marta D. Riezu: redescubriendo la elegancia de lo simple. - Blog de Rafael Ram\u00edrez","description":"Hoy os hablo del libro \"Agua y jab\u00f3n\", de Marta D. Riezu. Se trata de un ensayo que explora la idea de la \u00abelegancia involuntaria\u00bb.","robots":{"index":"index","follow":"follow","max-snippet":"max-snippet:-1","max-image-preview":"max-image-preview:large","max-video-preview":"max-video-preview:-1"},"canonical":"https:\/\/rafaramirez.org\/blog\/index.php\/2025\/03\/18\/agua-y-jabon-de-marta-d-riezu\/","og_locale":"es_ES","og_type":"article","og_title":"\"Agua y jab\u00f3n\" de Marta D. Riezu: redescubriendo la elegancia de lo simple. - Blog de Rafael Ram\u00edrez","og_description":"Hoy os hablo del libro \"Agua y jab\u00f3n\", de Marta D. Riezu. Se trata de un ensayo que explora la idea de la \u00abelegancia involuntaria\u00bb.","og_url":"https:\/\/rafaramirez.org\/blog\/index.php\/2025\/03\/18\/agua-y-jabon-de-marta-d-riezu\/","og_site_name":"Blog de Rafael Ram\u00edrez","article_published_time":"2025-03-18T07:15:57+00:00","og_image":[{"width":720,"height":440,"url":"https:\/\/rafaramirez.org\/blog\/wp-content\/uploads\/2025\/03\/Agua_y_jabon_de_Marta_D.Riezu_banner.jpg","type":"image\/jpeg"}],"author":"Rafael Ram\u00edrez","twitter_card":"summary_large_image","twitter_creator":"@rafaramirez_ok","twitter_site":"@rafaramirez_ok","twitter_misc":{"Escrito por":"Rafael Ram\u00edrez","Tiempo de lectura":"4 minutos"},"schema":{"@context":"https:\/\/schema.org","@graph":[{"@type":"Article","@id":"https:\/\/rafaramirez.org\/blog\/index.php\/2025\/03\/18\/agua-y-jabon-de-marta-d-riezu\/#article","isPartOf":{"@id":"https:\/\/rafaramirez.org\/blog\/index.php\/2025\/03\/18\/agua-y-jabon-de-marta-d-riezu\/"},"author":{"name":"Rafael Ram\u00edrez","@id":"https:\/\/rafaramirez.org\/blog\/#\/schema\/person\/50f43b6d60c578760d4c17bda54ab6a5"},"headline":"\u00abAgua y jab\u00f3n\u00bb de Marta D. Riezu: redescubriendo la elegancia de lo simple.","datePublished":"2025-03-18T07:15:57+00:00","mainEntityOfPage":{"@id":"https:\/\/rafaramirez.org\/blog\/index.php\/2025\/03\/18\/agua-y-jabon-de-marta-d-riezu\/"},"wordCount":712,"commentCount":0,"publisher":{"@id":"https:\/\/rafaramirez.org\/blog\/#\/schema\/person\/50f43b6d60c578760d4c17bda54ab6a5"},"image":{"@id":"https:\/\/rafaramirez.org\/blog\/index.php\/2025\/03\/18\/agua-y-jabon-de-marta-d-riezu\/#primaryimage"},"thumbnailUrl":"https:\/\/rafaramirez.org\/blog\/wp-content\/uploads\/2025\/03\/Agua_y_jabon_de_Marta_D.Riezu_banner.jpg","keywords":["\"Agua y jab\u00f3n\" libro de Marta D. Riezu","blog de Rafael Ram\u00edrez","cr\u00edtica literaria","ensayo","lectura recomendada","libro recomendado"],"articleSection":["Literatura"],"inLanguage":"es","potentialAction":[{"@type":"CommentAction","name":"Comment","target":["https:\/\/rafaramirez.org\/blog\/index.php\/2025\/03\/18\/agua-y-jabon-de-marta-d-riezu\/#respond"]}]},{"@type":"WebPage","@id":"https:\/\/rafaramirez.org\/blog\/index.php\/2025\/03\/18\/agua-y-jabon-de-marta-d-riezu\/","url":"https:\/\/rafaramirez.org\/blog\/index.php\/2025\/03\/18\/agua-y-jabon-de-marta-d-riezu\/","name":"\"Agua y jab\u00f3n\" de Marta D. Riezu: redescubriendo la elegancia de lo simple. - Blog de Rafael Ram\u00edrez","isPartOf":{"@id":"https:\/\/rafaramirez.org\/blog\/#website"},"primaryImageOfPage":{"@id":"https:\/\/rafaramirez.org\/blog\/index.php\/2025\/03\/18\/agua-y-jabon-de-marta-d-riezu\/#primaryimage"},"image":{"@id":"https:\/\/rafaramirez.org\/blog\/index.php\/2025\/03\/18\/agua-y-jabon-de-marta-d-riezu\/#primaryimage"},"thumbnailUrl":"https:\/\/rafaramirez.org\/blog\/wp-content\/uploads\/2025\/03\/Agua_y_jabon_de_Marta_D.Riezu_banner.jpg","datePublished":"2025-03-18T07:15:57+00:00","description":"Hoy os hablo del libro \"Agua y jab\u00f3n\", de Marta D. Riezu. Se trata de un ensayo que explora la idea de la \u00abelegancia involuntaria\u00bb.","breadcrumb":{"@id":"https:\/\/rafaramirez.org\/blog\/index.php\/2025\/03\/18\/agua-y-jabon-de-marta-d-riezu\/#breadcrumb"},"inLanguage":"es","potentialAction":[{"@type":"ReadAction","target":["https:\/\/rafaramirez.org\/blog\/index.php\/2025\/03\/18\/agua-y-jabon-de-marta-d-riezu\/"]}]},{"@type":"ImageObject","inLanguage":"es","@id":"https:\/\/rafaramirez.org\/blog\/index.php\/2025\/03\/18\/agua-y-jabon-de-marta-d-riezu\/#primaryimage","url":"https:\/\/rafaramirez.org\/blog\/wp-content\/uploads\/2025\/03\/Agua_y_jabon_de_Marta_D.Riezu_banner.jpg","contentUrl":"https:\/\/rafaramirez.org\/blog\/wp-content\/uploads\/2025\/03\/Agua_y_jabon_de_Marta_D.Riezu_banner.jpg","width":720,"height":440,"caption":"\"Agua y jab\u00f3n\" de Marta D. Riezu. Blog de Rafael Ram\u00edrez.\"Agua y jab\u00f3n\" libro de Marta D. Riezu. Blog de Rafael Ram\u00edrez."},{"@type":"BreadcrumbList","@id":"https:\/\/rafaramirez.org\/blog\/index.php\/2025\/03\/18\/agua-y-jabon-de-marta-d-riezu\/#breadcrumb","itemListElement":[{"@type":"ListItem","position":1,"name":"Portada","item":"https:\/\/rafaramirez.org\/blog\/"},{"@type":"ListItem","position":2,"name":"\u00abAgua y jab\u00f3n\u00bb de Marta D. Riezu: redescubriendo la elegancia de lo simple."}]},{"@type":"WebSite","@id":"https:\/\/rafaramirez.org\/blog\/#website","url":"https:\/\/rafaramirez.org\/blog\/","name":"Blog de Rafael Ram\u00edrez","description":"Un sitio social, de arte y cultura","publisher":{"@id":"https:\/\/rafaramirez.org\/blog\/#\/schema\/person\/50f43b6d60c578760d4c17bda54ab6a5"},"potentialAction":[{"@type":"SearchAction","target":{"@type":"EntryPoint","urlTemplate":"https:\/\/rafaramirez.org\/blog\/?s={search_term_string}"},"query-input":{"@type":"PropertyValueSpecification","valueRequired":true,"valueName":"search_term_string"}}],"inLanguage":"es"},{"@type":["Person","Organization"],"@id":"https:\/\/rafaramirez.org\/blog\/#\/schema\/person\/50f43b6d60c578760d4c17bda54ab6a5","name":"Rafael Ram\u00edrez","image":{"@type":"ImageObject","inLanguage":"es","@id":"https:\/\/rafaramirez.org\/blog\/wp-content\/uploads\/2024\/09\/RR_socialnetwork.jpg","url":"https:\/\/rafaramirez.org\/blog\/wp-content\/uploads\/2024\/09\/RR_socialnetwork.jpg","contentUrl":"https:\/\/rafaramirez.org\/blog\/wp-content\/uploads\/2024\/09\/RR_socialnetwork.jpg","width":600,"height":606,"caption":"Rafael Ram\u00edrez"},"logo":{"@id":"https:\/\/rafaramirez.org\/blog\/wp-content\/uploads\/2024\/09\/RR_socialnetwork.jpg"},"sameAs":["https:\/\/www.rafaramirez.org\/blog","https:\/\/www.instagram.com\/rafaramirez_ok\/","https:\/\/es.pinterest.com\/Ramirez_Rafa\/","https:\/\/x.com\/rafaramirez_ok"],"url":"https:\/\/rafaramirez.org\/blog\/index.php\/author\/rafaell_qm6j97da\/"}]}},"jetpack_publicize_connections":[],"jetpack_sharing_enabled":true,"jetpack_likes_enabled":true,"jetpack_featured_media_url":"https:\/\/rafaramirez.org\/blog\/wp-content\/uploads\/2025\/03\/Agua_y_jabon_de_Marta_D.Riezu_banner.jpg","_links":{"self":[{"href":"https:\/\/rafaramirez.org\/blog\/index.php\/wp-json\/wp\/v2\/posts\/8424","targetHints":{"allow":["GET"]}}],"collection":[{"href":"https:\/\/rafaramirez.org\/blog\/index.php\/wp-json\/wp\/v2\/posts"}],"about":[{"href":"https:\/\/rafaramirez.org\/blog\/index.php\/wp-json\/wp\/v2\/types\/post"}],"author":[{"embeddable":true,"href":"https:\/\/rafaramirez.org\/blog\/index.php\/wp-json\/wp\/v2\/users\/1"}],"replies":[{"embeddable":true,"href":"https:\/\/rafaramirez.org\/blog\/index.php\/wp-json\/wp\/v2\/comments?post=8424"}],"version-history":[{"count":8,"href":"https:\/\/rafaramirez.org\/blog\/index.php\/wp-json\/wp\/v2\/posts\/8424\/revisions"}],"predecessor-version":[{"id":8435,"href":"https:\/\/rafaramirez.org\/blog\/index.php\/wp-json\/wp\/v2\/posts\/8424\/revisions\/8435"}],"wp:featuredmedia":[{"embeddable":true,"href":"https:\/\/rafaramirez.org\/blog\/index.php\/wp-json\/wp\/v2\/media\/8430"}],"wp:attachment":[{"href":"https:\/\/rafaramirez.org\/blog\/index.php\/wp-json\/wp\/v2\/media?parent=8424"}],"wp:term":[{"taxonomy":"category","embeddable":true,"href":"https:\/\/rafaramirez.org\/blog\/index.php\/wp-json\/wp\/v2\/categories?post=8424"},{"taxonomy":"post_tag","embeddable":true,"href":"https:\/\/rafaramirez.org\/blog\/index.php\/wp-json\/wp\/v2\/tags?post=8424"}],"curies":[{"name":"wp","href":"https:\/\/api.w.org\/{rel}","templated":true}]}}