{"id":8408,"date":"2025-03-17T08:15:55","date_gmt":"2025-03-17T07:15:55","guid":{"rendered":"https:\/\/rafaramirez.org\/blog\/?p=8408"},"modified":"2025-03-17T08:23:10","modified_gmt":"2025-03-17T07:23:10","slug":"dia-de-san-patricio-historia","status":"publish","type":"post","link":"https:\/\/rafaramirez.org\/blog\/index.php\/2025\/03\/17\/dia-de-san-patricio-historia\/","title":{"rendered":"D\u00eda de San Patricio: su historia, sus tradiciones y su celebraci\u00f3n en el mundo"},"content":{"rendered":"<p>Hoy es el <strong>D\u00eda de San Patricio<\/strong>, tambi\u00e9n conocido como <strong>Saint Patrick\u2019s Day<\/strong>, es una festividad cultural y religiosa que se celebra anualmente el <strong>17 de marzo<\/strong>. La historia nos dice que aunque su nombre est\u00e1 vinculado al santo patr\u00f3n de Irlanda, <strong>San Patricio<\/strong>, su origen no es ni irland\u00e9s ni estadounidense, sino que tiene un nexo <strong>colonial espa\u00f1ol<\/strong>.<\/p>\n<p>En Irlanda, esta festividad tiene un profundo significado religioso y cultural, y es una fiesta nacional. Se celebra con misas, desfiles, m\u00fasica tradicional irlandesa, bailes, comida y bebida. El color verde, asociado con la isla y con San Patricio, est\u00e1 presente en la decoraci\u00f3n, la ropa y la comida.<\/p>\n<figure id=\"attachment_8412\" aria-describedby=\"caption-attachment-8412\" style=\"width: 188px\" class=\"wp-caption aligncenter\"><a href=\"https:\/\/rafaramirez.org\/blog\/wp-content\/uploads\/2025\/03\/Dia_de_San_Patricio_2.jpg\" target=\"_blank\" rel=\"noopener\"><img loading=\"lazy\" decoding=\"async\" class=\"wp-image-8412 size-medium\" src=\"https:\/\/rafaramirez.org\/blog\/wp-content\/uploads\/2025\/03\/Dia_de_San_Patricio_2-188x300.jpg\" alt=\"San Patricio - Saint Patrick\u2019s. D\u00eda de San Patricio historia (17 de marzo). Blog de Rafael Ram\u00edrez.\" width=\"188\" height=\"300\" srcset=\"https:\/\/rafaramirez.org\/blog\/wp-content\/uploads\/2025\/03\/Dia_de_San_Patricio_2-188x300.jpg 188w, https:\/\/rafaramirez.org\/blog\/wp-content\/uploads\/2025\/03\/Dia_de_San_Patricio_2.jpg 502w\" sizes=\"auto, (max-width: 188px) 100vw, 188px\" \/><\/a><figcaption id=\"caption-attachment-8412\" class=\"wp-caption-text\">San Patricio &#8211; Saint Patrick\u2019s. D\u00eda de San Patricio. Blog de Rafael Ram\u00edrez.<\/figcaption><\/figure>\n<h3>Historia de la celebraci\u00f3n de este d\u00eda.<\/h3>\n<p>El D\u00eda de San Patricio, que se celebra cada 17 de marzo, tiene sus ra\u00edces en la historia y la religi\u00f3n de Irlanda. Esta festividad rinde homenaje a San Patricio, el santo patr\u00f3n de Irlanda, quien desempe\u00f1\u00f3 un papel crucial en la conversi\u00f3n de los irlandeses al cristianismo durante el siglo V. Seg\u00fan la tradici\u00f3n, San Patricio utiliz\u00f3 el tr\u00e9bol de tres hojas para explicar la Sant\u00edsima Trinidad, lo que convirti\u00f3 a esta planta en un s\u00edmbolo ic\u00f3nico de la festividad.<\/p>\n<p>Originalmente, el D\u00eda de San Patricio era una festividad religiosa, pero con el tiempo se ha transformado en una celebraci\u00f3n cultural que trasciende fronteras. En Irlanda y en muchos otros lugares del mundo con comunidades irlandesas se organizan desfiles, festivales y eventos llenos de m\u00fasica, danza y gastronom\u00eda t\u00edpica. El color verde, asociado con los paisajes de Irlanda y la herencia celta, est\u00e1 presente en la vestimenta y las decoraciones.<\/p>\n<p><strong>\u00bfQui\u00e9n fue San Patricio?<\/strong><\/p>\n<ul>\n<li>San Patricio, cuyo nombre original era <strong>Maewyn Succat<\/strong>, naci\u00f3 en <strong>Gran Breta\u00f1a<\/strong> alrededor del a\u00f1o 390 d. C.<\/li>\n<li>La conexi\u00f3n con un origen \u00abcolonial espa\u00f1ol\u00bb es un hecho curioso: la historia nos cuenta que la primera celebraci\u00f3n documentada del D\u00eda de San Patricio no tuvo lugar en Irlanda, sino en una<strong> guarnici\u00f3n espa\u00f1ola<\/strong> en <strong>San Agust\u00edn (Florida)<\/strong>, en 1600, cuando esta regi\u00f3n era colonia de Espa\u00f1a.<\/li>\n<li>A los diecis\u00e9is a\u00f1os, fue <strong>secuestrado por piratas<\/strong> y llevado a Irlanda, donde se convirti\u00f3 en esclavo y cuid\u00f3 ovejas durante varios a\u00f1os.<\/li>\n<li>Durante su cautiverio, <strong>desarroll\u00f3 una gran fe<\/strong> en Dios y se dedic\u00f3 a orar y buscar su gu\u00eda divina.<\/li>\n<li>Seg\u00fan la leyenda, escuch\u00f3 voces que le indicaron que escapara a Gran Breta\u00f1a, pero luego se le inst\u00f3 a regresar a Irlanda.<\/li>\n<li>Antes de regresar, <strong>se orden\u00f3 sacerdote<\/strong> y cambi\u00f3 su nombre a Patricius o Patricio.<\/li>\n<li>A pesar de las dificultades, San Patricio <strong>fue un misionero exitoso en Irlanda<\/strong> y contribuy\u00f3 a la conversi\u00f3n de muchos irlandeses al cristianismo.\n<figure id=\"attachment_8411\" aria-describedby=\"caption-attachment-8411\" style=\"width: 300px\" class=\"wp-caption aligncenter\"><a href=\"https:\/\/rafaramirez.org\/blog\/wp-content\/uploads\/2025\/03\/Dia_de_San_Patricio_1.jpg\" target=\"_blank\" rel=\"noopener\"><img loading=\"lazy\" decoding=\"async\" class=\"wp-image-8411 size-medium\" src=\"https:\/\/rafaramirez.org\/blog\/wp-content\/uploads\/2025\/03\/Dia_de_San_Patricio_1-300x200.jpg\" alt=\"D\u00eda de San Patricio historia (17 de marzo). Blog de Rafael Ram\u00edrez.\" width=\"300\" height=\"200\" srcset=\"https:\/\/rafaramirez.org\/blog\/wp-content\/uploads\/2025\/03\/Dia_de_San_Patricio_1-300x200.jpg 300w, https:\/\/rafaramirez.org\/blog\/wp-content\/uploads\/2025\/03\/Dia_de_San_Patricio_1-768x512.jpg 768w, https:\/\/rafaramirez.org\/blog\/wp-content\/uploads\/2025\/03\/Dia_de_San_Patricio_1.jpg 800w\" sizes=\"auto, (max-width: 300px) 100vw, 300px\" \/><\/a><figcaption id=\"caption-attachment-8411\" class=\"wp-caption-text\">Grupo de \u00abbutterfly nuns\u00bb en el desfile del D\u00eda de San Patricio, Dubl\u00edn. Blog de Rafael Ram\u00edrez.<\/figcaption><\/figure>\n<\/li>\n<\/ul>\n<p><strong>S\u00edmbolos Asociados a San Patricio:<\/strong><\/p>\n<ul>\n<li><strong>Duendes (Leprechauns)<\/strong>: Estos peque\u00f1os seres m\u00edticos son parte de la tradici\u00f3n irlandesa y se asocian con la b\u00fasqueda de tesoros escondidos.<\/li>\n<li><strong>Shamrocks (Tr\u00e9boles)<\/strong>: El tr\u00e9bol de tres hojas es un s\u00edmbolo de buena suerte y, como te he contado, se cree que San Patricio lo us\u00f3 para explicar la Sant\u00edsima Trinidad a los paganos.<\/li>\n<li><strong>Cerveza Verde<\/strong>: Aunque la mayor\u00eda de las bebidas siguen siendo rubias o negras, en el D\u00eda de San Patricio, la cerveza se ti\u00f1e de verde en honor a la festividad.<\/li>\n<li><strong>Arpas<\/strong>: Representan la m\u00fasica y la cultura irlandesa.<\/li>\n<li><strong>Corned Beef con Col<\/strong>: Este plato es t\u00edpico del 17 de marzo y se asocia a las celebraciones.\n<figure id=\"attachment_8413\" aria-describedby=\"caption-attachment-8413\" style=\"width: 300px\" class=\"wp-caption aligncenter\"><a href=\"https:\/\/rafaramirez.org\/blog\/wp-content\/uploads\/2025\/03\/Dia_de_San_Patricio_3.jpg\" target=\"_blank\" rel=\"noopener\"><img loading=\"lazy\" decoding=\"async\" class=\"wp-image-8413 size-medium\" src=\"https:\/\/rafaramirez.org\/blog\/wp-content\/uploads\/2025\/03\/Dia_de_San_Patricio_3-300x200.jpg\" alt=\"D\u00eda de San Patricio historia (17 de marzo). Blog de Rafael Ram\u00edrez.\" width=\"300\" height=\"200\" srcset=\"https:\/\/rafaramirez.org\/blog\/wp-content\/uploads\/2025\/03\/Dia_de_San_Patricio_3-300x200.jpg 300w, https:\/\/rafaramirez.org\/blog\/wp-content\/uploads\/2025\/03\/Dia_de_San_Patricio_3-768x512.jpg 768w, https:\/\/rafaramirez.org\/blog\/wp-content\/uploads\/2025\/03\/Dia_de_San_Patricio_3.jpg 800w\" sizes=\"auto, (max-width: 300px) 100vw, 300px\" \/><\/a><figcaption id=\"caption-attachment-8413\" class=\"wp-caption-text\">D\u00eda de San Patricio 17 de marzo. Blog de Rafael Ram\u00edrez.<\/figcaption><\/figure>\n<\/li>\n<\/ul>\n<p><strong>Celebraci\u00f3n en el Mundo:<\/strong><\/p>\n<ul>\n<li><strong>Estados Unidos<\/strong> es uno de los pa\u00edses donde esta festividad se celebra con mayor entusiasmo debido a la influencia de los expatriados irlandeses.<\/li>\n<li>En ciudades como <strong>Chicago, Boston, Nueva York o Londres<\/strong> se organizan grandes desfiles que atraen a miles de personas. La festividad es una celebraci\u00f3n de la cultura irlandesa en general, m\u00e1s all\u00e1 de la religi\u00f3n.<\/li>\n<li>Tambi\u00e9n forman parte de las celebraciones en <strong>otras ciudades del mundo<\/strong> los desfiles, la m\u00fasica, la comida y la bebida.<\/li>\n<li><strong>Australia<\/strong>, <strong>Canad\u00e1<\/strong>, <strong>Argentina<\/strong>, <strong>Nueva Zelanda<\/strong> y otros pa\u00edses tambi\u00e9n se suman a la celebraci\u00f3n.<\/li>\n<\/ul>\n<p><strong>Arraigo en Espa\u00f1a:<\/strong><\/p>\n<ul>\n<li>En <strong>Espa\u00f1a<\/strong>, aunque no es una festividad tradicional, ha ganado popularidad en los \u00faltimos a\u00f1os.<\/li>\n<li>Algunas ciudades organizan eventos especiales. En ciudades como <strong>Madrid, Barcelona, Sevilla o M\u00e1laga<\/strong>, se organizan desfiles, fiestas en pubs irlandeses y eventos culturales. Cada vez m\u00e1s personas se suman a la celebraci\u00f3n, vistiendo de verde y disfrutando de la m\u00fasica y la gastronom\u00eda irlandesa y listas para unirse a la diversi\u00f3n.<\/li>\n<li>Aunque no tiene la misma relevancia que en otros lugares, el D\u00eda de San Patricio se ha convertido en una excusa para celebrar y disfrutar de la cultura irlandesa en Espa\u00f1a.\n<figure id=\"attachment_8414\" aria-describedby=\"caption-attachment-8414\" style=\"width: 300px\" class=\"wp-caption aligncenter\"><a href=\"https:\/\/rafaramirez.org\/blog\/wp-content\/uploads\/2025\/03\/shamrock-6927612.jpg\" target=\"_blank\" rel=\"noopener\"><img loading=\"lazy\" decoding=\"async\" class=\"wp-image-8414 size-medium\" src=\"https:\/\/rafaramirez.org\/blog\/wp-content\/uploads\/2025\/03\/shamrock-6927612-300x200.jpg\" alt=\"D\u00eda de San Patricio historia (17 de marzo). Blog de Rafael Ram\u00edrez.\" width=\"300\" height=\"200\" srcset=\"https:\/\/rafaramirez.org\/blog\/wp-content\/uploads\/2025\/03\/shamrock-6927612-300x200.jpg 300w, https:\/\/rafaramirez.org\/blog\/wp-content\/uploads\/2025\/03\/shamrock-6927612-768x512.jpg 768w, https:\/\/rafaramirez.org\/blog\/wp-content\/uploads\/2025\/03\/shamrock-6927612.jpg 800w\" sizes=\"auto, (max-width: 300px) 100vw, 300px\" \/><\/a><figcaption id=\"caption-attachment-8414\" class=\"wp-caption-text\">D\u00eda de San Patricio 17 de marzo. Blog de Rafael Ram\u00edrez.<\/figcaption><\/figure>\n<\/li>\n<\/ul>\n<p>En resumen, el D\u00eda de San Patricio es una oportunidad para celebrar la herencia irlandesa, la fe y la cultura, y se ha convertido en una festividad global llena de alegr\u00eda y color. En Espa\u00f1a, la celebraci\u00f3n ha ido ganando popularidad en los \u00faltimos a\u00f1os, atrayendo a un p\u00fablico cada vez m\u00e1s numeroso. La fiesta ofrece la oportunidad de disfrutar de la m\u00fasica, la gastronom\u00eda y las tradiciones irlandesas, as\u00ed como de celebrar la diversidad cultural.<\/p>\n<p>M\u00e1s informaci\u00f3n:<\/p>\n<ul>\n<li><a href=\"https:\/\/es.wikipedia.org\/wiki\/D%C3%ADa_de_San_Patricio\" target=\"_blank\" rel=\"noopener\">Wikipedia<\/a>.<\/li>\n<li><a href=\"https:\/\/www.nationalgeographic.es\/historia\/quien-fue-san-patricio-y-por-que-tiene-un-dia\" target=\"_blank\" rel=\"noopener\">National Geographic<\/a>.<\/li>\n<li><a href=\"https:\/\/www.worldhistory.org\/trans\/es\/1-13953\/san-patricio\/\" target=\"_blank\" rel=\"noopener\">World History<\/a>.<\/li>\n<li><a href=\"https:\/\/historia.nationalgeographic.com.es\/a\/la-increible-historia-de-los-origenes-de-saint-patricks-day_19311\" target=\"_blank\" rel=\"noopener\">El inesperado origen: National Geographic<\/a>.<\/li>\n<\/ul>\n","protected":false},"excerpt":{"rendered":"<p>Hoy es el D\u00eda de San Patricio, tambi\u00e9n conocido como Saint Patrick\u2019s Day, es una festividad cultural y religiosa que se celebra anualmente el 17 de marzo. La historia nos dice que aunque su nombre est\u00e1 vinculado al santo patr\u00f3n de Irlanda, San Patricio, su origen no es ni irland\u00e9s ni estadounidense, sino que tiene [&hellip;]<\/p>\n","protected":false},"author":1,"featured_media":8415,"comment_status":"open","ping_status":"closed","sticky":false,"template":"","format":"standard","meta":{"site-container-style":"default","site-container-layout":"default","site-sidebar-layout":"default","disable-article-header":"default","disable-site-header":"default","disable-site-footer":"default","disable-content-area-spacing":"default","_jetpack_newsletter_access":"","_jetpack_dont_email_post_to_subs":false,"_jetpack_newsletter_tier_id":0,"_jetpack_memberships_contains_paywalled_content":false,"_jetpack_feature_clip_id":0,"_jetpack_memberships_contains_paid_content":false,"footnotes":"","jetpack_publicize_message":"","jetpack_publicize_feature_enabled":true,"jetpack_social_post_already_shared":true,"jetpack_social_options":{"image_generator_settings":{"template":"highway","default_image_id":0,"font":"","enabled":false},"version":2},"jetpack_post_was_ever_published":false},"categories":[1291],"tags":[1322,1313,1332,1320,1309,52,1335,1330,68,1325,1331,1308,1324,1334,1319,100,1329,1321,1337,1328,1305,1317,1323,168,1310,1312,1307,1314,1316,1327,621,1311,276,309,1326,1333,1315,1306,1336,1318],"class_list":["post-8408","post","type-post","status-publish","format-standard","has-post-thumbnail","hentry","category-efemerides","tag-17-de-marzo","tag-390-d-c","tag-argentina","tag-arpas","tag-arraigo-en-espana","tag-australia","tag-barcelona","tag-bebida","tag-blog-de-rafael-ramirez","tag-boston","tag-canada","tag-celebracion","tag-celebracion-en-el-mundo","tag-celebracion-en-espana","tag-cerveza-verde","tag-chicago","tag-comida","tag-corned-beef-con-col","tag-cultura-irlandesa-en-espana","tag-desfiles","tag-dia-de-san-patricio","tag-duendes-leprechauns","tag-efemerides","tag-estados-unidos","tag-fe-en-dios","tag-gran-bretana","tag-historia","tag-irlanda","tag-irlandeses-al-cristianismo","tag-londres","tag-madrid","tag-maewyn-succat","tag-malaga","tag-musica","tag-nueva-york","tag-nueva-zelanda","tag-patricius-o-patricio","tag-saint-patricks-day","tag-sevilla","tag-shamrocks-treboles"],"yoast_head":"<!-- This site is optimized with the Yoast SEO plugin v28.4 - https:\/\/yoast.com\/product\/yoast-seo-wordpress\/ -->\n<title>D\u00eda de San Patricio: su historia, sus tradiciones y su celebraci\u00f3n en el mundo - Blog de Rafael Ram\u00edrez<\/title>\n<meta name=\"description\" content=\"La historia del D\u00eda de San Patricio, tambi\u00e9n conocido como\u00a0Saint Patrick\u2019s Day, parte de una festividad cultural y religiosa que se celebra\" \/>\n<meta name=\"robots\" content=\"index, follow, max-snippet:-1, max-image-preview:large, max-video-preview:-1\" \/>\n<link rel=\"canonical\" href=\"https:\/\/rafaramirez.org\/blog\/index.php\/2025\/03\/17\/dia-de-san-patricio-historia\/\" \/>\n<meta property=\"og:locale\" content=\"es_ES\" \/>\n<meta property=\"og:type\" content=\"article\" \/>\n<meta property=\"og:title\" content=\"D\u00eda de San Patricio: su historia, sus tradiciones y su celebraci\u00f3n en el mundo - Blog de Rafael Ram\u00edrez\" \/>\n<meta property=\"og:description\" content=\"La historia del D\u00eda de San Patricio, tambi\u00e9n conocido como\u00a0Saint Patrick\u2019s Day, parte de una festividad cultural y religiosa que se celebra\" \/>\n<meta property=\"og:url\" content=\"https:\/\/rafaramirez.org\/blog\/index.php\/2025\/03\/17\/dia-de-san-patricio-historia\/\" \/>\n<meta property=\"og:site_name\" content=\"Blog de Rafael Ram\u00edrez\" \/>\n<meta property=\"article:published_time\" content=\"2025-03-17T07:15:55+00:00\" \/>\n<meta property=\"article:modified_time\" content=\"2025-03-17T07:23:10+00:00\" \/>\n<meta property=\"og:image\" content=\"https:\/\/rafaramirez.org\/blog\/wp-content\/uploads\/2025\/03\/Dia_de_San_Patricio_bannerlogblog.jpg\" \/>\n\t<meta property=\"og:image:width\" content=\"720\" \/>\n\t<meta property=\"og:image:height\" content=\"440\" \/>\n\t<meta property=\"og:image:type\" content=\"image\/jpeg\" \/>\n<meta name=\"author\" content=\"Rafael Ram\u00edrez\" \/>\n<meta name=\"twitter:card\" content=\"summary_large_image\" \/>\n<meta name=\"twitter:creator\" content=\"@rafaramirez_ok\" \/>\n<meta name=\"twitter:site\" content=\"@rafaramirez_ok\" \/>\n<meta name=\"twitter:label1\" content=\"Escrito por\" \/>\n\t<meta name=\"twitter:data1\" content=\"Rafael Ram\u00edrez\" \/>\n\t<meta name=\"twitter:label2\" content=\"Tiempo de lectura\" \/>\n\t<meta name=\"twitter:data2\" content=\"6 minutos\" \/>\n<script type=\"application\/ld+json\" class=\"yoast-schema-graph\">{\"@context\":\"https:\\\/\\\/schema.org\",\"@graph\":[{\"@type\":\"Article\",\"@id\":\"https:\\\/\\\/rafaramirez.org\\\/blog\\\/index.php\\\/2025\\\/03\\\/17\\\/dia-de-san-patricio-historia\\\/#article\",\"isPartOf\":{\"@id\":\"https:\\\/\\\/rafaramirez.org\\\/blog\\\/index.php\\\/2025\\\/03\\\/17\\\/dia-de-san-patricio-historia\\\/\"},\"author\":{\"name\":\"Rafael Ram\u00edrez\",\"@id\":\"https:\\\/\\\/rafaramirez.org\\\/blog\\\/#\\\/schema\\\/person\\\/50f43b6d60c578760d4c17bda54ab6a5\"},\"headline\":\"D\u00eda de San Patricio: su historia, sus tradiciones y su celebraci\u00f3n en el mundo\",\"datePublished\":\"2025-03-17T07:15:55+00:00\",\"dateModified\":\"2025-03-17T07:23:10+00:00\",\"mainEntityOfPage\":{\"@id\":\"https:\\\/\\\/rafaramirez.org\\\/blog\\\/index.php\\\/2025\\\/03\\\/17\\\/dia-de-san-patricio-historia\\\/\"},\"wordCount\":1026,\"commentCount\":0,\"publisher\":{\"@id\":\"https:\\\/\\\/rafaramirez.org\\\/blog\\\/#\\\/schema\\\/person\\\/50f43b6d60c578760d4c17bda54ab6a5\"},\"image\":{\"@id\":\"https:\\\/\\\/rafaramirez.org\\\/blog\\\/index.php\\\/2025\\\/03\\\/17\\\/dia-de-san-patricio-historia\\\/#primaryimage\"},\"thumbnailUrl\":\"https:\\\/\\\/rafaramirez.org\\\/blog\\\/wp-content\\\/uploads\\\/2025\\\/03\\\/Dia_de_San_Patricio_bannerlogblog.jpg\",\"keywords\":[\"17 de marzo\",\"390 d.C.\",\"Argentina\",\"Arpas\",\"arraigo en Espa\u00f1a\",\"Australia\",\"Barcelona\",\"bebida\",\"blog de Rafael Ram\u00edrez\",\"Boston\",\"Canad\u00e1\",\"celebraci\u00f3n\",\"celebraci\u00f3n en el mundo\",\"celebraci\u00f3n en Espa\u00f1a\",\"Cerveza Verde\",\"Chicago\",\"comida\",\"Corned Beef con Col\",\"cultura irlandesa en Espa\u00f1a\",\"desfiles\",\"D\u00eda de San Patricio\",\"Duendes (Leprechauns)\",\"efem\u00e9rides\",\"Estados Unidos\",\"fe en Dios\",\"Gran Breta\u00f1a\",\"Historia\",\"Irlanda\",\"irlandeses al cristianismo\",\"Londres\",\"Madrid\",\"Maewyn Succat\",\"M\u00e1laga\",\"M\u00fasica\",\"Nueva York\",\"Nueva Zelanda\",\"Patricius\u00a0o\u00a0Patricio\",\"Saint Patrick\u2019s Day\",\"Sevilla\",\"Shamrocks (Tr\u00e9boles)\"],\"articleSection\":[\"Efem\u00e9rides\"],\"inLanguage\":\"es\",\"potentialAction\":[{\"@type\":\"CommentAction\",\"name\":\"Comment\",\"target\":[\"https:\\\/\\\/rafaramirez.org\\\/blog\\\/index.php\\\/2025\\\/03\\\/17\\\/dia-de-san-patricio-historia\\\/#respond\"]}]},{\"@type\":\"WebPage\",\"@id\":\"https:\\\/\\\/rafaramirez.org\\\/blog\\\/index.php\\\/2025\\\/03\\\/17\\\/dia-de-san-patricio-historia\\\/\",\"url\":\"https:\\\/\\\/rafaramirez.org\\\/blog\\\/index.php\\\/2025\\\/03\\\/17\\\/dia-de-san-patricio-historia\\\/\",\"name\":\"D\u00eda de San Patricio: su historia, sus tradiciones y su celebraci\u00f3n en el mundo - Blog de Rafael Ram\u00edrez\",\"isPartOf\":{\"@id\":\"https:\\\/\\\/rafaramirez.org\\\/blog\\\/#website\"},\"primaryImageOfPage\":{\"@id\":\"https:\\\/\\\/rafaramirez.org\\\/blog\\\/index.php\\\/2025\\\/03\\\/17\\\/dia-de-san-patricio-historia\\\/#primaryimage\"},\"image\":{\"@id\":\"https:\\\/\\\/rafaramirez.org\\\/blog\\\/index.php\\\/2025\\\/03\\\/17\\\/dia-de-san-patricio-historia\\\/#primaryimage\"},\"thumbnailUrl\":\"https:\\\/\\\/rafaramirez.org\\\/blog\\\/wp-content\\\/uploads\\\/2025\\\/03\\\/Dia_de_San_Patricio_bannerlogblog.jpg\",\"datePublished\":\"2025-03-17T07:15:55+00:00\",\"dateModified\":\"2025-03-17T07:23:10+00:00\",\"description\":\"La historia del D\u00eda de San Patricio, tambi\u00e9n conocido como\u00a0Saint Patrick\u2019s Day, parte de una festividad cultural y religiosa que se celebra\",\"breadcrumb\":{\"@id\":\"https:\\\/\\\/rafaramirez.org\\\/blog\\\/index.php\\\/2025\\\/03\\\/17\\\/dia-de-san-patricio-historia\\\/#breadcrumb\"},\"inLanguage\":\"es\",\"potentialAction\":[{\"@type\":\"ReadAction\",\"target\":[\"https:\\\/\\\/rafaramirez.org\\\/blog\\\/index.php\\\/2025\\\/03\\\/17\\\/dia-de-san-patricio-historia\\\/\"]}]},{\"@type\":\"ImageObject\",\"inLanguage\":\"es\",\"@id\":\"https:\\\/\\\/rafaramirez.org\\\/blog\\\/index.php\\\/2025\\\/03\\\/17\\\/dia-de-san-patricio-historia\\\/#primaryimage\",\"url\":\"https:\\\/\\\/rafaramirez.org\\\/blog\\\/wp-content\\\/uploads\\\/2025\\\/03\\\/Dia_de_San_Patricio_bannerlogblog.jpg\",\"contentUrl\":\"https:\\\/\\\/rafaramirez.org\\\/blog\\\/wp-content\\\/uploads\\\/2025\\\/03\\\/Dia_de_San_Patricio_bannerlogblog.jpg\",\"width\":720,\"height\":440,\"caption\":\"D\u00eda de San Patricio 17 de marzo. Blog de Rafael Ram\u00edrez.\"},{\"@type\":\"BreadcrumbList\",\"@id\":\"https:\\\/\\\/rafaramirez.org\\\/blog\\\/index.php\\\/2025\\\/03\\\/17\\\/dia-de-san-patricio-historia\\\/#breadcrumb\",\"itemListElement\":[{\"@type\":\"ListItem\",\"position\":1,\"name\":\"Portada\",\"item\":\"https:\\\/\\\/rafaramirez.org\\\/blog\\\/\"},{\"@type\":\"ListItem\",\"position\":2,\"name\":\"D\u00eda de San Patricio: su historia, sus tradiciones y su celebraci\u00f3n en el mundo\"}]},{\"@type\":\"WebSite\",\"@id\":\"https:\\\/\\\/rafaramirez.org\\\/blog\\\/#website\",\"url\":\"https:\\\/\\\/rafaramirez.org\\\/blog\\\/\",\"name\":\"Blog de Rafael Ram\u00edrez\",\"description\":\"Un sitio social, de arte y cultura\",\"publisher\":{\"@id\":\"https:\\\/\\\/rafaramirez.org\\\/blog\\\/#\\\/schema\\\/person\\\/50f43b6d60c578760d4c17bda54ab6a5\"},\"potentialAction\":[{\"@type\":\"SearchAction\",\"target\":{\"@type\":\"EntryPoint\",\"urlTemplate\":\"https:\\\/\\\/rafaramirez.org\\\/blog\\\/?s={search_term_string}\"},\"query-input\":{\"@type\":\"PropertyValueSpecification\",\"valueRequired\":true,\"valueName\":\"search_term_string\"}}],\"inLanguage\":\"es\"},{\"@type\":[\"Person\",\"Organization\"],\"@id\":\"https:\\\/\\\/rafaramirez.org\\\/blog\\\/#\\\/schema\\\/person\\\/50f43b6d60c578760d4c17bda54ab6a5\",\"name\":\"Rafael Ram\u00edrez\",\"image\":{\"@type\":\"ImageObject\",\"inLanguage\":\"es\",\"@id\":\"https:\\\/\\\/rafaramirez.org\\\/blog\\\/wp-content\\\/uploads\\\/2024\\\/09\\\/RR_socialnetwork.jpg\",\"url\":\"https:\\\/\\\/rafaramirez.org\\\/blog\\\/wp-content\\\/uploads\\\/2024\\\/09\\\/RR_socialnetwork.jpg\",\"contentUrl\":\"https:\\\/\\\/rafaramirez.org\\\/blog\\\/wp-content\\\/uploads\\\/2024\\\/09\\\/RR_socialnetwork.jpg\",\"width\":600,\"height\":606,\"caption\":\"Rafael Ram\u00edrez\"},\"logo\":{\"@id\":\"https:\\\/\\\/rafaramirez.org\\\/blog\\\/wp-content\\\/uploads\\\/2024\\\/09\\\/RR_socialnetwork.jpg\"},\"sameAs\":[\"https:\\\/\\\/www.rafaramirez.org\\\/blog\",\"https:\\\/\\\/www.instagram.com\\\/rafaramirez_ok\\\/\",\"https:\\\/\\\/es.pinterest.com\\\/Ramirez_Rafa\\\/\",\"https:\\\/\\\/x.com\\\/rafaramirez_ok\"],\"url\":\"https:\\\/\\\/rafaramirez.org\\\/blog\\\/index.php\\\/author\\\/rafaell_qm6j97da\\\/\"}]}<\/script>\n<!-- \/ Yoast SEO plugin. -->","yoast_head_json":{"title":"D\u00eda de San Patricio: su historia, sus tradiciones y su celebraci\u00f3n en el mundo - Blog de Rafael Ram\u00edrez","description":"La historia del D\u00eda de San Patricio, tambi\u00e9n conocido como\u00a0Saint Patrick\u2019s Day, parte de una festividad cultural y religiosa que se celebra","robots":{"index":"index","follow":"follow","max-snippet":"max-snippet:-1","max-image-preview":"max-image-preview:large","max-video-preview":"max-video-preview:-1"},"canonical":"https:\/\/rafaramirez.org\/blog\/index.php\/2025\/03\/17\/dia-de-san-patricio-historia\/","og_locale":"es_ES","og_type":"article","og_title":"D\u00eda de San Patricio: su historia, sus tradiciones y su celebraci\u00f3n en el mundo - Blog de Rafael Ram\u00edrez","og_description":"La historia del D\u00eda de San Patricio, tambi\u00e9n conocido como\u00a0Saint Patrick\u2019s Day, parte de una festividad cultural y religiosa que se celebra","og_url":"https:\/\/rafaramirez.org\/blog\/index.php\/2025\/03\/17\/dia-de-san-patricio-historia\/","og_site_name":"Blog de Rafael Ram\u00edrez","article_published_time":"2025-03-17T07:15:55+00:00","article_modified_time":"2025-03-17T07:23:10+00:00","og_image":[{"width":720,"height":440,"url":"https:\/\/rafaramirez.org\/blog\/wp-content\/uploads\/2025\/03\/Dia_de_San_Patricio_bannerlogblog.jpg","type":"image\/jpeg"}],"author":"Rafael Ram\u00edrez","twitter_card":"summary_large_image","twitter_creator":"@rafaramirez_ok","twitter_site":"@rafaramirez_ok","twitter_misc":{"Escrito por":"Rafael Ram\u00edrez","Tiempo de lectura":"6 minutos"},"schema":{"@context":"https:\/\/schema.org","@graph":[{"@type":"Article","@id":"https:\/\/rafaramirez.org\/blog\/index.php\/2025\/03\/17\/dia-de-san-patricio-historia\/#article","isPartOf":{"@id":"https:\/\/rafaramirez.org\/blog\/index.php\/2025\/03\/17\/dia-de-san-patricio-historia\/"},"author":{"name":"Rafael Ram\u00edrez","@id":"https:\/\/rafaramirez.org\/blog\/#\/schema\/person\/50f43b6d60c578760d4c17bda54ab6a5"},"headline":"D\u00eda de San Patricio: su historia, sus tradiciones y su celebraci\u00f3n en el mundo","datePublished":"2025-03-17T07:15:55+00:00","dateModified":"2025-03-17T07:23:10+00:00","mainEntityOfPage":{"@id":"https:\/\/rafaramirez.org\/blog\/index.php\/2025\/03\/17\/dia-de-san-patricio-historia\/"},"wordCount":1026,"commentCount":0,"publisher":{"@id":"https:\/\/rafaramirez.org\/blog\/#\/schema\/person\/50f43b6d60c578760d4c17bda54ab6a5"},"image":{"@id":"https:\/\/rafaramirez.org\/blog\/index.php\/2025\/03\/17\/dia-de-san-patricio-historia\/#primaryimage"},"thumbnailUrl":"https:\/\/rafaramirez.org\/blog\/wp-content\/uploads\/2025\/03\/Dia_de_San_Patricio_bannerlogblog.jpg","keywords":["17 de marzo","390 d.C.","Argentina","Arpas","arraigo en Espa\u00f1a","Australia","Barcelona","bebida","blog de Rafael Ram\u00edrez","Boston","Canad\u00e1","celebraci\u00f3n","celebraci\u00f3n en el mundo","celebraci\u00f3n en Espa\u00f1a","Cerveza Verde","Chicago","comida","Corned Beef con Col","cultura irlandesa en Espa\u00f1a","desfiles","D\u00eda de San Patricio","Duendes (Leprechauns)","efem\u00e9rides","Estados Unidos","fe en Dios","Gran Breta\u00f1a","Historia","Irlanda","irlandeses al cristianismo","Londres","Madrid","Maewyn Succat","M\u00e1laga","M\u00fasica","Nueva York","Nueva Zelanda","Patricius\u00a0o\u00a0Patricio","Saint Patrick\u2019s Day","Sevilla","Shamrocks (Tr\u00e9boles)"],"articleSection":["Efem\u00e9rides"],"inLanguage":"es","potentialAction":[{"@type":"CommentAction","name":"Comment","target":["https:\/\/rafaramirez.org\/blog\/index.php\/2025\/03\/17\/dia-de-san-patricio-historia\/#respond"]}]},{"@type":"WebPage","@id":"https:\/\/rafaramirez.org\/blog\/index.php\/2025\/03\/17\/dia-de-san-patricio-historia\/","url":"https:\/\/rafaramirez.org\/blog\/index.php\/2025\/03\/17\/dia-de-san-patricio-historia\/","name":"D\u00eda de San Patricio: su historia, sus tradiciones y su celebraci\u00f3n en el mundo - Blog de Rafael Ram\u00edrez","isPartOf":{"@id":"https:\/\/rafaramirez.org\/blog\/#website"},"primaryImageOfPage":{"@id":"https:\/\/rafaramirez.org\/blog\/index.php\/2025\/03\/17\/dia-de-san-patricio-historia\/#primaryimage"},"image":{"@id":"https:\/\/rafaramirez.org\/blog\/index.php\/2025\/03\/17\/dia-de-san-patricio-historia\/#primaryimage"},"thumbnailUrl":"https:\/\/rafaramirez.org\/blog\/wp-content\/uploads\/2025\/03\/Dia_de_San_Patricio_bannerlogblog.jpg","datePublished":"2025-03-17T07:15:55+00:00","dateModified":"2025-03-17T07:23:10+00:00","description":"La historia del D\u00eda de San Patricio, tambi\u00e9n conocido como\u00a0Saint Patrick\u2019s Day, parte de una festividad cultural y religiosa que se celebra","breadcrumb":{"@id":"https:\/\/rafaramirez.org\/blog\/index.php\/2025\/03\/17\/dia-de-san-patricio-historia\/#breadcrumb"},"inLanguage":"es","potentialAction":[{"@type":"ReadAction","target":["https:\/\/rafaramirez.org\/blog\/index.php\/2025\/03\/17\/dia-de-san-patricio-historia\/"]}]},{"@type":"ImageObject","inLanguage":"es","@id":"https:\/\/rafaramirez.org\/blog\/index.php\/2025\/03\/17\/dia-de-san-patricio-historia\/#primaryimage","url":"https:\/\/rafaramirez.org\/blog\/wp-content\/uploads\/2025\/03\/Dia_de_San_Patricio_bannerlogblog.jpg","contentUrl":"https:\/\/rafaramirez.org\/blog\/wp-content\/uploads\/2025\/03\/Dia_de_San_Patricio_bannerlogblog.jpg","width":720,"height":440,"caption":"D\u00eda de San Patricio 17 de marzo. Blog de Rafael Ram\u00edrez."},{"@type":"BreadcrumbList","@id":"https:\/\/rafaramirez.org\/blog\/index.php\/2025\/03\/17\/dia-de-san-patricio-historia\/#breadcrumb","itemListElement":[{"@type":"ListItem","position":1,"name":"Portada","item":"https:\/\/rafaramirez.org\/blog\/"},{"@type":"ListItem","position":2,"name":"D\u00eda de San Patricio: su historia, sus tradiciones y su celebraci\u00f3n en el mundo"}]},{"@type":"WebSite","@id":"https:\/\/rafaramirez.org\/blog\/#website","url":"https:\/\/rafaramirez.org\/blog\/","name":"Blog de Rafael Ram\u00edrez","description":"Un sitio social, de arte y cultura","publisher":{"@id":"https:\/\/rafaramirez.org\/blog\/#\/schema\/person\/50f43b6d60c578760d4c17bda54ab6a5"},"potentialAction":[{"@type":"SearchAction","target":{"@type":"EntryPoint","urlTemplate":"https:\/\/rafaramirez.org\/blog\/?s={search_term_string}"},"query-input":{"@type":"PropertyValueSpecification","valueRequired":true,"valueName":"search_term_string"}}],"inLanguage":"es"},{"@type":["Person","Organization"],"@id":"https:\/\/rafaramirez.org\/blog\/#\/schema\/person\/50f43b6d60c578760d4c17bda54ab6a5","name":"Rafael Ram\u00edrez","image":{"@type":"ImageObject","inLanguage":"es","@id":"https:\/\/rafaramirez.org\/blog\/wp-content\/uploads\/2024\/09\/RR_socialnetwork.jpg","url":"https:\/\/rafaramirez.org\/blog\/wp-content\/uploads\/2024\/09\/RR_socialnetwork.jpg","contentUrl":"https:\/\/rafaramirez.org\/blog\/wp-content\/uploads\/2024\/09\/RR_socialnetwork.jpg","width":600,"height":606,"caption":"Rafael Ram\u00edrez"},"logo":{"@id":"https:\/\/rafaramirez.org\/blog\/wp-content\/uploads\/2024\/09\/RR_socialnetwork.jpg"},"sameAs":["https:\/\/www.rafaramirez.org\/blog","https:\/\/www.instagram.com\/rafaramirez_ok\/","https:\/\/es.pinterest.com\/Ramirez_Rafa\/","https:\/\/x.com\/rafaramirez_ok"],"url":"https:\/\/rafaramirez.org\/blog\/index.php\/author\/rafaell_qm6j97da\/"}]}},"jetpack_publicize_connections":[],"jetpack_sharing_enabled":true,"jetpack_likes_enabled":true,"jetpack_featured_media_url":"https:\/\/rafaramirez.org\/blog\/wp-content\/uploads\/2025\/03\/Dia_de_San_Patricio_bannerlogblog.jpg","_links":{"self":[{"href":"https:\/\/rafaramirez.org\/blog\/index.php\/wp-json\/wp\/v2\/posts\/8408","targetHints":{"allow":["GET"]}}],"collection":[{"href":"https:\/\/rafaramirez.org\/blog\/index.php\/wp-json\/wp\/v2\/posts"}],"about":[{"href":"https:\/\/rafaramirez.org\/blog\/index.php\/wp-json\/wp\/v2\/types\/post"}],"author":[{"embeddable":true,"href":"https:\/\/rafaramirez.org\/blog\/index.php\/wp-json\/wp\/v2\/users\/1"}],"replies":[{"embeddable":true,"href":"https:\/\/rafaramirez.org\/blog\/index.php\/wp-json\/wp\/v2\/comments?post=8408"}],"version-history":[{"count":10,"href":"https:\/\/rafaramirez.org\/blog\/index.php\/wp-json\/wp\/v2\/posts\/8408\/revisions"}],"predecessor-version":[{"id":8557,"href":"https:\/\/rafaramirez.org\/blog\/index.php\/wp-json\/wp\/v2\/posts\/8408\/revisions\/8557"}],"wp:featuredmedia":[{"embeddable":true,"href":"https:\/\/rafaramirez.org\/blog\/index.php\/wp-json\/wp\/v2\/media\/8415"}],"wp:attachment":[{"href":"https:\/\/rafaramirez.org\/blog\/index.php\/wp-json\/wp\/v2\/media?parent=8408"}],"wp:term":[{"taxonomy":"category","embeddable":true,"href":"https:\/\/rafaramirez.org\/blog\/index.php\/wp-json\/wp\/v2\/categories?post=8408"},{"taxonomy":"post_tag","embeddable":true,"href":"https:\/\/rafaramirez.org\/blog\/index.php\/wp-json\/wp\/v2\/tags?post=8408"}],"curies":[{"name":"wp","href":"https:\/\/api.w.org\/{rel}","templated":true}]}}