{"id":8371,"date":"2025-03-12T08:15:23","date_gmt":"2025-03-12T07:15:23","guid":{"rendered":"https:\/\/rafaramirez.org\/blog\/?p=8371"},"modified":"2025-03-05T11:21:17","modified_gmt":"2025-03-05T10:21:17","slug":"dia-mundial-contra-la-censura-en-internet","status":"publish","type":"post","link":"https:\/\/rafaramirez.org\/blog\/index.php\/2025\/03\/12\/dia-mundial-contra-la-censura-en-internet\/","title":{"rendered":"D\u00eda Mundial contra la Censura en Internet: por un acceso sin restricciones a informaci\u00f3n independiente."},"content":{"rendered":"<p>El <strong>D\u00eda Mundial contra la Censura en Internet<\/strong> se celebra cada a\u00f1o el 12 de marzo. Este d\u00eda fue creado en 2008 por <strong>Reporteros Sin Fronteras <\/strong>y<strong> Amnist\u00eda Internacional<\/strong> para generar apoyo a una internet sin restricciones y accesible para todos. La fecha busca llamar la atenci\u00f3n sobre las formas en que los gobiernos de todo el mundo restringen la libertad de expresi\u00f3n en l\u00ednea.<\/p>\n<p>Una de las iniciativas m\u00e1s destacadas es la <strong>\u00abBiblioteca sin censura\u00bb de Minecraft<\/strong>, creada por Reporteros Sin Fronteras. Esta biblioteca virtual contiene art\u00edculos censurados en sus pa\u00edses de origen y permite a los jugadores de Minecraft acceder a informaci\u00f3n independiente. La campa\u00f1a se identifica con el hashtag <strong>#TruthFindsAWay<\/strong>.<\/p>\n<p>Reporteros Sin Fronteras (RSF) es una <strong>organizaci\u00f3n internacional no gubernamental<\/strong> fundada en 1985 cuyo principal objetivo es defender la libertad de prensa y proteger a los periodistas perseguidos por su trabajo. Cada a\u00f1o, RSF publica un informe sobre la situaci\u00f3n de la libertad de prensa en el mundo basado en un cuestionario enviado a sus organizaciones asociadas.<\/p>\n<p>El D\u00eda Mundial contra la Censura en Internet busca apoyar el <strong>libre acceso a la informaci\u00f3n en medios digitales y redes sociales<\/strong>, y promover el respeto a la diversidad de opiniones y la privacidad de los usuarios.<\/p>\n<figure id=\"attachment_8374\" aria-describedby=\"caption-attachment-8374\" style=\"width: 300px\" class=\"wp-caption aligncenter\"><a href=\"https:\/\/rafaramirez.org\/blog\/wp-content\/uploads\/2025\/03\/censorship-610101.jpg\" target=\"_blank\" rel=\"noopener\"><img loading=\"lazy\" decoding=\"async\" class=\"wp-image-8374 size-medium\" src=\"https:\/\/rafaramirez.org\/blog\/wp-content\/uploads\/2025\/03\/censorship-610101-300x200.jpg\" alt=\"D\u00eda Mundial contra la Censura en Internet. Blog de Rafael Ram\u00edrez.\" width=\"300\" height=\"200\" srcset=\"https:\/\/rafaramirez.org\/blog\/wp-content\/uploads\/2025\/03\/censorship-610101-300x200.jpg 300w, https:\/\/rafaramirez.org\/blog\/wp-content\/uploads\/2025\/03\/censorship-610101-768x512.jpg 768w, https:\/\/rafaramirez.org\/blog\/wp-content\/uploads\/2025\/03\/censorship-610101.jpg 800w\" sizes=\"auto, (max-width: 300px) 100vw, 300px\" \/><\/a><figcaption id=\"caption-attachment-8374\" class=\"wp-caption-text\">D\u00eda Mundial contra la Censura en Internet. Blog de Rafael Ram\u00edrez.<\/figcaption><\/figure>\n<h3>\u00daltimos datos sobre la censura en Internet.<\/h3>\n<p>Reporteros Sin Fronteras (RSF) publica <strong>informes<\/strong> peri\u00f3dicamente <strong>sobre la censura en Internet y la libertad de prensa<\/strong>. Seg\u00fan su \u00faltimo informe, uno de cada tres internautas en el mundo carece de acceso a internet libre. La organizaci\u00f3n destaca que los internautas juegan un papel crucial en la sociedad de la informaci\u00f3n, pero cada vez m\u00e1s son <strong>v\u00edctimas de amenazas y censura por parte de gobiernos<\/strong> que se sienten amenazados por la libertad que representa la Red.<\/p>\n<p>RSF tambi\u00e9n ha creado iniciativas como el <strong>\u00abrefugio anticensura\u00bb<\/strong> en Par\u00eds, donde periodistas, blogueros y disidentes pueden aprender a eludir la censura y proteger sus comunicaciones. Adem\u00e1s, cada a\u00f1o, RSF publica una <strong>lista de \u00abEnemigos de Internet\u00bb<\/strong>, que incluye a los pa\u00edses que censuran la red y hostigan a los internautas.<\/p>\n<p>Puedes encontrar m\u00e1s detalles en el sitio web de RSF, abajo encontrar\u00e1s el enlace.<\/p>\n<figure id=\"attachment_8381\" aria-describedby=\"caption-attachment-8381\" style=\"width: 300px\" class=\"wp-caption aligncenter\"><a href=\"https:\/\/rafaramirez.org\/blog\/wp-content\/uploads\/2025\/03\/sign-107860.jpg\" target=\"_blank\" rel=\"noopener\"><img loading=\"lazy\" decoding=\"async\" class=\"wp-image-8381 size-medium\" src=\"https:\/\/rafaramirez.org\/blog\/wp-content\/uploads\/2025\/03\/sign-107860-300x212.jpg\" alt=\"D\u00eda Mundial contra la Censura en Internet. Blog de Rafael Ram\u00edrez.\" width=\"300\" height=\"212\" srcset=\"https:\/\/rafaramirez.org\/blog\/wp-content\/uploads\/2025\/03\/sign-107860-300x212.jpg 300w, https:\/\/rafaramirez.org\/blog\/wp-content\/uploads\/2025\/03\/sign-107860-768x543.jpg 768w, https:\/\/rafaramirez.org\/blog\/wp-content\/uploads\/2025\/03\/sign-107860.jpg 800w\" sizes=\"auto, (max-width: 300px) 100vw, 300px\" \/><\/a><figcaption id=\"caption-attachment-8381\" class=\"wp-caption-text\">D\u00eda Mundial contra la Censura en Internet. Blog de Rafael Ram\u00edrez.<\/figcaption><\/figure>\n<h3>Actividades de 2025.<\/h3>\n<p>Estas son algunas de las actividades m\u00e1s importantes para este 2025.<\/p>\n<p>Con motivo del D\u00eda Mundial contra la Censura en Internet de 2025, Reporteros Sin Fronteras (RSF) ha anunciado varias actividades y campa\u00f1as. Una de las iniciativas m\u00e1s destacadas es la operaci\u00f3n <strong>\u00abLibertad Colateral\u00bb<\/strong>, que ha permitido eludir la censura de m\u00e1s de 100 medios en 32 pa\u00edses. Esta operaci\u00f3n <strong>genera \u00absitios espejo\u00bb de medios censurados<\/strong>, lo que permite el acceso a informaci\u00f3n independiente.<\/p>\n<p>Adem\u00e1s, la Biblioteca sin Censura en Minecraft seguir\u00e1 abierta, ofreciendo a los j\u00f3venes de todo el mundo acceso a informaci\u00f3n independiente a trav\u00e9s de un medio interactivo y l\u00fadico. Como te he contado antes, la campa\u00f1a se identifica con el hashtag <strong>#TruthFindsAWay<\/strong>.<\/p>\n<p>El objetivo de estas actividades es promover la libertad de expresi\u00f3n y el acceso a informaci\u00f3n veraz y sin restricciones.<\/p>\n<figure id=\"attachment_8375\" aria-describedby=\"caption-attachment-8375\" style=\"width: 300px\" class=\"wp-caption aligncenter\"><a href=\"https:\/\/rafaramirez.org\/blog\/wp-content\/uploads\/2025\/03\/social-media-3758364.jpg\" target=\"_blank\" rel=\"noopener\"><img loading=\"lazy\" decoding=\"async\" class=\"wp-image-8375 size-medium\" src=\"https:\/\/rafaramirez.org\/blog\/wp-content\/uploads\/2025\/03\/social-media-3758364-300x128.jpg\" alt=\"D\u00eda Mundial contra la Censura en Internet. Blog de Rafael Ram\u00edrez.\" width=\"300\" height=\"128\" srcset=\"https:\/\/rafaramirez.org\/blog\/wp-content\/uploads\/2025\/03\/social-media-3758364-300x128.jpg 300w, https:\/\/rafaramirez.org\/blog\/wp-content\/uploads\/2025\/03\/social-media-3758364-768x327.jpg 768w, https:\/\/rafaramirez.org\/blog\/wp-content\/uploads\/2025\/03\/social-media-3758364.jpg 800w\" sizes=\"auto, (max-width: 300px) 100vw, 300px\" \/><\/a><figcaption id=\"caption-attachment-8375\" class=\"wp-caption-text\">D\u00eda Mundial contra la Censura en Internet. Blog de Rafael Ram\u00edrez.<\/figcaption><\/figure>\n<p>En resumen, el D\u00eda Mundial contra la Censura en Internet es crucial porque defiende la libertad de expresi\u00f3n en l\u00ednea, promueve el acceso sin restricciones a informaci\u00f3n independiente y combate la censura que restringe los derechos humanos y la democracia en todo el mundo. \ud83c\udf10\ud83d\udde3\ufe0f<\/p>\n<p>M\u00e1s informaci\u00f3n:<\/p>\n<ul>\n<li><a href=\"https:\/\/www.rsf-es.org\/12-de-marzo-dia-mundial-contra-la-cibercensura-la-iniciativa-de-rsf-collateral-freedom-se-consolida-como-una-de-las-mayores-operaciones-para-sortear-la-censura-en-el-mundo\/\" target=\"_blank\" rel=\"noopener\">\u201cCollateral Freedom\u201d RSF<\/a>.<\/li>\n<li><a href=\"https:\/\/www.rsf-es.org\/12-de-marzo-dia-mundial-contra-la-censura-en-internet-rsf-abre-en-minecraft-la-biblioteca-sin-censura\/\" target=\"_blank\" rel=\"noopener\">Minecraft La Biblioteca sin Censura RSF<\/a>.<\/li>\n<li><a href=\"https:\/\/www.rsf-es.org\/lucha-contra-la-censura\/\" target=\"_blank\" rel=\"noopener\">Lucha contra la censura RSF<\/a>.<\/li>\n<\/ul>\n","protected":false},"excerpt":{"rendered":"<p>El D\u00eda Mundial contra la Censura en Internet se celebra cada a\u00f1o el 12 de marzo. Este d\u00eda fue creado en 2008 por Reporteros Sin Fronteras y Amnist\u00eda Internacional para generar apoyo a una internet sin restricciones y accesible para todos. La fecha busca llamar la atenci\u00f3n sobre las formas en que los gobiernos de [&hellip;]<\/p>\n","protected":false},"author":1,"featured_media":8373,"comment_status":"open","ping_status":"closed","sticky":false,"template":"","format":"standard","meta":{"site-container-style":"default","site-container-layout":"default","site-sidebar-layout":"default","disable-article-header":"default","disable-site-header":"default","disable-site-footer":"default","disable-content-area-spacing":"default","_jetpack_newsletter_access":"","_jetpack_dont_email_post_to_subs":false,"_jetpack_newsletter_tier_id":0,"_jetpack_memberships_contains_paywalled_content":false,"_jetpack_feature_clip_id":0,"_jetpack_memberships_contains_paid_content":false,"footnotes":"","jetpack_publicize_message":"","jetpack_publicize_feature_enabled":true,"jetpack_social_post_already_shared":true,"jetpack_social_options":{"image_generator_settings":{"template":"highway","default_image_id":0,"font":"","enabled":false},"version":2},"jetpack_post_was_ever_published":false},"categories":[1291],"tags":[4102,4105,4104,4101,3817,4097,1323,4099,4098,4103,4100],"class_list":["post-8371","post","type-post","status-publish","format-standard","has-post-thumbnail","hentry","category-efemerides","tag-biblioteca-sin-censura-de-minecraft","tag-libertad-colateral","tag-refugio-anticensura","tag-truthfindsaway","tag-amnistia-internacional","tag-dia-mundial-contra-la-censura-en-internet","tag-efemerides","tag-efemerides-de-2025","tag-efemerides-de-marzo","tag-lista-de-enemigos-de-internet","tag-reporteros-sin-fronteras"],"yoast_head":"<!-- This site is optimized with the Yoast SEO plugin v28.4 - https:\/\/yoast.com\/product\/yoast-seo-wordpress\/ -->\n<title>D\u00eda Mundial contra la Censura en Internet: por un acceso sin restricciones a informaci\u00f3n independiente. - Blog de Rafael Ram\u00edrez<\/title>\n<meta name=\"description\" content=\"El D\u00eda Mundial contra la Censura en Internet se celebra cada a\u00f1o el 12 de marzo. Fue creado en 2008 por Reporteros Sin Fronteras y Amnist\u00eda Internacional\" \/>\n<meta name=\"robots\" content=\"index, follow, max-snippet:-1, max-image-preview:large, max-video-preview:-1\" \/>\n<link rel=\"canonical\" href=\"https:\/\/rafaramirez.org\/blog\/index.php\/2025\/03\/12\/dia-mundial-contra-la-censura-en-internet\/\" \/>\n<meta property=\"og:locale\" content=\"es_ES\" \/>\n<meta property=\"og:type\" content=\"article\" \/>\n<meta property=\"og:title\" content=\"D\u00eda Mundial contra la Censura en Internet: por un acceso sin restricciones a informaci\u00f3n independiente. - Blog de Rafael Ram\u00edrez\" \/>\n<meta property=\"og:description\" content=\"El D\u00eda Mundial contra la Censura en Internet se celebra cada a\u00f1o el 12 de marzo. Fue creado en 2008 por Reporteros Sin Fronteras y Amnist\u00eda Internacional\" \/>\n<meta property=\"og:url\" content=\"https:\/\/rafaramirez.org\/blog\/index.php\/2025\/03\/12\/dia-mundial-contra-la-censura-en-internet\/\" \/>\n<meta property=\"og:site_name\" content=\"Blog de Rafael Ram\u00edrez\" \/>\n<meta property=\"article:published_time\" content=\"2025-03-12T07:15:23+00:00\" \/>\n<meta property=\"og:image\" content=\"https:\/\/rafaramirez.org\/blog\/wp-content\/uploads\/2025\/03\/Dia_Mundial_contra_la_Censura_en_Internet.jpg\" \/>\n\t<meta property=\"og:image:width\" content=\"720\" \/>\n\t<meta property=\"og:image:height\" content=\"440\" \/>\n\t<meta property=\"og:image:type\" content=\"image\/jpeg\" \/>\n<meta name=\"author\" content=\"Rafael Ram\u00edrez\" \/>\n<meta name=\"twitter:card\" content=\"summary_large_image\" \/>\n<meta name=\"twitter:creator\" content=\"@rafaramirez_ok\" \/>\n<meta name=\"twitter:site\" content=\"@rafaramirez_ok\" \/>\n<meta name=\"twitter:label1\" content=\"Escrito por\" \/>\n\t<meta name=\"twitter:data1\" content=\"Rafael Ram\u00edrez\" \/>\n\t<meta name=\"twitter:label2\" content=\"Tiempo de lectura\" \/>\n\t<meta name=\"twitter:data2\" content=\"4 minutos\" \/>\n<script type=\"application\/ld+json\" class=\"yoast-schema-graph\">{\"@context\":\"https:\\\/\\\/schema.org\",\"@graph\":[{\"@type\":\"Article\",\"@id\":\"https:\\\/\\\/rafaramirez.org\\\/blog\\\/index.php\\\/2025\\\/03\\\/12\\\/dia-mundial-contra-la-censura-en-internet\\\/#article\",\"isPartOf\":{\"@id\":\"https:\\\/\\\/rafaramirez.org\\\/blog\\\/index.php\\\/2025\\\/03\\\/12\\\/dia-mundial-contra-la-censura-en-internet\\\/\"},\"author\":{\"name\":\"Rafael Ram\u00edrez\",\"@id\":\"https:\\\/\\\/rafaramirez.org\\\/blog\\\/#\\\/schema\\\/person\\\/50f43b6d60c578760d4c17bda54ab6a5\"},\"headline\":\"D\u00eda Mundial contra la Censura en Internet: por un acceso sin restricciones a informaci\u00f3n independiente.\",\"datePublished\":\"2025-03-12T07:15:23+00:00\",\"mainEntityOfPage\":{\"@id\":\"https:\\\/\\\/rafaramirez.org\\\/blog\\\/index.php\\\/2025\\\/03\\\/12\\\/dia-mundial-contra-la-censura-en-internet\\\/\"},\"wordCount\":676,\"commentCount\":0,\"publisher\":{\"@id\":\"https:\\\/\\\/rafaramirez.org\\\/blog\\\/#\\\/schema\\\/person\\\/50f43b6d60c578760d4c17bda54ab6a5\"},\"image\":{\"@id\":\"https:\\\/\\\/rafaramirez.org\\\/blog\\\/index.php\\\/2025\\\/03\\\/12\\\/dia-mundial-contra-la-censura-en-internet\\\/#primaryimage\"},\"thumbnailUrl\":\"https:\\\/\\\/rafaramirez.org\\\/blog\\\/wp-content\\\/uploads\\\/2025\\\/03\\\/Dia_Mundial_contra_la_Censura_en_Internet.jpg\",\"keywords\":[\"\\\"Biblioteca sin censura\\\" de Minecraft\",\"\\\"Libertad Colateral\\\"\",\"\\\"refugio anticensura\\\"\",\"#TruthFindsAWay\",\"Amnist\u00eda Internacional\",\"D\u00eda Mundial contra la Censura en Internet\",\"efem\u00e9rides\",\"efem\u00e9rides de 2025\",\"efem\u00e9rides de marzo\",\"lista de \\\"Enemigos de Internet\\\"\",\"Reporteros Sin Fronteras\"],\"articleSection\":[\"Efem\u00e9rides\"],\"inLanguage\":\"es\",\"potentialAction\":[{\"@type\":\"CommentAction\",\"name\":\"Comment\",\"target\":[\"https:\\\/\\\/rafaramirez.org\\\/blog\\\/index.php\\\/2025\\\/03\\\/12\\\/dia-mundial-contra-la-censura-en-internet\\\/#respond\"]}]},{\"@type\":\"WebPage\",\"@id\":\"https:\\\/\\\/rafaramirez.org\\\/blog\\\/index.php\\\/2025\\\/03\\\/12\\\/dia-mundial-contra-la-censura-en-internet\\\/\",\"url\":\"https:\\\/\\\/rafaramirez.org\\\/blog\\\/index.php\\\/2025\\\/03\\\/12\\\/dia-mundial-contra-la-censura-en-internet\\\/\",\"name\":\"D\u00eda Mundial contra la Censura en Internet: por un acceso sin restricciones a informaci\u00f3n independiente. - Blog de Rafael Ram\u00edrez\",\"isPartOf\":{\"@id\":\"https:\\\/\\\/rafaramirez.org\\\/blog\\\/#website\"},\"primaryImageOfPage\":{\"@id\":\"https:\\\/\\\/rafaramirez.org\\\/blog\\\/index.php\\\/2025\\\/03\\\/12\\\/dia-mundial-contra-la-censura-en-internet\\\/#primaryimage\"},\"image\":{\"@id\":\"https:\\\/\\\/rafaramirez.org\\\/blog\\\/index.php\\\/2025\\\/03\\\/12\\\/dia-mundial-contra-la-censura-en-internet\\\/#primaryimage\"},\"thumbnailUrl\":\"https:\\\/\\\/rafaramirez.org\\\/blog\\\/wp-content\\\/uploads\\\/2025\\\/03\\\/Dia_Mundial_contra_la_Censura_en_Internet.jpg\",\"datePublished\":\"2025-03-12T07:15:23+00:00\",\"description\":\"El D\u00eda Mundial contra la Censura en Internet se celebra cada a\u00f1o el 12 de marzo. Fue creado en 2008 por Reporteros Sin Fronteras y Amnist\u00eda Internacional\",\"breadcrumb\":{\"@id\":\"https:\\\/\\\/rafaramirez.org\\\/blog\\\/index.php\\\/2025\\\/03\\\/12\\\/dia-mundial-contra-la-censura-en-internet\\\/#breadcrumb\"},\"inLanguage\":\"es\",\"potentialAction\":[{\"@type\":\"ReadAction\",\"target\":[\"https:\\\/\\\/rafaramirez.org\\\/blog\\\/index.php\\\/2025\\\/03\\\/12\\\/dia-mundial-contra-la-censura-en-internet\\\/\"]}]},{\"@type\":\"ImageObject\",\"inLanguage\":\"es\",\"@id\":\"https:\\\/\\\/rafaramirez.org\\\/blog\\\/index.php\\\/2025\\\/03\\\/12\\\/dia-mundial-contra-la-censura-en-internet\\\/#primaryimage\",\"url\":\"https:\\\/\\\/rafaramirez.org\\\/blog\\\/wp-content\\\/uploads\\\/2025\\\/03\\\/Dia_Mundial_contra_la_Censura_en_Internet.jpg\",\"contentUrl\":\"https:\\\/\\\/rafaramirez.org\\\/blog\\\/wp-content\\\/uploads\\\/2025\\\/03\\\/Dia_Mundial_contra_la_Censura_en_Internet.jpg\",\"width\":720,\"height\":440,\"caption\":\"D\u00eda Mundial contra la Censura en Internet. Blog de Rafael Ram\u00edrez.\"},{\"@type\":\"BreadcrumbList\",\"@id\":\"https:\\\/\\\/rafaramirez.org\\\/blog\\\/index.php\\\/2025\\\/03\\\/12\\\/dia-mundial-contra-la-censura-en-internet\\\/#breadcrumb\",\"itemListElement\":[{\"@type\":\"ListItem\",\"position\":1,\"name\":\"Portada\",\"item\":\"https:\\\/\\\/rafaramirez.org\\\/blog\\\/\"},{\"@type\":\"ListItem\",\"position\":2,\"name\":\"D\u00eda Mundial contra la Censura en Internet: por un acceso sin restricciones a informaci\u00f3n independiente.\"}]},{\"@type\":\"WebSite\",\"@id\":\"https:\\\/\\\/rafaramirez.org\\\/blog\\\/#website\",\"url\":\"https:\\\/\\\/rafaramirez.org\\\/blog\\\/\",\"name\":\"Blog de Rafael Ram\u00edrez\",\"description\":\"Un sitio social, de arte y cultura\",\"publisher\":{\"@id\":\"https:\\\/\\\/rafaramirez.org\\\/blog\\\/#\\\/schema\\\/person\\\/50f43b6d60c578760d4c17bda54ab6a5\"},\"potentialAction\":[{\"@type\":\"SearchAction\",\"target\":{\"@type\":\"EntryPoint\",\"urlTemplate\":\"https:\\\/\\\/rafaramirez.org\\\/blog\\\/?s={search_term_string}\"},\"query-input\":{\"@type\":\"PropertyValueSpecification\",\"valueRequired\":true,\"valueName\":\"search_term_string\"}}],\"inLanguage\":\"es\"},{\"@type\":[\"Person\",\"Organization\"],\"@id\":\"https:\\\/\\\/rafaramirez.org\\\/blog\\\/#\\\/schema\\\/person\\\/50f43b6d60c578760d4c17bda54ab6a5\",\"name\":\"Rafael Ram\u00edrez\",\"image\":{\"@type\":\"ImageObject\",\"inLanguage\":\"es\",\"@id\":\"https:\\\/\\\/rafaramirez.org\\\/blog\\\/wp-content\\\/uploads\\\/2024\\\/09\\\/RR_socialnetwork.jpg\",\"url\":\"https:\\\/\\\/rafaramirez.org\\\/blog\\\/wp-content\\\/uploads\\\/2024\\\/09\\\/RR_socialnetwork.jpg\",\"contentUrl\":\"https:\\\/\\\/rafaramirez.org\\\/blog\\\/wp-content\\\/uploads\\\/2024\\\/09\\\/RR_socialnetwork.jpg\",\"width\":600,\"height\":606,\"caption\":\"Rafael Ram\u00edrez\"},\"logo\":{\"@id\":\"https:\\\/\\\/rafaramirez.org\\\/blog\\\/wp-content\\\/uploads\\\/2024\\\/09\\\/RR_socialnetwork.jpg\"},\"sameAs\":[\"https:\\\/\\\/www.rafaramirez.org\\\/blog\",\"https:\\\/\\\/www.instagram.com\\\/rafaramirez_ok\\\/\",\"https:\\\/\\\/es.pinterest.com\\\/Ramirez_Rafa\\\/\",\"https:\\\/\\\/x.com\\\/rafaramirez_ok\"],\"url\":\"https:\\\/\\\/rafaramirez.org\\\/blog\\\/index.php\\\/author\\\/rafaell_qm6j97da\\\/\"}]}<\/script>\n<!-- \/ Yoast SEO plugin. -->","yoast_head_json":{"title":"D\u00eda Mundial contra la Censura en Internet: por un acceso sin restricciones a informaci\u00f3n independiente. - Blog de Rafael Ram\u00edrez","description":"El D\u00eda Mundial contra la Censura en Internet se celebra cada a\u00f1o el 12 de marzo. Fue creado en 2008 por Reporteros Sin Fronteras y Amnist\u00eda Internacional","robots":{"index":"index","follow":"follow","max-snippet":"max-snippet:-1","max-image-preview":"max-image-preview:large","max-video-preview":"max-video-preview:-1"},"canonical":"https:\/\/rafaramirez.org\/blog\/index.php\/2025\/03\/12\/dia-mundial-contra-la-censura-en-internet\/","og_locale":"es_ES","og_type":"article","og_title":"D\u00eda Mundial contra la Censura en Internet: por un acceso sin restricciones a informaci\u00f3n independiente. - Blog de Rafael Ram\u00edrez","og_description":"El D\u00eda Mundial contra la Censura en Internet se celebra cada a\u00f1o el 12 de marzo. Fue creado en 2008 por Reporteros Sin Fronteras y Amnist\u00eda Internacional","og_url":"https:\/\/rafaramirez.org\/blog\/index.php\/2025\/03\/12\/dia-mundial-contra-la-censura-en-internet\/","og_site_name":"Blog de Rafael Ram\u00edrez","article_published_time":"2025-03-12T07:15:23+00:00","og_image":[{"width":720,"height":440,"url":"https:\/\/rafaramirez.org\/blog\/wp-content\/uploads\/2025\/03\/Dia_Mundial_contra_la_Censura_en_Internet.jpg","type":"image\/jpeg"}],"author":"Rafael Ram\u00edrez","twitter_card":"summary_large_image","twitter_creator":"@rafaramirez_ok","twitter_site":"@rafaramirez_ok","twitter_misc":{"Escrito por":"Rafael Ram\u00edrez","Tiempo de lectura":"4 minutos"},"schema":{"@context":"https:\/\/schema.org","@graph":[{"@type":"Article","@id":"https:\/\/rafaramirez.org\/blog\/index.php\/2025\/03\/12\/dia-mundial-contra-la-censura-en-internet\/#article","isPartOf":{"@id":"https:\/\/rafaramirez.org\/blog\/index.php\/2025\/03\/12\/dia-mundial-contra-la-censura-en-internet\/"},"author":{"name":"Rafael Ram\u00edrez","@id":"https:\/\/rafaramirez.org\/blog\/#\/schema\/person\/50f43b6d60c578760d4c17bda54ab6a5"},"headline":"D\u00eda Mundial contra la Censura en Internet: por un acceso sin restricciones a informaci\u00f3n independiente.","datePublished":"2025-03-12T07:15:23+00:00","mainEntityOfPage":{"@id":"https:\/\/rafaramirez.org\/blog\/index.php\/2025\/03\/12\/dia-mundial-contra-la-censura-en-internet\/"},"wordCount":676,"commentCount":0,"publisher":{"@id":"https:\/\/rafaramirez.org\/blog\/#\/schema\/person\/50f43b6d60c578760d4c17bda54ab6a5"},"image":{"@id":"https:\/\/rafaramirez.org\/blog\/index.php\/2025\/03\/12\/dia-mundial-contra-la-censura-en-internet\/#primaryimage"},"thumbnailUrl":"https:\/\/rafaramirez.org\/blog\/wp-content\/uploads\/2025\/03\/Dia_Mundial_contra_la_Censura_en_Internet.jpg","keywords":["\"Biblioteca sin censura\" de Minecraft","\"Libertad Colateral\"","\"refugio anticensura\"","#TruthFindsAWay","Amnist\u00eda Internacional","D\u00eda Mundial contra la Censura en Internet","efem\u00e9rides","efem\u00e9rides de 2025","efem\u00e9rides de marzo","lista de \"Enemigos de Internet\"","Reporteros Sin Fronteras"],"articleSection":["Efem\u00e9rides"],"inLanguage":"es","potentialAction":[{"@type":"CommentAction","name":"Comment","target":["https:\/\/rafaramirez.org\/blog\/index.php\/2025\/03\/12\/dia-mundial-contra-la-censura-en-internet\/#respond"]}]},{"@type":"WebPage","@id":"https:\/\/rafaramirez.org\/blog\/index.php\/2025\/03\/12\/dia-mundial-contra-la-censura-en-internet\/","url":"https:\/\/rafaramirez.org\/blog\/index.php\/2025\/03\/12\/dia-mundial-contra-la-censura-en-internet\/","name":"D\u00eda Mundial contra la Censura en Internet: por un acceso sin restricciones a informaci\u00f3n independiente. - Blog de Rafael Ram\u00edrez","isPartOf":{"@id":"https:\/\/rafaramirez.org\/blog\/#website"},"primaryImageOfPage":{"@id":"https:\/\/rafaramirez.org\/blog\/index.php\/2025\/03\/12\/dia-mundial-contra-la-censura-en-internet\/#primaryimage"},"image":{"@id":"https:\/\/rafaramirez.org\/blog\/index.php\/2025\/03\/12\/dia-mundial-contra-la-censura-en-internet\/#primaryimage"},"thumbnailUrl":"https:\/\/rafaramirez.org\/blog\/wp-content\/uploads\/2025\/03\/Dia_Mundial_contra_la_Censura_en_Internet.jpg","datePublished":"2025-03-12T07:15:23+00:00","description":"El D\u00eda Mundial contra la Censura en Internet se celebra cada a\u00f1o el 12 de marzo. Fue creado en 2008 por Reporteros Sin Fronteras y Amnist\u00eda Internacional","breadcrumb":{"@id":"https:\/\/rafaramirez.org\/blog\/index.php\/2025\/03\/12\/dia-mundial-contra-la-censura-en-internet\/#breadcrumb"},"inLanguage":"es","potentialAction":[{"@type":"ReadAction","target":["https:\/\/rafaramirez.org\/blog\/index.php\/2025\/03\/12\/dia-mundial-contra-la-censura-en-internet\/"]}]},{"@type":"ImageObject","inLanguage":"es","@id":"https:\/\/rafaramirez.org\/blog\/index.php\/2025\/03\/12\/dia-mundial-contra-la-censura-en-internet\/#primaryimage","url":"https:\/\/rafaramirez.org\/blog\/wp-content\/uploads\/2025\/03\/Dia_Mundial_contra_la_Censura_en_Internet.jpg","contentUrl":"https:\/\/rafaramirez.org\/blog\/wp-content\/uploads\/2025\/03\/Dia_Mundial_contra_la_Censura_en_Internet.jpg","width":720,"height":440,"caption":"D\u00eda Mundial contra la Censura en Internet. Blog de Rafael Ram\u00edrez."},{"@type":"BreadcrumbList","@id":"https:\/\/rafaramirez.org\/blog\/index.php\/2025\/03\/12\/dia-mundial-contra-la-censura-en-internet\/#breadcrumb","itemListElement":[{"@type":"ListItem","position":1,"name":"Portada","item":"https:\/\/rafaramirez.org\/blog\/"},{"@type":"ListItem","position":2,"name":"D\u00eda Mundial contra la Censura en Internet: por un acceso sin restricciones a informaci\u00f3n independiente."}]},{"@type":"WebSite","@id":"https:\/\/rafaramirez.org\/blog\/#website","url":"https:\/\/rafaramirez.org\/blog\/","name":"Blog de Rafael Ram\u00edrez","description":"Un sitio social, de arte y cultura","publisher":{"@id":"https:\/\/rafaramirez.org\/blog\/#\/schema\/person\/50f43b6d60c578760d4c17bda54ab6a5"},"potentialAction":[{"@type":"SearchAction","target":{"@type":"EntryPoint","urlTemplate":"https:\/\/rafaramirez.org\/blog\/?s={search_term_string}"},"query-input":{"@type":"PropertyValueSpecification","valueRequired":true,"valueName":"search_term_string"}}],"inLanguage":"es"},{"@type":["Person","Organization"],"@id":"https:\/\/rafaramirez.org\/blog\/#\/schema\/person\/50f43b6d60c578760d4c17bda54ab6a5","name":"Rafael Ram\u00edrez","image":{"@type":"ImageObject","inLanguage":"es","@id":"https:\/\/rafaramirez.org\/blog\/wp-content\/uploads\/2024\/09\/RR_socialnetwork.jpg","url":"https:\/\/rafaramirez.org\/blog\/wp-content\/uploads\/2024\/09\/RR_socialnetwork.jpg","contentUrl":"https:\/\/rafaramirez.org\/blog\/wp-content\/uploads\/2024\/09\/RR_socialnetwork.jpg","width":600,"height":606,"caption":"Rafael Ram\u00edrez"},"logo":{"@id":"https:\/\/rafaramirez.org\/blog\/wp-content\/uploads\/2024\/09\/RR_socialnetwork.jpg"},"sameAs":["https:\/\/www.rafaramirez.org\/blog","https:\/\/www.instagram.com\/rafaramirez_ok\/","https:\/\/es.pinterest.com\/Ramirez_Rafa\/","https:\/\/x.com\/rafaramirez_ok"],"url":"https:\/\/rafaramirez.org\/blog\/index.php\/author\/rafaell_qm6j97da\/"}]}},"jetpack_publicize_connections":[],"jetpack_sharing_enabled":true,"jetpack_likes_enabled":true,"jetpack_featured_media_url":"https:\/\/rafaramirez.org\/blog\/wp-content\/uploads\/2025\/03\/Dia_Mundial_contra_la_Censura_en_Internet.jpg","_links":{"self":[{"href":"https:\/\/rafaramirez.org\/blog\/index.php\/wp-json\/wp\/v2\/posts\/8371","targetHints":{"allow":["GET"]}}],"collection":[{"href":"https:\/\/rafaramirez.org\/blog\/index.php\/wp-json\/wp\/v2\/posts"}],"about":[{"href":"https:\/\/rafaramirez.org\/blog\/index.php\/wp-json\/wp\/v2\/types\/post"}],"author":[{"embeddable":true,"href":"https:\/\/rafaramirez.org\/blog\/index.php\/wp-json\/wp\/v2\/users\/1"}],"replies":[{"embeddable":true,"href":"https:\/\/rafaramirez.org\/blog\/index.php\/wp-json\/wp\/v2\/comments?post=8371"}],"version-history":[{"count":9,"href":"https:\/\/rafaramirez.org\/blog\/index.php\/wp-json\/wp\/v2\/posts\/8371\/revisions"}],"predecessor-version":[{"id":8384,"href":"https:\/\/rafaramirez.org\/blog\/index.php\/wp-json\/wp\/v2\/posts\/8371\/revisions\/8384"}],"wp:featuredmedia":[{"embeddable":true,"href":"https:\/\/rafaramirez.org\/blog\/index.php\/wp-json\/wp\/v2\/media\/8373"}],"wp:attachment":[{"href":"https:\/\/rafaramirez.org\/blog\/index.php\/wp-json\/wp\/v2\/media?parent=8371"}],"wp:term":[{"taxonomy":"category","embeddable":true,"href":"https:\/\/rafaramirez.org\/blog\/index.php\/wp-json\/wp\/v2\/categories?post=8371"},{"taxonomy":"post_tag","embeddable":true,"href":"https:\/\/rafaramirez.org\/blog\/index.php\/wp-json\/wp\/v2\/tags?post=8371"}],"curies":[{"name":"wp","href":"https:\/\/api.w.org\/{rel}","templated":true}]}}