{"id":8330,"date":"2025-03-08T08:15:06","date_gmt":"2025-03-08T07:15:06","guid":{"rendered":"https:\/\/rafaramirez.org\/blog\/?p=8330"},"modified":"2025-03-08T12:12:42","modified_gmt":"2025-03-08T11:12:42","slug":"dia-internacional-de-la-mujer-2","status":"publish","type":"post","link":"https:\/\/rafaramirez.org\/blog\/index.php\/2025\/03\/08\/dia-internacional-de-la-mujer-2\/","title":{"rendered":"D\u00eda Internacional de la Mujer: recordar, celebrar y seguir trabajando por un futuro m\u00e1s justo."},"content":{"rendered":"<p>Hoy, <strong>8 de marzo<\/strong>, se conmemora el <strong>D\u00eda Internacional de la Mujer<\/strong>, una fecha clave para reflexionar sobre los avances logrados en materia de igualdad de g\u00e9nero y para seguir <strong>reivindicando los derechos de las mujeres en todo el mundo<\/strong>. Este d\u00eda se origin\u00f3 a finales del siglo XIX y principios del XX, en un contexto marcado por las profundas desigualdades y la falta de derechos b\u00e1sicos para las mujeres. Durante ese per\u00edodo, muchas trabajadoras alzaron la voz para exigir <strong>mejores condiciones laborales<\/strong>, jornadas m\u00e1s justas y un trato digno en sus entornos de trabajo, lo que <strong>les enfrent\u00f3 a enormes desaf\u00edos y resistencias<\/strong>.<\/p>\n<p>Paralelamente, surgi\u00f3 con fuerza el <strong>movimiento sufragista<\/strong>, que reclamaba el derecho al voto de las mujeres y luchaba por su participaci\u00f3n activa en la toma de decisiones pol\u00edticas y sociales. Estas demandas no solo marcaron un punto de inflexi\u00f3n en la historia, sino que tambi\u00e9n sentaron las bases de un movimiento global que perdura hasta nuestros d\u00edas. El 8 de marzo no solo rinde homenaje a las mujeres valientes que lideraron estas luchas, sino que tambi\u00e9n nos recuerda la necesidad de seguir trabajando hacia una sociedad m\u00e1s equitativa y justa para todos.<\/p>\n<h3>Un poco de historia tras este d\u00eda.<\/h3>\n<p>El D\u00eda Internacional de la Mujer tiene una historia rica y significativa que se remonta a m\u00e1s de un siglo. Su origen est\u00e1 vinculado a las luchas de las mujeres por la igualdad, el derecho al voto y mejores condiciones laborales.<\/p>\n<p>En <strong>Estados Unidos<\/strong>, en 1848, <strong>Elizabeth Cady Stanton<\/strong> y <strong>Lucretia Mott<\/strong> organizaron la <strong>primera convenci\u00f3n nacional por los derechos de las mujeres<\/strong> en Nueva York. Este evento marc\u00f3 el nacimiento del movimiento feminista en el pa\u00eds. Otro de los primeros eventos clave ocurri\u00f3 en 1908, cuando miles de mujeres marcharon en Nueva York exigiendo derechos laborales y el sufragio femenino.<\/p>\n<p>En 1910, durante la Segunda Conferencia Internacional de Mujeres Socialistas en Copenhague, <strong>Clara Zetkin<\/strong> propuso establecer un d\u00eda internacional para conmemorar estas luchas. La primera celebraci\u00f3n oficial tuvo lugar el 19 de marzo de 1911 en pa\u00edses como Alemania, Austria, Dinamarca y Suiza. M\u00e1s tarde, en 1917, las mujeres rusas organizaron una huelga masiva que marc\u00f3 el inicio de la Revoluci\u00f3n de Febrero, y esta fecha se consolid\u00f3 como el 8 de marzo.<\/p>\n<p>La primera celebraci\u00f3n tuvo lugar en 1911 en varios pa\u00edses de Europa. <strong>Finalmente, en 1977, la ONU lo reconoci\u00f3 oficialmente<\/strong> como s\u00edmbolo global de la lucha por la igualdad de g\u00e9nero y los derechos de las mujeres. Este d\u00eda no solo celebra los logros alcanzados, sino que tambi\u00e9n recuerda que a\u00fan queda mucho por hacer para lograr una sociedad m\u00e1s equitativa.<\/p>\n<figure id=\"attachment_8335\" aria-describedby=\"caption-attachment-8335\" style=\"width: 300px\" class=\"wp-caption aligncenter\"><a href=\"https:\/\/rafaramirez.org\/blog\/wp-content\/uploads\/2025\/03\/international-womens-day-7852951.jpg\" target=\"_blank\" rel=\"noopener\"><img loading=\"lazy\" decoding=\"async\" class=\"wp-image-8335 size-medium\" src=\"https:\/\/rafaramirez.org\/blog\/wp-content\/uploads\/2025\/03\/international-womens-day-7852951-300x300.jpg\" alt=\"D\u00eda Internacional de la Mujer. Blog de Rafael Ram\u00edrez.\" width=\"300\" height=\"300\" srcset=\"https:\/\/rafaramirez.org\/blog\/wp-content\/uploads\/2025\/03\/international-womens-day-7852951-300x300.jpg 300w, https:\/\/rafaramirez.org\/blog\/wp-content\/uploads\/2025\/03\/international-womens-day-7852951-150x150.jpg 150w, https:\/\/rafaramirez.org\/blog\/wp-content\/uploads\/2025\/03\/international-womens-day-7852951-768x768.jpg 768w, https:\/\/rafaramirez.org\/blog\/wp-content\/uploads\/2025\/03\/international-womens-day-7852951.jpg 800w\" sizes=\"auto, (max-width: 300px) 100vw, 300px\" \/><\/a><figcaption id=\"caption-attachment-8335\" class=\"wp-caption-text\">D\u00eda Internacional de la Mujer. Blog de Rafael Ram\u00edrez.<\/figcaption><\/figure>\n<h3>Historia y avances en Espa\u00f1a.<\/h3>\n<p><strong>En Espa\u00f1a<\/strong>, la lucha por la igualdad de g\u00e9nero tiene una larga historia. A lo largo del siglo XX, las espa\u00f1olas lucharon por el derecho al voto, la educaci\u00f3n, un trabajo digno y la participaci\u00f3n pol\u00edtica. Una de las mujeres pioneras fue <strong>Clara Campoamor<\/strong>, abogada y pol\u00edtica que luch\u00f3 por el derecho al voto femenino durante la <strong>Segunda Rep\u00fablica<\/strong>. Las espa\u00f1olas obtuvieron el derecho al voto en 1931.<\/p>\n<p>La aprobaci\u00f3n de la <strong>Constituci\u00f3n espa\u00f1ola en 1978<\/strong> supuso un hito en la lucha por la igualdad, ya que estableci\u00f3 la igualdad formal entre hombres y mujeres.<\/p>\n<p>Cabe se\u00f1alar que se han producido<strong> importantes avances en las \u00faltimas d\u00e9cadas<\/strong>. En la actualidad, las mujeres espa\u00f1olas tienen mayor acceso a la educaci\u00f3n, el trabajo y la participaci\u00f3n pol\u00edtica. Sin embargo, <strong>a\u00fan persisten desigualdades<\/strong> en \u00e1reas como la brecha salarial, la violencia de g\u00e9nero y la representaci\u00f3n pol\u00edtica.<\/p>\n<figure id=\"attachment_8336\" aria-describedby=\"caption-attachment-8336\" style=\"width: 300px\" class=\"wp-caption aligncenter\"><a href=\"https:\/\/rafaramirez.org\/blog\/wp-content\/uploads\/2025\/03\/engineer-4701997.jpg\" target=\"_blank\" rel=\"noopener\"><img loading=\"lazy\" decoding=\"async\" class=\"wp-image-8336 size-medium\" src=\"https:\/\/rafaramirez.org\/blog\/wp-content\/uploads\/2025\/03\/engineer-4701997-300x200.jpg\" alt=\"D\u00eda Internacional de la Mujer. Blog de Rafael Ram\u00edrez.\" width=\"300\" height=\"200\" srcset=\"https:\/\/rafaramirez.org\/blog\/wp-content\/uploads\/2025\/03\/engineer-4701997-300x200.jpg 300w, https:\/\/rafaramirez.org\/blog\/wp-content\/uploads\/2025\/03\/engineer-4701997-768x513.jpg 768w, https:\/\/rafaramirez.org\/blog\/wp-content\/uploads\/2025\/03\/engineer-4701997.jpg 800w\" sizes=\"auto, (max-width: 300px) 100vw, 300px\" \/><\/a><figcaption id=\"caption-attachment-8336\" class=\"wp-caption-text\">D\u00eda Internacional de la Mujer. Blog de Rafael Ram\u00edrez.<\/figcaption><\/figure>\n<p data-sourcepos=\"3:1-3:16\"><strong>Celebraci\u00f3n:<\/strong><\/p>\n<ul data-sourcepos=\"5:1-10:0\">\n<li data-sourcepos=\"5:1-5:93\"><strong>En Espa\u00f1a<\/strong>, el 8 de marzo se celebra el D\u00eda Internacional de la Mujer con una gran participaci\u00f3n.<\/li>\n<li data-sourcepos=\"6:1-6:120\"><strong>Manifestaciones:<\/strong> miles de mujeres se movilizan en las principales ciudades del pa\u00eds para reivindicar sus derechos.<\/li>\n<li data-sourcepos=\"7:1-7:139\"><strong>Conferencias y eventos:<\/strong> se organizan debates, talleres y charlas para reflexionar sobre la situaci\u00f3n actual de las mujeres en Espa\u00f1a.<\/li>\n<li data-sourcepos=\"8:1-8:92\"><strong>Premios y reconocimientos:<\/strong> se premia a mujeres que han destacado en distintos \u00e1mbitos.<\/li>\n<li data-sourcepos=\"9:1-10:0\"><strong>Campa\u00f1as de sensibilizaci\u00f3n:<\/strong> se busca generar conciencia sobre las desigualdades de g\u00e9nero y promover la igualdad.<\/li>\n<\/ul>\n<h3 data-sourcepos=\"12:1-12:29\">M\u00e1s sobre los motivos y retos de esta celebraci\u00f3n.<\/h3>\n<p data-sourcepos=\"12:1-12:29\"><strong>Motivo de la celebraci\u00f3n:<\/strong><\/p>\n<ul data-sourcepos=\"14:1-17:0\">\n<li data-sourcepos=\"14:1-14:105\">Conmemorar la lucha hist\u00f3rica de las mujeres por la igualdad de g\u00e9nero en todos los \u00e1mbitos de la vida.<\/li>\n<li data-sourcepos=\"15:1-15:100\">Visibilizar las desigualdades que a\u00fan persisten y seguir luchando por los derechos de las mujeres.<\/li>\n<li data-sourcepos=\"16:1-17:0\">Celebrar los logros y avances conseguidos por las mujeres en diferentes \u00e1mbitos.<\/li>\n<\/ul>\n<p data-sourcepos=\"23:1-23:10\"><strong>Retos:<\/strong><\/p>\n<ul data-sourcepos=\"25:1-29:0\">\n<li data-sourcepos=\"25:1-25:54\">Eliminar la brecha salarial entre hombres y mujeres.<\/li>\n<li data-sourcepos=\"26:1-26:55\">Erradicar la violencia de g\u00e9nero en todas sus formas.<\/li>\n<li data-sourcepos=\"27:1-27:70\">Aumentar la participaci\u00f3n de las mujeres en los puestos de decisi\u00f3n.<\/li>\n<li data-sourcepos=\"28:1-29:0\">Fomentar la conciliaci\u00f3n laboral y familiar.<\/li>\n<\/ul>\n<figure id=\"attachment_8337\" aria-describedby=\"caption-attachment-8337\" style=\"width: 300px\" class=\"wp-caption aligncenter\"><a href=\"https:\/\/rafaramirez.org\/blog\/wp-content\/uploads\/2025\/03\/woman-4941164.jpg\" target=\"_blank\" rel=\"noopener\"><img loading=\"lazy\" decoding=\"async\" class=\"wp-image-8337 size-medium\" src=\"https:\/\/rafaramirez.org\/blog\/wp-content\/uploads\/2025\/03\/woman-4941164-300x200.jpg\" alt=\"D\u00eda Internacional de la Mujer. Blog de Rafael Ram\u00edrez.\" width=\"300\" height=\"200\" srcset=\"https:\/\/rafaramirez.org\/blog\/wp-content\/uploads\/2025\/03\/woman-4941164-300x200.jpg 300w, https:\/\/rafaramirez.org\/blog\/wp-content\/uploads\/2025\/03\/woman-4941164-768x513.jpg 768w, https:\/\/rafaramirez.org\/blog\/wp-content\/uploads\/2025\/03\/woman-4941164.jpg 800w\" sizes=\"auto, (max-width: 300px) 100vw, 300px\" \/><\/a><figcaption id=\"caption-attachment-8337\" class=\"wp-caption-text\">D\u00eda Internacional de la Mujer. Blog de Rafael Ram\u00edrez.<\/figcaption><\/figure>\n<p>En resumen, el D\u00eda Internacional de la Mujer es una fecha para recordar la lucha por la igualdad de g\u00e9nero, celebrar los logros alcanzados y seguir trabajando por un futuro m\u00e1s justo e igualitario.<\/p>\n<p>\u00a1Feliz D\u00eda Internacional de la Mujer! Te invito a dejar tus comentarios debajo de la entrada del blog.<\/p>\n<p data-sourcepos=\"25:1-25:125\">M\u00e1s informaci\u00f3n:<\/p>\n<ul>\n<li data-sourcepos=\"25:1-25:125\"><a href=\"https:\/\/es.wikipedia.org\/wiki\/D%C3%ADa_Internacional_de_la_Mujer\" target=\"_blank\" rel=\"noopener\">Wikipedia<\/a>.<\/li>\n<li data-sourcepos=\"25:1-25:125\"><a href=\"https:\/\/www.un.org\/es\/observances\/womens-day\" target=\"_blank\" rel=\"noopener\">ONU<\/a>.<\/li>\n<li data-sourcepos=\"25:1-25:125\"><a href=\"https:\/\/rafaramirez.org\/blog\/index.php\/category\/arte\/efemerides\/\" target=\"_blank\" rel=\"noopener\">Otras efem\u00e9rides<\/a>.<\/li>\n<li data-sourcepos=\"25:1-25:125\"><a href=\"https:\/\/rafaramirez.org\/blog\/index.php\/category\/noticias-sociales\/\" target=\"_blank\" rel=\"noopener\">Informe social<\/a>.<\/li>\n<\/ul>\n","protected":false},"excerpt":{"rendered":"<p>Hoy, 8 de marzo, se conmemora el D\u00eda Internacional de la Mujer, una fecha clave para reflexionar sobre los avances logrados en materia de igualdad de g\u00e9nero y para seguir reivindicando los derechos de las mujeres en todo el mundo. Este d\u00eda se origin\u00f3 a finales del siglo XIX y principios del XX, en un [&hellip;]<\/p>\n","protected":false},"author":1,"featured_media":8332,"comment_status":"open","ping_status":"closed","sticky":false,"template":"","format":"standard","meta":{"site-container-style":"default","site-container-layout":"default","site-sidebar-layout":"default","disable-article-header":"default","disable-site-header":"default","disable-site-footer":"default","disable-content-area-spacing":"default","_jetpack_newsletter_access":"","_jetpack_dont_email_post_to_subs":false,"_jetpack_newsletter_tier_id":0,"_jetpack_memberships_contains_paywalled_content":false,"_jetpack_feature_clip_id":0,"_jetpack_memberships_contains_paid_content":false,"footnotes":"","jetpack_publicize_message":"","jetpack_publicize_feature_enabled":true,"jetpack_social_post_already_shared":true,"jetpack_social_options":{"image_generator_settings":{"template":"highway","default_image_id":0,"font":"","enabled":false},"version":2},"jetpack_post_was_ever_published":false},"categories":[1291,15],"tags":[1230,601,1231,1233,1229,1225,1223,600,1227,224,1226,1228,1224,1232],"class_list":["post-8330","post","type-post","status-publish","format-standard","has-post-thumbnail","hentry","category-efemerides","category-noticias-sociales","tag-1230","tag-8-de-marzo","tag-brecha-salarial","tag-conciliacion-laboral-y-familiar","tag-constitucion-espanola","tag-derecho-al-voto","tag-derechos-de-las-mujeres","tag-dia-internacional-de-la-mujer","tag-el-trabajo-digno","tag-igualdad-de-genero","tag-la-educacion","tag-participacion-politica","tag-siglo-xx","tag-violencia-de-genero"],"yoast_head":"<!-- This site is optimized with the Yoast SEO plugin v28.4 - https:\/\/yoast.com\/product\/yoast-seo-wordpress\/ -->\n<title>D\u00eda Internacional de la Mujer: recordar, celebrar y seguir trabajando por un futuro m\u00e1s justo. - Blog de Rafael Ram\u00edrez<\/title>\n<meta name=\"description\" content=\"Hoy, 8 de marzo, se conmemora el D\u00eda Internacional de la Mujer, una fecha clave para reflexionar sobre los avances logrados en materia de...\" \/>\n<meta name=\"robots\" content=\"index, follow, max-snippet:-1, max-image-preview:large, max-video-preview:-1\" \/>\n<link rel=\"canonical\" href=\"https:\/\/rafaramirez.org\/blog\/index.php\/2025\/03\/08\/dia-internacional-de-la-mujer-2\/\" \/>\n<meta property=\"og:locale\" content=\"es_ES\" \/>\n<meta property=\"og:type\" content=\"article\" \/>\n<meta property=\"og:title\" content=\"D\u00eda Internacional de la Mujer: recordar, celebrar y seguir trabajando por un futuro m\u00e1s justo. - Blog de Rafael Ram\u00edrez\" \/>\n<meta property=\"og:description\" content=\"Hoy, 8 de marzo, se conmemora el D\u00eda Internacional de la Mujer, una fecha clave para reflexionar sobre los avances logrados en materia de...\" \/>\n<meta property=\"og:url\" content=\"https:\/\/rafaramirez.org\/blog\/index.php\/2025\/03\/08\/dia-internacional-de-la-mujer-2\/\" \/>\n<meta property=\"og:site_name\" content=\"Blog de Rafael Ram\u00edrez\" \/>\n<meta property=\"article:published_time\" content=\"2025-03-08T07:15:06+00:00\" \/>\n<meta property=\"article:modified_time\" content=\"2025-03-08T11:12:42+00:00\" \/>\n<meta property=\"og:image\" content=\"https:\/\/rafaramirez.org\/blog\/wp-content\/uploads\/2025\/03\/Dia_Internacional_de_la_Mujer_bannerlogblog.jpg\" \/>\n\t<meta property=\"og:image:width\" content=\"720\" \/>\n\t<meta property=\"og:image:height\" content=\"440\" \/>\n\t<meta property=\"og:image:type\" content=\"image\/jpeg\" \/>\n<meta name=\"author\" content=\"Rafael Ram\u00edrez\" \/>\n<meta name=\"twitter:card\" content=\"summary_large_image\" \/>\n<meta name=\"twitter:creator\" content=\"@rafaramirez_ok\" \/>\n<meta name=\"twitter:site\" content=\"@rafaramirez_ok\" \/>\n<meta name=\"twitter:label1\" content=\"Escrito por\" \/>\n\t<meta name=\"twitter:data1\" content=\"Rafael Ram\u00edrez\" \/>\n\t<meta name=\"twitter:label2\" content=\"Tiempo de lectura\" \/>\n\t<meta name=\"twitter:data2\" content=\"5 minutos\" \/>\n<script type=\"application\/ld+json\" class=\"yoast-schema-graph\">{\"@context\":\"https:\\\/\\\/schema.org\",\"@graph\":[{\"@type\":\"Article\",\"@id\":\"https:\\\/\\\/rafaramirez.org\\\/blog\\\/index.php\\\/2025\\\/03\\\/08\\\/dia-internacional-de-la-mujer-2\\\/#article\",\"isPartOf\":{\"@id\":\"https:\\\/\\\/rafaramirez.org\\\/blog\\\/index.php\\\/2025\\\/03\\\/08\\\/dia-internacional-de-la-mujer-2\\\/\"},\"author\":{\"name\":\"Rafael Ram\u00edrez\",\"@id\":\"https:\\\/\\\/rafaramirez.org\\\/blog\\\/#\\\/schema\\\/person\\\/50f43b6d60c578760d4c17bda54ab6a5\"},\"headline\":\"D\u00eda Internacional de la Mujer: recordar, celebrar y seguir trabajando por un futuro m\u00e1s justo.\",\"datePublished\":\"2025-03-08T07:15:06+00:00\",\"dateModified\":\"2025-03-08T11:12:42+00:00\",\"mainEntityOfPage\":{\"@id\":\"https:\\\/\\\/rafaramirez.org\\\/blog\\\/index.php\\\/2025\\\/03\\\/08\\\/dia-internacional-de-la-mujer-2\\\/\"},\"wordCount\":964,\"commentCount\":0,\"publisher\":{\"@id\":\"https:\\\/\\\/rafaramirez.org\\\/blog\\\/#\\\/schema\\\/person\\\/50f43b6d60c578760d4c17bda54ab6a5\"},\"image\":{\"@id\":\"https:\\\/\\\/rafaramirez.org\\\/blog\\\/index.php\\\/2025\\\/03\\\/08\\\/dia-internacional-de-la-mujer-2\\\/#primaryimage\"},\"thumbnailUrl\":\"https:\\\/\\\/rafaramirez.org\\\/blog\\\/wp-content\\\/uploads\\\/2025\\\/03\\\/Dia_Internacional_de_la_Mujer_bannerlogblog.jpg\",\"keywords\":[\"1978\",\"8 de marzo\",\"brecha salarial\",\"conciliaci\u00f3n laboral y familiar\",\"Constituci\u00f3n espa\u00f1ola\",\"derecho al voto\",\"derechos de las mujeres\",\"d\u00eda internacional de la mujer\",\"el trabajo digno\",\"igualdad de genero\",\"la educaci\u00f3n\",\"participaci\u00f3n pol\u00edtica\",\"siglo XX\",\"violencia de g\u00e9nero\"],\"articleSection\":[\"Efem\u00e9rides\",\"Informe social\"],\"inLanguage\":\"es\",\"potentialAction\":[{\"@type\":\"CommentAction\",\"name\":\"Comment\",\"target\":[\"https:\\\/\\\/rafaramirez.org\\\/blog\\\/index.php\\\/2025\\\/03\\\/08\\\/dia-internacional-de-la-mujer-2\\\/#respond\"]}]},{\"@type\":\"WebPage\",\"@id\":\"https:\\\/\\\/rafaramirez.org\\\/blog\\\/index.php\\\/2025\\\/03\\\/08\\\/dia-internacional-de-la-mujer-2\\\/\",\"url\":\"https:\\\/\\\/rafaramirez.org\\\/blog\\\/index.php\\\/2025\\\/03\\\/08\\\/dia-internacional-de-la-mujer-2\\\/\",\"name\":\"D\u00eda Internacional de la Mujer: recordar, celebrar y seguir trabajando por un futuro m\u00e1s justo. - Blog de Rafael Ram\u00edrez\",\"isPartOf\":{\"@id\":\"https:\\\/\\\/rafaramirez.org\\\/blog\\\/#website\"},\"primaryImageOfPage\":{\"@id\":\"https:\\\/\\\/rafaramirez.org\\\/blog\\\/index.php\\\/2025\\\/03\\\/08\\\/dia-internacional-de-la-mujer-2\\\/#primaryimage\"},\"image\":{\"@id\":\"https:\\\/\\\/rafaramirez.org\\\/blog\\\/index.php\\\/2025\\\/03\\\/08\\\/dia-internacional-de-la-mujer-2\\\/#primaryimage\"},\"thumbnailUrl\":\"https:\\\/\\\/rafaramirez.org\\\/blog\\\/wp-content\\\/uploads\\\/2025\\\/03\\\/Dia_Internacional_de_la_Mujer_bannerlogblog.jpg\",\"datePublished\":\"2025-03-08T07:15:06+00:00\",\"dateModified\":\"2025-03-08T11:12:42+00:00\",\"description\":\"Hoy, 8 de marzo, se conmemora el D\u00eda Internacional de la Mujer, una fecha clave para reflexionar sobre los avances logrados en materia de...\",\"breadcrumb\":{\"@id\":\"https:\\\/\\\/rafaramirez.org\\\/blog\\\/index.php\\\/2025\\\/03\\\/08\\\/dia-internacional-de-la-mujer-2\\\/#breadcrumb\"},\"inLanguage\":\"es\",\"potentialAction\":[{\"@type\":\"ReadAction\",\"target\":[\"https:\\\/\\\/rafaramirez.org\\\/blog\\\/index.php\\\/2025\\\/03\\\/08\\\/dia-internacional-de-la-mujer-2\\\/\"]}]},{\"@type\":\"ImageObject\",\"inLanguage\":\"es\",\"@id\":\"https:\\\/\\\/rafaramirez.org\\\/blog\\\/index.php\\\/2025\\\/03\\\/08\\\/dia-internacional-de-la-mujer-2\\\/#primaryimage\",\"url\":\"https:\\\/\\\/rafaramirez.org\\\/blog\\\/wp-content\\\/uploads\\\/2025\\\/03\\\/Dia_Internacional_de_la_Mujer_bannerlogblog.jpg\",\"contentUrl\":\"https:\\\/\\\/rafaramirez.org\\\/blog\\\/wp-content\\\/uploads\\\/2025\\\/03\\\/Dia_Internacional_de_la_Mujer_bannerlogblog.jpg\",\"width\":720,\"height\":440,\"caption\":\"D\u00eda Internacional de la Mujer 8 de marzo. Blog de Rafael Ram\u00edrez.\"},{\"@type\":\"BreadcrumbList\",\"@id\":\"https:\\\/\\\/rafaramirez.org\\\/blog\\\/index.php\\\/2025\\\/03\\\/08\\\/dia-internacional-de-la-mujer-2\\\/#breadcrumb\",\"itemListElement\":[{\"@type\":\"ListItem\",\"position\":1,\"name\":\"Portada\",\"item\":\"https:\\\/\\\/rafaramirez.org\\\/blog\\\/\"},{\"@type\":\"ListItem\",\"position\":2,\"name\":\"D\u00eda Internacional de la Mujer: recordar, celebrar y seguir trabajando por un futuro m\u00e1s justo.\"}]},{\"@type\":\"WebSite\",\"@id\":\"https:\\\/\\\/rafaramirez.org\\\/blog\\\/#website\",\"url\":\"https:\\\/\\\/rafaramirez.org\\\/blog\\\/\",\"name\":\"Blog de Rafael Ram\u00edrez\",\"description\":\"Un sitio social, de arte y cultura\",\"publisher\":{\"@id\":\"https:\\\/\\\/rafaramirez.org\\\/blog\\\/#\\\/schema\\\/person\\\/50f43b6d60c578760d4c17bda54ab6a5\"},\"potentialAction\":[{\"@type\":\"SearchAction\",\"target\":{\"@type\":\"EntryPoint\",\"urlTemplate\":\"https:\\\/\\\/rafaramirez.org\\\/blog\\\/?s={search_term_string}\"},\"query-input\":{\"@type\":\"PropertyValueSpecification\",\"valueRequired\":true,\"valueName\":\"search_term_string\"}}],\"inLanguage\":\"es\"},{\"@type\":[\"Person\",\"Organization\"],\"@id\":\"https:\\\/\\\/rafaramirez.org\\\/blog\\\/#\\\/schema\\\/person\\\/50f43b6d60c578760d4c17bda54ab6a5\",\"name\":\"Rafael Ram\u00edrez\",\"image\":{\"@type\":\"ImageObject\",\"inLanguage\":\"es\",\"@id\":\"https:\\\/\\\/rafaramirez.org\\\/blog\\\/wp-content\\\/uploads\\\/2024\\\/09\\\/RR_socialnetwork.jpg\",\"url\":\"https:\\\/\\\/rafaramirez.org\\\/blog\\\/wp-content\\\/uploads\\\/2024\\\/09\\\/RR_socialnetwork.jpg\",\"contentUrl\":\"https:\\\/\\\/rafaramirez.org\\\/blog\\\/wp-content\\\/uploads\\\/2024\\\/09\\\/RR_socialnetwork.jpg\",\"width\":600,\"height\":606,\"caption\":\"Rafael Ram\u00edrez\"},\"logo\":{\"@id\":\"https:\\\/\\\/rafaramirez.org\\\/blog\\\/wp-content\\\/uploads\\\/2024\\\/09\\\/RR_socialnetwork.jpg\"},\"sameAs\":[\"https:\\\/\\\/www.rafaramirez.org\\\/blog\",\"https:\\\/\\\/www.instagram.com\\\/rafaramirez_ok\\\/\",\"https:\\\/\\\/es.pinterest.com\\\/Ramirez_Rafa\\\/\",\"https:\\\/\\\/x.com\\\/rafaramirez_ok\"],\"url\":\"https:\\\/\\\/rafaramirez.org\\\/blog\\\/index.php\\\/author\\\/rafaell_qm6j97da\\\/\"}]}<\/script>\n<!-- \/ Yoast SEO plugin. -->","yoast_head_json":{"title":"D\u00eda Internacional de la Mujer: recordar, celebrar y seguir trabajando por un futuro m\u00e1s justo. - Blog de Rafael Ram\u00edrez","description":"Hoy, 8 de marzo, se conmemora el D\u00eda Internacional de la Mujer, una fecha clave para reflexionar sobre los avances logrados en materia de...","robots":{"index":"index","follow":"follow","max-snippet":"max-snippet:-1","max-image-preview":"max-image-preview:large","max-video-preview":"max-video-preview:-1"},"canonical":"https:\/\/rafaramirez.org\/blog\/index.php\/2025\/03\/08\/dia-internacional-de-la-mujer-2\/","og_locale":"es_ES","og_type":"article","og_title":"D\u00eda Internacional de la Mujer: recordar, celebrar y seguir trabajando por un futuro m\u00e1s justo. - Blog de Rafael Ram\u00edrez","og_description":"Hoy, 8 de marzo, se conmemora el D\u00eda Internacional de la Mujer, una fecha clave para reflexionar sobre los avances logrados en materia de...","og_url":"https:\/\/rafaramirez.org\/blog\/index.php\/2025\/03\/08\/dia-internacional-de-la-mujer-2\/","og_site_name":"Blog de Rafael Ram\u00edrez","article_published_time":"2025-03-08T07:15:06+00:00","article_modified_time":"2025-03-08T11:12:42+00:00","og_image":[{"width":720,"height":440,"url":"https:\/\/rafaramirez.org\/blog\/wp-content\/uploads\/2025\/03\/Dia_Internacional_de_la_Mujer_bannerlogblog.jpg","type":"image\/jpeg"}],"author":"Rafael Ram\u00edrez","twitter_card":"summary_large_image","twitter_creator":"@rafaramirez_ok","twitter_site":"@rafaramirez_ok","twitter_misc":{"Escrito por":"Rafael Ram\u00edrez","Tiempo de lectura":"5 minutos"},"schema":{"@context":"https:\/\/schema.org","@graph":[{"@type":"Article","@id":"https:\/\/rafaramirez.org\/blog\/index.php\/2025\/03\/08\/dia-internacional-de-la-mujer-2\/#article","isPartOf":{"@id":"https:\/\/rafaramirez.org\/blog\/index.php\/2025\/03\/08\/dia-internacional-de-la-mujer-2\/"},"author":{"name":"Rafael Ram\u00edrez","@id":"https:\/\/rafaramirez.org\/blog\/#\/schema\/person\/50f43b6d60c578760d4c17bda54ab6a5"},"headline":"D\u00eda Internacional de la Mujer: recordar, celebrar y seguir trabajando por un futuro m\u00e1s justo.","datePublished":"2025-03-08T07:15:06+00:00","dateModified":"2025-03-08T11:12:42+00:00","mainEntityOfPage":{"@id":"https:\/\/rafaramirez.org\/blog\/index.php\/2025\/03\/08\/dia-internacional-de-la-mujer-2\/"},"wordCount":964,"commentCount":0,"publisher":{"@id":"https:\/\/rafaramirez.org\/blog\/#\/schema\/person\/50f43b6d60c578760d4c17bda54ab6a5"},"image":{"@id":"https:\/\/rafaramirez.org\/blog\/index.php\/2025\/03\/08\/dia-internacional-de-la-mujer-2\/#primaryimage"},"thumbnailUrl":"https:\/\/rafaramirez.org\/blog\/wp-content\/uploads\/2025\/03\/Dia_Internacional_de_la_Mujer_bannerlogblog.jpg","keywords":["1978","8 de marzo","brecha salarial","conciliaci\u00f3n laboral y familiar","Constituci\u00f3n espa\u00f1ola","derecho al voto","derechos de las mujeres","d\u00eda internacional de la mujer","el trabajo digno","igualdad de genero","la educaci\u00f3n","participaci\u00f3n pol\u00edtica","siglo XX","violencia de g\u00e9nero"],"articleSection":["Efem\u00e9rides","Informe social"],"inLanguage":"es","potentialAction":[{"@type":"CommentAction","name":"Comment","target":["https:\/\/rafaramirez.org\/blog\/index.php\/2025\/03\/08\/dia-internacional-de-la-mujer-2\/#respond"]}]},{"@type":"WebPage","@id":"https:\/\/rafaramirez.org\/blog\/index.php\/2025\/03\/08\/dia-internacional-de-la-mujer-2\/","url":"https:\/\/rafaramirez.org\/blog\/index.php\/2025\/03\/08\/dia-internacional-de-la-mujer-2\/","name":"D\u00eda Internacional de la Mujer: recordar, celebrar y seguir trabajando por un futuro m\u00e1s justo. - Blog de Rafael Ram\u00edrez","isPartOf":{"@id":"https:\/\/rafaramirez.org\/blog\/#website"},"primaryImageOfPage":{"@id":"https:\/\/rafaramirez.org\/blog\/index.php\/2025\/03\/08\/dia-internacional-de-la-mujer-2\/#primaryimage"},"image":{"@id":"https:\/\/rafaramirez.org\/blog\/index.php\/2025\/03\/08\/dia-internacional-de-la-mujer-2\/#primaryimage"},"thumbnailUrl":"https:\/\/rafaramirez.org\/blog\/wp-content\/uploads\/2025\/03\/Dia_Internacional_de_la_Mujer_bannerlogblog.jpg","datePublished":"2025-03-08T07:15:06+00:00","dateModified":"2025-03-08T11:12:42+00:00","description":"Hoy, 8 de marzo, se conmemora el D\u00eda Internacional de la Mujer, una fecha clave para reflexionar sobre los avances logrados en materia de...","breadcrumb":{"@id":"https:\/\/rafaramirez.org\/blog\/index.php\/2025\/03\/08\/dia-internacional-de-la-mujer-2\/#breadcrumb"},"inLanguage":"es","potentialAction":[{"@type":"ReadAction","target":["https:\/\/rafaramirez.org\/blog\/index.php\/2025\/03\/08\/dia-internacional-de-la-mujer-2\/"]}]},{"@type":"ImageObject","inLanguage":"es","@id":"https:\/\/rafaramirez.org\/blog\/index.php\/2025\/03\/08\/dia-internacional-de-la-mujer-2\/#primaryimage","url":"https:\/\/rafaramirez.org\/blog\/wp-content\/uploads\/2025\/03\/Dia_Internacional_de_la_Mujer_bannerlogblog.jpg","contentUrl":"https:\/\/rafaramirez.org\/blog\/wp-content\/uploads\/2025\/03\/Dia_Internacional_de_la_Mujer_bannerlogblog.jpg","width":720,"height":440,"caption":"D\u00eda Internacional de la Mujer 8 de marzo. Blog de Rafael Ram\u00edrez."},{"@type":"BreadcrumbList","@id":"https:\/\/rafaramirez.org\/blog\/index.php\/2025\/03\/08\/dia-internacional-de-la-mujer-2\/#breadcrumb","itemListElement":[{"@type":"ListItem","position":1,"name":"Portada","item":"https:\/\/rafaramirez.org\/blog\/"},{"@type":"ListItem","position":2,"name":"D\u00eda Internacional de la Mujer: recordar, celebrar y seguir trabajando por un futuro m\u00e1s justo."}]},{"@type":"WebSite","@id":"https:\/\/rafaramirez.org\/blog\/#website","url":"https:\/\/rafaramirez.org\/blog\/","name":"Blog de Rafael Ram\u00edrez","description":"Un sitio social, de arte y cultura","publisher":{"@id":"https:\/\/rafaramirez.org\/blog\/#\/schema\/person\/50f43b6d60c578760d4c17bda54ab6a5"},"potentialAction":[{"@type":"SearchAction","target":{"@type":"EntryPoint","urlTemplate":"https:\/\/rafaramirez.org\/blog\/?s={search_term_string}"},"query-input":{"@type":"PropertyValueSpecification","valueRequired":true,"valueName":"search_term_string"}}],"inLanguage":"es"},{"@type":["Person","Organization"],"@id":"https:\/\/rafaramirez.org\/blog\/#\/schema\/person\/50f43b6d60c578760d4c17bda54ab6a5","name":"Rafael Ram\u00edrez","image":{"@type":"ImageObject","inLanguage":"es","@id":"https:\/\/rafaramirez.org\/blog\/wp-content\/uploads\/2024\/09\/RR_socialnetwork.jpg","url":"https:\/\/rafaramirez.org\/blog\/wp-content\/uploads\/2024\/09\/RR_socialnetwork.jpg","contentUrl":"https:\/\/rafaramirez.org\/blog\/wp-content\/uploads\/2024\/09\/RR_socialnetwork.jpg","width":600,"height":606,"caption":"Rafael Ram\u00edrez"},"logo":{"@id":"https:\/\/rafaramirez.org\/blog\/wp-content\/uploads\/2024\/09\/RR_socialnetwork.jpg"},"sameAs":["https:\/\/www.rafaramirez.org\/blog","https:\/\/www.instagram.com\/rafaramirez_ok\/","https:\/\/es.pinterest.com\/Ramirez_Rafa\/","https:\/\/x.com\/rafaramirez_ok"],"url":"https:\/\/rafaramirez.org\/blog\/index.php\/author\/rafaell_qm6j97da\/"}]}},"jetpack_publicize_connections":[],"jetpack_sharing_enabled":true,"jetpack_likes_enabled":true,"jetpack_featured_media_url":"https:\/\/rafaramirez.org\/blog\/wp-content\/uploads\/2025\/03\/Dia_Internacional_de_la_Mujer_bannerlogblog.jpg","_links":{"self":[{"href":"https:\/\/rafaramirez.org\/blog\/index.php\/wp-json\/wp\/v2\/posts\/8330","targetHints":{"allow":["GET"]}}],"collection":[{"href":"https:\/\/rafaramirez.org\/blog\/index.php\/wp-json\/wp\/v2\/posts"}],"about":[{"href":"https:\/\/rafaramirez.org\/blog\/index.php\/wp-json\/wp\/v2\/types\/post"}],"author":[{"embeddable":true,"href":"https:\/\/rafaramirez.org\/blog\/index.php\/wp-json\/wp\/v2\/users\/1"}],"replies":[{"embeddable":true,"href":"https:\/\/rafaramirez.org\/blog\/index.php\/wp-json\/wp\/v2\/comments?post=8330"}],"version-history":[{"count":7,"href":"https:\/\/rafaramirez.org\/blog\/index.php\/wp-json\/wp\/v2\/posts\/8330\/revisions"}],"predecessor-version":[{"id":8446,"href":"https:\/\/rafaramirez.org\/blog\/index.php\/wp-json\/wp\/v2\/posts\/8330\/revisions\/8446"}],"wp:featuredmedia":[{"embeddable":true,"href":"https:\/\/rafaramirez.org\/blog\/index.php\/wp-json\/wp\/v2\/media\/8332"}],"wp:attachment":[{"href":"https:\/\/rafaramirez.org\/blog\/index.php\/wp-json\/wp\/v2\/media?parent=8330"}],"wp:term":[{"taxonomy":"category","embeddable":true,"href":"https:\/\/rafaramirez.org\/blog\/index.php\/wp-json\/wp\/v2\/categories?post=8330"},{"taxonomy":"post_tag","embeddable":true,"href":"https:\/\/rafaramirez.org\/blog\/index.php\/wp-json\/wp\/v2\/tags?post=8330"}],"curies":[{"name":"wp","href":"https:\/\/api.w.org\/{rel}","templated":true}]}}