{"id":8224,"date":"2025-02-28T08:15:22","date_gmt":"2025-02-28T07:15:22","guid":{"rendered":"https:\/\/rafaramirez.org\/blog\/?p=8224"},"modified":"2025-02-20T12:48:36","modified_gmt":"2025-02-20T11:48:36","slug":"dia-de-andalucia","status":"publish","type":"post","link":"https:\/\/rafaramirez.org\/blog\/index.php\/2025\/02\/28\/dia-de-andalucia\/","title":{"rendered":"D\u00eda de Andaluc\u00eda (Espa\u00f1a): una ocasi\u00f3n para reflexionar sobre su rica historia y cultura."},"content":{"rendered":"<p>El <strong>D\u00eda de Andaluc\u00eda<\/strong> se celebra el <strong>28 de febrero<\/strong> de cada a\u00f1o. Esta fecha conmemora el refer\u00e9ndum sobre la iniciativa del proceso auton\u00f3mico de Andaluc\u00eda que se llev\u00f3 a cabo en 1980, y que result\u00f3 en la <strong>aprobaci\u00f3n del Estatuto de Autonom\u00eda<\/strong>.<\/p>\n<p>Es un d\u00eda festivo en toda la comunidad aut\u00f3noma de Andaluc\u00eda, en el que se llevan a cabo diversas actividades culturales y festivas. Algunas de las tradiciones t\u00edpicas son:<\/p>\n<ul>\n<li><strong>Izado de la bandera andaluza<\/strong>: en muchas plazas y edificios p\u00fablicos se lleva a cabo el izado de la bandera de Andaluc\u00eda, acompa\u00f1ada del himno de la comunidad.<\/li>\n<li><strong>Actividades culturales<\/strong>: se organizan conciertos, exposiciones, obras de teatro y otros eventos culturales que resaltan la historia y las tradiciones andaluzas.<\/li>\n<li><strong>Gastronom\u00eda<\/strong>: es com\u00fan disfrutar de platos t\u00edpicos de la regi\u00f3n, como el gazpacho, el salmorejo, las tapas y, por supuesto, el jam\u00f3n ib\u00e9rico.<\/li>\n<li><strong>Eventos deportivos<\/strong>: algunas localidades organizan competiciones deportivas y actividades al aire libre para celebrar el d\u00eda.<\/li>\n<\/ul>\n<p>El D\u00eda de Andaluc\u00eda es una oportunidad para que los andaluces celebren su identidad cultural y su autonom\u00eda dentro de Espa\u00f1a.<\/p>\n<figure id=\"attachment_8231\" aria-describedby=\"caption-attachment-8231\" style=\"width: 200px\" class=\"wp-caption aligncenter\"><a href=\"https:\/\/rafaramirez.org\/blog\/wp-content\/uploads\/2025\/02\/flamenco-1046485.jpg\" target=\"_blank\" rel=\"noopener\"><img loading=\"lazy\" decoding=\"async\" class=\"wp-image-8231 size-medium\" src=\"https:\/\/rafaramirez.org\/blog\/wp-content\/uploads\/2025\/02\/flamenco-1046485-200x300.jpg\" alt=\"Figura flamenca. D\u00eda de Andaluc\u00eda. Blog de Rafael Ram\u00edrez.\" width=\"200\" height=\"300\" srcset=\"https:\/\/rafaramirez.org\/blog\/wp-content\/uploads\/2025\/02\/flamenco-1046485-200x300.jpg 200w, https:\/\/rafaramirez.org\/blog\/wp-content\/uploads\/2025\/02\/flamenco-1046485.jpg 668w\" sizes=\"auto, (max-width: 200px) 100vw, 200px\" \/><\/a><figcaption id=\"caption-attachment-8231\" class=\"wp-caption-text\">Figura flamenca. D\u00eda de Andaluc\u00eda. Blog de Rafael Ram\u00edrez.<\/figcaption><\/figure>\n<h3>La historia de este d\u00eda.<\/h3>\n<p>El D\u00eda de Andaluc\u00eda se remonta al <strong>refer\u00e9ndum del 28 de febrero de 1980<\/strong>, cuando los andaluces votaron a favor de la <strong>autonom\u00eda plena<\/strong> de su comunidad. Este refer\u00e9ndum fue el resultado de un largo proceso de reivindicaci\u00f3n y lucha por la autonom\u00eda, que incluy\u00f3 <strong>manifestaciones masivas el 4 de diciembre de 1977<\/strong>.<\/p>\n<p>Ese d\u00eda, alrededor de un mill\u00f3n y medio de andaluces se manifestaron en las capitales de provincia para exigirla. Este d\u00eda tambi\u00e9n es recordado por la tr\u00e1gica muerte de <strong>Manuel Jos\u00e9 Garc\u00eda Caparr\u00f3s<\/strong>, un joven que perdi\u00f3 la vida durante las manifestaciones en M\u00e1laga. Este hecho se convirti\u00f3 en un <strong>s\u00edmbolo de la lucha andaluza por la autonom\u00eda<\/strong>.<\/p>\n<p>Tras el refer\u00e9ndum de 1980, se aprob\u00f3 el <strong>Estatuto de Autonom\u00eda de Andaluc\u00eda<\/strong>, que fue ratificado en un segundo refer\u00e9ndum en 1981. Desde entonces, el 28 de febrero se celebra como el D\u00eda de Andaluc\u00eda, una fecha que rinde homenaje a la identidad y la cultura de esta regi\u00f3n.<\/p>\n<p>El D\u00eda de Andaluc\u00eda es una ocasi\u00f3n para <strong>reflexionar sobre su rica historia y cultura<\/strong>, as\u00ed como para <strong>celebrar su autonom\u00eda<\/strong> y su papel dentro de Espa\u00f1a.<\/p>\n<figure id=\"attachment_8232\" aria-describedby=\"caption-attachment-8232\" style=\"width: 300px\" class=\"wp-caption aligncenter\"><a href=\"https:\/\/rafaramirez.org\/blog\/wp-content\/uploads\/2025\/02\/ronda-2154601.jpg\" target=\"_blank\" rel=\"noopener\"><img loading=\"lazy\" decoding=\"async\" class=\"wp-image-8232 size-medium\" src=\"https:\/\/rafaramirez.org\/blog\/wp-content\/uploads\/2025\/02\/ronda-2154601-300x200.jpg\" alt=\"Ronda (Andaluc\u00eda). Espa\u00f1a. D\u00eda de Andaluc\u00eda. Blog de Rafael Ram\u00edrez.\" width=\"300\" height=\"200\" srcset=\"https:\/\/rafaramirez.org\/blog\/wp-content\/uploads\/2025\/02\/ronda-2154601-300x200.jpg 300w, https:\/\/rafaramirez.org\/blog\/wp-content\/uploads\/2025\/02\/ronda-2154601-768x512.jpg 768w, https:\/\/rafaramirez.org\/blog\/wp-content\/uploads\/2025\/02\/ronda-2154601.jpg 1000w\" sizes=\"auto, (max-width: 300px) 100vw, 300px\" \/><\/a><figcaption id=\"caption-attachment-8232\" class=\"wp-caption-text\">Ronda (Andaluc\u00eda). Espa\u00f1a. D\u00eda de Andaluc\u00eda. Blog de Rafael Ram\u00edrez.<\/figcaption><\/figure>\n<h3>El himno andaluz y su historia.<\/h3>\n<p>El himno de Andaluc\u00eda tiene una historia fascinante y est\u00e1 estrechamente ligado a la figura de <strong>Blas Infante<\/strong>, conocido como el <strong>\u00abPadre de la Patria Andaluza\u00bb<\/strong>. Infante escribi\u00f3 la letra del himno en enero de 1933. La melod\u00eda del himno est\u00e1 basada en un canto religioso popular llamado <strong>\u00abSanto Dios\u00bb<\/strong>, que sol\u00edan entonar los campesinos y jornaleros andaluces durante la siega.<\/p>\n<p>La letra del himno es una llamada a la movilizaci\u00f3n de los andaluces para <strong>luchar por \u00abtierra y libertad\u00bb<\/strong>. A continuaci\u00f3n, puedes leer la letra completa:<\/p>\n<blockquote><p>La bandera blanca y verde<br \/>\nvuelve, tras siglos de guerra,<br \/>\na decir paz y esperanza,<br \/>\nbajo el sol de nuestra tierra.<\/p>\n<p>\u00a1Andaluces, levantaos!<br \/>\n\u00a1Pedid tierra y libertad!<br \/>\n\u00a1Sea por Andaluc\u00eda libre,<br \/>\nEspa\u00f1a y la Humanidad!<\/p>\n<p>Los andaluces queremos<br \/>\nvolver a ser lo que fuimos:<br \/>\nhombres de luz, que a los hombres,<br \/>\nalma de hombres les dimos.<\/p>\n<p>\u00a1Andaluces, levantaos!<br \/>\n\u00a1Pedid tierra y libertad!<br \/>\n\u00a1Sea por Andaluc\u00eda libre,<br \/>\nEspa\u00f1a y la Humanidad!<\/p><\/blockquote>\n<p>La <strong>Banda Municipal de Sevilla<\/strong> interpret\u00f3 el himno por primera vez en un concierto celebrado en la <strong>Alameda de H\u00e9rcules<\/strong> el 10 de julio de <strong>1936<\/strong>, poco antes del inicio de la<strong> Guerra Civil Espa\u00f1ola<\/strong>. Durante la guerra, <strong>Blas Infante fue asesinado<\/strong>, pero su legado y su himno perduraron.<\/p>\n<p>El himno se oficializ\u00f3 en 1982 y, desde entonces, se ha convertido en un <strong>s\u00edmbolo de la identidad y la autonom\u00eda andaluza<\/strong>.<\/p>\n<figure id=\"attachment_8233\" aria-describedby=\"caption-attachment-8233\" style=\"width: 300px\" class=\"wp-caption aligncenter\"><a href=\"https:\/\/rafaramirez.org\/blog\/wp-content\/uploads\/2025\/02\/granada-5182732.jpg\" target=\"_blank\" rel=\"noopener\"><img loading=\"lazy\" decoding=\"async\" class=\"wp-image-8233 size-medium\" src=\"https:\/\/rafaramirez.org\/blog\/wp-content\/uploads\/2025\/02\/granada-5182732-300x200.jpg\" alt=\"Granada (Andaluc\u00eda). Espa\u00f1a. Blog de Rafael Ram\u00edrez.\" width=\"300\" height=\"200\" srcset=\"https:\/\/rafaramirez.org\/blog\/wp-content\/uploads\/2025\/02\/granada-5182732-300x200.jpg 300w, https:\/\/rafaramirez.org\/blog\/wp-content\/uploads\/2025\/02\/granada-5182732-768x512.jpg 768w, https:\/\/rafaramirez.org\/blog\/wp-content\/uploads\/2025\/02\/granada-5182732.jpg 1000w\" sizes=\"auto, (max-width: 300px) 100vw, 300px\" \/><\/a><figcaption id=\"caption-attachment-8233\" class=\"wp-caption-text\">Granada (Andaluc\u00eda). Espa\u00f1a. D\u00eda de Andaluc\u00eda. Blog de Rafael Ram\u00edrez.<\/figcaption><\/figure>\n<h3>Blas Infante y su contribuci\u00f3n a Andaluc\u00eda.<\/h3>\n<p>Blas Infante P\u00e9rez de Vargas naci\u00f3 el 5 de julio de 1885 en Casares (M\u00e1laga) y es conocido como el \u00abPadre de la Patria Andaluza\u00bb. Fue un ensayista, notario, abogado y pol\u00edtico espa\u00f1ol, y una <strong>figura clave del movimiento andalucista<\/strong>.<\/p>\n<p>Infante dedic\u00f3 su vida a la lucha por la autonom\u00eda de Andaluc\u00eda y a la <strong>mejora de las condiciones sociales y econ\u00f3micas de la regi\u00f3n<\/strong>. Entre sus contribuciones m\u00e1s destacadas se encuentran:<\/p>\n<ul>\n<li><strong>Ideolog\u00eda andalucista<\/strong>: Blas Infante fue el principal ide\u00f3logo del andalucismo, movimiento que promovi\u00f3 para defender la identidad cultural y pol\u00edtica de Andaluc\u00eda. Su obra <strong>\u00abIdeal Andaluz\u00bb<\/strong> (1915) es fundamental para entender su pensamiento.<\/li>\n<li><strong>S\u00edmbolos de Andaluc\u00eda<\/strong>: en la <strong>Asamblea de Ronda de 1918<\/strong>, Infante propuso la adopci\u00f3n de la bandera blanca y verde y el escudo de H\u00e9rcules como s\u00edmbolos de la autonom\u00eda andaluza.<\/li>\n<li><strong>Centros Andaluces<\/strong>: fund\u00f3 el primer Centro Andaluz en Sevilla en 1916, con el objetivo de crear un <strong>\u00f3rgano de expresi\u00f3n de la realidad cultural y social de Andaluc\u00eda<\/strong>.<\/li>\n<li><strong>Manifiesto de C\u00f3rdoba<\/strong>: en 1919, redact\u00f3 el Manifiesto de C\u00f3rdoba, en el que <strong>reivindicaba a Andaluc\u00eda como naci\u00f3n<\/strong>.<\/li>\n<\/ul>\n<p>Blas Infante fue <strong>fusilado por militares del bando nacional el 11 de agosto de 1936<\/strong>, al inicio de la Guerra Civil Espa\u00f1ola. A pesar de su tr\u00e1gica muerte, su legado perdura y sigue siendo una <strong>figura emblem\u00e1tica de la historia<\/strong> de Andaluc\u00eda.<\/p>\n<figure id=\"attachment_8227\" aria-describedby=\"caption-attachment-8227\" style=\"width: 227px\" class=\"wp-caption aligncenter\"><a href=\"https:\/\/rafaramirez.org\/blog\/wp-content\/uploads\/2025\/02\/Blas_Infante_retrato_color.jpg\" target=\"_blank\" rel=\"noopener\"><img loading=\"lazy\" decoding=\"async\" class=\"wp-image-8227 size-medium\" src=\"https:\/\/rafaramirez.org\/blog\/wp-content\/uploads\/2025\/02\/Blas_Infante_retrato_color-227x300.jpg\" alt=\"Retrato de Blas Infante. Blog de Rafael Ram\u00edrez.\" width=\"227\" height=\"300\" srcset=\"https:\/\/rafaramirez.org\/blog\/wp-content\/uploads\/2025\/02\/Blas_Infante_retrato_color-227x300.jpg 227w, https:\/\/rafaramirez.org\/blog\/wp-content\/uploads\/2025\/02\/Blas_Infante_retrato_color.jpg 580w\" sizes=\"auto, (max-width: 227px) 100vw, 227px\" \/><\/a><figcaption id=\"caption-attachment-8227\" class=\"wp-caption-text\">Retrato de Blas Infante. Blog de Rafael Ram\u00edrez.<\/figcaption><\/figure>\n<p>En resumen, el D\u00eda de Andaluc\u00eda es importante porque conmemora el refer\u00e9ndum de 1980 en el que los andaluces votaron a favor de la autonom\u00eda de su regi\u00f3n. Esta fecha celebra la identidad cultural, hist\u00f3rica y pol\u00edtica de Andaluc\u00eda, y destaca su rica herencia y su derecho a autogobernarse dentro de Espa\u00f1a. Es un d\u00eda de orgullo y unidad para todos los andaluces.<\/p>\n<p>M\u00e1s informaci\u00f3n:<\/p>\n<ul>\n<li><a href=\"https:\/\/es.wikipedia.org\/wiki\/D%C3%ADa_de_Andaluc%C3%ADa\" target=\"_blank\" rel=\"noopener\">Wikipedia<\/a>.<\/li>\n<li><a href=\"https:\/\/www.mundoclasico.com\/articulo\/33546\/Breve-historia-del-Himno-de-Andaluc%C3%ADa-1-Los-or%C3%ADgenes\" target=\"_blank\" rel=\"noopener\">Mundo cl\u00e1sico<\/a>.<\/li>\n<li><a href=\"https:\/\/es.wikipedia.org\/wiki\/Blas_Infante\" target=\"_blank\" rel=\"noopener\">Wikipedia<\/a>.<\/li>\n<li><a href=\"https:\/\/www.juntadeandalucia.es\/presidencia\/28f2021\/blas-infante-padre-de-la-patria-andaluza\/\" target=\"_blank\" rel=\"noopener\">Junta de Andaluc\u00eda<\/a>.<\/li>\n<li><a href=\"https:\/\/rafaramirez.org\/blog\/index.php\/category\/arte\/efemerides\/\" target=\"_blank\" rel=\"noopener\">Otras efem\u00e9rides<\/a>.<\/li>\n<\/ul>\n","protected":false},"excerpt":{"rendered":"<p>El D\u00eda de Andaluc\u00eda se celebra el 28 de febrero de cada a\u00f1o. Esta fecha conmemora el refer\u00e9ndum sobre la iniciativa del proceso auton\u00f3mico de Andaluc\u00eda que se llev\u00f3 a cabo en 1980, y que result\u00f3 en la aprobaci\u00f3n del Estatuto de Autonom\u00eda. Es un d\u00eda festivo en toda la comunidad aut\u00f3noma de Andaluc\u00eda, en [&hellip;]<\/p>\n","protected":false},"author":1,"featured_media":8229,"comment_status":"open","ping_status":"closed","sticky":false,"template":"","format":"standard","meta":{"site-container-style":"default","site-container-layout":"default","site-sidebar-layout":"default","disable-article-header":"default","disable-site-header":"default","disable-site-footer":"default","disable-content-area-spacing":"default","_jetpack_newsletter_access":"","_jetpack_dont_email_post_to_subs":false,"_jetpack_newsletter_tier_id":0,"_jetpack_memberships_contains_paywalled_content":false,"_jetpack_feature_clip_id":0,"_jetpack_memberships_contains_paid_content":false,"footnotes":"","jetpack_publicize_message":"","jetpack_publicize_feature_enabled":true,"jetpack_social_post_already_shared":true,"jetpack_social_options":{"image_generator_settings":{"template":"highway","default_image_id":0,"font":"","enabled":false},"version":2},"jetpack_post_was_ever_published":false},"categories":[1291],"tags":[4074,68,4073,4072,1323,4067,4040],"class_list":["post-8224","post","type-post","status-publish","format-standard","has-post-thumbnail","hentry","category-efemerides","tag-blas-infante","tag-blog-de-rafael-ramirez","tag-dia-de-andalucia","tag-dia-de-andalucia-28-de-febrero","tag-efemerides","tag-efemerides-2025","tag-efemerides-febrero"],"yoast_head":"<!-- This site is optimized with the Yoast SEO plugin v28.4 - https:\/\/yoast.com\/product\/yoast-seo-wordpress\/ -->\n<title>D\u00eda de Andaluc\u00eda (Espa\u00f1a): una ocasi\u00f3n para reflexionar sobre su rica historia y cultura. - Blog de Rafael Ram\u00edrez<\/title>\n<meta name=\"description\" content=\"El D\u00eda de Andaluc\u00eda se celebra el 28 de febrero. Esta fecha conmemora el refer\u00e9ndum sobre la iniciativa del proceso auton\u00f3mico de Andaluc\u00eda\" \/>\n<meta name=\"robots\" content=\"index, follow, max-snippet:-1, max-image-preview:large, max-video-preview:-1\" \/>\n<link rel=\"canonical\" href=\"https:\/\/rafaramirez.org\/blog\/index.php\/2025\/02\/28\/dia-de-andalucia\/\" \/>\n<meta property=\"og:locale\" content=\"es_ES\" \/>\n<meta property=\"og:type\" content=\"article\" \/>\n<meta property=\"og:title\" content=\"D\u00eda de Andaluc\u00eda (Espa\u00f1a): una ocasi\u00f3n para reflexionar sobre su rica historia y cultura. - Blog de Rafael Ram\u00edrez\" \/>\n<meta property=\"og:description\" content=\"El D\u00eda de Andaluc\u00eda se celebra el 28 de febrero. Esta fecha conmemora el refer\u00e9ndum sobre la iniciativa del proceso auton\u00f3mico de Andaluc\u00eda\" \/>\n<meta property=\"og:url\" content=\"https:\/\/rafaramirez.org\/blog\/index.php\/2025\/02\/28\/dia-de-andalucia\/\" \/>\n<meta property=\"og:site_name\" content=\"Blog de Rafael Ram\u00edrez\" \/>\n<meta property=\"article:published_time\" content=\"2025-02-28T07:15:22+00:00\" \/>\n<meta property=\"og:image\" content=\"https:\/\/rafaramirez.org\/blog\/wp-content\/uploads\/2025\/02\/Dia_de_Andalucia_blog_de_Rafael_Ramirez_banner.jpg\" \/>\n\t<meta property=\"og:image:width\" content=\"720\" \/>\n\t<meta property=\"og:image:height\" content=\"440\" \/>\n\t<meta property=\"og:image:type\" content=\"image\/jpeg\" \/>\n<meta name=\"author\" content=\"Rafael Ram\u00edrez\" \/>\n<meta name=\"twitter:card\" content=\"summary_large_image\" \/>\n<meta name=\"twitter:creator\" content=\"@rafaramirez_ok\" \/>\n<meta name=\"twitter:site\" content=\"@rafaramirez_ok\" \/>\n<meta name=\"twitter:label1\" content=\"Escrito por\" \/>\n\t<meta name=\"twitter:data1\" content=\"Rafael Ram\u00edrez\" \/>\n\t<meta name=\"twitter:label2\" content=\"Tiempo de lectura\" \/>\n\t<meta name=\"twitter:data2\" content=\"6 minutos\" \/>\n<script type=\"application\/ld+json\" class=\"yoast-schema-graph\">{\"@context\":\"https:\\\/\\\/schema.org\",\"@graph\":[{\"@type\":\"Article\",\"@id\":\"https:\\\/\\\/rafaramirez.org\\\/blog\\\/index.php\\\/2025\\\/02\\\/28\\\/dia-de-andalucia\\\/#article\",\"isPartOf\":{\"@id\":\"https:\\\/\\\/rafaramirez.org\\\/blog\\\/index.php\\\/2025\\\/02\\\/28\\\/dia-de-andalucia\\\/\"},\"author\":{\"name\":\"Rafael Ram\u00edrez\",\"@id\":\"https:\\\/\\\/rafaramirez.org\\\/blog\\\/#\\\/schema\\\/person\\\/50f43b6d60c578760d4c17bda54ab6a5\"},\"headline\":\"D\u00eda de Andaluc\u00eda (Espa\u00f1a): una ocasi\u00f3n para reflexionar sobre su rica historia y cultura.\",\"datePublished\":\"2025-02-28T07:15:22+00:00\",\"mainEntityOfPage\":{\"@id\":\"https:\\\/\\\/rafaramirez.org\\\/blog\\\/index.php\\\/2025\\\/02\\\/28\\\/dia-de-andalucia\\\/\"},\"wordCount\":1102,\"commentCount\":0,\"publisher\":{\"@id\":\"https:\\\/\\\/rafaramirez.org\\\/blog\\\/#\\\/schema\\\/person\\\/50f43b6d60c578760d4c17bda54ab6a5\"},\"image\":{\"@id\":\"https:\\\/\\\/rafaramirez.org\\\/blog\\\/index.php\\\/2025\\\/02\\\/28\\\/dia-de-andalucia\\\/#primaryimage\"},\"thumbnailUrl\":\"https:\\\/\\\/rafaramirez.org\\\/blog\\\/wp-content\\\/uploads\\\/2025\\\/02\\\/Dia_de_Andalucia_blog_de_Rafael_Ramirez_banner.jpg\",\"keywords\":[\"Blas Infante\",\"blog de Rafael Ram\u00edrez\",\"D\u00eda de Andaluc\u00eda\",\"D\u00eda de Andaluc\u00eda 28 de febrero\",\"efem\u00e9rides\",\"efem\u00e9rides 2025\",\"efem\u00e9rides febrero\"],\"articleSection\":[\"Efem\u00e9rides\"],\"inLanguage\":\"es\",\"potentialAction\":[{\"@type\":\"CommentAction\",\"name\":\"Comment\",\"target\":[\"https:\\\/\\\/rafaramirez.org\\\/blog\\\/index.php\\\/2025\\\/02\\\/28\\\/dia-de-andalucia\\\/#respond\"]}]},{\"@type\":\"WebPage\",\"@id\":\"https:\\\/\\\/rafaramirez.org\\\/blog\\\/index.php\\\/2025\\\/02\\\/28\\\/dia-de-andalucia\\\/\",\"url\":\"https:\\\/\\\/rafaramirez.org\\\/blog\\\/index.php\\\/2025\\\/02\\\/28\\\/dia-de-andalucia\\\/\",\"name\":\"D\u00eda de Andaluc\u00eda (Espa\u00f1a): una ocasi\u00f3n para reflexionar sobre su rica historia y cultura. - Blog de Rafael Ram\u00edrez\",\"isPartOf\":{\"@id\":\"https:\\\/\\\/rafaramirez.org\\\/blog\\\/#website\"},\"primaryImageOfPage\":{\"@id\":\"https:\\\/\\\/rafaramirez.org\\\/blog\\\/index.php\\\/2025\\\/02\\\/28\\\/dia-de-andalucia\\\/#primaryimage\"},\"image\":{\"@id\":\"https:\\\/\\\/rafaramirez.org\\\/blog\\\/index.php\\\/2025\\\/02\\\/28\\\/dia-de-andalucia\\\/#primaryimage\"},\"thumbnailUrl\":\"https:\\\/\\\/rafaramirez.org\\\/blog\\\/wp-content\\\/uploads\\\/2025\\\/02\\\/Dia_de_Andalucia_blog_de_Rafael_Ramirez_banner.jpg\",\"datePublished\":\"2025-02-28T07:15:22+00:00\",\"description\":\"El D\u00eda de Andaluc\u00eda se celebra el 28 de febrero. Esta fecha conmemora el refer\u00e9ndum sobre la iniciativa del proceso auton\u00f3mico de Andaluc\u00eda\",\"breadcrumb\":{\"@id\":\"https:\\\/\\\/rafaramirez.org\\\/blog\\\/index.php\\\/2025\\\/02\\\/28\\\/dia-de-andalucia\\\/#breadcrumb\"},\"inLanguage\":\"es\",\"potentialAction\":[{\"@type\":\"ReadAction\",\"target\":[\"https:\\\/\\\/rafaramirez.org\\\/blog\\\/index.php\\\/2025\\\/02\\\/28\\\/dia-de-andalucia\\\/\"]}]},{\"@type\":\"ImageObject\",\"inLanguage\":\"es\",\"@id\":\"https:\\\/\\\/rafaramirez.org\\\/blog\\\/index.php\\\/2025\\\/02\\\/28\\\/dia-de-andalucia\\\/#primaryimage\",\"url\":\"https:\\\/\\\/rafaramirez.org\\\/blog\\\/wp-content\\\/uploads\\\/2025\\\/02\\\/Dia_de_Andalucia_blog_de_Rafael_Ramirez_banner.jpg\",\"contentUrl\":\"https:\\\/\\\/rafaramirez.org\\\/blog\\\/wp-content\\\/uploads\\\/2025\\\/02\\\/Dia_de_Andalucia_blog_de_Rafael_Ramirez_banner.jpg\",\"width\":720,\"height\":440,\"caption\":\"D\u00eda de Andaluc\u00eda. Blog de Rafael Ram\u00edrez.\"},{\"@type\":\"BreadcrumbList\",\"@id\":\"https:\\\/\\\/rafaramirez.org\\\/blog\\\/index.php\\\/2025\\\/02\\\/28\\\/dia-de-andalucia\\\/#breadcrumb\",\"itemListElement\":[{\"@type\":\"ListItem\",\"position\":1,\"name\":\"Portada\",\"item\":\"https:\\\/\\\/rafaramirez.org\\\/blog\\\/\"},{\"@type\":\"ListItem\",\"position\":2,\"name\":\"D\u00eda de Andaluc\u00eda (Espa\u00f1a): una ocasi\u00f3n para reflexionar sobre su rica historia y cultura.\"}]},{\"@type\":\"WebSite\",\"@id\":\"https:\\\/\\\/rafaramirez.org\\\/blog\\\/#website\",\"url\":\"https:\\\/\\\/rafaramirez.org\\\/blog\\\/\",\"name\":\"Blog de Rafael Ram\u00edrez\",\"description\":\"Un sitio social, de arte y cultura\",\"publisher\":{\"@id\":\"https:\\\/\\\/rafaramirez.org\\\/blog\\\/#\\\/schema\\\/person\\\/50f43b6d60c578760d4c17bda54ab6a5\"},\"potentialAction\":[{\"@type\":\"SearchAction\",\"target\":{\"@type\":\"EntryPoint\",\"urlTemplate\":\"https:\\\/\\\/rafaramirez.org\\\/blog\\\/?s={search_term_string}\"},\"query-input\":{\"@type\":\"PropertyValueSpecification\",\"valueRequired\":true,\"valueName\":\"search_term_string\"}}],\"inLanguage\":\"es\"},{\"@type\":[\"Person\",\"Organization\"],\"@id\":\"https:\\\/\\\/rafaramirez.org\\\/blog\\\/#\\\/schema\\\/person\\\/50f43b6d60c578760d4c17bda54ab6a5\",\"name\":\"Rafael Ram\u00edrez\",\"image\":{\"@type\":\"ImageObject\",\"inLanguage\":\"es\",\"@id\":\"https:\\\/\\\/rafaramirez.org\\\/blog\\\/wp-content\\\/uploads\\\/2024\\\/09\\\/RR_socialnetwork.jpg\",\"url\":\"https:\\\/\\\/rafaramirez.org\\\/blog\\\/wp-content\\\/uploads\\\/2024\\\/09\\\/RR_socialnetwork.jpg\",\"contentUrl\":\"https:\\\/\\\/rafaramirez.org\\\/blog\\\/wp-content\\\/uploads\\\/2024\\\/09\\\/RR_socialnetwork.jpg\",\"width\":600,\"height\":606,\"caption\":\"Rafael Ram\u00edrez\"},\"logo\":{\"@id\":\"https:\\\/\\\/rafaramirez.org\\\/blog\\\/wp-content\\\/uploads\\\/2024\\\/09\\\/RR_socialnetwork.jpg\"},\"sameAs\":[\"https:\\\/\\\/www.rafaramirez.org\\\/blog\",\"https:\\\/\\\/www.instagram.com\\\/rafaramirez_ok\\\/\",\"https:\\\/\\\/es.pinterest.com\\\/Ramirez_Rafa\\\/\",\"https:\\\/\\\/x.com\\\/rafaramirez_ok\"],\"url\":\"https:\\\/\\\/rafaramirez.org\\\/blog\\\/index.php\\\/author\\\/rafaell_qm6j97da\\\/\"}]}<\/script>\n<!-- \/ Yoast SEO plugin. -->","yoast_head_json":{"title":"D\u00eda de Andaluc\u00eda (Espa\u00f1a): una ocasi\u00f3n para reflexionar sobre su rica historia y cultura. - Blog de Rafael Ram\u00edrez","description":"El D\u00eda de Andaluc\u00eda se celebra el 28 de febrero. Esta fecha conmemora el refer\u00e9ndum sobre la iniciativa del proceso auton\u00f3mico de Andaluc\u00eda","robots":{"index":"index","follow":"follow","max-snippet":"max-snippet:-1","max-image-preview":"max-image-preview:large","max-video-preview":"max-video-preview:-1"},"canonical":"https:\/\/rafaramirez.org\/blog\/index.php\/2025\/02\/28\/dia-de-andalucia\/","og_locale":"es_ES","og_type":"article","og_title":"D\u00eda de Andaluc\u00eda (Espa\u00f1a): una ocasi\u00f3n para reflexionar sobre su rica historia y cultura. - Blog de Rafael Ram\u00edrez","og_description":"El D\u00eda de Andaluc\u00eda se celebra el 28 de febrero. Esta fecha conmemora el refer\u00e9ndum sobre la iniciativa del proceso auton\u00f3mico de Andaluc\u00eda","og_url":"https:\/\/rafaramirez.org\/blog\/index.php\/2025\/02\/28\/dia-de-andalucia\/","og_site_name":"Blog de Rafael Ram\u00edrez","article_published_time":"2025-02-28T07:15:22+00:00","og_image":[{"width":720,"height":440,"url":"https:\/\/rafaramirez.org\/blog\/wp-content\/uploads\/2025\/02\/Dia_de_Andalucia_blog_de_Rafael_Ramirez_banner.jpg","type":"image\/jpeg"}],"author":"Rafael Ram\u00edrez","twitter_card":"summary_large_image","twitter_creator":"@rafaramirez_ok","twitter_site":"@rafaramirez_ok","twitter_misc":{"Escrito por":"Rafael Ram\u00edrez","Tiempo de lectura":"6 minutos"},"schema":{"@context":"https:\/\/schema.org","@graph":[{"@type":"Article","@id":"https:\/\/rafaramirez.org\/blog\/index.php\/2025\/02\/28\/dia-de-andalucia\/#article","isPartOf":{"@id":"https:\/\/rafaramirez.org\/blog\/index.php\/2025\/02\/28\/dia-de-andalucia\/"},"author":{"name":"Rafael Ram\u00edrez","@id":"https:\/\/rafaramirez.org\/blog\/#\/schema\/person\/50f43b6d60c578760d4c17bda54ab6a5"},"headline":"D\u00eda de Andaluc\u00eda (Espa\u00f1a): una ocasi\u00f3n para reflexionar sobre su rica historia y cultura.","datePublished":"2025-02-28T07:15:22+00:00","mainEntityOfPage":{"@id":"https:\/\/rafaramirez.org\/blog\/index.php\/2025\/02\/28\/dia-de-andalucia\/"},"wordCount":1102,"commentCount":0,"publisher":{"@id":"https:\/\/rafaramirez.org\/blog\/#\/schema\/person\/50f43b6d60c578760d4c17bda54ab6a5"},"image":{"@id":"https:\/\/rafaramirez.org\/blog\/index.php\/2025\/02\/28\/dia-de-andalucia\/#primaryimage"},"thumbnailUrl":"https:\/\/rafaramirez.org\/blog\/wp-content\/uploads\/2025\/02\/Dia_de_Andalucia_blog_de_Rafael_Ramirez_banner.jpg","keywords":["Blas Infante","blog de Rafael Ram\u00edrez","D\u00eda de Andaluc\u00eda","D\u00eda de Andaluc\u00eda 28 de febrero","efem\u00e9rides","efem\u00e9rides 2025","efem\u00e9rides febrero"],"articleSection":["Efem\u00e9rides"],"inLanguage":"es","potentialAction":[{"@type":"CommentAction","name":"Comment","target":["https:\/\/rafaramirez.org\/blog\/index.php\/2025\/02\/28\/dia-de-andalucia\/#respond"]}]},{"@type":"WebPage","@id":"https:\/\/rafaramirez.org\/blog\/index.php\/2025\/02\/28\/dia-de-andalucia\/","url":"https:\/\/rafaramirez.org\/blog\/index.php\/2025\/02\/28\/dia-de-andalucia\/","name":"D\u00eda de Andaluc\u00eda (Espa\u00f1a): una ocasi\u00f3n para reflexionar sobre su rica historia y cultura. - Blog de Rafael Ram\u00edrez","isPartOf":{"@id":"https:\/\/rafaramirez.org\/blog\/#website"},"primaryImageOfPage":{"@id":"https:\/\/rafaramirez.org\/blog\/index.php\/2025\/02\/28\/dia-de-andalucia\/#primaryimage"},"image":{"@id":"https:\/\/rafaramirez.org\/blog\/index.php\/2025\/02\/28\/dia-de-andalucia\/#primaryimage"},"thumbnailUrl":"https:\/\/rafaramirez.org\/blog\/wp-content\/uploads\/2025\/02\/Dia_de_Andalucia_blog_de_Rafael_Ramirez_banner.jpg","datePublished":"2025-02-28T07:15:22+00:00","description":"El D\u00eda de Andaluc\u00eda se celebra el 28 de febrero. Esta fecha conmemora el refer\u00e9ndum sobre la iniciativa del proceso auton\u00f3mico de Andaluc\u00eda","breadcrumb":{"@id":"https:\/\/rafaramirez.org\/blog\/index.php\/2025\/02\/28\/dia-de-andalucia\/#breadcrumb"},"inLanguage":"es","potentialAction":[{"@type":"ReadAction","target":["https:\/\/rafaramirez.org\/blog\/index.php\/2025\/02\/28\/dia-de-andalucia\/"]}]},{"@type":"ImageObject","inLanguage":"es","@id":"https:\/\/rafaramirez.org\/blog\/index.php\/2025\/02\/28\/dia-de-andalucia\/#primaryimage","url":"https:\/\/rafaramirez.org\/blog\/wp-content\/uploads\/2025\/02\/Dia_de_Andalucia_blog_de_Rafael_Ramirez_banner.jpg","contentUrl":"https:\/\/rafaramirez.org\/blog\/wp-content\/uploads\/2025\/02\/Dia_de_Andalucia_blog_de_Rafael_Ramirez_banner.jpg","width":720,"height":440,"caption":"D\u00eda de Andaluc\u00eda. Blog de Rafael Ram\u00edrez."},{"@type":"BreadcrumbList","@id":"https:\/\/rafaramirez.org\/blog\/index.php\/2025\/02\/28\/dia-de-andalucia\/#breadcrumb","itemListElement":[{"@type":"ListItem","position":1,"name":"Portada","item":"https:\/\/rafaramirez.org\/blog\/"},{"@type":"ListItem","position":2,"name":"D\u00eda de Andaluc\u00eda (Espa\u00f1a): una ocasi\u00f3n para reflexionar sobre su rica historia y cultura."}]},{"@type":"WebSite","@id":"https:\/\/rafaramirez.org\/blog\/#website","url":"https:\/\/rafaramirez.org\/blog\/","name":"Blog de Rafael Ram\u00edrez","description":"Un sitio social, de arte y cultura","publisher":{"@id":"https:\/\/rafaramirez.org\/blog\/#\/schema\/person\/50f43b6d60c578760d4c17bda54ab6a5"},"potentialAction":[{"@type":"SearchAction","target":{"@type":"EntryPoint","urlTemplate":"https:\/\/rafaramirez.org\/blog\/?s={search_term_string}"},"query-input":{"@type":"PropertyValueSpecification","valueRequired":true,"valueName":"search_term_string"}}],"inLanguage":"es"},{"@type":["Person","Organization"],"@id":"https:\/\/rafaramirez.org\/blog\/#\/schema\/person\/50f43b6d60c578760d4c17bda54ab6a5","name":"Rafael Ram\u00edrez","image":{"@type":"ImageObject","inLanguage":"es","@id":"https:\/\/rafaramirez.org\/blog\/wp-content\/uploads\/2024\/09\/RR_socialnetwork.jpg","url":"https:\/\/rafaramirez.org\/blog\/wp-content\/uploads\/2024\/09\/RR_socialnetwork.jpg","contentUrl":"https:\/\/rafaramirez.org\/blog\/wp-content\/uploads\/2024\/09\/RR_socialnetwork.jpg","width":600,"height":606,"caption":"Rafael Ram\u00edrez"},"logo":{"@id":"https:\/\/rafaramirez.org\/blog\/wp-content\/uploads\/2024\/09\/RR_socialnetwork.jpg"},"sameAs":["https:\/\/www.rafaramirez.org\/blog","https:\/\/www.instagram.com\/rafaramirez_ok\/","https:\/\/es.pinterest.com\/Ramirez_Rafa\/","https:\/\/x.com\/rafaramirez_ok"],"url":"https:\/\/rafaramirez.org\/blog\/index.php\/author\/rafaell_qm6j97da\/"}]}},"jetpack_publicize_connections":[],"jetpack_sharing_enabled":true,"jetpack_likes_enabled":true,"jetpack_featured_media_url":"https:\/\/rafaramirez.org\/blog\/wp-content\/uploads\/2025\/02\/Dia_de_Andalucia_blog_de_Rafael_Ramirez_banner.jpg","_links":{"self":[{"href":"https:\/\/rafaramirez.org\/blog\/index.php\/wp-json\/wp\/v2\/posts\/8224","targetHints":{"allow":["GET"]}}],"collection":[{"href":"https:\/\/rafaramirez.org\/blog\/index.php\/wp-json\/wp\/v2\/posts"}],"about":[{"href":"https:\/\/rafaramirez.org\/blog\/index.php\/wp-json\/wp\/v2\/types\/post"}],"author":[{"embeddable":true,"href":"https:\/\/rafaramirez.org\/blog\/index.php\/wp-json\/wp\/v2\/users\/1"}],"replies":[{"embeddable":true,"href":"https:\/\/rafaramirez.org\/blog\/index.php\/wp-json\/wp\/v2\/comments?post=8224"}],"version-history":[{"count":6,"href":"https:\/\/rafaramirez.org\/blog\/index.php\/wp-json\/wp\/v2\/posts\/8224\/revisions"}],"predecessor-version":[{"id":8235,"href":"https:\/\/rafaramirez.org\/blog\/index.php\/wp-json\/wp\/v2\/posts\/8224\/revisions\/8235"}],"wp:featuredmedia":[{"embeddable":true,"href":"https:\/\/rafaramirez.org\/blog\/index.php\/wp-json\/wp\/v2\/media\/8229"}],"wp:attachment":[{"href":"https:\/\/rafaramirez.org\/blog\/index.php\/wp-json\/wp\/v2\/media?parent=8224"}],"wp:term":[{"taxonomy":"category","embeddable":true,"href":"https:\/\/rafaramirez.org\/blog\/index.php\/wp-json\/wp\/v2\/categories?post=8224"},{"taxonomy":"post_tag","embeddable":true,"href":"https:\/\/rafaramirez.org\/blog\/index.php\/wp-json\/wp\/v2\/tags?post=8224"}],"curies":[{"name":"wp","href":"https:\/\/api.w.org\/{rel}","templated":true}]}}