{"id":8209,"date":"2025-02-27T08:15:07","date_gmt":"2025-02-27T07:15:07","guid":{"rendered":"https:\/\/rafaramirez.org\/blog\/?p=8209"},"modified":"2025-02-27T08:26:25","modified_gmt":"2025-02-27T07:26:25","slug":"carnaval-2025","status":"publish","type":"post","link":"https:\/\/rafaramirez.org\/blog\/index.php\/2025\/02\/27\/carnaval-2025\/","title":{"rendered":"Carnaval 2025, una de las festividades m\u00e1s coloridas y esperadas del a\u00f1o."},"content":{"rendered":"<p>El Carnaval de 2025 comienza el jueves 27 de febrero y finaliza el mi\u00e9rcoles 5 de marzo. Este per\u00edodo festivo, que precede a la Cuaresma, est\u00e1 lleno de color, m\u00fasica, disfraces y desfiles en muchas ciudades de todo el mundo.<\/p>\n<p>En Espa\u00f1a, algunas de las celebraciones m\u00e1s destacadas tendr\u00e1n lugar en C\u00e1diz, Santa Cruz de Tenerife y Las Palmas de Gran Canaria. Cada ciudad tiene sus propias tradiciones y eventos especiales que hacen de esta fiesta una experiencia \u00fanica.<\/p>\n<figure id=\"attachment_8220\" aria-describedby=\"caption-attachment-8220\" style=\"width: 300px\" class=\"wp-caption aligncenter\"><a href=\"https:\/\/rafaramirez.org\/blog\/wp-content\/uploads\/2025\/02\/carnival-8137907.jpg\" target=\"_blank\" rel=\"noopener\"><img loading=\"lazy\" decoding=\"async\" class=\"wp-image-8220 size-medium\" src=\"https:\/\/rafaramirez.org\/blog\/wp-content\/uploads\/2025\/02\/carnival-8137907-300x300.jpg\" alt=\"Carnaval 2025 (27\/02 - 05\/03). Blog de Rafael Ram\u00edrez.\" width=\"300\" height=\"300\" srcset=\"https:\/\/rafaramirez.org\/blog\/wp-content\/uploads\/2025\/02\/carnival-8137907-300x300.jpg 300w, https:\/\/rafaramirez.org\/blog\/wp-content\/uploads\/2025\/02\/carnival-8137907-150x150.jpg 150w, https:\/\/rafaramirez.org\/blog\/wp-content\/uploads\/2025\/02\/carnival-8137907-768x768.jpg 768w, https:\/\/rafaramirez.org\/blog\/wp-content\/uploads\/2025\/02\/carnival-8137907.jpg 1000w\" sizes=\"auto, (max-width: 300px) 100vw, 300px\" \/><\/a><figcaption id=\"caption-attachment-8220\" class=\"wp-caption-text\">Carnaval 2025 (27\/02 &#8211; 05\/03). Blog de Rafael Ram\u00edrez.<\/figcaption><\/figure>\n<h3>Historia del Carnaval en Espa\u00f1a.<\/h3>\n<p>El Carnaval espa\u00f1ol tiene una larga y rica historia que se remonta a la Edad Media. A continuaci\u00f3n, te dejo un resumen de su evoluci\u00f3n:<\/p>\n<h4>Or\u00edgenes antiguos<\/h4>\n<ul>\n<li>Antigua Grecia y Roma: las primeras celebraciones similares al carnaval se celebraban en honor a los dioses Baco y Saturno, y inclu\u00edan m\u00fasica, baile y disfraces.<\/li>\n<li>Edad Media: el t\u00e9rmino \u00abCarnaval\u00bb proviene del lat\u00edn \u00ab<strong><em>carnem levare\u00bb<\/em><\/strong>, que significa <strong>\u00abquitar la carne\u00bb<\/strong>. Estas celebraciones se realizaban justo antes del per\u00edodo de Cuaresma, un tiempo de ayuno y penitencia en la Iglesia cat\u00f3lica.<\/li>\n<\/ul>\n<h4>Evoluci\u00f3n y tradiciones<\/h4>\n<ul>\n<li>Disfraces y m\u00e1scaras: desde la Edad Media, las personas se disfrazaban para ocultar su identidad y participar en desfiles y fiestas sin ser reconocidas.<\/li>\n<li>Desfiles y comparsas: con el paso del tiempo, los desfiles y las comparsas se convirtieron en una parte fundamental del Carnaval, con grupos que cantaban coplas y representaban escenas c\u00f3micas.<\/li>\n<li>Fiestas y bailes: las celebraciones inclu\u00edan comilonas, bailes y hogueras, y culminaban con la quema de una marioneta que simbolizaba el final del a\u00f1o y el comienzo de otro.<\/li>\n<\/ul>\n<h4>Carnaval moderno<\/h4>\n<p>Hoy en d\u00eda, el Carnaval en Espa\u00f1a sigue siendo una celebraci\u00f3n vibrante y colorida, con desfiles, disfraces y m\u00fasica en muchas ciudades. Algunos de los carnavales m\u00e1s famosos, como los de C\u00e1diz y Santa Cruz de Tenerife, han sido reconocidos como Fiestas de Inter\u00e9s Tur\u00edstico Internacional.<\/p>\n<figure id=\"attachment_8219\" aria-describedby=\"caption-attachment-8219\" style=\"width: 200px\" class=\"wp-caption aligncenter\"><a href=\"https:\/\/rafaramirez.org\/blog\/wp-content\/uploads\/2025\/02\/ai-generated-8151800.jpg\" target=\"_blank\" rel=\"noopener\"><img loading=\"lazy\" decoding=\"async\" class=\"wp-image-8219 size-medium\" src=\"https:\/\/rafaramirez.org\/blog\/wp-content\/uploads\/2025\/02\/ai-generated-8151800-200x300.jpg\" alt=\"Carnaval 2025 (27\/02 - 05\/03). Blog de Rafael Ram\u00edrez.\" width=\"200\" height=\"300\" srcset=\"https:\/\/rafaramirez.org\/blog\/wp-content\/uploads\/2025\/02\/ai-generated-8151800-200x300.jpg 200w, https:\/\/rafaramirez.org\/blog\/wp-content\/uploads\/2025\/02\/ai-generated-8151800.jpg 667w\" sizes=\"auto, (max-width: 200px) 100vw, 200px\" \/><\/a><figcaption id=\"caption-attachment-8219\" class=\"wp-caption-text\">Carnaval 2025 (27\/02 &#8211; 05\/03). Blog de Rafael Ram\u00edrez.<\/figcaption><\/figure>\n<h3>Celebraci\u00f3n del Carnaval en Espa\u00f1a.<\/h3>\n<p>El Carnaval espa\u00f1ol es una de las festividades m\u00e1s coloridas y esperadas del a\u00f1o. Cada regi\u00f3n y ciudad tiene sus propias tradiciones y formas de celebrarlo, lo que lo convierte en una fiesta diversa y llena de encanto.<\/p>\n<h4>Los principales carnavales de Espa\u00f1a<\/h4>\n<ul>\n<li><strong>Carnaval de C\u00e1diz<\/strong>:\n<ul>\n<li>Es conocido por sus <strong>chirigotas<\/strong> (grupos de canto sat\u00edrico) <strong>y comparsas,<\/strong> que compiten en el <strong>Gran Teatro Falla<\/strong>.<\/li>\n<li>Se celebra en un ambiente festivo con desfiles, m\u00fasica y humor.<\/li>\n<li>Fechas: del 27 de febrero al 5 de marzo de 2025.<\/li>\n<\/ul>\n<\/li>\n<li><strong>Carnaval de Santa Cruz de Tenerife<\/strong>:\n<ul>\n<li>Es uno de los carnavales m\u00e1s famosos del mundo, similar al de R\u00edo de Janeiro.<\/li>\n<li>Incluye espectaculares desfiles, concursos de disfraces y la elecci\u00f3n de la reina del carnaval.<\/li>\n<li>Fechas: Del 24 de enero al 18 de febrero de 2025.\n<figure id=\"attachment_8218\" aria-describedby=\"caption-attachment-8218\" style=\"width: 300px\" class=\"wp-caption aligncenter\"><a href=\"https:\/\/rafaramirez.org\/blog\/wp-content\/uploads\/2025\/02\/carnival-476816.jpg\" target=\"_blank\" rel=\"noopener\"><img loading=\"lazy\" decoding=\"async\" class=\"wp-image-8218 size-medium\" src=\"https:\/\/rafaramirez.org\/blog\/wp-content\/uploads\/2025\/02\/carnival-476816-300x200.jpg\" alt=\"Carnaval 2025. Tenerife (Espa\u00f1a). Blog de Rafael Ram\u00edrez.\" width=\"300\" height=\"200\" srcset=\"https:\/\/rafaramirez.org\/blog\/wp-content\/uploads\/2025\/02\/carnival-476816-300x200.jpg 300w, https:\/\/rafaramirez.org\/blog\/wp-content\/uploads\/2025\/02\/carnival-476816-768x512.jpg 768w, https:\/\/rafaramirez.org\/blog\/wp-content\/uploads\/2025\/02\/carnival-476816.jpg 1000w\" sizes=\"auto, (max-width: 300px) 100vw, 300px\" \/><\/a><figcaption id=\"caption-attachment-8218\" class=\"wp-caption-text\">Carnaval 2025. Tenerife (Espa\u00f1a). Blog de Rafael Ram\u00edrez.<\/figcaption><\/figure>\n<\/li>\n<\/ul>\n<\/li>\n<li><strong>Carnaval de Las Palmas de Gran Canaria<\/strong>:\n<ul>\n<li>Es conocido por su Gala Drag Queen, un evento emblem\u00e1tico y muy popular.<\/li>\n<li>Desfiles, conciertos y actividades para todas las edades.<\/li>\n<li>Fechas: del 31 de enero al 25 de febrero de 2025.<\/li>\n<\/ul>\n<\/li>\n<li>El <strong>Carnaval de M\u00e1laga<\/strong> es una de las fiestas m\u00e1s coloridas y vibrantes del pa\u00eds. Se celebra cada a\u00f1o en febrero y dura aproximadamente dos semanas. Durante este tiempo, las calles se llenan de m\u00fasica, bailes, disfraces y multitud de actividades para todas las edades. Entre los eventos m\u00e1s destacados se encuentran:\n<ul>\n<li>El <strong>Concurso Oficial de Agrupaciones de Canto<\/strong> es una competici\u00f3n en la que las agrupaciones carnavaleras compiten en diferentes categor\u00edas, y la gran final se celebra en el Teatro Cervantes.<\/li>\n<li><strong>Carnaval en la calle<\/strong>: Desde el s\u00e1bado, las agrupaciones realizan actuaciones en varios escenarios al aire libre, como la Plaza de la Constituci\u00f3n y la calle Larios.<\/li>\n<li><strong>Fiesta Gastron\u00f3mica<\/strong>: se celebra en diferentes puntos de la ciudad, donde se pueden degustar platos t\u00edpicos y disfrutar de actuaciones.<\/li>\n<li>El <strong>preg\u00f3n del Carnaval<\/strong> es un evento tradicional que da inicio oficialmente a esta celebraci\u00f3n, y en \u00e9l se realiza un discurso y se elige al <strong>Dios Momo<\/strong> y a la <strong>Diosa del Carnaval<\/strong>.<\/li>\n<li>El <strong>Entierro del Boquer\u00f3n<\/strong> es el \u00faltimo d\u00eda del Carnaval de M\u00e1laga. Hay una gran boqueron\u00e1 en la plaza de la Constituci\u00f3n y se celebra el Entierro del Boquer\u00f3n, un desfile que saldr\u00e1 de la calle Larios y concluir\u00e1 en la playa de La Malagueta, donde se quemar\u00e1 una figura de boquer\u00f3n.<\/li>\n<li>Fechas: del 22 de febrero al 2 de marzo de 2025.<\/li>\n<\/ul>\n<p>El Carnaval de M\u00e1laga es una oportunidad para que vecinos y visitantes disfruten de una celebraci\u00f3n llena de alegr\u00eda y tradici\u00f3n.<\/li>\n<\/ul>\n<h4>Otras Celebraciones Destacadas<\/h4>\n<ul>\n<li><strong>Carnaval de Sitges<\/strong>: Conocido por sus desfiles y fiestas nocturnas.<\/li>\n<li><strong>Carnaval de \u00c1guilas (Murcia)<\/strong>: Declarado de Inter\u00e9s Tur\u00edstico Internacional, destaca por sus desfiles y la fiesta de la suelta de la Mussona.<\/li>\n<li><strong>Carnaval de Badajoz<\/strong>: Conocido por su multitudinaria participaci\u00f3n y la alegr\u00eda de sus comparsas.<\/li>\n<\/ul>\n<p>Cada Carnaval tiene su propia esencia y encanto, ofreciendo una experiencia \u00fanica.<\/p>\n<h3>El Carnaval en otros lugares del mundo.<\/h3>\n<p>El Carnaval se celebra en muchos lugares del mundo y cada uno de ellos tiene su propio estilo y sus tradiciones \u00fanicas. A continuaci\u00f3n te presento algunos de los m\u00e1s destacados:<\/p>\n<ul>\n<li><strong>Carnaval de R\u00edo de Janeiro, Brasil<\/strong><\/li>\n<\/ul>\n<p>Considerado el m\u00e1s famoso del mundo, el Carnaval de R\u00edo de Janeiro es conocido por sus desfiles de samba en el Samb\u00f3dromo, donde las escuelas de samba compiten con desfiles llenos de color y m\u00fasica. La ciudad se convierte en un caos de fiestas callejeras durante varios d\u00edas.<\/p>\n<ul>\n<li><strong>Carnaval de Venecia, Italia<\/strong><\/li>\n<\/ul>\n<p>Uno de los carnavales m\u00e1s antiguos es el Carnaval de Venecia, que se celebra desde el siglo XII. Es famoso por sus elaboradas m\u00e1scaras y trajes hist\u00f3ricos. Las calles de Venecia se llenan de personas disfrazadas y hay numerosos eventos y desfiles a lo largo de los d\u00edas.<\/p>\n<figure id=\"attachment_8217\" aria-describedby=\"caption-attachment-8217\" style=\"width: 300px\" class=\"wp-caption aligncenter\"><a href=\"https:\/\/rafaramirez.org\/blog\/wp-content\/uploads\/2025\/02\/masks-1879572.jpg\" target=\"_blank\" rel=\"noopener\"><img loading=\"lazy\" decoding=\"async\" class=\"wp-image-8217 size-medium\" src=\"https:\/\/rafaramirez.org\/blog\/wp-content\/uploads\/2025\/02\/masks-1879572-300x225.jpg\" alt=\"Carnaval. Venecia. Blog de Rafael Ram\u00edrez.\" width=\"300\" height=\"225\" srcset=\"https:\/\/rafaramirez.org\/blog\/wp-content\/uploads\/2025\/02\/masks-1879572-300x225.jpg 300w, https:\/\/rafaramirez.org\/blog\/wp-content\/uploads\/2025\/02\/masks-1879572-768x576.jpg 768w, https:\/\/rafaramirez.org\/blog\/wp-content\/uploads\/2025\/02\/masks-1879572.jpg 1000w\" sizes=\"auto, (max-width: 300px) 100vw, 300px\" \/><\/a><figcaption id=\"caption-attachment-8217\" class=\"wp-caption-text\">Carnaval 2025. Venecia. Blog de Rafael Ram\u00edrez.<\/figcaption><\/figure>\n<ul>\n<li><strong>Mardi Gras en Nueva Orleans, EE.UU.<\/strong><\/li>\n<\/ul>\n<p>El Mardi Gras o Martes de Carnaval es una celebraci\u00f3n vibrante en Nueva Orleans. Las calles se llenan de desfiles de carrozas decoradas, m\u00fasica en vivo y personas disfrazadas de todo tipo. Los participantes lanzan \u00abgrisgris\u00bb (bolas de colores) a los espectadores desde las carrozas.<\/p>\n<figure id=\"attachment_8221\" aria-describedby=\"caption-attachment-8221\" style=\"width: 300px\" class=\"wp-caption aligncenter\"><a href=\"https:\/\/rafaramirez.org\/blog\/wp-content\/uploads\/2025\/02\/mardi-285793.jpg\" target=\"_blank\" rel=\"noopener\"><img loading=\"lazy\" decoding=\"async\" class=\"wp-image-8221 size-medium\" src=\"https:\/\/rafaramirez.org\/blog\/wp-content\/uploads\/2025\/02\/mardi-285793-300x225.jpg\" alt=\"Carnaval. Mardi Gras. Blog de Rafael Ram\u00edrez.\" width=\"300\" height=\"225\" srcset=\"https:\/\/rafaramirez.org\/blog\/wp-content\/uploads\/2025\/02\/mardi-285793-300x225.jpg 300w, https:\/\/rafaramirez.org\/blog\/wp-content\/uploads\/2025\/02\/mardi-285793-768x576.jpg 768w, https:\/\/rafaramirez.org\/blog\/wp-content\/uploads\/2025\/02\/mardi-285793.jpg 1000w\" sizes=\"auto, (max-width: 300px) 100vw, 300px\" \/><\/a><figcaption id=\"caption-attachment-8221\" class=\"wp-caption-text\">Carnaval 2025. Mardi Gras. Blog de Rafael Ram\u00edrez.<\/figcaption><\/figure>\n<ul>\n<li><strong>Carnaval de Binche, B\u00e9lgica<\/strong><\/li>\n<\/ul>\n<p>Este carnaval es famoso por sus \u00abGilles\u00bb, personas disfrazadas con m\u00e1scaras de madera y trajes tradicionales. Los Gilles bailan y realizan rituales durante el carnaval, que se celebra en la peque\u00f1a ciudad de Binche.<\/p>\n<ul>\n<li><strong>Carnaval de Oruro, Bolivia<\/strong><\/li>\n<\/ul>\n<p>El Carnaval de Oruro es una celebraci\u00f3n religiosa y cultural que dura varios d\u00edas. Es famoso por sus danzas tradicionales y desfiles que representan la lucha entre el bien y el mal. La festividad culmina con una procesi\u00f3n hacia la iglesia de San Francisco.<\/p>\n<ul>\n<li><strong>Carnaval de Barranquilla, Colombia<\/strong><\/li>\n<\/ul>\n<p>El Carnaval de Barranquilla es una mezcla de tradiciones ind\u00edgenas, africanas y espa\u00f1olas. Incluye desfiles de carrozas, danzas tradicionales y m\u00fasica en directo. Se trata de una celebraci\u00f3n vibrante que atrae a miles de visitantes cada a\u00f1o.<\/p>\n<p>Cada uno de estos carnavales ofrece una experiencia \u00fanica y llena de alegr\u00eda.<\/p>\n<p>M\u00e1s informaci\u00f3n:<\/p>\n<ul>\n<li><a href=\"https:\/\/www.elmundo.es\/como\/2025\/02\/06\/67a46cd9e4d4d8fe7b8b458c.html\" target=\"_blank\" rel=\"noopener\">Diario El Mundo<\/a>.<\/li>\n<li><a href=\"https:\/\/educayaprende.com\/historia-del-carnaval\/\" target=\"_blank\" rel=\"noopener\">Educa y aprende<\/a>.<\/li>\n<li><a href=\"https:\/\/es.wikipedia.org\/wiki\/Carnaval_en_Espa%C3%B1a\" target=\"_blank\" rel=\"noopener\">Wikipedia<\/a>.<\/li>\n<li><a href=\"https:\/\/www.laopiniondemalaga.es\/carnaval-malaga\/2025\/02\/18\/carnaval-malaga-2025-horarios-gastronomia-concursos-114424502.html\" target=\"_blank\" rel=\"noopener\">Diario La Opini\u00f3n de M\u00e1laga<\/a>.<\/li>\n<li><a href=\"https:\/\/www.lonelyplanet.com\/articles\/best-carnival-celebrations-in-the-world\" target=\"_blank\" rel=\"noopener\">Lonely Planet<\/a>.<\/li>\n<li><a href=\"https:\/\/rafaramirez.org\/blog\/index.php\/category\/arte\/efemerides\/\" target=\"_blank\" rel=\"noopener\">Otras efem\u00e9rides<\/a>.<\/li>\n<\/ul>\n","protected":false},"excerpt":{"rendered":"<p>El Carnaval de 2025 comienza el jueves 27 de febrero y finaliza el mi\u00e9rcoles 5 de marzo. Este per\u00edodo festivo, que precede a la Cuaresma, est\u00e1 lleno de color, m\u00fasica, disfraces y desfiles en muchas ciudades de todo el mundo. En Espa\u00f1a, algunas de las celebraciones m\u00e1s destacadas tendr\u00e1n lugar en C\u00e1diz, Santa Cruz de [&hellip;]<\/p>\n","protected":false},"author":1,"featured_media":8216,"comment_status":"open","ping_status":"closed","sticky":false,"template":"","format":"standard","meta":{"site-container-style":"default","site-container-layout":"default","site-sidebar-layout":"default","disable-article-header":"default","disable-site-header":"default","disable-site-footer":"default","disable-content-area-spacing":"default","_jetpack_newsletter_access":"","_jetpack_dont_email_post_to_subs":false,"_jetpack_newsletter_tier_id":0,"_jetpack_memberships_contains_paywalled_content":false,"_jetpack_feature_clip_id":0,"_jetpack_memberships_contains_paid_content":false,"footnotes":"","jetpack_publicize_message":"","jetpack_publicize_feature_enabled":true,"jetpack_social_post_already_shared":true,"jetpack_social_options":{"image_generator_settings":{"template":"highway","default_image_id":0,"font":"","enabled":false},"version":2},"jetpack_post_was_ever_published":false},"categories":[1291],"tags":[4068,68,4065,4071,4070,1323,4067,4066,4069],"class_list":["post-8209","post","type-post","status-publish","format-standard","has-post-thumbnail","hentry","category-efemerides","tag-actividades-del-carnaval-2025","tag-blog-de-rafael-ramirez","tag-carnaval-2025","tag-carnaval-en-malaga","tag-celebracion-del-carnaval-en-espana","tag-efemerides","tag-efemerides-2025","tag-efemerides-de-febrero","tag-historia-del-carnaval"],"yoast_head":"<!-- This site is optimized with the Yoast SEO plugin v28.4 - https:\/\/yoast.com\/product\/yoast-seo-wordpress\/ -->\n<title>Carnaval 2025, una de las festividades m\u00e1s coloridas y esperadas del a\u00f1o. - Blog de Rafael Ram\u00edrez<\/title>\n<meta name=\"description\" content=\"El Carnaval 2025 comienza el jueves 27 de febrero y finaliza el mi\u00e9rcoles 5 de marzo. Este per\u00edodo festivo est\u00e1 lleno de color, m\u00fasica...\" \/>\n<meta name=\"robots\" content=\"index, follow, max-snippet:-1, max-image-preview:large, max-video-preview:-1\" \/>\n<link rel=\"canonical\" href=\"https:\/\/rafaramirez.org\/blog\/index.php\/2025\/02\/27\/carnaval-2025\/\" \/>\n<meta property=\"og:locale\" content=\"es_ES\" \/>\n<meta property=\"og:type\" content=\"article\" \/>\n<meta property=\"og:title\" content=\"Carnaval 2025, una de las festividades m\u00e1s coloridas y esperadas del a\u00f1o. - Blog de Rafael Ram\u00edrez\" \/>\n<meta property=\"og:description\" content=\"El Carnaval 2025 comienza el jueves 27 de febrero y finaliza el mi\u00e9rcoles 5 de marzo. Este per\u00edodo festivo est\u00e1 lleno de color, m\u00fasica...\" \/>\n<meta property=\"og:url\" content=\"https:\/\/rafaramirez.org\/blog\/index.php\/2025\/02\/27\/carnaval-2025\/\" \/>\n<meta property=\"og:site_name\" content=\"Blog de Rafael Ram\u00edrez\" \/>\n<meta property=\"article:published_time\" content=\"2025-02-27T07:15:07+00:00\" \/>\n<meta property=\"article:modified_time\" content=\"2025-02-27T07:26:25+00:00\" \/>\n<meta property=\"og:image\" content=\"https:\/\/rafaramirez.org\/blog\/wp-content\/uploads\/2025\/02\/Carnaval2025_blog_de_rafael_ramirez_banner.jpg\" \/>\n\t<meta property=\"og:image:width\" content=\"720\" \/>\n\t<meta property=\"og:image:height\" content=\"440\" \/>\n\t<meta property=\"og:image:type\" content=\"image\/jpeg\" \/>\n<meta name=\"author\" content=\"Rafael Ram\u00edrez\" \/>\n<meta name=\"twitter:card\" content=\"summary_large_image\" \/>\n<meta name=\"twitter:creator\" content=\"@rafaramirez_ok\" \/>\n<meta name=\"twitter:site\" content=\"@rafaramirez_ok\" \/>\n<meta name=\"twitter:label1\" content=\"Escrito por\" \/>\n\t<meta name=\"twitter:data1\" content=\"Rafael Ram\u00edrez\" \/>\n\t<meta name=\"twitter:label2\" content=\"Tiempo de lectura\" \/>\n\t<meta name=\"twitter:data2\" content=\"7 minutos\" \/>\n<script type=\"application\/ld+json\" class=\"yoast-schema-graph\">{\"@context\":\"https:\\\/\\\/schema.org\",\"@graph\":[{\"@type\":\"Article\",\"@id\":\"https:\\\/\\\/rafaramirez.org\\\/blog\\\/index.php\\\/2025\\\/02\\\/27\\\/carnaval-2025\\\/#article\",\"isPartOf\":{\"@id\":\"https:\\\/\\\/rafaramirez.org\\\/blog\\\/index.php\\\/2025\\\/02\\\/27\\\/carnaval-2025\\\/\"},\"author\":{\"name\":\"Rafael Ram\u00edrez\",\"@id\":\"https:\\\/\\\/rafaramirez.org\\\/blog\\\/#\\\/schema\\\/person\\\/50f43b6d60c578760d4c17bda54ab6a5\"},\"headline\":\"Carnaval 2025, una de las festividades m\u00e1s coloridas y esperadas del a\u00f1o.\",\"datePublished\":\"2025-02-27T07:15:07+00:00\",\"dateModified\":\"2025-02-27T07:26:25+00:00\",\"mainEntityOfPage\":{\"@id\":\"https:\\\/\\\/rafaramirez.org\\\/blog\\\/index.php\\\/2025\\\/02\\\/27\\\/carnaval-2025\\\/\"},\"wordCount\":1319,\"commentCount\":0,\"publisher\":{\"@id\":\"https:\\\/\\\/rafaramirez.org\\\/blog\\\/#\\\/schema\\\/person\\\/50f43b6d60c578760d4c17bda54ab6a5\"},\"image\":{\"@id\":\"https:\\\/\\\/rafaramirez.org\\\/blog\\\/index.php\\\/2025\\\/02\\\/27\\\/carnaval-2025\\\/#primaryimage\"},\"thumbnailUrl\":\"https:\\\/\\\/rafaramirez.org\\\/blog\\\/wp-content\\\/uploads\\\/2025\\\/02\\\/Carnaval2025_blog_de_rafael_ramirez_banner.jpg\",\"keywords\":[\"actividades del Carnaval 2025\",\"blog de Rafael Ram\u00edrez\",\"Carnaval 2025\",\"carnaval en M\u00e1laga\",\"celebraci\u00f3n del carnaval en Espa\u00f1a\",\"efem\u00e9rides\",\"efem\u00e9rides 2025\",\"efem\u00e9rides de febrero\",\"historia del carnaval\"],\"articleSection\":[\"Efem\u00e9rides\"],\"inLanguage\":\"es\",\"potentialAction\":[{\"@type\":\"CommentAction\",\"name\":\"Comment\",\"target\":[\"https:\\\/\\\/rafaramirez.org\\\/blog\\\/index.php\\\/2025\\\/02\\\/27\\\/carnaval-2025\\\/#respond\"]}]},{\"@type\":\"WebPage\",\"@id\":\"https:\\\/\\\/rafaramirez.org\\\/blog\\\/index.php\\\/2025\\\/02\\\/27\\\/carnaval-2025\\\/\",\"url\":\"https:\\\/\\\/rafaramirez.org\\\/blog\\\/index.php\\\/2025\\\/02\\\/27\\\/carnaval-2025\\\/\",\"name\":\"Carnaval 2025, una de las festividades m\u00e1s coloridas y esperadas del a\u00f1o. - Blog de Rafael Ram\u00edrez\",\"isPartOf\":{\"@id\":\"https:\\\/\\\/rafaramirez.org\\\/blog\\\/#website\"},\"primaryImageOfPage\":{\"@id\":\"https:\\\/\\\/rafaramirez.org\\\/blog\\\/index.php\\\/2025\\\/02\\\/27\\\/carnaval-2025\\\/#primaryimage\"},\"image\":{\"@id\":\"https:\\\/\\\/rafaramirez.org\\\/blog\\\/index.php\\\/2025\\\/02\\\/27\\\/carnaval-2025\\\/#primaryimage\"},\"thumbnailUrl\":\"https:\\\/\\\/rafaramirez.org\\\/blog\\\/wp-content\\\/uploads\\\/2025\\\/02\\\/Carnaval2025_blog_de_rafael_ramirez_banner.jpg\",\"datePublished\":\"2025-02-27T07:15:07+00:00\",\"dateModified\":\"2025-02-27T07:26:25+00:00\",\"description\":\"El Carnaval 2025 comienza el jueves 27 de febrero y finaliza el mi\u00e9rcoles 5 de marzo. Este per\u00edodo festivo est\u00e1 lleno de color, m\u00fasica...\",\"breadcrumb\":{\"@id\":\"https:\\\/\\\/rafaramirez.org\\\/blog\\\/index.php\\\/2025\\\/02\\\/27\\\/carnaval-2025\\\/#breadcrumb\"},\"inLanguage\":\"es\",\"potentialAction\":[{\"@type\":\"ReadAction\",\"target\":[\"https:\\\/\\\/rafaramirez.org\\\/blog\\\/index.php\\\/2025\\\/02\\\/27\\\/carnaval-2025\\\/\"]}]},{\"@type\":\"ImageObject\",\"inLanguage\":\"es\",\"@id\":\"https:\\\/\\\/rafaramirez.org\\\/blog\\\/index.php\\\/2025\\\/02\\\/27\\\/carnaval-2025\\\/#primaryimage\",\"url\":\"https:\\\/\\\/rafaramirez.org\\\/blog\\\/wp-content\\\/uploads\\\/2025\\\/02\\\/Carnaval2025_blog_de_rafael_ramirez_banner.jpg\",\"contentUrl\":\"https:\\\/\\\/rafaramirez.org\\\/blog\\\/wp-content\\\/uploads\\\/2025\\\/02\\\/Carnaval2025_blog_de_rafael_ramirez_banner.jpg\",\"width\":720,\"height\":440,\"caption\":\"Carnaval 2025. Efem\u00e9rides. Blog de Rafael Ram\u00edrez.\"},{\"@type\":\"BreadcrumbList\",\"@id\":\"https:\\\/\\\/rafaramirez.org\\\/blog\\\/index.php\\\/2025\\\/02\\\/27\\\/carnaval-2025\\\/#breadcrumb\",\"itemListElement\":[{\"@type\":\"ListItem\",\"position\":1,\"name\":\"Portada\",\"item\":\"https:\\\/\\\/rafaramirez.org\\\/blog\\\/\"},{\"@type\":\"ListItem\",\"position\":2,\"name\":\"Carnaval 2025, una de las festividades m\u00e1s coloridas y esperadas del a\u00f1o.\"}]},{\"@type\":\"WebSite\",\"@id\":\"https:\\\/\\\/rafaramirez.org\\\/blog\\\/#website\",\"url\":\"https:\\\/\\\/rafaramirez.org\\\/blog\\\/\",\"name\":\"Blog de Rafael Ram\u00edrez\",\"description\":\"Un sitio social, de arte y cultura\",\"publisher\":{\"@id\":\"https:\\\/\\\/rafaramirez.org\\\/blog\\\/#\\\/schema\\\/person\\\/50f43b6d60c578760d4c17bda54ab6a5\"},\"potentialAction\":[{\"@type\":\"SearchAction\",\"target\":{\"@type\":\"EntryPoint\",\"urlTemplate\":\"https:\\\/\\\/rafaramirez.org\\\/blog\\\/?s={search_term_string}\"},\"query-input\":{\"@type\":\"PropertyValueSpecification\",\"valueRequired\":true,\"valueName\":\"search_term_string\"}}],\"inLanguage\":\"es\"},{\"@type\":[\"Person\",\"Organization\"],\"@id\":\"https:\\\/\\\/rafaramirez.org\\\/blog\\\/#\\\/schema\\\/person\\\/50f43b6d60c578760d4c17bda54ab6a5\",\"name\":\"Rafael Ram\u00edrez\",\"image\":{\"@type\":\"ImageObject\",\"inLanguage\":\"es\",\"@id\":\"https:\\\/\\\/rafaramirez.org\\\/blog\\\/wp-content\\\/uploads\\\/2024\\\/09\\\/RR_socialnetwork.jpg\",\"url\":\"https:\\\/\\\/rafaramirez.org\\\/blog\\\/wp-content\\\/uploads\\\/2024\\\/09\\\/RR_socialnetwork.jpg\",\"contentUrl\":\"https:\\\/\\\/rafaramirez.org\\\/blog\\\/wp-content\\\/uploads\\\/2024\\\/09\\\/RR_socialnetwork.jpg\",\"width\":600,\"height\":606,\"caption\":\"Rafael Ram\u00edrez\"},\"logo\":{\"@id\":\"https:\\\/\\\/rafaramirez.org\\\/blog\\\/wp-content\\\/uploads\\\/2024\\\/09\\\/RR_socialnetwork.jpg\"},\"sameAs\":[\"https:\\\/\\\/www.rafaramirez.org\\\/blog\",\"https:\\\/\\\/www.instagram.com\\\/rafaramirez_ok\\\/\",\"https:\\\/\\\/es.pinterest.com\\\/Ramirez_Rafa\\\/\",\"https:\\\/\\\/x.com\\\/rafaramirez_ok\"],\"url\":\"https:\\\/\\\/rafaramirez.org\\\/blog\\\/index.php\\\/author\\\/rafaell_qm6j97da\\\/\"}]}<\/script>\n<!-- \/ Yoast SEO plugin. -->","yoast_head_json":{"title":"Carnaval 2025, una de las festividades m\u00e1s coloridas y esperadas del a\u00f1o. - Blog de Rafael Ram\u00edrez","description":"El Carnaval 2025 comienza el jueves 27 de febrero y finaliza el mi\u00e9rcoles 5 de marzo. Este per\u00edodo festivo est\u00e1 lleno de color, m\u00fasica...","robots":{"index":"index","follow":"follow","max-snippet":"max-snippet:-1","max-image-preview":"max-image-preview:large","max-video-preview":"max-video-preview:-1"},"canonical":"https:\/\/rafaramirez.org\/blog\/index.php\/2025\/02\/27\/carnaval-2025\/","og_locale":"es_ES","og_type":"article","og_title":"Carnaval 2025, una de las festividades m\u00e1s coloridas y esperadas del a\u00f1o. - Blog de Rafael Ram\u00edrez","og_description":"El Carnaval 2025 comienza el jueves 27 de febrero y finaliza el mi\u00e9rcoles 5 de marzo. Este per\u00edodo festivo est\u00e1 lleno de color, m\u00fasica...","og_url":"https:\/\/rafaramirez.org\/blog\/index.php\/2025\/02\/27\/carnaval-2025\/","og_site_name":"Blog de Rafael Ram\u00edrez","article_published_time":"2025-02-27T07:15:07+00:00","article_modified_time":"2025-02-27T07:26:25+00:00","og_image":[{"width":720,"height":440,"url":"https:\/\/rafaramirez.org\/blog\/wp-content\/uploads\/2025\/02\/Carnaval2025_blog_de_rafael_ramirez_banner.jpg","type":"image\/jpeg"}],"author":"Rafael Ram\u00edrez","twitter_card":"summary_large_image","twitter_creator":"@rafaramirez_ok","twitter_site":"@rafaramirez_ok","twitter_misc":{"Escrito por":"Rafael Ram\u00edrez","Tiempo de lectura":"7 minutos"},"schema":{"@context":"https:\/\/schema.org","@graph":[{"@type":"Article","@id":"https:\/\/rafaramirez.org\/blog\/index.php\/2025\/02\/27\/carnaval-2025\/#article","isPartOf":{"@id":"https:\/\/rafaramirez.org\/blog\/index.php\/2025\/02\/27\/carnaval-2025\/"},"author":{"name":"Rafael Ram\u00edrez","@id":"https:\/\/rafaramirez.org\/blog\/#\/schema\/person\/50f43b6d60c578760d4c17bda54ab6a5"},"headline":"Carnaval 2025, una de las festividades m\u00e1s coloridas y esperadas del a\u00f1o.","datePublished":"2025-02-27T07:15:07+00:00","dateModified":"2025-02-27T07:26:25+00:00","mainEntityOfPage":{"@id":"https:\/\/rafaramirez.org\/blog\/index.php\/2025\/02\/27\/carnaval-2025\/"},"wordCount":1319,"commentCount":0,"publisher":{"@id":"https:\/\/rafaramirez.org\/blog\/#\/schema\/person\/50f43b6d60c578760d4c17bda54ab6a5"},"image":{"@id":"https:\/\/rafaramirez.org\/blog\/index.php\/2025\/02\/27\/carnaval-2025\/#primaryimage"},"thumbnailUrl":"https:\/\/rafaramirez.org\/blog\/wp-content\/uploads\/2025\/02\/Carnaval2025_blog_de_rafael_ramirez_banner.jpg","keywords":["actividades del Carnaval 2025","blog de Rafael Ram\u00edrez","Carnaval 2025","carnaval en M\u00e1laga","celebraci\u00f3n del carnaval en Espa\u00f1a","efem\u00e9rides","efem\u00e9rides 2025","efem\u00e9rides de febrero","historia del carnaval"],"articleSection":["Efem\u00e9rides"],"inLanguage":"es","potentialAction":[{"@type":"CommentAction","name":"Comment","target":["https:\/\/rafaramirez.org\/blog\/index.php\/2025\/02\/27\/carnaval-2025\/#respond"]}]},{"@type":"WebPage","@id":"https:\/\/rafaramirez.org\/blog\/index.php\/2025\/02\/27\/carnaval-2025\/","url":"https:\/\/rafaramirez.org\/blog\/index.php\/2025\/02\/27\/carnaval-2025\/","name":"Carnaval 2025, una de las festividades m\u00e1s coloridas y esperadas del a\u00f1o. - Blog de Rafael Ram\u00edrez","isPartOf":{"@id":"https:\/\/rafaramirez.org\/blog\/#website"},"primaryImageOfPage":{"@id":"https:\/\/rafaramirez.org\/blog\/index.php\/2025\/02\/27\/carnaval-2025\/#primaryimage"},"image":{"@id":"https:\/\/rafaramirez.org\/blog\/index.php\/2025\/02\/27\/carnaval-2025\/#primaryimage"},"thumbnailUrl":"https:\/\/rafaramirez.org\/blog\/wp-content\/uploads\/2025\/02\/Carnaval2025_blog_de_rafael_ramirez_banner.jpg","datePublished":"2025-02-27T07:15:07+00:00","dateModified":"2025-02-27T07:26:25+00:00","description":"El Carnaval 2025 comienza el jueves 27 de febrero y finaliza el mi\u00e9rcoles 5 de marzo. Este per\u00edodo festivo est\u00e1 lleno de color, m\u00fasica...","breadcrumb":{"@id":"https:\/\/rafaramirez.org\/blog\/index.php\/2025\/02\/27\/carnaval-2025\/#breadcrumb"},"inLanguage":"es","potentialAction":[{"@type":"ReadAction","target":["https:\/\/rafaramirez.org\/blog\/index.php\/2025\/02\/27\/carnaval-2025\/"]}]},{"@type":"ImageObject","inLanguage":"es","@id":"https:\/\/rafaramirez.org\/blog\/index.php\/2025\/02\/27\/carnaval-2025\/#primaryimage","url":"https:\/\/rafaramirez.org\/blog\/wp-content\/uploads\/2025\/02\/Carnaval2025_blog_de_rafael_ramirez_banner.jpg","contentUrl":"https:\/\/rafaramirez.org\/blog\/wp-content\/uploads\/2025\/02\/Carnaval2025_blog_de_rafael_ramirez_banner.jpg","width":720,"height":440,"caption":"Carnaval 2025. Efem\u00e9rides. Blog de Rafael Ram\u00edrez."},{"@type":"BreadcrumbList","@id":"https:\/\/rafaramirez.org\/blog\/index.php\/2025\/02\/27\/carnaval-2025\/#breadcrumb","itemListElement":[{"@type":"ListItem","position":1,"name":"Portada","item":"https:\/\/rafaramirez.org\/blog\/"},{"@type":"ListItem","position":2,"name":"Carnaval 2025, una de las festividades m\u00e1s coloridas y esperadas del a\u00f1o."}]},{"@type":"WebSite","@id":"https:\/\/rafaramirez.org\/blog\/#website","url":"https:\/\/rafaramirez.org\/blog\/","name":"Blog de Rafael Ram\u00edrez","description":"Un sitio social, de arte y cultura","publisher":{"@id":"https:\/\/rafaramirez.org\/blog\/#\/schema\/person\/50f43b6d60c578760d4c17bda54ab6a5"},"potentialAction":[{"@type":"SearchAction","target":{"@type":"EntryPoint","urlTemplate":"https:\/\/rafaramirez.org\/blog\/?s={search_term_string}"},"query-input":{"@type":"PropertyValueSpecification","valueRequired":true,"valueName":"search_term_string"}}],"inLanguage":"es"},{"@type":["Person","Organization"],"@id":"https:\/\/rafaramirez.org\/blog\/#\/schema\/person\/50f43b6d60c578760d4c17bda54ab6a5","name":"Rafael Ram\u00edrez","image":{"@type":"ImageObject","inLanguage":"es","@id":"https:\/\/rafaramirez.org\/blog\/wp-content\/uploads\/2024\/09\/RR_socialnetwork.jpg","url":"https:\/\/rafaramirez.org\/blog\/wp-content\/uploads\/2024\/09\/RR_socialnetwork.jpg","contentUrl":"https:\/\/rafaramirez.org\/blog\/wp-content\/uploads\/2024\/09\/RR_socialnetwork.jpg","width":600,"height":606,"caption":"Rafael Ram\u00edrez"},"logo":{"@id":"https:\/\/rafaramirez.org\/blog\/wp-content\/uploads\/2024\/09\/RR_socialnetwork.jpg"},"sameAs":["https:\/\/www.rafaramirez.org\/blog","https:\/\/www.instagram.com\/rafaramirez_ok\/","https:\/\/es.pinterest.com\/Ramirez_Rafa\/","https:\/\/x.com\/rafaramirez_ok"],"url":"https:\/\/rafaramirez.org\/blog\/index.php\/author\/rafaell_qm6j97da\/"}]}},"jetpack_publicize_connections":[],"jetpack_sharing_enabled":true,"jetpack_likes_enabled":true,"jetpack_featured_media_url":"https:\/\/rafaramirez.org\/blog\/wp-content\/uploads\/2025\/02\/Carnaval2025_blog_de_rafael_ramirez_banner.jpg","_links":{"self":[{"href":"https:\/\/rafaramirez.org\/blog\/index.php\/wp-json\/wp\/v2\/posts\/8209","targetHints":{"allow":["GET"]}}],"collection":[{"href":"https:\/\/rafaramirez.org\/blog\/index.php\/wp-json\/wp\/v2\/posts"}],"about":[{"href":"https:\/\/rafaramirez.org\/blog\/index.php\/wp-json\/wp\/v2\/types\/post"}],"author":[{"embeddable":true,"href":"https:\/\/rafaramirez.org\/blog\/index.php\/wp-json\/wp\/v2\/users\/1"}],"replies":[{"embeddable":true,"href":"https:\/\/rafaramirez.org\/blog\/index.php\/wp-json\/wp\/v2\/comments?post=8209"}],"version-history":[{"count":9,"href":"https:\/\/rafaramirez.org\/blog\/index.php\/wp-json\/wp\/v2\/posts\/8209\/revisions"}],"predecessor-version":[{"id":8305,"href":"https:\/\/rafaramirez.org\/blog\/index.php\/wp-json\/wp\/v2\/posts\/8209\/revisions\/8305"}],"wp:featuredmedia":[{"embeddable":true,"href":"https:\/\/rafaramirez.org\/blog\/index.php\/wp-json\/wp\/v2\/media\/8216"}],"wp:attachment":[{"href":"https:\/\/rafaramirez.org\/blog\/index.php\/wp-json\/wp\/v2\/media?parent=8209"}],"wp:term":[{"taxonomy":"category","embeddable":true,"href":"https:\/\/rafaramirez.org\/blog\/index.php\/wp-json\/wp\/v2\/categories?post=8209"},{"taxonomy":"post_tag","embeddable":true,"href":"https:\/\/rafaramirez.org\/blog\/index.php\/wp-json\/wp\/v2\/tags?post=8209"}],"curies":[{"name":"wp","href":"https:\/\/api.w.org\/{rel}","templated":true}]}}