{"id":818,"date":"2010-01-05T20:29:10","date_gmt":"2010-01-05T19:29:10","guid":{"rendered":"http:\/\/rafaelramirez.co.cc\/?p=818"},"modified":"2024-01-18T16:14:10","modified_gmt":"2024-01-18T15:14:10","slug":"maldito-karma-david-sefier","status":"publish","type":"post","link":"https:\/\/rafaramirez.org\/blog\/index.php\/2010\/01\/05\/maldito-karma-david-sefier\/","title":{"rendered":"Maldito karma. David Safier"},"content":{"rendered":"<figure id=\"attachment_819\" aria-describedby=\"caption-attachment-819\" style=\"width: 178px\" class=\"wp-caption aligncenter\"><img loading=\"lazy\" decoding=\"async\" class=\"size-medium wp-image-819\" title=\"Maldito karma. David Safier\" src=\"https:\/\/rafaramirez.org\/blog\/wp-content\/uploads\/2010\/01\/maldito-karma-178x300.jpg\" alt=\"Maldito karma. David Safier\" width=\"178\" height=\"300\" \/><figcaption id=\"caption-attachment-819\" class=\"wp-caption-text\">Maldito karma. David Safier<\/figcaption><\/figure>\n<p><a title=\"\u00bfQui\u00e9n es?\" href=\"http:\/\/www.seix-barral.es\/fichaautor.asp?autor=505\" target=\"_blank\" rel=\"noopener noreferrer\">David Safier<\/a>, guionista alem\u00e1n de televisi\u00f3n, debuta en el mundo de la novela con este trabajo que ha divertido por igual al p\u00fablico de los diferentes pa\u00edses europeos.<\/p>\n<p>La novela, de lectura \u00e1gil y entretenida, nos har\u00e1 re\u00edr en numerosos momentos mientras relata la historia de Kim Lange, presentadora de \u00e9xito en la televisi\u00f3n alemana quien a punto de recibir un prestigioso premio sufre un peculiar accidente. Como su vida no ha sido precisamente un ejemplo con su marido, hija y cuantos le rodean esta situaci\u00f3n la llevar\u00e1 a convertirse en un insecto y la pondr\u00e1 ante la necesidad de ir acumulando buen karma para ir evolucionando en la pir\u00e1mide de la reencarnaci\u00f3n y volver a ser humana.<\/p>\n<p>Las situaciones que se producen a lo largo de los pasos evolutivos por los que Kim ha de transitar y las relaciones con los diferentes personajes de la novela, que incluyen al mism\u00edsimo Casanova, nos har\u00e1n pasar un rato divertido lejos de relatos intelectuales y profundos.<\/p>\n<p>Una buena opci\u00f3n para comenzar el a\u00f1o con una sonrisa.<\/p>\n<blockquote><p><strong>T\u00edtulo: <\/strong>MALDITO KARMA<\/p>\n<p><strong>Autor:<\/strong> DAVID SAFIER<\/p>\n<p><strong>Editorial: <\/strong>SEIX-BARRAL<\/p>\n<p><strong>A\u00f1o de publicaci\u00f3n:<\/strong> 2009<\/p>\n<p><strong>Edici\u00f3n: <\/strong>1\u00aa<\/p>\n<p><strong>P\u00e1ginas:<\/strong> 320<\/p>\n<p><strong>Precio<\/strong>: \u20ac 14<\/p><\/blockquote>\n","protected":false},"excerpt":{"rendered":"<p>David Safier, guionista alem\u00e1n de televisi\u00f3n, debuta en el mundo de la novela con este trabajo que ha divertido por igual al p\u00fablico de los diferentes pa\u00edses europeos. La novela, de lectura \u00e1gil y entretenida, nos har\u00e1 re\u00edr en numerosos momentos mientras relata la historia de Kim Lange, presentadora de \u00e9xito en la televisi\u00f3n alemana [&hellip;]<\/p>\n","protected":false},"author":1,"featured_media":2645,"comment_status":"open","ping_status":"closed","sticky":false,"template":"","format":"standard","meta":{"site-container-style":"default","site-container-layout":"default","site-sidebar-layout":"default","disable-article-header":"default","disable-site-header":"default","disable-site-footer":"default","disable-content-area-spacing":"default","_jetpack_newsletter_access":"","_jetpack_dont_email_post_to_subs":false,"_jetpack_newsletter_tier_id":0,"_jetpack_memberships_contains_paywalled_content":false,"_jetpack_feature_clip_id":0,"_jetpack_memberships_contains_paid_content":false,"footnotes":"","jetpack_publicize_message":"","jetpack_publicize_feature_enabled":true,"jetpack_social_post_already_shared":true,"jetpack_social_options":{"image_generator_settings":{"template":"highway","default_image_id":0,"font":"","enabled":false},"version":2},"jetpack_post_was_ever_published":false},"categories":[710],"tags":[643,264,642,325],"class_list":["post-818","post","type-post","status-publish","format-standard","has-post-thumbnail","hentry","category-literatura","tag-david-safier","tag-libro-recomendado","tag-maldito-karma","tag-noticias-culturales"],"yoast_head":"<!-- This site is optimized with the Yoast SEO plugin v28.4 - https:\/\/yoast.com\/product\/yoast-seo-wordpress\/ -->\n<title>Maldito karma. David Safier - Blog de Rafael Ram\u00edrez<\/title>\n<meta name=\"robots\" content=\"index, follow, max-snippet:-1, max-image-preview:large, max-video-preview:-1\" \/>\n<link rel=\"canonical\" href=\"https:\/\/rafaramirez.org\/blog\/index.php\/2010\/01\/05\/maldito-karma-david-sefier\/\" \/>\n<meta property=\"og:locale\" content=\"es_ES\" \/>\n<meta property=\"og:type\" content=\"article\" \/>\n<meta property=\"og:title\" content=\"Maldito karma. David Safier - Blog de Rafael Ram\u00edrez\" \/>\n<meta property=\"og:description\" content=\"David Safier, guionista alem\u00e1n de televisi\u00f3n, debuta en el mundo de la novela con este trabajo que ha divertido por igual al p\u00fablico de los diferentes pa\u00edses europeos. La novela, de lectura \u00e1gil y entretenida, nos har\u00e1 re\u00edr en numerosos momentos mientras relata la historia de Kim Lange, presentadora de \u00e9xito en la televisi\u00f3n alemana [&hellip;]\" \/>\n<meta property=\"og:url\" content=\"https:\/\/rafaramirez.org\/blog\/index.php\/2010\/01\/05\/maldito-karma-david-sefier\/\" \/>\n<meta property=\"og:site_name\" content=\"Blog de Rafael Ram\u00edrez\" \/>\n<meta property=\"article:published_time\" content=\"2010-01-05T19:29:10+00:00\" \/>\n<meta property=\"article:modified_time\" content=\"2024-01-18T15:14:10+00:00\" \/>\n<meta property=\"og:image\" content=\"https:\/\/rafaramirez.org\/blog\/wp-content\/uploads\/2010\/01\/David_Safier_Gondel_Cafe-reduc.jpg\" \/>\n\t<meta property=\"og:image:width\" content=\"700\" \/>\n\t<meta property=\"og:image:height\" content=\"467\" \/>\n\t<meta property=\"og:image:type\" content=\"image\/jpeg\" \/>\n<meta name=\"author\" content=\"Rafael Ram\u00edrez\" \/>\n<meta name=\"twitter:card\" content=\"summary_large_image\" \/>\n<meta name=\"twitter:creator\" content=\"@rafaramirez_ok\" \/>\n<meta name=\"twitter:site\" content=\"@rafaramirez_ok\" \/>\n<meta name=\"twitter:label1\" content=\"Escrito por\" \/>\n\t<meta name=\"twitter:data1\" content=\"Rafael Ram\u00edrez\" \/>\n\t<meta name=\"twitter:label2\" content=\"Tiempo de lectura\" \/>\n\t<meta name=\"twitter:data2\" content=\"1 minuto\" \/>\n<script type=\"application\/ld+json\" class=\"yoast-schema-graph\">{\"@context\":\"https:\\\/\\\/schema.org\",\"@graph\":[{\"@type\":\"Article\",\"@id\":\"https:\\\/\\\/rafaramirez.org\\\/blog\\\/index.php\\\/2010\\\/01\\\/05\\\/maldito-karma-david-sefier\\\/#article\",\"isPartOf\":{\"@id\":\"https:\\\/\\\/rafaramirez.org\\\/blog\\\/index.php\\\/2010\\\/01\\\/05\\\/maldito-karma-david-sefier\\\/\"},\"author\":{\"name\":\"Rafael Ram\u00edrez\",\"@id\":\"https:\\\/\\\/rafaramirez.org\\\/blog\\\/#\\\/schema\\\/person\\\/50f43b6d60c578760d4c17bda54ab6a5\"},\"headline\":\"Maldito karma. David Safier\",\"datePublished\":\"2010-01-05T19:29:10+00:00\",\"dateModified\":\"2024-01-18T15:14:10+00:00\",\"mainEntityOfPage\":{\"@id\":\"https:\\\/\\\/rafaramirez.org\\\/blog\\\/index.php\\\/2010\\\/01\\\/05\\\/maldito-karma-david-sefier\\\/\"},\"wordCount\":221,\"commentCount\":0,\"publisher\":{\"@id\":\"https:\\\/\\\/rafaramirez.org\\\/blog\\\/#\\\/schema\\\/person\\\/50f43b6d60c578760d4c17bda54ab6a5\"},\"image\":{\"@id\":\"https:\\\/\\\/rafaramirez.org\\\/blog\\\/index.php\\\/2010\\\/01\\\/05\\\/maldito-karma-david-sefier\\\/#primaryimage\"},\"thumbnailUrl\":\"https:\\\/\\\/rafaramirez.org\\\/blog\\\/wp-content\\\/uploads\\\/2010\\\/01\\\/David_Safier_Gondel_Cafe-reduc.jpg\",\"keywords\":[\"David Safier\",\"libro recomendado\",\"Maldito karma\",\"noticias culturales\"],\"articleSection\":[\"Literatura\"],\"inLanguage\":\"es\",\"potentialAction\":[{\"@type\":\"CommentAction\",\"name\":\"Comment\",\"target\":[\"https:\\\/\\\/rafaramirez.org\\\/blog\\\/index.php\\\/2010\\\/01\\\/05\\\/maldito-karma-david-sefier\\\/#respond\"]}]},{\"@type\":\"WebPage\",\"@id\":\"https:\\\/\\\/rafaramirez.org\\\/blog\\\/index.php\\\/2010\\\/01\\\/05\\\/maldito-karma-david-sefier\\\/\",\"url\":\"https:\\\/\\\/rafaramirez.org\\\/blog\\\/index.php\\\/2010\\\/01\\\/05\\\/maldito-karma-david-sefier\\\/\",\"name\":\"Maldito karma. David Safier - Blog de Rafael Ram\u00edrez\",\"isPartOf\":{\"@id\":\"https:\\\/\\\/rafaramirez.org\\\/blog\\\/#website\"},\"primaryImageOfPage\":{\"@id\":\"https:\\\/\\\/rafaramirez.org\\\/blog\\\/index.php\\\/2010\\\/01\\\/05\\\/maldito-karma-david-sefier\\\/#primaryimage\"},\"image\":{\"@id\":\"https:\\\/\\\/rafaramirez.org\\\/blog\\\/index.php\\\/2010\\\/01\\\/05\\\/maldito-karma-david-sefier\\\/#primaryimage\"},\"thumbnailUrl\":\"https:\\\/\\\/rafaramirez.org\\\/blog\\\/wp-content\\\/uploads\\\/2010\\\/01\\\/David_Safier_Gondel_Cafe-reduc.jpg\",\"datePublished\":\"2010-01-05T19:29:10+00:00\",\"dateModified\":\"2024-01-18T15:14:10+00:00\",\"breadcrumb\":{\"@id\":\"https:\\\/\\\/rafaramirez.org\\\/blog\\\/index.php\\\/2010\\\/01\\\/05\\\/maldito-karma-david-sefier\\\/#breadcrumb\"},\"inLanguage\":\"es\",\"potentialAction\":[{\"@type\":\"ReadAction\",\"target\":[\"https:\\\/\\\/rafaramirez.org\\\/blog\\\/index.php\\\/2010\\\/01\\\/05\\\/maldito-karma-david-sefier\\\/\"]}]},{\"@type\":\"ImageObject\",\"inLanguage\":\"es\",\"@id\":\"https:\\\/\\\/rafaramirez.org\\\/blog\\\/index.php\\\/2010\\\/01\\\/05\\\/maldito-karma-david-sefier\\\/#primaryimage\",\"url\":\"https:\\\/\\\/rafaramirez.org\\\/blog\\\/wp-content\\\/uploads\\\/2010\\\/01\\\/David_Safier_Gondel_Cafe-reduc.jpg\",\"contentUrl\":\"https:\\\/\\\/rafaramirez.org\\\/blog\\\/wp-content\\\/uploads\\\/2010\\\/01\\\/David_Safier_Gondel_Cafe-reduc.jpg\",\"width\":700,\"height\":467},{\"@type\":\"BreadcrumbList\",\"@id\":\"https:\\\/\\\/rafaramirez.org\\\/blog\\\/index.php\\\/2010\\\/01\\\/05\\\/maldito-karma-david-sefier\\\/#breadcrumb\",\"itemListElement\":[{\"@type\":\"ListItem\",\"position\":1,\"name\":\"Portada\",\"item\":\"https:\\\/\\\/rafaramirez.org\\\/blog\\\/\"},{\"@type\":\"ListItem\",\"position\":2,\"name\":\"Maldito karma. David Safier\"}]},{\"@type\":\"WebSite\",\"@id\":\"https:\\\/\\\/rafaramirez.org\\\/blog\\\/#website\",\"url\":\"https:\\\/\\\/rafaramirez.org\\\/blog\\\/\",\"name\":\"Blog de Rafael Ram\u00edrez\",\"description\":\"Un sitio social, de arte y cultura\",\"publisher\":{\"@id\":\"https:\\\/\\\/rafaramirez.org\\\/blog\\\/#\\\/schema\\\/person\\\/50f43b6d60c578760d4c17bda54ab6a5\"},\"potentialAction\":[{\"@type\":\"SearchAction\",\"target\":{\"@type\":\"EntryPoint\",\"urlTemplate\":\"https:\\\/\\\/rafaramirez.org\\\/blog\\\/?s={search_term_string}\"},\"query-input\":{\"@type\":\"PropertyValueSpecification\",\"valueRequired\":true,\"valueName\":\"search_term_string\"}}],\"inLanguage\":\"es\"},{\"@type\":[\"Person\",\"Organization\"],\"@id\":\"https:\\\/\\\/rafaramirez.org\\\/blog\\\/#\\\/schema\\\/person\\\/50f43b6d60c578760d4c17bda54ab6a5\",\"name\":\"Rafael Ram\u00edrez\",\"image\":{\"@type\":\"ImageObject\",\"inLanguage\":\"es\",\"@id\":\"https:\\\/\\\/rafaramirez.org\\\/blog\\\/wp-content\\\/uploads\\\/2024\\\/09\\\/RR_socialnetwork.jpg\",\"url\":\"https:\\\/\\\/rafaramirez.org\\\/blog\\\/wp-content\\\/uploads\\\/2024\\\/09\\\/RR_socialnetwork.jpg\",\"contentUrl\":\"https:\\\/\\\/rafaramirez.org\\\/blog\\\/wp-content\\\/uploads\\\/2024\\\/09\\\/RR_socialnetwork.jpg\",\"width\":600,\"height\":606,\"caption\":\"Rafael Ram\u00edrez\"},\"logo\":{\"@id\":\"https:\\\/\\\/rafaramirez.org\\\/blog\\\/wp-content\\\/uploads\\\/2024\\\/09\\\/RR_socialnetwork.jpg\"},\"sameAs\":[\"https:\\\/\\\/www.rafaramirez.org\\\/blog\",\"https:\\\/\\\/www.instagram.com\\\/rafaramirez_ok\\\/\",\"https:\\\/\\\/es.pinterest.com\\\/Ramirez_Rafa\\\/\",\"https:\\\/\\\/x.com\\\/rafaramirez_ok\"],\"url\":\"https:\\\/\\\/rafaramirez.org\\\/blog\\\/index.php\\\/author\\\/rafaell_qm6j97da\\\/\"}]}<\/script>\n<!-- \/ Yoast SEO plugin. -->","yoast_head_json":{"title":"Maldito karma. David Safier - Blog de Rafael Ram\u00edrez","robots":{"index":"index","follow":"follow","max-snippet":"max-snippet:-1","max-image-preview":"max-image-preview:large","max-video-preview":"max-video-preview:-1"},"canonical":"https:\/\/rafaramirez.org\/blog\/index.php\/2010\/01\/05\/maldito-karma-david-sefier\/","og_locale":"es_ES","og_type":"article","og_title":"Maldito karma. David Safier - Blog de Rafael Ram\u00edrez","og_description":"David Safier, guionista alem\u00e1n de televisi\u00f3n, debuta en el mundo de la novela con este trabajo que ha divertido por igual al p\u00fablico de los diferentes pa\u00edses europeos. La novela, de lectura \u00e1gil y entretenida, nos har\u00e1 re\u00edr en numerosos momentos mientras relata la historia de Kim Lange, presentadora de \u00e9xito en la televisi\u00f3n alemana [&hellip;]","og_url":"https:\/\/rafaramirez.org\/blog\/index.php\/2010\/01\/05\/maldito-karma-david-sefier\/","og_site_name":"Blog de Rafael Ram\u00edrez","article_published_time":"2010-01-05T19:29:10+00:00","article_modified_time":"2024-01-18T15:14:10+00:00","og_image":[{"width":700,"height":467,"url":"https:\/\/rafaramirez.org\/blog\/wp-content\/uploads\/2010\/01\/David_Safier_Gondel_Cafe-reduc.jpg","type":"image\/jpeg"}],"author":"Rafael Ram\u00edrez","twitter_card":"summary_large_image","twitter_creator":"@rafaramirez_ok","twitter_site":"@rafaramirez_ok","twitter_misc":{"Escrito por":"Rafael Ram\u00edrez","Tiempo de lectura":"1 minuto"},"schema":{"@context":"https:\/\/schema.org","@graph":[{"@type":"Article","@id":"https:\/\/rafaramirez.org\/blog\/index.php\/2010\/01\/05\/maldito-karma-david-sefier\/#article","isPartOf":{"@id":"https:\/\/rafaramirez.org\/blog\/index.php\/2010\/01\/05\/maldito-karma-david-sefier\/"},"author":{"name":"Rafael Ram\u00edrez","@id":"https:\/\/rafaramirez.org\/blog\/#\/schema\/person\/50f43b6d60c578760d4c17bda54ab6a5"},"headline":"Maldito karma. David Safier","datePublished":"2010-01-05T19:29:10+00:00","dateModified":"2024-01-18T15:14:10+00:00","mainEntityOfPage":{"@id":"https:\/\/rafaramirez.org\/blog\/index.php\/2010\/01\/05\/maldito-karma-david-sefier\/"},"wordCount":221,"commentCount":0,"publisher":{"@id":"https:\/\/rafaramirez.org\/blog\/#\/schema\/person\/50f43b6d60c578760d4c17bda54ab6a5"},"image":{"@id":"https:\/\/rafaramirez.org\/blog\/index.php\/2010\/01\/05\/maldito-karma-david-sefier\/#primaryimage"},"thumbnailUrl":"https:\/\/rafaramirez.org\/blog\/wp-content\/uploads\/2010\/01\/David_Safier_Gondel_Cafe-reduc.jpg","keywords":["David Safier","libro recomendado","Maldito karma","noticias culturales"],"articleSection":["Literatura"],"inLanguage":"es","potentialAction":[{"@type":"CommentAction","name":"Comment","target":["https:\/\/rafaramirez.org\/blog\/index.php\/2010\/01\/05\/maldito-karma-david-sefier\/#respond"]}]},{"@type":"WebPage","@id":"https:\/\/rafaramirez.org\/blog\/index.php\/2010\/01\/05\/maldito-karma-david-sefier\/","url":"https:\/\/rafaramirez.org\/blog\/index.php\/2010\/01\/05\/maldito-karma-david-sefier\/","name":"Maldito karma. David Safier - Blog de Rafael Ram\u00edrez","isPartOf":{"@id":"https:\/\/rafaramirez.org\/blog\/#website"},"primaryImageOfPage":{"@id":"https:\/\/rafaramirez.org\/blog\/index.php\/2010\/01\/05\/maldito-karma-david-sefier\/#primaryimage"},"image":{"@id":"https:\/\/rafaramirez.org\/blog\/index.php\/2010\/01\/05\/maldito-karma-david-sefier\/#primaryimage"},"thumbnailUrl":"https:\/\/rafaramirez.org\/blog\/wp-content\/uploads\/2010\/01\/David_Safier_Gondel_Cafe-reduc.jpg","datePublished":"2010-01-05T19:29:10+00:00","dateModified":"2024-01-18T15:14:10+00:00","breadcrumb":{"@id":"https:\/\/rafaramirez.org\/blog\/index.php\/2010\/01\/05\/maldito-karma-david-sefier\/#breadcrumb"},"inLanguage":"es","potentialAction":[{"@type":"ReadAction","target":["https:\/\/rafaramirez.org\/blog\/index.php\/2010\/01\/05\/maldito-karma-david-sefier\/"]}]},{"@type":"ImageObject","inLanguage":"es","@id":"https:\/\/rafaramirez.org\/blog\/index.php\/2010\/01\/05\/maldito-karma-david-sefier\/#primaryimage","url":"https:\/\/rafaramirez.org\/blog\/wp-content\/uploads\/2010\/01\/David_Safier_Gondel_Cafe-reduc.jpg","contentUrl":"https:\/\/rafaramirez.org\/blog\/wp-content\/uploads\/2010\/01\/David_Safier_Gondel_Cafe-reduc.jpg","width":700,"height":467},{"@type":"BreadcrumbList","@id":"https:\/\/rafaramirez.org\/blog\/index.php\/2010\/01\/05\/maldito-karma-david-sefier\/#breadcrumb","itemListElement":[{"@type":"ListItem","position":1,"name":"Portada","item":"https:\/\/rafaramirez.org\/blog\/"},{"@type":"ListItem","position":2,"name":"Maldito karma. David Safier"}]},{"@type":"WebSite","@id":"https:\/\/rafaramirez.org\/blog\/#website","url":"https:\/\/rafaramirez.org\/blog\/","name":"Blog de Rafael Ram\u00edrez","description":"Un sitio social, de arte y cultura","publisher":{"@id":"https:\/\/rafaramirez.org\/blog\/#\/schema\/person\/50f43b6d60c578760d4c17bda54ab6a5"},"potentialAction":[{"@type":"SearchAction","target":{"@type":"EntryPoint","urlTemplate":"https:\/\/rafaramirez.org\/blog\/?s={search_term_string}"},"query-input":{"@type":"PropertyValueSpecification","valueRequired":true,"valueName":"search_term_string"}}],"inLanguage":"es"},{"@type":["Person","Organization"],"@id":"https:\/\/rafaramirez.org\/blog\/#\/schema\/person\/50f43b6d60c578760d4c17bda54ab6a5","name":"Rafael Ram\u00edrez","image":{"@type":"ImageObject","inLanguage":"es","@id":"https:\/\/rafaramirez.org\/blog\/wp-content\/uploads\/2024\/09\/RR_socialnetwork.jpg","url":"https:\/\/rafaramirez.org\/blog\/wp-content\/uploads\/2024\/09\/RR_socialnetwork.jpg","contentUrl":"https:\/\/rafaramirez.org\/blog\/wp-content\/uploads\/2024\/09\/RR_socialnetwork.jpg","width":600,"height":606,"caption":"Rafael Ram\u00edrez"},"logo":{"@id":"https:\/\/rafaramirez.org\/blog\/wp-content\/uploads\/2024\/09\/RR_socialnetwork.jpg"},"sameAs":["https:\/\/www.rafaramirez.org\/blog","https:\/\/www.instagram.com\/rafaramirez_ok\/","https:\/\/es.pinterest.com\/Ramirez_Rafa\/","https:\/\/x.com\/rafaramirez_ok"],"url":"https:\/\/rafaramirez.org\/blog\/index.php\/author\/rafaell_qm6j97da\/"}]}},"jetpack_publicize_connections":[],"jetpack_sharing_enabled":true,"jetpack_likes_enabled":true,"jetpack_featured_media_url":"https:\/\/rafaramirez.org\/blog\/wp-content\/uploads\/2010\/01\/David_Safier_Gondel_Cafe-reduc.jpg","_links":{"self":[{"href":"https:\/\/rafaramirez.org\/blog\/index.php\/wp-json\/wp\/v2\/posts\/818","targetHints":{"allow":["GET"]}}],"collection":[{"href":"https:\/\/rafaramirez.org\/blog\/index.php\/wp-json\/wp\/v2\/posts"}],"about":[{"href":"https:\/\/rafaramirez.org\/blog\/index.php\/wp-json\/wp\/v2\/types\/post"}],"author":[{"embeddable":true,"href":"https:\/\/rafaramirez.org\/blog\/index.php\/wp-json\/wp\/v2\/users\/1"}],"replies":[{"embeddable":true,"href":"https:\/\/rafaramirez.org\/blog\/index.php\/wp-json\/wp\/v2\/comments?post=818"}],"version-history":[{"count":2,"href":"https:\/\/rafaramirez.org\/blog\/index.php\/wp-json\/wp\/v2\/posts\/818\/revisions"}],"predecessor-version":[{"id":2644,"href":"https:\/\/rafaramirez.org\/blog\/index.php\/wp-json\/wp\/v2\/posts\/818\/revisions\/2644"}],"wp:featuredmedia":[{"embeddable":true,"href":"https:\/\/rafaramirez.org\/blog\/index.php\/wp-json\/wp\/v2\/media\/2645"}],"wp:attachment":[{"href":"https:\/\/rafaramirez.org\/blog\/index.php\/wp-json\/wp\/v2\/media?parent=818"}],"wp:term":[{"taxonomy":"category","embeddable":true,"href":"https:\/\/rafaramirez.org\/blog\/index.php\/wp-json\/wp\/v2\/categories?post=818"},{"taxonomy":"post_tag","embeddable":true,"href":"https:\/\/rafaramirez.org\/blog\/index.php\/wp-json\/wp\/v2\/tags?post=818"}],"curies":[{"name":"wp","href":"https:\/\/api.w.org\/{rel}","templated":true}]}}