{"id":8171,"date":"2025-02-25T08:15:08","date_gmt":"2025-02-25T07:15:08","guid":{"rendered":"https:\/\/rafaramirez.org\/blog\/?p=8171"},"modified":"2025-02-18T20:19:46","modified_gmt":"2025-02-18T19:19:46","slug":"fotografias-antiguas-de-espana-y-espanoles","status":"publish","type":"post","link":"https:\/\/rafaramirez.org\/blog\/index.php\/2025\/02\/25\/fotografias-antiguas-de-espana-y-espanoles\/","title":{"rendered":"Fotograf\u00edas antiguas de Espa\u00f1a y espa\u00f1oles de los siglos XIX y XX. Fotograf\u00edas vintage."},"content":{"rendered":"<p>Hoy os presento una serie de fotograf\u00edas antiguas de Espa\u00f1a y espa\u00f1oles de los siglos XIX y principios del XX. Las fotograf\u00edas vintage son un tesoro invaluable que nos conecta con un pasado lleno de historia, cultura y emociones. Estas im\u00e1genes capturan momentos \u00fanicos y cotidianos, y nos ofrecen una ventana al pasado que nos permite comprender mejor la evoluci\u00f3n de la sociedad espa\u00f1ola a lo largo del tiempo.<\/p>\n<p>Cada fotograf\u00eda es un testimonio visual que nos habla de la vida en aquella \u00e9poca: las vestimentas tradicionales, las calles empedradas, los mercados bulliciosos, las celebraciones familiares y las labores diarias. Estas im\u00e1genes nos muestran una Espa\u00f1a en proceso de transformaci\u00f3n, desde la era de las grandes monarqu\u00edas hasta la industrializaci\u00f3n y el surgimiento de las nuevas tecnolog\u00edas.<\/p>\n<p>Para ver informaci\u00f3n de la foto puedes pinchar en <span style=\"color: #ff0000;\"><strong>\u00abi\u00bb<\/strong><\/span> de la galer\u00eda.<\/p>\n<style id=\"bwg-style-0\">      #bwg_container1_0 #bwg_container2_0 #bwg_mosaic_thumbnails_div_0 {        width: 100%;        position: relative;        background-color: rgba(255, 255, 255, 0.00);        text-align: center;        justify-content: center;                  margin-left: auto;          margin-right: auto;                    padding-left: 2px;          padding-top: 2px;                }          #bwg_container1_0 #bwg_container2_0 .bwg_mosaic_thumb_spun_0 {        display: block;        position: absolute;\t\t\t\tborder-radius: 0;\t\t\t\tborder: 0px none #CCCCCC;    \t\t    \t\tbackground-color:rgba(0,0,0, 0.30);        -moz-box-sizing: content-box !important;        -webkit-box-sizing: content-box !important;        box-sizing: content-box !important;      }\t\t\t#bwg_container1_0 #bwg_container2_0 .bwg_mosaic_thumb_0 {\t\t\t\tdisplay: block;\t\t\t\t-moz-box-sizing: content-box !important;\t\t\t\t-webkit-box-sizing: content-box !important;\t\t\t\tbox-sizing: content-box !important;\t\t\t\tmargin: 0;\t\t\t\topacity: 1.00;\t\t\t}      #bwg_container1_0 #bwg_container2_0 .bwg_mosaic_thumb_spun_0:hover {        opacity: 1;        backface-visibility: hidden;        -webkit-backface-visibility: hidden;        -moz-backface-visibility: hidden;        -ms-backface-visibility: hidden;        z-index: 102;      }\t     @media only screen and (min-width: 480px) {\t\t#bwg_container1_0 #bwg_container2_0 .bwg-container-0.bwg-mosaic-thumbnails .bwg-item0 img {\t\t\t-webkit-transition: -webkit-transform .3s; transition: transform .3s;\t\t}\t\t#bwg_container1_0 #bwg_container2_0 .bwg-container-0.bwg-mosaic-thumbnails .bwg-item0 img:hover {\t\t\t-ms-transform: scale(1.08);\t\t\t-webkit-transform: scale(1.08);\t\t\ttransform: scale(1.08);\t\t}\t\t      }\t      #bwg_container1_0 #bwg_container2_0 .bwg_mosaic_thumbnails_0 {        background-color: rgba(255, 255, 255, 0.00);        font-size: 0;        position: relative;        text-align: center;        display: inline-block;        visibility: hidden;              }\t  \/*image title styles*\/      #bwg_container1_0 #bwg_container2_0 .bwg_mosaic_title_spun1_0,      #bwg_container1_0 #bwg_container2_0 .bwg-mosaic-thumbnails .bwg_ecommerce_spun1_0 {        position: absolute;        display: block;        opacity: 0;        box-sizing: border-box;        text-align: center;\t\t\t\ttop: 50%;\t\t\t\tleft: 50%;\t\t\t\ttransform: translate(-50%, -50%);      }      #bwg_container1_0 #bwg_container2_0 .bwg-mosaic-thumbnails .bwg_mosaic_title_spun2_0,      #bwg_container1_0 #bwg_container2_0 .bwg-mosaic-thumbnails .bwg_ecommerce_spun2_0 {\t\t    color: #323A45;        font-family: Ubuntu;        font-size: 16px;        font-weight: bold;        text-shadow: ;        vertical-align: middle;        word-wrap: break-word;      }            .bwg_mosaic_play_icon_spun_0 {        display: table;        position: absolute;        left: -10000px;        top: 0px;        opacity: 0;      }      .bwg_mosaic_play_icon_0 {        color: #323A45;        font-size: 32px;        vertical-align: middle;        display: table-cell !important;        z-index: 1;        text-align: center;        margin: 0 auto;      }      #bwg_container1_0 #bwg_container2_0 .bwg_gal_title_0 {        background-color: rgba(0, 0, 0, 0);        color: #323A45;        display: block;        font-family: Ubuntu;        font-size: 16px;        font-weight: bold;        padding: 2px;        text-shadow: ;        text-align: center;      }            @media screen and (max-width: 350px) {      div[class^=\"bwg_mosaic_thumbnails_\"],      span[class^=\"bwg_mosaic_thumb_spun_\"] {      width: 100% !important;      }      img[class^=\"bwg_mosaic_thumb_\"] {      width: 100% !important;      height: auto !important;      margin: 0px auto !important;      }      }      <\/style>    <div id=\"bwg_container1_0\"         class=\"bwg_container bwg_thumbnail bwg_thumbnails_mosaic \"         data-right-click-protection=\"1\"         data-bwg=\"0\"         data-scroll=\"0\"         data-gallery-type=\"thumbnails_mosaic\"         data-gallery-view-type=\"thumbnails_mosaic\"         data-current-url=\"\/blog\/index.php\/wp-json\/wp\/v2\/posts\/8171\"         data-lightbox-url=\"https:\/\/rafaramirez.org\/blog\/wp-admin\/admin-ajax.php?action=GalleryBox&#038;current_view=0&#038;gallery_id=61&#038;tag=0&#038;theme_id=1&#038;shortcode_id=128&#038;sort_by=order&#038;order_by=asc&#038;current_url=%2Fblog%2Findex.php%2Fwp-json%2Fwp%2Fv2%2Fposts%2F8171\"         data-gallery-id=\"61\"         data-popup-width=\"800\"         data-popup-height=\"500\"         data-is-album=\"gallery\"         data-buttons-position=\"bottom\">      <div id=\"bwg_container2_0\">             <div id=\"ajax_loading_0\" class=\"bwg_loading_div_1\">      <div class=\"bwg_loading_div_2\">        <div class=\"bwg_loading_div_3\">          <div id=\"loading_div_0\" class=\"bwg_spider_ajax_loading\">          <\/div>        <\/div>      <\/div>    <\/div>            <form id=\"gal_front_form_0\"              class=\"bwg-hidden\"              method=\"post\"              action=\"#\"              data-current=\"0\"              data-shortcode-id=\"128\"              data-gallery-type=\"thumbnails_mosaic\"              data-gallery-id=\"61\"              data-tag=\"0\"              data-album-id=\"0\"              data-theme-id=\"1\"              data-ajax-url=\"https:\/\/rafaramirez.org\/blog\/wp-admin\/admin-ajax.php?action=bwg_frontend_data\">          <div id=\"bwg_container3_0\" class=\"bwg-background bwg-background-0\">                <div id=\"bwg_mosaic_thumbnails_div_0\"         class=\"bwg-container-0 bwg-container bwg-mosaic-thumbnails\"         data-bwg=\"0\"         data-mosaic-direction=\"vertical\"         data-resizable=\"0\"         data-width=\"250\"         data-height=\"250\"         data-total-width=\"100\"         data-block-id=\"bwg_thumbnails_mosaic_0\"         data-thumb-padding=\"2\"         data-thumb-border=\"0\"         data-title-margin=\"2px\"         data-image-title=\"none\"         data-play-icon=\"1\"         data-ecommerce-icon=\"none\"         data-gallery-id=\"61\"         data-lightbox-url=\"https:\/\/rafaramirez.org\/blog\/wp-admin\/admin-ajax.php?action=GalleryBox&#038;current_view=0&#038;gallery_id=61&#038;tag=0&#038;theme_id=1&#038;shortcode_id=128&#038;sort_by=order&#038;order_by=asc&#038;current_url=%2Fblog%2Findex.php%2Fwp-json%2Fwp%2Fv2%2Fposts%2F8171\"         data-mosaic-thumb-transition=\"1\"         style=\"visibility: hidden\" >      <div id=\"bwg_thumbnails_mosaic_0\" class=\"bwg_mosaic_thumbnails_0\">                  <a  class=\"bwg-a bwg_lightbox bwg_lightbox_0\" href=\"https:\/\/rafaramirez.org\/blog\/wp-content\/uploads\/photo-gallery\/imported_from_media_libray\/iiif-service_gdc_gdcwdl_wd_l__18_52_2_wdl_18522_postal_albufera0001-full-pct_100-0-default-scaled.jpg?bwg=1739883738\" data-image-id=\"649\" data-elementor-open-lightbox=\"no\">          <div class=\"bwg_mosaic_thumb_spun_0 bwg-item0 bwg-mosaic-thumb-span \">            <img decoding=\"async\" class=\"bwg_mosaic_thumb_0 skip-lazy bwg_img_clear bwg_img_custom \"                 id=\"649\"                 src=\"https:\/\/rafaramirez.org\/blog\/wp-content\/uploads\/photo-gallery\/imported_from_media_libray\/thumb\/iiif-service_gdc_gdcwdl_wd_l__18_52_2_wdl_18522_postal_albufera0001-full-pct_100-0-default-scaled.jpg?bwg=1739883738\"                 data-src=\"https:\/\/rafaramirez.org\/blog\/wp-content\/uploads\/photo-gallery\/imported_from_media_libray\/thumb\/iiif-service_gdc_gdcwdl_wd_l__18_52_2_wdl_18522_postal_albufera0001-full-pct_100-0-default-scaled.jpg?bwg=1739883738\"                 data-width=\"328.00\"                 data-height=\"500.00\"                 alt=\"T\u00edtuloLaguna: Valencia, Albufera.Otro T\u00edtuloEl Canal : Valencia, Albufera(18xx)\"                 title=\"T\u00edtuloLaguna: Valencia, Albufera.Otro T\u00edtuloEl Canal : Valencia, Albufera(18xx)\" \/>                      <\/div>        <\/a>                <a  class=\"bwg-a bwg_lightbox bwg_lightbox_0\" href=\"https:\/\/rafaramirez.org\/blog\/wp-content\/uploads\/photo-gallery\/imported_from_media_libray\/service-pnp-cph-3d00000-3d01000-3d01800-3d01814v.jpg?bwg=1739883738\" data-image-id=\"650\" data-elementor-open-lightbox=\"no\">          <div class=\"bwg_mosaic_thumb_spun_0 bwg-item0 bwg-mosaic-thumb-span \">            <img decoding=\"async\" class=\"bwg_mosaic_thumb_0 skip-lazy bwg_img_clear bwg_img_custom \"                 id=\"650\"                 src=\"https:\/\/rafaramirez.org\/blog\/wp-content\/uploads\/photo-gallery\/imported_from_media_libray\/thumb\/service-pnp-cph-3d00000-3d01000-3d01800-3d01814v.jpg?bwg=1739883738\"                 data-src=\"https:\/\/rafaramirez.org\/blog\/wp-content\/uploads\/photo-gallery\/imported_from_media_libray\/thumb\/service-pnp-cph-3d00000-3d01000-3d01800-3d01814v.jpg?bwg=1739883738\"                 data-width=\"489.00\"                 data-height=\"500.00\"                 alt=\"La Cocina- \u00faltimo campamento espa\u00f1ol en Cuba- CienfuegosResumenDos hombres cocinando mientras otros en un refugio de madera miran.1899\"                 title=\"La Cocina- \u00faltimo campamento espa\u00f1ol en Cuba- CienfuegosResumenDos hombres cocinando mientras otros en un refugio de madera miran.1899\" \/>                      <\/div>        <\/a>                <a  class=\"bwg-a bwg_lightbox bwg_lightbox_0\" href=\"https:\/\/rafaramirez.org\/blog\/wp-content\/uploads\/photo-gallery\/imported_from_media_libray\/service-pnp-cph-3d00000-3d01000-3d01800-3d01815v.jpg?bwg=1739883738\" data-image-id=\"651\" data-elementor-open-lightbox=\"no\">          <div class=\"bwg_mosaic_thumb_spun_0 bwg-item0 bwg-mosaic-thumb-span \">            <img decoding=\"async\" class=\"bwg_mosaic_thumb_0 skip-lazy bwg_img_clear bwg_img_custom \"                 id=\"651\"                 src=\"https:\/\/rafaramirez.org\/blog\/wp-content\/uploads\/photo-gallery\/imported_from_media_libray\/thumb\/service-pnp-cph-3d00000-3d01000-3d01800-3d01815v.jpg?bwg=1739883738\"                 data-src=\"https:\/\/rafaramirez.org\/blog\/wp-content\/uploads\/photo-gallery\/imported_from_media_libray\/thumb\/service-pnp-cph-3d00000-3d01000-3d01800-3d01815v.jpg?bwg=1739883738\"                 data-width=\"491.00\"                 data-height=\"500.00\"                 alt=\"El \u00faltimo campamento espa\u00f1ol en Cuba - CienfuegosResumenHombres en hamacas dentro de un refugio de madera.1899\"                 title=\"El \u00faltimo campamento espa\u00f1ol en Cuba - CienfuegosResumenHombres en hamacas dentro de un refugio de madera.1899\" \/>                      <\/div>        <\/a>                <a  class=\"bwg-a bwg_lightbox bwg_lightbox_0\" href=\"https:\/\/rafaramirez.org\/blog\/wp-content\/uploads\/photo-gallery\/imported_from_media_libray\/service-pnp-stereo-1s20000-1s25000-1s25600-1s25641v.jpg?bwg=1739883738\" data-image-id=\"652\" data-elementor-open-lightbox=\"no\">          <div class=\"bwg_mosaic_thumb_spun_0 bwg-item0 bwg-mosaic-thumb-span \">            <img decoding=\"async\" class=\"bwg_mosaic_thumb_0 skip-lazy bwg_img_clear bwg_img_custom \"                 id=\"652\"                 src=\"https:\/\/rafaramirez.org\/blog\/wp-content\/uploads\/photo-gallery\/imported_from_media_libray\/thumb\/service-pnp-stereo-1s20000-1s25000-1s25600-1s25641v.jpg?bwg=1739883738\"                 data-src=\"https:\/\/rafaramirez.org\/blog\/wp-content\/uploads\/photo-gallery\/imported_from_media_libray\/thumb\/service-pnp-stereo-1s20000-1s25000-1s25600-1s25641v.jpg?bwg=1739883738\"                 data-width=\"500.00\"                 data-height=\"261.00\"                 alt=\"Pe\u00f1\u00f3n de GibraltarResumenNi\u00f1os jugando en primer plano.1934\"                 title=\"Pe\u00f1\u00f3n de GibraltarResumenNi\u00f1os jugando en primer plano.1934\" \/>                      <\/div>        <\/a>                <a  class=\"bwg-a bwg_lightbox bwg_lightbox_0\" href=\"https:\/\/rafaramirez.org\/blog\/wp-content\/uploads\/photo-gallery\/imported_from_media_libray\/service-pnp-stereo-1s20000-1s25000-1s25600-1s25644v.jpg?bwg=1739883738\" data-image-id=\"653\" data-elementor-open-lightbox=\"no\">          <div class=\"bwg_mosaic_thumb_spun_0 bwg-item0 bwg-mosaic-thumb-span \">            <img decoding=\"async\" class=\"bwg_mosaic_thumb_0 skip-lazy bwg_img_clear bwg_img_custom \"                 id=\"653\"                 src=\"https:\/\/rafaramirez.org\/blog\/wp-content\/uploads\/photo-gallery\/imported_from_media_libray\/thumb\/service-pnp-stereo-1s20000-1s25000-1s25600-1s25644v.jpg?bwg=1739883738\"                 data-src=\"https:\/\/rafaramirez.org\/blog\/wp-content\/uploads\/photo-gallery\/imported_from_media_libray\/thumb\/service-pnp-stereo-1s20000-1s25000-1s25600-1s25644v.jpg?bwg=1739883738\"                 data-width=\"500.00\"                 data-height=\"259.00\"                 alt=\"Pe\u00f1\u00f3n de Gibraltar desde la Bah\u00eda Espa\u00f1olaDos personas con barca en la orilla en primer plano.1890-1900\"                 title=\"Pe\u00f1\u00f3n de Gibraltar desde la Bah\u00eda Espa\u00f1olaDos personas con barca en la orilla en primer plano.1890-1900\" \/>                      <\/div>        <\/a>                <a  class=\"bwg-a bwg_lightbox bwg_lightbox_0\" href=\"https:\/\/rafaramirez.org\/blog\/wp-content\/uploads\/photo-gallery\/imported_from_media_libray\/service-pnp-stereo-1s30000-1s37000-1s37400-1s37451v.jpg?bwg=1739883738\" data-image-id=\"654\" data-elementor-open-lightbox=\"no\">          <div class=\"bwg_mosaic_thumb_spun_0 bwg-item0 bwg-mosaic-thumb-span \">            <img decoding=\"async\" class=\"bwg_mosaic_thumb_0 skip-lazy bwg_img_clear bwg_img_custom \"                 id=\"654\"                 src=\"https:\/\/rafaramirez.org\/blog\/wp-content\/uploads\/photo-gallery\/imported_from_media_libray\/thumb\/service-pnp-stereo-1s30000-1s37000-1s37400-1s37451v.jpg?bwg=1739883738\"                 data-src=\"https:\/\/rafaramirez.org\/blog\/wp-content\/uploads\/photo-gallery\/imported_from_media_libray\/thumb\/service-pnp-stereo-1s30000-1s37000-1s37400-1s37451v.jpg?bwg=1739883738\"                 data-width=\"500.00\"                 data-height=\"259.00\"                 alt=\"Antigua fuente \u00e1rabe, C\u00f3rdoba, Espa\u00f1a18xx\"                 title=\"Antigua fuente \u00e1rabe, C\u00f3rdoba, Espa\u00f1a18xx\" \/>                      <\/div>        <\/a>                <a  class=\"bwg-a bwg_lightbox bwg_lightbox_0\" href=\"https:\/\/rafaramirez.org\/blog\/wp-content\/uploads\/photo-gallery\/imported_from_media_libray\/service-pnp-stereo-1s30000-1s37000-1s37500-1s37514v.jpg?bwg=1739883738\" data-image-id=\"655\" data-elementor-open-lightbox=\"no\">          <div class=\"bwg_mosaic_thumb_spun_0 bwg-item0 bwg-mosaic-thumb-span \">            <img decoding=\"async\" class=\"bwg_mosaic_thumb_0 skip-lazy bwg_img_clear bwg_img_custom \"                 id=\"655\"                 src=\"https:\/\/rafaramirez.org\/blog\/wp-content\/uploads\/photo-gallery\/imported_from_media_libray\/thumb\/service-pnp-stereo-1s30000-1s37000-1s37500-1s37514v.jpg?bwg=1739883738\"                 data-src=\"https:\/\/rafaramirez.org\/blog\/wp-content\/uploads\/photo-gallery\/imported_from_media_libray\/thumb\/service-pnp-stereo-1s30000-1s37000-1s37500-1s37514v.jpg?bwg=1739883738\"                 data-width=\"500.00\"                 data-height=\"262.00\"                 alt=\"Pasatiempos de los gitanos, habitantes de cuevas cerca de Granada (Espa\u00f1a). 1902.\"                 title=\"Pasatiempos de los gitanos, habitantes de cuevas cerca de Granada (Espa\u00f1a). 1902.\" \/>                      <\/div>        <\/a>                <a  class=\"bwg-a bwg_lightbox bwg_lightbox_0\" href=\"https:\/\/rafaramirez.org\/blog\/wp-content\/uploads\/photo-gallery\/imported_from_media_libray\/service-pnp-stereo-1s30000-1s37000-1s37500-1s37545v.jpg?bwg=1739883738\" data-image-id=\"656\" data-elementor-open-lightbox=\"no\">          <div class=\"bwg_mosaic_thumb_spun_0 bwg-item0 bwg-mosaic-thumb-span \">            <img decoding=\"async\" class=\"bwg_mosaic_thumb_0 skip-lazy bwg_img_clear bwg_img_custom \"                 id=\"656\"                 src=\"https:\/\/rafaramirez.org\/blog\/wp-content\/uploads\/photo-gallery\/imported_from_media_libray\/thumb\/service-pnp-stereo-1s30000-1s37000-1s37500-1s37545v.jpg?bwg=1739883738\"                 data-src=\"https:\/\/rafaramirez.org\/blog\/wp-content\/uploads\/photo-gallery\/imported_from_media_libray\/thumb\/service-pnp-stereo-1s30000-1s37000-1s37500-1s37545v.jpg?bwg=1739883738\"                 data-width=\"500.00\"                 data-height=\"261.00\"                 alt=\"Vendedor ambulante espa\u00f1ol, Granada, Espa\u00f1a1896\"                 title=\"Vendedor ambulante espa\u00f1ol, Granada, Espa\u00f1a1896\" \/>                      <\/div>        <\/a>                <a  class=\"bwg-a bwg_lightbox bwg_lightbox_0\" href=\"https:\/\/rafaramirez.org\/blog\/wp-content\/uploads\/photo-gallery\/imported_from_media_libray\/service-pnp-stereo-1s30000-1s37000-1s37600-1s37630v.jpg?bwg=1739883738\" data-image-id=\"657\" data-elementor-open-lightbox=\"no\">          <div class=\"bwg_mosaic_thumb_spun_0 bwg-item0 bwg-mosaic-thumb-span \">            <img decoding=\"async\" class=\"bwg_mosaic_thumb_0 skip-lazy bwg_img_clear bwg_img_custom \"                 id=\"657\"                 src=\"https:\/\/rafaramirez.org\/blog\/wp-content\/uploads\/photo-gallery\/imported_from_media_libray\/thumb\/service-pnp-stereo-1s30000-1s37000-1s37600-1s37630v.jpg?bwg=1739883738\"                 data-src=\"https:\/\/rafaramirez.org\/blog\/wp-content\/uploads\/photo-gallery\/imported_from_media_libray\/thumb\/service-pnp-stereo-1s30000-1s37000-1s37600-1s37630v.jpg?bwg=1739883738\"                 data-width=\"500.00\"                 data-height=\"261.00\"                 alt=\"Puerta del Sol, coraz\u00f3n de Madrid, la capital de Espa\u00f1a.1902\"                 title=\"Puerta del Sol, coraz\u00f3n de Madrid, la capital de Espa\u00f1a.1902\" \/>                      <\/div>        <\/a>                <a  class=\"bwg-a bwg_lightbox bwg_lightbox_0\" href=\"https:\/\/rafaramirez.org\/blog\/wp-content\/uploads\/photo-gallery\/imported_from_media_libray\/service-pnp-stereo-1s30000-1s37000-1s37600-1s37679v.jpg?bwg=1739883738\" data-image-id=\"658\" data-elementor-open-lightbox=\"no\">          <div class=\"bwg_mosaic_thumb_spun_0 bwg-item0 bwg-mosaic-thumb-span \">            <img decoding=\"async\" class=\"bwg_mosaic_thumb_0 skip-lazy bwg_img_clear bwg_img_custom \"                 id=\"658\"                 src=\"https:\/\/rafaramirez.org\/blog\/wp-content\/uploads\/photo-gallery\/imported_from_media_libray\/thumb\/service-pnp-stereo-1s30000-1s37000-1s37600-1s37679v.jpg?bwg=1739883738\"                 data-src=\"https:\/\/rafaramirez.org\/blog\/wp-content\/uploads\/photo-gallery\/imported_from_media_libray\/thumb\/service-pnp-stereo-1s30000-1s37000-1s37600-1s37679v.jpg?bwg=1739883738\"                 data-width=\"500.00\"                 data-height=\"262.00\"                 alt=\"Andaluc\u00eda pintoresca: un poco del casco antiguo de Ronda (Espa\u00f1a).Resumen.En primer plano, gente con burros en la carretera y, al fondo, casas en una colina. 1902\"                 title=\"Andaluc\u00eda pintoresca: un poco del casco antiguo de Ronda (Espa\u00f1a).Resumen.En primer plano, gente con burros en la carretera y, al fondo, casas en una colina. 1902\" \/>                      <\/div>        <\/a>                <a  class=\"bwg-a bwg_lightbox bwg_lightbox_0\" href=\"https:\/\/rafaramirez.org\/blog\/wp-content\/uploads\/photo-gallery\/imported_from_media_libray\/service-pnp-stereo-1s30000-1s37000-1s37600-1s37683v.jpg?bwg=1739883738\" data-image-id=\"659\" data-elementor-open-lightbox=\"no\">          <div class=\"bwg_mosaic_thumb_spun_0 bwg-item0 bwg-mosaic-thumb-span \">            <img decoding=\"async\" class=\"bwg_mosaic_thumb_0 skip-lazy bwg_img_clear bwg_img_custom \"                 id=\"659\"                 src=\"https:\/\/rafaramirez.org\/blog\/wp-content\/uploads\/photo-gallery\/imported_from_media_libray\/thumb\/service-pnp-stereo-1s30000-1s37000-1s37600-1s37683v.jpg?bwg=1739883738\"                 data-src=\"https:\/\/rafaramirez.org\/blog\/wp-content\/uploads\/photo-gallery\/imported_from_media_libray\/thumb\/service-pnp-stereo-1s30000-1s37000-1s37600-1s37683v.jpg?bwg=1739883738\"                 data-width=\"500.00\"                 data-height=\"261.00\"                 alt=\"Una calle de la pintoresca Santander, Espa\u00f1a1909\"                 title=\"Una calle de la pintoresca Santander, Espa\u00f1a1909\" \/>                      <\/div>        <\/a>                <a  class=\"bwg-a bwg_lightbox bwg_lightbox_0\" href=\"https:\/\/rafaramirez.org\/blog\/wp-content\/uploads\/photo-gallery\/imported_from_media_libray\/service-pnp-van-5a52000-5a52500-5a52567r.jpg?bwg=1739883738\" data-image-id=\"660\" data-elementor-open-lightbox=\"no\">          <div class=\"bwg_mosaic_thumb_spun_0 bwg-item0 bwg-mosaic-thumb-span \">            <img decoding=\"async\" class=\"bwg_mosaic_thumb_0 skip-lazy bwg_img_clear bwg_img_custom \"                 id=\"660\"                 src=\"https:\/\/rafaramirez.org\/blog\/wp-content\/uploads\/photo-gallery\/imported_from_media_libray\/thumb\/service-pnp-van-5a52000-5a52500-5a52567r.jpg?bwg=1739883738\"                 data-src=\"https:\/\/rafaramirez.org\/blog\/wp-content\/uploads\/photo-gallery\/imported_from_media_libray\/thumb\/service-pnp-van-5a52000-5a52500-5a52567r.jpg?bwg=1739883738\"                 data-width=\"500.00\"                 data-height=\"327.00\"                 alt=\"Retrato de Man Ray y Salvador Dal\u00ed en Par\u00eds.Resumen: fotograf\u00eda de Man Ray y Salvador Dal\u00ed en Par\u00eds.Fotograf\u00eda que muestra a Man Ray, un artista visual estadounidense, y a Salvador Dal\u00ed, un artista surrealista espa\u00f1ol.Junio 1934\"                 title=\"Retrato de Man Ray y Salvador Dal\u00ed en Par\u00eds.Resumen: fotograf\u00eda de Man Ray y Salvador Dal\u00ed en Par\u00eds.Fotograf\u00eda que muestra a Man Ray, un artista visual estadounidense, y a Salvador Dal\u00ed, un artista surrealista espa\u00f1ol.Junio 1934\" \/>                      <\/div>        <\/a>            <\/div>    <\/div>    <style>      \/*pagination styles*\/      #bwg_container1_0 #bwg_container2_0 .tablenav-pages_0 {\t\t\t\ttext-align: center;\t\t\t\tfont-size: 12px;\t\t\t\tfont-family: Ubuntu;\t\t\t\tfont-weight: bold;\t\t\t\tcolor: #666666;\t\t\t\tmargin: 6px 0 4px;\t\t\t\tdisplay: block;      }      @media only screen and (max-width : 320px) {      #bwg_container1_0 #bwg_container2_0 .displaying-num_0 {     \t display: none;      }      }      #bwg_container1_0 #bwg_container2_0 .displaying-num_0 {\t\t\t\tfont-size: 12px;\t\t\t\tfont-family: Ubuntu;\t\t\t\tfont-weight: bold;\t\t\t\tcolor: #666666;\t\t\t\tmargin-right: 10px;\t\t\t\tvertical-align: middle;      }      #bwg_container1_0 #bwg_container2_0 .paging-input_0 {\t\t\t\tfont-size: 12px;\t\t\t\tfont-family: Ubuntu;\t\t\t\tfont-weight: bold;\t\t\t\tcolor: #666666;\t\t\t\tvertical-align: middle;      }      #bwg_container1_0 #bwg_container2_0 .tablenav-pages_0 a.disabled,      #bwg_container1_0 #bwg_container2_0 .tablenav-pages_0 a.disabled:hover,      #bwg_container1_0 #bwg_container2_0 .tablenav-pages_0 a.disabled:focus,\t\t\t#bwg_container1_0 #bwg_container2_0 .tablenav-pages_0 input.bwg_current_page {\t\t\t\tcursor: default;\t\t\t\tcolor: rgba(102, 102, 102, 0.5);      }      #bwg_container1_0 #bwg_container2_0 .tablenav-pages_0 a,      #bwg_container1_0 #bwg_container2_0 .tablenav-pages_0 input.bwg_current_page {\t\t\t\tcursor: pointer;\t\t\t\ttext-align: center;\t\t\t\tfont-size: 12px;\t\t\t\tfont-family: Ubuntu;\t\t\t\tfont-weight: bold;\t\t\t\tcolor: #666666;\t\t\t\ttext-decoration: none;\t\t\t\tpadding: 3px 6px;\t\t\t\tmargin: 0;\t\t\t\tborder-radius: 0;\t\t\t\tborder-style: solid;\t\t\t\tborder-width: 1px;\t\t\t\tborder-color: #E3E3E3;\t\t\t\t\t\t\t\tbackground-color: rgba(255, 255, 255, 1.00);\t\t\t\tbox-shadow: 0;\t\t\t\ttransition: all 0.3s ease 0s;-webkit-transition: all 0.3s ease 0s;      }      <\/style>      <span class=\"bwg_nav_cont_0\">              <div class=\"tablenav-pages_0\">                  <\/div>                <input type=\"hidden\" id=\"page_number_0\" name=\"page_number_0\" value=\"1\" \/>      <script type=\"text\/javascript\">        if( jQuery('.bwg_nav_cont_0').length > 1 ) {          jQuery('.bwg_nav_cont_0').first().remove()        }        function spider_page_0(cur, x, y, load_more) {          if (typeof load_more == \"undefined\") {            var load_more = false;          }          if (jQuery(cur).hasClass('disabled')) {            return false;          }          var items_county_0 = 1;          switch (y) {            case 1:              if (x >= items_county_0) {                document.getElementById('page_number_0').value = items_county_0;              }              else {                document.getElementById('page_number_0').value = x + 1;              }              break;            case 2:              document.getElementById('page_number_0').value = items_county_0;              break;            case -1:              if (x == 1) {                document.getElementById('page_number_0').value = 1;              }              else {                document.getElementById('page_number_0').value = x - 1;              }              break;            case -2:              document.getElementById('page_number_0').value = 1;              break;\t\t\t\t\t\tcase 0:              document.getElementById('page_number_0').value = x;              break;            default:              document.getElementById('page_number_0').value = 1;          }          bwg_ajax('gal_front_form_0', '0', 'bwg_thumbnails_mosaic_0', '0', '', 'gallery', 0, '', '', load_more, '', 1);        }                    jQuery('.first-page-0').on('click', function () {              spider_page_0(this, 1, -2, 'numeric');              return false;            });            jQuery('.prev-page-0').on('click', function () {              spider_page_0(this, 1, -1, 'numeric');              return false;            });            jQuery('.next-page-0').on('click', function () {              spider_page_0(this, 1, 1, 'numeric');              return false;            });            jQuery('.last-page-0').on('click', function () {              spider_page_0(this, 1, 2, 'numeric');              return false;            });        \t\t\t\t\/* Change page on input enter. *\/        function bwg_change_page_0( e, that ) {          if (  e.key == 'Enter' ) {            var to_page = parseInt(jQuery(that).val());            var pages_count = jQuery(that).parents(\".pagination-links\").data(\"pages-count\");            var current_url_param = jQuery(that).attr('data-url-info');            if (to_page > pages_count) {              to_page = 1;            }\t \t\t\t\t\t\t\t\t\t\t\t\tspider_page_0(this, to_page, 0, 'numeric');\t\t\t\t\t\t\treturn false;\t\t\t\t\t\t          }          return true;        }        jQuery('.bwg_load_btn_0').on('click', function () {            spider_page_0(this, 1, 1, true);            return false;        });      <\/script>      <\/span>                <\/div>        <\/form>        <style>          #bwg_container1_0 #bwg_container2_0 #spider_popup_overlay_0 {          background-color: #EEEEEE;          opacity: 0.60;          }          <\/style>        <div id=\"bwg_spider_popup_loading_0\" class=\"bwg_spider_popup_loading\"><\/div>        <div id=\"spider_popup_overlay_0\" class=\"spider_popup_overlay\" onclick=\"spider_destroypopup(1000)\"><\/div>        <input type=\"hidden\" id=\"bwg_random_seed_0\" value=\"238522\">                <\/div>    <\/div>    <script>      if (document.readyState === 'complete') {        if( typeof bwg_main_ready == 'function' ) {          if ( jQuery(\"#bwg_container1_0\").height() ) {            bwg_main_ready(jQuery(\"#bwg_container1_0\"));          }        }      } else {        document.addEventListener('DOMContentLoaded', function() {          if( typeof bwg_main_ready == 'function' ) {            if ( jQuery(\"#bwg_container1_0\").height() ) {             bwg_main_ready(jQuery(\"#bwg_container1_0\"));            }          }        });      }    <\/script>    \n<p>La belleza de estas fotograf\u00edas radica no solo en su valor est\u00e9tico, sino tambi\u00e9n en su capacidad para hacernos sentir nostalgia y admiraci\u00f3n. Nos invitan a reflexionar sobre las ra\u00edces y tradiciones que han moldeado la identidad espa\u00f1ola y nos recuerdan la importancia de preservar nuestro patrimonio cultural.<\/p>\n<p>Adem\u00e1s, estas im\u00e1genes son una fuente de inspiraci\u00f3n para artistas, historiadores y aficionados a la fotograf\u00eda. Nos permiten apreciar el arte de la fotograf\u00eda en sus inicios, cuando capturar una imagen supon\u00eda un gran esfuerzo y exig\u00eda gran habilidad t\u00e9cnica. Cada fotograf\u00eda nos cuenta una historia y nos invita a explorar m\u00e1s a fondo las vidas de quienes vivieron en aquella \u00e9poca.<\/p>\n<p>En resumen, estas fotograf\u00edas vintage son un testimonio enriquecedor y hermoso de nuestro pasado. Nos permiten conectar de manera tangible con nuestras ra\u00edces, nos ofrecen la oportunidad de aprender y reflexionar, y constituyen una fuente inagotable de inspiraci\u00f3n.<\/p>\n<p>M\u00e1s informaci\u00f3n:<\/p>\n<ul>\n<li><a href=\"https:\/\/rafaramirez.org\/blog\/index.php\/category\/vintage\/\" target=\"_blank\" rel=\"noopener\">M\u00e1s fotos vintage<\/a>.<\/li>\n<li><a href=\"https:\/\/rafaramirez.org\/blog\/index.php\/2024\/09\/03\/fotos-antiguas-de-malaga-siglos-xix-y-principios-del-xx\/\" target=\"_blank\" rel=\"noopener\">Fotos antiguas de M\u00e1laga (siglos XIX y XX)<\/a>.<\/li>\n<li><a href=\"https:\/\/rafaramirez.org\/blog\/index.php\/2024\/07\/22\/fotos-veraniegas-de-playa-de-principios-del-siglo-xx\/\" target=\"_blank\" rel=\"noopener\">Fotos veraniegas de playa de principios del siglo XX<\/a>.<\/li>\n<li><a href=\"https:\/\/es.pinterest.com\/Ramirez_Rafa\/vintage\/\" target=\"_blank\" rel=\"noopener\">En Pinterest<\/a>.<\/li>\n<\/ul>\n","protected":false},"excerpt":{"rendered":"<p>Hoy os presento una serie de fotograf\u00edas antiguas de Espa\u00f1a y espa\u00f1oles de los siglos XIX y principios del XX. Las fotograf\u00edas vintage son un tesoro invaluable que nos conecta con un pasado lleno de historia, cultura y emociones. Estas im\u00e1genes capturan momentos \u00fanicos y cotidianos, y nos ofrecen una ventana al pasado que nos [&hellip;]<\/p>\n","protected":false},"author":1,"featured_media":8189,"comment_status":"open","ping_status":"closed","sticky":false,"template":"","format":"standard","meta":{"site-container-style":"default","site-container-layout":"default","site-sidebar-layout":"default","disable-article-header":"default","disable-site-header":"default","disable-site-footer":"default","disable-content-area-spacing":"default","_jetpack_newsletter_access":"","_jetpack_dont_email_post_to_subs":false,"_jetpack_newsletter_tier_id":0,"_jetpack_memberships_contains_paywalled_content":false,"_jetpack_feature_clip_id":0,"_jetpack_memberships_contains_paid_content":false,"footnotes":"","jetpack_publicize_message":"","jetpack_publicize_feature_enabled":true,"jetpack_social_post_already_shared":true,"jetpack_social_options":{"image_generator_settings":{"template":"highway","default_image_id":0,"font":"","enabled":false},"version":2},"jetpack_post_was_ever_published":false},"categories":[12],"tags":[3154,3258,4059,4060,1550,509],"class_list":["post-8171","post","type-post","status-publish","format-standard","has-post-thumbnail","hentry","category-vintage","tag-fotografias","tag-fotografias-antiguas","tag-fotos-antiguas-de-espana","tag-fotos-antiguas-de-espanoles","tag-fotos-vintage","tag-vintage"],"yoast_head":"<!-- This site is optimized with the Yoast SEO plugin v28.4 - https:\/\/yoast.com\/product\/yoast-seo-wordpress\/ -->\n<title>Fotograf\u00edas antiguas de Espa\u00f1a y espa\u00f1oles de los siglos XIX y XX. Fotograf\u00edas vintage. - Blog de Rafael Ram\u00edrez<\/title>\n<meta name=\"description\" content=\"Estas son fotograf\u00edas antiguas de Espa\u00f1a y de espa\u00f1oles de los siglos XIX y principios del XX. Espero que os gusten y que descubr\u00e1is c\u00f3mo...\" \/>\n<meta name=\"robots\" content=\"index, follow, max-snippet:-1, max-image-preview:large, max-video-preview:-1\" \/>\n<link rel=\"canonical\" href=\"https:\/\/rafaramirez.org\/blog\/index.php\/2025\/02\/25\/fotografias-antiguas-de-espana-y-espanoles\/\" \/>\n<meta property=\"og:locale\" content=\"es_ES\" \/>\n<meta property=\"og:type\" content=\"article\" \/>\n<meta property=\"og:title\" content=\"Fotograf\u00edas antiguas de Espa\u00f1a y espa\u00f1oles de los siglos XIX y XX. Fotograf\u00edas vintage. - Blog de Rafael Ram\u00edrez\" \/>\n<meta property=\"og:description\" content=\"Estas son fotograf\u00edas antiguas de Espa\u00f1a y de espa\u00f1oles de los siglos XIX y principios del XX. Espero que os gusten y que descubr\u00e1is c\u00f3mo...\" \/>\n<meta property=\"og:url\" content=\"https:\/\/rafaramirez.org\/blog\/index.php\/2025\/02\/25\/fotografias-antiguas-de-espana-y-espanoles\/\" \/>\n<meta property=\"og:site_name\" content=\"Blog de Rafael Ram\u00edrez\" \/>\n<meta property=\"article:published_time\" content=\"2025-02-25T07:15:08+00:00\" \/>\n<meta property=\"og:image\" content=\"https:\/\/rafaramirez.org\/blog\/wp-content\/uploads\/2025\/02\/Fotografia_vintage_espana_y_espanoles_banner.jpg\" \/>\n\t<meta property=\"og:image:width\" content=\"720\" \/>\n\t<meta property=\"og:image:height\" content=\"440\" \/>\n\t<meta property=\"og:image:type\" content=\"image\/jpeg\" \/>\n<meta name=\"author\" content=\"Rafael Ram\u00edrez\" \/>\n<meta name=\"twitter:card\" content=\"summary_large_image\" \/>\n<meta name=\"twitter:creator\" content=\"@rafaramirez_ok\" \/>\n<meta name=\"twitter:site\" content=\"@rafaramirez_ok\" \/>\n<meta name=\"twitter:label1\" content=\"Escrito por\" \/>\n\t<meta name=\"twitter:data1\" content=\"Rafael Ram\u00edrez\" \/>\n\t<meta name=\"twitter:label2\" content=\"Tiempo de lectura\" \/>\n\t<meta name=\"twitter:data2\" content=\"2 minutos\" \/>\n<script type=\"application\/ld+json\" class=\"yoast-schema-graph\">{\"@context\":\"https:\\\/\\\/schema.org\",\"@graph\":[{\"@type\":\"Article\",\"@id\":\"https:\\\/\\\/rafaramirez.org\\\/blog\\\/index.php\\\/2025\\\/02\\\/25\\\/fotografias-antiguas-de-espana-y-espanoles\\\/#article\",\"isPartOf\":{\"@id\":\"https:\\\/\\\/rafaramirez.org\\\/blog\\\/index.php\\\/2025\\\/02\\\/25\\\/fotografias-antiguas-de-espana-y-espanoles\\\/\"},\"author\":{\"name\":\"Rafael Ram\u00edrez\",\"@id\":\"https:\\\/\\\/rafaramirez.org\\\/blog\\\/#\\\/schema\\\/person\\\/50f43b6d60c578760d4c17bda54ab6a5\"},\"headline\":\"Fotograf\u00edas antiguas de Espa\u00f1a y espa\u00f1oles de los siglos XIX y XX. Fotograf\u00edas vintage.\",\"datePublished\":\"2025-02-25T07:15:08+00:00\",\"mainEntityOfPage\":{\"@id\":\"https:\\\/\\\/rafaramirez.org\\\/blog\\\/index.php\\\/2025\\\/02\\\/25\\\/fotografias-antiguas-de-espana-y-espanoles\\\/\"},\"wordCount\":381,\"commentCount\":0,\"publisher\":{\"@id\":\"https:\\\/\\\/rafaramirez.org\\\/blog\\\/#\\\/schema\\\/person\\\/50f43b6d60c578760d4c17bda54ab6a5\"},\"image\":{\"@id\":\"https:\\\/\\\/rafaramirez.org\\\/blog\\\/index.php\\\/2025\\\/02\\\/25\\\/fotografias-antiguas-de-espana-y-espanoles\\\/#primaryimage\"},\"thumbnailUrl\":\"https:\\\/\\\/rafaramirez.org\\\/blog\\\/wp-content\\\/uploads\\\/2025\\\/02\\\/Fotografia_vintage_espana_y_espanoles_banner.jpg\",\"keywords\":[\"fotograf\u00edas\",\"fotograf\u00edas antiguas\",\"fotos antiguas de Espa\u00f1a\",\"fotos antiguas de espa\u00f1oles\",\"fotos vintage\",\"vintage\"],\"articleSection\":[\"Vintage\"],\"inLanguage\":\"es\",\"potentialAction\":[{\"@type\":\"CommentAction\",\"name\":\"Comment\",\"target\":[\"https:\\\/\\\/rafaramirez.org\\\/blog\\\/index.php\\\/2025\\\/02\\\/25\\\/fotografias-antiguas-de-espana-y-espanoles\\\/#respond\"]}]},{\"@type\":\"WebPage\",\"@id\":\"https:\\\/\\\/rafaramirez.org\\\/blog\\\/index.php\\\/2025\\\/02\\\/25\\\/fotografias-antiguas-de-espana-y-espanoles\\\/\",\"url\":\"https:\\\/\\\/rafaramirez.org\\\/blog\\\/index.php\\\/2025\\\/02\\\/25\\\/fotografias-antiguas-de-espana-y-espanoles\\\/\",\"name\":\"Fotograf\u00edas antiguas de Espa\u00f1a y espa\u00f1oles de los siglos XIX y XX. Fotograf\u00edas vintage. - Blog de Rafael Ram\u00edrez\",\"isPartOf\":{\"@id\":\"https:\\\/\\\/rafaramirez.org\\\/blog\\\/#website\"},\"primaryImageOfPage\":{\"@id\":\"https:\\\/\\\/rafaramirez.org\\\/blog\\\/index.php\\\/2025\\\/02\\\/25\\\/fotografias-antiguas-de-espana-y-espanoles\\\/#primaryimage\"},\"image\":{\"@id\":\"https:\\\/\\\/rafaramirez.org\\\/blog\\\/index.php\\\/2025\\\/02\\\/25\\\/fotografias-antiguas-de-espana-y-espanoles\\\/#primaryimage\"},\"thumbnailUrl\":\"https:\\\/\\\/rafaramirez.org\\\/blog\\\/wp-content\\\/uploads\\\/2025\\\/02\\\/Fotografia_vintage_espana_y_espanoles_banner.jpg\",\"datePublished\":\"2025-02-25T07:15:08+00:00\",\"description\":\"Estas son fotograf\u00edas antiguas de Espa\u00f1a y de espa\u00f1oles de los siglos XIX y principios del XX. Espero que os gusten y que descubr\u00e1is c\u00f3mo...\",\"breadcrumb\":{\"@id\":\"https:\\\/\\\/rafaramirez.org\\\/blog\\\/index.php\\\/2025\\\/02\\\/25\\\/fotografias-antiguas-de-espana-y-espanoles\\\/#breadcrumb\"},\"inLanguage\":\"es\",\"potentialAction\":[{\"@type\":\"ReadAction\",\"target\":[\"https:\\\/\\\/rafaramirez.org\\\/blog\\\/index.php\\\/2025\\\/02\\\/25\\\/fotografias-antiguas-de-espana-y-espanoles\\\/\"]}]},{\"@type\":\"ImageObject\",\"inLanguage\":\"es\",\"@id\":\"https:\\\/\\\/rafaramirez.org\\\/blog\\\/index.php\\\/2025\\\/02\\\/25\\\/fotografias-antiguas-de-espana-y-espanoles\\\/#primaryimage\",\"url\":\"https:\\\/\\\/rafaramirez.org\\\/blog\\\/wp-content\\\/uploads\\\/2025\\\/02\\\/Fotografia_vintage_espana_y_espanoles_banner.jpg\",\"contentUrl\":\"https:\\\/\\\/rafaramirez.org\\\/blog\\\/wp-content\\\/uploads\\\/2025\\\/02\\\/Fotografia_vintage_espana_y_espanoles_banner.jpg\",\"width\":720,\"height\":440,\"caption\":\"Fotos antiguas de Espa\u00f1a y espa\u00f1oles. Blog de Rafael Ram\u00edrez.\"},{\"@type\":\"BreadcrumbList\",\"@id\":\"https:\\\/\\\/rafaramirez.org\\\/blog\\\/index.php\\\/2025\\\/02\\\/25\\\/fotografias-antiguas-de-espana-y-espanoles\\\/#breadcrumb\",\"itemListElement\":[{\"@type\":\"ListItem\",\"position\":1,\"name\":\"Portada\",\"item\":\"https:\\\/\\\/rafaramirez.org\\\/blog\\\/\"},{\"@type\":\"ListItem\",\"position\":2,\"name\":\"Fotograf\u00edas antiguas de Espa\u00f1a y espa\u00f1oles de los siglos XIX y XX. Fotograf\u00edas vintage.\"}]},{\"@type\":\"WebSite\",\"@id\":\"https:\\\/\\\/rafaramirez.org\\\/blog\\\/#website\",\"url\":\"https:\\\/\\\/rafaramirez.org\\\/blog\\\/\",\"name\":\"Blog de Rafael Ram\u00edrez\",\"description\":\"Un sitio social, de arte y cultura\",\"publisher\":{\"@id\":\"https:\\\/\\\/rafaramirez.org\\\/blog\\\/#\\\/schema\\\/person\\\/50f43b6d60c578760d4c17bda54ab6a5\"},\"potentialAction\":[{\"@type\":\"SearchAction\",\"target\":{\"@type\":\"EntryPoint\",\"urlTemplate\":\"https:\\\/\\\/rafaramirez.org\\\/blog\\\/?s={search_term_string}\"},\"query-input\":{\"@type\":\"PropertyValueSpecification\",\"valueRequired\":true,\"valueName\":\"search_term_string\"}}],\"inLanguage\":\"es\"},{\"@type\":[\"Person\",\"Organization\"],\"@id\":\"https:\\\/\\\/rafaramirez.org\\\/blog\\\/#\\\/schema\\\/person\\\/50f43b6d60c578760d4c17bda54ab6a5\",\"name\":\"Rafael Ram\u00edrez\",\"image\":{\"@type\":\"ImageObject\",\"inLanguage\":\"es\",\"@id\":\"https:\\\/\\\/rafaramirez.org\\\/blog\\\/wp-content\\\/uploads\\\/2024\\\/09\\\/RR_socialnetwork.jpg\",\"url\":\"https:\\\/\\\/rafaramirez.org\\\/blog\\\/wp-content\\\/uploads\\\/2024\\\/09\\\/RR_socialnetwork.jpg\",\"contentUrl\":\"https:\\\/\\\/rafaramirez.org\\\/blog\\\/wp-content\\\/uploads\\\/2024\\\/09\\\/RR_socialnetwork.jpg\",\"width\":600,\"height\":606,\"caption\":\"Rafael Ram\u00edrez\"},\"logo\":{\"@id\":\"https:\\\/\\\/rafaramirez.org\\\/blog\\\/wp-content\\\/uploads\\\/2024\\\/09\\\/RR_socialnetwork.jpg\"},\"sameAs\":[\"https:\\\/\\\/www.rafaramirez.org\\\/blog\",\"https:\\\/\\\/www.instagram.com\\\/rafaramirez_ok\\\/\",\"https:\\\/\\\/es.pinterest.com\\\/Ramirez_Rafa\\\/\",\"https:\\\/\\\/x.com\\\/rafaramirez_ok\"],\"url\":\"https:\\\/\\\/rafaramirez.org\\\/blog\\\/index.php\\\/author\\\/rafaell_qm6j97da\\\/\"}]}<\/script>\n<!-- \/ Yoast SEO plugin. -->","yoast_head_json":{"title":"Fotograf\u00edas antiguas de Espa\u00f1a y espa\u00f1oles de los siglos XIX y XX. Fotograf\u00edas vintage. - Blog de Rafael Ram\u00edrez","description":"Estas son fotograf\u00edas antiguas de Espa\u00f1a y de espa\u00f1oles de los siglos XIX y principios del XX. Espero que os gusten y que descubr\u00e1is c\u00f3mo...","robots":{"index":"index","follow":"follow","max-snippet":"max-snippet:-1","max-image-preview":"max-image-preview:large","max-video-preview":"max-video-preview:-1"},"canonical":"https:\/\/rafaramirez.org\/blog\/index.php\/2025\/02\/25\/fotografias-antiguas-de-espana-y-espanoles\/","og_locale":"es_ES","og_type":"article","og_title":"Fotograf\u00edas antiguas de Espa\u00f1a y espa\u00f1oles de los siglos XIX y XX. Fotograf\u00edas vintage. - Blog de Rafael Ram\u00edrez","og_description":"Estas son fotograf\u00edas antiguas de Espa\u00f1a y de espa\u00f1oles de los siglos XIX y principios del XX. Espero que os gusten y que descubr\u00e1is c\u00f3mo...","og_url":"https:\/\/rafaramirez.org\/blog\/index.php\/2025\/02\/25\/fotografias-antiguas-de-espana-y-espanoles\/","og_site_name":"Blog de Rafael Ram\u00edrez","article_published_time":"2025-02-25T07:15:08+00:00","og_image":[{"width":720,"height":440,"url":"https:\/\/rafaramirez.org\/blog\/wp-content\/uploads\/2025\/02\/Fotografia_vintage_espana_y_espanoles_banner.jpg","type":"image\/jpeg"}],"author":"Rafael Ram\u00edrez","twitter_card":"summary_large_image","twitter_creator":"@rafaramirez_ok","twitter_site":"@rafaramirez_ok","twitter_misc":{"Escrito por":"Rafael Ram\u00edrez","Tiempo de lectura":"2 minutos"},"schema":{"@context":"https:\/\/schema.org","@graph":[{"@type":"Article","@id":"https:\/\/rafaramirez.org\/blog\/index.php\/2025\/02\/25\/fotografias-antiguas-de-espana-y-espanoles\/#article","isPartOf":{"@id":"https:\/\/rafaramirez.org\/blog\/index.php\/2025\/02\/25\/fotografias-antiguas-de-espana-y-espanoles\/"},"author":{"name":"Rafael Ram\u00edrez","@id":"https:\/\/rafaramirez.org\/blog\/#\/schema\/person\/50f43b6d60c578760d4c17bda54ab6a5"},"headline":"Fotograf\u00edas antiguas de Espa\u00f1a y espa\u00f1oles de los siglos XIX y XX. Fotograf\u00edas vintage.","datePublished":"2025-02-25T07:15:08+00:00","mainEntityOfPage":{"@id":"https:\/\/rafaramirez.org\/blog\/index.php\/2025\/02\/25\/fotografias-antiguas-de-espana-y-espanoles\/"},"wordCount":381,"commentCount":0,"publisher":{"@id":"https:\/\/rafaramirez.org\/blog\/#\/schema\/person\/50f43b6d60c578760d4c17bda54ab6a5"},"image":{"@id":"https:\/\/rafaramirez.org\/blog\/index.php\/2025\/02\/25\/fotografias-antiguas-de-espana-y-espanoles\/#primaryimage"},"thumbnailUrl":"https:\/\/rafaramirez.org\/blog\/wp-content\/uploads\/2025\/02\/Fotografia_vintage_espana_y_espanoles_banner.jpg","keywords":["fotograf\u00edas","fotograf\u00edas antiguas","fotos antiguas de Espa\u00f1a","fotos antiguas de espa\u00f1oles","fotos vintage","vintage"],"articleSection":["Vintage"],"inLanguage":"es","potentialAction":[{"@type":"CommentAction","name":"Comment","target":["https:\/\/rafaramirez.org\/blog\/index.php\/2025\/02\/25\/fotografias-antiguas-de-espana-y-espanoles\/#respond"]}]},{"@type":"WebPage","@id":"https:\/\/rafaramirez.org\/blog\/index.php\/2025\/02\/25\/fotografias-antiguas-de-espana-y-espanoles\/","url":"https:\/\/rafaramirez.org\/blog\/index.php\/2025\/02\/25\/fotografias-antiguas-de-espana-y-espanoles\/","name":"Fotograf\u00edas antiguas de Espa\u00f1a y espa\u00f1oles de los siglos XIX y XX. Fotograf\u00edas vintage. - Blog de Rafael Ram\u00edrez","isPartOf":{"@id":"https:\/\/rafaramirez.org\/blog\/#website"},"primaryImageOfPage":{"@id":"https:\/\/rafaramirez.org\/blog\/index.php\/2025\/02\/25\/fotografias-antiguas-de-espana-y-espanoles\/#primaryimage"},"image":{"@id":"https:\/\/rafaramirez.org\/blog\/index.php\/2025\/02\/25\/fotografias-antiguas-de-espana-y-espanoles\/#primaryimage"},"thumbnailUrl":"https:\/\/rafaramirez.org\/blog\/wp-content\/uploads\/2025\/02\/Fotografia_vintage_espana_y_espanoles_banner.jpg","datePublished":"2025-02-25T07:15:08+00:00","description":"Estas son fotograf\u00edas antiguas de Espa\u00f1a y de espa\u00f1oles de los siglos XIX y principios del XX. Espero que os gusten y que descubr\u00e1is c\u00f3mo...","breadcrumb":{"@id":"https:\/\/rafaramirez.org\/blog\/index.php\/2025\/02\/25\/fotografias-antiguas-de-espana-y-espanoles\/#breadcrumb"},"inLanguage":"es","potentialAction":[{"@type":"ReadAction","target":["https:\/\/rafaramirez.org\/blog\/index.php\/2025\/02\/25\/fotografias-antiguas-de-espana-y-espanoles\/"]}]},{"@type":"ImageObject","inLanguage":"es","@id":"https:\/\/rafaramirez.org\/blog\/index.php\/2025\/02\/25\/fotografias-antiguas-de-espana-y-espanoles\/#primaryimage","url":"https:\/\/rafaramirez.org\/blog\/wp-content\/uploads\/2025\/02\/Fotografia_vintage_espana_y_espanoles_banner.jpg","contentUrl":"https:\/\/rafaramirez.org\/blog\/wp-content\/uploads\/2025\/02\/Fotografia_vintage_espana_y_espanoles_banner.jpg","width":720,"height":440,"caption":"Fotos antiguas de Espa\u00f1a y espa\u00f1oles. Blog de Rafael Ram\u00edrez."},{"@type":"BreadcrumbList","@id":"https:\/\/rafaramirez.org\/blog\/index.php\/2025\/02\/25\/fotografias-antiguas-de-espana-y-espanoles\/#breadcrumb","itemListElement":[{"@type":"ListItem","position":1,"name":"Portada","item":"https:\/\/rafaramirez.org\/blog\/"},{"@type":"ListItem","position":2,"name":"Fotograf\u00edas antiguas de Espa\u00f1a y espa\u00f1oles de los siglos XIX y XX. Fotograf\u00edas vintage."}]},{"@type":"WebSite","@id":"https:\/\/rafaramirez.org\/blog\/#website","url":"https:\/\/rafaramirez.org\/blog\/","name":"Blog de Rafael Ram\u00edrez","description":"Un sitio social, de arte y cultura","publisher":{"@id":"https:\/\/rafaramirez.org\/blog\/#\/schema\/person\/50f43b6d60c578760d4c17bda54ab6a5"},"potentialAction":[{"@type":"SearchAction","target":{"@type":"EntryPoint","urlTemplate":"https:\/\/rafaramirez.org\/blog\/?s={search_term_string}"},"query-input":{"@type":"PropertyValueSpecification","valueRequired":true,"valueName":"search_term_string"}}],"inLanguage":"es"},{"@type":["Person","Organization"],"@id":"https:\/\/rafaramirez.org\/blog\/#\/schema\/person\/50f43b6d60c578760d4c17bda54ab6a5","name":"Rafael Ram\u00edrez","image":{"@type":"ImageObject","inLanguage":"es","@id":"https:\/\/rafaramirez.org\/blog\/wp-content\/uploads\/2024\/09\/RR_socialnetwork.jpg","url":"https:\/\/rafaramirez.org\/blog\/wp-content\/uploads\/2024\/09\/RR_socialnetwork.jpg","contentUrl":"https:\/\/rafaramirez.org\/blog\/wp-content\/uploads\/2024\/09\/RR_socialnetwork.jpg","width":600,"height":606,"caption":"Rafael Ram\u00edrez"},"logo":{"@id":"https:\/\/rafaramirez.org\/blog\/wp-content\/uploads\/2024\/09\/RR_socialnetwork.jpg"},"sameAs":["https:\/\/www.rafaramirez.org\/blog","https:\/\/www.instagram.com\/rafaramirez_ok\/","https:\/\/es.pinterest.com\/Ramirez_Rafa\/","https:\/\/x.com\/rafaramirez_ok"],"url":"https:\/\/rafaramirez.org\/blog\/index.php\/author\/rafaell_qm6j97da\/"}]}},"jetpack_publicize_connections":[],"jetpack_sharing_enabled":true,"jetpack_likes_enabled":true,"jetpack_featured_media_url":"https:\/\/rafaramirez.org\/blog\/wp-content\/uploads\/2025\/02\/Fotografia_vintage_espana_y_espanoles_banner.jpg","_links":{"self":[{"href":"https:\/\/rafaramirez.org\/blog\/index.php\/wp-json\/wp\/v2\/posts\/8171","targetHints":{"allow":["GET"]}}],"collection":[{"href":"https:\/\/rafaramirez.org\/blog\/index.php\/wp-json\/wp\/v2\/posts"}],"about":[{"href":"https:\/\/rafaramirez.org\/blog\/index.php\/wp-json\/wp\/v2\/types\/post"}],"author":[{"embeddable":true,"href":"https:\/\/rafaramirez.org\/blog\/index.php\/wp-json\/wp\/v2\/users\/1"}],"replies":[{"embeddable":true,"href":"https:\/\/rafaramirez.org\/blog\/index.php\/wp-json\/wp\/v2\/comments?post=8171"}],"version-history":[{"count":9,"href":"https:\/\/rafaramirez.org\/blog\/index.php\/wp-json\/wp\/v2\/posts\/8171\/revisions"}],"predecessor-version":[{"id":8195,"href":"https:\/\/rafaramirez.org\/blog\/index.php\/wp-json\/wp\/v2\/posts\/8171\/revisions\/8195"}],"wp:featuredmedia":[{"embeddable":true,"href":"https:\/\/rafaramirez.org\/blog\/index.php\/wp-json\/wp\/v2\/media\/8189"}],"wp:attachment":[{"href":"https:\/\/rafaramirez.org\/blog\/index.php\/wp-json\/wp\/v2\/media?parent=8171"}],"wp:term":[{"taxonomy":"category","embeddable":true,"href":"https:\/\/rafaramirez.org\/blog\/index.php\/wp-json\/wp\/v2\/categories?post=8171"},{"taxonomy":"post_tag","embeddable":true,"href":"https:\/\/rafaramirez.org\/blog\/index.php\/wp-json\/wp\/v2\/tags?post=8171"}],"curies":[{"name":"wp","href":"https:\/\/api.w.org\/{rel}","templated":true}]}}