{"id":8129,"date":"2025-02-20T08:15:45","date_gmt":"2025-02-20T07:15:45","guid":{"rendered":"https:\/\/rafaramirez.org\/blog\/?p=8129"},"modified":"2025-02-20T20:26:15","modified_gmt":"2025-02-20T19:26:15","slug":"la-manzana-pintura-al-oleo","status":"publish","type":"post","link":"https:\/\/rafaramirez.org\/blog\/index.php\/2025\/02\/20\/la-manzana-pintura-al-oleo\/","title":{"rendered":"\u00abLa manzana\u00bb | Pintura al \u00d3leo 50\u00d760 cm | Combinaci\u00f3n de realismo y sensibilidad."},"content":{"rendered":"<p>La pintura al \u00f3leo <strong>\u00abLa manzana\u00bb<\/strong>,<strong> de Rafael Ram\u00edrez<\/strong>, es una de sus primeras obras y muestra una composici\u00f3n de elementos cotidianos en un entorno dom\u00e9stico. En el primer plano se observa una cama con s\u00e1banas y almohadas blancas, sobre una de las cuales descansa una manzana roja. En el fondo, hay un jarr\u00f3n marr\u00f3n con calas de hojas verdes. El fondo de la pintura es c\u00e1lido, lo que contrasta con los colores fr\u00edos de la cama y las almohadas. La obra destaca por su uso de colores suaves y la representaci\u00f3n detallada de los objetos, que crean una atm\u00f3sfera de tranquilidad y simplicidad. El hecho de colocar la manzana en un lugar inusual como una cama a\u00f1ade un elemento de sorpresa y curiosidad a la escena.<\/p>\n<p>En \u00abLa manzana\u00bb, Rafael Ram\u00edrez utiliza una paleta de colores suaves y armoniosos para crear una atm\u00f3sfera de tranquilidad y simplicidad. Su t\u00e9cnica para capturar la textura de los objetos cotidianos, como las s\u00e1banas, la manzana y las flores, es meticulosa y precisa.<\/p>\n<p>El uso del claroscuro es evidente en la obra, con un juego de luces y sombras que a\u00f1ade profundidad y volumen a los elementos de la composici\u00f3n. Esto no solo resalta la tridimensionalidad de los objetos, sino que tambi\u00e9n crea un contraste visual que capta la atenci\u00f3n del espectador.<\/p>\n<p>Adem\u00e1s, la composici\u00f3n de la pintura est\u00e1 cuidadosamente equilibrada, con un enfoque en la disposici\u00f3n y los elementos dentro de ella. La elecci\u00f3n de una escena cotidiana, pero presentada de manera inusual, refleja tambi\u00e9n su habilidad para transformar lo ordinario en algo visualmente intrigante y est\u00e9ticamente agradable.<\/p>\n<p>En conjunto, el estilo de Rafael Ram\u00edrez en esta pintura combina el realismo con una sensibilidad art\u00edstica que invita al espectador a apreciar la belleza en lo simple y cotidiano.<\/p>\n<style id=\"bwg-style-0\">      #bwg_container1_0 #bwg_container2_0 #bwg_mosaic_thumbnails_div_0 {        width: 100%;        position: relative;        background-color: rgba(255, 255, 255, 0.00);        text-align: center;        justify-content: center;                  margin-left: auto;          margin-right: auto;                    padding-left: 2px;          padding-top: 2px;                }          #bwg_container1_0 #bwg_container2_0 .bwg_mosaic_thumb_spun_0 {        display: block;        position: absolute;\t\t\t\tborder-radius: 0;\t\t\t\tborder: 0px none #CCCCCC;    \t\t    \t\tbackground-color:rgba(0,0,0, 0.30);        -moz-box-sizing: content-box !important;        -webkit-box-sizing: content-box !important;        box-sizing: content-box !important;      }\t\t\t#bwg_container1_0 #bwg_container2_0 .bwg_mosaic_thumb_0 {\t\t\t\tdisplay: block;\t\t\t\t-moz-box-sizing: content-box !important;\t\t\t\t-webkit-box-sizing: content-box !important;\t\t\t\tbox-sizing: content-box !important;\t\t\t\tmargin: 0;\t\t\t\topacity: 1.00;\t\t\t}      #bwg_container1_0 #bwg_container2_0 .bwg_mosaic_thumb_spun_0:hover {        opacity: 1;        backface-visibility: hidden;        -webkit-backface-visibility: hidden;        -moz-backface-visibility: hidden;        -ms-backface-visibility: hidden;        z-index: 102;      }\t     @media only screen and (min-width: 480px) {\t\t#bwg_container1_0 #bwg_container2_0 .bwg-container-0.bwg-mosaic-thumbnails .bwg-item0 img {\t\t\t-webkit-transition: -webkit-transform .3s; transition: transform .3s;\t\t}\t\t#bwg_container1_0 #bwg_container2_0 .bwg-container-0.bwg-mosaic-thumbnails .bwg-item0 img:hover {\t\t\t-ms-transform: scale(1.08);\t\t\t-webkit-transform: scale(1.08);\t\t\ttransform: scale(1.08);\t\t}\t\t      }\t      #bwg_container1_0 #bwg_container2_0 .bwg_mosaic_thumbnails_0 {        background-color: rgba(255, 255, 255, 0.00);        font-size: 0;        position: relative;        text-align: center;        display: inline-block;        visibility: hidden;              }\t  \/*image title styles*\/      #bwg_container1_0 #bwg_container2_0 .bwg_mosaic_title_spun1_0,      #bwg_container1_0 #bwg_container2_0 .bwg-mosaic-thumbnails .bwg_ecommerce_spun1_0 {        position: absolute;        display: block;        opacity: 0;        box-sizing: border-box;        text-align: center;\t\t\t\ttop: 50%;\t\t\t\tleft: 50%;\t\t\t\ttransform: translate(-50%, -50%);      }      #bwg_container1_0 #bwg_container2_0 .bwg-mosaic-thumbnails .bwg_mosaic_title_spun2_0,      #bwg_container1_0 #bwg_container2_0 .bwg-mosaic-thumbnails .bwg_ecommerce_spun2_0 {\t\t    color: #323A45;        font-family: Ubuntu;        font-size: 16px;        font-weight: bold;        text-shadow: ;        vertical-align: middle;        word-wrap: break-word;      }            .bwg_mosaic_play_icon_spun_0 {        display: table;        position: absolute;        left: -10000px;        top: 0px;        opacity: 0;      }      .bwg_mosaic_play_icon_0 {        color: #323A45;        font-size: 32px;        vertical-align: middle;        display: table-cell !important;        z-index: 1;        text-align: center;        margin: 0 auto;      }      #bwg_container1_0 #bwg_container2_0 .bwg_gal_title_0 {        background-color: rgba(0, 0, 0, 0);        color: #323A45;        display: block;        font-family: Ubuntu;        font-size: 16px;        font-weight: bold;        padding: 2px;        text-shadow: ;        text-align: center;      }            @media screen and (max-width: 350px) {      div[class^=\"bwg_mosaic_thumbnails_\"],      span[class^=\"bwg_mosaic_thumb_spun_\"] {      width: 100% !important;      }      img[class^=\"bwg_mosaic_thumb_\"] {      width: 100% !important;      height: auto !important;      margin: 0px auto !important;      }      }      <\/style>    <div id=\"bwg_container1_0\"         class=\"bwg_container bwg_thumbnail bwg_thumbnails_mosaic \"         data-right-click-protection=\"1\"         data-bwg=\"0\"         data-scroll=\"0\"         data-gallery-type=\"thumbnails_mosaic\"         data-gallery-view-type=\"thumbnails_mosaic\"         data-current-url=\"\/blog\/index.php\/wp-json\/wp\/v2\/posts\/8129\"         data-lightbox-url=\"https:\/\/rafaramirez.org\/blog\/wp-admin\/admin-ajax.php?action=GalleryBox&#038;current_view=0&#038;gallery_id=60&#038;tag=0&#038;theme_id=1&#038;shortcode_id=126&#038;sort_by=order&#038;order_by=asc&#038;current_url=%2Fblog%2Findex.php%2Fwp-json%2Fwp%2Fv2%2Fposts%2F8129\"         data-gallery-id=\"60\"         data-popup-width=\"800\"         data-popup-height=\"500\"         data-is-album=\"gallery\"         data-buttons-position=\"bottom\">      <div id=\"bwg_container2_0\">             <div id=\"ajax_loading_0\" class=\"bwg_loading_div_1\">      <div class=\"bwg_loading_div_2\">        <div class=\"bwg_loading_div_3\">          <div id=\"loading_div_0\" class=\"bwg_spider_ajax_loading\">          <\/div>        <\/div>      <\/div>    <\/div>            <form id=\"gal_front_form_0\"              class=\"bwg-hidden\"              method=\"post\"              action=\"#\"              data-current=\"0\"              data-shortcode-id=\"126\"              data-gallery-type=\"thumbnails_mosaic\"              data-gallery-id=\"60\"              data-tag=\"0\"              data-album-id=\"0\"              data-theme-id=\"1\"              data-ajax-url=\"https:\/\/rafaramirez.org\/blog\/wp-admin\/admin-ajax.php?action=bwg_frontend_data\">          <div id=\"bwg_container3_0\" class=\"bwg-background bwg-background-0\">                <div id=\"bwg_mosaic_thumbnails_div_0\"         class=\"bwg-container-0 bwg-container bwg-mosaic-thumbnails\"         data-bwg=\"0\"         data-mosaic-direction=\"vertical\"         data-resizable=\"0\"         data-width=\"250\"         data-height=\"250\"         data-total-width=\"100\"         data-block-id=\"bwg_thumbnails_mosaic_0\"         data-thumb-padding=\"2\"         data-thumb-border=\"0\"         data-title-margin=\"2px\"         data-image-title=\"none\"         data-play-icon=\"1\"         data-ecommerce-icon=\"none\"         data-gallery-id=\"60\"         data-lightbox-url=\"https:\/\/rafaramirez.org\/blog\/wp-admin\/admin-ajax.php?action=GalleryBox&#038;current_view=0&#038;gallery_id=60&#038;tag=0&#038;theme_id=1&#038;shortcode_id=126&#038;sort_by=order&#038;order_by=asc&#038;current_url=%2Fblog%2Findex.php%2Fwp-json%2Fwp%2Fv2%2Fposts%2F8129\"         data-mosaic-thumb-transition=\"1\"         style=\"visibility: hidden\" >      <div id=\"bwg_thumbnails_mosaic_0\" class=\"bwg_mosaic_thumbnails_0\">                  <a  class=\"bwg-a bwg_lightbox bwg_lightbox_0\" href=\"https:\/\/rafaramirez.org\/blog\/wp-content\/uploads\/photo-gallery\/imported_from_media_libray\/La_manzana_pintura_al_oleo_Rafael_Ramirez_logblog.jpg?bwg=1739538621\" data-image-id=\"638\" data-elementor-open-lightbox=\"no\">          <div class=\"bwg_mosaic_thumb_spun_0 bwg-item0 bwg-mosaic-thumb-span \">            <img decoding=\"async\" class=\"bwg_mosaic_thumb_0 skip-lazy bwg_img_clear bwg_img_custom \"                 id=\"638\"                 src=\"https:\/\/rafaramirez.org\/blog\/wp-content\/uploads\/photo-gallery\/imported_from_media_libray\/thumb\/La_manzana_pintura_al_oleo_Rafael_Ramirez_logblog.jpg?bwg=1739538621\"                 data-src=\"https:\/\/rafaramirez.org\/blog\/wp-content\/uploads\/photo-gallery\/imported_from_media_libray\/thumb\/La_manzana_pintura_al_oleo_Rafael_Ramirez_logblog.jpg?bwg=1739538621\"                 data-width=\"417.00\"                 data-height=\"500.00\"                 alt=\"La manzana pintura de Rafael Ram\u00edrez.\"                 title=\"La manzana pintura de Rafael Ram\u00edrez.\" \/>                      <\/div>        <\/a>                <a  class=\"bwg-a bwg_lightbox bwg_lightbox_0\" href=\"https:\/\/rafaramirez.org\/blog\/wp-content\/uploads\/photo-gallery\/imported_from_media_libray\/La_manzana_pintura_al_oleo_Rafael_Ramirez_1_logblog.jpg?bwg=1739538621\" data-image-id=\"648\" data-elementor-open-lightbox=\"no\">          <div class=\"bwg_mosaic_thumb_spun_0 bwg-item0 bwg-mosaic-thumb-span \">            <img decoding=\"async\" class=\"bwg_mosaic_thumb_0 skip-lazy bwg_img_clear bwg_img_custom \"                 id=\"648\"                 src=\"https:\/\/rafaramirez.org\/blog\/wp-content\/uploads\/photo-gallery\/imported_from_media_libray\/thumb\/La_manzana_pintura_al_oleo_Rafael_Ramirez_1_logblog.jpg?bwg=1739538621\"                 data-src=\"https:\/\/rafaramirez.org\/blog\/wp-content\/uploads\/photo-gallery\/imported_from_media_libray\/thumb\/La_manzana_pintura_al_oleo_Rafael_Ramirez_1_logblog.jpg?bwg=1739538621\"                 data-width=\"329.00\"                 data-height=\"500.00\"                 alt=\"La manzana pintura de Rafael Ram\u00edrez.\"                 title=\"La manzana pintura de Rafael Ram\u00edrez.\" \/>                      <\/div>        <\/a>                <a  class=\"bwg-a bwg_lightbox bwg_lightbox_0\" href=\"https:\/\/rafaramirez.org\/blog\/wp-content\/uploads\/photo-gallery\/imported_from_media_libray\/La_manzana_pintura_al_oleo_Rafael_Ramirez_22_logblog.jpg?bwg=1739538621\" data-image-id=\"639\" data-elementor-open-lightbox=\"no\">          <div class=\"bwg_mosaic_thumb_spun_0 bwg-item0 bwg-mosaic-thumb-span \">            <img decoding=\"async\" class=\"bwg_mosaic_thumb_0 skip-lazy bwg_img_clear bwg_img_custom \"                 id=\"639\"                 src=\"https:\/\/rafaramirez.org\/blog\/wp-content\/uploads\/photo-gallery\/imported_from_media_libray\/thumb\/La_manzana_pintura_al_oleo_Rafael_Ramirez_22_logblog.jpg?bwg=1739538621\"                 data-src=\"https:\/\/rafaramirez.org\/blog\/wp-content\/uploads\/photo-gallery\/imported_from_media_libray\/thumb\/La_manzana_pintura_al_oleo_Rafael_Ramirez_22_logblog.jpg?bwg=1739538621\"                 data-width=\"500.00\"                 data-height=\"300.00\"                 alt=\"La manzana pintura de Rafael Ram\u00edrez.\"                 title=\"La manzana pintura de Rafael Ram\u00edrez.\" \/>                      <\/div>        <\/a>                <a  class=\"bwg-a bwg_lightbox bwg_lightbox_0\" href=\"https:\/\/rafaramirez.org\/blog\/wp-content\/uploads\/photo-gallery\/imported_from_media_libray\/La_manzana_pintura_al_oleo_Rafael_Ramirez_14_logblog.jpg?bwg=1739538621\" data-image-id=\"640\" data-elementor-open-lightbox=\"no\">          <div class=\"bwg_mosaic_thumb_spun_0 bwg-item0 bwg-mosaic-thumb-span \">            <img decoding=\"async\" class=\"bwg_mosaic_thumb_0 skip-lazy bwg_img_clear bwg_img_custom \"                 id=\"640\"                 src=\"https:\/\/rafaramirez.org\/blog\/wp-content\/uploads\/photo-gallery\/imported_from_media_libray\/thumb\/La_manzana_pintura_al_oleo_Rafael_Ramirez_14_logblog.jpg?bwg=1739538621\"                 data-src=\"https:\/\/rafaramirez.org\/blog\/wp-content\/uploads\/photo-gallery\/imported_from_media_libray\/thumb\/La_manzana_pintura_al_oleo_Rafael_Ramirez_14_logblog.jpg?bwg=1739538621\"                 data-width=\"500.00\"                 data-height=\"333.00\"                 alt=\"La manzana pintura de Rafael Ram\u00edrez.\"                 title=\"La manzana pintura de Rafael Ram\u00edrez.\" \/>                      <\/div>        <\/a>                <a  class=\"bwg-a bwg_lightbox bwg_lightbox_0\" href=\"https:\/\/rafaramirez.org\/blog\/wp-content\/uploads\/photo-gallery\/imported_from_media_libray\/La_manzana_pintura_al_oleo_Rafael_Ramirez_13_logblog.jpg?bwg=1739538621\" data-image-id=\"641\" data-elementor-open-lightbox=\"no\">          <div class=\"bwg_mosaic_thumb_spun_0 bwg-item0 bwg-mosaic-thumb-span \">            <img decoding=\"async\" class=\"bwg_mosaic_thumb_0 skip-lazy bwg_img_clear bwg_img_custom \"                 id=\"641\"                 src=\"https:\/\/rafaramirez.org\/blog\/wp-content\/uploads\/photo-gallery\/imported_from_media_libray\/thumb\/La_manzana_pintura_al_oleo_Rafael_Ramirez_13_logblog.jpg?bwg=1739538621\"                 data-src=\"https:\/\/rafaramirez.org\/blog\/wp-content\/uploads\/photo-gallery\/imported_from_media_libray\/thumb\/La_manzana_pintura_al_oleo_Rafael_Ramirez_13_logblog.jpg?bwg=1739538621\"                 data-width=\"500.00\"                 data-height=\"333.00\"                 alt=\"La manzana pintura de Rafael Ram\u00edrez.\"                 title=\"La manzana pintura de Rafael Ram\u00edrez.\" \/>                      <\/div>        <\/a>                <a  class=\"bwg-a bwg_lightbox bwg_lightbox_0\" href=\"https:\/\/rafaramirez.org\/blog\/wp-content\/uploads\/photo-gallery\/imported_from_media_libray\/La_manzana_pintura_al_oleo_Rafael_Ramirez_12_logblog.jpg?bwg=1739538621\" data-image-id=\"642\" data-elementor-open-lightbox=\"no\">          <div class=\"bwg_mosaic_thumb_spun_0 bwg-item0 bwg-mosaic-thumb-span \">            <img decoding=\"async\" class=\"bwg_mosaic_thumb_0 skip-lazy bwg_img_clear bwg_img_custom \"                 id=\"642\"                 src=\"https:\/\/rafaramirez.org\/blog\/wp-content\/uploads\/photo-gallery\/imported_from_media_libray\/thumb\/La_manzana_pintura_al_oleo_Rafael_Ramirez_12_logblog.jpg?bwg=1739538621\"                 data-src=\"https:\/\/rafaramirez.org\/blog\/wp-content\/uploads\/photo-gallery\/imported_from_media_libray\/thumb\/La_manzana_pintura_al_oleo_Rafael_Ramirez_12_logblog.jpg?bwg=1739538621\"                 data-width=\"500.00\"                 data-height=\"333.00\"                 alt=\"La manzana pintura de Rafael Ram\u00edrez.\"                 title=\"La manzana pintura de Rafael Ram\u00edrez.\" \/>                      <\/div>        <\/a>                <a  class=\"bwg-a bwg_lightbox bwg_lightbox_0\" href=\"https:\/\/rafaramirez.org\/blog\/wp-content\/uploads\/photo-gallery\/imported_from_media_libray\/La_manzana_pintura_al_oleo_Rafael_Ramirez_11_logblog.jpg?bwg=1739538621\" data-image-id=\"643\" data-elementor-open-lightbox=\"no\">          <div class=\"bwg_mosaic_thumb_spun_0 bwg-item0 bwg-mosaic-thumb-span \">            <img decoding=\"async\" class=\"bwg_mosaic_thumb_0 skip-lazy bwg_img_clear bwg_img_custom \"                 id=\"643\"                 src=\"https:\/\/rafaramirez.org\/blog\/wp-content\/uploads\/photo-gallery\/imported_from_media_libray\/thumb\/La_manzana_pintura_al_oleo_Rafael_Ramirez_11_logblog.jpg?bwg=1739538621\"                 data-src=\"https:\/\/rafaramirez.org\/blog\/wp-content\/uploads\/photo-gallery\/imported_from_media_libray\/thumb\/La_manzana_pintura_al_oleo_Rafael_Ramirez_11_logblog.jpg?bwg=1739538621\"                 data-width=\"409.00\"                 data-height=\"500.00\"                 alt=\"La manzana pintura de Rafael Ram\u00edrez.\"                 title=\"La manzana pintura de Rafael Ram\u00edrez.\" \/>                      <\/div>        <\/a>                <a  class=\"bwg-a bwg_lightbox bwg_lightbox_0\" href=\"https:\/\/rafaramirez.org\/blog\/wp-content\/uploads\/photo-gallery\/imported_from_media_libray\/La_manzana_pintura_al_oleo_Rafael_Ramirez_6_logblog.jpg?bwg=1739538621\" data-image-id=\"644\" data-elementor-open-lightbox=\"no\">          <div class=\"bwg_mosaic_thumb_spun_0 bwg-item0 bwg-mosaic-thumb-span \">            <img decoding=\"async\" class=\"bwg_mosaic_thumb_0 skip-lazy bwg_img_clear bwg_img_custom \"                 id=\"644\"                 src=\"https:\/\/rafaramirez.org\/blog\/wp-content\/uploads\/photo-gallery\/imported_from_media_libray\/thumb\/La_manzana_pintura_al_oleo_Rafael_Ramirez_6_logblog.jpg?bwg=1739538621\"                 data-src=\"https:\/\/rafaramirez.org\/blog\/wp-content\/uploads\/photo-gallery\/imported_from_media_libray\/thumb\/La_manzana_pintura_al_oleo_Rafael_Ramirez_6_logblog.jpg?bwg=1739538621\"                 data-width=\"373.00\"                 data-height=\"500.00\"                 alt=\"La manzana pintura de Rafael Ram\u00edrez.\"                 title=\"La manzana pintura de Rafael Ram\u00edrez.\" \/>                      <\/div>        <\/a>                <a  class=\"bwg-a bwg_lightbox bwg_lightbox_0\" href=\"https:\/\/rafaramirez.org\/blog\/wp-content\/uploads\/photo-gallery\/imported_from_media_libray\/La_manzana_pintura_al_oleo_Rafael_Ramirez_5_logblog.jpg?bwg=1739538621\" data-image-id=\"645\" data-elementor-open-lightbox=\"no\">          <div class=\"bwg_mosaic_thumb_spun_0 bwg-item0 bwg-mosaic-thumb-span \">            <img decoding=\"async\" class=\"bwg_mosaic_thumb_0 skip-lazy bwg_img_clear bwg_img_custom \"                 id=\"645\"                 src=\"https:\/\/rafaramirez.org\/blog\/wp-content\/uploads\/photo-gallery\/imported_from_media_libray\/thumb\/La_manzana_pintura_al_oleo_Rafael_Ramirez_5_logblog.jpg?bwg=1739538621\"                 data-src=\"https:\/\/rafaramirez.org\/blog\/wp-content\/uploads\/photo-gallery\/imported_from_media_libray\/thumb\/La_manzana_pintura_al_oleo_Rafael_Ramirez_5_logblog.jpg?bwg=1739538621\"                 data-width=\"500.00\"                 data-height=\"333.00\"                 alt=\"La manzana pintura de Rafael Ram\u00edrez.\"                 title=\"La manzana pintura de Rafael Ram\u00edrez.\" \/>                      <\/div>        <\/a>                <a  class=\"bwg-a bwg_lightbox bwg_lightbox_0\" href=\"https:\/\/rafaramirez.org\/blog\/wp-content\/uploads\/photo-gallery\/imported_from_media_libray\/La_manzana_pintura_al_oleo_Rafael_Ramirez_4_logblog.jpg?bwg=1739538621\" data-image-id=\"646\" data-elementor-open-lightbox=\"no\">          <div class=\"bwg_mosaic_thumb_spun_0 bwg-item0 bwg-mosaic-thumb-span \">            <img decoding=\"async\" class=\"bwg_mosaic_thumb_0 skip-lazy bwg_img_clear bwg_img_custom \"                 id=\"646\"                 src=\"https:\/\/rafaramirez.org\/blog\/wp-content\/uploads\/photo-gallery\/imported_from_media_libray\/thumb\/La_manzana_pintura_al_oleo_Rafael_Ramirez_4_logblog.jpg?bwg=1739538621\"                 data-src=\"https:\/\/rafaramirez.org\/blog\/wp-content\/uploads\/photo-gallery\/imported_from_media_libray\/thumb\/La_manzana_pintura_al_oleo_Rafael_Ramirez_4_logblog.jpg?bwg=1739538621\"                 data-width=\"500.00\"                 data-height=\"375.00\"                 alt=\"La manzana pintura de Rafael Ram\u00edrez.\"                 title=\"La manzana pintura de Rafael Ram\u00edrez.\" \/>                      <\/div>        <\/a>                <a  class=\"bwg-a bwg_lightbox bwg_lightbox_0\" href=\"https:\/\/rafaramirez.org\/blog\/wp-content\/uploads\/photo-gallery\/imported_from_media_libray\/La_manzana_pintura_al_oleo_Rafael_Ramirez_2_logblog.jpg?bwg=1739538621\" data-image-id=\"647\" data-elementor-open-lightbox=\"no\">          <div class=\"bwg_mosaic_thumb_spun_0 bwg-item0 bwg-mosaic-thumb-span \">            <img decoding=\"async\" class=\"bwg_mosaic_thumb_0 skip-lazy bwg_img_clear bwg_img_custom \"                 id=\"647\"                 src=\"https:\/\/rafaramirez.org\/blog\/wp-content\/uploads\/photo-gallery\/imported_from_media_libray\/thumb\/La_manzana_pintura_al_oleo_Rafael_Ramirez_2_logblog.jpg?bwg=1739538621\"                 data-src=\"https:\/\/rafaramirez.org\/blog\/wp-content\/uploads\/photo-gallery\/imported_from_media_libray\/thumb\/La_manzana_pintura_al_oleo_Rafael_Ramirez_2_logblog.jpg?bwg=1739538621\"                 data-width=\"500.00\"                 data-height=\"375.00\"                 alt=\"La manzana pintura de Rafael Ram\u00edrez.\"                 title=\"La manzana pintura de Rafael Ram\u00edrez.\" \/>                      <\/div>        <\/a>            <\/div>    <\/div>    <style>      \/*pagination styles*\/      #bwg_container1_0 #bwg_container2_0 .tablenav-pages_0 {\t\t\t\ttext-align: center;\t\t\t\tfont-size: 12px;\t\t\t\tfont-family: Ubuntu;\t\t\t\tfont-weight: bold;\t\t\t\tcolor: #666666;\t\t\t\tmargin: 6px 0 4px;\t\t\t\tdisplay: block;      }      @media only screen and (max-width : 320px) {      #bwg_container1_0 #bwg_container2_0 .displaying-num_0 {     \t display: none;      }      }      #bwg_container1_0 #bwg_container2_0 .displaying-num_0 {\t\t\t\tfont-size: 12px;\t\t\t\tfont-family: Ubuntu;\t\t\t\tfont-weight: bold;\t\t\t\tcolor: #666666;\t\t\t\tmargin-right: 10px;\t\t\t\tvertical-align: middle;      }      #bwg_container1_0 #bwg_container2_0 .paging-input_0 {\t\t\t\tfont-size: 12px;\t\t\t\tfont-family: Ubuntu;\t\t\t\tfont-weight: bold;\t\t\t\tcolor: #666666;\t\t\t\tvertical-align: middle;      }      #bwg_container1_0 #bwg_container2_0 .tablenav-pages_0 a.disabled,      #bwg_container1_0 #bwg_container2_0 .tablenav-pages_0 a.disabled:hover,      #bwg_container1_0 #bwg_container2_0 .tablenav-pages_0 a.disabled:focus,\t\t\t#bwg_container1_0 #bwg_container2_0 .tablenav-pages_0 input.bwg_current_page {\t\t\t\tcursor: default;\t\t\t\tcolor: rgba(102, 102, 102, 0.5);      }      #bwg_container1_0 #bwg_container2_0 .tablenav-pages_0 a,      #bwg_container1_0 #bwg_container2_0 .tablenav-pages_0 input.bwg_current_page {\t\t\t\tcursor: pointer;\t\t\t\ttext-align: center;\t\t\t\tfont-size: 12px;\t\t\t\tfont-family: Ubuntu;\t\t\t\tfont-weight: bold;\t\t\t\tcolor: #666666;\t\t\t\ttext-decoration: none;\t\t\t\tpadding: 3px 6px;\t\t\t\tmargin: 0;\t\t\t\tborder-radius: 0;\t\t\t\tborder-style: solid;\t\t\t\tborder-width: 1px;\t\t\t\tborder-color: #E3E3E3;\t\t\t\t\t\t\t\tbackground-color: rgba(255, 255, 255, 1.00);\t\t\t\tbox-shadow: 0;\t\t\t\ttransition: all 0.3s ease 0s;-webkit-transition: all 0.3s ease 0s;      }      <\/style>      <span class=\"bwg_nav_cont_0\">              <div class=\"tablenav-pages_0\">                  <\/div>                <input type=\"hidden\" id=\"page_number_0\" name=\"page_number_0\" value=\"1\" \/>      <script type=\"text\/javascript\">        if( jQuery('.bwg_nav_cont_0').length > 1 ) {          jQuery('.bwg_nav_cont_0').first().remove()        }        function spider_page_0(cur, x, y, load_more) {          if (typeof load_more == \"undefined\") {            var load_more = false;          }          if (jQuery(cur).hasClass('disabled')) {            return false;          }          var items_county_0 = 1;          switch (y) {            case 1:              if (x >= items_county_0) {                document.getElementById('page_number_0').value = items_county_0;              }              else {                document.getElementById('page_number_0').value = x + 1;              }              break;            case 2:              document.getElementById('page_number_0').value = items_county_0;              break;            case -1:              if (x == 1) {                document.getElementById('page_number_0').value = 1;              }              else {                document.getElementById('page_number_0').value = x - 1;              }              break;            case -2:              document.getElementById('page_number_0').value = 1;              break;\t\t\t\t\t\tcase 0:              document.getElementById('page_number_0').value = x;              break;            default:              document.getElementById('page_number_0').value = 1;          }          bwg_ajax('gal_front_form_0', '0', 'bwg_thumbnails_mosaic_0', '0', '', 'gallery', 0, '', '', load_more, '', 1);        }                    jQuery('.first-page-0').on('click', function () {              spider_page_0(this, 1, -2, 'numeric');              return false;            });            jQuery('.prev-page-0').on('click', function () {              spider_page_0(this, 1, -1, 'numeric');              return false;            });            jQuery('.next-page-0').on('click', function () {              spider_page_0(this, 1, 1, 'numeric');              return false;            });            jQuery('.last-page-0').on('click', function () {              spider_page_0(this, 1, 2, 'numeric');              return false;            });        \t\t\t\t\/* Change page on input enter. *\/        function bwg_change_page_0( e, that ) {          if (  e.key == 'Enter' ) {            var to_page = parseInt(jQuery(that).val());            var pages_count = jQuery(that).parents(\".pagination-links\").data(\"pages-count\");            var current_url_param = jQuery(that).attr('data-url-info');            if (to_page > pages_count) {              to_page = 1;            }\t \t\t\t\t\t\t\t\t\t\t\t\tspider_page_0(this, to_page, 0, 'numeric');\t\t\t\t\t\t\treturn false;\t\t\t\t\t\t          }          return true;        }        jQuery('.bwg_load_btn_0').on('click', function () {            spider_page_0(this, 1, 1, true);            return false;        });      <\/script>      <\/span>                <\/div>        <\/form>        <style>          #bwg_container1_0 #bwg_container2_0 #spider_popup_overlay_0 {          background-color: #EEEEEE;          opacity: 0.60;          }          <\/style>        <div id=\"bwg_spider_popup_loading_0\" class=\"bwg_spider_popup_loading\"><\/div>        <div id=\"spider_popup_overlay_0\" class=\"spider_popup_overlay\" onclick=\"spider_destroypopup(1000)\"><\/div>        <input type=\"hidden\" id=\"bwg_random_seed_0\" value=\"1440653274\">                <\/div>    <\/div>    <script>      if (document.readyState === 'complete') {        if( typeof bwg_main_ready == 'function' ) {          if ( jQuery(\"#bwg_container1_0\").height() ) {            bwg_main_ready(jQuery(\"#bwg_container1_0\"));          }        }      } else {        document.addEventListener('DOMContentLoaded', function() {          if( typeof bwg_main_ready == 'function' ) {            if ( jQuery(\"#bwg_container1_0\").height() ) {             bwg_main_ready(jQuery(\"#bwg_container1_0\"));            }          }        });      }    <\/script>    \n<p>A lo largo de la historia del arte, muchos artistas han comenzado su carrera copiando obras de maestros consagrados. Este proceso de imitaci\u00f3n no es una mera r\u00e9plica, sino una forma de aprendizaje profundo. Al observar y reproducir las t\u00e9cnicas, los estilos y las composiciones de otros artistas, los aspirantes pueden experimentar con diferentes m\u00e9todos y pulir su propia visi\u00f3n art\u00edstica.<\/p>\n<p>Rafael Ram\u00edrez no es una excepci\u00f3n a esta tradici\u00f3n. En sus inicios, decidi\u00f3 copiar una obra de otro pintor para comprender mejor los fundamentos del arte del \u00f3leo. Su pintura \u00abLa manzana\u00bb es, de hecho, una reinterpretaci\u00f3n de una obra de un artista anterior. Ram\u00edrez no solo buscaba perfeccionar su t\u00e9cnica, sino tambi\u00e9n rendir homenaje al autor original de quien admiraba profundamente su trabajo.<\/p>\n<p>Al crear \u00abLa manzana\u00bb, Ram\u00edrez estudi\u00f3 meticulosamente cada detalle de la obra original, desde la textura de las s\u00e1banas hasta el brillo de la manzana. En este proceso, no solo adquiri\u00f3 habilidades t\u00e9cnicas, sino que tambi\u00e9n desarroll\u00f3 una apreciaci\u00f3n m\u00e1s profunda de la composici\u00f3n y el simbolismo en el arte. Su objetivo era capturar la esencia de la obra original y plasmar su propio estilo y sensibilidad.<\/p>\n<p>Esta pr\u00e1ctica de copia y homenaje es un rito de paso com\u00fan entre muchos artistas. Es una forma de dialogar con el pasado, de entender el legado art\u00edstico y de encontrar una voz propia dentro de una tradici\u00f3n rica y diversa. Gracias a este proceso, artistas como Rafael Ram\u00edrez no solo perfeccionan su t\u00e9cnica, sino que tambi\u00e9n contribuyen a la continuidad y evoluci\u00f3n del arte.<\/p>\n<blockquote><p>LA MANZANA<\/p>\n<p>Realizada por Rafael Ram\u00edrez.<\/p>\n<p>T\u00e9cnica: \u00d3leo sobre lienzo \/ tela.<\/p>\n<p>Tama\u00f1o:<span style=\"color:var(--tw-prose-quotes);\"> 50 x 60 cm. \u2013 19.68 x 23.62 in.<\/span><\/p><\/blockquote>\n<p>M\u00e1s informaci\u00f3n:<\/p>\n<ul>\n<li><a href=\"https:\/\/rafaramirez.org\/blog\/index.php\/category\/mi-pintura\/pintura-al-oleo\/\" target=\"_blank\" rel=\"noopener\">Mi pintura al \u00f3leo<\/a>.<\/li>\n<li><a href=\"https:\/\/rafaramirez.org\/blog\/index.php\/category\/mi-pintura\/\" target=\"_blank\" rel=\"noopener\">Toda mi pintura<\/a>.<\/li>\n<li><a href=\"https:\/\/es.pinterest.com\/Ramirez_Rafa\/\" target=\"_blank\" rel=\"noopener\">En Pinterest.<\/a><\/li>\n<\/ul>\n","protected":false},"excerpt":{"rendered":"<p>La pintura al \u00f3leo \u00abLa manzana\u00bb, de Rafael Ram\u00edrez, es una de sus primeras obras y muestra una composici\u00f3n de elementos cotidianos en un entorno dom\u00e9stico. En el primer plano se observa una cama con s\u00e1banas y almohadas blancas, sobre una de las cuales descansa una manzana roja. En el fondo, hay un jarr\u00f3n marr\u00f3n [&hellip;]<\/p>\n","protected":false},"author":3,"featured_media":8135,"comment_status":"open","ping_status":"closed","sticky":false,"template":"","format":"standard","meta":{"site-container-style":"default","site-container-layout":"default","site-sidebar-layout":"default","disable-article-header":"default","disable-site-header":"default","disable-site-footer":"default","disable-content-area-spacing":"default","_jetpack_newsletter_access":"","_jetpack_dont_email_post_to_subs":false,"_jetpack_newsletter_tier_id":0,"_jetpack_memberships_contains_paywalled_content":false,"_jetpack_feature_clip_id":0,"_jetpack_memberships_contains_paid_content":false,"footnotes":"","jetpack_publicize_message":"","jetpack_publicize_feature_enabled":true,"jetpack_social_post_already_shared":true,"jetpack_social_options":{"image_generator_settings":{"template":"highway","default_image_id":0,"font":"","enabled":false},"version":2},"jetpack_post_was_ever_published":false},"categories":[6,8],"tags":[4052,4053,40,684,744,42,743,3042,68,2454,3045,686,687,715,980,688,981,124,139,3044,3047,2606,3050,3048,369,373,375,379,1983,1984,1985,407,3043,3049],"class_list":["post-8129","post","type-post","status-publish","format-standard","has-post-thumbnail","hentry","category-mi-pintura","category-pintura-al-oleo","tag-la-manzana-pintura-al-oleo","tag-la-manzana-pintura-de-rafael-ramirez","tag-arte","tag-arte-figurativo","tag-arte-moderno","tag-arte-y-cultura","tag-arte-y-pintura","tag-azul","tag-blog-de-rafael-ramirez","tag-conexion-intima","tag-contraste-de-colores","tag-cuadro","tag-cuadro-pintado-a-mano","tag-cuadros","tag-cuadros-al-oleo","tag-cuadros-alegres","tag-cuadros-impresionistas","tag-cuadros-originales","tag-destacado","tag-intimidad-y-serenidad","tag-juego-de-luces-y-sombras","tag-ocre","tag-oleo-sobre-lienzo","tag-pinceladas-suaves-y-detalladas","tag-pintor","tag-pintura-al-oleo","tag-pintura-de-rafael-ramirez","tag-pintura-original","tag-pinturas-al-oleo-sobre-lienzo","tag-pinturas-al-oleo-sobre-tela","tag-pinturas-originales","tag-rafael-ramirez-pintura-artistica","tag-relajacion-o-contemplacion","tag-uso-habil-de-luces-y-sombras"],"yoast_head":"<!-- This site is optimized with the Yoast SEO plugin v28.4 - https:\/\/yoast.com\/product\/yoast-seo-wordpress\/ -->\n<title>&quot;La manzana&quot; | Pintura al \u00d3leo 50\u00d760 cm | Combinaci\u00f3n de realismo y sensibilidad. - Blog de Rafael Ram\u00edrez<\/title>\n<meta name=\"description\" content=\"En &quot;La manzana&quot;, pintura al \u00f3leo, Ram\u00edrez utiliza una paleta de colores suaves y armoniosos para crear una atm\u00f3sfera de tranquilidad y...\" \/>\n<meta name=\"robots\" content=\"index, follow, max-snippet:-1, max-image-preview:large, max-video-preview:-1\" \/>\n<link rel=\"canonical\" href=\"https:\/\/rafaramirez.org\/blog\/index.php\/2025\/02\/20\/la-manzana-pintura-al-oleo\/\" \/>\n<meta property=\"og:locale\" content=\"es_ES\" \/>\n<meta property=\"og:type\" content=\"article\" \/>\n<meta property=\"og:title\" content=\"&quot;La manzana&quot; | Pintura al \u00d3leo 50\u00d760 cm | Combinaci\u00f3n de realismo y sensibilidad. - Blog de Rafael Ram\u00edrez\" \/>\n<meta property=\"og:description\" content=\"En &quot;La manzana&quot;, pintura al \u00f3leo, Ram\u00edrez utiliza una paleta de colores suaves y armoniosos para crear una atm\u00f3sfera de tranquilidad y...\" \/>\n<meta property=\"og:url\" content=\"https:\/\/rafaramirez.org\/blog\/index.php\/2025\/02\/20\/la-manzana-pintura-al-oleo\/\" \/>\n<meta property=\"og:site_name\" content=\"Blog de Rafael Ram\u00edrez\" \/>\n<meta property=\"article:published_time\" content=\"2025-02-20T07:15:45+00:00\" \/>\n<meta property=\"article:modified_time\" content=\"2025-02-20T19:26:15+00:00\" \/>\n<meta property=\"og:image\" content=\"https:\/\/rafaramirez.org\/blog\/wp-content\/uploads\/2025\/02\/La_manzana_pintura_al_oleo_Rafael-Ramirez_banner2_logblog.jpg\" \/>\n\t<meta property=\"og:image:width\" content=\"720\" \/>\n\t<meta property=\"og:image:height\" content=\"440\" \/>\n\t<meta property=\"og:image:type\" content=\"image\/jpeg\" \/>\n<meta name=\"author\" content=\"Documentaci\u00f3n e investigaci\u00f3n\" \/>\n<meta name=\"twitter:card\" content=\"summary_large_image\" \/>\n<meta name=\"twitter:site\" content=\"@rafaramirez_ok\" \/>\n<meta name=\"twitter:label1\" content=\"Escrito por\" \/>\n\t<meta name=\"twitter:data1\" content=\"Documentaci\u00f3n e investigaci\u00f3n\" \/>\n\t<meta name=\"twitter:label2\" content=\"Tiempo de lectura\" \/>\n\t<meta name=\"twitter:data2\" content=\"3 minutos\" \/>\n<script type=\"application\/ld+json\" class=\"yoast-schema-graph\">{\"@context\":\"https:\\\/\\\/schema.org\",\"@graph\":[{\"@type\":\"Article\",\"@id\":\"https:\\\/\\\/rafaramirez.org\\\/blog\\\/index.php\\\/2025\\\/02\\\/20\\\/la-manzana-pintura-al-oleo\\\/#article\",\"isPartOf\":{\"@id\":\"https:\\\/\\\/rafaramirez.org\\\/blog\\\/index.php\\\/2025\\\/02\\\/20\\\/la-manzana-pintura-al-oleo\\\/\"},\"author\":{\"name\":\"Documentaci\u00f3n e investigaci\u00f3n\",\"@id\":\"https:\\\/\\\/rafaramirez.org\\\/blog\\\/#\\\/schema\\\/person\\\/8debd05b3d9a1d16fb21af726811617d\"},\"headline\":\"\u00abLa manzana\u00bb | Pintura al \u00d3leo 50\u00d760 cm | Combinaci\u00f3n de realismo y sensibilidad.\",\"datePublished\":\"2025-02-20T07:15:45+00:00\",\"dateModified\":\"2025-02-20T19:26:15+00:00\",\"mainEntityOfPage\":{\"@id\":\"https:\\\/\\\/rafaramirez.org\\\/blog\\\/index.php\\\/2025\\\/02\\\/20\\\/la-manzana-pintura-al-oleo\\\/\"},\"wordCount\":663,\"commentCount\":0,\"publisher\":{\"@id\":\"https:\\\/\\\/rafaramirez.org\\\/blog\\\/#\\\/schema\\\/person\\\/50f43b6d60c578760d4c17bda54ab6a5\"},\"image\":{\"@id\":\"https:\\\/\\\/rafaramirez.org\\\/blog\\\/index.php\\\/2025\\\/02\\\/20\\\/la-manzana-pintura-al-oleo\\\/#primaryimage\"},\"thumbnailUrl\":\"https:\\\/\\\/rafaramirez.org\\\/blog\\\/wp-content\\\/uploads\\\/2025\\\/02\\\/La_manzana_pintura_al_oleo_Rafael-Ramirez_banner2_logblog.jpg\",\"keywords\":[\"\\\"La manzana\\\" pintura al \u00f3leo\",\"\\\"La manzana\\\" pintura de Rafael Ram\u00edrez\",\"arte\",\"arte figurativo\",\"arte moderno\",\"arte y cultura\",\"arte y pintura\",\"azul\",\"blog de Rafael Ram\u00edrez\",\"conexi\u00f3n \u00edntima\",\"contraste de colores\",\"cuadro\",\"cuadro pintado a mano\",\"cuadros\",\"cuadros al \u00f3leo\",\"cuadros alegres\",\"cuadros impresionistas\",\"cuadros originales\",\"destacado\",\"intimidad y serenidad\",\"Juego de luces y sombras\",\"ocre\",\"\u00d3leo sobre lienzo\",\"Pinceladas suaves y detalladas\",\"pintor\",\"pintura al \u00f3leo\",\"pintura de rafael ram\u00edrez\",\"pintura original\",\"pinturas al \u00f3leo sobre lienzo\",\"pinturas al \u00f3leo sobre tela\",\"pinturas originales\",\"rafael ram\u00edrez pintura art\u00edstica\",\"relajaci\u00f3n o contemplaci\u00f3n\",\"uso h\u00e1bil de luces y sombras\"],\"articleSection\":[\"Mi pintura\",\"Pintura al \u00f3leo\"],\"inLanguage\":\"es\",\"potentialAction\":[{\"@type\":\"CommentAction\",\"name\":\"Comment\",\"target\":[\"https:\\\/\\\/rafaramirez.org\\\/blog\\\/index.php\\\/2025\\\/02\\\/20\\\/la-manzana-pintura-al-oleo\\\/#respond\"]}]},{\"@type\":\"WebPage\",\"@id\":\"https:\\\/\\\/rafaramirez.org\\\/blog\\\/index.php\\\/2025\\\/02\\\/20\\\/la-manzana-pintura-al-oleo\\\/\",\"url\":\"https:\\\/\\\/rafaramirez.org\\\/blog\\\/index.php\\\/2025\\\/02\\\/20\\\/la-manzana-pintura-al-oleo\\\/\",\"name\":\"\\\"La manzana\\\" | Pintura al \u00d3leo 50\u00d760 cm | Combinaci\u00f3n de realismo y sensibilidad. - Blog de Rafael Ram\u00edrez\",\"isPartOf\":{\"@id\":\"https:\\\/\\\/rafaramirez.org\\\/blog\\\/#website\"},\"primaryImageOfPage\":{\"@id\":\"https:\\\/\\\/rafaramirez.org\\\/blog\\\/index.php\\\/2025\\\/02\\\/20\\\/la-manzana-pintura-al-oleo\\\/#primaryimage\"},\"image\":{\"@id\":\"https:\\\/\\\/rafaramirez.org\\\/blog\\\/index.php\\\/2025\\\/02\\\/20\\\/la-manzana-pintura-al-oleo\\\/#primaryimage\"},\"thumbnailUrl\":\"https:\\\/\\\/rafaramirez.org\\\/blog\\\/wp-content\\\/uploads\\\/2025\\\/02\\\/La_manzana_pintura_al_oleo_Rafael-Ramirez_banner2_logblog.jpg\",\"datePublished\":\"2025-02-20T07:15:45+00:00\",\"dateModified\":\"2025-02-20T19:26:15+00:00\",\"description\":\"En \\\"La manzana\\\", pintura al \u00f3leo, Ram\u00edrez utiliza una paleta de colores suaves y armoniosos para crear una atm\u00f3sfera de tranquilidad y...\",\"breadcrumb\":{\"@id\":\"https:\\\/\\\/rafaramirez.org\\\/blog\\\/index.php\\\/2025\\\/02\\\/20\\\/la-manzana-pintura-al-oleo\\\/#breadcrumb\"},\"inLanguage\":\"es\",\"potentialAction\":[{\"@type\":\"ReadAction\",\"target\":[\"https:\\\/\\\/rafaramirez.org\\\/blog\\\/index.php\\\/2025\\\/02\\\/20\\\/la-manzana-pintura-al-oleo\\\/\"]}]},{\"@type\":\"ImageObject\",\"inLanguage\":\"es\",\"@id\":\"https:\\\/\\\/rafaramirez.org\\\/blog\\\/index.php\\\/2025\\\/02\\\/20\\\/la-manzana-pintura-al-oleo\\\/#primaryimage\",\"url\":\"https:\\\/\\\/rafaramirez.org\\\/blog\\\/wp-content\\\/uploads\\\/2025\\\/02\\\/La_manzana_pintura_al_oleo_Rafael-Ramirez_banner2_logblog.jpg\",\"contentUrl\":\"https:\\\/\\\/rafaramirez.org\\\/blog\\\/wp-content\\\/uploads\\\/2025\\\/02\\\/La_manzana_pintura_al_oleo_Rafael-Ramirez_banner2_logblog.jpg\",\"width\":720,\"height\":440,\"caption\":\"La manzana pintura al \u00f3leo de Rafael Ram\u00edrez. Blog de Rafael Ram\u00edrez.\"},{\"@type\":\"BreadcrumbList\",\"@id\":\"https:\\\/\\\/rafaramirez.org\\\/blog\\\/index.php\\\/2025\\\/02\\\/20\\\/la-manzana-pintura-al-oleo\\\/#breadcrumb\",\"itemListElement\":[{\"@type\":\"ListItem\",\"position\":1,\"name\":\"Portada\",\"item\":\"https:\\\/\\\/rafaramirez.org\\\/blog\\\/\"},{\"@type\":\"ListItem\",\"position\":2,\"name\":\"\u00abLa manzana\u00bb | Pintura al \u00d3leo 50\u00d760 cm | Combinaci\u00f3n de realismo y sensibilidad.\"}]},{\"@type\":\"WebSite\",\"@id\":\"https:\\\/\\\/rafaramirez.org\\\/blog\\\/#website\",\"url\":\"https:\\\/\\\/rafaramirez.org\\\/blog\\\/\",\"name\":\"Blog de Rafael Ram\u00edrez\",\"description\":\"Un sitio social, de arte y cultura\",\"publisher\":{\"@id\":\"https:\\\/\\\/rafaramirez.org\\\/blog\\\/#\\\/schema\\\/person\\\/50f43b6d60c578760d4c17bda54ab6a5\"},\"potentialAction\":[{\"@type\":\"SearchAction\",\"target\":{\"@type\":\"EntryPoint\",\"urlTemplate\":\"https:\\\/\\\/rafaramirez.org\\\/blog\\\/?s={search_term_string}\"},\"query-input\":{\"@type\":\"PropertyValueSpecification\",\"valueRequired\":true,\"valueName\":\"search_term_string\"}}],\"inLanguage\":\"es\"},{\"@type\":[\"Person\",\"Organization\"],\"@id\":\"https:\\\/\\\/rafaramirez.org\\\/blog\\\/#\\\/schema\\\/person\\\/50f43b6d60c578760d4c17bda54ab6a5\",\"name\":\"Rafael Ram\u00edrez\",\"image\":{\"@type\":\"ImageObject\",\"inLanguage\":\"es\",\"@id\":\"https:\\\/\\\/rafaramirez.org\\\/blog\\\/wp-content\\\/uploads\\\/2024\\\/09\\\/RR_socialnetwork.jpg\",\"url\":\"https:\\\/\\\/rafaramirez.org\\\/blog\\\/wp-content\\\/uploads\\\/2024\\\/09\\\/RR_socialnetwork.jpg\",\"contentUrl\":\"https:\\\/\\\/rafaramirez.org\\\/blog\\\/wp-content\\\/uploads\\\/2024\\\/09\\\/RR_socialnetwork.jpg\",\"width\":600,\"height\":606,\"caption\":\"Rafael Ram\u00edrez\"},\"logo\":{\"@id\":\"https:\\\/\\\/rafaramirez.org\\\/blog\\\/wp-content\\\/uploads\\\/2024\\\/09\\\/RR_socialnetwork.jpg\"},\"sameAs\":[\"https:\\\/\\\/www.rafaramirez.org\\\/blog\",\"https:\\\/\\\/www.instagram.com\\\/rafaramirez_ok\\\/\",\"https:\\\/\\\/es.pinterest.com\\\/Ramirez_Rafa\\\/\",\"https:\\\/\\\/x.com\\\/rafaramirez_ok\"]},{\"@type\":\"Person\",\"@id\":\"https:\\\/\\\/rafaramirez.org\\\/blog\\\/#\\\/schema\\\/person\\\/8debd05b3d9a1d16fb21af726811617d\",\"name\":\"Documentaci\u00f3n e investigaci\u00f3n\",\"image\":{\"@type\":\"ImageObject\",\"inLanguage\":\"es\",\"@id\":\"https:\\\/\\\/secure.gravatar.com\\\/avatar\\\/fe70e496579a39c7a8fc4982b89275403b1092eb200623138a32daada9416911?s=96&d=mm&r=g\",\"url\":\"https:\\\/\\\/secure.gravatar.com\\\/avatar\\\/fe70e496579a39c7a8fc4982b89275403b1092eb200623138a32daada9416911?s=96&d=mm&r=g\",\"contentUrl\":\"https:\\\/\\\/secure.gravatar.com\\\/avatar\\\/fe70e496579a39c7a8fc4982b89275403b1092eb200623138a32daada9416911?s=96&d=mm&r=g\",\"caption\":\"Documentaci\u00f3n e investigaci\u00f3n\"},\"url\":\"https:\\\/\\\/rafaramirez.org\\\/blog\\\/index.php\\\/author\\\/admin\\\/\"}]}<\/script>\n<!-- \/ Yoast SEO plugin. -->","yoast_head_json":{"title":"\"La manzana\" | Pintura al \u00d3leo 50\u00d760 cm | Combinaci\u00f3n de realismo y sensibilidad. - Blog de Rafael Ram\u00edrez","description":"En \"La manzana\", pintura al \u00f3leo, Ram\u00edrez utiliza una paleta de colores suaves y armoniosos para crear una atm\u00f3sfera de tranquilidad y...","robots":{"index":"index","follow":"follow","max-snippet":"max-snippet:-1","max-image-preview":"max-image-preview:large","max-video-preview":"max-video-preview:-1"},"canonical":"https:\/\/rafaramirez.org\/blog\/index.php\/2025\/02\/20\/la-manzana-pintura-al-oleo\/","og_locale":"es_ES","og_type":"article","og_title":"\"La manzana\" | Pintura al \u00d3leo 50\u00d760 cm | Combinaci\u00f3n de realismo y sensibilidad. - Blog de Rafael Ram\u00edrez","og_description":"En \"La manzana\", pintura al \u00f3leo, Ram\u00edrez utiliza una paleta de colores suaves y armoniosos para crear una atm\u00f3sfera de tranquilidad y...","og_url":"https:\/\/rafaramirez.org\/blog\/index.php\/2025\/02\/20\/la-manzana-pintura-al-oleo\/","og_site_name":"Blog de Rafael Ram\u00edrez","article_published_time":"2025-02-20T07:15:45+00:00","article_modified_time":"2025-02-20T19:26:15+00:00","og_image":[{"width":720,"height":440,"url":"https:\/\/rafaramirez.org\/blog\/wp-content\/uploads\/2025\/02\/La_manzana_pintura_al_oleo_Rafael-Ramirez_banner2_logblog.jpg","type":"image\/jpeg"}],"author":"Documentaci\u00f3n e investigaci\u00f3n","twitter_card":"summary_large_image","twitter_site":"@rafaramirez_ok","twitter_misc":{"Escrito por":"Documentaci\u00f3n e investigaci\u00f3n","Tiempo de lectura":"3 minutos"},"schema":{"@context":"https:\/\/schema.org","@graph":[{"@type":"Article","@id":"https:\/\/rafaramirez.org\/blog\/index.php\/2025\/02\/20\/la-manzana-pintura-al-oleo\/#article","isPartOf":{"@id":"https:\/\/rafaramirez.org\/blog\/index.php\/2025\/02\/20\/la-manzana-pintura-al-oleo\/"},"author":{"name":"Documentaci\u00f3n e investigaci\u00f3n","@id":"https:\/\/rafaramirez.org\/blog\/#\/schema\/person\/8debd05b3d9a1d16fb21af726811617d"},"headline":"\u00abLa manzana\u00bb | Pintura al \u00d3leo 50\u00d760 cm | Combinaci\u00f3n de realismo y sensibilidad.","datePublished":"2025-02-20T07:15:45+00:00","dateModified":"2025-02-20T19:26:15+00:00","mainEntityOfPage":{"@id":"https:\/\/rafaramirez.org\/blog\/index.php\/2025\/02\/20\/la-manzana-pintura-al-oleo\/"},"wordCount":663,"commentCount":0,"publisher":{"@id":"https:\/\/rafaramirez.org\/blog\/#\/schema\/person\/50f43b6d60c578760d4c17bda54ab6a5"},"image":{"@id":"https:\/\/rafaramirez.org\/blog\/index.php\/2025\/02\/20\/la-manzana-pintura-al-oleo\/#primaryimage"},"thumbnailUrl":"https:\/\/rafaramirez.org\/blog\/wp-content\/uploads\/2025\/02\/La_manzana_pintura_al_oleo_Rafael-Ramirez_banner2_logblog.jpg","keywords":["\"La manzana\" pintura al \u00f3leo","\"La manzana\" pintura de Rafael Ram\u00edrez","arte","arte figurativo","arte moderno","arte y cultura","arte y pintura","azul","blog de Rafael Ram\u00edrez","conexi\u00f3n \u00edntima","contraste de colores","cuadro","cuadro pintado a mano","cuadros","cuadros al \u00f3leo","cuadros alegres","cuadros impresionistas","cuadros originales","destacado","intimidad y serenidad","Juego de luces y sombras","ocre","\u00d3leo sobre lienzo","Pinceladas suaves y detalladas","pintor","pintura al \u00f3leo","pintura de rafael ram\u00edrez","pintura original","pinturas al \u00f3leo sobre lienzo","pinturas al \u00f3leo sobre tela","pinturas originales","rafael ram\u00edrez pintura art\u00edstica","relajaci\u00f3n o contemplaci\u00f3n","uso h\u00e1bil de luces y sombras"],"articleSection":["Mi pintura","Pintura al \u00f3leo"],"inLanguage":"es","potentialAction":[{"@type":"CommentAction","name":"Comment","target":["https:\/\/rafaramirez.org\/blog\/index.php\/2025\/02\/20\/la-manzana-pintura-al-oleo\/#respond"]}]},{"@type":"WebPage","@id":"https:\/\/rafaramirez.org\/blog\/index.php\/2025\/02\/20\/la-manzana-pintura-al-oleo\/","url":"https:\/\/rafaramirez.org\/blog\/index.php\/2025\/02\/20\/la-manzana-pintura-al-oleo\/","name":"\"La manzana\" | Pintura al \u00d3leo 50\u00d760 cm | Combinaci\u00f3n de realismo y sensibilidad. - Blog de Rafael Ram\u00edrez","isPartOf":{"@id":"https:\/\/rafaramirez.org\/blog\/#website"},"primaryImageOfPage":{"@id":"https:\/\/rafaramirez.org\/blog\/index.php\/2025\/02\/20\/la-manzana-pintura-al-oleo\/#primaryimage"},"image":{"@id":"https:\/\/rafaramirez.org\/blog\/index.php\/2025\/02\/20\/la-manzana-pintura-al-oleo\/#primaryimage"},"thumbnailUrl":"https:\/\/rafaramirez.org\/blog\/wp-content\/uploads\/2025\/02\/La_manzana_pintura_al_oleo_Rafael-Ramirez_banner2_logblog.jpg","datePublished":"2025-02-20T07:15:45+00:00","dateModified":"2025-02-20T19:26:15+00:00","description":"En \"La manzana\", pintura al \u00f3leo, Ram\u00edrez utiliza una paleta de colores suaves y armoniosos para crear una atm\u00f3sfera de tranquilidad y...","breadcrumb":{"@id":"https:\/\/rafaramirez.org\/blog\/index.php\/2025\/02\/20\/la-manzana-pintura-al-oleo\/#breadcrumb"},"inLanguage":"es","potentialAction":[{"@type":"ReadAction","target":["https:\/\/rafaramirez.org\/blog\/index.php\/2025\/02\/20\/la-manzana-pintura-al-oleo\/"]}]},{"@type":"ImageObject","inLanguage":"es","@id":"https:\/\/rafaramirez.org\/blog\/index.php\/2025\/02\/20\/la-manzana-pintura-al-oleo\/#primaryimage","url":"https:\/\/rafaramirez.org\/blog\/wp-content\/uploads\/2025\/02\/La_manzana_pintura_al_oleo_Rafael-Ramirez_banner2_logblog.jpg","contentUrl":"https:\/\/rafaramirez.org\/blog\/wp-content\/uploads\/2025\/02\/La_manzana_pintura_al_oleo_Rafael-Ramirez_banner2_logblog.jpg","width":720,"height":440,"caption":"La manzana pintura al \u00f3leo de Rafael Ram\u00edrez. Blog de Rafael Ram\u00edrez."},{"@type":"BreadcrumbList","@id":"https:\/\/rafaramirez.org\/blog\/index.php\/2025\/02\/20\/la-manzana-pintura-al-oleo\/#breadcrumb","itemListElement":[{"@type":"ListItem","position":1,"name":"Portada","item":"https:\/\/rafaramirez.org\/blog\/"},{"@type":"ListItem","position":2,"name":"\u00abLa manzana\u00bb | Pintura al \u00d3leo 50\u00d760 cm | Combinaci\u00f3n de realismo y sensibilidad."}]},{"@type":"WebSite","@id":"https:\/\/rafaramirez.org\/blog\/#website","url":"https:\/\/rafaramirez.org\/blog\/","name":"Blog de Rafael Ram\u00edrez","description":"Un sitio social, de arte y cultura","publisher":{"@id":"https:\/\/rafaramirez.org\/blog\/#\/schema\/person\/50f43b6d60c578760d4c17bda54ab6a5"},"potentialAction":[{"@type":"SearchAction","target":{"@type":"EntryPoint","urlTemplate":"https:\/\/rafaramirez.org\/blog\/?s={search_term_string}"},"query-input":{"@type":"PropertyValueSpecification","valueRequired":true,"valueName":"search_term_string"}}],"inLanguage":"es"},{"@type":["Person","Organization"],"@id":"https:\/\/rafaramirez.org\/blog\/#\/schema\/person\/50f43b6d60c578760d4c17bda54ab6a5","name":"Rafael Ram\u00edrez","image":{"@type":"ImageObject","inLanguage":"es","@id":"https:\/\/rafaramirez.org\/blog\/wp-content\/uploads\/2024\/09\/RR_socialnetwork.jpg","url":"https:\/\/rafaramirez.org\/blog\/wp-content\/uploads\/2024\/09\/RR_socialnetwork.jpg","contentUrl":"https:\/\/rafaramirez.org\/blog\/wp-content\/uploads\/2024\/09\/RR_socialnetwork.jpg","width":600,"height":606,"caption":"Rafael Ram\u00edrez"},"logo":{"@id":"https:\/\/rafaramirez.org\/blog\/wp-content\/uploads\/2024\/09\/RR_socialnetwork.jpg"},"sameAs":["https:\/\/www.rafaramirez.org\/blog","https:\/\/www.instagram.com\/rafaramirez_ok\/","https:\/\/es.pinterest.com\/Ramirez_Rafa\/","https:\/\/x.com\/rafaramirez_ok"]},{"@type":"Person","@id":"https:\/\/rafaramirez.org\/blog\/#\/schema\/person\/8debd05b3d9a1d16fb21af726811617d","name":"Documentaci\u00f3n e investigaci\u00f3n","image":{"@type":"ImageObject","inLanguage":"es","@id":"https:\/\/secure.gravatar.com\/avatar\/fe70e496579a39c7a8fc4982b89275403b1092eb200623138a32daada9416911?s=96&d=mm&r=g","url":"https:\/\/secure.gravatar.com\/avatar\/fe70e496579a39c7a8fc4982b89275403b1092eb200623138a32daada9416911?s=96&d=mm&r=g","contentUrl":"https:\/\/secure.gravatar.com\/avatar\/fe70e496579a39c7a8fc4982b89275403b1092eb200623138a32daada9416911?s=96&d=mm&r=g","caption":"Documentaci\u00f3n e investigaci\u00f3n"},"url":"https:\/\/rafaramirez.org\/blog\/index.php\/author\/admin\/"}]}},"jetpack_publicize_connections":[],"jetpack_sharing_enabled":true,"jetpack_likes_enabled":true,"jetpack_featured_media_url":"https:\/\/rafaramirez.org\/blog\/wp-content\/uploads\/2025\/02\/La_manzana_pintura_al_oleo_Rafael-Ramirez_banner2_logblog.jpg","_links":{"self":[{"href":"https:\/\/rafaramirez.org\/blog\/index.php\/wp-json\/wp\/v2\/posts\/8129","targetHints":{"allow":["GET"]}}],"collection":[{"href":"https:\/\/rafaramirez.org\/blog\/index.php\/wp-json\/wp\/v2\/posts"}],"about":[{"href":"https:\/\/rafaramirez.org\/blog\/index.php\/wp-json\/wp\/v2\/types\/post"}],"author":[{"embeddable":true,"href":"https:\/\/rafaramirez.org\/blog\/index.php\/wp-json\/wp\/v2\/users\/3"}],"replies":[{"embeddable":true,"href":"https:\/\/rafaramirez.org\/blog\/index.php\/wp-json\/wp\/v2\/comments?post=8129"}],"version-history":[{"count":9,"href":"https:\/\/rafaramirez.org\/blog\/index.php\/wp-json\/wp\/v2\/posts\/8129\/revisions"}],"predecessor-version":[{"id":8236,"href":"https:\/\/rafaramirez.org\/blog\/index.php\/wp-json\/wp\/v2\/posts\/8129\/revisions\/8236"}],"wp:featuredmedia":[{"embeddable":true,"href":"https:\/\/rafaramirez.org\/blog\/index.php\/wp-json\/wp\/v2\/media\/8135"}],"wp:attachment":[{"href":"https:\/\/rafaramirez.org\/blog\/index.php\/wp-json\/wp\/v2\/media?parent=8129"}],"wp:term":[{"taxonomy":"category","embeddable":true,"href":"https:\/\/rafaramirez.org\/blog\/index.php\/wp-json\/wp\/v2\/categories?post=8129"},{"taxonomy":"post_tag","embeddable":true,"href":"https:\/\/rafaramirez.org\/blog\/index.php\/wp-json\/wp\/v2\/tags?post=8129"}],"curies":[{"name":"wp","href":"https:\/\/api.w.org\/{rel}","templated":true}]}}