{"id":8102,"date":"2025-02-19T08:15:44","date_gmt":"2025-02-19T07:15:44","guid":{"rendered":"https:\/\/rafaramirez.org\/blog\/?p=8102"},"modified":"2025-02-12T19:45:12","modified_gmt":"2025-02-12T18:45:12","slug":"yo-que-fui-un-perro-de-antonio-soler","status":"publish","type":"post","link":"https:\/\/rafaramirez.org\/blog\/index.php\/2025\/02\/19\/yo-que-fui-un-perro-de-antonio-soler\/","title":{"rendered":"\u00abYo que fui un perro\u00bb de Antonio Soler, reflexi\u00f3n sobre los l\u00edmites del amor y la obsesi\u00f3n."},"content":{"rendered":"<p><strong>\u00abYo que fui un perro\u00bb<\/strong> es una novela de <strong>Antonio Soler<\/strong> publicada en 2023 por Galaxia Gutenberg. La historia es el diario de un joven estudiante de Medicina que se obsesiona con su novia. Desde su casa, el protagonista observa y analiza cada uno de sus movimientos, gestos y salidas, lo que refleja una <strong>relaci\u00f3n turbulenta y controladora<\/strong>.<\/p>\n<p>La novela aborda temas como el acoso psicol\u00f3gico, la manipulaci\u00f3n y los celos enfermizos. Soler nos muestra la mente de un manipulador que se cree con derecho a controlar la vida de su pareja bas\u00e1ndose en una l\u00f3gica falsa. A trav\u00e9s de este relato, el autor nos invita a <strong>reflexionar sobre la negatividad del control y la obsesi\u00f3n<\/strong>.<\/p>\n<h3>Cr\u00edtica literaria.<\/h3>\n<p>La novela de Antonio Soler, \u00abYo que fui un perro\u00bb, es una obra que se distingue por su <strong>formato de diario<\/strong>. A trav\u00e9s de este formato, Soler nos sumerge en la mente de Carlos, un joven estudiante de Medicina obsesionado con su novia Yolanda. La narrativa en primera persona y en pasado nos permite <strong>conocer los pensamientos m\u00e1s \u00edntimos y oscuros<\/strong> del protagonista.<\/p>\n<p>Soler aborda temas como el acoso psicol\u00f3gico, la manipulaci\u00f3n y los celos enfermizos. La novela es un <strong>retrato perturbador de c\u00f3mo una mente puede sucumbir a la obsesi\u00f3n y el control<\/strong>. La autenticidad del diario, con sus repetitivos y mon\u00f3tonos registros diarios, refuerza la sensaci\u00f3n de claustrofobia y desesperaci\u00f3n.<\/p>\n<p>El autor consigue un <strong>equilibrio perfecto entre la mon\u00f3tona realidad y los momentos de tensi\u00f3n<\/strong>. Aunque el formato puede parecer simple, Soler lo maneja con maestr\u00eda, logrando que los lectores se sientan parte de la obsesi\u00f3n del protagonista. La <strong>prosa es precisa y, a la vez, inc\u00f3moda<\/strong>, lo que aumenta la inmersi\u00f3n en la historia.<\/p>\n<p>En resumen, Yo que fui un perro es una novela que desaf\u00eda al lector a reflexionar sobre los l\u00edmites del amor y el control, y sobre c\u00f3mo una relaci\u00f3n puede desmoronarse bajo la presi\u00f3n de la obsesi\u00f3n. Antonio Soler ha creado una <strong>obra inquietante y fascinante<\/strong> que deja una impresi\u00f3n duradera en quienes se atreven a explorar sus p\u00e1ginas.<\/p>\n<figure id=\"attachment_8108\" aria-describedby=\"caption-attachment-8108\" style=\"width: 181px\" class=\"wp-caption aligncenter\"><a href=\"https:\/\/rafaramirez.org\/blog\/wp-content\/uploads\/2025\/02\/Yo_que_fui_un_perro_Antonio-Soler_portada.jpg\" target=\"_blank\" rel=\"noopener\"><img loading=\"lazy\" decoding=\"async\" class=\"wp-image-8108 size-medium\" src=\"https:\/\/rafaramirez.org\/blog\/wp-content\/uploads\/2025\/02\/Yo_que_fui_un_perro_Antonio-Soler_portada-181x300.jpg\" alt=\"Portada del libro &quot;Yo que fui un perro&quot; de Antonio Soler. Blog de Rafael Ram\u00edrez\" width=\"181\" height=\"300\" srcset=\"https:\/\/rafaramirez.org\/blog\/wp-content\/uploads\/2025\/02\/Yo_que_fui_un_perro_Antonio-Soler_portada-181x300.jpg 181w, https:\/\/rafaramirez.org\/blog\/wp-content\/uploads\/2025\/02\/Yo_que_fui_un_perro_Antonio-Soler_portada.jpg 604w\" sizes=\"auto, (max-width: 181px) 100vw, 181px\" \/><\/a><figcaption id=\"caption-attachment-8108\" class=\"wp-caption-text\">Portada del libro \u00abYo que fui un perro\u00bb de Antonio Soler. Blog de Rafael Ram\u00edrez<\/figcaption><\/figure>\n<h3>Ficha t\u00e9cnica.<\/h3>\n<ul>\n<li><strong>T\u00edtulo<\/strong>: Yo que fui un perro<\/li>\n<li><strong>Autor<\/strong>: Antonio Soler<\/li>\n<li><strong>Editorial<\/strong>: Galaxia Gutenberg, S.L.<\/li>\n<li><strong>ISBN<\/strong>: 9788419738011<\/li>\n<li><strong>Idioma<\/strong>: Castellano<\/li>\n<li><strong>N\u00famero de p\u00e1ginas<\/strong>: 296<\/li>\n<li><strong>Encuadernaci\u00f3n<\/strong>: Tapa dura<\/li>\n<li><strong>Fecha de lanzamiento<\/strong>: 13 de septiembre de 2023<\/li>\n<li><strong>A\u00f1o de edici\u00f3n<\/strong>: 2023<\/li>\n<\/ul>\n<h3>Sobre su autor.<\/h3>\n<p>Antonio Soler es un escritor espa\u00f1ol <strong>nacido en M\u00e1laga<\/strong> en 1956. Es conocido por su estilo narrativo po\u00e9tico y su habilidad para explorar la psicolog\u00eda de sus personajes. Ha publicado numerosas novelas, entre las que destacan <strong>\u00abLas bailarinas muertas\u00bb, \u00abEl nombre que ahora digo\u00bb, \u00abEl camino de los ingleses\u00bb y \u00abSur\u00bb<\/strong>. Sus obras han sido traducidas a varios idiomas y han recibido m\u00faltiples premios, entre los que destacan el <strong>Premio Herralde, el Premio Nacional de la Cr\u00edtica y el Premio Nadal<\/strong>.<\/p>\n<p>Soler pertenece a la<strong> Orden de Caballeros del Finnegans<\/strong>, una comunidad literaria que rinde homenaje a la obra de James Joyce. Su enfoque en temas como la identidad, la marginalidad y la redenci\u00f3n lo ha convertido en uno de los autores m\u00e1s respetados de la literatura espa\u00f1ola contempor\u00e1nea.<\/p>\n<figure id=\"attachment_8109\" aria-describedby=\"caption-attachment-8109\" style=\"width: 300px\" class=\"wp-caption aligncenter\"><a href=\"https:\/\/rafaramirez.org\/blog\/wp-content\/uploads\/2025\/02\/Antonio-Soler_portrait.jpg\" target=\"_blank\" rel=\"noopener\"><img loading=\"lazy\" decoding=\"async\" class=\"wp-image-8109 size-medium\" src=\"https:\/\/rafaramirez.org\/blog\/wp-content\/uploads\/2025\/02\/Antonio-Soler_portrait-300x178.jpg\" alt=\"El escritor Antonio Soler. Blog de Rafael Ram\u00edrez\" width=\"300\" height=\"178\" srcset=\"https:\/\/rafaramirez.org\/blog\/wp-content\/uploads\/2025\/02\/Antonio-Soler_portrait-300x178.jpg 300w, https:\/\/rafaramirez.org\/blog\/wp-content\/uploads\/2025\/02\/Antonio-Soler_portrait.jpg 623w\" sizes=\"auto, (max-width: 300px) 100vw, 300px\" \/><\/a><figcaption id=\"caption-attachment-8109\" class=\"wp-caption-text\">El escritor Antonio Soler. Blog de Rafael Ram\u00edrez<\/figcaption><\/figure>\n<p>En definitiva, te recomendar\u00eda \u00abYo que fui un perro\u00bb, de Antonio Soler, por su inquietante y realista retrato de la obsesi\u00f3n y el control en las relaciones humanas. La prosa detallada y la narrativa en formato de diario te sumergen en la mente del protagonista, lo que convierte a esta novela en una experiencia fascinante y perturbadora que invita a la reflexi\u00f3n.<\/p>\n<p>M\u00e1s informaci\u00f3n:<\/p>\n<ul>\n<li><a href=\"https:\/\/es.wikipedia.org\/wiki\/Antonio_Soler_(escritor)\" target=\"_blank\" rel=\"noopener\">Wikipedia<\/a>.<\/li>\n<li><a href=\"https:\/\/www.casadellibro.com\/libro-yo-que-fui-un-perro\/9788419738011\/14061989\" target=\"_blank\" rel=\"noopener\">Casa del Libro<\/a>.<\/li>\n<li><a href=\"https:\/\/www.galaxiagutenberg.com\/producto\/yo-que-fui-un-perro\/\" target=\"_blank\" rel=\"noopener\">Galaxia Gutenberg<\/a>.<\/li>\n<li><a href=\"https:\/\/rafaramirez.org\/blog\/index.php\/category\/arte\/literatura\/\" target=\"_blank\" rel=\"noopener\">Otros libros recomendados<\/a>.<\/li>\n<\/ul>\n","protected":false},"excerpt":{"rendered":"<p>\u00abYo que fui un perro\u00bb es una novela de Antonio Soler publicada en 2023 por Galaxia Gutenberg. La historia es el diario de un joven estudiante de Medicina que se obsesiona con su novia. Desde su casa, el protagonista observa y analiza cada uno de sus movimientos, gestos y salidas, lo que refleja una relaci\u00f3n [&hellip;]<\/p>\n","protected":false},"author":1,"featured_media":8110,"comment_status":"open","ping_status":"closed","sticky":false,"template":"","format":"standard","meta":{"site-container-style":"default","site-container-layout":"default","site-sidebar-layout":"default","disable-article-header":"default","disable-site-header":"default","disable-site-footer":"default","disable-content-area-spacing":"default","_jetpack_newsletter_access":"","_jetpack_dont_email_post_to_subs":false,"_jetpack_newsletter_tier_id":0,"_jetpack_memberships_contains_paywalled_content":false,"_jetpack_feature_clip_id":0,"_jetpack_memberships_contains_paid_content":false,"footnotes":"","jetpack_publicize_message":"","jetpack_publicize_feature_enabled":true,"jetpack_social_post_already_shared":true,"jetpack_social_options":{"image_generator_settings":{"template":"highway","default_image_id":0,"font":"","enabled":false},"version":2},"jetpack_post_was_ever_published":false},"categories":[710],"tags":[4049,68,1585,3610,264,4050,4051,1262],"class_list":["post-8102","post","type-post","status-publish","format-standard","has-post-thumbnail","hentry","category-literatura","tag-yo-que-fui-un-perro-de-antonio-soler","tag-blog-de-rafael-ramirez","tag-critica-literaria","tag-lectura-recomendada","tag-libro-recomendado","tag-novela-de-2023","tag-novela-de-antonio-soler","tag-novela-recomendada"],"yoast_head":"<!-- This site is optimized with the Yoast SEO plugin v28.4 - https:\/\/yoast.com\/product\/yoast-seo-wordpress\/ -->\n<title>&quot;Yo que fui un perro&quot; de Antonio Soler, reflexi\u00f3n sobre los l\u00edmites del amor y la obsesi\u00f3n. - Blog de Rafael Ram\u00edrez<\/title>\n<meta name=\"description\" content=\"&quot;Yo que fui un perro&quot; es una novela de Antonio Soler. El autor consigue un equilibrio perfecto entre la realidad y los momentos de tensi\u00f3n.\" \/>\n<meta name=\"robots\" content=\"index, follow, max-snippet:-1, max-image-preview:large, max-video-preview:-1\" \/>\n<link rel=\"canonical\" href=\"https:\/\/rafaramirez.org\/blog\/index.php\/2025\/02\/19\/yo-que-fui-un-perro-de-antonio-soler\/\" \/>\n<meta property=\"og:locale\" content=\"es_ES\" \/>\n<meta property=\"og:type\" content=\"article\" \/>\n<meta property=\"og:title\" content=\"&quot;Yo que fui un perro&quot; de Antonio Soler, reflexi\u00f3n sobre los l\u00edmites del amor y la obsesi\u00f3n. - Blog de Rafael Ram\u00edrez\" \/>\n<meta property=\"og:description\" content=\"&quot;Yo que fui un perro&quot; es una novela de Antonio Soler. El autor consigue un equilibrio perfecto entre la realidad y los momentos de tensi\u00f3n.\" \/>\n<meta property=\"og:url\" content=\"https:\/\/rafaramirez.org\/blog\/index.php\/2025\/02\/19\/yo-que-fui-un-perro-de-antonio-soler\/\" \/>\n<meta property=\"og:site_name\" content=\"Blog de Rafael Ram\u00edrez\" \/>\n<meta property=\"article:published_time\" content=\"2025-02-19T07:15:44+00:00\" \/>\n<meta property=\"og:image\" content=\"https:\/\/rafaramirez.org\/blog\/wp-content\/uploads\/2025\/02\/Yo_que_fui_un_perro_Antonio-Soler_banner.jpg\" \/>\n\t<meta property=\"og:image:width\" content=\"720\" \/>\n\t<meta property=\"og:image:height\" content=\"440\" \/>\n\t<meta property=\"og:image:type\" content=\"image\/jpeg\" \/>\n<meta name=\"author\" content=\"Rafael Ram\u00edrez\" \/>\n<meta name=\"twitter:card\" content=\"summary_large_image\" \/>\n<meta name=\"twitter:creator\" content=\"@rafaramirez_ok\" \/>\n<meta name=\"twitter:site\" content=\"@rafaramirez_ok\" \/>\n<meta name=\"twitter:label1\" content=\"Escrito por\" \/>\n\t<meta name=\"twitter:data1\" content=\"Rafael Ram\u00edrez\" \/>\n\t<meta name=\"twitter:label2\" content=\"Tiempo de lectura\" \/>\n\t<meta name=\"twitter:data2\" content=\"4 minutos\" \/>\n<script type=\"application\/ld+json\" class=\"yoast-schema-graph\">{\"@context\":\"https:\\\/\\\/schema.org\",\"@graph\":[{\"@type\":\"Article\",\"@id\":\"https:\\\/\\\/rafaramirez.org\\\/blog\\\/index.php\\\/2025\\\/02\\\/19\\\/yo-que-fui-un-perro-de-antonio-soler\\\/#article\",\"isPartOf\":{\"@id\":\"https:\\\/\\\/rafaramirez.org\\\/blog\\\/index.php\\\/2025\\\/02\\\/19\\\/yo-que-fui-un-perro-de-antonio-soler\\\/\"},\"author\":{\"name\":\"Rafael Ram\u00edrez\",\"@id\":\"https:\\\/\\\/rafaramirez.org\\\/blog\\\/#\\\/schema\\\/person\\\/50f43b6d60c578760d4c17bda54ab6a5\"},\"headline\":\"\u00abYo que fui un perro\u00bb de Antonio Soler, reflexi\u00f3n sobre los l\u00edmites del amor y la obsesi\u00f3n.\",\"datePublished\":\"2025-02-19T07:15:44+00:00\",\"mainEntityOfPage\":{\"@id\":\"https:\\\/\\\/rafaramirez.org\\\/blog\\\/index.php\\\/2025\\\/02\\\/19\\\/yo-que-fui-un-perro-de-antonio-soler\\\/\"},\"wordCount\":693,\"commentCount\":0,\"publisher\":{\"@id\":\"https:\\\/\\\/rafaramirez.org\\\/blog\\\/#\\\/schema\\\/person\\\/50f43b6d60c578760d4c17bda54ab6a5\"},\"image\":{\"@id\":\"https:\\\/\\\/rafaramirez.org\\\/blog\\\/index.php\\\/2025\\\/02\\\/19\\\/yo-que-fui-un-perro-de-antonio-soler\\\/#primaryimage\"},\"thumbnailUrl\":\"https:\\\/\\\/rafaramirez.org\\\/blog\\\/wp-content\\\/uploads\\\/2025\\\/02\\\/Yo_que_fui_un_perro_Antonio-Soler_banner.jpg\",\"keywords\":[\"\\\"Yo que fui un perro\\\" de Antonio Soler\",\"blog de Rafael Ram\u00edrez\",\"cr\u00edtica literaria\",\"lectura recomendada\",\"libro recomendado\",\"novela de 2023\",\"novela de Antonio Soler\",\"novela recomendada\"],\"articleSection\":[\"Literatura\"],\"inLanguage\":\"es\",\"potentialAction\":[{\"@type\":\"CommentAction\",\"name\":\"Comment\",\"target\":[\"https:\\\/\\\/rafaramirez.org\\\/blog\\\/index.php\\\/2025\\\/02\\\/19\\\/yo-que-fui-un-perro-de-antonio-soler\\\/#respond\"]}]},{\"@type\":\"WebPage\",\"@id\":\"https:\\\/\\\/rafaramirez.org\\\/blog\\\/index.php\\\/2025\\\/02\\\/19\\\/yo-que-fui-un-perro-de-antonio-soler\\\/\",\"url\":\"https:\\\/\\\/rafaramirez.org\\\/blog\\\/index.php\\\/2025\\\/02\\\/19\\\/yo-que-fui-un-perro-de-antonio-soler\\\/\",\"name\":\"\\\"Yo que fui un perro\\\" de Antonio Soler, reflexi\u00f3n sobre los l\u00edmites del amor y la obsesi\u00f3n. - Blog de Rafael Ram\u00edrez\",\"isPartOf\":{\"@id\":\"https:\\\/\\\/rafaramirez.org\\\/blog\\\/#website\"},\"primaryImageOfPage\":{\"@id\":\"https:\\\/\\\/rafaramirez.org\\\/blog\\\/index.php\\\/2025\\\/02\\\/19\\\/yo-que-fui-un-perro-de-antonio-soler\\\/#primaryimage\"},\"image\":{\"@id\":\"https:\\\/\\\/rafaramirez.org\\\/blog\\\/index.php\\\/2025\\\/02\\\/19\\\/yo-que-fui-un-perro-de-antonio-soler\\\/#primaryimage\"},\"thumbnailUrl\":\"https:\\\/\\\/rafaramirez.org\\\/blog\\\/wp-content\\\/uploads\\\/2025\\\/02\\\/Yo_que_fui_un_perro_Antonio-Soler_banner.jpg\",\"datePublished\":\"2025-02-19T07:15:44+00:00\",\"description\":\"\\\"Yo que fui un perro\\\" es una novela de Antonio Soler. El autor consigue un equilibrio perfecto entre la realidad y los momentos de tensi\u00f3n.\",\"breadcrumb\":{\"@id\":\"https:\\\/\\\/rafaramirez.org\\\/blog\\\/index.php\\\/2025\\\/02\\\/19\\\/yo-que-fui-un-perro-de-antonio-soler\\\/#breadcrumb\"},\"inLanguage\":\"es\",\"potentialAction\":[{\"@type\":\"ReadAction\",\"target\":[\"https:\\\/\\\/rafaramirez.org\\\/blog\\\/index.php\\\/2025\\\/02\\\/19\\\/yo-que-fui-un-perro-de-antonio-soler\\\/\"]}]},{\"@type\":\"ImageObject\",\"inLanguage\":\"es\",\"@id\":\"https:\\\/\\\/rafaramirez.org\\\/blog\\\/index.php\\\/2025\\\/02\\\/19\\\/yo-que-fui-un-perro-de-antonio-soler\\\/#primaryimage\",\"url\":\"https:\\\/\\\/rafaramirez.org\\\/blog\\\/wp-content\\\/uploads\\\/2025\\\/02\\\/Yo_que_fui_un_perro_Antonio-Soler_banner.jpg\",\"contentUrl\":\"https:\\\/\\\/rafaramirez.org\\\/blog\\\/wp-content\\\/uploads\\\/2025\\\/02\\\/Yo_que_fui_un_perro_Antonio-Soler_banner.jpg\",\"width\":720,\"height\":440,\"caption\":\"\\\"Yo que fui un perro\\\" de Antonio Soler. Blog de Rafael Ram\u00edrez\"},{\"@type\":\"BreadcrumbList\",\"@id\":\"https:\\\/\\\/rafaramirez.org\\\/blog\\\/index.php\\\/2025\\\/02\\\/19\\\/yo-que-fui-un-perro-de-antonio-soler\\\/#breadcrumb\",\"itemListElement\":[{\"@type\":\"ListItem\",\"position\":1,\"name\":\"Portada\",\"item\":\"https:\\\/\\\/rafaramirez.org\\\/blog\\\/\"},{\"@type\":\"ListItem\",\"position\":2,\"name\":\"\u00abYo que fui un perro\u00bb de Antonio Soler, reflexi\u00f3n sobre los l\u00edmites del amor y la obsesi\u00f3n.\"}]},{\"@type\":\"WebSite\",\"@id\":\"https:\\\/\\\/rafaramirez.org\\\/blog\\\/#website\",\"url\":\"https:\\\/\\\/rafaramirez.org\\\/blog\\\/\",\"name\":\"Blog de Rafael Ram\u00edrez\",\"description\":\"Un sitio social, de arte y cultura\",\"publisher\":{\"@id\":\"https:\\\/\\\/rafaramirez.org\\\/blog\\\/#\\\/schema\\\/person\\\/50f43b6d60c578760d4c17bda54ab6a5\"},\"potentialAction\":[{\"@type\":\"SearchAction\",\"target\":{\"@type\":\"EntryPoint\",\"urlTemplate\":\"https:\\\/\\\/rafaramirez.org\\\/blog\\\/?s={search_term_string}\"},\"query-input\":{\"@type\":\"PropertyValueSpecification\",\"valueRequired\":true,\"valueName\":\"search_term_string\"}}],\"inLanguage\":\"es\"},{\"@type\":[\"Person\",\"Organization\"],\"@id\":\"https:\\\/\\\/rafaramirez.org\\\/blog\\\/#\\\/schema\\\/person\\\/50f43b6d60c578760d4c17bda54ab6a5\",\"name\":\"Rafael Ram\u00edrez\",\"image\":{\"@type\":\"ImageObject\",\"inLanguage\":\"es\",\"@id\":\"https:\\\/\\\/rafaramirez.org\\\/blog\\\/wp-content\\\/uploads\\\/2024\\\/09\\\/RR_socialnetwork.jpg\",\"url\":\"https:\\\/\\\/rafaramirez.org\\\/blog\\\/wp-content\\\/uploads\\\/2024\\\/09\\\/RR_socialnetwork.jpg\",\"contentUrl\":\"https:\\\/\\\/rafaramirez.org\\\/blog\\\/wp-content\\\/uploads\\\/2024\\\/09\\\/RR_socialnetwork.jpg\",\"width\":600,\"height\":606,\"caption\":\"Rafael Ram\u00edrez\"},\"logo\":{\"@id\":\"https:\\\/\\\/rafaramirez.org\\\/blog\\\/wp-content\\\/uploads\\\/2024\\\/09\\\/RR_socialnetwork.jpg\"},\"sameAs\":[\"https:\\\/\\\/www.rafaramirez.org\\\/blog\",\"https:\\\/\\\/www.instagram.com\\\/rafaramirez_ok\\\/\",\"https:\\\/\\\/es.pinterest.com\\\/Ramirez_Rafa\\\/\",\"https:\\\/\\\/x.com\\\/rafaramirez_ok\"],\"url\":\"https:\\\/\\\/rafaramirez.org\\\/blog\\\/index.php\\\/author\\\/rafaell_qm6j97da\\\/\"}]}<\/script>\n<!-- \/ Yoast SEO plugin. -->","yoast_head_json":{"title":"\"Yo que fui un perro\" de Antonio Soler, reflexi\u00f3n sobre los l\u00edmites del amor y la obsesi\u00f3n. - Blog de Rafael Ram\u00edrez","description":"\"Yo que fui un perro\" es una novela de Antonio Soler. El autor consigue un equilibrio perfecto entre la realidad y los momentos de tensi\u00f3n.","robots":{"index":"index","follow":"follow","max-snippet":"max-snippet:-1","max-image-preview":"max-image-preview:large","max-video-preview":"max-video-preview:-1"},"canonical":"https:\/\/rafaramirez.org\/blog\/index.php\/2025\/02\/19\/yo-que-fui-un-perro-de-antonio-soler\/","og_locale":"es_ES","og_type":"article","og_title":"\"Yo que fui un perro\" de Antonio Soler, reflexi\u00f3n sobre los l\u00edmites del amor y la obsesi\u00f3n. - Blog de Rafael Ram\u00edrez","og_description":"\"Yo que fui un perro\" es una novela de Antonio Soler. El autor consigue un equilibrio perfecto entre la realidad y los momentos de tensi\u00f3n.","og_url":"https:\/\/rafaramirez.org\/blog\/index.php\/2025\/02\/19\/yo-que-fui-un-perro-de-antonio-soler\/","og_site_name":"Blog de Rafael Ram\u00edrez","article_published_time":"2025-02-19T07:15:44+00:00","og_image":[{"width":720,"height":440,"url":"https:\/\/rafaramirez.org\/blog\/wp-content\/uploads\/2025\/02\/Yo_que_fui_un_perro_Antonio-Soler_banner.jpg","type":"image\/jpeg"}],"author":"Rafael Ram\u00edrez","twitter_card":"summary_large_image","twitter_creator":"@rafaramirez_ok","twitter_site":"@rafaramirez_ok","twitter_misc":{"Escrito por":"Rafael Ram\u00edrez","Tiempo de lectura":"4 minutos"},"schema":{"@context":"https:\/\/schema.org","@graph":[{"@type":"Article","@id":"https:\/\/rafaramirez.org\/blog\/index.php\/2025\/02\/19\/yo-que-fui-un-perro-de-antonio-soler\/#article","isPartOf":{"@id":"https:\/\/rafaramirez.org\/blog\/index.php\/2025\/02\/19\/yo-que-fui-un-perro-de-antonio-soler\/"},"author":{"name":"Rafael Ram\u00edrez","@id":"https:\/\/rafaramirez.org\/blog\/#\/schema\/person\/50f43b6d60c578760d4c17bda54ab6a5"},"headline":"\u00abYo que fui un perro\u00bb de Antonio Soler, reflexi\u00f3n sobre los l\u00edmites del amor y la obsesi\u00f3n.","datePublished":"2025-02-19T07:15:44+00:00","mainEntityOfPage":{"@id":"https:\/\/rafaramirez.org\/blog\/index.php\/2025\/02\/19\/yo-que-fui-un-perro-de-antonio-soler\/"},"wordCount":693,"commentCount":0,"publisher":{"@id":"https:\/\/rafaramirez.org\/blog\/#\/schema\/person\/50f43b6d60c578760d4c17bda54ab6a5"},"image":{"@id":"https:\/\/rafaramirez.org\/blog\/index.php\/2025\/02\/19\/yo-que-fui-un-perro-de-antonio-soler\/#primaryimage"},"thumbnailUrl":"https:\/\/rafaramirez.org\/blog\/wp-content\/uploads\/2025\/02\/Yo_que_fui_un_perro_Antonio-Soler_banner.jpg","keywords":["\"Yo que fui un perro\" de Antonio Soler","blog de Rafael Ram\u00edrez","cr\u00edtica literaria","lectura recomendada","libro recomendado","novela de 2023","novela de Antonio Soler","novela recomendada"],"articleSection":["Literatura"],"inLanguage":"es","potentialAction":[{"@type":"CommentAction","name":"Comment","target":["https:\/\/rafaramirez.org\/blog\/index.php\/2025\/02\/19\/yo-que-fui-un-perro-de-antonio-soler\/#respond"]}]},{"@type":"WebPage","@id":"https:\/\/rafaramirez.org\/blog\/index.php\/2025\/02\/19\/yo-que-fui-un-perro-de-antonio-soler\/","url":"https:\/\/rafaramirez.org\/blog\/index.php\/2025\/02\/19\/yo-que-fui-un-perro-de-antonio-soler\/","name":"\"Yo que fui un perro\" de Antonio Soler, reflexi\u00f3n sobre los l\u00edmites del amor y la obsesi\u00f3n. - Blog de Rafael Ram\u00edrez","isPartOf":{"@id":"https:\/\/rafaramirez.org\/blog\/#website"},"primaryImageOfPage":{"@id":"https:\/\/rafaramirez.org\/blog\/index.php\/2025\/02\/19\/yo-que-fui-un-perro-de-antonio-soler\/#primaryimage"},"image":{"@id":"https:\/\/rafaramirez.org\/blog\/index.php\/2025\/02\/19\/yo-que-fui-un-perro-de-antonio-soler\/#primaryimage"},"thumbnailUrl":"https:\/\/rafaramirez.org\/blog\/wp-content\/uploads\/2025\/02\/Yo_que_fui_un_perro_Antonio-Soler_banner.jpg","datePublished":"2025-02-19T07:15:44+00:00","description":"\"Yo que fui un perro\" es una novela de Antonio Soler. El autor consigue un equilibrio perfecto entre la realidad y los momentos de tensi\u00f3n.","breadcrumb":{"@id":"https:\/\/rafaramirez.org\/blog\/index.php\/2025\/02\/19\/yo-que-fui-un-perro-de-antonio-soler\/#breadcrumb"},"inLanguage":"es","potentialAction":[{"@type":"ReadAction","target":["https:\/\/rafaramirez.org\/blog\/index.php\/2025\/02\/19\/yo-que-fui-un-perro-de-antonio-soler\/"]}]},{"@type":"ImageObject","inLanguage":"es","@id":"https:\/\/rafaramirez.org\/blog\/index.php\/2025\/02\/19\/yo-que-fui-un-perro-de-antonio-soler\/#primaryimage","url":"https:\/\/rafaramirez.org\/blog\/wp-content\/uploads\/2025\/02\/Yo_que_fui_un_perro_Antonio-Soler_banner.jpg","contentUrl":"https:\/\/rafaramirez.org\/blog\/wp-content\/uploads\/2025\/02\/Yo_que_fui_un_perro_Antonio-Soler_banner.jpg","width":720,"height":440,"caption":"\"Yo que fui un perro\" de Antonio Soler. Blog de Rafael Ram\u00edrez"},{"@type":"BreadcrumbList","@id":"https:\/\/rafaramirez.org\/blog\/index.php\/2025\/02\/19\/yo-que-fui-un-perro-de-antonio-soler\/#breadcrumb","itemListElement":[{"@type":"ListItem","position":1,"name":"Portada","item":"https:\/\/rafaramirez.org\/blog\/"},{"@type":"ListItem","position":2,"name":"\u00abYo que fui un perro\u00bb de Antonio Soler, reflexi\u00f3n sobre los l\u00edmites del amor y la obsesi\u00f3n."}]},{"@type":"WebSite","@id":"https:\/\/rafaramirez.org\/blog\/#website","url":"https:\/\/rafaramirez.org\/blog\/","name":"Blog de Rafael Ram\u00edrez","description":"Un sitio social, de arte y cultura","publisher":{"@id":"https:\/\/rafaramirez.org\/blog\/#\/schema\/person\/50f43b6d60c578760d4c17bda54ab6a5"},"potentialAction":[{"@type":"SearchAction","target":{"@type":"EntryPoint","urlTemplate":"https:\/\/rafaramirez.org\/blog\/?s={search_term_string}"},"query-input":{"@type":"PropertyValueSpecification","valueRequired":true,"valueName":"search_term_string"}}],"inLanguage":"es"},{"@type":["Person","Organization"],"@id":"https:\/\/rafaramirez.org\/blog\/#\/schema\/person\/50f43b6d60c578760d4c17bda54ab6a5","name":"Rafael Ram\u00edrez","image":{"@type":"ImageObject","inLanguage":"es","@id":"https:\/\/rafaramirez.org\/blog\/wp-content\/uploads\/2024\/09\/RR_socialnetwork.jpg","url":"https:\/\/rafaramirez.org\/blog\/wp-content\/uploads\/2024\/09\/RR_socialnetwork.jpg","contentUrl":"https:\/\/rafaramirez.org\/blog\/wp-content\/uploads\/2024\/09\/RR_socialnetwork.jpg","width":600,"height":606,"caption":"Rafael Ram\u00edrez"},"logo":{"@id":"https:\/\/rafaramirez.org\/blog\/wp-content\/uploads\/2024\/09\/RR_socialnetwork.jpg"},"sameAs":["https:\/\/www.rafaramirez.org\/blog","https:\/\/www.instagram.com\/rafaramirez_ok\/","https:\/\/es.pinterest.com\/Ramirez_Rafa\/","https:\/\/x.com\/rafaramirez_ok"],"url":"https:\/\/rafaramirez.org\/blog\/index.php\/author\/rafaell_qm6j97da\/"}]}},"jetpack_publicize_connections":[],"jetpack_sharing_enabled":true,"jetpack_likes_enabled":true,"jetpack_featured_media_url":"https:\/\/rafaramirez.org\/blog\/wp-content\/uploads\/2025\/02\/Yo_que_fui_un_perro_Antonio-Soler_banner.jpg","_links":{"self":[{"href":"https:\/\/rafaramirez.org\/blog\/index.php\/wp-json\/wp\/v2\/posts\/8102","targetHints":{"allow":["GET"]}}],"collection":[{"href":"https:\/\/rafaramirez.org\/blog\/index.php\/wp-json\/wp\/v2\/posts"}],"about":[{"href":"https:\/\/rafaramirez.org\/blog\/index.php\/wp-json\/wp\/v2\/types\/post"}],"author":[{"embeddable":true,"href":"https:\/\/rafaramirez.org\/blog\/index.php\/wp-json\/wp\/v2\/users\/1"}],"replies":[{"embeddable":true,"href":"https:\/\/rafaramirez.org\/blog\/index.php\/wp-json\/wp\/v2\/comments?post=8102"}],"version-history":[{"count":7,"href":"https:\/\/rafaramirez.org\/blog\/index.php\/wp-json\/wp\/v2\/posts\/8102\/revisions"}],"predecessor-version":[{"id":8112,"href":"https:\/\/rafaramirez.org\/blog\/index.php\/wp-json\/wp\/v2\/posts\/8102\/revisions\/8112"}],"wp:featuredmedia":[{"embeddable":true,"href":"https:\/\/rafaramirez.org\/blog\/index.php\/wp-json\/wp\/v2\/media\/8110"}],"wp:attachment":[{"href":"https:\/\/rafaramirez.org\/blog\/index.php\/wp-json\/wp\/v2\/media?parent=8102"}],"wp:term":[{"taxonomy":"category","embeddable":true,"href":"https:\/\/rafaramirez.org\/blog\/index.php\/wp-json\/wp\/v2\/categories?post=8102"},{"taxonomy":"post_tag","embeddable":true,"href":"https:\/\/rafaramirez.org\/blog\/index.php\/wp-json\/wp\/v2\/tags?post=8102"}],"curies":[{"name":"wp","href":"https:\/\/api.w.org\/{rel}","templated":true}]}}