{"id":8056,"date":"2025-02-14T08:15:55","date_gmt":"2025-02-14T07:15:55","guid":{"rendered":"https:\/\/rafaramirez.org\/blog\/?p=8056"},"modified":"2025-02-14T08:27:27","modified_gmt":"2025-02-14T07:27:27","slug":"melancolia-palabra-bonita","status":"publish","type":"post","link":"https:\/\/rafaramirez.org\/blog\/index.php\/2025\/02\/14\/melancolia-palabra-bonita\/","title":{"rendered":"\u00abMelancol\u00eda\u00bb palabra bonita en nuestro proyecto. Este es su significado e historia."},"content":{"rendered":"<p>La palabra \u00abmelancol\u00eda\u00bb es la palabra bonita de hoy y tiene una historia fascinante y un significado profundo. Proviene del griego y, en la antigua medicina griega, se cre\u00eda que la melancol\u00eda era causada por un exceso de bilis negra en el cuerpo.<\/p>\n<p>En t\u00e9rminos modernos, se refiere a un estado profundo de tristeza, reflexi\u00f3n o nostalgia. A menudo es una tristeza que no tiene una causa espec\u00edfica y puede ir acompa\u00f1ada de un sentimiento de p\u00e9rdida o a\u00f1oranza por tiempos pasados.<\/p>\n<p>La melancol\u00eda tambi\u00e9n se puede asociar con una sensibilidad art\u00edstica y una reflexi\u00f3n introspectiva. A menudo, este estado ha sido una fuente de inspiraci\u00f3n en la literatura, la m\u00fasica y el arte.<\/p>\n<figure id=\"attachment_8061\" aria-describedby=\"caption-attachment-8061\" style=\"width: 300px\" class=\"wp-caption aligncenter\"><a href=\"https:\/\/rafaramirez.org\/blog\/wp-content\/uploads\/2025\/02\/rain-1599790.jpg\" target=\"_blank\" rel=\"noopener\"><img loading=\"lazy\" decoding=\"async\" class=\"wp-image-8061 size-medium\" src=\"https:\/\/rafaramirez.org\/blog\/wp-content\/uploads\/2025\/02\/rain-1599790-300x200.jpg\" alt=\"\" melancol\u00eda_=\"melancol\u00eda_\" palabra=\"palabra\" bonita.=\"bonita.\" blog=\"blog\" de=\"de\" rafael=\"rafael\" ram\u00edrez._=\"ram\u00edrez._\" width=\"300\" height=\"200\" srcset=\"https:\/\/rafaramirez.org\/blog\/wp-content\/uploads\/2025\/02\/rain-1599790-300x200.jpg 300w, https:\/\/rafaramirez.org\/blog\/wp-content\/uploads\/2025\/02\/rain-1599790-768x512.jpg 768w, https:\/\/rafaramirez.org\/blog\/wp-content\/uploads\/2025\/02\/rain-1599790.jpg 1000w\" sizes=\"auto, (max-width: 300px) 100vw, 300px\" \/><\/a><figcaption id=\"caption-attachment-8061\" class=\"wp-caption-text\">\u00abMelancol\u00eda\u00bb palabra bonita. Blog de Rafael Ram\u00edrez.<\/figcaption><\/figure>\n<h3>Origen y Etimolog\u00eda.<\/h3>\n<p>La ra\u00edz principal de \u00abmelancol\u00eda\u00bb es el griego antiguo, como te mencion\u00e9. Sin embargo, a lo largo de su evoluci\u00f3n ling\u00fc\u00edstica, esta palabra tambi\u00e9n pas\u00f3 por el lat\u00edn \u00abmelancholia\u00bb antes de llegar al espa\u00f1ol y otras lenguas modernas. El t\u00e9rmino se ha mantenido notablemente consistente en su forma y significado a lo largo del tiempo, preservando la esencia de su origen.<\/p>\n<p>Entonces, en su ra\u00edz m\u00e1s antigua, proviene del griego \u00abmelankhol\u00eda\u00bb (\u03bc\u03b5\u03bb\u03b1\u03b3\u03c7\u03bf\u03bb\u03af\u03b1), que se forma a partir de dos palabras griegas: \u00abmelas\u00bb (\u03bc\u03ad\u03bb\u03b1\u03c2), que significa \u00abnegro,\u00bb y \u00abkhol\u00e9\u00bb (\u03c7\u03bf\u03bb\u03ae), que significa \u00abbilis.\u00bb<\/p>\n<p>En la medicina antigua se pensaba que el cuerpo humano estaba compuesto de cuatro humores: sangre, flema, bilis amarilla y bilis negra. Se cre\u00eda que un desequilibrio en ellos causaba diversas enfermedades y estados de \u00e1nimo. La \u00abmelancol\u00eda\u00bb se asociaba con un exceso de bilis negra, que supuestamente provocaba un estado de tristeza y abatimiento.<\/p>\n<p>Con el tiempo, el t\u00e9rmino \u00abmelancol\u00eda\u00bb ha evolucionado hasta convertirse en un t\u00e9rmino que describe un sentimiento profundo de tristeza, nostalgia o reflexi\u00f3n. Este t\u00e9rmino se ha utilizado ampliamente en la literatura, la m\u00fasica y el arte para expresar emociones complejas y profundas.<\/p>\n<figure id=\"attachment_8062\" aria-describedby=\"caption-attachment-8062\" style=\"width: 266px\" class=\"wp-caption aligncenter\"><a href=\"https:\/\/rafaramirez.org\/blog\/wp-content\/uploads\/2025\/02\/women-1481887.jpg\" target=\"_blank\" rel=\"noopener\"><img loading=\"lazy\" decoding=\"async\" class=\"wp-image-8062 size-medium\" src=\"https:\/\/rafaramirez.org\/blog\/wp-content\/uploads\/2025\/02\/women-1481887-266x300.jpg\" alt=\"\" melancol\u00eda_=\"melancol\u00eda_\" palabra=\"palabra\" bonita.=\"bonita.\" blog=\"blog\" de=\"de\" rafael=\"rafael\" ram\u00edrez._=\"ram\u00edrez._\" width=\"266\" height=\"300\" srcset=\"https:\/\/rafaramirez.org\/blog\/wp-content\/uploads\/2025\/02\/women-1481887-266x300.jpg 266w, https:\/\/rafaramirez.org\/blog\/wp-content\/uploads\/2025\/02\/women-1481887-768x866.jpg 768w, https:\/\/rafaramirez.org\/blog\/wp-content\/uploads\/2025\/02\/women-1481887.jpg 887w\" sizes=\"auto, (max-width: 266px) 100vw, 266px\" \/><\/a><figcaption id=\"caption-attachment-8062\" class=\"wp-caption-text\">\u00abMelancol\u00eda\u00bb palabra bonita. Blog de Rafael Ram\u00edrez.<\/figcaption><\/figure>\n<h3>La palabra en la literatura.<\/h3>\n<p>Como te mencion\u00e9 antes, el t\u00e9rmino \u00abmelancol\u00eda\u00bb se ha utilizado ampliamente en la prosa y la poes\u00eda para evocar emociones profundas y complejas.<br \/>\nEn la prosa, la melancol\u00eda suele describir a personajes sumidos en un estado de reflexi\u00f3n profunda o tristeza. Este sentimiento puede servir de motor narrativo para explorar temas como la p\u00e9rdida, el anhelo y la introspecci\u00f3n. La melancol\u00eda puede aportar una capa adicional de profundidad a los personajes, haci\u00e9ndolos m\u00e1s humanos y conectando con el lector.<\/p>\n<p>En la poes\u00eda, la melancol\u00eda es un tema recurrente debido a su capacidad para plasmar sentimientos complejos y abstractos en palabras. Los poetas la utilizan para crear im\u00e1genes evocadoras y transmitir emociones que llegan al alma. La melancol\u00eda es un recurso po\u00e9tico que permite explorar la belleza de la tristeza, encontrar significado en la reflexi\u00f3n y el recuerdo.<\/p>\n<figure id=\"attachment_8063\" aria-describedby=\"caption-attachment-8063\" style=\"width: 300px\" class=\"wp-caption aligncenter\"><a href=\"https:\/\/rafaramirez.org\/blog\/wp-content\/uploads\/2025\/02\/fall-8338750.jpg\" target=\"_blank\" rel=\"noopener\"><img loading=\"lazy\" decoding=\"async\" class=\"wp-image-8063 size-medium\" src=\"https:\/\/rafaramirez.org\/blog\/wp-content\/uploads\/2025\/02\/fall-8338750-300x192.jpg\" alt=\"\" melancol\u00eda_=\"melancol\u00eda_\" palabra=\"palabra\" bonita.=\"bonita.\" blog=\"blog\" de=\"de\" rafael=\"rafael\" ram\u00edrez._=\"ram\u00edrez._\" width=\"300\" height=\"192\" srcset=\"https:\/\/rafaramirez.org\/blog\/wp-content\/uploads\/2025\/02\/fall-8338750-300x192.jpg 300w, https:\/\/rafaramirez.org\/blog\/wp-content\/uploads\/2025\/02\/fall-8338750-768x492.jpg 768w, https:\/\/rafaramirez.org\/blog\/wp-content\/uploads\/2025\/02\/fall-8338750.jpg 1000w\" sizes=\"auto, (max-width: 300px) 100vw, 300px\" \/><\/a><figcaption id=\"caption-attachment-8063\" class=\"wp-caption-text\">\u00abMelancol\u00eda\u00bb palabra bonita. Blog de Rafael Ram\u00edrez.<\/figcaption><\/figure>\n<p>Definitivamente, \u00abMelancol\u00eda\u00bb es una palabra bonita porque evoca un estado emocional profundo y nost\u00e1lgico. Su sonido suave y melodioso, junto con su rica historia y etimolog\u00eda, la convierten en un t\u00e9rmino que captura la esencia de sentimientos complejos y po\u00e9ticos. En resumen, transmite una belleza serena y reflexiva.<\/p>\n<p>M\u00e1s informaci\u00f3n:<\/p>\n<ul>\n<li><a href=\"https:\/\/es.wikipedia.org\/wiki\/Melancol%C3%ADa_en_el_pasado\" target=\"_blank\" rel=\"noopener\">Wikipedia<\/a>.<\/li>\n<li><a href=\"https:\/\/dle.rae.es\/melancol%C3%ADa\" target=\"_blank\" rel=\"noopener\">Diccionario de la lengua espa\u00f1ola<\/a>.<\/li>\n<li><a href=\"https:\/\/rafaramirez.org\/blog\/index.php\/category\/arte\/palabras-bonitas\/\" target=\"_blank\" rel=\"noopener\">Otras palabras bonitas en el proyecto<\/a>.<\/li>\n<\/ul>\n","protected":false},"excerpt":{"rendered":"<p>La palabra \u00abmelancol\u00eda\u00bb es la palabra bonita de hoy y tiene una historia fascinante y un significado profundo. Proviene del griego y, en la antigua medicina griega, se cre\u00eda que la melancol\u00eda era causada por un exceso de bilis negra en el cuerpo. En t\u00e9rminos modernos, se refiere a un estado profundo de tristeza, reflexi\u00f3n [&hellip;]<\/p>\n","protected":false},"author":1,"featured_media":8060,"comment_status":"open","ping_status":"closed","sticky":false,"template":"","format":"standard","meta":{"site-container-style":"default","site-container-layout":"default","site-sidebar-layout":"default","disable-article-header":"default","disable-site-header":"default","disable-site-footer":"default","disable-content-area-spacing":"default","_jetpack_newsletter_access":"","_jetpack_dont_email_post_to_subs":false,"_jetpack_newsletter_tier_id":0,"_jetpack_memberships_contains_paywalled_content":false,"_jetpack_feature_clip_id":0,"_jetpack_memberships_contains_paid_content":false,"footnotes":"","jetpack_publicize_message":"","jetpack_publicize_feature_enabled":true,"jetpack_social_post_already_shared":true,"jetpack_social_options":{"image_generator_settings":{"template":"highway","default_image_id":0,"font":"","enabled":false},"version":2},"jetpack_post_was_ever_published":false},"categories":[581],"tags":[4045,4044,68,2453,3326],"class_list":["post-8056","post","type-post","status-publish","format-standard","has-post-thumbnail","hentry","category-palabras-bonitas","tag-melancolia-palabra-bonita","tag-melancolia-proyecto-palabras-bonitas","tag-blog-de-rafael-ramirez","tag-melancolia","tag-proyecto-palabras-bonitas"],"yoast_head":"<!-- This site is optimized with the Yoast SEO plugin v28.4 - https:\/\/yoast.com\/product\/yoast-seo-wordpress\/ -->\n<title>&quot;Melancol\u00eda&quot; palabra bonita en nuestro proyecto. Este es su significado e historia. - Blog de Rafael Ram\u00edrez<\/title>\n<meta name=\"description\" content=\"La palabra &quot;melancol\u00eda&quot; es la palabra bonita de hoy y tiene una historia fascinante y un significado profundo. Proviene del griego y, en la\" \/>\n<meta name=\"robots\" content=\"index, follow, max-snippet:-1, max-image-preview:large, max-video-preview:-1\" \/>\n<link rel=\"canonical\" href=\"https:\/\/rafaramirez.org\/blog\/index.php\/2025\/02\/14\/melancolia-palabra-bonita\/\" \/>\n<meta property=\"og:locale\" content=\"es_ES\" \/>\n<meta property=\"og:type\" content=\"article\" \/>\n<meta property=\"og:title\" content=\"&quot;Melancol\u00eda&quot; palabra bonita en nuestro proyecto. Este es su significado e historia. - Blog de Rafael Ram\u00edrez\" \/>\n<meta property=\"og:description\" content=\"La palabra &quot;melancol\u00eda&quot; es la palabra bonita de hoy y tiene una historia fascinante y un significado profundo. Proviene del griego y, en la\" \/>\n<meta property=\"og:url\" content=\"https:\/\/rafaramirez.org\/blog\/index.php\/2025\/02\/14\/melancolia-palabra-bonita\/\" \/>\n<meta property=\"og:site_name\" content=\"Blog de Rafael Ram\u00edrez\" \/>\n<meta property=\"article:published_time\" content=\"2025-02-14T07:15:55+00:00\" \/>\n<meta property=\"article:modified_time\" content=\"2025-02-14T07:27:27+00:00\" \/>\n<meta property=\"og:image\" content=\"https:\/\/rafaramirez.org\/blog\/wp-content\/uploads\/2025\/02\/Melancolia_proyecto_palabras_bonitas_bannerlogblog.jpg\" \/>\n\t<meta property=\"og:image:width\" content=\"720\" \/>\n\t<meta property=\"og:image:height\" content=\"440\" \/>\n\t<meta property=\"og:image:type\" content=\"image\/jpeg\" \/>\n<meta name=\"author\" content=\"Rafael Ram\u00edrez\" \/>\n<meta name=\"twitter:card\" content=\"summary_large_image\" \/>\n<meta name=\"twitter:creator\" content=\"@rafaramirez_ok\" \/>\n<meta name=\"twitter:site\" content=\"@rafaramirez_ok\" \/>\n<meta name=\"twitter:label1\" content=\"Escrito por\" \/>\n\t<meta name=\"twitter:data1\" content=\"Rafael Ram\u00edrez\" \/>\n\t<meta name=\"twitter:label2\" content=\"Tiempo de lectura\" \/>\n\t<meta name=\"twitter:data2\" content=\"4 minutos\" \/>\n<script type=\"application\/ld+json\" class=\"yoast-schema-graph\">{\"@context\":\"https:\\\/\\\/schema.org\",\"@graph\":[{\"@type\":\"Article\",\"@id\":\"https:\\\/\\\/rafaramirez.org\\\/blog\\\/index.php\\\/2025\\\/02\\\/14\\\/melancolia-palabra-bonita\\\/#article\",\"isPartOf\":{\"@id\":\"https:\\\/\\\/rafaramirez.org\\\/blog\\\/index.php\\\/2025\\\/02\\\/14\\\/melancolia-palabra-bonita\\\/\"},\"author\":{\"name\":\"Rafael Ram\u00edrez\",\"@id\":\"https:\\\/\\\/rafaramirez.org\\\/blog\\\/#\\\/schema\\\/person\\\/50f43b6d60c578760d4c17bda54ab6a5\"},\"headline\":\"\u00abMelancol\u00eda\u00bb palabra bonita en nuestro proyecto. Este es su significado e historia.\",\"datePublished\":\"2025-02-14T07:15:55+00:00\",\"dateModified\":\"2025-02-14T07:27:27+00:00\",\"mainEntityOfPage\":{\"@id\":\"https:\\\/\\\/rafaramirez.org\\\/blog\\\/index.php\\\/2025\\\/02\\\/14\\\/melancolia-palabra-bonita\\\/\"},\"wordCount\":628,\"commentCount\":0,\"publisher\":{\"@id\":\"https:\\\/\\\/rafaramirez.org\\\/blog\\\/#\\\/schema\\\/person\\\/50f43b6d60c578760d4c17bda54ab6a5\"},\"image\":{\"@id\":\"https:\\\/\\\/rafaramirez.org\\\/blog\\\/index.php\\\/2025\\\/02\\\/14\\\/melancolia-palabra-bonita\\\/#primaryimage\"},\"thumbnailUrl\":\"https:\\\/\\\/rafaramirez.org\\\/blog\\\/wp-content\\\/uploads\\\/2025\\\/02\\\/Melancolia_proyecto_palabras_bonitas_bannerlogblog.jpg\",\"keywords\":[\"\\\"melancol\u00eda\\\" palabra bonita\",\"\\\"melancol\u00eda\\\" proyecto palabras bonitas\",\"blog de Rafael Ram\u00edrez\",\"melancol\u00eda\",\"proyecto palabras bonitas\"],\"articleSection\":[\"Proyecto Palabras Bonitas\"],\"inLanguage\":\"es\",\"potentialAction\":[{\"@type\":\"CommentAction\",\"name\":\"Comment\",\"target\":[\"https:\\\/\\\/rafaramirez.org\\\/blog\\\/index.php\\\/2025\\\/02\\\/14\\\/melancolia-palabra-bonita\\\/#respond\"]}]},{\"@type\":\"WebPage\",\"@id\":\"https:\\\/\\\/rafaramirez.org\\\/blog\\\/index.php\\\/2025\\\/02\\\/14\\\/melancolia-palabra-bonita\\\/\",\"url\":\"https:\\\/\\\/rafaramirez.org\\\/blog\\\/index.php\\\/2025\\\/02\\\/14\\\/melancolia-palabra-bonita\\\/\",\"name\":\"\\\"Melancol\u00eda\\\" palabra bonita en nuestro proyecto. Este es su significado e historia. - Blog de Rafael Ram\u00edrez\",\"isPartOf\":{\"@id\":\"https:\\\/\\\/rafaramirez.org\\\/blog\\\/#website\"},\"primaryImageOfPage\":{\"@id\":\"https:\\\/\\\/rafaramirez.org\\\/blog\\\/index.php\\\/2025\\\/02\\\/14\\\/melancolia-palabra-bonita\\\/#primaryimage\"},\"image\":{\"@id\":\"https:\\\/\\\/rafaramirez.org\\\/blog\\\/index.php\\\/2025\\\/02\\\/14\\\/melancolia-palabra-bonita\\\/#primaryimage\"},\"thumbnailUrl\":\"https:\\\/\\\/rafaramirez.org\\\/blog\\\/wp-content\\\/uploads\\\/2025\\\/02\\\/Melancolia_proyecto_palabras_bonitas_bannerlogblog.jpg\",\"datePublished\":\"2025-02-14T07:15:55+00:00\",\"dateModified\":\"2025-02-14T07:27:27+00:00\",\"description\":\"La palabra \\\"melancol\u00eda\\\" es la palabra bonita de hoy y tiene una historia fascinante y un significado profundo. Proviene del griego y, en la\",\"breadcrumb\":{\"@id\":\"https:\\\/\\\/rafaramirez.org\\\/blog\\\/index.php\\\/2025\\\/02\\\/14\\\/melancolia-palabra-bonita\\\/#breadcrumb\"},\"inLanguage\":\"es\",\"potentialAction\":[{\"@type\":\"ReadAction\",\"target\":[\"https:\\\/\\\/rafaramirez.org\\\/blog\\\/index.php\\\/2025\\\/02\\\/14\\\/melancolia-palabra-bonita\\\/\"]}]},{\"@type\":\"ImageObject\",\"inLanguage\":\"es\",\"@id\":\"https:\\\/\\\/rafaramirez.org\\\/blog\\\/index.php\\\/2025\\\/02\\\/14\\\/melancolia-palabra-bonita\\\/#primaryimage\",\"url\":\"https:\\\/\\\/rafaramirez.org\\\/blog\\\/wp-content\\\/uploads\\\/2025\\\/02\\\/Melancolia_proyecto_palabras_bonitas_bannerlogblog.jpg\",\"contentUrl\":\"https:\\\/\\\/rafaramirez.org\\\/blog\\\/wp-content\\\/uploads\\\/2025\\\/02\\\/Melancolia_proyecto_palabras_bonitas_bannerlogblog.jpg\",\"width\":720,\"height\":440,\"caption\":\"\\\"Melancol\u00eda\\\" palabra bonita. Blog de Rafael Ram\u00edrez.\"},{\"@type\":\"BreadcrumbList\",\"@id\":\"https:\\\/\\\/rafaramirez.org\\\/blog\\\/index.php\\\/2025\\\/02\\\/14\\\/melancolia-palabra-bonita\\\/#breadcrumb\",\"itemListElement\":[{\"@type\":\"ListItem\",\"position\":1,\"name\":\"Portada\",\"item\":\"https:\\\/\\\/rafaramirez.org\\\/blog\\\/\"},{\"@type\":\"ListItem\",\"position\":2,\"name\":\"\u00abMelancol\u00eda\u00bb palabra bonita en nuestro proyecto. Este es su significado e historia.\"}]},{\"@type\":\"WebSite\",\"@id\":\"https:\\\/\\\/rafaramirez.org\\\/blog\\\/#website\",\"url\":\"https:\\\/\\\/rafaramirez.org\\\/blog\\\/\",\"name\":\"Blog de Rafael Ram\u00edrez\",\"description\":\"Un sitio social, de arte y cultura\",\"publisher\":{\"@id\":\"https:\\\/\\\/rafaramirez.org\\\/blog\\\/#\\\/schema\\\/person\\\/50f43b6d60c578760d4c17bda54ab6a5\"},\"potentialAction\":[{\"@type\":\"SearchAction\",\"target\":{\"@type\":\"EntryPoint\",\"urlTemplate\":\"https:\\\/\\\/rafaramirez.org\\\/blog\\\/?s={search_term_string}\"},\"query-input\":{\"@type\":\"PropertyValueSpecification\",\"valueRequired\":true,\"valueName\":\"search_term_string\"}}],\"inLanguage\":\"es\"},{\"@type\":[\"Person\",\"Organization\"],\"@id\":\"https:\\\/\\\/rafaramirez.org\\\/blog\\\/#\\\/schema\\\/person\\\/50f43b6d60c578760d4c17bda54ab6a5\",\"name\":\"Rafael Ram\u00edrez\",\"image\":{\"@type\":\"ImageObject\",\"inLanguage\":\"es\",\"@id\":\"https:\\\/\\\/rafaramirez.org\\\/blog\\\/wp-content\\\/uploads\\\/2024\\\/09\\\/RR_socialnetwork.jpg\",\"url\":\"https:\\\/\\\/rafaramirez.org\\\/blog\\\/wp-content\\\/uploads\\\/2024\\\/09\\\/RR_socialnetwork.jpg\",\"contentUrl\":\"https:\\\/\\\/rafaramirez.org\\\/blog\\\/wp-content\\\/uploads\\\/2024\\\/09\\\/RR_socialnetwork.jpg\",\"width\":600,\"height\":606,\"caption\":\"Rafael Ram\u00edrez\"},\"logo\":{\"@id\":\"https:\\\/\\\/rafaramirez.org\\\/blog\\\/wp-content\\\/uploads\\\/2024\\\/09\\\/RR_socialnetwork.jpg\"},\"sameAs\":[\"https:\\\/\\\/www.rafaramirez.org\\\/blog\",\"https:\\\/\\\/www.instagram.com\\\/rafaramirez_ok\\\/\",\"https:\\\/\\\/es.pinterest.com\\\/Ramirez_Rafa\\\/\",\"https:\\\/\\\/x.com\\\/rafaramirez_ok\"],\"url\":\"https:\\\/\\\/rafaramirez.org\\\/blog\\\/index.php\\\/author\\\/rafaell_qm6j97da\\\/\"}]}<\/script>\n<!-- \/ Yoast SEO plugin. -->","yoast_head_json":{"title":"\"Melancol\u00eda\" palabra bonita en nuestro proyecto. Este es su significado e historia. - Blog de Rafael Ram\u00edrez","description":"La palabra \"melancol\u00eda\" es la palabra bonita de hoy y tiene una historia fascinante y un significado profundo. Proviene del griego y, en la","robots":{"index":"index","follow":"follow","max-snippet":"max-snippet:-1","max-image-preview":"max-image-preview:large","max-video-preview":"max-video-preview:-1"},"canonical":"https:\/\/rafaramirez.org\/blog\/index.php\/2025\/02\/14\/melancolia-palabra-bonita\/","og_locale":"es_ES","og_type":"article","og_title":"\"Melancol\u00eda\" palabra bonita en nuestro proyecto. Este es su significado e historia. - Blog de Rafael Ram\u00edrez","og_description":"La palabra \"melancol\u00eda\" es la palabra bonita de hoy y tiene una historia fascinante y un significado profundo. Proviene del griego y, en la","og_url":"https:\/\/rafaramirez.org\/blog\/index.php\/2025\/02\/14\/melancolia-palabra-bonita\/","og_site_name":"Blog de Rafael Ram\u00edrez","article_published_time":"2025-02-14T07:15:55+00:00","article_modified_time":"2025-02-14T07:27:27+00:00","og_image":[{"width":720,"height":440,"url":"https:\/\/rafaramirez.org\/blog\/wp-content\/uploads\/2025\/02\/Melancolia_proyecto_palabras_bonitas_bannerlogblog.jpg","type":"image\/jpeg"}],"author":"Rafael Ram\u00edrez","twitter_card":"summary_large_image","twitter_creator":"@rafaramirez_ok","twitter_site":"@rafaramirez_ok","twitter_misc":{"Escrito por":"Rafael Ram\u00edrez","Tiempo de lectura":"4 minutos"},"schema":{"@context":"https:\/\/schema.org","@graph":[{"@type":"Article","@id":"https:\/\/rafaramirez.org\/blog\/index.php\/2025\/02\/14\/melancolia-palabra-bonita\/#article","isPartOf":{"@id":"https:\/\/rafaramirez.org\/blog\/index.php\/2025\/02\/14\/melancolia-palabra-bonita\/"},"author":{"name":"Rafael Ram\u00edrez","@id":"https:\/\/rafaramirez.org\/blog\/#\/schema\/person\/50f43b6d60c578760d4c17bda54ab6a5"},"headline":"\u00abMelancol\u00eda\u00bb palabra bonita en nuestro proyecto. Este es su significado e historia.","datePublished":"2025-02-14T07:15:55+00:00","dateModified":"2025-02-14T07:27:27+00:00","mainEntityOfPage":{"@id":"https:\/\/rafaramirez.org\/blog\/index.php\/2025\/02\/14\/melancolia-palabra-bonita\/"},"wordCount":628,"commentCount":0,"publisher":{"@id":"https:\/\/rafaramirez.org\/blog\/#\/schema\/person\/50f43b6d60c578760d4c17bda54ab6a5"},"image":{"@id":"https:\/\/rafaramirez.org\/blog\/index.php\/2025\/02\/14\/melancolia-palabra-bonita\/#primaryimage"},"thumbnailUrl":"https:\/\/rafaramirez.org\/blog\/wp-content\/uploads\/2025\/02\/Melancolia_proyecto_palabras_bonitas_bannerlogblog.jpg","keywords":["\"melancol\u00eda\" palabra bonita","\"melancol\u00eda\" proyecto palabras bonitas","blog de Rafael Ram\u00edrez","melancol\u00eda","proyecto palabras bonitas"],"articleSection":["Proyecto Palabras Bonitas"],"inLanguage":"es","potentialAction":[{"@type":"CommentAction","name":"Comment","target":["https:\/\/rafaramirez.org\/blog\/index.php\/2025\/02\/14\/melancolia-palabra-bonita\/#respond"]}]},{"@type":"WebPage","@id":"https:\/\/rafaramirez.org\/blog\/index.php\/2025\/02\/14\/melancolia-palabra-bonita\/","url":"https:\/\/rafaramirez.org\/blog\/index.php\/2025\/02\/14\/melancolia-palabra-bonita\/","name":"\"Melancol\u00eda\" palabra bonita en nuestro proyecto. Este es su significado e historia. - Blog de Rafael Ram\u00edrez","isPartOf":{"@id":"https:\/\/rafaramirez.org\/blog\/#website"},"primaryImageOfPage":{"@id":"https:\/\/rafaramirez.org\/blog\/index.php\/2025\/02\/14\/melancolia-palabra-bonita\/#primaryimage"},"image":{"@id":"https:\/\/rafaramirez.org\/blog\/index.php\/2025\/02\/14\/melancolia-palabra-bonita\/#primaryimage"},"thumbnailUrl":"https:\/\/rafaramirez.org\/blog\/wp-content\/uploads\/2025\/02\/Melancolia_proyecto_palabras_bonitas_bannerlogblog.jpg","datePublished":"2025-02-14T07:15:55+00:00","dateModified":"2025-02-14T07:27:27+00:00","description":"La palabra \"melancol\u00eda\" es la palabra bonita de hoy y tiene una historia fascinante y un significado profundo. Proviene del griego y, en la","breadcrumb":{"@id":"https:\/\/rafaramirez.org\/blog\/index.php\/2025\/02\/14\/melancolia-palabra-bonita\/#breadcrumb"},"inLanguage":"es","potentialAction":[{"@type":"ReadAction","target":["https:\/\/rafaramirez.org\/blog\/index.php\/2025\/02\/14\/melancolia-palabra-bonita\/"]}]},{"@type":"ImageObject","inLanguage":"es","@id":"https:\/\/rafaramirez.org\/blog\/index.php\/2025\/02\/14\/melancolia-palabra-bonita\/#primaryimage","url":"https:\/\/rafaramirez.org\/blog\/wp-content\/uploads\/2025\/02\/Melancolia_proyecto_palabras_bonitas_bannerlogblog.jpg","contentUrl":"https:\/\/rafaramirez.org\/blog\/wp-content\/uploads\/2025\/02\/Melancolia_proyecto_palabras_bonitas_bannerlogblog.jpg","width":720,"height":440,"caption":"\"Melancol\u00eda\" palabra bonita. Blog de Rafael Ram\u00edrez."},{"@type":"BreadcrumbList","@id":"https:\/\/rafaramirez.org\/blog\/index.php\/2025\/02\/14\/melancolia-palabra-bonita\/#breadcrumb","itemListElement":[{"@type":"ListItem","position":1,"name":"Portada","item":"https:\/\/rafaramirez.org\/blog\/"},{"@type":"ListItem","position":2,"name":"\u00abMelancol\u00eda\u00bb palabra bonita en nuestro proyecto. Este es su significado e historia."}]},{"@type":"WebSite","@id":"https:\/\/rafaramirez.org\/blog\/#website","url":"https:\/\/rafaramirez.org\/blog\/","name":"Blog de Rafael Ram\u00edrez","description":"Un sitio social, de arte y cultura","publisher":{"@id":"https:\/\/rafaramirez.org\/blog\/#\/schema\/person\/50f43b6d60c578760d4c17bda54ab6a5"},"potentialAction":[{"@type":"SearchAction","target":{"@type":"EntryPoint","urlTemplate":"https:\/\/rafaramirez.org\/blog\/?s={search_term_string}"},"query-input":{"@type":"PropertyValueSpecification","valueRequired":true,"valueName":"search_term_string"}}],"inLanguage":"es"},{"@type":["Person","Organization"],"@id":"https:\/\/rafaramirez.org\/blog\/#\/schema\/person\/50f43b6d60c578760d4c17bda54ab6a5","name":"Rafael Ram\u00edrez","image":{"@type":"ImageObject","inLanguage":"es","@id":"https:\/\/rafaramirez.org\/blog\/wp-content\/uploads\/2024\/09\/RR_socialnetwork.jpg","url":"https:\/\/rafaramirez.org\/blog\/wp-content\/uploads\/2024\/09\/RR_socialnetwork.jpg","contentUrl":"https:\/\/rafaramirez.org\/blog\/wp-content\/uploads\/2024\/09\/RR_socialnetwork.jpg","width":600,"height":606,"caption":"Rafael Ram\u00edrez"},"logo":{"@id":"https:\/\/rafaramirez.org\/blog\/wp-content\/uploads\/2024\/09\/RR_socialnetwork.jpg"},"sameAs":["https:\/\/www.rafaramirez.org\/blog","https:\/\/www.instagram.com\/rafaramirez_ok\/","https:\/\/es.pinterest.com\/Ramirez_Rafa\/","https:\/\/x.com\/rafaramirez_ok"],"url":"https:\/\/rafaramirez.org\/blog\/index.php\/author\/rafaell_qm6j97da\/"}]}},"jetpack_publicize_connections":[],"jetpack_sharing_enabled":true,"jetpack_likes_enabled":true,"jetpack_featured_media_url":"https:\/\/rafaramirez.org\/blog\/wp-content\/uploads\/2025\/02\/Melancolia_proyecto_palabras_bonitas_bannerlogblog.jpg","_links":{"self":[{"href":"https:\/\/rafaramirez.org\/blog\/index.php\/wp-json\/wp\/v2\/posts\/8056","targetHints":{"allow":["GET"]}}],"collection":[{"href":"https:\/\/rafaramirez.org\/blog\/index.php\/wp-json\/wp\/v2\/posts"}],"about":[{"href":"https:\/\/rafaramirez.org\/blog\/index.php\/wp-json\/wp\/v2\/types\/post"}],"author":[{"embeddable":true,"href":"https:\/\/rafaramirez.org\/blog\/index.php\/wp-json\/wp\/v2\/users\/1"}],"replies":[{"embeddable":true,"href":"https:\/\/rafaramirez.org\/blog\/index.php\/wp-json\/wp\/v2\/comments?post=8056"}],"version-history":[{"count":8,"href":"https:\/\/rafaramirez.org\/blog\/index.php\/wp-json\/wp\/v2\/posts\/8056\/revisions"}],"predecessor-version":[{"id":8116,"href":"https:\/\/rafaramirez.org\/blog\/index.php\/wp-json\/wp\/v2\/posts\/8056\/revisions\/8116"}],"wp:featuredmedia":[{"embeddable":true,"href":"https:\/\/rafaramirez.org\/blog\/index.php\/wp-json\/wp\/v2\/media\/8060"}],"wp:attachment":[{"href":"https:\/\/rafaramirez.org\/blog\/index.php\/wp-json\/wp\/v2\/media?parent=8056"}],"wp:term":[{"taxonomy":"category","embeddable":true,"href":"https:\/\/rafaramirez.org\/blog\/index.php\/wp-json\/wp\/v2\/categories?post=8056"},{"taxonomy":"post_tag","embeddable":true,"href":"https:\/\/rafaramirez.org\/blog\/index.php\/wp-json\/wp\/v2\/tags?post=8056"}],"curies":[{"name":"wp","href":"https:\/\/api.w.org\/{rel}","templated":true}]}}