{"id":8043,"date":"2025-02-13T08:15:09","date_gmt":"2025-02-13T07:15:09","guid":{"rendered":"https:\/\/rafaramirez.org\/blog\/?p=8043"},"modified":"2025-02-11T11:45:22","modified_gmt":"2025-02-11T10:45:22","slug":"dia-mundial-de-la-radio","status":"publish","type":"post","link":"https:\/\/rafaramirez.org\/blog\/index.php\/2025\/02\/13\/dia-mundial-de-la-radio\/","title":{"rendered":"D\u00eda Mundial de la Radio fomentando la diversidad y la pluralidad."},"content":{"rendered":"<p>El <strong>D\u00eda Mundial de la Radio<\/strong> se celebra cada 13 de febrero. La <strong>UNESCO<\/strong> lo proclam\u00f3 en 2011 para destacar la <strong>importancia de la radio como medio de comunicaci\u00f3n<\/strong> de gran alcance y fomentar la cooperaci\u00f3n internacional entre radiodifusoras.<\/p>\n<p>La radio sigue siendo uno de los medios m\u00e1s utilizados en todo el mundo, ya que puede llegar a comunidades remotas y ofrecer informaci\u00f3n vital durante emergencias. Adem\u00e1s, es una plataforma que da voz a quienes no pueden expresarse a trav\u00e9s de otros medios, fomentando as\u00ed <strong>la diversidad y la pluralidad<\/strong>.<\/p>\n<p>Cada a\u00f1o, el lema del D\u00eda Mundial de la Radio es diferente. Algunos temas anteriores han sido:<\/p>\n<ul>\n<li>2013: Radio y comunicaci\u00f3n de emergencia y desastres.<\/li>\n<li>2019: Di\u00e1logo, tolerancia y paz.<\/li>\n<li>2023: Radio y deportes.<\/li>\n<\/ul>\n<p><strong>En 2025, el lema se centra en la radio y la juventud<\/strong>, y destaca la capacidad de este medio para educar, informar y empoderar a las nuevas generaciones.<\/p>\n<figure id=\"attachment_8050\" aria-describedby=\"caption-attachment-8050\" style=\"width: 300px\" class=\"wp-caption aligncenter\"><a href=\"https:\/\/rafaramirez.org\/blog\/wp-content\/uploads\/2025\/02\/nbc-5131447.jpg\" target=\"_blank\" rel=\"noopener\"><img loading=\"lazy\" decoding=\"async\" class=\"wp-image-8050 size-medium\" src=\"https:\/\/rafaramirez.org\/blog\/wp-content\/uploads\/2025\/02\/nbc-5131447-300x200.jpg\" alt=\"D\u00eda Mundial de la Radio (13 de febrero). Efem\u00e9rides. Blog de Rafael Ram\u00edrez.\" width=\"300\" height=\"200\" srcset=\"https:\/\/rafaramirez.org\/blog\/wp-content\/uploads\/2025\/02\/nbc-5131447-300x200.jpg 300w, https:\/\/rafaramirez.org\/blog\/wp-content\/uploads\/2025\/02\/nbc-5131447-768x512.jpg 768w, https:\/\/rafaramirez.org\/blog\/wp-content\/uploads\/2025\/02\/nbc-5131447.jpg 1000w\" sizes=\"auto, (max-width: 300px) 100vw, 300px\" \/><\/a><figcaption id=\"caption-attachment-8050\" class=\"wp-caption-text\">D\u00eda Mundial de la Radio (13 de febrero). Efem\u00e9rides. Blog de Rafael Ram\u00edrez.<\/figcaption><\/figure>\n<h3>La celebraci\u00f3n del D\u00eda Mundial de la Radio en distintos pa\u00edses.<\/h3>\n<p>Este d\u00eda se celebra de diferentes maneras en todo el mundo. A continuaci\u00f3n, te mostramos algunos ejemplos:<\/p>\n<ul>\n<li>En <strong>Espa\u00f1a<\/strong>, el D\u00eda Mundial de la Radio se celebra con diversas actividades y eventos especiales. Se espera que en 2025 las principales emisoras de radio del pa\u00eds emitan una serie de programas y concursos. Tambi\u00e9n se llevar\u00e1n a cabo talleres y conferencias sobre la importancia de la radio en la sociedad actual.<\/li>\n<li>En <strong>Estados Unidos<\/strong>, se organizan eventos especiales en estaciones de radio, con la participaci\u00f3n de personalidades y celebridades. Tambi\u00e9n se organizan concursos y conciertos ben\u00e9ficos.<\/li>\n<li>En el <strong>Reino Unido<\/strong>, las emisoras de radio organizan programas especiales y entrevistas con personalidades destacadas. Tambi\u00e9n se organizan eventos comunitarios y actividades educativas.<\/li>\n<li>En la <strong>India<\/strong> se realizan programas de radio en directo y se organizan concursos para celebrar la importancia de este medio en la vida cotidiana.<\/li>\n<li>En <strong>Jap\u00f3n<\/strong>, las emisoras de radio emiten programas especiales y se organizan eventos en directo con la participaci\u00f3n de artistas y m\u00fasicos locales.<\/li>\n<li>En <strong>Australia<\/strong> se organizan conciertos y eventos comunitarios para celebrar la radio y su impacto en la sociedad.<\/li>\n<\/ul>\n<figure id=\"attachment_8051\" aria-describedby=\"caption-attachment-8051\" style=\"width: 300px\" class=\"wp-caption aligncenter\"><a href=\"https:\/\/rafaramirez.org\/blog\/wp-content\/uploads\/2025\/02\/podcast-7876792.jpg\" target=\"_blank\" rel=\"noopener\"><img loading=\"lazy\" decoding=\"async\" class=\"wp-image-8051 size-medium\" src=\"https:\/\/rafaramirez.org\/blog\/wp-content\/uploads\/2025\/02\/podcast-7876792-300x200.jpg\" alt=\"D\u00eda Mundial de la Radio (13 de febrero). Efem\u00e9rides. Blog de Rafael Ram\u00edrez.\" width=\"300\" height=\"200\" srcset=\"https:\/\/rafaramirez.org\/blog\/wp-content\/uploads\/2025\/02\/podcast-7876792-300x200.jpg 300w, https:\/\/rafaramirez.org\/blog\/wp-content\/uploads\/2025\/02\/podcast-7876792-768x512.jpg 768w, https:\/\/rafaramirez.org\/blog\/wp-content\/uploads\/2025\/02\/podcast-7876792.jpg 1000w\" sizes=\"auto, (max-width: 300px) 100vw, 300px\" \/><\/a><figcaption id=\"caption-attachment-8051\" class=\"wp-caption-text\">D\u00eda Mundial de la Radio (13 de febrero). Efem\u00e9rides. Blog de Rafael Ram\u00edrez.<\/figcaption><\/figure>\n<p>En definitiva, el D\u00eda Mundial de la Radio es importante porque celebra su capacidad para llegar a diversas comunidades, incluso a aquellas ubicadas en zonas remotas. Asimismo, se destaca su papel en la informaci\u00f3n, la educaci\u00f3n y el entretenimiento, as\u00ed como en la promoci\u00f3n de la libertad de expresi\u00f3n y la diversidad cultural. Adem\u00e1s, la radio es fundamental en situaciones de emergencia para transmitir informaci\u00f3n vital y mantener unidas a las comunidades.<\/p>\n<p>M\u00e1s informaci\u00f3n:<\/p>\n<ul>\n<li><a href=\"https:\/\/es.wikipedia.org\/wiki\/D%C3%ADa_Mundial_de_la_Radio\" target=\"_blank\" rel=\"noopener\">Wikipedia<\/a>.<\/li>\n<li><a href=\"https:\/\/www.unesco.org\/es\/days\/world-radio\" target=\"_blank\" rel=\"noopener\">UNESCO<\/a>.<\/li>\n<li><a href=\"https:\/\/rafaramirez.org\/blog\/index.php\/category\/arte\/efemerides\/\" target=\"_blank\" rel=\"noopener\">Otras efem\u00e9rides<\/a>.<\/li>\n<\/ul>\n","protected":false},"excerpt":{"rendered":"<p>El D\u00eda Mundial de la Radio se celebra cada 13 de febrero. La UNESCO lo proclam\u00f3 en 2011 para destacar la importancia de la radio como medio de comunicaci\u00f3n de gran alcance y fomentar la cooperaci\u00f3n internacional entre radiodifusoras. La radio sigue siendo uno de los medios m\u00e1s utilizados en todo el mundo, ya que [&hellip;]<\/p>\n","protected":false},"author":1,"featured_media":8049,"comment_status":"open","ping_status":"closed","sticky":false,"template":"","format":"standard","meta":{"site-container-style":"default","site-container-layout":"default","site-sidebar-layout":"default","disable-article-header":"default","disable-site-header":"default","disable-site-footer":"default","disable-content-area-spacing":"default","_jetpack_newsletter_access":"","_jetpack_dont_email_post_to_subs":false,"_jetpack_newsletter_tier_id":0,"_jetpack_memberships_contains_paywalled_content":false,"_jetpack_feature_clip_id":0,"_jetpack_memberships_contains_paid_content":false,"footnotes":"","jetpack_publicize_message":"","jetpack_publicize_feature_enabled":true,"jetpack_social_post_already_shared":true,"jetpack_social_options":{"image_generator_settings":{"template":"highway","default_image_id":0,"font":"","enabled":false},"version":2},"jetpack_post_was_ever_published":false},"categories":[1291],"tags":[4039,4038,4041,1323,4040,4043,4042,1649],"class_list":["post-8043","post","type-post","status-publish","format-standard","has-post-thumbnail","hentry","category-efemerides","tag-13-de-febrero","tag-dia-mundial-de-la-radio","tag-educar","tag-efemerides","tag-efemerides-febrero","tag-empoderar","tag-informar","tag-unesco"],"yoast_head":"<!-- This site is optimized with the Yoast SEO plugin v28.4 - https:\/\/yoast.com\/product\/yoast-seo-wordpress\/ -->\n<title>D\u00eda Mundial de la Radio fomentando la diversidad y la pluralidad. - Blog de Rafael Ram\u00edrez<\/title>\n<meta name=\"description\" content=\"El D\u00eda Mundial de la Radio se celebra cada 13 de febrero. La UNESCO lo proclam\u00f3 para destacar la importancia de este medio de comunicaci\u00f3n...\" \/>\n<meta name=\"robots\" content=\"index, follow, max-snippet:-1, max-image-preview:large, max-video-preview:-1\" \/>\n<link rel=\"canonical\" href=\"https:\/\/rafaramirez.org\/blog\/index.php\/2025\/02\/13\/dia-mundial-de-la-radio\/\" \/>\n<meta property=\"og:locale\" content=\"es_ES\" \/>\n<meta property=\"og:type\" content=\"article\" \/>\n<meta property=\"og:title\" content=\"D\u00eda Mundial de la Radio fomentando la diversidad y la pluralidad. - Blog de Rafael Ram\u00edrez\" \/>\n<meta property=\"og:description\" content=\"El D\u00eda Mundial de la Radio se celebra cada 13 de febrero. La UNESCO lo proclam\u00f3 para destacar la importancia de este medio de comunicaci\u00f3n...\" \/>\n<meta property=\"og:url\" content=\"https:\/\/rafaramirez.org\/blog\/index.php\/2025\/02\/13\/dia-mundial-de-la-radio\/\" \/>\n<meta property=\"og:site_name\" content=\"Blog de Rafael Ram\u00edrez\" \/>\n<meta property=\"article:published_time\" content=\"2025-02-13T07:15:09+00:00\" \/>\n<meta property=\"og:image\" content=\"https:\/\/rafaramirez.org\/blog\/wp-content\/uploads\/2025\/02\/Dia_mundial_de_la_Radio_bannerlogblog.jpg\" \/>\n\t<meta property=\"og:image:width\" content=\"720\" \/>\n\t<meta property=\"og:image:height\" content=\"440\" \/>\n\t<meta property=\"og:image:type\" content=\"image\/jpeg\" \/>\n<meta name=\"author\" content=\"Rafael Ram\u00edrez\" \/>\n<meta name=\"twitter:card\" content=\"summary_large_image\" \/>\n<meta name=\"twitter:creator\" content=\"@rafaramirez_ok\" \/>\n<meta name=\"twitter:site\" content=\"@rafaramirez_ok\" \/>\n<meta name=\"twitter:label1\" content=\"Escrito por\" \/>\n\t<meta name=\"twitter:data1\" content=\"Rafael Ram\u00edrez\" \/>\n\t<meta name=\"twitter:label2\" content=\"Tiempo de lectura\" \/>\n\t<meta name=\"twitter:data2\" content=\"3 minutos\" \/>\n<script type=\"application\/ld+json\" class=\"yoast-schema-graph\">{\"@context\":\"https:\\\/\\\/schema.org\",\"@graph\":[{\"@type\":\"Article\",\"@id\":\"https:\\\/\\\/rafaramirez.org\\\/blog\\\/index.php\\\/2025\\\/02\\\/13\\\/dia-mundial-de-la-radio\\\/#article\",\"isPartOf\":{\"@id\":\"https:\\\/\\\/rafaramirez.org\\\/blog\\\/index.php\\\/2025\\\/02\\\/13\\\/dia-mundial-de-la-radio\\\/\"},\"author\":{\"name\":\"Rafael Ram\u00edrez\",\"@id\":\"https:\\\/\\\/rafaramirez.org\\\/blog\\\/#\\\/schema\\\/person\\\/50f43b6d60c578760d4c17bda54ab6a5\"},\"headline\":\"D\u00eda Mundial de la Radio fomentando la diversidad y la pluralidad.\",\"datePublished\":\"2025-02-13T07:15:09+00:00\",\"mainEntityOfPage\":{\"@id\":\"https:\\\/\\\/rafaramirez.org\\\/blog\\\/index.php\\\/2025\\\/02\\\/13\\\/dia-mundial-de-la-radio\\\/\"},\"wordCount\":513,\"commentCount\":0,\"publisher\":{\"@id\":\"https:\\\/\\\/rafaramirez.org\\\/blog\\\/#\\\/schema\\\/person\\\/50f43b6d60c578760d4c17bda54ab6a5\"},\"image\":{\"@id\":\"https:\\\/\\\/rafaramirez.org\\\/blog\\\/index.php\\\/2025\\\/02\\\/13\\\/dia-mundial-de-la-radio\\\/#primaryimage\"},\"thumbnailUrl\":\"https:\\\/\\\/rafaramirez.org\\\/blog\\\/wp-content\\\/uploads\\\/2025\\\/02\\\/Dia_mundial_de_la_Radio_bannerlogblog.jpg\",\"keywords\":[\"13 de febrero\",\"D\u00eda Mundial de la Radio\",\"educar\",\"efem\u00e9rides\",\"efem\u00e9rides febrero\",\"empoderar\",\"informar\",\"UNESCO\"],\"articleSection\":[\"Efem\u00e9rides\"],\"inLanguage\":\"es\",\"potentialAction\":[{\"@type\":\"CommentAction\",\"name\":\"Comment\",\"target\":[\"https:\\\/\\\/rafaramirez.org\\\/blog\\\/index.php\\\/2025\\\/02\\\/13\\\/dia-mundial-de-la-radio\\\/#respond\"]}]},{\"@type\":\"WebPage\",\"@id\":\"https:\\\/\\\/rafaramirez.org\\\/blog\\\/index.php\\\/2025\\\/02\\\/13\\\/dia-mundial-de-la-radio\\\/\",\"url\":\"https:\\\/\\\/rafaramirez.org\\\/blog\\\/index.php\\\/2025\\\/02\\\/13\\\/dia-mundial-de-la-radio\\\/\",\"name\":\"D\u00eda Mundial de la Radio fomentando la diversidad y la pluralidad. - Blog de Rafael Ram\u00edrez\",\"isPartOf\":{\"@id\":\"https:\\\/\\\/rafaramirez.org\\\/blog\\\/#website\"},\"primaryImageOfPage\":{\"@id\":\"https:\\\/\\\/rafaramirez.org\\\/blog\\\/index.php\\\/2025\\\/02\\\/13\\\/dia-mundial-de-la-radio\\\/#primaryimage\"},\"image\":{\"@id\":\"https:\\\/\\\/rafaramirez.org\\\/blog\\\/index.php\\\/2025\\\/02\\\/13\\\/dia-mundial-de-la-radio\\\/#primaryimage\"},\"thumbnailUrl\":\"https:\\\/\\\/rafaramirez.org\\\/blog\\\/wp-content\\\/uploads\\\/2025\\\/02\\\/Dia_mundial_de_la_Radio_bannerlogblog.jpg\",\"datePublished\":\"2025-02-13T07:15:09+00:00\",\"description\":\"El D\u00eda Mundial de la Radio se celebra cada 13 de febrero. La UNESCO lo proclam\u00f3 para destacar la importancia de este medio de comunicaci\u00f3n...\",\"breadcrumb\":{\"@id\":\"https:\\\/\\\/rafaramirez.org\\\/blog\\\/index.php\\\/2025\\\/02\\\/13\\\/dia-mundial-de-la-radio\\\/#breadcrumb\"},\"inLanguage\":\"es\",\"potentialAction\":[{\"@type\":\"ReadAction\",\"target\":[\"https:\\\/\\\/rafaramirez.org\\\/blog\\\/index.php\\\/2025\\\/02\\\/13\\\/dia-mundial-de-la-radio\\\/\"]}]},{\"@type\":\"ImageObject\",\"inLanguage\":\"es\",\"@id\":\"https:\\\/\\\/rafaramirez.org\\\/blog\\\/index.php\\\/2025\\\/02\\\/13\\\/dia-mundial-de-la-radio\\\/#primaryimage\",\"url\":\"https:\\\/\\\/rafaramirez.org\\\/blog\\\/wp-content\\\/uploads\\\/2025\\\/02\\\/Dia_mundial_de_la_Radio_bannerlogblog.jpg\",\"contentUrl\":\"https:\\\/\\\/rafaramirez.org\\\/blog\\\/wp-content\\\/uploads\\\/2025\\\/02\\\/Dia_mundial_de_la_Radio_bannerlogblog.jpg\",\"width\":720,\"height\":440,\"caption\":\"D\u00eda Mundial de la Radio (13 de febrero). Efem\u00e9rides. Blog de Rafael Ram\u00edrez.\"},{\"@type\":\"BreadcrumbList\",\"@id\":\"https:\\\/\\\/rafaramirez.org\\\/blog\\\/index.php\\\/2025\\\/02\\\/13\\\/dia-mundial-de-la-radio\\\/#breadcrumb\",\"itemListElement\":[{\"@type\":\"ListItem\",\"position\":1,\"name\":\"Portada\",\"item\":\"https:\\\/\\\/rafaramirez.org\\\/blog\\\/\"},{\"@type\":\"ListItem\",\"position\":2,\"name\":\"D\u00eda Mundial de la Radio fomentando la diversidad y la pluralidad.\"}]},{\"@type\":\"WebSite\",\"@id\":\"https:\\\/\\\/rafaramirez.org\\\/blog\\\/#website\",\"url\":\"https:\\\/\\\/rafaramirez.org\\\/blog\\\/\",\"name\":\"Blog de Rafael Ram\u00edrez\",\"description\":\"Un sitio social, de arte y cultura\",\"publisher\":{\"@id\":\"https:\\\/\\\/rafaramirez.org\\\/blog\\\/#\\\/schema\\\/person\\\/50f43b6d60c578760d4c17bda54ab6a5\"},\"potentialAction\":[{\"@type\":\"SearchAction\",\"target\":{\"@type\":\"EntryPoint\",\"urlTemplate\":\"https:\\\/\\\/rafaramirez.org\\\/blog\\\/?s={search_term_string}\"},\"query-input\":{\"@type\":\"PropertyValueSpecification\",\"valueRequired\":true,\"valueName\":\"search_term_string\"}}],\"inLanguage\":\"es\"},{\"@type\":[\"Person\",\"Organization\"],\"@id\":\"https:\\\/\\\/rafaramirez.org\\\/blog\\\/#\\\/schema\\\/person\\\/50f43b6d60c578760d4c17bda54ab6a5\",\"name\":\"Rafael Ram\u00edrez\",\"image\":{\"@type\":\"ImageObject\",\"inLanguage\":\"es\",\"@id\":\"https:\\\/\\\/rafaramirez.org\\\/blog\\\/wp-content\\\/uploads\\\/2024\\\/09\\\/RR_socialnetwork.jpg\",\"url\":\"https:\\\/\\\/rafaramirez.org\\\/blog\\\/wp-content\\\/uploads\\\/2024\\\/09\\\/RR_socialnetwork.jpg\",\"contentUrl\":\"https:\\\/\\\/rafaramirez.org\\\/blog\\\/wp-content\\\/uploads\\\/2024\\\/09\\\/RR_socialnetwork.jpg\",\"width\":600,\"height\":606,\"caption\":\"Rafael Ram\u00edrez\"},\"logo\":{\"@id\":\"https:\\\/\\\/rafaramirez.org\\\/blog\\\/wp-content\\\/uploads\\\/2024\\\/09\\\/RR_socialnetwork.jpg\"},\"sameAs\":[\"https:\\\/\\\/www.rafaramirez.org\\\/blog\",\"https:\\\/\\\/www.instagram.com\\\/rafaramirez_ok\\\/\",\"https:\\\/\\\/es.pinterest.com\\\/Ramirez_Rafa\\\/\",\"https:\\\/\\\/x.com\\\/rafaramirez_ok\"],\"url\":\"https:\\\/\\\/rafaramirez.org\\\/blog\\\/index.php\\\/author\\\/rafaell_qm6j97da\\\/\"}]}<\/script>\n<!-- \/ Yoast SEO plugin. -->","yoast_head_json":{"title":"D\u00eda Mundial de la Radio fomentando la diversidad y la pluralidad. - Blog de Rafael Ram\u00edrez","description":"El D\u00eda Mundial de la Radio se celebra cada 13 de febrero. La UNESCO lo proclam\u00f3 para destacar la importancia de este medio de comunicaci\u00f3n...","robots":{"index":"index","follow":"follow","max-snippet":"max-snippet:-1","max-image-preview":"max-image-preview:large","max-video-preview":"max-video-preview:-1"},"canonical":"https:\/\/rafaramirez.org\/blog\/index.php\/2025\/02\/13\/dia-mundial-de-la-radio\/","og_locale":"es_ES","og_type":"article","og_title":"D\u00eda Mundial de la Radio fomentando la diversidad y la pluralidad. - Blog de Rafael Ram\u00edrez","og_description":"El D\u00eda Mundial de la Radio se celebra cada 13 de febrero. La UNESCO lo proclam\u00f3 para destacar la importancia de este medio de comunicaci\u00f3n...","og_url":"https:\/\/rafaramirez.org\/blog\/index.php\/2025\/02\/13\/dia-mundial-de-la-radio\/","og_site_name":"Blog de Rafael Ram\u00edrez","article_published_time":"2025-02-13T07:15:09+00:00","og_image":[{"width":720,"height":440,"url":"https:\/\/rafaramirez.org\/blog\/wp-content\/uploads\/2025\/02\/Dia_mundial_de_la_Radio_bannerlogblog.jpg","type":"image\/jpeg"}],"author":"Rafael Ram\u00edrez","twitter_card":"summary_large_image","twitter_creator":"@rafaramirez_ok","twitter_site":"@rafaramirez_ok","twitter_misc":{"Escrito por":"Rafael Ram\u00edrez","Tiempo de lectura":"3 minutos"},"schema":{"@context":"https:\/\/schema.org","@graph":[{"@type":"Article","@id":"https:\/\/rafaramirez.org\/blog\/index.php\/2025\/02\/13\/dia-mundial-de-la-radio\/#article","isPartOf":{"@id":"https:\/\/rafaramirez.org\/blog\/index.php\/2025\/02\/13\/dia-mundial-de-la-radio\/"},"author":{"name":"Rafael Ram\u00edrez","@id":"https:\/\/rafaramirez.org\/blog\/#\/schema\/person\/50f43b6d60c578760d4c17bda54ab6a5"},"headline":"D\u00eda Mundial de la Radio fomentando la diversidad y la pluralidad.","datePublished":"2025-02-13T07:15:09+00:00","mainEntityOfPage":{"@id":"https:\/\/rafaramirez.org\/blog\/index.php\/2025\/02\/13\/dia-mundial-de-la-radio\/"},"wordCount":513,"commentCount":0,"publisher":{"@id":"https:\/\/rafaramirez.org\/blog\/#\/schema\/person\/50f43b6d60c578760d4c17bda54ab6a5"},"image":{"@id":"https:\/\/rafaramirez.org\/blog\/index.php\/2025\/02\/13\/dia-mundial-de-la-radio\/#primaryimage"},"thumbnailUrl":"https:\/\/rafaramirez.org\/blog\/wp-content\/uploads\/2025\/02\/Dia_mundial_de_la_Radio_bannerlogblog.jpg","keywords":["13 de febrero","D\u00eda Mundial de la Radio","educar","efem\u00e9rides","efem\u00e9rides febrero","empoderar","informar","UNESCO"],"articleSection":["Efem\u00e9rides"],"inLanguage":"es","potentialAction":[{"@type":"CommentAction","name":"Comment","target":["https:\/\/rafaramirez.org\/blog\/index.php\/2025\/02\/13\/dia-mundial-de-la-radio\/#respond"]}]},{"@type":"WebPage","@id":"https:\/\/rafaramirez.org\/blog\/index.php\/2025\/02\/13\/dia-mundial-de-la-radio\/","url":"https:\/\/rafaramirez.org\/blog\/index.php\/2025\/02\/13\/dia-mundial-de-la-radio\/","name":"D\u00eda Mundial de la Radio fomentando la diversidad y la pluralidad. - Blog de Rafael Ram\u00edrez","isPartOf":{"@id":"https:\/\/rafaramirez.org\/blog\/#website"},"primaryImageOfPage":{"@id":"https:\/\/rafaramirez.org\/blog\/index.php\/2025\/02\/13\/dia-mundial-de-la-radio\/#primaryimage"},"image":{"@id":"https:\/\/rafaramirez.org\/blog\/index.php\/2025\/02\/13\/dia-mundial-de-la-radio\/#primaryimage"},"thumbnailUrl":"https:\/\/rafaramirez.org\/blog\/wp-content\/uploads\/2025\/02\/Dia_mundial_de_la_Radio_bannerlogblog.jpg","datePublished":"2025-02-13T07:15:09+00:00","description":"El D\u00eda Mundial de la Radio se celebra cada 13 de febrero. La UNESCO lo proclam\u00f3 para destacar la importancia de este medio de comunicaci\u00f3n...","breadcrumb":{"@id":"https:\/\/rafaramirez.org\/blog\/index.php\/2025\/02\/13\/dia-mundial-de-la-radio\/#breadcrumb"},"inLanguage":"es","potentialAction":[{"@type":"ReadAction","target":["https:\/\/rafaramirez.org\/blog\/index.php\/2025\/02\/13\/dia-mundial-de-la-radio\/"]}]},{"@type":"ImageObject","inLanguage":"es","@id":"https:\/\/rafaramirez.org\/blog\/index.php\/2025\/02\/13\/dia-mundial-de-la-radio\/#primaryimage","url":"https:\/\/rafaramirez.org\/blog\/wp-content\/uploads\/2025\/02\/Dia_mundial_de_la_Radio_bannerlogblog.jpg","contentUrl":"https:\/\/rafaramirez.org\/blog\/wp-content\/uploads\/2025\/02\/Dia_mundial_de_la_Radio_bannerlogblog.jpg","width":720,"height":440,"caption":"D\u00eda Mundial de la Radio (13 de febrero). Efem\u00e9rides. Blog de Rafael Ram\u00edrez."},{"@type":"BreadcrumbList","@id":"https:\/\/rafaramirez.org\/blog\/index.php\/2025\/02\/13\/dia-mundial-de-la-radio\/#breadcrumb","itemListElement":[{"@type":"ListItem","position":1,"name":"Portada","item":"https:\/\/rafaramirez.org\/blog\/"},{"@type":"ListItem","position":2,"name":"D\u00eda Mundial de la Radio fomentando la diversidad y la pluralidad."}]},{"@type":"WebSite","@id":"https:\/\/rafaramirez.org\/blog\/#website","url":"https:\/\/rafaramirez.org\/blog\/","name":"Blog de Rafael Ram\u00edrez","description":"Un sitio social, de arte y cultura","publisher":{"@id":"https:\/\/rafaramirez.org\/blog\/#\/schema\/person\/50f43b6d60c578760d4c17bda54ab6a5"},"potentialAction":[{"@type":"SearchAction","target":{"@type":"EntryPoint","urlTemplate":"https:\/\/rafaramirez.org\/blog\/?s={search_term_string}"},"query-input":{"@type":"PropertyValueSpecification","valueRequired":true,"valueName":"search_term_string"}}],"inLanguage":"es"},{"@type":["Person","Organization"],"@id":"https:\/\/rafaramirez.org\/blog\/#\/schema\/person\/50f43b6d60c578760d4c17bda54ab6a5","name":"Rafael Ram\u00edrez","image":{"@type":"ImageObject","inLanguage":"es","@id":"https:\/\/rafaramirez.org\/blog\/wp-content\/uploads\/2024\/09\/RR_socialnetwork.jpg","url":"https:\/\/rafaramirez.org\/blog\/wp-content\/uploads\/2024\/09\/RR_socialnetwork.jpg","contentUrl":"https:\/\/rafaramirez.org\/blog\/wp-content\/uploads\/2024\/09\/RR_socialnetwork.jpg","width":600,"height":606,"caption":"Rafael Ram\u00edrez"},"logo":{"@id":"https:\/\/rafaramirez.org\/blog\/wp-content\/uploads\/2024\/09\/RR_socialnetwork.jpg"},"sameAs":["https:\/\/www.rafaramirez.org\/blog","https:\/\/www.instagram.com\/rafaramirez_ok\/","https:\/\/es.pinterest.com\/Ramirez_Rafa\/","https:\/\/x.com\/rafaramirez_ok"],"url":"https:\/\/rafaramirez.org\/blog\/index.php\/author\/rafaell_qm6j97da\/"}]}},"jetpack_publicize_connections":[],"jetpack_sharing_enabled":true,"jetpack_likes_enabled":true,"jetpack_featured_media_url":"https:\/\/rafaramirez.org\/blog\/wp-content\/uploads\/2025\/02\/Dia_mundial_de_la_Radio_bannerlogblog.jpg","_links":{"self":[{"href":"https:\/\/rafaramirez.org\/blog\/index.php\/wp-json\/wp\/v2\/posts\/8043","targetHints":{"allow":["GET"]}}],"collection":[{"href":"https:\/\/rafaramirez.org\/blog\/index.php\/wp-json\/wp\/v2\/posts"}],"about":[{"href":"https:\/\/rafaramirez.org\/blog\/index.php\/wp-json\/wp\/v2\/types\/post"}],"author":[{"embeddable":true,"href":"https:\/\/rafaramirez.org\/blog\/index.php\/wp-json\/wp\/v2\/users\/1"}],"replies":[{"embeddable":true,"href":"https:\/\/rafaramirez.org\/blog\/index.php\/wp-json\/wp\/v2\/comments?post=8043"}],"version-history":[{"count":8,"href":"https:\/\/rafaramirez.org\/blog\/index.php\/wp-json\/wp\/v2\/posts\/8043\/revisions"}],"predecessor-version":[{"id":8055,"href":"https:\/\/rafaramirez.org\/blog\/index.php\/wp-json\/wp\/v2\/posts\/8043\/revisions\/8055"}],"wp:featuredmedia":[{"embeddable":true,"href":"https:\/\/rafaramirez.org\/blog\/index.php\/wp-json\/wp\/v2\/media\/8049"}],"wp:attachment":[{"href":"https:\/\/rafaramirez.org\/blog\/index.php\/wp-json\/wp\/v2\/media?parent=8043"}],"wp:term":[{"taxonomy":"category","embeddable":true,"href":"https:\/\/rafaramirez.org\/blog\/index.php\/wp-json\/wp\/v2\/categories?post=8043"},{"taxonomy":"post_tag","embeddable":true,"href":"https:\/\/rafaramirez.org\/blog\/index.php\/wp-json\/wp\/v2\/tags?post=8043"}],"curies":[{"name":"wp","href":"https:\/\/api.w.org\/{rel}","templated":true}]}}