{"id":7987,"date":"2025-02-07T08:15:05","date_gmt":"2025-02-07T07:15:05","guid":{"rendered":"https:\/\/rafaramirez.org\/blog\/?p=7987"},"modified":"2025-02-26T19:09:47","modified_gmt":"2025-02-26T18:09:47","slug":"la-cartera-de-francesca-giannone","status":"publish","type":"post","link":"https:\/\/rafaramirez.org\/blog\/index.php\/2025\/02\/07\/la-cartera-de-francesca-giannone\/","title":{"rendered":"\u00abLa cartera\u00bb de Francesca Giannone: emancipaci\u00f3n femenina y lucha contra las normas."},"content":{"rendered":"<p><strong>\u00abLa cartera\u00bb<\/strong> es una novela contempor\u00e1nea escrita por <strong>Francesca Giannone<\/strong> y publicada por <strong>Duomo Ediciones<\/strong> en 2024. La historia se desarrolla en Lizzanello, un peque\u00f1o pueblo de la regi\u00f3n de Apulia, en el sur de Italia. La protagonista, Anna, es una mujer fuerte e independiente que se enfrenta a una realidad hostil tras mudarse a este lugar desconocido con su esposo, Carlo.<\/p>\n<p>Con el paso de los a\u00f1os, Anna se convierte en \u00abla forastera\u00bb del pueblo, alguien que no sigue las normas tradicionales ni se deja intimidar por las leyes no escritas que oprimen a las mujeres del sur. Su amor por Carlo y su determinaci\u00f3n la llevan a presentarse a un concurso para ocupar un puesto en Correos, convirti\u00e9ndose en \u00abla cartera\u00bb que une a los habitantes del pueblo con sus historias.<\/p>\n<p>La novela ha sido aclamada por la cr\u00edtica como una <strong>apasionante historia de coraje<\/strong> y emancipaci\u00f3n femenina, y ha ganado el <strong>premio de los libreros independientes italianos<\/strong>. Adem\u00e1s, ha vendido m\u00e1s de <strong>450 000 ejemplares en Italia<\/strong>, convirti\u00e9ndose en el libro revelaci\u00f3n del a\u00f1o.<\/p>\n<h3>Cr\u00edtica literaria.<\/h3>\n<p>\u00abLa cartera\u00bb, de Francesca Giannone, es una novela que destaca por su enfoque en la emancipaci\u00f3n femenina y la lucha contra las normas opresivas. La autora nos presenta a Anna, una mujer que se enfrenta con valent\u00eda a las adversidades de un peque\u00f1o pueblo italiano y que, a trav\u00e9s de su trabajo como cartera, se convierte en un s\u00edmbolo de resistencia y transformaci\u00f3n.<\/p>\n<p>Entre sus puntos fuertes, cabe destacar la capacidad de Giannone para dar vida a personajes complejos y multidimensionales. Anna es una protagonista que inspira con su fuerza y determinaci\u00f3n, mientras que los habitantes del pueblo a\u00f1aden matices y profundidad a la trama. Adem\u00e1s, enriquece la narrativa al lograr capturar la esencia de un pueblo italiano de mediados del siglo XX, con sus costumbres, tradiciones y paisajes, lo que hace que la lectura sea m\u00e1s inmersiva.<\/p>\n<p>En cuanto a la tem\u00e1tica, la lucha por la igualdad y la emancipaci\u00f3n femenina es el eje central de la novela, y est\u00e1 tratada con sensibilidad y realismo. La historia de Anna resuena con muchas mujeres que se enfrentan a desaf\u00edos similares en la actualidad.<\/p>\n<p>En conclusi\u00f3n, \u00abLa cartera\u00bb es una novela que, a pesar de sus peque\u00f1as imperfecciones, logra tocar fibras sensibles y dejar una huella duradera. Francesca Giannone nos ofrece una historia inspiradora y relevante que celebra la fuerza y la resiliencia de las mujeres. Es una lectura recomendada para quienes buscan una narrativa emotiva y profunda.<\/p>\n<figure id=\"attachment_7992\" aria-describedby=\"caption-attachment-7992\" style=\"width: 198px\" class=\"wp-caption aligncenter\"><a href=\"https:\/\/rafaramirez.org\/blog\/wp-content\/uploads\/2025\/02\/La_Cartera_Francesca-Giannone_portada.jpg\" target=\"_blank\" rel=\"noopener\"><img loading=\"lazy\" decoding=\"async\" class=\"wp-image-7992 size-medium\" src=\"https:\/\/rafaramirez.org\/blog\/wp-content\/uploads\/2025\/02\/La_Cartera_Francesca-Giannone_portada-198x300.jpg\" alt=\"Portada del libro &quot;La cartera&quot; de Francesca Giannone. Blog de Rafael Ram\u00edrez.\" width=\"198\" height=\"300\" srcset=\"https:\/\/rafaramirez.org\/blog\/wp-content\/uploads\/2025\/02\/La_Cartera_Francesca-Giannone_portada-198x300.jpg 198w, https:\/\/rafaramirez.org\/blog\/wp-content\/uploads\/2025\/02\/La_Cartera_Francesca-Giannone_portada-677x1024.jpg 677w, https:\/\/rafaramirez.org\/blog\/wp-content\/uploads\/2025\/02\/La_Cartera_Francesca-Giannone_portada-768x1162.jpg 768w, https:\/\/rafaramirez.org\/blog\/wp-content\/uploads\/2025\/02\/La_Cartera_Francesca-Giannone_portada.jpg 793w\" sizes=\"auto, (max-width: 198px) 100vw, 198px\" \/><\/a><figcaption id=\"caption-attachment-7992\" class=\"wp-caption-text\">Portada del libro \u00abLa cartera\u00bb de Francesca Giannone. Blog de Rafael Ram\u00edrez.<\/figcaption><\/figure>\n<h3>Ficha t\u00e9cnica.<\/h3>\n<ul>\n<li><strong>T\u00edtulo original:<\/strong> La portalettere<\/li>\n<li><strong>Editorial:<\/strong> Duomo Ediciones<\/li>\n<li><strong>A\u00f1o de publicaci\u00f3n:<\/strong> 2024<\/li>\n<li><strong>Traducci\u00f3n:<\/strong> Maribel Campmany<\/li>\n<li><strong>ISBN:<\/strong> 9788419834225<\/li>\n<li><strong>N\u00famero de p\u00e1ginas:<\/strong> 464<\/li>\n<li><strong>Encuadernaci\u00f3n:<\/strong> Tapa blanda<\/li>\n<li><strong>Fecha de lanzamiento:<\/strong> 26 de agosto de 2024<\/li>\n<\/ul>\n<h3>Sobre su autora.<\/h3>\n<p>Francesca Giannone es una escritora y periodista italiana <strong>nacida en Apulia<\/strong>, en el sur del pa\u00eds. Se licenci\u00f3 en <strong>Ciencias de la Comunicaci\u00f3n<\/strong> y tambi\u00e9n estudi\u00f3 en el <strong>Centro Sperimentale di Cinematografia<\/strong>. Durante su estancia en Bolonia, trabaj\u00f3 en la catalogaci\u00f3n de vol\u00famenes para la <strong>Associazione Culturale Luigi Bernardi<\/strong> y asisti\u00f3 al curso bienal de escritura de la <strong>Bottega di Narrazione \u00abFinzioni\u00bb<\/strong>.<\/p>\n<p>Giannone ha publicado varios relatos en revistas literarias impresas y digitales. Adem\u00e1s de su carrera literaria, tambi\u00e9n es pintora y reside en su pueblo natal, Lizzanello, donde sigue cultivando su pasi\u00f3n por la escritura y el arte.<\/p>\n<figure id=\"attachment_7991\" aria-describedby=\"caption-attachment-7991\" style=\"width: 300px\" class=\"wp-caption aligncenter\"><a href=\"https:\/\/rafaramirez.org\/blog\/wp-content\/uploads\/2025\/02\/Francesca-Giannone_portrait.jpg\" target=\"_blank\" rel=\"noopener\"><img loading=\"lazy\" decoding=\"async\" class=\"wp-image-7991 size-medium\" src=\"https:\/\/rafaramirez.org\/blog\/wp-content\/uploads\/2025\/02\/Francesca-Giannone_portrait-300x300.jpg\" alt=\"La escritora Francesca Giannone. Blog de Rafael Ram\u00edrez.\" width=\"300\" height=\"300\" srcset=\"https:\/\/rafaramirez.org\/blog\/wp-content\/uploads\/2025\/02\/Francesca-Giannone_portrait-300x300.jpg 300w, https:\/\/rafaramirez.org\/blog\/wp-content\/uploads\/2025\/02\/Francesca-Giannone_portrait-150x150.jpg 150w, https:\/\/rafaramirez.org\/blog\/wp-content\/uploads\/2025\/02\/Francesca-Giannone_portrait.jpg 768w\" sizes=\"auto, (max-width: 300px) 100vw, 300px\" \/><\/a><figcaption id=\"caption-attachment-7991\" class=\"wp-caption-text\">La escritora Francesca Giannone. Blog de Rafael Ram\u00edrez.<\/figcaption><\/figure>\n<p>M\u00e1s informaci\u00f3n:<\/p>\n<ul>\n<li><a href=\"https:\/\/www.casadellibro.com\/libro-la-cartera\/9788419834225\/16109770\" target=\"_blank\" rel=\"noopener\">Casa del Libro<\/a>.<\/li>\n<li><a href=\"https:\/\/www.lecturalia.com\/libro\/112933\/la-cartera\" target=\"_blank\" rel=\"noopener\">Lecturalia<\/a>.<\/li>\n<li><a href=\"https:\/\/rafaramirez.org\/blog\/index.php\/category\/arte\/literatura\/\" target=\"_blank\" rel=\"noopener\">Otra lectura recomendada<\/a>.<\/li>\n<\/ul>\n","protected":false},"excerpt":{"rendered":"<p>\u00abLa cartera\u00bb es una novela contempor\u00e1nea escrita por Francesca Giannone y publicada por Duomo Ediciones en 2024. La historia se desarrolla en Lizzanello, un peque\u00f1o pueblo de la regi\u00f3n de Apulia, en el sur de Italia. La protagonista, Anna, es una mujer fuerte e independiente que se enfrenta a una realidad hostil tras mudarse a [&hellip;]<\/p>\n","protected":false},"author":1,"featured_media":7993,"comment_status":"open","ping_status":"closed","sticky":false,"template":"","format":"standard","meta":{"site-container-style":"default","site-container-layout":"default","site-sidebar-layout":"default","disable-article-header":"default","disable-site-header":"default","disable-site-footer":"default","disable-content-area-spacing":"default","_jetpack_newsletter_access":"","_jetpack_dont_email_post_to_subs":false,"_jetpack_newsletter_tier_id":0,"_jetpack_memberships_contains_paywalled_content":false,"_jetpack_feature_clip_id":0,"_jetpack_memberships_contains_paid_content":false,"footnotes":"","jetpack_publicize_message":"","jetpack_publicize_feature_enabled":true,"jetpack_social_post_already_shared":true,"jetpack_social_options":{"image_generator_settings":{"template":"highway","default_image_id":0,"font":"","enabled":false},"version":2},"jetpack_post_was_ever_published":false},"categories":[710],"tags":[4022,68,1127,1585,3610,264,4023,4024],"class_list":["post-7987","post","type-post","status-publish","format-standard","has-post-thumbnail","hentry","category-literatura","tag-la-cartera-de-francesca-giannone","tag-blog-de-rafael-ramirez","tag-critica","tag-critica-literaria","tag-lectura-recomendada","tag-libro-recomendado","tag-novela-contemporanea","tag-novela-de-2024"],"yoast_head":"<!-- This site is optimized with the Yoast SEO plugin v28.4 - https:\/\/yoast.com\/product\/yoast-seo-wordpress\/ -->\n<title>&quot;La cartera&quot; de Francesca Giannone: emancipaci\u00f3n femenina y lucha contra las normas. - Blog de Rafael Ram\u00edrez<\/title>\n<meta name=\"description\" content=\"&quot;La cartera&quot; es una novela contempor\u00e1nea escrita por Francesca Giannone y publicada por Duomo Ediciones en 2024. La historia se desarrolla en\" \/>\n<meta name=\"robots\" content=\"index, follow, max-snippet:-1, max-image-preview:large, max-video-preview:-1\" \/>\n<link rel=\"canonical\" href=\"https:\/\/rafaramirez.org\/blog\/index.php\/2025\/02\/07\/la-cartera-de-francesca-giannone\/\" \/>\n<meta property=\"og:locale\" content=\"es_ES\" \/>\n<meta property=\"og:type\" content=\"article\" \/>\n<meta property=\"og:title\" content=\"&quot;La cartera&quot; de Francesca Giannone: emancipaci\u00f3n femenina y lucha contra las normas. - Blog de Rafael Ram\u00edrez\" \/>\n<meta property=\"og:description\" content=\"&quot;La cartera&quot; es una novela contempor\u00e1nea escrita por Francesca Giannone y publicada por Duomo Ediciones en 2024. La historia se desarrolla en\" \/>\n<meta property=\"og:url\" content=\"https:\/\/rafaramirez.org\/blog\/index.php\/2025\/02\/07\/la-cartera-de-francesca-giannone\/\" \/>\n<meta property=\"og:site_name\" content=\"Blog de Rafael Ram\u00edrez\" \/>\n<meta property=\"article:published_time\" content=\"2025-02-07T07:15:05+00:00\" \/>\n<meta property=\"article:modified_time\" content=\"2025-02-26T18:09:47+00:00\" \/>\n<meta property=\"og:image\" content=\"https:\/\/rafaramirez.org\/blog\/wp-content\/uploads\/2025\/02\/La_Cartera_Francesca-Giannone_banner_blog.jpg\" \/>\n\t<meta property=\"og:image:width\" content=\"720\" \/>\n\t<meta property=\"og:image:height\" content=\"440\" \/>\n\t<meta property=\"og:image:type\" content=\"image\/jpeg\" \/>\n<meta name=\"author\" content=\"Rafael Ram\u00edrez\" \/>\n<meta name=\"twitter:card\" content=\"summary_large_image\" \/>\n<meta name=\"twitter:creator\" content=\"@rafaramirez_ok\" \/>\n<meta name=\"twitter:site\" content=\"@rafaramirez_ok\" \/>\n<meta name=\"twitter:label1\" content=\"Escrito por\" \/>\n\t<meta name=\"twitter:data1\" content=\"Rafael Ram\u00edrez\" \/>\n\t<meta name=\"twitter:label2\" content=\"Tiempo de lectura\" \/>\n\t<meta name=\"twitter:data2\" content=\"4 minutos\" \/>\n<script type=\"application\/ld+json\" class=\"yoast-schema-graph\">{\"@context\":\"https:\\\/\\\/schema.org\",\"@graph\":[{\"@type\":\"Article\",\"@id\":\"https:\\\/\\\/rafaramirez.org\\\/blog\\\/index.php\\\/2025\\\/02\\\/07\\\/la-cartera-de-francesca-giannone\\\/#article\",\"isPartOf\":{\"@id\":\"https:\\\/\\\/rafaramirez.org\\\/blog\\\/index.php\\\/2025\\\/02\\\/07\\\/la-cartera-de-francesca-giannone\\\/\"},\"author\":{\"name\":\"Rafael Ram\u00edrez\",\"@id\":\"https:\\\/\\\/rafaramirez.org\\\/blog\\\/#\\\/schema\\\/person\\\/50f43b6d60c578760d4c17bda54ab6a5\"},\"headline\":\"\u00abLa cartera\u00bb de Francesca Giannone: emancipaci\u00f3n femenina y lucha contra las normas.\",\"datePublished\":\"2025-02-07T07:15:05+00:00\",\"dateModified\":\"2025-02-26T18:09:47+00:00\",\"mainEntityOfPage\":{\"@id\":\"https:\\\/\\\/rafaramirez.org\\\/blog\\\/index.php\\\/2025\\\/02\\\/07\\\/la-cartera-de-francesca-giannone\\\/\"},\"wordCount\":648,\"commentCount\":0,\"publisher\":{\"@id\":\"https:\\\/\\\/rafaramirez.org\\\/blog\\\/#\\\/schema\\\/person\\\/50f43b6d60c578760d4c17bda54ab6a5\"},\"image\":{\"@id\":\"https:\\\/\\\/rafaramirez.org\\\/blog\\\/index.php\\\/2025\\\/02\\\/07\\\/la-cartera-de-francesca-giannone\\\/#primaryimage\"},\"thumbnailUrl\":\"https:\\\/\\\/rafaramirez.org\\\/blog\\\/wp-content\\\/uploads\\\/2025\\\/02\\\/La_Cartera_Francesca-Giannone_banner_blog.jpg\",\"keywords\":[\"'La cartera' de Francesca Giannone\",\"blog de Rafael Ram\u00edrez\",\"cr\u00edtica\",\"cr\u00edtica literaria\",\"lectura recomendada\",\"libro recomendado\",\"novela contempor\u00e1nea\",\"novela de 2024\"],\"articleSection\":[\"Literatura\"],\"inLanguage\":\"es\",\"potentialAction\":[{\"@type\":\"CommentAction\",\"name\":\"Comment\",\"target\":[\"https:\\\/\\\/rafaramirez.org\\\/blog\\\/index.php\\\/2025\\\/02\\\/07\\\/la-cartera-de-francesca-giannone\\\/#respond\"]}]},{\"@type\":\"WebPage\",\"@id\":\"https:\\\/\\\/rafaramirez.org\\\/blog\\\/index.php\\\/2025\\\/02\\\/07\\\/la-cartera-de-francesca-giannone\\\/\",\"url\":\"https:\\\/\\\/rafaramirez.org\\\/blog\\\/index.php\\\/2025\\\/02\\\/07\\\/la-cartera-de-francesca-giannone\\\/\",\"name\":\"\\\"La cartera\\\" de Francesca Giannone: emancipaci\u00f3n femenina y lucha contra las normas. - Blog de Rafael Ram\u00edrez\",\"isPartOf\":{\"@id\":\"https:\\\/\\\/rafaramirez.org\\\/blog\\\/#website\"},\"primaryImageOfPage\":{\"@id\":\"https:\\\/\\\/rafaramirez.org\\\/blog\\\/index.php\\\/2025\\\/02\\\/07\\\/la-cartera-de-francesca-giannone\\\/#primaryimage\"},\"image\":{\"@id\":\"https:\\\/\\\/rafaramirez.org\\\/blog\\\/index.php\\\/2025\\\/02\\\/07\\\/la-cartera-de-francesca-giannone\\\/#primaryimage\"},\"thumbnailUrl\":\"https:\\\/\\\/rafaramirez.org\\\/blog\\\/wp-content\\\/uploads\\\/2025\\\/02\\\/La_Cartera_Francesca-Giannone_banner_blog.jpg\",\"datePublished\":\"2025-02-07T07:15:05+00:00\",\"dateModified\":\"2025-02-26T18:09:47+00:00\",\"description\":\"\\\"La cartera\\\" es una novela contempor\u00e1nea escrita por Francesca Giannone y publicada por Duomo Ediciones en 2024. La historia se desarrolla en\",\"breadcrumb\":{\"@id\":\"https:\\\/\\\/rafaramirez.org\\\/blog\\\/index.php\\\/2025\\\/02\\\/07\\\/la-cartera-de-francesca-giannone\\\/#breadcrumb\"},\"inLanguage\":\"es\",\"potentialAction\":[{\"@type\":\"ReadAction\",\"target\":[\"https:\\\/\\\/rafaramirez.org\\\/blog\\\/index.php\\\/2025\\\/02\\\/07\\\/la-cartera-de-francesca-giannone\\\/\"]}]},{\"@type\":\"ImageObject\",\"inLanguage\":\"es\",\"@id\":\"https:\\\/\\\/rafaramirez.org\\\/blog\\\/index.php\\\/2025\\\/02\\\/07\\\/la-cartera-de-francesca-giannone\\\/#primaryimage\",\"url\":\"https:\\\/\\\/rafaramirez.org\\\/blog\\\/wp-content\\\/uploads\\\/2025\\\/02\\\/La_Cartera_Francesca-Giannone_banner_blog.jpg\",\"contentUrl\":\"https:\\\/\\\/rafaramirez.org\\\/blog\\\/wp-content\\\/uploads\\\/2025\\\/02\\\/La_Cartera_Francesca-Giannone_banner_blog.jpg\",\"width\":720,\"height\":440,\"caption\":\"\\\"La cartera\\\" de Francesca Giannone. Blog de Rafael Ram\u00edrez.\"},{\"@type\":\"BreadcrumbList\",\"@id\":\"https:\\\/\\\/rafaramirez.org\\\/blog\\\/index.php\\\/2025\\\/02\\\/07\\\/la-cartera-de-francesca-giannone\\\/#breadcrumb\",\"itemListElement\":[{\"@type\":\"ListItem\",\"position\":1,\"name\":\"Portada\",\"item\":\"https:\\\/\\\/rafaramirez.org\\\/blog\\\/\"},{\"@type\":\"ListItem\",\"position\":2,\"name\":\"\u00abLa cartera\u00bb de Francesca Giannone: emancipaci\u00f3n femenina y lucha contra las normas.\"}]},{\"@type\":\"WebSite\",\"@id\":\"https:\\\/\\\/rafaramirez.org\\\/blog\\\/#website\",\"url\":\"https:\\\/\\\/rafaramirez.org\\\/blog\\\/\",\"name\":\"Blog de Rafael Ram\u00edrez\",\"description\":\"Un sitio social, de arte y cultura\",\"publisher\":{\"@id\":\"https:\\\/\\\/rafaramirez.org\\\/blog\\\/#\\\/schema\\\/person\\\/50f43b6d60c578760d4c17bda54ab6a5\"},\"potentialAction\":[{\"@type\":\"SearchAction\",\"target\":{\"@type\":\"EntryPoint\",\"urlTemplate\":\"https:\\\/\\\/rafaramirez.org\\\/blog\\\/?s={search_term_string}\"},\"query-input\":{\"@type\":\"PropertyValueSpecification\",\"valueRequired\":true,\"valueName\":\"search_term_string\"}}],\"inLanguage\":\"es\"},{\"@type\":[\"Person\",\"Organization\"],\"@id\":\"https:\\\/\\\/rafaramirez.org\\\/blog\\\/#\\\/schema\\\/person\\\/50f43b6d60c578760d4c17bda54ab6a5\",\"name\":\"Rafael Ram\u00edrez\",\"image\":{\"@type\":\"ImageObject\",\"inLanguage\":\"es\",\"@id\":\"https:\\\/\\\/rafaramirez.org\\\/blog\\\/wp-content\\\/uploads\\\/2024\\\/09\\\/RR_socialnetwork.jpg\",\"url\":\"https:\\\/\\\/rafaramirez.org\\\/blog\\\/wp-content\\\/uploads\\\/2024\\\/09\\\/RR_socialnetwork.jpg\",\"contentUrl\":\"https:\\\/\\\/rafaramirez.org\\\/blog\\\/wp-content\\\/uploads\\\/2024\\\/09\\\/RR_socialnetwork.jpg\",\"width\":600,\"height\":606,\"caption\":\"Rafael Ram\u00edrez\"},\"logo\":{\"@id\":\"https:\\\/\\\/rafaramirez.org\\\/blog\\\/wp-content\\\/uploads\\\/2024\\\/09\\\/RR_socialnetwork.jpg\"},\"sameAs\":[\"https:\\\/\\\/www.rafaramirez.org\\\/blog\",\"https:\\\/\\\/www.instagram.com\\\/rafaramirez_ok\\\/\",\"https:\\\/\\\/es.pinterest.com\\\/Ramirez_Rafa\\\/\",\"https:\\\/\\\/x.com\\\/rafaramirez_ok\"],\"url\":\"https:\\\/\\\/rafaramirez.org\\\/blog\\\/index.php\\\/author\\\/rafaell_qm6j97da\\\/\"}]}<\/script>\n<!-- \/ Yoast SEO plugin. -->","yoast_head_json":{"title":"\"La cartera\" de Francesca Giannone: emancipaci\u00f3n femenina y lucha contra las normas. - Blog de Rafael Ram\u00edrez","description":"\"La cartera\" es una novela contempor\u00e1nea escrita por Francesca Giannone y publicada por Duomo Ediciones en 2024. La historia se desarrolla en","robots":{"index":"index","follow":"follow","max-snippet":"max-snippet:-1","max-image-preview":"max-image-preview:large","max-video-preview":"max-video-preview:-1"},"canonical":"https:\/\/rafaramirez.org\/blog\/index.php\/2025\/02\/07\/la-cartera-de-francesca-giannone\/","og_locale":"es_ES","og_type":"article","og_title":"\"La cartera\" de Francesca Giannone: emancipaci\u00f3n femenina y lucha contra las normas. - Blog de Rafael Ram\u00edrez","og_description":"\"La cartera\" es una novela contempor\u00e1nea escrita por Francesca Giannone y publicada por Duomo Ediciones en 2024. La historia se desarrolla en","og_url":"https:\/\/rafaramirez.org\/blog\/index.php\/2025\/02\/07\/la-cartera-de-francesca-giannone\/","og_site_name":"Blog de Rafael Ram\u00edrez","article_published_time":"2025-02-07T07:15:05+00:00","article_modified_time":"2025-02-26T18:09:47+00:00","og_image":[{"width":720,"height":440,"url":"https:\/\/rafaramirez.org\/blog\/wp-content\/uploads\/2025\/02\/La_Cartera_Francesca-Giannone_banner_blog.jpg","type":"image\/jpeg"}],"author":"Rafael Ram\u00edrez","twitter_card":"summary_large_image","twitter_creator":"@rafaramirez_ok","twitter_site":"@rafaramirez_ok","twitter_misc":{"Escrito por":"Rafael Ram\u00edrez","Tiempo de lectura":"4 minutos"},"schema":{"@context":"https:\/\/schema.org","@graph":[{"@type":"Article","@id":"https:\/\/rafaramirez.org\/blog\/index.php\/2025\/02\/07\/la-cartera-de-francesca-giannone\/#article","isPartOf":{"@id":"https:\/\/rafaramirez.org\/blog\/index.php\/2025\/02\/07\/la-cartera-de-francesca-giannone\/"},"author":{"name":"Rafael Ram\u00edrez","@id":"https:\/\/rafaramirez.org\/blog\/#\/schema\/person\/50f43b6d60c578760d4c17bda54ab6a5"},"headline":"\u00abLa cartera\u00bb de Francesca Giannone: emancipaci\u00f3n femenina y lucha contra las normas.","datePublished":"2025-02-07T07:15:05+00:00","dateModified":"2025-02-26T18:09:47+00:00","mainEntityOfPage":{"@id":"https:\/\/rafaramirez.org\/blog\/index.php\/2025\/02\/07\/la-cartera-de-francesca-giannone\/"},"wordCount":648,"commentCount":0,"publisher":{"@id":"https:\/\/rafaramirez.org\/blog\/#\/schema\/person\/50f43b6d60c578760d4c17bda54ab6a5"},"image":{"@id":"https:\/\/rafaramirez.org\/blog\/index.php\/2025\/02\/07\/la-cartera-de-francesca-giannone\/#primaryimage"},"thumbnailUrl":"https:\/\/rafaramirez.org\/blog\/wp-content\/uploads\/2025\/02\/La_Cartera_Francesca-Giannone_banner_blog.jpg","keywords":["'La cartera' de Francesca Giannone","blog de Rafael Ram\u00edrez","cr\u00edtica","cr\u00edtica literaria","lectura recomendada","libro recomendado","novela contempor\u00e1nea","novela de 2024"],"articleSection":["Literatura"],"inLanguage":"es","potentialAction":[{"@type":"CommentAction","name":"Comment","target":["https:\/\/rafaramirez.org\/blog\/index.php\/2025\/02\/07\/la-cartera-de-francesca-giannone\/#respond"]}]},{"@type":"WebPage","@id":"https:\/\/rafaramirez.org\/blog\/index.php\/2025\/02\/07\/la-cartera-de-francesca-giannone\/","url":"https:\/\/rafaramirez.org\/blog\/index.php\/2025\/02\/07\/la-cartera-de-francesca-giannone\/","name":"\"La cartera\" de Francesca Giannone: emancipaci\u00f3n femenina y lucha contra las normas. - Blog de Rafael Ram\u00edrez","isPartOf":{"@id":"https:\/\/rafaramirez.org\/blog\/#website"},"primaryImageOfPage":{"@id":"https:\/\/rafaramirez.org\/blog\/index.php\/2025\/02\/07\/la-cartera-de-francesca-giannone\/#primaryimage"},"image":{"@id":"https:\/\/rafaramirez.org\/blog\/index.php\/2025\/02\/07\/la-cartera-de-francesca-giannone\/#primaryimage"},"thumbnailUrl":"https:\/\/rafaramirez.org\/blog\/wp-content\/uploads\/2025\/02\/La_Cartera_Francesca-Giannone_banner_blog.jpg","datePublished":"2025-02-07T07:15:05+00:00","dateModified":"2025-02-26T18:09:47+00:00","description":"\"La cartera\" es una novela contempor\u00e1nea escrita por Francesca Giannone y publicada por Duomo Ediciones en 2024. La historia se desarrolla en","breadcrumb":{"@id":"https:\/\/rafaramirez.org\/blog\/index.php\/2025\/02\/07\/la-cartera-de-francesca-giannone\/#breadcrumb"},"inLanguage":"es","potentialAction":[{"@type":"ReadAction","target":["https:\/\/rafaramirez.org\/blog\/index.php\/2025\/02\/07\/la-cartera-de-francesca-giannone\/"]}]},{"@type":"ImageObject","inLanguage":"es","@id":"https:\/\/rafaramirez.org\/blog\/index.php\/2025\/02\/07\/la-cartera-de-francesca-giannone\/#primaryimage","url":"https:\/\/rafaramirez.org\/blog\/wp-content\/uploads\/2025\/02\/La_Cartera_Francesca-Giannone_banner_blog.jpg","contentUrl":"https:\/\/rafaramirez.org\/blog\/wp-content\/uploads\/2025\/02\/La_Cartera_Francesca-Giannone_banner_blog.jpg","width":720,"height":440,"caption":"\"La cartera\" de Francesca Giannone. Blog de Rafael Ram\u00edrez."},{"@type":"BreadcrumbList","@id":"https:\/\/rafaramirez.org\/blog\/index.php\/2025\/02\/07\/la-cartera-de-francesca-giannone\/#breadcrumb","itemListElement":[{"@type":"ListItem","position":1,"name":"Portada","item":"https:\/\/rafaramirez.org\/blog\/"},{"@type":"ListItem","position":2,"name":"\u00abLa cartera\u00bb de Francesca Giannone: emancipaci\u00f3n femenina y lucha contra las normas."}]},{"@type":"WebSite","@id":"https:\/\/rafaramirez.org\/blog\/#website","url":"https:\/\/rafaramirez.org\/blog\/","name":"Blog de Rafael Ram\u00edrez","description":"Un sitio social, de arte y cultura","publisher":{"@id":"https:\/\/rafaramirez.org\/blog\/#\/schema\/person\/50f43b6d60c578760d4c17bda54ab6a5"},"potentialAction":[{"@type":"SearchAction","target":{"@type":"EntryPoint","urlTemplate":"https:\/\/rafaramirez.org\/blog\/?s={search_term_string}"},"query-input":{"@type":"PropertyValueSpecification","valueRequired":true,"valueName":"search_term_string"}}],"inLanguage":"es"},{"@type":["Person","Organization"],"@id":"https:\/\/rafaramirez.org\/blog\/#\/schema\/person\/50f43b6d60c578760d4c17bda54ab6a5","name":"Rafael Ram\u00edrez","image":{"@type":"ImageObject","inLanguage":"es","@id":"https:\/\/rafaramirez.org\/blog\/wp-content\/uploads\/2024\/09\/RR_socialnetwork.jpg","url":"https:\/\/rafaramirez.org\/blog\/wp-content\/uploads\/2024\/09\/RR_socialnetwork.jpg","contentUrl":"https:\/\/rafaramirez.org\/blog\/wp-content\/uploads\/2024\/09\/RR_socialnetwork.jpg","width":600,"height":606,"caption":"Rafael Ram\u00edrez"},"logo":{"@id":"https:\/\/rafaramirez.org\/blog\/wp-content\/uploads\/2024\/09\/RR_socialnetwork.jpg"},"sameAs":["https:\/\/www.rafaramirez.org\/blog","https:\/\/www.instagram.com\/rafaramirez_ok\/","https:\/\/es.pinterest.com\/Ramirez_Rafa\/","https:\/\/x.com\/rafaramirez_ok"],"url":"https:\/\/rafaramirez.org\/blog\/index.php\/author\/rafaell_qm6j97da\/"}]}},"jetpack_publicize_connections":[],"jetpack_sharing_enabled":true,"jetpack_likes_enabled":true,"jetpack_featured_media_url":"https:\/\/rafaramirez.org\/blog\/wp-content\/uploads\/2025\/02\/La_Cartera_Francesca-Giannone_banner_blog.jpg","_links":{"self":[{"href":"https:\/\/rafaramirez.org\/blog\/index.php\/wp-json\/wp\/v2\/posts\/7987","targetHints":{"allow":["GET"]}}],"collection":[{"href":"https:\/\/rafaramirez.org\/blog\/index.php\/wp-json\/wp\/v2\/posts"}],"about":[{"href":"https:\/\/rafaramirez.org\/blog\/index.php\/wp-json\/wp\/v2\/types\/post"}],"author":[{"embeddable":true,"href":"https:\/\/rafaramirez.org\/blog\/index.php\/wp-json\/wp\/v2\/users\/1"}],"replies":[{"embeddable":true,"href":"https:\/\/rafaramirez.org\/blog\/index.php\/wp-json\/wp\/v2\/comments?post=7987"}],"version-history":[{"count":8,"href":"https:\/\/rafaramirez.org\/blog\/index.php\/wp-json\/wp\/v2\/posts\/7987\/revisions"}],"predecessor-version":[{"id":7989,"href":"https:\/\/rafaramirez.org\/blog\/index.php\/wp-json\/wp\/v2\/posts\/7987\/revisions\/7989"}],"wp:featuredmedia":[{"embeddable":true,"href":"https:\/\/rafaramirez.org\/blog\/index.php\/wp-json\/wp\/v2\/media\/7993"}],"wp:attachment":[{"href":"https:\/\/rafaramirez.org\/blog\/index.php\/wp-json\/wp\/v2\/media?parent=7987"}],"wp:term":[{"taxonomy":"category","embeddable":true,"href":"https:\/\/rafaramirez.org\/blog\/index.php\/wp-json\/wp\/v2\/categories?post=7987"},{"taxonomy":"post_tag","embeddable":true,"href":"https:\/\/rafaramirez.org\/blog\/index.php\/wp-json\/wp\/v2\/tags?post=7987"}],"curies":[{"name":"wp","href":"https:\/\/api.w.org\/{rel}","templated":true}]}}