{"id":7972,"date":"2025-02-06T08:15:00","date_gmt":"2025-02-06T07:15:00","guid":{"rendered":"https:\/\/rafaramirez.org\/blog\/?p=7972"},"modified":"2025-02-05T12:40:44","modified_gmt":"2025-02-05T11:40:44","slug":"i-hate-you-then-i-love-you-pavarotti-y-celine-dion","status":"publish","type":"post","link":"https:\/\/rafaramirez.org\/blog\/index.php\/2025\/02\/06\/i-hate-you-then-i-love-you-pavarotti-y-celine-dion\/","title":{"rendered":"\u00abI hate you then I love you\u00bb Pavarotti y Celine Dion (Directo\/en vivo\/live)."},"content":{"rendered":"<p><strong>Luciano Pavarotti y Celine Dion<\/strong> interpretaron la canci\u00f3n <strong>\u00abI Hate You Then I Love You\u00bb<\/strong> en un concierto en M\u00f3dena, Italia, en 1998. Esta actuaci\u00f3n fue parte del evento ben\u00e9fico <strong>\u00abPavarotti &amp; Friends for the Children of Liberia\u00bb<\/strong>. Es una adaptaci\u00f3n de la canci\u00f3n italiana <strong>\u00abGrande Grande Grande\u00bb<\/strong> de <strong>Mina<\/strong>. La interpretaci\u00f3n en vivo fue muy emotiva y mostr\u00f3 la incre\u00edble qu\u00edmica y talento vocal de ambos artistas.<\/p>\n<p>Disfruta de \u00abI Hate You Then I Love You\u00bb con Luciano Pavarotti y Celine Dion.<\/p>\n<p><iframe loading=\"lazy\" title=\"YouTube video player\" src=\"https:\/\/www.youtube.com\/embed\/OuOcF1pETr0?si=DYTCXzvYyR3sUsLm\" width=\"560\" height=\"315\" frameborder=\"0\" allowfullscreen=\"allowfullscreen\"><\/iframe><\/p>\n<h3>Sobre la interpretaci\u00f3n.<\/h3>\n<p>La interpretaci\u00f3n de Luciano Pavarotti y Celine Dion de \u00abI Hate You Then I Love You\u00bb fue especialmente emotiva, ya que la combinaci\u00f3n de la poderosa voz de Pavarotti, tenor de \u00f3pera, con la voz suave y emotiva de Dion cre\u00f3 un contraste impresionante que resalt\u00f3 la intensidad emocional de la canci\u00f3n. Adem\u00e1s, la interpretaci\u00f3n de esta canci\u00f3n, que habla de amor y odio, estaba profundamente relacionada con el prop\u00f3sito del evento: recaudar fondos para los ni\u00f1os afectados por la guerra de Liberia, lo que a\u00f1ad\u00eda una capa de significado a la actuaci\u00f3n.<\/p>\n<p>Adem\u00e1s, fue una de las pocas veces que Pavarotti, conocido principalmente por su carrera en la \u00f3pera, colabor\u00f3 con un artista pop como Dion. Esta colaboraci\u00f3n \u00fanica entre dos grandes voces de g\u00e9neros musicales diferentes fue un momento hist\u00f3rico y memorable. Ambos artistas parec\u00edan estar realmente conectados emocionalmente durante la interpretaci\u00f3n, lo que se transmiti\u00f3 a su actuaci\u00f3n de forma aut\u00e9ntica y apasionada.<\/p>\n<p>La combinaci\u00f3n de estos factores convirti\u00f3 la interpretaci\u00f3n en una experiencia musicalmente impresionante, pero tambi\u00e9n profundamente conmovedora y significativa.<\/p>\n<figure id=\"attachment_7985\" aria-describedby=\"caption-attachment-7985\" style=\"width: 300px\" class=\"wp-caption aligncenter\"><a href=\"https:\/\/rafaramirez.org\/blog\/wp-content\/uploads\/2025\/02\/Pavarotti_CelineDion_I-hate-you-then-i-love-you_98_3.jpg\" target=\"_blank\" rel=\"noopener\"><img loading=\"lazy\" decoding=\"async\" class=\"wp-image-7985 size-medium\" src=\"https:\/\/rafaramirez.org\/blog\/wp-content\/uploads\/2025\/02\/Pavarotti_CelineDion_I-hate-you-then-i-love-you_98_3-300x200.jpg\" alt=\"&quot;I Hate You Then I Love You&quot;. Pavarotti &amp; Celine Dion (live). Blog de Rafael Ram\u00edrez.\" width=\"300\" height=\"200\" srcset=\"https:\/\/rafaramirez.org\/blog\/wp-content\/uploads\/2025\/02\/Pavarotti_CelineDion_I-hate-you-then-i-love-you_98_3-300x200.jpg 300w, https:\/\/rafaramirez.org\/blog\/wp-content\/uploads\/2025\/02\/Pavarotti_CelineDion_I-hate-you-then-i-love-you_98_3.jpg 720w\" sizes=\"auto, (max-width: 300px) 100vw, 300px\" \/><\/a><figcaption id=\"caption-attachment-7985\" class=\"wp-caption-text\">\u00abI Hate You Then I Love You\u00bb. Pavarotti &amp; Celine Dion (live). Blog de Rafael Ram\u00edrez.<\/figcaption><\/figure>\n<h3>M\u00e1s sobre \u00e9ste concierto.<\/h3>\n<p>El famoso tenor italiano Luciano Pavarotti organiz\u00f3 el concierto ben\u00e9fico \u00abPavarotti &amp; Friends for the Children of Liberia\u00bb el 9 de junio de 1998 en su ciudad natal, M\u00f3dena (Italia). Este concierto formaba parte de la serie <strong>\u00abPavarotti &amp; Friends\u00bb<\/strong>, cuyos ingresos se destinaban a causas humanitarias. En este caso, la organizaci\u00f3n beneficiaria fue <strong>War Child<\/strong>, una entidad que ayuda a los ni\u00f1os afectados por la <strong>guerra en Liberia<\/strong>.<\/p>\n<p>El evento fue dirigido por el director de cine <strong>Spike Lee<\/strong> y cont\u00f3 con la participaci\u00f3n de numerosos artistas internacionales, entre los que se encontraban <strong>Stevie Wonder<\/strong>, Celine Dion, <strong>Jon Bon Jovi<\/strong>, <strong>Spice Girls<\/strong>, <strong>Trisha Yearwood<\/strong>, <strong>Eros Ramazzotti<\/strong> y <strong>The Corrs<\/strong>. Entre las canciones interpretadas se encuentran <strong>\u00abLet It Rain\u00bb<\/strong>, con Jon Bon Jovi; <strong>\u00abHigher Ground\u00bb<\/strong>, de Stevie Wonder, y <strong>\u00abPeace Wanted Just to Be Free\u00bb<\/strong>, una canci\u00f3n escrita por Stevie Wonder especialmente para la ocasi\u00f3n.<\/p>\n<p>El concierto fue transmitido en varios pa\u00edses y tambi\u00e9n se lanz\u00f3 como un \u00e1lbum en vivo y un DVD.<\/p>\n<figure id=\"attachment_7981\" aria-describedby=\"caption-attachment-7981\" style=\"width: 300px\" class=\"wp-caption aligncenter\"><a href=\"https:\/\/rafaramirez.org\/blog\/wp-content\/uploads\/2025\/02\/Pavarotti_CelineDion_I-hate-you-then-i-love-you_98_4.jpg\" target=\"_blank\" rel=\"noopener\"><img loading=\"lazy\" decoding=\"async\" class=\"wp-image-7981 size-medium\" src=\"https:\/\/rafaramirez.org\/blog\/wp-content\/uploads\/2025\/02\/Pavarotti_CelineDion_I-hate-you-then-i-love-you_98_4-300x200.jpg\" alt=\"&quot;I Hate You Then I Love You&quot;. Pavarotti &amp; Celine Dion (live). Blog de Rafael Ram\u00edrez.\" width=\"300\" height=\"200\" srcset=\"https:\/\/rafaramirez.org\/blog\/wp-content\/uploads\/2025\/02\/Pavarotti_CelineDion_I-hate-you-then-i-love-you_98_4-300x200.jpg 300w, https:\/\/rafaramirez.org\/blog\/wp-content\/uploads\/2025\/02\/Pavarotti_CelineDion_I-hate-you-then-i-love-you_98_4.jpg 720w\" sizes=\"auto, (max-width: 300px) 100vw, 300px\" \/><\/a><figcaption id=\"caption-attachment-7981\" class=\"wp-caption-text\">\u00abI Hate You Then I Love You\u00bb. Pavarotti &amp; Celine Dion (live). Blog de Rafael Ram\u00edrez.<\/figcaption><\/figure>\n<p>M\u00e1s informaci\u00f3n:<\/p>\n<ul>\n<li><a href=\"https:\/\/en.wikipedia.org\/wiki\/Pavarotti_%26_Friends_for_the_Children_of_Liberia\" target=\"_blank\" rel=\"noopener\">Wikipedia<\/a>.<\/li>\n<li><a href=\"https:\/\/www.youtube.com\/@TheTelevideo\/videos\" target=\"_blank\" rel=\"noopener\">Canal TheTelevideo en Youtube<\/a>.<\/li>\n<li><a href=\"https:\/\/rafaramirez.org\/blog\/index.php\/category\/arte\/musica\/\" target=\"_blank\" rel=\"noopener\">M\u00e1s M\u00fasica<\/a>.<\/li>\n<\/ul>\n","protected":false},"excerpt":{"rendered":"<p>Luciano Pavarotti y Celine Dion interpretaron la canci\u00f3n \u00abI Hate You Then I Love You\u00bb en un concierto en M\u00f3dena, Italia, en 1998. Esta actuaci\u00f3n fue parte del evento ben\u00e9fico \u00abPavarotti &amp; Friends for the Children of Liberia\u00bb. Es una adaptaci\u00f3n de la canci\u00f3n italiana \u00abGrande Grande Grande\u00bb de Mina. La interpretaci\u00f3n en vivo fue [&hellip;]<\/p>\n","protected":false},"author":1,"featured_media":7982,"comment_status":"open","ping_status":"closed","sticky":false,"template":"","format":"standard","meta":{"site-container-style":"default","site-container-layout":"default","site-sidebar-layout":"default","disable-article-header":"default","disable-site-header":"default","disable-site-footer":"default","disable-content-area-spacing":"default","_jetpack_newsletter_access":"","_jetpack_dont_email_post_to_subs":false,"_jetpack_newsletter_tier_id":0,"_jetpack_memberships_contains_paywalled_content":false,"_jetpack_feature_clip_id":0,"_jetpack_memberships_contains_paid_content":false,"footnotes":"","jetpack_publicize_message":"","jetpack_publicize_feature_enabled":true,"jetpack_social_post_already_shared":true,"jetpack_social_options":{"image_generator_settings":{"template":"highway","default_image_id":0,"font":"","enabled":false},"version":2},"jetpack_post_was_ever_published":false},"categories":[709],"tags":[4019,4021,736,3723,4018,4020],"class_list":["post-7972","post","type-post","status-publish","format-standard","has-post-thumbnail","hentry","category-musica","tag-i-hate-you-then-i-love-you","tag-actuacion-en-directo","tag-actuaciones-de-pavarotti","tag-concierto-en-directo","tag-luciano-pavarotti-y-celine-dion","tag-pavarotti-friends-for-the-children-of-liberia"],"yoast_head":"<!-- This site is optimized with the Yoast SEO plugin v28.4 - https:\/\/yoast.com\/product\/yoast-seo-wordpress\/ -->\n<title>&quot;I hate you then I love you&quot; Pavarotti y Celine Dion (Directo\/en vivo\/live). - Blog de Rafael Ram\u00edrez<\/title>\n<meta name=\"description\" content=\"Luciano Pavarotti y Celine Dion interpretaron la canci\u00f3n &quot;I Hate You Then I Love You&quot; en un concierto en M\u00f3dena, Italia, en 1998...\" \/>\n<meta name=\"robots\" content=\"index, follow, max-snippet:-1, max-image-preview:large, max-video-preview:-1\" \/>\n<link rel=\"canonical\" href=\"https:\/\/rafaramirez.org\/blog\/index.php\/2025\/02\/06\/i-hate-you-then-i-love-you-pavarotti-y-celine-dion\/\" \/>\n<meta property=\"og:locale\" content=\"es_ES\" \/>\n<meta property=\"og:type\" content=\"article\" \/>\n<meta property=\"og:title\" content=\"&quot;I hate you then I love you&quot; Pavarotti y Celine Dion (Directo\/en vivo\/live). - Blog de Rafael Ram\u00edrez\" \/>\n<meta property=\"og:description\" content=\"Luciano Pavarotti y Celine Dion interpretaron la canci\u00f3n &quot;I Hate You Then I Love You&quot; en un concierto en M\u00f3dena, Italia, en 1998...\" \/>\n<meta property=\"og:url\" content=\"https:\/\/rafaramirez.org\/blog\/index.php\/2025\/02\/06\/i-hate-you-then-i-love-you-pavarotti-y-celine-dion\/\" \/>\n<meta property=\"og:site_name\" content=\"Blog de Rafael Ram\u00edrez\" \/>\n<meta property=\"article:published_time\" content=\"2025-02-06T07:15:00+00:00\" \/>\n<meta property=\"og:image\" content=\"https:\/\/rafaramirez.org\/blog\/wp-content\/uploads\/2025\/02\/Pavarotti_CelineDion_I-hate-you-then-i-love-you_98_bannerblog.jpg\" \/>\n\t<meta property=\"og:image:width\" content=\"720\" \/>\n\t<meta property=\"og:image:height\" content=\"440\" \/>\n\t<meta property=\"og:image:type\" content=\"image\/jpeg\" \/>\n<meta name=\"author\" content=\"Rafael Ram\u00edrez\" \/>\n<meta name=\"twitter:card\" content=\"summary_large_image\" \/>\n<meta name=\"twitter:creator\" content=\"@rafaramirez_ok\" \/>\n<meta name=\"twitter:site\" content=\"@rafaramirez_ok\" \/>\n<meta name=\"twitter:label1\" content=\"Escrito por\" \/>\n\t<meta name=\"twitter:data1\" content=\"Rafael Ram\u00edrez\" \/>\n\t<meta name=\"twitter:label2\" content=\"Tiempo de lectura\" \/>\n\t<meta name=\"twitter:data2\" content=\"3 minutos\" \/>\n<script type=\"application\/ld+json\" class=\"yoast-schema-graph\">{\"@context\":\"https:\\\/\\\/schema.org\",\"@graph\":[{\"@type\":\"Article\",\"@id\":\"https:\\\/\\\/rafaramirez.org\\\/blog\\\/index.php\\\/2025\\\/02\\\/06\\\/i-hate-you-then-i-love-you-pavarotti-y-celine-dion\\\/#article\",\"isPartOf\":{\"@id\":\"https:\\\/\\\/rafaramirez.org\\\/blog\\\/index.php\\\/2025\\\/02\\\/06\\\/i-hate-you-then-i-love-you-pavarotti-y-celine-dion\\\/\"},\"author\":{\"name\":\"Rafael Ram\u00edrez\",\"@id\":\"https:\\\/\\\/rafaramirez.org\\\/blog\\\/#\\\/schema\\\/person\\\/50f43b6d60c578760d4c17bda54ab6a5\"},\"headline\":\"\u00abI hate you then I love you\u00bb Pavarotti y Celine Dion (Directo\\\/en vivo\\\/live).\",\"datePublished\":\"2025-02-06T07:15:00+00:00\",\"mainEntityOfPage\":{\"@id\":\"https:\\\/\\\/rafaramirez.org\\\/blog\\\/index.php\\\/2025\\\/02\\\/06\\\/i-hate-you-then-i-love-you-pavarotti-y-celine-dion\\\/\"},\"wordCount\":544,\"commentCount\":0,\"publisher\":{\"@id\":\"https:\\\/\\\/rafaramirez.org\\\/blog\\\/#\\\/schema\\\/person\\\/50f43b6d60c578760d4c17bda54ab6a5\"},\"image\":{\"@id\":\"https:\\\/\\\/rafaramirez.org\\\/blog\\\/index.php\\\/2025\\\/02\\\/06\\\/i-hate-you-then-i-love-you-pavarotti-y-celine-dion\\\/#primaryimage\"},\"thumbnailUrl\":\"https:\\\/\\\/rafaramirez.org\\\/blog\\\/wp-content\\\/uploads\\\/2025\\\/02\\\/Pavarotti_CelineDion_I-hate-you-then-i-love-you_98_bannerblog.jpg\",\"keywords\":[\"\\\"I Hate You Then I Love You\\\"\",\"actuaci\u00f3n en directo\",\"actuaciones de pavarotti\",\"concierto en directo\",\"Luciano Pavarotti y Celine Dion\",\"Pavarotti &amp; Friends for the Children of Liberia\"],\"articleSection\":[\"M\u00fasica\"],\"inLanguage\":\"es\",\"potentialAction\":[{\"@type\":\"CommentAction\",\"name\":\"Comment\",\"target\":[\"https:\\\/\\\/rafaramirez.org\\\/blog\\\/index.php\\\/2025\\\/02\\\/06\\\/i-hate-you-then-i-love-you-pavarotti-y-celine-dion\\\/#respond\"]}]},{\"@type\":\"WebPage\",\"@id\":\"https:\\\/\\\/rafaramirez.org\\\/blog\\\/index.php\\\/2025\\\/02\\\/06\\\/i-hate-you-then-i-love-you-pavarotti-y-celine-dion\\\/\",\"url\":\"https:\\\/\\\/rafaramirez.org\\\/blog\\\/index.php\\\/2025\\\/02\\\/06\\\/i-hate-you-then-i-love-you-pavarotti-y-celine-dion\\\/\",\"name\":\"\\\"I hate you then I love you\\\" Pavarotti y Celine Dion (Directo\\\/en vivo\\\/live). - Blog de Rafael Ram\u00edrez\",\"isPartOf\":{\"@id\":\"https:\\\/\\\/rafaramirez.org\\\/blog\\\/#website\"},\"primaryImageOfPage\":{\"@id\":\"https:\\\/\\\/rafaramirez.org\\\/blog\\\/index.php\\\/2025\\\/02\\\/06\\\/i-hate-you-then-i-love-you-pavarotti-y-celine-dion\\\/#primaryimage\"},\"image\":{\"@id\":\"https:\\\/\\\/rafaramirez.org\\\/blog\\\/index.php\\\/2025\\\/02\\\/06\\\/i-hate-you-then-i-love-you-pavarotti-y-celine-dion\\\/#primaryimage\"},\"thumbnailUrl\":\"https:\\\/\\\/rafaramirez.org\\\/blog\\\/wp-content\\\/uploads\\\/2025\\\/02\\\/Pavarotti_CelineDion_I-hate-you-then-i-love-you_98_bannerblog.jpg\",\"datePublished\":\"2025-02-06T07:15:00+00:00\",\"description\":\"Luciano Pavarotti y Celine Dion interpretaron la canci\u00f3n \\\"I Hate You Then I Love You\\\" en un concierto en M\u00f3dena, Italia, en 1998...\",\"breadcrumb\":{\"@id\":\"https:\\\/\\\/rafaramirez.org\\\/blog\\\/index.php\\\/2025\\\/02\\\/06\\\/i-hate-you-then-i-love-you-pavarotti-y-celine-dion\\\/#breadcrumb\"},\"inLanguage\":\"es\",\"potentialAction\":[{\"@type\":\"ReadAction\",\"target\":[\"https:\\\/\\\/rafaramirez.org\\\/blog\\\/index.php\\\/2025\\\/02\\\/06\\\/i-hate-you-then-i-love-you-pavarotti-y-celine-dion\\\/\"]}]},{\"@type\":\"ImageObject\",\"inLanguage\":\"es\",\"@id\":\"https:\\\/\\\/rafaramirez.org\\\/blog\\\/index.php\\\/2025\\\/02\\\/06\\\/i-hate-you-then-i-love-you-pavarotti-y-celine-dion\\\/#primaryimage\",\"url\":\"https:\\\/\\\/rafaramirez.org\\\/blog\\\/wp-content\\\/uploads\\\/2025\\\/02\\\/Pavarotti_CelineDion_I-hate-you-then-i-love-you_98_bannerblog.jpg\",\"contentUrl\":\"https:\\\/\\\/rafaramirez.org\\\/blog\\\/wp-content\\\/uploads\\\/2025\\\/02\\\/Pavarotti_CelineDion_I-hate-you-then-i-love-you_98_bannerblog.jpg\",\"width\":720,\"height\":440,\"caption\":\"\\\"I Hate You Then I Love You\\\". Pavarotti & Celine Dion (live). Blog de Rafael Ram\u00edrez.\"},{\"@type\":\"BreadcrumbList\",\"@id\":\"https:\\\/\\\/rafaramirez.org\\\/blog\\\/index.php\\\/2025\\\/02\\\/06\\\/i-hate-you-then-i-love-you-pavarotti-y-celine-dion\\\/#breadcrumb\",\"itemListElement\":[{\"@type\":\"ListItem\",\"position\":1,\"name\":\"Portada\",\"item\":\"https:\\\/\\\/rafaramirez.org\\\/blog\\\/\"},{\"@type\":\"ListItem\",\"position\":2,\"name\":\"\u00abI hate you then I love you\u00bb Pavarotti y Celine Dion (Directo\\\/en vivo\\\/live).\"}]},{\"@type\":\"WebSite\",\"@id\":\"https:\\\/\\\/rafaramirez.org\\\/blog\\\/#website\",\"url\":\"https:\\\/\\\/rafaramirez.org\\\/blog\\\/\",\"name\":\"Blog de Rafael Ram\u00edrez\",\"description\":\"Un sitio social, de arte y cultura\",\"publisher\":{\"@id\":\"https:\\\/\\\/rafaramirez.org\\\/blog\\\/#\\\/schema\\\/person\\\/50f43b6d60c578760d4c17bda54ab6a5\"},\"potentialAction\":[{\"@type\":\"SearchAction\",\"target\":{\"@type\":\"EntryPoint\",\"urlTemplate\":\"https:\\\/\\\/rafaramirez.org\\\/blog\\\/?s={search_term_string}\"},\"query-input\":{\"@type\":\"PropertyValueSpecification\",\"valueRequired\":true,\"valueName\":\"search_term_string\"}}],\"inLanguage\":\"es\"},{\"@type\":[\"Person\",\"Organization\"],\"@id\":\"https:\\\/\\\/rafaramirez.org\\\/blog\\\/#\\\/schema\\\/person\\\/50f43b6d60c578760d4c17bda54ab6a5\",\"name\":\"Rafael Ram\u00edrez\",\"image\":{\"@type\":\"ImageObject\",\"inLanguage\":\"es\",\"@id\":\"https:\\\/\\\/rafaramirez.org\\\/blog\\\/wp-content\\\/uploads\\\/2024\\\/09\\\/RR_socialnetwork.jpg\",\"url\":\"https:\\\/\\\/rafaramirez.org\\\/blog\\\/wp-content\\\/uploads\\\/2024\\\/09\\\/RR_socialnetwork.jpg\",\"contentUrl\":\"https:\\\/\\\/rafaramirez.org\\\/blog\\\/wp-content\\\/uploads\\\/2024\\\/09\\\/RR_socialnetwork.jpg\",\"width\":600,\"height\":606,\"caption\":\"Rafael Ram\u00edrez\"},\"logo\":{\"@id\":\"https:\\\/\\\/rafaramirez.org\\\/blog\\\/wp-content\\\/uploads\\\/2024\\\/09\\\/RR_socialnetwork.jpg\"},\"sameAs\":[\"https:\\\/\\\/www.rafaramirez.org\\\/blog\",\"https:\\\/\\\/www.instagram.com\\\/rafaramirez_ok\\\/\",\"https:\\\/\\\/es.pinterest.com\\\/Ramirez_Rafa\\\/\",\"https:\\\/\\\/x.com\\\/rafaramirez_ok\"],\"url\":\"https:\\\/\\\/rafaramirez.org\\\/blog\\\/index.php\\\/author\\\/rafaell_qm6j97da\\\/\"}]}<\/script>\n<!-- \/ Yoast SEO plugin. -->","yoast_head_json":{"title":"\"I hate you then I love you\" Pavarotti y Celine Dion (Directo\/en vivo\/live). - Blog de Rafael Ram\u00edrez","description":"Luciano Pavarotti y Celine Dion interpretaron la canci\u00f3n \"I Hate You Then I Love You\" en un concierto en M\u00f3dena, Italia, en 1998...","robots":{"index":"index","follow":"follow","max-snippet":"max-snippet:-1","max-image-preview":"max-image-preview:large","max-video-preview":"max-video-preview:-1"},"canonical":"https:\/\/rafaramirez.org\/blog\/index.php\/2025\/02\/06\/i-hate-you-then-i-love-you-pavarotti-y-celine-dion\/","og_locale":"es_ES","og_type":"article","og_title":"\"I hate you then I love you\" Pavarotti y Celine Dion (Directo\/en vivo\/live). - Blog de Rafael Ram\u00edrez","og_description":"Luciano Pavarotti y Celine Dion interpretaron la canci\u00f3n \"I Hate You Then I Love You\" en un concierto en M\u00f3dena, Italia, en 1998...","og_url":"https:\/\/rafaramirez.org\/blog\/index.php\/2025\/02\/06\/i-hate-you-then-i-love-you-pavarotti-y-celine-dion\/","og_site_name":"Blog de Rafael Ram\u00edrez","article_published_time":"2025-02-06T07:15:00+00:00","og_image":[{"width":720,"height":440,"url":"https:\/\/rafaramirez.org\/blog\/wp-content\/uploads\/2025\/02\/Pavarotti_CelineDion_I-hate-you-then-i-love-you_98_bannerblog.jpg","type":"image\/jpeg"}],"author":"Rafael Ram\u00edrez","twitter_card":"summary_large_image","twitter_creator":"@rafaramirez_ok","twitter_site":"@rafaramirez_ok","twitter_misc":{"Escrito por":"Rafael Ram\u00edrez","Tiempo de lectura":"3 minutos"},"schema":{"@context":"https:\/\/schema.org","@graph":[{"@type":"Article","@id":"https:\/\/rafaramirez.org\/blog\/index.php\/2025\/02\/06\/i-hate-you-then-i-love-you-pavarotti-y-celine-dion\/#article","isPartOf":{"@id":"https:\/\/rafaramirez.org\/blog\/index.php\/2025\/02\/06\/i-hate-you-then-i-love-you-pavarotti-y-celine-dion\/"},"author":{"name":"Rafael Ram\u00edrez","@id":"https:\/\/rafaramirez.org\/blog\/#\/schema\/person\/50f43b6d60c578760d4c17bda54ab6a5"},"headline":"\u00abI hate you then I love you\u00bb Pavarotti y Celine Dion (Directo\/en vivo\/live).","datePublished":"2025-02-06T07:15:00+00:00","mainEntityOfPage":{"@id":"https:\/\/rafaramirez.org\/blog\/index.php\/2025\/02\/06\/i-hate-you-then-i-love-you-pavarotti-y-celine-dion\/"},"wordCount":544,"commentCount":0,"publisher":{"@id":"https:\/\/rafaramirez.org\/blog\/#\/schema\/person\/50f43b6d60c578760d4c17bda54ab6a5"},"image":{"@id":"https:\/\/rafaramirez.org\/blog\/index.php\/2025\/02\/06\/i-hate-you-then-i-love-you-pavarotti-y-celine-dion\/#primaryimage"},"thumbnailUrl":"https:\/\/rafaramirez.org\/blog\/wp-content\/uploads\/2025\/02\/Pavarotti_CelineDion_I-hate-you-then-i-love-you_98_bannerblog.jpg","keywords":["\"I Hate You Then I Love You\"","actuaci\u00f3n en directo","actuaciones de pavarotti","concierto en directo","Luciano Pavarotti y Celine Dion","Pavarotti &amp; Friends for the Children of Liberia"],"articleSection":["M\u00fasica"],"inLanguage":"es","potentialAction":[{"@type":"CommentAction","name":"Comment","target":["https:\/\/rafaramirez.org\/blog\/index.php\/2025\/02\/06\/i-hate-you-then-i-love-you-pavarotti-y-celine-dion\/#respond"]}]},{"@type":"WebPage","@id":"https:\/\/rafaramirez.org\/blog\/index.php\/2025\/02\/06\/i-hate-you-then-i-love-you-pavarotti-y-celine-dion\/","url":"https:\/\/rafaramirez.org\/blog\/index.php\/2025\/02\/06\/i-hate-you-then-i-love-you-pavarotti-y-celine-dion\/","name":"\"I hate you then I love you\" Pavarotti y Celine Dion (Directo\/en vivo\/live). - Blog de Rafael Ram\u00edrez","isPartOf":{"@id":"https:\/\/rafaramirez.org\/blog\/#website"},"primaryImageOfPage":{"@id":"https:\/\/rafaramirez.org\/blog\/index.php\/2025\/02\/06\/i-hate-you-then-i-love-you-pavarotti-y-celine-dion\/#primaryimage"},"image":{"@id":"https:\/\/rafaramirez.org\/blog\/index.php\/2025\/02\/06\/i-hate-you-then-i-love-you-pavarotti-y-celine-dion\/#primaryimage"},"thumbnailUrl":"https:\/\/rafaramirez.org\/blog\/wp-content\/uploads\/2025\/02\/Pavarotti_CelineDion_I-hate-you-then-i-love-you_98_bannerblog.jpg","datePublished":"2025-02-06T07:15:00+00:00","description":"Luciano Pavarotti y Celine Dion interpretaron la canci\u00f3n \"I Hate You Then I Love You\" en un concierto en M\u00f3dena, Italia, en 1998...","breadcrumb":{"@id":"https:\/\/rafaramirez.org\/blog\/index.php\/2025\/02\/06\/i-hate-you-then-i-love-you-pavarotti-y-celine-dion\/#breadcrumb"},"inLanguage":"es","potentialAction":[{"@type":"ReadAction","target":["https:\/\/rafaramirez.org\/blog\/index.php\/2025\/02\/06\/i-hate-you-then-i-love-you-pavarotti-y-celine-dion\/"]}]},{"@type":"ImageObject","inLanguage":"es","@id":"https:\/\/rafaramirez.org\/blog\/index.php\/2025\/02\/06\/i-hate-you-then-i-love-you-pavarotti-y-celine-dion\/#primaryimage","url":"https:\/\/rafaramirez.org\/blog\/wp-content\/uploads\/2025\/02\/Pavarotti_CelineDion_I-hate-you-then-i-love-you_98_bannerblog.jpg","contentUrl":"https:\/\/rafaramirez.org\/blog\/wp-content\/uploads\/2025\/02\/Pavarotti_CelineDion_I-hate-you-then-i-love-you_98_bannerblog.jpg","width":720,"height":440,"caption":"\"I Hate You Then I Love You\". Pavarotti & Celine Dion (live). Blog de Rafael Ram\u00edrez."},{"@type":"BreadcrumbList","@id":"https:\/\/rafaramirez.org\/blog\/index.php\/2025\/02\/06\/i-hate-you-then-i-love-you-pavarotti-y-celine-dion\/#breadcrumb","itemListElement":[{"@type":"ListItem","position":1,"name":"Portada","item":"https:\/\/rafaramirez.org\/blog\/"},{"@type":"ListItem","position":2,"name":"\u00abI hate you then I love you\u00bb Pavarotti y Celine Dion (Directo\/en vivo\/live)."}]},{"@type":"WebSite","@id":"https:\/\/rafaramirez.org\/blog\/#website","url":"https:\/\/rafaramirez.org\/blog\/","name":"Blog de Rafael Ram\u00edrez","description":"Un sitio social, de arte y cultura","publisher":{"@id":"https:\/\/rafaramirez.org\/blog\/#\/schema\/person\/50f43b6d60c578760d4c17bda54ab6a5"},"potentialAction":[{"@type":"SearchAction","target":{"@type":"EntryPoint","urlTemplate":"https:\/\/rafaramirez.org\/blog\/?s={search_term_string}"},"query-input":{"@type":"PropertyValueSpecification","valueRequired":true,"valueName":"search_term_string"}}],"inLanguage":"es"},{"@type":["Person","Organization"],"@id":"https:\/\/rafaramirez.org\/blog\/#\/schema\/person\/50f43b6d60c578760d4c17bda54ab6a5","name":"Rafael Ram\u00edrez","image":{"@type":"ImageObject","inLanguage":"es","@id":"https:\/\/rafaramirez.org\/blog\/wp-content\/uploads\/2024\/09\/RR_socialnetwork.jpg","url":"https:\/\/rafaramirez.org\/blog\/wp-content\/uploads\/2024\/09\/RR_socialnetwork.jpg","contentUrl":"https:\/\/rafaramirez.org\/blog\/wp-content\/uploads\/2024\/09\/RR_socialnetwork.jpg","width":600,"height":606,"caption":"Rafael Ram\u00edrez"},"logo":{"@id":"https:\/\/rafaramirez.org\/blog\/wp-content\/uploads\/2024\/09\/RR_socialnetwork.jpg"},"sameAs":["https:\/\/www.rafaramirez.org\/blog","https:\/\/www.instagram.com\/rafaramirez_ok\/","https:\/\/es.pinterest.com\/Ramirez_Rafa\/","https:\/\/x.com\/rafaramirez_ok"],"url":"https:\/\/rafaramirez.org\/blog\/index.php\/author\/rafaell_qm6j97da\/"}]}},"jetpack_publicize_connections":[],"jetpack_sharing_enabled":true,"jetpack_likes_enabled":true,"jetpack_featured_media_url":"https:\/\/rafaramirez.org\/blog\/wp-content\/uploads\/2025\/02\/Pavarotti_CelineDion_I-hate-you-then-i-love-you_98_bannerblog.jpg","_links":{"self":[{"href":"https:\/\/rafaramirez.org\/blog\/index.php\/wp-json\/wp\/v2\/posts\/7972","targetHints":{"allow":["GET"]}}],"collection":[{"href":"https:\/\/rafaramirez.org\/blog\/index.php\/wp-json\/wp\/v2\/posts"}],"about":[{"href":"https:\/\/rafaramirez.org\/blog\/index.php\/wp-json\/wp\/v2\/types\/post"}],"author":[{"embeddable":true,"href":"https:\/\/rafaramirez.org\/blog\/index.php\/wp-json\/wp\/v2\/users\/1"}],"replies":[{"embeddable":true,"href":"https:\/\/rafaramirez.org\/blog\/index.php\/wp-json\/wp\/v2\/comments?post=7972"}],"version-history":[{"count":7,"href":"https:\/\/rafaramirez.org\/blog\/index.php\/wp-json\/wp\/v2\/posts\/7972\/revisions"}],"predecessor-version":[{"id":7986,"href":"https:\/\/rafaramirez.org\/blog\/index.php\/wp-json\/wp\/v2\/posts\/7972\/revisions\/7986"}],"wp:featuredmedia":[{"embeddable":true,"href":"https:\/\/rafaramirez.org\/blog\/index.php\/wp-json\/wp\/v2\/media\/7982"}],"wp:attachment":[{"href":"https:\/\/rafaramirez.org\/blog\/index.php\/wp-json\/wp\/v2\/media?parent=7972"}],"wp:term":[{"taxonomy":"category","embeddable":true,"href":"https:\/\/rafaramirez.org\/blog\/index.php\/wp-json\/wp\/v2\/categories?post=7972"},{"taxonomy":"post_tag","embeddable":true,"href":"https:\/\/rafaramirez.org\/blog\/index.php\/wp-json\/wp\/v2\/tags?post=7972"}],"curies":[{"name":"wp","href":"https:\/\/api.w.org\/{rel}","templated":true}]}}