{"id":7937,"date":"2025-02-04T08:15:50","date_gmt":"2025-02-04T07:15:50","guid":{"rendered":"https:\/\/rafaramirez.org\/blog\/?p=7937"},"modified":"2025-01-30T19:41:07","modified_gmt":"2025-01-30T18:41:07","slug":"dia-internacional-de-la-fraternidad-humana","status":"publish","type":"post","link":"https:\/\/rafaramirez.org\/blog\/index.php\/2025\/02\/04\/dia-internacional-de-la-fraternidad-humana\/","title":{"rendered":"D\u00eda Internacional de la Fraternidad Humana: fomentando la paz, la tolerancia y la comprensi\u00f3n mutua."},"content":{"rendered":"<p>El <strong>D\u00eda Internacional de la Fraternidad Humana<\/strong> se celebra cada a\u00f1o el 4 de febrero. La <strong>Asamblea General de las Naciones Unidas<\/strong> la estableci\u00f3 en 2020 para <strong>promover la paz, la tolerancia, la inclusi\u00f3n, la comprensi\u00f3n y la solidaridad<\/strong> entre personas de diferentes culturas y religiones. La celebraci\u00f3n de este d\u00eda busca fomentar el di\u00e1logo y la cooperaci\u00f3n entre las comunidades para construir un mundo m\u00e1s justo y pac\u00edfico.<\/p>\n<p>La iniciativa surgi\u00f3 a partir del <strong>Documento sobre la Fraternidad Humana por la Paz Mundial y la Convivencia Com\u00fan<\/strong>, firmado en 2019 por el <strong>papa Francisco<\/strong> y el <strong>gran im\u00e1n de Al-Azhar, Ahmed el-Tayeb<\/strong>. En este documento se destaca la importancia de la fraternidad y la convivencia pac\u00edfica entre todas las personas, independientemente de sus creencias religiosas o culturales.<\/p>\n<figure id=\"attachment_7944\" aria-describedby=\"caption-attachment-7944\" style=\"width: 300px\" class=\"wp-caption aligncenter\"><a href=\"https:\/\/rafaramirez.org\/blog\/wp-content\/uploads\/2025\/02\/hands-1950985.jpg\" target=\"_blank\" rel=\"noopener\"><img loading=\"lazy\" decoding=\"async\" class=\"wp-image-7944 size-medium\" src=\"https:\/\/rafaramirez.org\/blog\/wp-content\/uploads\/2025\/02\/hands-1950985-300x200.jpg\" alt=\"D\u00eda Internacional de la Fraternidad Humana. Blog de Rafael Ram\u00edrez.\" width=\"300\" height=\"200\" srcset=\"https:\/\/rafaramirez.org\/blog\/wp-content\/uploads\/2025\/02\/hands-1950985-300x200.jpg 300w, https:\/\/rafaramirez.org\/blog\/wp-content\/uploads\/2025\/02\/hands-1950985-768x512.jpg 768w, https:\/\/rafaramirez.org\/blog\/wp-content\/uploads\/2025\/02\/hands-1950985.jpg 1000w\" sizes=\"auto, (max-width: 300px) 100vw, 300px\" \/><\/a><figcaption id=\"caption-attachment-7944\" class=\"wp-caption-text\">D\u00eda Internacional de la Fraternidad Humana. Blog de Rafael Ram\u00edrez.<\/figcaption><\/figure>\n<h3>Celebraci\u00f3n del D\u00eda Internacional de la Fraternidad Humana en todo el mundo.<\/h3>\n<p>Este d\u00eda se celebra de diversas maneras en todo el mundo, reflejando la <strong>diversidad cultural y religiosa de las comunidades<\/strong>. A continuaci\u00f3n se muestran algunos ejemplos de c\u00f3mo se celebra:<\/p>\n<ul>\n<li><strong>Eventos interreligiosos<\/strong>: se organizan encuentros y di\u00e1logos entre l\u00edderes y miembros de diferentes religiones para promover la comprensi\u00f3n y la cooperaci\u00f3n mutua.<\/li>\n<li><strong>Actividades educativas<\/strong>: escuelas y universidades organizan talleres, conferencias y otras actividades educativas para sensibilizar a los estudiantes sobre la importancia de la fraternidad y la convivencia pac\u00edfica.<\/li>\n<li><strong>Proyectos comunitarios<\/strong>: se llevan a cabo proyectos comunitarios que fomentan la solidaridad y el apoyo mutuo, como campa\u00f1as de recolecci\u00f3n de alimentos y ropa para las personas m\u00e1s necesitadas.<\/li>\n<li><strong>Celebraciones culturales<\/strong>: se organizan festivales y eventos que ponen de relieve la riqueza de las diferentes tradiciones y promueven el respeto y la apreciaci\u00f3n de la diversidad.<\/li>\n<li><strong>Medios de comunicaci\u00f3n<\/strong>: Estos difunden mensajes y programas especiales que resaltan la importancia de la fraternidad humana y comparten historias inspiradoras de cooperaci\u00f3n y solidaridad.<\/li>\n<\/ul>\n<p>Estas celebraciones buscan fortalecer los lazos entre las personas y construir un mundo m\u00e1s justo y pac\u00edfico.<\/p>\n<figure id=\"attachment_7945\" aria-describedby=\"caption-attachment-7945\" style=\"width: 300px\" class=\"wp-caption aligncenter\"><a href=\"https:\/\/rafaramirez.org\/blog\/wp-content\/uploads\/2025\/02\/youth-9312821_1920.jpg\" target=\"_blank\" rel=\"noopener\"><img loading=\"lazy\" decoding=\"async\" class=\"wp-image-7945 size-medium\" src=\"https:\/\/rafaramirez.org\/blog\/wp-content\/uploads\/2025\/02\/youth-9312821_1920-300x300.jpg\" alt=\"D\u00eda Internacional de la Fraternidad Humana. Blog de Rafael Ram\u00edrez.\" width=\"300\" height=\"300\" srcset=\"https:\/\/rafaramirez.org\/blog\/wp-content\/uploads\/2025\/02\/youth-9312821_1920-300x300.jpg 300w, https:\/\/rafaramirez.org\/blog\/wp-content\/uploads\/2025\/02\/youth-9312821_1920-150x150.jpg 150w, https:\/\/rafaramirez.org\/blog\/wp-content\/uploads\/2025\/02\/youth-9312821_1920-768x768.jpg 768w, https:\/\/rafaramirez.org\/blog\/wp-content\/uploads\/2025\/02\/youth-9312821_1920.jpg 800w\" sizes=\"auto, (max-width: 300px) 100vw, 300px\" \/><\/a><figcaption id=\"caption-attachment-7945\" class=\"wp-caption-text\">D\u00eda Internacional de la Fraternidad Humana. Blog de Rafael Ram\u00edrez.<\/figcaption><\/figure>\n<h3>El D\u00eda Internacional de la Fraternidad Humana se celebra en Espa\u00f1a.<\/h3>\n<p>Se organizan diversos <strong>eventos y actividades para promover la fraternidad y la convivencia pac\u00edfica<\/strong> entre las diferentes comunidades religiosas y culturales. Por ejemplo, en 2021, la <strong>Comisi\u00f3n Isl\u00e1mica de Espa\u00f1a<\/strong> y la <strong>Iglesia de M\u00e9rida-Badajoz<\/strong> celebraron conjuntamente este d\u00eda con la firma de un manifiesto en el que se destacaba la importancia del di\u00e1logo interreligioso y la unidad en tiempos de pandemia.<\/p>\n<p>Adem\u00e1s, en 2024, la <strong>Conferencia Espa\u00f1ola de Religiosos<\/strong> tambi\u00e9n ha participado en la celebraci\u00f3n de este d\u00eda, promoviendo los valores de la fraternidad humana y la solidaridad social.<\/p>\n<p>Otras organizaciones que tambi\u00e9n han participado en este d\u00eda son la asociaci\u00f3n <strong>Unidad y Fraternidad<\/strong>, que ha organizado concursos de dibujo y relatos en <strong>Caravaca de la Cruz (Murcia)<\/strong>, con la colaboraci\u00f3n de la <strong>Casa de la Cultura<\/strong> y la <strong>concejal\u00eda de Educaci\u00f3n<\/strong> de esta localidad, con el fin de promover los <strong>valores de la fraternidad entre los j\u00f3venes<\/strong>.<\/p>\n<p>Tambi\u00e9n participa en este d\u00eda la plataforma <strong>Enl\u00e1zate por la Justicia<\/strong>, que invita a realizar gestos y acciones que promuevan la fraternidad y la justicia social, y a compartir fotos y mensajes en redes sociales.<\/p>\n<p>Estas iniciativas reflejan el compromiso de diversas organizaciones y comunidades en <strong>Espa\u00f1a<\/strong> para fomentar la paz, la tolerancia y la comprensi\u00f3n mutua.<\/p>\n<p>M\u00e1s informaci\u00f3n:<\/p>\n<ul>\n<li><a href=\"https:\/\/es.wikipedia.org\/wiki\/D%C3%ADa_Internacional_de_la_Fraternidad_Humana\" target=\"_blank\" rel=\"noopener\">Wikipedia<\/a>.<\/li>\n<li><a href=\"https:\/\/www.un.org\/es\/observances\/human-fraternity\" target=\"_blank\" rel=\"noopener\">ONU<\/a>.<\/li>\n<li><a href=\"https:\/\/www.laopiniondemurcia.es\/municipios\/2025\/01\/30\/dibujos-relatos-expresan-fraternidad-caravaca-113851201.html\" target=\"_blank\" rel=\"noopener\">La Opini\u00f3n de Murcia<\/a>.<\/li>\n<li><a href=\"https:\/\/www.enlazateporlajusticia.org\/fraternidad22\/\" target=\"_blank\" rel=\"noopener\">Enl\u00e1zate por la Justicia<\/a>.<\/li>\n<li><a href=\"https:\/\/confer.es\/noticias\/dia-internacional-de-la-fraternidad-humana\/\" target=\"_blank\" rel=\"noopener\">Conferencia Espa\u00f1ola de Religiosos<\/a>.<\/li>\n<li><a href=\"https:\/\/comisionislamica.org\/2021\/02\/04\/el-dia-internacional-de-la-fraternidad-humana\/\" target=\"_blank\" rel=\"noopener\">Comisi\u00f3n Isl\u00e1mica de Espa\u00f1a<\/a>.<\/li>\n<li><a href=\"https:\/\/rafaramirez.org\/blog\/index.php\/category\/arte\/efemerides\/\" target=\"_blank\" rel=\"noopener\">Otras efem\u00e9rides<\/a>.<\/li>\n<\/ul>\n","protected":false},"excerpt":{"rendered":"<p>El D\u00eda Internacional de la Fraternidad Humana se celebra cada a\u00f1o el 4 de febrero. La Asamblea General de las Naciones Unidas la estableci\u00f3 en 2020 para promover la paz, la tolerancia, la inclusi\u00f3n, la comprensi\u00f3n y la solidaridad entre personas de diferentes culturas y religiones. La celebraci\u00f3n de este d\u00eda busca fomentar el di\u00e1logo [&hellip;]<\/p>\n","protected":false},"author":1,"featured_media":7943,"comment_status":"open","ping_status":"closed","sticky":false,"template":"","format":"standard","meta":{"site-container-style":"default","site-container-layout":"default","site-sidebar-layout":"default","disable-article-header":"default","disable-site-header":"default","disable-site-footer":"default","disable-content-area-spacing":"default","_jetpack_newsletter_access":"","_jetpack_dont_email_post_to_subs":false,"_jetpack_newsletter_tier_id":0,"_jetpack_memberships_contains_paywalled_content":false,"_jetpack_feature_clip_id":0,"_jetpack_memberships_contains_paid_content":false,"footnotes":"","jetpack_publicize_message":"","jetpack_publicize_feature_enabled":true,"jetpack_social_post_already_shared":true,"jetpack_social_options":{"image_generator_settings":{"template":"highway","default_image_id":0,"font":"","enabled":false},"version":2},"jetpack_post_was_ever_published":false},"categories":[1291],"tags":[1713,4016,4011,1323,4013,4012,4015,1702,1136,2780,4014,3000],"class_list":["post-7937","post","type-post","status-publish","format-standard","has-post-thumbnail","hentry","category-efemerides","tag-asamblea-general-de-las-naciones-unidas","tag-comprension","tag-dia-internacional-de-la-fraternidad-humana","tag-efemerides","tag-efemerides-4-de-febrero","tag-efemerides-en-febrero","tag-inclusion","tag-onu","tag-paz","tag-solidaridad","tag-tolerancia","tag-un"],"yoast_head":"<!-- This site is optimized with the Yoast SEO plugin v28.3 - https:\/\/yoast.com\/product\/yoast-seo-wordpress\/ -->\n<title>D\u00eda Internacional de la Fraternidad Humana: fomentando la paz, la tolerancia y la comprensi\u00f3n mutua. - Blog de Rafael Ram\u00edrez<\/title>\n<meta name=\"description\" content=\"El D\u00eda Internacional de la Fraternidad Humana se celebra cada a\u00f1o el 4 de febrero. La ONU la estableci\u00f3 para promover la paz, la tolerancia...\" \/>\n<meta name=\"robots\" content=\"index, follow, max-snippet:-1, max-image-preview:large, max-video-preview:-1\" \/>\n<link rel=\"canonical\" href=\"https:\/\/rafaramirez.org\/blog\/index.php\/2025\/02\/04\/dia-internacional-de-la-fraternidad-humana\/\" \/>\n<meta property=\"og:locale\" content=\"es_ES\" \/>\n<meta property=\"og:type\" content=\"article\" \/>\n<meta property=\"og:title\" content=\"D\u00eda Internacional de la Fraternidad Humana: fomentando la paz, la tolerancia y la comprensi\u00f3n mutua. - Blog de Rafael Ram\u00edrez\" \/>\n<meta property=\"og:description\" content=\"El D\u00eda Internacional de la Fraternidad Humana se celebra cada a\u00f1o el 4 de febrero. La ONU la estableci\u00f3 para promover la paz, la tolerancia...\" \/>\n<meta property=\"og:url\" content=\"https:\/\/rafaramirez.org\/blog\/index.php\/2025\/02\/04\/dia-internacional-de-la-fraternidad-humana\/\" \/>\n<meta property=\"og:site_name\" content=\"Blog de Rafael Ram\u00edrez\" \/>\n<meta property=\"article:published_time\" content=\"2025-02-04T07:15:50+00:00\" \/>\n<meta property=\"og:image\" content=\"https:\/\/rafaramirez.org\/blog\/wp-content\/uploads\/2025\/02\/Dia_Internacional_de_la-Fraternidad_Humana_bannerblog.jpg\" \/>\n\t<meta property=\"og:image:width\" content=\"720\" \/>\n\t<meta property=\"og:image:height\" content=\"440\" \/>\n\t<meta property=\"og:image:type\" content=\"image\/jpeg\" \/>\n<meta name=\"author\" content=\"Rafael Ram\u00edrez\" \/>\n<meta name=\"twitter:card\" content=\"summary_large_image\" \/>\n<meta name=\"twitter:creator\" content=\"@rafaramirez_ok\" \/>\n<meta name=\"twitter:site\" content=\"@rafaramirez_ok\" \/>\n<meta name=\"twitter:label1\" content=\"Escrito por\" \/>\n\t<meta name=\"twitter:data1\" content=\"Rafael Ram\u00edrez\" \/>\n\t<meta name=\"twitter:label2\" content=\"Tiempo de lectura\" \/>\n\t<meta name=\"twitter:data2\" content=\"4 minutos\" \/>\n<script type=\"application\/ld+json\" class=\"yoast-schema-graph\">{\"@context\":\"https:\\\/\\\/schema.org\",\"@graph\":[{\"@type\":\"Article\",\"@id\":\"https:\\\/\\\/rafaramirez.org\\\/blog\\\/index.php\\\/2025\\\/02\\\/04\\\/dia-internacional-de-la-fraternidad-humana\\\/#article\",\"isPartOf\":{\"@id\":\"https:\\\/\\\/rafaramirez.org\\\/blog\\\/index.php\\\/2025\\\/02\\\/04\\\/dia-internacional-de-la-fraternidad-humana\\\/\"},\"author\":{\"name\":\"Rafael Ram\u00edrez\",\"@id\":\"https:\\\/\\\/rafaramirez.org\\\/blog\\\/#\\\/schema\\\/person\\\/50f43b6d60c578760d4c17bda54ab6a5\"},\"headline\":\"D\u00eda Internacional de la Fraternidad Humana: fomentando la paz, la tolerancia y la comprensi\u00f3n mutua.\",\"datePublished\":\"2025-02-04T07:15:50+00:00\",\"mainEntityOfPage\":{\"@id\":\"https:\\\/\\\/rafaramirez.org\\\/blog\\\/index.php\\\/2025\\\/02\\\/04\\\/dia-internacional-de-la-fraternidad-humana\\\/\"},\"wordCount\":672,\"commentCount\":0,\"publisher\":{\"@id\":\"https:\\\/\\\/rafaramirez.org\\\/blog\\\/#\\\/schema\\\/person\\\/50f43b6d60c578760d4c17bda54ab6a5\"},\"image\":{\"@id\":\"https:\\\/\\\/rafaramirez.org\\\/blog\\\/index.php\\\/2025\\\/02\\\/04\\\/dia-internacional-de-la-fraternidad-humana\\\/#primaryimage\"},\"thumbnailUrl\":\"https:\\\/\\\/rafaramirez.org\\\/blog\\\/wp-content\\\/uploads\\\/2025\\\/02\\\/Dia_Internacional_de_la-Fraternidad_Humana_bannerblog.jpg\",\"keywords\":[\"Asamblea General de las Naciones Unidas\",\"comprensi\u00f3n\",\"D\u00eda Internacional de la Fraternidad Humana\",\"efem\u00e9rides\",\"efem\u00e9rides 4 de febrero\",\"efem\u00e9rides en febrero\",\"inclusi\u00f3n\",\"ONU\",\"paz\",\"solidaridad\",\"tolerancia\",\"UN\"],\"articleSection\":[\"Efem\u00e9rides\"],\"inLanguage\":\"es\",\"potentialAction\":[{\"@type\":\"CommentAction\",\"name\":\"Comment\",\"target\":[\"https:\\\/\\\/rafaramirez.org\\\/blog\\\/index.php\\\/2025\\\/02\\\/04\\\/dia-internacional-de-la-fraternidad-humana\\\/#respond\"]}]},{\"@type\":\"WebPage\",\"@id\":\"https:\\\/\\\/rafaramirez.org\\\/blog\\\/index.php\\\/2025\\\/02\\\/04\\\/dia-internacional-de-la-fraternidad-humana\\\/\",\"url\":\"https:\\\/\\\/rafaramirez.org\\\/blog\\\/index.php\\\/2025\\\/02\\\/04\\\/dia-internacional-de-la-fraternidad-humana\\\/\",\"name\":\"D\u00eda Internacional de la Fraternidad Humana: fomentando la paz, la tolerancia y la comprensi\u00f3n mutua. - Blog de Rafael Ram\u00edrez\",\"isPartOf\":{\"@id\":\"https:\\\/\\\/rafaramirez.org\\\/blog\\\/#website\"},\"primaryImageOfPage\":{\"@id\":\"https:\\\/\\\/rafaramirez.org\\\/blog\\\/index.php\\\/2025\\\/02\\\/04\\\/dia-internacional-de-la-fraternidad-humana\\\/#primaryimage\"},\"image\":{\"@id\":\"https:\\\/\\\/rafaramirez.org\\\/blog\\\/index.php\\\/2025\\\/02\\\/04\\\/dia-internacional-de-la-fraternidad-humana\\\/#primaryimage\"},\"thumbnailUrl\":\"https:\\\/\\\/rafaramirez.org\\\/blog\\\/wp-content\\\/uploads\\\/2025\\\/02\\\/Dia_Internacional_de_la-Fraternidad_Humana_bannerblog.jpg\",\"datePublished\":\"2025-02-04T07:15:50+00:00\",\"description\":\"El D\u00eda Internacional de la Fraternidad Humana se celebra cada a\u00f1o el 4 de febrero. La ONU la estableci\u00f3 para promover la paz, la tolerancia...\",\"breadcrumb\":{\"@id\":\"https:\\\/\\\/rafaramirez.org\\\/blog\\\/index.php\\\/2025\\\/02\\\/04\\\/dia-internacional-de-la-fraternidad-humana\\\/#breadcrumb\"},\"inLanguage\":\"es\",\"potentialAction\":[{\"@type\":\"ReadAction\",\"target\":[\"https:\\\/\\\/rafaramirez.org\\\/blog\\\/index.php\\\/2025\\\/02\\\/04\\\/dia-internacional-de-la-fraternidad-humana\\\/\"]}]},{\"@type\":\"ImageObject\",\"inLanguage\":\"es\",\"@id\":\"https:\\\/\\\/rafaramirez.org\\\/blog\\\/index.php\\\/2025\\\/02\\\/04\\\/dia-internacional-de-la-fraternidad-humana\\\/#primaryimage\",\"url\":\"https:\\\/\\\/rafaramirez.org\\\/blog\\\/wp-content\\\/uploads\\\/2025\\\/02\\\/Dia_Internacional_de_la-Fraternidad_Humana_bannerblog.jpg\",\"contentUrl\":\"https:\\\/\\\/rafaramirez.org\\\/blog\\\/wp-content\\\/uploads\\\/2025\\\/02\\\/Dia_Internacional_de_la-Fraternidad_Humana_bannerblog.jpg\",\"width\":720,\"height\":440,\"caption\":\"D\u00eda Internacional de la Fraternidad Humana. Efem\u00e9rides. Blog de Rafael Ram\u00edrez.\"},{\"@type\":\"BreadcrumbList\",\"@id\":\"https:\\\/\\\/rafaramirez.org\\\/blog\\\/index.php\\\/2025\\\/02\\\/04\\\/dia-internacional-de-la-fraternidad-humana\\\/#breadcrumb\",\"itemListElement\":[{\"@type\":\"ListItem\",\"position\":1,\"name\":\"Portada\",\"item\":\"https:\\\/\\\/rafaramirez.org\\\/blog\\\/\"},{\"@type\":\"ListItem\",\"position\":2,\"name\":\"D\u00eda Internacional de la Fraternidad Humana: fomentando la paz, la tolerancia y la comprensi\u00f3n mutua.\"}]},{\"@type\":\"WebSite\",\"@id\":\"https:\\\/\\\/rafaramirez.org\\\/blog\\\/#website\",\"url\":\"https:\\\/\\\/rafaramirez.org\\\/blog\\\/\",\"name\":\"Blog de Rafael Ram\u00edrez\",\"description\":\"Un sitio social, de arte y cultura\",\"publisher\":{\"@id\":\"https:\\\/\\\/rafaramirez.org\\\/blog\\\/#\\\/schema\\\/person\\\/50f43b6d60c578760d4c17bda54ab6a5\"},\"potentialAction\":[{\"@type\":\"SearchAction\",\"target\":{\"@type\":\"EntryPoint\",\"urlTemplate\":\"https:\\\/\\\/rafaramirez.org\\\/blog\\\/?s={search_term_string}\"},\"query-input\":{\"@type\":\"PropertyValueSpecification\",\"valueRequired\":true,\"valueName\":\"search_term_string\"}}],\"inLanguage\":\"es\"},{\"@type\":[\"Person\",\"Organization\"],\"@id\":\"https:\\\/\\\/rafaramirez.org\\\/blog\\\/#\\\/schema\\\/person\\\/50f43b6d60c578760d4c17bda54ab6a5\",\"name\":\"Rafael Ram\u00edrez\",\"image\":{\"@type\":\"ImageObject\",\"inLanguage\":\"es\",\"@id\":\"https:\\\/\\\/rafaramirez.org\\\/blog\\\/wp-content\\\/uploads\\\/2024\\\/09\\\/RR_socialnetwork.jpg\",\"url\":\"https:\\\/\\\/rafaramirez.org\\\/blog\\\/wp-content\\\/uploads\\\/2024\\\/09\\\/RR_socialnetwork.jpg\",\"contentUrl\":\"https:\\\/\\\/rafaramirez.org\\\/blog\\\/wp-content\\\/uploads\\\/2024\\\/09\\\/RR_socialnetwork.jpg\",\"width\":600,\"height\":606,\"caption\":\"Rafael Ram\u00edrez\"},\"logo\":{\"@id\":\"https:\\\/\\\/rafaramirez.org\\\/blog\\\/wp-content\\\/uploads\\\/2024\\\/09\\\/RR_socialnetwork.jpg\"},\"sameAs\":[\"https:\\\/\\\/www.rafaramirez.org\\\/blog\",\"https:\\\/\\\/www.instagram.com\\\/rafaramirez_ok\\\/\",\"https:\\\/\\\/es.pinterest.com\\\/Ramirez_Rafa\\\/\",\"https:\\\/\\\/x.com\\\/rafaramirez_ok\"],\"url\":\"https:\\\/\\\/rafaramirez.org\\\/blog\\\/index.php\\\/author\\\/rafaell_qm6j97da\\\/\"}]}<\/script>\n<!-- \/ Yoast SEO plugin. -->","yoast_head_json":{"title":"D\u00eda Internacional de la Fraternidad Humana: fomentando la paz, la tolerancia y la comprensi\u00f3n mutua. - Blog de Rafael Ram\u00edrez","description":"El D\u00eda Internacional de la Fraternidad Humana se celebra cada a\u00f1o el 4 de febrero. La ONU la estableci\u00f3 para promover la paz, la tolerancia...","robots":{"index":"index","follow":"follow","max-snippet":"max-snippet:-1","max-image-preview":"max-image-preview:large","max-video-preview":"max-video-preview:-1"},"canonical":"https:\/\/rafaramirez.org\/blog\/index.php\/2025\/02\/04\/dia-internacional-de-la-fraternidad-humana\/","og_locale":"es_ES","og_type":"article","og_title":"D\u00eda Internacional de la Fraternidad Humana: fomentando la paz, la tolerancia y la comprensi\u00f3n mutua. - Blog de Rafael Ram\u00edrez","og_description":"El D\u00eda Internacional de la Fraternidad Humana se celebra cada a\u00f1o el 4 de febrero. La ONU la estableci\u00f3 para promover la paz, la tolerancia...","og_url":"https:\/\/rafaramirez.org\/blog\/index.php\/2025\/02\/04\/dia-internacional-de-la-fraternidad-humana\/","og_site_name":"Blog de Rafael Ram\u00edrez","article_published_time":"2025-02-04T07:15:50+00:00","og_image":[{"width":720,"height":440,"url":"https:\/\/rafaramirez.org\/blog\/wp-content\/uploads\/2025\/02\/Dia_Internacional_de_la-Fraternidad_Humana_bannerblog.jpg","type":"image\/jpeg"}],"author":"Rafael Ram\u00edrez","twitter_card":"summary_large_image","twitter_creator":"@rafaramirez_ok","twitter_site":"@rafaramirez_ok","twitter_misc":{"Escrito por":"Rafael Ram\u00edrez","Tiempo de lectura":"4 minutos"},"schema":{"@context":"https:\/\/schema.org","@graph":[{"@type":"Article","@id":"https:\/\/rafaramirez.org\/blog\/index.php\/2025\/02\/04\/dia-internacional-de-la-fraternidad-humana\/#article","isPartOf":{"@id":"https:\/\/rafaramirez.org\/blog\/index.php\/2025\/02\/04\/dia-internacional-de-la-fraternidad-humana\/"},"author":{"name":"Rafael Ram\u00edrez","@id":"https:\/\/rafaramirez.org\/blog\/#\/schema\/person\/50f43b6d60c578760d4c17bda54ab6a5"},"headline":"D\u00eda Internacional de la Fraternidad Humana: fomentando la paz, la tolerancia y la comprensi\u00f3n mutua.","datePublished":"2025-02-04T07:15:50+00:00","mainEntityOfPage":{"@id":"https:\/\/rafaramirez.org\/blog\/index.php\/2025\/02\/04\/dia-internacional-de-la-fraternidad-humana\/"},"wordCount":672,"commentCount":0,"publisher":{"@id":"https:\/\/rafaramirez.org\/blog\/#\/schema\/person\/50f43b6d60c578760d4c17bda54ab6a5"},"image":{"@id":"https:\/\/rafaramirez.org\/blog\/index.php\/2025\/02\/04\/dia-internacional-de-la-fraternidad-humana\/#primaryimage"},"thumbnailUrl":"https:\/\/rafaramirez.org\/blog\/wp-content\/uploads\/2025\/02\/Dia_Internacional_de_la-Fraternidad_Humana_bannerblog.jpg","keywords":["Asamblea General de las Naciones Unidas","comprensi\u00f3n","D\u00eda Internacional de la Fraternidad Humana","efem\u00e9rides","efem\u00e9rides 4 de febrero","efem\u00e9rides en febrero","inclusi\u00f3n","ONU","paz","solidaridad","tolerancia","UN"],"articleSection":["Efem\u00e9rides"],"inLanguage":"es","potentialAction":[{"@type":"CommentAction","name":"Comment","target":["https:\/\/rafaramirez.org\/blog\/index.php\/2025\/02\/04\/dia-internacional-de-la-fraternidad-humana\/#respond"]}]},{"@type":"WebPage","@id":"https:\/\/rafaramirez.org\/blog\/index.php\/2025\/02\/04\/dia-internacional-de-la-fraternidad-humana\/","url":"https:\/\/rafaramirez.org\/blog\/index.php\/2025\/02\/04\/dia-internacional-de-la-fraternidad-humana\/","name":"D\u00eda Internacional de la Fraternidad Humana: fomentando la paz, la tolerancia y la comprensi\u00f3n mutua. - Blog de Rafael Ram\u00edrez","isPartOf":{"@id":"https:\/\/rafaramirez.org\/blog\/#website"},"primaryImageOfPage":{"@id":"https:\/\/rafaramirez.org\/blog\/index.php\/2025\/02\/04\/dia-internacional-de-la-fraternidad-humana\/#primaryimage"},"image":{"@id":"https:\/\/rafaramirez.org\/blog\/index.php\/2025\/02\/04\/dia-internacional-de-la-fraternidad-humana\/#primaryimage"},"thumbnailUrl":"https:\/\/rafaramirez.org\/blog\/wp-content\/uploads\/2025\/02\/Dia_Internacional_de_la-Fraternidad_Humana_bannerblog.jpg","datePublished":"2025-02-04T07:15:50+00:00","description":"El D\u00eda Internacional de la Fraternidad Humana se celebra cada a\u00f1o el 4 de febrero. La ONU la estableci\u00f3 para promover la paz, la tolerancia...","breadcrumb":{"@id":"https:\/\/rafaramirez.org\/blog\/index.php\/2025\/02\/04\/dia-internacional-de-la-fraternidad-humana\/#breadcrumb"},"inLanguage":"es","potentialAction":[{"@type":"ReadAction","target":["https:\/\/rafaramirez.org\/blog\/index.php\/2025\/02\/04\/dia-internacional-de-la-fraternidad-humana\/"]}]},{"@type":"ImageObject","inLanguage":"es","@id":"https:\/\/rafaramirez.org\/blog\/index.php\/2025\/02\/04\/dia-internacional-de-la-fraternidad-humana\/#primaryimage","url":"https:\/\/rafaramirez.org\/blog\/wp-content\/uploads\/2025\/02\/Dia_Internacional_de_la-Fraternidad_Humana_bannerblog.jpg","contentUrl":"https:\/\/rafaramirez.org\/blog\/wp-content\/uploads\/2025\/02\/Dia_Internacional_de_la-Fraternidad_Humana_bannerblog.jpg","width":720,"height":440,"caption":"D\u00eda Internacional de la Fraternidad Humana. Efem\u00e9rides. Blog de Rafael Ram\u00edrez."},{"@type":"BreadcrumbList","@id":"https:\/\/rafaramirez.org\/blog\/index.php\/2025\/02\/04\/dia-internacional-de-la-fraternidad-humana\/#breadcrumb","itemListElement":[{"@type":"ListItem","position":1,"name":"Portada","item":"https:\/\/rafaramirez.org\/blog\/"},{"@type":"ListItem","position":2,"name":"D\u00eda Internacional de la Fraternidad Humana: fomentando la paz, la tolerancia y la comprensi\u00f3n mutua."}]},{"@type":"WebSite","@id":"https:\/\/rafaramirez.org\/blog\/#website","url":"https:\/\/rafaramirez.org\/blog\/","name":"Blog de Rafael Ram\u00edrez","description":"Un sitio social, de arte y cultura","publisher":{"@id":"https:\/\/rafaramirez.org\/blog\/#\/schema\/person\/50f43b6d60c578760d4c17bda54ab6a5"},"potentialAction":[{"@type":"SearchAction","target":{"@type":"EntryPoint","urlTemplate":"https:\/\/rafaramirez.org\/blog\/?s={search_term_string}"},"query-input":{"@type":"PropertyValueSpecification","valueRequired":true,"valueName":"search_term_string"}}],"inLanguage":"es"},{"@type":["Person","Organization"],"@id":"https:\/\/rafaramirez.org\/blog\/#\/schema\/person\/50f43b6d60c578760d4c17bda54ab6a5","name":"Rafael Ram\u00edrez","image":{"@type":"ImageObject","inLanguage":"es","@id":"https:\/\/rafaramirez.org\/blog\/wp-content\/uploads\/2024\/09\/RR_socialnetwork.jpg","url":"https:\/\/rafaramirez.org\/blog\/wp-content\/uploads\/2024\/09\/RR_socialnetwork.jpg","contentUrl":"https:\/\/rafaramirez.org\/blog\/wp-content\/uploads\/2024\/09\/RR_socialnetwork.jpg","width":600,"height":606,"caption":"Rafael Ram\u00edrez"},"logo":{"@id":"https:\/\/rafaramirez.org\/blog\/wp-content\/uploads\/2024\/09\/RR_socialnetwork.jpg"},"sameAs":["https:\/\/www.rafaramirez.org\/blog","https:\/\/www.instagram.com\/rafaramirez_ok\/","https:\/\/es.pinterest.com\/Ramirez_Rafa\/","https:\/\/x.com\/rafaramirez_ok"],"url":"https:\/\/rafaramirez.org\/blog\/index.php\/author\/rafaell_qm6j97da\/"}]}},"jetpack_publicize_connections":[],"jetpack_sharing_enabled":true,"jetpack_likes_enabled":true,"jetpack_featured_media_url":"https:\/\/rafaramirez.org\/blog\/wp-content\/uploads\/2025\/02\/Dia_Internacional_de_la-Fraternidad_Humana_bannerblog.jpg","_links":{"self":[{"href":"https:\/\/rafaramirez.org\/blog\/index.php\/wp-json\/wp\/v2\/posts\/7937","targetHints":{"allow":["GET"]}}],"collection":[{"href":"https:\/\/rafaramirez.org\/blog\/index.php\/wp-json\/wp\/v2\/posts"}],"about":[{"href":"https:\/\/rafaramirez.org\/blog\/index.php\/wp-json\/wp\/v2\/types\/post"}],"author":[{"embeddable":true,"href":"https:\/\/rafaramirez.org\/blog\/index.php\/wp-json\/wp\/v2\/users\/1"}],"replies":[{"embeddable":true,"href":"https:\/\/rafaramirez.org\/blog\/index.php\/wp-json\/wp\/v2\/comments?post=7937"}],"version-history":[{"count":6,"href":"https:\/\/rafaramirez.org\/blog\/index.php\/wp-json\/wp\/v2\/posts\/7937\/revisions"}],"predecessor-version":[{"id":7946,"href":"https:\/\/rafaramirez.org\/blog\/index.php\/wp-json\/wp\/v2\/posts\/7937\/revisions\/7946"}],"wp:featuredmedia":[{"embeddable":true,"href":"https:\/\/rafaramirez.org\/blog\/index.php\/wp-json\/wp\/v2\/media\/7943"}],"wp:attachment":[{"href":"https:\/\/rafaramirez.org\/blog\/index.php\/wp-json\/wp\/v2\/media?parent=7937"}],"wp:term":[{"taxonomy":"category","embeddable":true,"href":"https:\/\/rafaramirez.org\/blog\/index.php\/wp-json\/wp\/v2\/categories?post=7937"},{"taxonomy":"post_tag","embeddable":true,"href":"https:\/\/rafaramirez.org\/blog\/index.php\/wp-json\/wp\/v2\/tags?post=7937"}],"curies":[{"name":"wp","href":"https:\/\/api.w.org\/{rel}","templated":true}]}}