{"id":7886,"date":"2025-01-30T08:15:32","date_gmt":"2025-01-30T07:15:32","guid":{"rendered":"https:\/\/rafaramirez.org\/blog\/?p=7886"},"modified":"2025-01-20T19:39:52","modified_gmt":"2025-01-20T18:39:52","slug":"popurri-canciones-de-baden-powell","status":"publish","type":"post","link":"https:\/\/rafaramirez.org\/blog\/index.php\/2025\/01\/30\/popurri-canciones-de-baden-powell\/","title":{"rendered":"Popurr\u00ed canciones de Baden Powell. Vinicius de Moraes, Toquinho, Miucha &#038; Tom Jobim (Directo\/En vivo\/Live)."},"content":{"rendered":"<p>La interpretaci\u00f3n del popurr\u00ed de canciones de <strong>Baden Powell<\/strong> a cargo de <strong>Vinicius de Moraes<\/strong>,<strong> Toquinho<\/strong>,<strong> Miucha<\/strong> y<strong> Tom Jobim<\/strong> durante el programa <strong>Musicalmente dallo studio<\/strong>, en <strong>Italia, en 1978<\/strong>, es una joya musical. Este popurr\u00ed incluye algunas de las composiciones m\u00e1s emblem\u00e1ticas de Baden Powell, un guitarrista y compositor brasile\u00f1o conocido por su habilidad para fusionar la m\u00fasica cl\u00e1sica con la samba y la bossa nova.<\/p>\n<figure id=\"attachment_7891\" aria-describedby=\"caption-attachment-7891\" style=\"width: 300px\" class=\"wp-caption aligncenter\"><a href=\"https:\/\/rafaramirez.org\/blog\/wp-content\/uploads\/2025\/01\/Popurri_canciones_de_Baden_Powell_4.jpg\" target=\"_blank\" rel=\"noopener\"><img loading=\"lazy\" decoding=\"async\" class=\"wp-image-7891 size-medium\" src=\"https:\/\/rafaramirez.org\/blog\/wp-content\/uploads\/2025\/01\/Popurri_canciones_de_Baden_Powell_4-300x200.jpg\" alt=\"Popurri canciones de Baden Powell (En directo\/Vivo\/Live). Blog de Rafael Ram\u00edrez.\" width=\"300\" height=\"200\" srcset=\"https:\/\/rafaramirez.org\/blog\/wp-content\/uploads\/2025\/01\/Popurri_canciones_de_Baden_Powell_4-300x200.jpg 300w, https:\/\/rafaramirez.org\/blog\/wp-content\/uploads\/2025\/01\/Popurri_canciones_de_Baden_Powell_4.jpg 720w\" sizes=\"auto, (max-width: 300px) 100vw, 300px\" \/><\/a><figcaption id=\"caption-attachment-7891\" class=\"wp-caption-text\">Popurri canciones de Baden Powell (En directo\/Vivo\/Live). Blog de Rafael Ram\u00edrez.<\/figcaption><\/figure>\n<p>En esta actuaci\u00f3n, los cuatro artistas lograron una sinergia \u00fanica, combinando sus talentos para rendir homenaje a Baden Powell. Vinicius de Moraes, con su poes\u00eda y su voz profunda; Toquinho, con su virtuosismo en la guitarra; Miucha, con su c\u00e1lida voz, y Tom Jobim, con su maestr\u00eda al piano, crearon una atm\u00f3sfera m\u00e1gica que captur\u00f3 la esencia de la m\u00fasica brasile\u00f1a.<\/p>\n<p>Te invito a disfrutar de esta interpretaci\u00f3n, donde se puede apreciar la calidad y el sentimiento que estos artistas pusieron en su actuaci\u00f3n. Sin duda, es un momento hist\u00f3rico que sigue siendo recordado y apreciado por los amantes de la m\u00fasica brasile\u00f1a.<\/p>\n<p><iframe loading=\"lazy\" title=\"YouTube video player\" src=\"https:\/\/www.youtube.com\/embed\/xlmqmYDXTKw?si=pzHUhAllVm5Fvqem\" width=\"560\" height=\"315\" frameborder=\"0\" allowfullscreen=\"allowfullscreen\"><\/iframe><\/p>\n<p>En resumen, no te la pierdas, porque es una combinaci\u00f3n \u00fanica de talentos legendarios de la m\u00fasica brasile\u00f1a. Vinicius de Moraes, Toquinho, Miucha y Tom Jobim se unieron para rendir homenaje a Baden Powell y crearon una atm\u00f3sfera m\u00e1gica y llena de emoci\u00f3n. La qu\u00edmica entre estos artistas es palpable y su interpretaci\u00f3n captura la esencia de la bossa nova y la samba de una manera \u00fanica. Adem\u00e1s, es un momento hist\u00f3rico que sigue siendo recordado y apreciado por los amantes de la m\u00fasica brasile\u00f1a, \u00a1es una verdadera joya musical!<\/p>\n<p>M\u00e1s informaci\u00f3n:<\/p>\n<ul>\n<li><a href=\"https:\/\/www.youtube.com\/@TheTelevideo\/videos\" target=\"_blank\" rel=\"noopener\">Videos musicales de Bossa Nova y otros g\u00e9neros en el canal TheTeleVideo<\/a>.<\/li>\n<li><a href=\"https:\/\/rafaramirez.org\/blog\/index.php\/2024\/11\/15\/garota-de-ipanema-vinicius-de-moraes-tom-jobim\/\" target=\"_blank\" rel=\"noopener\">\u00abGarota de Ipanema\u00bb por Vinicius de Moraes y Tom Jobim. \u00abChica de Ipanema\u00bb en directo\/vivo<\/a>.<\/li>\n<li><a href=\"https:\/\/rafaramirez.org\/blog\/index.php\/2024\/05\/28\/aguas-de-marzo-un-clasico-de-la-bossa-nova-para-disfrutar-con-tom-jobim-miucha-directo-live-en-vivo\/\" target=\"_blank\" rel=\"noopener\">\u00abAguas de Marzo\u00bb un cl\u00e1sico de la bossa nova para disfrutar con Tom Jobim &amp; Miucha en directo<\/a>.<\/li>\n<li><a href=\"https:\/\/rafaramirez.org\/blog\/index.php\/2024\/09\/17\/o-que-sera-oh-que-sera-miucha-toquinho\/\" target=\"_blank\" rel=\"noopener\">O que ser\u00e1 (Oh qu\u00e9 ser\u00e1) Miucha &amp; Toquinho (en directo\/vivo)<\/a>.<\/li>\n<li><a href=\"https:\/\/rafaramirez.org\/blog\/index.php\/category\/arte\/musica\/\" target=\"_blank\" rel=\"noopener\">M\u00e1s m\u00fasica en el blog<\/a>.<\/li>\n<\/ul>\n","protected":false},"excerpt":{"rendered":"<p>La interpretaci\u00f3n del popurr\u00ed de canciones de Baden Powell a cargo de Vinicius de Moraes, Toquinho, Miucha y Tom Jobim durante el programa Musicalmente dallo studio, en Italia, en 1978, es una joya musical. Este popurr\u00ed incluye algunas de las composiciones m\u00e1s emblem\u00e1ticas de Baden Powell, un guitarrista y compositor brasile\u00f1o conocido por su habilidad [&hellip;]<\/p>\n","protected":false},"author":1,"featured_media":7890,"comment_status":"open","ping_status":"closed","sticky":false,"template":"","format":"standard","meta":{"site-container-style":"default","site-container-layout":"default","site-sidebar-layout":"default","disable-article-header":"default","disable-site-header":"default","disable-site-footer":"default","disable-content-area-spacing":"default","_jetpack_newsletter_access":"","_jetpack_dont_email_post_to_subs":false,"_jetpack_newsletter_tier_id":0,"_jetpack_memberships_contains_paywalled_content":false,"_jetpack_feature_clip_id":0,"_jetpack_memberships_contains_paid_content":false,"footnotes":"","jetpack_publicize_message":"","jetpack_publicize_feature_enabled":true,"jetpack_social_post_already_shared":true,"jetpack_social_options":{"image_generator_settings":{"template":"highway","default_image_id":0,"font":"","enabled":false},"version":2},"jetpack_post_was_ever_published":false},"categories":[709],"tags":[3999,160,2068,2198,3997,2197,3998,2199],"class_list":["post-7886","post","type-post","status-publish","format-standard","has-post-thumbnail","hentry","category-musica","tag-directo","tag-en-vivo","tag-live","tag-miucha","tag-popurri-canciones-de-baden-powell","tag-tom-jobim","tag-toquinho","tag-vinicius-de-moraes"],"yoast_head":"<!-- This site is optimized with the Yoast SEO plugin v28.3 - https:\/\/yoast.com\/product\/yoast-seo-wordpress\/ -->\n<title>Popurr\u00ed canciones de Baden Powell. Vinicius de Moraes, Toquinho, Miucha &amp; Tom Jobim (Directo\/En vivo\/Live). - Blog de Rafael Ram\u00edrez<\/title>\n<meta name=\"description\" content=\"La interpretaci\u00f3n del Popurr\u00ed de canciones de Baden Powell por Vinicius de Moraes, Toquinho, Miucha y Tom Jobim en 1978, es una joya musical.\" \/>\n<meta name=\"robots\" content=\"index, follow, max-snippet:-1, max-image-preview:large, max-video-preview:-1\" \/>\n<link rel=\"canonical\" href=\"https:\/\/rafaramirez.org\/blog\/index.php\/2025\/01\/30\/popurri-canciones-de-baden-powell\/\" \/>\n<meta property=\"og:locale\" content=\"es_ES\" \/>\n<meta property=\"og:type\" content=\"article\" \/>\n<meta property=\"og:title\" content=\"Popurr\u00ed canciones de Baden Powell. Vinicius de Moraes, Toquinho, Miucha &amp; Tom Jobim (Directo\/En vivo\/Live). - Blog de Rafael Ram\u00edrez\" \/>\n<meta property=\"og:description\" content=\"La interpretaci\u00f3n del Popurr\u00ed de canciones de Baden Powell por Vinicius de Moraes, Toquinho, Miucha y Tom Jobim en 1978, es una joya musical.\" \/>\n<meta property=\"og:url\" content=\"https:\/\/rafaramirez.org\/blog\/index.php\/2025\/01\/30\/popurri-canciones-de-baden-powell\/\" \/>\n<meta property=\"og:site_name\" content=\"Blog de Rafael Ram\u00edrez\" \/>\n<meta property=\"article:published_time\" content=\"2025-01-30T07:15:32+00:00\" \/>\n<meta property=\"og:image\" content=\"https:\/\/rafaramirez.org\/blog\/wp-content\/uploads\/2025\/01\/Popurri_canciones_de_Baden_Powell_banner_blog.jpg\" \/>\n\t<meta property=\"og:image:width\" content=\"720\" \/>\n\t<meta property=\"og:image:height\" content=\"480\" \/>\n\t<meta property=\"og:image:type\" content=\"image\/jpeg\" \/>\n<meta name=\"author\" content=\"Rafael Ram\u00edrez\" \/>\n<meta name=\"twitter:card\" content=\"summary_large_image\" \/>\n<meta name=\"twitter:creator\" content=\"@rafaramirez_ok\" \/>\n<meta name=\"twitter:site\" content=\"@rafaramirez_ok\" \/>\n<meta name=\"twitter:label1\" content=\"Escrito por\" \/>\n\t<meta name=\"twitter:data1\" content=\"Rafael Ram\u00edrez\" \/>\n\t<meta name=\"twitter:label2\" content=\"Tiempo de lectura\" \/>\n\t<meta name=\"twitter:data2\" content=\"2 minutos\" \/>\n<script type=\"application\/ld+json\" class=\"yoast-schema-graph\">{\"@context\":\"https:\\\/\\\/schema.org\",\"@graph\":[{\"@type\":\"Article\",\"@id\":\"https:\\\/\\\/rafaramirez.org\\\/blog\\\/index.php\\\/2025\\\/01\\\/30\\\/popurri-canciones-de-baden-powell\\\/#article\",\"isPartOf\":{\"@id\":\"https:\\\/\\\/rafaramirez.org\\\/blog\\\/index.php\\\/2025\\\/01\\\/30\\\/popurri-canciones-de-baden-powell\\\/\"},\"author\":{\"name\":\"Rafael Ram\u00edrez\",\"@id\":\"https:\\\/\\\/rafaramirez.org\\\/blog\\\/#\\\/schema\\\/person\\\/50f43b6d60c578760d4c17bda54ab6a5\"},\"headline\":\"Popurr\u00ed canciones de Baden Powell. Vinicius de Moraes, Toquinho, Miucha &#038; Tom Jobim (Directo\\\/En vivo\\\/Live).\",\"datePublished\":\"2025-01-30T07:15:32+00:00\",\"mainEntityOfPage\":{\"@id\":\"https:\\\/\\\/rafaramirez.org\\\/blog\\\/index.php\\\/2025\\\/01\\\/30\\\/popurri-canciones-de-baden-powell\\\/\"},\"wordCount\":398,\"commentCount\":0,\"publisher\":{\"@id\":\"https:\\\/\\\/rafaramirez.org\\\/blog\\\/#\\\/schema\\\/person\\\/50f43b6d60c578760d4c17bda54ab6a5\"},\"image\":{\"@id\":\"https:\\\/\\\/rafaramirez.org\\\/blog\\\/index.php\\\/2025\\\/01\\\/30\\\/popurri-canciones-de-baden-powell\\\/#primaryimage\"},\"thumbnailUrl\":\"https:\\\/\\\/rafaramirez.org\\\/blog\\\/wp-content\\\/uploads\\\/2025\\\/01\\\/Popurri_canciones_de_Baden_Powell_banner_blog.jpg\",\"keywords\":[\"Directo\",\"en vivo\",\"live\",\"Miucha\",\"Popurri canciones de Baden Powell\",\"Tom Jobim\",\"Toquinho\",\"Vinicius de Moraes\"],\"articleSection\":[\"M\u00fasica\"],\"inLanguage\":\"es\",\"potentialAction\":[{\"@type\":\"CommentAction\",\"name\":\"Comment\",\"target\":[\"https:\\\/\\\/rafaramirez.org\\\/blog\\\/index.php\\\/2025\\\/01\\\/30\\\/popurri-canciones-de-baden-powell\\\/#respond\"]}]},{\"@type\":\"WebPage\",\"@id\":\"https:\\\/\\\/rafaramirez.org\\\/blog\\\/index.php\\\/2025\\\/01\\\/30\\\/popurri-canciones-de-baden-powell\\\/\",\"url\":\"https:\\\/\\\/rafaramirez.org\\\/blog\\\/index.php\\\/2025\\\/01\\\/30\\\/popurri-canciones-de-baden-powell\\\/\",\"name\":\"Popurr\u00ed canciones de Baden Powell. Vinicius de Moraes, Toquinho, Miucha & Tom Jobim (Directo\\\/En vivo\\\/Live). - Blog de Rafael Ram\u00edrez\",\"isPartOf\":{\"@id\":\"https:\\\/\\\/rafaramirez.org\\\/blog\\\/#website\"},\"primaryImageOfPage\":{\"@id\":\"https:\\\/\\\/rafaramirez.org\\\/blog\\\/index.php\\\/2025\\\/01\\\/30\\\/popurri-canciones-de-baden-powell\\\/#primaryimage\"},\"image\":{\"@id\":\"https:\\\/\\\/rafaramirez.org\\\/blog\\\/index.php\\\/2025\\\/01\\\/30\\\/popurri-canciones-de-baden-powell\\\/#primaryimage\"},\"thumbnailUrl\":\"https:\\\/\\\/rafaramirez.org\\\/blog\\\/wp-content\\\/uploads\\\/2025\\\/01\\\/Popurri_canciones_de_Baden_Powell_banner_blog.jpg\",\"datePublished\":\"2025-01-30T07:15:32+00:00\",\"description\":\"La interpretaci\u00f3n del Popurr\u00ed de canciones de Baden Powell por Vinicius de Moraes, Toquinho, Miucha y Tom Jobim en 1978, es una joya musical.\",\"breadcrumb\":{\"@id\":\"https:\\\/\\\/rafaramirez.org\\\/blog\\\/index.php\\\/2025\\\/01\\\/30\\\/popurri-canciones-de-baden-powell\\\/#breadcrumb\"},\"inLanguage\":\"es\",\"potentialAction\":[{\"@type\":\"ReadAction\",\"target\":[\"https:\\\/\\\/rafaramirez.org\\\/blog\\\/index.php\\\/2025\\\/01\\\/30\\\/popurri-canciones-de-baden-powell\\\/\"]}]},{\"@type\":\"ImageObject\",\"inLanguage\":\"es\",\"@id\":\"https:\\\/\\\/rafaramirez.org\\\/blog\\\/index.php\\\/2025\\\/01\\\/30\\\/popurri-canciones-de-baden-powell\\\/#primaryimage\",\"url\":\"https:\\\/\\\/rafaramirez.org\\\/blog\\\/wp-content\\\/uploads\\\/2025\\\/01\\\/Popurri_canciones_de_Baden_Powell_banner_blog.jpg\",\"contentUrl\":\"https:\\\/\\\/rafaramirez.org\\\/blog\\\/wp-content\\\/uploads\\\/2025\\\/01\\\/Popurri_canciones_de_Baden_Powell_banner_blog.jpg\",\"width\":720,\"height\":480,\"caption\":\"Popurri canciones de Baden Powell (En directo\\\/Vivo\\\/Live). Blog de Rafael Ram\u00edrez.\"},{\"@type\":\"BreadcrumbList\",\"@id\":\"https:\\\/\\\/rafaramirez.org\\\/blog\\\/index.php\\\/2025\\\/01\\\/30\\\/popurri-canciones-de-baden-powell\\\/#breadcrumb\",\"itemListElement\":[{\"@type\":\"ListItem\",\"position\":1,\"name\":\"Portada\",\"item\":\"https:\\\/\\\/rafaramirez.org\\\/blog\\\/\"},{\"@type\":\"ListItem\",\"position\":2,\"name\":\"Popurr\u00ed canciones de Baden Powell. Vinicius de Moraes, Toquinho, Miucha &#038; Tom Jobim (Directo\\\/En vivo\\\/Live).\"}]},{\"@type\":\"WebSite\",\"@id\":\"https:\\\/\\\/rafaramirez.org\\\/blog\\\/#website\",\"url\":\"https:\\\/\\\/rafaramirez.org\\\/blog\\\/\",\"name\":\"Blog de Rafael Ram\u00edrez\",\"description\":\"Un sitio social, de arte y cultura\",\"publisher\":{\"@id\":\"https:\\\/\\\/rafaramirez.org\\\/blog\\\/#\\\/schema\\\/person\\\/50f43b6d60c578760d4c17bda54ab6a5\"},\"potentialAction\":[{\"@type\":\"SearchAction\",\"target\":{\"@type\":\"EntryPoint\",\"urlTemplate\":\"https:\\\/\\\/rafaramirez.org\\\/blog\\\/?s={search_term_string}\"},\"query-input\":{\"@type\":\"PropertyValueSpecification\",\"valueRequired\":true,\"valueName\":\"search_term_string\"}}],\"inLanguage\":\"es\"},{\"@type\":[\"Person\",\"Organization\"],\"@id\":\"https:\\\/\\\/rafaramirez.org\\\/blog\\\/#\\\/schema\\\/person\\\/50f43b6d60c578760d4c17bda54ab6a5\",\"name\":\"Rafael Ram\u00edrez\",\"image\":{\"@type\":\"ImageObject\",\"inLanguage\":\"es\",\"@id\":\"https:\\\/\\\/rafaramirez.org\\\/blog\\\/wp-content\\\/uploads\\\/2024\\\/09\\\/RR_socialnetwork.jpg\",\"url\":\"https:\\\/\\\/rafaramirez.org\\\/blog\\\/wp-content\\\/uploads\\\/2024\\\/09\\\/RR_socialnetwork.jpg\",\"contentUrl\":\"https:\\\/\\\/rafaramirez.org\\\/blog\\\/wp-content\\\/uploads\\\/2024\\\/09\\\/RR_socialnetwork.jpg\",\"width\":600,\"height\":606,\"caption\":\"Rafael Ram\u00edrez\"},\"logo\":{\"@id\":\"https:\\\/\\\/rafaramirez.org\\\/blog\\\/wp-content\\\/uploads\\\/2024\\\/09\\\/RR_socialnetwork.jpg\"},\"sameAs\":[\"https:\\\/\\\/www.rafaramirez.org\\\/blog\",\"https:\\\/\\\/www.instagram.com\\\/rafaramirez_ok\\\/\",\"https:\\\/\\\/es.pinterest.com\\\/Ramirez_Rafa\\\/\",\"https:\\\/\\\/x.com\\\/rafaramirez_ok\"],\"url\":\"https:\\\/\\\/rafaramirez.org\\\/blog\\\/index.php\\\/author\\\/rafaell_qm6j97da\\\/\"}]}<\/script>\n<!-- \/ Yoast SEO plugin. -->","yoast_head_json":{"title":"Popurr\u00ed canciones de Baden Powell. Vinicius de Moraes, Toquinho, Miucha & Tom Jobim (Directo\/En vivo\/Live). - Blog de Rafael Ram\u00edrez","description":"La interpretaci\u00f3n del Popurr\u00ed de canciones de Baden Powell por Vinicius de Moraes, Toquinho, Miucha y Tom Jobim en 1978, es una joya musical.","robots":{"index":"index","follow":"follow","max-snippet":"max-snippet:-1","max-image-preview":"max-image-preview:large","max-video-preview":"max-video-preview:-1"},"canonical":"https:\/\/rafaramirez.org\/blog\/index.php\/2025\/01\/30\/popurri-canciones-de-baden-powell\/","og_locale":"es_ES","og_type":"article","og_title":"Popurr\u00ed canciones de Baden Powell. Vinicius de Moraes, Toquinho, Miucha & Tom Jobim (Directo\/En vivo\/Live). - Blog de Rafael Ram\u00edrez","og_description":"La interpretaci\u00f3n del Popurr\u00ed de canciones de Baden Powell por Vinicius de Moraes, Toquinho, Miucha y Tom Jobim en 1978, es una joya musical.","og_url":"https:\/\/rafaramirez.org\/blog\/index.php\/2025\/01\/30\/popurri-canciones-de-baden-powell\/","og_site_name":"Blog de Rafael Ram\u00edrez","article_published_time":"2025-01-30T07:15:32+00:00","og_image":[{"width":720,"height":480,"url":"https:\/\/rafaramirez.org\/blog\/wp-content\/uploads\/2025\/01\/Popurri_canciones_de_Baden_Powell_banner_blog.jpg","type":"image\/jpeg"}],"author":"Rafael Ram\u00edrez","twitter_card":"summary_large_image","twitter_creator":"@rafaramirez_ok","twitter_site":"@rafaramirez_ok","twitter_misc":{"Escrito por":"Rafael Ram\u00edrez","Tiempo de lectura":"2 minutos"},"schema":{"@context":"https:\/\/schema.org","@graph":[{"@type":"Article","@id":"https:\/\/rafaramirez.org\/blog\/index.php\/2025\/01\/30\/popurri-canciones-de-baden-powell\/#article","isPartOf":{"@id":"https:\/\/rafaramirez.org\/blog\/index.php\/2025\/01\/30\/popurri-canciones-de-baden-powell\/"},"author":{"name":"Rafael Ram\u00edrez","@id":"https:\/\/rafaramirez.org\/blog\/#\/schema\/person\/50f43b6d60c578760d4c17bda54ab6a5"},"headline":"Popurr\u00ed canciones de Baden Powell. Vinicius de Moraes, Toquinho, Miucha &#038; Tom Jobim (Directo\/En vivo\/Live).","datePublished":"2025-01-30T07:15:32+00:00","mainEntityOfPage":{"@id":"https:\/\/rafaramirez.org\/blog\/index.php\/2025\/01\/30\/popurri-canciones-de-baden-powell\/"},"wordCount":398,"commentCount":0,"publisher":{"@id":"https:\/\/rafaramirez.org\/blog\/#\/schema\/person\/50f43b6d60c578760d4c17bda54ab6a5"},"image":{"@id":"https:\/\/rafaramirez.org\/blog\/index.php\/2025\/01\/30\/popurri-canciones-de-baden-powell\/#primaryimage"},"thumbnailUrl":"https:\/\/rafaramirez.org\/blog\/wp-content\/uploads\/2025\/01\/Popurri_canciones_de_Baden_Powell_banner_blog.jpg","keywords":["Directo","en vivo","live","Miucha","Popurri canciones de Baden Powell","Tom Jobim","Toquinho","Vinicius de Moraes"],"articleSection":["M\u00fasica"],"inLanguage":"es","potentialAction":[{"@type":"CommentAction","name":"Comment","target":["https:\/\/rafaramirez.org\/blog\/index.php\/2025\/01\/30\/popurri-canciones-de-baden-powell\/#respond"]}]},{"@type":"WebPage","@id":"https:\/\/rafaramirez.org\/blog\/index.php\/2025\/01\/30\/popurri-canciones-de-baden-powell\/","url":"https:\/\/rafaramirez.org\/blog\/index.php\/2025\/01\/30\/popurri-canciones-de-baden-powell\/","name":"Popurr\u00ed canciones de Baden Powell. Vinicius de Moraes, Toquinho, Miucha & Tom Jobim (Directo\/En vivo\/Live). - Blog de Rafael Ram\u00edrez","isPartOf":{"@id":"https:\/\/rafaramirez.org\/blog\/#website"},"primaryImageOfPage":{"@id":"https:\/\/rafaramirez.org\/blog\/index.php\/2025\/01\/30\/popurri-canciones-de-baden-powell\/#primaryimage"},"image":{"@id":"https:\/\/rafaramirez.org\/blog\/index.php\/2025\/01\/30\/popurri-canciones-de-baden-powell\/#primaryimage"},"thumbnailUrl":"https:\/\/rafaramirez.org\/blog\/wp-content\/uploads\/2025\/01\/Popurri_canciones_de_Baden_Powell_banner_blog.jpg","datePublished":"2025-01-30T07:15:32+00:00","description":"La interpretaci\u00f3n del Popurr\u00ed de canciones de Baden Powell por Vinicius de Moraes, Toquinho, Miucha y Tom Jobim en 1978, es una joya musical.","breadcrumb":{"@id":"https:\/\/rafaramirez.org\/blog\/index.php\/2025\/01\/30\/popurri-canciones-de-baden-powell\/#breadcrumb"},"inLanguage":"es","potentialAction":[{"@type":"ReadAction","target":["https:\/\/rafaramirez.org\/blog\/index.php\/2025\/01\/30\/popurri-canciones-de-baden-powell\/"]}]},{"@type":"ImageObject","inLanguage":"es","@id":"https:\/\/rafaramirez.org\/blog\/index.php\/2025\/01\/30\/popurri-canciones-de-baden-powell\/#primaryimage","url":"https:\/\/rafaramirez.org\/blog\/wp-content\/uploads\/2025\/01\/Popurri_canciones_de_Baden_Powell_banner_blog.jpg","contentUrl":"https:\/\/rafaramirez.org\/blog\/wp-content\/uploads\/2025\/01\/Popurri_canciones_de_Baden_Powell_banner_blog.jpg","width":720,"height":480,"caption":"Popurri canciones de Baden Powell (En directo\/Vivo\/Live). Blog de Rafael Ram\u00edrez."},{"@type":"BreadcrumbList","@id":"https:\/\/rafaramirez.org\/blog\/index.php\/2025\/01\/30\/popurri-canciones-de-baden-powell\/#breadcrumb","itemListElement":[{"@type":"ListItem","position":1,"name":"Portada","item":"https:\/\/rafaramirez.org\/blog\/"},{"@type":"ListItem","position":2,"name":"Popurr\u00ed canciones de Baden Powell. Vinicius de Moraes, Toquinho, Miucha &#038; Tom Jobim (Directo\/En vivo\/Live)."}]},{"@type":"WebSite","@id":"https:\/\/rafaramirez.org\/blog\/#website","url":"https:\/\/rafaramirez.org\/blog\/","name":"Blog de Rafael Ram\u00edrez","description":"Un sitio social, de arte y cultura","publisher":{"@id":"https:\/\/rafaramirez.org\/blog\/#\/schema\/person\/50f43b6d60c578760d4c17bda54ab6a5"},"potentialAction":[{"@type":"SearchAction","target":{"@type":"EntryPoint","urlTemplate":"https:\/\/rafaramirez.org\/blog\/?s={search_term_string}"},"query-input":{"@type":"PropertyValueSpecification","valueRequired":true,"valueName":"search_term_string"}}],"inLanguage":"es"},{"@type":["Person","Organization"],"@id":"https:\/\/rafaramirez.org\/blog\/#\/schema\/person\/50f43b6d60c578760d4c17bda54ab6a5","name":"Rafael Ram\u00edrez","image":{"@type":"ImageObject","inLanguage":"es","@id":"https:\/\/rafaramirez.org\/blog\/wp-content\/uploads\/2024\/09\/RR_socialnetwork.jpg","url":"https:\/\/rafaramirez.org\/blog\/wp-content\/uploads\/2024\/09\/RR_socialnetwork.jpg","contentUrl":"https:\/\/rafaramirez.org\/blog\/wp-content\/uploads\/2024\/09\/RR_socialnetwork.jpg","width":600,"height":606,"caption":"Rafael Ram\u00edrez"},"logo":{"@id":"https:\/\/rafaramirez.org\/blog\/wp-content\/uploads\/2024\/09\/RR_socialnetwork.jpg"},"sameAs":["https:\/\/www.rafaramirez.org\/blog","https:\/\/www.instagram.com\/rafaramirez_ok\/","https:\/\/es.pinterest.com\/Ramirez_Rafa\/","https:\/\/x.com\/rafaramirez_ok"],"url":"https:\/\/rafaramirez.org\/blog\/index.php\/author\/rafaell_qm6j97da\/"}]}},"jetpack_publicize_connections":[],"jetpack_sharing_enabled":true,"jetpack_likes_enabled":true,"jetpack_featured_media_url":"https:\/\/rafaramirez.org\/blog\/wp-content\/uploads\/2025\/01\/Popurri_canciones_de_Baden_Powell_banner_blog.jpg","_links":{"self":[{"href":"https:\/\/rafaramirez.org\/blog\/index.php\/wp-json\/wp\/v2\/posts\/7886","targetHints":{"allow":["GET"]}}],"collection":[{"href":"https:\/\/rafaramirez.org\/blog\/index.php\/wp-json\/wp\/v2\/posts"}],"about":[{"href":"https:\/\/rafaramirez.org\/blog\/index.php\/wp-json\/wp\/v2\/types\/post"}],"author":[{"embeddable":true,"href":"https:\/\/rafaramirez.org\/blog\/index.php\/wp-json\/wp\/v2\/users\/1"}],"replies":[{"embeddable":true,"href":"https:\/\/rafaramirez.org\/blog\/index.php\/wp-json\/wp\/v2\/comments?post=7886"}],"version-history":[{"count":6,"href":"https:\/\/rafaramirez.org\/blog\/index.php\/wp-json\/wp\/v2\/posts\/7886\/revisions"}],"predecessor-version":[{"id":7894,"href":"https:\/\/rafaramirez.org\/blog\/index.php\/wp-json\/wp\/v2\/posts\/7886\/revisions\/7894"}],"wp:featuredmedia":[{"embeddable":true,"href":"https:\/\/rafaramirez.org\/blog\/index.php\/wp-json\/wp\/v2\/media\/7890"}],"wp:attachment":[{"href":"https:\/\/rafaramirez.org\/blog\/index.php\/wp-json\/wp\/v2\/media?parent=7886"}],"wp:term":[{"taxonomy":"category","embeddable":true,"href":"https:\/\/rafaramirez.org\/blog\/index.php\/wp-json\/wp\/v2\/categories?post=7886"},{"taxonomy":"post_tag","embeddable":true,"href":"https:\/\/rafaramirez.org\/blog\/index.php\/wp-json\/wp\/v2\/tags?post=7886"}],"curies":[{"name":"wp","href":"https:\/\/api.w.org\/{rel}","templated":true}]}}