{"id":7833,"date":"2025-01-27T08:15:41","date_gmt":"2025-01-27T07:15:41","guid":{"rendered":"https:\/\/rafaramirez.org\/blog\/?p=7833"},"modified":"2025-01-27T08:28:03","modified_gmt":"2025-01-27T07:28:03","slug":"dia-internacional-de-conmemoracion-de-las-victimas-del-holocausto","status":"publish","type":"post","link":"https:\/\/rafaramirez.org\/blog\/index.php\/2025\/01\/27\/dia-internacional-de-conmemoracion-de-las-victimas-del-holocausto\/","title":{"rendered":"D\u00eda Internacional de Conmemoraci\u00f3n de las V\u00edctimas del Holocausto."},"content":{"rendered":"<p>El <strong>D\u00eda Internacional de Conmemoraci\u00f3n en Memoria de las V\u00edctimas del Holocausto<\/strong> se celebra cada a\u00f1o el <strong>27 de enero<\/strong>. Esta fecha se eligi\u00f3 porque coincide con el d\u00eda en que las tropas sovi\u00e9ticas liberaron el campo de concentraci\u00f3n de <strong>Auschwitz-Birkenau<\/strong>.<\/p>\n<p>La <strong>Asamblea General de las Naciones Unidas<\/strong> proclam\u00f3 oficialmente esta fecha con el objetivo de honrar a las v\u00edctimas del Holocausto y promover la educaci\u00f3n como herramienta clave para prevenir futuros genocidios y combatir el antisemitismo y otras formas de intolerancia.<\/p>\n<h3>Historia detr\u00e1s de esta conmemoraci\u00f3n.<\/h3>\n<p>La liberaci\u00f3n del campo de concentraci\u00f3n de Auschwitz-Birkenau por las tropas sovi\u00e9ticas el 27 de enero de 1945 fue un hito crucial en la historia, ya que Auschwitz-Birkenau fue uno de los campos de exterminio m\u00e1s infames utilizados por los nazis durante la <strong>Segunda Guerra Mundial<\/strong>.<\/p>\n<p>La idea de conmemorar este d\u00eda surgi\u00f3 de la necesidad de honrar a las v\u00edctimas del Holocausto y educar a las generaciones futuras sobre los horrores del genocidio. En 2005, la <strong>ONU<\/strong> proclam\u00f3 oficialmente el 27 de enero como el D\u00eda Internacional de Conmemoraci\u00f3n en Memoria de las V\u00edctimas del Holocausto. La resoluci\u00f3n ten\u00eda como objetivo promover la educaci\u00f3n y la memoria para prevenir futuros genocidios y combatir el antisemitismo y otras formas de intolerancia.<\/p>\n<p>Desde entonces, cada a\u00f1o se celebran ceremonias y actividades en la sede de las Naciones Unidas en <strong>Nueva York<\/strong> y en todo el mundo para recordar a las v\u00edctimas y reafirmar el compromiso contra el antisemitismo, el racismo y otras formas de intolerancia.<\/p>\n<figure id=\"attachment_7840\" aria-describedby=\"caption-attachment-7840\" style=\"width: 300px\" class=\"wp-caption aligncenter\"><a href=\"https:\/\/rafaramirez.org\/blog\/wp-content\/uploads\/2025\/01\/auschwitz-4803494.jpg\" target=\"_blank\" rel=\"noopener\"><img loading=\"lazy\" decoding=\"async\" class=\"wp-image-7840 size-medium\" src=\"https:\/\/rafaramirez.org\/blog\/wp-content\/uploads\/2025\/01\/auschwitz-4803494-300x180.jpg\" alt=\"Auschwitz, campo de concentraci\u00f3n. Blog de Rafael Ram\u00edrez.\" width=\"300\" height=\"180\" srcset=\"https:\/\/rafaramirez.org\/blog\/wp-content\/uploads\/2025\/01\/auschwitz-4803494-300x180.jpg 300w, https:\/\/rafaramirez.org\/blog\/wp-content\/uploads\/2025\/01\/auschwitz-4803494-768x462.jpg 768w, https:\/\/rafaramirez.org\/blog\/wp-content\/uploads\/2025\/01\/auschwitz-4803494.jpg 1000w\" sizes=\"auto, (max-width: 300px) 100vw, 300px\" \/><\/a><figcaption id=\"caption-attachment-7840\" class=\"wp-caption-text\">Auschwitz, campo de concentraci\u00f3n. Blog de Rafael Ram\u00edrez.<\/figcaption><\/figure>\n<div id=\"uAuizPVUPt4rXsuwhHpos-user-message\" tabindex=\"0\" role=\"article\" data-tabster=\"{&quot;groupper&quot;:{&quot;tabbability&quot;:2},&quot;focusable&quot;:{}}\" aria-labelledby=\"uAuizPVUPt4rXsuwhHpos-user-message\">\n<div data-content=\"user-message\">\n<h3>Actividades o ceremonias que se realizan en este d\u00eda.<\/h3>\n<\/div>\n<\/div>\n<div tabindex=\"0\" role=\"article\" data-tabster=\"{&quot;groupper&quot;:{&quot;tabbability&quot;:2},&quot;focusable&quot;:{}}\" data-content=\"ai-message\" aria-labelledby=\"Y6YUSKxBSqVKSoN4BcJtT-author} Y6YUSKxBSqVKSoN4BcJtT-content-0\">\n<div id=\"Y6YUSKxBSqVKSoN4BcJtT-content-0\" class=\"space-y-3 break-words\">\n<p>El D\u00eda Internacional de Conmemoraci\u00f3n en Memoria de las V\u00edctimas del Holocausto se conmemora con una variedad de actividades y ceremonias en todo el mundo. Algunas de las m\u00e1s significativas son:<\/p>\n<ul>\n<li><strong>Ceremonias en el Monumento de Yad Vashem<\/strong>, en Israel: se llevan a cabo eventos conmemorativos que incluyen el encendido de velas, testimonios de supervivientes y actos de respeto por las v\u00edctimas.<\/li>\n<li><strong>Actos conmemorativos en la sede de las Naciones Unidas<\/strong> en Nueva York: se celebran ceremonias oficiales con la participaci\u00f3n de diplom\u00e1ticos, l\u00edderes religiosos y supervivientes del Holocausto. Estas ceremonias suelen incluir discursos, m\u00fasica y la lectura de los nombres de las v\u00edctimas.<\/li>\n<li><strong>Educaci\u00f3n y Programas Escolares<\/strong>: muchas escuelas dedican un d\u00eda a la ense\u00f1anza sobre el Holocausto, para lo que utilizan testimonios de supervivientes, documentales y visitas a museos o exposiciones.<\/li>\n<li><strong>Proyectos art\u00edsticos y culturales<\/strong>: se organizan exposiciones de arte, teatro y cine sobre el Holocausto. El objetivo de estos eventos es recordar a las v\u00edctimas y servir de inspiraci\u00f3n a las nuevas generaciones para luchar contra la intolerancia.<\/li>\n<li><strong>Marchas y vigilias<\/strong>: en varias ciudades se organizan marchas de la memoria y vigilias nocturnas en lugares simb\u00f3licos, como antiguos campos de concentraci\u00f3n o monumentos conmemorativos.<\/li>\n<\/ul>\n<p>Estas actividades no solo rinden homenaje a las v\u00edctimas, sino que tambi\u00e9n sirven para recordar la importancia de combatir el antisemitismo y todas las formas de odio.<\/p>\n<figure id=\"attachment_7841\" aria-describedby=\"caption-attachment-7841\" style=\"width: 300px\" class=\"wp-caption aligncenter\"><a href=\"https:\/\/rafaramirez.org\/blog\/wp-content\/uploads\/2025\/01\/poland-2423531.jpg\" target=\"_blank\" rel=\"noopener\"><img loading=\"lazy\" decoding=\"async\" class=\"wp-image-7841 size-medium\" src=\"https:\/\/rafaramirez.org\/blog\/wp-content\/uploads\/2025\/01\/poland-2423531-300x200.jpg\" alt=\"Campo de Auschwitz, Polonia. Blog de Rafael Ram\u00edrez.\" width=\"300\" height=\"200\" srcset=\"https:\/\/rafaramirez.org\/blog\/wp-content\/uploads\/2025\/01\/poland-2423531-300x200.jpg 300w, https:\/\/rafaramirez.org\/blog\/wp-content\/uploads\/2025\/01\/poland-2423531-768x512.jpg 768w, https:\/\/rafaramirez.org\/blog\/wp-content\/uploads\/2025\/01\/poland-2423531.jpg 1000w\" sizes=\"auto, (max-width: 300px) 100vw, 300px\" \/><\/a><figcaption id=\"caption-attachment-7841\" class=\"wp-caption-text\">Campo de Auschwitz, Polonia. Blog de Rafael Ram\u00edrez.<\/figcaption><\/figure>\n<h3>\u00bfC\u00f3mo se conmemora este d\u00eda en Espa\u00f1a?<\/h3>\n<p>En Espa\u00f1a, el D\u00eda Internacional de Conmemoraci\u00f3n en Memoria de las V\u00edctimas del Holocausto se celebra con diversas actividades y eventos que buscan recordar y honrar a las v\u00edctimas de este genocidio. Entre las actividades m\u00e1s destacadas se incluyen:<\/p>\n<ul>\n<li><strong>Ceremonias oficiales<\/strong>: se llevan a cabo ceremonias en lugares emblem\u00e1ticos como el Monumento del Holocausto de Madrid, donde se rinde homenaje a las v\u00edctimas con discursos, lectura de nombres y momentos de reflexi\u00f3n.<\/li>\n<li><strong>Exposiciones y conferencias<\/strong>: los museos y centros culturales organizan exposiciones sobre el Holocausto y conferencias impartidas por historiadores y expertos en la materia.<\/li>\n<li><strong>Actividades escolares<\/strong>: muchas escuelas y universidades dedican un d\u00eda a la educaci\u00f3n sobre el Holocausto, organizando talleres, proyecciones de documentales y visitas a museos.<\/li>\n<li><strong>Proyectos art\u00edsticos<\/strong>: se realizan obras de teatro, conciertos y proyecciones de pel\u00edculas relacionadas con el Holocausto, con el objetivo de mantener viva la memoria y promover el respeto y la tolerancia.<\/li>\n<\/ul>\n<figure id=\"attachment_7842\" aria-describedby=\"caption-attachment-7842\" style=\"width: 300px\" class=\"wp-caption aligncenter\"><a href=\"https:\/\/rafaramirez.org\/blog\/wp-content\/uploads\/2025\/01\/memorial-937396.jpg\" target=\"_blank\" rel=\"noopener\"><img loading=\"lazy\" decoding=\"async\" class=\"wp-image-7842 size-medium\" src=\"https:\/\/rafaramirez.org\/blog\/wp-content\/uploads\/2025\/01\/memorial-937396-300x200.jpg\" alt=\"Memorial a las victimas del Holocausto. Berl\u00edn (Alemania). Blog de Rafael Ram\u00edrez.\" width=\"300\" height=\"200\" srcset=\"https:\/\/rafaramirez.org\/blog\/wp-content\/uploads\/2025\/01\/memorial-937396-300x200.jpg 300w, https:\/\/rafaramirez.org\/blog\/wp-content\/uploads\/2025\/01\/memorial-937396-768x512.jpg 768w, https:\/\/rafaramirez.org\/blog\/wp-content\/uploads\/2025\/01\/memorial-937396.jpg 1000w\" sizes=\"auto, (max-width: 300px) 100vw, 300px\" \/><\/a><figcaption id=\"caption-attachment-7842\" class=\"wp-caption-text\">Memorial a las victimas del Holocausto. Berl\u00edn (Alemania). Blog de Rafael Ram\u00edrez.<\/figcaption><\/figure>\n<h4>Actividades previstas para este a\u00f1o 2025<\/h4>\n<p>En 2025, Espa\u00f1a conmemorar\u00e1 el D\u00eda Internacional de Conmemoraci\u00f3n en Memoria de las V\u00edctimas del Holocausto con una serie de actividades significativas. Entre ellas, destacan:<\/p>\n<ul>\n<li><strong>Proyecci\u00f3n del documental \u00abLa Strada di Levi\u00bb<\/strong>: el Istituto Italiano di Cultura di Madrid lo proyectar\u00e1 el 27 de enero a las 19:30 horas. La pel\u00edcula narra el viaje de Primo Levi desde Auschwitz hasta su hogar en Italia y compara la Europa de entonces con la actual.<\/li>\n<li><strong>Acto conmemorativo en el Senado<\/strong>: todos los a\u00f1os se celebra un acto en el Senado para recordar a las v\u00edctimas del Holocausto.<\/li>\n<li><strong>Taller sobre el papel del c\u00f3mic en la memoria del Holocausto<\/strong>: La Fundaci\u00f3n Solidaritat organizar\u00e1 un acto en la Universidad de Barcelona, que incluir\u00e1 una mesa redonda con autores de c\u00f3mics y una actuaci\u00f3n de piano.<\/li>\n<\/ul>\n<p>El objetivo de estas actividades no es solo honrar la memoria de las v\u00edctimas, sino tambi\u00e9n educar a las nuevas generaciones sobre la importancia de combatir la intolerancia y el odio.<\/p>\n<p>M\u00e1s informaci\u00f3n:<\/p>\n<ul>\n<li><a href=\"https:\/\/es.wikipedia.org\/wiki\/D%C3%ADa_Internacional_en_Memoria_de_las_V%C3%ADctimas_del_Holocausto\" target=\"_blank\" rel=\"noopener\">Wikipedia<\/a>.<\/li>\n<li><a href=\"https:\/\/www.un.org\/es\/holocaustremembrance\/observance\" target=\"_blank\" rel=\"noopener\">ONU<\/a>.<\/li>\n<li><a href=\"https:\/\/iicmadrid.esteri.it\/es\/gli_eventi\/calendario\/dia-de-la-memoria-del-holocausto-27-de-enero-de-2025-la-strada-di-levi\/\" target=\"_blank\" rel=\"noopener\">Istituto Italiano di Cultura di Madrid<\/a>.<\/li>\n<li><a href=\"https:\/\/web.ub.edu\/es\/web\/actualitat\/w\/acte-memoria-victimes-holocaust-2025\" target=\"_blank\" rel=\"noopener\">Universidad de Barcelona<\/a>.<\/li>\n<li><a href=\"https:\/\/rafaramirez.org\/blog\/index.php\/category\/arte\/efemerides\/\" target=\"_blank\" rel=\"noopener\">Otras efem\u00e9rides<\/a>.<\/li>\n<li><a href=\"https:\/\/rafaramirez.org\/blog\/index.php\/category\/noticias-sociales\/\" target=\"_blank\" rel=\"noopener\">Informe social<\/a>.<\/li>\n<\/ul>\n<\/div>\n<\/div>\n","protected":false},"excerpt":{"rendered":"<p>El D\u00eda Internacional de Conmemoraci\u00f3n en Memoria de las V\u00edctimas del Holocausto se celebra cada a\u00f1o el 27 de enero. Esta fecha se eligi\u00f3 porque coincide con el d\u00eda en que las tropas sovi\u00e9ticas liberaron el campo de concentraci\u00f3n de Auschwitz-Birkenau. La Asamblea General de las Naciones Unidas proclam\u00f3 oficialmente esta fecha con el objetivo [&hellip;]<\/p>\n","protected":false},"author":1,"featured_media":7839,"comment_status":"open","ping_status":"closed","sticky":false,"template":"","format":"standard","meta":{"site-container-style":"default","site-container-layout":"default","site-sidebar-layout":"default","disable-article-header":"default","disable-site-header":"default","disable-site-footer":"default","disable-content-area-spacing":"default","_jetpack_newsletter_access":"","_jetpack_dont_email_post_to_subs":false,"_jetpack_newsletter_tier_id":0,"_jetpack_memberships_contains_paywalled_content":false,"_jetpack_feature_clip_id":0,"_jetpack_memberships_contains_paid_content":false,"footnotes":"","jetpack_publicize_message":"","jetpack_publicize_feature_enabled":true,"jetpack_social_post_already_shared":true,"jetpack_social_options":{"image_generator_settings":{"template":"highway","default_image_id":0,"font":"","enabled":false},"version":2},"jetpack_post_was_ever_published":false},"categories":[1291,15],"tags":[1713,68,3987,1323,3988,3517,330,1702],"class_list":["post-7833","post","type-post","status-publish","format-standard","has-post-thumbnail","hentry","category-efemerides","category-noticias-sociales","tag-asamblea-general-de-las-naciones-unidas","tag-blog-de-rafael-ramirez","tag-dia-internacional-de-conmemoracion-de-las-victimas-del-holocausto","tag-efemerides","tag-efemerides-en-enero","tag-informe-social","tag-noticias-sociales","tag-onu"],"yoast_head":"<!-- This site is optimized with the Yoast SEO plugin v28.4 - https:\/\/yoast.com\/product\/yoast-seo-wordpress\/ -->\n<title>D\u00eda Internacional de Conmemoraci\u00f3n de las V\u00edctimas del Holocausto. - Blog de Rafael Ram\u00edrez<\/title>\n<meta name=\"description\" content=\"El D\u00eda Internacional de Conmemoraci\u00f3n en Memoria de las V\u00edctimas del Holocausto se celebra cada a\u00f1o el 27 de enero en honor a las v\u00edctimas...\" \/>\n<meta name=\"robots\" content=\"index, follow, max-snippet:-1, max-image-preview:large, max-video-preview:-1\" \/>\n<link rel=\"canonical\" href=\"https:\/\/rafaramirez.org\/blog\/index.php\/2025\/01\/27\/dia-internacional-de-conmemoracion-de-las-victimas-del-holocausto\/\" \/>\n<meta property=\"og:locale\" content=\"es_ES\" \/>\n<meta property=\"og:type\" content=\"article\" \/>\n<meta property=\"og:title\" content=\"D\u00eda Internacional de Conmemoraci\u00f3n de las V\u00edctimas del Holocausto. - Blog de Rafael Ram\u00edrez\" \/>\n<meta property=\"og:description\" content=\"El D\u00eda Internacional de Conmemoraci\u00f3n en Memoria de las V\u00edctimas del Holocausto se celebra cada a\u00f1o el 27 de enero en honor a las v\u00edctimas...\" \/>\n<meta property=\"og:url\" content=\"https:\/\/rafaramirez.org\/blog\/index.php\/2025\/01\/27\/dia-internacional-de-conmemoracion-de-las-victimas-del-holocausto\/\" \/>\n<meta property=\"og:site_name\" content=\"Blog de Rafael Ram\u00edrez\" \/>\n<meta property=\"article:published_time\" content=\"2025-01-27T07:15:41+00:00\" \/>\n<meta property=\"article:modified_time\" content=\"2025-01-27T07:28:03+00:00\" \/>\n<meta property=\"og:image\" content=\"https:\/\/rafaramirez.org\/blog\/wp-content\/uploads\/2025\/01\/Dia_Internacional_Conmemoracion_Victimas_Holocausto_banner.jpg\" \/>\n\t<meta property=\"og:image:width\" content=\"720\" \/>\n\t<meta property=\"og:image:height\" content=\"440\" \/>\n\t<meta property=\"og:image:type\" content=\"image\/jpeg\" \/>\n<meta name=\"author\" content=\"Rafael Ram\u00edrez\" \/>\n<meta name=\"twitter:card\" content=\"summary_large_image\" \/>\n<meta name=\"twitter:creator\" content=\"@rafaramirez_ok\" \/>\n<meta name=\"twitter:site\" content=\"@rafaramirez_ok\" \/>\n<meta name=\"twitter:label1\" content=\"Escrito por\" \/>\n\t<meta name=\"twitter:data1\" content=\"Rafael Ram\u00edrez\" \/>\n\t<meta name=\"twitter:label2\" content=\"Tiempo de lectura\" \/>\n\t<meta name=\"twitter:data2\" content=\"5 minutos\" \/>\n<script type=\"application\/ld+json\" class=\"yoast-schema-graph\">{\"@context\":\"https:\\\/\\\/schema.org\",\"@graph\":[{\"@type\":\"Article\",\"@id\":\"https:\\\/\\\/rafaramirez.org\\\/blog\\\/index.php\\\/2025\\\/01\\\/27\\\/dia-internacional-de-conmemoracion-de-las-victimas-del-holocausto\\\/#article\",\"isPartOf\":{\"@id\":\"https:\\\/\\\/rafaramirez.org\\\/blog\\\/index.php\\\/2025\\\/01\\\/27\\\/dia-internacional-de-conmemoracion-de-las-victimas-del-holocausto\\\/\"},\"author\":{\"name\":\"Rafael Ram\u00edrez\",\"@id\":\"https:\\\/\\\/rafaramirez.org\\\/blog\\\/#\\\/schema\\\/person\\\/50f43b6d60c578760d4c17bda54ab6a5\"},\"headline\":\"D\u00eda Internacional de Conmemoraci\u00f3n de las V\u00edctimas del Holocausto.\",\"datePublished\":\"2025-01-27T07:15:41+00:00\",\"dateModified\":\"2025-01-27T07:28:03+00:00\",\"mainEntityOfPage\":{\"@id\":\"https:\\\/\\\/rafaramirez.org\\\/blog\\\/index.php\\\/2025\\\/01\\\/27\\\/dia-internacional-de-conmemoracion-de-las-victimas-del-holocausto\\\/\"},\"wordCount\":963,\"commentCount\":0,\"publisher\":{\"@id\":\"https:\\\/\\\/rafaramirez.org\\\/blog\\\/#\\\/schema\\\/person\\\/50f43b6d60c578760d4c17bda54ab6a5\"},\"image\":{\"@id\":\"https:\\\/\\\/rafaramirez.org\\\/blog\\\/index.php\\\/2025\\\/01\\\/27\\\/dia-internacional-de-conmemoracion-de-las-victimas-del-holocausto\\\/#primaryimage\"},\"thumbnailUrl\":\"https:\\\/\\\/rafaramirez.org\\\/blog\\\/wp-content\\\/uploads\\\/2025\\\/01\\\/Dia_Internacional_Conmemoracion_Victimas_Holocausto_banner.jpg\",\"keywords\":[\"Asamblea General de las Naciones Unidas\",\"blog de Rafael Ram\u00edrez\",\"D\u00eda Internacional de Conmemoraci\u00f3n de las V\u00edctimas del Holocausto\",\"efem\u00e9rides\",\"efem\u00e9rides en enero\",\"informe social\",\"noticias sociales\",\"ONU\"],\"articleSection\":[\"Efem\u00e9rides\",\"Informe social\"],\"inLanguage\":\"es\",\"potentialAction\":[{\"@type\":\"CommentAction\",\"name\":\"Comment\",\"target\":[\"https:\\\/\\\/rafaramirez.org\\\/blog\\\/index.php\\\/2025\\\/01\\\/27\\\/dia-internacional-de-conmemoracion-de-las-victimas-del-holocausto\\\/#respond\"]}]},{\"@type\":\"WebPage\",\"@id\":\"https:\\\/\\\/rafaramirez.org\\\/blog\\\/index.php\\\/2025\\\/01\\\/27\\\/dia-internacional-de-conmemoracion-de-las-victimas-del-holocausto\\\/\",\"url\":\"https:\\\/\\\/rafaramirez.org\\\/blog\\\/index.php\\\/2025\\\/01\\\/27\\\/dia-internacional-de-conmemoracion-de-las-victimas-del-holocausto\\\/\",\"name\":\"D\u00eda Internacional de Conmemoraci\u00f3n de las V\u00edctimas del Holocausto. - Blog de Rafael Ram\u00edrez\",\"isPartOf\":{\"@id\":\"https:\\\/\\\/rafaramirez.org\\\/blog\\\/#website\"},\"primaryImageOfPage\":{\"@id\":\"https:\\\/\\\/rafaramirez.org\\\/blog\\\/index.php\\\/2025\\\/01\\\/27\\\/dia-internacional-de-conmemoracion-de-las-victimas-del-holocausto\\\/#primaryimage\"},\"image\":{\"@id\":\"https:\\\/\\\/rafaramirez.org\\\/blog\\\/index.php\\\/2025\\\/01\\\/27\\\/dia-internacional-de-conmemoracion-de-las-victimas-del-holocausto\\\/#primaryimage\"},\"thumbnailUrl\":\"https:\\\/\\\/rafaramirez.org\\\/blog\\\/wp-content\\\/uploads\\\/2025\\\/01\\\/Dia_Internacional_Conmemoracion_Victimas_Holocausto_banner.jpg\",\"datePublished\":\"2025-01-27T07:15:41+00:00\",\"dateModified\":\"2025-01-27T07:28:03+00:00\",\"description\":\"El D\u00eda Internacional de Conmemoraci\u00f3n en Memoria de las V\u00edctimas del Holocausto se celebra cada a\u00f1o el 27 de enero en honor a las v\u00edctimas...\",\"breadcrumb\":{\"@id\":\"https:\\\/\\\/rafaramirez.org\\\/blog\\\/index.php\\\/2025\\\/01\\\/27\\\/dia-internacional-de-conmemoracion-de-las-victimas-del-holocausto\\\/#breadcrumb\"},\"inLanguage\":\"es\",\"potentialAction\":[{\"@type\":\"ReadAction\",\"target\":[\"https:\\\/\\\/rafaramirez.org\\\/blog\\\/index.php\\\/2025\\\/01\\\/27\\\/dia-internacional-de-conmemoracion-de-las-victimas-del-holocausto\\\/\"]}]},{\"@type\":\"ImageObject\",\"inLanguage\":\"es\",\"@id\":\"https:\\\/\\\/rafaramirez.org\\\/blog\\\/index.php\\\/2025\\\/01\\\/27\\\/dia-internacional-de-conmemoracion-de-las-victimas-del-holocausto\\\/#primaryimage\",\"url\":\"https:\\\/\\\/rafaramirez.org\\\/blog\\\/wp-content\\\/uploads\\\/2025\\\/01\\\/Dia_Internacional_Conmemoracion_Victimas_Holocausto_banner.jpg\",\"contentUrl\":\"https:\\\/\\\/rafaramirez.org\\\/blog\\\/wp-content\\\/uploads\\\/2025\\\/01\\\/Dia_Internacional_Conmemoracion_Victimas_Holocausto_banner.jpg\",\"width\":720,\"height\":440,\"caption\":\"D\u00eda Internacional de Conmemoraci\u00f3n de las V\u00edctimas del Holocausto. Blog de Rafael Ram\u00edrez.\"},{\"@type\":\"BreadcrumbList\",\"@id\":\"https:\\\/\\\/rafaramirez.org\\\/blog\\\/index.php\\\/2025\\\/01\\\/27\\\/dia-internacional-de-conmemoracion-de-las-victimas-del-holocausto\\\/#breadcrumb\",\"itemListElement\":[{\"@type\":\"ListItem\",\"position\":1,\"name\":\"Portada\",\"item\":\"https:\\\/\\\/rafaramirez.org\\\/blog\\\/\"},{\"@type\":\"ListItem\",\"position\":2,\"name\":\"D\u00eda Internacional de Conmemoraci\u00f3n de las V\u00edctimas del Holocausto.\"}]},{\"@type\":\"WebSite\",\"@id\":\"https:\\\/\\\/rafaramirez.org\\\/blog\\\/#website\",\"url\":\"https:\\\/\\\/rafaramirez.org\\\/blog\\\/\",\"name\":\"Blog de Rafael Ram\u00edrez\",\"description\":\"Un sitio social, de arte y cultura\",\"publisher\":{\"@id\":\"https:\\\/\\\/rafaramirez.org\\\/blog\\\/#\\\/schema\\\/person\\\/50f43b6d60c578760d4c17bda54ab6a5\"},\"potentialAction\":[{\"@type\":\"SearchAction\",\"target\":{\"@type\":\"EntryPoint\",\"urlTemplate\":\"https:\\\/\\\/rafaramirez.org\\\/blog\\\/?s={search_term_string}\"},\"query-input\":{\"@type\":\"PropertyValueSpecification\",\"valueRequired\":true,\"valueName\":\"search_term_string\"}}],\"inLanguage\":\"es\"},{\"@type\":[\"Person\",\"Organization\"],\"@id\":\"https:\\\/\\\/rafaramirez.org\\\/blog\\\/#\\\/schema\\\/person\\\/50f43b6d60c578760d4c17bda54ab6a5\",\"name\":\"Rafael Ram\u00edrez\",\"image\":{\"@type\":\"ImageObject\",\"inLanguage\":\"es\",\"@id\":\"https:\\\/\\\/rafaramirez.org\\\/blog\\\/wp-content\\\/uploads\\\/2024\\\/09\\\/RR_socialnetwork.jpg\",\"url\":\"https:\\\/\\\/rafaramirez.org\\\/blog\\\/wp-content\\\/uploads\\\/2024\\\/09\\\/RR_socialnetwork.jpg\",\"contentUrl\":\"https:\\\/\\\/rafaramirez.org\\\/blog\\\/wp-content\\\/uploads\\\/2024\\\/09\\\/RR_socialnetwork.jpg\",\"width\":600,\"height\":606,\"caption\":\"Rafael Ram\u00edrez\"},\"logo\":{\"@id\":\"https:\\\/\\\/rafaramirez.org\\\/blog\\\/wp-content\\\/uploads\\\/2024\\\/09\\\/RR_socialnetwork.jpg\"},\"sameAs\":[\"https:\\\/\\\/www.rafaramirez.org\\\/blog\",\"https:\\\/\\\/www.instagram.com\\\/rafaramirez_ok\\\/\",\"https:\\\/\\\/es.pinterest.com\\\/Ramirez_Rafa\\\/\",\"https:\\\/\\\/x.com\\\/rafaramirez_ok\"],\"url\":\"https:\\\/\\\/rafaramirez.org\\\/blog\\\/index.php\\\/author\\\/rafaell_qm6j97da\\\/\"}]}<\/script>\n<!-- \/ Yoast SEO plugin. -->","yoast_head_json":{"title":"D\u00eda Internacional de Conmemoraci\u00f3n de las V\u00edctimas del Holocausto. - Blog de Rafael Ram\u00edrez","description":"El D\u00eda Internacional de Conmemoraci\u00f3n en Memoria de las V\u00edctimas del Holocausto se celebra cada a\u00f1o el 27 de enero en honor a las v\u00edctimas...","robots":{"index":"index","follow":"follow","max-snippet":"max-snippet:-1","max-image-preview":"max-image-preview:large","max-video-preview":"max-video-preview:-1"},"canonical":"https:\/\/rafaramirez.org\/blog\/index.php\/2025\/01\/27\/dia-internacional-de-conmemoracion-de-las-victimas-del-holocausto\/","og_locale":"es_ES","og_type":"article","og_title":"D\u00eda Internacional de Conmemoraci\u00f3n de las V\u00edctimas del Holocausto. - Blog de Rafael Ram\u00edrez","og_description":"El D\u00eda Internacional de Conmemoraci\u00f3n en Memoria de las V\u00edctimas del Holocausto se celebra cada a\u00f1o el 27 de enero en honor a las v\u00edctimas...","og_url":"https:\/\/rafaramirez.org\/blog\/index.php\/2025\/01\/27\/dia-internacional-de-conmemoracion-de-las-victimas-del-holocausto\/","og_site_name":"Blog de Rafael Ram\u00edrez","article_published_time":"2025-01-27T07:15:41+00:00","article_modified_time":"2025-01-27T07:28:03+00:00","og_image":[{"width":720,"height":440,"url":"https:\/\/rafaramirez.org\/blog\/wp-content\/uploads\/2025\/01\/Dia_Internacional_Conmemoracion_Victimas_Holocausto_banner.jpg","type":"image\/jpeg"}],"author":"Rafael Ram\u00edrez","twitter_card":"summary_large_image","twitter_creator":"@rafaramirez_ok","twitter_site":"@rafaramirez_ok","twitter_misc":{"Escrito por":"Rafael Ram\u00edrez","Tiempo de lectura":"5 minutos"},"schema":{"@context":"https:\/\/schema.org","@graph":[{"@type":"Article","@id":"https:\/\/rafaramirez.org\/blog\/index.php\/2025\/01\/27\/dia-internacional-de-conmemoracion-de-las-victimas-del-holocausto\/#article","isPartOf":{"@id":"https:\/\/rafaramirez.org\/blog\/index.php\/2025\/01\/27\/dia-internacional-de-conmemoracion-de-las-victimas-del-holocausto\/"},"author":{"name":"Rafael Ram\u00edrez","@id":"https:\/\/rafaramirez.org\/blog\/#\/schema\/person\/50f43b6d60c578760d4c17bda54ab6a5"},"headline":"D\u00eda Internacional de Conmemoraci\u00f3n de las V\u00edctimas del Holocausto.","datePublished":"2025-01-27T07:15:41+00:00","dateModified":"2025-01-27T07:28:03+00:00","mainEntityOfPage":{"@id":"https:\/\/rafaramirez.org\/blog\/index.php\/2025\/01\/27\/dia-internacional-de-conmemoracion-de-las-victimas-del-holocausto\/"},"wordCount":963,"commentCount":0,"publisher":{"@id":"https:\/\/rafaramirez.org\/blog\/#\/schema\/person\/50f43b6d60c578760d4c17bda54ab6a5"},"image":{"@id":"https:\/\/rafaramirez.org\/blog\/index.php\/2025\/01\/27\/dia-internacional-de-conmemoracion-de-las-victimas-del-holocausto\/#primaryimage"},"thumbnailUrl":"https:\/\/rafaramirez.org\/blog\/wp-content\/uploads\/2025\/01\/Dia_Internacional_Conmemoracion_Victimas_Holocausto_banner.jpg","keywords":["Asamblea General de las Naciones Unidas","blog de Rafael Ram\u00edrez","D\u00eda Internacional de Conmemoraci\u00f3n de las V\u00edctimas del Holocausto","efem\u00e9rides","efem\u00e9rides en enero","informe social","noticias sociales","ONU"],"articleSection":["Efem\u00e9rides","Informe social"],"inLanguage":"es","potentialAction":[{"@type":"CommentAction","name":"Comment","target":["https:\/\/rafaramirez.org\/blog\/index.php\/2025\/01\/27\/dia-internacional-de-conmemoracion-de-las-victimas-del-holocausto\/#respond"]}]},{"@type":"WebPage","@id":"https:\/\/rafaramirez.org\/blog\/index.php\/2025\/01\/27\/dia-internacional-de-conmemoracion-de-las-victimas-del-holocausto\/","url":"https:\/\/rafaramirez.org\/blog\/index.php\/2025\/01\/27\/dia-internacional-de-conmemoracion-de-las-victimas-del-holocausto\/","name":"D\u00eda Internacional de Conmemoraci\u00f3n de las V\u00edctimas del Holocausto. - Blog de Rafael Ram\u00edrez","isPartOf":{"@id":"https:\/\/rafaramirez.org\/blog\/#website"},"primaryImageOfPage":{"@id":"https:\/\/rafaramirez.org\/blog\/index.php\/2025\/01\/27\/dia-internacional-de-conmemoracion-de-las-victimas-del-holocausto\/#primaryimage"},"image":{"@id":"https:\/\/rafaramirez.org\/blog\/index.php\/2025\/01\/27\/dia-internacional-de-conmemoracion-de-las-victimas-del-holocausto\/#primaryimage"},"thumbnailUrl":"https:\/\/rafaramirez.org\/blog\/wp-content\/uploads\/2025\/01\/Dia_Internacional_Conmemoracion_Victimas_Holocausto_banner.jpg","datePublished":"2025-01-27T07:15:41+00:00","dateModified":"2025-01-27T07:28:03+00:00","description":"El D\u00eda Internacional de Conmemoraci\u00f3n en Memoria de las V\u00edctimas del Holocausto se celebra cada a\u00f1o el 27 de enero en honor a las v\u00edctimas...","breadcrumb":{"@id":"https:\/\/rafaramirez.org\/blog\/index.php\/2025\/01\/27\/dia-internacional-de-conmemoracion-de-las-victimas-del-holocausto\/#breadcrumb"},"inLanguage":"es","potentialAction":[{"@type":"ReadAction","target":["https:\/\/rafaramirez.org\/blog\/index.php\/2025\/01\/27\/dia-internacional-de-conmemoracion-de-las-victimas-del-holocausto\/"]}]},{"@type":"ImageObject","inLanguage":"es","@id":"https:\/\/rafaramirez.org\/blog\/index.php\/2025\/01\/27\/dia-internacional-de-conmemoracion-de-las-victimas-del-holocausto\/#primaryimage","url":"https:\/\/rafaramirez.org\/blog\/wp-content\/uploads\/2025\/01\/Dia_Internacional_Conmemoracion_Victimas_Holocausto_banner.jpg","contentUrl":"https:\/\/rafaramirez.org\/blog\/wp-content\/uploads\/2025\/01\/Dia_Internacional_Conmemoracion_Victimas_Holocausto_banner.jpg","width":720,"height":440,"caption":"D\u00eda Internacional de Conmemoraci\u00f3n de las V\u00edctimas del Holocausto. Blog de Rafael Ram\u00edrez."},{"@type":"BreadcrumbList","@id":"https:\/\/rafaramirez.org\/blog\/index.php\/2025\/01\/27\/dia-internacional-de-conmemoracion-de-las-victimas-del-holocausto\/#breadcrumb","itemListElement":[{"@type":"ListItem","position":1,"name":"Portada","item":"https:\/\/rafaramirez.org\/blog\/"},{"@type":"ListItem","position":2,"name":"D\u00eda Internacional de Conmemoraci\u00f3n de las V\u00edctimas del Holocausto."}]},{"@type":"WebSite","@id":"https:\/\/rafaramirez.org\/blog\/#website","url":"https:\/\/rafaramirez.org\/blog\/","name":"Blog de Rafael Ram\u00edrez","description":"Un sitio social, de arte y cultura","publisher":{"@id":"https:\/\/rafaramirez.org\/blog\/#\/schema\/person\/50f43b6d60c578760d4c17bda54ab6a5"},"potentialAction":[{"@type":"SearchAction","target":{"@type":"EntryPoint","urlTemplate":"https:\/\/rafaramirez.org\/blog\/?s={search_term_string}"},"query-input":{"@type":"PropertyValueSpecification","valueRequired":true,"valueName":"search_term_string"}}],"inLanguage":"es"},{"@type":["Person","Organization"],"@id":"https:\/\/rafaramirez.org\/blog\/#\/schema\/person\/50f43b6d60c578760d4c17bda54ab6a5","name":"Rafael Ram\u00edrez","image":{"@type":"ImageObject","inLanguage":"es","@id":"https:\/\/rafaramirez.org\/blog\/wp-content\/uploads\/2024\/09\/RR_socialnetwork.jpg","url":"https:\/\/rafaramirez.org\/blog\/wp-content\/uploads\/2024\/09\/RR_socialnetwork.jpg","contentUrl":"https:\/\/rafaramirez.org\/blog\/wp-content\/uploads\/2024\/09\/RR_socialnetwork.jpg","width":600,"height":606,"caption":"Rafael Ram\u00edrez"},"logo":{"@id":"https:\/\/rafaramirez.org\/blog\/wp-content\/uploads\/2024\/09\/RR_socialnetwork.jpg"},"sameAs":["https:\/\/www.rafaramirez.org\/blog","https:\/\/www.instagram.com\/rafaramirez_ok\/","https:\/\/es.pinterest.com\/Ramirez_Rafa\/","https:\/\/x.com\/rafaramirez_ok"],"url":"https:\/\/rafaramirez.org\/blog\/index.php\/author\/rafaell_qm6j97da\/"}]}},"jetpack_publicize_connections":[],"jetpack_sharing_enabled":true,"jetpack_likes_enabled":true,"jetpack_featured_media_url":"https:\/\/rafaramirez.org\/blog\/wp-content\/uploads\/2025\/01\/Dia_Internacional_Conmemoracion_Victimas_Holocausto_banner.jpg","_links":{"self":[{"href":"https:\/\/rafaramirez.org\/blog\/index.php\/wp-json\/wp\/v2\/posts\/7833","targetHints":{"allow":["GET"]}}],"collection":[{"href":"https:\/\/rafaramirez.org\/blog\/index.php\/wp-json\/wp\/v2\/posts"}],"about":[{"href":"https:\/\/rafaramirez.org\/blog\/index.php\/wp-json\/wp\/v2\/types\/post"}],"author":[{"embeddable":true,"href":"https:\/\/rafaramirez.org\/blog\/index.php\/wp-json\/wp\/v2\/users\/1"}],"replies":[{"embeddable":true,"href":"https:\/\/rafaramirez.org\/blog\/index.php\/wp-json\/wp\/v2\/comments?post=7833"}],"version-history":[{"count":9,"href":"https:\/\/rafaramirez.org\/blog\/index.php\/wp-json\/wp\/v2\/posts\/7833\/revisions"}],"predecessor-version":[{"id":7927,"href":"https:\/\/rafaramirez.org\/blog\/index.php\/wp-json\/wp\/v2\/posts\/7833\/revisions\/7927"}],"wp:featuredmedia":[{"embeddable":true,"href":"https:\/\/rafaramirez.org\/blog\/index.php\/wp-json\/wp\/v2\/media\/7839"}],"wp:attachment":[{"href":"https:\/\/rafaramirez.org\/blog\/index.php\/wp-json\/wp\/v2\/media?parent=7833"}],"wp:term":[{"taxonomy":"category","embeddable":true,"href":"https:\/\/rafaramirez.org\/blog\/index.php\/wp-json\/wp\/v2\/categories?post=7833"},{"taxonomy":"post_tag","embeddable":true,"href":"https:\/\/rafaramirez.org\/blog\/index.php\/wp-json\/wp\/v2\/tags?post=7833"}],"curies":[{"name":"wp","href":"https:\/\/api.w.org\/{rel}","templated":true}]}}