{"id":7804,"date":"2025-01-23T08:15:19","date_gmt":"2025-01-23T07:15:19","guid":{"rendered":"https:\/\/rafaramirez.org\/blog\/?p=7804"},"modified":"2025-01-15T13:38:22","modified_gmt":"2025-01-15T12:38:22","slug":"dia-mundial-de-la-libertad","status":"publish","type":"post","link":"https:\/\/rafaramirez.org\/blog\/index.php\/2025\/01\/23\/dia-mundial-de-la-libertad\/","title":{"rendered":"D\u00eda Mundial de la Libertad: defender nuestras libertades y construir un futuro m\u00e1s justo y libre."},"content":{"rendered":"<p>El D\u00eda Mundial de la Libertad se celebra el 23 de enero y est\u00e1 dedicado a recordar y promover la importancia de la libertad y los derechos humanos en todo el mundo. Este d\u00eda se estableci\u00f3 para conmemorar el aniversario de la firma de la Declaraci\u00f3n Universal de los Derechos Humanos, adoptada por la ONU en 1948.<\/p>\n<p>El objetivo del D\u00eda Mundial de la Libertad es aumentar la concienciaci\u00f3n sobre las violaciones de los derechos humanos y fomentar la defensa y protecci\u00f3n de las libertades fundamentales, como la libertad de expresi\u00f3n, la libertad de reuni\u00f3n y la libertad de pensamiento, conciencia y religi\u00f3n.<\/p>\n<h3>Historia detr\u00e1s de este d\u00eda.<\/h3>\n<p>El D\u00eda Mundial de la Libertad se conmemora el 23 de enero en honor a dos acontecimientos hist\u00f3ricos significativos que ocurrieron en esa fecha, aunque no est\u00e1n relacionados entre s\u00ed.<\/p>\n<ul>\n<li>Prisioneros de guerra en Taiw\u00e1n (1954): El 23 de enero de 1954 fueron apresados unos 22 000 prisioneros de guerra, soldados chinos y coreanos, en Taiw\u00e1n. Estos soldados no quer\u00edan ser repatriados a sus pa\u00edses de origen debido a las condiciones pol\u00edticas y de seguridad existentes en ellos. Gracias a su trabajo y esfuerzo, lograron su libertad en la zona de guerra de Corea.<\/li>\n<li>Fin de la dictadura en Venezuela (1958): El 23 de enero de 1958, el pueblo venezolano form\u00f3 una uni\u00f3n c\u00edvico-militar para poner fin a la dictadura del general Marcos P\u00e9rez Jim\u00e9nez. Este movimiento fue un paso crucial para restaurar la democracia y la libertad en el pa\u00eds.<\/li>\n<\/ul>\n<p>Aunque estos dos eventos no est\u00e1n directamente relacionados, ambos simbolizan la lucha por la libertad y la resistencia contra la opresi\u00f3n. Por esta raz\u00f3n, se eligi\u00f3 esta fecha para conmemorar el D\u00eda Mundial de la Libertad.<\/p>\n<figure id=\"attachment_7811\" aria-describedby=\"caption-attachment-7811\" style=\"width: 232px\" class=\"wp-caption aligncenter\"><a href=\"https:\/\/rafaramirez.org\/blog\/wp-content\/uploads\/2025\/01\/dove-7071097.jpg\" target=\"_blank\" rel=\"noopener\"><img loading=\"lazy\" decoding=\"async\" class=\"wp-image-7811 size-medium\" src=\"https:\/\/rafaramirez.org\/blog\/wp-content\/uploads\/2025\/01\/dove-7071097-232x300.jpg\" alt=\"D\u00eda Mundial de la Libertad. Blog de Rafael Ram\u00edrez.\" width=\"232\" height=\"300\" srcset=\"https:\/\/rafaramirez.org\/blog\/wp-content\/uploads\/2025\/01\/dove-7071097-232x300.jpg 232w, https:\/\/rafaramirez.org\/blog\/wp-content\/uploads\/2025\/01\/dove-7071097-768x994.jpg 768w, https:\/\/rafaramirez.org\/blog\/wp-content\/uploads\/2025\/01\/dove-7071097.jpg 773w\" sizes=\"auto, (max-width: 232px) 100vw, 232px\" \/><\/a><figcaption id=\"caption-attachment-7811\" class=\"wp-caption-text\">D\u00eda Mundial de la Libertad. Blog de Rafael Ram\u00edrez.<\/figcaption><\/figure>\n<h3>Situaci\u00f3n de los derechos humanos en el mundo.<\/h3>\n<p>La situaci\u00f3n de los derechos humanos en el mundo sigue siendo preocupante en muchos sentidos. Seg\u00fan el informe de Amnist\u00eda Internacional de abril de 2024, hay motivos de preocupaci\u00f3n en 155 pa\u00edses. A continuaci\u00f3n te muestro algunos puntos destacados:<\/p>\n<ul>\n<li>Conflictos armados: en varios conflictos, tanto Estados como grupos armados rompen e interpretan a su antojo las reglas de la guerra. El racismo est\u00e1 presente en algunos de estos conflictos y en la respuesta que se les da.<\/li>\n<li>Crisis econ\u00f3micas y ambientales: las crisis econ\u00f3micas y la degradaci\u00f3n ambiental afectan desproporcionadamente a las comunidades marginadas.<\/li>\n<li>Los defensores de los derechos humanos que hacen campa\u00f1a a favor de estas comunidades sufren ataques, con la represi\u00f3n de la disidencia como tel\u00f3n de fondo.<\/li>\n<li>Derechos de las mujeres y personas LGBTI: la ofensiva contra los derechos de las mujeres y las ni\u00f1as, y de las personas LGBTI, se ha intensificado.<\/li>\n<li>Incitaci\u00f3n al odio en Internet: ha aumentado la incitaci\u00f3n al odio y otros contenidos nocivos contra algunos grupos racializados en Internet.<\/li>\n<li>Inteligencia artificial: los avances en este \u00e1mbito tambi\u00e9n se utilizan para restringir libertades y violar derechos humanos.<\/li>\n<\/ul>\n<p>Estos son solo algunos ejemplos de los desaf\u00edos actuales en materia de derechos humanos.<\/p>\n<figure id=\"attachment_7812\" aria-describedby=\"caption-attachment-7812\" style=\"width: 244px\" class=\"wp-caption aligncenter\"><a href=\"https:\/\/rafaramirez.org\/blog\/wp-content\/uploads\/2025\/01\/child-soldiers-62923.jpg\" target=\"_blank\" rel=\"noopener\"><img loading=\"lazy\" decoding=\"async\" class=\"wp-image-7812 size-medium\" src=\"https:\/\/rafaramirez.org\/blog\/wp-content\/uploads\/2025\/01\/child-soldiers-62923-244x300.jpg\" alt=\"Ni\u00f1os soldados. D\u00eda Mundial de la Libertad. Blog de Rafael Ram\u00edrez.\" width=\"244\" height=\"300\" srcset=\"https:\/\/rafaramirez.org\/blog\/wp-content\/uploads\/2025\/01\/child-soldiers-62923-244x300.jpg 244w, https:\/\/rafaramirez.org\/blog\/wp-content\/uploads\/2025\/01\/child-soldiers-62923-768x946.jpg 768w, https:\/\/rafaramirez.org\/blog\/wp-content\/uploads\/2025\/01\/child-soldiers-62923.jpg 812w\" sizes=\"auto, (max-width: 244px) 100vw, 244px\" \/><\/a><figcaption id=\"caption-attachment-7812\" class=\"wp-caption-text\">Ni\u00f1os soldados. D\u00eda Mundial de la Libertad. Blog de Rafael Ram\u00edrez.<\/figcaption><\/figure>\n<h3>Importancia del D\u00eda Mundial de la Libertad.<\/h3>\n<p>El D\u00eda Mundial de la Libertad es muy importante para la sociedad moderna por varias razones:<\/p>\n<ul>\n<li>Promoci\u00f3n de los Derechos Humanos: este d\u00eda nos recuerda la importancia de los derechos humanos y las libertades fundamentales, y nos invita a proteger y promover estos valores constantemente en todo el mundo.<\/li>\n<li>Conciencia y educaci\u00f3n: ofrece la oportunidad de educar a las personas sobre las violaciones de los derechos humanos y de aumentar su concienciaci\u00f3n sobre las injusticias y desigualdades que persisten en diferentes partes del mundo.<\/li>\n<li>Uni\u00f3n y solidaridad: fomenta la solidaridad global y la unidad entre diferentes comunidades y pa\u00edses en la lucha contra la opresi\u00f3n, la discriminaci\u00f3n y la injusticia.<\/li>\n<li>Reconocimiento de Sacrificios: rinde homenaje a quienes han luchado y siguen luchando por la libertad y la justicia, arriesgando sus vidas en muchas ocasiones para garantizar los derechos de los dem\u00e1s.<\/li>\n<li>Empoderamiento de las personas: alentar a las personas a conocer y defender sus derechos las empodera para que act\u00faen contra la opresi\u00f3n y trabajen hacia un futuro m\u00e1s justo y libre.<\/li>\n<\/ul>\n<figure id=\"attachment_7813\" aria-describedby=\"caption-attachment-7813\" style=\"width: 300px\" class=\"wp-caption aligncenter\"><a href=\"https:\/\/rafaramirez.org\/blog\/wp-content\/uploads\/2025\/01\/balcony-1834990.jpg\" target=\"_blank\" rel=\"noopener\"><img loading=\"lazy\" decoding=\"async\" class=\"wp-image-7813 size-medium\" src=\"https:\/\/rafaramirez.org\/blog\/wp-content\/uploads\/2025\/01\/balcony-1834990-300x156.jpg\" alt=\"D\u00eda Mundial de la Libertad. Blog de Rafael Ram\u00edrez.\" width=\"300\" height=\"156\" srcset=\"https:\/\/rafaramirez.org\/blog\/wp-content\/uploads\/2025\/01\/balcony-1834990-300x156.jpg 300w, https:\/\/rafaramirez.org\/blog\/wp-content\/uploads\/2025\/01\/balcony-1834990-768x400.jpg 768w, https:\/\/rafaramirez.org\/blog\/wp-content\/uploads\/2025\/01\/balcony-1834990.jpg 1000w\" sizes=\"auto, (max-width: 300px) 100vw, 300px\" \/><\/a><figcaption id=\"caption-attachment-7813\" class=\"wp-caption-text\">D\u00eda Mundial de la Libertad. Blog de Rafael Ram\u00edrez.<\/figcaption><\/figure>\n<p>Este d\u00eda no solo sirve para recordar la importancia de la libertad, sino tambi\u00e9n para concienciar sobre la necesidad de garantizar el respeto y la protecci\u00f3n de estos derechos para todas las personas en todo el mundo.<\/p>\n<p>Celebrar el D\u00eda Mundial de la Libertad es esencial para recordar la importancia de los derechos humanos, concienciar sobre las injusticias y desigualdades, y rendir homenaje a quienes han luchado por la libertad. Nos une en una solidaridad global y nos empodera para defender nuestras libertades y construir un futuro m\u00e1s justo y libre.<\/p>\n<p>M\u00e1s informaci\u00f3n:<\/p>\n<ul>\n<li><a href=\"https:\/\/www.lanacion.com.ar\/lifestyle\/dia-de-la-libertad-cual-es-el-origen-de-esta-celebracion-nid23012024\/\" target=\"_blank\" rel=\"noopener\">La Naci\u00f3n<\/a>.<\/li>\n<li><a href=\"https:\/\/www.amnesty.org\/es\/documents\/pol10\/7200\/2024\/es\/\" target=\"_blank\" rel=\"noopener\">Amnist\u00eda Internacional<\/a>.<\/li>\n<li><a href=\"https:\/\/rafaramirez.org\/blog\/index.php\/category\/arte\/efemerides\/\" target=\"_blank\" rel=\"noopener\">Otras efem\u00e9rides<\/a>.<\/li>\n<li><a href=\"https:\/\/rafaramirez.org\/blog\/index.php\/category\/noticias-sociales\/\" target=\"_blank\" rel=\"noopener\">Informe social<\/a>.<\/li>\n<\/ul>\n","protected":false},"excerpt":{"rendered":"<p>El D\u00eda Mundial de la Libertad se celebra el 23 de enero y est\u00e1 dedicado a recordar y promover la importancia de la libertad y los derechos humanos en todo el mundo. Este d\u00eda se estableci\u00f3 para conmemorar el aniversario de la firma de la Declaraci\u00f3n Universal de los Derechos Humanos, adoptada por la ONU [&hellip;]<\/p>\n","protected":false},"author":1,"featured_media":7810,"comment_status":"open","ping_status":"closed","sticky":false,"template":"","format":"standard","meta":{"site-container-style":"default","site-container-layout":"default","site-sidebar-layout":"default","disable-article-header":"default","disable-site-header":"default","disable-site-footer":"default","disable-content-area-spacing":"default","_jetpack_newsletter_access":"","_jetpack_dont_email_post_to_subs":false,"_jetpack_newsletter_tier_id":0,"_jetpack_memberships_contains_paywalled_content":false,"_jetpack_feature_clip_id":0,"_jetpack_memberships_contains_paid_content":false,"footnotes":"","jetpack_publicize_message":"","jetpack_publicize_feature_enabled":true,"jetpack_social_post_already_shared":true,"jetpack_social_options":{"image_generator_settings":{"template":"highway","default_image_id":0,"font":"","enabled":false},"version":2},"jetpack_post_was_ever_published":false},"categories":[1291,15],"tags":[3984,3817,3510,3983,3985,1323,3797,330,1702,1701,998],"class_list":["post-7804","post","type-post","status-publish","format-standard","has-post-thumbnail","hentry","category-efemerides","category-noticias-sociales","tag-23-de-enero","tag-amnistia-internacional","tag-derechos-humanos-y-justicia-social","tag-dia-mundial-de-la-libertad","tag-dias-importantes","tag-efemerides","tag-noticia-social","tag-noticias-sociales","tag-onu","tag-organizacion-de-las-naciones-unidas","tag-problema-social"],"yoast_head":"<!-- This site is optimized with the Yoast SEO plugin v28.4 - https:\/\/yoast.com\/product\/yoast-seo-wordpress\/ -->\n<title>D\u00eda Mundial de la Libertad: defender nuestras libertades y construir un futuro m\u00e1s justo y libre. - Blog de Rafael Ram\u00edrez<\/title>\n<meta name=\"description\" content=\"El D\u00eda Mundial de la Libertad est\u00e1 dedicado a recordar y promover la importancia de la libertad y los derechos humanos en todo el mundo.\" \/>\n<meta name=\"robots\" content=\"index, follow, max-snippet:-1, max-image-preview:large, max-video-preview:-1\" \/>\n<link rel=\"canonical\" href=\"https:\/\/rafaramirez.org\/blog\/index.php\/2025\/01\/23\/dia-mundial-de-la-libertad\/\" \/>\n<meta property=\"og:locale\" content=\"es_ES\" \/>\n<meta property=\"og:type\" content=\"article\" \/>\n<meta property=\"og:title\" content=\"D\u00eda Mundial de la Libertad: defender nuestras libertades y construir un futuro m\u00e1s justo y libre. - Blog de Rafael Ram\u00edrez\" \/>\n<meta property=\"og:description\" content=\"El D\u00eda Mundial de la Libertad est\u00e1 dedicado a recordar y promover la importancia de la libertad y los derechos humanos en todo el mundo.\" \/>\n<meta property=\"og:url\" content=\"https:\/\/rafaramirez.org\/blog\/index.php\/2025\/01\/23\/dia-mundial-de-la-libertad\/\" \/>\n<meta property=\"og:site_name\" content=\"Blog de Rafael Ram\u00edrez\" \/>\n<meta property=\"article:published_time\" content=\"2025-01-23T07:15:19+00:00\" \/>\n<meta property=\"og:image\" content=\"https:\/\/rafaramirez.org\/blog\/wp-content\/uploads\/2025\/01\/Dia_Mundial_de_la_Libertad_banner_logblog.jpg\" \/>\n\t<meta property=\"og:image:width\" content=\"720\" \/>\n\t<meta property=\"og:image:height\" content=\"440\" \/>\n\t<meta property=\"og:image:type\" content=\"image\/jpeg\" \/>\n<meta name=\"author\" content=\"Rafael Ram\u00edrez\" \/>\n<meta name=\"twitter:card\" content=\"summary_large_image\" \/>\n<meta name=\"twitter:creator\" content=\"@rafaramirez_ok\" \/>\n<meta name=\"twitter:site\" content=\"@rafaramirez_ok\" \/>\n<meta name=\"twitter:label1\" content=\"Escrito por\" \/>\n\t<meta name=\"twitter:data1\" content=\"Rafael Ram\u00edrez\" \/>\n\t<meta name=\"twitter:label2\" content=\"Tiempo de lectura\" \/>\n\t<meta name=\"twitter:data2\" content=\"5 minutos\" \/>\n<script type=\"application\/ld+json\" class=\"yoast-schema-graph\">{\"@context\":\"https:\\\/\\\/schema.org\",\"@graph\":[{\"@type\":\"Article\",\"@id\":\"https:\\\/\\\/rafaramirez.org\\\/blog\\\/index.php\\\/2025\\\/01\\\/23\\\/dia-mundial-de-la-libertad\\\/#article\",\"isPartOf\":{\"@id\":\"https:\\\/\\\/rafaramirez.org\\\/blog\\\/index.php\\\/2025\\\/01\\\/23\\\/dia-mundial-de-la-libertad\\\/\"},\"author\":{\"name\":\"Rafael Ram\u00edrez\",\"@id\":\"https:\\\/\\\/rafaramirez.org\\\/blog\\\/#\\\/schema\\\/person\\\/50f43b6d60c578760d4c17bda54ab6a5\"},\"headline\":\"D\u00eda Mundial de la Libertad: defender nuestras libertades y construir un futuro m\u00e1s justo y libre.\",\"datePublished\":\"2025-01-23T07:15:19+00:00\",\"mainEntityOfPage\":{\"@id\":\"https:\\\/\\\/rafaramirez.org\\\/blog\\\/index.php\\\/2025\\\/01\\\/23\\\/dia-mundial-de-la-libertad\\\/\"},\"wordCount\":903,\"commentCount\":0,\"publisher\":{\"@id\":\"https:\\\/\\\/rafaramirez.org\\\/blog\\\/#\\\/schema\\\/person\\\/50f43b6d60c578760d4c17bda54ab6a5\"},\"image\":{\"@id\":\"https:\\\/\\\/rafaramirez.org\\\/blog\\\/index.php\\\/2025\\\/01\\\/23\\\/dia-mundial-de-la-libertad\\\/#primaryimage\"},\"thumbnailUrl\":\"https:\\\/\\\/rafaramirez.org\\\/blog\\\/wp-content\\\/uploads\\\/2025\\\/01\\\/Dia_Mundial_de_la_Libertad_banner_logblog.jpg\",\"keywords\":[\"23 de enero\",\"Amnist\u00eda Internacional\",\"Derechos humanos y justicia social\",\"D\u00eda Mundial de la Libertad\",\"d\u00edas importantes\",\"efem\u00e9rides\",\"noticia social\",\"noticias sociales\",\"ONU\",\"Organizaci\u00f3n de las Naciones Unidas\",\"problema social\"],\"articleSection\":[\"Efem\u00e9rides\",\"Informe social\"],\"inLanguage\":\"es\",\"potentialAction\":[{\"@type\":\"CommentAction\",\"name\":\"Comment\",\"target\":[\"https:\\\/\\\/rafaramirez.org\\\/blog\\\/index.php\\\/2025\\\/01\\\/23\\\/dia-mundial-de-la-libertad\\\/#respond\"]}]},{\"@type\":\"WebPage\",\"@id\":\"https:\\\/\\\/rafaramirez.org\\\/blog\\\/index.php\\\/2025\\\/01\\\/23\\\/dia-mundial-de-la-libertad\\\/\",\"url\":\"https:\\\/\\\/rafaramirez.org\\\/blog\\\/index.php\\\/2025\\\/01\\\/23\\\/dia-mundial-de-la-libertad\\\/\",\"name\":\"D\u00eda Mundial de la Libertad: defender nuestras libertades y construir un futuro m\u00e1s justo y libre. - Blog de Rafael Ram\u00edrez\",\"isPartOf\":{\"@id\":\"https:\\\/\\\/rafaramirez.org\\\/blog\\\/#website\"},\"primaryImageOfPage\":{\"@id\":\"https:\\\/\\\/rafaramirez.org\\\/blog\\\/index.php\\\/2025\\\/01\\\/23\\\/dia-mundial-de-la-libertad\\\/#primaryimage\"},\"image\":{\"@id\":\"https:\\\/\\\/rafaramirez.org\\\/blog\\\/index.php\\\/2025\\\/01\\\/23\\\/dia-mundial-de-la-libertad\\\/#primaryimage\"},\"thumbnailUrl\":\"https:\\\/\\\/rafaramirez.org\\\/blog\\\/wp-content\\\/uploads\\\/2025\\\/01\\\/Dia_Mundial_de_la_Libertad_banner_logblog.jpg\",\"datePublished\":\"2025-01-23T07:15:19+00:00\",\"description\":\"El D\u00eda Mundial de la Libertad est\u00e1 dedicado a recordar y promover la importancia de la libertad y los derechos humanos en todo el mundo.\",\"breadcrumb\":{\"@id\":\"https:\\\/\\\/rafaramirez.org\\\/blog\\\/index.php\\\/2025\\\/01\\\/23\\\/dia-mundial-de-la-libertad\\\/#breadcrumb\"},\"inLanguage\":\"es\",\"potentialAction\":[{\"@type\":\"ReadAction\",\"target\":[\"https:\\\/\\\/rafaramirez.org\\\/blog\\\/index.php\\\/2025\\\/01\\\/23\\\/dia-mundial-de-la-libertad\\\/\"]}]},{\"@type\":\"ImageObject\",\"inLanguage\":\"es\",\"@id\":\"https:\\\/\\\/rafaramirez.org\\\/blog\\\/index.php\\\/2025\\\/01\\\/23\\\/dia-mundial-de-la-libertad\\\/#primaryimage\",\"url\":\"https:\\\/\\\/rafaramirez.org\\\/blog\\\/wp-content\\\/uploads\\\/2025\\\/01\\\/Dia_Mundial_de_la_Libertad_banner_logblog.jpg\",\"contentUrl\":\"https:\\\/\\\/rafaramirez.org\\\/blog\\\/wp-content\\\/uploads\\\/2025\\\/01\\\/Dia_Mundial_de_la_Libertad_banner_logblog.jpg\",\"width\":720,\"height\":440,\"caption\":\"D\u00eda Mundial de la Libertad. Blog de Rafael Ram\u00edrez.\"},{\"@type\":\"BreadcrumbList\",\"@id\":\"https:\\\/\\\/rafaramirez.org\\\/blog\\\/index.php\\\/2025\\\/01\\\/23\\\/dia-mundial-de-la-libertad\\\/#breadcrumb\",\"itemListElement\":[{\"@type\":\"ListItem\",\"position\":1,\"name\":\"Portada\",\"item\":\"https:\\\/\\\/rafaramirez.org\\\/blog\\\/\"},{\"@type\":\"ListItem\",\"position\":2,\"name\":\"D\u00eda Mundial de la Libertad: defender nuestras libertades y construir un futuro m\u00e1s justo y libre.\"}]},{\"@type\":\"WebSite\",\"@id\":\"https:\\\/\\\/rafaramirez.org\\\/blog\\\/#website\",\"url\":\"https:\\\/\\\/rafaramirez.org\\\/blog\\\/\",\"name\":\"Blog de Rafael Ram\u00edrez\",\"description\":\"Un sitio social, de arte y cultura\",\"publisher\":{\"@id\":\"https:\\\/\\\/rafaramirez.org\\\/blog\\\/#\\\/schema\\\/person\\\/50f43b6d60c578760d4c17bda54ab6a5\"},\"potentialAction\":[{\"@type\":\"SearchAction\",\"target\":{\"@type\":\"EntryPoint\",\"urlTemplate\":\"https:\\\/\\\/rafaramirez.org\\\/blog\\\/?s={search_term_string}\"},\"query-input\":{\"@type\":\"PropertyValueSpecification\",\"valueRequired\":true,\"valueName\":\"search_term_string\"}}],\"inLanguage\":\"es\"},{\"@type\":[\"Person\",\"Organization\"],\"@id\":\"https:\\\/\\\/rafaramirez.org\\\/blog\\\/#\\\/schema\\\/person\\\/50f43b6d60c578760d4c17bda54ab6a5\",\"name\":\"Rafael Ram\u00edrez\",\"image\":{\"@type\":\"ImageObject\",\"inLanguage\":\"es\",\"@id\":\"https:\\\/\\\/rafaramirez.org\\\/blog\\\/wp-content\\\/uploads\\\/2024\\\/09\\\/RR_socialnetwork.jpg\",\"url\":\"https:\\\/\\\/rafaramirez.org\\\/blog\\\/wp-content\\\/uploads\\\/2024\\\/09\\\/RR_socialnetwork.jpg\",\"contentUrl\":\"https:\\\/\\\/rafaramirez.org\\\/blog\\\/wp-content\\\/uploads\\\/2024\\\/09\\\/RR_socialnetwork.jpg\",\"width\":600,\"height\":606,\"caption\":\"Rafael Ram\u00edrez\"},\"logo\":{\"@id\":\"https:\\\/\\\/rafaramirez.org\\\/blog\\\/wp-content\\\/uploads\\\/2024\\\/09\\\/RR_socialnetwork.jpg\"},\"sameAs\":[\"https:\\\/\\\/www.rafaramirez.org\\\/blog\",\"https:\\\/\\\/www.instagram.com\\\/rafaramirez_ok\\\/\",\"https:\\\/\\\/es.pinterest.com\\\/Ramirez_Rafa\\\/\",\"https:\\\/\\\/x.com\\\/rafaramirez_ok\"],\"url\":\"https:\\\/\\\/rafaramirez.org\\\/blog\\\/index.php\\\/author\\\/rafaell_qm6j97da\\\/\"}]}<\/script>\n<!-- \/ Yoast SEO plugin. -->","yoast_head_json":{"title":"D\u00eda Mundial de la Libertad: defender nuestras libertades y construir un futuro m\u00e1s justo y libre. - Blog de Rafael Ram\u00edrez","description":"El D\u00eda Mundial de la Libertad est\u00e1 dedicado a recordar y promover la importancia de la libertad y los derechos humanos en todo el mundo.","robots":{"index":"index","follow":"follow","max-snippet":"max-snippet:-1","max-image-preview":"max-image-preview:large","max-video-preview":"max-video-preview:-1"},"canonical":"https:\/\/rafaramirez.org\/blog\/index.php\/2025\/01\/23\/dia-mundial-de-la-libertad\/","og_locale":"es_ES","og_type":"article","og_title":"D\u00eda Mundial de la Libertad: defender nuestras libertades y construir un futuro m\u00e1s justo y libre. - Blog de Rafael Ram\u00edrez","og_description":"El D\u00eda Mundial de la Libertad est\u00e1 dedicado a recordar y promover la importancia de la libertad y los derechos humanos en todo el mundo.","og_url":"https:\/\/rafaramirez.org\/blog\/index.php\/2025\/01\/23\/dia-mundial-de-la-libertad\/","og_site_name":"Blog de Rafael Ram\u00edrez","article_published_time":"2025-01-23T07:15:19+00:00","og_image":[{"width":720,"height":440,"url":"https:\/\/rafaramirez.org\/blog\/wp-content\/uploads\/2025\/01\/Dia_Mundial_de_la_Libertad_banner_logblog.jpg","type":"image\/jpeg"}],"author":"Rafael Ram\u00edrez","twitter_card":"summary_large_image","twitter_creator":"@rafaramirez_ok","twitter_site":"@rafaramirez_ok","twitter_misc":{"Escrito por":"Rafael Ram\u00edrez","Tiempo de lectura":"5 minutos"},"schema":{"@context":"https:\/\/schema.org","@graph":[{"@type":"Article","@id":"https:\/\/rafaramirez.org\/blog\/index.php\/2025\/01\/23\/dia-mundial-de-la-libertad\/#article","isPartOf":{"@id":"https:\/\/rafaramirez.org\/blog\/index.php\/2025\/01\/23\/dia-mundial-de-la-libertad\/"},"author":{"name":"Rafael Ram\u00edrez","@id":"https:\/\/rafaramirez.org\/blog\/#\/schema\/person\/50f43b6d60c578760d4c17bda54ab6a5"},"headline":"D\u00eda Mundial de la Libertad: defender nuestras libertades y construir un futuro m\u00e1s justo y libre.","datePublished":"2025-01-23T07:15:19+00:00","mainEntityOfPage":{"@id":"https:\/\/rafaramirez.org\/blog\/index.php\/2025\/01\/23\/dia-mundial-de-la-libertad\/"},"wordCount":903,"commentCount":0,"publisher":{"@id":"https:\/\/rafaramirez.org\/blog\/#\/schema\/person\/50f43b6d60c578760d4c17bda54ab6a5"},"image":{"@id":"https:\/\/rafaramirez.org\/blog\/index.php\/2025\/01\/23\/dia-mundial-de-la-libertad\/#primaryimage"},"thumbnailUrl":"https:\/\/rafaramirez.org\/blog\/wp-content\/uploads\/2025\/01\/Dia_Mundial_de_la_Libertad_banner_logblog.jpg","keywords":["23 de enero","Amnist\u00eda Internacional","Derechos humanos y justicia social","D\u00eda Mundial de la Libertad","d\u00edas importantes","efem\u00e9rides","noticia social","noticias sociales","ONU","Organizaci\u00f3n de las Naciones Unidas","problema social"],"articleSection":["Efem\u00e9rides","Informe social"],"inLanguage":"es","potentialAction":[{"@type":"CommentAction","name":"Comment","target":["https:\/\/rafaramirez.org\/blog\/index.php\/2025\/01\/23\/dia-mundial-de-la-libertad\/#respond"]}]},{"@type":"WebPage","@id":"https:\/\/rafaramirez.org\/blog\/index.php\/2025\/01\/23\/dia-mundial-de-la-libertad\/","url":"https:\/\/rafaramirez.org\/blog\/index.php\/2025\/01\/23\/dia-mundial-de-la-libertad\/","name":"D\u00eda Mundial de la Libertad: defender nuestras libertades y construir un futuro m\u00e1s justo y libre. - Blog de Rafael Ram\u00edrez","isPartOf":{"@id":"https:\/\/rafaramirez.org\/blog\/#website"},"primaryImageOfPage":{"@id":"https:\/\/rafaramirez.org\/blog\/index.php\/2025\/01\/23\/dia-mundial-de-la-libertad\/#primaryimage"},"image":{"@id":"https:\/\/rafaramirez.org\/blog\/index.php\/2025\/01\/23\/dia-mundial-de-la-libertad\/#primaryimage"},"thumbnailUrl":"https:\/\/rafaramirez.org\/blog\/wp-content\/uploads\/2025\/01\/Dia_Mundial_de_la_Libertad_banner_logblog.jpg","datePublished":"2025-01-23T07:15:19+00:00","description":"El D\u00eda Mundial de la Libertad est\u00e1 dedicado a recordar y promover la importancia de la libertad y los derechos humanos en todo el mundo.","breadcrumb":{"@id":"https:\/\/rafaramirez.org\/blog\/index.php\/2025\/01\/23\/dia-mundial-de-la-libertad\/#breadcrumb"},"inLanguage":"es","potentialAction":[{"@type":"ReadAction","target":["https:\/\/rafaramirez.org\/blog\/index.php\/2025\/01\/23\/dia-mundial-de-la-libertad\/"]}]},{"@type":"ImageObject","inLanguage":"es","@id":"https:\/\/rafaramirez.org\/blog\/index.php\/2025\/01\/23\/dia-mundial-de-la-libertad\/#primaryimage","url":"https:\/\/rafaramirez.org\/blog\/wp-content\/uploads\/2025\/01\/Dia_Mundial_de_la_Libertad_banner_logblog.jpg","contentUrl":"https:\/\/rafaramirez.org\/blog\/wp-content\/uploads\/2025\/01\/Dia_Mundial_de_la_Libertad_banner_logblog.jpg","width":720,"height":440,"caption":"D\u00eda Mundial de la Libertad. Blog de Rafael Ram\u00edrez."},{"@type":"BreadcrumbList","@id":"https:\/\/rafaramirez.org\/blog\/index.php\/2025\/01\/23\/dia-mundial-de-la-libertad\/#breadcrumb","itemListElement":[{"@type":"ListItem","position":1,"name":"Portada","item":"https:\/\/rafaramirez.org\/blog\/"},{"@type":"ListItem","position":2,"name":"D\u00eda Mundial de la Libertad: defender nuestras libertades y construir un futuro m\u00e1s justo y libre."}]},{"@type":"WebSite","@id":"https:\/\/rafaramirez.org\/blog\/#website","url":"https:\/\/rafaramirez.org\/blog\/","name":"Blog de Rafael Ram\u00edrez","description":"Un sitio social, de arte y cultura","publisher":{"@id":"https:\/\/rafaramirez.org\/blog\/#\/schema\/person\/50f43b6d60c578760d4c17bda54ab6a5"},"potentialAction":[{"@type":"SearchAction","target":{"@type":"EntryPoint","urlTemplate":"https:\/\/rafaramirez.org\/blog\/?s={search_term_string}"},"query-input":{"@type":"PropertyValueSpecification","valueRequired":true,"valueName":"search_term_string"}}],"inLanguage":"es"},{"@type":["Person","Organization"],"@id":"https:\/\/rafaramirez.org\/blog\/#\/schema\/person\/50f43b6d60c578760d4c17bda54ab6a5","name":"Rafael Ram\u00edrez","image":{"@type":"ImageObject","inLanguage":"es","@id":"https:\/\/rafaramirez.org\/blog\/wp-content\/uploads\/2024\/09\/RR_socialnetwork.jpg","url":"https:\/\/rafaramirez.org\/blog\/wp-content\/uploads\/2024\/09\/RR_socialnetwork.jpg","contentUrl":"https:\/\/rafaramirez.org\/blog\/wp-content\/uploads\/2024\/09\/RR_socialnetwork.jpg","width":600,"height":606,"caption":"Rafael Ram\u00edrez"},"logo":{"@id":"https:\/\/rafaramirez.org\/blog\/wp-content\/uploads\/2024\/09\/RR_socialnetwork.jpg"},"sameAs":["https:\/\/www.rafaramirez.org\/blog","https:\/\/www.instagram.com\/rafaramirez_ok\/","https:\/\/es.pinterest.com\/Ramirez_Rafa\/","https:\/\/x.com\/rafaramirez_ok"],"url":"https:\/\/rafaramirez.org\/blog\/index.php\/author\/rafaell_qm6j97da\/"}]}},"jetpack_publicize_connections":[],"jetpack_sharing_enabled":true,"jetpack_likes_enabled":true,"jetpack_featured_media_url":"https:\/\/rafaramirez.org\/blog\/wp-content\/uploads\/2025\/01\/Dia_Mundial_de_la_Libertad_banner_logblog.jpg","_links":{"self":[{"href":"https:\/\/rafaramirez.org\/blog\/index.php\/wp-json\/wp\/v2\/posts\/7804","targetHints":{"allow":["GET"]}}],"collection":[{"href":"https:\/\/rafaramirez.org\/blog\/index.php\/wp-json\/wp\/v2\/posts"}],"about":[{"href":"https:\/\/rafaramirez.org\/blog\/index.php\/wp-json\/wp\/v2\/types\/post"}],"author":[{"embeddable":true,"href":"https:\/\/rafaramirez.org\/blog\/index.php\/wp-json\/wp\/v2\/users\/1"}],"replies":[{"embeddable":true,"href":"https:\/\/rafaramirez.org\/blog\/index.php\/wp-json\/wp\/v2\/comments?post=7804"}],"version-history":[{"count":6,"href":"https:\/\/rafaramirez.org\/blog\/index.php\/wp-json\/wp\/v2\/posts\/7804\/revisions"}],"predecessor-version":[{"id":7814,"href":"https:\/\/rafaramirez.org\/blog\/index.php\/wp-json\/wp\/v2\/posts\/7804\/revisions\/7814"}],"wp:featuredmedia":[{"embeddable":true,"href":"https:\/\/rafaramirez.org\/blog\/index.php\/wp-json\/wp\/v2\/media\/7810"}],"wp:attachment":[{"href":"https:\/\/rafaramirez.org\/blog\/index.php\/wp-json\/wp\/v2\/media?parent=7804"}],"wp:term":[{"taxonomy":"category","embeddable":true,"href":"https:\/\/rafaramirez.org\/blog\/index.php\/wp-json\/wp\/v2\/categories?post=7804"},{"taxonomy":"post_tag","embeddable":true,"href":"https:\/\/rafaramirez.org\/blog\/index.php\/wp-json\/wp\/v2\/tags?post=7804"}],"curies":[{"name":"wp","href":"https:\/\/api.w.org\/{rel}","templated":true}]}}