{"id":7794,"date":"2025-01-22T08:15:58","date_gmt":"2025-01-22T07:15:58","guid":{"rendered":"https:\/\/rafaramirez.org\/blog\/?p=7794"},"modified":"2025-01-14T14:13:08","modified_gmt":"2025-01-14T13:13:08","slug":"ojala-palabra-bonita","status":"publish","type":"post","link":"https:\/\/rafaramirez.org\/blog\/index.php\/2025\/01\/22\/ojala-palabra-bonita\/","title":{"rendered":"\u00abOjal\u00e1\u00bb palabra bonita en nuestro proyecto. Te cuento su significado e historia."},"content":{"rendered":"<p><strong>\u00abOjal\u00e1\u00bb<\/strong> es la palabra bonita de hoy y tiene una historia fascinante y un significado profundo en la lengua espa\u00f1ola. Proviene del <strong>\u00e1rabe cl\u00e1sico<\/strong> y se introdujo en espa\u00f1ol durante la \u00e9poca de dominaci\u00f3n musulmana en la <strong>Pen\u00ednsula Ib\u00e9rica<\/strong>.<\/p>\n<p>En el lenguaje cotidiano, \u00abojal\u00e1\u00bb expresa un deseo intenso o la esperanza de que algo ocurra. Por ejemplo, puedes decir \u00abOjal\u00e1 que llueva ma\u00f1ana\u00bb para expresar tu deseo de que llueva. Es una palabra cargada de anhelo y optimismo, y refleja la influencia cultural y ling\u00fc\u00edstica \u00e1rabe en el espa\u00f1ol.<\/p>\n<h3>Origen y Etimolog\u00eda.<\/h3>\n<p>La palabra \u00abojal\u00e1\u00bb proviene del \u00e1rabe cl\u00e1sico \u00abinshallah\u00bb (\u0625\u0646 \u0634\u0627\u0621 \u0627\u0644\u0644\u0647), que significa \u00absi Dios quiere\u00bb o \u00abDios mediante\u00bb. Esta expresi\u00f3n se introdujo en el espa\u00f1ol durante la \u00e9poca de la dominaci\u00f3n musulmana en la Pen\u00ednsula Ib\u00e9rica, que comenz\u00f3 en el siglo VIII y dur\u00f3 varios siglos. La influencia \u00e1rabe en el espa\u00f1ol es significativa, y \u00abojal\u00e1\u00bb es uno de los muchos ejemplos de palabras incorporadas al idioma.<\/p>\n<h4>Evoluci\u00f3n<\/h4>\n<p>Con el paso del tiempo, el significado de \u00abojal\u00e1\u00bb ha evolucionado. Originalmente, ten\u00eda un fuerte componente religioso y reflejaba la voluntad divina. Sin embargo, en el espa\u00f1ol moderno ha perdido gran parte de su connotaci\u00f3n religiosa y se utiliza m\u00e1s ampliamente para expresar deseos y esperanzas. Por ejemplo:<\/p>\n<ul>\n<li>Deseo personal: \u00abOjal\u00e1 me llamen para el trabajo.\u00bb<\/li>\n<li>Esperanza general: \u00abOjal\u00e1 que ma\u00f1ana haga buen tiempo.\u00bb<\/li>\n<\/ul>\n<figure id=\"attachment_7800\" aria-describedby=\"caption-attachment-7800\" style=\"width: 300px\" class=\"wp-caption aligncenter\"><a href=\"https:\/\/rafaramirez.org\/blog\/wp-content\/uploads\/2025\/01\/girl-1894125.jpg\" target=\"_blank\" rel=\"noopener\"><img loading=\"lazy\" decoding=\"async\" class=\"wp-image-7800 size-medium\" src=\"https:\/\/rafaramirez.org\/blog\/wp-content\/uploads\/2025\/01\/girl-1894125-300x200.jpg\" alt=\"&quot;Ojal\u00e1&quot;. Proyecto palabras bonitas. Blog de Rafael Ram\u00edrez.\" width=\"300\" height=\"200\" srcset=\"https:\/\/rafaramirez.org\/blog\/wp-content\/uploads\/2025\/01\/girl-1894125-300x200.jpg 300w, https:\/\/rafaramirez.org\/blog\/wp-content\/uploads\/2025\/01\/girl-1894125-768x512.jpg 768w, https:\/\/rafaramirez.org\/blog\/wp-content\/uploads\/2025\/01\/girl-1894125.jpg 1000w\" sizes=\"auto, (max-width: 300px) 100vw, 300px\" \/><\/a><figcaption id=\"caption-attachment-7800\" class=\"wp-caption-text\">\u00abOjal\u00e1\u00bb. Proyecto palabras bonitas. Blog de Rafael Ram\u00edrez.<\/figcaption><\/figure>\n<h4>Uso en la literatura y la cultura<\/h4>\n<p>\u00abOjal\u00e1\u00bb es una palabra recurrente en la literatura y la m\u00fasica en espa\u00f1ol. Poetas y escritores la han utilizado para expresar anhelos profundos y aspiraciones. En la m\u00fasica, es com\u00fan encontrarla en letras de canciones que hablan de amor, esperanza y sue\u00f1os.<\/p>\n<h4>Influencia cultural<\/h4>\n<p>La palabra \u00abojal\u00e1\u00bb es un testimonio de la rica herencia cultural y ling\u00fc\u00edstica de Espa\u00f1a. Asimismo, refleja c\u00f3mo las diferentes culturas que han pasado por la Pen\u00ednsula Ib\u00e9rica han dejado su huella en el idioma y en la forma de pensar de sus habitantes.<\/p>\n<figure id=\"attachment_7801\" aria-describedby=\"caption-attachment-7801\" style=\"width: 300px\" class=\"wp-caption aligncenter\"><a href=\"https:\/\/rafaramirez.org\/blog\/wp-content\/uploads\/2025\/01\/breakfast-848313.jpg\" target=\"_blank\" rel=\"noopener\"><img loading=\"lazy\" decoding=\"async\" class=\"wp-image-7801 size-medium\" src=\"https:\/\/rafaramirez.org\/blog\/wp-content\/uploads\/2025\/01\/breakfast-848313-300x200.jpg\" alt=\"&quot;Ojal\u00e1&quot;. Proyecto palabras bonitas. Blog de Rafael Ram\u00edrez.\" width=\"300\" height=\"200\" srcset=\"https:\/\/rafaramirez.org\/blog\/wp-content\/uploads\/2025\/01\/breakfast-848313-300x200.jpg 300w, https:\/\/rafaramirez.org\/blog\/wp-content\/uploads\/2025\/01\/breakfast-848313-768x512.jpg 768w, https:\/\/rafaramirez.org\/blog\/wp-content\/uploads\/2025\/01\/breakfast-848313.jpg 1000w\" sizes=\"auto, (max-width: 300px) 100vw, 300px\" \/><\/a><figcaption id=\"caption-attachment-7801\" class=\"wp-caption-text\">\u00abOjal\u00e1\u00bb. Proyecto palabras bonitas. Blog de Rafael Ram\u00edrez.<\/figcaption><\/figure>\n<p>Sin duda, \u00abojal\u00e1\u00bb es una palabra bonita por su sonoridad suave y melodiosa, su significado lleno de esperanza y deseo, su rica historia cultural que conecta el espa\u00f1ol con el \u00e1rabe y su uso po\u00e9tico en la literatura y la m\u00fasica.<\/p>\n<p>Y a ti, \u00bfqu\u00e9 te parece nuestra palabra bonita? Te invito a dejar un comentario debajo del post.<\/p>\n<p>M\u00e1s informaci\u00f3n:<\/p>\n<ul>\n<li><a href=\"https:\/\/es.wiktionary.org\/wiki\/ojal%C3%A1\" target=\"_blank\" rel=\"noopener\">Wiktionary<\/a>.<\/li>\n<li><a href=\"https:\/\/rafaramirez.org\/blog\/index.php\/category\/arte\/palabras-bonitas\/\" target=\"_blank\" rel=\"noopener\">Otras palabras bonitas en el proyecto<\/a>.<\/li>\n<\/ul>\n","protected":false},"excerpt":{"rendered":"<p>\u00abOjal\u00e1\u00bb es la palabra bonita de hoy y tiene una historia fascinante y un significado profundo en la lengua espa\u00f1ola. Proviene del \u00e1rabe cl\u00e1sico y se introdujo en espa\u00f1ol durante la \u00e9poca de dominaci\u00f3n musulmana en la Pen\u00ednsula Ib\u00e9rica. En el lenguaje cotidiano, \u00abojal\u00e1\u00bb expresa un deseo intenso o la esperanza de que algo ocurra. [&hellip;]<\/p>\n","protected":false},"author":1,"featured_media":7799,"comment_status":"open","ping_status":"closed","sticky":false,"template":"","format":"standard","meta":{"site-container-style":"default","site-container-layout":"default","site-sidebar-layout":"default","disable-article-header":"default","disable-site-header":"default","disable-site-footer":"default","disable-content-area-spacing":"default","_jetpack_newsletter_access":"","_jetpack_dont_email_post_to_subs":false,"_jetpack_newsletter_tier_id":0,"_jetpack_memberships_contains_paywalled_content":false,"_jetpack_feature_clip_id":0,"_jetpack_memberships_contains_paid_content":false,"footnotes":"","jetpack_publicize_message":"","jetpack_publicize_feature_enabled":true,"jetpack_social_post_already_shared":true,"jetpack_social_options":{"image_generator_settings":{"template":"highway","default_image_id":0,"font":"","enabled":false},"version":2},"jetpack_post_was_ever_published":false},"categories":[581],"tags":[3982,3980,3981,68,3326],"class_list":["post-7794","post","type-post","status-publish","format-standard","has-post-thumbnail","hentry","category-palabras-bonitas","tag-inshallah","tag-ojala","tag-ojala-palabra-bonita","tag-blog-de-rafael-ramirez","tag-proyecto-palabras-bonitas"],"yoast_head":"<!-- This site is optimized with the Yoast SEO plugin v28.4 - https:\/\/yoast.com\/product\/yoast-seo-wordpress\/ -->\n<title>&quot;Ojal\u00e1&quot; palabra bonita en nuestro proyecto. Te cuento su significado e historia. - Blog de Rafael Ram\u00edrez<\/title>\n<meta name=\"description\" content=\"&quot;Ojal\u00e1&quot; es nuestra palabra bonita de hoy y tiene una historia fascinante y un significado profundo en la lengua espa\u00f1ola.\" \/>\n<meta name=\"robots\" content=\"index, follow, max-snippet:-1, max-image-preview:large, max-video-preview:-1\" \/>\n<link rel=\"canonical\" href=\"https:\/\/rafaramirez.org\/blog\/index.php\/2025\/01\/22\/ojala-palabra-bonita\/\" \/>\n<meta property=\"og:locale\" content=\"es_ES\" \/>\n<meta property=\"og:type\" content=\"article\" \/>\n<meta property=\"og:title\" content=\"&quot;Ojal\u00e1&quot; palabra bonita en nuestro proyecto. Te cuento su significado e historia. - Blog de Rafael Ram\u00edrez\" \/>\n<meta property=\"og:description\" content=\"&quot;Ojal\u00e1&quot; es nuestra palabra bonita de hoy y tiene una historia fascinante y un significado profundo en la lengua espa\u00f1ola.\" \/>\n<meta property=\"og:url\" content=\"https:\/\/rafaramirez.org\/blog\/index.php\/2025\/01\/22\/ojala-palabra-bonita\/\" \/>\n<meta property=\"og:site_name\" content=\"Blog de Rafael Ram\u00edrez\" \/>\n<meta property=\"article:published_time\" content=\"2025-01-22T07:15:58+00:00\" \/>\n<meta property=\"og:image\" content=\"https:\/\/rafaramirez.org\/blog\/wp-content\/uploads\/2025\/01\/Ojala_proyecto_palabras_bonitas_banner_blog.jpg\" \/>\n\t<meta property=\"og:image:width\" content=\"720\" \/>\n\t<meta property=\"og:image:height\" content=\"440\" \/>\n\t<meta property=\"og:image:type\" content=\"image\/jpeg\" \/>\n<meta name=\"author\" content=\"Rafael Ram\u00edrez\" \/>\n<meta name=\"twitter:card\" content=\"summary_large_image\" \/>\n<meta name=\"twitter:creator\" content=\"@rafaramirez_ok\" \/>\n<meta name=\"twitter:site\" content=\"@rafaramirez_ok\" \/>\n<meta name=\"twitter:label1\" content=\"Escrito por\" \/>\n\t<meta name=\"twitter:data1\" content=\"Rafael Ram\u00edrez\" \/>\n\t<meta name=\"twitter:label2\" content=\"Tiempo de lectura\" \/>\n\t<meta name=\"twitter:data2\" content=\"3 minutos\" \/>\n<script type=\"application\/ld+json\" class=\"yoast-schema-graph\">{\"@context\":\"https:\\\/\\\/schema.org\",\"@graph\":[{\"@type\":\"Article\",\"@id\":\"https:\\\/\\\/rafaramirez.org\\\/blog\\\/index.php\\\/2025\\\/01\\\/22\\\/ojala-palabra-bonita\\\/#article\",\"isPartOf\":{\"@id\":\"https:\\\/\\\/rafaramirez.org\\\/blog\\\/index.php\\\/2025\\\/01\\\/22\\\/ojala-palabra-bonita\\\/\"},\"author\":{\"name\":\"Rafael Ram\u00edrez\",\"@id\":\"https:\\\/\\\/rafaramirez.org\\\/blog\\\/#\\\/schema\\\/person\\\/50f43b6d60c578760d4c17bda54ab6a5\"},\"headline\":\"\u00abOjal\u00e1\u00bb palabra bonita en nuestro proyecto. Te cuento su significado e historia.\",\"datePublished\":\"2025-01-22T07:15:58+00:00\",\"mainEntityOfPage\":{\"@id\":\"https:\\\/\\\/rafaramirez.org\\\/blog\\\/index.php\\\/2025\\\/01\\\/22\\\/ojala-palabra-bonita\\\/\"},\"wordCount\":467,\"commentCount\":0,\"publisher\":{\"@id\":\"https:\\\/\\\/rafaramirez.org\\\/blog\\\/#\\\/schema\\\/person\\\/50f43b6d60c578760d4c17bda54ab6a5\"},\"image\":{\"@id\":\"https:\\\/\\\/rafaramirez.org\\\/blog\\\/index.php\\\/2025\\\/01\\\/22\\\/ojala-palabra-bonita\\\/#primaryimage\"},\"thumbnailUrl\":\"https:\\\/\\\/rafaramirez.org\\\/blog\\\/wp-content\\\/uploads\\\/2025\\\/01\\\/Ojala_proyecto_palabras_bonitas_banner_blog.jpg\",\"keywords\":[\"\\\"inshallah\\\"\",\"\\\"Ojal\u00e1\\\"\",\"\\\"Ojal\u00e1\\\" palabra bonita\",\"blog de Rafael Ram\u00edrez\",\"proyecto palabras bonitas\"],\"articleSection\":[\"Proyecto Palabras Bonitas\"],\"inLanguage\":\"es\",\"potentialAction\":[{\"@type\":\"CommentAction\",\"name\":\"Comment\",\"target\":[\"https:\\\/\\\/rafaramirez.org\\\/blog\\\/index.php\\\/2025\\\/01\\\/22\\\/ojala-palabra-bonita\\\/#respond\"]}]},{\"@type\":\"WebPage\",\"@id\":\"https:\\\/\\\/rafaramirez.org\\\/blog\\\/index.php\\\/2025\\\/01\\\/22\\\/ojala-palabra-bonita\\\/\",\"url\":\"https:\\\/\\\/rafaramirez.org\\\/blog\\\/index.php\\\/2025\\\/01\\\/22\\\/ojala-palabra-bonita\\\/\",\"name\":\"\\\"Ojal\u00e1\\\" palabra bonita en nuestro proyecto. Te cuento su significado e historia. - Blog de Rafael Ram\u00edrez\",\"isPartOf\":{\"@id\":\"https:\\\/\\\/rafaramirez.org\\\/blog\\\/#website\"},\"primaryImageOfPage\":{\"@id\":\"https:\\\/\\\/rafaramirez.org\\\/blog\\\/index.php\\\/2025\\\/01\\\/22\\\/ojala-palabra-bonita\\\/#primaryimage\"},\"image\":{\"@id\":\"https:\\\/\\\/rafaramirez.org\\\/blog\\\/index.php\\\/2025\\\/01\\\/22\\\/ojala-palabra-bonita\\\/#primaryimage\"},\"thumbnailUrl\":\"https:\\\/\\\/rafaramirez.org\\\/blog\\\/wp-content\\\/uploads\\\/2025\\\/01\\\/Ojala_proyecto_palabras_bonitas_banner_blog.jpg\",\"datePublished\":\"2025-01-22T07:15:58+00:00\",\"description\":\"\\\"Ojal\u00e1\\\" es nuestra palabra bonita de hoy y tiene una historia fascinante y un significado profundo en la lengua espa\u00f1ola.\",\"breadcrumb\":{\"@id\":\"https:\\\/\\\/rafaramirez.org\\\/blog\\\/index.php\\\/2025\\\/01\\\/22\\\/ojala-palabra-bonita\\\/#breadcrumb\"},\"inLanguage\":\"es\",\"potentialAction\":[{\"@type\":\"ReadAction\",\"target\":[\"https:\\\/\\\/rafaramirez.org\\\/blog\\\/index.php\\\/2025\\\/01\\\/22\\\/ojala-palabra-bonita\\\/\"]}]},{\"@type\":\"ImageObject\",\"inLanguage\":\"es\",\"@id\":\"https:\\\/\\\/rafaramirez.org\\\/blog\\\/index.php\\\/2025\\\/01\\\/22\\\/ojala-palabra-bonita\\\/#primaryimage\",\"url\":\"https:\\\/\\\/rafaramirez.org\\\/blog\\\/wp-content\\\/uploads\\\/2025\\\/01\\\/Ojala_proyecto_palabras_bonitas_banner_blog.jpg\",\"contentUrl\":\"https:\\\/\\\/rafaramirez.org\\\/blog\\\/wp-content\\\/uploads\\\/2025\\\/01\\\/Ojala_proyecto_palabras_bonitas_banner_blog.jpg\",\"width\":720,\"height\":440,\"caption\":\"\\\"Ojal\u00e1\\\". Proyecto palabras bonitas. Blog de Rafael Ram\u00edrez.\"},{\"@type\":\"BreadcrumbList\",\"@id\":\"https:\\\/\\\/rafaramirez.org\\\/blog\\\/index.php\\\/2025\\\/01\\\/22\\\/ojala-palabra-bonita\\\/#breadcrumb\",\"itemListElement\":[{\"@type\":\"ListItem\",\"position\":1,\"name\":\"Portada\",\"item\":\"https:\\\/\\\/rafaramirez.org\\\/blog\\\/\"},{\"@type\":\"ListItem\",\"position\":2,\"name\":\"\u00abOjal\u00e1\u00bb palabra bonita en nuestro proyecto. Te cuento su significado e historia.\"}]},{\"@type\":\"WebSite\",\"@id\":\"https:\\\/\\\/rafaramirez.org\\\/blog\\\/#website\",\"url\":\"https:\\\/\\\/rafaramirez.org\\\/blog\\\/\",\"name\":\"Blog de Rafael Ram\u00edrez\",\"description\":\"Un sitio social, de arte y cultura\",\"publisher\":{\"@id\":\"https:\\\/\\\/rafaramirez.org\\\/blog\\\/#\\\/schema\\\/person\\\/50f43b6d60c578760d4c17bda54ab6a5\"},\"potentialAction\":[{\"@type\":\"SearchAction\",\"target\":{\"@type\":\"EntryPoint\",\"urlTemplate\":\"https:\\\/\\\/rafaramirez.org\\\/blog\\\/?s={search_term_string}\"},\"query-input\":{\"@type\":\"PropertyValueSpecification\",\"valueRequired\":true,\"valueName\":\"search_term_string\"}}],\"inLanguage\":\"es\"},{\"@type\":[\"Person\",\"Organization\"],\"@id\":\"https:\\\/\\\/rafaramirez.org\\\/blog\\\/#\\\/schema\\\/person\\\/50f43b6d60c578760d4c17bda54ab6a5\",\"name\":\"Rafael Ram\u00edrez\",\"image\":{\"@type\":\"ImageObject\",\"inLanguage\":\"es\",\"@id\":\"https:\\\/\\\/rafaramirez.org\\\/blog\\\/wp-content\\\/uploads\\\/2024\\\/09\\\/RR_socialnetwork.jpg\",\"url\":\"https:\\\/\\\/rafaramirez.org\\\/blog\\\/wp-content\\\/uploads\\\/2024\\\/09\\\/RR_socialnetwork.jpg\",\"contentUrl\":\"https:\\\/\\\/rafaramirez.org\\\/blog\\\/wp-content\\\/uploads\\\/2024\\\/09\\\/RR_socialnetwork.jpg\",\"width\":600,\"height\":606,\"caption\":\"Rafael Ram\u00edrez\"},\"logo\":{\"@id\":\"https:\\\/\\\/rafaramirez.org\\\/blog\\\/wp-content\\\/uploads\\\/2024\\\/09\\\/RR_socialnetwork.jpg\"},\"sameAs\":[\"https:\\\/\\\/www.rafaramirez.org\\\/blog\",\"https:\\\/\\\/www.instagram.com\\\/rafaramirez_ok\\\/\",\"https:\\\/\\\/es.pinterest.com\\\/Ramirez_Rafa\\\/\",\"https:\\\/\\\/x.com\\\/rafaramirez_ok\"],\"url\":\"https:\\\/\\\/rafaramirez.org\\\/blog\\\/index.php\\\/author\\\/rafaell_qm6j97da\\\/\"}]}<\/script>\n<!-- \/ Yoast SEO plugin. -->","yoast_head_json":{"title":"\"Ojal\u00e1\" palabra bonita en nuestro proyecto. Te cuento su significado e historia. - Blog de Rafael Ram\u00edrez","description":"\"Ojal\u00e1\" es nuestra palabra bonita de hoy y tiene una historia fascinante y un significado profundo en la lengua espa\u00f1ola.","robots":{"index":"index","follow":"follow","max-snippet":"max-snippet:-1","max-image-preview":"max-image-preview:large","max-video-preview":"max-video-preview:-1"},"canonical":"https:\/\/rafaramirez.org\/blog\/index.php\/2025\/01\/22\/ojala-palabra-bonita\/","og_locale":"es_ES","og_type":"article","og_title":"\"Ojal\u00e1\" palabra bonita en nuestro proyecto. Te cuento su significado e historia. - Blog de Rafael Ram\u00edrez","og_description":"\"Ojal\u00e1\" es nuestra palabra bonita de hoy y tiene una historia fascinante y un significado profundo en la lengua espa\u00f1ola.","og_url":"https:\/\/rafaramirez.org\/blog\/index.php\/2025\/01\/22\/ojala-palabra-bonita\/","og_site_name":"Blog de Rafael Ram\u00edrez","article_published_time":"2025-01-22T07:15:58+00:00","og_image":[{"width":720,"height":440,"url":"https:\/\/rafaramirez.org\/blog\/wp-content\/uploads\/2025\/01\/Ojala_proyecto_palabras_bonitas_banner_blog.jpg","type":"image\/jpeg"}],"author":"Rafael Ram\u00edrez","twitter_card":"summary_large_image","twitter_creator":"@rafaramirez_ok","twitter_site":"@rafaramirez_ok","twitter_misc":{"Escrito por":"Rafael Ram\u00edrez","Tiempo de lectura":"3 minutos"},"schema":{"@context":"https:\/\/schema.org","@graph":[{"@type":"Article","@id":"https:\/\/rafaramirez.org\/blog\/index.php\/2025\/01\/22\/ojala-palabra-bonita\/#article","isPartOf":{"@id":"https:\/\/rafaramirez.org\/blog\/index.php\/2025\/01\/22\/ojala-palabra-bonita\/"},"author":{"name":"Rafael Ram\u00edrez","@id":"https:\/\/rafaramirez.org\/blog\/#\/schema\/person\/50f43b6d60c578760d4c17bda54ab6a5"},"headline":"\u00abOjal\u00e1\u00bb palabra bonita en nuestro proyecto. Te cuento su significado e historia.","datePublished":"2025-01-22T07:15:58+00:00","mainEntityOfPage":{"@id":"https:\/\/rafaramirez.org\/blog\/index.php\/2025\/01\/22\/ojala-palabra-bonita\/"},"wordCount":467,"commentCount":0,"publisher":{"@id":"https:\/\/rafaramirez.org\/blog\/#\/schema\/person\/50f43b6d60c578760d4c17bda54ab6a5"},"image":{"@id":"https:\/\/rafaramirez.org\/blog\/index.php\/2025\/01\/22\/ojala-palabra-bonita\/#primaryimage"},"thumbnailUrl":"https:\/\/rafaramirez.org\/blog\/wp-content\/uploads\/2025\/01\/Ojala_proyecto_palabras_bonitas_banner_blog.jpg","keywords":["\"inshallah\"","\"Ojal\u00e1\"","\"Ojal\u00e1\" palabra bonita","blog de Rafael Ram\u00edrez","proyecto palabras bonitas"],"articleSection":["Proyecto Palabras Bonitas"],"inLanguage":"es","potentialAction":[{"@type":"CommentAction","name":"Comment","target":["https:\/\/rafaramirez.org\/blog\/index.php\/2025\/01\/22\/ojala-palabra-bonita\/#respond"]}]},{"@type":"WebPage","@id":"https:\/\/rafaramirez.org\/blog\/index.php\/2025\/01\/22\/ojala-palabra-bonita\/","url":"https:\/\/rafaramirez.org\/blog\/index.php\/2025\/01\/22\/ojala-palabra-bonita\/","name":"\"Ojal\u00e1\" palabra bonita en nuestro proyecto. Te cuento su significado e historia. - Blog de Rafael Ram\u00edrez","isPartOf":{"@id":"https:\/\/rafaramirez.org\/blog\/#website"},"primaryImageOfPage":{"@id":"https:\/\/rafaramirez.org\/blog\/index.php\/2025\/01\/22\/ojala-palabra-bonita\/#primaryimage"},"image":{"@id":"https:\/\/rafaramirez.org\/blog\/index.php\/2025\/01\/22\/ojala-palabra-bonita\/#primaryimage"},"thumbnailUrl":"https:\/\/rafaramirez.org\/blog\/wp-content\/uploads\/2025\/01\/Ojala_proyecto_palabras_bonitas_banner_blog.jpg","datePublished":"2025-01-22T07:15:58+00:00","description":"\"Ojal\u00e1\" es nuestra palabra bonita de hoy y tiene una historia fascinante y un significado profundo en la lengua espa\u00f1ola.","breadcrumb":{"@id":"https:\/\/rafaramirez.org\/blog\/index.php\/2025\/01\/22\/ojala-palabra-bonita\/#breadcrumb"},"inLanguage":"es","potentialAction":[{"@type":"ReadAction","target":["https:\/\/rafaramirez.org\/blog\/index.php\/2025\/01\/22\/ojala-palabra-bonita\/"]}]},{"@type":"ImageObject","inLanguage":"es","@id":"https:\/\/rafaramirez.org\/blog\/index.php\/2025\/01\/22\/ojala-palabra-bonita\/#primaryimage","url":"https:\/\/rafaramirez.org\/blog\/wp-content\/uploads\/2025\/01\/Ojala_proyecto_palabras_bonitas_banner_blog.jpg","contentUrl":"https:\/\/rafaramirez.org\/blog\/wp-content\/uploads\/2025\/01\/Ojala_proyecto_palabras_bonitas_banner_blog.jpg","width":720,"height":440,"caption":"\"Ojal\u00e1\". Proyecto palabras bonitas. Blog de Rafael Ram\u00edrez."},{"@type":"BreadcrumbList","@id":"https:\/\/rafaramirez.org\/blog\/index.php\/2025\/01\/22\/ojala-palabra-bonita\/#breadcrumb","itemListElement":[{"@type":"ListItem","position":1,"name":"Portada","item":"https:\/\/rafaramirez.org\/blog\/"},{"@type":"ListItem","position":2,"name":"\u00abOjal\u00e1\u00bb palabra bonita en nuestro proyecto. Te cuento su significado e historia."}]},{"@type":"WebSite","@id":"https:\/\/rafaramirez.org\/blog\/#website","url":"https:\/\/rafaramirez.org\/blog\/","name":"Blog de Rafael Ram\u00edrez","description":"Un sitio social, de arte y cultura","publisher":{"@id":"https:\/\/rafaramirez.org\/blog\/#\/schema\/person\/50f43b6d60c578760d4c17bda54ab6a5"},"potentialAction":[{"@type":"SearchAction","target":{"@type":"EntryPoint","urlTemplate":"https:\/\/rafaramirez.org\/blog\/?s={search_term_string}"},"query-input":{"@type":"PropertyValueSpecification","valueRequired":true,"valueName":"search_term_string"}}],"inLanguage":"es"},{"@type":["Person","Organization"],"@id":"https:\/\/rafaramirez.org\/blog\/#\/schema\/person\/50f43b6d60c578760d4c17bda54ab6a5","name":"Rafael Ram\u00edrez","image":{"@type":"ImageObject","inLanguage":"es","@id":"https:\/\/rafaramirez.org\/blog\/wp-content\/uploads\/2024\/09\/RR_socialnetwork.jpg","url":"https:\/\/rafaramirez.org\/blog\/wp-content\/uploads\/2024\/09\/RR_socialnetwork.jpg","contentUrl":"https:\/\/rafaramirez.org\/blog\/wp-content\/uploads\/2024\/09\/RR_socialnetwork.jpg","width":600,"height":606,"caption":"Rafael Ram\u00edrez"},"logo":{"@id":"https:\/\/rafaramirez.org\/blog\/wp-content\/uploads\/2024\/09\/RR_socialnetwork.jpg"},"sameAs":["https:\/\/www.rafaramirez.org\/blog","https:\/\/www.instagram.com\/rafaramirez_ok\/","https:\/\/es.pinterest.com\/Ramirez_Rafa\/","https:\/\/x.com\/rafaramirez_ok"],"url":"https:\/\/rafaramirez.org\/blog\/index.php\/author\/rafaell_qm6j97da\/"}]}},"jetpack_publicize_connections":[],"jetpack_sharing_enabled":true,"jetpack_likes_enabled":true,"jetpack_featured_media_url":"https:\/\/rafaramirez.org\/blog\/wp-content\/uploads\/2025\/01\/Ojala_proyecto_palabras_bonitas_banner_blog.jpg","_links":{"self":[{"href":"https:\/\/rafaramirez.org\/blog\/index.php\/wp-json\/wp\/v2\/posts\/7794","targetHints":{"allow":["GET"]}}],"collection":[{"href":"https:\/\/rafaramirez.org\/blog\/index.php\/wp-json\/wp\/v2\/posts"}],"about":[{"href":"https:\/\/rafaramirez.org\/blog\/index.php\/wp-json\/wp\/v2\/types\/post"}],"author":[{"embeddable":true,"href":"https:\/\/rafaramirez.org\/blog\/index.php\/wp-json\/wp\/v2\/users\/1"}],"replies":[{"embeddable":true,"href":"https:\/\/rafaramirez.org\/blog\/index.php\/wp-json\/wp\/v2\/comments?post=7794"}],"version-history":[{"count":6,"href":"https:\/\/rafaramirez.org\/blog\/index.php\/wp-json\/wp\/v2\/posts\/7794\/revisions"}],"predecessor-version":[{"id":7803,"href":"https:\/\/rafaramirez.org\/blog\/index.php\/wp-json\/wp\/v2\/posts\/7794\/revisions\/7803"}],"wp:featuredmedia":[{"embeddable":true,"href":"https:\/\/rafaramirez.org\/blog\/index.php\/wp-json\/wp\/v2\/media\/7799"}],"wp:attachment":[{"href":"https:\/\/rafaramirez.org\/blog\/index.php\/wp-json\/wp\/v2\/media?parent=7794"}],"wp:term":[{"taxonomy":"category","embeddable":true,"href":"https:\/\/rafaramirez.org\/blog\/index.php\/wp-json\/wp\/v2\/categories?post=7794"},{"taxonomy":"post_tag","embeddable":true,"href":"https:\/\/rafaramirez.org\/blog\/index.php\/wp-json\/wp\/v2\/tags?post=7794"}],"curies":[{"name":"wp","href":"https:\/\/api.w.org\/{rel}","templated":true}]}}