{"id":7783,"date":"2025-01-21T08:15:37","date_gmt":"2025-01-21T07:15:37","guid":{"rendered":"https:\/\/rafaramirez.org\/blog\/?p=7783"},"modified":"2025-01-22T12:32:23","modified_gmt":"2025-01-22T11:32:23","slug":"dia-internacional-del-abrazo","status":"publish","type":"post","link":"https:\/\/rafaramirez.org\/blog\/index.php\/2025\/01\/21\/dia-internacional-del-abrazo\/","title":{"rendered":"D\u00eda Internacional del Abrazo: promoviendo el afecto y la conexi\u00f3n entre las personas."},"content":{"rendered":"<p>El <strong>D\u00eda Internacional del Abrazo<\/strong> se celebra el 21 de enero de cada a\u00f1o. Esta festividad fue creada por <strong>Kevin Zaborney en 1986<\/strong> en <strong>Estados Unidos<\/strong>. La idea de este d\u00eda es fomentar el acto de abrazar como muestra de afecto y apoyo hacia los dem\u00e1s. Los abrazos pueden tener un impacto positivo en nuestra salud emocional y f\u00edsica, ya que reducen el estr\u00e9s, aumentan la felicidad y fortalecen las relaciones interpersonales.<\/p>\n<h3>Historia detr\u00e1s de este d\u00eda.<\/h3>\n<p>Como te he contado, el D\u00eda Internacional del Abrazo fue creado por Kevin Zaborney el 21 de enero de 1986 en Caro, M\u00edchigan (Estados Unidos). Zaborney eligi\u00f3 esta fecha porque se encuentra entre las festividades de Navidad y San Valent\u00edn, periodos en los que las personas tienden a sentirse un poco deprimidas. Consider\u00f3 que un abrazo podr\u00eda ser una forma sencilla pero efectiva de levantar el \u00e1nimo y fomentar la conexi\u00f3n entre las personas.<\/p>\n<p>Desde entonces, el D\u00eda Internacional del Abrazo se ha celebrado en muchos pa\u00edses del mundo, promoviendo la importancia de los abrazos como muestra de afecto y apoyo.<\/p>\n<figure id=\"attachment_7789\" aria-describedby=\"caption-attachment-7789\" style=\"width: 300px\" class=\"wp-caption aligncenter\"><a href=\"https:\/\/rafaramirez.org\/blog\/wp-content\/uploads\/2025\/01\/Dia_Internacional_del_Abrazo_2.jpg\" target=\"_blank\" rel=\"noopener\"><img loading=\"lazy\" decoding=\"async\" class=\"wp-image-7789 size-medium\" src=\"https:\/\/rafaramirez.org\/blog\/wp-content\/uploads\/2025\/01\/Dia_Internacional_del_Abrazo_2-300x200.jpg\" alt=\"D\u00eda Internacional del Abrazo. Blog de Rafael Ram\u00edrez.\" width=\"300\" height=\"200\" srcset=\"https:\/\/rafaramirez.org\/blog\/wp-content\/uploads\/2025\/01\/Dia_Internacional_del_Abrazo_2-300x200.jpg 300w, https:\/\/rafaramirez.org\/blog\/wp-content\/uploads\/2025\/01\/Dia_Internacional_del_Abrazo_2-768x512.jpg 768w, https:\/\/rafaramirez.org\/blog\/wp-content\/uploads\/2025\/01\/Dia_Internacional_del_Abrazo_2.jpg 1000w\" sizes=\"auto, (max-width: 300px) 100vw, 300px\" \/><\/a><figcaption id=\"caption-attachment-7789\" class=\"wp-caption-text\">D\u00eda Internacional del Abrazo. Blog de Rafael Ram\u00edrez.<\/figcaption><\/figure>\n<h3>Conmemoraci\u00f3n de este d\u00eda en otros pa\u00edses.<\/h3>\n<p>El D\u00eda Internacional del Abrazo se celebra de diversas maneras en diferentes culturas de todo el mundo. A continuaci\u00f3n, te muestro algunos ejemplos:<\/p>\n<ul>\n<li>En Estados Unidos, el pa\u00eds donde se origin\u00f3 esta tradici\u00f3n, la gente suele abrazar a amigos, familiares e incluso desconocidos para celebrar el d\u00eda. Es com\u00fan ver eventos en parques y plazas donde se ofrecen \u00ababrazos gratis\u00bb.<\/li>\n<li>En el Reino Unido, muchas personas participan en campa\u00f1as de concienciaci\u00f3n sobre la importancia de los abrazos y el contacto f\u00edsico para la salud mental y emocional. Tambi\u00e9n se organizan eventos comunitarios para fomentar los abrazos.<\/li>\n<li>En Jap\u00f3n, donde el contacto f\u00edsico en p\u00fablico no es tan com\u00fan, el D\u00eda Internacional del Abrazo se celebra de manera m\u00e1s discreta. La gente puede abrazar a sus seres queridos en privado o participar en eventos organizados por grupos que promueven el bienestar emocional.<\/li>\n<li>En Brasil, un pa\u00eds conocido por su calidez y afecto, el D\u00eda Internacional del Abrazo es una oportunidad para que las personas expresen su cari\u00f1o abiertamente. Los abrazos son habituales entre amigos y familiares, y se organizan eventos en lugares p\u00fablicos.<\/li>\n<li>En India, el D\u00eda Internacional del Abrazo se celebra principalmente en las ciudades m\u00e1s grandes. Las personas participan en eventos organizados por grupos de bienestar y salud mental, y se anima a la gente a abrazar a sus seres queridos.<\/li>\n<\/ul>\n<p>Cada cultura tiene su propia forma de celebrar este d\u00eda, pero el objetivo com\u00fan es promover el afecto y la conexi\u00f3n entre las personas a trav\u00e9s de los abrazos.<\/p>\n<figure id=\"attachment_7790\" aria-describedby=\"caption-attachment-7790\" style=\"width: 300px\" class=\"wp-caption aligncenter\"><a href=\"https:\/\/rafaramirez.org\/blog\/wp-content\/uploads\/2025\/01\/Dia_Internacional_del_Abrazo_1.jpg\" target=\"_blank\" rel=\"noopener\"><img loading=\"lazy\" decoding=\"async\" class=\"wp-image-7790 size-medium\" src=\"https:\/\/rafaramirez.org\/blog\/wp-content\/uploads\/2025\/01\/Dia_Internacional_del_Abrazo_1-300x200.jpg\" alt=\"D\u00eda Internacional del Abrazo. Blog de Rafael Ram\u00edrez.\" width=\"300\" height=\"200\" srcset=\"https:\/\/rafaramirez.org\/blog\/wp-content\/uploads\/2025\/01\/Dia_Internacional_del_Abrazo_1-300x200.jpg 300w, https:\/\/rafaramirez.org\/blog\/wp-content\/uploads\/2025\/01\/Dia_Internacional_del_Abrazo_1-768x511.jpg 768w, https:\/\/rafaramirez.org\/blog\/wp-content\/uploads\/2025\/01\/Dia_Internacional_del_Abrazo_1.jpg 1000w\" sizes=\"auto, (max-width: 300px) 100vw, 300px\" \/><\/a><figcaption id=\"caption-attachment-7790\" class=\"wp-caption-text\">D\u00eda Internacional del Abrazo. Blog de Rafael Ram\u00edrez.<\/figcaption><\/figure>\n<h3>La importancia de los abrazos.<\/h3>\n<p>Los abrazos son una forma de comunicaci\u00f3n no verbal muy potente que puede tener un impacto significativo en nuestra salud emocional y f\u00edsica. A continuaci\u00f3n, te presento algunos beneficios de los abrazos:<\/p>\n<ul>\n<li>Reducci\u00f3n del estr\u00e9s: los abrazos pueden disminuir los niveles de cortisol, la hormona del estr\u00e9s, y aumentar la producci\u00f3n de oxitocina, conocida como la \u00abhormona del amor\u00bb, lo que nos hace sentir m\u00e1s relajados y felices.<\/li>\n<li>Fortalecimiento del sistema inmunol\u00f3gico: al reducir el estr\u00e9s, los abrazos tambi\u00e9n pueden ayudar a fortalecer nuestro sistema inmunol\u00f3gico y hacernos menos propensos a enfermar.<\/li>\n<li>Mejora del estado de \u00e1nimo: los abrazos liberan endorfinas, que son neurotransmisores que nos hacen sentir bien y pueden mejorar nuestro estado de \u00e1nimo.<\/li>\n<li>Fomento de la conexi\u00f3n emocional: abrazar a alguien puede fortalecer los lazos afectivos y mejorar las relaciones interpersonales, ya que demuestra afecto y apoyo.<\/li>\n<li>Reducci\u00f3n de la presi\u00f3n arterial: los abrazos pueden ayudar a reducirla, lo que es beneficioso para la salud cardiovascular.<\/li>\n<li>Alivio del dolor: la liberaci\u00f3n de endorfinas durante un abrazo tambi\u00e9n puede actuar como un analg\u00e9sico natural, ayudando a aliviar el dolor.<\/li>\n<\/ul>\n<p>En resumen, los abrazos son una forma sencilla pero efectiva de mejorar nuestra salud y nuestro bienestar general. As\u00ed que, \u00a1no dudes en dar y recibir abrazos siempre que puedas!<\/p>\n<p>M\u00e1s informaci\u00f3n:<\/p>\n<ul>\n<li><a href=\"https:\/\/es.wikipedia.org\/wiki\/Abrazos_Gratis#:~:text=%E2%80%8B%20Los%20abrazos%20est%C3%A1n%20destinados,hasta%20el%20primero%20de%20agosto.\" target=\"_blank\" rel=\"noopener\">Wikipedia<\/a>.<\/li>\n<li><a href=\"https:\/\/elpais.com\/mamas-papas\/familia\/2023-01-21\/dia-mundial-del-abrazo-ni-todos-son-iguales-ni-tienen-el-mismo-efecto-en-ninos-y-mayores.html\" target=\"_blank\" rel=\"noopener\">El Pa\u00eds<\/a>.<\/li>\n<li><a href=\"https:\/\/rafaramirez.org\/blog\/index.php\/category\/arte\/efemerides\/\" target=\"_blank\" rel=\"noopener\">Otras efem\u00e9rides<\/a>.<\/li>\n<\/ul>\n","protected":false},"excerpt":{"rendered":"<p>El D\u00eda Internacional del Abrazo se celebra el 21 de enero de cada a\u00f1o. Esta festividad fue creada por Kevin Zaborney en 1986 en Estados Unidos. La idea de este d\u00eda es fomentar el acto de abrazar como muestra de afecto y apoyo hacia los dem\u00e1s. Los abrazos pueden tener un impacto positivo en nuestra [&hellip;]<\/p>\n","protected":false},"author":1,"featured_media":7900,"comment_status":"open","ping_status":"closed","sticky":false,"template":"","format":"standard","meta":{"site-container-style":"default","site-container-layout":"default","site-sidebar-layout":"default","disable-article-header":"default","disable-site-header":"default","disable-site-footer":"default","disable-content-area-spacing":"default","_jetpack_newsletter_access":"","_jetpack_dont_email_post_to_subs":false,"_jetpack_newsletter_tier_id":0,"_jetpack_memberships_contains_paywalled_content":false,"_jetpack_feature_clip_id":0,"_jetpack_memberships_contains_paid_content":false,"footnotes":"","jetpack_publicize_message":"","jetpack_publicize_feature_enabled":true,"jetpack_social_post_already_shared":true,"jetpack_social_options":{"image_generator_settings":{"template":"highway","default_image_id":0,"font":"","enabled":false},"version":2},"jetpack_post_was_ever_published":false},"categories":[1291],"tags":[3978,68,3977,1323,3979],"class_list":["post-7783","post","type-post","status-publish","format-standard","has-post-thumbnail","hentry","category-efemerides","tag-21-de-enero","tag-blog-de-rafael-ramirez","tag-dia-internacional-del-abrazo","tag-efemerides","tag-historia-detras-de-este-dia"],"yoast_head":"<!-- This site is optimized with the Yoast SEO plugin v28.3 - https:\/\/yoast.com\/product\/yoast-seo-wordpress\/ -->\n<title>D\u00eda Internacional del Abrazo: promoviendo el afecto y la conexi\u00f3n entre las personas. - Blog de Rafael Ram\u00edrez<\/title>\n<meta name=\"description\" content=\"El D\u00eda Internacional del Abrazo se celebra el 21 de enero cada a\u00f1o. Esta festividad fue creada por Kevin Zaborney en 1986 en Estados Unidos.\" \/>\n<meta name=\"robots\" content=\"index, follow, max-snippet:-1, max-image-preview:large, max-video-preview:-1\" \/>\n<link rel=\"canonical\" href=\"https:\/\/rafaramirez.org\/blog\/index.php\/2025\/01\/21\/dia-internacional-del-abrazo\/\" \/>\n<meta property=\"og:locale\" content=\"es_ES\" \/>\n<meta property=\"og:type\" content=\"article\" \/>\n<meta property=\"og:title\" content=\"D\u00eda Internacional del Abrazo: promoviendo el afecto y la conexi\u00f3n entre las personas. - Blog de Rafael Ram\u00edrez\" \/>\n<meta property=\"og:description\" content=\"El D\u00eda Internacional del Abrazo se celebra el 21 de enero cada a\u00f1o. Esta festividad fue creada por Kevin Zaborney en 1986 en Estados Unidos.\" \/>\n<meta property=\"og:url\" content=\"https:\/\/rafaramirez.org\/blog\/index.php\/2025\/01\/21\/dia-internacional-del-abrazo\/\" \/>\n<meta property=\"og:site_name\" content=\"Blog de Rafael Ram\u00edrez\" \/>\n<meta property=\"article:published_time\" content=\"2025-01-21T07:15:37+00:00\" \/>\n<meta property=\"article:modified_time\" content=\"2025-01-22T11:32:23+00:00\" \/>\n<meta property=\"og:image\" content=\"https:\/\/rafaramirez.org\/blog\/wp-content\/uploads\/2025\/01\/Dia_Internacional_del_Abrazo_banner_blog_OK.jpg\" \/>\n\t<meta property=\"og:image:width\" content=\"720\" \/>\n\t<meta property=\"og:image:height\" content=\"440\" \/>\n\t<meta property=\"og:image:type\" content=\"image\/jpeg\" \/>\n<meta name=\"author\" content=\"Rafael Ram\u00edrez\" \/>\n<meta name=\"twitter:card\" content=\"summary_large_image\" \/>\n<meta name=\"twitter:creator\" content=\"@rafaramirez_ok\" \/>\n<meta name=\"twitter:site\" content=\"@rafaramirez_ok\" \/>\n<meta name=\"twitter:label1\" content=\"Escrito por\" \/>\n\t<meta name=\"twitter:data1\" content=\"Rafael Ram\u00edrez\" \/>\n\t<meta name=\"twitter:label2\" content=\"Tiempo de lectura\" \/>\n\t<meta name=\"twitter:data2\" content=\"4 minutos\" \/>\n<script type=\"application\/ld+json\" class=\"yoast-schema-graph\">{\"@context\":\"https:\\\/\\\/schema.org\",\"@graph\":[{\"@type\":\"Article\",\"@id\":\"https:\\\/\\\/rafaramirez.org\\\/blog\\\/index.php\\\/2025\\\/01\\\/21\\\/dia-internacional-del-abrazo\\\/#article\",\"isPartOf\":{\"@id\":\"https:\\\/\\\/rafaramirez.org\\\/blog\\\/index.php\\\/2025\\\/01\\\/21\\\/dia-internacional-del-abrazo\\\/\"},\"author\":{\"name\":\"Rafael Ram\u00edrez\",\"@id\":\"https:\\\/\\\/rafaramirez.org\\\/blog\\\/#\\\/schema\\\/person\\\/50f43b6d60c578760d4c17bda54ab6a5\"},\"headline\":\"D\u00eda Internacional del Abrazo: promoviendo el afecto y la conexi\u00f3n entre las personas.\",\"datePublished\":\"2025-01-21T07:15:37+00:00\",\"dateModified\":\"2025-01-22T11:32:23+00:00\",\"mainEntityOfPage\":{\"@id\":\"https:\\\/\\\/rafaramirez.org\\\/blog\\\/index.php\\\/2025\\\/01\\\/21\\\/dia-internacional-del-abrazo\\\/\"},\"wordCount\":770,\"commentCount\":0,\"publisher\":{\"@id\":\"https:\\\/\\\/rafaramirez.org\\\/blog\\\/#\\\/schema\\\/person\\\/50f43b6d60c578760d4c17bda54ab6a5\"},\"image\":{\"@id\":\"https:\\\/\\\/rafaramirez.org\\\/blog\\\/index.php\\\/2025\\\/01\\\/21\\\/dia-internacional-del-abrazo\\\/#primaryimage\"},\"thumbnailUrl\":\"https:\\\/\\\/rafaramirez.org\\\/blog\\\/wp-content\\\/uploads\\\/2025\\\/01\\\/Dia_Internacional_del_Abrazo_banner_blog_OK.jpg\",\"keywords\":[\"21 de enero\",\"blog de Rafael Ram\u00edrez\",\"D\u00eda Internacional del Abrazo\",\"efem\u00e9rides\",\"historia detr\u00e1s de este d\u00eda\"],\"articleSection\":[\"Efem\u00e9rides\"],\"inLanguage\":\"es\",\"potentialAction\":[{\"@type\":\"CommentAction\",\"name\":\"Comment\",\"target\":[\"https:\\\/\\\/rafaramirez.org\\\/blog\\\/index.php\\\/2025\\\/01\\\/21\\\/dia-internacional-del-abrazo\\\/#respond\"]}]},{\"@type\":\"WebPage\",\"@id\":\"https:\\\/\\\/rafaramirez.org\\\/blog\\\/index.php\\\/2025\\\/01\\\/21\\\/dia-internacional-del-abrazo\\\/\",\"url\":\"https:\\\/\\\/rafaramirez.org\\\/blog\\\/index.php\\\/2025\\\/01\\\/21\\\/dia-internacional-del-abrazo\\\/\",\"name\":\"D\u00eda Internacional del Abrazo: promoviendo el afecto y la conexi\u00f3n entre las personas. - Blog de Rafael Ram\u00edrez\",\"isPartOf\":{\"@id\":\"https:\\\/\\\/rafaramirez.org\\\/blog\\\/#website\"},\"primaryImageOfPage\":{\"@id\":\"https:\\\/\\\/rafaramirez.org\\\/blog\\\/index.php\\\/2025\\\/01\\\/21\\\/dia-internacional-del-abrazo\\\/#primaryimage\"},\"image\":{\"@id\":\"https:\\\/\\\/rafaramirez.org\\\/blog\\\/index.php\\\/2025\\\/01\\\/21\\\/dia-internacional-del-abrazo\\\/#primaryimage\"},\"thumbnailUrl\":\"https:\\\/\\\/rafaramirez.org\\\/blog\\\/wp-content\\\/uploads\\\/2025\\\/01\\\/Dia_Internacional_del_Abrazo_banner_blog_OK.jpg\",\"datePublished\":\"2025-01-21T07:15:37+00:00\",\"dateModified\":\"2025-01-22T11:32:23+00:00\",\"description\":\"El D\u00eda Internacional del Abrazo se celebra el 21 de enero cada a\u00f1o. Esta festividad fue creada por Kevin Zaborney en 1986 en Estados Unidos.\",\"breadcrumb\":{\"@id\":\"https:\\\/\\\/rafaramirez.org\\\/blog\\\/index.php\\\/2025\\\/01\\\/21\\\/dia-internacional-del-abrazo\\\/#breadcrumb\"},\"inLanguage\":\"es\",\"potentialAction\":[{\"@type\":\"ReadAction\",\"target\":[\"https:\\\/\\\/rafaramirez.org\\\/blog\\\/index.php\\\/2025\\\/01\\\/21\\\/dia-internacional-del-abrazo\\\/\"]}]},{\"@type\":\"ImageObject\",\"inLanguage\":\"es\",\"@id\":\"https:\\\/\\\/rafaramirez.org\\\/blog\\\/index.php\\\/2025\\\/01\\\/21\\\/dia-internacional-del-abrazo\\\/#primaryimage\",\"url\":\"https:\\\/\\\/rafaramirez.org\\\/blog\\\/wp-content\\\/uploads\\\/2025\\\/01\\\/Dia_Internacional_del_Abrazo_banner_blog_OK.jpg\",\"contentUrl\":\"https:\\\/\\\/rafaramirez.org\\\/blog\\\/wp-content\\\/uploads\\\/2025\\\/01\\\/Dia_Internacional_del_Abrazo_banner_blog_OK.jpg\",\"width\":720,\"height\":440,\"caption\":\"D\u00eda Internacional del Abrazo. Efem\u00e9rides. Blog de Rafael Ram\u00edrez.\"},{\"@type\":\"BreadcrumbList\",\"@id\":\"https:\\\/\\\/rafaramirez.org\\\/blog\\\/index.php\\\/2025\\\/01\\\/21\\\/dia-internacional-del-abrazo\\\/#breadcrumb\",\"itemListElement\":[{\"@type\":\"ListItem\",\"position\":1,\"name\":\"Portada\",\"item\":\"https:\\\/\\\/rafaramirez.org\\\/blog\\\/\"},{\"@type\":\"ListItem\",\"position\":2,\"name\":\"D\u00eda Internacional del Abrazo: promoviendo el afecto y la conexi\u00f3n entre las personas.\"}]},{\"@type\":\"WebSite\",\"@id\":\"https:\\\/\\\/rafaramirez.org\\\/blog\\\/#website\",\"url\":\"https:\\\/\\\/rafaramirez.org\\\/blog\\\/\",\"name\":\"Blog de Rafael Ram\u00edrez\",\"description\":\"Un sitio social, de arte y cultura\",\"publisher\":{\"@id\":\"https:\\\/\\\/rafaramirez.org\\\/blog\\\/#\\\/schema\\\/person\\\/50f43b6d60c578760d4c17bda54ab6a5\"},\"potentialAction\":[{\"@type\":\"SearchAction\",\"target\":{\"@type\":\"EntryPoint\",\"urlTemplate\":\"https:\\\/\\\/rafaramirez.org\\\/blog\\\/?s={search_term_string}\"},\"query-input\":{\"@type\":\"PropertyValueSpecification\",\"valueRequired\":true,\"valueName\":\"search_term_string\"}}],\"inLanguage\":\"es\"},{\"@type\":[\"Person\",\"Organization\"],\"@id\":\"https:\\\/\\\/rafaramirez.org\\\/blog\\\/#\\\/schema\\\/person\\\/50f43b6d60c578760d4c17bda54ab6a5\",\"name\":\"Rafael Ram\u00edrez\",\"image\":{\"@type\":\"ImageObject\",\"inLanguage\":\"es\",\"@id\":\"https:\\\/\\\/rafaramirez.org\\\/blog\\\/wp-content\\\/uploads\\\/2024\\\/09\\\/RR_socialnetwork.jpg\",\"url\":\"https:\\\/\\\/rafaramirez.org\\\/blog\\\/wp-content\\\/uploads\\\/2024\\\/09\\\/RR_socialnetwork.jpg\",\"contentUrl\":\"https:\\\/\\\/rafaramirez.org\\\/blog\\\/wp-content\\\/uploads\\\/2024\\\/09\\\/RR_socialnetwork.jpg\",\"width\":600,\"height\":606,\"caption\":\"Rafael Ram\u00edrez\"},\"logo\":{\"@id\":\"https:\\\/\\\/rafaramirez.org\\\/blog\\\/wp-content\\\/uploads\\\/2024\\\/09\\\/RR_socialnetwork.jpg\"},\"sameAs\":[\"https:\\\/\\\/www.rafaramirez.org\\\/blog\",\"https:\\\/\\\/www.instagram.com\\\/rafaramirez_ok\\\/\",\"https:\\\/\\\/es.pinterest.com\\\/Ramirez_Rafa\\\/\",\"https:\\\/\\\/x.com\\\/rafaramirez_ok\"],\"url\":\"https:\\\/\\\/rafaramirez.org\\\/blog\\\/index.php\\\/author\\\/rafaell_qm6j97da\\\/\"}]}<\/script>\n<!-- \/ Yoast SEO plugin. -->","yoast_head_json":{"title":"D\u00eda Internacional del Abrazo: promoviendo el afecto y la conexi\u00f3n entre las personas. - Blog de Rafael Ram\u00edrez","description":"El D\u00eda Internacional del Abrazo se celebra el 21 de enero cada a\u00f1o. Esta festividad fue creada por Kevin Zaborney en 1986 en Estados Unidos.","robots":{"index":"index","follow":"follow","max-snippet":"max-snippet:-1","max-image-preview":"max-image-preview:large","max-video-preview":"max-video-preview:-1"},"canonical":"https:\/\/rafaramirez.org\/blog\/index.php\/2025\/01\/21\/dia-internacional-del-abrazo\/","og_locale":"es_ES","og_type":"article","og_title":"D\u00eda Internacional del Abrazo: promoviendo el afecto y la conexi\u00f3n entre las personas. - Blog de Rafael Ram\u00edrez","og_description":"El D\u00eda Internacional del Abrazo se celebra el 21 de enero cada a\u00f1o. Esta festividad fue creada por Kevin Zaborney en 1986 en Estados Unidos.","og_url":"https:\/\/rafaramirez.org\/blog\/index.php\/2025\/01\/21\/dia-internacional-del-abrazo\/","og_site_name":"Blog de Rafael Ram\u00edrez","article_published_time":"2025-01-21T07:15:37+00:00","article_modified_time":"2025-01-22T11:32:23+00:00","og_image":[{"width":720,"height":440,"url":"https:\/\/rafaramirez.org\/blog\/wp-content\/uploads\/2025\/01\/Dia_Internacional_del_Abrazo_banner_blog_OK.jpg","type":"image\/jpeg"}],"author":"Rafael Ram\u00edrez","twitter_card":"summary_large_image","twitter_creator":"@rafaramirez_ok","twitter_site":"@rafaramirez_ok","twitter_misc":{"Escrito por":"Rafael Ram\u00edrez","Tiempo de lectura":"4 minutos"},"schema":{"@context":"https:\/\/schema.org","@graph":[{"@type":"Article","@id":"https:\/\/rafaramirez.org\/blog\/index.php\/2025\/01\/21\/dia-internacional-del-abrazo\/#article","isPartOf":{"@id":"https:\/\/rafaramirez.org\/blog\/index.php\/2025\/01\/21\/dia-internacional-del-abrazo\/"},"author":{"name":"Rafael Ram\u00edrez","@id":"https:\/\/rafaramirez.org\/blog\/#\/schema\/person\/50f43b6d60c578760d4c17bda54ab6a5"},"headline":"D\u00eda Internacional del Abrazo: promoviendo el afecto y la conexi\u00f3n entre las personas.","datePublished":"2025-01-21T07:15:37+00:00","dateModified":"2025-01-22T11:32:23+00:00","mainEntityOfPage":{"@id":"https:\/\/rafaramirez.org\/blog\/index.php\/2025\/01\/21\/dia-internacional-del-abrazo\/"},"wordCount":770,"commentCount":0,"publisher":{"@id":"https:\/\/rafaramirez.org\/blog\/#\/schema\/person\/50f43b6d60c578760d4c17bda54ab6a5"},"image":{"@id":"https:\/\/rafaramirez.org\/blog\/index.php\/2025\/01\/21\/dia-internacional-del-abrazo\/#primaryimage"},"thumbnailUrl":"https:\/\/rafaramirez.org\/blog\/wp-content\/uploads\/2025\/01\/Dia_Internacional_del_Abrazo_banner_blog_OK.jpg","keywords":["21 de enero","blog de Rafael Ram\u00edrez","D\u00eda Internacional del Abrazo","efem\u00e9rides","historia detr\u00e1s de este d\u00eda"],"articleSection":["Efem\u00e9rides"],"inLanguage":"es","potentialAction":[{"@type":"CommentAction","name":"Comment","target":["https:\/\/rafaramirez.org\/blog\/index.php\/2025\/01\/21\/dia-internacional-del-abrazo\/#respond"]}]},{"@type":"WebPage","@id":"https:\/\/rafaramirez.org\/blog\/index.php\/2025\/01\/21\/dia-internacional-del-abrazo\/","url":"https:\/\/rafaramirez.org\/blog\/index.php\/2025\/01\/21\/dia-internacional-del-abrazo\/","name":"D\u00eda Internacional del Abrazo: promoviendo el afecto y la conexi\u00f3n entre las personas. - Blog de Rafael Ram\u00edrez","isPartOf":{"@id":"https:\/\/rafaramirez.org\/blog\/#website"},"primaryImageOfPage":{"@id":"https:\/\/rafaramirez.org\/blog\/index.php\/2025\/01\/21\/dia-internacional-del-abrazo\/#primaryimage"},"image":{"@id":"https:\/\/rafaramirez.org\/blog\/index.php\/2025\/01\/21\/dia-internacional-del-abrazo\/#primaryimage"},"thumbnailUrl":"https:\/\/rafaramirez.org\/blog\/wp-content\/uploads\/2025\/01\/Dia_Internacional_del_Abrazo_banner_blog_OK.jpg","datePublished":"2025-01-21T07:15:37+00:00","dateModified":"2025-01-22T11:32:23+00:00","description":"El D\u00eda Internacional del Abrazo se celebra el 21 de enero cada a\u00f1o. Esta festividad fue creada por Kevin Zaborney en 1986 en Estados Unidos.","breadcrumb":{"@id":"https:\/\/rafaramirez.org\/blog\/index.php\/2025\/01\/21\/dia-internacional-del-abrazo\/#breadcrumb"},"inLanguage":"es","potentialAction":[{"@type":"ReadAction","target":["https:\/\/rafaramirez.org\/blog\/index.php\/2025\/01\/21\/dia-internacional-del-abrazo\/"]}]},{"@type":"ImageObject","inLanguage":"es","@id":"https:\/\/rafaramirez.org\/blog\/index.php\/2025\/01\/21\/dia-internacional-del-abrazo\/#primaryimage","url":"https:\/\/rafaramirez.org\/blog\/wp-content\/uploads\/2025\/01\/Dia_Internacional_del_Abrazo_banner_blog_OK.jpg","contentUrl":"https:\/\/rafaramirez.org\/blog\/wp-content\/uploads\/2025\/01\/Dia_Internacional_del_Abrazo_banner_blog_OK.jpg","width":720,"height":440,"caption":"D\u00eda Internacional del Abrazo. Efem\u00e9rides. Blog de Rafael Ram\u00edrez."},{"@type":"BreadcrumbList","@id":"https:\/\/rafaramirez.org\/blog\/index.php\/2025\/01\/21\/dia-internacional-del-abrazo\/#breadcrumb","itemListElement":[{"@type":"ListItem","position":1,"name":"Portada","item":"https:\/\/rafaramirez.org\/blog\/"},{"@type":"ListItem","position":2,"name":"D\u00eda Internacional del Abrazo: promoviendo el afecto y la conexi\u00f3n entre las personas."}]},{"@type":"WebSite","@id":"https:\/\/rafaramirez.org\/blog\/#website","url":"https:\/\/rafaramirez.org\/blog\/","name":"Blog de Rafael Ram\u00edrez","description":"Un sitio social, de arte y cultura","publisher":{"@id":"https:\/\/rafaramirez.org\/blog\/#\/schema\/person\/50f43b6d60c578760d4c17bda54ab6a5"},"potentialAction":[{"@type":"SearchAction","target":{"@type":"EntryPoint","urlTemplate":"https:\/\/rafaramirez.org\/blog\/?s={search_term_string}"},"query-input":{"@type":"PropertyValueSpecification","valueRequired":true,"valueName":"search_term_string"}}],"inLanguage":"es"},{"@type":["Person","Organization"],"@id":"https:\/\/rafaramirez.org\/blog\/#\/schema\/person\/50f43b6d60c578760d4c17bda54ab6a5","name":"Rafael Ram\u00edrez","image":{"@type":"ImageObject","inLanguage":"es","@id":"https:\/\/rafaramirez.org\/blog\/wp-content\/uploads\/2024\/09\/RR_socialnetwork.jpg","url":"https:\/\/rafaramirez.org\/blog\/wp-content\/uploads\/2024\/09\/RR_socialnetwork.jpg","contentUrl":"https:\/\/rafaramirez.org\/blog\/wp-content\/uploads\/2024\/09\/RR_socialnetwork.jpg","width":600,"height":606,"caption":"Rafael Ram\u00edrez"},"logo":{"@id":"https:\/\/rafaramirez.org\/blog\/wp-content\/uploads\/2024\/09\/RR_socialnetwork.jpg"},"sameAs":["https:\/\/www.rafaramirez.org\/blog","https:\/\/www.instagram.com\/rafaramirez_ok\/","https:\/\/es.pinterest.com\/Ramirez_Rafa\/","https:\/\/x.com\/rafaramirez_ok"],"url":"https:\/\/rafaramirez.org\/blog\/index.php\/author\/rafaell_qm6j97da\/"}]}},"jetpack_publicize_connections":[],"jetpack_sharing_enabled":true,"jetpack_likes_enabled":true,"jetpack_featured_media_url":"https:\/\/rafaramirez.org\/blog\/wp-content\/uploads\/2025\/01\/Dia_Internacional_del_Abrazo_banner_blog_OK.jpg","_links":{"self":[{"href":"https:\/\/rafaramirez.org\/blog\/index.php\/wp-json\/wp\/v2\/posts\/7783","targetHints":{"allow":["GET"]}}],"collection":[{"href":"https:\/\/rafaramirez.org\/blog\/index.php\/wp-json\/wp\/v2\/posts"}],"about":[{"href":"https:\/\/rafaramirez.org\/blog\/index.php\/wp-json\/wp\/v2\/types\/post"}],"author":[{"embeddable":true,"href":"https:\/\/rafaramirez.org\/blog\/index.php\/wp-json\/wp\/v2\/users\/1"}],"replies":[{"embeddable":true,"href":"https:\/\/rafaramirez.org\/blog\/index.php\/wp-json\/wp\/v2\/comments?post=7783"}],"version-history":[{"count":6,"href":"https:\/\/rafaramirez.org\/blog\/index.php\/wp-json\/wp\/v2\/posts\/7783\/revisions"}],"predecessor-version":[{"id":7793,"href":"https:\/\/rafaramirez.org\/blog\/index.php\/wp-json\/wp\/v2\/posts\/7783\/revisions\/7793"}],"wp:featuredmedia":[{"embeddable":true,"href":"https:\/\/rafaramirez.org\/blog\/index.php\/wp-json\/wp\/v2\/media\/7900"}],"wp:attachment":[{"href":"https:\/\/rafaramirez.org\/blog\/index.php\/wp-json\/wp\/v2\/media?parent=7783"}],"wp:term":[{"taxonomy":"category","embeddable":true,"href":"https:\/\/rafaramirez.org\/blog\/index.php\/wp-json\/wp\/v2\/categories?post=7783"},{"taxonomy":"post_tag","embeddable":true,"href":"https:\/\/rafaramirez.org\/blog\/index.php\/wp-json\/wp\/v2\/tags?post=7783"}],"curies":[{"name":"wp","href":"https:\/\/api.w.org\/{rel}","templated":true}]}}