{"id":7678,"date":"2025-01-13T08:15:47","date_gmt":"2025-01-13T07:15:47","guid":{"rendered":"https:\/\/rafaramirez.org\/blog\/?p=7678"},"modified":"2025-01-13T12:03:26","modified_gmt":"2025-01-13T11:03:26","slug":"dia-mundial-de-lucha-contra-la-depresion","status":"publish","type":"post","link":"https:\/\/rafaramirez.org\/blog\/index.php\/2025\/01\/13\/dia-mundial-de-lucha-contra-la-depresion\/","title":{"rendered":"D\u00eda Mundial de Lucha contra la Depresi\u00f3n: sensibilizar y promover la b\u00fasqueda de ayuda."},"content":{"rendered":"<p>El <strong>D\u00eda Mundial de la Lucha contra la Depresi\u00f3n<\/strong> se celebra cada 13 de enero con el objetivo de aumentar la concienciaci\u00f3n global sobre esta enfermedad, acabar con el estigma asociado a las personas que la sufren y promover la b\u00fasqueda de ayuda y tratamiento. La depresi\u00f3n es un trastorno mental que afecta a millones de personas en todo el mundo y es una de las principales causas de discapacidad.<\/p>\n<p>El objetivo de este d\u00eda es sensibilizar a la poblaci\u00f3n sobre la depresi\u00f3n y animar a quienes la sufren a buscar tratamiento. La depresi\u00f3n se caracteriza por un estado de \u00e1nimo persistentemente bajo, as\u00ed como por la p\u00e9rdida de inter\u00e9s o placer en las actividades que antes se disfrutaban. Puede afectar negativamente a todos los aspectos de la vida, desde las relaciones personales hasta el rendimiento en el trabajo o el estudio.<\/p>\n<p>La <strong>Organizaci\u00f3n Mundial de la Salud (OMS)<\/strong> y otras entidades han desempe\u00f1ado un papel crucial en la promoci\u00f3n de esta fecha, organizando campa\u00f1as y actividades para concienciar a la poblaci\u00f3n sobre la importancia de la salud mental. La OMS estima que la depresi\u00f3n afecta a m\u00e1s de 300 millones de personas en todo el mundo.<\/p>\n<p>Es un d\u00eda para recordar la importancia de la empat\u00eda y el apoyo a quienes est\u00e1n pasando por momentos dif\u00edciles.<\/p>\n<figure id=\"attachment_7686\" aria-describedby=\"caption-attachment-7686\" style=\"width: 300px\" class=\"wp-caption aligncenter\"><a href=\"https:\/\/rafaramirez.org\/blog\/wp-content\/uploads\/2025\/01\/man-2734073.jpg\" target=\"_blank\" rel=\"noopener\"><img loading=\"lazy\" decoding=\"async\" class=\"wp-image-7686 size-medium\" src=\"https:\/\/rafaramirez.org\/blog\/wp-content\/uploads\/2025\/01\/man-2734073-300x225.jpg\" alt=\"D\u00eda Mundial de Lucha contra la Depresi\u00f3n. Blog de Rafael Ram\u00edrez.\" width=\"300\" height=\"225\" srcset=\"https:\/\/rafaramirez.org\/blog\/wp-content\/uploads\/2025\/01\/man-2734073-300x225.jpg 300w, https:\/\/rafaramirez.org\/blog\/wp-content\/uploads\/2025\/01\/man-2734073-768x576.jpg 768w, https:\/\/rafaramirez.org\/blog\/wp-content\/uploads\/2025\/01\/man-2734073.jpg 900w\" sizes=\"auto, (max-width: 300px) 100vw, 300px\" \/><\/a><figcaption id=\"caption-attachment-7686\" class=\"wp-caption-text\">D\u00eda Mundial de Lucha contra la Depresi\u00f3n. Blog de Rafael Ram\u00edrez.<\/figcaption><\/figure>\n<h3>Causas principales de la depresi\u00f3n.<\/h3>\n<p>Las causas de la depresi\u00f3n son variadas y pueden incluir una combinaci\u00f3n de factores gen\u00e9ticos, biol\u00f3gicos, ambientales y psicol\u00f3gicos. A continuaci\u00f3n, te presento algunas de las principales:<\/p>\n<ul>\n<li><strong>Factores gen\u00e9ticos:<\/strong> la depresi\u00f3n puede ser hereditaria. Si tienes antecedentes familiares de depresi\u00f3n, es m\u00e1s probable que t\u00fa tambi\u00e9n la desarrolles.<\/li>\n<li><strong>Qu\u00edmica cerebral:<\/strong> los desequilibrios en los neurotransmisores, que son sustancias qu\u00edmicas del cerebro, pueden contribuir a la depresi\u00f3n.<\/li>\n<li><strong>Hormonas:<\/strong> los cambios hormonales que se producen durante el embarazo, el posparto, la menopausia o por problemas de tiroides pueden desencadenar la depresi\u00f3n.<\/li>\n<li><strong>Eventos traum\u00e1ticos:<\/strong> experiencias traum\u00e1ticas o estresantes, como la p\u00e9rdida de un ser querido, problemas financieros o abuso, pueden ser desencadenantes.<\/li>\n<li><strong>Condiciones m\u00e9dicas:<\/strong> las enfermedades cr\u00f3nicas o graves, como el c\u00e1ncer, las enfermedades card\u00edacas o el dolor cr\u00f3nico, pueden causar depresi\u00f3n.<\/li>\n<li><strong>Consumo de sustancias:<\/strong> el consumo abusivo de alcohol o drogas puede contribuir a la aparici\u00f3n de la depresi\u00f3n.<\/li>\n<li><strong>Aislamiento social:<\/strong> la falta de apoyo social y el aislamiento pueden aumentar el riesgo de desarrollar depresi\u00f3n.<\/li>\n<\/ul>\n<p>Es importante recordar que la depresi\u00f3n es una enfermedad compleja y que cada persona puede tener diferentes factores que contribuyan a su desarrollo. Si t\u00fa o alguien que conoces est\u00e1 sufriendo depresi\u00f3n, es fundamental buscar ayuda profesional.<\/p>\n<figure id=\"attachment_7687\" aria-describedby=\"caption-attachment-7687\" style=\"width: 300px\" class=\"wp-caption aligncenter\"><a href=\"https:\/\/rafaramirez.org\/blog\/wp-content\/uploads\/2025\/01\/desperate-7161144.jpg\" target=\"_blank\" rel=\"noopener\"><img loading=\"lazy\" decoding=\"async\" class=\"wp-image-7687 size-medium\" src=\"https:\/\/rafaramirez.org\/blog\/wp-content\/uploads\/2025\/01\/desperate-7161144-300x240.jpg\" alt=\"D\u00eda Mundial de Lucha contra la Depresi\u00f3n. Blog de Rafael Ram\u00edrez.\" width=\"300\" height=\"240\" srcset=\"https:\/\/rafaramirez.org\/blog\/wp-content\/uploads\/2025\/01\/desperate-7161144-300x240.jpg 300w, https:\/\/rafaramirez.org\/blog\/wp-content\/uploads\/2025\/01\/desperate-7161144-768x614.jpg 768w, https:\/\/rafaramirez.org\/blog\/wp-content\/uploads\/2025\/01\/desperate-7161144.jpg 900w\" sizes=\"auto, (max-width: 300px) 100vw, 300px\" \/><\/a><figcaption id=\"caption-attachment-7687\" class=\"wp-caption-text\">D\u00eda Mundial de Lucha contra la Depresi\u00f3n. Blog de Rafael Ram\u00edrez.<\/figcaption><\/figure>\n<h3>Estad\u00edsticas de la enfermedad de la depresi\u00f3n en Espa\u00f1a.<\/h3>\n<p>En <strong>Espa\u00f1a<\/strong>, la depresi\u00f3n es un problema de salud mental importante. Seg\u00fan datos recientes, en <strong>2022<\/strong> se registraron aproximadamente 2,4 millones de casos de depresi\u00f3n en Espa\u00f1a. La prevalencia de cuadros depresivos activos var\u00eda en funci\u00f3n del grupo de edad y del sexo. Por ejemplo, el trastorno depresivo afecta al 4,1 % de la poblaci\u00f3n y su incidencia aumenta con la edad.<\/p>\n<p>Es importante destacar que estos datos reflejan la necesidad de seguir trabajando en la concienciaci\u00f3n y el tratamiento de la depresi\u00f3n para mejorar la calidad de vida de las personas que la sufren.<\/p>\n<h3>Entonces, \u00bfqu\u00e9 podemos hacer para luchar contra esta enfermedad?<\/h3>\n<p>Para luchar contra la depresi\u00f3n es necesario adoptar un enfoque integral que involucre a individuos, comunidades y sistemas de salud. Estas son algunas acciones que se pueden llevar a cabo:<\/p>\n<ul>\n<li><strong>Educaci\u00f3n y concienciaci\u00f3n:<\/strong> informar a la poblaci\u00f3n sobre la depresi\u00f3n, sus s\u00edntomas y la importancia de buscar ayuda. Es crucial romper el estigma asociado a los trastornos mentales.<\/li>\n<li><strong>Apoyo social:<\/strong> ofrecer un entorno de apoyo a quienes est\u00e1n pasando por momentos dif\u00edciles. Escuchar sin juzgar y mostrar presencia puede marcar una gran diferencia.<\/li>\n<li><strong>Acceso al tratamiento:<\/strong> hay que asegurarse de que las personas tengan acceso a servicios de salud mental, incluidos la terapia y los medicamentos cuando sea necesario.<\/li>\n<li><strong>Promoci\u00f3n de h\u00e1bitos saludables:<\/strong> fomentar el ejercicio regular, una dieta equilibrada y un buen sue\u00f1o, ya que estos factores pueden influir positivamente en la salud mental.<\/li>\n<li><strong>Reducci\u00f3n del estr\u00e9s:<\/strong> ense\u00f1ar y practicar t\u00e9cnicas de manejo del estr\u00e9s, como la meditaci\u00f3n, el yoga o la respiraci\u00f3n profunda.<\/li>\n<li><strong>Pol\u00edticas p\u00fablicas:<\/strong> apoyar pol\u00edticas que promuevan la salud mental y proporcionen recursos adecuados para la prevenci\u00f3n y el tratamiento de la depresi\u00f3n.<\/li>\n<li><strong>Investigaci\u00f3n:<\/strong> apoyar la investigaci\u00f3n sobre la depresi\u00f3n para entender mejor sus causas y desarrollar tratamientos m\u00e1s efectivos.<\/li>\n<\/ul>\n<p>Todas las acciones son importantes y pueden contribuir a crear un entorno m\u00e1s comprensivo y solidario para las personas que sufren depresi\u00f3n.<\/p>\n<figure id=\"attachment_7688\" aria-describedby=\"caption-attachment-7688\" style=\"width: 300px\" class=\"wp-caption aligncenter\"><a href=\"https:\/\/rafaramirez.org\/blog\/wp-content\/uploads\/2025\/01\/girl-5801502.jpg\" target=\"_blank\" rel=\"noopener\"><img loading=\"lazy\" decoding=\"async\" class=\"wp-image-7688 size-medium\" src=\"https:\/\/rafaramirez.org\/blog\/wp-content\/uploads\/2025\/01\/girl-5801502-300x200.jpg\" alt=\"D\u00eda Mundial de Lucha contra la Depresi\u00f3n. Blog de Rafael Ram\u00edrez.\" width=\"300\" height=\"200\" srcset=\"https:\/\/rafaramirez.org\/blog\/wp-content\/uploads\/2025\/01\/girl-5801502-300x200.jpg 300w, https:\/\/rafaramirez.org\/blog\/wp-content\/uploads\/2025\/01\/girl-5801502-768x512.jpg 768w, https:\/\/rafaramirez.org\/blog\/wp-content\/uploads\/2025\/01\/girl-5801502.jpg 900w\" sizes=\"auto, (max-width: 300px) 100vw, 300px\" \/><\/a><figcaption id=\"caption-attachment-7688\" class=\"wp-caption-text\">D\u00eda Mundial de Lucha contra la Depresi\u00f3n. Blog de Rafael Ram\u00edrez.<\/figcaption><\/figure>\n<p>En resumen, el D\u00eda Mundial de la Lucha contra la Depresi\u00f3n es fundamental para aumentar la concienciaci\u00f3n sobre la depresi\u00f3n, acabar con el estigma asociado y promover la b\u00fasqueda de ayuda y tratamiento. Este d\u00eda pone de relieve la importancia de la salud mental y muestra apoyo a quienes la sufren.<\/p>\n<p>M\u00e1s informaci\u00f3n:<\/p>\n<ul>\n<li><a href=\"https:\/\/www.ecoavant.com\/salud\/dia-mundial-depresion_14537_102.html\" target=\"_blank\" rel=\"noopener\">Ecoavant<\/a>.<\/li>\n<li><a href=\"https:\/\/vanguardia.com.mx\/coahuila\/dia-mundial-de-la-lucha-contra-la-depresion-sintomas-y-consejos-de-apoyo-a-un-ser-querido-BI14583064\" target=\"_blank\" rel=\"noopener\">Vanguardia<\/a>.<\/li>\n<li><a href=\"https:\/\/www.sanidad.gob.es\/estadEstudios\/estadisticas\/estadisticas\/estMinisterio\/SIAP\/Salud_mental_datos.pdf\" target=\"_blank\" rel=\"noopener\">Sanidad<\/a>.<\/li>\n<li><a href=\"https:\/\/es.statista.com\/estadisticas\/1037998\/numero-de-casos-de-depresion-en-espana\/\" target=\"_blank\" rel=\"noopener\">Statista<\/a>.<\/li>\n<li><a href=\"https:\/\/rafaramirez.org\/blog\/index.php\/category\/noticias-sociales\/\" target=\"_blank\" rel=\"noopener\">Otros informes sociales<\/a>.<\/li>\n<li><a href=\"https:\/\/rafaramirez.org\/blog\/index.php\/category\/arte\/efemerides\/\" target=\"_blank\" rel=\"noopener\">M\u00e1s efem\u00e9rides<\/a>.<\/li>\n<\/ul>\n","protected":false},"excerpt":{"rendered":"<p>El D\u00eda Mundial de la Lucha contra la Depresi\u00f3n se celebra cada 13 de enero con el objetivo de aumentar la concienciaci\u00f3n global sobre esta enfermedad, acabar con el estigma asociado a las personas que la sufren y promover la b\u00fasqueda de ayuda y tratamiento. La depresi\u00f3n es un trastorno mental que afecta a millones [&hellip;]<\/p>\n","protected":false},"author":1,"featured_media":7685,"comment_status":"open","ping_status":"closed","sticky":false,"template":"","format":"standard","meta":{"site-container-style":"default","site-container-layout":"default","site-sidebar-layout":"default","disable-article-header":"default","disable-site-header":"default","disable-site-footer":"default","disable-content-area-spacing":"default","_jetpack_newsletter_access":"","_jetpack_dont_email_post_to_subs":false,"_jetpack_newsletter_tier_id":0,"_jetpack_memberships_contains_paywalled_content":false,"_jetpack_feature_clip_id":0,"_jetpack_memberships_contains_paid_content":false,"footnotes":"","jetpack_publicize_message":"","jetpack_publicize_feature_enabled":true,"jetpack_social_post_already_shared":true,"jetpack_social_options":{"image_generator_settings":{"template":"highway","default_image_id":0,"font":"","enabled":false},"version":2},"jetpack_post_was_ever_published":false},"categories":[1291,15],"tags":[3959,3958,1323,3517,3797,336,338,880],"class_list":["post-7678","post","type-post","status-publish","format-standard","has-post-thumbnail","hentry","category-efemerides","category-noticias-sociales","tag-13-de-enero","tag-dia-mundial-de-la-lucha-contra-la-depresion","tag-efemerides","tag-informe-social","tag-noticia-social","tag-oms","tag-organizacion-mundial-de-la-salud","tag-social"],"yoast_head":"<!-- This site is optimized with the Yoast SEO plugin v28.4 - https:\/\/yoast.com\/product\/yoast-seo-wordpress\/ -->\n<title>D\u00eda Mundial de Lucha contra la Depresi\u00f3n: sensibilizar y promover la b\u00fasqueda de ayuda. - Blog de Rafael Ram\u00edrez<\/title>\n<meta name=\"description\" content=\"El D\u00eda Mundial de la Lucha contra la Depresi\u00f3n tiene el objetivo de aumentar la concienciaci\u00f3n sobre esta enfermedad, acabar con el estigma..\" \/>\n<meta name=\"robots\" content=\"index, follow, max-snippet:-1, max-image-preview:large, max-video-preview:-1\" \/>\n<link rel=\"canonical\" href=\"https:\/\/rafaramirez.org\/blog\/index.php\/2025\/01\/13\/dia-mundial-de-lucha-contra-la-depresion\/\" \/>\n<meta property=\"og:locale\" content=\"es_ES\" \/>\n<meta property=\"og:type\" content=\"article\" \/>\n<meta property=\"og:title\" content=\"D\u00eda Mundial de Lucha contra la Depresi\u00f3n: sensibilizar y promover la b\u00fasqueda de ayuda. - Blog de Rafael Ram\u00edrez\" \/>\n<meta property=\"og:description\" content=\"El D\u00eda Mundial de la Lucha contra la Depresi\u00f3n tiene el objetivo de aumentar la concienciaci\u00f3n sobre esta enfermedad, acabar con el estigma..\" \/>\n<meta property=\"og:url\" content=\"https:\/\/rafaramirez.org\/blog\/index.php\/2025\/01\/13\/dia-mundial-de-lucha-contra-la-depresion\/\" \/>\n<meta property=\"og:site_name\" content=\"Blog de Rafael Ram\u00edrez\" \/>\n<meta property=\"article:published_time\" content=\"2025-01-13T07:15:47+00:00\" \/>\n<meta property=\"article:modified_time\" content=\"2025-01-13T11:03:26+00:00\" \/>\n<meta property=\"og:image\" content=\"https:\/\/rafaramirez.org\/blog\/wp-content\/uploads\/2025\/01\/Dia_Mundial_de_Lucha_contra_la_Depresion_banner.jpg\" \/>\n\t<meta property=\"og:image:width\" content=\"720\" \/>\n\t<meta property=\"og:image:height\" content=\"440\" \/>\n\t<meta property=\"og:image:type\" content=\"image\/jpeg\" \/>\n<meta name=\"author\" content=\"Rafael Ram\u00edrez\" \/>\n<meta name=\"twitter:card\" content=\"summary_large_image\" \/>\n<meta name=\"twitter:creator\" content=\"@rafaramirez_ok\" \/>\n<meta name=\"twitter:site\" content=\"@rafaramirez_ok\" \/>\n<meta name=\"twitter:label1\" content=\"Escrito por\" \/>\n\t<meta name=\"twitter:data1\" content=\"Rafael Ram\u00edrez\" \/>\n\t<meta name=\"twitter:label2\" content=\"Tiempo de lectura\" \/>\n\t<meta name=\"twitter:data2\" content=\"5 minutos\" \/>\n<script type=\"application\/ld+json\" class=\"yoast-schema-graph\">{\"@context\":\"https:\\\/\\\/schema.org\",\"@graph\":[{\"@type\":\"Article\",\"@id\":\"https:\\\/\\\/rafaramirez.org\\\/blog\\\/index.php\\\/2025\\\/01\\\/13\\\/dia-mundial-de-lucha-contra-la-depresion\\\/#article\",\"isPartOf\":{\"@id\":\"https:\\\/\\\/rafaramirez.org\\\/blog\\\/index.php\\\/2025\\\/01\\\/13\\\/dia-mundial-de-lucha-contra-la-depresion\\\/\"},\"author\":{\"name\":\"Rafael Ram\u00edrez\",\"@id\":\"https:\\\/\\\/rafaramirez.org\\\/blog\\\/#\\\/schema\\\/person\\\/50f43b6d60c578760d4c17bda54ab6a5\"},\"headline\":\"D\u00eda Mundial de Lucha contra la Depresi\u00f3n: sensibilizar y promover la b\u00fasqueda de ayuda.\",\"datePublished\":\"2025-01-13T07:15:47+00:00\",\"dateModified\":\"2025-01-13T11:03:26+00:00\",\"mainEntityOfPage\":{\"@id\":\"https:\\\/\\\/rafaramirez.org\\\/blog\\\/index.php\\\/2025\\\/01\\\/13\\\/dia-mundial-de-lucha-contra-la-depresion\\\/\"},\"wordCount\":992,\"commentCount\":0,\"publisher\":{\"@id\":\"https:\\\/\\\/rafaramirez.org\\\/blog\\\/#\\\/schema\\\/person\\\/50f43b6d60c578760d4c17bda54ab6a5\"},\"image\":{\"@id\":\"https:\\\/\\\/rafaramirez.org\\\/blog\\\/index.php\\\/2025\\\/01\\\/13\\\/dia-mundial-de-lucha-contra-la-depresion\\\/#primaryimage\"},\"thumbnailUrl\":\"https:\\\/\\\/rafaramirez.org\\\/blog\\\/wp-content\\\/uploads\\\/2025\\\/01\\\/Dia_Mundial_de_Lucha_contra_la_Depresion_banner.jpg\",\"keywords\":[\"13 de enero\",\"D\u00eda Mundial de la Lucha contra la Depresi\u00f3n\",\"efem\u00e9rides\",\"informe social\",\"noticia social\",\"oms\",\"organizacion mundial de la salud\",\"social\"],\"articleSection\":[\"Efem\u00e9rides\",\"Informe social\"],\"inLanguage\":\"es\",\"potentialAction\":[{\"@type\":\"CommentAction\",\"name\":\"Comment\",\"target\":[\"https:\\\/\\\/rafaramirez.org\\\/blog\\\/index.php\\\/2025\\\/01\\\/13\\\/dia-mundial-de-lucha-contra-la-depresion\\\/#respond\"]}]},{\"@type\":\"WebPage\",\"@id\":\"https:\\\/\\\/rafaramirez.org\\\/blog\\\/index.php\\\/2025\\\/01\\\/13\\\/dia-mundial-de-lucha-contra-la-depresion\\\/\",\"url\":\"https:\\\/\\\/rafaramirez.org\\\/blog\\\/index.php\\\/2025\\\/01\\\/13\\\/dia-mundial-de-lucha-contra-la-depresion\\\/\",\"name\":\"D\u00eda Mundial de Lucha contra la Depresi\u00f3n: sensibilizar y promover la b\u00fasqueda de ayuda. - Blog de Rafael Ram\u00edrez\",\"isPartOf\":{\"@id\":\"https:\\\/\\\/rafaramirez.org\\\/blog\\\/#website\"},\"primaryImageOfPage\":{\"@id\":\"https:\\\/\\\/rafaramirez.org\\\/blog\\\/index.php\\\/2025\\\/01\\\/13\\\/dia-mundial-de-lucha-contra-la-depresion\\\/#primaryimage\"},\"image\":{\"@id\":\"https:\\\/\\\/rafaramirez.org\\\/blog\\\/index.php\\\/2025\\\/01\\\/13\\\/dia-mundial-de-lucha-contra-la-depresion\\\/#primaryimage\"},\"thumbnailUrl\":\"https:\\\/\\\/rafaramirez.org\\\/blog\\\/wp-content\\\/uploads\\\/2025\\\/01\\\/Dia_Mundial_de_Lucha_contra_la_Depresion_banner.jpg\",\"datePublished\":\"2025-01-13T07:15:47+00:00\",\"dateModified\":\"2025-01-13T11:03:26+00:00\",\"description\":\"El D\u00eda Mundial de la Lucha contra la Depresi\u00f3n tiene el objetivo de aumentar la concienciaci\u00f3n sobre esta enfermedad, acabar con el estigma..\",\"breadcrumb\":{\"@id\":\"https:\\\/\\\/rafaramirez.org\\\/blog\\\/index.php\\\/2025\\\/01\\\/13\\\/dia-mundial-de-lucha-contra-la-depresion\\\/#breadcrumb\"},\"inLanguage\":\"es\",\"potentialAction\":[{\"@type\":\"ReadAction\",\"target\":[\"https:\\\/\\\/rafaramirez.org\\\/blog\\\/index.php\\\/2025\\\/01\\\/13\\\/dia-mundial-de-lucha-contra-la-depresion\\\/\"]}]},{\"@type\":\"ImageObject\",\"inLanguage\":\"es\",\"@id\":\"https:\\\/\\\/rafaramirez.org\\\/blog\\\/index.php\\\/2025\\\/01\\\/13\\\/dia-mundial-de-lucha-contra-la-depresion\\\/#primaryimage\",\"url\":\"https:\\\/\\\/rafaramirez.org\\\/blog\\\/wp-content\\\/uploads\\\/2025\\\/01\\\/Dia_Mundial_de_Lucha_contra_la_Depresion_banner.jpg\",\"contentUrl\":\"https:\\\/\\\/rafaramirez.org\\\/blog\\\/wp-content\\\/uploads\\\/2025\\\/01\\\/Dia_Mundial_de_Lucha_contra_la_Depresion_banner.jpg\",\"width\":720,\"height\":440,\"caption\":\"D\u00eda Mundial de Lucha contra la Depresi\u00f3n. Blog de Rafael Ram\u00edrez.\"},{\"@type\":\"BreadcrumbList\",\"@id\":\"https:\\\/\\\/rafaramirez.org\\\/blog\\\/index.php\\\/2025\\\/01\\\/13\\\/dia-mundial-de-lucha-contra-la-depresion\\\/#breadcrumb\",\"itemListElement\":[{\"@type\":\"ListItem\",\"position\":1,\"name\":\"Portada\",\"item\":\"https:\\\/\\\/rafaramirez.org\\\/blog\\\/\"},{\"@type\":\"ListItem\",\"position\":2,\"name\":\"D\u00eda Mundial de Lucha contra la Depresi\u00f3n: sensibilizar y promover la b\u00fasqueda de ayuda.\"}]},{\"@type\":\"WebSite\",\"@id\":\"https:\\\/\\\/rafaramirez.org\\\/blog\\\/#website\",\"url\":\"https:\\\/\\\/rafaramirez.org\\\/blog\\\/\",\"name\":\"Blog de Rafael Ram\u00edrez\",\"description\":\"Un sitio social, de arte y cultura\",\"publisher\":{\"@id\":\"https:\\\/\\\/rafaramirez.org\\\/blog\\\/#\\\/schema\\\/person\\\/50f43b6d60c578760d4c17bda54ab6a5\"},\"potentialAction\":[{\"@type\":\"SearchAction\",\"target\":{\"@type\":\"EntryPoint\",\"urlTemplate\":\"https:\\\/\\\/rafaramirez.org\\\/blog\\\/?s={search_term_string}\"},\"query-input\":{\"@type\":\"PropertyValueSpecification\",\"valueRequired\":true,\"valueName\":\"search_term_string\"}}],\"inLanguage\":\"es\"},{\"@type\":[\"Person\",\"Organization\"],\"@id\":\"https:\\\/\\\/rafaramirez.org\\\/blog\\\/#\\\/schema\\\/person\\\/50f43b6d60c578760d4c17bda54ab6a5\",\"name\":\"Rafael Ram\u00edrez\",\"image\":{\"@type\":\"ImageObject\",\"inLanguage\":\"es\",\"@id\":\"https:\\\/\\\/rafaramirez.org\\\/blog\\\/wp-content\\\/uploads\\\/2024\\\/09\\\/RR_socialnetwork.jpg\",\"url\":\"https:\\\/\\\/rafaramirez.org\\\/blog\\\/wp-content\\\/uploads\\\/2024\\\/09\\\/RR_socialnetwork.jpg\",\"contentUrl\":\"https:\\\/\\\/rafaramirez.org\\\/blog\\\/wp-content\\\/uploads\\\/2024\\\/09\\\/RR_socialnetwork.jpg\",\"width\":600,\"height\":606,\"caption\":\"Rafael Ram\u00edrez\"},\"logo\":{\"@id\":\"https:\\\/\\\/rafaramirez.org\\\/blog\\\/wp-content\\\/uploads\\\/2024\\\/09\\\/RR_socialnetwork.jpg\"},\"sameAs\":[\"https:\\\/\\\/www.rafaramirez.org\\\/blog\",\"https:\\\/\\\/www.instagram.com\\\/rafaramirez_ok\\\/\",\"https:\\\/\\\/es.pinterest.com\\\/Ramirez_Rafa\\\/\",\"https:\\\/\\\/x.com\\\/rafaramirez_ok\"],\"url\":\"https:\\\/\\\/rafaramirez.org\\\/blog\\\/index.php\\\/author\\\/rafaell_qm6j97da\\\/\"}]}<\/script>\n<!-- \/ Yoast SEO plugin. -->","yoast_head_json":{"title":"D\u00eda Mundial de Lucha contra la Depresi\u00f3n: sensibilizar y promover la b\u00fasqueda de ayuda. - Blog de Rafael Ram\u00edrez","description":"El D\u00eda Mundial de la Lucha contra la Depresi\u00f3n tiene el objetivo de aumentar la concienciaci\u00f3n sobre esta enfermedad, acabar con el estigma..","robots":{"index":"index","follow":"follow","max-snippet":"max-snippet:-1","max-image-preview":"max-image-preview:large","max-video-preview":"max-video-preview:-1"},"canonical":"https:\/\/rafaramirez.org\/blog\/index.php\/2025\/01\/13\/dia-mundial-de-lucha-contra-la-depresion\/","og_locale":"es_ES","og_type":"article","og_title":"D\u00eda Mundial de Lucha contra la Depresi\u00f3n: sensibilizar y promover la b\u00fasqueda de ayuda. - Blog de Rafael Ram\u00edrez","og_description":"El D\u00eda Mundial de la Lucha contra la Depresi\u00f3n tiene el objetivo de aumentar la concienciaci\u00f3n sobre esta enfermedad, acabar con el estigma..","og_url":"https:\/\/rafaramirez.org\/blog\/index.php\/2025\/01\/13\/dia-mundial-de-lucha-contra-la-depresion\/","og_site_name":"Blog de Rafael Ram\u00edrez","article_published_time":"2025-01-13T07:15:47+00:00","article_modified_time":"2025-01-13T11:03:26+00:00","og_image":[{"width":720,"height":440,"url":"https:\/\/rafaramirez.org\/blog\/wp-content\/uploads\/2025\/01\/Dia_Mundial_de_Lucha_contra_la_Depresion_banner.jpg","type":"image\/jpeg"}],"author":"Rafael Ram\u00edrez","twitter_card":"summary_large_image","twitter_creator":"@rafaramirez_ok","twitter_site":"@rafaramirez_ok","twitter_misc":{"Escrito por":"Rafael Ram\u00edrez","Tiempo de lectura":"5 minutos"},"schema":{"@context":"https:\/\/schema.org","@graph":[{"@type":"Article","@id":"https:\/\/rafaramirez.org\/blog\/index.php\/2025\/01\/13\/dia-mundial-de-lucha-contra-la-depresion\/#article","isPartOf":{"@id":"https:\/\/rafaramirez.org\/blog\/index.php\/2025\/01\/13\/dia-mundial-de-lucha-contra-la-depresion\/"},"author":{"name":"Rafael Ram\u00edrez","@id":"https:\/\/rafaramirez.org\/blog\/#\/schema\/person\/50f43b6d60c578760d4c17bda54ab6a5"},"headline":"D\u00eda Mundial de Lucha contra la Depresi\u00f3n: sensibilizar y promover la b\u00fasqueda de ayuda.","datePublished":"2025-01-13T07:15:47+00:00","dateModified":"2025-01-13T11:03:26+00:00","mainEntityOfPage":{"@id":"https:\/\/rafaramirez.org\/blog\/index.php\/2025\/01\/13\/dia-mundial-de-lucha-contra-la-depresion\/"},"wordCount":992,"commentCount":0,"publisher":{"@id":"https:\/\/rafaramirez.org\/blog\/#\/schema\/person\/50f43b6d60c578760d4c17bda54ab6a5"},"image":{"@id":"https:\/\/rafaramirez.org\/blog\/index.php\/2025\/01\/13\/dia-mundial-de-lucha-contra-la-depresion\/#primaryimage"},"thumbnailUrl":"https:\/\/rafaramirez.org\/blog\/wp-content\/uploads\/2025\/01\/Dia_Mundial_de_Lucha_contra_la_Depresion_banner.jpg","keywords":["13 de enero","D\u00eda Mundial de la Lucha contra la Depresi\u00f3n","efem\u00e9rides","informe social","noticia social","oms","organizacion mundial de la salud","social"],"articleSection":["Efem\u00e9rides","Informe social"],"inLanguage":"es","potentialAction":[{"@type":"CommentAction","name":"Comment","target":["https:\/\/rafaramirez.org\/blog\/index.php\/2025\/01\/13\/dia-mundial-de-lucha-contra-la-depresion\/#respond"]}]},{"@type":"WebPage","@id":"https:\/\/rafaramirez.org\/blog\/index.php\/2025\/01\/13\/dia-mundial-de-lucha-contra-la-depresion\/","url":"https:\/\/rafaramirez.org\/blog\/index.php\/2025\/01\/13\/dia-mundial-de-lucha-contra-la-depresion\/","name":"D\u00eda Mundial de Lucha contra la Depresi\u00f3n: sensibilizar y promover la b\u00fasqueda de ayuda. - Blog de Rafael Ram\u00edrez","isPartOf":{"@id":"https:\/\/rafaramirez.org\/blog\/#website"},"primaryImageOfPage":{"@id":"https:\/\/rafaramirez.org\/blog\/index.php\/2025\/01\/13\/dia-mundial-de-lucha-contra-la-depresion\/#primaryimage"},"image":{"@id":"https:\/\/rafaramirez.org\/blog\/index.php\/2025\/01\/13\/dia-mundial-de-lucha-contra-la-depresion\/#primaryimage"},"thumbnailUrl":"https:\/\/rafaramirez.org\/blog\/wp-content\/uploads\/2025\/01\/Dia_Mundial_de_Lucha_contra_la_Depresion_banner.jpg","datePublished":"2025-01-13T07:15:47+00:00","dateModified":"2025-01-13T11:03:26+00:00","description":"El D\u00eda Mundial de la Lucha contra la Depresi\u00f3n tiene el objetivo de aumentar la concienciaci\u00f3n sobre esta enfermedad, acabar con el estigma..","breadcrumb":{"@id":"https:\/\/rafaramirez.org\/blog\/index.php\/2025\/01\/13\/dia-mundial-de-lucha-contra-la-depresion\/#breadcrumb"},"inLanguage":"es","potentialAction":[{"@type":"ReadAction","target":["https:\/\/rafaramirez.org\/blog\/index.php\/2025\/01\/13\/dia-mundial-de-lucha-contra-la-depresion\/"]}]},{"@type":"ImageObject","inLanguage":"es","@id":"https:\/\/rafaramirez.org\/blog\/index.php\/2025\/01\/13\/dia-mundial-de-lucha-contra-la-depresion\/#primaryimage","url":"https:\/\/rafaramirez.org\/blog\/wp-content\/uploads\/2025\/01\/Dia_Mundial_de_Lucha_contra_la_Depresion_banner.jpg","contentUrl":"https:\/\/rafaramirez.org\/blog\/wp-content\/uploads\/2025\/01\/Dia_Mundial_de_Lucha_contra_la_Depresion_banner.jpg","width":720,"height":440,"caption":"D\u00eda Mundial de Lucha contra la Depresi\u00f3n. Blog de Rafael Ram\u00edrez."},{"@type":"BreadcrumbList","@id":"https:\/\/rafaramirez.org\/blog\/index.php\/2025\/01\/13\/dia-mundial-de-lucha-contra-la-depresion\/#breadcrumb","itemListElement":[{"@type":"ListItem","position":1,"name":"Portada","item":"https:\/\/rafaramirez.org\/blog\/"},{"@type":"ListItem","position":2,"name":"D\u00eda Mundial de Lucha contra la Depresi\u00f3n: sensibilizar y promover la b\u00fasqueda de ayuda."}]},{"@type":"WebSite","@id":"https:\/\/rafaramirez.org\/blog\/#website","url":"https:\/\/rafaramirez.org\/blog\/","name":"Blog de Rafael Ram\u00edrez","description":"Un sitio social, de arte y cultura","publisher":{"@id":"https:\/\/rafaramirez.org\/blog\/#\/schema\/person\/50f43b6d60c578760d4c17bda54ab6a5"},"potentialAction":[{"@type":"SearchAction","target":{"@type":"EntryPoint","urlTemplate":"https:\/\/rafaramirez.org\/blog\/?s={search_term_string}"},"query-input":{"@type":"PropertyValueSpecification","valueRequired":true,"valueName":"search_term_string"}}],"inLanguage":"es"},{"@type":["Person","Organization"],"@id":"https:\/\/rafaramirez.org\/blog\/#\/schema\/person\/50f43b6d60c578760d4c17bda54ab6a5","name":"Rafael Ram\u00edrez","image":{"@type":"ImageObject","inLanguage":"es","@id":"https:\/\/rafaramirez.org\/blog\/wp-content\/uploads\/2024\/09\/RR_socialnetwork.jpg","url":"https:\/\/rafaramirez.org\/blog\/wp-content\/uploads\/2024\/09\/RR_socialnetwork.jpg","contentUrl":"https:\/\/rafaramirez.org\/blog\/wp-content\/uploads\/2024\/09\/RR_socialnetwork.jpg","width":600,"height":606,"caption":"Rafael Ram\u00edrez"},"logo":{"@id":"https:\/\/rafaramirez.org\/blog\/wp-content\/uploads\/2024\/09\/RR_socialnetwork.jpg"},"sameAs":["https:\/\/www.rafaramirez.org\/blog","https:\/\/www.instagram.com\/rafaramirez_ok\/","https:\/\/es.pinterest.com\/Ramirez_Rafa\/","https:\/\/x.com\/rafaramirez_ok"],"url":"https:\/\/rafaramirez.org\/blog\/index.php\/author\/rafaell_qm6j97da\/"}]}},"jetpack_publicize_connections":[],"jetpack_sharing_enabled":true,"jetpack_likes_enabled":true,"jetpack_featured_media_url":"https:\/\/rafaramirez.org\/blog\/wp-content\/uploads\/2025\/01\/Dia_Mundial_de_Lucha_contra_la_Depresion_banner.jpg","_links":{"self":[{"href":"https:\/\/rafaramirez.org\/blog\/index.php\/wp-json\/wp\/v2\/posts\/7678","targetHints":{"allow":["GET"]}}],"collection":[{"href":"https:\/\/rafaramirez.org\/blog\/index.php\/wp-json\/wp\/v2\/posts"}],"about":[{"href":"https:\/\/rafaramirez.org\/blog\/index.php\/wp-json\/wp\/v2\/types\/post"}],"author":[{"embeddable":true,"href":"https:\/\/rafaramirez.org\/blog\/index.php\/wp-json\/wp\/v2\/users\/1"}],"replies":[{"embeddable":true,"href":"https:\/\/rafaramirez.org\/blog\/index.php\/wp-json\/wp\/v2\/comments?post=7678"}],"version-history":[{"count":10,"href":"https:\/\/rafaramirez.org\/blog\/index.php\/wp-json\/wp\/v2\/posts\/7678\/revisions"}],"predecessor-version":[{"id":7736,"href":"https:\/\/rafaramirez.org\/blog\/index.php\/wp-json\/wp\/v2\/posts\/7678\/revisions\/7736"}],"wp:featuredmedia":[{"embeddable":true,"href":"https:\/\/rafaramirez.org\/blog\/index.php\/wp-json\/wp\/v2\/media\/7685"}],"wp:attachment":[{"href":"https:\/\/rafaramirez.org\/blog\/index.php\/wp-json\/wp\/v2\/media?parent=7678"}],"wp:term":[{"taxonomy":"category","embeddable":true,"href":"https:\/\/rafaramirez.org\/blog\/index.php\/wp-json\/wp\/v2\/categories?post=7678"},{"taxonomy":"post_tag","embeddable":true,"href":"https:\/\/rafaramirez.org\/blog\/index.php\/wp-json\/wp\/v2\/tags?post=7678"}],"curies":[{"name":"wp","href":"https:\/\/api.w.org\/{rel}","templated":true}]}}