{"id":7624,"date":"2025-01-08T08:15:37","date_gmt":"2025-01-08T07:15:37","guid":{"rendered":"https:\/\/rafaramirez.org\/blog\/?p=7624"},"modified":"2026-07-14T11:45:43","modified_gmt":"2026-07-14T09:45:43","slug":"gustave-courbet","status":"publish","type":"post","link":"https:\/\/rafaramirez.org\/blog\/index.php\/2025\/01\/08\/gustave-courbet\/","title":{"rendered":"Gustave Courbet, el maestro del realismo que influy\u00f3 decisivamente en el impresionismo."},"content":{"rendered":"<p><strong>Gustave Courbet <\/strong>fue un pintor franc\u00e9s nacido en <strong>Ornans<\/strong>, conocido por ser el fundador y m\u00e1ximo representante del <a href=\"https:\/\/rafaramirez.org\/blog\/index.php\/2025\/10\/23\/realismo-del-mito-a-la-realidad-el-arte-que-retrato-la-vida-comun\/\" target=\"_blank\" rel=\"noopener\">realismo<\/a> en la pintura. Se destac\u00f3 por su enfoque en representar la vida cotidiana y las escenas de la realidad con un estilo directo y sin idealizaciones.<br \/>\nEstudi\u00f3 en la <strong>Academia Suiza<\/strong> y se vio influido por las obras de los maestros flamencos, venecianos y holandeses de los siglos XVI y XVII. A lo largo de su carrera, Courbet se rebel\u00f3 contra las tendencias rom\u00e1nticas y neocl\u00e1sicas de su tiempo, buscando una representaci\u00f3n m\u00e1s aut\u00e9ntica y cruda de la vida.<\/p>\n<p>Entre sus obras m\u00e1s conocidas se encuentran <strong>\u00abEl entierro en Ornans\u00bb<\/strong> y <strong>\u00abEl origen del mundo\u00bb<\/strong>.<\/p>\n<h3>Biograf\u00eda.<\/h3>\n<p>Gustave Courbet naci\u00f3 el 10 de junio de 1819 en Ornans, <strong>Francia<\/strong>, en el seno de una familia acomodada. Su padre, <strong>El\u00e9onor-R\u00e9gis<\/strong>, era un pr\u00f3spero agricultor, y su madre, <strong>Sylvie Courbet<\/strong>, proven\u00eda de una familia de terratenientes. Desde joven, Courbet mostr\u00f3 inter\u00e9s por el arte y, aunque sus padres deseaban que estudiara derecho, \u00e9l decidi\u00f3 dedicarse a la pintura.<\/p>\n<p>En 1840, se traslad\u00f3 a <strong>Par\u00eds<\/strong> para estudiar leyes, pero pronto se volc\u00f3 al arte copiando las obras maestras del Museo del Louvre. Su formaci\u00f3n pict\u00f3rica se bas\u00f3 en el estudio de grandes maestros como <strong>Caravaggio<\/strong>,<strong> Vel\u00e1zquez<\/strong>,<strong> Rembrandt <\/strong>y<strong> Van Dyck<\/strong>. En 1844, su autorretrato <strong>\u00abCourbet con un perro negro\u00bb<\/strong> fue aceptado en el <strong>Sal\u00f3n de Par\u00eds<\/strong>, lo que marc\u00f3 el inicio de su carrera art\u00edstica.<\/p>\n<p>Courbet se rebel\u00f3 contra las tendencias rom\u00e1nticas y neocl\u00e1sicas de su tiempo, buscando una representaci\u00f3n m\u00e1s aut\u00e9ntica y cruda de la vida cotidiana. En 1850, present\u00f3 <strong>\u00abLos picapedreros\u00bb<\/strong> y \u00abEl entierro en Ornans\u00bb, obras que escandalizaron a los acad\u00e9micos por su gran formato y su enfoque de la vida rural. En 1855, organiz\u00f3 su propia exposici\u00f3n, el <strong>\u00abPabell\u00f3n del Realismo\u00bb<\/strong>, en respuesta al rechazo de sus obras en la <strong>Exposici\u00f3n Universal de Par\u00eds<\/strong>.<\/p>\n<p>Adem\u00e1s de trabajar como pintor, Courbet se comprometi\u00f3 como activista republicano y se acerc\u00f3 al socialismo revolucionario. En 1871, durante la <strong>Comuna de Par\u00eds<\/strong>, nombraron a Courbet director de los museos de la ciudad y salv\u00f3 las colecciones del <strong>Louvre<\/strong> del incendio de las <strong>Tuller\u00edas<\/strong>. Sin embargo, tras la derrota de la Comuna, encarcelaron a Courbet y lo condenaron a pagar la reparaci\u00f3n de la <strong>columna de Vend\u00f4me<\/strong>, por lo que se exili\u00f3 en <strong>Suiza<\/strong> en 1873.<\/p>\n<p>Courbet continu\u00f3 pintando hasta su muerte el 31 de diciembre de 1877 en <strong>La Tour-de-Peilz<\/strong>, Suiza. Su legado perdura como uno de los principales exponentes del <a href=\"https:\/\/rafaramirez.org\/blog\/index.php\/2025\/10\/23\/realismo-del-mito-a-la-realidad-el-arte-que-retrato-la-vida-comun\/\" target=\"_blank\" rel=\"noopener\">realismo<\/a> en la pintura.<\/p>\n<figure id=\"attachment_7633\" aria-describedby=\"caption-attachment-7633\" style=\"width: 234px\" class=\"wp-caption aligncenter\"><a href=\"https:\/\/rafaramirez.org\/blog\/wp-content\/uploads\/2025\/01\/Gustave_Courbet_portrait.jpg\" target=\"_blank\" rel=\"noopener\"><img loading=\"lazy\" decoding=\"async\" class=\"wp-image-7633 size-medium\" src=\"https:\/\/rafaramirez.org\/blog\/wp-content\/uploads\/2025\/01\/Gustave_Courbet_portrait-234x300.jpg\" alt=\"Retrato del pintor Gustave Courbet. Blog de Rafael Ram\u00edrez.\" width=\"234\" height=\"300\" srcset=\"https:\/\/rafaramirez.org\/blog\/wp-content\/uploads\/2025\/01\/Gustave_Courbet_portrait-234x300.jpg 234w, https:\/\/rafaramirez.org\/blog\/wp-content\/uploads\/2025\/01\/Gustave_Courbet_portrait-768x985.jpg 768w, https:\/\/rafaramirez.org\/blog\/wp-content\/uploads\/2025\/01\/Gustave_Courbet_portrait.jpg 780w\" sizes=\"auto, (max-width: 234px) 100vw, 234px\" \/><\/a><figcaption id=\"caption-attachment-7633\" class=\"wp-caption-text\">Retrato del pintor Gustave Courbet. Blog de Rafael Ram\u00edrez.<\/figcaption><\/figure>\n<h3>Influencia de Coubert en la pintura.<\/h3>\n<p>Gustave Courbet tuvo una influencia significativa en la pintura y en el desarrollo del arte moderno. Su enfoque en el <a href=\"https:\/\/rafaramirez.org\/blog\/index.php\/2025\/10\/23\/realismo-del-mito-a-la-realidad-el-arte-que-retrato-la-vida-comun\/\" target=\"_blank\" rel=\"noopener\">realismo<\/a> y su rechazo a las convenciones acad\u00e9micas establecidas supusieron un hito en la historia del arte. A continuaci\u00f3n, te presento algunos aspectos clave de su influencia:<\/p>\n<ul>\n<li><strong>Realismo:<\/strong> Courbet es considerado el padre del <a href=\"https:\/\/rafaramirez.org\/blog\/index.php\/2025\/10\/23\/realismo-del-mito-a-la-realidad-el-arte-que-retrato-la-vida-comun\/\" target=\"_blank\" rel=\"noopener\">realismo<\/a> en la pintura. Su insistencia en representar la vida cotidiana y las escenas de la realidad sin idealizar desafi\u00f3 las normas art\u00edsticas de su \u00e9poca. Sus obras mostraban con frecuencia a personas comunes en situaciones ordinarias, lo que contrastaba con los temas hist\u00f3ricos y mitol\u00f3gicos que predominaban en la pintura acad\u00e9mica.<\/li>\n<li><strong>Rechazo de las convenciones acad\u00e9micas:<\/strong> Courbet se rebel\u00f3 contra las instituciones art\u00edsticas tradicionales y las convenciones acad\u00e9micas. En 1855, en respuesta al rechazo de sus obras por parte del jurado de la Exposici\u00f3n Universal de Par\u00eds, organiz\u00f3 su propia exposici\u00f3n, el \u00abPabell\u00f3n del Realismo\u00bb. Este acto de independencia inspir\u00f3 a otros artistas a buscar nuevas formas de expresi\u00f3n y a cuestionar las normas establecidas.<\/li>\n<li><strong>Influencia en el <a href=\"https:\/\/rafaramirez.org\/blog\/index.php\/2024\/01\/18\/el-impresionismo-en-la-pintura\/\" target=\"_blank\" rel=\"noopener\">impresionismo<\/a>:<\/strong> Aunque Courbet no fue un impresionista, su enfoque en la observaci\u00f3n directa de la naturaleza y la vida cotidiana influy\u00f3 en los pintores impresionistas. Artistas como <a href=\"https:\/\/rafaramirez.org\/blog\/index.php\/2024\/09\/19\/edouard-manet\/\" target=\"_blank\" rel=\"noopener\">\u00c9douard Manet<\/a>, <a href=\"https:\/\/rafaramirez.org\/blog\/index.php\/2024\/09\/26\/claude-monet\/\" target=\"_blank\" rel=\"noopener\">Claude Monet<\/a> y <a href=\"https:\/\/rafaramirez.org\/blog\/index.php\/2024\/04\/09\/camille-pissarro\/\" target=\"_blank\" rel=\"noopener\">Camille Pissarro<\/a> se sintieron influenciados por su trabajo y su actitud desafiante hacia las convenciones art\u00edsticas.<\/li>\n<li><strong>Compromiso pol\u00edtico y social:<\/strong> Como te he contado, Courbet fue un activista republicano y socialista, y su compromiso pol\u00edtico se reflej\u00f3 en su arte. Sus obras a menudo abordaban temas sociales y pol\u00edticos, y su participaci\u00f3n en la Comuna de Par\u00eds y su posterior exilio a Suiza reafirmaron su dedicaci\u00f3n a sus ideales. Este compromiso inspir\u00f3 a otros artistas para que utilizaran su arte como herramienta de cambio social y pol\u00edtico.<\/li>\n<li><strong>T\u00e9cnica y estilo:<\/strong> Courbet tambi\u00e9n influy\u00f3 en la t\u00e9cnica y el estilo de la pintura. Su uso de pinceladas gruesas y texturadas, as\u00ed como su enfoque en la representaci\u00f3n detallada de la naturaleza, ejercieron una gran influencia en generaciones posteriores de artistas. Su t\u00e9cnica de pintura al \u00f3leo y su habilidad para capturar la luz y la textura de los objetos naturales fueron admiradas y emuladas por muchos.<\/li>\n<\/ul>\n<h3>Pinturas destacadas.<\/h3>\n<p>Gustave Courbet dej\u00f3 un impresionante legado con sus obras maestras. A continuaci\u00f3n, te hablo de algunas de sus pinturas m\u00e1s destacadas:<\/p>\n<ol start=\"1\">\n<li><strong>El entierro en Ornans (1849-1850)<\/strong>: Esta obra monumental representa el funeral de su abuelo en su ciudad natal, Ornans. Destaca por su tama\u00f1o y por la representaci\u00f3n realista de personas comunes en un evento cotidiano, desafiando las convenciones art\u00edsticas de la \u00e9poca.\n<p><figure id=\"attachment_7634\" aria-describedby=\"caption-attachment-7634\" style=\"width: 300px\" class=\"wp-caption aligncenter\"><a href=\"https:\/\/rafaramirez.org\/blog\/wp-content\/uploads\/2025\/01\/El_entierro_en_Ornans_Gustave-Courbet_1849-1850.jpg\" target=\"_blank\" rel=\"noopener\"><img loading=\"lazy\" decoding=\"async\" class=\"wp-image-7634 size-medium\" src=\"https:\/\/rafaramirez.org\/blog\/wp-content\/uploads\/2025\/01\/El_entierro_en_Ornans_Gustave-Courbet_1849-1850-300x138.jpg\" alt=\"El entierro en Ornans (1849-1850). Gustave Courbet. blog de Rafael Ram\u00edrez.\" width=\"300\" height=\"138\" srcset=\"https:\/\/rafaramirez.org\/blog\/wp-content\/uploads\/2025\/01\/El_entierro_en_Ornans_Gustave-Courbet_1849-1850-300x138.jpg 300w, https:\/\/rafaramirez.org\/blog\/wp-content\/uploads\/2025\/01\/El_entierro_en_Ornans_Gustave-Courbet_1849-1850-768x353.jpg 768w, https:\/\/rafaramirez.org\/blog\/wp-content\/uploads\/2025\/01\/El_entierro_en_Ornans_Gustave-Courbet_1849-1850.jpg 978w\" sizes=\"auto, (max-width: 300px) 100vw, 300px\" \/><\/a><figcaption id=\"caption-attachment-7634\" class=\"wp-caption-text\">El entierro en Ornans (1849-1850). Gustave Courbet. Blog de Rafael Ram\u00edrez.<\/figcaption><\/figure><\/li>\n<li><strong>Los picapedreros (1849)<\/strong>: En este cuadro se puede ver a dos trabajadores rompiendo piedras en una carretera. Con ella, Courbet captur\u00f3 la dureza y la dignidad del trabajo manual, alej\u00e1ndose de los temas idealizados y heroicos que predominaban en la pintura acad\u00e9mica.\n<p><figure id=\"attachment_7635\" aria-describedby=\"caption-attachment-7635\" style=\"width: 300px\" class=\"wp-caption aligncenter\"><a href=\"https:\/\/rafaramirez.org\/blog\/wp-content\/uploads\/2025\/01\/Los_picapedreros_Gustave-Courbet_1849.jpg\" target=\"_blank\" rel=\"noopener\"><img loading=\"lazy\" decoding=\"async\" class=\"wp-image-7635 size-medium\" src=\"https:\/\/rafaramirez.org\/blog\/wp-content\/uploads\/2025\/01\/Los_picapedreros_Gustave-Courbet_1849-300x187.jpg\" alt=\"Los picapedreros (1849). Gustave Courbet. Blog de Rafael Ram\u00edrez.\" width=\"300\" height=\"187\" srcset=\"https:\/\/rafaramirez.org\/blog\/wp-content\/uploads\/2025\/01\/Los_picapedreros_Gustave-Courbet_1849-300x187.jpg 300w, https:\/\/rafaramirez.org\/blog\/wp-content\/uploads\/2025\/01\/Los_picapedreros_Gustave-Courbet_1849-1024x638.jpg 1024w, https:\/\/rafaramirez.org\/blog\/wp-content\/uploads\/2025\/01\/Los_picapedreros_Gustave-Courbet_1849-768x478.jpg 768w, https:\/\/rafaramirez.org\/blog\/wp-content\/uploads\/2025\/01\/Los_picapedreros_Gustave-Courbet_1849.jpg 1323w\" sizes=\"auto, (max-width: 300px) 100vw, 300px\" \/><\/a><figcaption id=\"caption-attachment-7635\" class=\"wp-caption-text\">Los picapedreros (1849). Gustave Courbet. Blog de Rafael Ram\u00edrez.<\/figcaption><\/figure><\/li>\n<li><strong>El origen del mundo (1866)<\/strong>: Una de sus obras m\u00e1s controvertidas, en la que se muestra un primer plano expl\u00edcito del cuerpo femenino. Fue encargada por el <strong>diplom\u00e1tico turco Khalil Bey<\/strong> y permaneci\u00f3 oculta durante muchos a\u00f1os debido a su car\u00e1cter provocativo.\n<p><figure id=\"attachment_7636\" aria-describedby=\"caption-attachment-7636\" style=\"width: 300px\" class=\"wp-caption aligncenter\"><a href=\"https:\/\/rafaramirez.org\/blog\/wp-content\/uploads\/2025\/01\/El_origen_del_mundo_Gustave-Courbet_1866_rz.jpg\" target=\"_blank\" rel=\"noopener\"><img loading=\"lazy\" decoding=\"async\" class=\"wp-image-7636 size-medium\" src=\"https:\/\/rafaramirez.org\/blog\/wp-content\/uploads\/2025\/01\/El_origen_del_mundo_Gustave-Courbet_1866_rz-300x249.jpg\" alt=\"El origen del mundo (1866). Gustave Courbet. Blog de Rafael Ram\u00edrez.\" width=\"300\" height=\"249\" srcset=\"https:\/\/rafaramirez.org\/blog\/wp-content\/uploads\/2025\/01\/El_origen_del_mundo_Gustave-Courbet_1866_rz-300x249.jpg 300w, https:\/\/rafaramirez.org\/blog\/wp-content\/uploads\/2025\/01\/El_origen_del_mundo_Gustave-Courbet_1866_rz-1024x848.jpg 1024w, https:\/\/rafaramirez.org\/blog\/wp-content\/uploads\/2025\/01\/El_origen_del_mundo_Gustave-Courbet_1866_rz-768x636.jpg 768w, https:\/\/rafaramirez.org\/blog\/wp-content\/uploads\/2025\/01\/El_origen_del_mundo_Gustave-Courbet_1866_rz.jpg 1200w\" sizes=\"auto, (max-width: 300px) 100vw, 300px\" \/><\/a><figcaption id=\"caption-attachment-7636\" class=\"wp-caption-text\">El origen del mundo (1866). Gustave Courbet. Blog de Rafael Ram\u00edrez.<\/figcaption><\/figure><\/li>\n<li><strong>El taller del pintor (1855)<\/strong>: Tambi\u00e9n conocida como \u00abEl taller del pintor: una alegor\u00eda real que determina una fase de siete a\u00f1os de mi vida art\u00edstica y moral\u00bb, esta obra es una especie de autorretrato en el que Courbet se representa a s\u00ed mismo pintando, rodeado de amigos, cr\u00edticos y figuras simb\u00f3licas.\n<p><figure id=\"attachment_7637\" aria-describedby=\"caption-attachment-7637\" style=\"width: 300px\" class=\"wp-caption aligncenter\"><a href=\"https:\/\/rafaramirez.org\/blog\/wp-content\/uploads\/2025\/01\/El_taller_del_pintor_Gustave-Courbet_1855_rz.jpg\" target=\"_blank\" rel=\"noopener\"><img loading=\"lazy\" decoding=\"async\" class=\"wp-image-7637 size-medium\" src=\"https:\/\/rafaramirez.org\/blog\/wp-content\/uploads\/2025\/01\/El_taller_del_pintor_Gustave-Courbet_1855_rz-300x177.jpg\" alt=\"El taller del pintor (1855). Gustave Courbet. Blog de Rafael Ram\u00edrez.\" width=\"300\" height=\"177\" srcset=\"https:\/\/rafaramirez.org\/blog\/wp-content\/uploads\/2025\/01\/El_taller_del_pintor_Gustave-Courbet_1855_rz-300x177.jpg 300w, https:\/\/rafaramirez.org\/blog\/wp-content\/uploads\/2025\/01\/El_taller_del_pintor_Gustave-Courbet_1855_rz-1024x603.jpg 1024w, https:\/\/rafaramirez.org\/blog\/wp-content\/uploads\/2025\/01\/El_taller_del_pintor_Gustave-Courbet_1855_rz-768x452.jpg 768w, https:\/\/rafaramirez.org\/blog\/wp-content\/uploads\/2025\/01\/El_taller_del_pintor_Gustave-Courbet_1855_rz.jpg 1200w\" sizes=\"auto, (max-width: 300px) 100vw, 300px\" \/><\/a><figcaption id=\"caption-attachment-7637\" class=\"wp-caption-text\">El taller del pintor (1855). Gustave Courbet. Blog de Rafael Ram\u00edrez.<\/figcaption><\/figure><\/li>\n<li><strong>La ola (1869)<\/strong>: Courbet pint\u00f3 varias versiones de esta obra, en la que se muestra el poder y la belleza del mar. Su habilidad para capturar la textura y el movimiento del agua es impresionante y refleja su inter\u00e9s por la naturaleza.\n<p><figure id=\"attachment_7638\" aria-describedby=\"caption-attachment-7638\" style=\"width: 300px\" class=\"wp-caption aligncenter\"><a href=\"https:\/\/rafaramirez.org\/blog\/wp-content\/uploads\/2025\/01\/La_ola_Gustave_Courbet_-_Musee_des_beaux-arts_de_Lyon_1869rz.jpg\" target=\"_blank\" rel=\"noopener\"><img loading=\"lazy\" decoding=\"async\" class=\"wp-image-7638 size-medium\" src=\"https:\/\/rafaramirez.org\/blog\/wp-content\/uploads\/2025\/01\/La_ola_Gustave_Courbet_-_Musee_des_beaux-arts_de_Lyon_1869rz-300x219.jpg\" alt=\"La ola (1869) Museo de Bellas Artes de Lyon. Gustave Courbet. Blog de Rafael Ram\u00edrez.\" width=\"300\" height=\"219\" srcset=\"https:\/\/rafaramirez.org\/blog\/wp-content\/uploads\/2025\/01\/La_ola_Gustave_Courbet_-_Musee_des_beaux-arts_de_Lyon_1869rz-300x219.jpg 300w, https:\/\/rafaramirez.org\/blog\/wp-content\/uploads\/2025\/01\/La_ola_Gustave_Courbet_-_Musee_des_beaux-arts_de_Lyon_1869rz-1024x748.jpg 1024w, https:\/\/rafaramirez.org\/blog\/wp-content\/uploads\/2025\/01\/La_ola_Gustave_Courbet_-_Musee_des_beaux-arts_de_Lyon_1869rz-768x561.jpg 768w, https:\/\/rafaramirez.org\/blog\/wp-content\/uploads\/2025\/01\/La_ola_Gustave_Courbet_-_Musee_des_beaux-arts_de_Lyon_1869rz.jpg 1200w\" sizes=\"auto, (max-width: 300px) 100vw, 300px\" \/><\/a><figcaption id=\"caption-attachment-7638\" class=\"wp-caption-text\">La ola (1869) Museo de Bellas Artes de Lyon. Gustave Courbet. Blog de Rafael Ram\u00edrez.<\/figcaption><\/figure><\/li>\n<li><strong>El sue\u00f1o (1866)<\/strong>: En ella se representa a dos mujeres desnudas durmiendo juntas en una pose \u00edntima. Se trata de otra obra que desafi\u00f3 las normas de la \u00e9poca y que destaca por su realismo y su representaci\u00f3n del cuerpo humano.\n<p><figure id=\"attachment_7639\" aria-describedby=\"caption-attachment-7639\" style=\"width: 300px\" class=\"wp-caption aligncenter\"><a href=\"https:\/\/rafaramirez.org\/blog\/wp-content\/uploads\/2025\/01\/El_sueno_Gustave-Courbet_1866_rz.jpg\" target=\"_blank\" rel=\"noopener\"><img loading=\"lazy\" decoding=\"async\" class=\"wp-image-7639 size-medium\" src=\"https:\/\/rafaramirez.org\/blog\/wp-content\/uploads\/2025\/01\/El_sueno_Gustave-Courbet_1866_rz-300x201.jpg\" alt=\"El sue\u00f1o (1866). Gustave Courbet. Blog de Rafael Ram\u00edrez.\" width=\"300\" height=\"201\" srcset=\"https:\/\/rafaramirez.org\/blog\/wp-content\/uploads\/2025\/01\/El_sueno_Gustave-Courbet_1866_rz-300x201.jpg 300w, https:\/\/rafaramirez.org\/blog\/wp-content\/uploads\/2025\/01\/El_sueno_Gustave-Courbet_1866_rz-1024x686.jpg 1024w, https:\/\/rafaramirez.org\/blog\/wp-content\/uploads\/2025\/01\/El_sueno_Gustave-Courbet_1866_rz-768x514.jpg 768w, https:\/\/rafaramirez.org\/blog\/wp-content\/uploads\/2025\/01\/El_sueno_Gustave-Courbet_1866_rz.jpg 1180w\" sizes=\"auto, (max-width: 300px) 100vw, 300px\" \/><\/a><figcaption id=\"caption-attachment-7639\" class=\"wp-caption-text\">El sue\u00f1o (1866). Gustave Courbet. Blog de Rafael Ram\u00edrez.<\/figcaption><\/figure><\/li>\n<\/ol>\n<p>Gustave Courbet fue un maestro en capturar la realidad de su tiempo y sus obras contin\u00faan siendo estudiadas y admiradas por su innovaci\u00f3n y su influencia en el arte moderno. Sin duda, dej\u00f3 una huella indeleble en la historia del arte. Su enfoque en el <a href=\"https:\/\/rafaramirez.org\/blog\/index.php\/2025\/10\/23\/realismo-del-mito-a-la-realidad-el-arte-que-retrato-la-vida-comun\/\" target=\"_blank\" rel=\"noopener\">realismo<\/a>, su rechazo a las convenciones acad\u00e9micas y su compromiso pol\u00edtico y social inspiraron a generaciones de artistas y contribuyeron al desarrollo del arte moderno. Su legado perdura como testimonio de la importancia de la autenticidad y la independencia en la creaci\u00f3n art\u00edstica.<\/p>\n<p>M\u00e1s informaci\u00f3n:<\/p>\n<ul>\n<li><a href=\"https:\/\/es.wikipedia.org\/wiki\/Gustave_Courbet\" target=\"_blank\" rel=\"noopener\">Wikipedia<\/a>.<\/li>\n<li><a href=\"https:\/\/www.biografiasyvidas.com\/biografia\/c\/courbet.htm\" target=\"_blank\" rel=\"noopener\">Biograf\u00edas y Vidas<\/a>.<\/li>\n<li><a href=\"https:\/\/www.britannica.com\/biography\/Gustave-Courbet\" target=\"_blank\" rel=\"noopener\">Britannica<\/a>.<\/li>\n<li><a href=\"https:\/\/rafaramirez.org\/blog\/index.php\/category\/arte\/historia-del-arte\/\" target=\"_blank\" rel=\"noopener\">Vida y obra de otros pintores<\/a>.<\/li>\n<\/ul>\n","protected":false},"excerpt":{"rendered":"<p>Gustave Courbet fue un pintor franc\u00e9s nacido en Ornans, conocido por ser el fundador y m\u00e1ximo representante del realismo en la pintura. Se destac\u00f3 por su enfoque en representar la vida cotidiana y las escenas de la realidad con un estilo directo y sin idealizaciones. Estudi\u00f3 en la Academia Suiza y se vio influido por [&hellip;]<\/p>\n","protected":false},"author":3,"featured_media":7631,"comment_status":"open","ping_status":"closed","sticky":false,"template":"","format":"standard","meta":{"site-container-style":"default","site-container-layout":"default","site-sidebar-layout":"default","disable-article-header":"default","disable-site-header":"default","disable-site-footer":"default","disable-content-area-spacing":"default","_jetpack_newsletter_access":"","_jetpack_dont_email_post_to_subs":false,"_jetpack_newsletter_tier_id":0,"_jetpack_memberships_contains_paywalled_content":false,"_jetpack_feature_clip_id":0,"_jetpack_memberships_contains_paid_content":false,"footnotes":"","jetpack_publicize_message":"","jetpack_publicize_feature_enabled":true,"jetpack_social_post_already_shared":true,"jetpack_social_options":{"image_generator_settings":{"template":"highway","default_image_id":0,"font":"","enabled":false},"version":2},"jetpack_post_was_ever_published":false},"categories":[1290],"tags":[3950,3804,3951,68,1612,3748,3952,738,3953,1150],"class_list":["post-7624","post","type-post","status-publish","format-standard","has-post-thumbnail","hentry","category-historia-del-arte","tag-biografia-de-gustave-courbet","tag-biografia-de-pintores","tag-biografias","tag-blog-de-rafael-ramirez","tag-gustave-courbet","tag-historia-de-la-pintura","tag-historia-del-realismo","tag-maestros-de-la-pintura","tag-pintura-francesa-siglo-xix","tag-realismo"],"yoast_head":"<!-- This site is optimized with the Yoast SEO plugin v28.4 - https:\/\/yoast.com\/product\/yoast-seo-wordpress\/ -->\n<title>Gustave Courbet, el maestro del realismo que influy\u00f3 decisivamente en el impresionismo. - Blog de Rafael Ram\u00edrez<\/title>\n<meta name=\"description\" content=\"Gustave Courbet fue un pintor franc\u00e9s nacido en Ornans, es conocido por ser el fundador y m\u00e1ximo representante del realismo en la pintura.\" \/>\n<meta name=\"robots\" content=\"index, follow, max-snippet:-1, max-image-preview:large, max-video-preview:-1\" \/>\n<link rel=\"canonical\" href=\"https:\/\/rafaramirez.org\/blog\/index.php\/2025\/01\/08\/gustave-courbet\/\" \/>\n<meta property=\"og:locale\" content=\"es_ES\" \/>\n<meta property=\"og:type\" content=\"article\" \/>\n<meta property=\"og:title\" content=\"Gustave Courbet, el maestro del realismo que influy\u00f3 decisivamente en el impresionismo. - Blog de Rafael Ram\u00edrez\" \/>\n<meta property=\"og:description\" content=\"Gustave Courbet fue un pintor franc\u00e9s nacido en Ornans, es conocido por ser el fundador y m\u00e1ximo representante del realismo en la pintura.\" \/>\n<meta property=\"og:url\" content=\"https:\/\/rafaramirez.org\/blog\/index.php\/2025\/01\/08\/gustave-courbet\/\" \/>\n<meta property=\"og:site_name\" content=\"Blog de Rafael Ram\u00edrez\" \/>\n<meta property=\"article:published_time\" content=\"2025-01-08T07:15:37+00:00\" \/>\n<meta property=\"article:modified_time\" content=\"2026-07-14T09:45:43+00:00\" \/>\n<meta property=\"og:image\" content=\"https:\/\/rafaramirez.org\/blog\/wp-content\/uploads\/2025\/01\/Gustave_Courbet_banner.jpg\" \/>\n\t<meta property=\"og:image:width\" content=\"720\" \/>\n\t<meta property=\"og:image:height\" content=\"440\" \/>\n\t<meta property=\"og:image:type\" content=\"image\/jpeg\" \/>\n<meta name=\"author\" content=\"Documentaci\u00f3n e investigaci\u00f3n\" \/>\n<meta name=\"twitter:card\" content=\"summary_large_image\" \/>\n<meta name=\"twitter:site\" content=\"@rafaramirez_ok\" \/>\n<meta name=\"twitter:label1\" content=\"Escrito por\" \/>\n\t<meta name=\"twitter:data1\" content=\"Documentaci\u00f3n e investigaci\u00f3n\" \/>\n\t<meta name=\"twitter:label2\" content=\"Tiempo de lectura\" \/>\n\t<meta name=\"twitter:data2\" content=\"8 minutos\" \/>\n<script type=\"application\/ld+json\" class=\"yoast-schema-graph\">{\"@context\":\"https:\\\/\\\/schema.org\",\"@graph\":[{\"@type\":\"Article\",\"@id\":\"https:\\\/\\\/rafaramirez.org\\\/blog\\\/index.php\\\/2025\\\/01\\\/08\\\/gustave-courbet\\\/#article\",\"isPartOf\":{\"@id\":\"https:\\\/\\\/rafaramirez.org\\\/blog\\\/index.php\\\/2025\\\/01\\\/08\\\/gustave-courbet\\\/\"},\"author\":{\"name\":\"Documentaci\u00f3n e investigaci\u00f3n\",\"@id\":\"https:\\\/\\\/rafaramirez.org\\\/blog\\\/#\\\/schema\\\/person\\\/8debd05b3d9a1d16fb21af726811617d\"},\"headline\":\"Gustave Courbet, el maestro del realismo que influy\u00f3 decisivamente en el impresionismo.\",\"datePublished\":\"2025-01-08T07:15:37+00:00\",\"dateModified\":\"2026-07-14T09:45:43+00:00\",\"mainEntityOfPage\":{\"@id\":\"https:\\\/\\\/rafaramirez.org\\\/blog\\\/index.php\\\/2025\\\/01\\\/08\\\/gustave-courbet\\\/\"},\"wordCount\":1388,\"commentCount\":0,\"publisher\":{\"@id\":\"https:\\\/\\\/rafaramirez.org\\\/blog\\\/#\\\/schema\\\/person\\\/50f43b6d60c578760d4c17bda54ab6a5\"},\"image\":{\"@id\":\"https:\\\/\\\/rafaramirez.org\\\/blog\\\/index.php\\\/2025\\\/01\\\/08\\\/gustave-courbet\\\/#primaryimage\"},\"thumbnailUrl\":\"https:\\\/\\\/rafaramirez.org\\\/blog\\\/wp-content\\\/uploads\\\/2025\\\/01\\\/Gustave_Courbet_banner.jpg\",\"keywords\":[\"biograf\u00eda de Gustave Courbet\",\"biograf\u00eda de pintores\",\"biograf\u00edas\",\"blog de Rafael Ram\u00edrez\",\"Gustave Courbet\",\"historia de la pintura\",\"historia del realismo\",\"maestros de la pintura\",\"pintura francesa siglo xix\",\"realismo\"],\"articleSection\":[\"Historia del arte\"],\"inLanguage\":\"es\",\"potentialAction\":[{\"@type\":\"CommentAction\",\"name\":\"Comment\",\"target\":[\"https:\\\/\\\/rafaramirez.org\\\/blog\\\/index.php\\\/2025\\\/01\\\/08\\\/gustave-courbet\\\/#respond\"]}]},{\"@type\":\"WebPage\",\"@id\":\"https:\\\/\\\/rafaramirez.org\\\/blog\\\/index.php\\\/2025\\\/01\\\/08\\\/gustave-courbet\\\/\",\"url\":\"https:\\\/\\\/rafaramirez.org\\\/blog\\\/index.php\\\/2025\\\/01\\\/08\\\/gustave-courbet\\\/\",\"name\":\"Gustave Courbet, el maestro del realismo que influy\u00f3 decisivamente en el impresionismo. - Blog de Rafael Ram\u00edrez\",\"isPartOf\":{\"@id\":\"https:\\\/\\\/rafaramirez.org\\\/blog\\\/#website\"},\"primaryImageOfPage\":{\"@id\":\"https:\\\/\\\/rafaramirez.org\\\/blog\\\/index.php\\\/2025\\\/01\\\/08\\\/gustave-courbet\\\/#primaryimage\"},\"image\":{\"@id\":\"https:\\\/\\\/rafaramirez.org\\\/blog\\\/index.php\\\/2025\\\/01\\\/08\\\/gustave-courbet\\\/#primaryimage\"},\"thumbnailUrl\":\"https:\\\/\\\/rafaramirez.org\\\/blog\\\/wp-content\\\/uploads\\\/2025\\\/01\\\/Gustave_Courbet_banner.jpg\",\"datePublished\":\"2025-01-08T07:15:37+00:00\",\"dateModified\":\"2026-07-14T09:45:43+00:00\",\"description\":\"Gustave Courbet fue un pintor franc\u00e9s nacido en Ornans, es conocido por ser el fundador y m\u00e1ximo representante del realismo en la pintura.\",\"breadcrumb\":{\"@id\":\"https:\\\/\\\/rafaramirez.org\\\/blog\\\/index.php\\\/2025\\\/01\\\/08\\\/gustave-courbet\\\/#breadcrumb\"},\"inLanguage\":\"es\",\"potentialAction\":[{\"@type\":\"ReadAction\",\"target\":[\"https:\\\/\\\/rafaramirez.org\\\/blog\\\/index.php\\\/2025\\\/01\\\/08\\\/gustave-courbet\\\/\"]}]},{\"@type\":\"ImageObject\",\"inLanguage\":\"es\",\"@id\":\"https:\\\/\\\/rafaramirez.org\\\/blog\\\/index.php\\\/2025\\\/01\\\/08\\\/gustave-courbet\\\/#primaryimage\",\"url\":\"https:\\\/\\\/rafaramirez.org\\\/blog\\\/wp-content\\\/uploads\\\/2025\\\/01\\\/Gustave_Courbet_banner.jpg\",\"contentUrl\":\"https:\\\/\\\/rafaramirez.org\\\/blog\\\/wp-content\\\/uploads\\\/2025\\\/01\\\/Gustave_Courbet_banner.jpg\",\"width\":720,\"height\":440,\"caption\":\"Gustave Courbet. Maestros de la pintura. Blog de Rafael Ram\u00edrez.\"},{\"@type\":\"BreadcrumbList\",\"@id\":\"https:\\\/\\\/rafaramirez.org\\\/blog\\\/index.php\\\/2025\\\/01\\\/08\\\/gustave-courbet\\\/#breadcrumb\",\"itemListElement\":[{\"@type\":\"ListItem\",\"position\":1,\"name\":\"Portada\",\"item\":\"https:\\\/\\\/rafaramirez.org\\\/blog\\\/\"},{\"@type\":\"ListItem\",\"position\":2,\"name\":\"Gustave Courbet, el maestro del realismo que influy\u00f3 decisivamente en el impresionismo.\"}]},{\"@type\":\"WebSite\",\"@id\":\"https:\\\/\\\/rafaramirez.org\\\/blog\\\/#website\",\"url\":\"https:\\\/\\\/rafaramirez.org\\\/blog\\\/\",\"name\":\"Blog de Rafael Ram\u00edrez\",\"description\":\"Un sitio social, de arte y cultura\",\"publisher\":{\"@id\":\"https:\\\/\\\/rafaramirez.org\\\/blog\\\/#\\\/schema\\\/person\\\/50f43b6d60c578760d4c17bda54ab6a5\"},\"potentialAction\":[{\"@type\":\"SearchAction\",\"target\":{\"@type\":\"EntryPoint\",\"urlTemplate\":\"https:\\\/\\\/rafaramirez.org\\\/blog\\\/?s={search_term_string}\"},\"query-input\":{\"@type\":\"PropertyValueSpecification\",\"valueRequired\":true,\"valueName\":\"search_term_string\"}}],\"inLanguage\":\"es\"},{\"@type\":[\"Person\",\"Organization\"],\"@id\":\"https:\\\/\\\/rafaramirez.org\\\/blog\\\/#\\\/schema\\\/person\\\/50f43b6d60c578760d4c17bda54ab6a5\",\"name\":\"Rafael Ram\u00edrez\",\"image\":{\"@type\":\"ImageObject\",\"inLanguage\":\"es\",\"@id\":\"https:\\\/\\\/rafaramirez.org\\\/blog\\\/wp-content\\\/uploads\\\/2024\\\/09\\\/RR_socialnetwork.jpg\",\"url\":\"https:\\\/\\\/rafaramirez.org\\\/blog\\\/wp-content\\\/uploads\\\/2024\\\/09\\\/RR_socialnetwork.jpg\",\"contentUrl\":\"https:\\\/\\\/rafaramirez.org\\\/blog\\\/wp-content\\\/uploads\\\/2024\\\/09\\\/RR_socialnetwork.jpg\",\"width\":600,\"height\":606,\"caption\":\"Rafael Ram\u00edrez\"},\"logo\":{\"@id\":\"https:\\\/\\\/rafaramirez.org\\\/blog\\\/wp-content\\\/uploads\\\/2024\\\/09\\\/RR_socialnetwork.jpg\"},\"sameAs\":[\"https:\\\/\\\/www.rafaramirez.org\\\/blog\",\"https:\\\/\\\/www.instagram.com\\\/rafaramirez_ok\\\/\",\"https:\\\/\\\/es.pinterest.com\\\/Ramirez_Rafa\\\/\",\"https:\\\/\\\/x.com\\\/rafaramirez_ok\"]},{\"@type\":\"Person\",\"@id\":\"https:\\\/\\\/rafaramirez.org\\\/blog\\\/#\\\/schema\\\/person\\\/8debd05b3d9a1d16fb21af726811617d\",\"name\":\"Documentaci\u00f3n e investigaci\u00f3n\",\"image\":{\"@type\":\"ImageObject\",\"inLanguage\":\"es\",\"@id\":\"https:\\\/\\\/secure.gravatar.com\\\/avatar\\\/fe70e496579a39c7a8fc4982b89275403b1092eb200623138a32daada9416911?s=96&d=mm&r=g\",\"url\":\"https:\\\/\\\/secure.gravatar.com\\\/avatar\\\/fe70e496579a39c7a8fc4982b89275403b1092eb200623138a32daada9416911?s=96&d=mm&r=g\",\"contentUrl\":\"https:\\\/\\\/secure.gravatar.com\\\/avatar\\\/fe70e496579a39c7a8fc4982b89275403b1092eb200623138a32daada9416911?s=96&d=mm&r=g\",\"caption\":\"Documentaci\u00f3n e investigaci\u00f3n\"},\"url\":\"https:\\\/\\\/rafaramirez.org\\\/blog\\\/index.php\\\/author\\\/admin\\\/\"}]}<\/script>\n<!-- \/ Yoast SEO plugin. -->","yoast_head_json":{"title":"Gustave Courbet, el maestro del realismo que influy\u00f3 decisivamente en el impresionismo. - Blog de Rafael Ram\u00edrez","description":"Gustave Courbet fue un pintor franc\u00e9s nacido en Ornans, es conocido por ser el fundador y m\u00e1ximo representante del realismo en la pintura.","robots":{"index":"index","follow":"follow","max-snippet":"max-snippet:-1","max-image-preview":"max-image-preview:large","max-video-preview":"max-video-preview:-1"},"canonical":"https:\/\/rafaramirez.org\/blog\/index.php\/2025\/01\/08\/gustave-courbet\/","og_locale":"es_ES","og_type":"article","og_title":"Gustave Courbet, el maestro del realismo que influy\u00f3 decisivamente en el impresionismo. - Blog de Rafael Ram\u00edrez","og_description":"Gustave Courbet fue un pintor franc\u00e9s nacido en Ornans, es conocido por ser el fundador y m\u00e1ximo representante del realismo en la pintura.","og_url":"https:\/\/rafaramirez.org\/blog\/index.php\/2025\/01\/08\/gustave-courbet\/","og_site_name":"Blog de Rafael Ram\u00edrez","article_published_time":"2025-01-08T07:15:37+00:00","article_modified_time":"2026-07-14T09:45:43+00:00","og_image":[{"width":720,"height":440,"url":"https:\/\/rafaramirez.org\/blog\/wp-content\/uploads\/2025\/01\/Gustave_Courbet_banner.jpg","type":"image\/jpeg"}],"author":"Documentaci\u00f3n e investigaci\u00f3n","twitter_card":"summary_large_image","twitter_site":"@rafaramirez_ok","twitter_misc":{"Escrito por":"Documentaci\u00f3n e investigaci\u00f3n","Tiempo de lectura":"8 minutos"},"schema":{"@context":"https:\/\/schema.org","@graph":[{"@type":"Article","@id":"https:\/\/rafaramirez.org\/blog\/index.php\/2025\/01\/08\/gustave-courbet\/#article","isPartOf":{"@id":"https:\/\/rafaramirez.org\/blog\/index.php\/2025\/01\/08\/gustave-courbet\/"},"author":{"name":"Documentaci\u00f3n e investigaci\u00f3n","@id":"https:\/\/rafaramirez.org\/blog\/#\/schema\/person\/8debd05b3d9a1d16fb21af726811617d"},"headline":"Gustave Courbet, el maestro del realismo que influy\u00f3 decisivamente en el impresionismo.","datePublished":"2025-01-08T07:15:37+00:00","dateModified":"2026-07-14T09:45:43+00:00","mainEntityOfPage":{"@id":"https:\/\/rafaramirez.org\/blog\/index.php\/2025\/01\/08\/gustave-courbet\/"},"wordCount":1388,"commentCount":0,"publisher":{"@id":"https:\/\/rafaramirez.org\/blog\/#\/schema\/person\/50f43b6d60c578760d4c17bda54ab6a5"},"image":{"@id":"https:\/\/rafaramirez.org\/blog\/index.php\/2025\/01\/08\/gustave-courbet\/#primaryimage"},"thumbnailUrl":"https:\/\/rafaramirez.org\/blog\/wp-content\/uploads\/2025\/01\/Gustave_Courbet_banner.jpg","keywords":["biograf\u00eda de Gustave Courbet","biograf\u00eda de pintores","biograf\u00edas","blog de Rafael Ram\u00edrez","Gustave Courbet","historia de la pintura","historia del realismo","maestros de la pintura","pintura francesa siglo xix","realismo"],"articleSection":["Historia del arte"],"inLanguage":"es","potentialAction":[{"@type":"CommentAction","name":"Comment","target":["https:\/\/rafaramirez.org\/blog\/index.php\/2025\/01\/08\/gustave-courbet\/#respond"]}]},{"@type":"WebPage","@id":"https:\/\/rafaramirez.org\/blog\/index.php\/2025\/01\/08\/gustave-courbet\/","url":"https:\/\/rafaramirez.org\/blog\/index.php\/2025\/01\/08\/gustave-courbet\/","name":"Gustave Courbet, el maestro del realismo que influy\u00f3 decisivamente en el impresionismo. - Blog de Rafael Ram\u00edrez","isPartOf":{"@id":"https:\/\/rafaramirez.org\/blog\/#website"},"primaryImageOfPage":{"@id":"https:\/\/rafaramirez.org\/blog\/index.php\/2025\/01\/08\/gustave-courbet\/#primaryimage"},"image":{"@id":"https:\/\/rafaramirez.org\/blog\/index.php\/2025\/01\/08\/gustave-courbet\/#primaryimage"},"thumbnailUrl":"https:\/\/rafaramirez.org\/blog\/wp-content\/uploads\/2025\/01\/Gustave_Courbet_banner.jpg","datePublished":"2025-01-08T07:15:37+00:00","dateModified":"2026-07-14T09:45:43+00:00","description":"Gustave Courbet fue un pintor franc\u00e9s nacido en Ornans, es conocido por ser el fundador y m\u00e1ximo representante del realismo en la pintura.","breadcrumb":{"@id":"https:\/\/rafaramirez.org\/blog\/index.php\/2025\/01\/08\/gustave-courbet\/#breadcrumb"},"inLanguage":"es","potentialAction":[{"@type":"ReadAction","target":["https:\/\/rafaramirez.org\/blog\/index.php\/2025\/01\/08\/gustave-courbet\/"]}]},{"@type":"ImageObject","inLanguage":"es","@id":"https:\/\/rafaramirez.org\/blog\/index.php\/2025\/01\/08\/gustave-courbet\/#primaryimage","url":"https:\/\/rafaramirez.org\/blog\/wp-content\/uploads\/2025\/01\/Gustave_Courbet_banner.jpg","contentUrl":"https:\/\/rafaramirez.org\/blog\/wp-content\/uploads\/2025\/01\/Gustave_Courbet_banner.jpg","width":720,"height":440,"caption":"Gustave Courbet. Maestros de la pintura. Blog de Rafael Ram\u00edrez."},{"@type":"BreadcrumbList","@id":"https:\/\/rafaramirez.org\/blog\/index.php\/2025\/01\/08\/gustave-courbet\/#breadcrumb","itemListElement":[{"@type":"ListItem","position":1,"name":"Portada","item":"https:\/\/rafaramirez.org\/blog\/"},{"@type":"ListItem","position":2,"name":"Gustave Courbet, el maestro del realismo que influy\u00f3 decisivamente en el impresionismo."}]},{"@type":"WebSite","@id":"https:\/\/rafaramirez.org\/blog\/#website","url":"https:\/\/rafaramirez.org\/blog\/","name":"Blog de Rafael Ram\u00edrez","description":"Un sitio social, de arte y cultura","publisher":{"@id":"https:\/\/rafaramirez.org\/blog\/#\/schema\/person\/50f43b6d60c578760d4c17bda54ab6a5"},"potentialAction":[{"@type":"SearchAction","target":{"@type":"EntryPoint","urlTemplate":"https:\/\/rafaramirez.org\/blog\/?s={search_term_string}"},"query-input":{"@type":"PropertyValueSpecification","valueRequired":true,"valueName":"search_term_string"}}],"inLanguage":"es"},{"@type":["Person","Organization"],"@id":"https:\/\/rafaramirez.org\/blog\/#\/schema\/person\/50f43b6d60c578760d4c17bda54ab6a5","name":"Rafael Ram\u00edrez","image":{"@type":"ImageObject","inLanguage":"es","@id":"https:\/\/rafaramirez.org\/blog\/wp-content\/uploads\/2024\/09\/RR_socialnetwork.jpg","url":"https:\/\/rafaramirez.org\/blog\/wp-content\/uploads\/2024\/09\/RR_socialnetwork.jpg","contentUrl":"https:\/\/rafaramirez.org\/blog\/wp-content\/uploads\/2024\/09\/RR_socialnetwork.jpg","width":600,"height":606,"caption":"Rafael Ram\u00edrez"},"logo":{"@id":"https:\/\/rafaramirez.org\/blog\/wp-content\/uploads\/2024\/09\/RR_socialnetwork.jpg"},"sameAs":["https:\/\/www.rafaramirez.org\/blog","https:\/\/www.instagram.com\/rafaramirez_ok\/","https:\/\/es.pinterest.com\/Ramirez_Rafa\/","https:\/\/x.com\/rafaramirez_ok"]},{"@type":"Person","@id":"https:\/\/rafaramirez.org\/blog\/#\/schema\/person\/8debd05b3d9a1d16fb21af726811617d","name":"Documentaci\u00f3n e investigaci\u00f3n","image":{"@type":"ImageObject","inLanguage":"es","@id":"https:\/\/secure.gravatar.com\/avatar\/fe70e496579a39c7a8fc4982b89275403b1092eb200623138a32daada9416911?s=96&d=mm&r=g","url":"https:\/\/secure.gravatar.com\/avatar\/fe70e496579a39c7a8fc4982b89275403b1092eb200623138a32daada9416911?s=96&d=mm&r=g","contentUrl":"https:\/\/secure.gravatar.com\/avatar\/fe70e496579a39c7a8fc4982b89275403b1092eb200623138a32daada9416911?s=96&d=mm&r=g","caption":"Documentaci\u00f3n e investigaci\u00f3n"},"url":"https:\/\/rafaramirez.org\/blog\/index.php\/author\/admin\/"}]}},"jetpack_publicize_connections":[],"jetpack_sharing_enabled":true,"jetpack_likes_enabled":true,"jetpack_featured_media_url":"https:\/\/rafaramirez.org\/blog\/wp-content\/uploads\/2025\/01\/Gustave_Courbet_banner.jpg","_links":{"self":[{"href":"https:\/\/rafaramirez.org\/blog\/index.php\/wp-json\/wp\/v2\/posts\/7624","targetHints":{"allow":["GET"]}}],"collection":[{"href":"https:\/\/rafaramirez.org\/blog\/index.php\/wp-json\/wp\/v2\/posts"}],"about":[{"href":"https:\/\/rafaramirez.org\/blog\/index.php\/wp-json\/wp\/v2\/types\/post"}],"author":[{"embeddable":true,"href":"https:\/\/rafaramirez.org\/blog\/index.php\/wp-json\/wp\/v2\/users\/3"}],"replies":[{"embeddable":true,"href":"https:\/\/rafaramirez.org\/blog\/index.php\/wp-json\/wp\/v2\/comments?post=7624"}],"version-history":[{"count":11,"href":"https:\/\/rafaramirez.org\/blog\/index.php\/wp-json\/wp\/v2\/posts\/7624\/revisions"}],"predecessor-version":[{"id":11659,"href":"https:\/\/rafaramirez.org\/blog\/index.php\/wp-json\/wp\/v2\/posts\/7624\/revisions\/11659"}],"wp:featuredmedia":[{"embeddable":true,"href":"https:\/\/rafaramirez.org\/blog\/index.php\/wp-json\/wp\/v2\/media\/7631"}],"wp:attachment":[{"href":"https:\/\/rafaramirez.org\/blog\/index.php\/wp-json\/wp\/v2\/media?parent=7624"}],"wp:term":[{"taxonomy":"category","embeddable":true,"href":"https:\/\/rafaramirez.org\/blog\/index.php\/wp-json\/wp\/v2\/categories?post=7624"},{"taxonomy":"post_tag","embeddable":true,"href":"https:\/\/rafaramirez.org\/blog\/index.php\/wp-json\/wp\/v2\/tags?post=7624"}],"curies":[{"name":"wp","href":"https:\/\/api.w.org\/{rel}","templated":true}]}}