{"id":7603,"date":"2025-01-06T08:15:51","date_gmt":"2025-01-06T07:15:51","guid":{"rendered":"https:\/\/rafaramirez.org\/blog\/?p=7603"},"modified":"2025-01-03T12:18:19","modified_gmt":"2025-01-03T11:18:19","slug":"dia-de-reyes-6-de-enero","status":"publish","type":"post","link":"https:\/\/rafaramirez.org\/blog\/index.php\/2025\/01\/06\/dia-de-reyes-6-de-enero\/","title":{"rendered":"D\u00eda de Reyes 6 de enero: historia y tradici\u00f3n de un d\u00eda m\u00e1gico."},"content":{"rendered":"<p>El <strong>D\u00eda de Reyes<\/strong>, tambi\u00e9n conocido como la <strong>Epifan\u00eda<\/strong>, se celebra el <strong>6 de enero<\/strong> y es una festividad muy importante en <strong>Espa\u00f1a<\/strong> y en muchos pa\u00edses de habla hispana. Esta celebraci\u00f3n conmemora la visita de los <strong>Reyes Magos<\/strong>\u2014Melchor, Gaspar y Baltasar\u2014al <strong>ni\u00f1o Jes\u00fas<\/strong>, llev\u00e1ndole regalos de <strong>oro, incienso y mirra<\/strong>.<\/p>\n<p>En Espa\u00f1a, la v\u00edspera del D\u00eda de Reyes, el 5 de enero, se celebra con <strong>cabalgatas en muchas ciudades y pueblos<\/strong>. Durante estas cabalgatas, los Reyes Magos desfilan por las calles lanzando caramelos y peque\u00f1os regalos a los ni\u00f1os. Es un evento muy esperado y lleno de alegr\u00eda.<\/p>\n<p>La noche del 5 de enero, los ni\u00f1os dejan sus zapatos en un lugar visible de la casa, a menudo junto con comida y bebida para los Reyes Magos y sus camellos. A la ma\u00f1ana siguiente, encuentran los regalos que los Reyes Magos les han dejado.<\/p>\n<p>Adem\u00e1s, es tradicional comer el <strong>Rosc\u00f3n de Reyes<\/strong>, un delicioso bollo en forma de corona decorado con frutas confitadas y relleno de nata o crema. Dentro del rosc\u00f3n se esconden una figura de <strong>un rey y un haba seca<\/strong>. Coronan como rey o reina del d\u00eda a quien encuentra la figura, y quien encuentra el haba debe pagar el rosc\u00f3n.<\/p>\n<h3>Historia detr\u00e1s de esta celebraci\u00f3n.<\/h3>\n<p>El D\u00eda de Reyes tiene sus ra\u00edces en la tradici\u00f3n cristiana y se celebra el 6 de enero, conmemorando la visita de los Reyes Magos al ni\u00f1o Jes\u00fas. Seg\u00fan el <strong>Evangelio de Mateo<\/strong>, unos magos de Oriente siguieron una estrella que los llev\u00f3 hasta <strong>Bel\u00e9n<\/strong>, donde encontraron al ni\u00f1o Jes\u00fas y le ofrecieron regalos de oro, incienso y mirra.<\/p>\n<p>La historia de los Reyes Magos ha evolucionado a lo largo de los siglos. En los primeros tiempos del cristianismo, los magos eran considerados sabios o astr\u00f3logos. No fue hasta el siglo VIII que comenzaron a ser identificados como reyes, influenciados por textos como el <strong>\u00abExpositio in Matthaeum Evangelistam\u00bb<\/strong> de <strong>San Beda el Venerable<\/strong>. Este erudito tambi\u00e9n les atribuy\u00f3 nombres: <strong>Melchor, Gaspar y Baltasar<\/strong>, y caracter\u00edsticas espec\u00edficas que los relacionaban con los tres continentes conocidos en la \u00e9poca: <strong>Europa, Asia y \u00c1frica<\/strong>.<\/p>\n<p>En Espa\u00f1a, como te he dicho antes, el D\u00eda de Reyes es una festividad muy importante, no solo religiosa, sino tambi\u00e9n cultural y social. Las cabalgatas de Reyes y el Rosc\u00f3n de Reyes son elementos centrales de esta celebraci\u00f3n.<\/p>\n<figure id=\"attachment_7610\" aria-describedby=\"caption-attachment-7610\" style=\"width: 300px\" class=\"wp-caption aligncenter\"><a href=\"https:\/\/rafaramirez.org\/blog\/wp-content\/uploads\/2025\/01\/nativity-scene-9293303.jpg\" target=\"_blank\" rel=\"noopener\"><img loading=\"lazy\" decoding=\"async\" class=\"wp-image-7610 size-medium\" src=\"https:\/\/rafaramirez.org\/blog\/wp-content\/uploads\/2025\/01\/nativity-scene-9293303-300x170.jpg\" alt=\"Visita de los Magos a Jes\u00fas. Blog de Rafael Ram\u00edrez.\" width=\"300\" height=\"170\" srcset=\"https:\/\/rafaramirez.org\/blog\/wp-content\/uploads\/2025\/01\/nativity-scene-9293303-300x170.jpg 300w, https:\/\/rafaramirez.org\/blog\/wp-content\/uploads\/2025\/01\/nativity-scene-9293303-768x434.jpg 768w, https:\/\/rafaramirez.org\/blog\/wp-content\/uploads\/2025\/01\/nativity-scene-9293303.jpg 1000w\" sizes=\"auto, (max-width: 300px) 100vw, 300px\" \/><\/a><figcaption id=\"caption-attachment-7610\" class=\"wp-caption-text\">Visita de los Magos a Jes\u00fas. Blog de Rafael Ram\u00edrez.<\/figcaption><\/figure>\n<h3>Celebraci\u00f3n del D\u00eda de Reyes en otros pa\u00edses de habla hispana.<\/h3>\n<p>El D\u00eda de Reyes se celebra de manera similar en muchos pa\u00edses de habla hispana, aunque cada uno tiene sus propias tradiciones y matices \u00fanicos. Aqu\u00ed te dejo algunos ejemplos:<\/p>\n<ul>\n<li>En <strong>M\u00e9xico<\/strong>, el D\u00eda de Reyes es una festividad muy importante. Los ni\u00f1os escriben cartas a los Reyes Magos pidiendo regalos y dejan sus zapatos la noche del 5 de enero para que los Reyes los llenen de regalos. Tambi\u00e9n es tradicional comer la Rosca de Reyes, un pan dulce en forma de anillo decorado con frutas confitadas. Dentro de la rosca se esconde una figura del ni\u00f1o Jes\u00fas, y quien la encuentra debe organizar una fiesta el 2 de febrero, D\u00eda de la Candelaria.<\/li>\n<li>En <strong>Puerto Rico<\/strong>, los ni\u00f1os recogen hierba y la colocan en cajas debajo de sus camas la noche del 5 de enero para alimentar a los camellos de los Reyes Magos. A cambio, los Reyes dejan regalos para los ni\u00f1os. Tambi\u00e9n se celebran desfiles y festivales en muchas ciudades.<\/li>\n<li>En<strong> Argentina<\/strong>, los ni\u00f1os tambi\u00e9n dejan sus zapatos y agua para los camellos la noche del 5 de enero. El 6 de enero, las familias se re\u00fanen para compartir una Rosca de Reyes y disfrutar de un d\u00eda festivo.<\/li>\n<li>En <strong>Per\u00fa<\/strong>, el D\u00eda de Reyes es conocido como la Bajada de Reyes. Se celebran desfiles y representaciones de la llegada de los Reyes Magos. En algunas regiones, se organizan concursos de nacimientos (pesebres) y se elige al mejor.<\/li>\n<li>En la <strong>Rep\u00fablica Dominicana<\/strong>, el D\u00eda de Reyes es una festividad muy esperada por los ni\u00f1os, quienes reciben regalos de los Reyes Magos. Tambi\u00e9n se celebran desfiles y actividades culturales en muchas ciudades.<\/li>\n<\/ul>\n<p>Cada pa\u00eds tiene sus propias variaciones y tradiciones, pero el esp\u00edritu de la celebraci\u00f3n es el mismo: conmemorar la visita de los Reyes Magos al ni\u00f1o Jes\u00fas y compartir momentos especiales con la familia y la comunidad.<\/p>\n<figure id=\"attachment_7611\" aria-describedby=\"caption-attachment-7611\" style=\"width: 300px\" class=\"wp-caption aligncenter\"><a href=\"https:\/\/rafaramirez.org\/blog\/wp-content\/uploads\/2025\/01\/49335777371_8dbeccc5be_b.jpg\" target=\"_blank\" rel=\"noopener\"><img loading=\"lazy\" decoding=\"async\" class=\"wp-image-7611 size-medium\" src=\"https:\/\/rafaramirez.org\/blog\/wp-content\/uploads\/2025\/01\/49335777371_8dbeccc5be_b-300x232.jpg\" alt=\"Cabalgata de Reyes. Blog de Rafael Ram\u00edrez.\" width=\"300\" height=\"232\" srcset=\"https:\/\/rafaramirez.org\/blog\/wp-content\/uploads\/2025\/01\/49335777371_8dbeccc5be_b-300x232.jpg 300w, https:\/\/rafaramirez.org\/blog\/wp-content\/uploads\/2025\/01\/49335777371_8dbeccc5be_b-768x595.jpg 768w, https:\/\/rafaramirez.org\/blog\/wp-content\/uploads\/2025\/01\/49335777371_8dbeccc5be_b.jpg 1024w\" sizes=\"auto, (max-width: 300px) 100vw, 300px\" \/><\/a><figcaption id=\"caption-attachment-7611\" class=\"wp-caption-text\">Cabalgata de Reyes. Blog de Rafael Ram\u00edrez. (Flickr)<\/figcaption><\/figure>\n<p>En definitiva, la historia de los Reyes Magos se ha interpretado de diversas maneras a lo largo del tiempo y su figura se ha adaptado en diferentes culturas y tradiciones. Sin duda, la figura de los Reyes Magos es una mezcla de historia, tradici\u00f3n y simbolismo que ha perdurado a lo largo de los siglos.<\/p>\n<p>M\u00e1s informaci\u00f3n:<\/p>\n<ul>\n<li><a href=\"https:\/\/es.wikipedia.org\/wiki\/Reyes_Magos\" target=\"_blank\" rel=\"noopener\">Wikipedia<\/a>.<\/li>\n<li><a href=\"https:\/\/www.antrophistoria.com\/2025\/01\/reyes-magos-historia-y-magia-de-una.html\" target=\"_blank\" rel=\"noopener\">Antrophistoria<\/a>.<\/li>\n<li><a href=\"https:\/\/rafaramirez.org\/blog\/index.php\/category\/arte\/efemerides\/\" target=\"_blank\" rel=\"noopener\">Otras efem\u00e9rides<\/a>.<\/li>\n<\/ul>\n","protected":false},"excerpt":{"rendered":"<p>El D\u00eda de Reyes, tambi\u00e9n conocido como la Epifan\u00eda, se celebra el 6 de enero y es una festividad muy importante en Espa\u00f1a y en muchos pa\u00edses de habla hispana. Esta celebraci\u00f3n conmemora la visita de los Reyes Magos\u2014Melchor, Gaspar y Baltasar\u2014al ni\u00f1o Jes\u00fas, llev\u00e1ndole regalos de oro, incienso y mirra. En Espa\u00f1a, la v\u00edspera [&hellip;]<\/p>\n","protected":false},"author":1,"featured_media":7609,"comment_status":"open","ping_status":"closed","sticky":false,"template":"","format":"standard","meta":{"site-container-style":"default","site-container-layout":"default","site-sidebar-layout":"default","disable-article-header":"default","disable-site-header":"default","disable-site-footer":"default","disable-content-area-spacing":"default","_jetpack_newsletter_access":"","_jetpack_dont_email_post_to_subs":false,"_jetpack_newsletter_tier_id":0,"_jetpack_memberships_contains_paywalled_content":false,"_jetpack_feature_clip_id":0,"_jetpack_memberships_contains_paid_content":false,"footnotes":"","jetpack_publicize_message":"","jetpack_publicize_feature_enabled":true,"jetpack_social_post_already_shared":true,"jetpack_social_options":{"image_generator_settings":{"template":"highway","default_image_id":0,"font":"","enabled":false},"version":2},"jetpack_post_was_ever_published":false},"categories":[1291],"tags":[3944,3931,3940,1350,3942,1323,3932,3943,3939,3935,3938,3936,3934,3937,3941,3945,3933,1925],"class_list":["post-7603","post","type-post","status-publish","format-standard","has-post-thumbnail","hentry","category-efemerides","tag-expositio-in-matthaeum-evangelistam","tag-6-de-enero","tag-baltasar","tag-belen","tag-cabalgata-de-reyes","tag-efemerides","tag-epifania","tag-evangelio-de-mateo","tag-gaspar","tag-incienso","tag-melchor","tag-mirra","tag-oro","tag-reyes-magos","tag-roscon-de-reyes","tag-san-beda-el-venerable","tag-tradiciones","tag-tradiciones-historicas"],"yoast_head":"<!-- This site is optimized with the Yoast SEO plugin v28.4 - https:\/\/yoast.com\/product\/yoast-seo-wordpress\/ -->\n<title>D\u00eda de Reyes 6 de enero: historia y tradici\u00f3n de un d\u00eda m\u00e1gico. - Blog de Rafael Ram\u00edrez<\/title>\n<meta name=\"description\" content=\"El D\u00eda de Reyes, tambi\u00e9n conocido como la Epifan\u00eda, se celebra el 6 de enero y es una festividad muy importante en Espa\u00f1a y otros pa\u00edses .\" \/>\n<meta name=\"robots\" content=\"index, follow, max-snippet:-1, max-image-preview:large, max-video-preview:-1\" \/>\n<link rel=\"canonical\" href=\"https:\/\/rafaramirez.org\/blog\/index.php\/2025\/01\/06\/dia-de-reyes-6-de-enero\/\" \/>\n<meta property=\"og:locale\" content=\"es_ES\" \/>\n<meta property=\"og:type\" content=\"article\" \/>\n<meta property=\"og:title\" content=\"D\u00eda de Reyes 6 de enero: historia y tradici\u00f3n de un d\u00eda m\u00e1gico. - Blog de Rafael Ram\u00edrez\" \/>\n<meta property=\"og:description\" content=\"El D\u00eda de Reyes, tambi\u00e9n conocido como la Epifan\u00eda, se celebra el 6 de enero y es una festividad muy importante en Espa\u00f1a y otros pa\u00edses .\" \/>\n<meta property=\"og:url\" content=\"https:\/\/rafaramirez.org\/blog\/index.php\/2025\/01\/06\/dia-de-reyes-6-de-enero\/\" \/>\n<meta property=\"og:site_name\" content=\"Blog de Rafael Ram\u00edrez\" \/>\n<meta property=\"article:published_time\" content=\"2025-01-06T07:15:51+00:00\" \/>\n<meta property=\"og:image\" content=\"https:\/\/rafaramirez.org\/blog\/wp-content\/uploads\/2025\/01\/Dia_de_Reyes_banner.jpg\" \/>\n\t<meta property=\"og:image:width\" content=\"720\" \/>\n\t<meta property=\"og:image:height\" content=\"440\" \/>\n\t<meta property=\"og:image:type\" content=\"image\/jpeg\" \/>\n<meta name=\"author\" content=\"Rafael Ram\u00edrez\" \/>\n<meta name=\"twitter:card\" content=\"summary_large_image\" \/>\n<meta name=\"twitter:creator\" content=\"@rafaramirez_ok\" \/>\n<meta name=\"twitter:site\" content=\"@rafaramirez_ok\" \/>\n<meta name=\"twitter:label1\" content=\"Escrito por\" \/>\n\t<meta name=\"twitter:data1\" content=\"Rafael Ram\u00edrez\" \/>\n\t<meta name=\"twitter:label2\" content=\"Tiempo de lectura\" \/>\n\t<meta name=\"twitter:data2\" content=\"5 minutos\" \/>\n<script type=\"application\/ld+json\" class=\"yoast-schema-graph\">{\"@context\":\"https:\\\/\\\/schema.org\",\"@graph\":[{\"@type\":\"Article\",\"@id\":\"https:\\\/\\\/rafaramirez.org\\\/blog\\\/index.php\\\/2025\\\/01\\\/06\\\/dia-de-reyes-6-de-enero\\\/#article\",\"isPartOf\":{\"@id\":\"https:\\\/\\\/rafaramirez.org\\\/blog\\\/index.php\\\/2025\\\/01\\\/06\\\/dia-de-reyes-6-de-enero\\\/\"},\"author\":{\"name\":\"Rafael Ram\u00edrez\",\"@id\":\"https:\\\/\\\/rafaramirez.org\\\/blog\\\/#\\\/schema\\\/person\\\/50f43b6d60c578760d4c17bda54ab6a5\"},\"headline\":\"D\u00eda de Reyes 6 de enero: historia y tradici\u00f3n de un d\u00eda m\u00e1gico.\",\"datePublished\":\"2025-01-06T07:15:51+00:00\",\"mainEntityOfPage\":{\"@id\":\"https:\\\/\\\/rafaramirez.org\\\/blog\\\/index.php\\\/2025\\\/01\\\/06\\\/dia-de-reyes-6-de-enero\\\/\"},\"wordCount\":893,\"commentCount\":0,\"publisher\":{\"@id\":\"https:\\\/\\\/rafaramirez.org\\\/blog\\\/#\\\/schema\\\/person\\\/50f43b6d60c578760d4c17bda54ab6a5\"},\"image\":{\"@id\":\"https:\\\/\\\/rafaramirez.org\\\/blog\\\/index.php\\\/2025\\\/01\\\/06\\\/dia-de-reyes-6-de-enero\\\/#primaryimage\"},\"thumbnailUrl\":\"https:\\\/\\\/rafaramirez.org\\\/blog\\\/wp-content\\\/uploads\\\/2025\\\/01\\\/Dia_de_Reyes_banner.jpg\",\"keywords\":[\"\\\"Expositio in Matthaeum Evangelistam\\\"\",\"6 de enero\",\"Baltasar\",\"Bel\u00e9n\",\"Cabalgata de reyes\",\"efem\u00e9rides\",\"Epifan\u00eda\",\"Evangelio de Mateo\",\"Gaspar\",\"incienso\",\"Melchor\",\"mirra\",\"oro\",\"Reyes Magos\",\"Rosc\u00f3n de Reyes\",\"San Beda el Venerable\",\"tradiciones\",\"tradiciones hist\u00f3ricas\"],\"articleSection\":[\"Efem\u00e9rides\"],\"inLanguage\":\"es\",\"potentialAction\":[{\"@type\":\"CommentAction\",\"name\":\"Comment\",\"target\":[\"https:\\\/\\\/rafaramirez.org\\\/blog\\\/index.php\\\/2025\\\/01\\\/06\\\/dia-de-reyes-6-de-enero\\\/#respond\"]}]},{\"@type\":\"WebPage\",\"@id\":\"https:\\\/\\\/rafaramirez.org\\\/blog\\\/index.php\\\/2025\\\/01\\\/06\\\/dia-de-reyes-6-de-enero\\\/\",\"url\":\"https:\\\/\\\/rafaramirez.org\\\/blog\\\/index.php\\\/2025\\\/01\\\/06\\\/dia-de-reyes-6-de-enero\\\/\",\"name\":\"D\u00eda de Reyes 6 de enero: historia y tradici\u00f3n de un d\u00eda m\u00e1gico. - Blog de Rafael Ram\u00edrez\",\"isPartOf\":{\"@id\":\"https:\\\/\\\/rafaramirez.org\\\/blog\\\/#website\"},\"primaryImageOfPage\":{\"@id\":\"https:\\\/\\\/rafaramirez.org\\\/blog\\\/index.php\\\/2025\\\/01\\\/06\\\/dia-de-reyes-6-de-enero\\\/#primaryimage\"},\"image\":{\"@id\":\"https:\\\/\\\/rafaramirez.org\\\/blog\\\/index.php\\\/2025\\\/01\\\/06\\\/dia-de-reyes-6-de-enero\\\/#primaryimage\"},\"thumbnailUrl\":\"https:\\\/\\\/rafaramirez.org\\\/blog\\\/wp-content\\\/uploads\\\/2025\\\/01\\\/Dia_de_Reyes_banner.jpg\",\"datePublished\":\"2025-01-06T07:15:51+00:00\",\"description\":\"El D\u00eda de Reyes, tambi\u00e9n conocido como la Epifan\u00eda, se celebra el 6 de enero y es una festividad muy importante en Espa\u00f1a y otros pa\u00edses .\",\"breadcrumb\":{\"@id\":\"https:\\\/\\\/rafaramirez.org\\\/blog\\\/index.php\\\/2025\\\/01\\\/06\\\/dia-de-reyes-6-de-enero\\\/#breadcrumb\"},\"inLanguage\":\"es\",\"potentialAction\":[{\"@type\":\"ReadAction\",\"target\":[\"https:\\\/\\\/rafaramirez.org\\\/blog\\\/index.php\\\/2025\\\/01\\\/06\\\/dia-de-reyes-6-de-enero\\\/\"]}]},{\"@type\":\"ImageObject\",\"inLanguage\":\"es\",\"@id\":\"https:\\\/\\\/rafaramirez.org\\\/blog\\\/index.php\\\/2025\\\/01\\\/06\\\/dia-de-reyes-6-de-enero\\\/#primaryimage\",\"url\":\"https:\\\/\\\/rafaramirez.org\\\/blog\\\/wp-content\\\/uploads\\\/2025\\\/01\\\/Dia_de_Reyes_banner.jpg\",\"contentUrl\":\"https:\\\/\\\/rafaramirez.org\\\/blog\\\/wp-content\\\/uploads\\\/2025\\\/01\\\/Dia_de_Reyes_banner.jpg\",\"width\":720,\"height\":440,\"caption\":\"D\u00eda de Reyes 6 de enero. Blog de Rafael Ram\u00edrez.\"},{\"@type\":\"BreadcrumbList\",\"@id\":\"https:\\\/\\\/rafaramirez.org\\\/blog\\\/index.php\\\/2025\\\/01\\\/06\\\/dia-de-reyes-6-de-enero\\\/#breadcrumb\",\"itemListElement\":[{\"@type\":\"ListItem\",\"position\":1,\"name\":\"Portada\",\"item\":\"https:\\\/\\\/rafaramirez.org\\\/blog\\\/\"},{\"@type\":\"ListItem\",\"position\":2,\"name\":\"D\u00eda de Reyes 6 de enero: historia y tradici\u00f3n de un d\u00eda m\u00e1gico.\"}]},{\"@type\":\"WebSite\",\"@id\":\"https:\\\/\\\/rafaramirez.org\\\/blog\\\/#website\",\"url\":\"https:\\\/\\\/rafaramirez.org\\\/blog\\\/\",\"name\":\"Blog de Rafael Ram\u00edrez\",\"description\":\"Un sitio social, de arte y cultura\",\"publisher\":{\"@id\":\"https:\\\/\\\/rafaramirez.org\\\/blog\\\/#\\\/schema\\\/person\\\/50f43b6d60c578760d4c17bda54ab6a5\"},\"potentialAction\":[{\"@type\":\"SearchAction\",\"target\":{\"@type\":\"EntryPoint\",\"urlTemplate\":\"https:\\\/\\\/rafaramirez.org\\\/blog\\\/?s={search_term_string}\"},\"query-input\":{\"@type\":\"PropertyValueSpecification\",\"valueRequired\":true,\"valueName\":\"search_term_string\"}}],\"inLanguage\":\"es\"},{\"@type\":[\"Person\",\"Organization\"],\"@id\":\"https:\\\/\\\/rafaramirez.org\\\/blog\\\/#\\\/schema\\\/person\\\/50f43b6d60c578760d4c17bda54ab6a5\",\"name\":\"Rafael Ram\u00edrez\",\"image\":{\"@type\":\"ImageObject\",\"inLanguage\":\"es\",\"@id\":\"https:\\\/\\\/rafaramirez.org\\\/blog\\\/wp-content\\\/uploads\\\/2024\\\/09\\\/RR_socialnetwork.jpg\",\"url\":\"https:\\\/\\\/rafaramirez.org\\\/blog\\\/wp-content\\\/uploads\\\/2024\\\/09\\\/RR_socialnetwork.jpg\",\"contentUrl\":\"https:\\\/\\\/rafaramirez.org\\\/blog\\\/wp-content\\\/uploads\\\/2024\\\/09\\\/RR_socialnetwork.jpg\",\"width\":600,\"height\":606,\"caption\":\"Rafael Ram\u00edrez\"},\"logo\":{\"@id\":\"https:\\\/\\\/rafaramirez.org\\\/blog\\\/wp-content\\\/uploads\\\/2024\\\/09\\\/RR_socialnetwork.jpg\"},\"sameAs\":[\"https:\\\/\\\/www.rafaramirez.org\\\/blog\",\"https:\\\/\\\/www.instagram.com\\\/rafaramirez_ok\\\/\",\"https:\\\/\\\/es.pinterest.com\\\/Ramirez_Rafa\\\/\",\"https:\\\/\\\/x.com\\\/rafaramirez_ok\"],\"url\":\"https:\\\/\\\/rafaramirez.org\\\/blog\\\/index.php\\\/author\\\/rafaell_qm6j97da\\\/\"}]}<\/script>\n<!-- \/ Yoast SEO plugin. -->","yoast_head_json":{"title":"D\u00eda de Reyes 6 de enero: historia y tradici\u00f3n de un d\u00eda m\u00e1gico. - Blog de Rafael Ram\u00edrez","description":"El D\u00eda de Reyes, tambi\u00e9n conocido como la Epifan\u00eda, se celebra el 6 de enero y es una festividad muy importante en Espa\u00f1a y otros pa\u00edses .","robots":{"index":"index","follow":"follow","max-snippet":"max-snippet:-1","max-image-preview":"max-image-preview:large","max-video-preview":"max-video-preview:-1"},"canonical":"https:\/\/rafaramirez.org\/blog\/index.php\/2025\/01\/06\/dia-de-reyes-6-de-enero\/","og_locale":"es_ES","og_type":"article","og_title":"D\u00eda de Reyes 6 de enero: historia y tradici\u00f3n de un d\u00eda m\u00e1gico. - Blog de Rafael Ram\u00edrez","og_description":"El D\u00eda de Reyes, tambi\u00e9n conocido como la Epifan\u00eda, se celebra el 6 de enero y es una festividad muy importante en Espa\u00f1a y otros pa\u00edses .","og_url":"https:\/\/rafaramirez.org\/blog\/index.php\/2025\/01\/06\/dia-de-reyes-6-de-enero\/","og_site_name":"Blog de Rafael Ram\u00edrez","article_published_time":"2025-01-06T07:15:51+00:00","og_image":[{"width":720,"height":440,"url":"https:\/\/rafaramirez.org\/blog\/wp-content\/uploads\/2025\/01\/Dia_de_Reyes_banner.jpg","type":"image\/jpeg"}],"author":"Rafael Ram\u00edrez","twitter_card":"summary_large_image","twitter_creator":"@rafaramirez_ok","twitter_site":"@rafaramirez_ok","twitter_misc":{"Escrito por":"Rafael Ram\u00edrez","Tiempo de lectura":"5 minutos"},"schema":{"@context":"https:\/\/schema.org","@graph":[{"@type":"Article","@id":"https:\/\/rafaramirez.org\/blog\/index.php\/2025\/01\/06\/dia-de-reyes-6-de-enero\/#article","isPartOf":{"@id":"https:\/\/rafaramirez.org\/blog\/index.php\/2025\/01\/06\/dia-de-reyes-6-de-enero\/"},"author":{"name":"Rafael Ram\u00edrez","@id":"https:\/\/rafaramirez.org\/blog\/#\/schema\/person\/50f43b6d60c578760d4c17bda54ab6a5"},"headline":"D\u00eda de Reyes 6 de enero: historia y tradici\u00f3n de un d\u00eda m\u00e1gico.","datePublished":"2025-01-06T07:15:51+00:00","mainEntityOfPage":{"@id":"https:\/\/rafaramirez.org\/blog\/index.php\/2025\/01\/06\/dia-de-reyes-6-de-enero\/"},"wordCount":893,"commentCount":0,"publisher":{"@id":"https:\/\/rafaramirez.org\/blog\/#\/schema\/person\/50f43b6d60c578760d4c17bda54ab6a5"},"image":{"@id":"https:\/\/rafaramirez.org\/blog\/index.php\/2025\/01\/06\/dia-de-reyes-6-de-enero\/#primaryimage"},"thumbnailUrl":"https:\/\/rafaramirez.org\/blog\/wp-content\/uploads\/2025\/01\/Dia_de_Reyes_banner.jpg","keywords":["\"Expositio in Matthaeum Evangelistam\"","6 de enero","Baltasar","Bel\u00e9n","Cabalgata de reyes","efem\u00e9rides","Epifan\u00eda","Evangelio de Mateo","Gaspar","incienso","Melchor","mirra","oro","Reyes Magos","Rosc\u00f3n de Reyes","San Beda el Venerable","tradiciones","tradiciones hist\u00f3ricas"],"articleSection":["Efem\u00e9rides"],"inLanguage":"es","potentialAction":[{"@type":"CommentAction","name":"Comment","target":["https:\/\/rafaramirez.org\/blog\/index.php\/2025\/01\/06\/dia-de-reyes-6-de-enero\/#respond"]}]},{"@type":"WebPage","@id":"https:\/\/rafaramirez.org\/blog\/index.php\/2025\/01\/06\/dia-de-reyes-6-de-enero\/","url":"https:\/\/rafaramirez.org\/blog\/index.php\/2025\/01\/06\/dia-de-reyes-6-de-enero\/","name":"D\u00eda de Reyes 6 de enero: historia y tradici\u00f3n de un d\u00eda m\u00e1gico. - Blog de Rafael Ram\u00edrez","isPartOf":{"@id":"https:\/\/rafaramirez.org\/blog\/#website"},"primaryImageOfPage":{"@id":"https:\/\/rafaramirez.org\/blog\/index.php\/2025\/01\/06\/dia-de-reyes-6-de-enero\/#primaryimage"},"image":{"@id":"https:\/\/rafaramirez.org\/blog\/index.php\/2025\/01\/06\/dia-de-reyes-6-de-enero\/#primaryimage"},"thumbnailUrl":"https:\/\/rafaramirez.org\/blog\/wp-content\/uploads\/2025\/01\/Dia_de_Reyes_banner.jpg","datePublished":"2025-01-06T07:15:51+00:00","description":"El D\u00eda de Reyes, tambi\u00e9n conocido como la Epifan\u00eda, se celebra el 6 de enero y es una festividad muy importante en Espa\u00f1a y otros pa\u00edses .","breadcrumb":{"@id":"https:\/\/rafaramirez.org\/blog\/index.php\/2025\/01\/06\/dia-de-reyes-6-de-enero\/#breadcrumb"},"inLanguage":"es","potentialAction":[{"@type":"ReadAction","target":["https:\/\/rafaramirez.org\/blog\/index.php\/2025\/01\/06\/dia-de-reyes-6-de-enero\/"]}]},{"@type":"ImageObject","inLanguage":"es","@id":"https:\/\/rafaramirez.org\/blog\/index.php\/2025\/01\/06\/dia-de-reyes-6-de-enero\/#primaryimage","url":"https:\/\/rafaramirez.org\/blog\/wp-content\/uploads\/2025\/01\/Dia_de_Reyes_banner.jpg","contentUrl":"https:\/\/rafaramirez.org\/blog\/wp-content\/uploads\/2025\/01\/Dia_de_Reyes_banner.jpg","width":720,"height":440,"caption":"D\u00eda de Reyes 6 de enero. Blog de Rafael Ram\u00edrez."},{"@type":"BreadcrumbList","@id":"https:\/\/rafaramirez.org\/blog\/index.php\/2025\/01\/06\/dia-de-reyes-6-de-enero\/#breadcrumb","itemListElement":[{"@type":"ListItem","position":1,"name":"Portada","item":"https:\/\/rafaramirez.org\/blog\/"},{"@type":"ListItem","position":2,"name":"D\u00eda de Reyes 6 de enero: historia y tradici\u00f3n de un d\u00eda m\u00e1gico."}]},{"@type":"WebSite","@id":"https:\/\/rafaramirez.org\/blog\/#website","url":"https:\/\/rafaramirez.org\/blog\/","name":"Blog de Rafael Ram\u00edrez","description":"Un sitio social, de arte y cultura","publisher":{"@id":"https:\/\/rafaramirez.org\/blog\/#\/schema\/person\/50f43b6d60c578760d4c17bda54ab6a5"},"potentialAction":[{"@type":"SearchAction","target":{"@type":"EntryPoint","urlTemplate":"https:\/\/rafaramirez.org\/blog\/?s={search_term_string}"},"query-input":{"@type":"PropertyValueSpecification","valueRequired":true,"valueName":"search_term_string"}}],"inLanguage":"es"},{"@type":["Person","Organization"],"@id":"https:\/\/rafaramirez.org\/blog\/#\/schema\/person\/50f43b6d60c578760d4c17bda54ab6a5","name":"Rafael Ram\u00edrez","image":{"@type":"ImageObject","inLanguage":"es","@id":"https:\/\/rafaramirez.org\/blog\/wp-content\/uploads\/2024\/09\/RR_socialnetwork.jpg","url":"https:\/\/rafaramirez.org\/blog\/wp-content\/uploads\/2024\/09\/RR_socialnetwork.jpg","contentUrl":"https:\/\/rafaramirez.org\/blog\/wp-content\/uploads\/2024\/09\/RR_socialnetwork.jpg","width":600,"height":606,"caption":"Rafael Ram\u00edrez"},"logo":{"@id":"https:\/\/rafaramirez.org\/blog\/wp-content\/uploads\/2024\/09\/RR_socialnetwork.jpg"},"sameAs":["https:\/\/www.rafaramirez.org\/blog","https:\/\/www.instagram.com\/rafaramirez_ok\/","https:\/\/es.pinterest.com\/Ramirez_Rafa\/","https:\/\/x.com\/rafaramirez_ok"],"url":"https:\/\/rafaramirez.org\/blog\/index.php\/author\/rafaell_qm6j97da\/"}]}},"jetpack_publicize_connections":[],"jetpack_sharing_enabled":true,"jetpack_likes_enabled":true,"jetpack_featured_media_url":"https:\/\/rafaramirez.org\/blog\/wp-content\/uploads\/2025\/01\/Dia_de_Reyes_banner.jpg","_links":{"self":[{"href":"https:\/\/rafaramirez.org\/blog\/index.php\/wp-json\/wp\/v2\/posts\/7603","targetHints":{"allow":["GET"]}}],"collection":[{"href":"https:\/\/rafaramirez.org\/blog\/index.php\/wp-json\/wp\/v2\/posts"}],"about":[{"href":"https:\/\/rafaramirez.org\/blog\/index.php\/wp-json\/wp\/v2\/types\/post"}],"author":[{"embeddable":true,"href":"https:\/\/rafaramirez.org\/blog\/index.php\/wp-json\/wp\/v2\/users\/1"}],"replies":[{"embeddable":true,"href":"https:\/\/rafaramirez.org\/blog\/index.php\/wp-json\/wp\/v2\/comments?post=7603"}],"version-history":[{"count":8,"href":"https:\/\/rafaramirez.org\/blog\/index.php\/wp-json\/wp\/v2\/posts\/7603\/revisions"}],"predecessor-version":[{"id":7614,"href":"https:\/\/rafaramirez.org\/blog\/index.php\/wp-json\/wp\/v2\/posts\/7603\/revisions\/7614"}],"wp:featuredmedia":[{"embeddable":true,"href":"https:\/\/rafaramirez.org\/blog\/index.php\/wp-json\/wp\/v2\/media\/7609"}],"wp:attachment":[{"href":"https:\/\/rafaramirez.org\/blog\/index.php\/wp-json\/wp\/v2\/media?parent=7603"}],"wp:term":[{"taxonomy":"category","embeddable":true,"href":"https:\/\/rafaramirez.org\/blog\/index.php\/wp-json\/wp\/v2\/categories?post=7603"},{"taxonomy":"post_tag","embeddable":true,"href":"https:\/\/rafaramirez.org\/blog\/index.php\/wp-json\/wp\/v2\/tags?post=7603"}],"curies":[{"name":"wp","href":"https:\/\/api.w.org\/{rel}","templated":true}]}}