{"id":7538,"date":"2024-12-31T08:15:05","date_gmt":"2024-12-31T07:15:05","guid":{"rendered":"https:\/\/rafaramirez.org\/blog\/?p=7538"},"modified":"2024-12-27T14:05:26","modified_gmt":"2024-12-27T13:05:26","slug":"nochevieja","status":"publish","type":"post","link":"https:\/\/rafaramirez.org\/blog\/index.php\/2024\/12\/31\/nochevieja\/","title":{"rendered":"Nochevieja, momento para renovar esperanzas."},"content":{"rendered":"<p>La <strong>Nochevieja<\/strong>, tambi\u00e9n conocida como la <strong>v\u00edspera de A\u00f1o Nuevo<\/strong>, es una celebraci\u00f3n que marca el final de un a\u00f1o y el comienzo de otro. En <strong>Espa\u00f1a<\/strong>, esta noche est\u00e1 llena de tradiciones y festejos. A continuaci\u00f3n, te muestro algunas de las costumbres m\u00e1s destacadas:<\/p>\n<ul>\n<li>La tradici\u00f3n de <strong>comer 12 uvas a medianoche<\/strong>: se cree que comer 12 uvas al ritmo de las campanadas es un buen augurio para el a\u00f1o nuevo. Se dice que trae buena suerte para el a\u00f1o nuevo.<\/li>\n<li><strong>Fiestas y cotillones<\/strong>: muchas personas asisten a fiestas conocidas como cotillones, donde se baila, se canta y se celebra hasta altas horas de la madrugada.<\/li>\n<li><strong>Brindis con cava<\/strong>: es costumbre brindar con cava, un vino espumoso espa\u00f1ol, para dar la bienvenida al a\u00f1o nuevo.<\/li>\n<li>Llevar <strong>ropa interior roja<\/strong>: se cree que llevar ropa interior roja en Nochevieja trae buena suerte y amor en el a\u00f1o que comienza.<\/li>\n<li><strong>Fuegos artificiales<\/strong>: en muchas ciudades se lanzan fuegos artificiales para celebrar la llegada del nuevo a\u00f1o.<\/li>\n<\/ul>\n<figure id=\"attachment_7544\" aria-describedby=\"caption-attachment-7544\" style=\"width: 300px\" class=\"wp-caption aligncenter\"><a href=\"https:\/\/rafaramirez.org\/blog\/wp-content\/uploads\/2024\/12\/Nochevieja_logblog.jpg\" target=\"_blank\" rel=\"noopener\"><img loading=\"lazy\" decoding=\"async\" class=\"wp-image-7544 size-medium\" src=\"https:\/\/rafaramirez.org\/blog\/wp-content\/uploads\/2024\/12\/Nochevieja_logblog-300x300.jpg\" alt=\"Nochevieja 31 de diciembre. Blog de Rafael Ram\u00edrez.\" width=\"300\" height=\"300\" srcset=\"https:\/\/rafaramirez.org\/blog\/wp-content\/uploads\/2024\/12\/Nochevieja_logblog-300x300.jpg 300w, https:\/\/rafaramirez.org\/blog\/wp-content\/uploads\/2024\/12\/Nochevieja_logblog-150x150.jpg 150w, https:\/\/rafaramirez.org\/blog\/wp-content\/uploads\/2024\/12\/Nochevieja_logblog-768x768.jpg 768w, https:\/\/rafaramirez.org\/blog\/wp-content\/uploads\/2024\/12\/Nochevieja_logblog.jpg 1024w\" sizes=\"auto, (max-width: 300px) 100vw, 300px\" \/><\/a><figcaption id=\"caption-attachment-7544\" class=\"wp-caption-text\">Nochevieja 31 de diciembre. Blog de Rafael Ram\u00edrez.<\/figcaption><\/figure>\n<h3>Or\u00edgenes de esta celebraci\u00f3n.<\/h3>\n<p>La celebraci\u00f3n de Nochevieja tiene ra\u00edces profundas y variadas. Te dejo algunos datos interesantes sobre sus or\u00edgenes:<\/p>\n<ul>\n<li>En la antigua <strong>Babilonia<\/strong>, las primeras festividades de A\u00f1o Nuevo de las que se tienen registros datan de hace unos 4000 a\u00f1os. Consist\u00edan en un festival religioso llamado <strong>Akitu<\/strong> que se celebraba a finales de marzo.<\/li>\n<li>En el <strong>Imperio romano<\/strong>, se rend\u00eda homenaje al dios <strong>Janus<\/strong>, relacionado con el mes de enero. Janus ten\u00eda dos rostros: uno viejo que miraba al pasado y otro joven que miraba al futuro.<\/li>\n<li><strong>Calendario juliano<\/strong>: el calendario romano primitivo constaba de 10 meses y 304 d\u00edas, y cada nuevo a\u00f1o comenzaba en el equinoccio de primavera. En el a\u00f1o 46 a. C., el emperador <strong>Julio C\u00e9sar<\/strong> introdujo el calendario juliano, muy similar al calendario gregoriano actual, con el 1 de enero como primer d\u00eda del a\u00f1o.<\/li>\n<li>Tradiciones espa\u00f1olas: la tradici\u00f3n de las doce uvas se inici\u00f3 en <strong>Espa\u00f1a<\/strong> en 1909 debido a un excedente de uva en la cosecha de <strong>Alicante<\/strong>. Cada uva representa un mes del a\u00f1o y hay que com\u00e9rselas con cada una de las campanadas del reloj.<\/li>\n<li>Otra teor\u00eda sugiere que la costumbre de comer uvas en Nochevieja se origin\u00f3 en <strong>Madrid<\/strong> en 1880 como una s\u00e1tira hacia la burgues\u00eda que celebraba con champ\u00e1n y uvas.<\/li>\n<\/ul>\n<p>Con el paso del tiempo, la Nochevieja ha evolucionado adapt\u00e1ndose a diferentes culturas y tradiciones, pero siempre manteniendo el esp\u00edritu de celebraci\u00f3n y renovaci\u00f3n.<\/p>\n<figure id=\"attachment_7545\" aria-describedby=\"caption-attachment-7545\" style=\"width: 300px\" class=\"wp-caption aligncenter\"><a href=\"https:\/\/rafaramirez.org\/blog\/wp-content\/uploads\/2024\/12\/ai-generated-8386071.jpg\" target=\"_blank\" rel=\"noopener\"><img loading=\"lazy\" decoding=\"async\" class=\"wp-image-7545 size-medium\" src=\"https:\/\/rafaramirez.org\/blog\/wp-content\/uploads\/2024\/12\/ai-generated-8386071-300x200.jpg\" alt=\"Nochevieja 31 de diciembre. Blog de Rafael Ram\u00edrez.\" width=\"300\" height=\"200\" srcset=\"https:\/\/rafaramirez.org\/blog\/wp-content\/uploads\/2024\/12\/ai-generated-8386071-300x200.jpg 300w, https:\/\/rafaramirez.org\/blog\/wp-content\/uploads\/2024\/12\/ai-generated-8386071-768x512.jpg 768w, https:\/\/rafaramirez.org\/blog\/wp-content\/uploads\/2024\/12\/ai-generated-8386071.jpg 1000w\" sizes=\"auto, (max-width: 300px) 100vw, 300px\" \/><\/a><figcaption id=\"caption-attachment-7545\" class=\"wp-caption-text\">Nochevieja 31 de diciembre. Blog de Rafael Ram\u00edrez.<\/figcaption><\/figure>\n<h3>Celebraci\u00f3n de la Nochevieja en otros pa\u00edses.<\/h3>\n<p>La Nochevieja se celebra de diversas maneras en todo el mundo. A continuaci\u00f3n, te muestro algunas tradiciones interesantes:<\/p>\n<ul>\n<li>En <strong>Estados Unidos<\/strong>, en <strong>Nueva York<\/strong>, la famosa bola de <strong>Times Square<\/strong> desciende a medianoche, marcando el inicio del nuevo a\u00f1o. Millones de personas se re\u00fanen para ver este evento en vivo o por televisi\u00f3n.<\/li>\n<li><strong>Reino Unido<\/strong>: en <strong>Londres<\/strong>, la gente se congrega alrededor del Big Ben para escuchar las campanadas de medianoche. Los fuegos artificiales sobre el r\u00edo T\u00e1mesis son un espect\u00e1culo impresionante.<\/li>\n<li><strong>Jap\u00f3n<\/strong>: la Nochevieja, conocida como <strong>\u014cmisoka<\/strong>, es una ocasi\u00f3n para limpiar la casa y prepararse para el nuevo a\u00f1o. A medianoche, muchas personas visitan templos budistas para tocar las campanas 108 veces, un ritual que simboliza la purificaci\u00f3n de los pecados.<\/li>\n<li>En <strong>Brasil<\/strong>, la playa de <strong>Copacabana<\/strong> se llena de gente vestida de blanco, un color que simboliza la paz. Los fuegos artificiales y la m\u00fasica en vivo son parte esencial de la celebraci\u00f3n.<\/li>\n<li><strong>Australia<\/strong>: <strong>S\u00eddney<\/strong> es famosa por sus espectaculares fuegos artificiales sobre el puerto, con la <strong>\u00d3pera de S\u00eddney<\/strong> y el <strong>Puente del Puerto<\/strong> como tel\u00f3n de fondo.<\/li>\n<li><strong>Dinamarca<\/strong>: los daneses tienen la tradici\u00f3n de romper platos viejos en las puertas de sus amigos y familiares para traer buena suerte. Tambi\u00e9n saltan desde una silla a medianoche para \u00absaltar\u00bb al nuevo a\u00f1o.<\/li>\n<li><strong>Rusia<\/strong>: la celebraci\u00f3n incluye una cena festiva y la apertura de regalos. A medianoche, las familias suelen ver el discurso del presidente y luego salen a disfrutar de los fuegos artificiales.<\/li>\n<\/ul>\n<p>Cada pa\u00eds tiene sus propias costumbres y tradiciones, lo que hace que la Nochevieja sea una celebraci\u00f3n \u00fanica y diversa en todo el mundo.<\/p>\n<figure id=\"attachment_7546\" aria-describedby=\"caption-attachment-7546\" style=\"width: 300px\" class=\"wp-caption aligncenter\"><a href=\"https:\/\/rafaramirez.org\/blog\/wp-content\/uploads\/2024\/12\/Nochevieja_celebration_logblog.jpg\" target=\"_blank\" rel=\"noopener\"><img loading=\"lazy\" decoding=\"async\" class=\"wp-image-7546 size-medium\" src=\"https:\/\/rafaramirez.org\/blog\/wp-content\/uploads\/2024\/12\/Nochevieja_celebration_logblog-300x300.jpg\" alt=\"Celebraci\u00f3n de Nochevieja. Blog de Rafael Ram\u00edrez.\" width=\"300\" height=\"300\" srcset=\"https:\/\/rafaramirez.org\/blog\/wp-content\/uploads\/2024\/12\/Nochevieja_celebration_logblog-300x300.jpg 300w, https:\/\/rafaramirez.org\/blog\/wp-content\/uploads\/2024\/12\/Nochevieja_celebration_logblog-150x150.jpg 150w, https:\/\/rafaramirez.org\/blog\/wp-content\/uploads\/2024\/12\/Nochevieja_celebration_logblog-768x768.jpg 768w, https:\/\/rafaramirez.org\/blog\/wp-content\/uploads\/2024\/12\/Nochevieja_celebration_logblog.jpg 1024w\" sizes=\"auto, (max-width: 300px) 100vw, 300px\" \/><\/a><figcaption id=\"caption-attachment-7546\" class=\"wp-caption-text\">Celebraci\u00f3n de Nochevieja. Blog de Rafael Ram\u00edrez.<\/figcaption><\/figure>\n<p>En definitiva, la Nochevieja es importante porque simboliza el final de un ciclo y el comienzo de otro. Es una oportunidad para reflexionar sobre el a\u00f1o que termina, celebrar los logros alcanzados y aprender de las experiencias vividas. Tambi\u00e9n es un momento para renovar esperanzas y marcarse nuevos objetivos para el a\u00f1o que comienza. Asimismo, la celebraci\u00f3n tambi\u00e9n fortalece los lazos sociales y familiares, ya que muchas personas se re\u00fanen con sus seres queridos para compartir este momento especial.<\/p>\n<p>M\u00e1s informaci\u00f3n:<\/p>\n<ul>\n<li><a href=\"https:\/\/es.wikipedia.org\/wiki\/Nochevieja\" target=\"_blank\" rel=\"noopener\">Wikipedia<\/a>.<\/li>\n<li><a href=\"https:\/\/rafaramirez.org\/blog\/index.php\/category\/arte\/efemerides\/\" target=\"_blank\" rel=\"noopener\">Otras efem\u00e9rides<\/a>.<\/li>\n<\/ul>\n","protected":false},"excerpt":{"rendered":"<p>La Nochevieja, tambi\u00e9n conocida como la v\u00edspera de A\u00f1o Nuevo, es una celebraci\u00f3n que marca el final de un a\u00f1o y el comienzo de otro. En Espa\u00f1a, esta noche est\u00e1 llena de tradiciones y festejos. A continuaci\u00f3n, te muestro algunas de las costumbres m\u00e1s destacadas: La tradici\u00f3n de comer 12 uvas a medianoche: se cree [&hellip;]<\/p>\n","protected":false},"author":1,"featured_media":7543,"comment_status":"open","ping_status":"closed","sticky":false,"template":"","format":"standard","meta":{"site-container-style":"default","site-container-layout":"default","site-sidebar-layout":"default","disable-article-header":"default","disable-site-header":"default","disable-site-footer":"default","disable-content-area-spacing":"default","_jetpack_newsletter_access":"","_jetpack_dont_email_post_to_subs":false,"_jetpack_newsletter_tier_id":0,"_jetpack_memberships_contains_paywalled_content":false,"_jetpack_feature_clip_id":0,"_jetpack_memberships_contains_paid_content":false,"footnotes":"","jetpack_publicize_message":"","jetpack_publicize_feature_enabled":true,"jetpack_social_post_already_shared":true,"jetpack_social_options":{"image_generator_settings":{"template":"highway","default_image_id":0,"font":"","enabled":false},"version":2},"jetpack_post_was_ever_published":false},"categories":[1291],"tags":[3914,68,3912,1323,3873,3913,3916,3911,3915],"class_list":["post-7538","post","type-post","status-publish","format-standard","has-post-thumbnail","hentry","category-efemerides","tag-31-de-diciembre","tag-blog-de-rafael-ramirez","tag-celebracion-de-la-nochevieja","tag-efemerides","tag-efemerides-en-diciembre","tag-historia-de-la-nochevieja","tag-la-nochevieja-en-el-mundo","tag-nochevieja","tag-origenes-de-la-nochevieja"],"yoast_head":"<!-- This site is optimized with the Yoast SEO plugin v28.4 - https:\/\/yoast.com\/product\/yoast-seo-wordpress\/ -->\n<title>Nochevieja, momento para renovar esperanzas. - Blog de Rafael Ram\u00edrez<\/title>\n<meta name=\"description\" content=\"La Nochevieja, tambi\u00e9n conocida como la v\u00edspera de A\u00f1o Nuevo, es una celebraci\u00f3n que marca el final de un a\u00f1o y el comienzo de otro.\" \/>\n<meta name=\"robots\" content=\"index, follow, max-snippet:-1, max-image-preview:large, max-video-preview:-1\" \/>\n<link rel=\"canonical\" href=\"https:\/\/rafaramirez.org\/blog\/index.php\/2024\/12\/31\/nochevieja\/\" \/>\n<meta property=\"og:locale\" content=\"es_ES\" \/>\n<meta property=\"og:type\" content=\"article\" \/>\n<meta property=\"og:title\" content=\"Nochevieja, momento para renovar esperanzas. - Blog de Rafael Ram\u00edrez\" \/>\n<meta property=\"og:description\" content=\"La Nochevieja, tambi\u00e9n conocida como la v\u00edspera de A\u00f1o Nuevo, es una celebraci\u00f3n que marca el final de un a\u00f1o y el comienzo de otro.\" \/>\n<meta property=\"og:url\" content=\"https:\/\/rafaramirez.org\/blog\/index.php\/2024\/12\/31\/nochevieja\/\" \/>\n<meta property=\"og:site_name\" content=\"Blog de Rafael Ram\u00edrez\" \/>\n<meta property=\"article:published_time\" content=\"2024-12-31T07:15:05+00:00\" \/>\n<meta property=\"og:image\" content=\"https:\/\/rafaramirez.org\/blog\/wp-content\/uploads\/2024\/12\/Nochevieja_banner.jpg\" \/>\n\t<meta property=\"og:image:width\" content=\"720\" \/>\n\t<meta property=\"og:image:height\" content=\"440\" \/>\n\t<meta property=\"og:image:type\" content=\"image\/jpeg\" \/>\n<meta name=\"author\" content=\"Rafael Ram\u00edrez\" \/>\n<meta name=\"twitter:card\" content=\"summary_large_image\" \/>\n<meta name=\"twitter:creator\" content=\"@rafaramirez_ok\" \/>\n<meta name=\"twitter:site\" content=\"@rafaramirez_ok\" \/>\n<meta name=\"twitter:label1\" content=\"Escrito por\" \/>\n\t<meta name=\"twitter:data1\" content=\"Rafael Ram\u00edrez\" \/>\n\t<meta name=\"twitter:label2\" content=\"Tiempo de lectura\" \/>\n\t<meta name=\"twitter:data2\" content=\"5 minutos\" \/>\n<script type=\"application\/ld+json\" class=\"yoast-schema-graph\">{\"@context\":\"https:\\\/\\\/schema.org\",\"@graph\":[{\"@type\":\"Article\",\"@id\":\"https:\\\/\\\/rafaramirez.org\\\/blog\\\/index.php\\\/2024\\\/12\\\/31\\\/nochevieja\\\/#article\",\"isPartOf\":{\"@id\":\"https:\\\/\\\/rafaramirez.org\\\/blog\\\/index.php\\\/2024\\\/12\\\/31\\\/nochevieja\\\/\"},\"author\":{\"name\":\"Rafael Ram\u00edrez\",\"@id\":\"https:\\\/\\\/rafaramirez.org\\\/blog\\\/#\\\/schema\\\/person\\\/50f43b6d60c578760d4c17bda54ab6a5\"},\"headline\":\"Nochevieja, momento para renovar esperanzas.\",\"datePublished\":\"2024-12-31T07:15:05+00:00\",\"mainEntityOfPage\":{\"@id\":\"https:\\\/\\\/rafaramirez.org\\\/blog\\\/index.php\\\/2024\\\/12\\\/31\\\/nochevieja\\\/\"},\"wordCount\":885,\"commentCount\":0,\"publisher\":{\"@id\":\"https:\\\/\\\/rafaramirez.org\\\/blog\\\/#\\\/schema\\\/person\\\/50f43b6d60c578760d4c17bda54ab6a5\"},\"image\":{\"@id\":\"https:\\\/\\\/rafaramirez.org\\\/blog\\\/index.php\\\/2024\\\/12\\\/31\\\/nochevieja\\\/#primaryimage\"},\"thumbnailUrl\":\"https:\\\/\\\/rafaramirez.org\\\/blog\\\/wp-content\\\/uploads\\\/2024\\\/12\\\/Nochevieja_banner.jpg\",\"keywords\":[\"31 de diciembre\",\"blog de Rafael Ram\u00edrez\",\"Celebraci\u00f3n de la Nochevieja\",\"efem\u00e9rides\",\"efem\u00e9rides en diciembre\",\"Historia de la Nochevieja\",\"la Nochevieja en el mundo\",\"Nochevieja\",\"Or\u00edgenes de la Nochevieja\"],\"articleSection\":[\"Efem\u00e9rides\"],\"inLanguage\":\"es\",\"potentialAction\":[{\"@type\":\"CommentAction\",\"name\":\"Comment\",\"target\":[\"https:\\\/\\\/rafaramirez.org\\\/blog\\\/index.php\\\/2024\\\/12\\\/31\\\/nochevieja\\\/#respond\"]}]},{\"@type\":\"WebPage\",\"@id\":\"https:\\\/\\\/rafaramirez.org\\\/blog\\\/index.php\\\/2024\\\/12\\\/31\\\/nochevieja\\\/\",\"url\":\"https:\\\/\\\/rafaramirez.org\\\/blog\\\/index.php\\\/2024\\\/12\\\/31\\\/nochevieja\\\/\",\"name\":\"Nochevieja, momento para renovar esperanzas. - Blog de Rafael Ram\u00edrez\",\"isPartOf\":{\"@id\":\"https:\\\/\\\/rafaramirez.org\\\/blog\\\/#website\"},\"primaryImageOfPage\":{\"@id\":\"https:\\\/\\\/rafaramirez.org\\\/blog\\\/index.php\\\/2024\\\/12\\\/31\\\/nochevieja\\\/#primaryimage\"},\"image\":{\"@id\":\"https:\\\/\\\/rafaramirez.org\\\/blog\\\/index.php\\\/2024\\\/12\\\/31\\\/nochevieja\\\/#primaryimage\"},\"thumbnailUrl\":\"https:\\\/\\\/rafaramirez.org\\\/blog\\\/wp-content\\\/uploads\\\/2024\\\/12\\\/Nochevieja_banner.jpg\",\"datePublished\":\"2024-12-31T07:15:05+00:00\",\"description\":\"La Nochevieja, tambi\u00e9n conocida como la v\u00edspera de A\u00f1o Nuevo, es una celebraci\u00f3n que marca el final de un a\u00f1o y el comienzo de otro.\",\"breadcrumb\":{\"@id\":\"https:\\\/\\\/rafaramirez.org\\\/blog\\\/index.php\\\/2024\\\/12\\\/31\\\/nochevieja\\\/#breadcrumb\"},\"inLanguage\":\"es\",\"potentialAction\":[{\"@type\":\"ReadAction\",\"target\":[\"https:\\\/\\\/rafaramirez.org\\\/blog\\\/index.php\\\/2024\\\/12\\\/31\\\/nochevieja\\\/\"]}]},{\"@type\":\"ImageObject\",\"inLanguage\":\"es\",\"@id\":\"https:\\\/\\\/rafaramirez.org\\\/blog\\\/index.php\\\/2024\\\/12\\\/31\\\/nochevieja\\\/#primaryimage\",\"url\":\"https:\\\/\\\/rafaramirez.org\\\/blog\\\/wp-content\\\/uploads\\\/2024\\\/12\\\/Nochevieja_banner.jpg\",\"contentUrl\":\"https:\\\/\\\/rafaramirez.org\\\/blog\\\/wp-content\\\/uploads\\\/2024\\\/12\\\/Nochevieja_banner.jpg\",\"width\":720,\"height\":440,\"caption\":\"Nochevieja 31 de diciembre. Blog de Rafael Ram\u00edrez.\"},{\"@type\":\"BreadcrumbList\",\"@id\":\"https:\\\/\\\/rafaramirez.org\\\/blog\\\/index.php\\\/2024\\\/12\\\/31\\\/nochevieja\\\/#breadcrumb\",\"itemListElement\":[{\"@type\":\"ListItem\",\"position\":1,\"name\":\"Portada\",\"item\":\"https:\\\/\\\/rafaramirez.org\\\/blog\\\/\"},{\"@type\":\"ListItem\",\"position\":2,\"name\":\"Nochevieja, momento para renovar esperanzas.\"}]},{\"@type\":\"WebSite\",\"@id\":\"https:\\\/\\\/rafaramirez.org\\\/blog\\\/#website\",\"url\":\"https:\\\/\\\/rafaramirez.org\\\/blog\\\/\",\"name\":\"Blog de Rafael Ram\u00edrez\",\"description\":\"Un sitio social, de arte y cultura\",\"publisher\":{\"@id\":\"https:\\\/\\\/rafaramirez.org\\\/blog\\\/#\\\/schema\\\/person\\\/50f43b6d60c578760d4c17bda54ab6a5\"},\"potentialAction\":[{\"@type\":\"SearchAction\",\"target\":{\"@type\":\"EntryPoint\",\"urlTemplate\":\"https:\\\/\\\/rafaramirez.org\\\/blog\\\/?s={search_term_string}\"},\"query-input\":{\"@type\":\"PropertyValueSpecification\",\"valueRequired\":true,\"valueName\":\"search_term_string\"}}],\"inLanguage\":\"es\"},{\"@type\":[\"Person\",\"Organization\"],\"@id\":\"https:\\\/\\\/rafaramirez.org\\\/blog\\\/#\\\/schema\\\/person\\\/50f43b6d60c578760d4c17bda54ab6a5\",\"name\":\"Rafael Ram\u00edrez\",\"image\":{\"@type\":\"ImageObject\",\"inLanguage\":\"es\",\"@id\":\"https:\\\/\\\/rafaramirez.org\\\/blog\\\/wp-content\\\/uploads\\\/2024\\\/09\\\/RR_socialnetwork.jpg\",\"url\":\"https:\\\/\\\/rafaramirez.org\\\/blog\\\/wp-content\\\/uploads\\\/2024\\\/09\\\/RR_socialnetwork.jpg\",\"contentUrl\":\"https:\\\/\\\/rafaramirez.org\\\/blog\\\/wp-content\\\/uploads\\\/2024\\\/09\\\/RR_socialnetwork.jpg\",\"width\":600,\"height\":606,\"caption\":\"Rafael Ram\u00edrez\"},\"logo\":{\"@id\":\"https:\\\/\\\/rafaramirez.org\\\/blog\\\/wp-content\\\/uploads\\\/2024\\\/09\\\/RR_socialnetwork.jpg\"},\"sameAs\":[\"https:\\\/\\\/www.rafaramirez.org\\\/blog\",\"https:\\\/\\\/www.instagram.com\\\/rafaramirez_ok\\\/\",\"https:\\\/\\\/es.pinterest.com\\\/Ramirez_Rafa\\\/\",\"https:\\\/\\\/x.com\\\/rafaramirez_ok\"],\"url\":\"https:\\\/\\\/rafaramirez.org\\\/blog\\\/index.php\\\/author\\\/rafaell_qm6j97da\\\/\"}]}<\/script>\n<!-- \/ Yoast SEO plugin. -->","yoast_head_json":{"title":"Nochevieja, momento para renovar esperanzas. - Blog de Rafael Ram\u00edrez","description":"La Nochevieja, tambi\u00e9n conocida como la v\u00edspera de A\u00f1o Nuevo, es una celebraci\u00f3n que marca el final de un a\u00f1o y el comienzo de otro.","robots":{"index":"index","follow":"follow","max-snippet":"max-snippet:-1","max-image-preview":"max-image-preview:large","max-video-preview":"max-video-preview:-1"},"canonical":"https:\/\/rafaramirez.org\/blog\/index.php\/2024\/12\/31\/nochevieja\/","og_locale":"es_ES","og_type":"article","og_title":"Nochevieja, momento para renovar esperanzas. - Blog de Rafael Ram\u00edrez","og_description":"La Nochevieja, tambi\u00e9n conocida como la v\u00edspera de A\u00f1o Nuevo, es una celebraci\u00f3n que marca el final de un a\u00f1o y el comienzo de otro.","og_url":"https:\/\/rafaramirez.org\/blog\/index.php\/2024\/12\/31\/nochevieja\/","og_site_name":"Blog de Rafael Ram\u00edrez","article_published_time":"2024-12-31T07:15:05+00:00","og_image":[{"width":720,"height":440,"url":"https:\/\/rafaramirez.org\/blog\/wp-content\/uploads\/2024\/12\/Nochevieja_banner.jpg","type":"image\/jpeg"}],"author":"Rafael Ram\u00edrez","twitter_card":"summary_large_image","twitter_creator":"@rafaramirez_ok","twitter_site":"@rafaramirez_ok","twitter_misc":{"Escrito por":"Rafael Ram\u00edrez","Tiempo de lectura":"5 minutos"},"schema":{"@context":"https:\/\/schema.org","@graph":[{"@type":"Article","@id":"https:\/\/rafaramirez.org\/blog\/index.php\/2024\/12\/31\/nochevieja\/#article","isPartOf":{"@id":"https:\/\/rafaramirez.org\/blog\/index.php\/2024\/12\/31\/nochevieja\/"},"author":{"name":"Rafael Ram\u00edrez","@id":"https:\/\/rafaramirez.org\/blog\/#\/schema\/person\/50f43b6d60c578760d4c17bda54ab6a5"},"headline":"Nochevieja, momento para renovar esperanzas.","datePublished":"2024-12-31T07:15:05+00:00","mainEntityOfPage":{"@id":"https:\/\/rafaramirez.org\/blog\/index.php\/2024\/12\/31\/nochevieja\/"},"wordCount":885,"commentCount":0,"publisher":{"@id":"https:\/\/rafaramirez.org\/blog\/#\/schema\/person\/50f43b6d60c578760d4c17bda54ab6a5"},"image":{"@id":"https:\/\/rafaramirez.org\/blog\/index.php\/2024\/12\/31\/nochevieja\/#primaryimage"},"thumbnailUrl":"https:\/\/rafaramirez.org\/blog\/wp-content\/uploads\/2024\/12\/Nochevieja_banner.jpg","keywords":["31 de diciembre","blog de Rafael Ram\u00edrez","Celebraci\u00f3n de la Nochevieja","efem\u00e9rides","efem\u00e9rides en diciembre","Historia de la Nochevieja","la Nochevieja en el mundo","Nochevieja","Or\u00edgenes de la Nochevieja"],"articleSection":["Efem\u00e9rides"],"inLanguage":"es","potentialAction":[{"@type":"CommentAction","name":"Comment","target":["https:\/\/rafaramirez.org\/blog\/index.php\/2024\/12\/31\/nochevieja\/#respond"]}]},{"@type":"WebPage","@id":"https:\/\/rafaramirez.org\/blog\/index.php\/2024\/12\/31\/nochevieja\/","url":"https:\/\/rafaramirez.org\/blog\/index.php\/2024\/12\/31\/nochevieja\/","name":"Nochevieja, momento para renovar esperanzas. - Blog de Rafael Ram\u00edrez","isPartOf":{"@id":"https:\/\/rafaramirez.org\/blog\/#website"},"primaryImageOfPage":{"@id":"https:\/\/rafaramirez.org\/blog\/index.php\/2024\/12\/31\/nochevieja\/#primaryimage"},"image":{"@id":"https:\/\/rafaramirez.org\/blog\/index.php\/2024\/12\/31\/nochevieja\/#primaryimage"},"thumbnailUrl":"https:\/\/rafaramirez.org\/blog\/wp-content\/uploads\/2024\/12\/Nochevieja_banner.jpg","datePublished":"2024-12-31T07:15:05+00:00","description":"La Nochevieja, tambi\u00e9n conocida como la v\u00edspera de A\u00f1o Nuevo, es una celebraci\u00f3n que marca el final de un a\u00f1o y el comienzo de otro.","breadcrumb":{"@id":"https:\/\/rafaramirez.org\/blog\/index.php\/2024\/12\/31\/nochevieja\/#breadcrumb"},"inLanguage":"es","potentialAction":[{"@type":"ReadAction","target":["https:\/\/rafaramirez.org\/blog\/index.php\/2024\/12\/31\/nochevieja\/"]}]},{"@type":"ImageObject","inLanguage":"es","@id":"https:\/\/rafaramirez.org\/blog\/index.php\/2024\/12\/31\/nochevieja\/#primaryimage","url":"https:\/\/rafaramirez.org\/blog\/wp-content\/uploads\/2024\/12\/Nochevieja_banner.jpg","contentUrl":"https:\/\/rafaramirez.org\/blog\/wp-content\/uploads\/2024\/12\/Nochevieja_banner.jpg","width":720,"height":440,"caption":"Nochevieja 31 de diciembre. Blog de Rafael Ram\u00edrez."},{"@type":"BreadcrumbList","@id":"https:\/\/rafaramirez.org\/blog\/index.php\/2024\/12\/31\/nochevieja\/#breadcrumb","itemListElement":[{"@type":"ListItem","position":1,"name":"Portada","item":"https:\/\/rafaramirez.org\/blog\/"},{"@type":"ListItem","position":2,"name":"Nochevieja, momento para renovar esperanzas."}]},{"@type":"WebSite","@id":"https:\/\/rafaramirez.org\/blog\/#website","url":"https:\/\/rafaramirez.org\/blog\/","name":"Blog de Rafael Ram\u00edrez","description":"Un sitio social, de arte y cultura","publisher":{"@id":"https:\/\/rafaramirez.org\/blog\/#\/schema\/person\/50f43b6d60c578760d4c17bda54ab6a5"},"potentialAction":[{"@type":"SearchAction","target":{"@type":"EntryPoint","urlTemplate":"https:\/\/rafaramirez.org\/blog\/?s={search_term_string}"},"query-input":{"@type":"PropertyValueSpecification","valueRequired":true,"valueName":"search_term_string"}}],"inLanguage":"es"},{"@type":["Person","Organization"],"@id":"https:\/\/rafaramirez.org\/blog\/#\/schema\/person\/50f43b6d60c578760d4c17bda54ab6a5","name":"Rafael Ram\u00edrez","image":{"@type":"ImageObject","inLanguage":"es","@id":"https:\/\/rafaramirez.org\/blog\/wp-content\/uploads\/2024\/09\/RR_socialnetwork.jpg","url":"https:\/\/rafaramirez.org\/blog\/wp-content\/uploads\/2024\/09\/RR_socialnetwork.jpg","contentUrl":"https:\/\/rafaramirez.org\/blog\/wp-content\/uploads\/2024\/09\/RR_socialnetwork.jpg","width":600,"height":606,"caption":"Rafael Ram\u00edrez"},"logo":{"@id":"https:\/\/rafaramirez.org\/blog\/wp-content\/uploads\/2024\/09\/RR_socialnetwork.jpg"},"sameAs":["https:\/\/www.rafaramirez.org\/blog","https:\/\/www.instagram.com\/rafaramirez_ok\/","https:\/\/es.pinterest.com\/Ramirez_Rafa\/","https:\/\/x.com\/rafaramirez_ok"],"url":"https:\/\/rafaramirez.org\/blog\/index.php\/author\/rafaell_qm6j97da\/"}]}},"jetpack_publicize_connections":[],"jetpack_sharing_enabled":true,"jetpack_likes_enabled":true,"jetpack_featured_media_url":"https:\/\/rafaramirez.org\/blog\/wp-content\/uploads\/2024\/12\/Nochevieja_banner.jpg","_links":{"self":[{"href":"https:\/\/rafaramirez.org\/blog\/index.php\/wp-json\/wp\/v2\/posts\/7538","targetHints":{"allow":["GET"]}}],"collection":[{"href":"https:\/\/rafaramirez.org\/blog\/index.php\/wp-json\/wp\/v2\/posts"}],"about":[{"href":"https:\/\/rafaramirez.org\/blog\/index.php\/wp-json\/wp\/v2\/types\/post"}],"author":[{"embeddable":true,"href":"https:\/\/rafaramirez.org\/blog\/index.php\/wp-json\/wp\/v2\/users\/1"}],"replies":[{"embeddable":true,"href":"https:\/\/rafaramirez.org\/blog\/index.php\/wp-json\/wp\/v2\/comments?post=7538"}],"version-history":[{"count":5,"href":"https:\/\/rafaramirez.org\/blog\/index.php\/wp-json\/wp\/v2\/posts\/7538\/revisions"}],"predecessor-version":[{"id":7547,"href":"https:\/\/rafaramirez.org\/blog\/index.php\/wp-json\/wp\/v2\/posts\/7538\/revisions\/7547"}],"wp:featuredmedia":[{"embeddable":true,"href":"https:\/\/rafaramirez.org\/blog\/index.php\/wp-json\/wp\/v2\/media\/7543"}],"wp:attachment":[{"href":"https:\/\/rafaramirez.org\/blog\/index.php\/wp-json\/wp\/v2\/media?parent=7538"}],"wp:term":[{"taxonomy":"category","embeddable":true,"href":"https:\/\/rafaramirez.org\/blog\/index.php\/wp-json\/wp\/v2\/categories?post=7538"},{"taxonomy":"post_tag","embeddable":true,"href":"https:\/\/rafaramirez.org\/blog\/index.php\/wp-json\/wp\/v2\/tags?post=7538"}],"curies":[{"name":"wp","href":"https:\/\/api.w.org\/{rel}","templated":true}]}}