{"id":753,"date":"2024-08-06T08:15:15","date_gmt":"2024-08-06T06:15:15","guid":{"rendered":"http:\/\/blog.rafaramirez.org\/?p=753"},"modified":"2024-07-13T18:45:20","modified_gmt":"2024-07-13T16:45:20","slug":"mandarina","status":"publish","type":"post","link":"https:\/\/rafaramirez.org\/blog\/index.php\/2024\/08\/06\/mandarina\/","title":{"rendered":"Mandarina: Aqu\u00ed est\u00e1n sus or\u00edgenes y su historia."},"content":{"rendered":"<p>Buenos d\u00edas, hoy en el proyecto de palabras bonitas una que me encanta: <strong>Mandarina.\u00a0<\/strong><\/p>\n<p>La palabra \u201cmandarina\u201d tiene un origen interesante y est\u00e1 relacionada con la historia y la cultura de China. Proviene del portugu\u00e9s \u201cmandarim\u201d, que se refiere a los mandarines, altos funcionarios de la China Imperial.\u00a0Estos mandarines vest\u00edan trajes de color anaranjado, similar al color de la fruta.<\/p>\n<p>La mandarina es originaria de las zonas tropicales de Asia, especialmente de China e Indochina.\u00a0Su cultivo se introdujo en Europa en el siglo XIX.\u00a0En algunos lugares, tambi\u00e9n se le conoce como \u201ctangerina\u201d, debido a que se importaba desde la ciudad marroqu\u00ed de T\u00e1nger.<\/p>\n<h3>Diferencias con la naranja.<\/h3>\n<p>Aunque las mandarinas y las naranjas son frutas c\u00edtricas y comparten muchas similitudes, tambi\u00e9n tienen varias diferencias notables:<\/p>\n<ol>\n<li><strong>Tama\u00f1o y forma<\/strong>: Las naranjas suelen ser m\u00e1s grandes y redondeadas, mientras que las mandarinas son m\u00e1s peque\u00f1as y a menudo tienen una forma m\u00e1s aplanada.<\/li>\n<li><strong>C\u00e1scara<\/strong>: La c\u00e1scara de la mandarina es m\u00e1s delgada y f\u00e1cil de pelar, mientras que la de la naranja es m\u00e1s gruesa y suele estar m\u00e1s adherida a la pulpa.<\/li>\n<li><strong>Gajos<\/strong>: Los gajos de la mandarina se separan con mayor facilidad y son m\u00e1s peque\u00f1os en comparaci\u00f3n con los de la naranja.<\/li>\n<li><strong>Sabor<\/strong>: Las mandarinas suelen ser m\u00e1s dulces y menos \u00e1cidas que las naranjas.\u00a0Las naranjas pueden variar en sabor desde muy dulces hasta bastante \u00e1cidas, dependiendo de la variedad.<\/li>\n<li><strong>Nutrientes<\/strong>: Ambas frutas son ricas en vitamina C, pero las naranjas suelen tener una mayor cantidad de esta vitamina.\u00a0Por otro lado, las mandarinas contienen m\u00e1s vitamina A.<\/li>\n<li><strong>Usos<\/strong>: Las naranjas se utilizan frecuentemente para hacer zumos debido a su alto contenido de jugo, mientras que las mandarinas se consumen m\u00e1s com\u00fanmente como fruta fresca debido a su facilidad para pelarlas.<\/li>\n<\/ol>\n<p><strong>\u00a0\u00bfQu\u00e9 te parece la palabra \u00abMandarina? Espero que te haya gustado la palabra propuesta y su historia. Puedes dejar tus comentarios debajo del post \u00a1Saludos!<\/strong><\/p>\n<p>M\u00e1s informaci\u00f3n:<\/p>\n<ul>\n<li><a href=\"https:\/\/etimologias.dechile.net\/?mandarina\" target=\"_blank\" rel=\"noopener\">Etimolog\u00edas de Chile.net<\/a><\/li>\n<li><a href=\"https:\/\/es.wikipedia.org\/wiki\/Mandarina\" target=\"_blank\" rel=\"noopener\">Wikipedia.org<\/a><\/li>\n<li><a href=\"https:\/\/blog.lengua-e.com\/2007\/etimologia-de-mandarina\/\" target=\"_blank\" rel=\"noopener\">Blog Lengua-e.com<\/a><\/li>\n<li><a href=\"https:\/\/alimentospedia.com\/mandarina-o-naranja-diferencias-beneficios-y-formas-de-consumo\/\" target=\"_blank\" rel=\"noopener\">Alimentospedia.com<\/a><\/li>\n<li><a href=\"https:\/\/camposdeazahar.es\/naranjas-y-mandarinas-diferencias\/\" target=\"_blank\" rel=\"noopener\">Campos de Azahar.es<\/a><\/li>\n<\/ul>\n","protected":false},"excerpt":{"rendered":"<p>Buenos d\u00edas, hoy en el proyecto de palabras bonitas una que me encanta: Mandarina.\u00a0 La palabra \u201cmandarina\u201d tiene un origen interesante y est\u00e1 relacionada con la historia y la cultura de China. Proviene del portugu\u00e9s \u201cmandarim\u201d, que se refiere a los mandarines, altos funcionarios de la China Imperial.\u00a0Estos mandarines vest\u00edan trajes de color anaranjado, similar [&hellip;]<\/p>\n","protected":false},"author":1,"featured_media":2381,"comment_status":"open","ping_status":"closed","sticky":false,"template":"","format":"standard","meta":{"site-container-style":"default","site-container-layout":"default","site-sidebar-layout":"default","disable-article-header":"default","disable-site-header":"default","disable-site-footer":"default","disable-content-area-spacing":"default","_jetpack_newsletter_access":"","_jetpack_dont_email_post_to_subs":true,"_jetpack_newsletter_tier_id":0,"_jetpack_memberships_contains_paywalled_content":false,"_jetpack_feature_clip_id":0,"_jetpack_memberships_contains_paid_content":false,"footnotes":"","jetpack_publicize_message":"","jetpack_publicize_feature_enabled":true,"jetpack_social_post_already_shared":true,"jetpack_social_options":{"image_generator_settings":{"template":"highway","default_image_id":0,"font":"","enabled":false},"version":2},"jetpack_post_was_ever_published":false},"categories":[581],"tags":[2914,2267,139,1415,2916,2912,279,2913,2918,346,2750,1603,1855,2917,2915],"class_list":["post-753","post","type-post","status-publish","format-standard","has-post-thumbnail","hentry","category-palabras-bonitas","tag-altos-funcionarios-de-la-china-imperial","tag-china","tag-destacado","tag-europa","tag-indochina","tag-mandarim","tag-mandarina","tag-mandarines","tag-marroqui","tag-palabras-bonitas","tag-portugues","tag-siglo-xix","tag-tanger","tag-tangerina","tag-zonas-tropicales-de-asia"],"yoast_head":"<!-- This site is optimized with the Yoast SEO plugin v28.4 - https:\/\/yoast.com\/product\/yoast-seo-wordpress\/ -->\n<title>Mandarina: Aqu\u00ed est\u00e1n sus or\u00edgenes y su historia. - Blog de Rafael Ram\u00edrez<\/title>\n<meta name=\"robots\" content=\"index, follow, max-snippet:-1, max-image-preview:large, max-video-preview:-1\" \/>\n<link rel=\"canonical\" href=\"https:\/\/rafaramirez.org\/blog\/index.php\/2024\/08\/06\/mandarina\/\" \/>\n<meta property=\"og:locale\" content=\"es_ES\" \/>\n<meta property=\"og:type\" content=\"article\" \/>\n<meta property=\"og:title\" content=\"Mandarina: Aqu\u00ed est\u00e1n sus or\u00edgenes y su historia. - Blog de Rafael Ram\u00edrez\" \/>\n<meta property=\"og:description\" content=\"Buenos d\u00edas, hoy en el proyecto de palabras bonitas una que me encanta: Mandarina.\u00a0 La palabra \u201cmandarina\u201d tiene un origen interesante y est\u00e1 relacionada con la historia y la cultura de China. Proviene del portugu\u00e9s \u201cmandarim\u201d, que se refiere a los mandarines, altos funcionarios de la China Imperial.\u00a0Estos mandarines vest\u00edan trajes de color anaranjado, similar [&hellip;]\" \/>\n<meta property=\"og:url\" content=\"https:\/\/rafaramirez.org\/blog\/index.php\/2024\/08\/06\/mandarina\/\" \/>\n<meta property=\"og:site_name\" content=\"Blog de Rafael Ram\u00edrez\" \/>\n<meta property=\"article:published_time\" content=\"2024-08-06T06:15:15+00:00\" \/>\n<meta property=\"og:image\" content=\"https:\/\/rafaramirez.org\/blog\/wp-content\/uploads\/2014\/10\/1981810_3779130452749_1555461948_n-625x372-1.jpg\" \/>\n\t<meta property=\"og:image:width\" content=\"625\" \/>\n\t<meta property=\"og:image:height\" content=\"372\" \/>\n\t<meta property=\"og:image:type\" content=\"image\/jpeg\" \/>\n<meta name=\"author\" content=\"Rafael Ram\u00edrez\" \/>\n<meta name=\"twitter:card\" content=\"summary_large_image\" \/>\n<meta name=\"twitter:creator\" content=\"@rafaramirez_ok\" \/>\n<meta name=\"twitter:site\" content=\"@rafaramirez_ok\" \/>\n<meta name=\"twitter:label1\" content=\"Escrito por\" \/>\n\t<meta name=\"twitter:data1\" content=\"Rafael Ram\u00edrez\" \/>\n\t<meta name=\"twitter:label2\" content=\"Tiempo de lectura\" \/>\n\t<meta name=\"twitter:data2\" content=\"2 minutos\" \/>\n<script type=\"application\/ld+json\" class=\"yoast-schema-graph\">{\"@context\":\"https:\\\/\\\/schema.org\",\"@graph\":[{\"@type\":\"Article\",\"@id\":\"https:\\\/\\\/rafaramirez.org\\\/blog\\\/index.php\\\/2024\\\/08\\\/06\\\/mandarina\\\/#article\",\"isPartOf\":{\"@id\":\"https:\\\/\\\/rafaramirez.org\\\/blog\\\/index.php\\\/2024\\\/08\\\/06\\\/mandarina\\\/\"},\"author\":{\"name\":\"Rafael Ram\u00edrez\",\"@id\":\"https:\\\/\\\/rafaramirez.org\\\/blog\\\/#\\\/schema\\\/person\\\/50f43b6d60c578760d4c17bda54ab6a5\"},\"headline\":\"Mandarina: Aqu\u00ed est\u00e1n sus or\u00edgenes y su historia.\",\"datePublished\":\"2024-08-06T06:15:15+00:00\",\"mainEntityOfPage\":{\"@id\":\"https:\\\/\\\/rafaramirez.org\\\/blog\\\/index.php\\\/2024\\\/08\\\/06\\\/mandarina\\\/\"},\"wordCount\":376,\"commentCount\":0,\"publisher\":{\"@id\":\"https:\\\/\\\/rafaramirez.org\\\/blog\\\/#\\\/schema\\\/person\\\/50f43b6d60c578760d4c17bda54ab6a5\"},\"image\":{\"@id\":\"https:\\\/\\\/rafaramirez.org\\\/blog\\\/index.php\\\/2024\\\/08\\\/06\\\/mandarina\\\/#primaryimage\"},\"thumbnailUrl\":\"https:\\\/\\\/rafaramirez.org\\\/blog\\\/wp-content\\\/uploads\\\/2014\\\/10\\\/1981810_3779130452749_1555461948_n-625x372-1.jpg\",\"keywords\":[\"altos funcionarios de la China Imperial\",\"China\",\"destacado\",\"Europa\",\"Indochina\",\"mandarim\",\"mandarina\",\"mandarines\",\"marroqu\u00ed\",\"palabras bonitas\",\"portugu\u00e9s\",\"siglo XIX\",\"T\u00e1nger\",\"tangerina\",\"zonas tropicales de Asia\"],\"articleSection\":[\"Proyecto Palabras Bonitas\"],\"inLanguage\":\"es\",\"potentialAction\":[{\"@type\":\"CommentAction\",\"name\":\"Comment\",\"target\":[\"https:\\\/\\\/rafaramirez.org\\\/blog\\\/index.php\\\/2024\\\/08\\\/06\\\/mandarina\\\/#respond\"]}]},{\"@type\":\"WebPage\",\"@id\":\"https:\\\/\\\/rafaramirez.org\\\/blog\\\/index.php\\\/2024\\\/08\\\/06\\\/mandarina\\\/\",\"url\":\"https:\\\/\\\/rafaramirez.org\\\/blog\\\/index.php\\\/2024\\\/08\\\/06\\\/mandarina\\\/\",\"name\":\"Mandarina: Aqu\u00ed est\u00e1n sus or\u00edgenes y su historia. - Blog de Rafael Ram\u00edrez\",\"isPartOf\":{\"@id\":\"https:\\\/\\\/rafaramirez.org\\\/blog\\\/#website\"},\"primaryImageOfPage\":{\"@id\":\"https:\\\/\\\/rafaramirez.org\\\/blog\\\/index.php\\\/2024\\\/08\\\/06\\\/mandarina\\\/#primaryimage\"},\"image\":{\"@id\":\"https:\\\/\\\/rafaramirez.org\\\/blog\\\/index.php\\\/2024\\\/08\\\/06\\\/mandarina\\\/#primaryimage\"},\"thumbnailUrl\":\"https:\\\/\\\/rafaramirez.org\\\/blog\\\/wp-content\\\/uploads\\\/2014\\\/10\\\/1981810_3779130452749_1555461948_n-625x372-1.jpg\",\"datePublished\":\"2024-08-06T06:15:15+00:00\",\"breadcrumb\":{\"@id\":\"https:\\\/\\\/rafaramirez.org\\\/blog\\\/index.php\\\/2024\\\/08\\\/06\\\/mandarina\\\/#breadcrumb\"},\"inLanguage\":\"es\",\"potentialAction\":[{\"@type\":\"ReadAction\",\"target\":[\"https:\\\/\\\/rafaramirez.org\\\/blog\\\/index.php\\\/2024\\\/08\\\/06\\\/mandarina\\\/\"]}]},{\"@type\":\"ImageObject\",\"inLanguage\":\"es\",\"@id\":\"https:\\\/\\\/rafaramirez.org\\\/blog\\\/index.php\\\/2024\\\/08\\\/06\\\/mandarina\\\/#primaryimage\",\"url\":\"https:\\\/\\\/rafaramirez.org\\\/blog\\\/wp-content\\\/uploads\\\/2014\\\/10\\\/1981810_3779130452749_1555461948_n-625x372-1.jpg\",\"contentUrl\":\"https:\\\/\\\/rafaramirez.org\\\/blog\\\/wp-content\\\/uploads\\\/2014\\\/10\\\/1981810_3779130452749_1555461948_n-625x372-1.jpg\",\"width\":625,\"height\":372},{\"@type\":\"BreadcrumbList\",\"@id\":\"https:\\\/\\\/rafaramirez.org\\\/blog\\\/index.php\\\/2024\\\/08\\\/06\\\/mandarina\\\/#breadcrumb\",\"itemListElement\":[{\"@type\":\"ListItem\",\"position\":1,\"name\":\"Portada\",\"item\":\"https:\\\/\\\/rafaramirez.org\\\/blog\\\/\"},{\"@type\":\"ListItem\",\"position\":2,\"name\":\"Mandarina: Aqu\u00ed est\u00e1n sus or\u00edgenes y su historia.\"}]},{\"@type\":\"WebSite\",\"@id\":\"https:\\\/\\\/rafaramirez.org\\\/blog\\\/#website\",\"url\":\"https:\\\/\\\/rafaramirez.org\\\/blog\\\/\",\"name\":\"Blog de Rafael Ram\u00edrez\",\"description\":\"Un sitio social, de arte y cultura\",\"publisher\":{\"@id\":\"https:\\\/\\\/rafaramirez.org\\\/blog\\\/#\\\/schema\\\/person\\\/50f43b6d60c578760d4c17bda54ab6a5\"},\"potentialAction\":[{\"@type\":\"SearchAction\",\"target\":{\"@type\":\"EntryPoint\",\"urlTemplate\":\"https:\\\/\\\/rafaramirez.org\\\/blog\\\/?s={search_term_string}\"},\"query-input\":{\"@type\":\"PropertyValueSpecification\",\"valueRequired\":true,\"valueName\":\"search_term_string\"}}],\"inLanguage\":\"es\"},{\"@type\":[\"Person\",\"Organization\"],\"@id\":\"https:\\\/\\\/rafaramirez.org\\\/blog\\\/#\\\/schema\\\/person\\\/50f43b6d60c578760d4c17bda54ab6a5\",\"name\":\"Rafael Ram\u00edrez\",\"image\":{\"@type\":\"ImageObject\",\"inLanguage\":\"es\",\"@id\":\"https:\\\/\\\/rafaramirez.org\\\/blog\\\/wp-content\\\/uploads\\\/2024\\\/09\\\/RR_socialnetwork.jpg\",\"url\":\"https:\\\/\\\/rafaramirez.org\\\/blog\\\/wp-content\\\/uploads\\\/2024\\\/09\\\/RR_socialnetwork.jpg\",\"contentUrl\":\"https:\\\/\\\/rafaramirez.org\\\/blog\\\/wp-content\\\/uploads\\\/2024\\\/09\\\/RR_socialnetwork.jpg\",\"width\":600,\"height\":606,\"caption\":\"Rafael Ram\u00edrez\"},\"logo\":{\"@id\":\"https:\\\/\\\/rafaramirez.org\\\/blog\\\/wp-content\\\/uploads\\\/2024\\\/09\\\/RR_socialnetwork.jpg\"},\"sameAs\":[\"https:\\\/\\\/www.rafaramirez.org\\\/blog\",\"https:\\\/\\\/www.instagram.com\\\/rafaramirez_ok\\\/\",\"https:\\\/\\\/es.pinterest.com\\\/Ramirez_Rafa\\\/\",\"https:\\\/\\\/x.com\\\/rafaramirez_ok\"],\"url\":\"https:\\\/\\\/rafaramirez.org\\\/blog\\\/index.php\\\/author\\\/rafaell_qm6j97da\\\/\"}]}<\/script>\n<!-- \/ Yoast SEO plugin. -->","yoast_head_json":{"title":"Mandarina: Aqu\u00ed est\u00e1n sus or\u00edgenes y su historia. - Blog de Rafael Ram\u00edrez","robots":{"index":"index","follow":"follow","max-snippet":"max-snippet:-1","max-image-preview":"max-image-preview:large","max-video-preview":"max-video-preview:-1"},"canonical":"https:\/\/rafaramirez.org\/blog\/index.php\/2024\/08\/06\/mandarina\/","og_locale":"es_ES","og_type":"article","og_title":"Mandarina: Aqu\u00ed est\u00e1n sus or\u00edgenes y su historia. - Blog de Rafael Ram\u00edrez","og_description":"Buenos d\u00edas, hoy en el proyecto de palabras bonitas una que me encanta: Mandarina.\u00a0 La palabra \u201cmandarina\u201d tiene un origen interesante y est\u00e1 relacionada con la historia y la cultura de China. Proviene del portugu\u00e9s \u201cmandarim\u201d, que se refiere a los mandarines, altos funcionarios de la China Imperial.\u00a0Estos mandarines vest\u00edan trajes de color anaranjado, similar [&hellip;]","og_url":"https:\/\/rafaramirez.org\/blog\/index.php\/2024\/08\/06\/mandarina\/","og_site_name":"Blog de Rafael Ram\u00edrez","article_published_time":"2024-08-06T06:15:15+00:00","og_image":[{"width":625,"height":372,"url":"https:\/\/rafaramirez.org\/blog\/wp-content\/uploads\/2014\/10\/1981810_3779130452749_1555461948_n-625x372-1.jpg","type":"image\/jpeg"}],"author":"Rafael Ram\u00edrez","twitter_card":"summary_large_image","twitter_creator":"@rafaramirez_ok","twitter_site":"@rafaramirez_ok","twitter_misc":{"Escrito por":"Rafael Ram\u00edrez","Tiempo de lectura":"2 minutos"},"schema":{"@context":"https:\/\/schema.org","@graph":[{"@type":"Article","@id":"https:\/\/rafaramirez.org\/blog\/index.php\/2024\/08\/06\/mandarina\/#article","isPartOf":{"@id":"https:\/\/rafaramirez.org\/blog\/index.php\/2024\/08\/06\/mandarina\/"},"author":{"name":"Rafael Ram\u00edrez","@id":"https:\/\/rafaramirez.org\/blog\/#\/schema\/person\/50f43b6d60c578760d4c17bda54ab6a5"},"headline":"Mandarina: Aqu\u00ed est\u00e1n sus or\u00edgenes y su historia.","datePublished":"2024-08-06T06:15:15+00:00","mainEntityOfPage":{"@id":"https:\/\/rafaramirez.org\/blog\/index.php\/2024\/08\/06\/mandarina\/"},"wordCount":376,"commentCount":0,"publisher":{"@id":"https:\/\/rafaramirez.org\/blog\/#\/schema\/person\/50f43b6d60c578760d4c17bda54ab6a5"},"image":{"@id":"https:\/\/rafaramirez.org\/blog\/index.php\/2024\/08\/06\/mandarina\/#primaryimage"},"thumbnailUrl":"https:\/\/rafaramirez.org\/blog\/wp-content\/uploads\/2014\/10\/1981810_3779130452749_1555461948_n-625x372-1.jpg","keywords":["altos funcionarios de la China Imperial","China","destacado","Europa","Indochina","mandarim","mandarina","mandarines","marroqu\u00ed","palabras bonitas","portugu\u00e9s","siglo XIX","T\u00e1nger","tangerina","zonas tropicales de Asia"],"articleSection":["Proyecto Palabras Bonitas"],"inLanguage":"es","potentialAction":[{"@type":"CommentAction","name":"Comment","target":["https:\/\/rafaramirez.org\/blog\/index.php\/2024\/08\/06\/mandarina\/#respond"]}]},{"@type":"WebPage","@id":"https:\/\/rafaramirez.org\/blog\/index.php\/2024\/08\/06\/mandarina\/","url":"https:\/\/rafaramirez.org\/blog\/index.php\/2024\/08\/06\/mandarina\/","name":"Mandarina: Aqu\u00ed est\u00e1n sus or\u00edgenes y su historia. - Blog de Rafael Ram\u00edrez","isPartOf":{"@id":"https:\/\/rafaramirez.org\/blog\/#website"},"primaryImageOfPage":{"@id":"https:\/\/rafaramirez.org\/blog\/index.php\/2024\/08\/06\/mandarina\/#primaryimage"},"image":{"@id":"https:\/\/rafaramirez.org\/blog\/index.php\/2024\/08\/06\/mandarina\/#primaryimage"},"thumbnailUrl":"https:\/\/rafaramirez.org\/blog\/wp-content\/uploads\/2014\/10\/1981810_3779130452749_1555461948_n-625x372-1.jpg","datePublished":"2024-08-06T06:15:15+00:00","breadcrumb":{"@id":"https:\/\/rafaramirez.org\/blog\/index.php\/2024\/08\/06\/mandarina\/#breadcrumb"},"inLanguage":"es","potentialAction":[{"@type":"ReadAction","target":["https:\/\/rafaramirez.org\/blog\/index.php\/2024\/08\/06\/mandarina\/"]}]},{"@type":"ImageObject","inLanguage":"es","@id":"https:\/\/rafaramirez.org\/blog\/index.php\/2024\/08\/06\/mandarina\/#primaryimage","url":"https:\/\/rafaramirez.org\/blog\/wp-content\/uploads\/2014\/10\/1981810_3779130452749_1555461948_n-625x372-1.jpg","contentUrl":"https:\/\/rafaramirez.org\/blog\/wp-content\/uploads\/2014\/10\/1981810_3779130452749_1555461948_n-625x372-1.jpg","width":625,"height":372},{"@type":"BreadcrumbList","@id":"https:\/\/rafaramirez.org\/blog\/index.php\/2024\/08\/06\/mandarina\/#breadcrumb","itemListElement":[{"@type":"ListItem","position":1,"name":"Portada","item":"https:\/\/rafaramirez.org\/blog\/"},{"@type":"ListItem","position":2,"name":"Mandarina: Aqu\u00ed est\u00e1n sus or\u00edgenes y su historia."}]},{"@type":"WebSite","@id":"https:\/\/rafaramirez.org\/blog\/#website","url":"https:\/\/rafaramirez.org\/blog\/","name":"Blog de Rafael Ram\u00edrez","description":"Un sitio social, de arte y cultura","publisher":{"@id":"https:\/\/rafaramirez.org\/blog\/#\/schema\/person\/50f43b6d60c578760d4c17bda54ab6a5"},"potentialAction":[{"@type":"SearchAction","target":{"@type":"EntryPoint","urlTemplate":"https:\/\/rafaramirez.org\/blog\/?s={search_term_string}"},"query-input":{"@type":"PropertyValueSpecification","valueRequired":true,"valueName":"search_term_string"}}],"inLanguage":"es"},{"@type":["Person","Organization"],"@id":"https:\/\/rafaramirez.org\/blog\/#\/schema\/person\/50f43b6d60c578760d4c17bda54ab6a5","name":"Rafael Ram\u00edrez","image":{"@type":"ImageObject","inLanguage":"es","@id":"https:\/\/rafaramirez.org\/blog\/wp-content\/uploads\/2024\/09\/RR_socialnetwork.jpg","url":"https:\/\/rafaramirez.org\/blog\/wp-content\/uploads\/2024\/09\/RR_socialnetwork.jpg","contentUrl":"https:\/\/rafaramirez.org\/blog\/wp-content\/uploads\/2024\/09\/RR_socialnetwork.jpg","width":600,"height":606,"caption":"Rafael Ram\u00edrez"},"logo":{"@id":"https:\/\/rafaramirez.org\/blog\/wp-content\/uploads\/2024\/09\/RR_socialnetwork.jpg"},"sameAs":["https:\/\/www.rafaramirez.org\/blog","https:\/\/www.instagram.com\/rafaramirez_ok\/","https:\/\/es.pinterest.com\/Ramirez_Rafa\/","https:\/\/x.com\/rafaramirez_ok"],"url":"https:\/\/rafaramirez.org\/blog\/index.php\/author\/rafaell_qm6j97da\/"}]}},"jetpack_publicize_connections":[],"jetpack_sharing_enabled":true,"jetpack_likes_enabled":true,"jetpack_featured_media_url":"https:\/\/rafaramirez.org\/blog\/wp-content\/uploads\/2014\/10\/1981810_3779130452749_1555461948_n-625x372-1.jpg","_links":{"self":[{"href":"https:\/\/rafaramirez.org\/blog\/index.php\/wp-json\/wp\/v2\/posts\/753","targetHints":{"allow":["GET"]}}],"collection":[{"href":"https:\/\/rafaramirez.org\/blog\/index.php\/wp-json\/wp\/v2\/posts"}],"about":[{"href":"https:\/\/rafaramirez.org\/blog\/index.php\/wp-json\/wp\/v2\/types\/post"}],"author":[{"embeddable":true,"href":"https:\/\/rafaramirez.org\/blog\/index.php\/wp-json\/wp\/v2\/users\/1"}],"replies":[{"embeddable":true,"href":"https:\/\/rafaramirez.org\/blog\/index.php\/wp-json\/wp\/v2\/comments?post=753"}],"version-history":[{"count":5,"href":"https:\/\/rafaramirez.org\/blog\/index.php\/wp-json\/wp\/v2\/posts\/753\/revisions"}],"predecessor-version":[{"id":5287,"href":"https:\/\/rafaramirez.org\/blog\/index.php\/wp-json\/wp\/v2\/posts\/753\/revisions\/5287"}],"wp:featuredmedia":[{"embeddable":true,"href":"https:\/\/rafaramirez.org\/blog\/index.php\/wp-json\/wp\/v2\/media\/2381"}],"wp:attachment":[{"href":"https:\/\/rafaramirez.org\/blog\/index.php\/wp-json\/wp\/v2\/media?parent=753"}],"wp:term":[{"taxonomy":"category","embeddable":true,"href":"https:\/\/rafaramirez.org\/blog\/index.php\/wp-json\/wp\/v2\/categories?post=753"},{"taxonomy":"post_tag","embeddable":true,"href":"https:\/\/rafaramirez.org\/blog\/index.php\/wp-json\/wp\/v2\/tags?post=753"}],"curies":[{"name":"wp","href":"https:\/\/api.w.org\/{rel}","templated":true}]}}