{"id":7521,"date":"2024-12-30T08:15:29","date_gmt":"2024-12-30T07:15:29","guid":{"rendered":"https:\/\/rafaramirez.org\/blog\/?p=7521"},"modified":"2024-12-30T18:43:32","modified_gmt":"2024-12-30T17:43:32","slug":"la-gran-familia-pelicula","status":"publish","type":"post","link":"https:\/\/rafaramirez.org\/blog\/index.php\/2024\/12\/30\/la-gran-familia-pelicula\/","title":{"rendered":"\u00abLa gran familia\u00bb, pel\u00edcula de marcado car\u00e1cter familiar y navide\u00f1o."},"content":{"rendered":"<p>Sigo recomend\u00e1ndote pel\u00edculas navide\u00f1as para estas fiestas y hoy te traigo <strong>\u00abLa gran familia\u00bb<\/strong>. Se trata de una pel\u00edcula espa\u00f1ola de 1962 dirigida por Fernando Palacios. Es una comedia entra\u00f1able que narra las aventuras y desventuras de una familia numerosa. La historia sigue a Carlos Alonso, interpretado por Alberto Closas, y a su esposa Mercedes, interpretada por Amparo Soler Leal, quienes tienen quince hijos. La pel\u00edcula destaca por su humor y por reflejar la vida cotidiana de una familia espa\u00f1ola de la \u00e9poca.<\/p>\n<p>Uno de los momentos m\u00e1s memorables es la escena en la que el personaje de Chencho, el m\u00e1s peque\u00f1o de los hijos, se pierde en la Plaza Mayor de Madrid durante las fiestas navide\u00f1as. Esta escena se ha convertido en un cl\u00e1sico del cine espa\u00f1ol.<\/p>\n<p>La gran familia fue muy popular en su tiempo y dio lugar a varias secuelas, incluyendo \u00ab<strong>La familia y uno m\u00e1s\u00bb<\/strong> (1965) y \u00ab<strong>La familia, bien, gracias\u00bb<\/strong> (1979). La pel\u00edcula es un retrato nost\u00e1lgico y cari\u00f1oso de la vida familiar y sigue siendo querida por muchas generaciones de espectadores.<\/p>\n<figure id=\"attachment_7530\" aria-describedby=\"caption-attachment-7530\" style=\"width: 300px\" class=\"wp-caption aligncenter\"><a href=\"https:\/\/rafaramirez.org\/blog\/wp-content\/uploads\/2024\/12\/La_gran_familia_1_ok.jpg\" target=\"_blank\" rel=\"noopener\"><img loading=\"lazy\" decoding=\"async\" class=\"wp-image-7530 size-medium\" src=\"https:\/\/rafaramirez.org\/blog\/wp-content\/uploads\/2024\/12\/La_gran_familia_1_ok-300x188.jpg\" alt=\"Escena de &quot;La gran familia&quot; (1962). Blog de Rafael Ram\u00edrez.\" width=\"300\" height=\"188\" srcset=\"https:\/\/rafaramirez.org\/blog\/wp-content\/uploads\/2024\/12\/La_gran_familia_1_ok-300x188.jpg 300w, https:\/\/rafaramirez.org\/blog\/wp-content\/uploads\/2024\/12\/La_gran_familia_1_ok-768x480.jpg 768w, https:\/\/rafaramirez.org\/blog\/wp-content\/uploads\/2024\/12\/La_gran_familia_1_ok.jpg 1000w\" sizes=\"auto, (max-width: 300px) 100vw, 300px\" \/><\/a><figcaption id=\"caption-attachment-7530\" class=\"wp-caption-text\">Escena de \u00abLa gran familia\u00bb (1962). Blog de Rafael Ram\u00edrez.<\/figcaption><\/figure>\n<h3>Detr\u00e1s del rodaje de \u00abLa gran familia\u00bb.<\/h3>\n<p>\u00abLa gran familia\u00bb se rod\u00f3 en varias localizaciones de Madrid, siendo una de las m\u00e1s ic\u00f3nicas la Plaza Mayor, donde se film\u00f3 la famosa escena con Chencho durante el mercadillo navide\u00f1o.<\/p>\n<p>A continuaci\u00f3n, te cuento algunas curiosidades y an\u00e9cdotas sobre el rodaje:<\/p>\n<ul>\n<li><strong>La Plaza Mayor:<\/strong> La escena en la que Chencho se pierde en la Plaza Mayor es una de las m\u00e1s recordadas del cine espa\u00f1ol. El rodaje tuvo lugar durante la \u00e9poca navide\u00f1a, lo que contribuy\u00f3 a crear una ambientaci\u00f3n aut\u00e9ntica.<\/li>\n<li><strong>El reparto:<\/strong> El reparto de la pel\u00edcula estaba formado por grandes actores de la \u00e9poca como Alberto Closas, Amparo Soler Leal, Jos\u00e9 Isbert y Jos\u00e9 Luis L\u00f3pez V\u00e1zquez. La qu\u00edmica entre los actores fue clave para el \u00e9xito de la pel\u00edcula.<\/li>\n<li><strong>El impacto cultural:<\/strong> La pel\u00edcula tuvo un gran impacto en la sociedad espa\u00f1ola de los a\u00f1os sesenta y se convirti\u00f3 en un referente del cine familiar. Su \u00e9xito fue tal que dio lugar a varias secuelas y sigue siendo recordada con cari\u00f1o por muchas generaciones.<\/li>\n<li><strong>El presupuesto:<\/strong> La pel\u00edcula tuvo un presupuesto de 6.300.000 pesetas, una cifra considerable para la \u00e9poca.<\/li>\n<\/ul>\n<figure id=\"attachment_7531\" aria-describedby=\"caption-attachment-7531\" style=\"width: 300px\" class=\"wp-caption aligncenter\"><a href=\"https:\/\/rafaramirez.org\/blog\/wp-content\/uploads\/2024\/12\/La_gran_familia_2_ok.jpg\" target=\"_blank\" rel=\"noopener\"><img loading=\"lazy\" decoding=\"async\" class=\"wp-image-7531 size-medium\" src=\"https:\/\/rafaramirez.org\/blog\/wp-content\/uploads\/2024\/12\/La_gran_familia_2_ok-300x169.jpg\" alt=\"Escena de &quot;La gran familia&quot; (1962). Blog de Rafael Ram\u00edrez.\" width=\"300\" height=\"169\" srcset=\"https:\/\/rafaramirez.org\/blog\/wp-content\/uploads\/2024\/12\/La_gran_familia_2_ok-300x169.jpg 300w, https:\/\/rafaramirez.org\/blog\/wp-content\/uploads\/2024\/12\/La_gran_familia_2_ok-768x432.jpg 768w, https:\/\/rafaramirez.org\/blog\/wp-content\/uploads\/2024\/12\/La_gran_familia_2_ok.jpg 1000w\" sizes=\"auto, (max-width: 300px) 100vw, 300px\" \/><\/a><figcaption id=\"caption-attachment-7531\" class=\"wp-caption-text\">Escena de \u00abLa gran familia\u00bb (1962). Blog de Rafael Ram\u00edrez.<\/figcaption><\/figure>\n<h3>Cr\u00edtica.<\/h3>\n<p>\u00abLa gran familia\u00bb es una pel\u00edcula que ha dejado una huella imborrable en el cine espa\u00f1ol. Esta comedia familiar destaca por su capacidad para capturar la esencia de la vida cotidiana de una familia numerosa en la Espa\u00f1a de los a\u00f1os sesenta. Las actuaciones de Alberto Closas y Amparo Soler Leal como los padres de quince hijos son entra\u00f1ables y aut\u00e9nticas, y el elenco de apoyo, que incluye a Jos\u00e9 Isbert y Jos\u00e9 Luis L\u00f3pez V\u00e1zquez, aporta profundidad y humor a la historia.<\/p>\n<p>La pel\u00edcula es conocida por su tono c\u00e1lido y humor\u00edstico, que a\u00fana momentos de comedia con toques de drama. La escena en la que Chencho se pierde en la Plaza Mayor de Madrid es particularmente memorable y ha quedado grabada en la memoria colectiva de los espectadores. La direcci\u00f3n de Palacios y el guion de Rafael J. Salvia y Pedro Mas\u00f3 son efectivos a la hora de crear una narrativa sencilla, pero profundamente conmovedora y con la que es f\u00e1cil identificarse.<\/p>\n<p>\u00abLa gran familia\u00bb se rod\u00f3 en un periodo de transici\u00f3n y cambio en Espa\u00f1a. En 1962, el pa\u00eds estaba bajo la dictadura de Francisco Franco y la sociedad espa\u00f1ola estaba experimentando una serie de transformaciones econ\u00f3micas y sociales. La d\u00e9cada de los 60 fue testigo del llamado \u00abdesarrollismo\u00bb, una etapa de crecimiento econ\u00f3mico que mejor\u00f3 el nivel de vida de muchos espa\u00f1oles, aunque tambi\u00e9n acentu\u00f3 las desigualdades sociales.<\/p>\n<p>El cine de la \u00e9poca, incluyendo \u00abLa gran familia\u00bb, reflejaba estos cambios y ofrec\u00eda una visi\u00f3n idealizada de la vida familiar y los valores tradicionales. La pel\u00edcula fue un \u00e9xito no solo por su calidad cinematogr\u00e1fica, sino tambi\u00e9n porque conectaba con el p\u00fablico que buscaba entretenimiento y evasi\u00f3n en un contexto de censura y control pol\u00edtico.<\/p>\n<figure id=\"attachment_7532\" aria-describedby=\"caption-attachment-7532\" style=\"width: 300px\" class=\"wp-caption aligncenter\"><a href=\"https:\/\/rafaramirez.org\/blog\/wp-content\/uploads\/2024\/12\/La_gran_familia_3_ok.jpg\" target=\"_blank\" rel=\"noopener\"><img loading=\"lazy\" decoding=\"async\" class=\"wp-image-7532 size-medium\" src=\"https:\/\/rafaramirez.org\/blog\/wp-content\/uploads\/2024\/12\/La_gran_familia_3_ok-300x169.jpg\" alt=\"Escena de &quot;La gran familia&quot; (1962). Blog de Rafael Ram\u00edrez.\" width=\"300\" height=\"169\" srcset=\"https:\/\/rafaramirez.org\/blog\/wp-content\/uploads\/2024\/12\/La_gran_familia_3_ok-300x169.jpg 300w, https:\/\/rafaramirez.org\/blog\/wp-content\/uploads\/2024\/12\/La_gran_familia_3_ok-768x432.jpg 768w, https:\/\/rafaramirez.org\/blog\/wp-content\/uploads\/2024\/12\/La_gran_familia_3_ok.jpg 1000w\" sizes=\"auto, (max-width: 300px) 100vw, 300px\" \/><\/a><figcaption id=\"caption-attachment-7532\" class=\"wp-caption-text\">Escena de \u00abLa gran familia\u00bb (1962). Blog de Rafael Ram\u00edrez.<\/figcaption><\/figure>\n<h3>Ficha t\u00e9cnica de la pel\u00edcula.<\/h3>\n<ul>\n<li><strong>T\u00edtulo<\/strong>: La gran familia<\/li>\n<li><strong>Director<\/strong>: Fernando Palacios<\/li>\n<li><strong>Guionistas<\/strong>: Rafael J. Salvia, Pedro Mas\u00f3<\/li>\n<li><strong>Productor<\/strong>: Pedro Mas\u00f3<\/li>\n<li><strong>M\u00fasica<\/strong>: Adolfo Waitzman<\/li>\n<li><strong>Fotograf\u00eda<\/strong>: Jos\u00e9 F. Aguayo<\/li>\n<li><strong>Montaje<\/strong>: Pedro del Rey<\/li>\n<li><strong>Reparto<\/strong>:\n<ul>\n<li>Alberto Closas como Carlos Alonso<\/li>\n<li>Amparo Soler Leal como Mercedes Cebri\u00e1n<\/li>\n<li>Jos\u00e9 Isbert como Abuelo<\/li>\n<li>Jos\u00e9 Luis L\u00f3pez V\u00e1zquez como Don Pedro<\/li>\n<li>Jaime Blanch como Luisito<\/li>\n<li>Mar\u00eda Jos\u00e9 Alfonso como Pili<\/li>\n<li>Carlos Pi\u00f1ar como Carlitos<\/li>\n<li>Pedro Mari S\u00e1nchez como Chencho<\/li>\n<\/ul>\n<\/li>\n<li><strong>Pa\u00eds<\/strong>: Espa\u00f1a<\/li>\n<li><strong>A\u00f1o<\/strong>: 1962<\/li>\n<li><strong>G\u00e9nero<\/strong>: Comedia, Familiar<\/li>\n<li><strong>Duraci\u00f3n<\/strong>: 104 minutos<\/li>\n<\/ul>\n<figure id=\"attachment_7534\" aria-describedby=\"caption-attachment-7534\" style=\"width: 207px\" class=\"wp-caption aligncenter\"><a href=\"https:\/\/rafaramirez.org\/blog\/wp-content\/uploads\/2024\/12\/La_gran_familia_Cartel_ok.jpg\" target=\"_blank\" rel=\"noopener\"><img loading=\"lazy\" decoding=\"async\" class=\"wp-image-7534 size-medium\" src=\"https:\/\/rafaramirez.org\/blog\/wp-content\/uploads\/2024\/12\/La_gran_familia_Cartel_ok-207x300.jpg\" alt=\"Cartel de &quot;La gran familia&quot; (1962). Blog de Rafael Ram\u00edrez.\" width=\"207\" height=\"300\" srcset=\"https:\/\/rafaramirez.org\/blog\/wp-content\/uploads\/2024\/12\/La_gran_familia_Cartel_ok-207x300.jpg 207w, https:\/\/rafaramirez.org\/blog\/wp-content\/uploads\/2024\/12\/La_gran_familia_Cartel_ok.jpg 691w\" sizes=\"auto, (max-width: 207px) 100vw, 207px\" \/><\/a><figcaption id=\"caption-attachment-7534\" class=\"wp-caption-text\">Cartel de \u00abLa gran familia\u00bb (1962). Blog de Rafael Ram\u00edrez.<\/figcaption><\/figure>\n<h3>Trailer.<\/h3>\n<p><iframe loading=\"lazy\" title=\"YouTube video player\" src=\"https:\/\/www.youtube.com\/embed\/WQgRtnVynvg?si=giZpSEsBq3Lh7ObS\" width=\"560\" height=\"315\" frameborder=\"0\" allowfullscreen=\"allowfullscreen\"><\/iframe><\/p>\n<p>En resumen, \u00abLa gran familia\u00bb es una pel\u00edcula navide\u00f1a que no puedes dejar de ver, ya que combina a la perfecci\u00f3n el humor con momentos conmovedores y captura la esencia de la vida familiar de una manera que llega al coraz\u00f3n de todos los espectadores. La escena de Chencho en la Plaza Mayor de Madrid es un cl\u00e1sico del cine espa\u00f1ol que ha quedado para siempre en la memoria colectiva. Adem\u00e1s, la pel\u00edcula ofrece una visi\u00f3n nost\u00e1lgica de la Espa\u00f1a de los a\u00f1os sesenta, reflejando los valores y la vida cotidiana de aquella \u00e9poca. El elenco, encabezado por Alberto Closas y Amparo Soler Leal, ofrece actuaciones entra\u00f1ables y aut\u00e9nticas que hacen que los personajes sean inolvidables. Asimismo, la pel\u00edcula celebra la importancia de la familia y la uni\u00f3n, un mensaje especialmente relevante en la temporada navide\u00f1a.<\/p>\n<p><strong>Ver \u00abLa gran familia\u00bb es como un viaje en el tiempo que te permite disfrutar de una historia entra\u00f1able y divertida, perfecta para compartir con toda la familia durante las fiestas.<\/strong><\/p>\n<p>M\u00e1s informaci\u00f3n:<\/p>\n<ul>\n<li><a href=\"https:\/\/es.wikipedia.org\/wiki\/La_gran_familia\" target=\"_blank\" rel=\"noopener\">Wikipedia<\/a>.<\/li>\n<li><a href=\"https:\/\/rafaramirez.org\/blog\/index.php\/category\/arte\/cine\/\" target=\"_blank\" rel=\"noopener\">M\u00e1s pel\u00edculas recomendadas<\/a>.<\/li>\n<\/ul>\n","protected":false},"excerpt":{"rendered":"<p>Sigo recomend\u00e1ndote pel\u00edculas navide\u00f1as para estas fiestas y hoy te traigo \u00abLa gran familia\u00bb. Se trata de una pel\u00edcula espa\u00f1ola de 1962 dirigida por Fernando Palacios. Es una comedia entra\u00f1able que narra las aventuras y desventuras de una familia numerosa. La historia sigue a Carlos Alonso, interpretado por Alberto Closas, y a su esposa Mercedes, [&hellip;]<\/p>\n","protected":false},"author":1,"featured_media":7529,"comment_status":"open","ping_status":"closed","sticky":false,"template":"","format":"standard","meta":{"site-container-style":"default","site-container-layout":"default","site-sidebar-layout":"default","disable-article-header":"default","disable-site-header":"default","disable-site-footer":"default","disable-content-area-spacing":"default","_jetpack_newsletter_access":"","_jetpack_dont_email_post_to_subs":false,"_jetpack_newsletter_tier_id":0,"_jetpack_memberships_contains_paywalled_content":false,"_jetpack_feature_clip_id":0,"_jetpack_memberships_contains_paid_content":false,"footnotes":"","jetpack_publicize_message":"","jetpack_publicize_feature_enabled":true,"jetpack_social_post_already_shared":true,"jetpack_social_options":{"image_generator_settings":{"template":"highway","default_image_id":0,"font":"","enabled":false},"version":2},"jetpack_post_was_ever_published":false},"categories":[711],"tags":[3902,3905,3908,3909,68,1456,3903,3910,2228,3907,3904,3744,3906],"class_list":["post-7521","post","type-post","status-publish","format-standard","has-post-thumbnail","hentry","category-cine","tag-la-gran-familia-1962","tag-la-gran-familia-de-fernando-palacios","tag-alberto-closas","tag-amparo-soler-leal","tag-blog-de-rafael-ramirez","tag-critica-de-peliculas","tag-fernando-palacios","tag-jose-isbert","tag-jose-luis-lopez-vazquez","tag-pedro-maso","tag-peliculas-espanolas","tag-peliculas-navidenas","tag-rafael-j-salvia"],"yoast_head":"<!-- This site is optimized with the Yoast SEO plugin v28.4 - https:\/\/yoast.com\/product\/yoast-seo-wordpress\/ -->\n<title>&quot;La gran familia&quot;, pel\u00edcula de marcado car\u00e1cter familiar y navide\u00f1o. - Blog de Rafael Ram\u00edrez<\/title>\n<meta name=\"description\" content=\"Hoy te hablo de &quot;La gran familia&quot;, pel\u00edcula espa\u00f1ola de 1962 dirigida por Fernando Palacios. Es una comedia entra\u00f1able que narra las...\" \/>\n<meta name=\"robots\" content=\"index, follow, max-snippet:-1, max-image-preview:large, max-video-preview:-1\" \/>\n<link rel=\"canonical\" href=\"https:\/\/rafaramirez.org\/blog\/index.php\/2024\/12\/30\/la-gran-familia-pelicula\/\" \/>\n<meta property=\"og:locale\" content=\"es_ES\" \/>\n<meta property=\"og:type\" content=\"article\" \/>\n<meta property=\"og:title\" content=\"&quot;La gran familia&quot;, pel\u00edcula de marcado car\u00e1cter familiar y navide\u00f1o. - Blog de Rafael Ram\u00edrez\" \/>\n<meta property=\"og:description\" content=\"Hoy te hablo de &quot;La gran familia&quot;, pel\u00edcula espa\u00f1ola de 1962 dirigida por Fernando Palacios. Es una comedia entra\u00f1able que narra las...\" \/>\n<meta property=\"og:url\" content=\"https:\/\/rafaramirez.org\/blog\/index.php\/2024\/12\/30\/la-gran-familia-pelicula\/\" \/>\n<meta property=\"og:site_name\" content=\"Blog de Rafael Ram\u00edrez\" \/>\n<meta property=\"article:published_time\" content=\"2024-12-30T07:15:29+00:00\" \/>\n<meta property=\"article:modified_time\" content=\"2024-12-30T17:43:32+00:00\" \/>\n<meta property=\"og:image\" content=\"https:\/\/rafaramirez.org\/blog\/wp-content\/uploads\/2024\/12\/La_gran_familia_banner.jpg\" \/>\n\t<meta property=\"og:image:width\" content=\"720\" \/>\n\t<meta property=\"og:image:height\" content=\"440\" \/>\n\t<meta property=\"og:image:type\" content=\"image\/jpeg\" \/>\n<meta name=\"author\" content=\"Rafael Ram\u00edrez\" \/>\n<meta name=\"twitter:card\" content=\"summary_large_image\" \/>\n<meta name=\"twitter:creator\" content=\"@rafaramirez_ok\" \/>\n<meta name=\"twitter:site\" content=\"@rafaramirez_ok\" \/>\n<meta name=\"twitter:label1\" content=\"Escrito por\" \/>\n\t<meta name=\"twitter:data1\" content=\"Rafael Ram\u00edrez\" \/>\n\t<meta name=\"twitter:label2\" content=\"Tiempo de lectura\" \/>\n\t<meta name=\"twitter:data2\" content=\"6 minutos\" \/>\n<script type=\"application\/ld+json\" class=\"yoast-schema-graph\">{\"@context\":\"https:\\\/\\\/schema.org\",\"@graph\":[{\"@type\":\"Article\",\"@id\":\"https:\\\/\\\/rafaramirez.org\\\/blog\\\/index.php\\\/2024\\\/12\\\/30\\\/la-gran-familia-pelicula\\\/#article\",\"isPartOf\":{\"@id\":\"https:\\\/\\\/rafaramirez.org\\\/blog\\\/index.php\\\/2024\\\/12\\\/30\\\/la-gran-familia-pelicula\\\/\"},\"author\":{\"name\":\"Rafael Ram\u00edrez\",\"@id\":\"https:\\\/\\\/rafaramirez.org\\\/blog\\\/#\\\/schema\\\/person\\\/50f43b6d60c578760d4c17bda54ab6a5\"},\"headline\":\"\u00abLa gran familia\u00bb, pel\u00edcula de marcado car\u00e1cter familiar y navide\u00f1o.\",\"datePublished\":\"2024-12-30T07:15:29+00:00\",\"dateModified\":\"2024-12-30T17:43:32+00:00\",\"mainEntityOfPage\":{\"@id\":\"https:\\\/\\\/rafaramirez.org\\\/blog\\\/index.php\\\/2024\\\/12\\\/30\\\/la-gran-familia-pelicula\\\/\"},\"wordCount\":1096,\"commentCount\":0,\"publisher\":{\"@id\":\"https:\\\/\\\/rafaramirez.org\\\/blog\\\/#\\\/schema\\\/person\\\/50f43b6d60c578760d4c17bda54ab6a5\"},\"image\":{\"@id\":\"https:\\\/\\\/rafaramirez.org\\\/blog\\\/index.php\\\/2024\\\/12\\\/30\\\/la-gran-familia-pelicula\\\/#primaryimage\"},\"thumbnailUrl\":\"https:\\\/\\\/rafaramirez.org\\\/blog\\\/wp-content\\\/uploads\\\/2024\\\/12\\\/La_gran_familia_banner.jpg\",\"keywords\":[\"\\\"La gran familia\\\" 1962\",\"\\\"La gran familia\\\" de Fernando Palacios\",\"Alberto Closas\",\"Amparo Soler Leal\",\"blog de Rafael Ram\u00edrez\",\"cr\u00edtica de pel\u00edculas\",\"Fernando Palacios\",\"Jos\u00e9 Isbert\",\"Jos\u00e9 Luis L\u00f3pez V\u00e1zquez\",\"Pedro Mas\u00f3\",\"pel\u00edculas espa\u00f1olas\",\"pel\u00edculas navide\u00f1as\",\"Rafael J. Salvia\"],\"articleSection\":[\"Cine\"],\"inLanguage\":\"es\",\"potentialAction\":[{\"@type\":\"CommentAction\",\"name\":\"Comment\",\"target\":[\"https:\\\/\\\/rafaramirez.org\\\/blog\\\/index.php\\\/2024\\\/12\\\/30\\\/la-gran-familia-pelicula\\\/#respond\"]}]},{\"@type\":\"WebPage\",\"@id\":\"https:\\\/\\\/rafaramirez.org\\\/blog\\\/index.php\\\/2024\\\/12\\\/30\\\/la-gran-familia-pelicula\\\/\",\"url\":\"https:\\\/\\\/rafaramirez.org\\\/blog\\\/index.php\\\/2024\\\/12\\\/30\\\/la-gran-familia-pelicula\\\/\",\"name\":\"\\\"La gran familia\\\", pel\u00edcula de marcado car\u00e1cter familiar y navide\u00f1o. - Blog de Rafael Ram\u00edrez\",\"isPartOf\":{\"@id\":\"https:\\\/\\\/rafaramirez.org\\\/blog\\\/#website\"},\"primaryImageOfPage\":{\"@id\":\"https:\\\/\\\/rafaramirez.org\\\/blog\\\/index.php\\\/2024\\\/12\\\/30\\\/la-gran-familia-pelicula\\\/#primaryimage\"},\"image\":{\"@id\":\"https:\\\/\\\/rafaramirez.org\\\/blog\\\/index.php\\\/2024\\\/12\\\/30\\\/la-gran-familia-pelicula\\\/#primaryimage\"},\"thumbnailUrl\":\"https:\\\/\\\/rafaramirez.org\\\/blog\\\/wp-content\\\/uploads\\\/2024\\\/12\\\/La_gran_familia_banner.jpg\",\"datePublished\":\"2024-12-30T07:15:29+00:00\",\"dateModified\":\"2024-12-30T17:43:32+00:00\",\"description\":\"Hoy te hablo de \\\"La gran familia\\\", pel\u00edcula espa\u00f1ola de 1962 dirigida por Fernando Palacios. Es una comedia entra\u00f1able que narra las...\",\"breadcrumb\":{\"@id\":\"https:\\\/\\\/rafaramirez.org\\\/blog\\\/index.php\\\/2024\\\/12\\\/30\\\/la-gran-familia-pelicula\\\/#breadcrumb\"},\"inLanguage\":\"es\",\"potentialAction\":[{\"@type\":\"ReadAction\",\"target\":[\"https:\\\/\\\/rafaramirez.org\\\/blog\\\/index.php\\\/2024\\\/12\\\/30\\\/la-gran-familia-pelicula\\\/\"]}]},{\"@type\":\"ImageObject\",\"inLanguage\":\"es\",\"@id\":\"https:\\\/\\\/rafaramirez.org\\\/blog\\\/index.php\\\/2024\\\/12\\\/30\\\/la-gran-familia-pelicula\\\/#primaryimage\",\"url\":\"https:\\\/\\\/rafaramirez.org\\\/blog\\\/wp-content\\\/uploads\\\/2024\\\/12\\\/La_gran_familia_banner.jpg\",\"contentUrl\":\"https:\\\/\\\/rafaramirez.org\\\/blog\\\/wp-content\\\/uploads\\\/2024\\\/12\\\/La_gran_familia_banner.jpg\",\"width\":720,\"height\":440,\"caption\":\"\\\"La gran familia\\\" (1962). Pel\u00edcula recomendada. Blog de Rafael Ram\u00edrez.\"},{\"@type\":\"BreadcrumbList\",\"@id\":\"https:\\\/\\\/rafaramirez.org\\\/blog\\\/index.php\\\/2024\\\/12\\\/30\\\/la-gran-familia-pelicula\\\/#breadcrumb\",\"itemListElement\":[{\"@type\":\"ListItem\",\"position\":1,\"name\":\"Portada\",\"item\":\"https:\\\/\\\/rafaramirez.org\\\/blog\\\/\"},{\"@type\":\"ListItem\",\"position\":2,\"name\":\"\u00abLa gran familia\u00bb, pel\u00edcula de marcado car\u00e1cter familiar y navide\u00f1o.\"}]},{\"@type\":\"WebSite\",\"@id\":\"https:\\\/\\\/rafaramirez.org\\\/blog\\\/#website\",\"url\":\"https:\\\/\\\/rafaramirez.org\\\/blog\\\/\",\"name\":\"Blog de Rafael Ram\u00edrez\",\"description\":\"Un sitio social, de arte y cultura\",\"publisher\":{\"@id\":\"https:\\\/\\\/rafaramirez.org\\\/blog\\\/#\\\/schema\\\/person\\\/50f43b6d60c578760d4c17bda54ab6a5\"},\"potentialAction\":[{\"@type\":\"SearchAction\",\"target\":{\"@type\":\"EntryPoint\",\"urlTemplate\":\"https:\\\/\\\/rafaramirez.org\\\/blog\\\/?s={search_term_string}\"},\"query-input\":{\"@type\":\"PropertyValueSpecification\",\"valueRequired\":true,\"valueName\":\"search_term_string\"}}],\"inLanguage\":\"es\"},{\"@type\":[\"Person\",\"Organization\"],\"@id\":\"https:\\\/\\\/rafaramirez.org\\\/blog\\\/#\\\/schema\\\/person\\\/50f43b6d60c578760d4c17bda54ab6a5\",\"name\":\"Rafael Ram\u00edrez\",\"image\":{\"@type\":\"ImageObject\",\"inLanguage\":\"es\",\"@id\":\"https:\\\/\\\/rafaramirez.org\\\/blog\\\/wp-content\\\/uploads\\\/2024\\\/09\\\/RR_socialnetwork.jpg\",\"url\":\"https:\\\/\\\/rafaramirez.org\\\/blog\\\/wp-content\\\/uploads\\\/2024\\\/09\\\/RR_socialnetwork.jpg\",\"contentUrl\":\"https:\\\/\\\/rafaramirez.org\\\/blog\\\/wp-content\\\/uploads\\\/2024\\\/09\\\/RR_socialnetwork.jpg\",\"width\":600,\"height\":606,\"caption\":\"Rafael Ram\u00edrez\"},\"logo\":{\"@id\":\"https:\\\/\\\/rafaramirez.org\\\/blog\\\/wp-content\\\/uploads\\\/2024\\\/09\\\/RR_socialnetwork.jpg\"},\"sameAs\":[\"https:\\\/\\\/www.rafaramirez.org\\\/blog\",\"https:\\\/\\\/www.instagram.com\\\/rafaramirez_ok\\\/\",\"https:\\\/\\\/es.pinterest.com\\\/Ramirez_Rafa\\\/\",\"https:\\\/\\\/x.com\\\/rafaramirez_ok\"],\"url\":\"https:\\\/\\\/rafaramirez.org\\\/blog\\\/index.php\\\/author\\\/rafaell_qm6j97da\\\/\"}]}<\/script>\n<!-- \/ Yoast SEO plugin. -->","yoast_head_json":{"title":"\"La gran familia\", pel\u00edcula de marcado car\u00e1cter familiar y navide\u00f1o. - Blog de Rafael Ram\u00edrez","description":"Hoy te hablo de \"La gran familia\", pel\u00edcula espa\u00f1ola de 1962 dirigida por Fernando Palacios. Es una comedia entra\u00f1able que narra las...","robots":{"index":"index","follow":"follow","max-snippet":"max-snippet:-1","max-image-preview":"max-image-preview:large","max-video-preview":"max-video-preview:-1"},"canonical":"https:\/\/rafaramirez.org\/blog\/index.php\/2024\/12\/30\/la-gran-familia-pelicula\/","og_locale":"es_ES","og_type":"article","og_title":"\"La gran familia\", pel\u00edcula de marcado car\u00e1cter familiar y navide\u00f1o. - Blog de Rafael Ram\u00edrez","og_description":"Hoy te hablo de \"La gran familia\", pel\u00edcula espa\u00f1ola de 1962 dirigida por Fernando Palacios. Es una comedia entra\u00f1able que narra las...","og_url":"https:\/\/rafaramirez.org\/blog\/index.php\/2024\/12\/30\/la-gran-familia-pelicula\/","og_site_name":"Blog de Rafael Ram\u00edrez","article_published_time":"2024-12-30T07:15:29+00:00","article_modified_time":"2024-12-30T17:43:32+00:00","og_image":[{"width":720,"height":440,"url":"https:\/\/rafaramirez.org\/blog\/wp-content\/uploads\/2024\/12\/La_gran_familia_banner.jpg","type":"image\/jpeg"}],"author":"Rafael Ram\u00edrez","twitter_card":"summary_large_image","twitter_creator":"@rafaramirez_ok","twitter_site":"@rafaramirez_ok","twitter_misc":{"Escrito por":"Rafael Ram\u00edrez","Tiempo de lectura":"6 minutos"},"schema":{"@context":"https:\/\/schema.org","@graph":[{"@type":"Article","@id":"https:\/\/rafaramirez.org\/blog\/index.php\/2024\/12\/30\/la-gran-familia-pelicula\/#article","isPartOf":{"@id":"https:\/\/rafaramirez.org\/blog\/index.php\/2024\/12\/30\/la-gran-familia-pelicula\/"},"author":{"name":"Rafael Ram\u00edrez","@id":"https:\/\/rafaramirez.org\/blog\/#\/schema\/person\/50f43b6d60c578760d4c17bda54ab6a5"},"headline":"\u00abLa gran familia\u00bb, pel\u00edcula de marcado car\u00e1cter familiar y navide\u00f1o.","datePublished":"2024-12-30T07:15:29+00:00","dateModified":"2024-12-30T17:43:32+00:00","mainEntityOfPage":{"@id":"https:\/\/rafaramirez.org\/blog\/index.php\/2024\/12\/30\/la-gran-familia-pelicula\/"},"wordCount":1096,"commentCount":0,"publisher":{"@id":"https:\/\/rafaramirez.org\/blog\/#\/schema\/person\/50f43b6d60c578760d4c17bda54ab6a5"},"image":{"@id":"https:\/\/rafaramirez.org\/blog\/index.php\/2024\/12\/30\/la-gran-familia-pelicula\/#primaryimage"},"thumbnailUrl":"https:\/\/rafaramirez.org\/blog\/wp-content\/uploads\/2024\/12\/La_gran_familia_banner.jpg","keywords":["\"La gran familia\" 1962","\"La gran familia\" de Fernando Palacios","Alberto Closas","Amparo Soler Leal","blog de Rafael Ram\u00edrez","cr\u00edtica de pel\u00edculas","Fernando Palacios","Jos\u00e9 Isbert","Jos\u00e9 Luis L\u00f3pez V\u00e1zquez","Pedro Mas\u00f3","pel\u00edculas espa\u00f1olas","pel\u00edculas navide\u00f1as","Rafael J. Salvia"],"articleSection":["Cine"],"inLanguage":"es","potentialAction":[{"@type":"CommentAction","name":"Comment","target":["https:\/\/rafaramirez.org\/blog\/index.php\/2024\/12\/30\/la-gran-familia-pelicula\/#respond"]}]},{"@type":"WebPage","@id":"https:\/\/rafaramirez.org\/blog\/index.php\/2024\/12\/30\/la-gran-familia-pelicula\/","url":"https:\/\/rafaramirez.org\/blog\/index.php\/2024\/12\/30\/la-gran-familia-pelicula\/","name":"\"La gran familia\", pel\u00edcula de marcado car\u00e1cter familiar y navide\u00f1o. - Blog de Rafael Ram\u00edrez","isPartOf":{"@id":"https:\/\/rafaramirez.org\/blog\/#website"},"primaryImageOfPage":{"@id":"https:\/\/rafaramirez.org\/blog\/index.php\/2024\/12\/30\/la-gran-familia-pelicula\/#primaryimage"},"image":{"@id":"https:\/\/rafaramirez.org\/blog\/index.php\/2024\/12\/30\/la-gran-familia-pelicula\/#primaryimage"},"thumbnailUrl":"https:\/\/rafaramirez.org\/blog\/wp-content\/uploads\/2024\/12\/La_gran_familia_banner.jpg","datePublished":"2024-12-30T07:15:29+00:00","dateModified":"2024-12-30T17:43:32+00:00","description":"Hoy te hablo de \"La gran familia\", pel\u00edcula espa\u00f1ola de 1962 dirigida por Fernando Palacios. Es una comedia entra\u00f1able que narra las...","breadcrumb":{"@id":"https:\/\/rafaramirez.org\/blog\/index.php\/2024\/12\/30\/la-gran-familia-pelicula\/#breadcrumb"},"inLanguage":"es","potentialAction":[{"@type":"ReadAction","target":["https:\/\/rafaramirez.org\/blog\/index.php\/2024\/12\/30\/la-gran-familia-pelicula\/"]}]},{"@type":"ImageObject","inLanguage":"es","@id":"https:\/\/rafaramirez.org\/blog\/index.php\/2024\/12\/30\/la-gran-familia-pelicula\/#primaryimage","url":"https:\/\/rafaramirez.org\/blog\/wp-content\/uploads\/2024\/12\/La_gran_familia_banner.jpg","contentUrl":"https:\/\/rafaramirez.org\/blog\/wp-content\/uploads\/2024\/12\/La_gran_familia_banner.jpg","width":720,"height":440,"caption":"\"La gran familia\" (1962). Pel\u00edcula recomendada. Blog de Rafael Ram\u00edrez."},{"@type":"BreadcrumbList","@id":"https:\/\/rafaramirez.org\/blog\/index.php\/2024\/12\/30\/la-gran-familia-pelicula\/#breadcrumb","itemListElement":[{"@type":"ListItem","position":1,"name":"Portada","item":"https:\/\/rafaramirez.org\/blog\/"},{"@type":"ListItem","position":2,"name":"\u00abLa gran familia\u00bb, pel\u00edcula de marcado car\u00e1cter familiar y navide\u00f1o."}]},{"@type":"WebSite","@id":"https:\/\/rafaramirez.org\/blog\/#website","url":"https:\/\/rafaramirez.org\/blog\/","name":"Blog de Rafael Ram\u00edrez","description":"Un sitio social, de arte y cultura","publisher":{"@id":"https:\/\/rafaramirez.org\/blog\/#\/schema\/person\/50f43b6d60c578760d4c17bda54ab6a5"},"potentialAction":[{"@type":"SearchAction","target":{"@type":"EntryPoint","urlTemplate":"https:\/\/rafaramirez.org\/blog\/?s={search_term_string}"},"query-input":{"@type":"PropertyValueSpecification","valueRequired":true,"valueName":"search_term_string"}}],"inLanguage":"es"},{"@type":["Person","Organization"],"@id":"https:\/\/rafaramirez.org\/blog\/#\/schema\/person\/50f43b6d60c578760d4c17bda54ab6a5","name":"Rafael Ram\u00edrez","image":{"@type":"ImageObject","inLanguage":"es","@id":"https:\/\/rafaramirez.org\/blog\/wp-content\/uploads\/2024\/09\/RR_socialnetwork.jpg","url":"https:\/\/rafaramirez.org\/blog\/wp-content\/uploads\/2024\/09\/RR_socialnetwork.jpg","contentUrl":"https:\/\/rafaramirez.org\/blog\/wp-content\/uploads\/2024\/09\/RR_socialnetwork.jpg","width":600,"height":606,"caption":"Rafael Ram\u00edrez"},"logo":{"@id":"https:\/\/rafaramirez.org\/blog\/wp-content\/uploads\/2024\/09\/RR_socialnetwork.jpg"},"sameAs":["https:\/\/www.rafaramirez.org\/blog","https:\/\/www.instagram.com\/rafaramirez_ok\/","https:\/\/es.pinterest.com\/Ramirez_Rafa\/","https:\/\/x.com\/rafaramirez_ok"],"url":"https:\/\/rafaramirez.org\/blog\/index.php\/author\/rafaell_qm6j97da\/"}]}},"jetpack_publicize_connections":[],"jetpack_sharing_enabled":true,"jetpack_likes_enabled":true,"jetpack_featured_media_url":"https:\/\/rafaramirez.org\/blog\/wp-content\/uploads\/2024\/12\/La_gran_familia_banner.jpg","_links":{"self":[{"href":"https:\/\/rafaramirez.org\/blog\/index.php\/wp-json\/wp\/v2\/posts\/7521","targetHints":{"allow":["GET"]}}],"collection":[{"href":"https:\/\/rafaramirez.org\/blog\/index.php\/wp-json\/wp\/v2\/posts"}],"about":[{"href":"https:\/\/rafaramirez.org\/blog\/index.php\/wp-json\/wp\/v2\/types\/post"}],"author":[{"embeddable":true,"href":"https:\/\/rafaramirez.org\/blog\/index.php\/wp-json\/wp\/v2\/users\/1"}],"replies":[{"embeddable":true,"href":"https:\/\/rafaramirez.org\/blog\/index.php\/wp-json\/wp\/v2\/comments?post=7521"}],"version-history":[{"count":11,"href":"https:\/\/rafaramirez.org\/blog\/index.php\/wp-json\/wp\/v2\/posts\/7521\/revisions"}],"predecessor-version":[{"id":7549,"href":"https:\/\/rafaramirez.org\/blog\/index.php\/wp-json\/wp\/v2\/posts\/7521\/revisions\/7549"}],"wp:featuredmedia":[{"embeddable":true,"href":"https:\/\/rafaramirez.org\/blog\/index.php\/wp-json\/wp\/v2\/media\/7529"}],"wp:attachment":[{"href":"https:\/\/rafaramirez.org\/blog\/index.php\/wp-json\/wp\/v2\/media?parent=7521"}],"wp:term":[{"taxonomy":"category","embeddable":true,"href":"https:\/\/rafaramirez.org\/blog\/index.php\/wp-json\/wp\/v2\/categories?post=7521"},{"taxonomy":"post_tag","embeddable":true,"href":"https:\/\/rafaramirez.org\/blog\/index.php\/wp-json\/wp\/v2\/tags?post=7521"}],"curies":[{"name":"wp","href":"https:\/\/api.w.org\/{rel}","templated":true}]}}