{"id":7512,"date":"2024-12-28T08:15:10","date_gmt":"2024-12-28T07:15:10","guid":{"rendered":"https:\/\/rafaramirez.org\/blog\/?p=7512"},"modified":"2024-12-26T13:03:15","modified_gmt":"2024-12-26T12:03:15","slug":"dia-de-los-inocentes","status":"publish","type":"post","link":"https:\/\/rafaramirez.org\/blog\/index.php\/2024\/12\/28\/dia-de-los-inocentes\/","title":{"rendered":"D\u00eda de los Inocentes, una tradici\u00f3n con ra\u00edces b\u00edblicas."},"content":{"rendered":"<p>El D\u00eda de los Inocentes se celebra el 28 de diciembre en Espa\u00f1a y en varios pa\u00edses de Am\u00e9rica Latina. Es una jornada dedicada a las bromas y las travesuras, similar al April Fool&#8217;s Day que se celebra en otros lugares del mundo. La tradici\u00f3n tiene sus ra\u00edces en un episodio b\u00edblico en el que el rey Herodes orden\u00f3 matar a todos los ni\u00f1os menores de dos a\u00f1os en Bel\u00e9n con la intenci\u00f3n de eliminar al reci\u00e9n nacido Jes\u00fas. Con el tiempo, esta conmemoraci\u00f3n se transform\u00f3 en un d\u00eda dedicado al humor y la diversi\u00f3n.<\/p>\n<p>En este d\u00eda, es habitual que los medios de comunicaci\u00f3n publiquen noticias falsas y que la gente bromee con sus amigos y familiares. Quien cae en la trampa es llamado \u00abinocente\u00bb. Es una oportunidad para re\u00edrse y disfrutar de la creatividad de las bromas, siempre con respeto y sin causar da\u00f1o.<\/p>\n<h3>Historia detr\u00e1s del D\u00eda de los Inocentes.<\/h3>\n<p>El D\u00eda de los Inocentes tiene un origen tr\u00e1gico y arraigado en la tradici\u00f3n cristiana. Se conmemora el 28 de diciembre y, como te vengo contando, recuerda la matanza de todos los ni\u00f1os menores de dos a\u00f1os en Bel\u00e9n ordenada por el rey Herodes tras el nacimiento de Jes\u00fas. Este suceso, conocido como la matanza de los Santos Inocentes, est\u00e1 documentado en el Evangelio de Mateo.<\/p>\n<p>Con el tiempo, esta fecha de luto y reflexi\u00f3n religiosa se transform\u00f3 en una jornada dedicada al humor y las bromas. Durante la Edad Media, la solemnidad del d\u00eda se mezcl\u00f3 con la \u00abfiesta de los locos\u00bb, una celebraci\u00f3n pagana en la que se parodiaban las convenciones sociales. As\u00ed, el D\u00eda de los Inocentes evolucion\u00f3 hasta convertirse en lo que conocemos hoy: un d\u00eda para gastar bromas y jugar trucos a amigos y familiares.<\/p>\n<p>Aunque su origen es tr\u00e1gico, en la actualidad el D\u00eda de los Inocentes se celebra con alegr\u00eda y humor, y permite a las personas relajarse y disfrutar de momentos divertidos con sus seres queridos.<\/p>\n<figure id=\"attachment_7517\" aria-describedby=\"caption-attachment-7517\" style=\"width: 300px\" class=\"wp-caption aligncenter\"><a href=\"https:\/\/rafaramirez.org\/blog\/wp-content\/uploads\/2024\/12\/Rey_Herodes_logblog.jpg\" target=\"_blank\" rel=\"noopener\"><img loading=\"lazy\" decoding=\"async\" class=\"wp-image-7517 size-medium\" src=\"https:\/\/rafaramirez.org\/blog\/wp-content\/uploads\/2024\/12\/Rey_Herodes_logblog-300x300.jpg\" alt=\"D\u00eda de los Inocentes. Blog de Rafael Ram\u00edrez.\" width=\"300\" height=\"300\" srcset=\"https:\/\/rafaramirez.org\/blog\/wp-content\/uploads\/2024\/12\/Rey_Herodes_logblog-300x300.jpg 300w, https:\/\/rafaramirez.org\/blog\/wp-content\/uploads\/2024\/12\/Rey_Herodes_logblog-150x150.jpg 150w, https:\/\/rafaramirez.org\/blog\/wp-content\/uploads\/2024\/12\/Rey_Herodes_logblog-768x768.jpg 768w, https:\/\/rafaramirez.org\/blog\/wp-content\/uploads\/2024\/12\/Rey_Herodes_logblog.jpg 1024w\" sizes=\"auto, (max-width: 300px) 100vw, 300px\" \/><\/a><figcaption id=\"caption-attachment-7517\" class=\"wp-caption-text\">D\u00eda de los Inocentes. Blog de Rafael Ram\u00edrez.<\/figcaption><\/figure>\n<h3>La celebraci\u00f3n en Espa\u00f1a y otros pa\u00edses de Latinoam\u00e9rica.<\/h3>\n<p>En Espa\u00f1a, esta festividad se celebra con gran entusiasmo. Las bromas, conocidas como \u00abinocentadas\u00bb, son el elemento central de esta festividad. Los medios de comunicaci\u00f3n suelen publicar noticias falsas para enga\u00f1ar a sus lectores y es habitual que amigos y familiares se gasten bromas los unos a los otros. Algunos lugares, como en la localidad alicantina de Ibi, se celebra la \u00abFiesta de los Enharinados\u00bb, en la que los participantes se lanzan harina y huevos en una batalla divertida y ca\u00f3tica.<\/p>\n<p>Mientras, en Am\u00e9rica Latina, la celebraci\u00f3n var\u00eda seg\u00fan el pa\u00eds, pero el esp\u00edritu de las bromas y las travesuras persiste. En M\u00e9xico, por ejemplo, es com\u00fan que las personas pidan prestado dinero o pertenencias y luego digan \u00abInocente palomita que te dejaste enga\u00f1ar\u00bb cuando el due\u00f1o intenta recuperarlas. En Venezuela, las bromas tambi\u00e9n son populares y los medios de comunicaci\u00f3n participan activamente en la creaci\u00f3n de noticias falsas.<\/p>\n<figure id=\"attachment_7518\" aria-describedby=\"caption-attachment-7518\" style=\"width: 300px\" class=\"wp-caption aligncenter\"><a href=\"https:\/\/rafaramirez.org\/blog\/wp-content\/uploads\/2024\/12\/cara_divertida_logblog.jpg\" target=\"_blank\" rel=\"noopener\"><img loading=\"lazy\" decoding=\"async\" class=\"wp-image-7518 size-medium\" src=\"https:\/\/rafaramirez.org\/blog\/wp-content\/uploads\/2024\/12\/cara_divertida_logblog-300x300.jpg\" alt=\"D\u00eda de los Inocentes. Blog de Rafael Ram\u00edrez.\" width=\"300\" height=\"300\" srcset=\"https:\/\/rafaramirez.org\/blog\/wp-content\/uploads\/2024\/12\/cara_divertida_logblog-300x300.jpg 300w, https:\/\/rafaramirez.org\/blog\/wp-content\/uploads\/2024\/12\/cara_divertida_logblog-150x150.jpg 150w, https:\/\/rafaramirez.org\/blog\/wp-content\/uploads\/2024\/12\/cara_divertida_logblog-768x768.jpg 768w, https:\/\/rafaramirez.org\/blog\/wp-content\/uploads\/2024\/12\/cara_divertida_logblog.jpg 1024w\" sizes=\"auto, (max-width: 300px) 100vw, 300px\" \/><\/a><figcaption id=\"caption-attachment-7518\" class=\"wp-caption-text\">D\u00eda de los Inocentes. Blog de Rafael Ram\u00edrez.<\/figcaption><\/figure>\n<p>En esencia, el D\u00eda de los Inocentes brinda la ocasi\u00f3n perfecta para divertirse y apreciar la inventiva de las bromas, siempre manteniendo el respeto y evitando causar da\u00f1o.<\/p>\n<p>M\u00e1s informaci\u00f3n:<\/p>\n<ul>\n<li><a href=\"https:\/\/www.laprovincia.es\/sociedad\/2024\/12\/24\/dia-inocentes-origen-tradiciones-celebra-dv-112843724.html\" target=\"_blank\" rel=\"noopener\">Diario La Provincia<\/a>.<\/li>\n<li><a href=\"https:\/\/www.tiempo.com\/noticias\/actualidad\/cual-es-el-origen-del-dia-de-los-inocentes.html\" target=\"_blank\" rel=\"noopener\">Meteored Tiempo<\/a>.<\/li>\n<li><a href=\"https:\/\/www.ngenespanol.com\/historia\/dia-de-los-inocentes-cual-es-su-historia-y-por-que-se-hacen-bromas\/\" target=\"_blank\" rel=\"noopener\">National Geographic<\/a>.<\/li>\n<li><a href=\"https:\/\/rafaramirez.org\/blog\/index.php\/category\/arte\/efemerides\/\" target=\"_blank\" rel=\"noopener\">Otras efem\u00e9rides<\/a>.<\/li>\n<\/ul>\n","protected":false},"excerpt":{"rendered":"<p>El D\u00eda de los Inocentes se celebra el 28 de diciembre en Espa\u00f1a y en varios pa\u00edses de Am\u00e9rica Latina. Es una jornada dedicada a las bromas y las travesuras, similar al April Fool&#8217;s Day que se celebra en otros lugares del mundo. La tradici\u00f3n tiene sus ra\u00edces en un episodio b\u00edblico en el que [&hellip;]<\/p>\n","protected":false},"author":1,"featured_media":7516,"comment_status":"open","ping_status":"closed","sticky":false,"template":"","format":"standard","meta":{"site-container-style":"default","site-container-layout":"default","site-sidebar-layout":"default","disable-article-header":"default","disable-site-header":"default","disable-site-footer":"default","disable-content-area-spacing":"default","_jetpack_newsletter_access":"","_jetpack_dont_email_post_to_subs":false,"_jetpack_newsletter_tier_id":0,"_jetpack_memberships_contains_paywalled_content":false,"_jetpack_feature_clip_id":0,"_jetpack_memberships_contains_paid_content":false,"footnotes":"","jetpack_publicize_message":"","jetpack_publicize_feature_enabled":true,"jetpack_social_post_already_shared":true,"jetpack_social_options":{"image_generator_settings":{"template":"highway","default_image_id":0,"font":"","enabled":false},"version":2},"jetpack_post_was_ever_published":false},"categories":[1291],"tags":[68,3900,1323,3873,3901],"class_list":["post-7512","post","type-post","status-publish","format-standard","has-post-thumbnail","hentry","category-efemerides","tag-blog-de-rafael-ramirez","tag-dia-de-los-inocentes","tag-efemerides","tag-efemerides-en-diciembre","tag-historia-detras-del-dia-de-los-inocentes"],"yoast_head":"<!-- This site is optimized with the Yoast SEO plugin v28.4 - https:\/\/yoast.com\/product\/yoast-seo-wordpress\/ -->\n<title>D\u00eda de los Inocentes, una tradici\u00f3n con ra\u00edces b\u00edblicas. - Blog de Rafael Ram\u00edrez<\/title>\n<meta name=\"description\" content=\"El D\u00eda de los Inocentes se celebra el 28 de diciembre en Espa\u00f1a y en varios pa\u00edses de Am\u00e9rica Latina. Es una jornada dedicada a las bromas y\" \/>\n<meta name=\"robots\" content=\"index, follow, max-snippet:-1, max-image-preview:large, max-video-preview:-1\" \/>\n<link rel=\"canonical\" href=\"https:\/\/rafaramirez.org\/blog\/index.php\/2024\/12\/28\/dia-de-los-inocentes\/\" \/>\n<meta property=\"og:locale\" content=\"es_ES\" \/>\n<meta property=\"og:type\" content=\"article\" \/>\n<meta property=\"og:title\" content=\"D\u00eda de los Inocentes, una tradici\u00f3n con ra\u00edces b\u00edblicas. - Blog de Rafael Ram\u00edrez\" \/>\n<meta property=\"og:description\" content=\"El D\u00eda de los Inocentes se celebra el 28 de diciembre en Espa\u00f1a y en varios pa\u00edses de Am\u00e9rica Latina. Es una jornada dedicada a las bromas y\" \/>\n<meta property=\"og:url\" content=\"https:\/\/rafaramirez.org\/blog\/index.php\/2024\/12\/28\/dia-de-los-inocentes\/\" \/>\n<meta property=\"og:site_name\" content=\"Blog de Rafael Ram\u00edrez\" \/>\n<meta property=\"article:published_time\" content=\"2024-12-28T07:15:10+00:00\" \/>\n<meta property=\"og:image\" content=\"https:\/\/rafaramirez.org\/blog\/wp-content\/uploads\/2024\/12\/Dia_de_los_inocentes_banner.jpg\" \/>\n\t<meta property=\"og:image:width\" content=\"720\" \/>\n\t<meta property=\"og:image:height\" content=\"440\" \/>\n\t<meta property=\"og:image:type\" content=\"image\/jpeg\" \/>\n<meta name=\"author\" content=\"Rafael Ram\u00edrez\" \/>\n<meta name=\"twitter:card\" content=\"summary_large_image\" \/>\n<meta name=\"twitter:creator\" content=\"@rafaramirez_ok\" \/>\n<meta name=\"twitter:site\" content=\"@rafaramirez_ok\" \/>\n<meta name=\"twitter:label1\" content=\"Escrito por\" \/>\n\t<meta name=\"twitter:data1\" content=\"Rafael Ram\u00edrez\" \/>\n\t<meta name=\"twitter:label2\" content=\"Tiempo de lectura\" \/>\n\t<meta name=\"twitter:data2\" content=\"4 minutos\" \/>\n<script type=\"application\/ld+json\" class=\"yoast-schema-graph\">{\"@context\":\"https:\\\/\\\/schema.org\",\"@graph\":[{\"@type\":\"Article\",\"@id\":\"https:\\\/\\\/rafaramirez.org\\\/blog\\\/index.php\\\/2024\\\/12\\\/28\\\/dia-de-los-inocentes\\\/#article\",\"isPartOf\":{\"@id\":\"https:\\\/\\\/rafaramirez.org\\\/blog\\\/index.php\\\/2024\\\/12\\\/28\\\/dia-de-los-inocentes\\\/\"},\"author\":{\"name\":\"Rafael Ram\u00edrez\",\"@id\":\"https:\\\/\\\/rafaramirez.org\\\/blog\\\/#\\\/schema\\\/person\\\/50f43b6d60c578760d4c17bda54ab6a5\"},\"headline\":\"D\u00eda de los Inocentes, una tradici\u00f3n con ra\u00edces b\u00edblicas.\",\"datePublished\":\"2024-12-28T07:15:10+00:00\",\"mainEntityOfPage\":{\"@id\":\"https:\\\/\\\/rafaramirez.org\\\/blog\\\/index.php\\\/2024\\\/12\\\/28\\\/dia-de-los-inocentes\\\/\"},\"wordCount\":634,\"commentCount\":0,\"publisher\":{\"@id\":\"https:\\\/\\\/rafaramirez.org\\\/blog\\\/#\\\/schema\\\/person\\\/50f43b6d60c578760d4c17bda54ab6a5\"},\"image\":{\"@id\":\"https:\\\/\\\/rafaramirez.org\\\/blog\\\/index.php\\\/2024\\\/12\\\/28\\\/dia-de-los-inocentes\\\/#primaryimage\"},\"thumbnailUrl\":\"https:\\\/\\\/rafaramirez.org\\\/blog\\\/wp-content\\\/uploads\\\/2024\\\/12\\\/Dia_de_los_inocentes_banner.jpg\",\"keywords\":[\"blog de Rafael Ram\u00edrez\",\"D\u00eda de los Inocentes\",\"efem\u00e9rides\",\"efem\u00e9rides en diciembre\",\"Historia detr\u00e1s del D\u00eda de los Inocentes\"],\"articleSection\":[\"Efem\u00e9rides\"],\"inLanguage\":\"es\",\"potentialAction\":[{\"@type\":\"CommentAction\",\"name\":\"Comment\",\"target\":[\"https:\\\/\\\/rafaramirez.org\\\/blog\\\/index.php\\\/2024\\\/12\\\/28\\\/dia-de-los-inocentes\\\/#respond\"]}]},{\"@type\":\"WebPage\",\"@id\":\"https:\\\/\\\/rafaramirez.org\\\/blog\\\/index.php\\\/2024\\\/12\\\/28\\\/dia-de-los-inocentes\\\/\",\"url\":\"https:\\\/\\\/rafaramirez.org\\\/blog\\\/index.php\\\/2024\\\/12\\\/28\\\/dia-de-los-inocentes\\\/\",\"name\":\"D\u00eda de los Inocentes, una tradici\u00f3n con ra\u00edces b\u00edblicas. - Blog de Rafael Ram\u00edrez\",\"isPartOf\":{\"@id\":\"https:\\\/\\\/rafaramirez.org\\\/blog\\\/#website\"},\"primaryImageOfPage\":{\"@id\":\"https:\\\/\\\/rafaramirez.org\\\/blog\\\/index.php\\\/2024\\\/12\\\/28\\\/dia-de-los-inocentes\\\/#primaryimage\"},\"image\":{\"@id\":\"https:\\\/\\\/rafaramirez.org\\\/blog\\\/index.php\\\/2024\\\/12\\\/28\\\/dia-de-los-inocentes\\\/#primaryimage\"},\"thumbnailUrl\":\"https:\\\/\\\/rafaramirez.org\\\/blog\\\/wp-content\\\/uploads\\\/2024\\\/12\\\/Dia_de_los_inocentes_banner.jpg\",\"datePublished\":\"2024-12-28T07:15:10+00:00\",\"description\":\"El D\u00eda de los Inocentes se celebra el 28 de diciembre en Espa\u00f1a y en varios pa\u00edses de Am\u00e9rica Latina. Es una jornada dedicada a las bromas y\",\"breadcrumb\":{\"@id\":\"https:\\\/\\\/rafaramirez.org\\\/blog\\\/index.php\\\/2024\\\/12\\\/28\\\/dia-de-los-inocentes\\\/#breadcrumb\"},\"inLanguage\":\"es\",\"potentialAction\":[{\"@type\":\"ReadAction\",\"target\":[\"https:\\\/\\\/rafaramirez.org\\\/blog\\\/index.php\\\/2024\\\/12\\\/28\\\/dia-de-los-inocentes\\\/\"]}]},{\"@type\":\"ImageObject\",\"inLanguage\":\"es\",\"@id\":\"https:\\\/\\\/rafaramirez.org\\\/blog\\\/index.php\\\/2024\\\/12\\\/28\\\/dia-de-los-inocentes\\\/#primaryimage\",\"url\":\"https:\\\/\\\/rafaramirez.org\\\/blog\\\/wp-content\\\/uploads\\\/2024\\\/12\\\/Dia_de_los_inocentes_banner.jpg\",\"contentUrl\":\"https:\\\/\\\/rafaramirez.org\\\/blog\\\/wp-content\\\/uploads\\\/2024\\\/12\\\/Dia_de_los_inocentes_banner.jpg\",\"width\":720,\"height\":440,\"caption\":\"D\u00eda de los Inocentes. Blog de Rafael Ram\u00edrez.\"},{\"@type\":\"BreadcrumbList\",\"@id\":\"https:\\\/\\\/rafaramirez.org\\\/blog\\\/index.php\\\/2024\\\/12\\\/28\\\/dia-de-los-inocentes\\\/#breadcrumb\",\"itemListElement\":[{\"@type\":\"ListItem\",\"position\":1,\"name\":\"Portada\",\"item\":\"https:\\\/\\\/rafaramirez.org\\\/blog\\\/\"},{\"@type\":\"ListItem\",\"position\":2,\"name\":\"D\u00eda de los Inocentes, una tradici\u00f3n con ra\u00edces b\u00edblicas.\"}]},{\"@type\":\"WebSite\",\"@id\":\"https:\\\/\\\/rafaramirez.org\\\/blog\\\/#website\",\"url\":\"https:\\\/\\\/rafaramirez.org\\\/blog\\\/\",\"name\":\"Blog de Rafael Ram\u00edrez\",\"description\":\"Un sitio social, de arte y cultura\",\"publisher\":{\"@id\":\"https:\\\/\\\/rafaramirez.org\\\/blog\\\/#\\\/schema\\\/person\\\/50f43b6d60c578760d4c17bda54ab6a5\"},\"potentialAction\":[{\"@type\":\"SearchAction\",\"target\":{\"@type\":\"EntryPoint\",\"urlTemplate\":\"https:\\\/\\\/rafaramirez.org\\\/blog\\\/?s={search_term_string}\"},\"query-input\":{\"@type\":\"PropertyValueSpecification\",\"valueRequired\":true,\"valueName\":\"search_term_string\"}}],\"inLanguage\":\"es\"},{\"@type\":[\"Person\",\"Organization\"],\"@id\":\"https:\\\/\\\/rafaramirez.org\\\/blog\\\/#\\\/schema\\\/person\\\/50f43b6d60c578760d4c17bda54ab6a5\",\"name\":\"Rafael Ram\u00edrez\",\"image\":{\"@type\":\"ImageObject\",\"inLanguage\":\"es\",\"@id\":\"https:\\\/\\\/rafaramirez.org\\\/blog\\\/wp-content\\\/uploads\\\/2024\\\/09\\\/RR_socialnetwork.jpg\",\"url\":\"https:\\\/\\\/rafaramirez.org\\\/blog\\\/wp-content\\\/uploads\\\/2024\\\/09\\\/RR_socialnetwork.jpg\",\"contentUrl\":\"https:\\\/\\\/rafaramirez.org\\\/blog\\\/wp-content\\\/uploads\\\/2024\\\/09\\\/RR_socialnetwork.jpg\",\"width\":600,\"height\":606,\"caption\":\"Rafael Ram\u00edrez\"},\"logo\":{\"@id\":\"https:\\\/\\\/rafaramirez.org\\\/blog\\\/wp-content\\\/uploads\\\/2024\\\/09\\\/RR_socialnetwork.jpg\"},\"sameAs\":[\"https:\\\/\\\/www.rafaramirez.org\\\/blog\",\"https:\\\/\\\/www.instagram.com\\\/rafaramirez_ok\\\/\",\"https:\\\/\\\/es.pinterest.com\\\/Ramirez_Rafa\\\/\",\"https:\\\/\\\/x.com\\\/rafaramirez_ok\"],\"url\":\"https:\\\/\\\/rafaramirez.org\\\/blog\\\/index.php\\\/author\\\/rafaell_qm6j97da\\\/\"}]}<\/script>\n<!-- \/ Yoast SEO plugin. -->","yoast_head_json":{"title":"D\u00eda de los Inocentes, una tradici\u00f3n con ra\u00edces b\u00edblicas. - Blog de Rafael Ram\u00edrez","description":"El D\u00eda de los Inocentes se celebra el 28 de diciembre en Espa\u00f1a y en varios pa\u00edses de Am\u00e9rica Latina. Es una jornada dedicada a las bromas y","robots":{"index":"index","follow":"follow","max-snippet":"max-snippet:-1","max-image-preview":"max-image-preview:large","max-video-preview":"max-video-preview:-1"},"canonical":"https:\/\/rafaramirez.org\/blog\/index.php\/2024\/12\/28\/dia-de-los-inocentes\/","og_locale":"es_ES","og_type":"article","og_title":"D\u00eda de los Inocentes, una tradici\u00f3n con ra\u00edces b\u00edblicas. - Blog de Rafael Ram\u00edrez","og_description":"El D\u00eda de los Inocentes se celebra el 28 de diciembre en Espa\u00f1a y en varios pa\u00edses de Am\u00e9rica Latina. Es una jornada dedicada a las bromas y","og_url":"https:\/\/rafaramirez.org\/blog\/index.php\/2024\/12\/28\/dia-de-los-inocentes\/","og_site_name":"Blog de Rafael Ram\u00edrez","article_published_time":"2024-12-28T07:15:10+00:00","og_image":[{"width":720,"height":440,"url":"https:\/\/rafaramirez.org\/blog\/wp-content\/uploads\/2024\/12\/Dia_de_los_inocentes_banner.jpg","type":"image\/jpeg"}],"author":"Rafael Ram\u00edrez","twitter_card":"summary_large_image","twitter_creator":"@rafaramirez_ok","twitter_site":"@rafaramirez_ok","twitter_misc":{"Escrito por":"Rafael Ram\u00edrez","Tiempo de lectura":"4 minutos"},"schema":{"@context":"https:\/\/schema.org","@graph":[{"@type":"Article","@id":"https:\/\/rafaramirez.org\/blog\/index.php\/2024\/12\/28\/dia-de-los-inocentes\/#article","isPartOf":{"@id":"https:\/\/rafaramirez.org\/blog\/index.php\/2024\/12\/28\/dia-de-los-inocentes\/"},"author":{"name":"Rafael Ram\u00edrez","@id":"https:\/\/rafaramirez.org\/blog\/#\/schema\/person\/50f43b6d60c578760d4c17bda54ab6a5"},"headline":"D\u00eda de los Inocentes, una tradici\u00f3n con ra\u00edces b\u00edblicas.","datePublished":"2024-12-28T07:15:10+00:00","mainEntityOfPage":{"@id":"https:\/\/rafaramirez.org\/blog\/index.php\/2024\/12\/28\/dia-de-los-inocentes\/"},"wordCount":634,"commentCount":0,"publisher":{"@id":"https:\/\/rafaramirez.org\/blog\/#\/schema\/person\/50f43b6d60c578760d4c17bda54ab6a5"},"image":{"@id":"https:\/\/rafaramirez.org\/blog\/index.php\/2024\/12\/28\/dia-de-los-inocentes\/#primaryimage"},"thumbnailUrl":"https:\/\/rafaramirez.org\/blog\/wp-content\/uploads\/2024\/12\/Dia_de_los_inocentes_banner.jpg","keywords":["blog de Rafael Ram\u00edrez","D\u00eda de los Inocentes","efem\u00e9rides","efem\u00e9rides en diciembre","Historia detr\u00e1s del D\u00eda de los Inocentes"],"articleSection":["Efem\u00e9rides"],"inLanguage":"es","potentialAction":[{"@type":"CommentAction","name":"Comment","target":["https:\/\/rafaramirez.org\/blog\/index.php\/2024\/12\/28\/dia-de-los-inocentes\/#respond"]}]},{"@type":"WebPage","@id":"https:\/\/rafaramirez.org\/blog\/index.php\/2024\/12\/28\/dia-de-los-inocentes\/","url":"https:\/\/rafaramirez.org\/blog\/index.php\/2024\/12\/28\/dia-de-los-inocentes\/","name":"D\u00eda de los Inocentes, una tradici\u00f3n con ra\u00edces b\u00edblicas. - Blog de Rafael Ram\u00edrez","isPartOf":{"@id":"https:\/\/rafaramirez.org\/blog\/#website"},"primaryImageOfPage":{"@id":"https:\/\/rafaramirez.org\/blog\/index.php\/2024\/12\/28\/dia-de-los-inocentes\/#primaryimage"},"image":{"@id":"https:\/\/rafaramirez.org\/blog\/index.php\/2024\/12\/28\/dia-de-los-inocentes\/#primaryimage"},"thumbnailUrl":"https:\/\/rafaramirez.org\/blog\/wp-content\/uploads\/2024\/12\/Dia_de_los_inocentes_banner.jpg","datePublished":"2024-12-28T07:15:10+00:00","description":"El D\u00eda de los Inocentes se celebra el 28 de diciembre en Espa\u00f1a y en varios pa\u00edses de Am\u00e9rica Latina. Es una jornada dedicada a las bromas y","breadcrumb":{"@id":"https:\/\/rafaramirez.org\/blog\/index.php\/2024\/12\/28\/dia-de-los-inocentes\/#breadcrumb"},"inLanguage":"es","potentialAction":[{"@type":"ReadAction","target":["https:\/\/rafaramirez.org\/blog\/index.php\/2024\/12\/28\/dia-de-los-inocentes\/"]}]},{"@type":"ImageObject","inLanguage":"es","@id":"https:\/\/rafaramirez.org\/blog\/index.php\/2024\/12\/28\/dia-de-los-inocentes\/#primaryimage","url":"https:\/\/rafaramirez.org\/blog\/wp-content\/uploads\/2024\/12\/Dia_de_los_inocentes_banner.jpg","contentUrl":"https:\/\/rafaramirez.org\/blog\/wp-content\/uploads\/2024\/12\/Dia_de_los_inocentes_banner.jpg","width":720,"height":440,"caption":"D\u00eda de los Inocentes. Blog de Rafael Ram\u00edrez."},{"@type":"BreadcrumbList","@id":"https:\/\/rafaramirez.org\/blog\/index.php\/2024\/12\/28\/dia-de-los-inocentes\/#breadcrumb","itemListElement":[{"@type":"ListItem","position":1,"name":"Portada","item":"https:\/\/rafaramirez.org\/blog\/"},{"@type":"ListItem","position":2,"name":"D\u00eda de los Inocentes, una tradici\u00f3n con ra\u00edces b\u00edblicas."}]},{"@type":"WebSite","@id":"https:\/\/rafaramirez.org\/blog\/#website","url":"https:\/\/rafaramirez.org\/blog\/","name":"Blog de Rafael Ram\u00edrez","description":"Un sitio social, de arte y cultura","publisher":{"@id":"https:\/\/rafaramirez.org\/blog\/#\/schema\/person\/50f43b6d60c578760d4c17bda54ab6a5"},"potentialAction":[{"@type":"SearchAction","target":{"@type":"EntryPoint","urlTemplate":"https:\/\/rafaramirez.org\/blog\/?s={search_term_string}"},"query-input":{"@type":"PropertyValueSpecification","valueRequired":true,"valueName":"search_term_string"}}],"inLanguage":"es"},{"@type":["Person","Organization"],"@id":"https:\/\/rafaramirez.org\/blog\/#\/schema\/person\/50f43b6d60c578760d4c17bda54ab6a5","name":"Rafael Ram\u00edrez","image":{"@type":"ImageObject","inLanguage":"es","@id":"https:\/\/rafaramirez.org\/blog\/wp-content\/uploads\/2024\/09\/RR_socialnetwork.jpg","url":"https:\/\/rafaramirez.org\/blog\/wp-content\/uploads\/2024\/09\/RR_socialnetwork.jpg","contentUrl":"https:\/\/rafaramirez.org\/blog\/wp-content\/uploads\/2024\/09\/RR_socialnetwork.jpg","width":600,"height":606,"caption":"Rafael Ram\u00edrez"},"logo":{"@id":"https:\/\/rafaramirez.org\/blog\/wp-content\/uploads\/2024\/09\/RR_socialnetwork.jpg"},"sameAs":["https:\/\/www.rafaramirez.org\/blog","https:\/\/www.instagram.com\/rafaramirez_ok\/","https:\/\/es.pinterest.com\/Ramirez_Rafa\/","https:\/\/x.com\/rafaramirez_ok"],"url":"https:\/\/rafaramirez.org\/blog\/index.php\/author\/rafaell_qm6j97da\/"}]}},"jetpack_publicize_connections":[],"jetpack_sharing_enabled":true,"jetpack_likes_enabled":true,"jetpack_featured_media_url":"https:\/\/rafaramirez.org\/blog\/wp-content\/uploads\/2024\/12\/Dia_de_los_inocentes_banner.jpg","_links":{"self":[{"href":"https:\/\/rafaramirez.org\/blog\/index.php\/wp-json\/wp\/v2\/posts\/7512","targetHints":{"allow":["GET"]}}],"collection":[{"href":"https:\/\/rafaramirez.org\/blog\/index.php\/wp-json\/wp\/v2\/posts"}],"about":[{"href":"https:\/\/rafaramirez.org\/blog\/index.php\/wp-json\/wp\/v2\/types\/post"}],"author":[{"embeddable":true,"href":"https:\/\/rafaramirez.org\/blog\/index.php\/wp-json\/wp\/v2\/users\/1"}],"replies":[{"embeddable":true,"href":"https:\/\/rafaramirez.org\/blog\/index.php\/wp-json\/wp\/v2\/comments?post=7512"}],"version-history":[{"count":5,"href":"https:\/\/rafaramirez.org\/blog\/index.php\/wp-json\/wp\/v2\/posts\/7512\/revisions"}],"predecessor-version":[{"id":7520,"href":"https:\/\/rafaramirez.org\/blog\/index.php\/wp-json\/wp\/v2\/posts\/7512\/revisions\/7520"}],"wp:featuredmedia":[{"embeddable":true,"href":"https:\/\/rafaramirez.org\/blog\/index.php\/wp-json\/wp\/v2\/media\/7516"}],"wp:attachment":[{"href":"https:\/\/rafaramirez.org\/blog\/index.php\/wp-json\/wp\/v2\/media?parent=7512"}],"wp:term":[{"taxonomy":"category","embeddable":true,"href":"https:\/\/rafaramirez.org\/blog\/index.php\/wp-json\/wp\/v2\/categories?post=7512"},{"taxonomy":"post_tag","embeddable":true,"href":"https:\/\/rafaramirez.org\/blog\/index.php\/wp-json\/wp\/v2\/tags?post=7512"}],"curies":[{"name":"wp","href":"https:\/\/api.w.org\/{rel}","templated":true}]}}