{"id":7423,"date":"2024-12-25T08:15:18","date_gmt":"2024-12-25T07:15:18","guid":{"rendered":"https:\/\/rafaramirez.org\/blog\/?p=7423"},"modified":"2024-12-25T19:33:21","modified_gmt":"2024-12-25T18:33:21","slug":"dia-de-navidad","status":"publish","type":"post","link":"https:\/\/rafaramirez.org\/blog\/index.php\/2024\/12\/25\/dia-de-navidad\/","title":{"rendered":"D\u00eda de Navidad, una de las festividades m\u00e1s importantes en el mundo entero."},"content":{"rendered":"<p>El d\u00eda de Navidad, celebrado el 25 de diciembre, es una festividad cristiana que conmemora el nacimiento de Jesucristo. Es una de las festividades m\u00e1s importantes del cristianismo y se celebra en muchos pa\u00edses alrededor del mundo.<\/p>\n<p>En Espa\u00f1a, la Navidad es una \u00e9poca llena de tradiciones y celebraciones. Las familias suelen reunirse para compartir comidas especiales y dulces t\u00edpicos de estas fechas como el turr\u00f3n, mazap\u00e1n o los mantecados y polvorones.<\/p>\n<p>Las casas y calles se decoran con luces y adornos navide\u00f1os, y en muchas ciudades se instalan belenes, que son representaciones del nacimiento de Jes\u00fas. Adem\u00e1s, los ni\u00f1os esperan con ilusi\u00f3n la llegada de los Reyes Magos el 6 de enero, quienes les traen regalos.<\/p>\n<figure id=\"attachment_7433\" aria-describedby=\"caption-attachment-7433\" style=\"width: 300px\" class=\"wp-caption aligncenter\"><a href=\"https:\/\/rafaramirez.org\/blog\/wp-content\/uploads\/2024\/12\/christmas-background-4669449.jpg\" target=\"_blank\" rel=\"noopener\"><img loading=\"lazy\" decoding=\"async\" class=\"wp-image-7433 size-medium\" src=\"https:\/\/rafaramirez.org\/blog\/wp-content\/uploads\/2024\/12\/christmas-background-4669449-300x200.jpg\" alt=\"Regalos por Navidad o Reyes. Blog de Rafael Ram\u00edrez.\" width=\"300\" height=\"200\" srcset=\"https:\/\/rafaramirez.org\/blog\/wp-content\/uploads\/2024\/12\/christmas-background-4669449-300x200.jpg 300w, https:\/\/rafaramirez.org\/blog\/wp-content\/uploads\/2024\/12\/christmas-background-4669449-768x512.jpg 768w, https:\/\/rafaramirez.org\/blog\/wp-content\/uploads\/2024\/12\/christmas-background-4669449.jpg 1000w\" sizes=\"auto, (max-width: 300px) 100vw, 300px\" \/><\/a><figcaption id=\"caption-attachment-7433\" class=\"wp-caption-text\">Regalos por Navidad o Reyes. Blog de Rafael Ram\u00edrez.<\/figcaption><\/figure>\n<h3>Historia detr\u00e1s de esta tradici\u00f3n navide\u00f1a.<\/h3>\n<p>La tradici\u00f3n de celebrar la Navidad el 25 de diciembre tiene sus ra\u00edces en la antigua Roma. Los romanos celebraban una festividad llamada Saturnalia o fiestas Saturnales, en honor al dios Saturno, que coincid\u00eda con el solsticio de invierno. Esta festividad inclu\u00eda banquetes, intercambios de regalos y decoraciones con ramas de \u00e1rboles.<\/p>\n<p>Con la expansi\u00f3n del cristianismo, la Iglesia decidi\u00f3 establecer una fecha para celebrar el nacimiento de Jesucristo. Aunque la fecha exacta del nacimiento de Jes\u00fas no se conoce, se eligi\u00f3 el 25 de diciembre para coincidir con las festividades paganas existentes y facilitar la conversi\u00f3n de los pueblos al cristianismo.<\/p>\n<p>A lo largo de los siglos, la Navidad ha evolucionado y se han incorporado diversas tradiciones de diferentes culturas. Por ejemplo, el \u00e1rbol de Navidad tiene sus or\u00edgenes en las antiguas celebraciones germ\u00e1nicas, y la figura de Santa Claus se basa en San Nicol\u00e1s, un obispo del siglo IV conocido por su generosidad.<\/p>\n<p>Hoy en d\u00eda, la Navidad es una celebraci\u00f3n que combina elementos religiosos y culturales, y es una \u00e9poca para compartir con la familia y los seres queridos.<\/p>\n<figure id=\"attachment_7430\" aria-describedby=\"caption-attachment-7430\" style=\"width: 300px\" class=\"wp-caption aligncenter\"><a href=\"https:\/\/rafaramirez.org\/blog\/wp-content\/uploads\/2024\/12\/table-setting-791149.jpg\" target=\"_blank\" rel=\"noopener\"><img loading=\"lazy\" decoding=\"async\" class=\"wp-image-7430 size-medium\" src=\"https:\/\/rafaramirez.org\/blog\/wp-content\/uploads\/2024\/12\/table-setting-791149-300x200.jpg\" alt=\"Comida navide\u00f1a. Blog de Rafael Ram\u00edrez.\" width=\"300\" height=\"200\" srcset=\"https:\/\/rafaramirez.org\/blog\/wp-content\/uploads\/2024\/12\/table-setting-791149-300x200.jpg 300w, https:\/\/rafaramirez.org\/blog\/wp-content\/uploads\/2024\/12\/table-setting-791149-768x512.jpg 768w, https:\/\/rafaramirez.org\/blog\/wp-content\/uploads\/2024\/12\/table-setting-791149.jpg 1000w\" sizes=\"auto, (max-width: 300px) 100vw, 300px\" \/><\/a><figcaption id=\"caption-attachment-7430\" class=\"wp-caption-text\">Comida navide\u00f1a. D\u00eda de Navidad. Blog de Rafael Ram\u00edrez.<\/figcaption><\/figure>\n<h3>Celebraci\u00f3n de la Navidad en Andaluc\u00eda (Espa\u00f1a).<\/h3>\n<p>En Andaluc\u00eda, la Navidad se celebra con una mezcla de tradiciones religiosas y festivas que reflejan la rica cultura de la regi\u00f3n. Aqu\u00ed te cuento algunas de las costumbres m\u00e1s destacadas:<\/p>\n<ul>\n<li><strong>Bel\u00e9n Viviente:<\/strong> Muchas localidades andaluzas organizan belenes vivientes, donde los vecinos representan escenas del nacimiento de Jes\u00fas. Estos eventos suelen incluir mercados navide\u00f1os y actividades para toda la familia.<\/li>\n<li><strong>Zambomb\u00e1s:<\/strong> En Jerez de la Frontera y otras partes de Andaluc\u00eda, las zambomb\u00e1s son fiestas populares donde se canta y se toca la zambomba, un instrumento tradicional. Estas reuniones suelen celebrarse en patios y plazas, y son una oportunidad para disfrutar de villancicos y gastronom\u00eda local.<\/li>\n<li><strong>Misa del Gallo:<\/strong> La noche del 24 de diciembre, muchas familias asisten a la Misa del Gallo, una celebraci\u00f3n religiosa que tiene lugar a medianoche. Es un momento de recogimiento y reflexi\u00f3n antes de las festividades del d\u00eda de Navidad.<\/li>\n<\/ul>\n<figure id=\"attachment_7429\" aria-describedby=\"caption-attachment-7429\" style=\"width: 300px\" class=\"wp-caption aligncenter\"><a href=\"https:\/\/rafaramirez.org\/blog\/wp-content\/uploads\/2024\/12\/christmas-market-4705877.jpg\" target=\"_blank\" rel=\"noopener\"><img loading=\"lazy\" decoding=\"async\" class=\"wp-image-7429 size-medium\" src=\"https:\/\/rafaramirez.org\/blog\/wp-content\/uploads\/2024\/12\/christmas-market-4705877-300x200.jpg\" alt=\"Mercado navide\u00f1o. Blog de Rafael Ram\u00edrez.\" width=\"300\" height=\"200\" srcset=\"https:\/\/rafaramirez.org\/blog\/wp-content\/uploads\/2024\/12\/christmas-market-4705877-300x200.jpg 300w, https:\/\/rafaramirez.org\/blog\/wp-content\/uploads\/2024\/12\/christmas-market-4705877-768x512.jpg 768w, https:\/\/rafaramirez.org\/blog\/wp-content\/uploads\/2024\/12\/christmas-market-4705877.jpg 1000w\" sizes=\"auto, (max-width: 300px) 100vw, 300px\" \/><\/a><figcaption id=\"caption-attachment-7429\" class=\"wp-caption-text\">Mercado navide\u00f1o. D\u00eda de Navidad. Blog de Rafael Ram\u00edrez.<\/figcaption><\/figure>\n<ul>\n<li><strong>Comidas y dulces navide\u00f1os:<\/strong> La gastronom\u00eda juega un papel importante en la Navidad andaluza. Platos como el cordero asado, el pavo o pollo relleno y los mariscos son comunes en las cenas familiares. Adem\u00e1s, los dulces t\u00edpicos como los mantecados, polvorones y alfajores son imprescindibles en estas fechas.<\/li>\n<li><strong>Cabalgata de Reyes:<\/strong> Aunque no es exclusiva de Andaluc\u00eda, la Cabalgata de Reyes es una de las celebraciones m\u00e1s esperadas. La tarde del 5 de enero, desfiles con carrozas y personajes disfrazados recorren las calles, repartiendo caramelos y regalos a los ni\u00f1os. La noche de este d\u00eda, al volver a casa, los ni\u00f1os dejan sus zapatos junto a la ventana o el balc\u00f3n, esperando que los Reyes Magos les dejen regalos.<\/li>\n<\/ul>\n<p>Estas son solo algunas de las tradiciones que hacen de la Navidad en Andaluc\u00eda una \u00e9poca m\u00e1gica y especial.<\/p>\n<figure id=\"attachment_7431\" aria-describedby=\"caption-attachment-7431\" style=\"width: 300px\" class=\"wp-caption aligncenter\"><a href=\"https:\/\/rafaramirez.org\/blog\/wp-content\/uploads\/2024\/12\/tallinn-3622413.jpg\" target=\"_blank\" rel=\"noopener\"><img loading=\"lazy\" decoding=\"async\" class=\"wp-image-7431 size-medium\" src=\"https:\/\/rafaramirez.org\/blog\/wp-content\/uploads\/2024\/12\/tallinn-3622413-300x203.jpg\" alt=\"Calle adornada navide\u00f1a. Blog de Rafael Ram\u00edrez.\" width=\"300\" height=\"203\" srcset=\"https:\/\/rafaramirez.org\/blog\/wp-content\/uploads\/2024\/12\/tallinn-3622413-300x203.jpg 300w, https:\/\/rafaramirez.org\/blog\/wp-content\/uploads\/2024\/12\/tallinn-3622413-768x521.jpg 768w, https:\/\/rafaramirez.org\/blog\/wp-content\/uploads\/2024\/12\/tallinn-3622413.jpg 1000w\" sizes=\"auto, (max-width: 300px) 100vw, 300px\" \/><\/a><figcaption id=\"caption-attachment-7431\" class=\"wp-caption-text\">Calle adornada por Navidad. Blog de Rafael Ram\u00edrez.<\/figcaption><\/figure>\n<h3>Reflexi\u00f3n navide\u00f1a.<\/h3>\n<p>Sin duda, la Navidad es una festividad que trasciende las barreras culturales y religiosas, y su importancia radica en los valores universales que promueve. Es un momento para la reflexi\u00f3n, la gratitud y la renovaci\u00f3n de la esperanza. La Navidad nos invita a reconectar con nuestros seres queridos, as\u00ed como a compartir momentos de alegr\u00eda y a practicar la generosidad y la solidaridad.<\/p>\n<p>En un mundo que a menudo se mueve a un ritmo fren\u00e9tico, sin duda que la Navidad nos ofrece una pausa para valorar lo que realmente importa: las relaciones humanas, el amor y la compasi\u00f3n. Asimismo es una oportunidad para recordar que, a pesar de las diferencias, todos compartimos la misma humanidad y podemos encontrar puntos de uni\u00f3n en la bondad y el deseo de un mundo mejor.<\/p>\n<p>Adem\u00e1s, la Navidad tiene un profundo significado espiritual para los cristianos, ya que celebra el nacimiento de Jesucristo, quien representa la esperanza y la salvaci\u00f3n. Esta festividad nos recuerda la importancia de la fe y la espiritualidad en nuestras vidas, y nos anima a vivir de acuerdo con principios de paz y justicia.<\/p>\n<p>En resumen, la Navidad es mucho m\u00e1s que una celebraci\u00f3n; es un recordatorio de los valores que nos unen y nos inspiran a ser mejores personas. Es un tiempo para renovar nuestro compromiso con la bondad y la generosidad, y para sembrar semillas de amor y esperanza en el coraz\u00f3n de quienes nos rodean.<\/p>\n<figure id=\"attachment_7432\" aria-describedby=\"caption-attachment-7432\" style=\"width: 300px\" class=\"wp-caption aligncenter\"><a href=\"https:\/\/rafaramirez.org\/blog\/wp-content\/uploads\/2024\/12\/merry-christmas-2953721.jpg\" target=\"_blank\" rel=\"noopener\"><img loading=\"lazy\" decoding=\"async\" class=\"wp-image-7432 size-medium\" src=\"https:\/\/rafaramirez.org\/blog\/wp-content\/uploads\/2024\/12\/merry-christmas-2953721-300x207.jpg\" alt=\"Feliz Navidad. Blog de Rafael Ram\u00edrez.\" width=\"300\" height=\"207\" srcset=\"https:\/\/rafaramirez.org\/blog\/wp-content\/uploads\/2024\/12\/merry-christmas-2953721-300x207.jpg 300w, https:\/\/rafaramirez.org\/blog\/wp-content\/uploads\/2024\/12\/merry-christmas-2953721-768x529.jpg 768w, https:\/\/rafaramirez.org\/blog\/wp-content\/uploads\/2024\/12\/merry-christmas-2953721.jpg 1000w\" sizes=\"auto, (max-width: 300px) 100vw, 300px\" \/><\/a><figcaption id=\"caption-attachment-7432\" class=\"wp-caption-text\">Feliz Navidad. Blog de Rafael Ram\u00edrez.<\/figcaption><\/figure>\n<p><strong>\u00bfY t\u00fa qu\u00e9 piensas sobre la Navidad y su significado? Puedes dejar tus comentarios debajo del post. \u00a1Felices Fiestas!<\/strong> \ud83c\udf84\u2728<\/p>\n<p>M\u00e1s informaci\u00f3n:<\/p>\n<ul>\n<li><a href=\"https:\/\/es.wikipedia.org\/wiki\/Navidad\" target=\"_blank\" rel=\"noopener\">Wikipedia<\/a>.<\/li>\n<li><a href=\"https:\/\/concepto.de\/navidad\/\" target=\"_blank\" rel=\"noopener\">Concepto de<\/a>.<\/li>\n<li><a href=\"https:\/\/marieclaire.com.mx\/navidad-historia\/\" target=\"_blank\" rel=\"noopener\">Marie Claire<\/a>.<\/li>\n<li><a href=\"https:\/\/rafaramirez.org\/blog\/index.php\/category\/arte\/cine\/\" target=\"_blank\" rel=\"noopener\">Cine recomendado navide\u00f1o<\/a>.<\/li>\n<li><a href=\"https:\/\/rafaramirez.org\/blog\/index.php\/category\/arte\/efemerides\/\" target=\"_blank\" rel=\"noopener\">Otras efem\u00e9rides<\/a>.<\/li>\n<\/ul>\n","protected":false},"excerpt":{"rendered":"<p>El d\u00eda de Navidad, celebrado el 25 de diciembre, es una festividad cristiana que conmemora el nacimiento de Jesucristo. Es una de las festividades m\u00e1s importantes del cristianismo y se celebra en muchos pa\u00edses alrededor del mundo. En Espa\u00f1a, la Navidad es una \u00e9poca llena de tradiciones y celebraciones. Las familias suelen reunirse para compartir [&hellip;]<\/p>\n","protected":false},"author":1,"featured_media":7438,"comment_status":"open","ping_status":"closed","sticky":false,"template":"","format":"standard","meta":{"site-container-style":"default","site-container-layout":"default","site-sidebar-layout":"default","disable-article-header":"default","disable-site-header":"default","disable-site-footer":"default","disable-content-area-spacing":"default","_jetpack_newsletter_access":"","_jetpack_dont_email_post_to_subs":false,"_jetpack_newsletter_tier_id":0,"_jetpack_memberships_contains_paywalled_content":false,"_jetpack_feature_clip_id":0,"_jetpack_memberships_contains_paid_content":false,"footnotes":"","jetpack_publicize_message":"","jetpack_publicize_feature_enabled":true,"jetpack_social_post_already_shared":true,"jetpack_social_options":{"image_generator_settings":{"template":"highway","default_image_id":0,"font":"","enabled":false},"version":2},"jetpack_post_was_ever_published":false},"categories":[1291],"tags":[1348,68,3894,1323,3873,3895,3896,3868,3867],"class_list":["post-7423","post","type-post","status-publish","format-standard","has-post-thumbnail","hentry","category-efemerides","tag-25-de-diciembre","tag-blog-de-rafael-ramirez","tag-dia-de-navidad","tag-efemerides","tag-efemerides-en-diciembre","tag-nacimiento-de-jesucristo","tag-natividad","tag-saturnales","tag-saturnalia"],"yoast_head":"<!-- This site is optimized with the Yoast SEO plugin v28.4 - https:\/\/yoast.com\/product\/yoast-seo-wordpress\/ -->\n<title>D\u00eda de Navidad, una de las festividades m\u00e1s importantes en el mundo entero. - Blog de Rafael Ram\u00edrez<\/title>\n<meta name=\"description\" content=\"El d\u00eda de Navidad, celebrado el 25 de diciembre, es una festividad cristiana que conmemora el nacimiento de Jes\u00fas. Es de las m\u00e1s importantes\" \/>\n<meta name=\"robots\" content=\"index, follow, max-snippet:-1, max-image-preview:large, max-video-preview:-1\" \/>\n<link rel=\"canonical\" href=\"https:\/\/rafaramirez.org\/blog\/index.php\/2024\/12\/25\/dia-de-navidad\/\" \/>\n<meta property=\"og:locale\" content=\"es_ES\" \/>\n<meta property=\"og:type\" content=\"article\" \/>\n<meta property=\"og:title\" content=\"D\u00eda de Navidad, una de las festividades m\u00e1s importantes en el mundo entero. - Blog de Rafael Ram\u00edrez\" \/>\n<meta property=\"og:description\" content=\"El d\u00eda de Navidad, celebrado el 25 de diciembre, es una festividad cristiana que conmemora el nacimiento de Jes\u00fas. Es de las m\u00e1s importantes\" \/>\n<meta property=\"og:url\" content=\"https:\/\/rafaramirez.org\/blog\/index.php\/2024\/12\/25\/dia-de-navidad\/\" \/>\n<meta property=\"og:site_name\" content=\"Blog de Rafael Ram\u00edrez\" \/>\n<meta property=\"article:published_time\" content=\"2024-12-25T07:15:18+00:00\" \/>\n<meta property=\"article:modified_time\" content=\"2024-12-25T18:33:21+00:00\" \/>\n<meta property=\"og:image\" content=\"https:\/\/rafaramirez.org\/blog\/wp-content\/uploads\/2024\/12\/Dia_de_Navidad_Blog_de_Rafael_Ramirez.jpg\" \/>\n\t<meta property=\"og:image:width\" content=\"720\" \/>\n\t<meta property=\"og:image:height\" content=\"440\" \/>\n\t<meta property=\"og:image:type\" content=\"image\/jpeg\" \/>\n<meta name=\"author\" content=\"Rafael Ram\u00edrez\" \/>\n<meta name=\"twitter:card\" content=\"summary_large_image\" \/>\n<meta name=\"twitter:creator\" content=\"@rafaramirez_ok\" \/>\n<meta name=\"twitter:site\" content=\"@rafaramirez_ok\" \/>\n<meta name=\"twitter:label1\" content=\"Escrito por\" \/>\n\t<meta name=\"twitter:data1\" content=\"Rafael Ram\u00edrez\" \/>\n\t<meta name=\"twitter:label2\" content=\"Tiempo de lectura\" \/>\n\t<meta name=\"twitter:data2\" content=\"6 minutos\" \/>\n<script type=\"application\/ld+json\" class=\"yoast-schema-graph\">{\"@context\":\"https:\\\/\\\/schema.org\",\"@graph\":[{\"@type\":\"Article\",\"@id\":\"https:\\\/\\\/rafaramirez.org\\\/blog\\\/index.php\\\/2024\\\/12\\\/25\\\/dia-de-navidad\\\/#article\",\"isPartOf\":{\"@id\":\"https:\\\/\\\/rafaramirez.org\\\/blog\\\/index.php\\\/2024\\\/12\\\/25\\\/dia-de-navidad\\\/\"},\"author\":{\"name\":\"Rafael Ram\u00edrez\",\"@id\":\"https:\\\/\\\/rafaramirez.org\\\/blog\\\/#\\\/schema\\\/person\\\/50f43b6d60c578760d4c17bda54ab6a5\"},\"headline\":\"D\u00eda de Navidad, una de las festividades m\u00e1s importantes en el mundo entero.\",\"datePublished\":\"2024-12-25T07:15:18+00:00\",\"dateModified\":\"2024-12-25T18:33:21+00:00\",\"mainEntityOfPage\":{\"@id\":\"https:\\\/\\\/rafaramirez.org\\\/blog\\\/index.php\\\/2024\\\/12\\\/25\\\/dia-de-navidad\\\/\"},\"wordCount\":1033,\"commentCount\":0,\"publisher\":{\"@id\":\"https:\\\/\\\/rafaramirez.org\\\/blog\\\/#\\\/schema\\\/person\\\/50f43b6d60c578760d4c17bda54ab6a5\"},\"image\":{\"@id\":\"https:\\\/\\\/rafaramirez.org\\\/blog\\\/index.php\\\/2024\\\/12\\\/25\\\/dia-de-navidad\\\/#primaryimage\"},\"thumbnailUrl\":\"https:\\\/\\\/rafaramirez.org\\\/blog\\\/wp-content\\\/uploads\\\/2024\\\/12\\\/Dia_de_Navidad_Blog_de_Rafael_Ramirez.jpg\",\"keywords\":[\"25 de diciembre\",\"blog de Rafael Ram\u00edrez\",\"d\u00eda de Navidad\",\"efem\u00e9rides\",\"efem\u00e9rides en diciembre\",\"nacimiento de Jesucristo\",\"natividad\",\"Saturnales\",\"Saturnalia\"],\"articleSection\":[\"Efem\u00e9rides\"],\"inLanguage\":\"es\",\"potentialAction\":[{\"@type\":\"CommentAction\",\"name\":\"Comment\",\"target\":[\"https:\\\/\\\/rafaramirez.org\\\/blog\\\/index.php\\\/2024\\\/12\\\/25\\\/dia-de-navidad\\\/#respond\"]}]},{\"@type\":\"WebPage\",\"@id\":\"https:\\\/\\\/rafaramirez.org\\\/blog\\\/index.php\\\/2024\\\/12\\\/25\\\/dia-de-navidad\\\/\",\"url\":\"https:\\\/\\\/rafaramirez.org\\\/blog\\\/index.php\\\/2024\\\/12\\\/25\\\/dia-de-navidad\\\/\",\"name\":\"D\u00eda de Navidad, una de las festividades m\u00e1s importantes en el mundo entero. - Blog de Rafael Ram\u00edrez\",\"isPartOf\":{\"@id\":\"https:\\\/\\\/rafaramirez.org\\\/blog\\\/#website\"},\"primaryImageOfPage\":{\"@id\":\"https:\\\/\\\/rafaramirez.org\\\/blog\\\/index.php\\\/2024\\\/12\\\/25\\\/dia-de-navidad\\\/#primaryimage\"},\"image\":{\"@id\":\"https:\\\/\\\/rafaramirez.org\\\/blog\\\/index.php\\\/2024\\\/12\\\/25\\\/dia-de-navidad\\\/#primaryimage\"},\"thumbnailUrl\":\"https:\\\/\\\/rafaramirez.org\\\/blog\\\/wp-content\\\/uploads\\\/2024\\\/12\\\/Dia_de_Navidad_Blog_de_Rafael_Ramirez.jpg\",\"datePublished\":\"2024-12-25T07:15:18+00:00\",\"dateModified\":\"2024-12-25T18:33:21+00:00\",\"description\":\"El d\u00eda de Navidad, celebrado el 25 de diciembre, es una festividad cristiana que conmemora el nacimiento de Jes\u00fas. Es de las m\u00e1s importantes\",\"breadcrumb\":{\"@id\":\"https:\\\/\\\/rafaramirez.org\\\/blog\\\/index.php\\\/2024\\\/12\\\/25\\\/dia-de-navidad\\\/#breadcrumb\"},\"inLanguage\":\"es\",\"potentialAction\":[{\"@type\":\"ReadAction\",\"target\":[\"https:\\\/\\\/rafaramirez.org\\\/blog\\\/index.php\\\/2024\\\/12\\\/25\\\/dia-de-navidad\\\/\"]}]},{\"@type\":\"ImageObject\",\"inLanguage\":\"es\",\"@id\":\"https:\\\/\\\/rafaramirez.org\\\/blog\\\/index.php\\\/2024\\\/12\\\/25\\\/dia-de-navidad\\\/#primaryimage\",\"url\":\"https:\\\/\\\/rafaramirez.org\\\/blog\\\/wp-content\\\/uploads\\\/2024\\\/12\\\/Dia_de_Navidad_Blog_de_Rafael_Ramirez.jpg\",\"contentUrl\":\"https:\\\/\\\/rafaramirez.org\\\/blog\\\/wp-content\\\/uploads\\\/2024\\\/12\\\/Dia_de_Navidad_Blog_de_Rafael_Ramirez.jpg\",\"width\":720,\"height\":440,\"caption\":\"25 de diciembre d\u00eda de Navidad. Blog de Rafael Ram\u00edrez.\"},{\"@type\":\"BreadcrumbList\",\"@id\":\"https:\\\/\\\/rafaramirez.org\\\/blog\\\/index.php\\\/2024\\\/12\\\/25\\\/dia-de-navidad\\\/#breadcrumb\",\"itemListElement\":[{\"@type\":\"ListItem\",\"position\":1,\"name\":\"Portada\",\"item\":\"https:\\\/\\\/rafaramirez.org\\\/blog\\\/\"},{\"@type\":\"ListItem\",\"position\":2,\"name\":\"D\u00eda de Navidad, una de las festividades m\u00e1s importantes en el mundo entero.\"}]},{\"@type\":\"WebSite\",\"@id\":\"https:\\\/\\\/rafaramirez.org\\\/blog\\\/#website\",\"url\":\"https:\\\/\\\/rafaramirez.org\\\/blog\\\/\",\"name\":\"Blog de Rafael Ram\u00edrez\",\"description\":\"Un sitio social, de arte y cultura\",\"publisher\":{\"@id\":\"https:\\\/\\\/rafaramirez.org\\\/blog\\\/#\\\/schema\\\/person\\\/50f43b6d60c578760d4c17bda54ab6a5\"},\"potentialAction\":[{\"@type\":\"SearchAction\",\"target\":{\"@type\":\"EntryPoint\",\"urlTemplate\":\"https:\\\/\\\/rafaramirez.org\\\/blog\\\/?s={search_term_string}\"},\"query-input\":{\"@type\":\"PropertyValueSpecification\",\"valueRequired\":true,\"valueName\":\"search_term_string\"}}],\"inLanguage\":\"es\"},{\"@type\":[\"Person\",\"Organization\"],\"@id\":\"https:\\\/\\\/rafaramirez.org\\\/blog\\\/#\\\/schema\\\/person\\\/50f43b6d60c578760d4c17bda54ab6a5\",\"name\":\"Rafael Ram\u00edrez\",\"image\":{\"@type\":\"ImageObject\",\"inLanguage\":\"es\",\"@id\":\"https:\\\/\\\/rafaramirez.org\\\/blog\\\/wp-content\\\/uploads\\\/2024\\\/09\\\/RR_socialnetwork.jpg\",\"url\":\"https:\\\/\\\/rafaramirez.org\\\/blog\\\/wp-content\\\/uploads\\\/2024\\\/09\\\/RR_socialnetwork.jpg\",\"contentUrl\":\"https:\\\/\\\/rafaramirez.org\\\/blog\\\/wp-content\\\/uploads\\\/2024\\\/09\\\/RR_socialnetwork.jpg\",\"width\":600,\"height\":606,\"caption\":\"Rafael Ram\u00edrez\"},\"logo\":{\"@id\":\"https:\\\/\\\/rafaramirez.org\\\/blog\\\/wp-content\\\/uploads\\\/2024\\\/09\\\/RR_socialnetwork.jpg\"},\"sameAs\":[\"https:\\\/\\\/www.rafaramirez.org\\\/blog\",\"https:\\\/\\\/www.instagram.com\\\/rafaramirez_ok\\\/\",\"https:\\\/\\\/es.pinterest.com\\\/Ramirez_Rafa\\\/\",\"https:\\\/\\\/x.com\\\/rafaramirez_ok\"],\"url\":\"https:\\\/\\\/rafaramirez.org\\\/blog\\\/index.php\\\/author\\\/rafaell_qm6j97da\\\/\"}]}<\/script>\n<!-- \/ Yoast SEO plugin. -->","yoast_head_json":{"title":"D\u00eda de Navidad, una de las festividades m\u00e1s importantes en el mundo entero. - Blog de Rafael Ram\u00edrez","description":"El d\u00eda de Navidad, celebrado el 25 de diciembre, es una festividad cristiana que conmemora el nacimiento de Jes\u00fas. Es de las m\u00e1s importantes","robots":{"index":"index","follow":"follow","max-snippet":"max-snippet:-1","max-image-preview":"max-image-preview:large","max-video-preview":"max-video-preview:-1"},"canonical":"https:\/\/rafaramirez.org\/blog\/index.php\/2024\/12\/25\/dia-de-navidad\/","og_locale":"es_ES","og_type":"article","og_title":"D\u00eda de Navidad, una de las festividades m\u00e1s importantes en el mundo entero. - Blog de Rafael Ram\u00edrez","og_description":"El d\u00eda de Navidad, celebrado el 25 de diciembre, es una festividad cristiana que conmemora el nacimiento de Jes\u00fas. Es de las m\u00e1s importantes","og_url":"https:\/\/rafaramirez.org\/blog\/index.php\/2024\/12\/25\/dia-de-navidad\/","og_site_name":"Blog de Rafael Ram\u00edrez","article_published_time":"2024-12-25T07:15:18+00:00","article_modified_time":"2024-12-25T18:33:21+00:00","og_image":[{"width":720,"height":440,"url":"https:\/\/rafaramirez.org\/blog\/wp-content\/uploads\/2024\/12\/Dia_de_Navidad_Blog_de_Rafael_Ramirez.jpg","type":"image\/jpeg"}],"author":"Rafael Ram\u00edrez","twitter_card":"summary_large_image","twitter_creator":"@rafaramirez_ok","twitter_site":"@rafaramirez_ok","twitter_misc":{"Escrito por":"Rafael Ram\u00edrez","Tiempo de lectura":"6 minutos"},"schema":{"@context":"https:\/\/schema.org","@graph":[{"@type":"Article","@id":"https:\/\/rafaramirez.org\/blog\/index.php\/2024\/12\/25\/dia-de-navidad\/#article","isPartOf":{"@id":"https:\/\/rafaramirez.org\/blog\/index.php\/2024\/12\/25\/dia-de-navidad\/"},"author":{"name":"Rafael Ram\u00edrez","@id":"https:\/\/rafaramirez.org\/blog\/#\/schema\/person\/50f43b6d60c578760d4c17bda54ab6a5"},"headline":"D\u00eda de Navidad, una de las festividades m\u00e1s importantes en el mundo entero.","datePublished":"2024-12-25T07:15:18+00:00","dateModified":"2024-12-25T18:33:21+00:00","mainEntityOfPage":{"@id":"https:\/\/rafaramirez.org\/blog\/index.php\/2024\/12\/25\/dia-de-navidad\/"},"wordCount":1033,"commentCount":0,"publisher":{"@id":"https:\/\/rafaramirez.org\/blog\/#\/schema\/person\/50f43b6d60c578760d4c17bda54ab6a5"},"image":{"@id":"https:\/\/rafaramirez.org\/blog\/index.php\/2024\/12\/25\/dia-de-navidad\/#primaryimage"},"thumbnailUrl":"https:\/\/rafaramirez.org\/blog\/wp-content\/uploads\/2024\/12\/Dia_de_Navidad_Blog_de_Rafael_Ramirez.jpg","keywords":["25 de diciembre","blog de Rafael Ram\u00edrez","d\u00eda de Navidad","efem\u00e9rides","efem\u00e9rides en diciembre","nacimiento de Jesucristo","natividad","Saturnales","Saturnalia"],"articleSection":["Efem\u00e9rides"],"inLanguage":"es","potentialAction":[{"@type":"CommentAction","name":"Comment","target":["https:\/\/rafaramirez.org\/blog\/index.php\/2024\/12\/25\/dia-de-navidad\/#respond"]}]},{"@type":"WebPage","@id":"https:\/\/rafaramirez.org\/blog\/index.php\/2024\/12\/25\/dia-de-navidad\/","url":"https:\/\/rafaramirez.org\/blog\/index.php\/2024\/12\/25\/dia-de-navidad\/","name":"D\u00eda de Navidad, una de las festividades m\u00e1s importantes en el mundo entero. - Blog de Rafael Ram\u00edrez","isPartOf":{"@id":"https:\/\/rafaramirez.org\/blog\/#website"},"primaryImageOfPage":{"@id":"https:\/\/rafaramirez.org\/blog\/index.php\/2024\/12\/25\/dia-de-navidad\/#primaryimage"},"image":{"@id":"https:\/\/rafaramirez.org\/blog\/index.php\/2024\/12\/25\/dia-de-navidad\/#primaryimage"},"thumbnailUrl":"https:\/\/rafaramirez.org\/blog\/wp-content\/uploads\/2024\/12\/Dia_de_Navidad_Blog_de_Rafael_Ramirez.jpg","datePublished":"2024-12-25T07:15:18+00:00","dateModified":"2024-12-25T18:33:21+00:00","description":"El d\u00eda de Navidad, celebrado el 25 de diciembre, es una festividad cristiana que conmemora el nacimiento de Jes\u00fas. Es de las m\u00e1s importantes","breadcrumb":{"@id":"https:\/\/rafaramirez.org\/blog\/index.php\/2024\/12\/25\/dia-de-navidad\/#breadcrumb"},"inLanguage":"es","potentialAction":[{"@type":"ReadAction","target":["https:\/\/rafaramirez.org\/blog\/index.php\/2024\/12\/25\/dia-de-navidad\/"]}]},{"@type":"ImageObject","inLanguage":"es","@id":"https:\/\/rafaramirez.org\/blog\/index.php\/2024\/12\/25\/dia-de-navidad\/#primaryimage","url":"https:\/\/rafaramirez.org\/blog\/wp-content\/uploads\/2024\/12\/Dia_de_Navidad_Blog_de_Rafael_Ramirez.jpg","contentUrl":"https:\/\/rafaramirez.org\/blog\/wp-content\/uploads\/2024\/12\/Dia_de_Navidad_Blog_de_Rafael_Ramirez.jpg","width":720,"height":440,"caption":"25 de diciembre d\u00eda de Navidad. Blog de Rafael Ram\u00edrez."},{"@type":"BreadcrumbList","@id":"https:\/\/rafaramirez.org\/blog\/index.php\/2024\/12\/25\/dia-de-navidad\/#breadcrumb","itemListElement":[{"@type":"ListItem","position":1,"name":"Portada","item":"https:\/\/rafaramirez.org\/blog\/"},{"@type":"ListItem","position":2,"name":"D\u00eda de Navidad, una de las festividades m\u00e1s importantes en el mundo entero."}]},{"@type":"WebSite","@id":"https:\/\/rafaramirez.org\/blog\/#website","url":"https:\/\/rafaramirez.org\/blog\/","name":"Blog de Rafael Ram\u00edrez","description":"Un sitio social, de arte y cultura","publisher":{"@id":"https:\/\/rafaramirez.org\/blog\/#\/schema\/person\/50f43b6d60c578760d4c17bda54ab6a5"},"potentialAction":[{"@type":"SearchAction","target":{"@type":"EntryPoint","urlTemplate":"https:\/\/rafaramirez.org\/blog\/?s={search_term_string}"},"query-input":{"@type":"PropertyValueSpecification","valueRequired":true,"valueName":"search_term_string"}}],"inLanguage":"es"},{"@type":["Person","Organization"],"@id":"https:\/\/rafaramirez.org\/blog\/#\/schema\/person\/50f43b6d60c578760d4c17bda54ab6a5","name":"Rafael Ram\u00edrez","image":{"@type":"ImageObject","inLanguage":"es","@id":"https:\/\/rafaramirez.org\/blog\/wp-content\/uploads\/2024\/09\/RR_socialnetwork.jpg","url":"https:\/\/rafaramirez.org\/blog\/wp-content\/uploads\/2024\/09\/RR_socialnetwork.jpg","contentUrl":"https:\/\/rafaramirez.org\/blog\/wp-content\/uploads\/2024\/09\/RR_socialnetwork.jpg","width":600,"height":606,"caption":"Rafael Ram\u00edrez"},"logo":{"@id":"https:\/\/rafaramirez.org\/blog\/wp-content\/uploads\/2024\/09\/RR_socialnetwork.jpg"},"sameAs":["https:\/\/www.rafaramirez.org\/blog","https:\/\/www.instagram.com\/rafaramirez_ok\/","https:\/\/es.pinterest.com\/Ramirez_Rafa\/","https:\/\/x.com\/rafaramirez_ok"],"url":"https:\/\/rafaramirez.org\/blog\/index.php\/author\/rafaell_qm6j97da\/"}]}},"jetpack_publicize_connections":[],"jetpack_sharing_enabled":true,"jetpack_likes_enabled":true,"jetpack_featured_media_url":"https:\/\/rafaramirez.org\/blog\/wp-content\/uploads\/2024\/12\/Dia_de_Navidad_Blog_de_Rafael_Ramirez.jpg","_links":{"self":[{"href":"https:\/\/rafaramirez.org\/blog\/index.php\/wp-json\/wp\/v2\/posts\/7423","targetHints":{"allow":["GET"]}}],"collection":[{"href":"https:\/\/rafaramirez.org\/blog\/index.php\/wp-json\/wp\/v2\/posts"}],"about":[{"href":"https:\/\/rafaramirez.org\/blog\/index.php\/wp-json\/wp\/v2\/types\/post"}],"author":[{"embeddable":true,"href":"https:\/\/rafaramirez.org\/blog\/index.php\/wp-json\/wp\/v2\/users\/1"}],"replies":[{"embeddable":true,"href":"https:\/\/rafaramirez.org\/blog\/index.php\/wp-json\/wp\/v2\/comments?post=7423"}],"version-history":[{"count":12,"href":"https:\/\/rafaramirez.org\/blog\/index.php\/wp-json\/wp\/v2\/posts\/7423\/revisions"}],"predecessor-version":[{"id":7510,"href":"https:\/\/rafaramirez.org\/blog\/index.php\/wp-json\/wp\/v2\/posts\/7423\/revisions\/7510"}],"wp:featuredmedia":[{"embeddable":true,"href":"https:\/\/rafaramirez.org\/blog\/index.php\/wp-json\/wp\/v2\/media\/7438"}],"wp:attachment":[{"href":"https:\/\/rafaramirez.org\/blog\/index.php\/wp-json\/wp\/v2\/media?parent=7423"}],"wp:term":[{"taxonomy":"category","embeddable":true,"href":"https:\/\/rafaramirez.org\/blog\/index.php\/wp-json\/wp\/v2\/categories?post=7423"},{"taxonomy":"post_tag","embeddable":true,"href":"https:\/\/rafaramirez.org\/blog\/index.php\/wp-json\/wp\/v2\/tags?post=7423"}],"curies":[{"name":"wp","href":"https:\/\/api.w.org\/{rel}","templated":true}]}}