{"id":7410,"date":"2024-12-24T08:15:27","date_gmt":"2024-12-24T07:15:27","guid":{"rendered":"https:\/\/rafaramirez.org\/blog\/?p=7410"},"modified":"2024-12-17T20:33:40","modified_gmt":"2024-12-17T19:33:40","slug":"nochebuena","status":"publish","type":"post","link":"https:\/\/rafaramirez.org\/blog\/index.php\/2024\/12\/24\/nochebuena\/","title":{"rendered":"Nochebuena, una noche de reflexi\u00f3n, uni\u00f3n familiar y celebraci\u00f3n."},"content":{"rendered":"<p>La Nochebuena se celebra principalmente para conmemorar el nacimiento de Jes\u00fas, que seg\u00fan la tradici\u00f3n cristiana, ocurri\u00f3 la noche del 24 de diciembre. Es una noche para reflexionar, reunirse con la familia y festejar juntos. Aqu\u00ed tienes algunos detalles sobre \u00e9sta celebraci\u00f3n:<\/p>\n<ul>\n<li><strong>Nacimiento de Jes\u00fas:<\/strong> La Nochebuena marca el inicio de la Navidad, celebrando el nacimiento de Jes\u00fas en Bel\u00e9n. Es un momento de gran importancia religiosa para los cristianos.<\/li>\n<li><strong>Uni\u00f3n Familiar:<\/strong> Es una ocasi\u00f3n para reunir a la familia y compartir una cena especial. La Nochebuena fomenta la uni\u00f3n y el fortalecimiento de los lazos familiares.<\/li>\n<li><strong>Tradiciones y Costumbres:<\/strong> A lo largo de los siglos, se han desarrollado diversas tradiciones y costumbres alrededor de la Nochebuena, como la Misa del Gallo, los villancicos y las decoraciones navide\u00f1as.<\/li>\n<li><strong>Reflexi\u00f3n y Gratitud:<\/strong> Es un momento para reflexionar sobre el a\u00f1o que ha pasado, dar gracias por las bendiciones recibidas y compartir con los seres queridos.<\/li>\n<\/ul>\n<p>La Nochebuena es una celebraci\u00f3n que combina elementos religiosos, culturales y familiares, creando un ambiente de alegr\u00eda y esperanza.<\/p>\n<figure id=\"attachment_7417\" aria-describedby=\"caption-attachment-7417\" style=\"width: 300px\" class=\"wp-caption aligncenter\"><a href=\"https:\/\/rafaramirez.org\/blog\/wp-content\/uploads\/2024\/12\/6871485.jpg\" target=\"_blank\" rel=\"noopener\"><img loading=\"lazy\" decoding=\"async\" class=\"wp-image-7417 size-medium\" src=\"https:\/\/rafaramirez.org\/blog\/wp-content\/uploads\/2024\/12\/6871485-300x283.jpg\" alt=\"Nochebuena 24 de diciembre. Blog de Rafael Ram\u00edrez.\" width=\"300\" height=\"283\" srcset=\"https:\/\/rafaramirez.org\/blog\/wp-content\/uploads\/2024\/12\/6871485-300x283.jpg 300w, https:\/\/rafaramirez.org\/blog\/wp-content\/uploads\/2024\/12\/6871485-768x725.jpg 768w, https:\/\/rafaramirez.org\/blog\/wp-content\/uploads\/2024\/12\/6871485.jpg 1000w\" sizes=\"auto, (max-width: 300px) 100vw, 300px\" \/><\/a><figcaption id=\"caption-attachment-7417\" class=\"wp-caption-text\">Nochebuena 24 de diciembre. Blog de Rafael Ram\u00edrez.<\/figcaption><\/figure>\n<h3>Nochebuena en Andaluc\u00eda (Espa\u00f1a).<\/h3>\n<p>La Nochebuena en Andaluc\u00eda es una celebraci\u00f3n llena de tradiciones y alegr\u00eda. Aqu\u00ed tienes algunos aspectos destacados:<\/p>\n<ul>\n<li><strong>Cena Familiar:<\/strong> La Nochebuena es una ocasi\u00f3n para reunirse con la familia y disfrutar de una cena especial. Los platos t\u00edpicos incluyen pavo, cordero, mariscos y dulces como turr\u00f3n y polvorones.<\/li>\n<li><strong>Villancicos:<\/strong> Es com\u00fan cantar villancicos, que son canciones navide\u00f1as tradicionales. Muchas familias se re\u00fanen alrededor del bel\u00e9n o el \u00e1rbol de Navidad para cantar juntos.<\/li>\n<li><strong>Misa del Gallo:<\/strong> A medianoche, muchas personas asisten a la Misa del Gallo, una misa especial que celebra el nacimiento de Jes\u00fas. Es una tradici\u00f3n muy arraigada en la cultura andaluza.<\/li>\n<li><strong>Zambombas:<\/strong> En algunas localidades, especialmente en Jerez de la Frontera, se celebran las zambombas, que son fiestas populares donde se canta y se toca la zambomba, un instrumento tradicional.<\/li>\n<li><strong>Decoraciones:<\/strong> Las calles y casas se llenan de luces y decoraciones navide\u00f1as. Los belenes, que representan el nacimiento de Jes\u00fas, son muy populares y se pueden ver en muchas plazas y hogares.<\/li>\n<\/ul>\n<p>La Nochebuena en Andaluc\u00eda es una mezcla de tradici\u00f3n, m\u00fasica y gastronom\u00eda que crea un ambiente muy especial y festivo.<\/p>\n<figure id=\"attachment_7419\" aria-describedby=\"caption-attachment-7419\" style=\"width: 300px\" class=\"wp-caption aligncenter\"><a href=\"https:\/\/rafaramirez.org\/blog\/wp-content\/uploads\/2024\/12\/christmas-3866464.jpg\" target=\"_blank\" rel=\"noopener\"><img loading=\"lazy\" decoding=\"async\" class=\"wp-image-7419 size-medium\" src=\"https:\/\/rafaramirez.org\/blog\/wp-content\/uploads\/2024\/12\/christmas-3866464-300x200.jpg\" alt=\"Nochebuena 24 de diciembre. Blog de Rafael Ram\u00edrez.\" width=\"300\" height=\"200\" srcset=\"https:\/\/rafaramirez.org\/blog\/wp-content\/uploads\/2024\/12\/christmas-3866464-300x200.jpg 300w, https:\/\/rafaramirez.org\/blog\/wp-content\/uploads\/2024\/12\/christmas-3866464-768x512.jpg 768w, https:\/\/rafaramirez.org\/blog\/wp-content\/uploads\/2024\/12\/christmas-3866464.jpg 1000w\" sizes=\"auto, (max-width: 300px) 100vw, 300px\" \/><\/a><figcaption id=\"caption-attachment-7419\" class=\"wp-caption-text\">Nochebuena 24 de diciembre. Blog de Rafael Ram\u00edrez.<\/figcaption><\/figure>\n<h3>Pensamientos de Nochebuena.<\/h3>\n<p>La Nochebuena es una noche m\u00e1gica que nos invita a reflexionar sobre el verdadero significado de la Navidad. M\u00e1s all\u00e1 de los regalos y las luces, es un momento para valorar la importancia de la familia, la generosidad y la esperanza. Es una oportunidad para detenernos y apreciar las peque\u00f1as cosas que a menudo damos por sentadas: una cena compartida, una sonrisa, un abrazo.<\/p>\n<p>En un mundo que a veces puede parecer ca\u00f3tico y acelerado, la Nochebuena nos recuerda la belleza de la simplicidad y la calidez de estar rodeados de nuestros seres queridos. Es un momento para renovar nuestros lazos, perdonar y ser agradecidos por lo que tenemos.<\/p>\n<p>La Nochebuena tambi\u00e9n nos invita a mirar hacia el futuro con optimismo, a so\u00f1ar con un mundo mejor y a comprometernos a ser una luz en la vida de los dem\u00e1s. Es una noche para recordar que, aunque las circunstancias puedan cambiar, el esp\u00edritu de la Navidad siempre nos acompa\u00f1ar\u00e1, llen\u00e1ndonos de amor y esperanza.<\/p>\n<p>Y para ti \u00bfQu\u00e9 significado tiene la Nochebuena?<\/p>\n<p>M\u00e1s informaci\u00f3n:<\/p>\n<ul>\n<li><a href=\"https:\/\/es.wikipedia.org\/wiki\/Nochebuena\" target=\"_blank\" rel=\"noopener\">Wikipedia<\/a>.<\/li>\n<li><a href=\"https:\/\/rafaramirez.org\/blog\/index.php\/2023\/12\/19\/en-estas-fiestas\/\" target=\"_blank\" rel=\"noopener\">Post de 2023 sobre las fiestas navide\u00f1as<\/a>.<\/li>\n<li><a href=\"https:\/\/rafaramirez.org\/blog\/index.php\/category\/arte\/cine\/\" target=\"_blank\" rel=\"noopener\">Cine recomendado navide\u00f1o<\/a>.<\/li>\n<li><a href=\"https:\/\/rafaramirez.org\/blog\/index.php\/2014\/10\/06\/postales-navidenas-vintage\/\" target=\"_blank\" rel=\"noopener\">Postales navide\u00f1as vintage<\/a>.<\/li>\n<li><a href=\"https:\/\/rafaramirez.org\/blog\/index.php\/2014\/12\/04\/bonitas-postales-navidenas-vintage\/\" target=\"_blank\" rel=\"noopener\">Bonitas postales navide\u00f1as vintage<\/a>.<\/li>\n<li><a href=\"https:\/\/rafaramirez.org\/blog\/index.php\/category\/arte\/efemerides\/\" target=\"_blank\" rel=\"noopener\">Otras efem\u00e9rides<\/a>.<\/li>\n<\/ul>\n","protected":false},"excerpt":{"rendered":"<p>La Nochebuena se celebra principalmente para conmemorar el nacimiento de Jes\u00fas, que seg\u00fan la tradici\u00f3n cristiana, ocurri\u00f3 la noche del 24 de diciembre. Es una noche para reflexionar, reunirse con la familia y festejar juntos. Aqu\u00ed tienes algunos detalles sobre \u00e9sta celebraci\u00f3n: Nacimiento de Jes\u00fas: La Nochebuena marca el inicio de la Navidad, celebrando el [&hellip;]<\/p>\n","protected":false},"author":1,"featured_media":7416,"comment_status":"open","ping_status":"closed","sticky":false,"template":"","format":"standard","meta":{"site-container-style":"default","site-container-layout":"default","site-sidebar-layout":"default","disable-article-header":"default","disable-site-header":"default","disable-site-footer":"default","disable-content-area-spacing":"default","_jetpack_newsletter_access":"","_jetpack_dont_email_post_to_subs":false,"_jetpack_newsletter_tier_id":0,"_jetpack_memberships_contains_paywalled_content":false,"_jetpack_feature_clip_id":0,"_jetpack_memberships_contains_paid_content":false,"footnotes":"","jetpack_publicize_message":"","jetpack_publicize_feature_enabled":true,"jetpack_social_post_already_shared":true,"jetpack_social_options":{"image_generator_settings":{"template":"highway","default_image_id":0,"font":"","enabled":false},"version":2},"jetpack_post_was_ever_published":false},"categories":[1291],"tags":[3892,68,1323,3893,603,3891],"class_list":["post-7410","post","type-post","status-publish","format-standard","has-post-thumbnail","hentry","category-efemerides","tag-24-de-diciembre","tag-blog-de-rafael-ramirez","tag-efemerides","tag-misa-del-gallo","tag-navidad","tag-nochebuena"],"yoast_head":"<!-- This site is optimized with the Yoast SEO plugin v28.3 - https:\/\/yoast.com\/product\/yoast-seo-wordpress\/ -->\n<title>Nochebuena, una noche de reflexi\u00f3n, uni\u00f3n familiar y celebraci\u00f3n. - Blog de Rafael Ram\u00edrez<\/title>\n<meta name=\"description\" content=\"La Nochebuena se celebra principalmente para conmemorar el nacimiento de Jes\u00fas, que seg\u00fan la tradici\u00f3n cristiana, ocurri\u00f3 el 24 de diciembre.\" \/>\n<meta name=\"robots\" content=\"index, follow, max-snippet:-1, max-image-preview:large, max-video-preview:-1\" \/>\n<link rel=\"canonical\" href=\"https:\/\/rafaramirez.org\/blog\/index.php\/2024\/12\/24\/nochebuena\/\" \/>\n<meta property=\"og:locale\" content=\"es_ES\" \/>\n<meta property=\"og:type\" content=\"article\" \/>\n<meta property=\"og:title\" content=\"Nochebuena, una noche de reflexi\u00f3n, uni\u00f3n familiar y celebraci\u00f3n. - Blog de Rafael Ram\u00edrez\" \/>\n<meta property=\"og:description\" content=\"La Nochebuena se celebra principalmente para conmemorar el nacimiento de Jes\u00fas, que seg\u00fan la tradici\u00f3n cristiana, ocurri\u00f3 el 24 de diciembre.\" \/>\n<meta property=\"og:url\" content=\"https:\/\/rafaramirez.org\/blog\/index.php\/2024\/12\/24\/nochebuena\/\" \/>\n<meta property=\"og:site_name\" content=\"Blog de Rafael Ram\u00edrez\" \/>\n<meta property=\"article:published_time\" content=\"2024-12-24T07:15:27+00:00\" \/>\n<meta property=\"og:image\" content=\"https:\/\/rafaramirez.org\/blog\/wp-content\/uploads\/2024\/12\/Nochebuena_Blog_de_Rafael_Ramirez_banner.jpg\" \/>\n\t<meta property=\"og:image:width\" content=\"720\" \/>\n\t<meta property=\"og:image:height\" content=\"440\" \/>\n\t<meta property=\"og:image:type\" content=\"image\/jpeg\" \/>\n<meta name=\"author\" content=\"Rafael Ram\u00edrez\" \/>\n<meta name=\"twitter:card\" content=\"summary_large_image\" \/>\n<meta name=\"twitter:creator\" content=\"@rafaramirez_ok\" \/>\n<meta name=\"twitter:site\" content=\"@rafaramirez_ok\" \/>\n<meta name=\"twitter:label1\" content=\"Escrito por\" \/>\n\t<meta name=\"twitter:data1\" content=\"Rafael Ram\u00edrez\" \/>\n\t<meta name=\"twitter:label2\" content=\"Tiempo de lectura\" \/>\n\t<meta name=\"twitter:data2\" content=\"4 minutos\" \/>\n<script type=\"application\/ld+json\" class=\"yoast-schema-graph\">{\"@context\":\"https:\\\/\\\/schema.org\",\"@graph\":[{\"@type\":\"Article\",\"@id\":\"https:\\\/\\\/rafaramirez.org\\\/blog\\\/index.php\\\/2024\\\/12\\\/24\\\/nochebuena\\\/#article\",\"isPartOf\":{\"@id\":\"https:\\\/\\\/rafaramirez.org\\\/blog\\\/index.php\\\/2024\\\/12\\\/24\\\/nochebuena\\\/\"},\"author\":{\"name\":\"Rafael Ram\u00edrez\",\"@id\":\"https:\\\/\\\/rafaramirez.org\\\/blog\\\/#\\\/schema\\\/person\\\/50f43b6d60c578760d4c17bda54ab6a5\"},\"headline\":\"Nochebuena, una noche de reflexi\u00f3n, uni\u00f3n familiar y celebraci\u00f3n.\",\"datePublished\":\"2024-12-24T07:15:27+00:00\",\"mainEntityOfPage\":{\"@id\":\"https:\\\/\\\/rafaramirez.org\\\/blog\\\/index.php\\\/2024\\\/12\\\/24\\\/nochebuena\\\/\"},\"wordCount\":651,\"commentCount\":0,\"publisher\":{\"@id\":\"https:\\\/\\\/rafaramirez.org\\\/blog\\\/#\\\/schema\\\/person\\\/50f43b6d60c578760d4c17bda54ab6a5\"},\"image\":{\"@id\":\"https:\\\/\\\/rafaramirez.org\\\/blog\\\/index.php\\\/2024\\\/12\\\/24\\\/nochebuena\\\/#primaryimage\"},\"thumbnailUrl\":\"https:\\\/\\\/rafaramirez.org\\\/blog\\\/wp-content\\\/uploads\\\/2024\\\/12\\\/Nochebuena_Blog_de_Rafael_Ramirez_banner.jpg\",\"keywords\":[\"24 de diciembre\",\"blog de Rafael Ram\u00edrez\",\"efem\u00e9rides\",\"misa del gallo\",\"navidad\",\"Nochebuena\"],\"articleSection\":[\"Efem\u00e9rides\"],\"inLanguage\":\"es\",\"potentialAction\":[{\"@type\":\"CommentAction\",\"name\":\"Comment\",\"target\":[\"https:\\\/\\\/rafaramirez.org\\\/blog\\\/index.php\\\/2024\\\/12\\\/24\\\/nochebuena\\\/#respond\"]}]},{\"@type\":\"WebPage\",\"@id\":\"https:\\\/\\\/rafaramirez.org\\\/blog\\\/index.php\\\/2024\\\/12\\\/24\\\/nochebuena\\\/\",\"url\":\"https:\\\/\\\/rafaramirez.org\\\/blog\\\/index.php\\\/2024\\\/12\\\/24\\\/nochebuena\\\/\",\"name\":\"Nochebuena, una noche de reflexi\u00f3n, uni\u00f3n familiar y celebraci\u00f3n. - Blog de Rafael Ram\u00edrez\",\"isPartOf\":{\"@id\":\"https:\\\/\\\/rafaramirez.org\\\/blog\\\/#website\"},\"primaryImageOfPage\":{\"@id\":\"https:\\\/\\\/rafaramirez.org\\\/blog\\\/index.php\\\/2024\\\/12\\\/24\\\/nochebuena\\\/#primaryimage\"},\"image\":{\"@id\":\"https:\\\/\\\/rafaramirez.org\\\/blog\\\/index.php\\\/2024\\\/12\\\/24\\\/nochebuena\\\/#primaryimage\"},\"thumbnailUrl\":\"https:\\\/\\\/rafaramirez.org\\\/blog\\\/wp-content\\\/uploads\\\/2024\\\/12\\\/Nochebuena_Blog_de_Rafael_Ramirez_banner.jpg\",\"datePublished\":\"2024-12-24T07:15:27+00:00\",\"description\":\"La Nochebuena se celebra principalmente para conmemorar el nacimiento de Jes\u00fas, que seg\u00fan la tradici\u00f3n cristiana, ocurri\u00f3 el 24 de diciembre.\",\"breadcrumb\":{\"@id\":\"https:\\\/\\\/rafaramirez.org\\\/blog\\\/index.php\\\/2024\\\/12\\\/24\\\/nochebuena\\\/#breadcrumb\"},\"inLanguage\":\"es\",\"potentialAction\":[{\"@type\":\"ReadAction\",\"target\":[\"https:\\\/\\\/rafaramirez.org\\\/blog\\\/index.php\\\/2024\\\/12\\\/24\\\/nochebuena\\\/\"]}]},{\"@type\":\"ImageObject\",\"inLanguage\":\"es\",\"@id\":\"https:\\\/\\\/rafaramirez.org\\\/blog\\\/index.php\\\/2024\\\/12\\\/24\\\/nochebuena\\\/#primaryimage\",\"url\":\"https:\\\/\\\/rafaramirez.org\\\/blog\\\/wp-content\\\/uploads\\\/2024\\\/12\\\/Nochebuena_Blog_de_Rafael_Ramirez_banner.jpg\",\"contentUrl\":\"https:\\\/\\\/rafaramirez.org\\\/blog\\\/wp-content\\\/uploads\\\/2024\\\/12\\\/Nochebuena_Blog_de_Rafael_Ramirez_banner.jpg\",\"width\":720,\"height\":440,\"caption\":\"Nochebuena 24 de diciembre. Blog de Rafael Ram\u00edrez.\"},{\"@type\":\"BreadcrumbList\",\"@id\":\"https:\\\/\\\/rafaramirez.org\\\/blog\\\/index.php\\\/2024\\\/12\\\/24\\\/nochebuena\\\/#breadcrumb\",\"itemListElement\":[{\"@type\":\"ListItem\",\"position\":1,\"name\":\"Portada\",\"item\":\"https:\\\/\\\/rafaramirez.org\\\/blog\\\/\"},{\"@type\":\"ListItem\",\"position\":2,\"name\":\"Nochebuena, una noche de reflexi\u00f3n, uni\u00f3n familiar y celebraci\u00f3n.\"}]},{\"@type\":\"WebSite\",\"@id\":\"https:\\\/\\\/rafaramirez.org\\\/blog\\\/#website\",\"url\":\"https:\\\/\\\/rafaramirez.org\\\/blog\\\/\",\"name\":\"Blog de Rafael Ram\u00edrez\",\"description\":\"Un sitio social, de arte y cultura\",\"publisher\":{\"@id\":\"https:\\\/\\\/rafaramirez.org\\\/blog\\\/#\\\/schema\\\/person\\\/50f43b6d60c578760d4c17bda54ab6a5\"},\"potentialAction\":[{\"@type\":\"SearchAction\",\"target\":{\"@type\":\"EntryPoint\",\"urlTemplate\":\"https:\\\/\\\/rafaramirez.org\\\/blog\\\/?s={search_term_string}\"},\"query-input\":{\"@type\":\"PropertyValueSpecification\",\"valueRequired\":true,\"valueName\":\"search_term_string\"}}],\"inLanguage\":\"es\"},{\"@type\":[\"Person\",\"Organization\"],\"@id\":\"https:\\\/\\\/rafaramirez.org\\\/blog\\\/#\\\/schema\\\/person\\\/50f43b6d60c578760d4c17bda54ab6a5\",\"name\":\"Rafael Ram\u00edrez\",\"image\":{\"@type\":\"ImageObject\",\"inLanguage\":\"es\",\"@id\":\"https:\\\/\\\/rafaramirez.org\\\/blog\\\/wp-content\\\/uploads\\\/2024\\\/09\\\/RR_socialnetwork.jpg\",\"url\":\"https:\\\/\\\/rafaramirez.org\\\/blog\\\/wp-content\\\/uploads\\\/2024\\\/09\\\/RR_socialnetwork.jpg\",\"contentUrl\":\"https:\\\/\\\/rafaramirez.org\\\/blog\\\/wp-content\\\/uploads\\\/2024\\\/09\\\/RR_socialnetwork.jpg\",\"width\":600,\"height\":606,\"caption\":\"Rafael Ram\u00edrez\"},\"logo\":{\"@id\":\"https:\\\/\\\/rafaramirez.org\\\/blog\\\/wp-content\\\/uploads\\\/2024\\\/09\\\/RR_socialnetwork.jpg\"},\"sameAs\":[\"https:\\\/\\\/www.rafaramirez.org\\\/blog\",\"https:\\\/\\\/www.instagram.com\\\/rafaramirez_ok\\\/\",\"https:\\\/\\\/es.pinterest.com\\\/Ramirez_Rafa\\\/\",\"https:\\\/\\\/x.com\\\/rafaramirez_ok\"],\"url\":\"https:\\\/\\\/rafaramirez.org\\\/blog\\\/index.php\\\/author\\\/rafaell_qm6j97da\\\/\"}]}<\/script>\n<!-- \/ Yoast SEO plugin. -->","yoast_head_json":{"title":"Nochebuena, una noche de reflexi\u00f3n, uni\u00f3n familiar y celebraci\u00f3n. - Blog de Rafael Ram\u00edrez","description":"La Nochebuena se celebra principalmente para conmemorar el nacimiento de Jes\u00fas, que seg\u00fan la tradici\u00f3n cristiana, ocurri\u00f3 el 24 de diciembre.","robots":{"index":"index","follow":"follow","max-snippet":"max-snippet:-1","max-image-preview":"max-image-preview:large","max-video-preview":"max-video-preview:-1"},"canonical":"https:\/\/rafaramirez.org\/blog\/index.php\/2024\/12\/24\/nochebuena\/","og_locale":"es_ES","og_type":"article","og_title":"Nochebuena, una noche de reflexi\u00f3n, uni\u00f3n familiar y celebraci\u00f3n. - Blog de Rafael Ram\u00edrez","og_description":"La Nochebuena se celebra principalmente para conmemorar el nacimiento de Jes\u00fas, que seg\u00fan la tradici\u00f3n cristiana, ocurri\u00f3 el 24 de diciembre.","og_url":"https:\/\/rafaramirez.org\/blog\/index.php\/2024\/12\/24\/nochebuena\/","og_site_name":"Blog de Rafael Ram\u00edrez","article_published_time":"2024-12-24T07:15:27+00:00","og_image":[{"width":720,"height":440,"url":"https:\/\/rafaramirez.org\/blog\/wp-content\/uploads\/2024\/12\/Nochebuena_Blog_de_Rafael_Ramirez_banner.jpg","type":"image\/jpeg"}],"author":"Rafael Ram\u00edrez","twitter_card":"summary_large_image","twitter_creator":"@rafaramirez_ok","twitter_site":"@rafaramirez_ok","twitter_misc":{"Escrito por":"Rafael Ram\u00edrez","Tiempo de lectura":"4 minutos"},"schema":{"@context":"https:\/\/schema.org","@graph":[{"@type":"Article","@id":"https:\/\/rafaramirez.org\/blog\/index.php\/2024\/12\/24\/nochebuena\/#article","isPartOf":{"@id":"https:\/\/rafaramirez.org\/blog\/index.php\/2024\/12\/24\/nochebuena\/"},"author":{"name":"Rafael Ram\u00edrez","@id":"https:\/\/rafaramirez.org\/blog\/#\/schema\/person\/50f43b6d60c578760d4c17bda54ab6a5"},"headline":"Nochebuena, una noche de reflexi\u00f3n, uni\u00f3n familiar y celebraci\u00f3n.","datePublished":"2024-12-24T07:15:27+00:00","mainEntityOfPage":{"@id":"https:\/\/rafaramirez.org\/blog\/index.php\/2024\/12\/24\/nochebuena\/"},"wordCount":651,"commentCount":0,"publisher":{"@id":"https:\/\/rafaramirez.org\/blog\/#\/schema\/person\/50f43b6d60c578760d4c17bda54ab6a5"},"image":{"@id":"https:\/\/rafaramirez.org\/blog\/index.php\/2024\/12\/24\/nochebuena\/#primaryimage"},"thumbnailUrl":"https:\/\/rafaramirez.org\/blog\/wp-content\/uploads\/2024\/12\/Nochebuena_Blog_de_Rafael_Ramirez_banner.jpg","keywords":["24 de diciembre","blog de Rafael Ram\u00edrez","efem\u00e9rides","misa del gallo","navidad","Nochebuena"],"articleSection":["Efem\u00e9rides"],"inLanguage":"es","potentialAction":[{"@type":"CommentAction","name":"Comment","target":["https:\/\/rafaramirez.org\/blog\/index.php\/2024\/12\/24\/nochebuena\/#respond"]}]},{"@type":"WebPage","@id":"https:\/\/rafaramirez.org\/blog\/index.php\/2024\/12\/24\/nochebuena\/","url":"https:\/\/rafaramirez.org\/blog\/index.php\/2024\/12\/24\/nochebuena\/","name":"Nochebuena, una noche de reflexi\u00f3n, uni\u00f3n familiar y celebraci\u00f3n. - Blog de Rafael Ram\u00edrez","isPartOf":{"@id":"https:\/\/rafaramirez.org\/blog\/#website"},"primaryImageOfPage":{"@id":"https:\/\/rafaramirez.org\/blog\/index.php\/2024\/12\/24\/nochebuena\/#primaryimage"},"image":{"@id":"https:\/\/rafaramirez.org\/blog\/index.php\/2024\/12\/24\/nochebuena\/#primaryimage"},"thumbnailUrl":"https:\/\/rafaramirez.org\/blog\/wp-content\/uploads\/2024\/12\/Nochebuena_Blog_de_Rafael_Ramirez_banner.jpg","datePublished":"2024-12-24T07:15:27+00:00","description":"La Nochebuena se celebra principalmente para conmemorar el nacimiento de Jes\u00fas, que seg\u00fan la tradici\u00f3n cristiana, ocurri\u00f3 el 24 de diciembre.","breadcrumb":{"@id":"https:\/\/rafaramirez.org\/blog\/index.php\/2024\/12\/24\/nochebuena\/#breadcrumb"},"inLanguage":"es","potentialAction":[{"@type":"ReadAction","target":["https:\/\/rafaramirez.org\/blog\/index.php\/2024\/12\/24\/nochebuena\/"]}]},{"@type":"ImageObject","inLanguage":"es","@id":"https:\/\/rafaramirez.org\/blog\/index.php\/2024\/12\/24\/nochebuena\/#primaryimage","url":"https:\/\/rafaramirez.org\/blog\/wp-content\/uploads\/2024\/12\/Nochebuena_Blog_de_Rafael_Ramirez_banner.jpg","contentUrl":"https:\/\/rafaramirez.org\/blog\/wp-content\/uploads\/2024\/12\/Nochebuena_Blog_de_Rafael_Ramirez_banner.jpg","width":720,"height":440,"caption":"Nochebuena 24 de diciembre. Blog de Rafael Ram\u00edrez."},{"@type":"BreadcrumbList","@id":"https:\/\/rafaramirez.org\/blog\/index.php\/2024\/12\/24\/nochebuena\/#breadcrumb","itemListElement":[{"@type":"ListItem","position":1,"name":"Portada","item":"https:\/\/rafaramirez.org\/blog\/"},{"@type":"ListItem","position":2,"name":"Nochebuena, una noche de reflexi\u00f3n, uni\u00f3n familiar y celebraci\u00f3n."}]},{"@type":"WebSite","@id":"https:\/\/rafaramirez.org\/blog\/#website","url":"https:\/\/rafaramirez.org\/blog\/","name":"Blog de Rafael Ram\u00edrez","description":"Un sitio social, de arte y cultura","publisher":{"@id":"https:\/\/rafaramirez.org\/blog\/#\/schema\/person\/50f43b6d60c578760d4c17bda54ab6a5"},"potentialAction":[{"@type":"SearchAction","target":{"@type":"EntryPoint","urlTemplate":"https:\/\/rafaramirez.org\/blog\/?s={search_term_string}"},"query-input":{"@type":"PropertyValueSpecification","valueRequired":true,"valueName":"search_term_string"}}],"inLanguage":"es"},{"@type":["Person","Organization"],"@id":"https:\/\/rafaramirez.org\/blog\/#\/schema\/person\/50f43b6d60c578760d4c17bda54ab6a5","name":"Rafael Ram\u00edrez","image":{"@type":"ImageObject","inLanguage":"es","@id":"https:\/\/rafaramirez.org\/blog\/wp-content\/uploads\/2024\/09\/RR_socialnetwork.jpg","url":"https:\/\/rafaramirez.org\/blog\/wp-content\/uploads\/2024\/09\/RR_socialnetwork.jpg","contentUrl":"https:\/\/rafaramirez.org\/blog\/wp-content\/uploads\/2024\/09\/RR_socialnetwork.jpg","width":600,"height":606,"caption":"Rafael Ram\u00edrez"},"logo":{"@id":"https:\/\/rafaramirez.org\/blog\/wp-content\/uploads\/2024\/09\/RR_socialnetwork.jpg"},"sameAs":["https:\/\/www.rafaramirez.org\/blog","https:\/\/www.instagram.com\/rafaramirez_ok\/","https:\/\/es.pinterest.com\/Ramirez_Rafa\/","https:\/\/x.com\/rafaramirez_ok"],"url":"https:\/\/rafaramirez.org\/blog\/index.php\/author\/rafaell_qm6j97da\/"}]}},"jetpack_publicize_connections":[],"jetpack_sharing_enabled":true,"jetpack_likes_enabled":true,"jetpack_featured_media_url":"https:\/\/rafaramirez.org\/blog\/wp-content\/uploads\/2024\/12\/Nochebuena_Blog_de_Rafael_Ramirez_banner.jpg","_links":{"self":[{"href":"https:\/\/rafaramirez.org\/blog\/index.php\/wp-json\/wp\/v2\/posts\/7410","targetHints":{"allow":["GET"]}}],"collection":[{"href":"https:\/\/rafaramirez.org\/blog\/index.php\/wp-json\/wp\/v2\/posts"}],"about":[{"href":"https:\/\/rafaramirez.org\/blog\/index.php\/wp-json\/wp\/v2\/types\/post"}],"author":[{"embeddable":true,"href":"https:\/\/rafaramirez.org\/blog\/index.php\/wp-json\/wp\/v2\/users\/1"}],"replies":[{"embeddable":true,"href":"https:\/\/rafaramirez.org\/blog\/index.php\/wp-json\/wp\/v2\/comments?post=7410"}],"version-history":[{"count":9,"href":"https:\/\/rafaramirez.org\/blog\/index.php\/wp-json\/wp\/v2\/posts\/7410\/revisions"}],"predecessor-version":[{"id":7422,"href":"https:\/\/rafaramirez.org\/blog\/index.php\/wp-json\/wp\/v2\/posts\/7410\/revisions\/7422"}],"wp:featuredmedia":[{"embeddable":true,"href":"https:\/\/rafaramirez.org\/blog\/index.php\/wp-json\/wp\/v2\/media\/7416"}],"wp:attachment":[{"href":"https:\/\/rafaramirez.org\/blog\/index.php\/wp-json\/wp\/v2\/media?parent=7410"}],"wp:term":[{"taxonomy":"category","embeddable":true,"href":"https:\/\/rafaramirez.org\/blog\/index.php\/wp-json\/wp\/v2\/categories?post=7410"},{"taxonomy":"post_tag","embeddable":true,"href":"https:\/\/rafaramirez.org\/blog\/index.php\/wp-json\/wp\/v2\/tags?post=7410"}],"curies":[{"name":"wp","href":"https:\/\/api.w.org\/{rel}","templated":true}]}}