{"id":7392,"date":"2024-12-24T08:15:17","date_gmt":"2024-12-24T07:15:17","guid":{"rendered":"https:\/\/rafaramirez.org\/blog\/?p=7392"},"modified":"2025-01-02T11:23:34","modified_gmt":"2025-01-02T10:23:34","slug":"que-bello-es-vivir-pelicula","status":"publish","type":"post","link":"https:\/\/rafaramirez.org\/blog\/index.php\/2024\/12\/24\/que-bello-es-vivir-pelicula\/","title":{"rendered":"\u00abQu\u00e9 bello es vivir\u00bb pel\u00edcula de Frank Capra, un cl\u00e1sico navide\u00f1o imprescindible en estas fechas."},"content":{"rendered":"<p>Estamos a escasas horas del d\u00eda de Navidad, inmersos ya en \u00e9stas festividades y el film que os recomiendo hoy es <strong>\u00abQu\u00e9 bello es vivir\u00bb<\/strong> <strong>(It&#8217;s a Wonderful Life)<\/strong>. Es una pel\u00edcula cl\u00e1sica de 1946 <strong>dirigida por Frank Capra<\/strong>. La historia sigue a George Bailey, interpretado por James Stewart, un hombre que ha sacrificado sus sue\u00f1os personales para ayudar a los dem\u00e1s en su comunidad. En un momento de desesperaci\u00f3n, George considera acabar con su vida, pero un \u00e1ngel llamado Clarence, interpretado por Henry Travers, le muestra c\u00f3mo ser\u00eda el mundo si \u00e9l nunca hubiera nacido.<\/p>\n<p>La pel\u00edcula es conocida por su mensaje conmovedor sobre <strong>la importancia de cada individuo<\/strong> y <strong>el impacto que tienen en la vida de los dem\u00e1s<\/strong>. Aunque no fue un gran \u00e9xito en su estreno, con el tiempo se ha convertido en una de las pel\u00edculas m\u00e1s queridas y vistas durante la temporada navide\u00f1a.<\/p>\n<figure id=\"attachment_7401\" aria-describedby=\"caption-attachment-7401\" style=\"width: 300px\" class=\"wp-caption aligncenter\"><a href=\"https:\/\/rafaramirez.org\/blog\/wp-content\/uploads\/2024\/12\/Que_bello_es_vivir_3.jpg\" target=\"_blank\" rel=\"noopener\"><img loading=\"lazy\" decoding=\"async\" class=\"wp-image-7401 size-medium\" src=\"https:\/\/rafaramirez.org\/blog\/wp-content\/uploads\/2024\/12\/Que_bello_es_vivir_3-300x202.jpg\" alt=\"Escena de \u00a1Qu\u00e9 bello es vivir! (1946). Blog de Rafael Ram\u00edrez.\" width=\"300\" height=\"202\" srcset=\"https:\/\/rafaramirez.org\/blog\/wp-content\/uploads\/2024\/12\/Que_bello_es_vivir_3-300x202.jpg 300w, https:\/\/rafaramirez.org\/blog\/wp-content\/uploads\/2024\/12\/Que_bello_es_vivir_3-768x517.jpg 768w, https:\/\/rafaramirez.org\/blog\/wp-content\/uploads\/2024\/12\/Que_bello_es_vivir_3.jpg 1000w\" sizes=\"auto, (max-width: 300px) 100vw, 300px\" \/><\/a><figcaption id=\"caption-attachment-7401\" class=\"wp-caption-text\">Escena de la pel\u00edcula \u00a1Qu\u00e9 bello es vivir! (1946). Blog de Rafael Ram\u00edrez.<\/figcaption><\/figure>\n<h3>Detr\u00e1s del rodaje de \u00abQu\u00e9 bello es vivir\u00bb.<\/h3>\n<p>El rodaje de \u00abQu\u00e9 bello es vivir\u00bb tiene varias historias interesantes detr\u00e1s de las c\u00e1maras que te cuento a continuaci\u00f3n:<\/p>\n<ul>\n<li><strong>Rodaje en verano:<\/strong> Aunque es una pel\u00edcula navide\u00f1a, contrariamente fue filmada durante el verano de 1946. Las altas temperaturas causaron que los actores sud\u00e1ran visiblemente en algunas escenas, y el director Frank Capra tuvo que detener el rodaje en varias ocasiones para evitar que al elenco y el equipo le afectara tanto calor.<\/li>\n<li><strong>James Stewart y su lucha post-guerra:<\/strong> James Stewart, quien interpret\u00f3 a George Bailey, hab\u00eda servido en la <strong>Segunda Guerra Mundial<\/strong> y tuvo dificultades para adaptarse a la vida civil y a su carrera como actor despu\u00e9s de la guerra. Su experiencia en combate le ayud\u00f3 a canalizar sus emociones en su actuaci\u00f3n, especialmente en las escenas m\u00e1s emotivas.<\/li>\n<li><strong>L\u00e1grimas reales:<\/strong> En una de las escenas m\u00e1s conmovedoras, en la que George Bailey reza en la cafeter\u00eda, las l\u00e1grimas de James Stewart eran reales. \u00c9l actor sinti\u00f3 realmente la desesperaci\u00f3n de su personaje, lo que hizo que la escena resultara a\u00fan m\u00e1s aut\u00e9ntica y emotiva.<\/li>\n<li><strong>Error de derechos de autor:<\/strong> Aunque la pel\u00edcula no fue un gran \u00e9xito en su estreno y fue olvidada por muchos. En 1974, un error en la renovaci\u00f3n de los derechos de autor permiti\u00f3 que la pel\u00edcula se transmitiera libremente en la televisi\u00f3n, lo que ayud\u00f3 a que se convirtiera en un cl\u00e1sico navide\u00f1o.<\/li>\n<\/ul>\n<p>A pesar de todo, estas historias muestran c\u00f3mo el esfuerzo y las circunstancias \u00fanicas detr\u00e1s de las c\u00e1maras contribuyeron a la <strong>creaci\u00f3n de esta pel\u00edcula atemporal<\/strong>.<\/p>\n<figure id=\"attachment_7402\" aria-describedby=\"caption-attachment-7402\" style=\"width: 300px\" class=\"wp-caption aligncenter\"><a href=\"https:\/\/rafaramirez.org\/blog\/wp-content\/uploads\/2024\/12\/Que_bello_es_vivir_2.jpg\" target=\"_blank\" rel=\"noopener\"><img loading=\"lazy\" decoding=\"async\" class=\"wp-image-7402 size-medium\" src=\"https:\/\/rafaramirez.org\/blog\/wp-content\/uploads\/2024\/12\/Que_bello_es_vivir_2-300x225.jpg\" alt=\"Escena de \u00a1Qu\u00e9 bello es vivir! (1946). Blog de Rafael Ram\u00edrez.\" width=\"300\" height=\"225\" srcset=\"https:\/\/rafaramirez.org\/blog\/wp-content\/uploads\/2024\/12\/Que_bello_es_vivir_2-300x225.jpg 300w, https:\/\/rafaramirez.org\/blog\/wp-content\/uploads\/2024\/12\/Que_bello_es_vivir_2-1024x768.jpg 1024w, https:\/\/rafaramirez.org\/blog\/wp-content\/uploads\/2024\/12\/Que_bello_es_vivir_2-768x576.jpg 768w, https:\/\/rafaramirez.org\/blog\/wp-content\/uploads\/2024\/12\/Que_bello_es_vivir_2.jpg 1200w\" sizes=\"auto, (max-width: 300px) 100vw, 300px\" \/><\/a><figcaption id=\"caption-attachment-7402\" class=\"wp-caption-text\">Escena de la pel\u00edcula \u00a1Qu\u00e9 bello es vivir! (1946). Blog de Rafael Ram\u00edrez.<\/figcaption><\/figure>\n<h3>Cr\u00edtica.<\/h3>\n<p>Decididamente, \u00abQu\u00e9 bello es vivir\u00bb es una pel\u00edcula que ha resistido la prueba del tiempo y se ha convertido en un cl\u00e1sico navide\u00f1o por varias razones que te explico a continuaci\u00f3n:<\/p>\n<ul>\n<li><strong>Direcci\u00f3n y Actuaci\u00f3n:<\/strong> Frank Capra dirige con maestr\u00eda, creando una narrativa que es a la vez conmovedora y edificante. Mientras, James Stewart ofrece, sin duda, una actuaci\u00f3n memorable como George Bailey, capturando la esencia de un hombre com\u00fan enfrentado a circunstancias extraordinarias. Su interpretaci\u00f3n es sincera y emotiva, lo que permite a los espectadores conectar profundamente con su personaje.<\/li>\n<li><strong>Guion y Tem\u00e1tica:<\/strong> El guion, basado en el cuento <strong>\u00abThe Greatest Gift\u00bb<\/strong> de <strong>Philip Van Doren Stern<\/strong>, es una mezcla perfecta de drama, comedia y fantas\u00eda. La pel\u00edcula aborda temas universales como la importancia de la comunidad, el sacrificio personal y el verdadero significado de la vida. El mensaje de que cada vida tiene un impacto significativo en el mundo resuena fuertemente, especialmente durante la temporada navide\u00f1a.<\/li>\n<li><strong>Cinematograf\u00eda y M\u00fasica:<\/strong> La cinematograf\u00eda de <strong>Joseph Walker<\/strong> y la m\u00fasica de <strong>Dimitri Tiomkin<\/strong> complementan perfectamente la historia. Las escenas est\u00e1n bellamente filmadas, y la m\u00fasica a\u00f1ade una capa adicional de emoci\u00f3n y nostalgia.<\/li>\n<li><strong>Impacto Cultural:<\/strong> Aunque, como te he comentado, no fue un \u00e9xito inmediato en su estreno, \u00abQu\u00e9 bello es vivir\u00bb ha ganado un lugar especial en los corazones de muchas personas. Su mensaje positivo y esperanzador ha hecho que sea una pel\u00edcula recurrente durante las festividades, y su influencia se puede ver en numerosas referencias culturales y homenajes en otros medios.<\/li>\n<\/ul>\n<p>Ciertamente, \u00abQu\u00e9 bello es vivir\u00bb es una pel\u00edcula que combina una direcci\u00f3n excepcional, <strong>actuaciones conmovedoras y un guion poderoso<\/strong> para crear una experiencia cinematogr\u00e1fica inolvidable. Es una obra maestra que sigue inspirando y emocionando a nuevas generaciones de espectadores.<\/p>\n<figure id=\"attachment_7403\" aria-describedby=\"caption-attachment-7403\" style=\"width: 300px\" class=\"wp-caption aligncenter\"><a href=\"https:\/\/rafaramirez.org\/blog\/wp-content\/uploads\/2024\/12\/Que_bello_es_vivir_4.jpg\" target=\"_blank\" rel=\"noopener\"><img loading=\"lazy\" decoding=\"async\" class=\"wp-image-7403 size-medium\" src=\"https:\/\/rafaramirez.org\/blog\/wp-content\/uploads\/2024\/12\/Que_bello_es_vivir_4-300x226.jpg\" alt=\"Escena de \u00a1Qu\u00e9 bello es vivir! (1946). Blog de Rafael Ram\u00edrez.\" width=\"300\" height=\"226\" srcset=\"https:\/\/rafaramirez.org\/blog\/wp-content\/uploads\/2024\/12\/Que_bello_es_vivir_4-300x226.jpg 300w, https:\/\/rafaramirez.org\/blog\/wp-content\/uploads\/2024\/12\/Que_bello_es_vivir_4-1024x772.jpg 1024w, https:\/\/rafaramirez.org\/blog\/wp-content\/uploads\/2024\/12\/Que_bello_es_vivir_4-768x579.jpg 768w, https:\/\/rafaramirez.org\/blog\/wp-content\/uploads\/2024\/12\/Que_bello_es_vivir_4.jpg 1327w\" sizes=\"auto, (max-width: 300px) 100vw, 300px\" \/><\/a><figcaption id=\"caption-attachment-7403\" class=\"wp-caption-text\">Escena de la pel\u00edcula \u00a1Qu\u00e9 bello es vivir! (1946). Blog de Rafael Ram\u00edrez.<\/figcaption><\/figure>\n<h3>Premios y nominaciones.<\/h3>\n<p>\u00abQu\u00e9 bello es vivir\u00bb recibi\u00f3 varias nominaciones y premios importantes:<\/p>\n<h4>Premios \u00d3scar (1947):<\/h4>\n<ul>\n<li>Nominada a Mejor Pel\u00edcula<\/li>\n<li>Nominada a Mejor Direcci\u00f3n (Frank Capra)<\/li>\n<li>Nominada a Mejor Actor Principal (James Stewart)<\/li>\n<li>Nominada a Mejor Montaje (William Hornbeck)<\/li>\n<li>Nominada a Mejor Sonido (John Aalberg)<\/li>\n<\/ul>\n<h4>Globos de Oro (1947):<\/h4>\n<ul>\n<li>Ganadora de Mejor Direcci\u00f3n (Frank Capra)<\/li>\n<\/ul>\n<h4>C\u00edrculo de Cr\u00edticos de Nueva York (1946):<\/h4>\n<ul>\n<li>Nominada a Mejor Direcci\u00f3n (Frank Capra)<\/li>\n<\/ul>\n<h4>National Board of Review (1947):<\/h4>\n<ul>\n<li>Nominada a Mejores Pel\u00edculas del A\u00f1o<\/li>\n<\/ul>\n<p>A pesar de no ganar muchos premios en su momento, como te he contado, la pel\u00edcula ha sido reconocida con el tiempo como una de las m\u00e1s inspiradoras y queridas de la historia del cine.<\/p>\n<figure id=\"attachment_7404\" aria-describedby=\"caption-attachment-7404\" style=\"width: 200px\" class=\"wp-caption aligncenter\"><a href=\"https:\/\/rafaramirez.org\/blog\/wp-content\/uploads\/2024\/12\/Que_bello_es_vivir_cartel.jpg\" target=\"_blank\" rel=\"noopener\"><img loading=\"lazy\" decoding=\"async\" class=\"wp-image-7404 size-medium\" src=\"https:\/\/rafaramirez.org\/blog\/wp-content\/uploads\/2024\/12\/Que_bello_es_vivir_cartel-200x300.jpg\" alt=\"Cartel de la pel\u00edcula \u00a1Qu\u00e9 bello es vivir! (1946). Blog de Rafael Ram\u00edrez.\" width=\"200\" height=\"300\" srcset=\"https:\/\/rafaramirez.org\/blog\/wp-content\/uploads\/2024\/12\/Que_bello_es_vivir_cartel-200x300.jpg 200w, https:\/\/rafaramirez.org\/blog\/wp-content\/uploads\/2024\/12\/Que_bello_es_vivir_cartel-683x1024.jpg 683w, https:\/\/rafaramirez.org\/blog\/wp-content\/uploads\/2024\/12\/Que_bello_es_vivir_cartel-768x1152.jpg 768w, https:\/\/rafaramirez.org\/blog\/wp-content\/uploads\/2024\/12\/Que_bello_es_vivir_cartel.jpg 960w\" sizes=\"auto, (max-width: 200px) 100vw, 200px\" \/><\/a><figcaption id=\"caption-attachment-7404\" class=\"wp-caption-text\">Cartel de la pel\u00edcula \u00a1Qu\u00e9 bello es vivir! (1946). Blog de Rafael Ram\u00edrez.<\/figcaption><\/figure>\n<h3>Ficha t\u00e9cnica de la pel\u00edcula.<\/h3>\n<ul>\n<li><strong>T\u00edtulo original<\/strong>: It&#8217;s a Wonderful Life<\/li>\n<li><strong>Director<\/strong>: Frank Capra<\/li>\n<li><strong>Guion<\/strong>: Frances Goodrich, Albert Hackett, Frank Capra (basado en el cuento \u00abThe Greatest Gift\u00bb de Philip Van Doren Stern)<\/li>\n<li><strong>Productor<\/strong>: Frank Capra<\/li>\n<li><strong>M\u00fasica<\/strong>: Dimitri Tiomkin<\/li>\n<li><strong>Fotograf\u00eda<\/strong>: Joseph Walker<\/li>\n<li><strong>Montaje<\/strong>: William Hornbeck<\/li>\n<li><strong>Protagonistas<\/strong>: James Stewart (George Bailey), Donna Reed (Mary Hatch Bailey), Lionel Barrymore (Mr. Potter), Thomas Mitchell (T\u00edo Billy), Henry Travers (Clarence)<\/li>\n<li><strong>Pa\u00eds<\/strong>: Estados Unidos<\/li>\n<li><strong>A\u00f1o<\/strong>: 1946<\/li>\n<li><strong>Duraci\u00f3n<\/strong>: 130 minutos<\/li>\n<li><strong>G\u00e9nero<\/strong>: Drama, Fantas\u00eda, Navidad<\/li>\n<li><strong>Idioma<\/strong>: Ingl\u00e9s<\/li>\n<li><strong>Estudio<\/strong>: Liberty Films<\/li>\n<li><strong>Distribuidora<\/strong>: RKO Radio Pictures<\/li>\n<\/ul>\n<h3>Trailer de la pel\u00edcula (ingl\u00e9s).<\/h3>\n<p><iframe loading=\"lazy\" title=\"YouTube video player\" src=\"https:\/\/www.youtube.com\/embed\/iLR3gZrU2Xo?si=GuOo1HnwKa_nc0cz\" width=\"560\" height=\"315\" frameborder=\"0\" allowfullscreen=\"allowfullscreen\"><\/iframe><\/p>\n<p>Claro est\u00e1 que no debes perderte \u00abQu\u00e9 bello es vivir\u00bb porque es una <strong>pel\u00edcula que ofrece un mensaje inspirador sobre la importancia de cada individuo y el impacto positivo que podemos tener en la vida de los dem\u00e1s<\/strong>. Las <strong>actuaciones memorables<\/strong>, especialmente la de James Stewart, y la <strong>direcci\u00f3n magistral de Frank Capra<\/strong> hacen que sea una experiencia cinematogr\u00e1fica conmovedora y edificante. Todo esto unido a su hermosa cinematograf\u00eda y m\u00fasica a\u00f1aden un plus adicional de emoci\u00f3n y nostalgia.<\/p>\n<p><strong>La pel\u00edcula es, sin duda, un cl\u00e1sico navide\u00f1o que sigue resonando con el p\u00fablico de todas las generaciones.<\/strong><\/p>\n<p>M\u00e1s informaci\u00f3n:<\/p>\n<ul>\n<li><a href=\"https:\/\/es.wikipedia.org\/wiki\/Qu%C3%A9_bello_es_vivir\" target=\"_blank\" rel=\"noopener\">Wikipedia<\/a>.<\/li>\n<li><a href=\"https:\/\/www.filmaffinity.com\/es\/film682814.html\" target=\"_blank\" rel=\"noopener\">Filmaffinity<\/a>.<\/li>\n<li><a href=\"https:\/\/rafaramirez.org\/blog\/index.php\/category\/arte\/cine\/\" target=\"_blank\" rel=\"noopener\">M\u00e1s cine recomendado<\/a>.<\/li>\n<\/ul>\n","protected":false},"excerpt":{"rendered":"<p>Estamos a escasas horas del d\u00eda de Navidad, inmersos ya en \u00e9stas festividades y el film que os recomiendo hoy es \u00abQu\u00e9 bello es vivir\u00bb (It&#8217;s a Wonderful Life). Es una pel\u00edcula cl\u00e1sica de 1946 dirigida por Frank Capra. La historia sigue a George Bailey, interpretado por James Stewart, un hombre que ha sacrificado sus [&hellip;]<\/p>\n","protected":false},"author":1,"featured_media":7400,"comment_status":"open","ping_status":"closed","sticky":false,"template":"","format":"standard","meta":{"site-container-style":"default","site-container-layout":"default","site-sidebar-layout":"default","disable-article-header":"default","disable-site-header":"default","disable-site-footer":"default","disable-content-area-spacing":"default","_jetpack_newsletter_access":"","_jetpack_dont_email_post_to_subs":false,"_jetpack_newsletter_tier_id":0,"_jetpack_memberships_contains_paywalled_content":false,"_jetpack_feature_clip_id":0,"_jetpack_memberships_contains_paid_content":false,"footnotes":"","jetpack_publicize_message":"","jetpack_publicize_feature_enabled":true,"jetpack_social_post_already_shared":true,"jetpack_social_options":{"image_generator_settings":{"template":"highway","default_image_id":0,"font":"","enabled":false},"version":2},"jetpack_post_was_ever_published":false},"categories":[711],"tags":[3883,3885,3886,3887,68,762,3890,3880,3882,3787,3889,3829,3881,3884,3801,3800,897,3888],"class_list":["post-7392","post","type-post","status-publish","format-standard","has-post-thumbnail","hentry","category-cine","tag-its-a-wonderful-life","tag-que-bello-es-vivir","tag-que-bello-es-vivir-1946","tag-the-greatest-gift","tag-blog-de-rafael-ramirez","tag-critica-de-cine","tag-dimitri-tiomkin","tag-donna-reed","tag-frank-capra","tag-james-stewart","tag-joseph-walker","tag-joya-del-cine-clasico","tag-lionel-barrymore","tag-pelicula-de-1946","tag-pelicula-de-navidad","tag-pelicula-navidena","tag-pelicula-recomendada","tag-philip-van-doren-stern"],"yoast_head":"<!-- This site is optimized with the Yoast SEO plugin v28.3 - https:\/\/yoast.com\/product\/yoast-seo-wordpress\/ -->\n<title>&quot;Qu\u00e9 bello es vivir&quot; pel\u00edcula de Frank Capra, un cl\u00e1sico navide\u00f1o imprescindible en estas fechas. - Blog de Rafael Ram\u00edrez<\/title>\n<meta name=\"description\" content=\"&quot;Qu\u00e9 bello es vivir&quot; pel\u00edcula cl\u00e1sica de 1946 dirigida por Frank Capra. Una de las pel\u00edculas m\u00e1s queridas y vistas durante la navidad.\" \/>\n<meta name=\"robots\" content=\"index, follow, max-snippet:-1, max-image-preview:large, max-video-preview:-1\" \/>\n<link rel=\"canonical\" href=\"https:\/\/rafaramirez.org\/blog\/index.php\/2024\/12\/24\/que-bello-es-vivir-pelicula\/\" \/>\n<meta property=\"og:locale\" content=\"es_ES\" \/>\n<meta property=\"og:type\" content=\"article\" \/>\n<meta property=\"og:title\" content=\"&quot;Qu\u00e9 bello es vivir&quot; pel\u00edcula de Frank Capra, un cl\u00e1sico navide\u00f1o imprescindible en estas fechas. - Blog de Rafael Ram\u00edrez\" \/>\n<meta property=\"og:description\" content=\"&quot;Qu\u00e9 bello es vivir&quot; pel\u00edcula cl\u00e1sica de 1946 dirigida por Frank Capra. Una de las pel\u00edculas m\u00e1s queridas y vistas durante la navidad.\" \/>\n<meta property=\"og:url\" content=\"https:\/\/rafaramirez.org\/blog\/index.php\/2024\/12\/24\/que-bello-es-vivir-pelicula\/\" \/>\n<meta property=\"og:site_name\" content=\"Blog de Rafael Ram\u00edrez\" \/>\n<meta property=\"article:published_time\" content=\"2024-12-24T07:15:17+00:00\" \/>\n<meta property=\"article:modified_time\" content=\"2025-01-02T10:23:34+00:00\" \/>\n<meta property=\"og:image\" content=\"https:\/\/rafaramirez.org\/blog\/wp-content\/uploads\/2024\/12\/Que_bello_es_vivir_banner.jpg\" \/>\n\t<meta property=\"og:image:width\" content=\"720\" \/>\n\t<meta property=\"og:image:height\" content=\"440\" \/>\n\t<meta property=\"og:image:type\" content=\"image\/jpeg\" \/>\n<meta name=\"author\" content=\"Rafael Ram\u00edrez\" \/>\n<meta name=\"twitter:card\" content=\"summary_large_image\" \/>\n<meta name=\"twitter:creator\" content=\"@rafaramirez_ok\" \/>\n<meta name=\"twitter:site\" content=\"@rafaramirez_ok\" \/>\n<meta name=\"twitter:label1\" content=\"Escrito por\" \/>\n\t<meta name=\"twitter:data1\" content=\"Rafael Ram\u00edrez\" \/>\n\t<meta name=\"twitter:label2\" content=\"Tiempo de lectura\" \/>\n\t<meta name=\"twitter:data2\" content=\"6 minutos\" \/>\n<script type=\"application\/ld+json\" class=\"yoast-schema-graph\">{\"@context\":\"https:\\\/\\\/schema.org\",\"@graph\":[{\"@type\":\"Article\",\"@id\":\"https:\\\/\\\/rafaramirez.org\\\/blog\\\/index.php\\\/2024\\\/12\\\/24\\\/que-bello-es-vivir-pelicula\\\/#article\",\"isPartOf\":{\"@id\":\"https:\\\/\\\/rafaramirez.org\\\/blog\\\/index.php\\\/2024\\\/12\\\/24\\\/que-bello-es-vivir-pelicula\\\/\"},\"author\":{\"name\":\"Rafael Ram\u00edrez\",\"@id\":\"https:\\\/\\\/rafaramirez.org\\\/blog\\\/#\\\/schema\\\/person\\\/50f43b6d60c578760d4c17bda54ab6a5\"},\"headline\":\"\u00abQu\u00e9 bello es vivir\u00bb pel\u00edcula de Frank Capra, un cl\u00e1sico navide\u00f1o imprescindible en estas fechas.\",\"datePublished\":\"2024-12-24T07:15:17+00:00\",\"dateModified\":\"2025-01-02T10:23:34+00:00\",\"mainEntityOfPage\":{\"@id\":\"https:\\\/\\\/rafaramirez.org\\\/blog\\\/index.php\\\/2024\\\/12\\\/24\\\/que-bello-es-vivir-pelicula\\\/\"},\"wordCount\":1219,\"commentCount\":0,\"publisher\":{\"@id\":\"https:\\\/\\\/rafaramirez.org\\\/blog\\\/#\\\/schema\\\/person\\\/50f43b6d60c578760d4c17bda54ab6a5\"},\"image\":{\"@id\":\"https:\\\/\\\/rafaramirez.org\\\/blog\\\/index.php\\\/2024\\\/12\\\/24\\\/que-bello-es-vivir-pelicula\\\/#primaryimage\"},\"thumbnailUrl\":\"https:\\\/\\\/rafaramirez.org\\\/blog\\\/wp-content\\\/uploads\\\/2024\\\/12\\\/Que_bello_es_vivir_banner.jpg\",\"keywords\":[\"\\\"It's a Wonderful Life\\\"\",\"\\\"Qu\u00e9 bello es vivir\\\"\",\"\\\"Qu\u00e9 bello es vivir\\\" 1946\",\"\\\"The Greatest Gift\\\"\",\"blog de Rafael Ram\u00edrez\",\"cr\u00edtica de cine\",\"Dimitri Tiomkin\",\"Donna Reed\",\"Frank Capra\",\"James Stewart\",\"Joseph Walker\",\"joya del cine cl\u00e1sico\",\"Lionel Barrymore\",\"pel\u00edcula de 1946\",\"pel\u00edcula de navidad\",\"pel\u00edcula navide\u00f1a\",\"pel\u00edcula recomendada\",\"Philip Van Doren Stern\"],\"articleSection\":[\"Cine\"],\"inLanguage\":\"es\",\"potentialAction\":[{\"@type\":\"CommentAction\",\"name\":\"Comment\",\"target\":[\"https:\\\/\\\/rafaramirez.org\\\/blog\\\/index.php\\\/2024\\\/12\\\/24\\\/que-bello-es-vivir-pelicula\\\/#respond\"]}]},{\"@type\":\"WebPage\",\"@id\":\"https:\\\/\\\/rafaramirez.org\\\/blog\\\/index.php\\\/2024\\\/12\\\/24\\\/que-bello-es-vivir-pelicula\\\/\",\"url\":\"https:\\\/\\\/rafaramirez.org\\\/blog\\\/index.php\\\/2024\\\/12\\\/24\\\/que-bello-es-vivir-pelicula\\\/\",\"name\":\"\\\"Qu\u00e9 bello es vivir\\\" pel\u00edcula de Frank Capra, un cl\u00e1sico navide\u00f1o imprescindible en estas fechas. - Blog de Rafael Ram\u00edrez\",\"isPartOf\":{\"@id\":\"https:\\\/\\\/rafaramirez.org\\\/blog\\\/#website\"},\"primaryImageOfPage\":{\"@id\":\"https:\\\/\\\/rafaramirez.org\\\/blog\\\/index.php\\\/2024\\\/12\\\/24\\\/que-bello-es-vivir-pelicula\\\/#primaryimage\"},\"image\":{\"@id\":\"https:\\\/\\\/rafaramirez.org\\\/blog\\\/index.php\\\/2024\\\/12\\\/24\\\/que-bello-es-vivir-pelicula\\\/#primaryimage\"},\"thumbnailUrl\":\"https:\\\/\\\/rafaramirez.org\\\/blog\\\/wp-content\\\/uploads\\\/2024\\\/12\\\/Que_bello_es_vivir_banner.jpg\",\"datePublished\":\"2024-12-24T07:15:17+00:00\",\"dateModified\":\"2025-01-02T10:23:34+00:00\",\"description\":\"\\\"Qu\u00e9 bello es vivir\\\" pel\u00edcula cl\u00e1sica de 1946 dirigida por Frank Capra. Una de las pel\u00edculas m\u00e1s queridas y vistas durante la navidad.\",\"breadcrumb\":{\"@id\":\"https:\\\/\\\/rafaramirez.org\\\/blog\\\/index.php\\\/2024\\\/12\\\/24\\\/que-bello-es-vivir-pelicula\\\/#breadcrumb\"},\"inLanguage\":\"es\",\"potentialAction\":[{\"@type\":\"ReadAction\",\"target\":[\"https:\\\/\\\/rafaramirez.org\\\/blog\\\/index.php\\\/2024\\\/12\\\/24\\\/que-bello-es-vivir-pelicula\\\/\"]}]},{\"@type\":\"ImageObject\",\"inLanguage\":\"es\",\"@id\":\"https:\\\/\\\/rafaramirez.org\\\/blog\\\/index.php\\\/2024\\\/12\\\/24\\\/que-bello-es-vivir-pelicula\\\/#primaryimage\",\"url\":\"https:\\\/\\\/rafaramirez.org\\\/blog\\\/wp-content\\\/uploads\\\/2024\\\/12\\\/Que_bello_es_vivir_banner.jpg\",\"contentUrl\":\"https:\\\/\\\/rafaramirez.org\\\/blog\\\/wp-content\\\/uploads\\\/2024\\\/12\\\/Que_bello_es_vivir_banner.jpg\",\"width\":720,\"height\":440,\"caption\":\"\u00a1Qu\u00e9 bello es vivir! (1946) Pel\u00edcula recomendada. Blog de Rafael Ram\u00edrez.\"},{\"@type\":\"BreadcrumbList\",\"@id\":\"https:\\\/\\\/rafaramirez.org\\\/blog\\\/index.php\\\/2024\\\/12\\\/24\\\/que-bello-es-vivir-pelicula\\\/#breadcrumb\",\"itemListElement\":[{\"@type\":\"ListItem\",\"position\":1,\"name\":\"Portada\",\"item\":\"https:\\\/\\\/rafaramirez.org\\\/blog\\\/\"},{\"@type\":\"ListItem\",\"position\":2,\"name\":\"\u00abQu\u00e9 bello es vivir\u00bb pel\u00edcula de Frank Capra, un cl\u00e1sico navide\u00f1o imprescindible en estas fechas.\"}]},{\"@type\":\"WebSite\",\"@id\":\"https:\\\/\\\/rafaramirez.org\\\/blog\\\/#website\",\"url\":\"https:\\\/\\\/rafaramirez.org\\\/blog\\\/\",\"name\":\"Blog de Rafael Ram\u00edrez\",\"description\":\"Un sitio social, de arte y cultura\",\"publisher\":{\"@id\":\"https:\\\/\\\/rafaramirez.org\\\/blog\\\/#\\\/schema\\\/person\\\/50f43b6d60c578760d4c17bda54ab6a5\"},\"potentialAction\":[{\"@type\":\"SearchAction\",\"target\":{\"@type\":\"EntryPoint\",\"urlTemplate\":\"https:\\\/\\\/rafaramirez.org\\\/blog\\\/?s={search_term_string}\"},\"query-input\":{\"@type\":\"PropertyValueSpecification\",\"valueRequired\":true,\"valueName\":\"search_term_string\"}}],\"inLanguage\":\"es\"},{\"@type\":[\"Person\",\"Organization\"],\"@id\":\"https:\\\/\\\/rafaramirez.org\\\/blog\\\/#\\\/schema\\\/person\\\/50f43b6d60c578760d4c17bda54ab6a5\",\"name\":\"Rafael Ram\u00edrez\",\"image\":{\"@type\":\"ImageObject\",\"inLanguage\":\"es\",\"@id\":\"https:\\\/\\\/rafaramirez.org\\\/blog\\\/wp-content\\\/uploads\\\/2024\\\/09\\\/RR_socialnetwork.jpg\",\"url\":\"https:\\\/\\\/rafaramirez.org\\\/blog\\\/wp-content\\\/uploads\\\/2024\\\/09\\\/RR_socialnetwork.jpg\",\"contentUrl\":\"https:\\\/\\\/rafaramirez.org\\\/blog\\\/wp-content\\\/uploads\\\/2024\\\/09\\\/RR_socialnetwork.jpg\",\"width\":600,\"height\":606,\"caption\":\"Rafael Ram\u00edrez\"},\"logo\":{\"@id\":\"https:\\\/\\\/rafaramirez.org\\\/blog\\\/wp-content\\\/uploads\\\/2024\\\/09\\\/RR_socialnetwork.jpg\"},\"sameAs\":[\"https:\\\/\\\/www.rafaramirez.org\\\/blog\",\"https:\\\/\\\/www.instagram.com\\\/rafaramirez_ok\\\/\",\"https:\\\/\\\/es.pinterest.com\\\/Ramirez_Rafa\\\/\",\"https:\\\/\\\/x.com\\\/rafaramirez_ok\"],\"url\":\"https:\\\/\\\/rafaramirez.org\\\/blog\\\/index.php\\\/author\\\/rafaell_qm6j97da\\\/\"}]}<\/script>\n<!-- \/ Yoast SEO plugin. -->","yoast_head_json":{"title":"\"Qu\u00e9 bello es vivir\" pel\u00edcula de Frank Capra, un cl\u00e1sico navide\u00f1o imprescindible en estas fechas. - Blog de Rafael Ram\u00edrez","description":"\"Qu\u00e9 bello es vivir\" pel\u00edcula cl\u00e1sica de 1946 dirigida por Frank Capra. Una de las pel\u00edculas m\u00e1s queridas y vistas durante la navidad.","robots":{"index":"index","follow":"follow","max-snippet":"max-snippet:-1","max-image-preview":"max-image-preview:large","max-video-preview":"max-video-preview:-1"},"canonical":"https:\/\/rafaramirez.org\/blog\/index.php\/2024\/12\/24\/que-bello-es-vivir-pelicula\/","og_locale":"es_ES","og_type":"article","og_title":"\"Qu\u00e9 bello es vivir\" pel\u00edcula de Frank Capra, un cl\u00e1sico navide\u00f1o imprescindible en estas fechas. - Blog de Rafael Ram\u00edrez","og_description":"\"Qu\u00e9 bello es vivir\" pel\u00edcula cl\u00e1sica de 1946 dirigida por Frank Capra. Una de las pel\u00edculas m\u00e1s queridas y vistas durante la navidad.","og_url":"https:\/\/rafaramirez.org\/blog\/index.php\/2024\/12\/24\/que-bello-es-vivir-pelicula\/","og_site_name":"Blog de Rafael Ram\u00edrez","article_published_time":"2024-12-24T07:15:17+00:00","article_modified_time":"2025-01-02T10:23:34+00:00","og_image":[{"width":720,"height":440,"url":"https:\/\/rafaramirez.org\/blog\/wp-content\/uploads\/2024\/12\/Que_bello_es_vivir_banner.jpg","type":"image\/jpeg"}],"author":"Rafael Ram\u00edrez","twitter_card":"summary_large_image","twitter_creator":"@rafaramirez_ok","twitter_site":"@rafaramirez_ok","twitter_misc":{"Escrito por":"Rafael Ram\u00edrez","Tiempo de lectura":"6 minutos"},"schema":{"@context":"https:\/\/schema.org","@graph":[{"@type":"Article","@id":"https:\/\/rafaramirez.org\/blog\/index.php\/2024\/12\/24\/que-bello-es-vivir-pelicula\/#article","isPartOf":{"@id":"https:\/\/rafaramirez.org\/blog\/index.php\/2024\/12\/24\/que-bello-es-vivir-pelicula\/"},"author":{"name":"Rafael Ram\u00edrez","@id":"https:\/\/rafaramirez.org\/blog\/#\/schema\/person\/50f43b6d60c578760d4c17bda54ab6a5"},"headline":"\u00abQu\u00e9 bello es vivir\u00bb pel\u00edcula de Frank Capra, un cl\u00e1sico navide\u00f1o imprescindible en estas fechas.","datePublished":"2024-12-24T07:15:17+00:00","dateModified":"2025-01-02T10:23:34+00:00","mainEntityOfPage":{"@id":"https:\/\/rafaramirez.org\/blog\/index.php\/2024\/12\/24\/que-bello-es-vivir-pelicula\/"},"wordCount":1219,"commentCount":0,"publisher":{"@id":"https:\/\/rafaramirez.org\/blog\/#\/schema\/person\/50f43b6d60c578760d4c17bda54ab6a5"},"image":{"@id":"https:\/\/rafaramirez.org\/blog\/index.php\/2024\/12\/24\/que-bello-es-vivir-pelicula\/#primaryimage"},"thumbnailUrl":"https:\/\/rafaramirez.org\/blog\/wp-content\/uploads\/2024\/12\/Que_bello_es_vivir_banner.jpg","keywords":["\"It's a Wonderful Life\"","\"Qu\u00e9 bello es vivir\"","\"Qu\u00e9 bello es vivir\" 1946","\"The Greatest Gift\"","blog de Rafael Ram\u00edrez","cr\u00edtica de cine","Dimitri Tiomkin","Donna Reed","Frank Capra","James Stewart","Joseph Walker","joya del cine cl\u00e1sico","Lionel Barrymore","pel\u00edcula de 1946","pel\u00edcula de navidad","pel\u00edcula navide\u00f1a","pel\u00edcula recomendada","Philip Van Doren Stern"],"articleSection":["Cine"],"inLanguage":"es","potentialAction":[{"@type":"CommentAction","name":"Comment","target":["https:\/\/rafaramirez.org\/blog\/index.php\/2024\/12\/24\/que-bello-es-vivir-pelicula\/#respond"]}]},{"@type":"WebPage","@id":"https:\/\/rafaramirez.org\/blog\/index.php\/2024\/12\/24\/que-bello-es-vivir-pelicula\/","url":"https:\/\/rafaramirez.org\/blog\/index.php\/2024\/12\/24\/que-bello-es-vivir-pelicula\/","name":"\"Qu\u00e9 bello es vivir\" pel\u00edcula de Frank Capra, un cl\u00e1sico navide\u00f1o imprescindible en estas fechas. - Blog de Rafael Ram\u00edrez","isPartOf":{"@id":"https:\/\/rafaramirez.org\/blog\/#website"},"primaryImageOfPage":{"@id":"https:\/\/rafaramirez.org\/blog\/index.php\/2024\/12\/24\/que-bello-es-vivir-pelicula\/#primaryimage"},"image":{"@id":"https:\/\/rafaramirez.org\/blog\/index.php\/2024\/12\/24\/que-bello-es-vivir-pelicula\/#primaryimage"},"thumbnailUrl":"https:\/\/rafaramirez.org\/blog\/wp-content\/uploads\/2024\/12\/Que_bello_es_vivir_banner.jpg","datePublished":"2024-12-24T07:15:17+00:00","dateModified":"2025-01-02T10:23:34+00:00","description":"\"Qu\u00e9 bello es vivir\" pel\u00edcula cl\u00e1sica de 1946 dirigida por Frank Capra. Una de las pel\u00edculas m\u00e1s queridas y vistas durante la navidad.","breadcrumb":{"@id":"https:\/\/rafaramirez.org\/blog\/index.php\/2024\/12\/24\/que-bello-es-vivir-pelicula\/#breadcrumb"},"inLanguage":"es","potentialAction":[{"@type":"ReadAction","target":["https:\/\/rafaramirez.org\/blog\/index.php\/2024\/12\/24\/que-bello-es-vivir-pelicula\/"]}]},{"@type":"ImageObject","inLanguage":"es","@id":"https:\/\/rafaramirez.org\/blog\/index.php\/2024\/12\/24\/que-bello-es-vivir-pelicula\/#primaryimage","url":"https:\/\/rafaramirez.org\/blog\/wp-content\/uploads\/2024\/12\/Que_bello_es_vivir_banner.jpg","contentUrl":"https:\/\/rafaramirez.org\/blog\/wp-content\/uploads\/2024\/12\/Que_bello_es_vivir_banner.jpg","width":720,"height":440,"caption":"\u00a1Qu\u00e9 bello es vivir! (1946) Pel\u00edcula recomendada. Blog de Rafael Ram\u00edrez."},{"@type":"BreadcrumbList","@id":"https:\/\/rafaramirez.org\/blog\/index.php\/2024\/12\/24\/que-bello-es-vivir-pelicula\/#breadcrumb","itemListElement":[{"@type":"ListItem","position":1,"name":"Portada","item":"https:\/\/rafaramirez.org\/blog\/"},{"@type":"ListItem","position":2,"name":"\u00abQu\u00e9 bello es vivir\u00bb pel\u00edcula de Frank Capra, un cl\u00e1sico navide\u00f1o imprescindible en estas fechas."}]},{"@type":"WebSite","@id":"https:\/\/rafaramirez.org\/blog\/#website","url":"https:\/\/rafaramirez.org\/blog\/","name":"Blog de Rafael Ram\u00edrez","description":"Un sitio social, de arte y cultura","publisher":{"@id":"https:\/\/rafaramirez.org\/blog\/#\/schema\/person\/50f43b6d60c578760d4c17bda54ab6a5"},"potentialAction":[{"@type":"SearchAction","target":{"@type":"EntryPoint","urlTemplate":"https:\/\/rafaramirez.org\/blog\/?s={search_term_string}"},"query-input":{"@type":"PropertyValueSpecification","valueRequired":true,"valueName":"search_term_string"}}],"inLanguage":"es"},{"@type":["Person","Organization"],"@id":"https:\/\/rafaramirez.org\/blog\/#\/schema\/person\/50f43b6d60c578760d4c17bda54ab6a5","name":"Rafael Ram\u00edrez","image":{"@type":"ImageObject","inLanguage":"es","@id":"https:\/\/rafaramirez.org\/blog\/wp-content\/uploads\/2024\/09\/RR_socialnetwork.jpg","url":"https:\/\/rafaramirez.org\/blog\/wp-content\/uploads\/2024\/09\/RR_socialnetwork.jpg","contentUrl":"https:\/\/rafaramirez.org\/blog\/wp-content\/uploads\/2024\/09\/RR_socialnetwork.jpg","width":600,"height":606,"caption":"Rafael Ram\u00edrez"},"logo":{"@id":"https:\/\/rafaramirez.org\/blog\/wp-content\/uploads\/2024\/09\/RR_socialnetwork.jpg"},"sameAs":["https:\/\/www.rafaramirez.org\/blog","https:\/\/www.instagram.com\/rafaramirez_ok\/","https:\/\/es.pinterest.com\/Ramirez_Rafa\/","https:\/\/x.com\/rafaramirez_ok"],"url":"https:\/\/rafaramirez.org\/blog\/index.php\/author\/rafaell_qm6j97da\/"}]}},"jetpack_publicize_connections":[],"jetpack_sharing_enabled":true,"jetpack_likes_enabled":true,"jetpack_featured_media_url":"https:\/\/rafaramirez.org\/blog\/wp-content\/uploads\/2024\/12\/Que_bello_es_vivir_banner.jpg","_links":{"self":[{"href":"https:\/\/rafaramirez.org\/blog\/index.php\/wp-json\/wp\/v2\/posts\/7392","targetHints":{"allow":["GET"]}}],"collection":[{"href":"https:\/\/rafaramirez.org\/blog\/index.php\/wp-json\/wp\/v2\/posts"}],"about":[{"href":"https:\/\/rafaramirez.org\/blog\/index.php\/wp-json\/wp\/v2\/types\/post"}],"author":[{"embeddable":true,"href":"https:\/\/rafaramirez.org\/blog\/index.php\/wp-json\/wp\/v2\/users\/1"}],"replies":[{"embeddable":true,"href":"https:\/\/rafaramirez.org\/blog\/index.php\/wp-json\/wp\/v2\/comments?post=7392"}],"version-history":[{"count":18,"href":"https:\/\/rafaramirez.org\/blog\/index.php\/wp-json\/wp\/v2\/posts\/7392\/revisions"}],"predecessor-version":[{"id":7587,"href":"https:\/\/rafaramirez.org\/blog\/index.php\/wp-json\/wp\/v2\/posts\/7392\/revisions\/7587"}],"wp:featuredmedia":[{"embeddable":true,"href":"https:\/\/rafaramirez.org\/blog\/index.php\/wp-json\/wp\/v2\/media\/7400"}],"wp:attachment":[{"href":"https:\/\/rafaramirez.org\/blog\/index.php\/wp-json\/wp\/v2\/media?parent=7392"}],"wp:term":[{"taxonomy":"category","embeddable":true,"href":"https:\/\/rafaramirez.org\/blog\/index.php\/wp-json\/wp\/v2\/categories?post=7392"},{"taxonomy":"post_tag","embeddable":true,"href":"https:\/\/rafaramirez.org\/blog\/index.php\/wp-json\/wp\/v2\/tags?post=7392"}],"curies":[{"name":"wp","href":"https:\/\/api.w.org\/{rel}","templated":true}]}}