{"id":7378,"date":"2024-12-23T08:15:43","date_gmt":"2024-12-23T07:15:43","guid":{"rendered":"https:\/\/rafaramirez.org\/blog\/?p=7378"},"modified":"2024-12-16T13:30:46","modified_gmt":"2024-12-16T12:30:46","slug":"libelula-palabra-bonita","status":"publish","type":"post","link":"https:\/\/rafaramirez.org\/blog\/index.php\/2024\/12\/23\/libelula-palabra-bonita\/","title":{"rendered":"\u00abLib\u00e9lula\u00bb palabra bonita que engrosa nuestro proyecto esta semana."},"content":{"rendered":"<p>La palabra <strong>\u00abLib\u00e9lula\u00bb<\/strong> es sin duda una palabra bonita que merece estar en nuestro proyecto. La palabra en su significado principal, se refiere a un insecto perteneciente al orden <strong>Odonata<\/strong>, conocido por su vuelo \u00e1gil y su apariencia elegante. Las lib\u00e9lulas tienen cuerpos alargados, dos pares de alas transparentes y grandes ojos compuestos que les permiten tener una visi\u00f3n casi panor\u00e1mica.<\/p>\n<p>Adem\u00e1s de su fascinante biolog\u00eda, las lib\u00e9lulas a menudo se asocian con <strong>simbolismos culturales<\/strong>. En diversas culturas, simbolizan la metamorfosis, la evoluci\u00f3n y la capacidad de adaptaci\u00f3n, ya que su ciclo de vida abarca una etapa acu\u00e1tica antes de convertirse en adultos voladores.<\/p>\n<figure id=\"attachment_7385\" aria-describedby=\"caption-attachment-7385\" style=\"width: 300px\" class=\"wp-caption aligncenter\"><a href=\"https:\/\/rafaramirez.org\/blog\/wp-content\/uploads\/2024\/12\/dragon-fly-1014937.jpg\" target=\"_blank\" rel=\"noopener\"><img loading=\"lazy\" decoding=\"async\" class=\"wp-image-7385 size-medium\" src=\"https:\/\/rafaramirez.org\/blog\/wp-content\/uploads\/2024\/12\/dragon-fly-1014937-300x300.jpg\" alt=\"&quot;Lib\u00e9lula&quot; palabra bonita de nuestro proyecto. Blog de Rafael Ram\u00edrez.\" width=\"300\" height=\"300\" srcset=\"https:\/\/rafaramirez.org\/blog\/wp-content\/uploads\/2024\/12\/dragon-fly-1014937-300x300.jpg 300w, https:\/\/rafaramirez.org\/blog\/wp-content\/uploads\/2024\/12\/dragon-fly-1014937-150x150.jpg 150w, https:\/\/rafaramirez.org\/blog\/wp-content\/uploads\/2024\/12\/dragon-fly-1014937-768x768.jpg 768w, https:\/\/rafaramirez.org\/blog\/wp-content\/uploads\/2024\/12\/dragon-fly-1014937.jpg 800w\" sizes=\"auto, (max-width: 300px) 100vw, 300px\" \/><\/a><figcaption id=\"caption-attachment-7385\" class=\"wp-caption-text\">\u00abLib\u00e9lula\u00bb Proyecto de Palabras Bonitas. Blog de Rafael Ram\u00edrez.<\/figcaption><\/figure>\n<h3>Etimolog\u00eda e historia.<\/h3>\n<p>La palabra \u00ablib\u00e9lula\u00bb proviene del lat\u00edn <strong>\u00ablibellula\u00bb<\/strong>, que es el diminutivo de <strong>\u00ablibella\u00bb<\/strong>. \u00abLibella\u00bb significa <strong>\u00abnivel\u00bb <\/strong>o<strong> \u00abbalanza\u00bb<\/strong>, y se refiere a la forma en que las lib\u00e9lulas mantienen sus alas niveladas mientras vuelan. Este t\u00e9rmino latino se utiliz\u00f3 para describir a estos insectos debido a su vuelo estable y equilibrado.<\/p>\n<h4>Evoluci\u00f3n del T\u00e9rmino<\/h4>\n<p>Con el tiempo, el t\u00e9rmino \u00ablibellula\u00bb se adapt\u00f3 a diferentes <strong>lenguas romances<\/strong>. En espa\u00f1ol, se convirti\u00f3 en \u00ablib\u00e9lula\u00bb, manteniendo la esencia del t\u00e9rmino original. En otras lenguas, como el <strong>italiano<\/strong>, se utiliza <strong>\u00ablibellula\u00bb<\/strong>, y en <strong>franc\u00e9s<\/strong>,<strong> \u00ablibellule\u00bb<\/strong>. En <strong>ingl\u00e9s<\/strong>, es la palabra <strong>\u00abdragonfly\u00bb<\/strong> que se compone de \u00abdragon\u00bb (drag\u00f3n) y \u00abfly\u00bb (mosca), lo que refleja la apariencia y la habilidad de vuelo de estos insectos.<\/p>\n<h4>Historia.<\/h4>\n<p>Las lib\u00e9lulas son insectos muy antiguos, <strong>con f\u00f3siles que datan de hace m\u00e1s de 300 millones de a\u00f1os<\/strong>, mucho antes de que los dinosaurios caminaran sobre la Tierra. Estos antiguos insectos eran mucho m\u00e1s grandes que las lib\u00e9lulas modernas, con algunas especies que ten\u00edan una envergadura de hasta 70 cent\u00edmetros. A lo largo de los milenios, las lib\u00e9lulas han evolucionado, pero han mantenido muchas de sus caracter\u00edsticas primitivas, lo que las convierte en un grupo de insectos muy interesante para los cient\u00edficos.<\/p>\n<h3>Significado de la palabra en otros contextos.<\/h3>\n<p>Adem\u00e1s de referirse al insecto del orden Odonata, la palabra \u00ablib\u00e9lula\u00bb puede tener otros significados y connotaciones en diferentes contextos:<\/p>\n<h4>Simbolismo y Cultura<\/h4>\n<ul>\n<li><strong>Cambio y Transformaci\u00f3n:<\/strong> En muchas culturas, las lib\u00e9lulas simbolizan el cambio y la transformaci\u00f3n debido a su ciclo de vida, que incluye una fase acu\u00e1tica antes de emerger como adultos voladores.<\/li>\n<li><strong>Adaptabilidad:<\/strong> Las lib\u00e9lulas son vistas como s\u00edmbolos de adaptabilidad y flexibilidad, ya que pueden moverse con agilidad en el aire y adaptarse a diferentes entornos.<\/li>\n<li><strong>Espiritualidad:<\/strong> En algunas tradiciones espirituales, las lib\u00e9lulas representan la conexi\u00f3n con el mundo espiritual y la iluminaci\u00f3n.<\/li>\n<\/ul>\n<h4>Arte y Literatura<\/h4>\n<ul>\n<li><strong>Inspiraci\u00f3n Art\u00edstica:<\/strong> Las lib\u00e9lulas han sido una fuente de inspiraci\u00f3n en el arte y la literatura, apareciendo en pinturas, poemas y cuentos como s\u00edmbolos de belleza y ef\u00edmera.<\/li>\n<li><strong>Met\u00e1foras:<\/strong> En la literatura, las lib\u00e9lulas a menudo se utilizan como met\u00e1foras para describir la fugacidad de la vida y la importancia de vivir en el momento presente.<\/li>\n<\/ul>\n<h4>Ciencia y Tecnolog\u00eda<\/h4>\n<ul>\n<li><strong>Biomim\u00e9tica:<\/strong> En el campo de la biomim\u00e9tica, los cient\u00edficos estudian las lib\u00e9lulas para desarrollar nuevas tecnolog\u00edas de vuelo y rob\u00f3tica, inspir\u00e1ndose en su aerodin\u00e1mica y habilidades de vuelo.<\/li>\n<\/ul>\n<figure id=\"attachment_7386\" aria-describedby=\"caption-attachment-7386\" style=\"width: 300px\" class=\"wp-caption aligncenter\"><a href=\"https:\/\/rafaramirez.org\/blog\/wp-content\/uploads\/2024\/12\/ai-generated-9014933.jpg\" target=\"_blank\" rel=\"noopener\"><img loading=\"lazy\" decoding=\"async\" class=\"wp-image-7386 size-medium\" src=\"https:\/\/rafaramirez.org\/blog\/wp-content\/uploads\/2024\/12\/ai-generated-9014933-300x300.jpg\" alt=\"&quot;Lib\u00e9lula&quot; palabra bonita de nuestro proyecto. Blog de Rafael Ram\u00edrez.\" width=\"300\" height=\"300\" srcset=\"https:\/\/rafaramirez.org\/blog\/wp-content\/uploads\/2024\/12\/ai-generated-9014933-300x300.jpg 300w, https:\/\/rafaramirez.org\/blog\/wp-content\/uploads\/2024\/12\/ai-generated-9014933-150x150.jpg 150w, https:\/\/rafaramirez.org\/blog\/wp-content\/uploads\/2024\/12\/ai-generated-9014933-768x768.jpg 768w, https:\/\/rafaramirez.org\/blog\/wp-content\/uploads\/2024\/12\/ai-generated-9014933.jpg 800w\" sizes=\"auto, (max-width: 300px) 100vw, 300px\" \/><\/a><figcaption id=\"caption-attachment-7386\" class=\"wp-caption-text\">\u00abLib\u00e9lula\u00bb Proyecto de Palabras Bonitas. Blog de Rafael Ram\u00edrez.<\/figcaption><\/figure>\n<p>En resumen, la palabra <strong>\u00ablib\u00e9lula\u00bb es bonita y cautivadora porque suena melodiosa y fluida<\/strong>, evocando la ligereza y gracia del insecto. Asimismo, representa cambio, transformaci\u00f3n y adaptabilidad, conceptos que resuenan profundamente en muchas culturas. Adem\u00e1s de todo esto, las lib\u00e9lulas son visualmente impresionantes, con sus <strong>colores vibrantes y vuelo elegante, lo que a\u00f1ade un encanto adicional a la palabra<\/strong>.<\/p>\n<p>Espero que esto capture la esencia de por qu\u00e9 <strong>\u00ablib\u00e9lula\u00bb es una palabra tan especial<\/strong> que forma ya parte de nuestro <strong>Proyecto de Palabras Bonitas<\/strong>. \ud83e\udd8b<\/p>\n<p>M\u00e1s informaci\u00f3n:<\/p>\n<ul>\n<li><a href=\"https:\/\/es.wikipedia.org\/wiki\/Libellula\" target=\"_blank\" rel=\"noopener\">Wikipedia<\/a>.<\/li>\n<li><a href=\"https:\/\/rafaramirez.org\/blog\/index.php\/category\/arte\/palabras-bonitas\/\" target=\"_blank\" rel=\"noopener\">Descubrir m\u00e1s palabras dentro de nuestro proyecto<\/a>.<\/li>\n<\/ul>\n","protected":false},"excerpt":{"rendered":"<p>La palabra \u00abLib\u00e9lula\u00bb es sin duda una palabra bonita que merece estar en nuestro proyecto. La palabra en su significado principal, se refiere a un insecto perteneciente al orden Odonata, conocido por su vuelo \u00e1gil y su apariencia elegante. Las lib\u00e9lulas tienen cuerpos alargados, dos pares de alas transparentes y grandes ojos compuestos que les [&hellip;]<\/p>\n","protected":false},"author":1,"featured_media":7384,"comment_status":"open","ping_status":"closed","sticky":false,"template":"","format":"standard","meta":{"site-container-style":"default","site-container-layout":"default","site-sidebar-layout":"default","disable-article-header":"default","disable-site-header":"default","disable-site-footer":"default","disable-content-area-spacing":"default","_jetpack_newsletter_access":"","_jetpack_dont_email_post_to_subs":false,"_jetpack_newsletter_tier_id":0,"_jetpack_memberships_contains_paywalled_content":false,"_jetpack_feature_clip_id":0,"_jetpack_memberships_contains_paid_content":false,"footnotes":"","jetpack_publicize_message":"","jetpack_publicize_feature_enabled":true,"jetpack_social_post_already_shared":true,"jetpack_social_options":{"image_generator_settings":{"template":"highway","default_image_id":0,"font":"","enabled":false},"version":2},"jetpack_post_was_ever_published":false},"categories":[581],"tags":[3875,3876,68,3877,3879,3878,3052,3326],"class_list":["post-7378","post","type-post","status-publish","format-standard","has-post-thumbnail","hentry","category-palabras-bonitas","tag-libelula-origen-y-significado","tag-libelula-palabra-bonita","tag-blog-de-rafael-ramirez","tag-etimologia-de-libelula","tag-historia-de-la-palabra-libelula","tag-historia-de-las-plabras","tag-proyecto-de-palabras-bonitas","tag-proyecto-palabras-bonitas"],"yoast_head":"<!-- This site is optimized with the Yoast SEO plugin v28.3 - https:\/\/yoast.com\/product\/yoast-seo-wordpress\/ -->\n<title>&quot;Lib\u00e9lula&quot; palabra bonita que engrosa nuestro proyecto esta semana. - Blog de Rafael Ram\u00edrez<\/title>\n<meta name=\"description\" content=\"La palabra &quot;Lib\u00e9lula&quot; es sin duda una palabra bonita que merece estar en nuestro proyecto. La palabra en su significado principal, se refiere\" \/>\n<meta name=\"robots\" content=\"index, follow, max-snippet:-1, max-image-preview:large, max-video-preview:-1\" \/>\n<link rel=\"canonical\" href=\"https:\/\/rafaramirez.org\/blog\/index.php\/2024\/12\/23\/libelula-palabra-bonita\/\" \/>\n<meta property=\"og:locale\" content=\"es_ES\" \/>\n<meta property=\"og:type\" content=\"article\" \/>\n<meta property=\"og:title\" content=\"&quot;Lib\u00e9lula&quot; palabra bonita que engrosa nuestro proyecto esta semana. - Blog de Rafael Ram\u00edrez\" \/>\n<meta property=\"og:description\" content=\"La palabra &quot;Lib\u00e9lula&quot; es sin duda una palabra bonita que merece estar en nuestro proyecto. La palabra en su significado principal, se refiere\" \/>\n<meta property=\"og:url\" content=\"https:\/\/rafaramirez.org\/blog\/index.php\/2024\/12\/23\/libelula-palabra-bonita\/\" \/>\n<meta property=\"og:site_name\" content=\"Blog de Rafael Ram\u00edrez\" \/>\n<meta property=\"article:published_time\" content=\"2024-12-23T07:15:43+00:00\" \/>\n<meta property=\"og:image\" content=\"https:\/\/rafaramirez.org\/blog\/wp-content\/uploads\/2024\/12\/Libelula_proyecto_palabras_bonitas_banner.jpg\" \/>\n\t<meta property=\"og:image:width\" content=\"720\" \/>\n\t<meta property=\"og:image:height\" content=\"440\" \/>\n\t<meta property=\"og:image:type\" content=\"image\/jpeg\" \/>\n<meta name=\"author\" content=\"Rafael Ram\u00edrez\" \/>\n<meta name=\"twitter:card\" content=\"summary_large_image\" \/>\n<meta name=\"twitter:creator\" content=\"@rafaramirez_ok\" \/>\n<meta name=\"twitter:site\" content=\"@rafaramirez_ok\" \/>\n<meta name=\"twitter:label1\" content=\"Escrito por\" \/>\n\t<meta name=\"twitter:data1\" content=\"Rafael Ram\u00edrez\" \/>\n\t<meta name=\"twitter:label2\" content=\"Tiempo de lectura\" \/>\n\t<meta name=\"twitter:data2\" content=\"4 minutos\" \/>\n<script type=\"application\/ld+json\" class=\"yoast-schema-graph\">{\"@context\":\"https:\\\/\\\/schema.org\",\"@graph\":[{\"@type\":\"Article\",\"@id\":\"https:\\\/\\\/rafaramirez.org\\\/blog\\\/index.php\\\/2024\\\/12\\\/23\\\/libelula-palabra-bonita\\\/#article\",\"isPartOf\":{\"@id\":\"https:\\\/\\\/rafaramirez.org\\\/blog\\\/index.php\\\/2024\\\/12\\\/23\\\/libelula-palabra-bonita\\\/\"},\"author\":{\"name\":\"Rafael Ram\u00edrez\",\"@id\":\"https:\\\/\\\/rafaramirez.org\\\/blog\\\/#\\\/schema\\\/person\\\/50f43b6d60c578760d4c17bda54ab6a5\"},\"headline\":\"\u00abLib\u00e9lula\u00bb palabra bonita que engrosa nuestro proyecto esta semana.\",\"datePublished\":\"2024-12-23T07:15:43+00:00\",\"mainEntityOfPage\":{\"@id\":\"https:\\\/\\\/rafaramirez.org\\\/blog\\\/index.php\\\/2024\\\/12\\\/23\\\/libelula-palabra-bonita\\\/\"},\"wordCount\":713,\"commentCount\":0,\"publisher\":{\"@id\":\"https:\\\/\\\/rafaramirez.org\\\/blog\\\/#\\\/schema\\\/person\\\/50f43b6d60c578760d4c17bda54ab6a5\"},\"image\":{\"@id\":\"https:\\\/\\\/rafaramirez.org\\\/blog\\\/index.php\\\/2024\\\/12\\\/23\\\/libelula-palabra-bonita\\\/#primaryimage\"},\"thumbnailUrl\":\"https:\\\/\\\/rafaramirez.org\\\/blog\\\/wp-content\\\/uploads\\\/2024\\\/12\\\/Libelula_proyecto_palabras_bonitas_banner.jpg\",\"keywords\":[\"\\\"Lib\u00e9lula\\\" origen y significado\",\"\\\"Lib\u00e9lula\\\" palabra bonita\",\"blog de Rafael Ram\u00edrez\",\"etimolog\u00eda de \\\"lib\u00e9lula\\\"\",\"historia de la palabra \\\"lib\u00e9lula\\\"\",\"historia de las plabras\",\"proyecto de palabras bonitas\",\"proyecto palabras bonitas\"],\"articleSection\":[\"Proyecto Palabras Bonitas\"],\"inLanguage\":\"es\",\"potentialAction\":[{\"@type\":\"CommentAction\",\"name\":\"Comment\",\"target\":[\"https:\\\/\\\/rafaramirez.org\\\/blog\\\/index.php\\\/2024\\\/12\\\/23\\\/libelula-palabra-bonita\\\/#respond\"]}]},{\"@type\":\"WebPage\",\"@id\":\"https:\\\/\\\/rafaramirez.org\\\/blog\\\/index.php\\\/2024\\\/12\\\/23\\\/libelula-palabra-bonita\\\/\",\"url\":\"https:\\\/\\\/rafaramirez.org\\\/blog\\\/index.php\\\/2024\\\/12\\\/23\\\/libelula-palabra-bonita\\\/\",\"name\":\"\\\"Lib\u00e9lula\\\" palabra bonita que engrosa nuestro proyecto esta semana. - Blog de Rafael Ram\u00edrez\",\"isPartOf\":{\"@id\":\"https:\\\/\\\/rafaramirez.org\\\/blog\\\/#website\"},\"primaryImageOfPage\":{\"@id\":\"https:\\\/\\\/rafaramirez.org\\\/blog\\\/index.php\\\/2024\\\/12\\\/23\\\/libelula-palabra-bonita\\\/#primaryimage\"},\"image\":{\"@id\":\"https:\\\/\\\/rafaramirez.org\\\/blog\\\/index.php\\\/2024\\\/12\\\/23\\\/libelula-palabra-bonita\\\/#primaryimage\"},\"thumbnailUrl\":\"https:\\\/\\\/rafaramirez.org\\\/blog\\\/wp-content\\\/uploads\\\/2024\\\/12\\\/Libelula_proyecto_palabras_bonitas_banner.jpg\",\"datePublished\":\"2024-12-23T07:15:43+00:00\",\"description\":\"La palabra \\\"Lib\u00e9lula\\\" es sin duda una palabra bonita que merece estar en nuestro proyecto. La palabra en su significado principal, se refiere\",\"breadcrumb\":{\"@id\":\"https:\\\/\\\/rafaramirez.org\\\/blog\\\/index.php\\\/2024\\\/12\\\/23\\\/libelula-palabra-bonita\\\/#breadcrumb\"},\"inLanguage\":\"es\",\"potentialAction\":[{\"@type\":\"ReadAction\",\"target\":[\"https:\\\/\\\/rafaramirez.org\\\/blog\\\/index.php\\\/2024\\\/12\\\/23\\\/libelula-palabra-bonita\\\/\"]}]},{\"@type\":\"ImageObject\",\"inLanguage\":\"es\",\"@id\":\"https:\\\/\\\/rafaramirez.org\\\/blog\\\/index.php\\\/2024\\\/12\\\/23\\\/libelula-palabra-bonita\\\/#primaryimage\",\"url\":\"https:\\\/\\\/rafaramirez.org\\\/blog\\\/wp-content\\\/uploads\\\/2024\\\/12\\\/Libelula_proyecto_palabras_bonitas_banner.jpg\",\"contentUrl\":\"https:\\\/\\\/rafaramirez.org\\\/blog\\\/wp-content\\\/uploads\\\/2024\\\/12\\\/Libelula_proyecto_palabras_bonitas_banner.jpg\",\"width\":720,\"height\":440,\"caption\":\"\\\"Lib\u00e9lula\\\" Proyecto de Palabras Bonitas. Blog de Rafael Ram\u00edrez.\"},{\"@type\":\"BreadcrumbList\",\"@id\":\"https:\\\/\\\/rafaramirez.org\\\/blog\\\/index.php\\\/2024\\\/12\\\/23\\\/libelula-palabra-bonita\\\/#breadcrumb\",\"itemListElement\":[{\"@type\":\"ListItem\",\"position\":1,\"name\":\"Portada\",\"item\":\"https:\\\/\\\/rafaramirez.org\\\/blog\\\/\"},{\"@type\":\"ListItem\",\"position\":2,\"name\":\"\u00abLib\u00e9lula\u00bb palabra bonita que engrosa nuestro proyecto esta semana.\"}]},{\"@type\":\"WebSite\",\"@id\":\"https:\\\/\\\/rafaramirez.org\\\/blog\\\/#website\",\"url\":\"https:\\\/\\\/rafaramirez.org\\\/blog\\\/\",\"name\":\"Blog de Rafael Ram\u00edrez\",\"description\":\"Un sitio social, de arte y cultura\",\"publisher\":{\"@id\":\"https:\\\/\\\/rafaramirez.org\\\/blog\\\/#\\\/schema\\\/person\\\/50f43b6d60c578760d4c17bda54ab6a5\"},\"potentialAction\":[{\"@type\":\"SearchAction\",\"target\":{\"@type\":\"EntryPoint\",\"urlTemplate\":\"https:\\\/\\\/rafaramirez.org\\\/blog\\\/?s={search_term_string}\"},\"query-input\":{\"@type\":\"PropertyValueSpecification\",\"valueRequired\":true,\"valueName\":\"search_term_string\"}}],\"inLanguage\":\"es\"},{\"@type\":[\"Person\",\"Organization\"],\"@id\":\"https:\\\/\\\/rafaramirez.org\\\/blog\\\/#\\\/schema\\\/person\\\/50f43b6d60c578760d4c17bda54ab6a5\",\"name\":\"Rafael Ram\u00edrez\",\"image\":{\"@type\":\"ImageObject\",\"inLanguage\":\"es\",\"@id\":\"https:\\\/\\\/rafaramirez.org\\\/blog\\\/wp-content\\\/uploads\\\/2024\\\/09\\\/RR_socialnetwork.jpg\",\"url\":\"https:\\\/\\\/rafaramirez.org\\\/blog\\\/wp-content\\\/uploads\\\/2024\\\/09\\\/RR_socialnetwork.jpg\",\"contentUrl\":\"https:\\\/\\\/rafaramirez.org\\\/blog\\\/wp-content\\\/uploads\\\/2024\\\/09\\\/RR_socialnetwork.jpg\",\"width\":600,\"height\":606,\"caption\":\"Rafael Ram\u00edrez\"},\"logo\":{\"@id\":\"https:\\\/\\\/rafaramirez.org\\\/blog\\\/wp-content\\\/uploads\\\/2024\\\/09\\\/RR_socialnetwork.jpg\"},\"sameAs\":[\"https:\\\/\\\/www.rafaramirez.org\\\/blog\",\"https:\\\/\\\/www.instagram.com\\\/rafaramirez_ok\\\/\",\"https:\\\/\\\/es.pinterest.com\\\/Ramirez_Rafa\\\/\",\"https:\\\/\\\/x.com\\\/rafaramirez_ok\"],\"url\":\"https:\\\/\\\/rafaramirez.org\\\/blog\\\/index.php\\\/author\\\/rafaell_qm6j97da\\\/\"}]}<\/script>\n<!-- \/ Yoast SEO plugin. -->","yoast_head_json":{"title":"\"Lib\u00e9lula\" palabra bonita que engrosa nuestro proyecto esta semana. - Blog de Rafael Ram\u00edrez","description":"La palabra \"Lib\u00e9lula\" es sin duda una palabra bonita que merece estar en nuestro proyecto. La palabra en su significado principal, se refiere","robots":{"index":"index","follow":"follow","max-snippet":"max-snippet:-1","max-image-preview":"max-image-preview:large","max-video-preview":"max-video-preview:-1"},"canonical":"https:\/\/rafaramirez.org\/blog\/index.php\/2024\/12\/23\/libelula-palabra-bonita\/","og_locale":"es_ES","og_type":"article","og_title":"\"Lib\u00e9lula\" palabra bonita que engrosa nuestro proyecto esta semana. - Blog de Rafael Ram\u00edrez","og_description":"La palabra \"Lib\u00e9lula\" es sin duda una palabra bonita que merece estar en nuestro proyecto. La palabra en su significado principal, se refiere","og_url":"https:\/\/rafaramirez.org\/blog\/index.php\/2024\/12\/23\/libelula-palabra-bonita\/","og_site_name":"Blog de Rafael Ram\u00edrez","article_published_time":"2024-12-23T07:15:43+00:00","og_image":[{"width":720,"height":440,"url":"https:\/\/rafaramirez.org\/blog\/wp-content\/uploads\/2024\/12\/Libelula_proyecto_palabras_bonitas_banner.jpg","type":"image\/jpeg"}],"author":"Rafael Ram\u00edrez","twitter_card":"summary_large_image","twitter_creator":"@rafaramirez_ok","twitter_site":"@rafaramirez_ok","twitter_misc":{"Escrito por":"Rafael Ram\u00edrez","Tiempo de lectura":"4 minutos"},"schema":{"@context":"https:\/\/schema.org","@graph":[{"@type":"Article","@id":"https:\/\/rafaramirez.org\/blog\/index.php\/2024\/12\/23\/libelula-palabra-bonita\/#article","isPartOf":{"@id":"https:\/\/rafaramirez.org\/blog\/index.php\/2024\/12\/23\/libelula-palabra-bonita\/"},"author":{"name":"Rafael Ram\u00edrez","@id":"https:\/\/rafaramirez.org\/blog\/#\/schema\/person\/50f43b6d60c578760d4c17bda54ab6a5"},"headline":"\u00abLib\u00e9lula\u00bb palabra bonita que engrosa nuestro proyecto esta semana.","datePublished":"2024-12-23T07:15:43+00:00","mainEntityOfPage":{"@id":"https:\/\/rafaramirez.org\/blog\/index.php\/2024\/12\/23\/libelula-palabra-bonita\/"},"wordCount":713,"commentCount":0,"publisher":{"@id":"https:\/\/rafaramirez.org\/blog\/#\/schema\/person\/50f43b6d60c578760d4c17bda54ab6a5"},"image":{"@id":"https:\/\/rafaramirez.org\/blog\/index.php\/2024\/12\/23\/libelula-palabra-bonita\/#primaryimage"},"thumbnailUrl":"https:\/\/rafaramirez.org\/blog\/wp-content\/uploads\/2024\/12\/Libelula_proyecto_palabras_bonitas_banner.jpg","keywords":["\"Lib\u00e9lula\" origen y significado","\"Lib\u00e9lula\" palabra bonita","blog de Rafael Ram\u00edrez","etimolog\u00eda de \"lib\u00e9lula\"","historia de la palabra \"lib\u00e9lula\"","historia de las plabras","proyecto de palabras bonitas","proyecto palabras bonitas"],"articleSection":["Proyecto Palabras Bonitas"],"inLanguage":"es","potentialAction":[{"@type":"CommentAction","name":"Comment","target":["https:\/\/rafaramirez.org\/blog\/index.php\/2024\/12\/23\/libelula-palabra-bonita\/#respond"]}]},{"@type":"WebPage","@id":"https:\/\/rafaramirez.org\/blog\/index.php\/2024\/12\/23\/libelula-palabra-bonita\/","url":"https:\/\/rafaramirez.org\/blog\/index.php\/2024\/12\/23\/libelula-palabra-bonita\/","name":"\"Lib\u00e9lula\" palabra bonita que engrosa nuestro proyecto esta semana. - Blog de Rafael Ram\u00edrez","isPartOf":{"@id":"https:\/\/rafaramirez.org\/blog\/#website"},"primaryImageOfPage":{"@id":"https:\/\/rafaramirez.org\/blog\/index.php\/2024\/12\/23\/libelula-palabra-bonita\/#primaryimage"},"image":{"@id":"https:\/\/rafaramirez.org\/blog\/index.php\/2024\/12\/23\/libelula-palabra-bonita\/#primaryimage"},"thumbnailUrl":"https:\/\/rafaramirez.org\/blog\/wp-content\/uploads\/2024\/12\/Libelula_proyecto_palabras_bonitas_banner.jpg","datePublished":"2024-12-23T07:15:43+00:00","description":"La palabra \"Lib\u00e9lula\" es sin duda una palabra bonita que merece estar en nuestro proyecto. La palabra en su significado principal, se refiere","breadcrumb":{"@id":"https:\/\/rafaramirez.org\/blog\/index.php\/2024\/12\/23\/libelula-palabra-bonita\/#breadcrumb"},"inLanguage":"es","potentialAction":[{"@type":"ReadAction","target":["https:\/\/rafaramirez.org\/blog\/index.php\/2024\/12\/23\/libelula-palabra-bonita\/"]}]},{"@type":"ImageObject","inLanguage":"es","@id":"https:\/\/rafaramirez.org\/blog\/index.php\/2024\/12\/23\/libelula-palabra-bonita\/#primaryimage","url":"https:\/\/rafaramirez.org\/blog\/wp-content\/uploads\/2024\/12\/Libelula_proyecto_palabras_bonitas_banner.jpg","contentUrl":"https:\/\/rafaramirez.org\/blog\/wp-content\/uploads\/2024\/12\/Libelula_proyecto_palabras_bonitas_banner.jpg","width":720,"height":440,"caption":"\"Lib\u00e9lula\" Proyecto de Palabras Bonitas. Blog de Rafael Ram\u00edrez."},{"@type":"BreadcrumbList","@id":"https:\/\/rafaramirez.org\/blog\/index.php\/2024\/12\/23\/libelula-palabra-bonita\/#breadcrumb","itemListElement":[{"@type":"ListItem","position":1,"name":"Portada","item":"https:\/\/rafaramirez.org\/blog\/"},{"@type":"ListItem","position":2,"name":"\u00abLib\u00e9lula\u00bb palabra bonita que engrosa nuestro proyecto esta semana."}]},{"@type":"WebSite","@id":"https:\/\/rafaramirez.org\/blog\/#website","url":"https:\/\/rafaramirez.org\/blog\/","name":"Blog de Rafael Ram\u00edrez","description":"Un sitio social, de arte y cultura","publisher":{"@id":"https:\/\/rafaramirez.org\/blog\/#\/schema\/person\/50f43b6d60c578760d4c17bda54ab6a5"},"potentialAction":[{"@type":"SearchAction","target":{"@type":"EntryPoint","urlTemplate":"https:\/\/rafaramirez.org\/blog\/?s={search_term_string}"},"query-input":{"@type":"PropertyValueSpecification","valueRequired":true,"valueName":"search_term_string"}}],"inLanguage":"es"},{"@type":["Person","Organization"],"@id":"https:\/\/rafaramirez.org\/blog\/#\/schema\/person\/50f43b6d60c578760d4c17bda54ab6a5","name":"Rafael Ram\u00edrez","image":{"@type":"ImageObject","inLanguage":"es","@id":"https:\/\/rafaramirez.org\/blog\/wp-content\/uploads\/2024\/09\/RR_socialnetwork.jpg","url":"https:\/\/rafaramirez.org\/blog\/wp-content\/uploads\/2024\/09\/RR_socialnetwork.jpg","contentUrl":"https:\/\/rafaramirez.org\/blog\/wp-content\/uploads\/2024\/09\/RR_socialnetwork.jpg","width":600,"height":606,"caption":"Rafael Ram\u00edrez"},"logo":{"@id":"https:\/\/rafaramirez.org\/blog\/wp-content\/uploads\/2024\/09\/RR_socialnetwork.jpg"},"sameAs":["https:\/\/www.rafaramirez.org\/blog","https:\/\/www.instagram.com\/rafaramirez_ok\/","https:\/\/es.pinterest.com\/Ramirez_Rafa\/","https:\/\/x.com\/rafaramirez_ok"],"url":"https:\/\/rafaramirez.org\/blog\/index.php\/author\/rafaell_qm6j97da\/"}]}},"jetpack_publicize_connections":[],"jetpack_sharing_enabled":true,"jetpack_likes_enabled":true,"jetpack_featured_media_url":"https:\/\/rafaramirez.org\/blog\/wp-content\/uploads\/2024\/12\/Libelula_proyecto_palabras_bonitas_banner.jpg","_links":{"self":[{"href":"https:\/\/rafaramirez.org\/blog\/index.php\/wp-json\/wp\/v2\/posts\/7378","targetHints":{"allow":["GET"]}}],"collection":[{"href":"https:\/\/rafaramirez.org\/blog\/index.php\/wp-json\/wp\/v2\/posts"}],"about":[{"href":"https:\/\/rafaramirez.org\/blog\/index.php\/wp-json\/wp\/v2\/types\/post"}],"author":[{"embeddable":true,"href":"https:\/\/rafaramirez.org\/blog\/index.php\/wp-json\/wp\/v2\/users\/1"}],"replies":[{"embeddable":true,"href":"https:\/\/rafaramirez.org\/blog\/index.php\/wp-json\/wp\/v2\/comments?post=7378"}],"version-history":[{"count":9,"href":"https:\/\/rafaramirez.org\/blog\/index.php\/wp-json\/wp\/v2\/posts\/7378\/revisions"}],"predecessor-version":[{"id":7390,"href":"https:\/\/rafaramirez.org\/blog\/index.php\/wp-json\/wp\/v2\/posts\/7378\/revisions\/7390"}],"wp:featuredmedia":[{"embeddable":true,"href":"https:\/\/rafaramirez.org\/blog\/index.php\/wp-json\/wp\/v2\/media\/7384"}],"wp:attachment":[{"href":"https:\/\/rafaramirez.org\/blog\/index.php\/wp-json\/wp\/v2\/media?parent=7378"}],"wp:term":[{"taxonomy":"category","embeddable":true,"href":"https:\/\/rafaramirez.org\/blog\/index.php\/wp-json\/wp\/v2\/categories?post=7378"},{"taxonomy":"post_tag","embeddable":true,"href":"https:\/\/rafaramirez.org\/blog\/index.php\/wp-json\/wp\/v2\/tags?post=7378"}],"curies":[{"name":"wp","href":"https:\/\/api.w.org\/{rel}","templated":true}]}}