{"id":7363,"date":"2024-12-21T08:15:40","date_gmt":"2024-12-21T07:15:40","guid":{"rendered":"https:\/\/rafaramirez.org\/blog\/?p=7363"},"modified":"2024-12-13T13:03:35","modified_gmt":"2024-12-13T12:03:35","slug":"solsticio-de-invierno","status":"publish","type":"post","link":"https:\/\/rafaramirez.org\/blog\/index.php\/2024\/12\/21\/solsticio-de-invierno\/","title":{"rendered":"Solsticio de Invierno: 21 de diciembre. Celebrado de diversas maneras alrededor del mundo."},"content":{"rendered":"<p>El <strong>Solsticio de Invierno<\/strong> es un evento astron\u00f3mico que marca el d\u00eda m\u00e1s corto y la noche m\u00e1s larga del a\u00f1o. Ocurre cuando uno de los polos de la Tierra est\u00e1 inclinado lo m\u00e1s lejos posible del Sol. En el<strong> hemisferio norte<\/strong>, esto sucede alrededor del <strong>21 de diciembre<\/strong>, mientras que en el <strong>hemisferio sur<\/strong> ocurre alrededor del <strong>21 de junio.<\/strong><\/p>\n<p>Durante el Solsticio de Invierno, el Sol alcanza su <strong>posici\u00f3n m\u00e1s baja en el cielo al mediod\u00eda<\/strong>, y su trayectoria diaria es la m\u00e1s corta del a\u00f1o. Este fen\u00f3meno se debe a la <strong>inclinaci\u00f3n del eje de la Tierra<\/strong>, que es de aproximadamente <strong>23.5 grados<\/strong> con respecto a su \u00f3rbita alrededor del Sol.<\/p>\n<p>Este evento ha sido celebrado por diversas culturas a lo largo de la historia. Por ejemplo, en la antigua <strong>Roma<\/strong>, se celebraba el festival de <strong>Saturnalia<\/strong>, una festividad en honor al <strong>dios Saturno<\/strong>. En la actualidad, muchas personas celebran el Solsticio de Invierno con rituales y festivales que honran la llegada de la luz y el renacimiento del sol.<\/p>\n<figure id=\"attachment_4807\" aria-describedby=\"caption-attachment-4807\" style=\"width: 300px\" class=\"wp-caption aligncenter\"><a href=\"https:\/\/rafaramirez.org\/blog\/wp-content\/uploads\/2024\/06\/Sol-Tierra-Sol-Eje.jpg\" target=\"_blank\" rel=\"noopener\"><img loading=\"lazy\" decoding=\"async\" class=\"wp-image-4807 size-medium\" src=\"https:\/\/rafaramirez.org\/blog\/wp-content\/uploads\/2024\/06\/Sol-Tierra-Sol-Eje-300x168.jpg\" alt=\"Eje y plano de la Tierra y el Sol. Blog de Rafael Ram\u00edrez.\" width=\"300\" height=\"168\" srcset=\"https:\/\/rafaramirez.org\/blog\/wp-content\/uploads\/2024\/06\/Sol-Tierra-Sol-Eje-300x168.jpg 300w, https:\/\/rafaramirez.org\/blog\/wp-content\/uploads\/2024\/06\/Sol-Tierra-Sol-Eje.jpg 500w\" sizes=\"auto, (max-width: 300px) 100vw, 300px\" \/><\/a><figcaption id=\"caption-attachment-4807\" class=\"wp-caption-text\">Solsticios. Eje y plano de la Tierra y el Sol. Blog de Rafael Ram\u00edrez.<\/figcaption><\/figure>\n<h3>Las Saturnales romanas.<\/h3>\n<p><strong>Las Saturnales<\/strong> o Saturnalia era un <strong>festival romano<\/strong> antiguo en honor al dios Saturno, celebrado a <strong>mediados de diciembre<\/strong>. Este festival era uno de los m\u00e1s populares en el calendario romano y se caracterizaba por una serie de rituales y celebraciones que inclu\u00edan sacrificios, banquetes p\u00fablicos, intercambio de regalos y una atm\u00f3sfera de carnaval que invert\u00eda las normas sociales habituales.<\/p>\n<p>Asimismo, durante las Saturnales, el trabajo y los negocios se deten\u00edan, las escuelas y los tribunales cerraban, y las personas decoraban sus hogares con guirnaldas y otras plantas. Incluso los esclavos participaban en las festividades y, en algunos casos, se les permit\u00eda sentarse a la mesa mientras sus amos les serv\u00edan.<\/p>\n<p>Decididamente, uno de los aspectos m\u00e1s destacados de las Saturnales era la elecci\u00f3n de un <strong>\u00abRey de la Saturnalia\u00bb<\/strong>, quien daba \u00f3rdenes que deb\u00edan ser seguidas y presid\u00eda las celebraciones. Los regalos intercambiados durante el festival sol\u00edan ser velas de cera, conocidas como <strong>\u00abcerei\u00bb<\/strong>, que simbolizaban el <strong>retorno de la luz despu\u00e9s del solsticio.<\/strong><\/p>\n<p>La influencia de las Saturnales se puede ver en muchas de las tradiciones que ahora asociamos con la <strong>Navidad<\/strong>, como las coronas, las velas, los banquetes y el intercambio de regalos.<\/p>\n<figure id=\"attachment_7371\" aria-describedby=\"caption-attachment-7371\" style=\"width: 300px\" class=\"wp-caption aligncenter\"><a href=\"https:\/\/rafaramirez.org\/blog\/wp-content\/uploads\/2024\/12\/stonehenge-4614639.jpg\" target=\"_blank\" rel=\"noopener\"><img loading=\"lazy\" decoding=\"async\" class=\"wp-image-7371 size-medium\" src=\"https:\/\/rafaramirez.org\/blog\/wp-content\/uploads\/2024\/12\/stonehenge-4614639-300x200.jpg\" alt=\"Solsticio de Invierno. Blog de Rafael Ram\u00edrez.\" width=\"300\" height=\"200\" srcset=\"https:\/\/rafaramirez.org\/blog\/wp-content\/uploads\/2024\/12\/stonehenge-4614639-300x200.jpg 300w, https:\/\/rafaramirez.org\/blog\/wp-content\/uploads\/2024\/12\/stonehenge-4614639-768x512.jpg 768w, https:\/\/rafaramirez.org\/blog\/wp-content\/uploads\/2024\/12\/stonehenge-4614639.jpg 1000w\" sizes=\"auto, (max-width: 300px) 100vw, 300px\" \/><\/a><figcaption id=\"caption-attachment-7371\" class=\"wp-caption-text\">Solsticio de Invierno. Blog de Rafael Ram\u00edrez.<\/figcaption><\/figure>\n<h3>\u00bfC\u00f3mo celebran otras culturas el solsticio de invierno?<\/h3>\n<p>El Solsticio de Invierno es celebrado de diversas maneras alrededor del mundo, reflejando la rica diversidad cultural y las tradiciones \u00fanicas de cada regi\u00f3n. Aqu\u00ed tienes algunos ejemplos:<\/p>\n<ul>\n<li><strong>Yule (Escandinavia y otras regiones n\u00f3rdicas):<\/strong> Esta antigua festividad pagana celebra el renacimiento del sol y la luz. Las personas encienden hogueras y velas para simbolizar el regreso de la luz y decoran \u00e1rboles, una tradici\u00f3n que ha influido en el \u00e1rbol de Navidad moderno.<\/li>\n<li><strong>Dongzhi (China):<\/strong> Este festival marca el regreso de d\u00edas m\u00e1s largos y la creciente energ\u00eda positiva. Las familias se re\u00fanen para disfrutar de comidas especiales, como los tangyuan, bolas de arroz dulce que simbolizan la reuni\u00f3n familiar.<\/li>\n<li><strong>Soyal (Hopi, Estados Unidos):<\/strong> Los Hopi, una tribu nativa americana, celebran el Solsticio de Invierno con ceremonias que incluyen danzas y rituales para invocar el regreso del sol y la protecci\u00f3n de su pueblo.<\/li>\n<li><strong>Inti Raymi (Incas, Per\u00fa):<\/strong> Aunque tradicionalmente se celebra en el Solsticio de Invierno del hemisferio sur (junio), esta festividad honra al dios sol Inti. Incluye danzas, m\u00fasica y ofrendas para asegurar una buena cosecha.<\/li>\n<li><strong>Shab-e Yalda (Ir\u00e1n):<\/strong> Esta antigua celebraci\u00f3n persa marca la noche m\u00e1s larga del a\u00f1o. Las familias se re\u00fanen para leer poes\u00eda, contar historias y comer frutas como la granada y la sand\u00eda, que simbolizan la luz y la renovaci\u00f3n.<\/li>\n<\/ul>\n<p>Estas son solo algunas de las muchas formas en que las culturas de todo el mundo celebran el Solsticio de Invierno. Cada una de estas tradiciones refleja una profunda conexi\u00f3n con la naturaleza y el ciclo de las estaciones.<\/p>\n<figure id=\"attachment_7370\" aria-describedby=\"caption-attachment-7370\" style=\"width: 300px\" class=\"wp-caption aligncenter\"><a href=\"https:\/\/rafaramirez.org\/blog\/wp-content\/uploads\/2024\/12\/snow-616319.jpg\" target=\"_blank\" rel=\"noopener\"><img loading=\"lazy\" decoding=\"async\" class=\"wp-image-7370 size-medium\" src=\"https:\/\/rafaramirez.org\/blog\/wp-content\/uploads\/2024\/12\/snow-616319-300x200.jpg\" alt=\"Solsticio de Invierno. Blog de Rafael Ram\u00edrez.\" width=\"300\" height=\"200\" srcset=\"https:\/\/rafaramirez.org\/blog\/wp-content\/uploads\/2024\/12\/snow-616319-300x200.jpg 300w, https:\/\/rafaramirez.org\/blog\/wp-content\/uploads\/2024\/12\/snow-616319-768x513.jpg 768w, https:\/\/rafaramirez.org\/blog\/wp-content\/uploads\/2024\/12\/snow-616319.jpg 1000w\" sizes=\"auto, (max-width: 300px) 100vw, 300px\" \/><\/a><figcaption id=\"caption-attachment-7370\" class=\"wp-caption-text\">Solsticio de Invierno. Blog de Rafael Ram\u00edrez.<\/figcaption><\/figure>\n<p>En resumen, el Solsticio de Invierno es importante porque marca el d\u00eda m\u00e1s corto y la noche m\u00e1s larga del a\u00f1o, simbolizando el renacimiento del sol y el inicio de d\u00edas m\u00e1s largos. Muchas culturas celebran este evento con festivales y rituales que honran la luz, la renovaci\u00f3n y la esperanza de un nuevo ciclo. <strong>Estas celebraciones reflejan una profunda conexi\u00f3n con la naturaleza y el ciclo de las estaciones.<\/strong><\/p>\n<p>M\u00e1s informaci\u00f3n:<\/p>\n<ul>\n<li><a href=\"https:\/\/es.wikipedia.org\/wiki\/Solsticio_de_invierno\" target=\"_blank\" rel=\"noopener\">Wikipedia (Solsticio)<\/a>.<\/li>\n<li><a href=\"https:\/\/es.wikipedia.org\/wiki\/Saturnales\" target=\"_blank\" rel=\"noopener\">Wikipedia (Saturnales)<\/a>.<\/li>\n<li><a href=\"https:\/\/www.history.com\/topics\/ancient-rome\/saturnalia\" target=\"_blank\" rel=\"noopener\">History (Ingl\u00e9s)<\/a>.<\/li>\n<li><a href=\"https:\/\/www.britannica.com\/topic\/Saturnalia-Roman-festival\" target=\"_blank\" rel=\"noopener\">Britannica (Ingl\u00e9s)<\/a>.<\/li>\n<\/ul>\n","protected":false},"excerpt":{"rendered":"<p>El Solsticio de Invierno es un evento astron\u00f3mico que marca el d\u00eda m\u00e1s corto y la noche m\u00e1s larga del a\u00f1o. Ocurre cuando uno de los polos de la Tierra est\u00e1 inclinado lo m\u00e1s lejos posible del Sol. En el hemisferio norte, esto sucede alrededor del 21 de diciembre, mientras que en el hemisferio sur [&hellip;]<\/p>\n","protected":false},"author":1,"featured_media":7372,"comment_status":"open","ping_status":"closed","sticky":false,"template":"","format":"standard","meta":{"site-container-style":"default","site-container-layout":"default","site-sidebar-layout":"default","disable-article-header":"default","disable-site-header":"default","disable-site-footer":"default","disable-content-area-spacing":"default","_jetpack_newsletter_access":"","_jetpack_dont_email_post_to_subs":false,"_jetpack_newsletter_tier_id":0,"_jetpack_memberships_contains_paywalled_content":false,"_jetpack_feature_clip_id":0,"_jetpack_memberships_contains_paid_content":false,"footnotes":"","jetpack_publicize_message":"","jetpack_publicize_feature_enabled":true,"jetpack_social_post_already_shared":true,"jetpack_social_options":{"image_generator_settings":{"template":"highway","default_image_id":0,"font":"","enabled":false},"version":2},"jetpack_post_was_ever_published":false},"categories":[1291],"tags":[3872,3874,3870,1323,3873,3871,3435,3869,3868,3867,3866],"class_list":["post-7363","post","type-post","status-publish","format-standard","has-post-thumbnail","hentry","category-efemerides","tag-21-de-diciembre","tag-21-de-diciembre-solsticio-de-invierno","tag-dios-saturno","tag-efemerides","tag-efemerides-en-diciembre","tag-festival-de-saturnalia","tag-roma","tag-romanos","tag-saturnales","tag-saturnalia","tag-solsticio-de-invierno"],"yoast_head":"<!-- This site is optimized with the Yoast SEO plugin v28.3 - https:\/\/yoast.com\/product\/yoast-seo-wordpress\/ -->\n<title>Solsticio de Invierno: 21 de diciembre. Celebrado de diversas maneras alrededor del mundo. - Blog de Rafael Ram\u00edrez<\/title>\n<meta name=\"description\" content=\"El Solsticio de Invierno es un evento astron\u00f3mico que marca el d\u00eda m\u00e1s corto y la noche m\u00e1s larga del a\u00f1o. Ocurre cuando uno de los polos\" \/>\n<meta name=\"robots\" content=\"index, follow, max-snippet:-1, max-image-preview:large, max-video-preview:-1\" \/>\n<link rel=\"canonical\" href=\"https:\/\/rafaramirez.org\/blog\/index.php\/2024\/12\/21\/solsticio-de-invierno\/\" \/>\n<meta property=\"og:locale\" content=\"es_ES\" \/>\n<meta property=\"og:type\" content=\"article\" \/>\n<meta property=\"og:title\" content=\"Solsticio de Invierno: 21 de diciembre. Celebrado de diversas maneras alrededor del mundo. - Blog de Rafael Ram\u00edrez\" \/>\n<meta property=\"og:description\" content=\"El Solsticio de Invierno es un evento astron\u00f3mico que marca el d\u00eda m\u00e1s corto y la noche m\u00e1s larga del a\u00f1o. Ocurre cuando uno de los polos\" \/>\n<meta property=\"og:url\" content=\"https:\/\/rafaramirez.org\/blog\/index.php\/2024\/12\/21\/solsticio-de-invierno\/\" \/>\n<meta property=\"og:site_name\" content=\"Blog de Rafael Ram\u00edrez\" \/>\n<meta property=\"article:published_time\" content=\"2024-12-21T07:15:40+00:00\" \/>\n<meta property=\"og:image\" content=\"https:\/\/rafaramirez.org\/blog\/wp-content\/uploads\/2024\/12\/Solsticio_de_Invierno_banner.jpg\" \/>\n\t<meta property=\"og:image:width\" content=\"720\" \/>\n\t<meta property=\"og:image:height\" content=\"440\" \/>\n\t<meta property=\"og:image:type\" content=\"image\/jpeg\" \/>\n<meta name=\"author\" content=\"Rafael Ram\u00edrez\" \/>\n<meta name=\"twitter:card\" content=\"summary_large_image\" \/>\n<meta name=\"twitter:creator\" content=\"@rafaramirez_ok\" \/>\n<meta name=\"twitter:site\" content=\"@rafaramirez_ok\" \/>\n<meta name=\"twitter:label1\" content=\"Escrito por\" \/>\n\t<meta name=\"twitter:data1\" content=\"Rafael Ram\u00edrez\" \/>\n\t<meta name=\"twitter:label2\" content=\"Tiempo de lectura\" \/>\n\t<meta name=\"twitter:data2\" content=\"5 minutos\" \/>\n<script type=\"application\/ld+json\" class=\"yoast-schema-graph\">{\"@context\":\"https:\\\/\\\/schema.org\",\"@graph\":[{\"@type\":\"Article\",\"@id\":\"https:\\\/\\\/rafaramirez.org\\\/blog\\\/index.php\\\/2024\\\/12\\\/21\\\/solsticio-de-invierno\\\/#article\",\"isPartOf\":{\"@id\":\"https:\\\/\\\/rafaramirez.org\\\/blog\\\/index.php\\\/2024\\\/12\\\/21\\\/solsticio-de-invierno\\\/\"},\"author\":{\"name\":\"Rafael Ram\u00edrez\",\"@id\":\"https:\\\/\\\/rafaramirez.org\\\/blog\\\/#\\\/schema\\\/person\\\/50f43b6d60c578760d4c17bda54ab6a5\"},\"headline\":\"Solsticio de Invierno: 21 de diciembre. Celebrado de diversas maneras alrededor del mundo.\",\"datePublished\":\"2024-12-21T07:15:40+00:00\",\"mainEntityOfPage\":{\"@id\":\"https:\\\/\\\/rafaramirez.org\\\/blog\\\/index.php\\\/2024\\\/12\\\/21\\\/solsticio-de-invierno\\\/\"},\"wordCount\":836,\"commentCount\":0,\"publisher\":{\"@id\":\"https:\\\/\\\/rafaramirez.org\\\/blog\\\/#\\\/schema\\\/person\\\/50f43b6d60c578760d4c17bda54ab6a5\"},\"image\":{\"@id\":\"https:\\\/\\\/rafaramirez.org\\\/blog\\\/index.php\\\/2024\\\/12\\\/21\\\/solsticio-de-invierno\\\/#primaryimage\"},\"thumbnailUrl\":\"https:\\\/\\\/rafaramirez.org\\\/blog\\\/wp-content\\\/uploads\\\/2024\\\/12\\\/Solsticio_de_Invierno_banner.jpg\",\"keywords\":[\"21 de diciembre\",\"21 de diciembre Solsticio de Invierno\",\"dios Saturno\",\"efem\u00e9rides\",\"efem\u00e9rides en diciembre\",\"festival de Saturnalia\",\"Roma\",\"romanos\",\"Saturnales\",\"Saturnalia\",\"Solsticio de Invierno\"],\"articleSection\":[\"Efem\u00e9rides\"],\"inLanguage\":\"es\",\"potentialAction\":[{\"@type\":\"CommentAction\",\"name\":\"Comment\",\"target\":[\"https:\\\/\\\/rafaramirez.org\\\/blog\\\/index.php\\\/2024\\\/12\\\/21\\\/solsticio-de-invierno\\\/#respond\"]}]},{\"@type\":\"WebPage\",\"@id\":\"https:\\\/\\\/rafaramirez.org\\\/blog\\\/index.php\\\/2024\\\/12\\\/21\\\/solsticio-de-invierno\\\/\",\"url\":\"https:\\\/\\\/rafaramirez.org\\\/blog\\\/index.php\\\/2024\\\/12\\\/21\\\/solsticio-de-invierno\\\/\",\"name\":\"Solsticio de Invierno: 21 de diciembre. Celebrado de diversas maneras alrededor del mundo. - Blog de Rafael Ram\u00edrez\",\"isPartOf\":{\"@id\":\"https:\\\/\\\/rafaramirez.org\\\/blog\\\/#website\"},\"primaryImageOfPage\":{\"@id\":\"https:\\\/\\\/rafaramirez.org\\\/blog\\\/index.php\\\/2024\\\/12\\\/21\\\/solsticio-de-invierno\\\/#primaryimage\"},\"image\":{\"@id\":\"https:\\\/\\\/rafaramirez.org\\\/blog\\\/index.php\\\/2024\\\/12\\\/21\\\/solsticio-de-invierno\\\/#primaryimage\"},\"thumbnailUrl\":\"https:\\\/\\\/rafaramirez.org\\\/blog\\\/wp-content\\\/uploads\\\/2024\\\/12\\\/Solsticio_de_Invierno_banner.jpg\",\"datePublished\":\"2024-12-21T07:15:40+00:00\",\"description\":\"El Solsticio de Invierno es un evento astron\u00f3mico que marca el d\u00eda m\u00e1s corto y la noche m\u00e1s larga del a\u00f1o. Ocurre cuando uno de los polos\",\"breadcrumb\":{\"@id\":\"https:\\\/\\\/rafaramirez.org\\\/blog\\\/index.php\\\/2024\\\/12\\\/21\\\/solsticio-de-invierno\\\/#breadcrumb\"},\"inLanguage\":\"es\",\"potentialAction\":[{\"@type\":\"ReadAction\",\"target\":[\"https:\\\/\\\/rafaramirez.org\\\/blog\\\/index.php\\\/2024\\\/12\\\/21\\\/solsticio-de-invierno\\\/\"]}]},{\"@type\":\"ImageObject\",\"inLanguage\":\"es\",\"@id\":\"https:\\\/\\\/rafaramirez.org\\\/blog\\\/index.php\\\/2024\\\/12\\\/21\\\/solsticio-de-invierno\\\/#primaryimage\",\"url\":\"https:\\\/\\\/rafaramirez.org\\\/blog\\\/wp-content\\\/uploads\\\/2024\\\/12\\\/Solsticio_de_Invierno_banner.jpg\",\"contentUrl\":\"https:\\\/\\\/rafaramirez.org\\\/blog\\\/wp-content\\\/uploads\\\/2024\\\/12\\\/Solsticio_de_Invierno_banner.jpg\",\"width\":720,\"height\":440,\"caption\":\"Solsticio de Invierno. Blog de Rafael Ram\u00edrez.\"},{\"@type\":\"BreadcrumbList\",\"@id\":\"https:\\\/\\\/rafaramirez.org\\\/blog\\\/index.php\\\/2024\\\/12\\\/21\\\/solsticio-de-invierno\\\/#breadcrumb\",\"itemListElement\":[{\"@type\":\"ListItem\",\"position\":1,\"name\":\"Portada\",\"item\":\"https:\\\/\\\/rafaramirez.org\\\/blog\\\/\"},{\"@type\":\"ListItem\",\"position\":2,\"name\":\"Solsticio de Invierno: 21 de diciembre. Celebrado de diversas maneras alrededor del mundo.\"}]},{\"@type\":\"WebSite\",\"@id\":\"https:\\\/\\\/rafaramirez.org\\\/blog\\\/#website\",\"url\":\"https:\\\/\\\/rafaramirez.org\\\/blog\\\/\",\"name\":\"Blog de Rafael Ram\u00edrez\",\"description\":\"Un sitio social, de arte y cultura\",\"publisher\":{\"@id\":\"https:\\\/\\\/rafaramirez.org\\\/blog\\\/#\\\/schema\\\/person\\\/50f43b6d60c578760d4c17bda54ab6a5\"},\"potentialAction\":[{\"@type\":\"SearchAction\",\"target\":{\"@type\":\"EntryPoint\",\"urlTemplate\":\"https:\\\/\\\/rafaramirez.org\\\/blog\\\/?s={search_term_string}\"},\"query-input\":{\"@type\":\"PropertyValueSpecification\",\"valueRequired\":true,\"valueName\":\"search_term_string\"}}],\"inLanguage\":\"es\"},{\"@type\":[\"Person\",\"Organization\"],\"@id\":\"https:\\\/\\\/rafaramirez.org\\\/blog\\\/#\\\/schema\\\/person\\\/50f43b6d60c578760d4c17bda54ab6a5\",\"name\":\"Rafael Ram\u00edrez\",\"image\":{\"@type\":\"ImageObject\",\"inLanguage\":\"es\",\"@id\":\"https:\\\/\\\/rafaramirez.org\\\/blog\\\/wp-content\\\/uploads\\\/2024\\\/09\\\/RR_socialnetwork.jpg\",\"url\":\"https:\\\/\\\/rafaramirez.org\\\/blog\\\/wp-content\\\/uploads\\\/2024\\\/09\\\/RR_socialnetwork.jpg\",\"contentUrl\":\"https:\\\/\\\/rafaramirez.org\\\/blog\\\/wp-content\\\/uploads\\\/2024\\\/09\\\/RR_socialnetwork.jpg\",\"width\":600,\"height\":606,\"caption\":\"Rafael Ram\u00edrez\"},\"logo\":{\"@id\":\"https:\\\/\\\/rafaramirez.org\\\/blog\\\/wp-content\\\/uploads\\\/2024\\\/09\\\/RR_socialnetwork.jpg\"},\"sameAs\":[\"https:\\\/\\\/www.rafaramirez.org\\\/blog\",\"https:\\\/\\\/www.instagram.com\\\/rafaramirez_ok\\\/\",\"https:\\\/\\\/es.pinterest.com\\\/Ramirez_Rafa\\\/\",\"https:\\\/\\\/x.com\\\/rafaramirez_ok\"],\"url\":\"https:\\\/\\\/rafaramirez.org\\\/blog\\\/index.php\\\/author\\\/rafaell_qm6j97da\\\/\"}]}<\/script>\n<!-- \/ Yoast SEO plugin. -->","yoast_head_json":{"title":"Solsticio de Invierno: 21 de diciembre. Celebrado de diversas maneras alrededor del mundo. - Blog de Rafael Ram\u00edrez","description":"El Solsticio de Invierno es un evento astron\u00f3mico que marca el d\u00eda m\u00e1s corto y la noche m\u00e1s larga del a\u00f1o. Ocurre cuando uno de los polos","robots":{"index":"index","follow":"follow","max-snippet":"max-snippet:-1","max-image-preview":"max-image-preview:large","max-video-preview":"max-video-preview:-1"},"canonical":"https:\/\/rafaramirez.org\/blog\/index.php\/2024\/12\/21\/solsticio-de-invierno\/","og_locale":"es_ES","og_type":"article","og_title":"Solsticio de Invierno: 21 de diciembre. Celebrado de diversas maneras alrededor del mundo. - Blog de Rafael Ram\u00edrez","og_description":"El Solsticio de Invierno es un evento astron\u00f3mico que marca el d\u00eda m\u00e1s corto y la noche m\u00e1s larga del a\u00f1o. Ocurre cuando uno de los polos","og_url":"https:\/\/rafaramirez.org\/blog\/index.php\/2024\/12\/21\/solsticio-de-invierno\/","og_site_name":"Blog de Rafael Ram\u00edrez","article_published_time":"2024-12-21T07:15:40+00:00","og_image":[{"width":720,"height":440,"url":"https:\/\/rafaramirez.org\/blog\/wp-content\/uploads\/2024\/12\/Solsticio_de_Invierno_banner.jpg","type":"image\/jpeg"}],"author":"Rafael Ram\u00edrez","twitter_card":"summary_large_image","twitter_creator":"@rafaramirez_ok","twitter_site":"@rafaramirez_ok","twitter_misc":{"Escrito por":"Rafael Ram\u00edrez","Tiempo de lectura":"5 minutos"},"schema":{"@context":"https:\/\/schema.org","@graph":[{"@type":"Article","@id":"https:\/\/rafaramirez.org\/blog\/index.php\/2024\/12\/21\/solsticio-de-invierno\/#article","isPartOf":{"@id":"https:\/\/rafaramirez.org\/blog\/index.php\/2024\/12\/21\/solsticio-de-invierno\/"},"author":{"name":"Rafael Ram\u00edrez","@id":"https:\/\/rafaramirez.org\/blog\/#\/schema\/person\/50f43b6d60c578760d4c17bda54ab6a5"},"headline":"Solsticio de Invierno: 21 de diciembre. Celebrado de diversas maneras alrededor del mundo.","datePublished":"2024-12-21T07:15:40+00:00","mainEntityOfPage":{"@id":"https:\/\/rafaramirez.org\/blog\/index.php\/2024\/12\/21\/solsticio-de-invierno\/"},"wordCount":836,"commentCount":0,"publisher":{"@id":"https:\/\/rafaramirez.org\/blog\/#\/schema\/person\/50f43b6d60c578760d4c17bda54ab6a5"},"image":{"@id":"https:\/\/rafaramirez.org\/blog\/index.php\/2024\/12\/21\/solsticio-de-invierno\/#primaryimage"},"thumbnailUrl":"https:\/\/rafaramirez.org\/blog\/wp-content\/uploads\/2024\/12\/Solsticio_de_Invierno_banner.jpg","keywords":["21 de diciembre","21 de diciembre Solsticio de Invierno","dios Saturno","efem\u00e9rides","efem\u00e9rides en diciembre","festival de Saturnalia","Roma","romanos","Saturnales","Saturnalia","Solsticio de Invierno"],"articleSection":["Efem\u00e9rides"],"inLanguage":"es","potentialAction":[{"@type":"CommentAction","name":"Comment","target":["https:\/\/rafaramirez.org\/blog\/index.php\/2024\/12\/21\/solsticio-de-invierno\/#respond"]}]},{"@type":"WebPage","@id":"https:\/\/rafaramirez.org\/blog\/index.php\/2024\/12\/21\/solsticio-de-invierno\/","url":"https:\/\/rafaramirez.org\/blog\/index.php\/2024\/12\/21\/solsticio-de-invierno\/","name":"Solsticio de Invierno: 21 de diciembre. Celebrado de diversas maneras alrededor del mundo. - Blog de Rafael Ram\u00edrez","isPartOf":{"@id":"https:\/\/rafaramirez.org\/blog\/#website"},"primaryImageOfPage":{"@id":"https:\/\/rafaramirez.org\/blog\/index.php\/2024\/12\/21\/solsticio-de-invierno\/#primaryimage"},"image":{"@id":"https:\/\/rafaramirez.org\/blog\/index.php\/2024\/12\/21\/solsticio-de-invierno\/#primaryimage"},"thumbnailUrl":"https:\/\/rafaramirez.org\/blog\/wp-content\/uploads\/2024\/12\/Solsticio_de_Invierno_banner.jpg","datePublished":"2024-12-21T07:15:40+00:00","description":"El Solsticio de Invierno es un evento astron\u00f3mico que marca el d\u00eda m\u00e1s corto y la noche m\u00e1s larga del a\u00f1o. Ocurre cuando uno de los polos","breadcrumb":{"@id":"https:\/\/rafaramirez.org\/blog\/index.php\/2024\/12\/21\/solsticio-de-invierno\/#breadcrumb"},"inLanguage":"es","potentialAction":[{"@type":"ReadAction","target":["https:\/\/rafaramirez.org\/blog\/index.php\/2024\/12\/21\/solsticio-de-invierno\/"]}]},{"@type":"ImageObject","inLanguage":"es","@id":"https:\/\/rafaramirez.org\/blog\/index.php\/2024\/12\/21\/solsticio-de-invierno\/#primaryimage","url":"https:\/\/rafaramirez.org\/blog\/wp-content\/uploads\/2024\/12\/Solsticio_de_Invierno_banner.jpg","contentUrl":"https:\/\/rafaramirez.org\/blog\/wp-content\/uploads\/2024\/12\/Solsticio_de_Invierno_banner.jpg","width":720,"height":440,"caption":"Solsticio de Invierno. Blog de Rafael Ram\u00edrez."},{"@type":"BreadcrumbList","@id":"https:\/\/rafaramirez.org\/blog\/index.php\/2024\/12\/21\/solsticio-de-invierno\/#breadcrumb","itemListElement":[{"@type":"ListItem","position":1,"name":"Portada","item":"https:\/\/rafaramirez.org\/blog\/"},{"@type":"ListItem","position":2,"name":"Solsticio de Invierno: 21 de diciembre. Celebrado de diversas maneras alrededor del mundo."}]},{"@type":"WebSite","@id":"https:\/\/rafaramirez.org\/blog\/#website","url":"https:\/\/rafaramirez.org\/blog\/","name":"Blog de Rafael Ram\u00edrez","description":"Un sitio social, de arte y cultura","publisher":{"@id":"https:\/\/rafaramirez.org\/blog\/#\/schema\/person\/50f43b6d60c578760d4c17bda54ab6a5"},"potentialAction":[{"@type":"SearchAction","target":{"@type":"EntryPoint","urlTemplate":"https:\/\/rafaramirez.org\/blog\/?s={search_term_string}"},"query-input":{"@type":"PropertyValueSpecification","valueRequired":true,"valueName":"search_term_string"}}],"inLanguage":"es"},{"@type":["Person","Organization"],"@id":"https:\/\/rafaramirez.org\/blog\/#\/schema\/person\/50f43b6d60c578760d4c17bda54ab6a5","name":"Rafael Ram\u00edrez","image":{"@type":"ImageObject","inLanguage":"es","@id":"https:\/\/rafaramirez.org\/blog\/wp-content\/uploads\/2024\/09\/RR_socialnetwork.jpg","url":"https:\/\/rafaramirez.org\/blog\/wp-content\/uploads\/2024\/09\/RR_socialnetwork.jpg","contentUrl":"https:\/\/rafaramirez.org\/blog\/wp-content\/uploads\/2024\/09\/RR_socialnetwork.jpg","width":600,"height":606,"caption":"Rafael Ram\u00edrez"},"logo":{"@id":"https:\/\/rafaramirez.org\/blog\/wp-content\/uploads\/2024\/09\/RR_socialnetwork.jpg"},"sameAs":["https:\/\/www.rafaramirez.org\/blog","https:\/\/www.instagram.com\/rafaramirez_ok\/","https:\/\/es.pinterest.com\/Ramirez_Rafa\/","https:\/\/x.com\/rafaramirez_ok"],"url":"https:\/\/rafaramirez.org\/blog\/index.php\/author\/rafaell_qm6j97da\/"}]}},"jetpack_publicize_connections":[],"jetpack_sharing_enabled":true,"jetpack_likes_enabled":true,"jetpack_featured_media_url":"https:\/\/rafaramirez.org\/blog\/wp-content\/uploads\/2024\/12\/Solsticio_de_Invierno_banner.jpg","_links":{"self":[{"href":"https:\/\/rafaramirez.org\/blog\/index.php\/wp-json\/wp\/v2\/posts\/7363","targetHints":{"allow":["GET"]}}],"collection":[{"href":"https:\/\/rafaramirez.org\/blog\/index.php\/wp-json\/wp\/v2\/posts"}],"about":[{"href":"https:\/\/rafaramirez.org\/blog\/index.php\/wp-json\/wp\/v2\/types\/post"}],"author":[{"embeddable":true,"href":"https:\/\/rafaramirez.org\/blog\/index.php\/wp-json\/wp\/v2\/users\/1"}],"replies":[{"embeddable":true,"href":"https:\/\/rafaramirez.org\/blog\/index.php\/wp-json\/wp\/v2\/comments?post=7363"}],"version-history":[{"count":10,"href":"https:\/\/rafaramirez.org\/blog\/index.php\/wp-json\/wp\/v2\/posts\/7363\/revisions"}],"predecessor-version":[{"id":7376,"href":"https:\/\/rafaramirez.org\/blog\/index.php\/wp-json\/wp\/v2\/posts\/7363\/revisions\/7376"}],"wp:featuredmedia":[{"embeddable":true,"href":"https:\/\/rafaramirez.org\/blog\/index.php\/wp-json\/wp\/v2\/media\/7372"}],"wp:attachment":[{"href":"https:\/\/rafaramirez.org\/blog\/index.php\/wp-json\/wp\/v2\/media?parent=7363"}],"wp:term":[{"taxonomy":"category","embeddable":true,"href":"https:\/\/rafaramirez.org\/blog\/index.php\/wp-json\/wp\/v2\/categories?post=7363"},{"taxonomy":"post_tag","embeddable":true,"href":"https:\/\/rafaramirez.org\/blog\/index.php\/wp-json\/wp\/v2\/tags?post=7363"}],"curies":[{"name":"wp","href":"https:\/\/api.w.org\/{rel}","templated":true}]}}