{"id":7300,"date":"2024-12-18T08:15:05","date_gmt":"2024-12-18T07:15:05","guid":{"rendered":"https:\/\/rafaramirez.org\/blog\/?p=7300"},"modified":"2024-12-11T20:18:40","modified_gmt":"2024-12-11T19:18:40","slug":"se-armo-el-belen-comedia","status":"publish","type":"post","link":"https:\/\/rafaramirez.org\/blog\/index.php\/2024\/12\/18\/se-armo-el-belen-comedia\/","title":{"rendered":"\u00ab\u00a1Se arm\u00f3 el Bel\u00e9n!\u00bb comedia cl\u00e1sica navide\u00f1a para estas fechas."},"content":{"rendered":"<p><strong>\u00ab\u00a1Se arm\u00f3 el Bel\u00e9n!\u00bb<\/strong> es una comedia espa\u00f1ola de 1970 <strong>dirigida por Jos\u00e9 Luis S\u00e1enz de Heredia<\/strong> y esta semana te hablo de ella, dentro de ese peque\u00f1o ciclo de cine navide\u00f1o del que te vengo proponiendo films. La pel\u00edcula cuenta con un elenco estelar, incluyendo a <strong>Paco Mart\u00ednez Soria, Ir\u00e1n Eory, Julia Caba Alba y Manuel Alexandre<\/strong>. La trama gira en torno a un grupo de personajes que se ven envueltos en una serie de enredos y malentendidos durante la <strong>Navidad<\/strong>, lo que da lugar a situaciones c\u00f3micas y divertidas.<\/p>\n<p>La pel\u00edcula es conocida por su humor y por reflejar las costumbres y tradiciones navide\u00f1as de la Espa\u00f1a de la \u00e9poca. Es una de esas comedias cl\u00e1sicas que sigue siendo recordada con <strong>cari\u00f1o por muchos espectadores<\/strong>.<\/p>\n<figure id=\"attachment_7307\" aria-describedby=\"caption-attachment-7307\" style=\"width: 300px\" class=\"wp-caption aligncenter\"><a href=\"https:\/\/rafaramirez.org\/blog\/wp-content\/uploads\/2024\/12\/Se_armo_el_Belen_1.jpg\" target=\"_blank\" rel=\"noopener\"><img loading=\"lazy\" decoding=\"async\" class=\"wp-image-7307 size-medium\" src=\"https:\/\/rafaramirez.org\/blog\/wp-content\/uploads\/2024\/12\/Se_armo_el_Belen_1-300x188.jpg\" alt=\"Escena de &quot;\u00a1Se arm\u00f3 el Bel\u00e9n!&quot; (1970). Blog de Rafael Ram\u00edrez.\" width=\"300\" height=\"188\" srcset=\"https:\/\/rafaramirez.org\/blog\/wp-content\/uploads\/2024\/12\/Se_armo_el_Belen_1-300x188.jpg 300w, https:\/\/rafaramirez.org\/blog\/wp-content\/uploads\/2024\/12\/Se_armo_el_Belen_1-1024x640.jpg 1024w, https:\/\/rafaramirez.org\/blog\/wp-content\/uploads\/2024\/12\/Se_armo_el_Belen_1-768x480.jpg 768w, https:\/\/rafaramirez.org\/blog\/wp-content\/uploads\/2024\/12\/Se_armo_el_Belen_1.jpg 1280w\" sizes=\"auto, (max-width: 300px) 100vw, 300px\" \/><\/a><figcaption id=\"caption-attachment-7307\" class=\"wp-caption-text\">Escena de \u00ab\u00a1Se arm\u00f3 el Bel\u00e9n!\u00bb (1970). Blog de Rafael Ram\u00edrez.<\/figcaption><\/figure>\n<h3>Detr\u00e1s de \u00ab\u00a1Se arm\u00f3 el Bel\u00e9n!\u00bb.<\/h3>\n<p>El rodaje de \u00ab\u00a1Se arm\u00f3 el Bel\u00e9n!\u00bb tuvo lugar en <strong>Madrid<\/strong>, con exteriores filmados en la ciudad y los interiores en los <strong>Estudios Roma<\/strong>. La pel\u00edcula se rod\u00f3 poco despu\u00e9s de la clausura del <strong>Concilio Vaticano II<\/strong> en 1965, lo que influy\u00f3 en algunos de los temas tratados en la trama.<\/p>\n<p>Es interesante rese\u00f1ar que el personaje interpretado por Paco Mart\u00ednez Soria, Don Mariano, fue descrito como \u00abentra\u00f1able\u00bb por la cr\u00edtica de la \u00e9poca. Adem\u00e1s, la pel\u00edcula refleja de manera humor\u00edstica los cambios y desaf\u00edos que enfrentaba la Iglesia en ese momento, lo que a\u00f1ade una capa de contexto hist\u00f3rico a la comedia.<\/p>\n<figure id=\"attachment_7308\" aria-describedby=\"caption-attachment-7308\" style=\"width: 300px\" class=\"wp-caption aligncenter\"><a href=\"https:\/\/rafaramirez.org\/blog\/wp-content\/uploads\/2024\/12\/Se_armo_el_Belen_3.jpg\" target=\"_blank\" rel=\"noopener\"><img loading=\"lazy\" decoding=\"async\" class=\"wp-image-7308 size-medium\" src=\"https:\/\/rafaramirez.org\/blog\/wp-content\/uploads\/2024\/12\/Se_armo_el_Belen_3-300x188.jpg\" alt=\"Escena de &quot;\u00a1Se arm\u00f3 el Bel\u00e9n!&quot; (1970). Blog de Rafael Ram\u00edrez.\" width=\"300\" height=\"188\" srcset=\"https:\/\/rafaramirez.org\/blog\/wp-content\/uploads\/2024\/12\/Se_armo_el_Belen_3-300x188.jpg 300w, https:\/\/rafaramirez.org\/blog\/wp-content\/uploads\/2024\/12\/Se_armo_el_Belen_3-1024x640.jpg 1024w, https:\/\/rafaramirez.org\/blog\/wp-content\/uploads\/2024\/12\/Se_armo_el_Belen_3-768x480.jpg 768w, https:\/\/rafaramirez.org\/blog\/wp-content\/uploads\/2024\/12\/Se_armo_el_Belen_3.jpg 1280w\" sizes=\"auto, (max-width: 300px) 100vw, 300px\" \/><\/a><figcaption id=\"caption-attachment-7308\" class=\"wp-caption-text\">Escena de \u00ab\u00a1Se arm\u00f3 el Bel\u00e9n!\u00bb (1970). Blog de Rafael Ram\u00edrez.<\/figcaption><\/figure>\n<h3>Cr\u00edtica.<\/h3>\n<p>\u00ab\u00a1Se arm\u00f3 el Bel\u00e9n!\u00bb es una comedia cl\u00e1sica del cine espa\u00f1ol que destaca por su humor costumbrista y su retrato de la sociedad de la \u00e9poca. Como ya te he contado, la pel\u00edcula, dirigida por Jos\u00e9 Luis S\u00e1enz de Heredia, cuenta con un elenco de lujo encabezado por Paco Mart\u00ednez Soria, cuya interpretaci\u00f3n de Don Mariano es entra\u00f1able y divertida.<\/p>\n<p>La trama, aunque sencilla, est\u00e1 llena de enredos y situaciones c\u00f3micas que mantienen al espectador entretenido de principio a fin. Los personajes est\u00e1n bien desarrollados y cada uno aporta su propio toque de humor a la historia. La qu\u00edmica entre los actores es palpable, lo que a\u00f1ade una capa extra de disfrute a la pel\u00edcula.<\/p>\n<figure id=\"attachment_7309\" aria-describedby=\"caption-attachment-7309\" style=\"width: 300px\" class=\"wp-caption aligncenter\"><a href=\"https:\/\/rafaramirez.org\/blog\/wp-content\/uploads\/2024\/12\/Se_armo_el_Belen_4.jpg\" target=\"_blank\" rel=\"noopener\"><img loading=\"lazy\" decoding=\"async\" class=\"wp-image-7309 size-medium\" src=\"https:\/\/rafaramirez.org\/blog\/wp-content\/uploads\/2024\/12\/Se_armo_el_Belen_4-300x188.jpg\" alt=\"Escena de &quot;\u00a1Se arm\u00f3 el Bel\u00e9n!&quot; (1970). Blog de Rafael Ram\u00edrez.\" width=\"300\" height=\"188\" srcset=\"https:\/\/rafaramirez.org\/blog\/wp-content\/uploads\/2024\/12\/Se_armo_el_Belen_4-300x188.jpg 300w, https:\/\/rafaramirez.org\/blog\/wp-content\/uploads\/2024\/12\/Se_armo_el_Belen_4-1024x640.jpg 1024w, https:\/\/rafaramirez.org\/blog\/wp-content\/uploads\/2024\/12\/Se_armo_el_Belen_4-768x480.jpg 768w, https:\/\/rafaramirez.org\/blog\/wp-content\/uploads\/2024\/12\/Se_armo_el_Belen_4.jpg 1280w\" sizes=\"auto, (max-width: 300px) 100vw, 300px\" \/><\/a><figcaption id=\"caption-attachment-7309\" class=\"wp-caption-text\">Escena de \u00ab\u00a1Se arm\u00f3 el Bel\u00e9n!\u00bb (1970). Blog de Rafael Ram\u00edrez.<\/figcaption><\/figure>\n<p>Uno de los puntos fuertes de \u00ab\u00a1Se arm\u00f3 el Bel\u00e9n!\u00bb es su capacidad para capturar la esencia de la Navidad en Espa\u00f1a, con todas sus tradiciones y peculiaridades. La pel\u00edcula logra equilibrar el humor con momentos de ternura y reflexi\u00f3n, lo que la convierte en una opci\u00f3n perfecta para ver en familia durante las fiestas.<\/p>\n<p>En resumen, \u00ab\u00a1Se arm\u00f3 el Bel\u00e9n!\u00bb es una comedia encantadora que sigue siendo relevante y divertida d\u00e9cadas despu\u00e9s de su estreno. Es una muestra del talento del cine espa\u00f1ol para crear historias que resuenan con el p\u00fablico y que perduran en el tiempo.<\/p>\n<figure id=\"attachment_7305\" aria-describedby=\"caption-attachment-7305\" style=\"width: 200px\" class=\"wp-caption aligncenter\"><a href=\"https:\/\/rafaramirez.org\/blog\/wp-content\/uploads\/2024\/12\/Se_armo_el_Belen_cartel.jpg\" target=\"_blank\" rel=\"noopener\"><img loading=\"lazy\" decoding=\"async\" class=\"wp-image-7305 size-medium\" src=\"https:\/\/rafaramirez.org\/blog\/wp-content\/uploads\/2024\/12\/Se_armo_el_Belen_cartel-200x300.jpg\" alt=\"Cartel de &quot;\u00a1Se arm\u00f3 el Bel\u00e9n!&quot; (1970). Blog de Rafael Ram\u00edrez.\" width=\"200\" height=\"300\" srcset=\"https:\/\/rafaramirez.org\/blog\/wp-content\/uploads\/2024\/12\/Se_armo_el_Belen_cartel-200x300.jpg 200w, https:\/\/rafaramirez.org\/blog\/wp-content\/uploads\/2024\/12\/Se_armo_el_Belen_cartel-683x1024.jpg 683w, https:\/\/rafaramirez.org\/blog\/wp-content\/uploads\/2024\/12\/Se_armo_el_Belen_cartel-768x1152.jpg 768w, https:\/\/rafaramirez.org\/blog\/wp-content\/uploads\/2024\/12\/Se_armo_el_Belen_cartel.jpg 960w\" sizes=\"auto, (max-width: 200px) 100vw, 200px\" \/><\/a><figcaption id=\"caption-attachment-7305\" class=\"wp-caption-text\">Cartel de \u00ab\u00a1Se arm\u00f3 el Bel\u00e9n!\u00bb (1970). Blog de Rafael Ram\u00edrez.<\/figcaption><\/figure>\n<h3>Ficha t\u00e9cnica de la pel\u00edcula.<\/h3>\n<ul>\n<li><strong>T\u00edtulo original<\/strong>: \u00a1Se arm\u00f3 el Bel\u00e9n!<\/li>\n<li><strong>A\u00f1o<\/strong>: 1970<\/li>\n<li><strong>Duraci\u00f3n<\/strong>: 98 minutos<\/li>\n<li><strong>Pa\u00eds<\/strong>: Espa\u00f1a<\/li>\n<li><strong>Direcci\u00f3n<\/strong>: Jos\u00e9 Luis S\u00e1enz de Heredia<\/li>\n<li><strong>Guion<\/strong>: Jos\u00e9 Luis S\u00e1enz de Heredia, Rafael J. Salvia<\/li>\n<li><strong>M\u00fasica<\/strong>: \u00c1ngel Arteaga<\/li>\n<li><strong>Fotograf\u00eda<\/strong>: Michel Kelber<\/li>\n<li><strong>Montaje<\/strong>: Antonio Ram\u00edrez de Loaysa<\/li>\n<li><strong>Producci\u00f3n<\/strong>: Compa\u00f1\u00eda de Velasco<\/li>\n<li><strong>G\u00e9nero<\/strong>: Comedia<\/li>\n<li><strong>Idioma<\/strong>: Espa\u00f1ol<\/li>\n<li><strong>Reparto<\/strong>:\n<ul>\n<li>Paco Mart\u00ednez Soria como Don Mariano<\/li>\n<li>Germ\u00e1n Cobos como Don Jos\u00e9<\/li>\n<li>Ir\u00e1n Eory como Cari<\/li>\n<li>Julia Caba Alba como Do\u00f1a Joaquina<\/li>\n<li>Manuel Alexandre como Leandro<\/li>\n<li>\u00c1ngel de Andr\u00e9s como arquitecto-decorador<\/li>\n<li>Francisco Guijar como Andr\u00e9s<\/li>\n<li>Rosa Fontana como Maruja<\/li>\n<li>Jos\u00e9 Sep\u00falveda como due\u00f1o de almac\u00e9n<\/li>\n<li>Carmen Mart\u00ednez Sierra como Do\u00f1a Lupe<\/li>\n<li>Antonio del Real como espectador<\/li>\n<li>Erasmo Pascual como Marcelino<\/li>\n<li>Marisa Porcel como se\u00f1ora<\/li>\n<li>Juan Manuel Chiapella como hombre razonable<\/li>\n<li>Fernando Nogueras como padre Ram\u00edrez<\/li>\n<li>Valent\u00edn Tornos como Genaro<\/li>\n<li>Rafael L\u00f3pez Somoza como Sebas<\/li>\n<li>Jes\u00fas Guzm\u00e1n como Agust\u00edn<\/li>\n<li>Javier Loyola como Emilio<\/li>\n<\/ul>\n<\/li>\n<\/ul>\n<h3>Trailer (promo Antena 3).<\/h3>\n<p><iframe loading=\"lazy\" title=\"YouTube video player\" src=\"https:\/\/www.youtube.com\/embed\/-l8cyBZIQF8?si=0g3WhvxBhJRN4Se5\" width=\"560\" height=\"315\" frameborder=\"0\" allowfullscreen=\"allowfullscreen\"><\/iframe><\/p>\n<p>Decididamente, \u00ab\u00a1Se arm\u00f3 el Bel\u00e9n!\u00bb es una comedia cl\u00e1sica que captura la esencia de la Navidad en Espa\u00f1a con humor y ternura. La actuaci\u00f3n de Paco Mart\u00ednez Soria es entra\u00f1able, y la pel\u00edcula ofrece una mirada nost\u00e1lgica a las tradiciones y costumbres de la \u00e9poca. <strong>Es perfecta para disfrutar en familia y re\u00edrse con las situaciones c\u00f3micas y los enredos navide\u00f1os.<\/strong> <strong>\u00a1No dejes de verla!<\/strong><\/p>\n<p>M\u00e1s informaci\u00f3n:<\/p>\n<ul>\n<li><a href=\"https:\/\/es.wikipedia.org\/wiki\/%C2%A1Se_arm%C3%B3_el_bel%C3%A9n!\" target=\"_blank\" rel=\"noopener\">Wikipedia<\/a>.<\/li>\n<li><a href=\"https:\/\/www.filmaffinity.com\/es\/film270285.html\" target=\"_blank\" rel=\"noopener\">Filmaffinity<\/a>.<\/li>\n<li><a href=\"https:\/\/rafaramirez.org\/blog\/index.php\/category\/arte\/cine\/\" target=\"_blank\" rel=\"noopener\">M\u00e1s pel\u00edculas recomendadas<\/a>.<\/li>\n<\/ul>\n","protected":false},"excerpt":{"rendered":"<p>\u00ab\u00a1Se arm\u00f3 el Bel\u00e9n!\u00bb es una comedia espa\u00f1ola de 1970 dirigida por Jos\u00e9 Luis S\u00e1enz de Heredia y esta semana te hablo de ella, dentro de ese peque\u00f1o ciclo de cine navide\u00f1o del que te vengo proponiendo films. La pel\u00edcula cuenta con un elenco estelar, incluyendo a Paco Mart\u00ednez Soria, Ir\u00e1n Eory, Julia Caba Alba [&hellip;]<\/p>\n","protected":false},"author":1,"featured_media":7310,"comment_status":"open","ping_status":"closed","sticky":false,"template":"","format":"standard","meta":{"site-container-style":"default","site-container-layout":"default","site-sidebar-layout":"default","disable-article-header":"default","disable-site-header":"default","disable-site-footer":"default","disable-content-area-spacing":"default","_jetpack_newsletter_access":"","_jetpack_dont_email_post_to_subs":false,"_jetpack_newsletter_tier_id":0,"_jetpack_memberships_contains_paywalled_content":false,"_jetpack_feature_clip_id":0,"_jetpack_memberships_contains_paid_content":false,"footnotes":"","jetpack_publicize_message":"","jetpack_publicize_feature_enabled":true,"jetpack_social_post_already_shared":true,"jetpack_social_options":{"image_generator_settings":{"template":"highway","default_image_id":0,"font":"","enabled":false},"version":2},"jetpack_post_was_ever_published":false},"categories":[711],"tags":[3847,3846,1477,68,2241,762,3850,3851,3852,3848,2426,3801,3799,3800,897],"class_list":["post-7300","post","type-post","status-publish","format-standard","has-post-thumbnail","hentry","category-cine","tag-se-armo-el-belen-de-jose-luis-saenz-de-heredia","tag-se-armo-el-belen-pelicula","tag-1477","tag-blog-de-rafael-ramirez","tag-cine-espanol","tag-critica-de-cine","tag-iran-eory","tag-julia-caba-alba","tag-manuel-alexandre","tag-paco-martinez-soria","tag-pelicula-de-1954","tag-pelicula-de-navidad","tag-pelicula-espanola","tag-pelicula-navidena","tag-pelicula-recomendada"],"yoast_head":"<!-- This site is optimized with the Yoast SEO plugin v28.4 - https:\/\/yoast.com\/product\/yoast-seo-wordpress\/ -->\n<title>&quot;\u00a1Se arm\u00f3 el Bel\u00e9n!&quot; comedia cl\u00e1sica navide\u00f1a para estas fechas. - Blog de Rafael Ram\u00edrez<\/title>\n<meta name=\"description\" content=\"&quot;\u00a1Se arm\u00f3 el Bel\u00e9n!&quot; es una comedia espa\u00f1ola y esta semana te hablo de ella, dentro de ese peque\u00f1o ciclo de cine navide\u00f1o.\" \/>\n<meta name=\"robots\" content=\"index, follow, max-snippet:-1, max-image-preview:large, max-video-preview:-1\" \/>\n<link rel=\"canonical\" href=\"https:\/\/rafaramirez.org\/blog\/index.php\/2024\/12\/18\/se-armo-el-belen-comedia\/\" \/>\n<meta property=\"og:locale\" content=\"es_ES\" \/>\n<meta property=\"og:type\" content=\"article\" \/>\n<meta property=\"og:title\" content=\"&quot;\u00a1Se arm\u00f3 el Bel\u00e9n!&quot; comedia cl\u00e1sica navide\u00f1a para estas fechas. - Blog de Rafael Ram\u00edrez\" \/>\n<meta property=\"og:description\" content=\"&quot;\u00a1Se arm\u00f3 el Bel\u00e9n!&quot; es una comedia espa\u00f1ola y esta semana te hablo de ella, dentro de ese peque\u00f1o ciclo de cine navide\u00f1o.\" \/>\n<meta property=\"og:url\" content=\"https:\/\/rafaramirez.org\/blog\/index.php\/2024\/12\/18\/se-armo-el-belen-comedia\/\" \/>\n<meta property=\"og:site_name\" content=\"Blog de Rafael Ram\u00edrez\" \/>\n<meta property=\"article:published_time\" content=\"2024-12-18T07:15:05+00:00\" \/>\n<meta property=\"og:image\" content=\"https:\/\/rafaramirez.org\/blog\/wp-content\/uploads\/2024\/12\/Se_armo_el_belen_banner.jpg\" \/>\n\t<meta property=\"og:image:width\" content=\"720\" \/>\n\t<meta property=\"og:image:height\" content=\"440\" \/>\n\t<meta property=\"og:image:type\" content=\"image\/jpeg\" \/>\n<meta name=\"author\" content=\"Rafael Ram\u00edrez\" \/>\n<meta name=\"twitter:card\" content=\"summary_large_image\" \/>\n<meta name=\"twitter:creator\" content=\"@rafaramirez_ok\" \/>\n<meta name=\"twitter:site\" content=\"@rafaramirez_ok\" \/>\n<meta name=\"twitter:label1\" content=\"Escrito por\" \/>\n\t<meta name=\"twitter:data1\" content=\"Rafael Ram\u00edrez\" \/>\n\t<meta name=\"twitter:label2\" content=\"Tiempo de lectura\" \/>\n\t<meta name=\"twitter:data2\" content=\"5 minutos\" \/>\n<script type=\"application\/ld+json\" class=\"yoast-schema-graph\">{\"@context\":\"https:\\\/\\\/schema.org\",\"@graph\":[{\"@type\":\"Article\",\"@id\":\"https:\\\/\\\/rafaramirez.org\\\/blog\\\/index.php\\\/2024\\\/12\\\/18\\\/se-armo-el-belen-comedia\\\/#article\",\"isPartOf\":{\"@id\":\"https:\\\/\\\/rafaramirez.org\\\/blog\\\/index.php\\\/2024\\\/12\\\/18\\\/se-armo-el-belen-comedia\\\/\"},\"author\":{\"name\":\"Rafael Ram\u00edrez\",\"@id\":\"https:\\\/\\\/rafaramirez.org\\\/blog\\\/#\\\/schema\\\/person\\\/50f43b6d60c578760d4c17bda54ab6a5\"},\"headline\":\"\u00ab\u00a1Se arm\u00f3 el Bel\u00e9n!\u00bb comedia cl\u00e1sica navide\u00f1a para estas fechas.\",\"datePublished\":\"2024-12-18T07:15:05+00:00\",\"mainEntityOfPage\":{\"@id\":\"https:\\\/\\\/rafaramirez.org\\\/blog\\\/index.php\\\/2024\\\/12\\\/18\\\/se-armo-el-belen-comedia\\\/\"},\"wordCount\":858,\"commentCount\":0,\"publisher\":{\"@id\":\"https:\\\/\\\/rafaramirez.org\\\/blog\\\/#\\\/schema\\\/person\\\/50f43b6d60c578760d4c17bda54ab6a5\"},\"image\":{\"@id\":\"https:\\\/\\\/rafaramirez.org\\\/blog\\\/index.php\\\/2024\\\/12\\\/18\\\/se-armo-el-belen-comedia\\\/#primaryimage\"},\"thumbnailUrl\":\"https:\\\/\\\/rafaramirez.org\\\/blog\\\/wp-content\\\/uploads\\\/2024\\\/12\\\/Se_armo_el_belen_banner.jpg\",\"keywords\":[\"\\\"\u00a1Se arm\u00f3 el Bel\u00e9n!\\\" de Jos\u00e9 Luis S\u00e1enz de Heredia\",\"\\\"\u00a1Se arm\u00f3 el Bel\u00e9n!\\\" pel\u00edcula\",\"1970\",\"blog de Rafael Ram\u00edrez\",\"cine espa\u00f1ol\",\"cr\u00edtica de cine\",\"Ir\u00e1n Eory\",\"Julia Caba Alba\",\"Manuel Alexandre\",\"Paco Mart\u00ednez Soria\",\"pel\u00edcula de 1954\",\"pel\u00edcula de navidad\",\"pel\u00edcula espa\u00f1ola\",\"pel\u00edcula navide\u00f1a\",\"pel\u00edcula recomendada\"],\"articleSection\":[\"Cine\"],\"inLanguage\":\"es\",\"potentialAction\":[{\"@type\":\"CommentAction\",\"name\":\"Comment\",\"target\":[\"https:\\\/\\\/rafaramirez.org\\\/blog\\\/index.php\\\/2024\\\/12\\\/18\\\/se-armo-el-belen-comedia\\\/#respond\"]}]},{\"@type\":\"WebPage\",\"@id\":\"https:\\\/\\\/rafaramirez.org\\\/blog\\\/index.php\\\/2024\\\/12\\\/18\\\/se-armo-el-belen-comedia\\\/\",\"url\":\"https:\\\/\\\/rafaramirez.org\\\/blog\\\/index.php\\\/2024\\\/12\\\/18\\\/se-armo-el-belen-comedia\\\/\",\"name\":\"\\\"\u00a1Se arm\u00f3 el Bel\u00e9n!\\\" comedia cl\u00e1sica navide\u00f1a para estas fechas. - Blog de Rafael Ram\u00edrez\",\"isPartOf\":{\"@id\":\"https:\\\/\\\/rafaramirez.org\\\/blog\\\/#website\"},\"primaryImageOfPage\":{\"@id\":\"https:\\\/\\\/rafaramirez.org\\\/blog\\\/index.php\\\/2024\\\/12\\\/18\\\/se-armo-el-belen-comedia\\\/#primaryimage\"},\"image\":{\"@id\":\"https:\\\/\\\/rafaramirez.org\\\/blog\\\/index.php\\\/2024\\\/12\\\/18\\\/se-armo-el-belen-comedia\\\/#primaryimage\"},\"thumbnailUrl\":\"https:\\\/\\\/rafaramirez.org\\\/blog\\\/wp-content\\\/uploads\\\/2024\\\/12\\\/Se_armo_el_belen_banner.jpg\",\"datePublished\":\"2024-12-18T07:15:05+00:00\",\"description\":\"\\\"\u00a1Se arm\u00f3 el Bel\u00e9n!\\\" es una comedia espa\u00f1ola y esta semana te hablo de ella, dentro de ese peque\u00f1o ciclo de cine navide\u00f1o.\",\"breadcrumb\":{\"@id\":\"https:\\\/\\\/rafaramirez.org\\\/blog\\\/index.php\\\/2024\\\/12\\\/18\\\/se-armo-el-belen-comedia\\\/#breadcrumb\"},\"inLanguage\":\"es\",\"potentialAction\":[{\"@type\":\"ReadAction\",\"target\":[\"https:\\\/\\\/rafaramirez.org\\\/blog\\\/index.php\\\/2024\\\/12\\\/18\\\/se-armo-el-belen-comedia\\\/\"]}]},{\"@type\":\"ImageObject\",\"inLanguage\":\"es\",\"@id\":\"https:\\\/\\\/rafaramirez.org\\\/blog\\\/index.php\\\/2024\\\/12\\\/18\\\/se-armo-el-belen-comedia\\\/#primaryimage\",\"url\":\"https:\\\/\\\/rafaramirez.org\\\/blog\\\/wp-content\\\/uploads\\\/2024\\\/12\\\/Se_armo_el_belen_banner.jpg\",\"contentUrl\":\"https:\\\/\\\/rafaramirez.org\\\/blog\\\/wp-content\\\/uploads\\\/2024\\\/12\\\/Se_armo_el_belen_banner.jpg\",\"width\":720,\"height\":440,\"caption\":\"\\\"\u00a1Se arm\u00f3 el Bel\u00e9n!\\\" (1970). Blog de Rafael Ram\u00edrez.\"},{\"@type\":\"BreadcrumbList\",\"@id\":\"https:\\\/\\\/rafaramirez.org\\\/blog\\\/index.php\\\/2024\\\/12\\\/18\\\/se-armo-el-belen-comedia\\\/#breadcrumb\",\"itemListElement\":[{\"@type\":\"ListItem\",\"position\":1,\"name\":\"Portada\",\"item\":\"https:\\\/\\\/rafaramirez.org\\\/blog\\\/\"},{\"@type\":\"ListItem\",\"position\":2,\"name\":\"\u00ab\u00a1Se arm\u00f3 el Bel\u00e9n!\u00bb comedia cl\u00e1sica navide\u00f1a para estas fechas.\"}]},{\"@type\":\"WebSite\",\"@id\":\"https:\\\/\\\/rafaramirez.org\\\/blog\\\/#website\",\"url\":\"https:\\\/\\\/rafaramirez.org\\\/blog\\\/\",\"name\":\"Blog de Rafael Ram\u00edrez\",\"description\":\"Un sitio social, de arte y cultura\",\"publisher\":{\"@id\":\"https:\\\/\\\/rafaramirez.org\\\/blog\\\/#\\\/schema\\\/person\\\/50f43b6d60c578760d4c17bda54ab6a5\"},\"potentialAction\":[{\"@type\":\"SearchAction\",\"target\":{\"@type\":\"EntryPoint\",\"urlTemplate\":\"https:\\\/\\\/rafaramirez.org\\\/blog\\\/?s={search_term_string}\"},\"query-input\":{\"@type\":\"PropertyValueSpecification\",\"valueRequired\":true,\"valueName\":\"search_term_string\"}}],\"inLanguage\":\"es\"},{\"@type\":[\"Person\",\"Organization\"],\"@id\":\"https:\\\/\\\/rafaramirez.org\\\/blog\\\/#\\\/schema\\\/person\\\/50f43b6d60c578760d4c17bda54ab6a5\",\"name\":\"Rafael Ram\u00edrez\",\"image\":{\"@type\":\"ImageObject\",\"inLanguage\":\"es\",\"@id\":\"https:\\\/\\\/rafaramirez.org\\\/blog\\\/wp-content\\\/uploads\\\/2024\\\/09\\\/RR_socialnetwork.jpg\",\"url\":\"https:\\\/\\\/rafaramirez.org\\\/blog\\\/wp-content\\\/uploads\\\/2024\\\/09\\\/RR_socialnetwork.jpg\",\"contentUrl\":\"https:\\\/\\\/rafaramirez.org\\\/blog\\\/wp-content\\\/uploads\\\/2024\\\/09\\\/RR_socialnetwork.jpg\",\"width\":600,\"height\":606,\"caption\":\"Rafael Ram\u00edrez\"},\"logo\":{\"@id\":\"https:\\\/\\\/rafaramirez.org\\\/blog\\\/wp-content\\\/uploads\\\/2024\\\/09\\\/RR_socialnetwork.jpg\"},\"sameAs\":[\"https:\\\/\\\/www.rafaramirez.org\\\/blog\",\"https:\\\/\\\/www.instagram.com\\\/rafaramirez_ok\\\/\",\"https:\\\/\\\/es.pinterest.com\\\/Ramirez_Rafa\\\/\",\"https:\\\/\\\/x.com\\\/rafaramirez_ok\"],\"url\":\"https:\\\/\\\/rafaramirez.org\\\/blog\\\/index.php\\\/author\\\/rafaell_qm6j97da\\\/\"}]}<\/script>\n<!-- \/ Yoast SEO plugin. -->","yoast_head_json":{"title":"\"\u00a1Se arm\u00f3 el Bel\u00e9n!\" comedia cl\u00e1sica navide\u00f1a para estas fechas. - Blog de Rafael Ram\u00edrez","description":"\"\u00a1Se arm\u00f3 el Bel\u00e9n!\" es una comedia espa\u00f1ola y esta semana te hablo de ella, dentro de ese peque\u00f1o ciclo de cine navide\u00f1o.","robots":{"index":"index","follow":"follow","max-snippet":"max-snippet:-1","max-image-preview":"max-image-preview:large","max-video-preview":"max-video-preview:-1"},"canonical":"https:\/\/rafaramirez.org\/blog\/index.php\/2024\/12\/18\/se-armo-el-belen-comedia\/","og_locale":"es_ES","og_type":"article","og_title":"\"\u00a1Se arm\u00f3 el Bel\u00e9n!\" comedia cl\u00e1sica navide\u00f1a para estas fechas. - Blog de Rafael Ram\u00edrez","og_description":"\"\u00a1Se arm\u00f3 el Bel\u00e9n!\" es una comedia espa\u00f1ola y esta semana te hablo de ella, dentro de ese peque\u00f1o ciclo de cine navide\u00f1o.","og_url":"https:\/\/rafaramirez.org\/blog\/index.php\/2024\/12\/18\/se-armo-el-belen-comedia\/","og_site_name":"Blog de Rafael Ram\u00edrez","article_published_time":"2024-12-18T07:15:05+00:00","og_image":[{"width":720,"height":440,"url":"https:\/\/rafaramirez.org\/blog\/wp-content\/uploads\/2024\/12\/Se_armo_el_belen_banner.jpg","type":"image\/jpeg"}],"author":"Rafael Ram\u00edrez","twitter_card":"summary_large_image","twitter_creator":"@rafaramirez_ok","twitter_site":"@rafaramirez_ok","twitter_misc":{"Escrito por":"Rafael Ram\u00edrez","Tiempo de lectura":"5 minutos"},"schema":{"@context":"https:\/\/schema.org","@graph":[{"@type":"Article","@id":"https:\/\/rafaramirez.org\/blog\/index.php\/2024\/12\/18\/se-armo-el-belen-comedia\/#article","isPartOf":{"@id":"https:\/\/rafaramirez.org\/blog\/index.php\/2024\/12\/18\/se-armo-el-belen-comedia\/"},"author":{"name":"Rafael Ram\u00edrez","@id":"https:\/\/rafaramirez.org\/blog\/#\/schema\/person\/50f43b6d60c578760d4c17bda54ab6a5"},"headline":"\u00ab\u00a1Se arm\u00f3 el Bel\u00e9n!\u00bb comedia cl\u00e1sica navide\u00f1a para estas fechas.","datePublished":"2024-12-18T07:15:05+00:00","mainEntityOfPage":{"@id":"https:\/\/rafaramirez.org\/blog\/index.php\/2024\/12\/18\/se-armo-el-belen-comedia\/"},"wordCount":858,"commentCount":0,"publisher":{"@id":"https:\/\/rafaramirez.org\/blog\/#\/schema\/person\/50f43b6d60c578760d4c17bda54ab6a5"},"image":{"@id":"https:\/\/rafaramirez.org\/blog\/index.php\/2024\/12\/18\/se-armo-el-belen-comedia\/#primaryimage"},"thumbnailUrl":"https:\/\/rafaramirez.org\/blog\/wp-content\/uploads\/2024\/12\/Se_armo_el_belen_banner.jpg","keywords":["\"\u00a1Se arm\u00f3 el Bel\u00e9n!\" de Jos\u00e9 Luis S\u00e1enz de Heredia","\"\u00a1Se arm\u00f3 el Bel\u00e9n!\" pel\u00edcula","1970","blog de Rafael Ram\u00edrez","cine espa\u00f1ol","cr\u00edtica de cine","Ir\u00e1n Eory","Julia Caba Alba","Manuel Alexandre","Paco Mart\u00ednez Soria","pel\u00edcula de 1954","pel\u00edcula de navidad","pel\u00edcula espa\u00f1ola","pel\u00edcula navide\u00f1a","pel\u00edcula recomendada"],"articleSection":["Cine"],"inLanguage":"es","potentialAction":[{"@type":"CommentAction","name":"Comment","target":["https:\/\/rafaramirez.org\/blog\/index.php\/2024\/12\/18\/se-armo-el-belen-comedia\/#respond"]}]},{"@type":"WebPage","@id":"https:\/\/rafaramirez.org\/blog\/index.php\/2024\/12\/18\/se-armo-el-belen-comedia\/","url":"https:\/\/rafaramirez.org\/blog\/index.php\/2024\/12\/18\/se-armo-el-belen-comedia\/","name":"\"\u00a1Se arm\u00f3 el Bel\u00e9n!\" comedia cl\u00e1sica navide\u00f1a para estas fechas. - Blog de Rafael Ram\u00edrez","isPartOf":{"@id":"https:\/\/rafaramirez.org\/blog\/#website"},"primaryImageOfPage":{"@id":"https:\/\/rafaramirez.org\/blog\/index.php\/2024\/12\/18\/se-armo-el-belen-comedia\/#primaryimage"},"image":{"@id":"https:\/\/rafaramirez.org\/blog\/index.php\/2024\/12\/18\/se-armo-el-belen-comedia\/#primaryimage"},"thumbnailUrl":"https:\/\/rafaramirez.org\/blog\/wp-content\/uploads\/2024\/12\/Se_armo_el_belen_banner.jpg","datePublished":"2024-12-18T07:15:05+00:00","description":"\"\u00a1Se arm\u00f3 el Bel\u00e9n!\" es una comedia espa\u00f1ola y esta semana te hablo de ella, dentro de ese peque\u00f1o ciclo de cine navide\u00f1o.","breadcrumb":{"@id":"https:\/\/rafaramirez.org\/blog\/index.php\/2024\/12\/18\/se-armo-el-belen-comedia\/#breadcrumb"},"inLanguage":"es","potentialAction":[{"@type":"ReadAction","target":["https:\/\/rafaramirez.org\/blog\/index.php\/2024\/12\/18\/se-armo-el-belen-comedia\/"]}]},{"@type":"ImageObject","inLanguage":"es","@id":"https:\/\/rafaramirez.org\/blog\/index.php\/2024\/12\/18\/se-armo-el-belen-comedia\/#primaryimage","url":"https:\/\/rafaramirez.org\/blog\/wp-content\/uploads\/2024\/12\/Se_armo_el_belen_banner.jpg","contentUrl":"https:\/\/rafaramirez.org\/blog\/wp-content\/uploads\/2024\/12\/Se_armo_el_belen_banner.jpg","width":720,"height":440,"caption":"\"\u00a1Se arm\u00f3 el Bel\u00e9n!\" (1970). Blog de Rafael Ram\u00edrez."},{"@type":"BreadcrumbList","@id":"https:\/\/rafaramirez.org\/blog\/index.php\/2024\/12\/18\/se-armo-el-belen-comedia\/#breadcrumb","itemListElement":[{"@type":"ListItem","position":1,"name":"Portada","item":"https:\/\/rafaramirez.org\/blog\/"},{"@type":"ListItem","position":2,"name":"\u00ab\u00a1Se arm\u00f3 el Bel\u00e9n!\u00bb comedia cl\u00e1sica navide\u00f1a para estas fechas."}]},{"@type":"WebSite","@id":"https:\/\/rafaramirez.org\/blog\/#website","url":"https:\/\/rafaramirez.org\/blog\/","name":"Blog de Rafael Ram\u00edrez","description":"Un sitio social, de arte y cultura","publisher":{"@id":"https:\/\/rafaramirez.org\/blog\/#\/schema\/person\/50f43b6d60c578760d4c17bda54ab6a5"},"potentialAction":[{"@type":"SearchAction","target":{"@type":"EntryPoint","urlTemplate":"https:\/\/rafaramirez.org\/blog\/?s={search_term_string}"},"query-input":{"@type":"PropertyValueSpecification","valueRequired":true,"valueName":"search_term_string"}}],"inLanguage":"es"},{"@type":["Person","Organization"],"@id":"https:\/\/rafaramirez.org\/blog\/#\/schema\/person\/50f43b6d60c578760d4c17bda54ab6a5","name":"Rafael Ram\u00edrez","image":{"@type":"ImageObject","inLanguage":"es","@id":"https:\/\/rafaramirez.org\/blog\/wp-content\/uploads\/2024\/09\/RR_socialnetwork.jpg","url":"https:\/\/rafaramirez.org\/blog\/wp-content\/uploads\/2024\/09\/RR_socialnetwork.jpg","contentUrl":"https:\/\/rafaramirez.org\/blog\/wp-content\/uploads\/2024\/09\/RR_socialnetwork.jpg","width":600,"height":606,"caption":"Rafael Ram\u00edrez"},"logo":{"@id":"https:\/\/rafaramirez.org\/blog\/wp-content\/uploads\/2024\/09\/RR_socialnetwork.jpg"},"sameAs":["https:\/\/www.rafaramirez.org\/blog","https:\/\/www.instagram.com\/rafaramirez_ok\/","https:\/\/es.pinterest.com\/Ramirez_Rafa\/","https:\/\/x.com\/rafaramirez_ok"],"url":"https:\/\/rafaramirez.org\/blog\/index.php\/author\/rafaell_qm6j97da\/"}]}},"jetpack_publicize_connections":[],"jetpack_sharing_enabled":true,"jetpack_likes_enabled":true,"jetpack_featured_media_url":"https:\/\/rafaramirez.org\/blog\/wp-content\/uploads\/2024\/12\/Se_armo_el_belen_banner.jpg","_links":{"self":[{"href":"https:\/\/rafaramirez.org\/blog\/index.php\/wp-json\/wp\/v2\/posts\/7300","targetHints":{"allow":["GET"]}}],"collection":[{"href":"https:\/\/rafaramirez.org\/blog\/index.php\/wp-json\/wp\/v2\/posts"}],"about":[{"href":"https:\/\/rafaramirez.org\/blog\/index.php\/wp-json\/wp\/v2\/types\/post"}],"author":[{"embeddable":true,"href":"https:\/\/rafaramirez.org\/blog\/index.php\/wp-json\/wp\/v2\/users\/1"}],"replies":[{"embeddable":true,"href":"https:\/\/rafaramirez.org\/blog\/index.php\/wp-json\/wp\/v2\/comments?post=7300"}],"version-history":[{"count":10,"href":"https:\/\/rafaramirez.org\/blog\/index.php\/wp-json\/wp\/v2\/posts\/7300\/revisions"}],"predecessor-version":[{"id":7315,"href":"https:\/\/rafaramirez.org\/blog\/index.php\/wp-json\/wp\/v2\/posts\/7300\/revisions\/7315"}],"wp:featuredmedia":[{"embeddable":true,"href":"https:\/\/rafaramirez.org\/blog\/index.php\/wp-json\/wp\/v2\/media\/7310"}],"wp:attachment":[{"href":"https:\/\/rafaramirez.org\/blog\/index.php\/wp-json\/wp\/v2\/media?parent=7300"}],"wp:term":[{"taxonomy":"category","embeddable":true,"href":"https:\/\/rafaramirez.org\/blog\/index.php\/wp-json\/wp\/v2\/categories?post=7300"},{"taxonomy":"post_tag","embeddable":true,"href":"https:\/\/rafaramirez.org\/blog\/index.php\/wp-json\/wp\/v2\/tags?post=7300"}],"curies":[{"name":"wp","href":"https:\/\/api.w.org\/{rel}","templated":true}]}}