{"id":7211,"date":"2024-12-12T08:15:25","date_gmt":"2024-12-12T07:15:25","guid":{"rendered":"https:\/\/rafaramirez.org\/blog\/?p=7211"},"modified":"2024-12-10T12:06:05","modified_gmt":"2024-12-10T11:06:05","slug":"la-conejera-de-tess-gunty","status":"publish","type":"post","link":"https:\/\/rafaramirez.org\/blog\/index.php\/2024\/12\/12\/la-conejera-de-tess-gunty\/","title":{"rendered":"\u00abLa conejera\u00bb de Tess Gunty, narrativa cautivadora y personajes bien desarrollados."},"content":{"rendered":"<p>En mi recomendaci\u00f3n de hoy te hablo de <strong>\u00abLa conejera\u00bb<\/strong>, es la primera novela <strong>de Tess Gunty<\/strong>, publicada en 2023 por la <strong>editorial Sexto Piso<\/strong>. La historia se desarrolla en un modesto bloque de apartamentos en Vacca Vale, Indiana, y sigue las vidas de sus exc\u00e9ntricos habitantes, incluyendo a Blandine Watkins, una joven de belleza et\u00e9rea e inteligencia excepcional. A lo largo de una sofocante semana de julio, las historias de estos personajes se entrelazan hasta culminar en un ins\u00f3lito acto que lo cambia todo.<\/p>\n<p>La novela ha sido muy aclamada, ganando el <strong>National Book Award<\/strong> y otros premios importantes. Gunty utiliza un <strong>estilo narrativo original y provocativo<\/strong>, con un peculiar sentido del humor y una cr\u00edtica hacia la sociedad norteamericana. La obra explora temas como la soledad, el anhelo y la libertad, ofreciendo una instant\u00e1nea hermosa y mordaz de los <strong>Estados Unidos<\/strong> contempor\u00e1neos.<\/p>\n<h3>Cr\u00edtica.<\/h3>\n<p>\u00abLa conejera\u00bb de Tess Gunty es una novela que ha capturado la atenci\u00f3n de muchos lectores y cr\u00edticos por su <strong>narrativa \u00fanica y su enfoque en temas profundos<\/strong> y contempor\u00e1neos. La historia se centra, como te he dicho, en un complejo de apartamentos conocido como \u00abLa Conejera\u00bb, donde los residentes, cada uno con sus propias luchas y secretos, se entrelazan en una trama rica y multifac\u00e9tica.<\/p>\n<p>Gunty logra crear personajes complejos y realistas, cada uno con una voz distintiva y una historia que contar. La novela <strong>explora temas como la soledad<\/strong>, la conexi\u00f3n humana, y las dificultades de la vida moderna, todo ello <strong>con una prosa l\u00edrica y evocadora<\/strong>.<\/p>\n<p>Uno de los puntos fuertes del libro es su <strong>capacidad para capturar la esencia de la vida en una comunidad urbana<\/strong>, mostrando tanto la belleza como la dureza de la vida cotidiana. La narrativa es a menudo introspectiva, invitando al lector a reflexionar sobre sus propias experiencias y emociones.<\/p>\n<p>Sin duda, \u00abLa conejera\u00bb es una obra que destaca por su profundidad emocional y su habilidad para tejer una historia envolvente y significativa.<\/p>\n<figure id=\"attachment_7218\" aria-describedby=\"caption-attachment-7218\" style=\"width: 196px\" class=\"wp-caption aligncenter\"><a href=\"https:\/\/rafaramirez.org\/blog\/wp-content\/uploads\/2024\/12\/La-conejera_de_Tess-Gunty.jpg\" target=\"_blank\" rel=\"noopener\"><img loading=\"lazy\" decoding=\"async\" class=\"wp-image-7218 size-medium\" src=\"https:\/\/rafaramirez.org\/blog\/wp-content\/uploads\/2024\/12\/La-conejera_de_Tess-Gunty-196x300.jpg\" alt=\"Portada del libro &quot;La conejera&quot; de Tess Gunty. Blog de Rafael Ram\u00edrez.\" width=\"196\" height=\"300\" srcset=\"https:\/\/rafaramirez.org\/blog\/wp-content\/uploads\/2024\/12\/La-conejera_de_Tess-Gunty-196x300.jpg 196w, https:\/\/rafaramirez.org\/blog\/wp-content\/uploads\/2024\/12\/La-conejera_de_Tess-Gunty-668x1024.jpg 668w, https:\/\/rafaramirez.org\/blog\/wp-content\/uploads\/2024\/12\/La-conejera_de_Tess-Gunty-768x1177.jpg 768w, https:\/\/rafaramirez.org\/blog\/wp-content\/uploads\/2024\/12\/La-conejera_de_Tess-Gunty.jpg 783w\" sizes=\"auto, (max-width: 196px) 100vw, 196px\" \/><\/a><figcaption id=\"caption-attachment-7218\" class=\"wp-caption-text\">Portada del libro \u00abLa conejera\u00bb de Tess Gunty. Blog de Rafael Ram\u00edrez.<\/figcaption><\/figure>\n<h3>Ficha t\u00e9cnica.<\/h3>\n<ul>\n<li><strong>T\u00edtulo<\/strong>: La conejera<\/li>\n<li><strong>Autora<\/strong>: Tess Gunty<\/li>\n<li><strong>Editorial<\/strong>: Editorial Sexto Piso<\/li>\n<li><strong>ISBN<\/strong>: 9788419261571<\/li>\n<li><strong>Idioma<\/strong>: Castellano<\/li>\n<li><strong>N\u00famero de p\u00e1ginas<\/strong>: 432<\/li>\n<li><strong>Encuadernaci\u00f3n<\/strong>: Tapa blanda<\/li>\n<li><strong>Fecha de lanzamiento<\/strong>: 4 de septiembre de 2023<\/li>\n<li><strong>A\u00f1o de edici\u00f3n<\/strong>: 2023<\/li>\n<\/ul>\n<h3>Sobre su autora Tess Gunty.<\/h3>\n<p>Tess Gunty es una novelista estadounidense <strong>nacida en 1993 en South Bend, Indiana<\/strong>. Estudi\u00f3 en la <strong>Universidad de Notre Dame<\/strong>, donde obtuvo una licenciatura en ingl\u00e9s, y luego complet\u00f3 una <strong>maestr\u00eda en Bellas Artes<\/strong> en escritura creativa en la<strong> Universidad de Nueva York<\/strong>.<\/p>\n<p>Esta de la que te hablo hoy es su primera novela, (<strong>\u00abThe Rabbit Hutch\u00bb<\/strong> es su t\u00edtulo original), fue publicada en 2022 y recibi\u00f3 el <strong>Premio Nacional del Libro de Ficci\u00f3n<\/strong> en ese mismo a\u00f1o. La novela ha sido aclamada por la cr\u00edtica y ha ganado varios premios adicionales, incluyendo el <strong>Waterstones Debut Fiction Prize<\/strong> y el <strong>Barnes and Noble Discover Prize<\/strong>.<\/p>\n<p>Gunty es conocida por su estilo de escritura l\u00edrico y evocador, y su capacidad para crear personajes complejos y realistas. Actualmente, vive entre <strong>Brooklyn<\/strong> y el norte del estado de <strong>Nueva York<\/strong>, y trabaja como escritora residente en el programa de escritura creativa de la Universidad de Nueva York.<\/p>\n<figure id=\"attachment_7219\" aria-describedby=\"caption-attachment-7219\" style=\"width: 300px\" class=\"wp-caption aligncenter\"><a href=\"https:\/\/rafaramirez.org\/blog\/wp-content\/uploads\/2024\/12\/tess-gunty-retrato.jpg\" target=\"_blank\" rel=\"noopener\"><img loading=\"lazy\" decoding=\"async\" class=\"wp-image-7219 size-medium\" src=\"https:\/\/rafaramirez.org\/blog\/wp-content\/uploads\/2024\/12\/tess-gunty-retrato-300x200.jpg\" alt=\"La escritora Tess Gunty. Blog de Rafael Ram\u00edrez.\" width=\"300\" height=\"200\" srcset=\"https:\/\/rafaramirez.org\/blog\/wp-content\/uploads\/2024\/12\/tess-gunty-retrato-300x200.jpg 300w, https:\/\/rafaramirez.org\/blog\/wp-content\/uploads\/2024\/12\/tess-gunty-retrato-1024x683.jpg 1024w, https:\/\/rafaramirez.org\/blog\/wp-content\/uploads\/2024\/12\/tess-gunty-retrato-768x512.jpg 768w, https:\/\/rafaramirez.org\/blog\/wp-content\/uploads\/2024\/12\/tess-gunty-retrato.jpg 1200w\" sizes=\"auto, (max-width: 300px) 100vw, 300px\" \/><\/a><figcaption id=\"caption-attachment-7219\" class=\"wp-caption-text\">La escritora Tess Gunty. Blog de Rafael Ram\u00edrez.<\/figcaption><\/figure>\n<p>En resumen, <strong>te recomiendo leer \u00abLa conejera\u00bb de Tess Gunty<\/strong> debido a su narrativa cautivadora y personajes bien desarrollados. Adem\u00e1s, la novela trata temas profundos como la soledad y la conexi\u00f3n humana, todo ello con una prosa po\u00e9tica y evocadora. Decididamente, <strong>es una lectura que invita a la reflexi\u00f3n y ofrece una visi\u00f3n introspectiva de la vida urbana moderna.<\/strong><\/p>\n<p>M\u00e1s informaci\u00f3n:<\/p>\n<ul>\n<li><a href=\"https:\/\/en.wikipedia.org\/wiki\/Tess_Gunty\" target=\"_blank\" rel=\"noopener\">Wikipedia (ingl\u00e9s)<\/a>.<\/li>\n<li><a href=\"https:\/\/www.tessgunty.com\/\" target=\"_blank\" rel=\"noopener\">P\u00e1gina oficial de la autora (ingl\u00e9s)<\/a>.<\/li>\n<li><a href=\"https:\/\/sextopiso.es\/esp\/item\/659\/la-conejera\" target=\"_blank\" rel=\"noopener\">Editorial Sexto Piso<\/a>.<\/li>\n<li><a href=\"https:\/\/rafaramirez.org\/blog\/index.php\/category\/arte\/literatura\/\" target=\"_blank\" rel=\"noopener\">M\u00e1s libros recomendados<\/a>.<\/li>\n<\/ul>\n","protected":false},"excerpt":{"rendered":"<p>En mi recomendaci\u00f3n de hoy te hablo de \u00abLa conejera\u00bb, es la primera novela de Tess Gunty, publicada en 2023 por la editorial Sexto Piso. La historia se desarrolla en un modesto bloque de apartamentos en Vacca Vale, Indiana, y sigue las vidas de sus exc\u00e9ntricos habitantes, incluyendo a Blandine Watkins, una joven de belleza [&hellip;]<\/p>\n","protected":false},"author":1,"featured_media":7217,"comment_status":"open","ping_status":"closed","sticky":false,"template":"","format":"standard","meta":{"site-container-style":"default","site-container-layout":"default","site-sidebar-layout":"default","disable-article-header":"default","disable-site-header":"default","disable-site-footer":"default","disable-content-area-spacing":"default","_jetpack_newsletter_access":"","_jetpack_dont_email_post_to_subs":false,"_jetpack_newsletter_tier_id":0,"_jetpack_memberships_contains_paywalled_content":false,"_jetpack_feature_clip_id":0,"_jetpack_memberships_contains_paid_content":false,"footnotes":"","jetpack_publicize_message":"","jetpack_publicize_feature_enabled":true,"jetpack_social_post_already_shared":true,"jetpack_social_options":{"image_generator_settings":{"template":"highway","default_image_id":0,"font":"","enabled":false},"version":2},"jetpack_post_was_ever_published":false},"categories":[710],"tags":[3831,3836,68,3830,1470,3610,264,3832,3833,3835,3834],"class_list":["post-7211","post","type-post","status-publish","format-standard","has-post-thumbnail","hentry","category-literatura","tag-la-conejera-de-tess-gunty","tag-barnes-and-noble-discover-prize","tag-blog-de-rafael-ramirez","tag-critica-de-la-conejera-de-tess-gunty","tag-critica-libro","tag-lectura-recomendada","tag-libro-recomendado","tag-mejores-libros-2023","tag-national-book-award","tag-premio-nacional-del-libro-de-ficcion","tag-waterstones-debut-fiction-prize"],"yoast_head":"<!-- This site is optimized with the Yoast SEO plugin v28.3 - https:\/\/yoast.com\/product\/yoast-seo-wordpress\/ -->\n<title>&quot;La conejera&quot; de Tess Gunty, narrativa cautivadora y personajes bien desarrollados. - Blog de Rafael Ram\u00edrez<\/title>\n<meta name=\"description\" content=\"En mi recomendaci\u00f3n de hoy te hablo de &quot;La conejera&quot;, es la primera novela de Tess Gunty, publicada en 2023 por la editorial Sexto Piso.\" \/>\n<meta name=\"robots\" content=\"index, follow, max-snippet:-1, max-image-preview:large, max-video-preview:-1\" \/>\n<link rel=\"canonical\" href=\"https:\/\/rafaramirez.org\/blog\/index.php\/2024\/12\/12\/la-conejera-de-tess-gunty\/\" \/>\n<meta property=\"og:locale\" content=\"es_ES\" \/>\n<meta property=\"og:type\" content=\"article\" \/>\n<meta property=\"og:title\" content=\"&quot;La conejera&quot; de Tess Gunty, narrativa cautivadora y personajes bien desarrollados. - Blog de Rafael Ram\u00edrez\" \/>\n<meta property=\"og:description\" content=\"En mi recomendaci\u00f3n de hoy te hablo de &quot;La conejera&quot;, es la primera novela de Tess Gunty, publicada en 2023 por la editorial Sexto Piso.\" \/>\n<meta property=\"og:url\" content=\"https:\/\/rafaramirez.org\/blog\/index.php\/2024\/12\/12\/la-conejera-de-tess-gunty\/\" \/>\n<meta property=\"og:site_name\" content=\"Blog de Rafael Ram\u00edrez\" \/>\n<meta property=\"article:published_time\" content=\"2024-12-12T07:15:25+00:00\" \/>\n<meta property=\"og:image\" content=\"https:\/\/rafaramirez.org\/blog\/wp-content\/uploads\/2024\/12\/La-conejera-Tess_Gunty_banner.jpg\" \/>\n\t<meta property=\"og:image:width\" content=\"720\" \/>\n\t<meta property=\"og:image:height\" content=\"440\" \/>\n\t<meta property=\"og:image:type\" content=\"image\/jpeg\" \/>\n<meta name=\"author\" content=\"Rafael Ram\u00edrez\" \/>\n<meta name=\"twitter:card\" content=\"summary_large_image\" \/>\n<meta name=\"twitter:creator\" content=\"@rafaramirez_ok\" \/>\n<meta name=\"twitter:site\" content=\"@rafaramirez_ok\" \/>\n<meta name=\"twitter:label1\" content=\"Escrito por\" \/>\n\t<meta name=\"twitter:data1\" content=\"Rafael Ram\u00edrez\" \/>\n\t<meta name=\"twitter:label2\" content=\"Tiempo de lectura\" \/>\n\t<meta name=\"twitter:data2\" content=\"4 minutos\" \/>\n<script type=\"application\/ld+json\" class=\"yoast-schema-graph\">{\"@context\":\"https:\\\/\\\/schema.org\",\"@graph\":[{\"@type\":\"Article\",\"@id\":\"https:\\\/\\\/rafaramirez.org\\\/blog\\\/index.php\\\/2024\\\/12\\\/12\\\/la-conejera-de-tess-gunty\\\/#article\",\"isPartOf\":{\"@id\":\"https:\\\/\\\/rafaramirez.org\\\/blog\\\/index.php\\\/2024\\\/12\\\/12\\\/la-conejera-de-tess-gunty\\\/\"},\"author\":{\"name\":\"Rafael Ram\u00edrez\",\"@id\":\"https:\\\/\\\/rafaramirez.org\\\/blog\\\/#\\\/schema\\\/person\\\/50f43b6d60c578760d4c17bda54ab6a5\"},\"headline\":\"\u00abLa conejera\u00bb de Tess Gunty, narrativa cautivadora y personajes bien desarrollados.\",\"datePublished\":\"2024-12-12T07:15:25+00:00\",\"mainEntityOfPage\":{\"@id\":\"https:\\\/\\\/rafaramirez.org\\\/blog\\\/index.php\\\/2024\\\/12\\\/12\\\/la-conejera-de-tess-gunty\\\/\"},\"wordCount\":673,\"commentCount\":0,\"publisher\":{\"@id\":\"https:\\\/\\\/rafaramirez.org\\\/blog\\\/#\\\/schema\\\/person\\\/50f43b6d60c578760d4c17bda54ab6a5\"},\"image\":{\"@id\":\"https:\\\/\\\/rafaramirez.org\\\/blog\\\/index.php\\\/2024\\\/12\\\/12\\\/la-conejera-de-tess-gunty\\\/#primaryimage\"},\"thumbnailUrl\":\"https:\\\/\\\/rafaramirez.org\\\/blog\\\/wp-content\\\/uploads\\\/2024\\\/12\\\/La-conejera-Tess_Gunty_banner.jpg\",\"keywords\":[\"\\\"La conejera\\\" de Tess Gunty\",\"Barnes and Noble Discover Prize\",\"blog de Rafael Ram\u00edrez\",\"cr\u00edtica de \\\"La conejera\\\" de Tess Gunty\",\"critica libro\",\"lectura recomendada\",\"libro recomendado\",\"mejores libros 2023\",\"National Book Award\",\"Premio Nacional del Libro de Ficci\u00f3n\",\"Waterstones Debut Fiction Prize\"],\"articleSection\":[\"Literatura\"],\"inLanguage\":\"es\",\"potentialAction\":[{\"@type\":\"CommentAction\",\"name\":\"Comment\",\"target\":[\"https:\\\/\\\/rafaramirez.org\\\/blog\\\/index.php\\\/2024\\\/12\\\/12\\\/la-conejera-de-tess-gunty\\\/#respond\"]}]},{\"@type\":\"WebPage\",\"@id\":\"https:\\\/\\\/rafaramirez.org\\\/blog\\\/index.php\\\/2024\\\/12\\\/12\\\/la-conejera-de-tess-gunty\\\/\",\"url\":\"https:\\\/\\\/rafaramirez.org\\\/blog\\\/index.php\\\/2024\\\/12\\\/12\\\/la-conejera-de-tess-gunty\\\/\",\"name\":\"\\\"La conejera\\\" de Tess Gunty, narrativa cautivadora y personajes bien desarrollados. - Blog de Rafael Ram\u00edrez\",\"isPartOf\":{\"@id\":\"https:\\\/\\\/rafaramirez.org\\\/blog\\\/#website\"},\"primaryImageOfPage\":{\"@id\":\"https:\\\/\\\/rafaramirez.org\\\/blog\\\/index.php\\\/2024\\\/12\\\/12\\\/la-conejera-de-tess-gunty\\\/#primaryimage\"},\"image\":{\"@id\":\"https:\\\/\\\/rafaramirez.org\\\/blog\\\/index.php\\\/2024\\\/12\\\/12\\\/la-conejera-de-tess-gunty\\\/#primaryimage\"},\"thumbnailUrl\":\"https:\\\/\\\/rafaramirez.org\\\/blog\\\/wp-content\\\/uploads\\\/2024\\\/12\\\/La-conejera-Tess_Gunty_banner.jpg\",\"datePublished\":\"2024-12-12T07:15:25+00:00\",\"description\":\"En mi recomendaci\u00f3n de hoy te hablo de \\\"La conejera\\\", es la primera novela de Tess Gunty, publicada en 2023 por la editorial Sexto Piso.\",\"breadcrumb\":{\"@id\":\"https:\\\/\\\/rafaramirez.org\\\/blog\\\/index.php\\\/2024\\\/12\\\/12\\\/la-conejera-de-tess-gunty\\\/#breadcrumb\"},\"inLanguage\":\"es\",\"potentialAction\":[{\"@type\":\"ReadAction\",\"target\":[\"https:\\\/\\\/rafaramirez.org\\\/blog\\\/index.php\\\/2024\\\/12\\\/12\\\/la-conejera-de-tess-gunty\\\/\"]}]},{\"@type\":\"ImageObject\",\"inLanguage\":\"es\",\"@id\":\"https:\\\/\\\/rafaramirez.org\\\/blog\\\/index.php\\\/2024\\\/12\\\/12\\\/la-conejera-de-tess-gunty\\\/#primaryimage\",\"url\":\"https:\\\/\\\/rafaramirez.org\\\/blog\\\/wp-content\\\/uploads\\\/2024\\\/12\\\/La-conejera-Tess_Gunty_banner.jpg\",\"contentUrl\":\"https:\\\/\\\/rafaramirez.org\\\/blog\\\/wp-content\\\/uploads\\\/2024\\\/12\\\/La-conejera-Tess_Gunty_banner.jpg\",\"width\":720,\"height\":440,\"caption\":\"\\\"La conejera\\\" de Tess Gunty. Blog de Rafael Ram\u00edrez.\"},{\"@type\":\"BreadcrumbList\",\"@id\":\"https:\\\/\\\/rafaramirez.org\\\/blog\\\/index.php\\\/2024\\\/12\\\/12\\\/la-conejera-de-tess-gunty\\\/#breadcrumb\",\"itemListElement\":[{\"@type\":\"ListItem\",\"position\":1,\"name\":\"Portada\",\"item\":\"https:\\\/\\\/rafaramirez.org\\\/blog\\\/\"},{\"@type\":\"ListItem\",\"position\":2,\"name\":\"\u00abLa conejera\u00bb de Tess Gunty, narrativa cautivadora y personajes bien desarrollados.\"}]},{\"@type\":\"WebSite\",\"@id\":\"https:\\\/\\\/rafaramirez.org\\\/blog\\\/#website\",\"url\":\"https:\\\/\\\/rafaramirez.org\\\/blog\\\/\",\"name\":\"Blog de Rafael Ram\u00edrez\",\"description\":\"Un sitio social, de arte y cultura\",\"publisher\":{\"@id\":\"https:\\\/\\\/rafaramirez.org\\\/blog\\\/#\\\/schema\\\/person\\\/50f43b6d60c578760d4c17bda54ab6a5\"},\"potentialAction\":[{\"@type\":\"SearchAction\",\"target\":{\"@type\":\"EntryPoint\",\"urlTemplate\":\"https:\\\/\\\/rafaramirez.org\\\/blog\\\/?s={search_term_string}\"},\"query-input\":{\"@type\":\"PropertyValueSpecification\",\"valueRequired\":true,\"valueName\":\"search_term_string\"}}],\"inLanguage\":\"es\"},{\"@type\":[\"Person\",\"Organization\"],\"@id\":\"https:\\\/\\\/rafaramirez.org\\\/blog\\\/#\\\/schema\\\/person\\\/50f43b6d60c578760d4c17bda54ab6a5\",\"name\":\"Rafael Ram\u00edrez\",\"image\":{\"@type\":\"ImageObject\",\"inLanguage\":\"es\",\"@id\":\"https:\\\/\\\/rafaramirez.org\\\/blog\\\/wp-content\\\/uploads\\\/2024\\\/09\\\/RR_socialnetwork.jpg\",\"url\":\"https:\\\/\\\/rafaramirez.org\\\/blog\\\/wp-content\\\/uploads\\\/2024\\\/09\\\/RR_socialnetwork.jpg\",\"contentUrl\":\"https:\\\/\\\/rafaramirez.org\\\/blog\\\/wp-content\\\/uploads\\\/2024\\\/09\\\/RR_socialnetwork.jpg\",\"width\":600,\"height\":606,\"caption\":\"Rafael Ram\u00edrez\"},\"logo\":{\"@id\":\"https:\\\/\\\/rafaramirez.org\\\/blog\\\/wp-content\\\/uploads\\\/2024\\\/09\\\/RR_socialnetwork.jpg\"},\"sameAs\":[\"https:\\\/\\\/www.rafaramirez.org\\\/blog\",\"https:\\\/\\\/www.instagram.com\\\/rafaramirez_ok\\\/\",\"https:\\\/\\\/es.pinterest.com\\\/Ramirez_Rafa\\\/\",\"https:\\\/\\\/x.com\\\/rafaramirez_ok\"],\"url\":\"https:\\\/\\\/rafaramirez.org\\\/blog\\\/index.php\\\/author\\\/rafaell_qm6j97da\\\/\"}]}<\/script>\n<!-- \/ Yoast SEO plugin. -->","yoast_head_json":{"title":"\"La conejera\" de Tess Gunty, narrativa cautivadora y personajes bien desarrollados. - Blog de Rafael Ram\u00edrez","description":"En mi recomendaci\u00f3n de hoy te hablo de \"La conejera\", es la primera novela de Tess Gunty, publicada en 2023 por la editorial Sexto Piso.","robots":{"index":"index","follow":"follow","max-snippet":"max-snippet:-1","max-image-preview":"max-image-preview:large","max-video-preview":"max-video-preview:-1"},"canonical":"https:\/\/rafaramirez.org\/blog\/index.php\/2024\/12\/12\/la-conejera-de-tess-gunty\/","og_locale":"es_ES","og_type":"article","og_title":"\"La conejera\" de Tess Gunty, narrativa cautivadora y personajes bien desarrollados. - Blog de Rafael Ram\u00edrez","og_description":"En mi recomendaci\u00f3n de hoy te hablo de \"La conejera\", es la primera novela de Tess Gunty, publicada en 2023 por la editorial Sexto Piso.","og_url":"https:\/\/rafaramirez.org\/blog\/index.php\/2024\/12\/12\/la-conejera-de-tess-gunty\/","og_site_name":"Blog de Rafael Ram\u00edrez","article_published_time":"2024-12-12T07:15:25+00:00","og_image":[{"width":720,"height":440,"url":"https:\/\/rafaramirez.org\/blog\/wp-content\/uploads\/2024\/12\/La-conejera-Tess_Gunty_banner.jpg","type":"image\/jpeg"}],"author":"Rafael Ram\u00edrez","twitter_card":"summary_large_image","twitter_creator":"@rafaramirez_ok","twitter_site":"@rafaramirez_ok","twitter_misc":{"Escrito por":"Rafael Ram\u00edrez","Tiempo de lectura":"4 minutos"},"schema":{"@context":"https:\/\/schema.org","@graph":[{"@type":"Article","@id":"https:\/\/rafaramirez.org\/blog\/index.php\/2024\/12\/12\/la-conejera-de-tess-gunty\/#article","isPartOf":{"@id":"https:\/\/rafaramirez.org\/blog\/index.php\/2024\/12\/12\/la-conejera-de-tess-gunty\/"},"author":{"name":"Rafael Ram\u00edrez","@id":"https:\/\/rafaramirez.org\/blog\/#\/schema\/person\/50f43b6d60c578760d4c17bda54ab6a5"},"headline":"\u00abLa conejera\u00bb de Tess Gunty, narrativa cautivadora y personajes bien desarrollados.","datePublished":"2024-12-12T07:15:25+00:00","mainEntityOfPage":{"@id":"https:\/\/rafaramirez.org\/blog\/index.php\/2024\/12\/12\/la-conejera-de-tess-gunty\/"},"wordCount":673,"commentCount":0,"publisher":{"@id":"https:\/\/rafaramirez.org\/blog\/#\/schema\/person\/50f43b6d60c578760d4c17bda54ab6a5"},"image":{"@id":"https:\/\/rafaramirez.org\/blog\/index.php\/2024\/12\/12\/la-conejera-de-tess-gunty\/#primaryimage"},"thumbnailUrl":"https:\/\/rafaramirez.org\/blog\/wp-content\/uploads\/2024\/12\/La-conejera-Tess_Gunty_banner.jpg","keywords":["\"La conejera\" de Tess Gunty","Barnes and Noble Discover Prize","blog de Rafael Ram\u00edrez","cr\u00edtica de \"La conejera\" de Tess Gunty","critica libro","lectura recomendada","libro recomendado","mejores libros 2023","National Book Award","Premio Nacional del Libro de Ficci\u00f3n","Waterstones Debut Fiction Prize"],"articleSection":["Literatura"],"inLanguage":"es","potentialAction":[{"@type":"CommentAction","name":"Comment","target":["https:\/\/rafaramirez.org\/blog\/index.php\/2024\/12\/12\/la-conejera-de-tess-gunty\/#respond"]}]},{"@type":"WebPage","@id":"https:\/\/rafaramirez.org\/blog\/index.php\/2024\/12\/12\/la-conejera-de-tess-gunty\/","url":"https:\/\/rafaramirez.org\/blog\/index.php\/2024\/12\/12\/la-conejera-de-tess-gunty\/","name":"\"La conejera\" de Tess Gunty, narrativa cautivadora y personajes bien desarrollados. - Blog de Rafael Ram\u00edrez","isPartOf":{"@id":"https:\/\/rafaramirez.org\/blog\/#website"},"primaryImageOfPage":{"@id":"https:\/\/rafaramirez.org\/blog\/index.php\/2024\/12\/12\/la-conejera-de-tess-gunty\/#primaryimage"},"image":{"@id":"https:\/\/rafaramirez.org\/blog\/index.php\/2024\/12\/12\/la-conejera-de-tess-gunty\/#primaryimage"},"thumbnailUrl":"https:\/\/rafaramirez.org\/blog\/wp-content\/uploads\/2024\/12\/La-conejera-Tess_Gunty_banner.jpg","datePublished":"2024-12-12T07:15:25+00:00","description":"En mi recomendaci\u00f3n de hoy te hablo de \"La conejera\", es la primera novela de Tess Gunty, publicada en 2023 por la editorial Sexto Piso.","breadcrumb":{"@id":"https:\/\/rafaramirez.org\/blog\/index.php\/2024\/12\/12\/la-conejera-de-tess-gunty\/#breadcrumb"},"inLanguage":"es","potentialAction":[{"@type":"ReadAction","target":["https:\/\/rafaramirez.org\/blog\/index.php\/2024\/12\/12\/la-conejera-de-tess-gunty\/"]}]},{"@type":"ImageObject","inLanguage":"es","@id":"https:\/\/rafaramirez.org\/blog\/index.php\/2024\/12\/12\/la-conejera-de-tess-gunty\/#primaryimage","url":"https:\/\/rafaramirez.org\/blog\/wp-content\/uploads\/2024\/12\/La-conejera-Tess_Gunty_banner.jpg","contentUrl":"https:\/\/rafaramirez.org\/blog\/wp-content\/uploads\/2024\/12\/La-conejera-Tess_Gunty_banner.jpg","width":720,"height":440,"caption":"\"La conejera\" de Tess Gunty. Blog de Rafael Ram\u00edrez."},{"@type":"BreadcrumbList","@id":"https:\/\/rafaramirez.org\/blog\/index.php\/2024\/12\/12\/la-conejera-de-tess-gunty\/#breadcrumb","itemListElement":[{"@type":"ListItem","position":1,"name":"Portada","item":"https:\/\/rafaramirez.org\/blog\/"},{"@type":"ListItem","position":2,"name":"\u00abLa conejera\u00bb de Tess Gunty, narrativa cautivadora y personajes bien desarrollados."}]},{"@type":"WebSite","@id":"https:\/\/rafaramirez.org\/blog\/#website","url":"https:\/\/rafaramirez.org\/blog\/","name":"Blog de Rafael Ram\u00edrez","description":"Un sitio social, de arte y cultura","publisher":{"@id":"https:\/\/rafaramirez.org\/blog\/#\/schema\/person\/50f43b6d60c578760d4c17bda54ab6a5"},"potentialAction":[{"@type":"SearchAction","target":{"@type":"EntryPoint","urlTemplate":"https:\/\/rafaramirez.org\/blog\/?s={search_term_string}"},"query-input":{"@type":"PropertyValueSpecification","valueRequired":true,"valueName":"search_term_string"}}],"inLanguage":"es"},{"@type":["Person","Organization"],"@id":"https:\/\/rafaramirez.org\/blog\/#\/schema\/person\/50f43b6d60c578760d4c17bda54ab6a5","name":"Rafael Ram\u00edrez","image":{"@type":"ImageObject","inLanguage":"es","@id":"https:\/\/rafaramirez.org\/blog\/wp-content\/uploads\/2024\/09\/RR_socialnetwork.jpg","url":"https:\/\/rafaramirez.org\/blog\/wp-content\/uploads\/2024\/09\/RR_socialnetwork.jpg","contentUrl":"https:\/\/rafaramirez.org\/blog\/wp-content\/uploads\/2024\/09\/RR_socialnetwork.jpg","width":600,"height":606,"caption":"Rafael Ram\u00edrez"},"logo":{"@id":"https:\/\/rafaramirez.org\/blog\/wp-content\/uploads\/2024\/09\/RR_socialnetwork.jpg"},"sameAs":["https:\/\/www.rafaramirez.org\/blog","https:\/\/www.instagram.com\/rafaramirez_ok\/","https:\/\/es.pinterest.com\/Ramirez_Rafa\/","https:\/\/x.com\/rafaramirez_ok"],"url":"https:\/\/rafaramirez.org\/blog\/index.php\/author\/rafaell_qm6j97da\/"}]}},"jetpack_publicize_connections":[],"jetpack_sharing_enabled":true,"jetpack_likes_enabled":true,"jetpack_featured_media_url":"https:\/\/rafaramirez.org\/blog\/wp-content\/uploads\/2024\/12\/La-conejera-Tess_Gunty_banner.jpg","_links":{"self":[{"href":"https:\/\/rafaramirez.org\/blog\/index.php\/wp-json\/wp\/v2\/posts\/7211","targetHints":{"allow":["GET"]}}],"collection":[{"href":"https:\/\/rafaramirez.org\/blog\/index.php\/wp-json\/wp\/v2\/posts"}],"about":[{"href":"https:\/\/rafaramirez.org\/blog\/index.php\/wp-json\/wp\/v2\/types\/post"}],"author":[{"embeddable":true,"href":"https:\/\/rafaramirez.org\/blog\/index.php\/wp-json\/wp\/v2\/users\/1"}],"replies":[{"embeddable":true,"href":"https:\/\/rafaramirez.org\/blog\/index.php\/wp-json\/wp\/v2\/comments?post=7211"}],"version-history":[{"count":10,"href":"https:\/\/rafaramirez.org\/blog\/index.php\/wp-json\/wp\/v2\/posts\/7211\/revisions"}],"predecessor-version":[{"id":7225,"href":"https:\/\/rafaramirez.org\/blog\/index.php\/wp-json\/wp\/v2\/posts\/7211\/revisions\/7225"}],"wp:featuredmedia":[{"embeddable":true,"href":"https:\/\/rafaramirez.org\/blog\/index.php\/wp-json\/wp\/v2\/media\/7217"}],"wp:attachment":[{"href":"https:\/\/rafaramirez.org\/blog\/index.php\/wp-json\/wp\/v2\/media?parent=7211"}],"wp:term":[{"taxonomy":"category","embeddable":true,"href":"https:\/\/rafaramirez.org\/blog\/index.php\/wp-json\/wp\/v2\/categories?post=7211"},{"taxonomy":"post_tag","embeddable":true,"href":"https:\/\/rafaramirez.org\/blog\/index.php\/wp-json\/wp\/v2\/tags?post=7211"}],"curies":[{"name":"wp","href":"https:\/\/api.w.org\/{rel}","templated":true}]}}