{"id":7179,"date":"2024-12-10T08:15:24","date_gmt":"2024-12-10T07:15:24","guid":{"rendered":"https:\/\/rafaramirez.org\/blog\/?p=7179"},"modified":"2024-12-10T10:50:42","modified_gmt":"2024-12-10T09:50:42","slug":"dia-de-los-derechos-humanos","status":"publish","type":"post","link":"https:\/\/rafaramirez.org\/blog\/index.php\/2024\/12\/10\/dia-de-los-derechos-humanos\/","title":{"rendered":"D\u00eda de los Derechos Humanos y su importancia en la construcci\u00f3n de un futuro mejor."},"content":{"rendered":"<p>El <strong>D\u00eda de los Derechos Humanos<\/strong> se celebra cada a\u00f1o el <strong>10 de diciembre<\/strong>. Esta fecha conmemora el d\u00eda en 1948 en que la <strong>Asamblea General de las Naciones Unidas<\/strong> adopt\u00f3 la <strong>Declaraci\u00f3n Universal de los Derechos Humanos<\/strong>. Este documento hist\u00f3rico proclama los derechos inalienables que corresponden a toda persona como ser humano, sin importar su raza, color, religi\u00f3n, sexo, idioma, opiniones pol\u00edticas o de otra \u00edndole, origen nacional o social, posici\u00f3n econ\u00f3mica, nacimiento o cualquier otra condici\u00f3n.<\/p>\n<p>Cada a\u00f1o, el D\u00eda de los Derechos Humanos se centra en un tema espec\u00edfico para destacar cuestiones importantes y promover la conciencia y la acci\u00f3n global. Por ejemplo, en a\u00f1os anteriores, los temas han incluido la igualdad y la no discriminaci\u00f3n.\u00a0El tema de este a\u00f1o es <strong>\u00abNuestros derechos, nuestro futuro \u00a1Ya!\u00bb<\/strong>. La campa\u00f1a de este a\u00f1o se centra en c\u00f3mo los derechos humanos son una hoja de ruta para encontrar soluciones, desempe\u00f1ando un papel clave como fuerza de prevenci\u00f3n, protecci\u00f3n y transformaci\u00f3n, especialmente en tiempos de crisis. La idea es destacar la importancia de los derechos humanos en la construcci\u00f3n de un futuro mejor para todos.<\/p>\n<figure id=\"attachment_7189\" aria-describedby=\"caption-attachment-7189\" style=\"width: 300px\" class=\"wp-caption aligncenter\"><a href=\"https:\/\/rafaramirez.org\/blog\/wp-content\/uploads\/2024\/12\/ai-generated-8570267.jpg\" target=\"_blank\" rel=\"noopener\"><img loading=\"lazy\" decoding=\"async\" class=\"wp-image-7189 size-medium\" src=\"https:\/\/rafaramirez.org\/blog\/wp-content\/uploads\/2024\/12\/ai-generated-8570267-300x170.jpg\" alt=\"D\u00eda de los Derechos Humanos. Blog de Rafael Ram\u00edrez.\" width=\"300\" height=\"170\" srcset=\"https:\/\/rafaramirez.org\/blog\/wp-content\/uploads\/2024\/12\/ai-generated-8570267-300x170.jpg 300w, https:\/\/rafaramirez.org\/blog\/wp-content\/uploads\/2024\/12\/ai-generated-8570267-768x435.jpg 768w, https:\/\/rafaramirez.org\/blog\/wp-content\/uploads\/2024\/12\/ai-generated-8570267.jpg 1000w\" sizes=\"auto, (max-width: 300px) 100vw, 300px\" \/><\/a><figcaption id=\"caption-attachment-7189\" class=\"wp-caption-text\">D\u00eda de los Derechos Humanos. Blog de Rafael Ram\u00edrez.<\/figcaption><\/figure>\n<h3>Situaci\u00f3n actual de los derechos humanos.<\/h3>\n<p>La situaci\u00f3n de los derechos humanos a nivel mundial en 2024 presenta varios desaf\u00edos significativos. Seg\u00fan informes recientes, hay preocupaciones en 155 pa\u00edses sobre violaciones de derechos humanos. Algunos de los problemas m\u00e1s destacados incluyen:<\/p>\n<ul>\n<li><strong>Conflictos armados:<\/strong> Estados y grupos armados contin\u00faan rompiendo las reglas de la guerra, y el racismo impregna algunos conflictos armados. El racismo puede influir en la forma en que se llevan a cabo los conflictos y en la respuesta a estos. Por ejemplo, ciertos grupos \u00e9tnicos pueden ser desproporcionadamente afectados por la violencia, desplazamiento forzado y falta de acceso a ayuda humanitaria. As\u00ed estas comunidades, a menudo reciben menos protecci\u00f3n y asistencia durante los conflictos, lo que agrava su vulnerabilidad y sufrimiento.<\/li>\n<li><strong>Crisis econ\u00f3micas y ambientales:<\/strong> Las crisis econ\u00f3micas y la degradaci\u00f3n ambiental afectan desproporcionadamente a las comunidades marginadas. Las comunidades marginadas a menudo dependen de recursos naturales para su subsistencia, como la agricultura, la pesca y la recolecci\u00f3n de productos forestales. La degradaci\u00f3n ambiental puede destruir estos recursos, dejando a estas comunidades sin medios de vida. Asimismo, durante las crisis econ\u00f3micas, los recursos como alimentos, agua y servicios de salud pueden volverse escasos. Las comunidades marginadas, que ya enfrentan barreras para acceder a estos recursos, pueden verse a\u00fan m\u00e1s afectadas.<\/li>\n<li><strong>Represi\u00f3n de la disidencia:<\/strong> Los defensores de los derechos humanos que abogan por estas comunidades enfrentan ataques y represi\u00f3n. En muchos pa\u00edses, los defensores de derechos humanos son arrestados y detenidos sin justificaci\u00f3n legal, a menudo bajo cargos falsos o exagerados. Algunos gobiernos implementan leyes restrictivas que limitan la capacidad de las organizaciones de derechos humanos para operar, incluyendo restricciones en la financiaci\u00f3n y en la libertad de asociaci\u00f3n y expresi\u00f3n.<\/li>\n<li><strong>Derechos de las mujeres y personas LGBTI:<\/strong> La ofensiva contra los derechos de las mujeres, ni\u00f1as y personas LGBTI se ha intensificado. La violencia contra las mujeres y ni\u00f1as sigue siendo un problema grave, con altos \u00edndices de violencia f\u00edsica y sexual, as\u00ed como femicidios. Mientras, en muchas regiones del mundo, se est\u00e1n aprobando leyes que recortan los derechos de las personas LGBTI, lo que aumenta el acoso y la violencia contra este colectivo.<\/li>\n<li><strong>Incitaci\u00f3n al odio en Internet:<\/strong> Se ha producido un aumento en la incitaci\u00f3n al odio y otros contenidos nocivos en l\u00ednea contra grupos racializados. Los grupos racializados son aquellos que, debido a caracter\u00edsticas f\u00edsicas como el color de piel, rasgos faciales o textura del cabello, son percibidos y tratados de manera diferente en la sociedad. Esta percepci\u00f3n y tratamiento diferencial se basa en construcciones sociales de raza, que a menudo resultan en discriminaci\u00f3n, prejuicios y desigualdades sist\u00e9micas. La racializaci\u00f3n o etnizaci\u00f3n implica que ciertos grupos son etiquetados y estigmatizados, lo que puede afectar su acceso a recursos, oportunidades y derechos. Este proceso puede variar seg\u00fan el contexto cultural y geogr\u00e1fico, pero en general, los grupos racializados enfrentan barreras adicionales en \u00e1reas como la educaci\u00f3n, el empleo, la vivienda y la justicia.<\/li>\n<li><strong>Uso de la inteligencia artificial:<\/strong> Los avances en inteligencia artificial se utilizan para restringir libertades y violar derechos humanos. Los gobiernos y las empresas pueden utilizar tecnolog\u00edas de IA para realizar vigilancia masiva, recopilando y analizando grandes cantidades de datos personales sin el consentimiento de las personas. Esto puede violar el derecho a la privacidad y llevar a la vigilancia injustificada de ciertos grupos. Asimismo, la IA se utiliza cada vez m\u00e1s en la toma de decisiones en \u00e1reas como el empleo, la justicia penal y los servicios financieros. Si estos sistemas no son transparentes y responsables, pueden tomar decisiones injustas que afecten negativamente a las personas sin posibilidad de apelaci\u00f3n. Adem\u00e1s de esto, en algunos casos, los gobiernos pueden utilizar la IA para censurar contenido en l\u00ednea y restringir la libertad de expresi\u00f3n. Esto puede incluir la eliminaci\u00f3n de publicaciones en redes sociales que critican al gobierno o la supresi\u00f3n de informaci\u00f3n sobre protestas y movimientos sociales.<\/li>\n<\/ul>\n<p>A pesar de estos desaf\u00edos, tambi\u00e9n hay destellos de esperanza y esfuerzos continuos para mejorar la situaci\u00f3n de los derechos humanos en todo el mundo.<\/p>\n<figure id=\"attachment_7190\" aria-describedby=\"caption-attachment-7190\" style=\"width: 300px\" class=\"wp-caption aligncenter\"><a href=\"https:\/\/rafaramirez.org\/blog\/wp-content\/uploads\/2024\/12\/people-7805580.jpg\" target=\"_blank\" rel=\"noopener\"><img loading=\"lazy\" decoding=\"async\" class=\"wp-image-7190 size-medium\" src=\"https:\/\/rafaramirez.org\/blog\/wp-content\/uploads\/2024\/12\/people-7805580-300x300.jpg\" alt=\"D\u00eda de los Derechos Humanos. Blog de Rafael Ram\u00edrez.\" width=\"300\" height=\"300\" srcset=\"https:\/\/rafaramirez.org\/blog\/wp-content\/uploads\/2024\/12\/people-7805580-300x300.jpg 300w, https:\/\/rafaramirez.org\/blog\/wp-content\/uploads\/2024\/12\/people-7805580-150x150.jpg 150w, https:\/\/rafaramirez.org\/blog\/wp-content\/uploads\/2024\/12\/people-7805580-768x768.jpg 768w, https:\/\/rafaramirez.org\/blog\/wp-content\/uploads\/2024\/12\/people-7805580.jpg 1000w\" sizes=\"auto, (max-width: 300px) 100vw, 300px\" \/><\/a><figcaption id=\"caption-attachment-7190\" class=\"wp-caption-text\">D\u00eda de los Derechos Humanos. Blog de Rafael Ram\u00edrez.<\/figcaption><\/figure>\n<p>En definitiva, el D\u00eda de los Derechos Humanos es crucial porque nos recuerda la importancia de los derechos fundamentales que todos compartimos. Este d\u00eda promueve la conciencia y la acci\u00f3n global para proteger y defender estos derechos, asegurando que cada persona pueda vivir con dignidad, libertad y justicia. Adem\u00e1s, destaca los desaf\u00edos actuales y fomenta el compromiso de la comunidad internacional para abordar las violaciones de derechos humanos en todo el mundo.<\/p>\n<p>M\u00e1s informaci\u00f3n:<\/p>\n<ul>\n<li><a href=\"https:\/\/www.ohchr.org\/es\/stories\/2024\/11\/human-rights-day-2024-our-rights-our-future-right-now\" target=\"_blank\" rel=\"noopener\">OHCHR<\/a>.<\/li>\n<li><a href=\"https:\/\/www.amnesty.org\/es\/documents\/pol10\/7200\/2024\/es\/\" target=\"_blank\" rel=\"noopener\">Amnist\u00eda Internacional<\/a>.<\/li>\n<li><a href=\"https:\/\/www.hrw.org\/es\/world-report\/2024\" target=\"_blank\" rel=\"noopener\">Human Rights Watch<\/a>.<\/li>\n<li><a href=\"https:\/\/www.unwomen.org\/es\/articulos\/datos-y-cifras\/datos-y-cifras-violencia-contra-las-mujeres\" target=\"_blank\" rel=\"noopener\">ONU Mujeres<\/a>.<\/li>\n<li><a href=\"https:\/\/www.idhc.org\/es\/noticias\/los-riesgos-de-la-inteligencia-artificial-para-los-derechos-humanos\/\" target=\"_blank\" rel=\"noopener\">IDHC<\/a>.<\/li>\n<li><a href=\"https:\/\/www.fundacionpombo.org\/inteligencia-artificial-y-derechos-humanos\/\" target=\"_blank\" rel=\"noopener\">Fundaci\u00f3n Fernando Pombo<\/a>.<\/li>\n<li><a href=\"https:\/\/rafaramirez.org\/blog\/index.php\/category\/social\/noticias-sociales\/\" target=\"_blank\" rel=\"noopener\">Otros informes sociales<\/a>.<\/li>\n<li><a href=\"https:\/\/rafaramirez.org\/blog\/index.php\/category\/arte\/efemerides\/\" target=\"_blank\" rel=\"noopener\">M\u00e1s efem\u00e9rides<\/a>.<\/li>\n<\/ul>\n","protected":false},"excerpt":{"rendered":"<p>El D\u00eda de los Derechos Humanos se celebra cada a\u00f1o el 10 de diciembre. Esta fecha conmemora el d\u00eda en 1948 en que la Asamblea General de las Naciones Unidas adopt\u00f3 la Declaraci\u00f3n Universal de los Derechos Humanos. Este documento hist\u00f3rico proclama los derechos inalienables que corresponden a toda persona como ser humano, sin importar [&hellip;]<\/p>\n","protected":false},"author":1,"featured_media":7188,"comment_status":"open","ping_status":"closed","sticky":false,"template":"","format":"standard","meta":{"site-container-style":"default","site-container-layout":"default","site-sidebar-layout":"default","disable-article-header":"default","disable-site-header":"default","disable-site-footer":"default","disable-content-area-spacing":"default","_jetpack_newsletter_access":"","_jetpack_dont_email_post_to_subs":false,"_jetpack_newsletter_tier_id":0,"_jetpack_memberships_contains_paywalled_content":false,"_jetpack_feature_clip_id":0,"_jetpack_memberships_contains_paid_content":false,"footnotes":"","jetpack_publicize_message":"","jetpack_publicize_feature_enabled":true,"jetpack_social_post_already_shared":true,"jetpack_social_options":{"image_generator_settings":{"template":"highway","default_image_id":0,"font":"","enabled":false},"version":2},"jetpack_post_was_ever_published":false},"categories":[1291,15],"tags":[3815,3817,3814,68,3625,3813,3821,3818,3820,3816,3819],"class_list":["post-7179","post","type-post","status-publish","format-standard","has-post-thumbnail","hentry","category-efemerides","category-noticias-sociales","tag-10-de-diciembre","tag-amnistia-internacional","tag-asamblea-general-de-las-naciones","tag-blog-de-rafael-ramirez","tag-declaracion-universal-de-los-derechos-humanos","tag-dia-de-los-derechos-humanos","tag-fundacion-fernando-pombo","tag-human-rights-watch","tag-idhc","tag-ohchr","tag-onu-mujeres"],"yoast_head":"<!-- This site is optimized with the Yoast SEO plugin v28.4 - https:\/\/yoast.com\/product\/yoast-seo-wordpress\/ -->\n<title>D\u00eda de los Derechos Humanos y su importancia en la construcci\u00f3n de un futuro mejor. - Blog de Rafael Ram\u00edrez<\/title>\n<meta name=\"description\" content=\"El D\u00eda de los Derechos Humanos conmemora la fecha en que la ONU adopt\u00f3 la Declaraci\u00f3n Universal de los Derechos Humanos.\" \/>\n<meta name=\"robots\" content=\"index, follow, max-snippet:-1, max-image-preview:large, max-video-preview:-1\" \/>\n<link rel=\"canonical\" href=\"https:\/\/rafaramirez.org\/blog\/index.php\/2024\/12\/10\/dia-de-los-derechos-humanos\/\" \/>\n<meta property=\"og:locale\" content=\"es_ES\" \/>\n<meta property=\"og:type\" content=\"article\" \/>\n<meta property=\"og:title\" content=\"D\u00eda de los Derechos Humanos y su importancia en la construcci\u00f3n de un futuro mejor. - Blog de Rafael Ram\u00edrez\" \/>\n<meta property=\"og:description\" content=\"El D\u00eda de los Derechos Humanos conmemora la fecha en que la ONU adopt\u00f3 la Declaraci\u00f3n Universal de los Derechos Humanos.\" \/>\n<meta property=\"og:url\" content=\"https:\/\/rafaramirez.org\/blog\/index.php\/2024\/12\/10\/dia-de-los-derechos-humanos\/\" \/>\n<meta property=\"og:site_name\" content=\"Blog de Rafael Ram\u00edrez\" \/>\n<meta property=\"article:published_time\" content=\"2024-12-10T07:15:24+00:00\" \/>\n<meta property=\"article:modified_time\" content=\"2024-12-10T09:50:42+00:00\" \/>\n<meta property=\"og:image\" content=\"https:\/\/rafaramirez.org\/blog\/wp-content\/uploads\/2024\/12\/Dia-de-los-Derechos-Humanos_banner.jpg\" \/>\n\t<meta property=\"og:image:width\" content=\"720\" \/>\n\t<meta property=\"og:image:height\" content=\"440\" \/>\n\t<meta property=\"og:image:type\" content=\"image\/jpeg\" \/>\n<meta name=\"author\" content=\"Rafael Ram\u00edrez\" \/>\n<meta name=\"twitter:card\" content=\"summary_large_image\" \/>\n<meta name=\"twitter:creator\" content=\"@rafaramirez_ok\" \/>\n<meta name=\"twitter:site\" content=\"@rafaramirez_ok\" \/>\n<meta name=\"twitter:label1\" content=\"Escrito por\" \/>\n\t<meta name=\"twitter:data1\" content=\"Rafael Ram\u00edrez\" \/>\n\t<meta name=\"twitter:label2\" content=\"Tiempo de lectura\" \/>\n\t<meta name=\"twitter:data2\" content=\"6 minutos\" \/>\n<script type=\"application\/ld+json\" class=\"yoast-schema-graph\">{\"@context\":\"https:\\\/\\\/schema.org\",\"@graph\":[{\"@type\":\"Article\",\"@id\":\"https:\\\/\\\/rafaramirez.org\\\/blog\\\/index.php\\\/2024\\\/12\\\/10\\\/dia-de-los-derechos-humanos\\\/#article\",\"isPartOf\":{\"@id\":\"https:\\\/\\\/rafaramirez.org\\\/blog\\\/index.php\\\/2024\\\/12\\\/10\\\/dia-de-los-derechos-humanos\\\/\"},\"author\":{\"name\":\"Rafael Ram\u00edrez\",\"@id\":\"https:\\\/\\\/rafaramirez.org\\\/blog\\\/#\\\/schema\\\/person\\\/50f43b6d60c578760d4c17bda54ab6a5\"},\"headline\":\"D\u00eda de los Derechos Humanos y su importancia en la construcci\u00f3n de un futuro mejor.\",\"datePublished\":\"2024-12-10T07:15:24+00:00\",\"dateModified\":\"2024-12-10T09:50:42+00:00\",\"mainEntityOfPage\":{\"@id\":\"https:\\\/\\\/rafaramirez.org\\\/blog\\\/index.php\\\/2024\\\/12\\\/10\\\/dia-de-los-derechos-humanos\\\/\"},\"wordCount\":1084,\"commentCount\":0,\"publisher\":{\"@id\":\"https:\\\/\\\/rafaramirez.org\\\/blog\\\/#\\\/schema\\\/person\\\/50f43b6d60c578760d4c17bda54ab6a5\"},\"image\":{\"@id\":\"https:\\\/\\\/rafaramirez.org\\\/blog\\\/index.php\\\/2024\\\/12\\\/10\\\/dia-de-los-derechos-humanos\\\/#primaryimage\"},\"thumbnailUrl\":\"https:\\\/\\\/rafaramirez.org\\\/blog\\\/wp-content\\\/uploads\\\/2024\\\/12\\\/Dia-de-los-Derechos-Humanos_banner.jpg\",\"keywords\":[\"10 de diciembre\",\"Amnist\u00eda Internacional\",\"Asamblea General de las Naciones\",\"blog de Rafael Ram\u00edrez\",\"Declaraci\u00f3n Universal de los Derechos Humanos\",\"D\u00eda de los Derechos Humanos\",\"Fundaci\u00f3n Fernando Pombo\",\"Human Rights Watch\",\"IDHC\",\"OHCHR\",\"ONU Mujeres\"],\"articleSection\":[\"Efem\u00e9rides\",\"Informe social\"],\"inLanguage\":\"es\",\"potentialAction\":[{\"@type\":\"CommentAction\",\"name\":\"Comment\",\"target\":[\"https:\\\/\\\/rafaramirez.org\\\/blog\\\/index.php\\\/2024\\\/12\\\/10\\\/dia-de-los-derechos-humanos\\\/#respond\"]}]},{\"@type\":\"WebPage\",\"@id\":\"https:\\\/\\\/rafaramirez.org\\\/blog\\\/index.php\\\/2024\\\/12\\\/10\\\/dia-de-los-derechos-humanos\\\/\",\"url\":\"https:\\\/\\\/rafaramirez.org\\\/blog\\\/index.php\\\/2024\\\/12\\\/10\\\/dia-de-los-derechos-humanos\\\/\",\"name\":\"D\u00eda de los Derechos Humanos y su importancia en la construcci\u00f3n de un futuro mejor. - Blog de Rafael Ram\u00edrez\",\"isPartOf\":{\"@id\":\"https:\\\/\\\/rafaramirez.org\\\/blog\\\/#website\"},\"primaryImageOfPage\":{\"@id\":\"https:\\\/\\\/rafaramirez.org\\\/blog\\\/index.php\\\/2024\\\/12\\\/10\\\/dia-de-los-derechos-humanos\\\/#primaryimage\"},\"image\":{\"@id\":\"https:\\\/\\\/rafaramirez.org\\\/blog\\\/index.php\\\/2024\\\/12\\\/10\\\/dia-de-los-derechos-humanos\\\/#primaryimage\"},\"thumbnailUrl\":\"https:\\\/\\\/rafaramirez.org\\\/blog\\\/wp-content\\\/uploads\\\/2024\\\/12\\\/Dia-de-los-Derechos-Humanos_banner.jpg\",\"datePublished\":\"2024-12-10T07:15:24+00:00\",\"dateModified\":\"2024-12-10T09:50:42+00:00\",\"description\":\"El D\u00eda de los Derechos Humanos conmemora la fecha en que la ONU adopt\u00f3 la Declaraci\u00f3n Universal de los Derechos Humanos.\",\"breadcrumb\":{\"@id\":\"https:\\\/\\\/rafaramirez.org\\\/blog\\\/index.php\\\/2024\\\/12\\\/10\\\/dia-de-los-derechos-humanos\\\/#breadcrumb\"},\"inLanguage\":\"es\",\"potentialAction\":[{\"@type\":\"ReadAction\",\"target\":[\"https:\\\/\\\/rafaramirez.org\\\/blog\\\/index.php\\\/2024\\\/12\\\/10\\\/dia-de-los-derechos-humanos\\\/\"]}]},{\"@type\":\"ImageObject\",\"inLanguage\":\"es\",\"@id\":\"https:\\\/\\\/rafaramirez.org\\\/blog\\\/index.php\\\/2024\\\/12\\\/10\\\/dia-de-los-derechos-humanos\\\/#primaryimage\",\"url\":\"https:\\\/\\\/rafaramirez.org\\\/blog\\\/wp-content\\\/uploads\\\/2024\\\/12\\\/Dia-de-los-Derechos-Humanos_banner.jpg\",\"contentUrl\":\"https:\\\/\\\/rafaramirez.org\\\/blog\\\/wp-content\\\/uploads\\\/2024\\\/12\\\/Dia-de-los-Derechos-Humanos_banner.jpg\",\"width\":720,\"height\":440,\"caption\":\"D\u00eda de los Derechos Humanos. Blog de Rafael Ram\u00edrez.\"},{\"@type\":\"BreadcrumbList\",\"@id\":\"https:\\\/\\\/rafaramirez.org\\\/blog\\\/index.php\\\/2024\\\/12\\\/10\\\/dia-de-los-derechos-humanos\\\/#breadcrumb\",\"itemListElement\":[{\"@type\":\"ListItem\",\"position\":1,\"name\":\"Portada\",\"item\":\"https:\\\/\\\/rafaramirez.org\\\/blog\\\/\"},{\"@type\":\"ListItem\",\"position\":2,\"name\":\"D\u00eda de los Derechos Humanos y su importancia en la construcci\u00f3n de un futuro mejor.\"}]},{\"@type\":\"WebSite\",\"@id\":\"https:\\\/\\\/rafaramirez.org\\\/blog\\\/#website\",\"url\":\"https:\\\/\\\/rafaramirez.org\\\/blog\\\/\",\"name\":\"Blog de Rafael Ram\u00edrez\",\"description\":\"Un sitio social, de arte y cultura\",\"publisher\":{\"@id\":\"https:\\\/\\\/rafaramirez.org\\\/blog\\\/#\\\/schema\\\/person\\\/50f43b6d60c578760d4c17bda54ab6a5\"},\"potentialAction\":[{\"@type\":\"SearchAction\",\"target\":{\"@type\":\"EntryPoint\",\"urlTemplate\":\"https:\\\/\\\/rafaramirez.org\\\/blog\\\/?s={search_term_string}\"},\"query-input\":{\"@type\":\"PropertyValueSpecification\",\"valueRequired\":true,\"valueName\":\"search_term_string\"}}],\"inLanguage\":\"es\"},{\"@type\":[\"Person\",\"Organization\"],\"@id\":\"https:\\\/\\\/rafaramirez.org\\\/blog\\\/#\\\/schema\\\/person\\\/50f43b6d60c578760d4c17bda54ab6a5\",\"name\":\"Rafael Ram\u00edrez\",\"image\":{\"@type\":\"ImageObject\",\"inLanguage\":\"es\",\"@id\":\"https:\\\/\\\/rafaramirez.org\\\/blog\\\/wp-content\\\/uploads\\\/2024\\\/09\\\/RR_socialnetwork.jpg\",\"url\":\"https:\\\/\\\/rafaramirez.org\\\/blog\\\/wp-content\\\/uploads\\\/2024\\\/09\\\/RR_socialnetwork.jpg\",\"contentUrl\":\"https:\\\/\\\/rafaramirez.org\\\/blog\\\/wp-content\\\/uploads\\\/2024\\\/09\\\/RR_socialnetwork.jpg\",\"width\":600,\"height\":606,\"caption\":\"Rafael Ram\u00edrez\"},\"logo\":{\"@id\":\"https:\\\/\\\/rafaramirez.org\\\/blog\\\/wp-content\\\/uploads\\\/2024\\\/09\\\/RR_socialnetwork.jpg\"},\"sameAs\":[\"https:\\\/\\\/www.rafaramirez.org\\\/blog\",\"https:\\\/\\\/www.instagram.com\\\/rafaramirez_ok\\\/\",\"https:\\\/\\\/es.pinterest.com\\\/Ramirez_Rafa\\\/\",\"https:\\\/\\\/x.com\\\/rafaramirez_ok\"],\"url\":\"https:\\\/\\\/rafaramirez.org\\\/blog\\\/index.php\\\/author\\\/rafaell_qm6j97da\\\/\"}]}<\/script>\n<!-- \/ Yoast SEO plugin. -->","yoast_head_json":{"title":"D\u00eda de los Derechos Humanos y su importancia en la construcci\u00f3n de un futuro mejor. - Blog de Rafael Ram\u00edrez","description":"El D\u00eda de los Derechos Humanos conmemora la fecha en que la ONU adopt\u00f3 la Declaraci\u00f3n Universal de los Derechos Humanos.","robots":{"index":"index","follow":"follow","max-snippet":"max-snippet:-1","max-image-preview":"max-image-preview:large","max-video-preview":"max-video-preview:-1"},"canonical":"https:\/\/rafaramirez.org\/blog\/index.php\/2024\/12\/10\/dia-de-los-derechos-humanos\/","og_locale":"es_ES","og_type":"article","og_title":"D\u00eda de los Derechos Humanos y su importancia en la construcci\u00f3n de un futuro mejor. - Blog de Rafael Ram\u00edrez","og_description":"El D\u00eda de los Derechos Humanos conmemora la fecha en que la ONU adopt\u00f3 la Declaraci\u00f3n Universal de los Derechos Humanos.","og_url":"https:\/\/rafaramirez.org\/blog\/index.php\/2024\/12\/10\/dia-de-los-derechos-humanos\/","og_site_name":"Blog de Rafael Ram\u00edrez","article_published_time":"2024-12-10T07:15:24+00:00","article_modified_time":"2024-12-10T09:50:42+00:00","og_image":[{"width":720,"height":440,"url":"https:\/\/rafaramirez.org\/blog\/wp-content\/uploads\/2024\/12\/Dia-de-los-Derechos-Humanos_banner.jpg","type":"image\/jpeg"}],"author":"Rafael Ram\u00edrez","twitter_card":"summary_large_image","twitter_creator":"@rafaramirez_ok","twitter_site":"@rafaramirez_ok","twitter_misc":{"Escrito por":"Rafael Ram\u00edrez","Tiempo de lectura":"6 minutos"},"schema":{"@context":"https:\/\/schema.org","@graph":[{"@type":"Article","@id":"https:\/\/rafaramirez.org\/blog\/index.php\/2024\/12\/10\/dia-de-los-derechos-humanos\/#article","isPartOf":{"@id":"https:\/\/rafaramirez.org\/blog\/index.php\/2024\/12\/10\/dia-de-los-derechos-humanos\/"},"author":{"name":"Rafael Ram\u00edrez","@id":"https:\/\/rafaramirez.org\/blog\/#\/schema\/person\/50f43b6d60c578760d4c17bda54ab6a5"},"headline":"D\u00eda de los Derechos Humanos y su importancia en la construcci\u00f3n de un futuro mejor.","datePublished":"2024-12-10T07:15:24+00:00","dateModified":"2024-12-10T09:50:42+00:00","mainEntityOfPage":{"@id":"https:\/\/rafaramirez.org\/blog\/index.php\/2024\/12\/10\/dia-de-los-derechos-humanos\/"},"wordCount":1084,"commentCount":0,"publisher":{"@id":"https:\/\/rafaramirez.org\/blog\/#\/schema\/person\/50f43b6d60c578760d4c17bda54ab6a5"},"image":{"@id":"https:\/\/rafaramirez.org\/blog\/index.php\/2024\/12\/10\/dia-de-los-derechos-humanos\/#primaryimage"},"thumbnailUrl":"https:\/\/rafaramirez.org\/blog\/wp-content\/uploads\/2024\/12\/Dia-de-los-Derechos-Humanos_banner.jpg","keywords":["10 de diciembre","Amnist\u00eda Internacional","Asamblea General de las Naciones","blog de Rafael Ram\u00edrez","Declaraci\u00f3n Universal de los Derechos Humanos","D\u00eda de los Derechos Humanos","Fundaci\u00f3n Fernando Pombo","Human Rights Watch","IDHC","OHCHR","ONU Mujeres"],"articleSection":["Efem\u00e9rides","Informe social"],"inLanguage":"es","potentialAction":[{"@type":"CommentAction","name":"Comment","target":["https:\/\/rafaramirez.org\/blog\/index.php\/2024\/12\/10\/dia-de-los-derechos-humanos\/#respond"]}]},{"@type":"WebPage","@id":"https:\/\/rafaramirez.org\/blog\/index.php\/2024\/12\/10\/dia-de-los-derechos-humanos\/","url":"https:\/\/rafaramirez.org\/blog\/index.php\/2024\/12\/10\/dia-de-los-derechos-humanos\/","name":"D\u00eda de los Derechos Humanos y su importancia en la construcci\u00f3n de un futuro mejor. - Blog de Rafael Ram\u00edrez","isPartOf":{"@id":"https:\/\/rafaramirez.org\/blog\/#website"},"primaryImageOfPage":{"@id":"https:\/\/rafaramirez.org\/blog\/index.php\/2024\/12\/10\/dia-de-los-derechos-humanos\/#primaryimage"},"image":{"@id":"https:\/\/rafaramirez.org\/blog\/index.php\/2024\/12\/10\/dia-de-los-derechos-humanos\/#primaryimage"},"thumbnailUrl":"https:\/\/rafaramirez.org\/blog\/wp-content\/uploads\/2024\/12\/Dia-de-los-Derechos-Humanos_banner.jpg","datePublished":"2024-12-10T07:15:24+00:00","dateModified":"2024-12-10T09:50:42+00:00","description":"El D\u00eda de los Derechos Humanos conmemora la fecha en que la ONU adopt\u00f3 la Declaraci\u00f3n Universal de los Derechos Humanos.","breadcrumb":{"@id":"https:\/\/rafaramirez.org\/blog\/index.php\/2024\/12\/10\/dia-de-los-derechos-humanos\/#breadcrumb"},"inLanguage":"es","potentialAction":[{"@type":"ReadAction","target":["https:\/\/rafaramirez.org\/blog\/index.php\/2024\/12\/10\/dia-de-los-derechos-humanos\/"]}]},{"@type":"ImageObject","inLanguage":"es","@id":"https:\/\/rafaramirez.org\/blog\/index.php\/2024\/12\/10\/dia-de-los-derechos-humanos\/#primaryimage","url":"https:\/\/rafaramirez.org\/blog\/wp-content\/uploads\/2024\/12\/Dia-de-los-Derechos-Humanos_banner.jpg","contentUrl":"https:\/\/rafaramirez.org\/blog\/wp-content\/uploads\/2024\/12\/Dia-de-los-Derechos-Humanos_banner.jpg","width":720,"height":440,"caption":"D\u00eda de los Derechos Humanos. Blog de Rafael Ram\u00edrez."},{"@type":"BreadcrumbList","@id":"https:\/\/rafaramirez.org\/blog\/index.php\/2024\/12\/10\/dia-de-los-derechos-humanos\/#breadcrumb","itemListElement":[{"@type":"ListItem","position":1,"name":"Portada","item":"https:\/\/rafaramirez.org\/blog\/"},{"@type":"ListItem","position":2,"name":"D\u00eda de los Derechos Humanos y su importancia en la construcci\u00f3n de un futuro mejor."}]},{"@type":"WebSite","@id":"https:\/\/rafaramirez.org\/blog\/#website","url":"https:\/\/rafaramirez.org\/blog\/","name":"Blog de Rafael Ram\u00edrez","description":"Un sitio social, de arte y cultura","publisher":{"@id":"https:\/\/rafaramirez.org\/blog\/#\/schema\/person\/50f43b6d60c578760d4c17bda54ab6a5"},"potentialAction":[{"@type":"SearchAction","target":{"@type":"EntryPoint","urlTemplate":"https:\/\/rafaramirez.org\/blog\/?s={search_term_string}"},"query-input":{"@type":"PropertyValueSpecification","valueRequired":true,"valueName":"search_term_string"}}],"inLanguage":"es"},{"@type":["Person","Organization"],"@id":"https:\/\/rafaramirez.org\/blog\/#\/schema\/person\/50f43b6d60c578760d4c17bda54ab6a5","name":"Rafael Ram\u00edrez","image":{"@type":"ImageObject","inLanguage":"es","@id":"https:\/\/rafaramirez.org\/blog\/wp-content\/uploads\/2024\/09\/RR_socialnetwork.jpg","url":"https:\/\/rafaramirez.org\/blog\/wp-content\/uploads\/2024\/09\/RR_socialnetwork.jpg","contentUrl":"https:\/\/rafaramirez.org\/blog\/wp-content\/uploads\/2024\/09\/RR_socialnetwork.jpg","width":600,"height":606,"caption":"Rafael Ram\u00edrez"},"logo":{"@id":"https:\/\/rafaramirez.org\/blog\/wp-content\/uploads\/2024\/09\/RR_socialnetwork.jpg"},"sameAs":["https:\/\/www.rafaramirez.org\/blog","https:\/\/www.instagram.com\/rafaramirez_ok\/","https:\/\/es.pinterest.com\/Ramirez_Rafa\/","https:\/\/x.com\/rafaramirez_ok"],"url":"https:\/\/rafaramirez.org\/blog\/index.php\/author\/rafaell_qm6j97da\/"}]}},"jetpack_publicize_connections":[],"jetpack_sharing_enabled":true,"jetpack_likes_enabled":true,"jetpack_featured_media_url":"https:\/\/rafaramirez.org\/blog\/wp-content\/uploads\/2024\/12\/Dia-de-los-Derechos-Humanos_banner.jpg","_links":{"self":[{"href":"https:\/\/rafaramirez.org\/blog\/index.php\/wp-json\/wp\/v2\/posts\/7179","targetHints":{"allow":["GET"]}}],"collection":[{"href":"https:\/\/rafaramirez.org\/blog\/index.php\/wp-json\/wp\/v2\/posts"}],"about":[{"href":"https:\/\/rafaramirez.org\/blog\/index.php\/wp-json\/wp\/v2\/types\/post"}],"author":[{"embeddable":true,"href":"https:\/\/rafaramirez.org\/blog\/index.php\/wp-json\/wp\/v2\/users\/1"}],"replies":[{"embeddable":true,"href":"https:\/\/rafaramirez.org\/blog\/index.php\/wp-json\/wp\/v2\/comments?post=7179"}],"version-history":[{"count":12,"href":"https:\/\/rafaramirez.org\/blog\/index.php\/wp-json\/wp\/v2\/posts\/7179\/revisions"}],"predecessor-version":[{"id":7214,"href":"https:\/\/rafaramirez.org\/blog\/index.php\/wp-json\/wp\/v2\/posts\/7179\/revisions\/7214"}],"wp:featuredmedia":[{"embeddable":true,"href":"https:\/\/rafaramirez.org\/blog\/index.php\/wp-json\/wp\/v2\/media\/7188"}],"wp:attachment":[{"href":"https:\/\/rafaramirez.org\/blog\/index.php\/wp-json\/wp\/v2\/media?parent=7179"}],"wp:term":[{"taxonomy":"category","embeddable":true,"href":"https:\/\/rafaramirez.org\/blog\/index.php\/wp-json\/wp\/v2\/categories?post=7179"},{"taxonomy":"post_tag","embeddable":true,"href":"https:\/\/rafaramirez.org\/blog\/index.php\/wp-json\/wp\/v2\/tags?post=7179"}],"curies":[{"name":"wp","href":"https:\/\/api.w.org\/{rel}","templated":true}]}}