{"id":7134,"date":"2024-12-09T08:15:51","date_gmt":"2024-12-09T07:15:51","guid":{"rendered":"https:\/\/rafaramirez.org\/blog\/?p=7134"},"modified":"2026-07-23T12:06:43","modified_gmt":"2026-07-23T10:06:43","slug":"el-sueno-pintura-de-rafael-ramirez","status":"publish","type":"post","link":"https:\/\/rafaramirez.org\/blog\/index.php\/2024\/12\/09\/el-sueno-pintura-de-rafael-ramirez\/","title":{"rendered":"\u00abEl Sue\u00f1o\u00bb pintura de Rafael Ram\u00edrez  | T\u00e9cnica pastel | Tama\u00f1o 50&#215;65 cm."},"content":{"rendered":"<p>La pintura a pastel <strong>\u00abEl Sue\u00f1o\u00bb de Rafael Ram\u00edrez<\/strong> muestra a una mujer recostada en un sof\u00e1 o div\u00e1n en actitud relajada. La mujer mantiene su brazo izquierdo levantado mientras en su mano derecha sostiene una manzana roja. Sobre el suelo, junto a ella, se encuentra una rosa. En la pared, un aplique refleja una luz tenue y permite ver un adorno en forma de gecko. La composici\u00f3n se completa con un ventanal desde el que destaca la luna adornada en el cielo nocturno e iluminando una monta\u00f1a bajo la cual se observan unas viviendas y una iglesia. La obra inspira una sensaci\u00f3n de paz, tranquilidad y belleza. La postura de la mujer, con la cabeza recostada y una media sonrisa, sugiere que est\u00e1 relajada y disfrutando del momento presente.<\/p>\n<style id=\"bwg-style-0\">      #bwg_container1_0 #bwg_container2_0 #bwg_mosaic_thumbnails_div_0 {        width: 100%;        position: relative;        background-color: rgba(255, 255, 255, 0.00);        text-align: center;        justify-content: center;                  margin-left: auto;          margin-right: auto;                    padding-left: 2px;          padding-top: 2px;                }          #bwg_container1_0 #bwg_container2_0 .bwg_mosaic_thumb_spun_0 {        display: block;        position: absolute;\t\t\t\tborder-radius: 0;\t\t\t\tborder: 0px none #CCCCCC;    \t\t    \t\tbackground-color:rgba(0,0,0, 0.30);        -moz-box-sizing: content-box !important;        -webkit-box-sizing: content-box !important;        box-sizing: content-box !important;      }\t\t\t#bwg_container1_0 #bwg_container2_0 .bwg_mosaic_thumb_0 {\t\t\t\tdisplay: block;\t\t\t\t-moz-box-sizing: content-box !important;\t\t\t\t-webkit-box-sizing: content-box !important;\t\t\t\tbox-sizing: content-box !important;\t\t\t\tmargin: 0;\t\t\t\topacity: 1.00;\t\t\t}      #bwg_container1_0 #bwg_container2_0 .bwg_mosaic_thumb_spun_0:hover {        opacity: 1;        backface-visibility: hidden;        -webkit-backface-visibility: hidden;        -moz-backface-visibility: hidden;        -ms-backface-visibility: hidden;        z-index: 102;      }\t     @media only screen and (min-width: 480px) {\t\t#bwg_container1_0 #bwg_container2_0 .bwg-container-0.bwg-mosaic-thumbnails .bwg-item0 img {\t\t\t-webkit-transition: -webkit-transform .3s; transition: transform .3s;\t\t}\t\t#bwg_container1_0 #bwg_container2_0 .bwg-container-0.bwg-mosaic-thumbnails .bwg-item0 img:hover {\t\t\t-ms-transform: scale(1.08);\t\t\t-webkit-transform: scale(1.08);\t\t\ttransform: scale(1.08);\t\t}\t\t      }\t      #bwg_container1_0 #bwg_container2_0 .bwg_mosaic_thumbnails_0 {        background-color: rgba(255, 255, 255, 0.00);        font-size: 0;        position: relative;        text-align: center;        display: inline-block;        visibility: hidden;              }\t  \/*image title styles*\/      #bwg_container1_0 #bwg_container2_0 .bwg_mosaic_title_spun1_0,      #bwg_container1_0 #bwg_container2_0 .bwg-mosaic-thumbnails .bwg_ecommerce_spun1_0 {        position: absolute;        display: block;        opacity: 0;        box-sizing: border-box;        text-align: center;\t\t\t\ttop: 50%;\t\t\t\tleft: 50%;\t\t\t\ttransform: translate(-50%, -50%);      }      #bwg_container1_0 #bwg_container2_0 .bwg-mosaic-thumbnails .bwg_mosaic_title_spun2_0,      #bwg_container1_0 #bwg_container2_0 .bwg-mosaic-thumbnails .bwg_ecommerce_spun2_0 {\t\t    color: #323A45;        font-family: Ubuntu;        font-size: 16px;        font-weight: bold;        text-shadow: ;        vertical-align: middle;        word-wrap: break-word;      }            .bwg_mosaic_play_icon_spun_0 {        display: table;        position: absolute;        left: -10000px;        top: 0px;        opacity: 0;      }      .bwg_mosaic_play_icon_0 {        color: #323A45;        font-size: 32px;        vertical-align: middle;        display: table-cell !important;        z-index: 1;        text-align: center;        margin: 0 auto;      }      #bwg_container1_0 #bwg_container2_0 .bwg_gal_title_0 {        background-color: rgba(0, 0, 0, 0);        color: #323A45;        display: block;        font-family: Ubuntu;        font-size: 16px;        font-weight: bold;        padding: 2px;        text-shadow: ;        text-align: center;      }            @media screen and (max-width: 350px) {      div[class^=\"bwg_mosaic_thumbnails_\"],      span[class^=\"bwg_mosaic_thumb_spun_\"] {      width: 100% !important;      }      img[class^=\"bwg_mosaic_thumb_\"] {      width: 100% !important;      height: auto !important;      margin: 0px auto !important;      }      }      <\/style>    <div id=\"bwg_container1_0\"         class=\"bwg_container bwg_thumbnail bwg_thumbnails_mosaic \"         data-right-click-protection=\"1\"         data-bwg=\"0\"         data-scroll=\"0\"         data-gallery-type=\"thumbnails_mosaic\"         data-gallery-view-type=\"thumbnails_mosaic\"         data-current-url=\"\/blog\/index.php\/wp-json\/wp\/v2\/posts\/7134\"         data-lightbox-url=\"https:\/\/rafaramirez.org\/blog\/wp-admin\/admin-ajax.php?action=GalleryBox&#038;current_view=0&#038;gallery_id=53&#038;tag=0&#038;theme_id=1&#038;shortcode_id=112&#038;sort_by=order&#038;order_by=asc&#038;current_url=%2Fblog%2Findex.php%2Fwp-json%2Fwp%2Fv2%2Fposts%2F7134\"         data-gallery-id=\"53\"         data-popup-width=\"800\"         data-popup-height=\"500\"         data-is-album=\"gallery\"         data-buttons-position=\"bottom\">      <div id=\"bwg_container2_0\">             <div id=\"ajax_loading_0\" class=\"bwg_loading_div_1\">      <div class=\"bwg_loading_div_2\">        <div class=\"bwg_loading_div_3\">          <div id=\"loading_div_0\" class=\"bwg_spider_ajax_loading\">          <\/div>        <\/div>      <\/div>    <\/div>            <form id=\"gal_front_form_0\"              class=\"bwg-hidden\"              method=\"post\"              action=\"#\"              data-current=\"0\"              data-shortcode-id=\"112\"              data-gallery-type=\"thumbnails_mosaic\"              data-gallery-id=\"53\"              data-tag=\"0\"              data-album-id=\"0\"              data-theme-id=\"1\"              data-ajax-url=\"https:\/\/rafaramirez.org\/blog\/wp-admin\/admin-ajax.php?action=bwg_frontend_data\">          <div id=\"bwg_container3_0\" class=\"bwg-background bwg-background-0\">                <div id=\"bwg_mosaic_thumbnails_div_0\"         class=\"bwg-container-0 bwg-container bwg-mosaic-thumbnails\"         data-bwg=\"0\"         data-mosaic-direction=\"vertical\"         data-resizable=\"0\"         data-width=\"250\"         data-height=\"250\"         data-total-width=\"100\"         data-block-id=\"bwg_thumbnails_mosaic_0\"         data-thumb-padding=\"2\"         data-thumb-border=\"0\"         data-title-margin=\"2px\"         data-image-title=\"none\"         data-play-icon=\"1\"         data-ecommerce-icon=\"none\"         data-gallery-id=\"53\"         data-lightbox-url=\"https:\/\/rafaramirez.org\/blog\/wp-admin\/admin-ajax.php?action=GalleryBox&#038;current_view=0&#038;gallery_id=53&#038;tag=0&#038;theme_id=1&#038;shortcode_id=112&#038;sort_by=order&#038;order_by=asc&#038;current_url=%2Fblog%2Findex.php%2Fwp-json%2Fwp%2Fv2%2Fposts%2F7134\"         data-mosaic-thumb-transition=\"1\"         style=\"visibility: hidden\" >      <div id=\"bwg_thumbnails_mosaic_0\" class=\"bwg_mosaic_thumbnails_0\">                  <a  class=\"bwg-a bwg_lightbox bwg_lightbox_0\" href=\"https:\/\/rafaramirez.org\/blog\/wp-content\/uploads\/photo-gallery\/imported_from_media_libray\/El_Sueno_pintura-a-pastel_de_Rafael_Ramirez_logblog.jpg?bwg=1733402054\" data-image-id=\"544\" data-elementor-open-lightbox=\"no\">          <div class=\"bwg_mosaic_thumb_spun_0 bwg-item0 bwg-mosaic-thumb-span \">            <img decoding=\"async\" class=\"bwg_mosaic_thumb_0 skip-lazy bwg_img_clear bwg_img_custom \"                 id=\"544\"                 src=\"https:\/\/rafaramirez.org\/blog\/wp-content\/uploads\/photo-gallery\/imported_from_media_libray\/thumb\/El_Sueno_pintura-a-pastel_de_Rafael_Ramirez_logblog.jpg?bwg=1733402054\"                 data-src=\"https:\/\/rafaramirez.org\/blog\/wp-content\/uploads\/photo-gallery\/imported_from_media_libray\/thumb\/El_Sueno_pintura-a-pastel_de_Rafael_Ramirez_logblog.jpg?bwg=1733402054\"                 data-width=\"375.00\"                 data-height=\"500.00\"                 alt=\"El sue\u00f1o pintura a pastel de Rafael Ram\u00edrez.\"                 title=\"El sue\u00f1o pintura a pastel de Rafael Ram\u00edrez.\" \/>                      <\/div>        <\/a>                <a  class=\"bwg-a bwg_lightbox bwg_lightbox_0\" href=\"https:\/\/rafaramirez.org\/blog\/wp-content\/uploads\/photo-gallery\/imported_from_media_libray\/El_Sueno_pintura-a-pastel_de_Rafael_Ramirez_2_logblog.jpg?bwg=1733402054\" data-image-id=\"529\" data-elementor-open-lightbox=\"no\">          <div class=\"bwg_mosaic_thumb_spun_0 bwg-item0 bwg-mosaic-thumb-span \">            <img decoding=\"async\" class=\"bwg_mosaic_thumb_0 skip-lazy bwg_img_clear bwg_img_custom \"                 id=\"529\"                 src=\"https:\/\/rafaramirez.org\/blog\/wp-content\/uploads\/photo-gallery\/imported_from_media_libray\/thumb\/El_Sueno_pintura-a-pastel_de_Rafael_Ramirez_2_logblog.jpg?bwg=1733402054\"                 data-src=\"https:\/\/rafaramirez.org\/blog\/wp-content\/uploads\/photo-gallery\/imported_from_media_libray\/thumb\/El_Sueno_pintura-a-pastel_de_Rafael_Ramirez_2_logblog.jpg?bwg=1733402054\"                 data-width=\"329.00\"                 data-height=\"500.00\"                 alt=\"El sue\u00f1o pintura a pastel de Rafael Ram\u00edrez.\"                 title=\"El sue\u00f1o pintura a pastel de Rafael Ram\u00edrez.\" \/>                      <\/div>        <\/a>                <a  class=\"bwg-a bwg_lightbox bwg_lightbox_0\" href=\"https:\/\/rafaramirez.org\/blog\/wp-content\/uploads\/photo-gallery\/imported_from_media_libray\/El_Sueno_pintura-a-pastel_de_Rafael_Ramirez_det1_logblog.jpg?bwg=1733402054\" data-image-id=\"541\" data-elementor-open-lightbox=\"no\">          <div class=\"bwg_mosaic_thumb_spun_0 bwg-item0 bwg-mosaic-thumb-span \">            <img decoding=\"async\" class=\"bwg_mosaic_thumb_0 skip-lazy bwg_img_clear bwg_img_custom \"                 id=\"541\"                 src=\"https:\/\/rafaramirez.org\/blog\/wp-content\/uploads\/photo-gallery\/imported_from_media_libray\/thumb\/El_Sueno_pintura-a-pastel_de_Rafael_Ramirez_det1_logblog.jpg?bwg=1733402054\"                 data-src=\"https:\/\/rafaramirez.org\/blog\/wp-content\/uploads\/photo-gallery\/imported_from_media_libray\/thumb\/El_Sueno_pintura-a-pastel_de_Rafael_Ramirez_det1_logblog.jpg?bwg=1733402054\"                 data-width=\"500.00\"                 data-height=\"375.00\"                 alt=\"Detalle de El sue\u00f1o pintura a pastel de Rafael Ram\u00edrez.\"                 title=\"Detalle de El sue\u00f1o pintura a pastel de Rafael Ram\u00edrez.\" \/>                      <\/div>        <\/a>                <a  class=\"bwg-a bwg_lightbox bwg_lightbox_0\" href=\"https:\/\/rafaramirez.org\/blog\/wp-content\/uploads\/photo-gallery\/imported_from_media_libray\/El_Sueno_pintura-a-pastel_de_Rafael_Ramirez_4_logblog.jpg?bwg=1733402054\" data-image-id=\"530\" data-elementor-open-lightbox=\"no\">          <div class=\"bwg_mosaic_thumb_spun_0 bwg-item0 bwg-mosaic-thumb-span \">            <img decoding=\"async\" class=\"bwg_mosaic_thumb_0 skip-lazy bwg_img_clear bwg_img_custom \"                 id=\"530\"                 src=\"https:\/\/rafaramirez.org\/blog\/wp-content\/uploads\/photo-gallery\/imported_from_media_libray\/thumb\/El_Sueno_pintura-a-pastel_de_Rafael_Ramirez_4_logblog.jpg?bwg=1733402054\"                 data-src=\"https:\/\/rafaramirez.org\/blog\/wp-content\/uploads\/photo-gallery\/imported_from_media_libray\/thumb\/El_Sueno_pintura-a-pastel_de_Rafael_Ramirez_4_logblog.jpg?bwg=1733402054\"                 data-width=\"500.00\"                 data-height=\"375.00\"                 alt=\"El sue\u00f1o pintura a pastel de Rafael Ram\u00edrez.\"                 title=\"El sue\u00f1o pintura a pastel de Rafael Ram\u00edrez.\" \/>                      <\/div>        <\/a>                <a  class=\"bwg-a bwg_lightbox bwg_lightbox_0\" href=\"https:\/\/rafaramirez.org\/blog\/wp-content\/uploads\/photo-gallery\/imported_from_media_libray\/El_Sueno_pintura-a-pastel_de_Rafael_Ramirez_det2_logblog.jpg?bwg=1733402054\" data-image-id=\"542\" data-elementor-open-lightbox=\"no\">          <div class=\"bwg_mosaic_thumb_spun_0 bwg-item0 bwg-mosaic-thumb-span \">            <img decoding=\"async\" class=\"bwg_mosaic_thumb_0 skip-lazy bwg_img_clear bwg_img_custom \"                 id=\"542\"                 src=\"https:\/\/rafaramirez.org\/blog\/wp-content\/uploads\/photo-gallery\/imported_from_media_libray\/thumb\/El_Sueno_pintura-a-pastel_de_Rafael_Ramirez_det2_logblog.jpg?bwg=1733402054\"                 data-src=\"https:\/\/rafaramirez.org\/blog\/wp-content\/uploads\/photo-gallery\/imported_from_media_libray\/thumb\/El_Sueno_pintura-a-pastel_de_Rafael_Ramirez_det2_logblog.jpg?bwg=1733402054\"                 data-width=\"500.00\"                 data-height=\"372.00\"                 alt=\"Detalle de El sue\u00f1o pintura a pastel de Rafael Ram\u00edrez.\"                 title=\"Detalle de El sue\u00f1o pintura a pastel de Rafael Ram\u00edrez.\" \/>                      <\/div>        <\/a>                <a  class=\"bwg-a bwg_lightbox bwg_lightbox_0\" href=\"https:\/\/rafaramirez.org\/blog\/wp-content\/uploads\/photo-gallery\/imported_from_media_libray\/El_Sueno_pintura-a-pastel_de_Rafael_Ramirez_8_logblog.jpg?bwg=1733402054\" data-image-id=\"531\" data-elementor-open-lightbox=\"no\">          <div class=\"bwg_mosaic_thumb_spun_0 bwg-item0 bwg-mosaic-thumb-span \">            <img decoding=\"async\" class=\"bwg_mosaic_thumb_0 skip-lazy bwg_img_clear bwg_img_custom \"                 id=\"531\"                 src=\"https:\/\/rafaramirez.org\/blog\/wp-content\/uploads\/photo-gallery\/imported_from_media_libray\/thumb\/El_Sueno_pintura-a-pastel_de_Rafael_Ramirez_8_logblog.jpg?bwg=1733402054\"                 data-src=\"https:\/\/rafaramirez.org\/blog\/wp-content\/uploads\/photo-gallery\/imported_from_media_libray\/thumb\/El_Sueno_pintura-a-pastel_de_Rafael_Ramirez_8_logblog.jpg?bwg=1733402054\"                 data-width=\"500.00\"                 data-height=\"375.00\"                 alt=\"El sue\u00f1o pintura a pastel de Rafael Ram\u00edrez.\"                 title=\"El sue\u00f1o pintura a pastel de Rafael Ram\u00edrez.\" \/>                      <\/div>        <\/a>                <a  class=\"bwg-a bwg_lightbox bwg_lightbox_0\" href=\"https:\/\/rafaramirez.org\/blog\/wp-content\/uploads\/photo-gallery\/imported_from_media_libray\/El_Sueno_pintura-a-pastel_de_Rafael_Ramirez_det3_logblog.jpg?bwg=1733402054\" data-image-id=\"543\" data-elementor-open-lightbox=\"no\">          <div class=\"bwg_mosaic_thumb_spun_0 bwg-item0 bwg-mosaic-thumb-span \">            <img decoding=\"async\" class=\"bwg_mosaic_thumb_0 skip-lazy bwg_img_clear bwg_img_custom \"                 id=\"543\"                 src=\"https:\/\/rafaramirez.org\/blog\/wp-content\/uploads\/photo-gallery\/imported_from_media_libray\/thumb\/El_Sueno_pintura-a-pastel_de_Rafael_Ramirez_det3_logblog.jpg?bwg=1733402054\"                 data-src=\"https:\/\/rafaramirez.org\/blog\/wp-content\/uploads\/photo-gallery\/imported_from_media_libray\/thumb\/El_Sueno_pintura-a-pastel_de_Rafael_Ramirez_det3_logblog.jpg?bwg=1733402054\"                 data-width=\"375.00\"                 data-height=\"500.00\"                 alt=\"Detalle de El sue\u00f1o pintura a pastel de Rafael Ram\u00edrez.\"                 title=\"Detalle de El sue\u00f1o pintura a pastel de Rafael Ram\u00edrez.\" \/>                      <\/div>        <\/a>                <a  class=\"bwg-a bwg_lightbox bwg_lightbox_0\" href=\"https:\/\/rafaramirez.org\/blog\/wp-content\/uploads\/photo-gallery\/imported_from_media_libray\/El_Sueno_pintura-a-pastel_de_Rafael_Ramirez_11_logblog.jpg?bwg=1733402054\" data-image-id=\"532\" data-elementor-open-lightbox=\"no\">          <div class=\"bwg_mosaic_thumb_spun_0 bwg-item0 bwg-mosaic-thumb-span \">            <img decoding=\"async\" class=\"bwg_mosaic_thumb_0 skip-lazy bwg_img_clear bwg_img_custom \"                 id=\"532\"                 src=\"https:\/\/rafaramirez.org\/blog\/wp-content\/uploads\/photo-gallery\/imported_from_media_libray\/thumb\/El_Sueno_pintura-a-pastel_de_Rafael_Ramirez_11_logblog.jpg?bwg=1733402054\"                 data-src=\"https:\/\/rafaramirez.org\/blog\/wp-content\/uploads\/photo-gallery\/imported_from_media_libray\/thumb\/El_Sueno_pintura-a-pastel_de_Rafael_Ramirez_11_logblog.jpg?bwg=1733402054\"                 data-width=\"409.00\"                 data-height=\"500.00\"                 alt=\"El sue\u00f1o pintura a pastel de Rafael Ram\u00edrez.\"                 title=\"El sue\u00f1o pintura a pastel de Rafael Ram\u00edrez.\" \/>                      <\/div>        <\/a>                <a  class=\"bwg-a bwg_lightbox bwg_lightbox_0\" href=\"https:\/\/rafaramirez.org\/blog\/wp-content\/uploads\/photo-gallery\/imported_from_media_libray\/El_Sueno_pintura-a-pastel_de_Rafael_Ramirez_12_logblog.jpg?bwg=1733402054\" data-image-id=\"533\" data-elementor-open-lightbox=\"no\">          <div class=\"bwg_mosaic_thumb_spun_0 bwg-item0 bwg-mosaic-thumb-span \">            <img decoding=\"async\" class=\"bwg_mosaic_thumb_0 skip-lazy bwg_img_clear bwg_img_custom \"                 id=\"533\"                 src=\"https:\/\/rafaramirez.org\/blog\/wp-content\/uploads\/photo-gallery\/imported_from_media_libray\/thumb\/El_Sueno_pintura-a-pastel_de_Rafael_Ramirez_12_logblog.jpg?bwg=1733402054\"                 data-src=\"https:\/\/rafaramirez.org\/blog\/wp-content\/uploads\/photo-gallery\/imported_from_media_libray\/thumb\/El_Sueno_pintura-a-pastel_de_Rafael_Ramirez_12_logblog.jpg?bwg=1733402054\"                 data-width=\"500.00\"                 data-height=\"333.00\"                 alt=\"El sue\u00f1o pintura a pastel de Rafael Ram\u00edrez.\"                 title=\"El sue\u00f1o pintura a pastel de Rafael Ram\u00edrez.\" \/>                      <\/div>        <\/a>                <a  class=\"bwg-a bwg_lightbox bwg_lightbox_0\" href=\"https:\/\/rafaramirez.org\/blog\/wp-content\/uploads\/photo-gallery\/imported_from_media_libray\/El_Sueno_pintura-a-pastel_de_Rafael_Ramirez_44_logblog.jpg?bwg=1733402054\" data-image-id=\"538\" data-elementor-open-lightbox=\"no\">          <div class=\"bwg_mosaic_thumb_spun_0 bwg-item0 bwg-mosaic-thumb-span \">            <img decoding=\"async\" class=\"bwg_mosaic_thumb_0 skip-lazy bwg_img_clear bwg_img_custom \"                 id=\"538\"                 src=\"https:\/\/rafaramirez.org\/blog\/wp-content\/uploads\/photo-gallery\/imported_from_media_libray\/thumb\/El_Sueno_pintura-a-pastel_de_Rafael_Ramirez_44_logblog.jpg?bwg=1733402054\"                 data-src=\"https:\/\/rafaramirez.org\/blog\/wp-content\/uploads\/photo-gallery\/imported_from_media_libray\/thumb\/El_Sueno_pintura-a-pastel_de_Rafael_Ramirez_44_logblog.jpg?bwg=1733402054\"                 data-width=\"500.00\"                 data-height=\"375.00\"                 alt=\"El sue\u00f1o pintura a pastel de Rafael Ram\u00edrez.\"                 title=\"El sue\u00f1o pintura a pastel de Rafael Ram\u00edrez.\" \/>                      <\/div>        <\/a>                <a  class=\"bwg-a bwg_lightbox bwg_lightbox_0\" href=\"https:\/\/rafaramirez.org\/blog\/wp-content\/uploads\/photo-gallery\/imported_from_media_libray\/El_Sueno_pintura-a-pastel_de_Rafael_Ramirez_15_logblog.jpg?bwg=1733402054\" data-image-id=\"535\" data-elementor-open-lightbox=\"no\">          <div class=\"bwg_mosaic_thumb_spun_0 bwg-item0 bwg-mosaic-thumb-span \">            <img decoding=\"async\" class=\"bwg_mosaic_thumb_0 skip-lazy bwg_img_clear bwg_img_custom \"                 id=\"535\"                 src=\"https:\/\/rafaramirez.org\/blog\/wp-content\/uploads\/photo-gallery\/imported_from_media_libray\/thumb\/El_Sueno_pintura-a-pastel_de_Rafael_Ramirez_15_logblog.jpg?bwg=1733402054\"                 data-src=\"https:\/\/rafaramirez.org\/blog\/wp-content\/uploads\/photo-gallery\/imported_from_media_libray\/thumb\/El_Sueno_pintura-a-pastel_de_Rafael_Ramirez_15_logblog.jpg?bwg=1733402054\"                 data-width=\"500.00\"                 data-height=\"333.00\"                 alt=\"El sue\u00f1o pintura a pastel de Rafael Ram\u00edrez.\"                 title=\"El sue\u00f1o pintura a pastel de Rafael Ram\u00edrez.\" \/>                      <\/div>        <\/a>                <a  class=\"bwg-a bwg_lightbox bwg_lightbox_0\" href=\"https:\/\/rafaramirez.org\/blog\/wp-content\/uploads\/photo-gallery\/imported_from_media_libray\/El_Sueno_pintura-a-pastel_de_Rafael_Ramirez_16_logblog.jpg?bwg=1733402054\" data-image-id=\"536\" data-elementor-open-lightbox=\"no\">          <div class=\"bwg_mosaic_thumb_spun_0 bwg-item0 bwg-mosaic-thumb-span \">            <img decoding=\"async\" class=\"bwg_mosaic_thumb_0 skip-lazy bwg_img_clear bwg_img_custom \"                 id=\"536\"                 src=\"https:\/\/rafaramirez.org\/blog\/wp-content\/uploads\/photo-gallery\/imported_from_media_libray\/thumb\/El_Sueno_pintura-a-pastel_de_Rafael_Ramirez_16_logblog.jpg?bwg=1733402054\"                 data-src=\"https:\/\/rafaramirez.org\/blog\/wp-content\/uploads\/photo-gallery\/imported_from_media_libray\/thumb\/El_Sueno_pintura-a-pastel_de_Rafael_Ramirez_16_logblog.jpg?bwg=1733402054\"                 data-width=\"500.00\"                 data-height=\"333.00\"                 alt=\"El sue\u00f1o pintura a pastel de Rafael Ram\u00edrez.\"                 title=\"El sue\u00f1o pintura a pastel de Rafael Ram\u00edrez.\" \/>                      <\/div>        <\/a>                <a  class=\"bwg-a bwg_lightbox bwg_lightbox_0\" href=\"https:\/\/rafaramirez.org\/blog\/wp-content\/uploads\/photo-gallery\/imported_from_media_libray\/El_Sueno_pintura-a-pastel_de_Rafael_Ramirez_22_logblog.jpg?bwg=1733402054\" data-image-id=\"537\" data-elementor-open-lightbox=\"no\">          <div class=\"bwg_mosaic_thumb_spun_0 bwg-item0 bwg-mosaic-thumb-span \">            <img decoding=\"async\" class=\"bwg_mosaic_thumb_0 skip-lazy bwg_img_clear bwg_img_custom \"                 id=\"537\"                 src=\"https:\/\/rafaramirez.org\/blog\/wp-content\/uploads\/photo-gallery\/imported_from_media_libray\/thumb\/El_Sueno_pintura-a-pastel_de_Rafael_Ramirez_22_logblog.jpg?bwg=1733402054\"                 data-src=\"https:\/\/rafaramirez.org\/blog\/wp-content\/uploads\/photo-gallery\/imported_from_media_libray\/thumb\/El_Sueno_pintura-a-pastel_de_Rafael_Ramirez_22_logblog.jpg?bwg=1733402054\"                 data-width=\"500.00\"                 data-height=\"300.00\"                 alt=\"El sue\u00f1o pintura a pastel de Rafael Ram\u00edrez.\"                 title=\"El sue\u00f1o pintura a pastel de Rafael Ram\u00edrez.\" \/>                      <\/div>        <\/a>                <a  class=\"bwg-a bwg_lightbox bwg_lightbox_0\" href=\"https:\/\/rafaramirez.org\/blog\/wp-content\/uploads\/photo-gallery\/imported_from_media_libray\/El_Sueno_pintura-a-pastel_de_Rafael_Ramirez_14._logblogjpg.jpg?bwg=1733402054\" data-image-id=\"534\" data-elementor-open-lightbox=\"no\">          <div class=\"bwg_mosaic_thumb_spun_0 bwg-item0 bwg-mosaic-thumb-span \">            <img decoding=\"async\" class=\"bwg_mosaic_thumb_0 skip-lazy bwg_img_clear bwg_img_custom \"                 id=\"534\"                 src=\"https:\/\/rafaramirez.org\/blog\/wp-content\/uploads\/photo-gallery\/imported_from_media_libray\/thumb\/El_Sueno_pintura-a-pastel_de_Rafael_Ramirez_14._logblogjpg.jpg?bwg=1733402054\"                 data-src=\"https:\/\/rafaramirez.org\/blog\/wp-content\/uploads\/photo-gallery\/imported_from_media_libray\/thumb\/El_Sueno_pintura-a-pastel_de_Rafael_Ramirez_14._logblogjpg.jpg?bwg=1733402054\"                 data-width=\"500.00\"                 data-height=\"375.00\"                 alt=\"El sue\u00f1o pintura a pastel de Rafael Ram\u00edrez.\"                 title=\"El sue\u00f1o pintura a pastel de Rafael Ram\u00edrez.\" \/>                      <\/div>        <\/a>                <a  class=\"bwg-a bwg_lightbox bwg_lightbox_0\" href=\"https:\/\/rafaramirez.org\/blog\/wp-content\/uploads\/photo-gallery\/imported_from_media_libray\/El_Sueno_pintura-a-pastel_de_Rafael_Ramirez_55_logblog.jpg?bwg=1733402054\" data-image-id=\"539\" data-elementor-open-lightbox=\"no\">          <div class=\"bwg_mosaic_thumb_spun_0 bwg-item0 bwg-mosaic-thumb-span \">            <img decoding=\"async\" class=\"bwg_mosaic_thumb_0 skip-lazy bwg_img_clear bwg_img_custom \"                 id=\"539\"                 src=\"https:\/\/rafaramirez.org\/blog\/wp-content\/uploads\/photo-gallery\/imported_from_media_libray\/thumb\/El_Sueno_pintura-a-pastel_de_Rafael_Ramirez_55_logblog.jpg?bwg=1733402054\"                 data-src=\"https:\/\/rafaramirez.org\/blog\/wp-content\/uploads\/photo-gallery\/imported_from_media_libray\/thumb\/El_Sueno_pintura-a-pastel_de_Rafael_Ramirez_55_logblog.jpg?bwg=1733402054\"                 data-width=\"500.00\"                 data-height=\"333.00\"                 alt=\"El sue\u00f1o pintura a pastel de Rafael Ram\u00edrez.\"                 title=\"El sue\u00f1o pintura a pastel de Rafael Ram\u00edrez.\" \/>                      <\/div>        <\/a>                <a  class=\"bwg-a bwg_lightbox bwg_lightbox_0\" href=\"https:\/\/rafaramirez.org\/blog\/wp-content\/uploads\/photo-gallery\/imported_from_media_libray\/El_Sueno_pintura-a-pastel_de_Rafael_Ramirez_66_logblog.jpg?bwg=1733402054\" data-image-id=\"540\" data-elementor-open-lightbox=\"no\">          <div class=\"bwg_mosaic_thumb_spun_0 bwg-item0 bwg-mosaic-thumb-span \">            <img decoding=\"async\" class=\"bwg_mosaic_thumb_0 skip-lazy bwg_img_clear bwg_img_custom \"                 id=\"540\"                 src=\"https:\/\/rafaramirez.org\/blog\/wp-content\/uploads\/photo-gallery\/imported_from_media_libray\/thumb\/El_Sueno_pintura-a-pastel_de_Rafael_Ramirez_66_logblog.jpg?bwg=1733402054\"                 data-src=\"https:\/\/rafaramirez.org\/blog\/wp-content\/uploads\/photo-gallery\/imported_from_media_libray\/thumb\/El_Sueno_pintura-a-pastel_de_Rafael_Ramirez_66_logblog.jpg?bwg=1733402054\"                 data-width=\"373.00\"                 data-height=\"500.00\"                 alt=\"El sue\u00f1o pintura a pastel de Rafael Ram\u00edrez.\"                 title=\"El sue\u00f1o pintura a pastel de Rafael Ram\u00edrez.\" \/>                      <\/div>        <\/a>            <\/div>    <\/div>    <style>      \/*pagination styles*\/      #bwg_container1_0 #bwg_container2_0 .tablenav-pages_0 {\t\t\t\ttext-align: center;\t\t\t\tfont-size: 12px;\t\t\t\tfont-family: Ubuntu;\t\t\t\tfont-weight: bold;\t\t\t\tcolor: #666666;\t\t\t\tmargin: 6px 0 4px;\t\t\t\tdisplay: block;      }      @media only screen and (max-width : 320px) {      #bwg_container1_0 #bwg_container2_0 .displaying-num_0 {     \t display: none;      }      }      #bwg_container1_0 #bwg_container2_0 .displaying-num_0 {\t\t\t\tfont-size: 12px;\t\t\t\tfont-family: Ubuntu;\t\t\t\tfont-weight: bold;\t\t\t\tcolor: #666666;\t\t\t\tmargin-right: 10px;\t\t\t\tvertical-align: middle;      }      #bwg_container1_0 #bwg_container2_0 .paging-input_0 {\t\t\t\tfont-size: 12px;\t\t\t\tfont-family: Ubuntu;\t\t\t\tfont-weight: bold;\t\t\t\tcolor: #666666;\t\t\t\tvertical-align: middle;      }      #bwg_container1_0 #bwg_container2_0 .tablenav-pages_0 a.disabled,      #bwg_container1_0 #bwg_container2_0 .tablenav-pages_0 a.disabled:hover,      #bwg_container1_0 #bwg_container2_0 .tablenav-pages_0 a.disabled:focus,\t\t\t#bwg_container1_0 #bwg_container2_0 .tablenav-pages_0 input.bwg_current_page {\t\t\t\tcursor: default;\t\t\t\tcolor: rgba(102, 102, 102, 0.5);      }      #bwg_container1_0 #bwg_container2_0 .tablenav-pages_0 a,      #bwg_container1_0 #bwg_container2_0 .tablenav-pages_0 input.bwg_current_page {\t\t\t\tcursor: pointer;\t\t\t\ttext-align: center;\t\t\t\tfont-size: 12px;\t\t\t\tfont-family: Ubuntu;\t\t\t\tfont-weight: bold;\t\t\t\tcolor: #666666;\t\t\t\ttext-decoration: none;\t\t\t\tpadding: 3px 6px;\t\t\t\tmargin: 0;\t\t\t\tborder-radius: 0;\t\t\t\tborder-style: solid;\t\t\t\tborder-width: 1px;\t\t\t\tborder-color: #E3E3E3;\t\t\t\t\t\t\t\tbackground-color: rgba(255, 255, 255, 1.00);\t\t\t\tbox-shadow: 0;\t\t\t\ttransition: all 0.3s ease 0s;-webkit-transition: all 0.3s ease 0s;      }      <\/style>      <span class=\"bwg_nav_cont_0\">              <div class=\"tablenav-pages_0\">                  <\/div>                <input type=\"hidden\" id=\"page_number_0\" name=\"page_number_0\" value=\"1\" \/>      <script type=\"text\/javascript\">        if( jQuery('.bwg_nav_cont_0').length > 1 ) {          jQuery('.bwg_nav_cont_0').first().remove()        }        function spider_page_0(cur, x, y, load_more) {          if (typeof load_more == \"undefined\") {            var load_more = false;          }          if (jQuery(cur).hasClass('disabled')) {            return false;          }          var items_county_0 = 1;          switch (y) {            case 1:              if (x >= items_county_0) {                document.getElementById('page_number_0').value = items_county_0;              }              else {                document.getElementById('page_number_0').value = x + 1;              }              break;            case 2:              document.getElementById('page_number_0').value = items_county_0;              break;            case -1:              if (x == 1) {                document.getElementById('page_number_0').value = 1;              }              else {                document.getElementById('page_number_0').value = x - 1;              }              break;            case -2:              document.getElementById('page_number_0').value = 1;              break;\t\t\t\t\t\tcase 0:              document.getElementById('page_number_0').value = x;              break;            default:              document.getElementById('page_number_0').value = 1;          }          bwg_ajax('gal_front_form_0', '0', 'bwg_thumbnails_mosaic_0', '0', '', 'gallery', 0, '', '', load_more, '', 1);        }                    jQuery('.first-page-0').on('click', function () {              spider_page_0(this, 1, -2, 'numeric');              return false;            });            jQuery('.prev-page-0').on('click', function () {              spider_page_0(this, 1, -1, 'numeric');              return false;            });            jQuery('.next-page-0').on('click', function () {              spider_page_0(this, 1, 1, 'numeric');              return false;            });            jQuery('.last-page-0').on('click', function () {              spider_page_0(this, 1, 2, 'numeric');              return false;            });        \t\t\t\t\/* Change page on input enter. *\/        function bwg_change_page_0( e, that ) {          if (  e.key == 'Enter' ) {            var to_page = parseInt(jQuery(that).val());            var pages_count = jQuery(that).parents(\".pagination-links\").data(\"pages-count\");            var current_url_param = jQuery(that).attr('data-url-info');            if (to_page > pages_count) {              to_page = 1;            }\t \t\t\t\t\t\t\t\t\t\t\t\tspider_page_0(this, to_page, 0, 'numeric');\t\t\t\t\t\t\treturn false;\t\t\t\t\t\t          }          return true;        }        jQuery('.bwg_load_btn_0').on('click', function () {            spider_page_0(this, 1, 1, true);            return false;        });      <\/script>      <\/span>                <\/div>        <\/form>        <style>          #bwg_container1_0 #bwg_container2_0 #spider_popup_overlay_0 {          background-color: #EEEEEE;          opacity: 0.60;          }          <\/style>        <div id=\"bwg_spider_popup_loading_0\" class=\"bwg_spider_popup_loading\"><\/div>        <div id=\"spider_popup_overlay_0\" class=\"spider_popup_overlay\" onclick=\"spider_destroypopup(1000)\"><\/div>        <input type=\"hidden\" id=\"bwg_random_seed_0\" value=\"135041744\">                <\/div>    <\/div>    <script>      if (document.readyState === 'complete') {        if( typeof bwg_main_ready == 'function' ) {          if ( jQuery(\"#bwg_container1_0\").height() ) {            bwg_main_ready(jQuery(\"#bwg_container1_0\"));          }        }      } else {        document.addEventListener('DOMContentLoaded', function() {          if( typeof bwg_main_ready == 'function' ) {            if ( jQuery(\"#bwg_container1_0\").height() ) {             bwg_main_ready(jQuery(\"#bwg_container1_0\"));            }          }        });      }    <\/script>    \n<p>Asimismo, en conjunto, los colores de la pintura \u00abEl Sue\u00f1o\u00bb de Rafael Ram\u00edrez crean una sensaci\u00f3n de armon\u00eda y equilibrio. El rojo del sof\u00e1 aporta un toque de luz y vitalidad, mientras que el negro del pelo proporciona un fondo neutro que permite que los dem\u00e1s colores destaquen sobre el azul del cielo.<\/p>\n<blockquote>\n<p style=\"text-align: left;\">EL SUE\u00d1O.<\/p>\n<p style=\"text-align: left;\">Pintura al Pastel sobre cartulina Canson<\/p>\n<p style=\"text-align: left;\">Pintura original realizada por Rafael Ram\u00edrez.<\/p>\n<p style=\"text-align: left;\">T\u00e9cnica: Pastel sobre cartulina \/ papel.<\/p>\n<p style=\"text-align: left;\">Tama\u00f1o: <span class=\"a-list-item\">50 x 65 cm. \u2013 19.68 x 25.59 in.<\/span><\/p>\n<\/blockquote>\n<p>En conclusi\u00f3n, Rafael Ram\u00edrez es conocido por su habilidad en la pintura figurativa, especialmente en retratos, desnudos y paisajes urbanos, utilizando tanto \u00f3leo como pastel. Es as\u00ed que suele emplear una paleta de colores rica y variada, lo que a\u00f1ade una dimensi\u00f3n adicional a sus obras.<\/p>\n<p><strong>\u00bfY t\u00fa que opinas de \u201cEl Sue\u00f1o\u201d, la pintura de Rafael Ram\u00edrez? Puedes dejar tus comentarios debajo del post \u00a1Saludos!<\/strong><\/p>\n<p>M\u00e1s informaci\u00f3n:<\/p>\n<ul>\n<li><a href=\"https:\/\/rafaramirez.org\/blog\/index.php\/category\/mi-pintura\/pintura-a-pastel\/\" target=\"_blank\" rel=\"noopener\">Otras pinturas a pastel de Rafael Ram\u00edrez<\/a>.<\/li>\n<li><a href=\"https:\/\/rafaramirez.org\/blog\/index.php\/category\/mi-pintura\/pintura-al-oleo\/\" target=\"_blank\" rel=\"noopener\">Pinturas al \u00f3leo de Rafael Ram\u00edrez<\/a>.<\/li>\n<li><a href=\"https:\/\/es.pinterest.com\/Ramirez_Rafa\/\" target=\"_blank\" rel=\"noopener\">Pinterest<\/a>.<\/li>\n<\/ul>\n","protected":false},"excerpt":{"rendered":"<p>La pintura a pastel \u00abEl Sue\u00f1o\u00bb de Rafael Ram\u00edrez muestra a una mujer recostada en un sof\u00e1 o div\u00e1n en actitud relajada. La mujer mantiene su brazo izquierdo levantado mientras en su mano derecha sostiene una manzana roja. Sobre el suelo, junto a ella, se encuentra una rosa. En la pared, un aplique refleja una [&hellip;]<\/p>\n","protected":false},"author":3,"featured_media":7174,"comment_status":"open","ping_status":"closed","sticky":false,"template":"","format":"standard","meta":{"site-container-style":"default","site-container-layout":"default","site-sidebar-layout":"default","disable-article-header":"default","disable-site-header":"default","disable-site-footer":"default","disable-content-area-spacing":"default","_jetpack_newsletter_access":"","_jetpack_dont_email_post_to_subs":false,"_jetpack_newsletter_tier_id":0,"_jetpack_memberships_contains_paywalled_content":false,"_jetpack_feature_clip_id":0,"_jetpack_memberships_contains_paid_content":false,"footnotes":"","jetpack_publicize_message":"","jetpack_publicize_feature_enabled":true,"jetpack_social_post_already_shared":true,"jetpack_social_options":{"image_generator_settings":{"template":"highway","default_image_id":0,"font":"","enabled":false},"version":2},"jetpack_post_was_ever_published":false},"categories":[6,7,4208],"tags":[2396,68,1170,2397,2393,687,688,124,139,3845,2398,372,375,3841,2395,526,527,407],"class_list":["post-7134","post","type-post","status-publish","format-standard","has-post-thumbnail","hentry","category-mi-pintura","category-pintura-a-pastel","category-pintura-disponible","tag-armoniosa","tag-blog-de-rafael-ramirez","tag-composicion-armoniosa","tag-contemplacion","tag-cuadro-a-pasteles","tag-cuadro-pintado-a-mano","tag-cuadros-alegres","tag-cuadros-originales","tag-destacado","tag-el-sueno-pintura-a-pastel-de-rafael-ramirez","tag-emocion","tag-pintura-a-pastel","tag-pintura-de-rafael-ramirez","tag-pintura-onirica","tag-pintura-relajante","tag-rafael-ramirez-pintor","tag-rafael-ramirez-pintor-artistico","tag-rafael-ramirez-pintura-artistica"],"yoast_head":"<!-- This site is optimized with the Yoast SEO plugin v28.3 - https:\/\/yoast.com\/product\/yoast-seo-wordpress\/ -->\n<title>&quot;El Sue\u00f1o&quot; pintura de Rafael Ram\u00edrez | T\u00e9cnica pastel | Tama\u00f1o 50x65 cm. - Blog de Rafael Ram\u00edrez<\/title>\n<meta name=\"description\" content=\"La pintura a pastel &quot;El Sue\u00f1o&quot; de Rafael Ram\u00edrez muestra a una mujer recostada en un sof\u00e1 o div\u00e1n en actitud relajada.\" \/>\n<meta name=\"robots\" content=\"index, follow, max-snippet:-1, max-image-preview:large, max-video-preview:-1\" \/>\n<link rel=\"canonical\" href=\"https:\/\/rafaramirez.org\/blog\/index.php\/2024\/12\/09\/el-sueno-pintura-de-rafael-ramirez\/\" \/>\n<meta property=\"og:locale\" content=\"es_ES\" \/>\n<meta property=\"og:type\" content=\"article\" \/>\n<meta property=\"og:title\" content=\"&quot;El Sue\u00f1o&quot; pintura de Rafael Ram\u00edrez | T\u00e9cnica pastel | Tama\u00f1o 50x65 cm. - Blog de Rafael Ram\u00edrez\" \/>\n<meta property=\"og:description\" content=\"La pintura a pastel &quot;El Sue\u00f1o&quot; de Rafael Ram\u00edrez muestra a una mujer recostada en un sof\u00e1 o div\u00e1n en actitud relajada.\" \/>\n<meta property=\"og:url\" content=\"https:\/\/rafaramirez.org\/blog\/index.php\/2024\/12\/09\/el-sueno-pintura-de-rafael-ramirez\/\" \/>\n<meta property=\"og:site_name\" content=\"Blog de Rafael Ram\u00edrez\" \/>\n<meta property=\"article:published_time\" content=\"2024-12-09T07:15:51+00:00\" \/>\n<meta property=\"article:modified_time\" content=\"2026-07-23T10:06:43+00:00\" \/>\n<meta property=\"og:image\" content=\"https:\/\/rafaramirez.org\/blog\/wp-content\/uploads\/2024\/12\/El_sueno_pintura_pastel_de_Rafael-Ramirez_banner.jpg\" \/>\n\t<meta property=\"og:image:width\" content=\"720\" \/>\n\t<meta property=\"og:image:height\" content=\"440\" \/>\n\t<meta property=\"og:image:type\" content=\"image\/jpeg\" \/>\n<meta name=\"author\" content=\"Documentaci\u00f3n e investigaci\u00f3n\" \/>\n<meta name=\"twitter:card\" content=\"summary_large_image\" \/>\n<meta name=\"twitter:site\" content=\"@rafaramirez_ok\" \/>\n<meta name=\"twitter:label1\" content=\"Escrito por\" \/>\n\t<meta name=\"twitter:data1\" content=\"Documentaci\u00f3n e investigaci\u00f3n\" \/>\n\t<meta name=\"twitter:label2\" content=\"Tiempo de lectura\" \/>\n\t<meta name=\"twitter:data2\" content=\"2 minutos\" \/>\n<script type=\"application\/ld+json\" class=\"yoast-schema-graph\">{\"@context\":\"https:\\\/\\\/schema.org\",\"@graph\":[{\"@type\":\"Article\",\"@id\":\"https:\\\/\\\/rafaramirez.org\\\/blog\\\/index.php\\\/2024\\\/12\\\/09\\\/el-sueno-pintura-de-rafael-ramirez\\\/#article\",\"isPartOf\":{\"@id\":\"https:\\\/\\\/rafaramirez.org\\\/blog\\\/index.php\\\/2024\\\/12\\\/09\\\/el-sueno-pintura-de-rafael-ramirez\\\/\"},\"author\":{\"name\":\"Documentaci\u00f3n e investigaci\u00f3n\",\"@id\":\"https:\\\/\\\/rafaramirez.org\\\/blog\\\/#\\\/schema\\\/person\\\/8debd05b3d9a1d16fb21af726811617d\"},\"headline\":\"\u00abEl Sue\u00f1o\u00bb pintura de Rafael Ram\u00edrez | T\u00e9cnica pastel | Tama\u00f1o 50&#215;65 cm.\",\"datePublished\":\"2024-12-09T07:15:51+00:00\",\"dateModified\":\"2026-07-23T10:06:43+00:00\",\"mainEntityOfPage\":{\"@id\":\"https:\\\/\\\/rafaramirez.org\\\/blog\\\/index.php\\\/2024\\\/12\\\/09\\\/el-sueno-pintura-de-rafael-ramirez\\\/\"},\"wordCount\":345,\"commentCount\":0,\"publisher\":{\"@id\":\"https:\\\/\\\/rafaramirez.org\\\/blog\\\/#\\\/schema\\\/person\\\/50f43b6d60c578760d4c17bda54ab6a5\"},\"image\":{\"@id\":\"https:\\\/\\\/rafaramirez.org\\\/blog\\\/index.php\\\/2024\\\/12\\\/09\\\/el-sueno-pintura-de-rafael-ramirez\\\/#primaryimage\"},\"thumbnailUrl\":\"https:\\\/\\\/rafaramirez.org\\\/blog\\\/wp-content\\\/uploads\\\/2024\\\/12\\\/El_sueno_pintura_pastel_de_Rafael-Ramirez_banner.jpg\",\"keywords\":[\"armoniosa\",\"blog de Rafael Ram\u00edrez\",\"composici\u00f3n armoniosa\",\"contemplaci\u00f3n\",\"cuadro a pasteles\",\"cuadro pintado a mano\",\"cuadros alegres\",\"cuadros originales\",\"destacado\",\"El sue\u00f1o pintura a pastel de Rafael Ram\u00edrez\",\"emoci\u00f3n\",\"pintura a pastel\",\"pintura de rafael ram\u00edrez\",\"pintura on\u00edrica\",\"pintura relajante\",\"rafael ramirez pintor\",\"rafael ram\u00edrez pintor art\u00edstico\",\"rafael ram\u00edrez pintura art\u00edstica\"],\"articleSection\":[\"Mi pintura\",\"Pintura a pastel\",\"Pintura disponible\"],\"inLanguage\":\"es\",\"potentialAction\":[{\"@type\":\"CommentAction\",\"name\":\"Comment\",\"target\":[\"https:\\\/\\\/rafaramirez.org\\\/blog\\\/index.php\\\/2024\\\/12\\\/09\\\/el-sueno-pintura-de-rafael-ramirez\\\/#respond\"]}]},{\"@type\":\"WebPage\",\"@id\":\"https:\\\/\\\/rafaramirez.org\\\/blog\\\/index.php\\\/2024\\\/12\\\/09\\\/el-sueno-pintura-de-rafael-ramirez\\\/\",\"url\":\"https:\\\/\\\/rafaramirez.org\\\/blog\\\/index.php\\\/2024\\\/12\\\/09\\\/el-sueno-pintura-de-rafael-ramirez\\\/\",\"name\":\"\\\"El Sue\u00f1o\\\" pintura de Rafael Ram\u00edrez | T\u00e9cnica pastel | Tama\u00f1o 50x65 cm. - Blog de Rafael Ram\u00edrez\",\"isPartOf\":{\"@id\":\"https:\\\/\\\/rafaramirez.org\\\/blog\\\/#website\"},\"primaryImageOfPage\":{\"@id\":\"https:\\\/\\\/rafaramirez.org\\\/blog\\\/index.php\\\/2024\\\/12\\\/09\\\/el-sueno-pintura-de-rafael-ramirez\\\/#primaryimage\"},\"image\":{\"@id\":\"https:\\\/\\\/rafaramirez.org\\\/blog\\\/index.php\\\/2024\\\/12\\\/09\\\/el-sueno-pintura-de-rafael-ramirez\\\/#primaryimage\"},\"thumbnailUrl\":\"https:\\\/\\\/rafaramirez.org\\\/blog\\\/wp-content\\\/uploads\\\/2024\\\/12\\\/El_sueno_pintura_pastel_de_Rafael-Ramirez_banner.jpg\",\"datePublished\":\"2024-12-09T07:15:51+00:00\",\"dateModified\":\"2026-07-23T10:06:43+00:00\",\"description\":\"La pintura a pastel \\\"El Sue\u00f1o\\\" de Rafael Ram\u00edrez muestra a una mujer recostada en un sof\u00e1 o div\u00e1n en actitud relajada.\",\"breadcrumb\":{\"@id\":\"https:\\\/\\\/rafaramirez.org\\\/blog\\\/index.php\\\/2024\\\/12\\\/09\\\/el-sueno-pintura-de-rafael-ramirez\\\/#breadcrumb\"},\"inLanguage\":\"es\",\"potentialAction\":[{\"@type\":\"ReadAction\",\"target\":[\"https:\\\/\\\/rafaramirez.org\\\/blog\\\/index.php\\\/2024\\\/12\\\/09\\\/el-sueno-pintura-de-rafael-ramirez\\\/\"]}]},{\"@type\":\"ImageObject\",\"inLanguage\":\"es\",\"@id\":\"https:\\\/\\\/rafaramirez.org\\\/blog\\\/index.php\\\/2024\\\/12\\\/09\\\/el-sueno-pintura-de-rafael-ramirez\\\/#primaryimage\",\"url\":\"https:\\\/\\\/rafaramirez.org\\\/blog\\\/wp-content\\\/uploads\\\/2024\\\/12\\\/El_sueno_pintura_pastel_de_Rafael-Ramirez_banner.jpg\",\"contentUrl\":\"https:\\\/\\\/rafaramirez.org\\\/blog\\\/wp-content\\\/uploads\\\/2024\\\/12\\\/El_sueno_pintura_pastel_de_Rafael-Ramirez_banner.jpg\",\"width\":720,\"height\":440,\"caption\":\"\\\"El sue\u00f1o\\\" pintura a pastel de Rafael Ram\u00edrez.\"},{\"@type\":\"BreadcrumbList\",\"@id\":\"https:\\\/\\\/rafaramirez.org\\\/blog\\\/index.php\\\/2024\\\/12\\\/09\\\/el-sueno-pintura-de-rafael-ramirez\\\/#breadcrumb\",\"itemListElement\":[{\"@type\":\"ListItem\",\"position\":1,\"name\":\"Portada\",\"item\":\"https:\\\/\\\/rafaramirez.org\\\/blog\\\/\"},{\"@type\":\"ListItem\",\"position\":2,\"name\":\"\u00abEl Sue\u00f1o\u00bb pintura de Rafael Ram\u00edrez | T\u00e9cnica pastel | Tama\u00f1o 50&#215;65 cm.\"}]},{\"@type\":\"WebSite\",\"@id\":\"https:\\\/\\\/rafaramirez.org\\\/blog\\\/#website\",\"url\":\"https:\\\/\\\/rafaramirez.org\\\/blog\\\/\",\"name\":\"Blog de Rafael Ram\u00edrez\",\"description\":\"Un sitio social, de arte y cultura\",\"publisher\":{\"@id\":\"https:\\\/\\\/rafaramirez.org\\\/blog\\\/#\\\/schema\\\/person\\\/50f43b6d60c578760d4c17bda54ab6a5\"},\"potentialAction\":[{\"@type\":\"SearchAction\",\"target\":{\"@type\":\"EntryPoint\",\"urlTemplate\":\"https:\\\/\\\/rafaramirez.org\\\/blog\\\/?s={search_term_string}\"},\"query-input\":{\"@type\":\"PropertyValueSpecification\",\"valueRequired\":true,\"valueName\":\"search_term_string\"}}],\"inLanguage\":\"es\"},{\"@type\":[\"Person\",\"Organization\"],\"@id\":\"https:\\\/\\\/rafaramirez.org\\\/blog\\\/#\\\/schema\\\/person\\\/50f43b6d60c578760d4c17bda54ab6a5\",\"name\":\"Rafael Ram\u00edrez\",\"image\":{\"@type\":\"ImageObject\",\"inLanguage\":\"es\",\"@id\":\"https:\\\/\\\/rafaramirez.org\\\/blog\\\/wp-content\\\/uploads\\\/2024\\\/09\\\/RR_socialnetwork.jpg\",\"url\":\"https:\\\/\\\/rafaramirez.org\\\/blog\\\/wp-content\\\/uploads\\\/2024\\\/09\\\/RR_socialnetwork.jpg\",\"contentUrl\":\"https:\\\/\\\/rafaramirez.org\\\/blog\\\/wp-content\\\/uploads\\\/2024\\\/09\\\/RR_socialnetwork.jpg\",\"width\":600,\"height\":606,\"caption\":\"Rafael Ram\u00edrez\"},\"logo\":{\"@id\":\"https:\\\/\\\/rafaramirez.org\\\/blog\\\/wp-content\\\/uploads\\\/2024\\\/09\\\/RR_socialnetwork.jpg\"},\"sameAs\":[\"https:\\\/\\\/www.rafaramirez.org\\\/blog\",\"https:\\\/\\\/www.instagram.com\\\/rafaramirez_ok\\\/\",\"https:\\\/\\\/es.pinterest.com\\\/Ramirez_Rafa\\\/\",\"https:\\\/\\\/x.com\\\/rafaramirez_ok\"]},{\"@type\":\"Person\",\"@id\":\"https:\\\/\\\/rafaramirez.org\\\/blog\\\/#\\\/schema\\\/person\\\/8debd05b3d9a1d16fb21af726811617d\",\"name\":\"Documentaci\u00f3n e investigaci\u00f3n\",\"image\":{\"@type\":\"ImageObject\",\"inLanguage\":\"es\",\"@id\":\"https:\\\/\\\/secure.gravatar.com\\\/avatar\\\/fe70e496579a39c7a8fc4982b89275403b1092eb200623138a32daada9416911?s=96&d=mm&r=g\",\"url\":\"https:\\\/\\\/secure.gravatar.com\\\/avatar\\\/fe70e496579a39c7a8fc4982b89275403b1092eb200623138a32daada9416911?s=96&d=mm&r=g\",\"contentUrl\":\"https:\\\/\\\/secure.gravatar.com\\\/avatar\\\/fe70e496579a39c7a8fc4982b89275403b1092eb200623138a32daada9416911?s=96&d=mm&r=g\",\"caption\":\"Documentaci\u00f3n e investigaci\u00f3n\"},\"url\":\"https:\\\/\\\/rafaramirez.org\\\/blog\\\/index.php\\\/author\\\/admin\\\/\"}]}<\/script>\n<!-- \/ Yoast SEO plugin. -->","yoast_head_json":{"title":"\"El Sue\u00f1o\" pintura de Rafael Ram\u00edrez | T\u00e9cnica pastel | Tama\u00f1o 50x65 cm. - Blog de Rafael Ram\u00edrez","description":"La pintura a pastel \"El Sue\u00f1o\" de Rafael Ram\u00edrez muestra a una mujer recostada en un sof\u00e1 o div\u00e1n en actitud relajada.","robots":{"index":"index","follow":"follow","max-snippet":"max-snippet:-1","max-image-preview":"max-image-preview:large","max-video-preview":"max-video-preview:-1"},"canonical":"https:\/\/rafaramirez.org\/blog\/index.php\/2024\/12\/09\/el-sueno-pintura-de-rafael-ramirez\/","og_locale":"es_ES","og_type":"article","og_title":"\"El Sue\u00f1o\" pintura de Rafael Ram\u00edrez | T\u00e9cnica pastel | Tama\u00f1o 50x65 cm. - Blog de Rafael Ram\u00edrez","og_description":"La pintura a pastel \"El Sue\u00f1o\" de Rafael Ram\u00edrez muestra a una mujer recostada en un sof\u00e1 o div\u00e1n en actitud relajada.","og_url":"https:\/\/rafaramirez.org\/blog\/index.php\/2024\/12\/09\/el-sueno-pintura-de-rafael-ramirez\/","og_site_name":"Blog de Rafael Ram\u00edrez","article_published_time":"2024-12-09T07:15:51+00:00","article_modified_time":"2026-07-23T10:06:43+00:00","og_image":[{"width":720,"height":440,"url":"https:\/\/rafaramirez.org\/blog\/wp-content\/uploads\/2024\/12\/El_sueno_pintura_pastel_de_Rafael-Ramirez_banner.jpg","type":"image\/jpeg"}],"author":"Documentaci\u00f3n e investigaci\u00f3n","twitter_card":"summary_large_image","twitter_site":"@rafaramirez_ok","twitter_misc":{"Escrito por":"Documentaci\u00f3n e investigaci\u00f3n","Tiempo de lectura":"2 minutos"},"schema":{"@context":"https:\/\/schema.org","@graph":[{"@type":"Article","@id":"https:\/\/rafaramirez.org\/blog\/index.php\/2024\/12\/09\/el-sueno-pintura-de-rafael-ramirez\/#article","isPartOf":{"@id":"https:\/\/rafaramirez.org\/blog\/index.php\/2024\/12\/09\/el-sueno-pintura-de-rafael-ramirez\/"},"author":{"name":"Documentaci\u00f3n e investigaci\u00f3n","@id":"https:\/\/rafaramirez.org\/blog\/#\/schema\/person\/8debd05b3d9a1d16fb21af726811617d"},"headline":"\u00abEl Sue\u00f1o\u00bb pintura de Rafael Ram\u00edrez | T\u00e9cnica pastel | Tama\u00f1o 50&#215;65 cm.","datePublished":"2024-12-09T07:15:51+00:00","dateModified":"2026-07-23T10:06:43+00:00","mainEntityOfPage":{"@id":"https:\/\/rafaramirez.org\/blog\/index.php\/2024\/12\/09\/el-sueno-pintura-de-rafael-ramirez\/"},"wordCount":345,"commentCount":0,"publisher":{"@id":"https:\/\/rafaramirez.org\/blog\/#\/schema\/person\/50f43b6d60c578760d4c17bda54ab6a5"},"image":{"@id":"https:\/\/rafaramirez.org\/blog\/index.php\/2024\/12\/09\/el-sueno-pintura-de-rafael-ramirez\/#primaryimage"},"thumbnailUrl":"https:\/\/rafaramirez.org\/blog\/wp-content\/uploads\/2024\/12\/El_sueno_pintura_pastel_de_Rafael-Ramirez_banner.jpg","keywords":["armoniosa","blog de Rafael Ram\u00edrez","composici\u00f3n armoniosa","contemplaci\u00f3n","cuadro a pasteles","cuadro pintado a mano","cuadros alegres","cuadros originales","destacado","El sue\u00f1o pintura a pastel de Rafael Ram\u00edrez","emoci\u00f3n","pintura a pastel","pintura de rafael ram\u00edrez","pintura on\u00edrica","pintura relajante","rafael ramirez pintor","rafael ram\u00edrez pintor art\u00edstico","rafael ram\u00edrez pintura art\u00edstica"],"articleSection":["Mi pintura","Pintura a pastel","Pintura disponible"],"inLanguage":"es","potentialAction":[{"@type":"CommentAction","name":"Comment","target":["https:\/\/rafaramirez.org\/blog\/index.php\/2024\/12\/09\/el-sueno-pintura-de-rafael-ramirez\/#respond"]}]},{"@type":"WebPage","@id":"https:\/\/rafaramirez.org\/blog\/index.php\/2024\/12\/09\/el-sueno-pintura-de-rafael-ramirez\/","url":"https:\/\/rafaramirez.org\/blog\/index.php\/2024\/12\/09\/el-sueno-pintura-de-rafael-ramirez\/","name":"\"El Sue\u00f1o\" pintura de Rafael Ram\u00edrez | T\u00e9cnica pastel | Tama\u00f1o 50x65 cm. - Blog de Rafael Ram\u00edrez","isPartOf":{"@id":"https:\/\/rafaramirez.org\/blog\/#website"},"primaryImageOfPage":{"@id":"https:\/\/rafaramirez.org\/blog\/index.php\/2024\/12\/09\/el-sueno-pintura-de-rafael-ramirez\/#primaryimage"},"image":{"@id":"https:\/\/rafaramirez.org\/blog\/index.php\/2024\/12\/09\/el-sueno-pintura-de-rafael-ramirez\/#primaryimage"},"thumbnailUrl":"https:\/\/rafaramirez.org\/blog\/wp-content\/uploads\/2024\/12\/El_sueno_pintura_pastel_de_Rafael-Ramirez_banner.jpg","datePublished":"2024-12-09T07:15:51+00:00","dateModified":"2026-07-23T10:06:43+00:00","description":"La pintura a pastel \"El Sue\u00f1o\" de Rafael Ram\u00edrez muestra a una mujer recostada en un sof\u00e1 o div\u00e1n en actitud relajada.","breadcrumb":{"@id":"https:\/\/rafaramirez.org\/blog\/index.php\/2024\/12\/09\/el-sueno-pintura-de-rafael-ramirez\/#breadcrumb"},"inLanguage":"es","potentialAction":[{"@type":"ReadAction","target":["https:\/\/rafaramirez.org\/blog\/index.php\/2024\/12\/09\/el-sueno-pintura-de-rafael-ramirez\/"]}]},{"@type":"ImageObject","inLanguage":"es","@id":"https:\/\/rafaramirez.org\/blog\/index.php\/2024\/12\/09\/el-sueno-pintura-de-rafael-ramirez\/#primaryimage","url":"https:\/\/rafaramirez.org\/blog\/wp-content\/uploads\/2024\/12\/El_sueno_pintura_pastel_de_Rafael-Ramirez_banner.jpg","contentUrl":"https:\/\/rafaramirez.org\/blog\/wp-content\/uploads\/2024\/12\/El_sueno_pintura_pastel_de_Rafael-Ramirez_banner.jpg","width":720,"height":440,"caption":"\"El sue\u00f1o\" pintura a pastel de Rafael Ram\u00edrez."},{"@type":"BreadcrumbList","@id":"https:\/\/rafaramirez.org\/blog\/index.php\/2024\/12\/09\/el-sueno-pintura-de-rafael-ramirez\/#breadcrumb","itemListElement":[{"@type":"ListItem","position":1,"name":"Portada","item":"https:\/\/rafaramirez.org\/blog\/"},{"@type":"ListItem","position":2,"name":"\u00abEl Sue\u00f1o\u00bb pintura de Rafael Ram\u00edrez | T\u00e9cnica pastel | Tama\u00f1o 50&#215;65 cm."}]},{"@type":"WebSite","@id":"https:\/\/rafaramirez.org\/blog\/#website","url":"https:\/\/rafaramirez.org\/blog\/","name":"Blog de Rafael Ram\u00edrez","description":"Un sitio social, de arte y cultura","publisher":{"@id":"https:\/\/rafaramirez.org\/blog\/#\/schema\/person\/50f43b6d60c578760d4c17bda54ab6a5"},"potentialAction":[{"@type":"SearchAction","target":{"@type":"EntryPoint","urlTemplate":"https:\/\/rafaramirez.org\/blog\/?s={search_term_string}"},"query-input":{"@type":"PropertyValueSpecification","valueRequired":true,"valueName":"search_term_string"}}],"inLanguage":"es"},{"@type":["Person","Organization"],"@id":"https:\/\/rafaramirez.org\/blog\/#\/schema\/person\/50f43b6d60c578760d4c17bda54ab6a5","name":"Rafael Ram\u00edrez","image":{"@type":"ImageObject","inLanguage":"es","@id":"https:\/\/rafaramirez.org\/blog\/wp-content\/uploads\/2024\/09\/RR_socialnetwork.jpg","url":"https:\/\/rafaramirez.org\/blog\/wp-content\/uploads\/2024\/09\/RR_socialnetwork.jpg","contentUrl":"https:\/\/rafaramirez.org\/blog\/wp-content\/uploads\/2024\/09\/RR_socialnetwork.jpg","width":600,"height":606,"caption":"Rafael Ram\u00edrez"},"logo":{"@id":"https:\/\/rafaramirez.org\/blog\/wp-content\/uploads\/2024\/09\/RR_socialnetwork.jpg"},"sameAs":["https:\/\/www.rafaramirez.org\/blog","https:\/\/www.instagram.com\/rafaramirez_ok\/","https:\/\/es.pinterest.com\/Ramirez_Rafa\/","https:\/\/x.com\/rafaramirez_ok"]},{"@type":"Person","@id":"https:\/\/rafaramirez.org\/blog\/#\/schema\/person\/8debd05b3d9a1d16fb21af726811617d","name":"Documentaci\u00f3n e investigaci\u00f3n","image":{"@type":"ImageObject","inLanguage":"es","@id":"https:\/\/secure.gravatar.com\/avatar\/fe70e496579a39c7a8fc4982b89275403b1092eb200623138a32daada9416911?s=96&d=mm&r=g","url":"https:\/\/secure.gravatar.com\/avatar\/fe70e496579a39c7a8fc4982b89275403b1092eb200623138a32daada9416911?s=96&d=mm&r=g","contentUrl":"https:\/\/secure.gravatar.com\/avatar\/fe70e496579a39c7a8fc4982b89275403b1092eb200623138a32daada9416911?s=96&d=mm&r=g","caption":"Documentaci\u00f3n e investigaci\u00f3n"},"url":"https:\/\/rafaramirez.org\/blog\/index.php\/author\/admin\/"}]}},"jetpack_publicize_connections":[],"jetpack_sharing_enabled":true,"jetpack_likes_enabled":true,"jetpack_featured_media_url":"https:\/\/rafaramirez.org\/blog\/wp-content\/uploads\/2024\/12\/El_sueno_pintura_pastel_de_Rafael-Ramirez_banner.jpg","_links":{"self":[{"href":"https:\/\/rafaramirez.org\/blog\/index.php\/wp-json\/wp\/v2\/posts\/7134","targetHints":{"allow":["GET"]}}],"collection":[{"href":"https:\/\/rafaramirez.org\/blog\/index.php\/wp-json\/wp\/v2\/posts"}],"about":[{"href":"https:\/\/rafaramirez.org\/blog\/index.php\/wp-json\/wp\/v2\/types\/post"}],"author":[{"embeddable":true,"href":"https:\/\/rafaramirez.org\/blog\/index.php\/wp-json\/wp\/v2\/users\/3"}],"replies":[{"embeddable":true,"href":"https:\/\/rafaramirez.org\/blog\/index.php\/wp-json\/wp\/v2\/comments?post=7134"}],"version-history":[{"count":12,"href":"https:\/\/rafaramirez.org\/blog\/index.php\/wp-json\/wp\/v2\/posts\/7134\/revisions"}],"predecessor-version":[{"id":7236,"href":"https:\/\/rafaramirez.org\/blog\/index.php\/wp-json\/wp\/v2\/posts\/7134\/revisions\/7236"}],"wp:featuredmedia":[{"embeddable":true,"href":"https:\/\/rafaramirez.org\/blog\/index.php\/wp-json\/wp\/v2\/media\/7174"}],"wp:attachment":[{"href":"https:\/\/rafaramirez.org\/blog\/index.php\/wp-json\/wp\/v2\/media?parent=7134"}],"wp:term":[{"taxonomy":"category","embeddable":true,"href":"https:\/\/rafaramirez.org\/blog\/index.php\/wp-json\/wp\/v2\/categories?post=7134"},{"taxonomy":"post_tag","embeddable":true,"href":"https:\/\/rafaramirez.org\/blog\/index.php\/wp-json\/wp\/v2\/tags?post=7134"}],"curies":[{"name":"wp","href":"https:\/\/api.w.org\/{rel}","templated":true}]}}