{"id":7109,"date":"2024-12-05T08:15:00","date_gmt":"2024-12-05T07:15:00","guid":{"rendered":"https:\/\/rafaramirez.org\/blog\/?p=7109"},"modified":"2026-07-14T11:45:58","modified_gmt":"2026-07-14T09:45:58","slug":"camille-corot","status":"publish","type":"post","link":"https:\/\/rafaramirez.org\/blog\/index.php\/2024\/12\/05\/camille-corot\/","title":{"rendered":"Camille Corot el pintor maestro del paisaje y precursor del impresionismo."},"content":{"rendered":"<p><strong>Camille Corot<\/strong> fue un destacado pintor y grabador franc\u00e9s nacido en <strong>Par\u00eds<\/strong>. Corot es especialmente conocido por sus <strong>paisajes<\/strong>, aunque tambi\u00e9n cultiv\u00f3 el <strong>retrato<\/strong>.<\/p>\n<p>Corot fue una figura clave en la<strong> transici\u00f3n del neoclasicismo al <a href=\"https:\/\/rafaramirez.org\/blog\/index.php\/2024\/01\/18\/el-impresionismo-en-la-pintura\/\" target=\"_blank\" rel=\"noopener\">impresionismo<\/a><\/strong>. Su obra influy\u00f3 significativamente en los impresionistas, gracias a su t\u00e9cnica de pintura al aire libre y su <strong>habilidad para capturar la luz y la atm\u00f3sfera<\/strong>. A lo largo de su carrera, Corot realiz\u00f3 varios <strong>viajes a Italia<\/strong>, donde qued\u00f3 fascinado por la luz meridional y los paisajes italianos.<\/p>\n<p>Adem\u00e1s de su \u00e9xito como pintor, Corot fue un <strong>mentor para muchos artistas<\/strong> j\u00f3venes, incluidos <a href=\"https:\/\/rafaramirez.org\/blog\/index.php\/2024\/05\/23\/berthe-morisot-la-impresionista-que-continua-inspirando-a-artistas-y-amantes-del-arte-por-su-vision-unica-y-su-valentia\/\" target=\"_blank\" rel=\"noopener\"><strong>Berthe Morisot<\/strong><\/a> y <a href=\"https:\/\/rafaramirez.org\/blog\/index.php\/2024\/04\/09\/camille-pissarro-el-impresionista-que-dejo-una-huella-duradera-en-la-historia-del-arte\/\" target=\"_blank\" rel=\"noopener\"><strong>Camille Pissarro<\/strong><\/a>. Su legado perdura en la historia del arte como un maestro del paisaje y un<strong> precursor del <a href=\"https:\/\/rafaramirez.org\/blog\/index.php\/2024\/01\/18\/el-impresionismo-en-la-pintura\/\" target=\"_blank\" rel=\"noopener\">impresionismo<\/a><\/strong>.<\/p>\n<h3>Sobre su vida.<\/h3>\n<p><strong>Jean-Baptiste-Camille Corot<\/strong> naci\u00f3 el 16 de julio de <strong>1796 en Par\u00eds<\/strong>, en una familia acomodada. Su padre era comerciante de telas y su madre ten\u00eda una tienda de sombreros. Aunque inicialmente trabaj\u00f3 en el negocio familiar, Corot siempre tuvo una inclinaci\u00f3n por el arte. A los 26 a\u00f1os, con el apoyo financiero de sus padres, <strong>decidi\u00f3 dedicarse por completo a la pintura<\/strong>.<\/p>\n<p>Corot estudi\u00f3 bajo la tutela de <strong>Achille-Etna Michallon<\/strong> y <strong>Jean-Victor Bertin<\/strong>, ambos paisajistas neocl\u00e1sicos. Sin embargo, Corot prefer\u00eda pintar al aire libre, capturando la naturaleza directamente. Entre 1825 y 1828, como te he contando, realiz\u00f3 su <strong>primer viaje a Italia<\/strong>, donde qued\u00f3 maravillado por la luminosidad y los paisajes del pa\u00eds. Este viaje fue <strong>fundamental para su desarrollo art\u00edstico<\/strong>.<\/p>\n<p>A lo largo de su vida, Corot realiz\u00f3 varios viajes m\u00e1s a Italia y otros lugares, siempre buscando nuevas inspiraciones. Su estilo evolucion\u00f3, pero siempre mantuvo su enfoque en <strong>la luz y la atm\u00f3sfera<\/strong>. Aunque nunca se cas\u00f3 ni tuvo hijos, Corot fue un mentor para muchos j\u00f3venes artistas, incluidos los impresionistas.<\/p>\n<p>Corot falleci\u00f3 el 22 de febrero de 1875 en Par\u00eds. Su legado perdura como <strong>uno de los grandes maestros del paisaje<\/strong> y una figura clave en la transici\u00f3n hacia el <a href=\"https:\/\/rafaramirez.org\/blog\/index.php\/2024\/01\/18\/el-impresionismo-en-la-pintura\/\" target=\"_blank\" rel=\"noopener\">impresionismo<\/a>.<\/p>\n<figure id=\"attachment_7123\" aria-describedby=\"caption-attachment-7123\" style=\"width: 218px\" class=\"wp-caption aligncenter\"><a href=\"https:\/\/rafaramirez.org\/blog\/wp-content\/uploads\/2024\/12\/Camille_Corot_retrato_color.jpg\" target=\"_blank\" rel=\"noopener\"><img loading=\"lazy\" decoding=\"async\" class=\"wp-image-7123 size-medium\" src=\"https:\/\/rafaramirez.org\/blog\/wp-content\/uploads\/2024\/12\/Camille_Corot_retrato_color-218x300.jpg\" alt=\"Retrato del pintor Camille Corot. Blog de Rafael Ram\u00edrez.\" width=\"218\" height=\"300\" srcset=\"https:\/\/rafaramirez.org\/blog\/wp-content\/uploads\/2024\/12\/Camille_Corot_retrato_color-218x300.jpg 218w, https:\/\/rafaramirez.org\/blog\/wp-content\/uploads\/2024\/12\/Camille_Corot_retrato_color.jpg 298w\" sizes=\"auto, (max-width: 218px) 100vw, 218px\" \/><\/a><figcaption id=\"caption-attachment-7123\" class=\"wp-caption-text\">Retrato del pintor Camille Corot. Blog de Rafael Ram\u00edrez.<\/figcaption><\/figure>\n<h3>Estilo de Corot e influencia en otros artistas.<\/h3>\n<p>El estilo de Camille Corot es conocido por su enfoque en el paisaje y su<strong> habilidad para capturar la luz<\/strong> y la atm\u00f3sfera de manera \u00fanica. Corot fue un pionero en la pintura al aire libre, lo que le permiti\u00f3 observar y representar la naturaleza con una frescura y espontaneidad que eran innovadoras para su tiempo. Sus obras a menudo presentan una<strong> paleta de colores suaves y una composici\u00f3n equilibrada<\/strong>, con un \u00e9nfasis en la tranquilidad y la serenidad del paisaje.<\/p>\n<p>Corot tambi\u00e9n fue un <strong>maestro en el uso del esfumado<\/strong>, una t\u00e9cnica que implica el uso de transiciones suaves entre colores y tonos para crear un efecto de neblina o atm\u00f3sfera. Esta t\u00e9cnica le permiti\u00f3 crear<strong> paisajes que parec\u00edan casi et\u00e9reos<\/strong> y llenos de una luz difusa y envolvente.<\/p>\n<p>La influencia de Corot en otros artistas fue significativa. Fue un mentor para muchos pintores j\u00f3venes, incluidos <strong>los impresionistas<\/strong> como <a href=\"https:\/\/rafaramirez.org\/blog\/index.php\/2024\/09\/26\/claude-monet\/\" target=\"_blank\" rel=\"noopener\"><strong>Claude Monet<\/strong><\/a> y <a href=\"https:\/\/rafaramirez.org\/blog\/index.php\/2024\/04\/09\/camille-pissarro-el-impresionista-que-dejo-una-huella-duradera-en-la-historia-del-arte\/\" target=\"_blank\" rel=\"noopener\"><strong>Camille Pissarro<\/strong><\/a>. Su enfoque en la luz y la atm\u00f3sfera, as\u00ed como su t\u00e9cnica de pintura al aire libre, fueron adoptados y desarrollados por estos artistas, quienes llevaron sus ideas a\u00fan m\u00e1s lejos en el movimiento impresionista. Adem\u00e1s, su capacidad para <strong>capturar la esencia de un paisaje con simplicidad y elegancia<\/strong> inspir\u00f3 a generaciones de pintores paisajistas.<\/p>\n<h3>Obras destacadas de Camille Corot.<\/h3>\n<p>Camille Corot dej\u00f3 un legado impresionante con sus paisajes y retratos. Aqu\u00ed tienes algunas de sus obras m\u00e1s destacadas:<\/p>\n<ol>\n<li><strong>\u00abEl puente de Narni\u00bb (1826):<\/strong> Esta obra, creada durante su primer viaje a Italia, es un ejemplo perfecto de su habilidad para capturar la luz y la atm\u00f3sfera del paisaje.\n<p><figure id=\"attachment_7114\" aria-describedby=\"caption-attachment-7114\" style=\"width: 300px\" class=\"wp-caption aligncenter\"><a href=\"https:\/\/rafaramirez.org\/blog\/wp-content\/uploads\/2024\/12\/Le_pont_de_Narni_-_Camille_Corot_-_1826_ok.jpg\" target=\"_blank\" rel=\"noopener\"><img loading=\"lazy\" decoding=\"async\" class=\"wp-image-7114 size-medium\" src=\"https:\/\/rafaramirez.org\/blog\/wp-content\/uploads\/2024\/12\/Le_pont_de_Narni_-_Camille_Corot_-_1826_ok-300x205.jpg\" alt=\"&quot;El puente de Narni&quot; (1826). Camille Corot. Blog de Rafael Ram\u00edrez.\" width=\"300\" height=\"205\" srcset=\"https:\/\/rafaramirez.org\/blog\/wp-content\/uploads\/2024\/12\/Le_pont_de_Narni_-_Camille_Corot_-_1826_ok-300x205.jpg 300w, https:\/\/rafaramirez.org\/blog\/wp-content\/uploads\/2024\/12\/Le_pont_de_Narni_-_Camille_Corot_-_1826_ok-1024x701.jpg 1024w, https:\/\/rafaramirez.org\/blog\/wp-content\/uploads\/2024\/12\/Le_pont_de_Narni_-_Camille_Corot_-_1826_ok-768x526.jpg 768w, https:\/\/rafaramirez.org\/blog\/wp-content\/uploads\/2024\/12\/Le_pont_de_Narni_-_Camille_Corot_-_1826_ok-1536x1051.jpg 1536w, https:\/\/rafaramirez.org\/blog\/wp-content\/uploads\/2024\/12\/Le_pont_de_Narni_-_Camille_Corot_-_1826_ok-2048x1402.jpg 2048w\" sizes=\"auto, (max-width: 300px) 100vw, 300px\" \/><\/a><figcaption id=\"caption-attachment-7114\" class=\"wp-caption-text\">\u00abEl puente de Narni\u00bb (1826). Camille Corot. Blog de Rafael Ram\u00edrez.<\/figcaption><\/figure><\/li>\n<li><strong>\u00abRecuerdo de Mortefontaine\u00bb (1864):<\/strong> Un paisaje sereno que muestra su maestr\u00eda en el uso del sfumato para crear una atm\u00f3sfera et\u00e9rea.\n<p><figure id=\"attachment_7113\" aria-describedby=\"caption-attachment-7113\" style=\"width: 300px\" class=\"wp-caption aligncenter\"><a href=\"https:\/\/rafaramirez.org\/blog\/wp-content\/uploads\/2024\/12\/Souvenir_de_Mortefontaine_-_Camille_Corot_-_1864_ok.jpg\" target=\"_blank\" rel=\"noopener\"><img loading=\"lazy\" decoding=\"async\" class=\"wp-image-7113 size-medium\" src=\"https:\/\/rafaramirez.org\/blog\/wp-content\/uploads\/2024\/12\/Souvenir_de_Mortefontaine_-_Camille_Corot_-_1864_ok-300x217.jpg\" alt=\"&quot;Recuerdo de Mortefontaine&quot; (1864). Camille Corot. Blog de Rafael Ram\u00edrez.\" width=\"300\" height=\"217\" srcset=\"https:\/\/rafaramirez.org\/blog\/wp-content\/uploads\/2024\/12\/Souvenir_de_Mortefontaine_-_Camille_Corot_-_1864_ok-300x217.jpg 300w, https:\/\/rafaramirez.org\/blog\/wp-content\/uploads\/2024\/12\/Souvenir_de_Mortefontaine_-_Camille_Corot_-_1864_ok-1024x741.jpg 1024w, https:\/\/rafaramirez.org\/blog\/wp-content\/uploads\/2024\/12\/Souvenir_de_Mortefontaine_-_Camille_Corot_-_1864_ok-768x555.jpg 768w, https:\/\/rafaramirez.org\/blog\/wp-content\/uploads\/2024\/12\/Souvenir_de_Mortefontaine_-_Camille_Corot_-_1864_ok-1536x1111.jpg 1536w, https:\/\/rafaramirez.org\/blog\/wp-content\/uploads\/2024\/12\/Souvenir_de_Mortefontaine_-_Camille_Corot_-_1864_ok-2048x1481.jpg 2048w\" sizes=\"auto, (max-width: 300px) 100vw, 300px\" \/><\/a><figcaption id=\"caption-attachment-7113\" class=\"wp-caption-text\">\u00abRecuerdo de Mortefontaine\u00bb (1864). Camille Corot. Blog de Rafael Ram\u00edrez.<\/figcaption><\/figure><\/li>\n<li><strong>\u00abLa catedral de Chartres\u00bb (1830):<\/strong> Una representaci\u00f3n detallada y atmosf\u00e9rica de la famosa catedral francesa.\n<p><figure id=\"attachment_7117\" aria-describedby=\"caption-attachment-7117\" style=\"width: 238px\" class=\"wp-caption aligncenter\"><a href=\"https:\/\/rafaramirez.org\/blog\/wp-content\/uploads\/2024\/12\/The_Cathedral_of_Chartres_-_Camille_Corot_1830_ok.jpg\" target=\"_blank\" rel=\"noopener\"><img loading=\"lazy\" decoding=\"async\" class=\"wp-image-7117 size-medium\" src=\"https:\/\/rafaramirez.org\/blog\/wp-content\/uploads\/2024\/12\/The_Cathedral_of_Chartres_-_Camille_Corot_1830_ok-238x300.jpg\" alt=\"&quot;La catedral de Chartres&quot; (1830). Blog de Rafael Ram\u00edrez.\" width=\"238\" height=\"300\" srcset=\"https:\/\/rafaramirez.org\/blog\/wp-content\/uploads\/2024\/12\/The_Cathedral_of_Chartres_-_Camille_Corot_1830_ok-238x300.jpg 238w, https:\/\/rafaramirez.org\/blog\/wp-content\/uploads\/2024\/12\/The_Cathedral_of_Chartres_-_Camille_Corot_1830_ok-814x1024.jpg 814w, https:\/\/rafaramirez.org\/blog\/wp-content\/uploads\/2024\/12\/The_Cathedral_of_Chartres_-_Camille_Corot_1830_ok-768x967.jpg 768w, https:\/\/rafaramirez.org\/blog\/wp-content\/uploads\/2024\/12\/The_Cathedral_of_Chartres_-_Camille_Corot_1830_ok.jpg 1160w\" sizes=\"auto, (max-width: 238px) 100vw, 238px\" \/><\/a><figcaption id=\"caption-attachment-7117\" class=\"wp-caption-text\">\u00abLa catedral de Chartres\u00bb (1830). Camille Corot. Blog de Rafael Ram\u00edrez.<\/figcaption><\/figure><\/li>\n<li><strong>\u00abMujer con perla\u00bb (1868-1870):<\/strong> Un retrato que destaca por su delicadeza y la sutileza en el uso de la luz.\n<p><figure id=\"attachment_7118\" aria-describedby=\"caption-attachment-7118\" style=\"width: 212px\" class=\"wp-caption aligncenter\"><a href=\"https:\/\/rafaramirez.org\/blog\/wp-content\/uploads\/2024\/12\/Camille_Corot_-_Woman_with_a_Pearl_1868-1870.jpg\" target=\"_blank\" rel=\"noopener\"><img loading=\"lazy\" decoding=\"async\" class=\"wp-image-7118 size-medium\" src=\"https:\/\/rafaramirez.org\/blog\/wp-content\/uploads\/2024\/12\/Camille_Corot_-_Woman_with_a_Pearl_1868-1870-212x300.jpg\" alt=\"&quot;Mujer con perla&quot; (1868-1870). Camille Corot. Blog de Rafael Ram\u00edrez.\" width=\"212\" height=\"300\" srcset=\"https:\/\/rafaramirez.org\/blog\/wp-content\/uploads\/2024\/12\/Camille_Corot_-_Woman_with_a_Pearl_1868-1870-212x300.jpg 212w, https:\/\/rafaramirez.org\/blog\/wp-content\/uploads\/2024\/12\/Camille_Corot_-_Woman_with_a_Pearl_1868-1870-723x1024.jpg 723w, https:\/\/rafaramirez.org\/blog\/wp-content\/uploads\/2024\/12\/Camille_Corot_-_Woman_with_a_Pearl_1868-1870-768x1087.jpg 768w, https:\/\/rafaramirez.org\/blog\/wp-content\/uploads\/2024\/12\/Camille_Corot_-_Woman_with_a_Pearl_1868-1870.jpg 782w\" sizes=\"auto, (max-width: 212px) 100vw, 212px\" \/><\/a><figcaption id=\"caption-attachment-7118\" class=\"wp-caption-text\">\u00abMujer con perla\u00bb (1868-1870). Camille Corot. Blog de Rafael Ram\u00edrez.<\/figcaption><\/figure><\/li>\n<li><strong>\u00abEl bosque de Fontainebleau\u00bb (1834):<\/strong> Una obra que muestra su amor por la naturaleza y su habilidad para capturar la esencia de los bosques franceses.\n<p><figure id=\"attachment_7119\" aria-describedby=\"caption-attachment-7119\" style=\"width: 300px\" class=\"wp-caption aligncenter\"><a href=\"https:\/\/rafaramirez.org\/blog\/wp-content\/uploads\/2024\/12\/forest-of-fontainebleau_-_Camille_Corot_1834.jpg\" target=\"_blank\" rel=\"noopener\"><img loading=\"lazy\" decoding=\"async\" class=\"wp-image-7119 size-medium\" src=\"https:\/\/rafaramirez.org\/blog\/wp-content\/uploads\/2024\/12\/forest-of-fontainebleau_-_Camille_Corot_1834-300x218.jpg\" alt=\"&quot;El bosque de Fontainebleau&quot; (1834). Blog de Rafael Ram\u00edrez.\" width=\"300\" height=\"218\" srcset=\"https:\/\/rafaramirez.org\/blog\/wp-content\/uploads\/2024\/12\/forest-of-fontainebleau_-_Camille_Corot_1834-300x218.jpg 300w, https:\/\/rafaramirez.org\/blog\/wp-content\/uploads\/2024\/12\/forest-of-fontainebleau_-_Camille_Corot_1834-1024x743.jpg 1024w, https:\/\/rafaramirez.org\/blog\/wp-content\/uploads\/2024\/12\/forest-of-fontainebleau_-_Camille_Corot_1834-768x557.jpg 768w, https:\/\/rafaramirez.org\/blog\/wp-content\/uploads\/2024\/12\/forest-of-fontainebleau_-_Camille_Corot_1834-1536x1114.jpg 1536w, https:\/\/rafaramirez.org\/blog\/wp-content\/uploads\/2024\/12\/forest-of-fontainebleau_-_Camille_Corot_1834.jpg 1920w\" sizes=\"auto, (max-width: 300px) 100vw, 300px\" \/><\/a><figcaption id=\"caption-attachment-7119\" class=\"wp-caption-text\">\u00abEl bosque de Fontainebleau\u00bb (1834). Camille Corot. Blog de Rafael Ram\u00edrez.<\/figcaption><\/figure><\/li>\n<\/ol>\n<p>Estas obras reflejan la evoluci\u00f3n de su estilo y su influencia en el desarrollo del impresionismo.<\/p>\n<p>En resumen, Camille Corot fue pionero del paisaje, innovando en la pintura al aire libre. Fue puente entre el neoclasicismo y el <a href=\"https:\/\/rafaramirez.org\/blog\/index.php\/2024\/01\/18\/el-impresionismo-en-la-pintura\/\" target=\"_blank\" rel=\"noopener\">impresionismo<\/a>, realizando esta transici\u00f3n art\u00edstica de manera notable. Tambi\u00e9n supo capturar, de manera magistral y \u00fanica, la atm\u00f3sfera y la luz. Su influencia perdura ya que inspir\u00f3 a impresionistas como <a href=\"https:\/\/rafaramirez.org\/blog\/index.php\/2024\/09\/26\/claude-monet\/\" target=\"_blank\" rel=\"noopener\">Monet<\/a> y <a href=\"https:\/\/rafaramirez.org\/blog\/index.php\/2024\/04\/09\/camille-pissarro\/\" target=\"_blank\" rel=\"noopener\">Pissarro<\/a>. Asimismo se convirti\u00f3 en un mentor generoso ayudando a formar a muchos j\u00f3venes artistas.<\/p>\n<p>M\u00e1s informaci\u00f3n:<\/p>\n<ul>\n<li><a href=\"https:\/\/es.wikipedia.org\/wiki\/Camille_Corot\" target=\"_blank\" rel=\"noopener\">Wikipedia<\/a>.<\/li>\n<li><a href=\"https:\/\/www.britannica.com\/biography\/Camille-Corot\" target=\"_blank\" rel=\"noopener\">Britannica<\/a>. (Ingl\u00e9s)<\/li>\n<li><a href=\"https:\/\/www.wikiart.org\/es\/camille-corot\" target=\"_blank\" rel=\"noopener\">Wikiart<\/a>.<\/li>\n<li><a href=\"https:\/\/rafaramirez.org\/blog\/index.php\/category\/arte\/historia-del-arte\/\" target=\"_blank\" rel=\"noopener\">Vida y obra de otros grandes pintores<\/a>.<\/li>\n<\/ul>\n","protected":false},"excerpt":{"rendered":"<p>Camille Corot fue un destacado pintor y grabador franc\u00e9s nacido en Par\u00eds. Corot es especialmente conocido por sus paisajes, aunque tambi\u00e9n cultiv\u00f3 el retrato. Corot fue una figura clave en la transici\u00f3n del neoclasicismo al impresionismo. Su obra influy\u00f3 significativamente en los impresionistas, gracias a su t\u00e9cnica de pintura al aire libre y su habilidad [&hellip;]<\/p>\n","protected":false},"author":3,"featured_media":7121,"comment_status":"open","ping_status":"closed","sticky":false,"template":"","format":"standard","meta":{"site-container-style":"default","site-container-layout":"default","site-sidebar-layout":"default","disable-article-header":"default","disable-site-header":"default","disable-site-footer":"default","disable-content-area-spacing":"default","_jetpack_newsletter_access":"","_jetpack_dont_email_post_to_subs":false,"_jetpack_newsletter_tier_id":0,"_jetpack_memberships_contains_paywalled_content":false,"_jetpack_feature_clip_id":0,"_jetpack_memberships_contains_paid_content":false,"footnotes":"","jetpack_publicize_message":"","jetpack_publicize_feature_enabled":true,"jetpack_social_post_already_shared":true,"jetpack_social_options":{"image_generator_settings":{"template":"highway","default_image_id":0,"font":"","enabled":false},"version":2},"jetpack_post_was_ever_published":false},"categories":[1290],"tags":[3805,3804,1611,3764,3803,968,738,3807,1614,3806,967],"class_list":["post-7109","post","type-post","status-publish","format-standard","has-post-thumbnail","hentry","category-historia-del-arte","tag-biografia-de-camille-corot","tag-biografia-de-pintores","tag-camille-corot","tag-critica-de-arte","tag-esfumado","tag-esfumato","tag-maestros-de-la-pintura","tag-maestros-del-paisaje","tag-pintura-al-aire-libre","tag-precursor-del-impresionismo","tag-sfumato"],"yoast_head":"<!-- This site is optimized with the Yoast SEO plugin v28.3 - https:\/\/yoast.com\/product\/yoast-seo-wordpress\/ -->\n<title>Camille Corot el pintor maestro del paisaje y precursor del impresionismo. - Blog de Rafael Ram\u00edrez<\/title>\n<meta name=\"description\" content=\"Camille Corot fue un destacado pintor franc\u00e9s. Corot es especialmente conocido por sus paisajes, aunque tambi\u00e9n cultiv\u00f3 el retrato.\" \/>\n<meta name=\"robots\" content=\"index, follow, max-snippet:-1, max-image-preview:large, max-video-preview:-1\" \/>\n<link rel=\"canonical\" href=\"https:\/\/rafaramirez.org\/blog\/index.php\/2024\/12\/05\/camille-corot\/\" \/>\n<meta property=\"og:locale\" content=\"es_ES\" \/>\n<meta property=\"og:type\" content=\"article\" \/>\n<meta property=\"og:title\" content=\"Camille Corot el pintor maestro del paisaje y precursor del impresionismo. - Blog de Rafael Ram\u00edrez\" \/>\n<meta property=\"og:description\" content=\"Camille Corot fue un destacado pintor franc\u00e9s. Corot es especialmente conocido por sus paisajes, aunque tambi\u00e9n cultiv\u00f3 el retrato.\" \/>\n<meta property=\"og:url\" content=\"https:\/\/rafaramirez.org\/blog\/index.php\/2024\/12\/05\/camille-corot\/\" \/>\n<meta property=\"og:site_name\" content=\"Blog de Rafael Ram\u00edrez\" \/>\n<meta property=\"article:published_time\" content=\"2024-12-05T07:15:00+00:00\" \/>\n<meta property=\"article:modified_time\" content=\"2026-07-14T09:45:58+00:00\" \/>\n<meta property=\"og:image\" content=\"https:\/\/rafaramirez.org\/blog\/wp-content\/uploads\/2024\/12\/Camille-Corot_banner.jpg\" \/>\n\t<meta property=\"og:image:width\" content=\"720\" \/>\n\t<meta property=\"og:image:height\" content=\"440\" \/>\n\t<meta property=\"og:image:type\" content=\"image\/jpeg\" \/>\n<meta name=\"author\" content=\"Documentaci\u00f3n e investigaci\u00f3n\" \/>\n<meta name=\"twitter:card\" content=\"summary_large_image\" \/>\n<meta name=\"twitter:site\" content=\"@rafaramirez_ok\" \/>\n<meta name=\"twitter:label1\" content=\"Escrito por\" \/>\n\t<meta name=\"twitter:data1\" content=\"Documentaci\u00f3n e investigaci\u00f3n\" \/>\n\t<meta name=\"twitter:label2\" content=\"Tiempo de lectura\" \/>\n\t<meta name=\"twitter:data2\" content=\"6 minutos\" \/>\n<script type=\"application\/ld+json\" class=\"yoast-schema-graph\">{\"@context\":\"https:\\\/\\\/schema.org\",\"@graph\":[{\"@type\":\"Article\",\"@id\":\"https:\\\/\\\/rafaramirez.org\\\/blog\\\/index.php\\\/2024\\\/12\\\/05\\\/camille-corot\\\/#article\",\"isPartOf\":{\"@id\":\"https:\\\/\\\/rafaramirez.org\\\/blog\\\/index.php\\\/2024\\\/12\\\/05\\\/camille-corot\\\/\"},\"author\":{\"name\":\"Documentaci\u00f3n e investigaci\u00f3n\",\"@id\":\"https:\\\/\\\/rafaramirez.org\\\/blog\\\/#\\\/schema\\\/person\\\/8debd05b3d9a1d16fb21af726811617d\"},\"headline\":\"Camille Corot el pintor maestro del paisaje y precursor del impresionismo.\",\"datePublished\":\"2024-12-05T07:15:00+00:00\",\"dateModified\":\"2026-07-14T09:45:58+00:00\",\"mainEntityOfPage\":{\"@id\":\"https:\\\/\\\/rafaramirez.org\\\/blog\\\/index.php\\\/2024\\\/12\\\/05\\\/camille-corot\\\/\"},\"wordCount\":938,\"commentCount\":0,\"publisher\":{\"@id\":\"https:\\\/\\\/rafaramirez.org\\\/blog\\\/#\\\/schema\\\/person\\\/50f43b6d60c578760d4c17bda54ab6a5\"},\"image\":{\"@id\":\"https:\\\/\\\/rafaramirez.org\\\/blog\\\/index.php\\\/2024\\\/12\\\/05\\\/camille-corot\\\/#primaryimage\"},\"thumbnailUrl\":\"https:\\\/\\\/rafaramirez.org\\\/blog\\\/wp-content\\\/uploads\\\/2024\\\/12\\\/Camille-Corot_banner.jpg\",\"keywords\":[\"biograf\u00eda de Camille Corot\",\"biograf\u00eda de pintores\",\"Camille Corot\",\"cr\u00edtica de arte\",\"esfumado\",\"esfumato\",\"maestros de la pintura\",\"maestros del paisaje\",\"pintura al aire libre\",\"precursor del impresionismo\",\"Sfumato\"],\"articleSection\":[\"Historia del arte\"],\"inLanguage\":\"es\",\"potentialAction\":[{\"@type\":\"CommentAction\",\"name\":\"Comment\",\"target\":[\"https:\\\/\\\/rafaramirez.org\\\/blog\\\/index.php\\\/2024\\\/12\\\/05\\\/camille-corot\\\/#respond\"]}]},{\"@type\":\"WebPage\",\"@id\":\"https:\\\/\\\/rafaramirez.org\\\/blog\\\/index.php\\\/2024\\\/12\\\/05\\\/camille-corot\\\/\",\"url\":\"https:\\\/\\\/rafaramirez.org\\\/blog\\\/index.php\\\/2024\\\/12\\\/05\\\/camille-corot\\\/\",\"name\":\"Camille Corot el pintor maestro del paisaje y precursor del impresionismo. - Blog de Rafael Ram\u00edrez\",\"isPartOf\":{\"@id\":\"https:\\\/\\\/rafaramirez.org\\\/blog\\\/#website\"},\"primaryImageOfPage\":{\"@id\":\"https:\\\/\\\/rafaramirez.org\\\/blog\\\/index.php\\\/2024\\\/12\\\/05\\\/camille-corot\\\/#primaryimage\"},\"image\":{\"@id\":\"https:\\\/\\\/rafaramirez.org\\\/blog\\\/index.php\\\/2024\\\/12\\\/05\\\/camille-corot\\\/#primaryimage\"},\"thumbnailUrl\":\"https:\\\/\\\/rafaramirez.org\\\/blog\\\/wp-content\\\/uploads\\\/2024\\\/12\\\/Camille-Corot_banner.jpg\",\"datePublished\":\"2024-12-05T07:15:00+00:00\",\"dateModified\":\"2026-07-14T09:45:58+00:00\",\"description\":\"Camille Corot fue un destacado pintor franc\u00e9s. Corot es especialmente conocido por sus paisajes, aunque tambi\u00e9n cultiv\u00f3 el retrato.\",\"breadcrumb\":{\"@id\":\"https:\\\/\\\/rafaramirez.org\\\/blog\\\/index.php\\\/2024\\\/12\\\/05\\\/camille-corot\\\/#breadcrumb\"},\"inLanguage\":\"es\",\"potentialAction\":[{\"@type\":\"ReadAction\",\"target\":[\"https:\\\/\\\/rafaramirez.org\\\/blog\\\/index.php\\\/2024\\\/12\\\/05\\\/camille-corot\\\/\"]}]},{\"@type\":\"ImageObject\",\"inLanguage\":\"es\",\"@id\":\"https:\\\/\\\/rafaramirez.org\\\/blog\\\/index.php\\\/2024\\\/12\\\/05\\\/camille-corot\\\/#primaryimage\",\"url\":\"https:\\\/\\\/rafaramirez.org\\\/blog\\\/wp-content\\\/uploads\\\/2024\\\/12\\\/Camille-Corot_banner.jpg\",\"contentUrl\":\"https:\\\/\\\/rafaramirez.org\\\/blog\\\/wp-content\\\/uploads\\\/2024\\\/12\\\/Camille-Corot_banner.jpg\",\"width\":720,\"height\":440,\"caption\":\"El pintor Camille Corot. Blog de Rafael Ram\u00edrez.\"},{\"@type\":\"BreadcrumbList\",\"@id\":\"https:\\\/\\\/rafaramirez.org\\\/blog\\\/index.php\\\/2024\\\/12\\\/05\\\/camille-corot\\\/#breadcrumb\",\"itemListElement\":[{\"@type\":\"ListItem\",\"position\":1,\"name\":\"Portada\",\"item\":\"https:\\\/\\\/rafaramirez.org\\\/blog\\\/\"},{\"@type\":\"ListItem\",\"position\":2,\"name\":\"Camille Corot el pintor maestro del paisaje y precursor del impresionismo.\"}]},{\"@type\":\"WebSite\",\"@id\":\"https:\\\/\\\/rafaramirez.org\\\/blog\\\/#website\",\"url\":\"https:\\\/\\\/rafaramirez.org\\\/blog\\\/\",\"name\":\"Blog de Rafael Ram\u00edrez\",\"description\":\"Un sitio social, de arte y cultura\",\"publisher\":{\"@id\":\"https:\\\/\\\/rafaramirez.org\\\/blog\\\/#\\\/schema\\\/person\\\/50f43b6d60c578760d4c17bda54ab6a5\"},\"potentialAction\":[{\"@type\":\"SearchAction\",\"target\":{\"@type\":\"EntryPoint\",\"urlTemplate\":\"https:\\\/\\\/rafaramirez.org\\\/blog\\\/?s={search_term_string}\"},\"query-input\":{\"@type\":\"PropertyValueSpecification\",\"valueRequired\":true,\"valueName\":\"search_term_string\"}}],\"inLanguage\":\"es\"},{\"@type\":[\"Person\",\"Organization\"],\"@id\":\"https:\\\/\\\/rafaramirez.org\\\/blog\\\/#\\\/schema\\\/person\\\/50f43b6d60c578760d4c17bda54ab6a5\",\"name\":\"Rafael Ram\u00edrez\",\"image\":{\"@type\":\"ImageObject\",\"inLanguage\":\"es\",\"@id\":\"https:\\\/\\\/rafaramirez.org\\\/blog\\\/wp-content\\\/uploads\\\/2024\\\/09\\\/RR_socialnetwork.jpg\",\"url\":\"https:\\\/\\\/rafaramirez.org\\\/blog\\\/wp-content\\\/uploads\\\/2024\\\/09\\\/RR_socialnetwork.jpg\",\"contentUrl\":\"https:\\\/\\\/rafaramirez.org\\\/blog\\\/wp-content\\\/uploads\\\/2024\\\/09\\\/RR_socialnetwork.jpg\",\"width\":600,\"height\":606,\"caption\":\"Rafael Ram\u00edrez\"},\"logo\":{\"@id\":\"https:\\\/\\\/rafaramirez.org\\\/blog\\\/wp-content\\\/uploads\\\/2024\\\/09\\\/RR_socialnetwork.jpg\"},\"sameAs\":[\"https:\\\/\\\/www.rafaramirez.org\\\/blog\",\"https:\\\/\\\/www.instagram.com\\\/rafaramirez_ok\\\/\",\"https:\\\/\\\/es.pinterest.com\\\/Ramirez_Rafa\\\/\",\"https:\\\/\\\/x.com\\\/rafaramirez_ok\"]},{\"@type\":\"Person\",\"@id\":\"https:\\\/\\\/rafaramirez.org\\\/blog\\\/#\\\/schema\\\/person\\\/8debd05b3d9a1d16fb21af726811617d\",\"name\":\"Documentaci\u00f3n e investigaci\u00f3n\",\"image\":{\"@type\":\"ImageObject\",\"inLanguage\":\"es\",\"@id\":\"https:\\\/\\\/secure.gravatar.com\\\/avatar\\\/fe70e496579a39c7a8fc4982b89275403b1092eb200623138a32daada9416911?s=96&d=mm&r=g\",\"url\":\"https:\\\/\\\/secure.gravatar.com\\\/avatar\\\/fe70e496579a39c7a8fc4982b89275403b1092eb200623138a32daada9416911?s=96&d=mm&r=g\",\"contentUrl\":\"https:\\\/\\\/secure.gravatar.com\\\/avatar\\\/fe70e496579a39c7a8fc4982b89275403b1092eb200623138a32daada9416911?s=96&d=mm&r=g\",\"caption\":\"Documentaci\u00f3n e investigaci\u00f3n\"},\"url\":\"https:\\\/\\\/rafaramirez.org\\\/blog\\\/index.php\\\/author\\\/admin\\\/\"}]}<\/script>\n<!-- \/ Yoast SEO plugin. -->","yoast_head_json":{"title":"Camille Corot el pintor maestro del paisaje y precursor del impresionismo. - Blog de Rafael Ram\u00edrez","description":"Camille Corot fue un destacado pintor franc\u00e9s. Corot es especialmente conocido por sus paisajes, aunque tambi\u00e9n cultiv\u00f3 el retrato.","robots":{"index":"index","follow":"follow","max-snippet":"max-snippet:-1","max-image-preview":"max-image-preview:large","max-video-preview":"max-video-preview:-1"},"canonical":"https:\/\/rafaramirez.org\/blog\/index.php\/2024\/12\/05\/camille-corot\/","og_locale":"es_ES","og_type":"article","og_title":"Camille Corot el pintor maestro del paisaje y precursor del impresionismo. - Blog de Rafael Ram\u00edrez","og_description":"Camille Corot fue un destacado pintor franc\u00e9s. Corot es especialmente conocido por sus paisajes, aunque tambi\u00e9n cultiv\u00f3 el retrato.","og_url":"https:\/\/rafaramirez.org\/blog\/index.php\/2024\/12\/05\/camille-corot\/","og_site_name":"Blog de Rafael Ram\u00edrez","article_published_time":"2024-12-05T07:15:00+00:00","article_modified_time":"2026-07-14T09:45:58+00:00","og_image":[{"width":720,"height":440,"url":"https:\/\/rafaramirez.org\/blog\/wp-content\/uploads\/2024\/12\/Camille-Corot_banner.jpg","type":"image\/jpeg"}],"author":"Documentaci\u00f3n e investigaci\u00f3n","twitter_card":"summary_large_image","twitter_site":"@rafaramirez_ok","twitter_misc":{"Escrito por":"Documentaci\u00f3n e investigaci\u00f3n","Tiempo de lectura":"6 minutos"},"schema":{"@context":"https:\/\/schema.org","@graph":[{"@type":"Article","@id":"https:\/\/rafaramirez.org\/blog\/index.php\/2024\/12\/05\/camille-corot\/#article","isPartOf":{"@id":"https:\/\/rafaramirez.org\/blog\/index.php\/2024\/12\/05\/camille-corot\/"},"author":{"name":"Documentaci\u00f3n e investigaci\u00f3n","@id":"https:\/\/rafaramirez.org\/blog\/#\/schema\/person\/8debd05b3d9a1d16fb21af726811617d"},"headline":"Camille Corot el pintor maestro del paisaje y precursor del impresionismo.","datePublished":"2024-12-05T07:15:00+00:00","dateModified":"2026-07-14T09:45:58+00:00","mainEntityOfPage":{"@id":"https:\/\/rafaramirez.org\/blog\/index.php\/2024\/12\/05\/camille-corot\/"},"wordCount":938,"commentCount":0,"publisher":{"@id":"https:\/\/rafaramirez.org\/blog\/#\/schema\/person\/50f43b6d60c578760d4c17bda54ab6a5"},"image":{"@id":"https:\/\/rafaramirez.org\/blog\/index.php\/2024\/12\/05\/camille-corot\/#primaryimage"},"thumbnailUrl":"https:\/\/rafaramirez.org\/blog\/wp-content\/uploads\/2024\/12\/Camille-Corot_banner.jpg","keywords":["biograf\u00eda de Camille Corot","biograf\u00eda de pintores","Camille Corot","cr\u00edtica de arte","esfumado","esfumato","maestros de la pintura","maestros del paisaje","pintura al aire libre","precursor del impresionismo","Sfumato"],"articleSection":["Historia del arte"],"inLanguage":"es","potentialAction":[{"@type":"CommentAction","name":"Comment","target":["https:\/\/rafaramirez.org\/blog\/index.php\/2024\/12\/05\/camille-corot\/#respond"]}]},{"@type":"WebPage","@id":"https:\/\/rafaramirez.org\/blog\/index.php\/2024\/12\/05\/camille-corot\/","url":"https:\/\/rafaramirez.org\/blog\/index.php\/2024\/12\/05\/camille-corot\/","name":"Camille Corot el pintor maestro del paisaje y precursor del impresionismo. - Blog de Rafael Ram\u00edrez","isPartOf":{"@id":"https:\/\/rafaramirez.org\/blog\/#website"},"primaryImageOfPage":{"@id":"https:\/\/rafaramirez.org\/blog\/index.php\/2024\/12\/05\/camille-corot\/#primaryimage"},"image":{"@id":"https:\/\/rafaramirez.org\/blog\/index.php\/2024\/12\/05\/camille-corot\/#primaryimage"},"thumbnailUrl":"https:\/\/rafaramirez.org\/blog\/wp-content\/uploads\/2024\/12\/Camille-Corot_banner.jpg","datePublished":"2024-12-05T07:15:00+00:00","dateModified":"2026-07-14T09:45:58+00:00","description":"Camille Corot fue un destacado pintor franc\u00e9s. Corot es especialmente conocido por sus paisajes, aunque tambi\u00e9n cultiv\u00f3 el retrato.","breadcrumb":{"@id":"https:\/\/rafaramirez.org\/blog\/index.php\/2024\/12\/05\/camille-corot\/#breadcrumb"},"inLanguage":"es","potentialAction":[{"@type":"ReadAction","target":["https:\/\/rafaramirez.org\/blog\/index.php\/2024\/12\/05\/camille-corot\/"]}]},{"@type":"ImageObject","inLanguage":"es","@id":"https:\/\/rafaramirez.org\/blog\/index.php\/2024\/12\/05\/camille-corot\/#primaryimage","url":"https:\/\/rafaramirez.org\/blog\/wp-content\/uploads\/2024\/12\/Camille-Corot_banner.jpg","contentUrl":"https:\/\/rafaramirez.org\/blog\/wp-content\/uploads\/2024\/12\/Camille-Corot_banner.jpg","width":720,"height":440,"caption":"El pintor Camille Corot. Blog de Rafael Ram\u00edrez."},{"@type":"BreadcrumbList","@id":"https:\/\/rafaramirez.org\/blog\/index.php\/2024\/12\/05\/camille-corot\/#breadcrumb","itemListElement":[{"@type":"ListItem","position":1,"name":"Portada","item":"https:\/\/rafaramirez.org\/blog\/"},{"@type":"ListItem","position":2,"name":"Camille Corot el pintor maestro del paisaje y precursor del impresionismo."}]},{"@type":"WebSite","@id":"https:\/\/rafaramirez.org\/blog\/#website","url":"https:\/\/rafaramirez.org\/blog\/","name":"Blog de Rafael Ram\u00edrez","description":"Un sitio social, de arte y cultura","publisher":{"@id":"https:\/\/rafaramirez.org\/blog\/#\/schema\/person\/50f43b6d60c578760d4c17bda54ab6a5"},"potentialAction":[{"@type":"SearchAction","target":{"@type":"EntryPoint","urlTemplate":"https:\/\/rafaramirez.org\/blog\/?s={search_term_string}"},"query-input":{"@type":"PropertyValueSpecification","valueRequired":true,"valueName":"search_term_string"}}],"inLanguage":"es"},{"@type":["Person","Organization"],"@id":"https:\/\/rafaramirez.org\/blog\/#\/schema\/person\/50f43b6d60c578760d4c17bda54ab6a5","name":"Rafael Ram\u00edrez","image":{"@type":"ImageObject","inLanguage":"es","@id":"https:\/\/rafaramirez.org\/blog\/wp-content\/uploads\/2024\/09\/RR_socialnetwork.jpg","url":"https:\/\/rafaramirez.org\/blog\/wp-content\/uploads\/2024\/09\/RR_socialnetwork.jpg","contentUrl":"https:\/\/rafaramirez.org\/blog\/wp-content\/uploads\/2024\/09\/RR_socialnetwork.jpg","width":600,"height":606,"caption":"Rafael Ram\u00edrez"},"logo":{"@id":"https:\/\/rafaramirez.org\/blog\/wp-content\/uploads\/2024\/09\/RR_socialnetwork.jpg"},"sameAs":["https:\/\/www.rafaramirez.org\/blog","https:\/\/www.instagram.com\/rafaramirez_ok\/","https:\/\/es.pinterest.com\/Ramirez_Rafa\/","https:\/\/x.com\/rafaramirez_ok"]},{"@type":"Person","@id":"https:\/\/rafaramirez.org\/blog\/#\/schema\/person\/8debd05b3d9a1d16fb21af726811617d","name":"Documentaci\u00f3n e investigaci\u00f3n","image":{"@type":"ImageObject","inLanguage":"es","@id":"https:\/\/secure.gravatar.com\/avatar\/fe70e496579a39c7a8fc4982b89275403b1092eb200623138a32daada9416911?s=96&d=mm&r=g","url":"https:\/\/secure.gravatar.com\/avatar\/fe70e496579a39c7a8fc4982b89275403b1092eb200623138a32daada9416911?s=96&d=mm&r=g","contentUrl":"https:\/\/secure.gravatar.com\/avatar\/fe70e496579a39c7a8fc4982b89275403b1092eb200623138a32daada9416911?s=96&d=mm&r=g","caption":"Documentaci\u00f3n e investigaci\u00f3n"},"url":"https:\/\/rafaramirez.org\/blog\/index.php\/author\/admin\/"}]}},"jetpack_publicize_connections":[],"jetpack_sharing_enabled":true,"jetpack_likes_enabled":true,"jetpack_featured_media_url":"https:\/\/rafaramirez.org\/blog\/wp-content\/uploads\/2024\/12\/Camille-Corot_banner.jpg","_links":{"self":[{"href":"https:\/\/rafaramirez.org\/blog\/index.php\/wp-json\/wp\/v2\/posts\/7109","targetHints":{"allow":["GET"]}}],"collection":[{"href":"https:\/\/rafaramirez.org\/blog\/index.php\/wp-json\/wp\/v2\/posts"}],"about":[{"href":"https:\/\/rafaramirez.org\/blog\/index.php\/wp-json\/wp\/v2\/types\/post"}],"author":[{"embeddable":true,"href":"https:\/\/rafaramirez.org\/blog\/index.php\/wp-json\/wp\/v2\/users\/3"}],"replies":[{"embeddable":true,"href":"https:\/\/rafaramirez.org\/blog\/index.php\/wp-json\/wp\/v2\/comments?post=7109"}],"version-history":[{"count":9,"href":"https:\/\/rafaramirez.org\/blog\/index.php\/wp-json\/wp\/v2\/posts\/7109\/revisions"}],"predecessor-version":[{"id":11661,"href":"https:\/\/rafaramirez.org\/blog\/index.php\/wp-json\/wp\/v2\/posts\/7109\/revisions\/11661"}],"wp:featuredmedia":[{"embeddable":true,"href":"https:\/\/rafaramirez.org\/blog\/index.php\/wp-json\/wp\/v2\/media\/7121"}],"wp:attachment":[{"href":"https:\/\/rafaramirez.org\/blog\/index.php\/wp-json\/wp\/v2\/media?parent=7109"}],"wp:term":[{"taxonomy":"category","embeddable":true,"href":"https:\/\/rafaramirez.org\/blog\/index.php\/wp-json\/wp\/v2\/categories?post=7109"},{"taxonomy":"post_tag","embeddable":true,"href":"https:\/\/rafaramirez.org\/blog\/index.php\/wp-json\/wp\/v2\/tags?post=7109"}],"curies":[{"name":"wp","href":"https:\/\/api.w.org\/{rel}","templated":true}]}}