{"id":710,"date":"2014-09-25T07:52:16","date_gmt":"2014-09-25T05:52:16","guid":{"rendered":"http:\/\/blog.rafaramirez.org\/?p=710"},"modified":"2024-03-11T19:29:07","modified_gmt":"2024-03-11T18:29:07","slug":"el-thyssen-se-niega-a-restituir-un-pisarro-expoliado-por-los-nazis-la-aventura-de-la-historia-el-mundo","status":"publish","type":"post","link":"https:\/\/rafaramirez.org\/blog\/index.php\/2014\/09\/25\/el-thyssen-se-niega-a-restituir-un-pisarro-expoliado-por-los-nazis-la-aventura-de-la-historia-el-mundo\/","title":{"rendered":"El Thyssen se niega a restituir un &#8216;Pisarro&#8217; expoliado por los nazis."},"content":{"rendered":"<p><strong>La obra de Pisarro expuesta en el museo pertenec\u00eda a una familia jud\u00eda<\/strong><\/p>\n<ul>\n<li>La batalla legal comenz\u00f3 en el 2006 cuando Claude Cassirer supo que el cuadro de su familia estaba expuesto en el Museo Thyssen-Bornemisza<\/li>\n<li>El caso fue desestimado en 2012 por un juzgado de Californaia, pero un tribunal de apelaciones de EE UU ha reabierto la demanda de los herederos de Cassirer contra Espa\u00f1a y la Fundaci\u00f3n Thyssen<\/li>\n<li>En 1935 la obra de Pisarro colgaba en el sal\u00f3n de estar de los Cassirer cuando los nazis le forzaron a venderlo, despu\u00e9s de pasar por varias galer\u00edas, el bar\u00f3n lo compr\u00f3 en 1974 y se incorpor\u00f3 a la colecci\u00f3n en 1992<br \/>\n<a href=\"http:\/\/www.elmundo.es\/la-aventura-de-la-historia\/2014\/09\/24\/53c7a0b4ca474140208b4578.html?a=9b1b20256bc4ee221d46d7e8d28a3ecf&amp;t=1411624291\" target=\"_blank\" rel=\"noopener noreferrer\">http:\/\/www.elmundo.es\/la-aventura-de-la-historia\/2014\/09\/24\/53c7a0b4ca474140208b4578.html?a=9b1b20256bc4ee221d46d7e8d28a3ecf&amp;t=1411624291<\/a><\/li>\n<\/ul>\n<figure id=\"attachment_3719\" aria-describedby=\"caption-attachment-3719\" style=\"width: 241px\" class=\"wp-caption alignnone\"><a href=\"https:\/\/rafaramirez.org\/blog\/wp-content\/uploads\/2014\/09\/Camille_Pissarro_-_Rue_Saint-Honor__dans_lapr_s-midi._Effet_de_pluie.jpg\" target=\"_blank\" rel=\"noopener\"><img loading=\"lazy\" decoding=\"async\" class=\"wp-image-3719 size-medium\" src=\"https:\/\/rafaramirez.org\/blog\/wp-content\/uploads\/2014\/09\/Camille_Pissarro_-_Rue_Saint-Honor__dans_lapr_s-midi._Effet_de_pluie-241x300.jpg\" alt=\"Calle de Saint Honor\u00e9 despu\u00e9s del mediodia, efecto de lluvia' por Camille Pisarro (1897 \/ 98)\" width=\"241\" height=\"300\" srcset=\"https:\/\/rafaramirez.org\/blog\/wp-content\/uploads\/2014\/09\/Camille_Pissarro_-_Rue_Saint-Honor__dans_lapr_s-midi._Effet_de_pluie-241x300.jpg 241w, https:\/\/rafaramirez.org\/blog\/wp-content\/uploads\/2014\/09\/Camille_Pissarro_-_Rue_Saint-Honor__dans_lapr_s-midi._Effet_de_pluie-768x954.jpg 768w, https:\/\/rafaramirez.org\/blog\/wp-content\/uploads\/2014\/09\/Camille_Pissarro_-_Rue_Saint-Honor__dans_lapr_s-midi._Effet_de_pluie.jpg 800w\" sizes=\"auto, (max-width: 241px) 100vw, 241px\" \/><\/a><figcaption id=\"caption-attachment-3719\" class=\"wp-caption-text\">Calle de Saint Honor\u00e9 despu\u00e9s del mediodia, efecto de lluvia&#8217; por Camille Pisarro (1897 \/ 98)<\/figcaption><\/figure>\n","protected":false},"excerpt":{"rendered":"<p>La obra de Pisarro expuesta en el museo pertenec\u00eda a una familia jud\u00eda La batalla legal comenz\u00f3 en el 2006 cuando Claude Cassirer supo que el cuadro de su familia estaba expuesto en el Museo Thyssen-Bornemisza El caso fue desestimado en 2012 por un juzgado de Californaia, pero un tribunal de apelaciones de EE UU [&hellip;]<\/p>\n","protected":false},"author":1,"featured_media":2385,"comment_status":"open","ping_status":"closed","sticky":false,"template":"","format":"standard","meta":{"site-container-style":"default","site-container-layout":"default","site-sidebar-layout":"default","disable-article-header":"default","disable-site-header":"default","disable-site-footer":"default","disable-content-area-spacing":"default","_jetpack_newsletter_access":"","_jetpack_dont_email_post_to_subs":true,"_jetpack_newsletter_tier_id":0,"_jetpack_memberships_contains_paywalled_content":false,"_jetpack_feature_clip_id":0,"_jetpack_memberships_contains_paid_content":false,"footnotes":"","jetpack_publicize_message":"","jetpack_publicize_feature_enabled":true,"jetpack_social_post_already_shared":true,"jetpack_social_options":{"image_generator_settings":{"template":"highway","default_image_id":0,"font":"","enabled":false},"version":2},"jetpack_post_was_ever_published":false},"categories":[1290],"tags":[139,308,314,325,371,384],"class_list":["post-710","post","type-post","status-publish","format-standard","has-post-thumbnail","hentry","category-historia-del-arte","tag-destacado","tag-museo-thyssen-bornemisza","tag-nazis","tag-noticias-culturales","tag-pintura","tag-pisarro"],"yoast_head":"<!-- This site is optimized with the Yoast SEO plugin v28.4 - https:\/\/yoast.com\/product\/yoast-seo-wordpress\/ -->\n<title>El Thyssen se niega a restituir un &#039;Pisarro&#039; expoliado por los nazis. - Blog de Rafael Ram\u00edrez<\/title>\n<meta name=\"robots\" content=\"index, follow, max-snippet:-1, max-image-preview:large, max-video-preview:-1\" \/>\n<link rel=\"canonical\" href=\"https:\/\/rafaramirez.org\/blog\/index.php\/2014\/09\/25\/el-thyssen-se-niega-a-restituir-un-pisarro-expoliado-por-los-nazis-la-aventura-de-la-historia-el-mundo\/\" \/>\n<meta property=\"og:locale\" content=\"es_ES\" \/>\n<meta property=\"og:type\" content=\"article\" \/>\n<meta property=\"og:title\" content=\"El Thyssen se niega a restituir un &#039;Pisarro&#039; expoliado por los nazis. - Blog de Rafael Ram\u00edrez\" \/>\n<meta property=\"og:description\" content=\"La obra de Pisarro expuesta en el museo pertenec\u00eda a una familia jud\u00eda La batalla legal comenz\u00f3 en el 2006 cuando Claude Cassirer supo que el cuadro de su familia estaba expuesto en el Museo Thyssen-Bornemisza El caso fue desestimado en 2012 por un juzgado de Californaia, pero un tribunal de apelaciones de EE UU [&hellip;]\" \/>\n<meta property=\"og:url\" content=\"https:\/\/rafaramirez.org\/blog\/index.php\/2014\/09\/25\/el-thyssen-se-niega-a-restituir-un-pisarro-expoliado-por-los-nazis-la-aventura-de-la-historia-el-mundo\/\" \/>\n<meta property=\"og:site_name\" content=\"Blog de Rafael Ram\u00edrez\" \/>\n<meta property=\"article:published_time\" content=\"2014-09-25T05:52:16+00:00\" \/>\n<meta property=\"article:modified_time\" content=\"2024-03-11T18:29:07+00:00\" \/>\n<meta property=\"og:image\" content=\"https:\/\/rafaramirez.org\/blog\/wp-content\/uploads\/2014\/09\/Museo_Thyssen-Bornemisza_Madrid_03l-600x372-1.jpg\" \/>\n\t<meta property=\"og:image:width\" content=\"600\" \/>\n\t<meta property=\"og:image:height\" content=\"372\" \/>\n\t<meta property=\"og:image:type\" content=\"image\/jpeg\" \/>\n<meta name=\"author\" content=\"Rafael Ram\u00edrez\" \/>\n<meta name=\"twitter:card\" content=\"summary_large_image\" \/>\n<meta name=\"twitter:creator\" content=\"@rafaramirez_ok\" \/>\n<meta name=\"twitter:site\" content=\"@rafaramirez_ok\" \/>\n<meta name=\"twitter:label1\" content=\"Escrito por\" \/>\n\t<meta name=\"twitter:data1\" content=\"Rafael Ram\u00edrez\" \/>\n\t<meta name=\"twitter:label2\" content=\"Tiempo de lectura\" \/>\n\t<meta name=\"twitter:data2\" content=\"1 minuto\" \/>\n<script type=\"application\/ld+json\" class=\"yoast-schema-graph\">{\"@context\":\"https:\\\/\\\/schema.org\",\"@graph\":[{\"@type\":\"Article\",\"@id\":\"https:\\\/\\\/rafaramirez.org\\\/blog\\\/index.php\\\/2014\\\/09\\\/25\\\/el-thyssen-se-niega-a-restituir-un-pisarro-expoliado-por-los-nazis-la-aventura-de-la-historia-el-mundo\\\/#article\",\"isPartOf\":{\"@id\":\"https:\\\/\\\/rafaramirez.org\\\/blog\\\/index.php\\\/2014\\\/09\\\/25\\\/el-thyssen-se-niega-a-restituir-un-pisarro-expoliado-por-los-nazis-la-aventura-de-la-historia-el-mundo\\\/\"},\"author\":{\"name\":\"Rafael Ram\u00edrez\",\"@id\":\"https:\\\/\\\/rafaramirez.org\\\/blog\\\/#\\\/schema\\\/person\\\/50f43b6d60c578760d4c17bda54ab6a5\"},\"headline\":\"El Thyssen se niega a restituir un &#8216;Pisarro&#8217; expoliado por los nazis.\",\"datePublished\":\"2014-09-25T05:52:16+00:00\",\"dateModified\":\"2024-03-11T18:29:07+00:00\",\"mainEntityOfPage\":{\"@id\":\"https:\\\/\\\/rafaramirez.org\\\/blog\\\/index.php\\\/2014\\\/09\\\/25\\\/el-thyssen-se-niega-a-restituir-un-pisarro-expoliado-por-los-nazis-la-aventura-de-la-historia-el-mundo\\\/\"},\"wordCount\":173,\"commentCount\":0,\"publisher\":{\"@id\":\"https:\\\/\\\/rafaramirez.org\\\/blog\\\/#\\\/schema\\\/person\\\/50f43b6d60c578760d4c17bda54ab6a5\"},\"image\":{\"@id\":\"https:\\\/\\\/rafaramirez.org\\\/blog\\\/index.php\\\/2014\\\/09\\\/25\\\/el-thyssen-se-niega-a-restituir-un-pisarro-expoliado-por-los-nazis-la-aventura-de-la-historia-el-mundo\\\/#primaryimage\"},\"thumbnailUrl\":\"https:\\\/\\\/rafaramirez.org\\\/blog\\\/wp-content\\\/uploads\\\/2014\\\/09\\\/Museo_Thyssen-Bornemisza_Madrid_03l-600x372-1.jpg\",\"keywords\":[\"destacado\",\"Museo Thyssen-Bornemisza\",\"nazis\",\"noticias culturales\",\"pintura\",\"Pisarro\"],\"articleSection\":[\"Historia del arte\"],\"inLanguage\":\"es\",\"potentialAction\":[{\"@type\":\"CommentAction\",\"name\":\"Comment\",\"target\":[\"https:\\\/\\\/rafaramirez.org\\\/blog\\\/index.php\\\/2014\\\/09\\\/25\\\/el-thyssen-se-niega-a-restituir-un-pisarro-expoliado-por-los-nazis-la-aventura-de-la-historia-el-mundo\\\/#respond\"]}]},{\"@type\":\"WebPage\",\"@id\":\"https:\\\/\\\/rafaramirez.org\\\/blog\\\/index.php\\\/2014\\\/09\\\/25\\\/el-thyssen-se-niega-a-restituir-un-pisarro-expoliado-por-los-nazis-la-aventura-de-la-historia-el-mundo\\\/\",\"url\":\"https:\\\/\\\/rafaramirez.org\\\/blog\\\/index.php\\\/2014\\\/09\\\/25\\\/el-thyssen-se-niega-a-restituir-un-pisarro-expoliado-por-los-nazis-la-aventura-de-la-historia-el-mundo\\\/\",\"name\":\"El Thyssen se niega a restituir un 'Pisarro' expoliado por los nazis. - Blog de Rafael Ram\u00edrez\",\"isPartOf\":{\"@id\":\"https:\\\/\\\/rafaramirez.org\\\/blog\\\/#website\"},\"primaryImageOfPage\":{\"@id\":\"https:\\\/\\\/rafaramirez.org\\\/blog\\\/index.php\\\/2014\\\/09\\\/25\\\/el-thyssen-se-niega-a-restituir-un-pisarro-expoliado-por-los-nazis-la-aventura-de-la-historia-el-mundo\\\/#primaryimage\"},\"image\":{\"@id\":\"https:\\\/\\\/rafaramirez.org\\\/blog\\\/index.php\\\/2014\\\/09\\\/25\\\/el-thyssen-se-niega-a-restituir-un-pisarro-expoliado-por-los-nazis-la-aventura-de-la-historia-el-mundo\\\/#primaryimage\"},\"thumbnailUrl\":\"https:\\\/\\\/rafaramirez.org\\\/blog\\\/wp-content\\\/uploads\\\/2014\\\/09\\\/Museo_Thyssen-Bornemisza_Madrid_03l-600x372-1.jpg\",\"datePublished\":\"2014-09-25T05:52:16+00:00\",\"dateModified\":\"2024-03-11T18:29:07+00:00\",\"breadcrumb\":{\"@id\":\"https:\\\/\\\/rafaramirez.org\\\/blog\\\/index.php\\\/2014\\\/09\\\/25\\\/el-thyssen-se-niega-a-restituir-un-pisarro-expoliado-por-los-nazis-la-aventura-de-la-historia-el-mundo\\\/#breadcrumb\"},\"inLanguage\":\"es\",\"potentialAction\":[{\"@type\":\"ReadAction\",\"target\":[\"https:\\\/\\\/rafaramirez.org\\\/blog\\\/index.php\\\/2014\\\/09\\\/25\\\/el-thyssen-se-niega-a-restituir-un-pisarro-expoliado-por-los-nazis-la-aventura-de-la-historia-el-mundo\\\/\"]}]},{\"@type\":\"ImageObject\",\"inLanguage\":\"es\",\"@id\":\"https:\\\/\\\/rafaramirez.org\\\/blog\\\/index.php\\\/2014\\\/09\\\/25\\\/el-thyssen-se-niega-a-restituir-un-pisarro-expoliado-por-los-nazis-la-aventura-de-la-historia-el-mundo\\\/#primaryimage\",\"url\":\"https:\\\/\\\/rafaramirez.org\\\/blog\\\/wp-content\\\/uploads\\\/2014\\\/09\\\/Museo_Thyssen-Bornemisza_Madrid_03l-600x372-1.jpg\",\"contentUrl\":\"https:\\\/\\\/rafaramirez.org\\\/blog\\\/wp-content\\\/uploads\\\/2014\\\/09\\\/Museo_Thyssen-Bornemisza_Madrid_03l-600x372-1.jpg\",\"width\":600,\"height\":372},{\"@type\":\"BreadcrumbList\",\"@id\":\"https:\\\/\\\/rafaramirez.org\\\/blog\\\/index.php\\\/2014\\\/09\\\/25\\\/el-thyssen-se-niega-a-restituir-un-pisarro-expoliado-por-los-nazis-la-aventura-de-la-historia-el-mundo\\\/#breadcrumb\",\"itemListElement\":[{\"@type\":\"ListItem\",\"position\":1,\"name\":\"Portada\",\"item\":\"https:\\\/\\\/rafaramirez.org\\\/blog\\\/\"},{\"@type\":\"ListItem\",\"position\":2,\"name\":\"El Thyssen se niega a restituir un &#8216;Pisarro&#8217; expoliado por los nazis.\"}]},{\"@type\":\"WebSite\",\"@id\":\"https:\\\/\\\/rafaramirez.org\\\/blog\\\/#website\",\"url\":\"https:\\\/\\\/rafaramirez.org\\\/blog\\\/\",\"name\":\"Blog de Rafael Ram\u00edrez\",\"description\":\"Un sitio social, de arte y cultura\",\"publisher\":{\"@id\":\"https:\\\/\\\/rafaramirez.org\\\/blog\\\/#\\\/schema\\\/person\\\/50f43b6d60c578760d4c17bda54ab6a5\"},\"potentialAction\":[{\"@type\":\"SearchAction\",\"target\":{\"@type\":\"EntryPoint\",\"urlTemplate\":\"https:\\\/\\\/rafaramirez.org\\\/blog\\\/?s={search_term_string}\"},\"query-input\":{\"@type\":\"PropertyValueSpecification\",\"valueRequired\":true,\"valueName\":\"search_term_string\"}}],\"inLanguage\":\"es\"},{\"@type\":[\"Person\",\"Organization\"],\"@id\":\"https:\\\/\\\/rafaramirez.org\\\/blog\\\/#\\\/schema\\\/person\\\/50f43b6d60c578760d4c17bda54ab6a5\",\"name\":\"Rafael Ram\u00edrez\",\"image\":{\"@type\":\"ImageObject\",\"inLanguage\":\"es\",\"@id\":\"https:\\\/\\\/rafaramirez.org\\\/blog\\\/wp-content\\\/uploads\\\/2024\\\/09\\\/RR_socialnetwork.jpg\",\"url\":\"https:\\\/\\\/rafaramirez.org\\\/blog\\\/wp-content\\\/uploads\\\/2024\\\/09\\\/RR_socialnetwork.jpg\",\"contentUrl\":\"https:\\\/\\\/rafaramirez.org\\\/blog\\\/wp-content\\\/uploads\\\/2024\\\/09\\\/RR_socialnetwork.jpg\",\"width\":600,\"height\":606,\"caption\":\"Rafael Ram\u00edrez\"},\"logo\":{\"@id\":\"https:\\\/\\\/rafaramirez.org\\\/blog\\\/wp-content\\\/uploads\\\/2024\\\/09\\\/RR_socialnetwork.jpg\"},\"sameAs\":[\"https:\\\/\\\/www.rafaramirez.org\\\/blog\",\"https:\\\/\\\/www.instagram.com\\\/rafaramirez_ok\\\/\",\"https:\\\/\\\/es.pinterest.com\\\/Ramirez_Rafa\\\/\",\"https:\\\/\\\/x.com\\\/rafaramirez_ok\"],\"url\":\"https:\\\/\\\/rafaramirez.org\\\/blog\\\/index.php\\\/author\\\/rafaell_qm6j97da\\\/\"}]}<\/script>\n<!-- \/ Yoast SEO plugin. -->","yoast_head_json":{"title":"El Thyssen se niega a restituir un 'Pisarro' expoliado por los nazis. - Blog de Rafael Ram\u00edrez","robots":{"index":"index","follow":"follow","max-snippet":"max-snippet:-1","max-image-preview":"max-image-preview:large","max-video-preview":"max-video-preview:-1"},"canonical":"https:\/\/rafaramirez.org\/blog\/index.php\/2014\/09\/25\/el-thyssen-se-niega-a-restituir-un-pisarro-expoliado-por-los-nazis-la-aventura-de-la-historia-el-mundo\/","og_locale":"es_ES","og_type":"article","og_title":"El Thyssen se niega a restituir un 'Pisarro' expoliado por los nazis. - Blog de Rafael Ram\u00edrez","og_description":"La obra de Pisarro expuesta en el museo pertenec\u00eda a una familia jud\u00eda La batalla legal comenz\u00f3 en el 2006 cuando Claude Cassirer supo que el cuadro de su familia estaba expuesto en el Museo Thyssen-Bornemisza El caso fue desestimado en 2012 por un juzgado de Californaia, pero un tribunal de apelaciones de EE UU [&hellip;]","og_url":"https:\/\/rafaramirez.org\/blog\/index.php\/2014\/09\/25\/el-thyssen-se-niega-a-restituir-un-pisarro-expoliado-por-los-nazis-la-aventura-de-la-historia-el-mundo\/","og_site_name":"Blog de Rafael Ram\u00edrez","article_published_time":"2014-09-25T05:52:16+00:00","article_modified_time":"2024-03-11T18:29:07+00:00","og_image":[{"width":600,"height":372,"url":"https:\/\/rafaramirez.org\/blog\/wp-content\/uploads\/2014\/09\/Museo_Thyssen-Bornemisza_Madrid_03l-600x372-1.jpg","type":"image\/jpeg"}],"author":"Rafael Ram\u00edrez","twitter_card":"summary_large_image","twitter_creator":"@rafaramirez_ok","twitter_site":"@rafaramirez_ok","twitter_misc":{"Escrito por":"Rafael Ram\u00edrez","Tiempo de lectura":"1 minuto"},"schema":{"@context":"https:\/\/schema.org","@graph":[{"@type":"Article","@id":"https:\/\/rafaramirez.org\/blog\/index.php\/2014\/09\/25\/el-thyssen-se-niega-a-restituir-un-pisarro-expoliado-por-los-nazis-la-aventura-de-la-historia-el-mundo\/#article","isPartOf":{"@id":"https:\/\/rafaramirez.org\/blog\/index.php\/2014\/09\/25\/el-thyssen-se-niega-a-restituir-un-pisarro-expoliado-por-los-nazis-la-aventura-de-la-historia-el-mundo\/"},"author":{"name":"Rafael Ram\u00edrez","@id":"https:\/\/rafaramirez.org\/blog\/#\/schema\/person\/50f43b6d60c578760d4c17bda54ab6a5"},"headline":"El Thyssen se niega a restituir un &#8216;Pisarro&#8217; expoliado por los nazis.","datePublished":"2014-09-25T05:52:16+00:00","dateModified":"2024-03-11T18:29:07+00:00","mainEntityOfPage":{"@id":"https:\/\/rafaramirez.org\/blog\/index.php\/2014\/09\/25\/el-thyssen-se-niega-a-restituir-un-pisarro-expoliado-por-los-nazis-la-aventura-de-la-historia-el-mundo\/"},"wordCount":173,"commentCount":0,"publisher":{"@id":"https:\/\/rafaramirez.org\/blog\/#\/schema\/person\/50f43b6d60c578760d4c17bda54ab6a5"},"image":{"@id":"https:\/\/rafaramirez.org\/blog\/index.php\/2014\/09\/25\/el-thyssen-se-niega-a-restituir-un-pisarro-expoliado-por-los-nazis-la-aventura-de-la-historia-el-mundo\/#primaryimage"},"thumbnailUrl":"https:\/\/rafaramirez.org\/blog\/wp-content\/uploads\/2014\/09\/Museo_Thyssen-Bornemisza_Madrid_03l-600x372-1.jpg","keywords":["destacado","Museo Thyssen-Bornemisza","nazis","noticias culturales","pintura","Pisarro"],"articleSection":["Historia del arte"],"inLanguage":"es","potentialAction":[{"@type":"CommentAction","name":"Comment","target":["https:\/\/rafaramirez.org\/blog\/index.php\/2014\/09\/25\/el-thyssen-se-niega-a-restituir-un-pisarro-expoliado-por-los-nazis-la-aventura-de-la-historia-el-mundo\/#respond"]}]},{"@type":"WebPage","@id":"https:\/\/rafaramirez.org\/blog\/index.php\/2014\/09\/25\/el-thyssen-se-niega-a-restituir-un-pisarro-expoliado-por-los-nazis-la-aventura-de-la-historia-el-mundo\/","url":"https:\/\/rafaramirez.org\/blog\/index.php\/2014\/09\/25\/el-thyssen-se-niega-a-restituir-un-pisarro-expoliado-por-los-nazis-la-aventura-de-la-historia-el-mundo\/","name":"El Thyssen se niega a restituir un 'Pisarro' expoliado por los nazis. - Blog de Rafael Ram\u00edrez","isPartOf":{"@id":"https:\/\/rafaramirez.org\/blog\/#website"},"primaryImageOfPage":{"@id":"https:\/\/rafaramirez.org\/blog\/index.php\/2014\/09\/25\/el-thyssen-se-niega-a-restituir-un-pisarro-expoliado-por-los-nazis-la-aventura-de-la-historia-el-mundo\/#primaryimage"},"image":{"@id":"https:\/\/rafaramirez.org\/blog\/index.php\/2014\/09\/25\/el-thyssen-se-niega-a-restituir-un-pisarro-expoliado-por-los-nazis-la-aventura-de-la-historia-el-mundo\/#primaryimage"},"thumbnailUrl":"https:\/\/rafaramirez.org\/blog\/wp-content\/uploads\/2014\/09\/Museo_Thyssen-Bornemisza_Madrid_03l-600x372-1.jpg","datePublished":"2014-09-25T05:52:16+00:00","dateModified":"2024-03-11T18:29:07+00:00","breadcrumb":{"@id":"https:\/\/rafaramirez.org\/blog\/index.php\/2014\/09\/25\/el-thyssen-se-niega-a-restituir-un-pisarro-expoliado-por-los-nazis-la-aventura-de-la-historia-el-mundo\/#breadcrumb"},"inLanguage":"es","potentialAction":[{"@type":"ReadAction","target":["https:\/\/rafaramirez.org\/blog\/index.php\/2014\/09\/25\/el-thyssen-se-niega-a-restituir-un-pisarro-expoliado-por-los-nazis-la-aventura-de-la-historia-el-mundo\/"]}]},{"@type":"ImageObject","inLanguage":"es","@id":"https:\/\/rafaramirez.org\/blog\/index.php\/2014\/09\/25\/el-thyssen-se-niega-a-restituir-un-pisarro-expoliado-por-los-nazis-la-aventura-de-la-historia-el-mundo\/#primaryimage","url":"https:\/\/rafaramirez.org\/blog\/wp-content\/uploads\/2014\/09\/Museo_Thyssen-Bornemisza_Madrid_03l-600x372-1.jpg","contentUrl":"https:\/\/rafaramirez.org\/blog\/wp-content\/uploads\/2014\/09\/Museo_Thyssen-Bornemisza_Madrid_03l-600x372-1.jpg","width":600,"height":372},{"@type":"BreadcrumbList","@id":"https:\/\/rafaramirez.org\/blog\/index.php\/2014\/09\/25\/el-thyssen-se-niega-a-restituir-un-pisarro-expoliado-por-los-nazis-la-aventura-de-la-historia-el-mundo\/#breadcrumb","itemListElement":[{"@type":"ListItem","position":1,"name":"Portada","item":"https:\/\/rafaramirez.org\/blog\/"},{"@type":"ListItem","position":2,"name":"El Thyssen se niega a restituir un &#8216;Pisarro&#8217; expoliado por los nazis."}]},{"@type":"WebSite","@id":"https:\/\/rafaramirez.org\/blog\/#website","url":"https:\/\/rafaramirez.org\/blog\/","name":"Blog de Rafael Ram\u00edrez","description":"Un sitio social, de arte y cultura","publisher":{"@id":"https:\/\/rafaramirez.org\/blog\/#\/schema\/person\/50f43b6d60c578760d4c17bda54ab6a5"},"potentialAction":[{"@type":"SearchAction","target":{"@type":"EntryPoint","urlTemplate":"https:\/\/rafaramirez.org\/blog\/?s={search_term_string}"},"query-input":{"@type":"PropertyValueSpecification","valueRequired":true,"valueName":"search_term_string"}}],"inLanguage":"es"},{"@type":["Person","Organization"],"@id":"https:\/\/rafaramirez.org\/blog\/#\/schema\/person\/50f43b6d60c578760d4c17bda54ab6a5","name":"Rafael Ram\u00edrez","image":{"@type":"ImageObject","inLanguage":"es","@id":"https:\/\/rafaramirez.org\/blog\/wp-content\/uploads\/2024\/09\/RR_socialnetwork.jpg","url":"https:\/\/rafaramirez.org\/blog\/wp-content\/uploads\/2024\/09\/RR_socialnetwork.jpg","contentUrl":"https:\/\/rafaramirez.org\/blog\/wp-content\/uploads\/2024\/09\/RR_socialnetwork.jpg","width":600,"height":606,"caption":"Rafael Ram\u00edrez"},"logo":{"@id":"https:\/\/rafaramirez.org\/blog\/wp-content\/uploads\/2024\/09\/RR_socialnetwork.jpg"},"sameAs":["https:\/\/www.rafaramirez.org\/blog","https:\/\/www.instagram.com\/rafaramirez_ok\/","https:\/\/es.pinterest.com\/Ramirez_Rafa\/","https:\/\/x.com\/rafaramirez_ok"],"url":"https:\/\/rafaramirez.org\/blog\/index.php\/author\/rafaell_qm6j97da\/"}]}},"jetpack_publicize_connections":[],"jetpack_sharing_enabled":true,"jetpack_likes_enabled":true,"jetpack_featured_media_url":"https:\/\/rafaramirez.org\/blog\/wp-content\/uploads\/2014\/09\/Museo_Thyssen-Bornemisza_Madrid_03l-600x372-1.jpg","_links":{"self":[{"href":"https:\/\/rafaramirez.org\/blog\/index.php\/wp-json\/wp\/v2\/posts\/710","targetHints":{"allow":["GET"]}}],"collection":[{"href":"https:\/\/rafaramirez.org\/blog\/index.php\/wp-json\/wp\/v2\/posts"}],"about":[{"href":"https:\/\/rafaramirez.org\/blog\/index.php\/wp-json\/wp\/v2\/types\/post"}],"author":[{"embeddable":true,"href":"https:\/\/rafaramirez.org\/blog\/index.php\/wp-json\/wp\/v2\/users\/1"}],"replies":[{"embeddable":true,"href":"https:\/\/rafaramirez.org\/blog\/index.php\/wp-json\/wp\/v2\/comments?post=710"}],"version-history":[{"count":4,"href":"https:\/\/rafaramirez.org\/blog\/index.php\/wp-json\/wp\/v2\/posts\/710\/revisions"}],"predecessor-version":[{"id":3720,"href":"https:\/\/rafaramirez.org\/blog\/index.php\/wp-json\/wp\/v2\/posts\/710\/revisions\/3720"}],"wp:featuredmedia":[{"embeddable":true,"href":"https:\/\/rafaramirez.org\/blog\/index.php\/wp-json\/wp\/v2\/media\/2385"}],"wp:attachment":[{"href":"https:\/\/rafaramirez.org\/blog\/index.php\/wp-json\/wp\/v2\/media?parent=710"}],"wp:term":[{"taxonomy":"category","embeddable":true,"href":"https:\/\/rafaramirez.org\/blog\/index.php\/wp-json\/wp\/v2\/categories?post=710"},{"taxonomy":"post_tag","embeddable":true,"href":"https:\/\/rafaramirez.org\/blog\/index.php\/wp-json\/wp\/v2\/tags?post=710"}],"curies":[{"name":"wp","href":"https:\/\/api.w.org\/{rel}","templated":true}]}}