{"id":7091,"date":"2024-12-04T08:15:32","date_gmt":"2024-12-04T07:15:32","guid":{"rendered":"https:\/\/rafaramirez.org\/blog\/?p=7091"},"modified":"2024-12-04T11:35:40","modified_gmt":"2024-12-04T10:35:40","slug":"en-agosto-nos-vemos-de-gabriel-garcia-marquez","status":"publish","type":"post","link":"https:\/\/rafaramirez.org\/blog\/index.php\/2024\/12\/04\/en-agosto-nos-vemos-de-gabriel-garcia-marquez\/","title":{"rendered":"\u00abEn agosto nos vemos\u00bb de Gabriel Garc\u00eda M\u00e1rquez, novela p\u00f3stuma para seguir disfrutando de su realismo m\u00e1gico."},"content":{"rendered":"<p><strong>En agosto nos vemos<\/strong> es una novela p\u00f3stuma e inacabada del c\u00e9lebre escritor colombiano <strong>Gabriel Garc\u00eda M\u00e1rquez<\/strong>. Nos cuenta la historia de Ana Magdalena Bach, una mujer que viaja cada a\u00f1o a una isla caribe\u00f1a para visitar la tumba de su madre. Durante estos viajes, Ana Magdalena se encuentra con diferentes personajes y vive una serie de aventuras y reflexiones sobre la vida y el amor.<\/p>\n<p>La novela <strong>mantiene el estilo caracter\u00edstico<\/strong> de Garc\u00eda M\u00e1rquez, con su realismo m\u00e1gico y su profunda exploraci\u00f3n de las emociones humanas. Asimismo, aunque la obra no fue completada por el autor, ofrece <strong>una visi\u00f3n fascinante de su talento<\/strong> y su capacidad para crear mundos llenos de vida y color.<\/p>\n<h3>Historia detr\u00e1s de la novela.<\/h3>\n<p>La novela <strong>En agosto nos vemos<\/strong> de Gabriel Garc\u00eda M\u00e1rquez fue encontrada entre sus archivos personales, que se encuentran en la <strong>Universidad de Texas<\/strong> en <strong>Austin (EE.UU)<\/strong>. Estos archivos contienen una gran cantidad de documentos, manuscritos y otros materiales relacionados con la obra de Garc\u00eda M\u00e1rquez.<\/p>\n<p>Claro est\u00e1 que la decisi\u00f3n de publicar la novela en Espa\u00f1a y en otros pa\u00edses de habla hispana se debe <strong>a la importancia y el impacto de la obra<\/strong> de Garc\u00eda M\u00e1rquez en la literatura en espa\u00f1ol. La editorial <strong>Penguin Random House<\/strong>, que posee los derechos de publicaci\u00f3n, decidi\u00f3 lanzar la novela el <strong>6 de marzo de 2024<\/strong>, coincidiendo con el <strong>aniversario del nacimiento del autor<\/strong>, quien habr\u00eda cumplido 97 a\u00f1os ese d\u00eda.<\/p>\n<p>As\u00ed que esta fecha fue elegida para rendir homenaje a Garc\u00eda M\u00e1rquez y para satisfacer la demanda de sus numerosos lectores en todo el mundo.<\/p>\n<h3>Cr\u00edtica.<\/h3>\n<p><strong>En agosto nos vemos<\/strong> de Gabriel Garc\u00eda M\u00e1rquez es una obra que, aunque inacabada, <strong>ofrece una ventana fascinante al universo literario del autor<\/strong>. Ciertamente, la novela conserva el distintivo estilo de Garc\u00eda M\u00e1rquez, combinando la fantas\u00eda realista con una profunda indagaci\u00f3n en las emociones humanas. La trama, centrada en los viajes anuales de Ana Magdalena Bach a una isla caribe\u00f1a, permite al autor explorar temas como la soledad, la memoria y el paso del tiempo.<\/p>\n<p>Decididamente, uno de los puntos fuertes de la novela es la capacidad de Garc\u00eda M\u00e1rquez para crear personajes complejos y v\u00edvidos, as\u00ed como su habilidad para tejer <strong>historias que combinan lo cotidiano con lo extraordinario<\/strong>. Sin embargo, algunos cr\u00edticos han se\u00f1alado que la obra, al no estar completada, puede sentirse fragmentada y carecer de la cohesi\u00f3n que caracteriza a sus otras novelas.<\/p>\n<p>A pesar de estas limitaciones, <strong>En agosto nos vemos<\/strong> es una lectura imprescindible para los admiradores de Garc\u00eda M\u00e1rquez y para aquellos interesados en la literatura latinoamericana. La novela ofrece una visi\u00f3n \u00edntima de los temas que obsesionaban al autor en sus \u00faltimos a\u00f1os y permite a los lectores apreciar su <strong>inigualable talento para contar historias<\/strong>.<\/p>\n<figure id=\"attachment_7099\" aria-describedby=\"caption-attachment-7099\" style=\"width: 175px\" class=\"wp-caption aligncenter\"><a href=\"https:\/\/rafaramirez.org\/blog\/wp-content\/uploads\/2024\/12\/En_agosto_nos_vemos_Gabriel-Garcia-Marquez_portada.jpg\" target=\"_blank\" rel=\"noopener\"><img loading=\"lazy\" decoding=\"async\" class=\"wp-image-7099 size-medium\" src=\"https:\/\/rafaramirez.org\/blog\/wp-content\/uploads\/2024\/12\/En_agosto_nos_vemos_Gabriel-Garcia-Marquez_portada-175x300.jpg\" alt=\"Portada del libro &quot;En agosto nos vemos&quot; de Gabriel Garc\u00eda M\u00e1rquez. Blog de Rafael Ram\u00edrez.\" width=\"175\" height=\"300\" srcset=\"https:\/\/rafaramirez.org\/blog\/wp-content\/uploads\/2024\/12\/En_agosto_nos_vemos_Gabriel-Garcia-Marquez_portada-175x300.jpg 175w, https:\/\/rafaramirez.org\/blog\/wp-content\/uploads\/2024\/12\/En_agosto_nos_vemos_Gabriel-Garcia-Marquez_portada-599x1024.jpg 599w, https:\/\/rafaramirez.org\/blog\/wp-content\/uploads\/2024\/12\/En_agosto_nos_vemos_Gabriel-Garcia-Marquez_portada-768x1314.jpg 768w, https:\/\/rafaramirez.org\/blog\/wp-content\/uploads\/2024\/12\/En_agosto_nos_vemos_Gabriel-Garcia-Marquez_portada.jpg 877w\" sizes=\"auto, (max-width: 175px) 100vw, 175px\" \/><\/a><figcaption id=\"caption-attachment-7099\" class=\"wp-caption-text\">Portada del libro \u00abEn agosto nos vemos\u00bb de Gabriel Garc\u00eda M\u00e1rquez. Blog de Rafael Ram\u00edrez.<\/figcaption><\/figure>\n<h3>Ficha t\u00e9cnica.<\/h3>\n<ul>\n<li><strong>T\u00edtulo:<\/strong> En agosto nos vemos<\/li>\n<li><strong>Autor:<\/strong> Gabriel Garc\u00eda M\u00e1rquez<\/li>\n<li><strong>Editorial:<\/strong> Random House<\/li>\n<li><strong>ISBN:<\/strong> 978-8439743071<\/li>\n<li><strong>Idioma:<\/strong> Castellano<\/li>\n<li><strong>N\u00famero de p\u00e1ginas:<\/strong> 120<\/li>\n<li><strong>Encuadernaci\u00f3n:<\/strong> Tapa dura<\/li>\n<li><strong>Fecha de lanzamiento:<\/strong> 6 de marzo de 2024<\/li>\n<li><strong>Dimensiones:<\/strong> 23.8 cm de alto, 14.3 cm de ancho, 1.8 cm de grosor<\/li>\n<\/ul>\n<figure id=\"attachment_7101\" aria-describedby=\"caption-attachment-7101\" style=\"width: 200px\" class=\"wp-caption aligncenter\"><a href=\"https:\/\/rafaramirez.org\/blog\/wp-content\/uploads\/2024\/12\/Gabriel_Garcia_Marquez.jpg\" target=\"_blank\" rel=\"noopener\"><img loading=\"lazy\" decoding=\"async\" class=\"wp-image-7101 size-medium\" src=\"https:\/\/rafaramirez.org\/blog\/wp-content\/uploads\/2024\/12\/Gabriel_Garcia_Marquez-200x300.jpg\" alt=\"El escritor Gabriel Garc\u00eda M\u00e1rquez. Blog de Rafael Ram\u00edrez.\" width=\"200\" height=\"300\" srcset=\"https:\/\/rafaramirez.org\/blog\/wp-content\/uploads\/2024\/12\/Gabriel_Garcia_Marquez-200x300.jpg 200w, https:\/\/rafaramirez.org\/blog\/wp-content\/uploads\/2024\/12\/Gabriel_Garcia_Marquez.jpg 427w\" sizes=\"auto, (max-width: 200px) 100vw, 200px\" \/><\/a><figcaption id=\"caption-attachment-7101\" class=\"wp-caption-text\">El escritor Gabriel Garc\u00eda M\u00e1rquez. Blog de Rafael Ram\u00edrez.<\/figcaption><\/figure>\n<h3>Sobre el autor.<\/h3>\n<p>Gabriel Garc\u00eda M\u00e1rquez, conocido cari\u00f1osamente como <strong>\u00abGabo\u00bb<\/strong>, fue un escritor, guionista y periodista colombiano, nacido el 6 de marzo de 1927 en <strong>Aracataca<\/strong>, <strong>Colombia<\/strong>, y fallecido el 17 de abril de 2014 en <strong>Ciudad de M\u00e9xico<\/strong>. Es uno de los <strong>autores m\u00e1s importantes del siglo XX<\/strong> y una figura central del realismo m\u00e1gico, un estilo literario que combina elementos fant\u00e1sticos con la realidad cotidiana.<\/p>\n<p>Garc\u00eda M\u00e1rquez es m\u00e1s conocido por su <strong>obra maestra \u00abCien a\u00f1os de soledad\u00bb<\/strong>, publicada en 1967, que narra la historia de la familia Buend\u00eda en el pueblo ficticio de Macondo. Esta novela le vali\u00f3 el<strong> Premio Nobel de Literatura en 1982<\/strong>. Adem\u00e1s de \u00abCien a\u00f1os de soledad\u00bb, escribi\u00f3 otras obras destacadas como <strong>\u00abEl amor en los tiempos del c\u00f3lera\u00bb, \u00abCr\u00f3nica de una muerte anunciada\u00bb <\/strong>y<strong> \u00abEl oto\u00f1o del patriarca\u00bb<\/strong>.<\/p>\n<p>A lo largo de su carrera, Garc\u00eda M\u00e1rquez tambi\u00e9n <strong>trabaj\u00f3 como periodista y editor<\/strong>, y fue un firme defensor de la libertad de prensa y la justicia social. Su estilo narrativo y su capacidad para crear mundos imaginarios han dejado una huella indeleble en la literatura mundial.<\/p>\n<p><strong>En resumen, te recomiendo leer \u00abEn agosto nos vemos\u00bb porque ofrece una visi\u00f3n \u00edntima y profunda de los temas que obsesionaban a Gabriel Garc\u00eda M\u00e1rquez en sus \u00faltimos a\u00f1os. La novela combina el realismo m\u00e1gico con una exploraci\u00f3n po\u00e9tica de la vida y el amor, y permite a los lectores sumergirse en el inigualable talento narrativo del autor.<\/strong><\/p>\n<p>M\u00e1s informaci\u00f3n:<\/p>\n<ul>\n<li><a href=\"https:\/\/www.casadellibro.com\/libro-en-agosto-nos-vemos\/9788439743071\/14315292\" target=\"_blank\" rel=\"noopener\">Casa del Libro<\/a>.<\/li>\n<li><a href=\"https:\/\/www.infobae.com\/cultura\/2023\/10\/18\/en-agosto-nos-vemos-la-novela-inedita-de-garcia-marquez-ya-tiene-fecha-de-publicacion\/\" target=\"_blank\" rel=\"noopener\">Infobae<\/a>.<\/li>\n<li><a href=\"https:\/\/elhablador.com\/blog\/2024\/03\/10\/resena-en-agosto-nos-vemos-2024-de-gabriel-garcia-marquez\/\" target=\"_blank\" rel=\"noopener\">El hablador<\/a>.<\/li>\n<li><a href=\"https:\/\/es.wikipedia.org\/wiki\/Gabriel_Garc%C3%ADa_M%C3%A1rquez\" target=\"_blank\" rel=\"noopener\">Wikipedia<\/a>.<\/li>\n<li><a href=\"https:\/\/rafaramirez.org\/blog\/index.php\/category\/arte\/literatura\/\" target=\"_blank\" rel=\"noopener\">M\u00e1s libros recomendados<\/a>.<\/li>\n<\/ul>\n","protected":false},"excerpt":{"rendered":"<p>En agosto nos vemos es una novela p\u00f3stuma e inacabada del c\u00e9lebre escritor colombiano Gabriel Garc\u00eda M\u00e1rquez. Nos cuenta la historia de Ana Magdalena Bach, una mujer que viaja cada a\u00f1o a una isla caribe\u00f1a para visitar la tumba de su madre. Durante estos viajes, Ana Magdalena se encuentra con diferentes personajes y vive una [&hellip;]<\/p>\n","protected":false},"author":1,"featured_media":7100,"comment_status":"open","ping_status":"closed","sticky":false,"template":"","format":"standard","meta":{"site-container-style":"default","site-container-layout":"default","site-sidebar-layout":"default","disable-article-header":"default","disable-site-header":"default","disable-site-footer":"default","disable-content-area-spacing":"default","_jetpack_newsletter_access":"","_jetpack_dont_email_post_to_subs":false,"_jetpack_newsletter_tier_id":0,"_jetpack_memberships_contains_paywalled_content":false,"_jetpack_feature_clip_id":0,"_jetpack_memberships_contains_paid_content":false,"footnotes":"","jetpack_publicize_message":"","jetpack_publicize_feature_enabled":true,"jetpack_social_post_already_shared":true,"jetpack_social_options":{"image_generator_settings":{"template":"highway","default_image_id":0,"font":"","enabled":false},"version":2},"jetpack_post_was_ever_published":false},"categories":[710],"tags":[3802,68,1470,3610,264,325],"class_list":["post-7091","post","type-post","status-publish","format-standard","has-post-thumbnail","hentry","category-literatura","tag-en-agosto-nos-vemos-de-gabriel-garcia-marquez","tag-blog-de-rafael-ramirez","tag-critica-libro","tag-lectura-recomendada","tag-libro-recomendado","tag-noticias-culturales"],"yoast_head":"<!-- This site is optimized with the Yoast SEO plugin v28.4 - https:\/\/yoast.com\/product\/yoast-seo-wordpress\/ -->\n<title>&quot;En agosto nos vemos&quot; de Gabriel Garc\u00eda M\u00e1rquez, novela p\u00f3stuma para seguir disfrutando de su realismo m\u00e1gico. - Blog de Rafael Ram\u00edrez<\/title>\n<meta name=\"description\" content=\"Hoy te hablo de &quot;En agosto nos vemos&quot;, novela p\u00f3stuma e inacabada del c\u00e9lebre escritor colombiano Gabriel Garc\u00eda M\u00e1rquez publicada este a\u00f1o.\" \/>\n<meta name=\"robots\" content=\"index, follow, max-snippet:-1, max-image-preview:large, max-video-preview:-1\" \/>\n<link rel=\"canonical\" href=\"https:\/\/rafaramirez.org\/blog\/index.php\/2024\/12\/04\/en-agosto-nos-vemos-de-gabriel-garcia-marquez\/\" \/>\n<meta property=\"og:locale\" content=\"es_ES\" \/>\n<meta property=\"og:type\" content=\"article\" \/>\n<meta property=\"og:title\" content=\"&quot;En agosto nos vemos&quot; de Gabriel Garc\u00eda M\u00e1rquez, novela p\u00f3stuma para seguir disfrutando de su realismo m\u00e1gico. - Blog de Rafael Ram\u00edrez\" \/>\n<meta property=\"og:description\" content=\"Hoy te hablo de &quot;En agosto nos vemos&quot;, novela p\u00f3stuma e inacabada del c\u00e9lebre escritor colombiano Gabriel Garc\u00eda M\u00e1rquez publicada este a\u00f1o.\" \/>\n<meta property=\"og:url\" content=\"https:\/\/rafaramirez.org\/blog\/index.php\/2024\/12\/04\/en-agosto-nos-vemos-de-gabriel-garcia-marquez\/\" \/>\n<meta property=\"og:site_name\" content=\"Blog de Rafael Ram\u00edrez\" \/>\n<meta property=\"article:published_time\" content=\"2024-12-04T07:15:32+00:00\" \/>\n<meta property=\"article:modified_time\" content=\"2024-12-04T10:35:40+00:00\" \/>\n<meta property=\"og:image\" content=\"https:\/\/rafaramirez.org\/blog\/wp-content\/uploads\/2024\/12\/En_agosto_nos_vemos_Gabriel-Garcia-Marquez_banner.jpg\" \/>\n\t<meta property=\"og:image:width\" content=\"720\" \/>\n\t<meta property=\"og:image:height\" content=\"440\" \/>\n\t<meta property=\"og:image:type\" content=\"image\/jpeg\" \/>\n<meta name=\"author\" content=\"Rafael Ram\u00edrez\" \/>\n<meta name=\"twitter:card\" content=\"summary_large_image\" \/>\n<meta name=\"twitter:creator\" content=\"@rafaramirez_ok\" \/>\n<meta name=\"twitter:site\" content=\"@rafaramirez_ok\" \/>\n<meta name=\"twitter:label1\" content=\"Escrito por\" \/>\n\t<meta name=\"twitter:data1\" content=\"Rafael Ram\u00edrez\" \/>\n\t<meta name=\"twitter:label2\" content=\"Tiempo de lectura\" \/>\n\t<meta name=\"twitter:data2\" content=\"5 minutos\" \/>\n<script type=\"application\/ld+json\" class=\"yoast-schema-graph\">{\"@context\":\"https:\\\/\\\/schema.org\",\"@graph\":[{\"@type\":\"Article\",\"@id\":\"https:\\\/\\\/rafaramirez.org\\\/blog\\\/index.php\\\/2024\\\/12\\\/04\\\/en-agosto-nos-vemos-de-gabriel-garcia-marquez\\\/#article\",\"isPartOf\":{\"@id\":\"https:\\\/\\\/rafaramirez.org\\\/blog\\\/index.php\\\/2024\\\/12\\\/04\\\/en-agosto-nos-vemos-de-gabriel-garcia-marquez\\\/\"},\"author\":{\"name\":\"Rafael Ram\u00edrez\",\"@id\":\"https:\\\/\\\/rafaramirez.org\\\/blog\\\/#\\\/schema\\\/person\\\/50f43b6d60c578760d4c17bda54ab6a5\"},\"headline\":\"\u00abEn agosto nos vemos\u00bb de Gabriel Garc\u00eda M\u00e1rquez, novela p\u00f3stuma para seguir disfrutando de su realismo m\u00e1gico.\",\"datePublished\":\"2024-12-04T07:15:32+00:00\",\"dateModified\":\"2024-12-04T10:35:40+00:00\",\"mainEntityOfPage\":{\"@id\":\"https:\\\/\\\/rafaramirez.org\\\/blog\\\/index.php\\\/2024\\\/12\\\/04\\\/en-agosto-nos-vemos-de-gabriel-garcia-marquez\\\/\"},\"wordCount\":892,\"commentCount\":0,\"publisher\":{\"@id\":\"https:\\\/\\\/rafaramirez.org\\\/blog\\\/#\\\/schema\\\/person\\\/50f43b6d60c578760d4c17bda54ab6a5\"},\"image\":{\"@id\":\"https:\\\/\\\/rafaramirez.org\\\/blog\\\/index.php\\\/2024\\\/12\\\/04\\\/en-agosto-nos-vemos-de-gabriel-garcia-marquez\\\/#primaryimage\"},\"thumbnailUrl\":\"https:\\\/\\\/rafaramirez.org\\\/blog\\\/wp-content\\\/uploads\\\/2024\\\/12\\\/En_agosto_nos_vemos_Gabriel-Garcia-Marquez_banner.jpg\",\"keywords\":[\"\\\"En agosto nos vemos\\\" de Gabriel Garc\u00eda M\u00e1rquez\",\"blog de Rafael Ram\u00edrez\",\"critica libro\",\"lectura recomendada\",\"libro recomendado\",\"noticias culturales\"],\"articleSection\":[\"Literatura\"],\"inLanguage\":\"es\",\"potentialAction\":[{\"@type\":\"CommentAction\",\"name\":\"Comment\",\"target\":[\"https:\\\/\\\/rafaramirez.org\\\/blog\\\/index.php\\\/2024\\\/12\\\/04\\\/en-agosto-nos-vemos-de-gabriel-garcia-marquez\\\/#respond\"]}]},{\"@type\":\"WebPage\",\"@id\":\"https:\\\/\\\/rafaramirez.org\\\/blog\\\/index.php\\\/2024\\\/12\\\/04\\\/en-agosto-nos-vemos-de-gabriel-garcia-marquez\\\/\",\"url\":\"https:\\\/\\\/rafaramirez.org\\\/blog\\\/index.php\\\/2024\\\/12\\\/04\\\/en-agosto-nos-vemos-de-gabriel-garcia-marquez\\\/\",\"name\":\"\\\"En agosto nos vemos\\\" de Gabriel Garc\u00eda M\u00e1rquez, novela p\u00f3stuma para seguir disfrutando de su realismo m\u00e1gico. - Blog de Rafael Ram\u00edrez\",\"isPartOf\":{\"@id\":\"https:\\\/\\\/rafaramirez.org\\\/blog\\\/#website\"},\"primaryImageOfPage\":{\"@id\":\"https:\\\/\\\/rafaramirez.org\\\/blog\\\/index.php\\\/2024\\\/12\\\/04\\\/en-agosto-nos-vemos-de-gabriel-garcia-marquez\\\/#primaryimage\"},\"image\":{\"@id\":\"https:\\\/\\\/rafaramirez.org\\\/blog\\\/index.php\\\/2024\\\/12\\\/04\\\/en-agosto-nos-vemos-de-gabriel-garcia-marquez\\\/#primaryimage\"},\"thumbnailUrl\":\"https:\\\/\\\/rafaramirez.org\\\/blog\\\/wp-content\\\/uploads\\\/2024\\\/12\\\/En_agosto_nos_vemos_Gabriel-Garcia-Marquez_banner.jpg\",\"datePublished\":\"2024-12-04T07:15:32+00:00\",\"dateModified\":\"2024-12-04T10:35:40+00:00\",\"description\":\"Hoy te hablo de \\\"En agosto nos vemos\\\", novela p\u00f3stuma e inacabada del c\u00e9lebre escritor colombiano Gabriel Garc\u00eda M\u00e1rquez publicada este a\u00f1o.\",\"breadcrumb\":{\"@id\":\"https:\\\/\\\/rafaramirez.org\\\/blog\\\/index.php\\\/2024\\\/12\\\/04\\\/en-agosto-nos-vemos-de-gabriel-garcia-marquez\\\/#breadcrumb\"},\"inLanguage\":\"es\",\"potentialAction\":[{\"@type\":\"ReadAction\",\"target\":[\"https:\\\/\\\/rafaramirez.org\\\/blog\\\/index.php\\\/2024\\\/12\\\/04\\\/en-agosto-nos-vemos-de-gabriel-garcia-marquez\\\/\"]}]},{\"@type\":\"ImageObject\",\"inLanguage\":\"es\",\"@id\":\"https:\\\/\\\/rafaramirez.org\\\/blog\\\/index.php\\\/2024\\\/12\\\/04\\\/en-agosto-nos-vemos-de-gabriel-garcia-marquez\\\/#primaryimage\",\"url\":\"https:\\\/\\\/rafaramirez.org\\\/blog\\\/wp-content\\\/uploads\\\/2024\\\/12\\\/En_agosto_nos_vemos_Gabriel-Garcia-Marquez_banner.jpg\",\"contentUrl\":\"https:\\\/\\\/rafaramirez.org\\\/blog\\\/wp-content\\\/uploads\\\/2024\\\/12\\\/En_agosto_nos_vemos_Gabriel-Garcia-Marquez_banner.jpg\",\"width\":720,\"height\":440,\"caption\":\"\\\"En agosto nos vemos\\\" de Gabriel Garc\u00eda M\u00e1rquez. Blog de Rafael Ram\u00edrez.\"},{\"@type\":\"BreadcrumbList\",\"@id\":\"https:\\\/\\\/rafaramirez.org\\\/blog\\\/index.php\\\/2024\\\/12\\\/04\\\/en-agosto-nos-vemos-de-gabriel-garcia-marquez\\\/#breadcrumb\",\"itemListElement\":[{\"@type\":\"ListItem\",\"position\":1,\"name\":\"Portada\",\"item\":\"https:\\\/\\\/rafaramirez.org\\\/blog\\\/\"},{\"@type\":\"ListItem\",\"position\":2,\"name\":\"\u00abEn agosto nos vemos\u00bb de Gabriel Garc\u00eda M\u00e1rquez, novela p\u00f3stuma para seguir disfrutando de su realismo m\u00e1gico.\"}]},{\"@type\":\"WebSite\",\"@id\":\"https:\\\/\\\/rafaramirez.org\\\/blog\\\/#website\",\"url\":\"https:\\\/\\\/rafaramirez.org\\\/blog\\\/\",\"name\":\"Blog de Rafael Ram\u00edrez\",\"description\":\"Un sitio social, de arte y cultura\",\"publisher\":{\"@id\":\"https:\\\/\\\/rafaramirez.org\\\/blog\\\/#\\\/schema\\\/person\\\/50f43b6d60c578760d4c17bda54ab6a5\"},\"potentialAction\":[{\"@type\":\"SearchAction\",\"target\":{\"@type\":\"EntryPoint\",\"urlTemplate\":\"https:\\\/\\\/rafaramirez.org\\\/blog\\\/?s={search_term_string}\"},\"query-input\":{\"@type\":\"PropertyValueSpecification\",\"valueRequired\":true,\"valueName\":\"search_term_string\"}}],\"inLanguage\":\"es\"},{\"@type\":[\"Person\",\"Organization\"],\"@id\":\"https:\\\/\\\/rafaramirez.org\\\/blog\\\/#\\\/schema\\\/person\\\/50f43b6d60c578760d4c17bda54ab6a5\",\"name\":\"Rafael Ram\u00edrez\",\"image\":{\"@type\":\"ImageObject\",\"inLanguage\":\"es\",\"@id\":\"https:\\\/\\\/rafaramirez.org\\\/blog\\\/wp-content\\\/uploads\\\/2024\\\/09\\\/RR_socialnetwork.jpg\",\"url\":\"https:\\\/\\\/rafaramirez.org\\\/blog\\\/wp-content\\\/uploads\\\/2024\\\/09\\\/RR_socialnetwork.jpg\",\"contentUrl\":\"https:\\\/\\\/rafaramirez.org\\\/blog\\\/wp-content\\\/uploads\\\/2024\\\/09\\\/RR_socialnetwork.jpg\",\"width\":600,\"height\":606,\"caption\":\"Rafael Ram\u00edrez\"},\"logo\":{\"@id\":\"https:\\\/\\\/rafaramirez.org\\\/blog\\\/wp-content\\\/uploads\\\/2024\\\/09\\\/RR_socialnetwork.jpg\"},\"sameAs\":[\"https:\\\/\\\/www.rafaramirez.org\\\/blog\",\"https:\\\/\\\/www.instagram.com\\\/rafaramirez_ok\\\/\",\"https:\\\/\\\/es.pinterest.com\\\/Ramirez_Rafa\\\/\",\"https:\\\/\\\/x.com\\\/rafaramirez_ok\"],\"url\":\"https:\\\/\\\/rafaramirez.org\\\/blog\\\/index.php\\\/author\\\/rafaell_qm6j97da\\\/\"}]}<\/script>\n<!-- \/ Yoast SEO plugin. -->","yoast_head_json":{"title":"\"En agosto nos vemos\" de Gabriel Garc\u00eda M\u00e1rquez, novela p\u00f3stuma para seguir disfrutando de su realismo m\u00e1gico. - Blog de Rafael Ram\u00edrez","description":"Hoy te hablo de \"En agosto nos vemos\", novela p\u00f3stuma e inacabada del c\u00e9lebre escritor colombiano Gabriel Garc\u00eda M\u00e1rquez publicada este a\u00f1o.","robots":{"index":"index","follow":"follow","max-snippet":"max-snippet:-1","max-image-preview":"max-image-preview:large","max-video-preview":"max-video-preview:-1"},"canonical":"https:\/\/rafaramirez.org\/blog\/index.php\/2024\/12\/04\/en-agosto-nos-vemos-de-gabriel-garcia-marquez\/","og_locale":"es_ES","og_type":"article","og_title":"\"En agosto nos vemos\" de Gabriel Garc\u00eda M\u00e1rquez, novela p\u00f3stuma para seguir disfrutando de su realismo m\u00e1gico. - Blog de Rafael Ram\u00edrez","og_description":"Hoy te hablo de \"En agosto nos vemos\", novela p\u00f3stuma e inacabada del c\u00e9lebre escritor colombiano Gabriel Garc\u00eda M\u00e1rquez publicada este a\u00f1o.","og_url":"https:\/\/rafaramirez.org\/blog\/index.php\/2024\/12\/04\/en-agosto-nos-vemos-de-gabriel-garcia-marquez\/","og_site_name":"Blog de Rafael Ram\u00edrez","article_published_time":"2024-12-04T07:15:32+00:00","article_modified_time":"2024-12-04T10:35:40+00:00","og_image":[{"width":720,"height":440,"url":"https:\/\/rafaramirez.org\/blog\/wp-content\/uploads\/2024\/12\/En_agosto_nos_vemos_Gabriel-Garcia-Marquez_banner.jpg","type":"image\/jpeg"}],"author":"Rafael Ram\u00edrez","twitter_card":"summary_large_image","twitter_creator":"@rafaramirez_ok","twitter_site":"@rafaramirez_ok","twitter_misc":{"Escrito por":"Rafael Ram\u00edrez","Tiempo de lectura":"5 minutos"},"schema":{"@context":"https:\/\/schema.org","@graph":[{"@type":"Article","@id":"https:\/\/rafaramirez.org\/blog\/index.php\/2024\/12\/04\/en-agosto-nos-vemos-de-gabriel-garcia-marquez\/#article","isPartOf":{"@id":"https:\/\/rafaramirez.org\/blog\/index.php\/2024\/12\/04\/en-agosto-nos-vemos-de-gabriel-garcia-marquez\/"},"author":{"name":"Rafael Ram\u00edrez","@id":"https:\/\/rafaramirez.org\/blog\/#\/schema\/person\/50f43b6d60c578760d4c17bda54ab6a5"},"headline":"\u00abEn agosto nos vemos\u00bb de Gabriel Garc\u00eda M\u00e1rquez, novela p\u00f3stuma para seguir disfrutando de su realismo m\u00e1gico.","datePublished":"2024-12-04T07:15:32+00:00","dateModified":"2024-12-04T10:35:40+00:00","mainEntityOfPage":{"@id":"https:\/\/rafaramirez.org\/blog\/index.php\/2024\/12\/04\/en-agosto-nos-vemos-de-gabriel-garcia-marquez\/"},"wordCount":892,"commentCount":0,"publisher":{"@id":"https:\/\/rafaramirez.org\/blog\/#\/schema\/person\/50f43b6d60c578760d4c17bda54ab6a5"},"image":{"@id":"https:\/\/rafaramirez.org\/blog\/index.php\/2024\/12\/04\/en-agosto-nos-vemos-de-gabriel-garcia-marquez\/#primaryimage"},"thumbnailUrl":"https:\/\/rafaramirez.org\/blog\/wp-content\/uploads\/2024\/12\/En_agosto_nos_vemos_Gabriel-Garcia-Marquez_banner.jpg","keywords":["\"En agosto nos vemos\" de Gabriel Garc\u00eda M\u00e1rquez","blog de Rafael Ram\u00edrez","critica libro","lectura recomendada","libro recomendado","noticias culturales"],"articleSection":["Literatura"],"inLanguage":"es","potentialAction":[{"@type":"CommentAction","name":"Comment","target":["https:\/\/rafaramirez.org\/blog\/index.php\/2024\/12\/04\/en-agosto-nos-vemos-de-gabriel-garcia-marquez\/#respond"]}]},{"@type":"WebPage","@id":"https:\/\/rafaramirez.org\/blog\/index.php\/2024\/12\/04\/en-agosto-nos-vemos-de-gabriel-garcia-marquez\/","url":"https:\/\/rafaramirez.org\/blog\/index.php\/2024\/12\/04\/en-agosto-nos-vemos-de-gabriel-garcia-marquez\/","name":"\"En agosto nos vemos\" de Gabriel Garc\u00eda M\u00e1rquez, novela p\u00f3stuma para seguir disfrutando de su realismo m\u00e1gico. - Blog de Rafael Ram\u00edrez","isPartOf":{"@id":"https:\/\/rafaramirez.org\/blog\/#website"},"primaryImageOfPage":{"@id":"https:\/\/rafaramirez.org\/blog\/index.php\/2024\/12\/04\/en-agosto-nos-vemos-de-gabriel-garcia-marquez\/#primaryimage"},"image":{"@id":"https:\/\/rafaramirez.org\/blog\/index.php\/2024\/12\/04\/en-agosto-nos-vemos-de-gabriel-garcia-marquez\/#primaryimage"},"thumbnailUrl":"https:\/\/rafaramirez.org\/blog\/wp-content\/uploads\/2024\/12\/En_agosto_nos_vemos_Gabriel-Garcia-Marquez_banner.jpg","datePublished":"2024-12-04T07:15:32+00:00","dateModified":"2024-12-04T10:35:40+00:00","description":"Hoy te hablo de \"En agosto nos vemos\", novela p\u00f3stuma e inacabada del c\u00e9lebre escritor colombiano Gabriel Garc\u00eda M\u00e1rquez publicada este a\u00f1o.","breadcrumb":{"@id":"https:\/\/rafaramirez.org\/blog\/index.php\/2024\/12\/04\/en-agosto-nos-vemos-de-gabriel-garcia-marquez\/#breadcrumb"},"inLanguage":"es","potentialAction":[{"@type":"ReadAction","target":["https:\/\/rafaramirez.org\/blog\/index.php\/2024\/12\/04\/en-agosto-nos-vemos-de-gabriel-garcia-marquez\/"]}]},{"@type":"ImageObject","inLanguage":"es","@id":"https:\/\/rafaramirez.org\/blog\/index.php\/2024\/12\/04\/en-agosto-nos-vemos-de-gabriel-garcia-marquez\/#primaryimage","url":"https:\/\/rafaramirez.org\/blog\/wp-content\/uploads\/2024\/12\/En_agosto_nos_vemos_Gabriel-Garcia-Marquez_banner.jpg","contentUrl":"https:\/\/rafaramirez.org\/blog\/wp-content\/uploads\/2024\/12\/En_agosto_nos_vemos_Gabriel-Garcia-Marquez_banner.jpg","width":720,"height":440,"caption":"\"En agosto nos vemos\" de Gabriel Garc\u00eda M\u00e1rquez. Blog de Rafael Ram\u00edrez."},{"@type":"BreadcrumbList","@id":"https:\/\/rafaramirez.org\/blog\/index.php\/2024\/12\/04\/en-agosto-nos-vemos-de-gabriel-garcia-marquez\/#breadcrumb","itemListElement":[{"@type":"ListItem","position":1,"name":"Portada","item":"https:\/\/rafaramirez.org\/blog\/"},{"@type":"ListItem","position":2,"name":"\u00abEn agosto nos vemos\u00bb de Gabriel Garc\u00eda M\u00e1rquez, novela p\u00f3stuma para seguir disfrutando de su realismo m\u00e1gico."}]},{"@type":"WebSite","@id":"https:\/\/rafaramirez.org\/blog\/#website","url":"https:\/\/rafaramirez.org\/blog\/","name":"Blog de Rafael Ram\u00edrez","description":"Un sitio social, de arte y cultura","publisher":{"@id":"https:\/\/rafaramirez.org\/blog\/#\/schema\/person\/50f43b6d60c578760d4c17bda54ab6a5"},"potentialAction":[{"@type":"SearchAction","target":{"@type":"EntryPoint","urlTemplate":"https:\/\/rafaramirez.org\/blog\/?s={search_term_string}"},"query-input":{"@type":"PropertyValueSpecification","valueRequired":true,"valueName":"search_term_string"}}],"inLanguage":"es"},{"@type":["Person","Organization"],"@id":"https:\/\/rafaramirez.org\/blog\/#\/schema\/person\/50f43b6d60c578760d4c17bda54ab6a5","name":"Rafael Ram\u00edrez","image":{"@type":"ImageObject","inLanguage":"es","@id":"https:\/\/rafaramirez.org\/blog\/wp-content\/uploads\/2024\/09\/RR_socialnetwork.jpg","url":"https:\/\/rafaramirez.org\/blog\/wp-content\/uploads\/2024\/09\/RR_socialnetwork.jpg","contentUrl":"https:\/\/rafaramirez.org\/blog\/wp-content\/uploads\/2024\/09\/RR_socialnetwork.jpg","width":600,"height":606,"caption":"Rafael Ram\u00edrez"},"logo":{"@id":"https:\/\/rafaramirez.org\/blog\/wp-content\/uploads\/2024\/09\/RR_socialnetwork.jpg"},"sameAs":["https:\/\/www.rafaramirez.org\/blog","https:\/\/www.instagram.com\/rafaramirez_ok\/","https:\/\/es.pinterest.com\/Ramirez_Rafa\/","https:\/\/x.com\/rafaramirez_ok"],"url":"https:\/\/rafaramirez.org\/blog\/index.php\/author\/rafaell_qm6j97da\/"}]}},"jetpack_publicize_connections":[],"jetpack_sharing_enabled":true,"jetpack_likes_enabled":true,"jetpack_featured_media_url":"https:\/\/rafaramirez.org\/blog\/wp-content\/uploads\/2024\/12\/En_agosto_nos_vemos_Gabriel-Garcia-Marquez_banner.jpg","_links":{"self":[{"href":"https:\/\/rafaramirez.org\/blog\/index.php\/wp-json\/wp\/v2\/posts\/7091","targetHints":{"allow":["GET"]}}],"collection":[{"href":"https:\/\/rafaramirez.org\/blog\/index.php\/wp-json\/wp\/v2\/posts"}],"about":[{"href":"https:\/\/rafaramirez.org\/blog\/index.php\/wp-json\/wp\/v2\/types\/post"}],"author":[{"embeddable":true,"href":"https:\/\/rafaramirez.org\/blog\/index.php\/wp-json\/wp\/v2\/users\/1"}],"replies":[{"embeddable":true,"href":"https:\/\/rafaramirez.org\/blog\/index.php\/wp-json\/wp\/v2\/comments?post=7091"}],"version-history":[{"count":15,"href":"https:\/\/rafaramirez.org\/blog\/index.php\/wp-json\/wp\/v2\/posts\/7091\/revisions"}],"predecessor-version":[{"id":7152,"href":"https:\/\/rafaramirez.org\/blog\/index.php\/wp-json\/wp\/v2\/posts\/7091\/revisions\/7152"}],"wp:featuredmedia":[{"embeddable":true,"href":"https:\/\/rafaramirez.org\/blog\/index.php\/wp-json\/wp\/v2\/media\/7100"}],"wp:attachment":[{"href":"https:\/\/rafaramirez.org\/blog\/index.php\/wp-json\/wp\/v2\/media?parent=7091"}],"wp:term":[{"taxonomy":"category","embeddable":true,"href":"https:\/\/rafaramirez.org\/blog\/index.php\/wp-json\/wp\/v2\/categories?post=7091"},{"taxonomy":"post_tag","embeddable":true,"href":"https:\/\/rafaramirez.org\/blog\/index.php\/wp-json\/wp\/v2\/tags?post=7091"}],"curies":[{"name":"wp","href":"https:\/\/api.w.org\/{rel}","templated":true}]}}