{"id":7073,"date":"2024-12-03T08:15:57","date_gmt":"2024-12-03T07:15:57","guid":{"rendered":"https:\/\/rafaramirez.org\/blog\/?p=7073"},"modified":"2024-12-04T11:03:32","modified_gmt":"2024-12-04T10:03:32","slug":"felices-pascuas-de-juan-antonio-bardem","status":"publish","type":"post","link":"https:\/\/rafaramirez.org\/blog\/index.php\/2024\/12\/03\/felices-pascuas-de-juan-antonio-bardem\/","title":{"rendered":"Felices Pascuas de Juan Antonio Bardem, visi\u00f3n de la hipocres\u00eda y la desigualdad con trasfondo navide\u00f1o."},"content":{"rendered":"<p>Sigo, en estas semanas previas a la navidad, recomend\u00e1ndote pel\u00edculas que se ambientan en esta \u00e9poca. Hoy le toca a<strong> Felices Pascuas<\/strong>, pel\u00edcula dirigida por\u00a0<strong>Juan Antonio Bardem <\/strong>y\u00a0estrenada en 1954. Es una comedia dram\u00e1tica que se sit\u00faa en la Espa\u00f1a de la posguerra y narra la historia de una familia que se enfrenta a diversas <strong>dificultades econ\u00f3micas y sociales durante las fiestas navide\u00f1as<\/strong>. La pel\u00edcula <strong>destaca por su cr\u00edtica social y su retrato de la vida cotidiana<\/strong> en esa \u00e9poca.<\/p>\n<p>Bardem, conocido por su enfoque cr\u00edtico y realista, utiliza esta pel\u00edcula para explorar temas como la hipocres\u00eda social y las desigualdades econ\u00f3micas, todo ello con un toque de humor y humanidad. <strong>Felices Pascuas<\/strong> es un ejemplo del cine comprometido de Bardem, que siempre busc\u00f3 reflejar y cuestionar la realidad de su tiempo.<\/p>\n<figure id=\"attachment_7079\" aria-describedby=\"caption-attachment-7079\" style=\"width: 300px\" class=\"wp-caption aligncenter\"><a href=\"https:\/\/rafaramirez.org\/blog\/wp-content\/uploads\/2024\/12\/Felices-Pascuas_J.A.-Bardem_1.jpg\" target=\"_blank\" rel=\"noopener\"><img loading=\"lazy\" decoding=\"async\" class=\"wp-image-7079 size-medium\" src=\"https:\/\/rafaramirez.org\/blog\/wp-content\/uploads\/2024\/12\/Felices-Pascuas_J.A.-Bardem_1-300x225.jpg\" alt=\"Felices Pascuas de Juan Antonio Bardem. Blog de Rafael Ram\u00edrez.\" width=\"300\" height=\"225\" srcset=\"https:\/\/rafaramirez.org\/blog\/wp-content\/uploads\/2024\/12\/Felices-Pascuas_J.A.-Bardem_1-300x225.jpg 300w, https:\/\/rafaramirez.org\/blog\/wp-content\/uploads\/2024\/12\/Felices-Pascuas_J.A.-Bardem_1.jpg 704w\" sizes=\"auto, (max-width: 300px) 100vw, 300px\" \/><\/a><figcaption id=\"caption-attachment-7079\" class=\"wp-caption-text\">Felices Pascuas de Juan Antonio Bardem. Blog de Rafael Ram\u00edrez.<\/figcaption><\/figure>\n<h3>Contexto hist\u00f3rico de la pel\u00edcula.<\/h3>\n<p><strong>Felices Pascuas<\/strong> se rod\u00f3 en un contexto hist\u00f3rico y social muy particular. La pel\u00edcula, como te he contado, se estren\u00f3 en 1954, en plena dictadura franquista en Espa\u00f1a. Durante esta \u00e9poca, el pa\u00eds estaba marcado por la censura y la represi\u00f3n pol\u00edtica, lo que influ\u00eda significativamente en la producci\u00f3n cinematogr\u00e1fica.<\/p>\n<p>Juan Antonio Bardem, conocido por su compromiso social y pol\u00edtico, utiliz\u00f3 el cine como una herramienta <strong>para criticar y reflejar la realidad de la sociedad espa\u00f1ola<\/strong> de la posguerra. En Felices Pascuas, Bardem aborda temas como la pobreza, la desigualdad y la hipocres\u00eda social, todo ello enmarcado en el ambiente festivo de la Navidad, lo que a\u00f1ade un <strong>contraste ir\u00f3nico y cr\u00edtico a la narrativa<\/strong>.<\/p>\n<p>La pel\u00edcula tambi\u00e9n destaca por ser la primera dirigida en solitario por Bardem, quien m\u00e1s tarde se convertir\u00eda en una figura clave del cine espa\u00f1ol. Su enfoque realista y su habilidad para combinar humor y cr\u00edtica social hicieron de <strong>Felices Pascuas<\/strong> una obra significativa en su filmograf\u00eda.<\/p>\n<div data-content=\"ai-message\" aria-labelledby=\"4VYPzHnBn1aypbRcbVkVQ-author 4VYPzHnBn1aypbRcbVkVQ-content\">\n<div id=\"4VYPzHnBn1aypbRcbVkVQ-content\" class=\"space-y-3 break-words\">\n<figure id=\"attachment_7080\" aria-describedby=\"caption-attachment-7080\" style=\"width: 300px\" class=\"wp-caption aligncenter\"><a href=\"https:\/\/rafaramirez.org\/blog\/wp-content\/uploads\/2024\/12\/Felices-Pascuas_J.A.-Bardem_2.jpg\" target=\"_blank\" rel=\"noopener\"><img loading=\"lazy\" decoding=\"async\" class=\"wp-image-7080 size-medium\" src=\"https:\/\/rafaramirez.org\/blog\/wp-content\/uploads\/2024\/12\/Felices-Pascuas_J.A.-Bardem_2-300x225.jpg\" alt=\"Felices Pascuas de Juan Antonio Bardem. Blog de Rafael Ram\u00edrez.\" width=\"300\" height=\"225\" srcset=\"https:\/\/rafaramirez.org\/blog\/wp-content\/uploads\/2024\/12\/Felices-Pascuas_J.A.-Bardem_2-300x225.jpg 300w, https:\/\/rafaramirez.org\/blog\/wp-content\/uploads\/2024\/12\/Felices-Pascuas_J.A.-Bardem_2.jpg 704w\" sizes=\"auto, (max-width: 300px) 100vw, 300px\" \/><\/a><figcaption id=\"caption-attachment-7080\" class=\"wp-caption-text\">Felices Pascuas de Juan Antonio Bardem. Blog de Rafael Ram\u00edrez.<\/figcaption><\/figure>\n<\/div>\n<\/div>\n<h3>Cr\u00edtica.<\/h3>\n<p>Felices Pascuas es una pel\u00edcula que destaca por su capacidad para combinar humor y cr\u00edtica social en un contexto navide\u00f1o. Juan Antonio Bardem refleja, con maestr\u00eda, la esencia de la Espa\u00f1a de la posguerra y las dificultades a las que se enfrentaban las familias de la \u00e9poca.<\/p>\n<p>La pel\u00edcula se caracteriza por su <strong>enfoque realista<\/strong> y su habilidad para retratar la hipocres\u00eda y las <strong>desigualdades de la sociedad<\/strong>. Los personajes est\u00e1n bien desarrollados y sus interacciones reflejan la complejidad de las relaciones humanas en un entorno adverso. El guion, lleno de <strong>di\u00e1logos ingeniosos y situaciones c\u00f3micas<\/strong>, permite al espectador reflexionar sobre la realidad social mientras se divierte.<\/p>\n<p>La direcci\u00f3n de Bardem es precisa y efectiva, utilizando la Navidad como un <strong>tel\u00f3n de fondo ir\u00f3nico<\/strong> para resaltar las contradicciones de la sociedad. La cinematograf\u00eda y la ambientaci\u00f3n contribuyen a crear una <strong>atm\u00f3sfera aut\u00e9ntica y envolvente<\/strong>.<\/p>\n<p>En resumen, <strong>Felices Pascuas<\/strong> es una obra significativa que combina entretenimiento y reflexi\u00f3n de manera magistral. Es una pel\u00edcula que invita a pensar y a cuestionar, sin perder el sentido del humor.<\/p>\n<figure id=\"attachment_7078\" aria-describedby=\"caption-attachment-7078\" style=\"width: 200px\" class=\"wp-caption aligncenter\"><a href=\"https:\/\/rafaramirez.org\/blog\/wp-content\/uploads\/2024\/12\/Felices_Pascuas-cartel-med.jpg\" target=\"_blank\" rel=\"noopener\"><img loading=\"lazy\" decoding=\"async\" class=\"wp-image-7078 size-medium\" src=\"https:\/\/rafaramirez.org\/blog\/wp-content\/uploads\/2024\/12\/Felices_Pascuas-cartel-med-200x300.jpg\" alt=\"Cartel de Felices Pascuas de Juan Antonio Bardem. Blog de Rafael Ram\u00edrez.\" width=\"200\" height=\"300\" srcset=\"https:\/\/rafaramirez.org\/blog\/wp-content\/uploads\/2024\/12\/Felices_Pascuas-cartel-med-200x300.jpg 200w, https:\/\/rafaramirez.org\/blog\/wp-content\/uploads\/2024\/12\/Felices_Pascuas-cartel-med-682x1024.jpg 682w, https:\/\/rafaramirez.org\/blog\/wp-content\/uploads\/2024\/12\/Felices_Pascuas-cartel-med-768x1152.jpg 768w, https:\/\/rafaramirez.org\/blog\/wp-content\/uploads\/2024\/12\/Felices_Pascuas-cartel-med-1024x1536.jpg 1024w, https:\/\/rafaramirez.org\/blog\/wp-content\/uploads\/2024\/12\/Felices_Pascuas-cartel-med.jpg 1133w\" sizes=\"auto, (max-width: 200px) 100vw, 200px\" \/><\/a><figcaption id=\"caption-attachment-7078\" class=\"wp-caption-text\">Cartel de Felices Pascuas de Juan Antonio Bardem. Blog de Rafael Ram\u00edrez.<\/figcaption><\/figure>\n<h3>Ficha t\u00e9cnica de la pel\u00edcula.<\/h3>\n<ul>\n<li><strong>T\u00edtulo original<\/strong>: Felices Pascuas<\/li>\n<li><strong>A\u00f1o<\/strong>: 1954<\/li>\n<li><strong>Duraci\u00f3n<\/strong>: 83 minutos<\/li>\n<li><strong>Pa\u00eds<\/strong>: Espa\u00f1a<\/li>\n<li><strong>Direcci\u00f3n<\/strong>: Juan Antonio Bardem<\/li>\n<li><strong>Guion<\/strong>: Juan Antonio Bardem, Jos\u00e9 Luis Dibildos, Alfonso Paso<\/li>\n<li><strong>M\u00fasica<\/strong>: Isidro B. Maiztegui<\/li>\n<li><strong>Fotograf\u00eda<\/strong>: Cecilio Paniagua<\/li>\n<li><strong>Montaje<\/strong>: Margarita de Ochoa<\/li>\n<li><strong>Producci\u00f3n<\/strong>: Rafael Carrillo<\/li>\n<li><strong>Compa\u00f1\u00eda productora<\/strong>: Exclusivas Floralva Producci\u00f3n<\/li>\n<li><strong>G\u00e9nero<\/strong>: Comedia, Familia, Navidad<\/li>\n<li><strong>Reparto<\/strong>:\n<ul>\n<li>Julia Mart\u00ednez como Pilar<\/li>\n<li>Bernard Lajarrige como Juan<\/li>\n<li>Pilar Sanclemente como Pili<\/li>\n<li>Carlos Goyanes como Juan\u00edn<\/li>\n<li>Beni Deus como Manolo<\/li>\n<li>Manuel Alexandre como Soldado de Artiller\u00eda<\/li>\n<li>Josefina Serratosa como Madre Loreto<\/li>\n<li>Rafael Bardem como Comisario<\/li>\n<li>Matilde Mu\u00f1oz Sampedro como Hermana Traspunte<\/li>\n<li>Jos\u00e9 Luis L\u00f3pez V\u00e1zquez como Felipe<\/li>\n<\/ul>\n<\/li>\n<\/ul>\n<h3>Trailer.<\/h3>\n<p><iframe loading=\"lazy\" title=\"YouTube video player\" src=\"https:\/\/www.youtube.com\/embed\/eMOU16IBXgI?si=h7yMW9LODJhi2vyb\" width=\"560\" height=\"315\" frameborder=\"0\" allowfullscreen=\"allowfullscreen\"><\/iframe><\/p>\n<p>En definitiva, Felices Pascuas es una joya del cine espa\u00f1ol que combina humor e iron\u00eda con una cr\u00edtica social en un contexto navide\u00f1o. La direcci\u00f3n de Juan Antonio Bardem y las memorables interpretaciones del reparto convierten a esta pel\u00edcula en una experiencia \u00fanica. <strong>Es una obra que invita a la reflexi\u00f3n y al disfrute simult\u00e1neamente. \u00a1No te la pierdas!<\/strong><\/p>\n<p>M\u00e1s informaci\u00f3n:<\/p>\n<ul>\n<li><a href=\"https:\/\/es.wikipedia.org\/wiki\/Felices_Pascuas\" target=\"_blank\" rel=\"noopener\">Wikipedia<\/a>.<\/li>\n<li><a href=\"https:\/\/www.sensacine.com\/peliculas\/pelicula-174739\/\" target=\"_blank\" rel=\"noopener\">Sensacine<\/a>.<\/li>\n<li><a href=\"https:\/\/www.filmaffinity.com\/es\/film963412.html\" target=\"_blank\" rel=\"noopener\">Film Affinity<\/a>.<\/li>\n<li><a href=\"https:\/\/rafaramirez.org\/blog\/index.php\/category\/arte\/cine\/\" target=\"_blank\" rel=\"noopener\">M\u00e1s pel\u00edculas recomendadas<\/a>.<\/li>\n<\/ul>\n","protected":false},"excerpt":{"rendered":"<p>Sigo, en estas semanas previas a la navidad, recomend\u00e1ndote pel\u00edculas que se ambientan en esta \u00e9poca. Hoy le toca a Felices Pascuas, pel\u00edcula dirigida por\u00a0Juan Antonio Bardem y\u00a0estrenada en 1954. Es una comedia dram\u00e1tica que se sit\u00faa en la Espa\u00f1a de la posguerra y narra la historia de una familia que se enfrenta a diversas [&hellip;]<\/p>\n","protected":false},"author":1,"featured_media":7083,"comment_status":"open","ping_status":"closed","sticky":false,"template":"","format":"standard","meta":{"site-container-style":"default","site-container-layout":"default","site-sidebar-layout":"default","disable-article-header":"default","disable-site-header":"default","disable-site-footer":"default","disable-content-area-spacing":"default","_jetpack_newsletter_access":"","_jetpack_dont_email_post_to_subs":false,"_jetpack_newsletter_tier_id":0,"_jetpack_memberships_contains_paywalled_content":false,"_jetpack_feature_clip_id":0,"_jetpack_memberships_contains_paid_content":false,"footnotes":"","jetpack_publicize_message":"","jetpack_publicize_feature_enabled":true,"jetpack_social_post_already_shared":true,"jetpack_social_options":{"image_generator_settings":{"template":"highway","default_image_id":0,"font":"","enabled":false},"version":2},"jetpack_post_was_ever_published":false},"categories":[711],"tags":[1791,68,2241,762,3798,2426,3801,3799,3800,897],"class_list":["post-7073","post","type-post","status-publish","format-standard","has-post-thumbnail","hentry","category-cine","tag-1791","tag-blog-de-rafael-ramirez","tag-cine-espanol","tag-critica-de-cine","tag-felices-pascuas-de-juan-antonio-bardem","tag-pelicula-de-1954","tag-pelicula-de-navidad","tag-pelicula-espanola","tag-pelicula-navidena","tag-pelicula-recomendada"],"yoast_head":"<!-- This site is optimized with the Yoast SEO plugin v28.3 - https:\/\/yoast.com\/product\/yoast-seo-wordpress\/ -->\n<title>Felices Pascuas de Juan Antonio Bardem, visi\u00f3n de la hipocres\u00eda y la desigualdad con trasfondo navide\u00f1o. - Blog de Rafael Ram\u00edrez<\/title>\n<meta name=\"description\" content=\"Sigo, en estas semanas previas a la navidad, recomend\u00e1ndote pel\u00edculas. Hoy le toca a Felices Pascuas, dirigida por\u00a0Juan Antonio Bardem.\" \/>\n<meta name=\"robots\" content=\"index, follow, max-snippet:-1, max-image-preview:large, max-video-preview:-1\" \/>\n<link rel=\"canonical\" href=\"https:\/\/rafaramirez.org\/blog\/index.php\/2024\/12\/03\/felices-pascuas-de-juan-antonio-bardem\/\" \/>\n<meta property=\"og:locale\" content=\"es_ES\" \/>\n<meta property=\"og:type\" content=\"article\" \/>\n<meta property=\"og:title\" content=\"Felices Pascuas de Juan Antonio Bardem, visi\u00f3n de la hipocres\u00eda y la desigualdad con trasfondo navide\u00f1o. - Blog de Rafael Ram\u00edrez\" \/>\n<meta property=\"og:description\" content=\"Sigo, en estas semanas previas a la navidad, recomend\u00e1ndote pel\u00edculas. Hoy le toca a Felices Pascuas, dirigida por\u00a0Juan Antonio Bardem.\" \/>\n<meta property=\"og:url\" content=\"https:\/\/rafaramirez.org\/blog\/index.php\/2024\/12\/03\/felices-pascuas-de-juan-antonio-bardem\/\" \/>\n<meta property=\"og:site_name\" content=\"Blog de Rafael Ram\u00edrez\" \/>\n<meta property=\"article:published_time\" content=\"2024-12-03T07:15:57+00:00\" \/>\n<meta property=\"article:modified_time\" content=\"2024-12-04T10:03:32+00:00\" \/>\n<meta property=\"og:image\" content=\"https:\/\/rafaramirez.org\/blog\/wp-content\/uploads\/2024\/12\/Felices-Pascuas_J.A.-Bardem_banner.jpg\" \/>\n\t<meta property=\"og:image:width\" content=\"720\" \/>\n\t<meta property=\"og:image:height\" content=\"440\" \/>\n\t<meta property=\"og:image:type\" content=\"image\/jpeg\" \/>\n<meta name=\"author\" content=\"Rafael Ram\u00edrez\" \/>\n<meta name=\"twitter:card\" content=\"summary_large_image\" \/>\n<meta name=\"twitter:creator\" content=\"@rafaramirez_ok\" \/>\n<meta name=\"twitter:site\" content=\"@rafaramirez_ok\" \/>\n<meta name=\"twitter:label1\" content=\"Escrito por\" \/>\n\t<meta name=\"twitter:data1\" content=\"Rafael Ram\u00edrez\" \/>\n\t<meta name=\"twitter:label2\" content=\"Tiempo de lectura\" \/>\n\t<meta name=\"twitter:data2\" content=\"4 minutos\" \/>\n<script type=\"application\/ld+json\" class=\"yoast-schema-graph\">{\"@context\":\"https:\\\/\\\/schema.org\",\"@graph\":[{\"@type\":\"Article\",\"@id\":\"https:\\\/\\\/rafaramirez.org\\\/blog\\\/index.php\\\/2024\\\/12\\\/03\\\/felices-pascuas-de-juan-antonio-bardem\\\/#article\",\"isPartOf\":{\"@id\":\"https:\\\/\\\/rafaramirez.org\\\/blog\\\/index.php\\\/2024\\\/12\\\/03\\\/felices-pascuas-de-juan-antonio-bardem\\\/\"},\"author\":{\"name\":\"Rafael Ram\u00edrez\",\"@id\":\"https:\\\/\\\/rafaramirez.org\\\/blog\\\/#\\\/schema\\\/person\\\/50f43b6d60c578760d4c17bda54ab6a5\"},\"headline\":\"Felices Pascuas de Juan Antonio Bardem, visi\u00f3n de la hipocres\u00eda y la desigualdad con trasfondo navide\u00f1o.\",\"datePublished\":\"2024-12-03T07:15:57+00:00\",\"dateModified\":\"2024-12-04T10:03:32+00:00\",\"mainEntityOfPage\":{\"@id\":\"https:\\\/\\\/rafaramirez.org\\\/blog\\\/index.php\\\/2024\\\/12\\\/03\\\/felices-pascuas-de-juan-antonio-bardem\\\/\"},\"wordCount\":808,\"commentCount\":0,\"publisher\":{\"@id\":\"https:\\\/\\\/rafaramirez.org\\\/blog\\\/#\\\/schema\\\/person\\\/50f43b6d60c578760d4c17bda54ab6a5\"},\"image\":{\"@id\":\"https:\\\/\\\/rafaramirez.org\\\/blog\\\/index.php\\\/2024\\\/12\\\/03\\\/felices-pascuas-de-juan-antonio-bardem\\\/#primaryimage\"},\"thumbnailUrl\":\"https:\\\/\\\/rafaramirez.org\\\/blog\\\/wp-content\\\/uploads\\\/2024\\\/12\\\/Felices-Pascuas_J.A.-Bardem_banner.jpg\",\"keywords\":[\"1954\",\"blog de Rafael Ram\u00edrez\",\"cine espa\u00f1ol\",\"cr\u00edtica de cine\",\"Felices Pascuas de Juan Antonio Bardem\",\"pel\u00edcula de 1954\",\"pel\u00edcula de navidad\",\"pel\u00edcula espa\u00f1ola\",\"pel\u00edcula navide\u00f1a\",\"pel\u00edcula recomendada\"],\"articleSection\":[\"Cine\"],\"inLanguage\":\"es\",\"potentialAction\":[{\"@type\":\"CommentAction\",\"name\":\"Comment\",\"target\":[\"https:\\\/\\\/rafaramirez.org\\\/blog\\\/index.php\\\/2024\\\/12\\\/03\\\/felices-pascuas-de-juan-antonio-bardem\\\/#respond\"]}]},{\"@type\":\"WebPage\",\"@id\":\"https:\\\/\\\/rafaramirez.org\\\/blog\\\/index.php\\\/2024\\\/12\\\/03\\\/felices-pascuas-de-juan-antonio-bardem\\\/\",\"url\":\"https:\\\/\\\/rafaramirez.org\\\/blog\\\/index.php\\\/2024\\\/12\\\/03\\\/felices-pascuas-de-juan-antonio-bardem\\\/\",\"name\":\"Felices Pascuas de Juan Antonio Bardem, visi\u00f3n de la hipocres\u00eda y la desigualdad con trasfondo navide\u00f1o. - Blog de Rafael Ram\u00edrez\",\"isPartOf\":{\"@id\":\"https:\\\/\\\/rafaramirez.org\\\/blog\\\/#website\"},\"primaryImageOfPage\":{\"@id\":\"https:\\\/\\\/rafaramirez.org\\\/blog\\\/index.php\\\/2024\\\/12\\\/03\\\/felices-pascuas-de-juan-antonio-bardem\\\/#primaryimage\"},\"image\":{\"@id\":\"https:\\\/\\\/rafaramirez.org\\\/blog\\\/index.php\\\/2024\\\/12\\\/03\\\/felices-pascuas-de-juan-antonio-bardem\\\/#primaryimage\"},\"thumbnailUrl\":\"https:\\\/\\\/rafaramirez.org\\\/blog\\\/wp-content\\\/uploads\\\/2024\\\/12\\\/Felices-Pascuas_J.A.-Bardem_banner.jpg\",\"datePublished\":\"2024-12-03T07:15:57+00:00\",\"dateModified\":\"2024-12-04T10:03:32+00:00\",\"description\":\"Sigo, en estas semanas previas a la navidad, recomend\u00e1ndote pel\u00edculas. Hoy le toca a Felices Pascuas, dirigida por\u00a0Juan Antonio Bardem.\",\"breadcrumb\":{\"@id\":\"https:\\\/\\\/rafaramirez.org\\\/blog\\\/index.php\\\/2024\\\/12\\\/03\\\/felices-pascuas-de-juan-antonio-bardem\\\/#breadcrumb\"},\"inLanguage\":\"es\",\"potentialAction\":[{\"@type\":\"ReadAction\",\"target\":[\"https:\\\/\\\/rafaramirez.org\\\/blog\\\/index.php\\\/2024\\\/12\\\/03\\\/felices-pascuas-de-juan-antonio-bardem\\\/\"]}]},{\"@type\":\"ImageObject\",\"inLanguage\":\"es\",\"@id\":\"https:\\\/\\\/rafaramirez.org\\\/blog\\\/index.php\\\/2024\\\/12\\\/03\\\/felices-pascuas-de-juan-antonio-bardem\\\/#primaryimage\",\"url\":\"https:\\\/\\\/rafaramirez.org\\\/blog\\\/wp-content\\\/uploads\\\/2024\\\/12\\\/Felices-Pascuas_J.A.-Bardem_banner.jpg\",\"contentUrl\":\"https:\\\/\\\/rafaramirez.org\\\/blog\\\/wp-content\\\/uploads\\\/2024\\\/12\\\/Felices-Pascuas_J.A.-Bardem_banner.jpg\",\"width\":720,\"height\":440,\"caption\":\"Felices Pascuas de Juan Antonio Bardem. Blog de Rafael Ram\u00edrez.\"},{\"@type\":\"BreadcrumbList\",\"@id\":\"https:\\\/\\\/rafaramirez.org\\\/blog\\\/index.php\\\/2024\\\/12\\\/03\\\/felices-pascuas-de-juan-antonio-bardem\\\/#breadcrumb\",\"itemListElement\":[{\"@type\":\"ListItem\",\"position\":1,\"name\":\"Portada\",\"item\":\"https:\\\/\\\/rafaramirez.org\\\/blog\\\/\"},{\"@type\":\"ListItem\",\"position\":2,\"name\":\"Felices Pascuas de Juan Antonio Bardem, visi\u00f3n de la hipocres\u00eda y la desigualdad con trasfondo navide\u00f1o.\"}]},{\"@type\":\"WebSite\",\"@id\":\"https:\\\/\\\/rafaramirez.org\\\/blog\\\/#website\",\"url\":\"https:\\\/\\\/rafaramirez.org\\\/blog\\\/\",\"name\":\"Blog de Rafael Ram\u00edrez\",\"description\":\"Un sitio social, de arte y cultura\",\"publisher\":{\"@id\":\"https:\\\/\\\/rafaramirez.org\\\/blog\\\/#\\\/schema\\\/person\\\/50f43b6d60c578760d4c17bda54ab6a5\"},\"potentialAction\":[{\"@type\":\"SearchAction\",\"target\":{\"@type\":\"EntryPoint\",\"urlTemplate\":\"https:\\\/\\\/rafaramirez.org\\\/blog\\\/?s={search_term_string}\"},\"query-input\":{\"@type\":\"PropertyValueSpecification\",\"valueRequired\":true,\"valueName\":\"search_term_string\"}}],\"inLanguage\":\"es\"},{\"@type\":[\"Person\",\"Organization\"],\"@id\":\"https:\\\/\\\/rafaramirez.org\\\/blog\\\/#\\\/schema\\\/person\\\/50f43b6d60c578760d4c17bda54ab6a5\",\"name\":\"Rafael Ram\u00edrez\",\"image\":{\"@type\":\"ImageObject\",\"inLanguage\":\"es\",\"@id\":\"https:\\\/\\\/rafaramirez.org\\\/blog\\\/wp-content\\\/uploads\\\/2024\\\/09\\\/RR_socialnetwork.jpg\",\"url\":\"https:\\\/\\\/rafaramirez.org\\\/blog\\\/wp-content\\\/uploads\\\/2024\\\/09\\\/RR_socialnetwork.jpg\",\"contentUrl\":\"https:\\\/\\\/rafaramirez.org\\\/blog\\\/wp-content\\\/uploads\\\/2024\\\/09\\\/RR_socialnetwork.jpg\",\"width\":600,\"height\":606,\"caption\":\"Rafael Ram\u00edrez\"},\"logo\":{\"@id\":\"https:\\\/\\\/rafaramirez.org\\\/blog\\\/wp-content\\\/uploads\\\/2024\\\/09\\\/RR_socialnetwork.jpg\"},\"sameAs\":[\"https:\\\/\\\/www.rafaramirez.org\\\/blog\",\"https:\\\/\\\/www.instagram.com\\\/rafaramirez_ok\\\/\",\"https:\\\/\\\/es.pinterest.com\\\/Ramirez_Rafa\\\/\",\"https:\\\/\\\/x.com\\\/rafaramirez_ok\"],\"url\":\"https:\\\/\\\/rafaramirez.org\\\/blog\\\/index.php\\\/author\\\/rafaell_qm6j97da\\\/\"}]}<\/script>\n<!-- \/ Yoast SEO plugin. -->","yoast_head_json":{"title":"Felices Pascuas de Juan Antonio Bardem, visi\u00f3n de la hipocres\u00eda y la desigualdad con trasfondo navide\u00f1o. - Blog de Rafael Ram\u00edrez","description":"Sigo, en estas semanas previas a la navidad, recomend\u00e1ndote pel\u00edculas. Hoy le toca a Felices Pascuas, dirigida por\u00a0Juan Antonio Bardem.","robots":{"index":"index","follow":"follow","max-snippet":"max-snippet:-1","max-image-preview":"max-image-preview:large","max-video-preview":"max-video-preview:-1"},"canonical":"https:\/\/rafaramirez.org\/blog\/index.php\/2024\/12\/03\/felices-pascuas-de-juan-antonio-bardem\/","og_locale":"es_ES","og_type":"article","og_title":"Felices Pascuas de Juan Antonio Bardem, visi\u00f3n de la hipocres\u00eda y la desigualdad con trasfondo navide\u00f1o. - Blog de Rafael Ram\u00edrez","og_description":"Sigo, en estas semanas previas a la navidad, recomend\u00e1ndote pel\u00edculas. Hoy le toca a Felices Pascuas, dirigida por\u00a0Juan Antonio Bardem.","og_url":"https:\/\/rafaramirez.org\/blog\/index.php\/2024\/12\/03\/felices-pascuas-de-juan-antonio-bardem\/","og_site_name":"Blog de Rafael Ram\u00edrez","article_published_time":"2024-12-03T07:15:57+00:00","article_modified_time":"2024-12-04T10:03:32+00:00","og_image":[{"width":720,"height":440,"url":"https:\/\/rafaramirez.org\/blog\/wp-content\/uploads\/2024\/12\/Felices-Pascuas_J.A.-Bardem_banner.jpg","type":"image\/jpeg"}],"author":"Rafael Ram\u00edrez","twitter_card":"summary_large_image","twitter_creator":"@rafaramirez_ok","twitter_site":"@rafaramirez_ok","twitter_misc":{"Escrito por":"Rafael Ram\u00edrez","Tiempo de lectura":"4 minutos"},"schema":{"@context":"https:\/\/schema.org","@graph":[{"@type":"Article","@id":"https:\/\/rafaramirez.org\/blog\/index.php\/2024\/12\/03\/felices-pascuas-de-juan-antonio-bardem\/#article","isPartOf":{"@id":"https:\/\/rafaramirez.org\/blog\/index.php\/2024\/12\/03\/felices-pascuas-de-juan-antonio-bardem\/"},"author":{"name":"Rafael Ram\u00edrez","@id":"https:\/\/rafaramirez.org\/blog\/#\/schema\/person\/50f43b6d60c578760d4c17bda54ab6a5"},"headline":"Felices Pascuas de Juan Antonio Bardem, visi\u00f3n de la hipocres\u00eda y la desigualdad con trasfondo navide\u00f1o.","datePublished":"2024-12-03T07:15:57+00:00","dateModified":"2024-12-04T10:03:32+00:00","mainEntityOfPage":{"@id":"https:\/\/rafaramirez.org\/blog\/index.php\/2024\/12\/03\/felices-pascuas-de-juan-antonio-bardem\/"},"wordCount":808,"commentCount":0,"publisher":{"@id":"https:\/\/rafaramirez.org\/blog\/#\/schema\/person\/50f43b6d60c578760d4c17bda54ab6a5"},"image":{"@id":"https:\/\/rafaramirez.org\/blog\/index.php\/2024\/12\/03\/felices-pascuas-de-juan-antonio-bardem\/#primaryimage"},"thumbnailUrl":"https:\/\/rafaramirez.org\/blog\/wp-content\/uploads\/2024\/12\/Felices-Pascuas_J.A.-Bardem_banner.jpg","keywords":["1954","blog de Rafael Ram\u00edrez","cine espa\u00f1ol","cr\u00edtica de cine","Felices Pascuas de Juan Antonio Bardem","pel\u00edcula de 1954","pel\u00edcula de navidad","pel\u00edcula espa\u00f1ola","pel\u00edcula navide\u00f1a","pel\u00edcula recomendada"],"articleSection":["Cine"],"inLanguage":"es","potentialAction":[{"@type":"CommentAction","name":"Comment","target":["https:\/\/rafaramirez.org\/blog\/index.php\/2024\/12\/03\/felices-pascuas-de-juan-antonio-bardem\/#respond"]}]},{"@type":"WebPage","@id":"https:\/\/rafaramirez.org\/blog\/index.php\/2024\/12\/03\/felices-pascuas-de-juan-antonio-bardem\/","url":"https:\/\/rafaramirez.org\/blog\/index.php\/2024\/12\/03\/felices-pascuas-de-juan-antonio-bardem\/","name":"Felices Pascuas de Juan Antonio Bardem, visi\u00f3n de la hipocres\u00eda y la desigualdad con trasfondo navide\u00f1o. - Blog de Rafael Ram\u00edrez","isPartOf":{"@id":"https:\/\/rafaramirez.org\/blog\/#website"},"primaryImageOfPage":{"@id":"https:\/\/rafaramirez.org\/blog\/index.php\/2024\/12\/03\/felices-pascuas-de-juan-antonio-bardem\/#primaryimage"},"image":{"@id":"https:\/\/rafaramirez.org\/blog\/index.php\/2024\/12\/03\/felices-pascuas-de-juan-antonio-bardem\/#primaryimage"},"thumbnailUrl":"https:\/\/rafaramirez.org\/blog\/wp-content\/uploads\/2024\/12\/Felices-Pascuas_J.A.-Bardem_banner.jpg","datePublished":"2024-12-03T07:15:57+00:00","dateModified":"2024-12-04T10:03:32+00:00","description":"Sigo, en estas semanas previas a la navidad, recomend\u00e1ndote pel\u00edculas. Hoy le toca a Felices Pascuas, dirigida por\u00a0Juan Antonio Bardem.","breadcrumb":{"@id":"https:\/\/rafaramirez.org\/blog\/index.php\/2024\/12\/03\/felices-pascuas-de-juan-antonio-bardem\/#breadcrumb"},"inLanguage":"es","potentialAction":[{"@type":"ReadAction","target":["https:\/\/rafaramirez.org\/blog\/index.php\/2024\/12\/03\/felices-pascuas-de-juan-antonio-bardem\/"]}]},{"@type":"ImageObject","inLanguage":"es","@id":"https:\/\/rafaramirez.org\/blog\/index.php\/2024\/12\/03\/felices-pascuas-de-juan-antonio-bardem\/#primaryimage","url":"https:\/\/rafaramirez.org\/blog\/wp-content\/uploads\/2024\/12\/Felices-Pascuas_J.A.-Bardem_banner.jpg","contentUrl":"https:\/\/rafaramirez.org\/blog\/wp-content\/uploads\/2024\/12\/Felices-Pascuas_J.A.-Bardem_banner.jpg","width":720,"height":440,"caption":"Felices Pascuas de Juan Antonio Bardem. Blog de Rafael Ram\u00edrez."},{"@type":"BreadcrumbList","@id":"https:\/\/rafaramirez.org\/blog\/index.php\/2024\/12\/03\/felices-pascuas-de-juan-antonio-bardem\/#breadcrumb","itemListElement":[{"@type":"ListItem","position":1,"name":"Portada","item":"https:\/\/rafaramirez.org\/blog\/"},{"@type":"ListItem","position":2,"name":"Felices Pascuas de Juan Antonio Bardem, visi\u00f3n de la hipocres\u00eda y la desigualdad con trasfondo navide\u00f1o."}]},{"@type":"WebSite","@id":"https:\/\/rafaramirez.org\/blog\/#website","url":"https:\/\/rafaramirez.org\/blog\/","name":"Blog de Rafael Ram\u00edrez","description":"Un sitio social, de arte y cultura","publisher":{"@id":"https:\/\/rafaramirez.org\/blog\/#\/schema\/person\/50f43b6d60c578760d4c17bda54ab6a5"},"potentialAction":[{"@type":"SearchAction","target":{"@type":"EntryPoint","urlTemplate":"https:\/\/rafaramirez.org\/blog\/?s={search_term_string}"},"query-input":{"@type":"PropertyValueSpecification","valueRequired":true,"valueName":"search_term_string"}}],"inLanguage":"es"},{"@type":["Person","Organization"],"@id":"https:\/\/rafaramirez.org\/blog\/#\/schema\/person\/50f43b6d60c578760d4c17bda54ab6a5","name":"Rafael Ram\u00edrez","image":{"@type":"ImageObject","inLanguage":"es","@id":"https:\/\/rafaramirez.org\/blog\/wp-content\/uploads\/2024\/09\/RR_socialnetwork.jpg","url":"https:\/\/rafaramirez.org\/blog\/wp-content\/uploads\/2024\/09\/RR_socialnetwork.jpg","contentUrl":"https:\/\/rafaramirez.org\/blog\/wp-content\/uploads\/2024\/09\/RR_socialnetwork.jpg","width":600,"height":606,"caption":"Rafael Ram\u00edrez"},"logo":{"@id":"https:\/\/rafaramirez.org\/blog\/wp-content\/uploads\/2024\/09\/RR_socialnetwork.jpg"},"sameAs":["https:\/\/www.rafaramirez.org\/blog","https:\/\/www.instagram.com\/rafaramirez_ok\/","https:\/\/es.pinterest.com\/Ramirez_Rafa\/","https:\/\/x.com\/rafaramirez_ok"],"url":"https:\/\/rafaramirez.org\/blog\/index.php\/author\/rafaell_qm6j97da\/"}]}},"jetpack_publicize_connections":[],"jetpack_sharing_enabled":true,"jetpack_likes_enabled":true,"jetpack_featured_media_url":"https:\/\/rafaramirez.org\/blog\/wp-content\/uploads\/2024\/12\/Felices-Pascuas_J.A.-Bardem_banner.jpg","_links":{"self":[{"href":"https:\/\/rafaramirez.org\/blog\/index.php\/wp-json\/wp\/v2\/posts\/7073","targetHints":{"allow":["GET"]}}],"collection":[{"href":"https:\/\/rafaramirez.org\/blog\/index.php\/wp-json\/wp\/v2\/posts"}],"about":[{"href":"https:\/\/rafaramirez.org\/blog\/index.php\/wp-json\/wp\/v2\/types\/post"}],"author":[{"embeddable":true,"href":"https:\/\/rafaramirez.org\/blog\/index.php\/wp-json\/wp\/v2\/users\/1"}],"replies":[{"embeddable":true,"href":"https:\/\/rafaramirez.org\/blog\/index.php\/wp-json\/wp\/v2\/comments?post=7073"}],"version-history":[{"count":10,"href":"https:\/\/rafaramirez.org\/blog\/index.php\/wp-json\/wp\/v2\/posts\/7073\/revisions"}],"predecessor-version":[{"id":7151,"href":"https:\/\/rafaramirez.org\/blog\/index.php\/wp-json\/wp\/v2\/posts\/7073\/revisions\/7151"}],"wp:featuredmedia":[{"embeddable":true,"href":"https:\/\/rafaramirez.org\/blog\/index.php\/wp-json\/wp\/v2\/media\/7083"}],"wp:attachment":[{"href":"https:\/\/rafaramirez.org\/blog\/index.php\/wp-json\/wp\/v2\/media?parent=7073"}],"wp:term":[{"taxonomy":"category","embeddable":true,"href":"https:\/\/rafaramirez.org\/blog\/index.php\/wp-json\/wp\/v2\/categories?post=7073"},{"taxonomy":"post_tag","embeddable":true,"href":"https:\/\/rafaramirez.org\/blog\/index.php\/wp-json\/wp\/v2\/tags?post=7073"}],"curies":[{"name":"wp","href":"https:\/\/api.w.org\/{rel}","templated":true}]}}