{"id":7062,"date":"2024-12-02T08:15:59","date_gmt":"2024-12-02T07:15:59","guid":{"rendered":"https:\/\/rafaramirez.org\/blog\/?p=7062"},"modified":"2024-12-02T12:02:06","modified_gmt":"2024-12-02T11:02:06","slug":"dia-internacional-de-la-abolicion-de-la-esclavitud","status":"publish","type":"post","link":"https:\/\/rafaramirez.org\/blog\/index.php\/2024\/12\/02\/dia-internacional-de-la-abolicion-de-la-esclavitud\/","title":{"rendered":"D\u00eda Internacional para la Abolici\u00f3n de la Esclavitud o la necesidad de erradicar todas sus formas."},"content":{"rendered":"<p>El <strong>D\u00eda Internacional para la Abolici\u00f3n de la Esclavitud<\/strong> se celebra cada a\u00f1o el <strong>2 de diciembre<\/strong>. Esta fecha fue elegida para conmemorar el aniversario de la aprobaci\u00f3n del <strong>Convenio para la Represi\u00f3n de la Trata de Personas y de la Explotaci\u00f3n de la Prostituci\u00f3n Ajena<\/strong> por la <strong>Asamblea General de las Naciones Unidas<\/strong> el 2 de diciembre de <strong>1949<\/strong>.<\/p>\n<p>El objetivo de este d\u00eda es concienciar sobre la necesidad de <strong>erradicar todas las formas contempor\u00e1neas de esclavitud<\/strong>, que incluyen la trata de personas, la explotaci\u00f3n sexual, el trabajo infantil, el matrimonio forzado y el reclutamiento forzoso de ni\u00f1os para conflictos armados. La esclavitud moderna <strong>afecta a millones de personas en todo el mundo<\/strong>, y las mujeres y los ni\u00f1os son los m\u00e1s vulnerables.<\/p>\n<p>La <strong>Organizaci\u00f3n Internacional del Trabajo (OIT)<\/strong> ha adoptado un nuevo Protocolo legalmente vinculante para reforzar la lucha contra el trabajo forzoso en todo el mundo, que entr\u00f3 en vigor en noviembre de<strong> 2016<\/strong>.<\/p>\n<figure id=\"attachment_7067\" aria-describedby=\"caption-attachment-7067\" style=\"width: 300px\" class=\"wp-caption aligncenter\"><a href=\"https:\/\/rafaramirez.org\/blog\/wp-content\/uploads\/2024\/12\/handcuffs-964522_1280.jpg\" target=\"_blank\" rel=\"noopener\"><img loading=\"lazy\" decoding=\"async\" class=\"wp-image-7067 size-medium\" src=\"https:\/\/rafaramirez.org\/blog\/wp-content\/uploads\/2024\/12\/handcuffs-964522_1280-300x191.jpg\" alt=\"D\u00eda Internacional de la Abolici\u00f3n de la Esclavitud. Blog de Rafael Ram\u00edrez.\" width=\"300\" height=\"191\" srcset=\"https:\/\/rafaramirez.org\/blog\/wp-content\/uploads\/2024\/12\/handcuffs-964522_1280-300x191.jpg 300w, https:\/\/rafaramirez.org\/blog\/wp-content\/uploads\/2024\/12\/handcuffs-964522_1280-768x490.jpg 768w, https:\/\/rafaramirez.org\/blog\/wp-content\/uploads\/2024\/12\/handcuffs-964522_1280.jpg 1000w\" sizes=\"auto, (max-width: 300px) 100vw, 300px\" \/><\/a><figcaption id=\"caption-attachment-7067\" class=\"wp-caption-text\">D\u00eda Internacional de la Abolici\u00f3n de la Esclavitud. Blog de Rafael Ram\u00edrez.<\/figcaption><\/figure>\n<h3>Una oportunidad para reflexionar.<\/h3>\n<p>El D\u00eda Internacional para la Abolici\u00f3n de la Esclavitud nos brinda la ocasi\u00f3n de reflexionar sobre las manifestaciones actuales de la esclavitud y las maneras en que podemos enfrentarlas.<\/p>\n<p>La trata de personas es una de las formas m\u00e1s comunes de esclavitud moderna. Las v\u00edctimas son enga\u00f1adas, coaccionadas o forzadas a situaciones de explotaci\u00f3n, y a menudo se les priva de su libertad y derechos b\u00e1sicos. Seg\u00fan la Organizaci\u00f3n Internacional del Trabajo (OIT), m\u00e1s de <strong>40 millones de personas en todo el mundo<\/strong> son v\u00edctimas de la esclavitud moderna.<\/p>\n<p>El D\u00eda Internacional para la Abolici\u00f3n de la Esclavitud tambi\u00e9n destaca la importancia de la educaci\u00f3n y la <strong>sensibilizaci\u00f3n para prevenir<\/strong> la esclavitud. Las campa\u00f1as de concienciaci\u00f3n y los programas educativos pueden ayudar a <strong>identificar y proteger a las v\u00edctimas<\/strong>, as\u00ed como a promover pol\u00edticas y leyes que combatan estas pr\u00e1cticas.<\/p>\n<p>Adem\u00e1s, este d\u00eda nos recuerda la importancia de apoyar a las organizaciones y movimientos que trabajan para erradicar la esclavitud. Puedes involucrarte de diversas maneras, como voluntariado, donaciones o simplemente compartiendo informaci\u00f3n para <strong>aumentar la conciencia sobre este problema global<\/strong>.<\/p>\n<figure id=\"attachment_7068\" aria-describedby=\"caption-attachment-7068\" style=\"width: 240px\" class=\"wp-caption aligncenter\"><a href=\"https:\/\/rafaramirez.org\/blog\/wp-content\/uploads\/2024\/12\/child-8277343.jpg\" target=\"_blank\" rel=\"noopener\"><img loading=\"lazy\" decoding=\"async\" class=\"wp-image-7068 size-medium\" src=\"https:\/\/rafaramirez.org\/blog\/wp-content\/uploads\/2024\/12\/child-8277343-240x300.jpg\" alt=\"D\u00eda Internacional de la Abolici\u00f3n de la Esclavitud. Blog de Rafael Ram\u00edrez.\" width=\"240\" height=\"300\" srcset=\"https:\/\/rafaramirez.org\/blog\/wp-content\/uploads\/2024\/12\/child-8277343-240x300.jpg 240w, https:\/\/rafaramirez.org\/blog\/wp-content\/uploads\/2024\/12\/child-8277343-768x960.jpg 768w, https:\/\/rafaramirez.org\/blog\/wp-content\/uploads\/2024\/12\/child-8277343.jpg 800w\" sizes=\"auto, (max-width: 240px) 100vw, 240px\" \/><\/a><figcaption id=\"caption-attachment-7068\" class=\"wp-caption-text\">D\u00eda Internacional de la Abolici\u00f3n de la Esclavitud. Blog de Rafael Ram\u00edrez.<\/figcaption><\/figure>\n<p>En resumen, el D\u00eda Internacional para la Abolici\u00f3n de la Esclavitud es crucial porque nos recuerda la necesidad de erradicar todas las formas contempor\u00e1neas de esclavitud, como la trata de personas, el trabajo forzoso y la explotaci\u00f3n sexual. Asimismo, <strong>este d\u00eda promueve la concienciaci\u00f3n y la acci\u00f3n global para proteger los derechos humanos y liberar a millones de personas que a\u00fan sufren estas pr\u00e1cticas inhumanas.<\/strong><\/p>\n<p>M\u00e1s informaci\u00f3n:<\/p>\n<ul>\n<li><a href=\"https:\/\/www.un.org\/es\/observances\/slavery-abolition-day\" target=\"_blank\" rel=\"noopener\">ONU<\/a>.<\/li>\n<li><a href=\"https:\/\/es.wikipedia.org\/wiki\/D%C3%ADa_Internacional_para_la_Abolici%C3%B3n_de_la_Esclavitud\" target=\"_blank\" rel=\"noopener\">Wikipedia<\/a>.<\/li>\n<li><a href=\"https:\/\/rafaramirez.org\/blog\/index.php\/category\/social\/noticias-sociales\/\" target=\"_blank\" rel=\"noopener\">Otros informes sociales<\/a>.<\/li>\n<li><a href=\"https:\/\/rafaramirez.org\/blog\/index.php\/category\/arte\/efemerides\/\" target=\"_blank\" rel=\"noopener\">M\u00e1s efem\u00e9rides<\/a>.<\/li>\n<\/ul>\n","protected":false},"excerpt":{"rendered":"<p>El D\u00eda Internacional para la Abolici\u00f3n de la Esclavitud se celebra cada a\u00f1o el 2 de diciembre. Esta fecha fue elegida para conmemorar el aniversario de la aprobaci\u00f3n del Convenio para la Represi\u00f3n de la Trata de Personas y de la Explotaci\u00f3n de la Prostituci\u00f3n Ajena por la Asamblea General de las Naciones Unidas el [&hellip;]<\/p>\n","protected":false},"author":3,"featured_media":7066,"comment_status":"open","ping_status":"closed","sticky":false,"template":"","format":"standard","meta":{"site-container-style":"default","site-container-layout":"default","site-sidebar-layout":"default","disable-article-header":"default","disable-site-header":"default","disable-site-footer":"default","disable-content-area-spacing":"default","_jetpack_newsletter_access":"","_jetpack_dont_email_post_to_subs":false,"_jetpack_newsletter_tier_id":0,"_jetpack_memberships_contains_paywalled_content":false,"_jetpack_feature_clip_id":0,"_jetpack_memberships_contains_paid_content":false,"footnotes":"","jetpack_publicize_message":"","jetpack_publicize_feature_enabled":true,"jetpack_social_post_already_shared":true,"jetpack_social_options":{"image_generator_settings":{"template":"highway","default_image_id":0,"font":"","enabled":false},"version":2},"jetpack_post_was_ever_published":false},"categories":[1291,15],"tags":[3796,1713,68,3795,1323,3517,3797,2384,1702,2383],"class_list":["post-7062","post","type-post","status-publish","format-standard","has-post-thumbnail","hentry","category-efemerides","category-noticias-sociales","tag-2-de-diciembre","tag-asamblea-general-de-las-naciones-unidas","tag-blog-de-rafael-ramirez","tag-dia-internacional-para-la-abolicion-de-la-esclavitud","tag-efemerides","tag-informe-social","tag-noticia-social","tag-oit","tag-onu","tag-organizacion-internacional-del-trabajo"],"yoast_head":"<!-- This site is optimized with the Yoast SEO plugin v28.3 - https:\/\/yoast.com\/product\/yoast-seo-wordpress\/ -->\n<title>D\u00eda Internacional para la Abolici\u00f3n de la Esclavitud o la necesidad de erradicar todas sus formas. - Blog de Rafael Ram\u00edrez<\/title>\n<meta name=\"description\" content=\"El D\u00eda Internacional para la Abolici\u00f3n de la Esclavitud se celebra el 2 de diciembre con el objetivo de concienciar sobre la necesidad de...\" \/>\n<meta name=\"robots\" content=\"index, follow, max-snippet:-1, max-image-preview:large, max-video-preview:-1\" \/>\n<link rel=\"canonical\" href=\"https:\/\/rafaramirez.org\/blog\/index.php\/2024\/12\/02\/dia-internacional-de-la-abolicion-de-la-esclavitud\/\" \/>\n<meta property=\"og:locale\" content=\"es_ES\" \/>\n<meta property=\"og:type\" content=\"article\" \/>\n<meta property=\"og:title\" content=\"D\u00eda Internacional para la Abolici\u00f3n de la Esclavitud o la necesidad de erradicar todas sus formas. - Blog de Rafael Ram\u00edrez\" \/>\n<meta property=\"og:description\" content=\"El D\u00eda Internacional para la Abolici\u00f3n de la Esclavitud se celebra el 2 de diciembre con el objetivo de concienciar sobre la necesidad de...\" \/>\n<meta property=\"og:url\" content=\"https:\/\/rafaramirez.org\/blog\/index.php\/2024\/12\/02\/dia-internacional-de-la-abolicion-de-la-esclavitud\/\" \/>\n<meta property=\"og:site_name\" content=\"Blog de Rafael Ram\u00edrez\" \/>\n<meta property=\"article:published_time\" content=\"2024-12-02T07:15:59+00:00\" \/>\n<meta property=\"article:modified_time\" content=\"2024-12-02T11:02:06+00:00\" \/>\n<meta property=\"og:image\" content=\"https:\/\/rafaramirez.org\/blog\/wp-content\/uploads\/2024\/12\/Dia-_Internacional_Abolicion_Esclavitud_banner.jpg\" \/>\n\t<meta property=\"og:image:width\" content=\"720\" \/>\n\t<meta property=\"og:image:height\" content=\"440\" \/>\n\t<meta property=\"og:image:type\" content=\"image\/jpeg\" \/>\n<meta name=\"author\" content=\"Documentaci\u00f3n e investigaci\u00f3n\" \/>\n<meta name=\"twitter:card\" content=\"summary_large_image\" \/>\n<meta name=\"twitter:site\" content=\"@rafaramirez_ok\" \/>\n<meta name=\"twitter:label1\" content=\"Escrito por\" \/>\n\t<meta name=\"twitter:data1\" content=\"Documentaci\u00f3n e investigaci\u00f3n\" \/>\n\t<meta name=\"twitter:label2\" content=\"Tiempo de lectura\" \/>\n\t<meta name=\"twitter:data2\" content=\"3 minutos\" \/>\n<script type=\"application\/ld+json\" class=\"yoast-schema-graph\">{\"@context\":\"https:\\\/\\\/schema.org\",\"@graph\":[{\"@type\":\"Article\",\"@id\":\"https:\\\/\\\/rafaramirez.org\\\/blog\\\/index.php\\\/2024\\\/12\\\/02\\\/dia-internacional-de-la-abolicion-de-la-esclavitud\\\/#article\",\"isPartOf\":{\"@id\":\"https:\\\/\\\/rafaramirez.org\\\/blog\\\/index.php\\\/2024\\\/12\\\/02\\\/dia-internacional-de-la-abolicion-de-la-esclavitud\\\/\"},\"author\":{\"name\":\"Documentaci\u00f3n e investigaci\u00f3n\",\"@id\":\"https:\\\/\\\/rafaramirez.org\\\/blog\\\/#\\\/schema\\\/person\\\/8debd05b3d9a1d16fb21af726811617d\"},\"headline\":\"D\u00eda Internacional para la Abolici\u00f3n de la Esclavitud o la necesidad de erradicar todas sus formas.\",\"datePublished\":\"2024-12-02T07:15:59+00:00\",\"dateModified\":\"2024-12-02T11:02:06+00:00\",\"mainEntityOfPage\":{\"@id\":\"https:\\\/\\\/rafaramirez.org\\\/blog\\\/index.php\\\/2024\\\/12\\\/02\\\/dia-internacional-de-la-abolicion-de-la-esclavitud\\\/\"},\"wordCount\":524,\"commentCount\":0,\"publisher\":{\"@id\":\"https:\\\/\\\/rafaramirez.org\\\/blog\\\/#\\\/schema\\\/person\\\/50f43b6d60c578760d4c17bda54ab6a5\"},\"image\":{\"@id\":\"https:\\\/\\\/rafaramirez.org\\\/blog\\\/index.php\\\/2024\\\/12\\\/02\\\/dia-internacional-de-la-abolicion-de-la-esclavitud\\\/#primaryimage\"},\"thumbnailUrl\":\"https:\\\/\\\/rafaramirez.org\\\/blog\\\/wp-content\\\/uploads\\\/2024\\\/12\\\/Dia-_Internacional_Abolicion_Esclavitud_banner.jpg\",\"keywords\":[\"2 de diciembre\",\"Asamblea General de las Naciones Unidas\",\"blog de Rafael Ram\u00edrez\",\"D\u00eda Internacional para la Abolici\u00f3n de la Esclavitud\",\"efem\u00e9rides\",\"informe social\",\"noticia social\",\"OIT\",\"ONU\",\"Organizaci\u00f3n Internacional del Trabajo\"],\"articleSection\":[\"Efem\u00e9rides\",\"Informe social\"],\"inLanguage\":\"es\",\"potentialAction\":[{\"@type\":\"CommentAction\",\"name\":\"Comment\",\"target\":[\"https:\\\/\\\/rafaramirez.org\\\/blog\\\/index.php\\\/2024\\\/12\\\/02\\\/dia-internacional-de-la-abolicion-de-la-esclavitud\\\/#respond\"]}]},{\"@type\":\"WebPage\",\"@id\":\"https:\\\/\\\/rafaramirez.org\\\/blog\\\/index.php\\\/2024\\\/12\\\/02\\\/dia-internacional-de-la-abolicion-de-la-esclavitud\\\/\",\"url\":\"https:\\\/\\\/rafaramirez.org\\\/blog\\\/index.php\\\/2024\\\/12\\\/02\\\/dia-internacional-de-la-abolicion-de-la-esclavitud\\\/\",\"name\":\"D\u00eda Internacional para la Abolici\u00f3n de la Esclavitud o la necesidad de erradicar todas sus formas. - Blog de Rafael Ram\u00edrez\",\"isPartOf\":{\"@id\":\"https:\\\/\\\/rafaramirez.org\\\/blog\\\/#website\"},\"primaryImageOfPage\":{\"@id\":\"https:\\\/\\\/rafaramirez.org\\\/blog\\\/index.php\\\/2024\\\/12\\\/02\\\/dia-internacional-de-la-abolicion-de-la-esclavitud\\\/#primaryimage\"},\"image\":{\"@id\":\"https:\\\/\\\/rafaramirez.org\\\/blog\\\/index.php\\\/2024\\\/12\\\/02\\\/dia-internacional-de-la-abolicion-de-la-esclavitud\\\/#primaryimage\"},\"thumbnailUrl\":\"https:\\\/\\\/rafaramirez.org\\\/blog\\\/wp-content\\\/uploads\\\/2024\\\/12\\\/Dia-_Internacional_Abolicion_Esclavitud_banner.jpg\",\"datePublished\":\"2024-12-02T07:15:59+00:00\",\"dateModified\":\"2024-12-02T11:02:06+00:00\",\"description\":\"El D\u00eda Internacional para la Abolici\u00f3n de la Esclavitud se celebra el 2 de diciembre con el objetivo de concienciar sobre la necesidad de...\",\"breadcrumb\":{\"@id\":\"https:\\\/\\\/rafaramirez.org\\\/blog\\\/index.php\\\/2024\\\/12\\\/02\\\/dia-internacional-de-la-abolicion-de-la-esclavitud\\\/#breadcrumb\"},\"inLanguage\":\"es\",\"potentialAction\":[{\"@type\":\"ReadAction\",\"target\":[\"https:\\\/\\\/rafaramirez.org\\\/blog\\\/index.php\\\/2024\\\/12\\\/02\\\/dia-internacional-de-la-abolicion-de-la-esclavitud\\\/\"]}]},{\"@type\":\"ImageObject\",\"inLanguage\":\"es\",\"@id\":\"https:\\\/\\\/rafaramirez.org\\\/blog\\\/index.php\\\/2024\\\/12\\\/02\\\/dia-internacional-de-la-abolicion-de-la-esclavitud\\\/#primaryimage\",\"url\":\"https:\\\/\\\/rafaramirez.org\\\/blog\\\/wp-content\\\/uploads\\\/2024\\\/12\\\/Dia-_Internacional_Abolicion_Esclavitud_banner.jpg\",\"contentUrl\":\"https:\\\/\\\/rafaramirez.org\\\/blog\\\/wp-content\\\/uploads\\\/2024\\\/12\\\/Dia-_Internacional_Abolicion_Esclavitud_banner.jpg\",\"width\":720,\"height\":440,\"caption\":\"D\u00eda Internacional de la Abolici\u00f3n de la Esclavitud. Blog de Rafael Ram\u00edrez.\"},{\"@type\":\"BreadcrumbList\",\"@id\":\"https:\\\/\\\/rafaramirez.org\\\/blog\\\/index.php\\\/2024\\\/12\\\/02\\\/dia-internacional-de-la-abolicion-de-la-esclavitud\\\/#breadcrumb\",\"itemListElement\":[{\"@type\":\"ListItem\",\"position\":1,\"name\":\"Portada\",\"item\":\"https:\\\/\\\/rafaramirez.org\\\/blog\\\/\"},{\"@type\":\"ListItem\",\"position\":2,\"name\":\"D\u00eda Internacional para la Abolici\u00f3n de la Esclavitud o la necesidad de erradicar todas sus formas.\"}]},{\"@type\":\"WebSite\",\"@id\":\"https:\\\/\\\/rafaramirez.org\\\/blog\\\/#website\",\"url\":\"https:\\\/\\\/rafaramirez.org\\\/blog\\\/\",\"name\":\"Blog de Rafael Ram\u00edrez\",\"description\":\"Un sitio social, de arte y cultura\",\"publisher\":{\"@id\":\"https:\\\/\\\/rafaramirez.org\\\/blog\\\/#\\\/schema\\\/person\\\/50f43b6d60c578760d4c17bda54ab6a5\"},\"potentialAction\":[{\"@type\":\"SearchAction\",\"target\":{\"@type\":\"EntryPoint\",\"urlTemplate\":\"https:\\\/\\\/rafaramirez.org\\\/blog\\\/?s={search_term_string}\"},\"query-input\":{\"@type\":\"PropertyValueSpecification\",\"valueRequired\":true,\"valueName\":\"search_term_string\"}}],\"inLanguage\":\"es\"},{\"@type\":[\"Person\",\"Organization\"],\"@id\":\"https:\\\/\\\/rafaramirez.org\\\/blog\\\/#\\\/schema\\\/person\\\/50f43b6d60c578760d4c17bda54ab6a5\",\"name\":\"Rafael Ram\u00edrez\",\"image\":{\"@type\":\"ImageObject\",\"inLanguage\":\"es\",\"@id\":\"https:\\\/\\\/rafaramirez.org\\\/blog\\\/wp-content\\\/uploads\\\/2024\\\/09\\\/RR_socialnetwork.jpg\",\"url\":\"https:\\\/\\\/rafaramirez.org\\\/blog\\\/wp-content\\\/uploads\\\/2024\\\/09\\\/RR_socialnetwork.jpg\",\"contentUrl\":\"https:\\\/\\\/rafaramirez.org\\\/blog\\\/wp-content\\\/uploads\\\/2024\\\/09\\\/RR_socialnetwork.jpg\",\"width\":600,\"height\":606,\"caption\":\"Rafael Ram\u00edrez\"},\"logo\":{\"@id\":\"https:\\\/\\\/rafaramirez.org\\\/blog\\\/wp-content\\\/uploads\\\/2024\\\/09\\\/RR_socialnetwork.jpg\"},\"sameAs\":[\"https:\\\/\\\/www.rafaramirez.org\\\/blog\",\"https:\\\/\\\/www.instagram.com\\\/rafaramirez_ok\\\/\",\"https:\\\/\\\/es.pinterest.com\\\/Ramirez_Rafa\\\/\",\"https:\\\/\\\/x.com\\\/rafaramirez_ok\"]},{\"@type\":\"Person\",\"@id\":\"https:\\\/\\\/rafaramirez.org\\\/blog\\\/#\\\/schema\\\/person\\\/8debd05b3d9a1d16fb21af726811617d\",\"name\":\"Documentaci\u00f3n e investigaci\u00f3n\",\"image\":{\"@type\":\"ImageObject\",\"inLanguage\":\"es\",\"@id\":\"https:\\\/\\\/secure.gravatar.com\\\/avatar\\\/fe70e496579a39c7a8fc4982b89275403b1092eb200623138a32daada9416911?s=96&d=mm&r=g\",\"url\":\"https:\\\/\\\/secure.gravatar.com\\\/avatar\\\/fe70e496579a39c7a8fc4982b89275403b1092eb200623138a32daada9416911?s=96&d=mm&r=g\",\"contentUrl\":\"https:\\\/\\\/secure.gravatar.com\\\/avatar\\\/fe70e496579a39c7a8fc4982b89275403b1092eb200623138a32daada9416911?s=96&d=mm&r=g\",\"caption\":\"Documentaci\u00f3n e investigaci\u00f3n\"},\"url\":\"https:\\\/\\\/rafaramirez.org\\\/blog\\\/index.php\\\/author\\\/admin\\\/\"}]}<\/script>\n<!-- \/ Yoast SEO plugin. -->","yoast_head_json":{"title":"D\u00eda Internacional para la Abolici\u00f3n de la Esclavitud o la necesidad de erradicar todas sus formas. - Blog de Rafael Ram\u00edrez","description":"El D\u00eda Internacional para la Abolici\u00f3n de la Esclavitud se celebra el 2 de diciembre con el objetivo de concienciar sobre la necesidad de...","robots":{"index":"index","follow":"follow","max-snippet":"max-snippet:-1","max-image-preview":"max-image-preview:large","max-video-preview":"max-video-preview:-1"},"canonical":"https:\/\/rafaramirez.org\/blog\/index.php\/2024\/12\/02\/dia-internacional-de-la-abolicion-de-la-esclavitud\/","og_locale":"es_ES","og_type":"article","og_title":"D\u00eda Internacional para la Abolici\u00f3n de la Esclavitud o la necesidad de erradicar todas sus formas. - Blog de Rafael Ram\u00edrez","og_description":"El D\u00eda Internacional para la Abolici\u00f3n de la Esclavitud se celebra el 2 de diciembre con el objetivo de concienciar sobre la necesidad de...","og_url":"https:\/\/rafaramirez.org\/blog\/index.php\/2024\/12\/02\/dia-internacional-de-la-abolicion-de-la-esclavitud\/","og_site_name":"Blog de Rafael Ram\u00edrez","article_published_time":"2024-12-02T07:15:59+00:00","article_modified_time":"2024-12-02T11:02:06+00:00","og_image":[{"width":720,"height":440,"url":"https:\/\/rafaramirez.org\/blog\/wp-content\/uploads\/2024\/12\/Dia-_Internacional_Abolicion_Esclavitud_banner.jpg","type":"image\/jpeg"}],"author":"Documentaci\u00f3n e investigaci\u00f3n","twitter_card":"summary_large_image","twitter_site":"@rafaramirez_ok","twitter_misc":{"Escrito por":"Documentaci\u00f3n e investigaci\u00f3n","Tiempo de lectura":"3 minutos"},"schema":{"@context":"https:\/\/schema.org","@graph":[{"@type":"Article","@id":"https:\/\/rafaramirez.org\/blog\/index.php\/2024\/12\/02\/dia-internacional-de-la-abolicion-de-la-esclavitud\/#article","isPartOf":{"@id":"https:\/\/rafaramirez.org\/blog\/index.php\/2024\/12\/02\/dia-internacional-de-la-abolicion-de-la-esclavitud\/"},"author":{"name":"Documentaci\u00f3n e investigaci\u00f3n","@id":"https:\/\/rafaramirez.org\/blog\/#\/schema\/person\/8debd05b3d9a1d16fb21af726811617d"},"headline":"D\u00eda Internacional para la Abolici\u00f3n de la Esclavitud o la necesidad de erradicar todas sus formas.","datePublished":"2024-12-02T07:15:59+00:00","dateModified":"2024-12-02T11:02:06+00:00","mainEntityOfPage":{"@id":"https:\/\/rafaramirez.org\/blog\/index.php\/2024\/12\/02\/dia-internacional-de-la-abolicion-de-la-esclavitud\/"},"wordCount":524,"commentCount":0,"publisher":{"@id":"https:\/\/rafaramirez.org\/blog\/#\/schema\/person\/50f43b6d60c578760d4c17bda54ab6a5"},"image":{"@id":"https:\/\/rafaramirez.org\/blog\/index.php\/2024\/12\/02\/dia-internacional-de-la-abolicion-de-la-esclavitud\/#primaryimage"},"thumbnailUrl":"https:\/\/rafaramirez.org\/blog\/wp-content\/uploads\/2024\/12\/Dia-_Internacional_Abolicion_Esclavitud_banner.jpg","keywords":["2 de diciembre","Asamblea General de las Naciones Unidas","blog de Rafael Ram\u00edrez","D\u00eda Internacional para la Abolici\u00f3n de la Esclavitud","efem\u00e9rides","informe social","noticia social","OIT","ONU","Organizaci\u00f3n Internacional del Trabajo"],"articleSection":["Efem\u00e9rides","Informe social"],"inLanguage":"es","potentialAction":[{"@type":"CommentAction","name":"Comment","target":["https:\/\/rafaramirez.org\/blog\/index.php\/2024\/12\/02\/dia-internacional-de-la-abolicion-de-la-esclavitud\/#respond"]}]},{"@type":"WebPage","@id":"https:\/\/rafaramirez.org\/blog\/index.php\/2024\/12\/02\/dia-internacional-de-la-abolicion-de-la-esclavitud\/","url":"https:\/\/rafaramirez.org\/blog\/index.php\/2024\/12\/02\/dia-internacional-de-la-abolicion-de-la-esclavitud\/","name":"D\u00eda Internacional para la Abolici\u00f3n de la Esclavitud o la necesidad de erradicar todas sus formas. - Blog de Rafael Ram\u00edrez","isPartOf":{"@id":"https:\/\/rafaramirez.org\/blog\/#website"},"primaryImageOfPage":{"@id":"https:\/\/rafaramirez.org\/blog\/index.php\/2024\/12\/02\/dia-internacional-de-la-abolicion-de-la-esclavitud\/#primaryimage"},"image":{"@id":"https:\/\/rafaramirez.org\/blog\/index.php\/2024\/12\/02\/dia-internacional-de-la-abolicion-de-la-esclavitud\/#primaryimage"},"thumbnailUrl":"https:\/\/rafaramirez.org\/blog\/wp-content\/uploads\/2024\/12\/Dia-_Internacional_Abolicion_Esclavitud_banner.jpg","datePublished":"2024-12-02T07:15:59+00:00","dateModified":"2024-12-02T11:02:06+00:00","description":"El D\u00eda Internacional para la Abolici\u00f3n de la Esclavitud se celebra el 2 de diciembre con el objetivo de concienciar sobre la necesidad de...","breadcrumb":{"@id":"https:\/\/rafaramirez.org\/blog\/index.php\/2024\/12\/02\/dia-internacional-de-la-abolicion-de-la-esclavitud\/#breadcrumb"},"inLanguage":"es","potentialAction":[{"@type":"ReadAction","target":["https:\/\/rafaramirez.org\/blog\/index.php\/2024\/12\/02\/dia-internacional-de-la-abolicion-de-la-esclavitud\/"]}]},{"@type":"ImageObject","inLanguage":"es","@id":"https:\/\/rafaramirez.org\/blog\/index.php\/2024\/12\/02\/dia-internacional-de-la-abolicion-de-la-esclavitud\/#primaryimage","url":"https:\/\/rafaramirez.org\/blog\/wp-content\/uploads\/2024\/12\/Dia-_Internacional_Abolicion_Esclavitud_banner.jpg","contentUrl":"https:\/\/rafaramirez.org\/blog\/wp-content\/uploads\/2024\/12\/Dia-_Internacional_Abolicion_Esclavitud_banner.jpg","width":720,"height":440,"caption":"D\u00eda Internacional de la Abolici\u00f3n de la Esclavitud. Blog de Rafael Ram\u00edrez."},{"@type":"BreadcrumbList","@id":"https:\/\/rafaramirez.org\/blog\/index.php\/2024\/12\/02\/dia-internacional-de-la-abolicion-de-la-esclavitud\/#breadcrumb","itemListElement":[{"@type":"ListItem","position":1,"name":"Portada","item":"https:\/\/rafaramirez.org\/blog\/"},{"@type":"ListItem","position":2,"name":"D\u00eda Internacional para la Abolici\u00f3n de la Esclavitud o la necesidad de erradicar todas sus formas."}]},{"@type":"WebSite","@id":"https:\/\/rafaramirez.org\/blog\/#website","url":"https:\/\/rafaramirez.org\/blog\/","name":"Blog de Rafael Ram\u00edrez","description":"Un sitio social, de arte y cultura","publisher":{"@id":"https:\/\/rafaramirez.org\/blog\/#\/schema\/person\/50f43b6d60c578760d4c17bda54ab6a5"},"potentialAction":[{"@type":"SearchAction","target":{"@type":"EntryPoint","urlTemplate":"https:\/\/rafaramirez.org\/blog\/?s={search_term_string}"},"query-input":{"@type":"PropertyValueSpecification","valueRequired":true,"valueName":"search_term_string"}}],"inLanguage":"es"},{"@type":["Person","Organization"],"@id":"https:\/\/rafaramirez.org\/blog\/#\/schema\/person\/50f43b6d60c578760d4c17bda54ab6a5","name":"Rafael Ram\u00edrez","image":{"@type":"ImageObject","inLanguage":"es","@id":"https:\/\/rafaramirez.org\/blog\/wp-content\/uploads\/2024\/09\/RR_socialnetwork.jpg","url":"https:\/\/rafaramirez.org\/blog\/wp-content\/uploads\/2024\/09\/RR_socialnetwork.jpg","contentUrl":"https:\/\/rafaramirez.org\/blog\/wp-content\/uploads\/2024\/09\/RR_socialnetwork.jpg","width":600,"height":606,"caption":"Rafael Ram\u00edrez"},"logo":{"@id":"https:\/\/rafaramirez.org\/blog\/wp-content\/uploads\/2024\/09\/RR_socialnetwork.jpg"},"sameAs":["https:\/\/www.rafaramirez.org\/blog","https:\/\/www.instagram.com\/rafaramirez_ok\/","https:\/\/es.pinterest.com\/Ramirez_Rafa\/","https:\/\/x.com\/rafaramirez_ok"]},{"@type":"Person","@id":"https:\/\/rafaramirez.org\/blog\/#\/schema\/person\/8debd05b3d9a1d16fb21af726811617d","name":"Documentaci\u00f3n e investigaci\u00f3n","image":{"@type":"ImageObject","inLanguage":"es","@id":"https:\/\/secure.gravatar.com\/avatar\/fe70e496579a39c7a8fc4982b89275403b1092eb200623138a32daada9416911?s=96&d=mm&r=g","url":"https:\/\/secure.gravatar.com\/avatar\/fe70e496579a39c7a8fc4982b89275403b1092eb200623138a32daada9416911?s=96&d=mm&r=g","contentUrl":"https:\/\/secure.gravatar.com\/avatar\/fe70e496579a39c7a8fc4982b89275403b1092eb200623138a32daada9416911?s=96&d=mm&r=g","caption":"Documentaci\u00f3n e investigaci\u00f3n"},"url":"https:\/\/rafaramirez.org\/blog\/index.php\/author\/admin\/"}]}},"jetpack_publicize_connections":[],"jetpack_sharing_enabled":true,"jetpack_likes_enabled":true,"jetpack_featured_media_url":"https:\/\/rafaramirez.org\/blog\/wp-content\/uploads\/2024\/12\/Dia-_Internacional_Abolicion_Esclavitud_banner.jpg","_links":{"self":[{"href":"https:\/\/rafaramirez.org\/blog\/index.php\/wp-json\/wp\/v2\/posts\/7062","targetHints":{"allow":["GET"]}}],"collection":[{"href":"https:\/\/rafaramirez.org\/blog\/index.php\/wp-json\/wp\/v2\/posts"}],"about":[{"href":"https:\/\/rafaramirez.org\/blog\/index.php\/wp-json\/wp\/v2\/types\/post"}],"author":[{"embeddable":true,"href":"https:\/\/rafaramirez.org\/blog\/index.php\/wp-json\/wp\/v2\/users\/3"}],"replies":[{"embeddable":true,"href":"https:\/\/rafaramirez.org\/blog\/index.php\/wp-json\/wp\/v2\/comments?post=7062"}],"version-history":[{"count":6,"href":"https:\/\/rafaramirez.org\/blog\/index.php\/wp-json\/wp\/v2\/posts\/7062\/revisions"}],"predecessor-version":[{"id":7139,"href":"https:\/\/rafaramirez.org\/blog\/index.php\/wp-json\/wp\/v2\/posts\/7062\/revisions\/7139"}],"wp:featuredmedia":[{"embeddable":true,"href":"https:\/\/rafaramirez.org\/blog\/index.php\/wp-json\/wp\/v2\/media\/7066"}],"wp:attachment":[{"href":"https:\/\/rafaramirez.org\/blog\/index.php\/wp-json\/wp\/v2\/media?parent=7062"}],"wp:term":[{"taxonomy":"category","embeddable":true,"href":"https:\/\/rafaramirez.org\/blog\/index.php\/wp-json\/wp\/v2\/categories?post=7062"},{"taxonomy":"post_tag","embeddable":true,"href":"https:\/\/rafaramirez.org\/blog\/index.php\/wp-json\/wp\/v2\/tags?post=7062"}],"curies":[{"name":"wp","href":"https:\/\/api.w.org\/{rel}","templated":true}]}}