{"id":706,"date":"2014-09-25T07:32:56","date_gmt":"2014-09-25T05:32:56","guid":{"rendered":"http:\/\/blog.rafaramirez.org\/?p=706"},"modified":"2024-04-17T10:36:47","modified_gmt":"2024-04-17T08:36:47","slug":"crisis-estado-del-mundo-sin-precedentes-desde-ii-guerra-mundial","status":"publish","type":"post","link":"https:\/\/rafaramirez.org\/blog\/index.php\/2014\/09\/25\/crisis-estado-del-mundo-sin-precedentes-desde-ii-guerra-mundial\/","title":{"rendered":"Crisis: Estado del mundo sin precedentes desde II Guerra Mundial"},"content":{"rendered":"<figure style=\"width: 630px\" class=\"wp-caption alignnone\"><img loading=\"lazy\" decoding=\"async\" src=\"https:\/\/s.yimg.com\/bt\/api\/res\/1.2\/cyy0.J7GIOeSTp_jvxGeBQ--\/YXBwaWQ9eW5ld3M7Y2g9NTExO2NyPTE7Y3c9NzY4O2R4PTA7ZHk9MDtmaT11bGNyb3A7aD00MjA7cT04NTt3PTYzMA--\/http:\/\/media.zenfs.com\/en_us\/News\/AFP\/255eeb2a46810530a0e91e7e24d4214102ef89ff.jpg\" alt=\"\" width=\"630\" height=\"419\" \/><figcaption class=\"wp-caption-text\">AFP\/ECPAD\/AFP\/Archivos &#8211; Ayuda humanitaria es cargada a un avi\u00f3n A310 de las Fuerzas Armadas francesas el 20 de setiembre de 2014 en las afueras de Par\u00eds, Francia<\/figcaption><\/figure>\n<p>El n\u00famero y la profundidad de las crisis en el mundo actual no tiene precedentes desde la II Guerra Mundial y las organizaciones de ayuda pronto no podr\u00e1n dar respuesta a ellas, advirti\u00f3 este martes la comisaria europea para la Ayuda Humanitaria, Kristalina Georgieva.<\/p>\n<p>\u00abHoy tenemos un nivel de crisis en el mundo m\u00e1s importante que nunca desde la Segunda Guerra Mundial y la principal raz\u00f3n de esta situaci\u00f3n es que reaccionamos cuando ya es demasiado tarde\u00bb, dijo Georgieva durante una conferencia de prensa al margen de la asamblea general de la ONU en Nueva York.<\/p>\n<p>\u00abDebe prestarse m\u00e1s atenci\u00f3n a la prevenci\u00f3n y la resoluci\u00f3n de los conflictos, debemos actuar antes de que las guerras lleguen a su punto culminante\u00bb, agreg\u00f3.<br \/>\n<a href=\"http:\/\/es.noticias.yahoo.com\/crisis-estado-del-mundo-sin-precedentes-desde-ii-212658404.html\" target=\"_blank\" rel=\"noopener noreferrer\">http:\/\/es.noticias.yahoo.com\/crisis-estado-del-mundo-sin-precedentes-desde-ii-212658404.html<\/a><\/p>\n","protected":false},"excerpt":{"rendered":"<p>El n\u00famero y la profundidad de las crisis en el mundo actual no tiene precedentes desde la II Guerra Mundial y las organizaciones de ayuda pronto no podr\u00e1n dar respuesta a ellas, advirti\u00f3 este martes la comisaria europea para la Ayuda Humanitaria, Kristalina Georgieva. \u00abHoy tenemos un nivel de crisis en el mundo m\u00e1s importante [&hellip;]<\/p>\n","protected":false},"author":1,"featured_media":2387,"comment_status":"open","ping_status":"closed","sticky":false,"template":"","format":"standard","meta":{"site-container-style":"default","site-container-layout":"default","site-sidebar-layout":"default","disable-article-header":"default","disable-site-header":"default","disable-site-footer":"default","disable-content-area-spacing":"default","_jetpack_newsletter_access":"","_jetpack_dont_email_post_to_subs":false,"_jetpack_newsletter_tier_id":0,"_jetpack_memberships_contains_paywalled_content":false,"_jetpack_feature_clip_id":0,"_jetpack_memberships_contains_paid_content":false,"footnotes":"","jetpack_publicize_message":"","jetpack_publicize_feature_enabled":true,"jetpack_social_post_already_shared":true,"jetpack_social_options":{"image_generator_settings":{"template":"highway","default_image_id":0,"font":"","enabled":false},"version":2},"jetpack_post_was_ever_published":false},"categories":[15],"tags":[56,121,139,330,403,482],"class_list":["post-706","post","type-post","status-publish","format-standard","has-post-thumbnail","hentry","category-noticias-sociales","tag-ayuda-humanitaria","tag-crisis-en-el-mundo","tag-destacado","tag-noticias-sociales","tag-proyectos-sociales","tag-trabajo-social"],"yoast_head":"<!-- This site is optimized with the Yoast SEO plugin v28.4 - https:\/\/yoast.com\/product\/yoast-seo-wordpress\/ -->\n<title>Crisis: Estado del mundo sin precedentes desde II Guerra Mundial - Blog de Rafael Ram\u00edrez<\/title>\n<meta name=\"robots\" content=\"index, follow, max-snippet:-1, max-image-preview:large, max-video-preview:-1\" \/>\n<link rel=\"canonical\" href=\"https:\/\/rafaramirez.org\/blog\/index.php\/2014\/09\/25\/crisis-estado-del-mundo-sin-precedentes-desde-ii-guerra-mundial\/\" \/>\n<meta property=\"og:locale\" content=\"es_ES\" \/>\n<meta property=\"og:type\" content=\"article\" \/>\n<meta property=\"og:title\" content=\"Crisis: Estado del mundo sin precedentes desde II Guerra Mundial - Blog de Rafael Ram\u00edrez\" \/>\n<meta property=\"og:description\" content=\"El n\u00famero y la profundidad de las crisis en el mundo actual no tiene precedentes desde la II Guerra Mundial y las organizaciones de ayuda pronto no podr\u00e1n dar respuesta a ellas, advirti\u00f3 este martes la comisaria europea para la Ayuda Humanitaria, Kristalina Georgieva. \u00abHoy tenemos un nivel de crisis en el mundo m\u00e1s importante [&hellip;]\" \/>\n<meta property=\"og:url\" content=\"https:\/\/rafaramirez.org\/blog\/index.php\/2014\/09\/25\/crisis-estado-del-mundo-sin-precedentes-desde-ii-guerra-mundial\/\" \/>\n<meta property=\"og:site_name\" content=\"Blog de Rafael Ram\u00edrez\" \/>\n<meta property=\"article:published_time\" content=\"2014-09-25T05:32:56+00:00\" \/>\n<meta property=\"article:modified_time\" content=\"2024-04-17T08:36:47+00:00\" \/>\n<meta property=\"og:image\" content=\"https:\/\/rafaramirez.org\/blog\/wp-content\/uploads\/2014\/09\/4843456828_72db0f2822_bL-600x372-1.jpg\" \/>\n\t<meta property=\"og:image:width\" content=\"600\" \/>\n\t<meta property=\"og:image:height\" content=\"372\" \/>\n\t<meta property=\"og:image:type\" content=\"image\/jpeg\" \/>\n<meta name=\"author\" content=\"Rafael Ram\u00edrez\" \/>\n<meta name=\"twitter:card\" content=\"summary_large_image\" \/>\n<meta name=\"twitter:creator\" content=\"@rafaramirez_ok\" \/>\n<meta name=\"twitter:site\" content=\"@rafaramirez_ok\" \/>\n<meta name=\"twitter:label1\" content=\"Escrito por\" \/>\n\t<meta name=\"twitter:data1\" content=\"Rafael Ram\u00edrez\" \/>\n\t<meta name=\"twitter:label2\" content=\"Tiempo de lectura\" \/>\n\t<meta name=\"twitter:data2\" content=\"1 minuto\" \/>\n<script type=\"application\/ld+json\" class=\"yoast-schema-graph\">{\"@context\":\"https:\\\/\\\/schema.org\",\"@graph\":[{\"@type\":\"Article\",\"@id\":\"https:\\\/\\\/rafaramirez.org\\\/blog\\\/index.php\\\/2014\\\/09\\\/25\\\/crisis-estado-del-mundo-sin-precedentes-desde-ii-guerra-mundial\\\/#article\",\"isPartOf\":{\"@id\":\"https:\\\/\\\/rafaramirez.org\\\/blog\\\/index.php\\\/2014\\\/09\\\/25\\\/crisis-estado-del-mundo-sin-precedentes-desde-ii-guerra-mundial\\\/\"},\"author\":{\"name\":\"Rafael Ram\u00edrez\",\"@id\":\"https:\\\/\\\/rafaramirez.org\\\/blog\\\/#\\\/schema\\\/person\\\/50f43b6d60c578760d4c17bda54ab6a5\"},\"headline\":\"Crisis: Estado del mundo sin precedentes desde II Guerra Mundial\",\"datePublished\":\"2014-09-25T05:32:56+00:00\",\"dateModified\":\"2024-04-17T08:36:47+00:00\",\"mainEntityOfPage\":{\"@id\":\"https:\\\/\\\/rafaramirez.org\\\/blog\\\/index.php\\\/2014\\\/09\\\/25\\\/crisis-estado-del-mundo-sin-precedentes-desde-ii-guerra-mundial\\\/\"},\"wordCount\":184,\"commentCount\":0,\"publisher\":{\"@id\":\"https:\\\/\\\/rafaramirez.org\\\/blog\\\/#\\\/schema\\\/person\\\/50f43b6d60c578760d4c17bda54ab6a5\"},\"image\":{\"@id\":\"https:\\\/\\\/rafaramirez.org\\\/blog\\\/index.php\\\/2014\\\/09\\\/25\\\/crisis-estado-del-mundo-sin-precedentes-desde-ii-guerra-mundial\\\/#primaryimage\"},\"thumbnailUrl\":\"https:\\\/\\\/rafaramirez.org\\\/blog\\\/wp-content\\\/uploads\\\/2014\\\/09\\\/4843456828_72db0f2822_bL-600x372-1.jpg\",\"keywords\":[\"ayuda humanitaria\",\"crisis en el mundo\",\"destacado\",\"noticias sociales\",\"proyectos sociales\",\"trabajo social\"],\"articleSection\":[\"Informe social\"],\"inLanguage\":\"es\",\"potentialAction\":[{\"@type\":\"CommentAction\",\"name\":\"Comment\",\"target\":[\"https:\\\/\\\/rafaramirez.org\\\/blog\\\/index.php\\\/2014\\\/09\\\/25\\\/crisis-estado-del-mundo-sin-precedentes-desde-ii-guerra-mundial\\\/#respond\"]}]},{\"@type\":\"WebPage\",\"@id\":\"https:\\\/\\\/rafaramirez.org\\\/blog\\\/index.php\\\/2014\\\/09\\\/25\\\/crisis-estado-del-mundo-sin-precedentes-desde-ii-guerra-mundial\\\/\",\"url\":\"https:\\\/\\\/rafaramirez.org\\\/blog\\\/index.php\\\/2014\\\/09\\\/25\\\/crisis-estado-del-mundo-sin-precedentes-desde-ii-guerra-mundial\\\/\",\"name\":\"Crisis: Estado del mundo sin precedentes desde II Guerra Mundial - Blog de Rafael Ram\u00edrez\",\"isPartOf\":{\"@id\":\"https:\\\/\\\/rafaramirez.org\\\/blog\\\/#website\"},\"primaryImageOfPage\":{\"@id\":\"https:\\\/\\\/rafaramirez.org\\\/blog\\\/index.php\\\/2014\\\/09\\\/25\\\/crisis-estado-del-mundo-sin-precedentes-desde-ii-guerra-mundial\\\/#primaryimage\"},\"image\":{\"@id\":\"https:\\\/\\\/rafaramirez.org\\\/blog\\\/index.php\\\/2014\\\/09\\\/25\\\/crisis-estado-del-mundo-sin-precedentes-desde-ii-guerra-mundial\\\/#primaryimage\"},\"thumbnailUrl\":\"https:\\\/\\\/rafaramirez.org\\\/blog\\\/wp-content\\\/uploads\\\/2014\\\/09\\\/4843456828_72db0f2822_bL-600x372-1.jpg\",\"datePublished\":\"2014-09-25T05:32:56+00:00\",\"dateModified\":\"2024-04-17T08:36:47+00:00\",\"breadcrumb\":{\"@id\":\"https:\\\/\\\/rafaramirez.org\\\/blog\\\/index.php\\\/2014\\\/09\\\/25\\\/crisis-estado-del-mundo-sin-precedentes-desde-ii-guerra-mundial\\\/#breadcrumb\"},\"inLanguage\":\"es\",\"potentialAction\":[{\"@type\":\"ReadAction\",\"target\":[\"https:\\\/\\\/rafaramirez.org\\\/blog\\\/index.php\\\/2014\\\/09\\\/25\\\/crisis-estado-del-mundo-sin-precedentes-desde-ii-guerra-mundial\\\/\"]}]},{\"@type\":\"ImageObject\",\"inLanguage\":\"es\",\"@id\":\"https:\\\/\\\/rafaramirez.org\\\/blog\\\/index.php\\\/2014\\\/09\\\/25\\\/crisis-estado-del-mundo-sin-precedentes-desde-ii-guerra-mundial\\\/#primaryimage\",\"url\":\"https:\\\/\\\/rafaramirez.org\\\/blog\\\/wp-content\\\/uploads\\\/2014\\\/09\\\/4843456828_72db0f2822_bL-600x372-1.jpg\",\"contentUrl\":\"https:\\\/\\\/rafaramirez.org\\\/blog\\\/wp-content\\\/uploads\\\/2014\\\/09\\\/4843456828_72db0f2822_bL-600x372-1.jpg\",\"width\":600,\"height\":372},{\"@type\":\"BreadcrumbList\",\"@id\":\"https:\\\/\\\/rafaramirez.org\\\/blog\\\/index.php\\\/2014\\\/09\\\/25\\\/crisis-estado-del-mundo-sin-precedentes-desde-ii-guerra-mundial\\\/#breadcrumb\",\"itemListElement\":[{\"@type\":\"ListItem\",\"position\":1,\"name\":\"Portada\",\"item\":\"https:\\\/\\\/rafaramirez.org\\\/blog\\\/\"},{\"@type\":\"ListItem\",\"position\":2,\"name\":\"Crisis: Estado del mundo sin precedentes desde II Guerra Mundial\"}]},{\"@type\":\"WebSite\",\"@id\":\"https:\\\/\\\/rafaramirez.org\\\/blog\\\/#website\",\"url\":\"https:\\\/\\\/rafaramirez.org\\\/blog\\\/\",\"name\":\"Blog de Rafael Ram\u00edrez\",\"description\":\"Un sitio social, de arte y cultura\",\"publisher\":{\"@id\":\"https:\\\/\\\/rafaramirez.org\\\/blog\\\/#\\\/schema\\\/person\\\/50f43b6d60c578760d4c17bda54ab6a5\"},\"potentialAction\":[{\"@type\":\"SearchAction\",\"target\":{\"@type\":\"EntryPoint\",\"urlTemplate\":\"https:\\\/\\\/rafaramirez.org\\\/blog\\\/?s={search_term_string}\"},\"query-input\":{\"@type\":\"PropertyValueSpecification\",\"valueRequired\":true,\"valueName\":\"search_term_string\"}}],\"inLanguage\":\"es\"},{\"@type\":[\"Person\",\"Organization\"],\"@id\":\"https:\\\/\\\/rafaramirez.org\\\/blog\\\/#\\\/schema\\\/person\\\/50f43b6d60c578760d4c17bda54ab6a5\",\"name\":\"Rafael Ram\u00edrez\",\"image\":{\"@type\":\"ImageObject\",\"inLanguage\":\"es\",\"@id\":\"https:\\\/\\\/rafaramirez.org\\\/blog\\\/wp-content\\\/uploads\\\/2024\\\/09\\\/RR_socialnetwork.jpg\",\"url\":\"https:\\\/\\\/rafaramirez.org\\\/blog\\\/wp-content\\\/uploads\\\/2024\\\/09\\\/RR_socialnetwork.jpg\",\"contentUrl\":\"https:\\\/\\\/rafaramirez.org\\\/blog\\\/wp-content\\\/uploads\\\/2024\\\/09\\\/RR_socialnetwork.jpg\",\"width\":600,\"height\":606,\"caption\":\"Rafael Ram\u00edrez\"},\"logo\":{\"@id\":\"https:\\\/\\\/rafaramirez.org\\\/blog\\\/wp-content\\\/uploads\\\/2024\\\/09\\\/RR_socialnetwork.jpg\"},\"sameAs\":[\"https:\\\/\\\/www.rafaramirez.org\\\/blog\",\"https:\\\/\\\/www.instagram.com\\\/rafaramirez_ok\\\/\",\"https:\\\/\\\/es.pinterest.com\\\/Ramirez_Rafa\\\/\",\"https:\\\/\\\/x.com\\\/rafaramirez_ok\"],\"url\":\"https:\\\/\\\/rafaramirez.org\\\/blog\\\/index.php\\\/author\\\/rafaell_qm6j97da\\\/\"}]}<\/script>\n<!-- \/ Yoast SEO plugin. -->","yoast_head_json":{"title":"Crisis: Estado del mundo sin precedentes desde II Guerra Mundial - Blog de Rafael Ram\u00edrez","robots":{"index":"index","follow":"follow","max-snippet":"max-snippet:-1","max-image-preview":"max-image-preview:large","max-video-preview":"max-video-preview:-1"},"canonical":"https:\/\/rafaramirez.org\/blog\/index.php\/2014\/09\/25\/crisis-estado-del-mundo-sin-precedentes-desde-ii-guerra-mundial\/","og_locale":"es_ES","og_type":"article","og_title":"Crisis: Estado del mundo sin precedentes desde II Guerra Mundial - Blog de Rafael Ram\u00edrez","og_description":"El n\u00famero y la profundidad de las crisis en el mundo actual no tiene precedentes desde la II Guerra Mundial y las organizaciones de ayuda pronto no podr\u00e1n dar respuesta a ellas, advirti\u00f3 este martes la comisaria europea para la Ayuda Humanitaria, Kristalina Georgieva. \u00abHoy tenemos un nivel de crisis en el mundo m\u00e1s importante [&hellip;]","og_url":"https:\/\/rafaramirez.org\/blog\/index.php\/2014\/09\/25\/crisis-estado-del-mundo-sin-precedentes-desde-ii-guerra-mundial\/","og_site_name":"Blog de Rafael Ram\u00edrez","article_published_time":"2014-09-25T05:32:56+00:00","article_modified_time":"2024-04-17T08:36:47+00:00","og_image":[{"width":600,"height":372,"url":"https:\/\/rafaramirez.org\/blog\/wp-content\/uploads\/2014\/09\/4843456828_72db0f2822_bL-600x372-1.jpg","type":"image\/jpeg"}],"author":"Rafael Ram\u00edrez","twitter_card":"summary_large_image","twitter_creator":"@rafaramirez_ok","twitter_site":"@rafaramirez_ok","twitter_misc":{"Escrito por":"Rafael Ram\u00edrez","Tiempo de lectura":"1 minuto"},"schema":{"@context":"https:\/\/schema.org","@graph":[{"@type":"Article","@id":"https:\/\/rafaramirez.org\/blog\/index.php\/2014\/09\/25\/crisis-estado-del-mundo-sin-precedentes-desde-ii-guerra-mundial\/#article","isPartOf":{"@id":"https:\/\/rafaramirez.org\/blog\/index.php\/2014\/09\/25\/crisis-estado-del-mundo-sin-precedentes-desde-ii-guerra-mundial\/"},"author":{"name":"Rafael Ram\u00edrez","@id":"https:\/\/rafaramirez.org\/blog\/#\/schema\/person\/50f43b6d60c578760d4c17bda54ab6a5"},"headline":"Crisis: Estado del mundo sin precedentes desde II Guerra Mundial","datePublished":"2014-09-25T05:32:56+00:00","dateModified":"2024-04-17T08:36:47+00:00","mainEntityOfPage":{"@id":"https:\/\/rafaramirez.org\/blog\/index.php\/2014\/09\/25\/crisis-estado-del-mundo-sin-precedentes-desde-ii-guerra-mundial\/"},"wordCount":184,"commentCount":0,"publisher":{"@id":"https:\/\/rafaramirez.org\/blog\/#\/schema\/person\/50f43b6d60c578760d4c17bda54ab6a5"},"image":{"@id":"https:\/\/rafaramirez.org\/blog\/index.php\/2014\/09\/25\/crisis-estado-del-mundo-sin-precedentes-desde-ii-guerra-mundial\/#primaryimage"},"thumbnailUrl":"https:\/\/rafaramirez.org\/blog\/wp-content\/uploads\/2014\/09\/4843456828_72db0f2822_bL-600x372-1.jpg","keywords":["ayuda humanitaria","crisis en el mundo","destacado","noticias sociales","proyectos sociales","trabajo social"],"articleSection":["Informe social"],"inLanguage":"es","potentialAction":[{"@type":"CommentAction","name":"Comment","target":["https:\/\/rafaramirez.org\/blog\/index.php\/2014\/09\/25\/crisis-estado-del-mundo-sin-precedentes-desde-ii-guerra-mundial\/#respond"]}]},{"@type":"WebPage","@id":"https:\/\/rafaramirez.org\/blog\/index.php\/2014\/09\/25\/crisis-estado-del-mundo-sin-precedentes-desde-ii-guerra-mundial\/","url":"https:\/\/rafaramirez.org\/blog\/index.php\/2014\/09\/25\/crisis-estado-del-mundo-sin-precedentes-desde-ii-guerra-mundial\/","name":"Crisis: Estado del mundo sin precedentes desde II Guerra Mundial - Blog de Rafael Ram\u00edrez","isPartOf":{"@id":"https:\/\/rafaramirez.org\/blog\/#website"},"primaryImageOfPage":{"@id":"https:\/\/rafaramirez.org\/blog\/index.php\/2014\/09\/25\/crisis-estado-del-mundo-sin-precedentes-desde-ii-guerra-mundial\/#primaryimage"},"image":{"@id":"https:\/\/rafaramirez.org\/blog\/index.php\/2014\/09\/25\/crisis-estado-del-mundo-sin-precedentes-desde-ii-guerra-mundial\/#primaryimage"},"thumbnailUrl":"https:\/\/rafaramirez.org\/blog\/wp-content\/uploads\/2014\/09\/4843456828_72db0f2822_bL-600x372-1.jpg","datePublished":"2014-09-25T05:32:56+00:00","dateModified":"2024-04-17T08:36:47+00:00","breadcrumb":{"@id":"https:\/\/rafaramirez.org\/blog\/index.php\/2014\/09\/25\/crisis-estado-del-mundo-sin-precedentes-desde-ii-guerra-mundial\/#breadcrumb"},"inLanguage":"es","potentialAction":[{"@type":"ReadAction","target":["https:\/\/rafaramirez.org\/blog\/index.php\/2014\/09\/25\/crisis-estado-del-mundo-sin-precedentes-desde-ii-guerra-mundial\/"]}]},{"@type":"ImageObject","inLanguage":"es","@id":"https:\/\/rafaramirez.org\/blog\/index.php\/2014\/09\/25\/crisis-estado-del-mundo-sin-precedentes-desde-ii-guerra-mundial\/#primaryimage","url":"https:\/\/rafaramirez.org\/blog\/wp-content\/uploads\/2014\/09\/4843456828_72db0f2822_bL-600x372-1.jpg","contentUrl":"https:\/\/rafaramirez.org\/blog\/wp-content\/uploads\/2014\/09\/4843456828_72db0f2822_bL-600x372-1.jpg","width":600,"height":372},{"@type":"BreadcrumbList","@id":"https:\/\/rafaramirez.org\/blog\/index.php\/2014\/09\/25\/crisis-estado-del-mundo-sin-precedentes-desde-ii-guerra-mundial\/#breadcrumb","itemListElement":[{"@type":"ListItem","position":1,"name":"Portada","item":"https:\/\/rafaramirez.org\/blog\/"},{"@type":"ListItem","position":2,"name":"Crisis: Estado del mundo sin precedentes desde II Guerra Mundial"}]},{"@type":"WebSite","@id":"https:\/\/rafaramirez.org\/blog\/#website","url":"https:\/\/rafaramirez.org\/blog\/","name":"Blog de Rafael Ram\u00edrez","description":"Un sitio social, de arte y cultura","publisher":{"@id":"https:\/\/rafaramirez.org\/blog\/#\/schema\/person\/50f43b6d60c578760d4c17bda54ab6a5"},"potentialAction":[{"@type":"SearchAction","target":{"@type":"EntryPoint","urlTemplate":"https:\/\/rafaramirez.org\/blog\/?s={search_term_string}"},"query-input":{"@type":"PropertyValueSpecification","valueRequired":true,"valueName":"search_term_string"}}],"inLanguage":"es"},{"@type":["Person","Organization"],"@id":"https:\/\/rafaramirez.org\/blog\/#\/schema\/person\/50f43b6d60c578760d4c17bda54ab6a5","name":"Rafael Ram\u00edrez","image":{"@type":"ImageObject","inLanguage":"es","@id":"https:\/\/rafaramirez.org\/blog\/wp-content\/uploads\/2024\/09\/RR_socialnetwork.jpg","url":"https:\/\/rafaramirez.org\/blog\/wp-content\/uploads\/2024\/09\/RR_socialnetwork.jpg","contentUrl":"https:\/\/rafaramirez.org\/blog\/wp-content\/uploads\/2024\/09\/RR_socialnetwork.jpg","width":600,"height":606,"caption":"Rafael Ram\u00edrez"},"logo":{"@id":"https:\/\/rafaramirez.org\/blog\/wp-content\/uploads\/2024\/09\/RR_socialnetwork.jpg"},"sameAs":["https:\/\/www.rafaramirez.org\/blog","https:\/\/www.instagram.com\/rafaramirez_ok\/","https:\/\/es.pinterest.com\/Ramirez_Rafa\/","https:\/\/x.com\/rafaramirez_ok"],"url":"https:\/\/rafaramirez.org\/blog\/index.php\/author\/rafaell_qm6j97da\/"}]}},"jetpack_publicize_connections":[],"jetpack_sharing_enabled":true,"jetpack_likes_enabled":true,"jetpack_featured_media_url":"https:\/\/rafaramirez.org\/blog\/wp-content\/uploads\/2014\/09\/4843456828_72db0f2822_bL-600x372-1.jpg","_links":{"self":[{"href":"https:\/\/rafaramirez.org\/blog\/index.php\/wp-json\/wp\/v2\/posts\/706","targetHints":{"allow":["GET"]}}],"collection":[{"href":"https:\/\/rafaramirez.org\/blog\/index.php\/wp-json\/wp\/v2\/posts"}],"about":[{"href":"https:\/\/rafaramirez.org\/blog\/index.php\/wp-json\/wp\/v2\/types\/post"}],"author":[{"embeddable":true,"href":"https:\/\/rafaramirez.org\/blog\/index.php\/wp-json\/wp\/v2\/users\/1"}],"replies":[{"embeddable":true,"href":"https:\/\/rafaramirez.org\/blog\/index.php\/wp-json\/wp\/v2\/comments?post=706"}],"version-history":[{"count":1,"href":"https:\/\/rafaramirez.org\/blog\/index.php\/wp-json\/wp\/v2\/posts\/706\/revisions"}],"predecessor-version":[{"id":2388,"href":"https:\/\/rafaramirez.org\/blog\/index.php\/wp-json\/wp\/v2\/posts\/706\/revisions\/2388"}],"wp:featuredmedia":[{"embeddable":true,"href":"https:\/\/rafaramirez.org\/blog\/index.php\/wp-json\/wp\/v2\/media\/2387"}],"wp:attachment":[{"href":"https:\/\/rafaramirez.org\/blog\/index.php\/wp-json\/wp\/v2\/media?parent=706"}],"wp:term":[{"taxonomy":"category","embeddable":true,"href":"https:\/\/rafaramirez.org\/blog\/index.php\/wp-json\/wp\/v2\/categories?post=706"},{"taxonomy":"post_tag","embeddable":true,"href":"https:\/\/rafaramirez.org\/blog\/index.php\/wp-json\/wp\/v2\/tags?post=706"}],"curies":[{"name":"wp","href":"https:\/\/api.w.org\/{rel}","templated":true}]}}