{"id":7009,"date":"2024-11-27T08:15:05","date_gmt":"2024-11-27T07:15:05","guid":{"rendered":"https:\/\/rafaramirez.org\/blog\/?p=7009"},"modified":"2024-11-27T11:33:15","modified_gmt":"2024-11-27T10:33:15","slug":"las-ocho-montanas-de-paolo-cognetti","status":"publish","type":"post","link":"https:\/\/rafaramirez.org\/blog\/index.php\/2024\/11\/27\/las-ocho-montanas-de-paolo-cognetti\/","title":{"rendered":"Las ocho monta\u00f1as de Paolo Cognetti, una exploraci\u00f3n profunda de las relaciones humanas."},"content":{"rendered":"<p>Hoy te hablo de<strong> Las ocho monta\u00f1as<\/strong> de <strong>Paolo Cognetti,<\/strong> una novela preciosa, desde mi punto de vista, que ha capturado la atenci\u00f3n de muchos lectores y cr\u00edticos. Publicada en Espa\u00f1a en 2018, esta obra ha sido galardonada con premios como el <strong>Premio Strega <\/strong>en Italia y el <strong>Prix M\u00e9dicis<\/strong> a la mejor novela extranjera en Francia.<\/p>\n<p>La historia sigue a Pietro, un chico de ciudad que pasa sus veranos en los Alpes italianos, y a Bruno, un ni\u00f1o local que conoce bien las monta\u00f1as. A lo largo de los a\u00f1os, los dos forjan una profunda amistad mientras exploran la naturaleza y descubren los secretos de \u00e9sta. La novela no solo se centra en la amistad entre los dos chicos, sino tambi\u00e9n en la relaci\u00f3n de Pietro con su padre, quien comparte con \u00e9l su amor por las monta\u00f1as.<\/p>\n<p>Cognetti utiliza un <strong>lenguaje po\u00e9tico y evocador<\/strong> para trazar un viaje \u00edntimo y universal, explorando temas como la amistad, la relaci\u00f3n entre padres e hijos, y la conexi\u00f3n con la naturaleza. La novela ha sido muy bien recibida y ha sido traducida a numerosos idiomas, lo que refleja su impacto y popularidad a nivel internacional.<\/p>\n<h3>Cr\u00edtica.<\/h3>\n<p>De <strong>Las ocho monta\u00f1as<\/strong> de Paolo Cognetti destaco su narrativa po\u00e9tica y evocadora. Cabe resaltar la capacidad de Cognetti para crear una <strong>atm\u00f3sfera m\u00e1gica y absorbente<\/strong>. La novela es digna de elogio por su exploraci\u00f3n de las relaciones masculinas y la <strong>conexi\u00f3n con la naturaleza<\/strong>. Asimismo, es de apreciar la <strong>profundidad emocional y la belleza del lenguaje<\/strong> as\u00ed como la amistad entre Pietro y Bruno y la relaci\u00f3n de Pietro con su padre. La novela es una <strong>obra \u00edntima y entra\u00f1able<\/strong> que explora la vida en el campo en contraste con la vida en la ciudad.<\/p>\n<p>En general, de <strong>Las ocho monta\u00f1as<\/strong> se puede admirar su capacidad para capturar la esencia de la naturaleza y la complejidad de las relaciones humanas. La prosa de Cognetti es absorbente y exquisita, haciendo de esta novela una lectura que <strong>inspira calma y reflexi\u00f3n.<\/strong><\/p>\n<figure id=\"attachment_7017\" aria-describedby=\"caption-attachment-7017\" style=\"width: 179px\" class=\"wp-caption aligncenter\"><a href=\"https:\/\/rafaramirez.org\/blog\/wp-content\/uploads\/2024\/11\/Las_ocho_montanas_Paolo-Cognetti_caratula.jpg\" target=\"_blank\" rel=\"noopener\"><img loading=\"lazy\" decoding=\"async\" class=\"wp-image-7017 size-medium\" src=\"https:\/\/rafaramirez.org\/blog\/wp-content\/uploads\/2024\/11\/Las_ocho_montanas_Paolo-Cognetti_caratula-179x300.jpg\" alt=\"Las ocho monta\u00f1as de Paolo Cognetti. Blog de Rafael Ram\u00edrez.\" width=\"179\" height=\"300\" srcset=\"https:\/\/rafaramirez.org\/blog\/wp-content\/uploads\/2024\/11\/Las_ocho_montanas_Paolo-Cognetti_caratula-179x300.jpg 179w, https:\/\/rafaramirez.org\/blog\/wp-content\/uploads\/2024\/11\/Las_ocho_montanas_Paolo-Cognetti_caratula.jpg 595w\" sizes=\"auto, (max-width: 179px) 100vw, 179px\" \/><\/a><figcaption id=\"caption-attachment-7017\" class=\"wp-caption-text\">Las ocho monta\u00f1as de Paolo Cognetti. Blog de Rafael Ram\u00edrez.<\/figcaption><\/figure>\n<h3>Ficha t\u00e9cnica.<\/h3>\n<ul>\n<li><strong>T\u00edtulo<\/strong>: Las ocho monta\u00f1as<\/li>\n<li><strong>Autor<\/strong>: Paolo Cognetti<\/li>\n<li><strong>Editorial<\/strong>: Random House<\/li>\n<li><strong>ISBN<\/strong>: 9788439734123<\/li>\n<li><strong>Idioma<\/strong>: Castellano<\/li>\n<li><strong>N\u00famero de p\u00e1ginas<\/strong>: 240<\/li>\n<li><strong>Encuadernaci\u00f3n<\/strong>: Tapa blanda<\/li>\n<li><strong>Fecha de lanzamiento<\/strong>: 01\/03\/2018<\/li>\n<li><strong>A\u00f1o de edici\u00f3n<\/strong>: 2018<\/li>\n<\/ul>\n<h3>Sobre el autor.<\/h3>\n<p>Paolo Cognetti es un escritor italiano nacido el 27 de enero de 1978 en Mil\u00e1n. Comenz\u00f3 a escribir a los dieciocho a\u00f1os y estudi\u00f3 matem\u00e1ticas y literatura estadounidense de forma autodidacta antes de diplomarse en la<strong> Escuela de Cine de Mil\u00e1n<\/strong> en 1999. Durante la d\u00e9cada siguiente, se dedic\u00f3 a realizar <strong>documentales<\/strong> de car\u00e1cter social, pol\u00edtico y literario.<\/p>\n<p>Cognetti ha publicado varios libros de relatos y ensayos, pero su mayor \u00e9xito lleg\u00f3 con la novela, que te presento hoy, <strong>Las ocho monta\u00f1as<\/strong> (Le otto montagne). Esta obra le vali\u00f3, como te he contado antes, el <strong>Premio Strega 2017<\/strong>, uno de los galardones literarios m\u00e1s prestigiosos de Italia, as\u00ed como otros premios internacionales como el <strong>Prix M\u00e9dicis \u00c9tranger<\/strong> y el <strong>English Pen Translates Award.<\/strong><\/p>\n<p>Adem\u00e1s de su pasi\u00f3n por la escritura, Cognetti es un amante de la monta\u00f1a, donde pasa varios meses al a\u00f1o en soledad. Decididamente, esta <strong>conexi\u00f3n con la naturaleza<\/strong> se refleja en muchas de sus obras, que exploran la relaci\u00f3n entre el ser humano y el entorno natural.<\/p>\n<figure id=\"attachment_7018\" aria-describedby=\"caption-attachment-7018\" style=\"width: 300px\" class=\"wp-caption aligncenter\"><a href=\"https:\/\/rafaramirez.org\/blog\/wp-content\/uploads\/2024\/11\/Paolo_Cognetti_-_2018.jpg\" target=\"_blank\" rel=\"noopener\"><img loading=\"lazy\" decoding=\"async\" class=\"wp-image-7018 size-medium\" src=\"https:\/\/rafaramirez.org\/blog\/wp-content\/uploads\/2024\/11\/Paolo_Cognetti_-_2018-300x280.jpg\" alt=\"El escritor Paolo Cognetti. Blog de Rafael Ram\u00edrez.\" width=\"300\" height=\"280\" srcset=\"https:\/\/rafaramirez.org\/blog\/wp-content\/uploads\/2024\/11\/Paolo_Cognetti_-_2018-300x280.jpg 300w, https:\/\/rafaramirez.org\/blog\/wp-content\/uploads\/2024\/11\/Paolo_Cognetti_-_2018.jpg 749w\" sizes=\"auto, (max-width: 300px) 100vw, 300px\" \/><\/a><figcaption id=\"caption-attachment-7018\" class=\"wp-caption-text\">El escritor Paolo Cognetti. Blog de Rafael Ram\u00edrez.<\/figcaption><\/figure>\n<p><strong>En resumen, Las ocho monta\u00f1as es una novela que combina una narrativa hermosa con una exploraci\u00f3n profunda de las relaciones humanas y la naturaleza, haciendo de ella una lectura que vale la pena.<\/strong><\/p>\n<p>M\u00e1s informaci\u00f3n:<\/p>\n<ul>\n<li><a href=\"https:\/\/es.wikipedia.org\/wiki\/Paolo_Cognetti\" target=\"_blank\" rel=\"noopener\">Wikipedia<\/a>.<\/li>\n<li><a href=\"https:\/\/www.casadellibro.com\/libro-las-ocho-montanas\/9788439734123\/6215281\" target=\"_blank\" rel=\"noopener\">Casa del Libro<\/a>.<\/li>\n<li><a href=\"https:\/\/es.babelio.com\/livres\/Cognetti-Las-ocho-montanas\/44829\/critiques\" target=\"_blank\" rel=\"noopener\">Babelio<\/a>.<\/li>\n<li><a href=\"https:\/\/rafaramirez.org\/blog\/index.php\/category\/arte\/literatura\/\" target=\"_blank\" rel=\"noopener\">M\u00e1s libros recomendados<\/a>.<\/li>\n<\/ul>\n","protected":false},"excerpt":{"rendered":"<p>Hoy te hablo de Las ocho monta\u00f1as de Paolo Cognetti, una novela preciosa, desde mi punto de vista, que ha capturado la atenci\u00f3n de muchos lectores y cr\u00edticos. Publicada en Espa\u00f1a en 2018, esta obra ha sido galardonada con premios como el Premio Strega en Italia y el Prix M\u00e9dicis a la mejor novela extranjera [&hellip;]<\/p>\n","protected":false},"author":1,"featured_media":7016,"comment_status":"open","ping_status":"closed","sticky":false,"template":"","format":"standard","meta":{"site-container-style":"default","site-container-layout":"default","site-sidebar-layout":"default","disable-article-header":"default","disable-site-header":"default","disable-site-footer":"default","disable-content-area-spacing":"default","_jetpack_newsletter_access":"","_jetpack_dont_email_post_to_subs":false,"_jetpack_newsletter_tier_id":0,"_jetpack_memberships_contains_paywalled_content":false,"_jetpack_feature_clip_id":0,"_jetpack_memberships_contains_paid_content":false,"footnotes":"","jetpack_publicize_message":"","jetpack_publicize_feature_enabled":true,"jetpack_social_post_already_shared":true,"jetpack_social_options":{"image_generator_settings":{"template":"highway","default_image_id":0,"font":"","enabled":false},"version":2},"jetpack_post_was_ever_published":false},"categories":[710],"tags":[68,1470,3791,3610,264,325],"class_list":["post-7009","post","type-post","status-publish","format-standard","has-post-thumbnail","hentry","category-literatura","tag-blog-de-rafael-ramirez","tag-critica-libro","tag-las-ocho-montanas-de-paolo-cognetti","tag-lectura-recomendada","tag-libro-recomendado","tag-noticias-culturales"],"yoast_head":"<!-- This site is optimized with the Yoast SEO plugin v28.3 - https:\/\/yoast.com\/product\/yoast-seo-wordpress\/ -->\n<title>Las ocho monta\u00f1as de Paolo Cognetti, una exploraci\u00f3n profunda de las relaciones humanas. - Blog de Rafael Ram\u00edrez<\/title>\n<meta name=\"description\" content=\"Hoy te hablo de Las ocho monta\u00f1as de Paolo Cognetti, una novela preciosa, desde mi punto de vista, que ha capturado la atenci\u00f3n de lectores y\" \/>\n<meta name=\"robots\" content=\"index, follow, max-snippet:-1, max-image-preview:large, max-video-preview:-1\" \/>\n<link rel=\"canonical\" href=\"https:\/\/rafaramirez.org\/blog\/index.php\/2024\/11\/27\/las-ocho-montanas-de-paolo-cognetti\/\" \/>\n<meta property=\"og:locale\" content=\"es_ES\" \/>\n<meta property=\"og:type\" content=\"article\" \/>\n<meta property=\"og:title\" content=\"Las ocho monta\u00f1as de Paolo Cognetti, una exploraci\u00f3n profunda de las relaciones humanas. - Blog de Rafael Ram\u00edrez\" \/>\n<meta property=\"og:description\" content=\"Hoy te hablo de Las ocho monta\u00f1as de Paolo Cognetti, una novela preciosa, desde mi punto de vista, que ha capturado la atenci\u00f3n de lectores y\" \/>\n<meta property=\"og:url\" content=\"https:\/\/rafaramirez.org\/blog\/index.php\/2024\/11\/27\/las-ocho-montanas-de-paolo-cognetti\/\" \/>\n<meta property=\"og:site_name\" content=\"Blog de Rafael Ram\u00edrez\" \/>\n<meta property=\"article:published_time\" content=\"2024-11-27T07:15:05+00:00\" \/>\n<meta property=\"article:modified_time\" content=\"2024-11-27T10:33:15+00:00\" \/>\n<meta property=\"og:image\" content=\"https:\/\/rafaramirez.org\/blog\/wp-content\/uploads\/2024\/11\/Las_ocho_montanas_Paolo_Cognetti_banner.jpg\" \/>\n\t<meta property=\"og:image:width\" content=\"720\" \/>\n\t<meta property=\"og:image:height\" content=\"440\" \/>\n\t<meta property=\"og:image:type\" content=\"image\/jpeg\" \/>\n<meta name=\"author\" content=\"Rafael Ram\u00edrez\" \/>\n<meta name=\"twitter:card\" content=\"summary_large_image\" \/>\n<meta name=\"twitter:creator\" content=\"@rafaramirez_ok\" \/>\n<meta name=\"twitter:site\" content=\"@rafaramirez_ok\" \/>\n<meta name=\"twitter:label1\" content=\"Escrito por\" \/>\n\t<meta name=\"twitter:data1\" content=\"Rafael Ram\u00edrez\" \/>\n\t<meta name=\"twitter:label2\" content=\"Tiempo de lectura\" \/>\n\t<meta name=\"twitter:data2\" content=\"4 minutos\" \/>\n<script type=\"application\/ld+json\" class=\"yoast-schema-graph\">{\"@context\":\"https:\\\/\\\/schema.org\",\"@graph\":[{\"@type\":\"Article\",\"@id\":\"https:\\\/\\\/rafaramirez.org\\\/blog\\\/index.php\\\/2024\\\/11\\\/27\\\/las-ocho-montanas-de-paolo-cognetti\\\/#article\",\"isPartOf\":{\"@id\":\"https:\\\/\\\/rafaramirez.org\\\/blog\\\/index.php\\\/2024\\\/11\\\/27\\\/las-ocho-montanas-de-paolo-cognetti\\\/\"},\"author\":{\"name\":\"Rafael Ram\u00edrez\",\"@id\":\"https:\\\/\\\/rafaramirez.org\\\/blog\\\/#\\\/schema\\\/person\\\/50f43b6d60c578760d4c17bda54ab6a5\"},\"headline\":\"Las ocho monta\u00f1as de Paolo Cognetti, una exploraci\u00f3n profunda de las relaciones humanas.\",\"datePublished\":\"2024-11-27T07:15:05+00:00\",\"dateModified\":\"2024-11-27T10:33:15+00:00\",\"mainEntityOfPage\":{\"@id\":\"https:\\\/\\\/rafaramirez.org\\\/blog\\\/index.php\\\/2024\\\/11\\\/27\\\/las-ocho-montanas-de-paolo-cognetti\\\/\"},\"wordCount\":677,\"commentCount\":0,\"publisher\":{\"@id\":\"https:\\\/\\\/rafaramirez.org\\\/blog\\\/#\\\/schema\\\/person\\\/50f43b6d60c578760d4c17bda54ab6a5\"},\"image\":{\"@id\":\"https:\\\/\\\/rafaramirez.org\\\/blog\\\/index.php\\\/2024\\\/11\\\/27\\\/las-ocho-montanas-de-paolo-cognetti\\\/#primaryimage\"},\"thumbnailUrl\":\"https:\\\/\\\/rafaramirez.org\\\/blog\\\/wp-content\\\/uploads\\\/2024\\\/11\\\/Las_ocho_montanas_Paolo_Cognetti_banner.jpg\",\"keywords\":[\"blog de Rafael Ram\u00edrez\",\"critica libro\",\"Las ocho monta\u00f1as de Paolo Cognetti\",\"lectura recomendada\",\"libro recomendado\",\"noticias culturales\"],\"articleSection\":[\"Literatura\"],\"inLanguage\":\"es\",\"potentialAction\":[{\"@type\":\"CommentAction\",\"name\":\"Comment\",\"target\":[\"https:\\\/\\\/rafaramirez.org\\\/blog\\\/index.php\\\/2024\\\/11\\\/27\\\/las-ocho-montanas-de-paolo-cognetti\\\/#respond\"]}]},{\"@type\":\"WebPage\",\"@id\":\"https:\\\/\\\/rafaramirez.org\\\/blog\\\/index.php\\\/2024\\\/11\\\/27\\\/las-ocho-montanas-de-paolo-cognetti\\\/\",\"url\":\"https:\\\/\\\/rafaramirez.org\\\/blog\\\/index.php\\\/2024\\\/11\\\/27\\\/las-ocho-montanas-de-paolo-cognetti\\\/\",\"name\":\"Las ocho monta\u00f1as de Paolo Cognetti, una exploraci\u00f3n profunda de las relaciones humanas. - Blog de Rafael Ram\u00edrez\",\"isPartOf\":{\"@id\":\"https:\\\/\\\/rafaramirez.org\\\/blog\\\/#website\"},\"primaryImageOfPage\":{\"@id\":\"https:\\\/\\\/rafaramirez.org\\\/blog\\\/index.php\\\/2024\\\/11\\\/27\\\/las-ocho-montanas-de-paolo-cognetti\\\/#primaryimage\"},\"image\":{\"@id\":\"https:\\\/\\\/rafaramirez.org\\\/blog\\\/index.php\\\/2024\\\/11\\\/27\\\/las-ocho-montanas-de-paolo-cognetti\\\/#primaryimage\"},\"thumbnailUrl\":\"https:\\\/\\\/rafaramirez.org\\\/blog\\\/wp-content\\\/uploads\\\/2024\\\/11\\\/Las_ocho_montanas_Paolo_Cognetti_banner.jpg\",\"datePublished\":\"2024-11-27T07:15:05+00:00\",\"dateModified\":\"2024-11-27T10:33:15+00:00\",\"description\":\"Hoy te hablo de Las ocho monta\u00f1as de Paolo Cognetti, una novela preciosa, desde mi punto de vista, que ha capturado la atenci\u00f3n de lectores y\",\"breadcrumb\":{\"@id\":\"https:\\\/\\\/rafaramirez.org\\\/blog\\\/index.php\\\/2024\\\/11\\\/27\\\/las-ocho-montanas-de-paolo-cognetti\\\/#breadcrumb\"},\"inLanguage\":\"es\",\"potentialAction\":[{\"@type\":\"ReadAction\",\"target\":[\"https:\\\/\\\/rafaramirez.org\\\/blog\\\/index.php\\\/2024\\\/11\\\/27\\\/las-ocho-montanas-de-paolo-cognetti\\\/\"]}]},{\"@type\":\"ImageObject\",\"inLanguage\":\"es\",\"@id\":\"https:\\\/\\\/rafaramirez.org\\\/blog\\\/index.php\\\/2024\\\/11\\\/27\\\/las-ocho-montanas-de-paolo-cognetti\\\/#primaryimage\",\"url\":\"https:\\\/\\\/rafaramirez.org\\\/blog\\\/wp-content\\\/uploads\\\/2024\\\/11\\\/Las_ocho_montanas_Paolo_Cognetti_banner.jpg\",\"contentUrl\":\"https:\\\/\\\/rafaramirez.org\\\/blog\\\/wp-content\\\/uploads\\\/2024\\\/11\\\/Las_ocho_montanas_Paolo_Cognetti_banner.jpg\",\"width\":720,\"height\":440,\"caption\":\"Las ocho monta\u00f1as de Paolo Cognetti. Blog de Rafael Ram\u00edrez.\"},{\"@type\":\"BreadcrumbList\",\"@id\":\"https:\\\/\\\/rafaramirez.org\\\/blog\\\/index.php\\\/2024\\\/11\\\/27\\\/las-ocho-montanas-de-paolo-cognetti\\\/#breadcrumb\",\"itemListElement\":[{\"@type\":\"ListItem\",\"position\":1,\"name\":\"Portada\",\"item\":\"https:\\\/\\\/rafaramirez.org\\\/blog\\\/\"},{\"@type\":\"ListItem\",\"position\":2,\"name\":\"Las ocho monta\u00f1as de Paolo Cognetti, una exploraci\u00f3n profunda de las relaciones humanas.\"}]},{\"@type\":\"WebSite\",\"@id\":\"https:\\\/\\\/rafaramirez.org\\\/blog\\\/#website\",\"url\":\"https:\\\/\\\/rafaramirez.org\\\/blog\\\/\",\"name\":\"Blog de Rafael Ram\u00edrez\",\"description\":\"Un sitio social, de arte y cultura\",\"publisher\":{\"@id\":\"https:\\\/\\\/rafaramirez.org\\\/blog\\\/#\\\/schema\\\/person\\\/50f43b6d60c578760d4c17bda54ab6a5\"},\"potentialAction\":[{\"@type\":\"SearchAction\",\"target\":{\"@type\":\"EntryPoint\",\"urlTemplate\":\"https:\\\/\\\/rafaramirez.org\\\/blog\\\/?s={search_term_string}\"},\"query-input\":{\"@type\":\"PropertyValueSpecification\",\"valueRequired\":true,\"valueName\":\"search_term_string\"}}],\"inLanguage\":\"es\"},{\"@type\":[\"Person\",\"Organization\"],\"@id\":\"https:\\\/\\\/rafaramirez.org\\\/blog\\\/#\\\/schema\\\/person\\\/50f43b6d60c578760d4c17bda54ab6a5\",\"name\":\"Rafael Ram\u00edrez\",\"image\":{\"@type\":\"ImageObject\",\"inLanguage\":\"es\",\"@id\":\"https:\\\/\\\/rafaramirez.org\\\/blog\\\/wp-content\\\/uploads\\\/2024\\\/09\\\/RR_socialnetwork.jpg\",\"url\":\"https:\\\/\\\/rafaramirez.org\\\/blog\\\/wp-content\\\/uploads\\\/2024\\\/09\\\/RR_socialnetwork.jpg\",\"contentUrl\":\"https:\\\/\\\/rafaramirez.org\\\/blog\\\/wp-content\\\/uploads\\\/2024\\\/09\\\/RR_socialnetwork.jpg\",\"width\":600,\"height\":606,\"caption\":\"Rafael Ram\u00edrez\"},\"logo\":{\"@id\":\"https:\\\/\\\/rafaramirez.org\\\/blog\\\/wp-content\\\/uploads\\\/2024\\\/09\\\/RR_socialnetwork.jpg\"},\"sameAs\":[\"https:\\\/\\\/www.rafaramirez.org\\\/blog\",\"https:\\\/\\\/www.instagram.com\\\/rafaramirez_ok\\\/\",\"https:\\\/\\\/es.pinterest.com\\\/Ramirez_Rafa\\\/\",\"https:\\\/\\\/x.com\\\/rafaramirez_ok\"],\"url\":\"https:\\\/\\\/rafaramirez.org\\\/blog\\\/index.php\\\/author\\\/rafaell_qm6j97da\\\/\"}]}<\/script>\n<!-- \/ Yoast SEO plugin. -->","yoast_head_json":{"title":"Las ocho monta\u00f1as de Paolo Cognetti, una exploraci\u00f3n profunda de las relaciones humanas. - Blog de Rafael Ram\u00edrez","description":"Hoy te hablo de Las ocho monta\u00f1as de Paolo Cognetti, una novela preciosa, desde mi punto de vista, que ha capturado la atenci\u00f3n de lectores y","robots":{"index":"index","follow":"follow","max-snippet":"max-snippet:-1","max-image-preview":"max-image-preview:large","max-video-preview":"max-video-preview:-1"},"canonical":"https:\/\/rafaramirez.org\/blog\/index.php\/2024\/11\/27\/las-ocho-montanas-de-paolo-cognetti\/","og_locale":"es_ES","og_type":"article","og_title":"Las ocho monta\u00f1as de Paolo Cognetti, una exploraci\u00f3n profunda de las relaciones humanas. - Blog de Rafael Ram\u00edrez","og_description":"Hoy te hablo de Las ocho monta\u00f1as de Paolo Cognetti, una novela preciosa, desde mi punto de vista, que ha capturado la atenci\u00f3n de lectores y","og_url":"https:\/\/rafaramirez.org\/blog\/index.php\/2024\/11\/27\/las-ocho-montanas-de-paolo-cognetti\/","og_site_name":"Blog de Rafael Ram\u00edrez","article_published_time":"2024-11-27T07:15:05+00:00","article_modified_time":"2024-11-27T10:33:15+00:00","og_image":[{"width":720,"height":440,"url":"https:\/\/rafaramirez.org\/blog\/wp-content\/uploads\/2024\/11\/Las_ocho_montanas_Paolo_Cognetti_banner.jpg","type":"image\/jpeg"}],"author":"Rafael Ram\u00edrez","twitter_card":"summary_large_image","twitter_creator":"@rafaramirez_ok","twitter_site":"@rafaramirez_ok","twitter_misc":{"Escrito por":"Rafael Ram\u00edrez","Tiempo de lectura":"4 minutos"},"schema":{"@context":"https:\/\/schema.org","@graph":[{"@type":"Article","@id":"https:\/\/rafaramirez.org\/blog\/index.php\/2024\/11\/27\/las-ocho-montanas-de-paolo-cognetti\/#article","isPartOf":{"@id":"https:\/\/rafaramirez.org\/blog\/index.php\/2024\/11\/27\/las-ocho-montanas-de-paolo-cognetti\/"},"author":{"name":"Rafael Ram\u00edrez","@id":"https:\/\/rafaramirez.org\/blog\/#\/schema\/person\/50f43b6d60c578760d4c17bda54ab6a5"},"headline":"Las ocho monta\u00f1as de Paolo Cognetti, una exploraci\u00f3n profunda de las relaciones humanas.","datePublished":"2024-11-27T07:15:05+00:00","dateModified":"2024-11-27T10:33:15+00:00","mainEntityOfPage":{"@id":"https:\/\/rafaramirez.org\/blog\/index.php\/2024\/11\/27\/las-ocho-montanas-de-paolo-cognetti\/"},"wordCount":677,"commentCount":0,"publisher":{"@id":"https:\/\/rafaramirez.org\/blog\/#\/schema\/person\/50f43b6d60c578760d4c17bda54ab6a5"},"image":{"@id":"https:\/\/rafaramirez.org\/blog\/index.php\/2024\/11\/27\/las-ocho-montanas-de-paolo-cognetti\/#primaryimage"},"thumbnailUrl":"https:\/\/rafaramirez.org\/blog\/wp-content\/uploads\/2024\/11\/Las_ocho_montanas_Paolo_Cognetti_banner.jpg","keywords":["blog de Rafael Ram\u00edrez","critica libro","Las ocho monta\u00f1as de Paolo Cognetti","lectura recomendada","libro recomendado","noticias culturales"],"articleSection":["Literatura"],"inLanguage":"es","potentialAction":[{"@type":"CommentAction","name":"Comment","target":["https:\/\/rafaramirez.org\/blog\/index.php\/2024\/11\/27\/las-ocho-montanas-de-paolo-cognetti\/#respond"]}]},{"@type":"WebPage","@id":"https:\/\/rafaramirez.org\/blog\/index.php\/2024\/11\/27\/las-ocho-montanas-de-paolo-cognetti\/","url":"https:\/\/rafaramirez.org\/blog\/index.php\/2024\/11\/27\/las-ocho-montanas-de-paolo-cognetti\/","name":"Las ocho monta\u00f1as de Paolo Cognetti, una exploraci\u00f3n profunda de las relaciones humanas. - Blog de Rafael Ram\u00edrez","isPartOf":{"@id":"https:\/\/rafaramirez.org\/blog\/#website"},"primaryImageOfPage":{"@id":"https:\/\/rafaramirez.org\/blog\/index.php\/2024\/11\/27\/las-ocho-montanas-de-paolo-cognetti\/#primaryimage"},"image":{"@id":"https:\/\/rafaramirez.org\/blog\/index.php\/2024\/11\/27\/las-ocho-montanas-de-paolo-cognetti\/#primaryimage"},"thumbnailUrl":"https:\/\/rafaramirez.org\/blog\/wp-content\/uploads\/2024\/11\/Las_ocho_montanas_Paolo_Cognetti_banner.jpg","datePublished":"2024-11-27T07:15:05+00:00","dateModified":"2024-11-27T10:33:15+00:00","description":"Hoy te hablo de Las ocho monta\u00f1as de Paolo Cognetti, una novela preciosa, desde mi punto de vista, que ha capturado la atenci\u00f3n de lectores y","breadcrumb":{"@id":"https:\/\/rafaramirez.org\/blog\/index.php\/2024\/11\/27\/las-ocho-montanas-de-paolo-cognetti\/#breadcrumb"},"inLanguage":"es","potentialAction":[{"@type":"ReadAction","target":["https:\/\/rafaramirez.org\/blog\/index.php\/2024\/11\/27\/las-ocho-montanas-de-paolo-cognetti\/"]}]},{"@type":"ImageObject","inLanguage":"es","@id":"https:\/\/rafaramirez.org\/blog\/index.php\/2024\/11\/27\/las-ocho-montanas-de-paolo-cognetti\/#primaryimage","url":"https:\/\/rafaramirez.org\/blog\/wp-content\/uploads\/2024\/11\/Las_ocho_montanas_Paolo_Cognetti_banner.jpg","contentUrl":"https:\/\/rafaramirez.org\/blog\/wp-content\/uploads\/2024\/11\/Las_ocho_montanas_Paolo_Cognetti_banner.jpg","width":720,"height":440,"caption":"Las ocho monta\u00f1as de Paolo Cognetti. Blog de Rafael Ram\u00edrez."},{"@type":"BreadcrumbList","@id":"https:\/\/rafaramirez.org\/blog\/index.php\/2024\/11\/27\/las-ocho-montanas-de-paolo-cognetti\/#breadcrumb","itemListElement":[{"@type":"ListItem","position":1,"name":"Portada","item":"https:\/\/rafaramirez.org\/blog\/"},{"@type":"ListItem","position":2,"name":"Las ocho monta\u00f1as de Paolo Cognetti, una exploraci\u00f3n profunda de las relaciones humanas."}]},{"@type":"WebSite","@id":"https:\/\/rafaramirez.org\/blog\/#website","url":"https:\/\/rafaramirez.org\/blog\/","name":"Blog de Rafael Ram\u00edrez","description":"Un sitio social, de arte y cultura","publisher":{"@id":"https:\/\/rafaramirez.org\/blog\/#\/schema\/person\/50f43b6d60c578760d4c17bda54ab6a5"},"potentialAction":[{"@type":"SearchAction","target":{"@type":"EntryPoint","urlTemplate":"https:\/\/rafaramirez.org\/blog\/?s={search_term_string}"},"query-input":{"@type":"PropertyValueSpecification","valueRequired":true,"valueName":"search_term_string"}}],"inLanguage":"es"},{"@type":["Person","Organization"],"@id":"https:\/\/rafaramirez.org\/blog\/#\/schema\/person\/50f43b6d60c578760d4c17bda54ab6a5","name":"Rafael Ram\u00edrez","image":{"@type":"ImageObject","inLanguage":"es","@id":"https:\/\/rafaramirez.org\/blog\/wp-content\/uploads\/2024\/09\/RR_socialnetwork.jpg","url":"https:\/\/rafaramirez.org\/blog\/wp-content\/uploads\/2024\/09\/RR_socialnetwork.jpg","contentUrl":"https:\/\/rafaramirez.org\/blog\/wp-content\/uploads\/2024\/09\/RR_socialnetwork.jpg","width":600,"height":606,"caption":"Rafael Ram\u00edrez"},"logo":{"@id":"https:\/\/rafaramirez.org\/blog\/wp-content\/uploads\/2024\/09\/RR_socialnetwork.jpg"},"sameAs":["https:\/\/www.rafaramirez.org\/blog","https:\/\/www.instagram.com\/rafaramirez_ok\/","https:\/\/es.pinterest.com\/Ramirez_Rafa\/","https:\/\/x.com\/rafaramirez_ok"],"url":"https:\/\/rafaramirez.org\/blog\/index.php\/author\/rafaell_qm6j97da\/"}]}},"jetpack_publicize_connections":[],"jetpack_sharing_enabled":true,"jetpack_likes_enabled":true,"jetpack_featured_media_url":"https:\/\/rafaramirez.org\/blog\/wp-content\/uploads\/2024\/11\/Las_ocho_montanas_Paolo_Cognetti_banner.jpg","_links":{"self":[{"href":"https:\/\/rafaramirez.org\/blog\/index.php\/wp-json\/wp\/v2\/posts\/7009","targetHints":{"allow":["GET"]}}],"collection":[{"href":"https:\/\/rafaramirez.org\/blog\/index.php\/wp-json\/wp\/v2\/posts"}],"about":[{"href":"https:\/\/rafaramirez.org\/blog\/index.php\/wp-json\/wp\/v2\/types\/post"}],"author":[{"embeddable":true,"href":"https:\/\/rafaramirez.org\/blog\/index.php\/wp-json\/wp\/v2\/users\/1"}],"replies":[{"embeddable":true,"href":"https:\/\/rafaramirez.org\/blog\/index.php\/wp-json\/wp\/v2\/comments?post=7009"}],"version-history":[{"count":18,"href":"https:\/\/rafaramirez.org\/blog\/index.php\/wp-json\/wp\/v2\/posts\/7009\/revisions"}],"predecessor-version":[{"id":7089,"href":"https:\/\/rafaramirez.org\/blog\/index.php\/wp-json\/wp\/v2\/posts\/7009\/revisions\/7089"}],"wp:featuredmedia":[{"embeddable":true,"href":"https:\/\/rafaramirez.org\/blog\/index.php\/wp-json\/wp\/v2\/media\/7016"}],"wp:attachment":[{"href":"https:\/\/rafaramirez.org\/blog\/index.php\/wp-json\/wp\/v2\/media?parent=7009"}],"wp:term":[{"taxonomy":"category","embeddable":true,"href":"https:\/\/rafaramirez.org\/blog\/index.php\/wp-json\/wp\/v2\/categories?post=7009"},{"taxonomy":"post_tag","embeddable":true,"href":"https:\/\/rafaramirez.org\/blog\/index.php\/wp-json\/wp\/v2\/tags?post=7009"}],"curies":[{"name":"wp","href":"https:\/\/api.w.org\/{rel}","templated":true}]}}