{"id":6885,"date":"2024-11-20T08:15:37","date_gmt":"2024-11-20T07:15:37","guid":{"rendered":"https:\/\/rafaramirez.org\/blog\/?p=6885"},"modified":"2024-11-15T12:17:27","modified_gmt":"2024-11-15T11:17:27","slug":"dia-mundial-del-nino","status":"publish","type":"post","link":"https:\/\/rafaramirez.org\/blog\/index.php\/2024\/11\/20\/dia-mundial-del-nino\/","title":{"rendered":"D\u00eda Mundial del Ni\u00f1o: luchando por los derechos y el bienestar de los ni\u00f1os de todo el mundo."},"content":{"rendered":"<p>El <strong>D\u00eda Mundial del Ni\u00f1o<\/strong> se celebra cada a\u00f1o el<strong> 20 de noviembre<\/strong>. Esta fecha fue establecida por la <strong>Asamblea General de las Naciones Unidas en 1954<\/strong> para promover la uni\u00f3n internacional, la sensibilizaci\u00f3n y el bienestar de los ni\u00f1os de todo el mundo. Adem\u00e1s, el 20 de noviembre tambi\u00e9n marca el aniversario de la adopci\u00f3n de la <strong>Declaraci\u00f3n de los Derechos del Ni\u00f1o en 1959<\/strong> y la <strong>Convenci\u00f3n sobre los Derechos del Ni\u00f1o en 1989<\/strong>.<\/p>\n<p>Este d\u00eda se dedica a recordar la<strong> importancia de los derechos de los ni\u00f1os<\/strong> y a trabajar para mejorar sus condiciones de vida en todo el mundo. Es una oportunidad para que todos reflexionemos sobre c\u00f3mo podemos contribuir a garantizar que todos los ni\u00f1os tengan <strong>acceso a educaci\u00f3n, salud, protecci\u00f3n<\/strong> y oportunidades para desarrollarse plenamente.<\/p>\n<h3>Historia detr\u00e1s de esta conmemoraci\u00f3n.<\/h3>\n<p>El D\u00eda Mundial del Ni\u00f1o tiene sus ra\u00edces en la<strong> Primera Guerra Mundial<\/strong>, cuando se cre\u00f3 el <strong>\u00abD\u00eda Internacional del Ni\u00f1o\u00bb<\/strong> para concienciar sobre los derechos de los ni\u00f1os en un mundo en conflicto. Sin embargo, no fue hasta 1954 cuando la Asamblea General de las Naciones Unidas proclam\u00f3 oficialmente el 20 de noviembre como el <strong>D\u00eda Universal del Ni\u00f1o<\/strong>. Esta fecha fue elegida para conmemorar dos hitos importantes en la protecci\u00f3n de los derechos infantiles: la adopci\u00f3n de la <strong>Declaraci\u00f3n de los Derechos del Ni\u00f1o en 1959<\/strong> y la aprobaci\u00f3n de la <strong>Convenci\u00f3n sobre los Derechos del Ni\u00f1o en 1989<\/strong>.<\/p>\n<p>La primera <strong>celebraci\u00f3n oficial<\/strong> del D\u00eda Mundial del Ni\u00f1o tuvo lugar en 1955. Desde entonces, <strong>UNICEF<\/strong> y otros organismos internacionales han liderado la organizaci\u00f3n de actividades y campa\u00f1as para visibilizar los derechos de los menores y los desaf\u00edos que enfrentan. Durante esta jornada, se fomenta la participaci\u00f3n de gobiernos, organizaciones y la sociedad civil en eventos educativos y de sensibilizaci\u00f3n para <strong>promover el bienestar infantil y trabajar por la protecci\u00f3n de los ni\u00f1os<\/strong>, especialmente de los m\u00e1s vulnerables.<\/p>\n<figure id=\"attachment_6895\" aria-describedby=\"caption-attachment-6895\" style=\"width: 300px\" class=\"wp-caption aligncenter\"><a href=\"https:\/\/rafaramirez.org\/blog\/wp-content\/uploads\/2024\/11\/mum-7344070.jpg\" target=\"_blank\" rel=\"noopener\"><img loading=\"lazy\" decoding=\"async\" class=\"wp-image-6895 size-medium\" src=\"https:\/\/rafaramirez.org\/blog\/wp-content\/uploads\/2024\/11\/mum-7344070-300x200.jpg\" alt=\"D\u00eda Mundial del Ni\u00f1o 20 de noviembre. blog de Rafael Ram\u00edrez.\" width=\"300\" height=\"200\" srcset=\"https:\/\/rafaramirez.org\/blog\/wp-content\/uploads\/2024\/11\/mum-7344070-300x200.jpg 300w, https:\/\/rafaramirez.org\/blog\/wp-content\/uploads\/2024\/11\/mum-7344070-1024x683.jpg 1024w, https:\/\/rafaramirez.org\/blog\/wp-content\/uploads\/2024\/11\/mum-7344070-768x512.jpg 768w, https:\/\/rafaramirez.org\/blog\/wp-content\/uploads\/2024\/11\/mum-7344070.jpg 1200w\" sizes=\"auto, (max-width: 300px) 100vw, 300px\" \/><\/a><figcaption id=\"caption-attachment-6895\" class=\"wp-caption-text\">D\u00eda Mundial del Ni\u00f1o 20 de noviembre. blog de Rafael Ram\u00edrez.<\/figcaption><\/figure>\n<h3>Importancia de \u00e9ste d\u00eda.<\/h3>\n<p>El D\u00eda Mundial del Ni\u00f1o es crucial porque nos recuerda la<strong> importancia de proteger y promover los derechos de los ni\u00f1os en todo el mundo<\/strong>. Este d\u00eda se dedica a sensibilizar sobre los desaf\u00edos que enfrentan los ni\u00f1os, como la pobreza, la falta de acceso a la educaci\u00f3n y la salud, y la violencia. Adem\u00e1s, es una oportunidad para celebrar los avances logrados en la mejora de las condiciones de vida de los ni\u00f1os y para <strong>renovar nuestro compromiso con su bienestar<\/strong>.<\/p>\n<p>La Convenci\u00f3n sobre los Derechos del Ni\u00f1o, adoptada en 1989, establece una serie de <strong>derechos fundamentales para los ni\u00f1os<\/strong>, incluyendo el derecho a la vida, la salud, la educaci\u00f3n, el juego, la vida familiar, la protecci\u00f3n contra la violencia y la discriminaci\u00f3n, y el derecho a ser escuchados. Este d\u00eda nos invita a reflexionar sobre c\u00f3mo podemos contribuir a garantizar que todos los ni\u00f1os disfruten de estos derechos y<strong> tengan la oportunidad de desarrollarse plenamente<\/strong>.<\/p>\n<p>Adem\u00e1s, el D\u00eda Mundial del Ni\u00f1o nos recuerda que todos los miembros de la sociedad, desde los padres y maestros hasta los l\u00edderes gubernamentales y empresariales, tienen un papel clave en la protecci\u00f3n y promoci\u00f3n de sus derechos. Es un llamado a la acci\u00f3n para construir un mundo mejor para los ni\u00f1os, hoy y en el futuro.<\/p>\n<h3>Avances en la protecci\u00f3n y promoci\u00f3n de los derechos de los ni\u00f1os.<\/h3>\n<p>Desde la adopci\u00f3n de la Convenci\u00f3n sobre los Derechos del Ni\u00f1o en 1989, <strong>se han logrado avances significativos<\/strong> en la protecci\u00f3n y promoci\u00f3n de los derechos de los ni\u00f1os. Estos son algunos de los m\u00e1s destacados:<\/p>\n<ul>\n<li><strong>Reducci\u00f3n de la mortalidad infantil<\/strong>: La tasa mundial de mortalidad de menores de cinco a\u00f1os ha disminuido en un 60%.<\/li>\n<li class=\"ps-2\"><strong>Acceso a la educaci\u00f3n<\/strong>: La proporci\u00f3n de ni\u00f1os en edad escolar primaria que no asiste a la escuela ha disminuido del 18% al 8%.<\/li>\n<li class=\"ps-2\"><strong>Protecci\u00f3n contra la violencia y el abuso<\/strong>: Se han implementado leyes y pol\u00edticas en muchos pa\u00edses para proteger a los ni\u00f1os contra la violencia, el abuso y la explotaci\u00f3n.<\/li>\n<li class=\"ps-2\"><strong>Mejoras en la salud y la nutrici\u00f3n<\/strong>: Se han realizado esfuerzos significativos para mejorar la salud y la nutrici\u00f3n de los ni\u00f1os, reduciendo la prevalencia de enfermedades prevenibles y la desnutrici\u00f3n.<\/li>\n<li class=\"ps-2\"><strong>Participaci\u00f3n infantil<\/strong>: Se ha promovido la participaci\u00f3n de los ni\u00f1os en decisiones que afectan sus vidas, reconociendo su derecho a ser escuchados y a expresar sus opiniones.<\/li>\n<\/ul>\n<p>A pesar de estos avances, a\u00fan existen desaf\u00edos significativos, especialmente para los ni\u00f1os m\u00e1s pobres y vulnerables. La pobreza, la discriminaci\u00f3n y la falta de acceso a servicios b\u00e1sicos siguen siendo <strong>problemas importantes que requieren atenci\u00f3n continua y esfuerzos renovados<\/strong>.<\/p>\n<figure id=\"attachment_6896\" aria-describedby=\"caption-attachment-6896\" style=\"width: 300px\" class=\"wp-caption aligncenter\"><a href=\"https:\/\/rafaramirez.org\/blog\/wp-content\/uploads\/2024\/11\/mother-7457962.jpg\" target=\"_blank\" rel=\"noopener\"><img loading=\"lazy\" decoding=\"async\" class=\"wp-image-6896 size-medium\" src=\"https:\/\/rafaramirez.org\/blog\/wp-content\/uploads\/2024\/11\/mother-7457962-300x200.jpg\" alt=\"D\u00eda Mundial del Ni\u00f1o 20 de noviembre. blog de Rafael Ram\u00edrez.\" width=\"300\" height=\"200\" srcset=\"https:\/\/rafaramirez.org\/blog\/wp-content\/uploads\/2024\/11\/mother-7457962-300x200.jpg 300w, https:\/\/rafaramirez.org\/blog\/wp-content\/uploads\/2024\/11\/mother-7457962-1024x683.jpg 1024w, https:\/\/rafaramirez.org\/blog\/wp-content\/uploads\/2024\/11\/mother-7457962-768x512.jpg 768w, https:\/\/rafaramirez.org\/blog\/wp-content\/uploads\/2024\/11\/mother-7457962.jpg 1200w\" sizes=\"auto, (max-width: 300px) 100vw, 300px\" \/><\/a><figcaption id=\"caption-attachment-6896\" class=\"wp-caption-text\">D\u00eda Mundial del Ni\u00f1o 20 de noviembre. blog de Rafael Ram\u00edrez.<\/figcaption><\/figure>\n<h3>Signatarios de la Convenci\u00f3n sobre los Derechos del Ni\u00f1o.<\/h3>\n<p>La Convenci\u00f3n sobre los Derechos del Ni\u00f1o de 1989 ha sido ratificada por casi todos los pa\u00edses del mundo, convirti\u00e9ndose en el <strong>tratado de derechos humanos m\u00e1s reafirmado de la historia<\/strong> (196 pa\u00edses). Sin embargo, hay un pa\u00eds notable que no ha ratificado la convenci\u00f3n: <strong>Estados Unidos<\/strong>. Aunque particip\u00f3 activamente en las negociaciones del tratado contribuyendo a sus disposiciones, nunca lo envi\u00f3 al Senado para su consentimiento y aprobaci\u00f3n.<\/p>\n<figure id=\"attachment_6897\" aria-describedby=\"caption-attachment-6897\" style=\"width: 300px\" class=\"wp-caption aligncenter\"><a href=\"https:\/\/rafaramirez.org\/blog\/wp-content\/uploads\/2024\/11\/girl-1851360.jpg\" target=\"_blank\" rel=\"noopener\"><img loading=\"lazy\" decoding=\"async\" class=\"wp-image-6897 size-medium\" src=\"https:\/\/rafaramirez.org\/blog\/wp-content\/uploads\/2024\/11\/girl-1851360-300x200.jpg\" alt=\"D\u00eda Mundial del Ni\u00f1o 20 de noviembre. blog de Rafael Ram\u00edrez.\" width=\"300\" height=\"200\" srcset=\"https:\/\/rafaramirez.org\/blog\/wp-content\/uploads\/2024\/11\/girl-1851360-300x200.jpg 300w, https:\/\/rafaramirez.org\/blog\/wp-content\/uploads\/2024\/11\/girl-1851360-1024x683.jpg 1024w, https:\/\/rafaramirez.org\/blog\/wp-content\/uploads\/2024\/11\/girl-1851360-768x512.jpg 768w, https:\/\/rafaramirez.org\/blog\/wp-content\/uploads\/2024\/11\/girl-1851360.jpg 1200w\" sizes=\"auto, (max-width: 300px) 100vw, 300px\" \/><\/a><figcaption id=\"caption-attachment-6897\" class=\"wp-caption-text\">D\u00eda Mundial del Ni\u00f1o 20 de noviembre. blog de Rafael Ram\u00edrez.<\/figcaption><\/figure>\n<p><strong>Sin duda, el D\u00eda Mundial del Ni\u00f1o es crucial porque promueve su protecci\u00f3n y bienestar, sensibiliza sobre los desaf\u00edos que enfrentan y refuerza el compromiso internacional con sus derechos. Adem\u00e1s, celebra los avances en salud, educaci\u00f3n y protecci\u00f3n infantil, y llama a la acci\u00f3n para construir un futuro mejor para todos los ni\u00f1os.<\/strong><\/p>\n<p>M\u00e1s informaci\u00f3n:<\/p>\n<ul>\n<li><a href=\"https:\/\/es.wikipedia.org\/wiki\/D%C3%ADa_Mundial_del_Ni%C3%B1o\" target=\"_blank\" rel=\"noopener\">Wikipedia<\/a>.<\/li>\n<li><a href=\"https:\/\/www.un.org\/es\/observances\/world-childrens-day\" target=\"_blank\" rel=\"noopener\">ONU<\/a>.<\/li>\n<li><a href=\"https:\/\/www.unicef.es\/noticia\/30-anos-de-derechos-del-nino-progresos-historicos-y-retos\" target=\"_blank\" rel=\"noopener\">Unicef (30 a\u00f1os de derechos del ni\u00f1o)<\/a>.<\/li>\n<li><a href=\"https:\/\/www.hrw.org\/news\/2014\/11\/17\/25th-anniversary-convention-rights-child\" target=\"_blank\" rel=\"noopener\">Human Rights Watch (25 aniversario de la Convenci\u00f3n sobre los Derechos del Ni\u00f1o)<\/a>.<\/li>\n<li><a href=\"https:\/\/www.humanium.org\/es\/signatarios-convencion\/\" target=\"_blank\" rel=\"noopener\">Humanium<\/a>.<\/li>\n<li><a href=\"https:\/\/www.unicef.es\/causas\/derechos-ninos\/convencion-derechos-ninos\" target=\"_blank\" rel=\"noopener\">Unicef (Convenci\u00f3n sobre los Derechos del Ni\u00f1o)<\/a>.<\/li>\n<li><a href=\"https:\/\/www.hrw.org\/es\/feature\/2022\/09\/13\/cual-es-la-situacion-de-los-derechos-del-nino-en-estados-unidos\" target=\"_blank\" rel=\"noopener\">Human Rights Watch (Situaci\u00f3n de los derechos del ni\u00f1o en Estados Unidos)<\/a>.<\/li>\n<li><a href=\"https:\/\/rafaramirez.org\/blog\/index.php\/category\/social\/noticias-sociales\/\" target=\"_blank\" rel=\"noopener\">Otros informes sociales<\/a>.<\/li>\n<li><a href=\"https:\/\/rafaramirez.org\/blog\/index.php\/category\/arte\/efemerides\/\" target=\"_blank\" rel=\"noopener\">M\u00e1s efem\u00e9rides<\/a>.<\/li>\n<\/ul>\n","protected":false},"excerpt":{"rendered":"<p>El D\u00eda Mundial del Ni\u00f1o se celebra cada a\u00f1o el 20 de noviembre. Esta fecha fue establecida por la Asamblea General de las Naciones Unidas en 1954 para promover la uni\u00f3n internacional, la sensibilizaci\u00f3n y el bienestar de los ni\u00f1os de todo el mundo. Adem\u00e1s, el 20 de noviembre tambi\u00e9n marca el aniversario de la [&hellip;]<\/p>\n","protected":false},"author":1,"featured_media":6894,"comment_status":"open","ping_status":"closed","sticky":false,"template":"","format":"standard","meta":{"site-container-style":"default","site-container-layout":"default","site-sidebar-layout":"default","disable-article-header":"default","disable-site-header":"default","disable-site-footer":"default","disable-content-area-spacing":"default","_jetpack_newsletter_access":"","_jetpack_dont_email_post_to_subs":false,"_jetpack_newsletter_tier_id":0,"_jetpack_memberships_contains_paywalled_content":false,"_jetpack_feature_clip_id":0,"_jetpack_memberships_contains_paid_content":false,"footnotes":"","jetpack_publicize_message":"","jetpack_publicize_feature_enabled":true,"jetpack_social_post_already_shared":true,"jetpack_social_options":{"image_generator_settings":{"template":"highway","default_image_id":0,"font":"","enabled":false},"version":2},"jetpack_post_was_ever_published":false},"categories":[1291,15],"tags":[1713,3766,3765,3767,3768,143,1323,3517,330,1702,3131],"class_list":["post-6885","post","type-post","status-publish","format-standard","has-post-thumbnail","hentry","category-efemerides","category-noticias-sociales","tag-asamblea-general-de-las-naciones-unidas","tag-convencion-sobre-los-derechos-del-nino-en-1989","tag-declaracion-de-los-derechos-del-nino-en-1959","tag-derechos-de-los-ninos-en-todo-el-mundo","tag-derechos-fundamentales-para-los-ninos","tag-dia-mundial-del-nino","tag-efemerides","tag-informe-social","tag-noticias-sociales","tag-onu","tag-unicef"],"yoast_head":"<!-- This site is optimized with the Yoast SEO plugin v28.3 - https:\/\/yoast.com\/product\/yoast-seo-wordpress\/ -->\n<title>D\u00eda Mundial del Ni\u00f1o: luchando por los derechos y el bienestar de los ni\u00f1os de todo el mundo. - Blog de Rafael Ram\u00edrez<\/title>\n<meta name=\"description\" content=\"El D\u00eda Mundial del Ni\u00f1o se celebra cada 20 de noviembre. La fecha fue establecida por la Asamblea General de las Naciones Unidas en 1954.\" \/>\n<meta name=\"robots\" content=\"index, follow, max-snippet:-1, max-image-preview:large, max-video-preview:-1\" \/>\n<link rel=\"canonical\" href=\"https:\/\/rafaramirez.org\/blog\/index.php\/2024\/11\/20\/dia-mundial-del-nino\/\" \/>\n<meta property=\"og:locale\" content=\"es_ES\" \/>\n<meta property=\"og:type\" content=\"article\" \/>\n<meta property=\"og:title\" content=\"D\u00eda Mundial del Ni\u00f1o: luchando por los derechos y el bienestar de los ni\u00f1os de todo el mundo. - Blog de Rafael Ram\u00edrez\" \/>\n<meta property=\"og:description\" content=\"El D\u00eda Mundial del Ni\u00f1o se celebra cada 20 de noviembre. La fecha fue establecida por la Asamblea General de las Naciones Unidas en 1954.\" \/>\n<meta property=\"og:url\" content=\"https:\/\/rafaramirez.org\/blog\/index.php\/2024\/11\/20\/dia-mundial-del-nino\/\" \/>\n<meta property=\"og:site_name\" content=\"Blog de Rafael Ram\u00edrez\" \/>\n<meta property=\"article:published_time\" content=\"2024-11-20T07:15:37+00:00\" \/>\n<meta property=\"og:image\" content=\"https:\/\/rafaramirez.org\/blog\/wp-content\/uploads\/2024\/11\/Dia_Mundial_del_nino_banner_logblog.jpg\" \/>\n\t<meta property=\"og:image:width\" content=\"720\" \/>\n\t<meta property=\"og:image:height\" content=\"440\" \/>\n\t<meta property=\"og:image:type\" content=\"image\/jpeg\" \/>\n<meta name=\"author\" content=\"Rafael Ram\u00edrez\" \/>\n<meta name=\"twitter:card\" content=\"summary_large_image\" \/>\n<meta name=\"twitter:creator\" content=\"@rafaramirez_ok\" \/>\n<meta name=\"twitter:site\" content=\"@rafaramirez_ok\" \/>\n<meta name=\"twitter:label1\" content=\"Escrito por\" \/>\n\t<meta name=\"twitter:data1\" content=\"Rafael Ram\u00edrez\" \/>\n\t<meta name=\"twitter:label2\" content=\"Tiempo de lectura\" \/>\n\t<meta name=\"twitter:data2\" content=\"6 minutos\" \/>\n<script type=\"application\/ld+json\" class=\"yoast-schema-graph\">{\"@context\":\"https:\\\/\\\/schema.org\",\"@graph\":[{\"@type\":\"Article\",\"@id\":\"https:\\\/\\\/rafaramirez.org\\\/blog\\\/index.php\\\/2024\\\/11\\\/20\\\/dia-mundial-del-nino\\\/#article\",\"isPartOf\":{\"@id\":\"https:\\\/\\\/rafaramirez.org\\\/blog\\\/index.php\\\/2024\\\/11\\\/20\\\/dia-mundial-del-nino\\\/\"},\"author\":{\"name\":\"Rafael Ram\u00edrez\",\"@id\":\"https:\\\/\\\/rafaramirez.org\\\/blog\\\/#\\\/schema\\\/person\\\/50f43b6d60c578760d4c17bda54ab6a5\"},\"headline\":\"D\u00eda Mundial del Ni\u00f1o: luchando por los derechos y el bienestar de los ni\u00f1os de todo el mundo.\",\"datePublished\":\"2024-11-20T07:15:37+00:00\",\"mainEntityOfPage\":{\"@id\":\"https:\\\/\\\/rafaramirez.org\\\/blog\\\/index.php\\\/2024\\\/11\\\/20\\\/dia-mundial-del-nino\\\/\"},\"wordCount\":1134,\"commentCount\":0,\"publisher\":{\"@id\":\"https:\\\/\\\/rafaramirez.org\\\/blog\\\/#\\\/schema\\\/person\\\/50f43b6d60c578760d4c17bda54ab6a5\"},\"image\":{\"@id\":\"https:\\\/\\\/rafaramirez.org\\\/blog\\\/index.php\\\/2024\\\/11\\\/20\\\/dia-mundial-del-nino\\\/#primaryimage\"},\"thumbnailUrl\":\"https:\\\/\\\/rafaramirez.org\\\/blog\\\/wp-content\\\/uploads\\\/2024\\\/11\\\/Dia_Mundial_del_nino_banner_logblog.jpg\",\"keywords\":[\"Asamblea General de las Naciones Unidas\",\"Convenci\u00f3n sobre los Derechos del Ni\u00f1o en 1989\",\"Declaraci\u00f3n de los Derechos del Ni\u00f1o en 1959\",\"derechos de los ni\u00f1os en todo el mundo\",\"derechos fundamentales para los ni\u00f1os\",\"D\u00eda Mundial del Ni\u00f1o\",\"efem\u00e9rides\",\"informe social\",\"noticias sociales\",\"ONU\",\"UNICEF\"],\"articleSection\":[\"Efem\u00e9rides\",\"Informe social\"],\"inLanguage\":\"es\",\"potentialAction\":[{\"@type\":\"CommentAction\",\"name\":\"Comment\",\"target\":[\"https:\\\/\\\/rafaramirez.org\\\/blog\\\/index.php\\\/2024\\\/11\\\/20\\\/dia-mundial-del-nino\\\/#respond\"]}]},{\"@type\":\"WebPage\",\"@id\":\"https:\\\/\\\/rafaramirez.org\\\/blog\\\/index.php\\\/2024\\\/11\\\/20\\\/dia-mundial-del-nino\\\/\",\"url\":\"https:\\\/\\\/rafaramirez.org\\\/blog\\\/index.php\\\/2024\\\/11\\\/20\\\/dia-mundial-del-nino\\\/\",\"name\":\"D\u00eda Mundial del Ni\u00f1o: luchando por los derechos y el bienestar de los ni\u00f1os de todo el mundo. - Blog de Rafael Ram\u00edrez\",\"isPartOf\":{\"@id\":\"https:\\\/\\\/rafaramirez.org\\\/blog\\\/#website\"},\"primaryImageOfPage\":{\"@id\":\"https:\\\/\\\/rafaramirez.org\\\/blog\\\/index.php\\\/2024\\\/11\\\/20\\\/dia-mundial-del-nino\\\/#primaryimage\"},\"image\":{\"@id\":\"https:\\\/\\\/rafaramirez.org\\\/blog\\\/index.php\\\/2024\\\/11\\\/20\\\/dia-mundial-del-nino\\\/#primaryimage\"},\"thumbnailUrl\":\"https:\\\/\\\/rafaramirez.org\\\/blog\\\/wp-content\\\/uploads\\\/2024\\\/11\\\/Dia_Mundial_del_nino_banner_logblog.jpg\",\"datePublished\":\"2024-11-20T07:15:37+00:00\",\"description\":\"El D\u00eda Mundial del Ni\u00f1o se celebra cada 20 de noviembre. La fecha fue establecida por la Asamblea General de las Naciones Unidas en 1954.\",\"breadcrumb\":{\"@id\":\"https:\\\/\\\/rafaramirez.org\\\/blog\\\/index.php\\\/2024\\\/11\\\/20\\\/dia-mundial-del-nino\\\/#breadcrumb\"},\"inLanguage\":\"es\",\"potentialAction\":[{\"@type\":\"ReadAction\",\"target\":[\"https:\\\/\\\/rafaramirez.org\\\/blog\\\/index.php\\\/2024\\\/11\\\/20\\\/dia-mundial-del-nino\\\/\"]}]},{\"@type\":\"ImageObject\",\"inLanguage\":\"es\",\"@id\":\"https:\\\/\\\/rafaramirez.org\\\/blog\\\/index.php\\\/2024\\\/11\\\/20\\\/dia-mundial-del-nino\\\/#primaryimage\",\"url\":\"https:\\\/\\\/rafaramirez.org\\\/blog\\\/wp-content\\\/uploads\\\/2024\\\/11\\\/Dia_Mundial_del_nino_banner_logblog.jpg\",\"contentUrl\":\"https:\\\/\\\/rafaramirez.org\\\/blog\\\/wp-content\\\/uploads\\\/2024\\\/11\\\/Dia_Mundial_del_nino_banner_logblog.jpg\",\"width\":720,\"height\":440,\"caption\":\"D\u00eda Mundial del Ni\u00f1o 20 de noviembre. blog de Rafael Ram\u00edrez.\"},{\"@type\":\"BreadcrumbList\",\"@id\":\"https:\\\/\\\/rafaramirez.org\\\/blog\\\/index.php\\\/2024\\\/11\\\/20\\\/dia-mundial-del-nino\\\/#breadcrumb\",\"itemListElement\":[{\"@type\":\"ListItem\",\"position\":1,\"name\":\"Portada\",\"item\":\"https:\\\/\\\/rafaramirez.org\\\/blog\\\/\"},{\"@type\":\"ListItem\",\"position\":2,\"name\":\"D\u00eda Mundial del Ni\u00f1o: luchando por los derechos y el bienestar de los ni\u00f1os de todo el mundo.\"}]},{\"@type\":\"WebSite\",\"@id\":\"https:\\\/\\\/rafaramirez.org\\\/blog\\\/#website\",\"url\":\"https:\\\/\\\/rafaramirez.org\\\/blog\\\/\",\"name\":\"Blog de Rafael Ram\u00edrez\",\"description\":\"Un sitio social, de arte y cultura\",\"publisher\":{\"@id\":\"https:\\\/\\\/rafaramirez.org\\\/blog\\\/#\\\/schema\\\/person\\\/50f43b6d60c578760d4c17bda54ab6a5\"},\"potentialAction\":[{\"@type\":\"SearchAction\",\"target\":{\"@type\":\"EntryPoint\",\"urlTemplate\":\"https:\\\/\\\/rafaramirez.org\\\/blog\\\/?s={search_term_string}\"},\"query-input\":{\"@type\":\"PropertyValueSpecification\",\"valueRequired\":true,\"valueName\":\"search_term_string\"}}],\"inLanguage\":\"es\"},{\"@type\":[\"Person\",\"Organization\"],\"@id\":\"https:\\\/\\\/rafaramirez.org\\\/blog\\\/#\\\/schema\\\/person\\\/50f43b6d60c578760d4c17bda54ab6a5\",\"name\":\"Rafael Ram\u00edrez\",\"image\":{\"@type\":\"ImageObject\",\"inLanguage\":\"es\",\"@id\":\"https:\\\/\\\/rafaramirez.org\\\/blog\\\/wp-content\\\/uploads\\\/2024\\\/09\\\/RR_socialnetwork.jpg\",\"url\":\"https:\\\/\\\/rafaramirez.org\\\/blog\\\/wp-content\\\/uploads\\\/2024\\\/09\\\/RR_socialnetwork.jpg\",\"contentUrl\":\"https:\\\/\\\/rafaramirez.org\\\/blog\\\/wp-content\\\/uploads\\\/2024\\\/09\\\/RR_socialnetwork.jpg\",\"width\":600,\"height\":606,\"caption\":\"Rafael Ram\u00edrez\"},\"logo\":{\"@id\":\"https:\\\/\\\/rafaramirez.org\\\/blog\\\/wp-content\\\/uploads\\\/2024\\\/09\\\/RR_socialnetwork.jpg\"},\"sameAs\":[\"https:\\\/\\\/www.rafaramirez.org\\\/blog\",\"https:\\\/\\\/www.instagram.com\\\/rafaramirez_ok\\\/\",\"https:\\\/\\\/es.pinterest.com\\\/Ramirez_Rafa\\\/\",\"https:\\\/\\\/x.com\\\/rafaramirez_ok\"],\"url\":\"https:\\\/\\\/rafaramirez.org\\\/blog\\\/index.php\\\/author\\\/rafaell_qm6j97da\\\/\"}]}<\/script>\n<!-- \/ Yoast SEO plugin. -->","yoast_head_json":{"title":"D\u00eda Mundial del Ni\u00f1o: luchando por los derechos y el bienestar de los ni\u00f1os de todo el mundo. - Blog de Rafael Ram\u00edrez","description":"El D\u00eda Mundial del Ni\u00f1o se celebra cada 20 de noviembre. La fecha fue establecida por la Asamblea General de las Naciones Unidas en 1954.","robots":{"index":"index","follow":"follow","max-snippet":"max-snippet:-1","max-image-preview":"max-image-preview:large","max-video-preview":"max-video-preview:-1"},"canonical":"https:\/\/rafaramirez.org\/blog\/index.php\/2024\/11\/20\/dia-mundial-del-nino\/","og_locale":"es_ES","og_type":"article","og_title":"D\u00eda Mundial del Ni\u00f1o: luchando por los derechos y el bienestar de los ni\u00f1os de todo el mundo. - Blog de Rafael Ram\u00edrez","og_description":"El D\u00eda Mundial del Ni\u00f1o se celebra cada 20 de noviembre. La fecha fue establecida por la Asamblea General de las Naciones Unidas en 1954.","og_url":"https:\/\/rafaramirez.org\/blog\/index.php\/2024\/11\/20\/dia-mundial-del-nino\/","og_site_name":"Blog de Rafael Ram\u00edrez","article_published_time":"2024-11-20T07:15:37+00:00","og_image":[{"width":720,"height":440,"url":"https:\/\/rafaramirez.org\/blog\/wp-content\/uploads\/2024\/11\/Dia_Mundial_del_nino_banner_logblog.jpg","type":"image\/jpeg"}],"author":"Rafael Ram\u00edrez","twitter_card":"summary_large_image","twitter_creator":"@rafaramirez_ok","twitter_site":"@rafaramirez_ok","twitter_misc":{"Escrito por":"Rafael Ram\u00edrez","Tiempo de lectura":"6 minutos"},"schema":{"@context":"https:\/\/schema.org","@graph":[{"@type":"Article","@id":"https:\/\/rafaramirez.org\/blog\/index.php\/2024\/11\/20\/dia-mundial-del-nino\/#article","isPartOf":{"@id":"https:\/\/rafaramirez.org\/blog\/index.php\/2024\/11\/20\/dia-mundial-del-nino\/"},"author":{"name":"Rafael Ram\u00edrez","@id":"https:\/\/rafaramirez.org\/blog\/#\/schema\/person\/50f43b6d60c578760d4c17bda54ab6a5"},"headline":"D\u00eda Mundial del Ni\u00f1o: luchando por los derechos y el bienestar de los ni\u00f1os de todo el mundo.","datePublished":"2024-11-20T07:15:37+00:00","mainEntityOfPage":{"@id":"https:\/\/rafaramirez.org\/blog\/index.php\/2024\/11\/20\/dia-mundial-del-nino\/"},"wordCount":1134,"commentCount":0,"publisher":{"@id":"https:\/\/rafaramirez.org\/blog\/#\/schema\/person\/50f43b6d60c578760d4c17bda54ab6a5"},"image":{"@id":"https:\/\/rafaramirez.org\/blog\/index.php\/2024\/11\/20\/dia-mundial-del-nino\/#primaryimage"},"thumbnailUrl":"https:\/\/rafaramirez.org\/blog\/wp-content\/uploads\/2024\/11\/Dia_Mundial_del_nino_banner_logblog.jpg","keywords":["Asamblea General de las Naciones Unidas","Convenci\u00f3n sobre los Derechos del Ni\u00f1o en 1989","Declaraci\u00f3n de los Derechos del Ni\u00f1o en 1959","derechos de los ni\u00f1os en todo el mundo","derechos fundamentales para los ni\u00f1os","D\u00eda Mundial del Ni\u00f1o","efem\u00e9rides","informe social","noticias sociales","ONU","UNICEF"],"articleSection":["Efem\u00e9rides","Informe social"],"inLanguage":"es","potentialAction":[{"@type":"CommentAction","name":"Comment","target":["https:\/\/rafaramirez.org\/blog\/index.php\/2024\/11\/20\/dia-mundial-del-nino\/#respond"]}]},{"@type":"WebPage","@id":"https:\/\/rafaramirez.org\/blog\/index.php\/2024\/11\/20\/dia-mundial-del-nino\/","url":"https:\/\/rafaramirez.org\/blog\/index.php\/2024\/11\/20\/dia-mundial-del-nino\/","name":"D\u00eda Mundial del Ni\u00f1o: luchando por los derechos y el bienestar de los ni\u00f1os de todo el mundo. - Blog de Rafael Ram\u00edrez","isPartOf":{"@id":"https:\/\/rafaramirez.org\/blog\/#website"},"primaryImageOfPage":{"@id":"https:\/\/rafaramirez.org\/blog\/index.php\/2024\/11\/20\/dia-mundial-del-nino\/#primaryimage"},"image":{"@id":"https:\/\/rafaramirez.org\/blog\/index.php\/2024\/11\/20\/dia-mundial-del-nino\/#primaryimage"},"thumbnailUrl":"https:\/\/rafaramirez.org\/blog\/wp-content\/uploads\/2024\/11\/Dia_Mundial_del_nino_banner_logblog.jpg","datePublished":"2024-11-20T07:15:37+00:00","description":"El D\u00eda Mundial del Ni\u00f1o se celebra cada 20 de noviembre. La fecha fue establecida por la Asamblea General de las Naciones Unidas en 1954.","breadcrumb":{"@id":"https:\/\/rafaramirez.org\/blog\/index.php\/2024\/11\/20\/dia-mundial-del-nino\/#breadcrumb"},"inLanguage":"es","potentialAction":[{"@type":"ReadAction","target":["https:\/\/rafaramirez.org\/blog\/index.php\/2024\/11\/20\/dia-mundial-del-nino\/"]}]},{"@type":"ImageObject","inLanguage":"es","@id":"https:\/\/rafaramirez.org\/blog\/index.php\/2024\/11\/20\/dia-mundial-del-nino\/#primaryimage","url":"https:\/\/rafaramirez.org\/blog\/wp-content\/uploads\/2024\/11\/Dia_Mundial_del_nino_banner_logblog.jpg","contentUrl":"https:\/\/rafaramirez.org\/blog\/wp-content\/uploads\/2024\/11\/Dia_Mundial_del_nino_banner_logblog.jpg","width":720,"height":440,"caption":"D\u00eda Mundial del Ni\u00f1o 20 de noviembre. blog de Rafael Ram\u00edrez."},{"@type":"BreadcrumbList","@id":"https:\/\/rafaramirez.org\/blog\/index.php\/2024\/11\/20\/dia-mundial-del-nino\/#breadcrumb","itemListElement":[{"@type":"ListItem","position":1,"name":"Portada","item":"https:\/\/rafaramirez.org\/blog\/"},{"@type":"ListItem","position":2,"name":"D\u00eda Mundial del Ni\u00f1o: luchando por los derechos y el bienestar de los ni\u00f1os de todo el mundo."}]},{"@type":"WebSite","@id":"https:\/\/rafaramirez.org\/blog\/#website","url":"https:\/\/rafaramirez.org\/blog\/","name":"Blog de Rafael Ram\u00edrez","description":"Un sitio social, de arte y cultura","publisher":{"@id":"https:\/\/rafaramirez.org\/blog\/#\/schema\/person\/50f43b6d60c578760d4c17bda54ab6a5"},"potentialAction":[{"@type":"SearchAction","target":{"@type":"EntryPoint","urlTemplate":"https:\/\/rafaramirez.org\/blog\/?s={search_term_string}"},"query-input":{"@type":"PropertyValueSpecification","valueRequired":true,"valueName":"search_term_string"}}],"inLanguage":"es"},{"@type":["Person","Organization"],"@id":"https:\/\/rafaramirez.org\/blog\/#\/schema\/person\/50f43b6d60c578760d4c17bda54ab6a5","name":"Rafael Ram\u00edrez","image":{"@type":"ImageObject","inLanguage":"es","@id":"https:\/\/rafaramirez.org\/blog\/wp-content\/uploads\/2024\/09\/RR_socialnetwork.jpg","url":"https:\/\/rafaramirez.org\/blog\/wp-content\/uploads\/2024\/09\/RR_socialnetwork.jpg","contentUrl":"https:\/\/rafaramirez.org\/blog\/wp-content\/uploads\/2024\/09\/RR_socialnetwork.jpg","width":600,"height":606,"caption":"Rafael Ram\u00edrez"},"logo":{"@id":"https:\/\/rafaramirez.org\/blog\/wp-content\/uploads\/2024\/09\/RR_socialnetwork.jpg"},"sameAs":["https:\/\/www.rafaramirez.org\/blog","https:\/\/www.instagram.com\/rafaramirez_ok\/","https:\/\/es.pinterest.com\/Ramirez_Rafa\/","https:\/\/x.com\/rafaramirez_ok"],"url":"https:\/\/rafaramirez.org\/blog\/index.php\/author\/rafaell_qm6j97da\/"}]}},"jetpack_publicize_connections":[],"jetpack_sharing_enabled":true,"jetpack_likes_enabled":true,"jetpack_featured_media_url":"https:\/\/rafaramirez.org\/blog\/wp-content\/uploads\/2024\/11\/Dia_Mundial_del_nino_banner_logblog.jpg","_links":{"self":[{"href":"https:\/\/rafaramirez.org\/blog\/index.php\/wp-json\/wp\/v2\/posts\/6885","targetHints":{"allow":["GET"]}}],"collection":[{"href":"https:\/\/rafaramirez.org\/blog\/index.php\/wp-json\/wp\/v2\/posts"}],"about":[{"href":"https:\/\/rafaramirez.org\/blog\/index.php\/wp-json\/wp\/v2\/types\/post"}],"author":[{"embeddable":true,"href":"https:\/\/rafaramirez.org\/blog\/index.php\/wp-json\/wp\/v2\/users\/1"}],"replies":[{"embeddable":true,"href":"https:\/\/rafaramirez.org\/blog\/index.php\/wp-json\/wp\/v2\/comments?post=6885"}],"version-history":[{"count":9,"href":"https:\/\/rafaramirez.org\/blog\/index.php\/wp-json\/wp\/v2\/posts\/6885\/revisions"}],"predecessor-version":[{"id":6900,"href":"https:\/\/rafaramirez.org\/blog\/index.php\/wp-json\/wp\/v2\/posts\/6885\/revisions\/6900"}],"wp:featuredmedia":[{"embeddable":true,"href":"https:\/\/rafaramirez.org\/blog\/index.php\/wp-json\/wp\/v2\/media\/6894"}],"wp:attachment":[{"href":"https:\/\/rafaramirez.org\/blog\/index.php\/wp-json\/wp\/v2\/media?parent=6885"}],"wp:term":[{"taxonomy":"category","embeddable":true,"href":"https:\/\/rafaramirez.org\/blog\/index.php\/wp-json\/wp\/v2\/categories?post=6885"},{"taxonomy":"post_tag","embeddable":true,"href":"https:\/\/rafaramirez.org\/blog\/index.php\/wp-json\/wp\/v2\/tags?post=6885"}],"curies":[{"name":"wp","href":"https:\/\/api.w.org\/{rel}","templated":true}]}}