{"id":6867,"date":"2024-11-19T08:15:45","date_gmt":"2024-11-19T07:15:45","guid":{"rendered":"https:\/\/rafaramirez.org\/blog\/?p=6867"},"modified":"2026-07-14T11:46:09","modified_gmt":"2026-07-14T09:46:09","slug":"jean-francois-millet","status":"publish","type":"post","link":"https:\/\/rafaramirez.org\/blog\/index.php\/2024\/11\/19\/jean-francois-millet\/","title":{"rendered":"Jean-Fran\u00e7ois Millet, el pintor realista que influy\u00f3 a artistas de su \u00e9poca y de generaciones posteriores."},"content":{"rendered":"<p><strong>Jean-Fran\u00e7ois Millet<\/strong> fue un pintor franc\u00e9s conocido por ser uno de los fundadores del <a href=\"https:\/\/rafaramirez.org\/blog\/index.php\/2025\/10\/23\/realismo-del-mito-a-la-realidad-el-arte-que-retrato-la-vida-comun\/\" target=\"_blank\" rel=\"noopener\">movimiento realista<\/a> en la pintura, su obra se caracteriza por representar la vida campesina con una profunda simpat\u00eda y respeto. Nacido el 4 de octubre de 1814 en <strong>Gruchy, Normand\u00eda<\/strong>, falleci\u00f3 el 20 de enero de 1875 en <strong>Barbizon, Francia<\/strong>.<\/p>\n<p>Millet creci\u00f3 en una familia campesina, lo que influy\u00f3 significativamente en su obra. Estudi\u00f3 en la <strong>\u00c9cole des Beaux-Arts de Par\u00eds<\/strong> bajo la tutela de <strong>Paul Delaroche<\/strong>. A lo largo de su carrera, Millet se asoci\u00f3 con la <strong>Escuela de Barbizon<\/strong>, un grupo de artistas que se establecieron en el pueblo de Barbizon, cerca del bosque de <strong>Fontainebleau<\/strong>, y que se dedicaron a pintar paisajes y escenas de la vida rural.<\/p>\n<p>Millet buscaba capturar la dignidad y la nobleza de los trabajadores rurales, en contraste con la vida urbana e industrial de su \u00e9poca.<\/p>\n<p>Su estilo pastoral y su enfoque en la vida campesina han influido en muchos artistas posteriores, incluidos <a href=\"https:\/\/rafaramirez.org\/blog\/index.php\/2024\/01\/26\/vincent-van-gogh-no-se-considera-un-pintor-impresionista\/\" target=\"_blank\" rel=\"noopener\"><strong>Vincent van Gogh<\/strong><\/a> y <a href=\"https:\/\/rafaramirez.org\/blog\/index.php\/2024\/02\/26\/salvador-dali-relojes-biografia-y-anecdotas-de-su-vida\/\" target=\"_blank\" rel=\"noopener\"><strong>Salvador Dal\u00ed<\/strong><\/a>. A pesar de las dificultades iniciales para ser aceptado en los <strong>c\u00edrculos art\u00edsticos de Par\u00eds<\/strong>, Millet ha dejado una huella duradera en la historia del arte.<\/p>\n<h3>Obst\u00e1culos en los c\u00edrculos art\u00edsticos de Par\u00eds.<\/h3>\n<p>Sin duda que, Jean-Fran\u00e7ois Millet enfrent\u00f3 varios desaf\u00edos para ser aceptado en los c\u00edrculos art\u00edsticos de Par\u00eds por varios motivos que te explico:<\/p>\n<ul>\n<li><strong>Tem\u00e1tica campesina<\/strong>: El tema de la vida rural y campesina, que Millet pint\u00f3, no era popular entre la burgues\u00eda parisina, que prefer\u00eda temas m\u00e1s urbanos y sofisticados.<\/li>\n<li class=\"ps-2\"><strong>Estilo realista<\/strong>: Su enfoque <a href=\"https:\/\/rafaramirez.org\/blog\/index.php\/2025\/10\/23\/realismo-del-mito-a-la-realidad-el-arte-que-retrato-la-vida-comun\/\" target=\"_blank\" rel=\"noopener\">realista<\/a> y su representaci\u00f3n de la vida de la gente de campo con respeto no son bien recibidos en una \u00e9poca en la que el arte oficial tend\u00eda a idealizar la vida y a evitar temas sociales inc\u00f3modos.<\/li>\n<li class=\"ps-2\"><strong>Influencias y entorno<\/strong>: Al trasladarse Millet a Barbizon se produce un, necesario y obvio, alejamiento de la vida parisina. Esto, sumado a su enfoque en lo rural, contribuyeron, a\u00fan m\u00e1s, a su falta de aceptaci\u00f3n en los c\u00edrculos art\u00edsticos de la ciudad.<\/li>\n<\/ul>\n<figure id=\"attachment_6881\" aria-describedby=\"caption-attachment-6881\" style=\"width: 236px\" class=\"wp-caption aligncenter\"><a href=\"https:\/\/rafaramirez.org\/blog\/wp-content\/uploads\/2024\/11\/Jean-Francois-Millet_portrait_color.jpg\" target=\"_blank\" rel=\"noopener\"><img loading=\"lazy\" decoding=\"async\" class=\"wp-image-6881 size-medium\" src=\"https:\/\/rafaramirez.org\/blog\/wp-content\/uploads\/2024\/11\/Jean-Francois-Millet_portrait_color-236x300.jpg\" alt=\"Retrato de Jean Fran\u00e7ois Millet. Blog de Rafael Ram\u00edrez.\" width=\"236\" height=\"300\" srcset=\"https:\/\/rafaramirez.org\/blog\/wp-content\/uploads\/2024\/11\/Jean-Francois-Millet_portrait_color-236x300.jpg 236w, https:\/\/rafaramirez.org\/blog\/wp-content\/uploads\/2024\/11\/Jean-Francois-Millet_portrait_color-807x1024.jpg 807w, https:\/\/rafaramirez.org\/blog\/wp-content\/uploads\/2024\/11\/Jean-Francois-Millet_portrait_color-768x974.jpg 768w, https:\/\/rafaramirez.org\/blog\/wp-content\/uploads\/2024\/11\/Jean-Francois-Millet_portrait_color-1211x1536.jpg 1211w, https:\/\/rafaramirez.org\/blog\/wp-content\/uploads\/2024\/11\/Jean-Francois-Millet_portrait_color.jpg 1354w\" sizes=\"auto, (max-width: 236px) 100vw, 236px\" \/><\/a><figcaption id=\"caption-attachment-6881\" class=\"wp-caption-text\">Retrato de Jean Fran\u00e7ois Millet. Blog de Rafael Ram\u00edrez.<\/figcaption><\/figure>\n<h3>Influencias y estilo de Millet.<\/h3>\n<p>Jean-Fran\u00e7ois Millet fue un pionero del <a href=\"https:\/\/rafaramirez.org\/blog\/index.php\/2025\/10\/23\/realismo-del-mito-a-la-realidad-el-arte-que-retrato-la-vida-comun\/\" target=\"_blank\" rel=\"noopener\">realismo<\/a> y ha influido en muchos artistas de su generaci\u00f3n y posteriores como las que te he rese\u00f1ado de Van Gogh y Dal\u00ed. Aqu\u00ed tienes un resumen de sus influencias y estilo:<\/p>\n<h4>Influencias<\/h4>\n<ul>\n<li><strong>Origen campesino<\/strong>: Como te he contando, creci\u00f3 en una familia campesina en Normand\u00eda, lo que influy\u00f3 profundamente en su obra. Su conocimiento \u00edntimo de la vida rural se refleja en sus pinturas.<\/li>\n<li class=\"ps-2\"><strong>Escuela de Barbizon<\/strong>: Tambi\u00e9n, su traslado a Barbizon donde se uni\u00f3 a un grupo de artistas que se centraban en la pintura de paisajes y escenas rurales, foment\u00f3 su inter\u00e9s por la naturaleza y la vida campesina. Entre sus compa\u00f1eros se encontraba <strong>Th\u00e9odore Rousseau <\/strong>o <strong>Narcisse Virgilio D\u00edaz de la Pe\u00f1a<\/strong> pintores que, al igual que Millet, se centraban en pintar esta tem\u00e1tica.<\/li>\n<li class=\"ps-2\"><strong>Honor\u00e9 Daumier<\/strong>: Millet, tambi\u00e9n es influenciado por Daumier, conocido por sus caricaturas y pinturas que a menudo abordaban temas sociales y pol\u00edticos.<\/li>\n<li><strong><a href=\"https:\/\/rafaramirez.org\/blog\/index.php\/2025\/01\/08\/gustave-courbet\/\" target=\"_blank\" rel=\"noopener\">Gustave Courbet<\/a>:<\/strong> Aunque Millet y Courbet compart\u00edan un inter\u00e9s por el <a href=\"https:\/\/rafaramirez.org\/blog\/index.php\/2025\/10\/23\/realismo-del-mito-a-la-realidad-el-arte-que-retrato-la-vida-comun\/\" target=\"_blank\" rel=\"noopener\">realismo<\/a>, sus estilos y enfoques eran diferentes. Courbet era conocido por su pintura m\u00e1s \u00e1spera y rebelde, mientras que Millet incorporaba un elemento de misticismo y sentimentalismo en su obra.<\/li>\n<li><strong><a href=\"https:\/\/rafaramirez.org\/blog\/index.php\/2024\/01\/26\/vincent-van-gogh-no-se-considera-un-pintor-impresionista\/\" target=\"_blank\" rel=\"noopener\">Vincent van Gogh<\/a> y <a href=\"https:\/\/rafaramirez.org\/blog\/index.php\/2024\/02\/26\/salvador-dali-relojes-biografia-y-anecdotas-de-su-vida\/\" target=\"_blank\" rel=\"noopener\">Salvador Dal\u00ed<\/a>:<\/strong> Millet tuvo una influencia significativa en artistas posteriores como Vincent van Gogh y Salvador Dal\u00ed. Van Gogh admiraba profundamente a Millet y realiz\u00f3 varias versiones de sus obras, mientras que Dal\u00ed tambi\u00e9n se inspir\u00f3 en la tem\u00e1tica campesina de Millet.<\/li>\n<\/ul>\n<h4 class=\"text-base-strong pb-1 [&amp;:not(:first-child)]:pt-3.5\">Estilo<\/h4>\n<ul>\n<li><a href=\"https:\/\/rafaramirez.org\/blog\/index.php\/2025\/10\/23\/realismo-del-mito-a-la-realidad-el-arte-que-retrato-la-vida-comun\/\" target=\"_blank\" rel=\"noopener\"><strong>Realismo<\/strong><\/a>: Como te vengo contando, Millet es conocido por su enfoque realista, representando la vida de los campesinos con una simpat\u00eda y respeto profundos. Sus obras muestran la dignidad del trabajo rural y la conexi\u00f3n del ser humano con la tierra.<\/li>\n<li class=\"ps-2\"><strong>Misticismo y sentimentalismo<\/strong>: Aunque su obra es realista, tambi\u00e9n incorpora un elemento de misticismo y sentimentalismo, interpretando la naturaleza de una manera idealista.<\/li>\n<li class=\"ps-2\"><strong>Tem\u00e1tica campesina<\/strong>: La gente humilde y campesina es la tem\u00e1tica central de su obra. Obras como <strong>\u00abLas espigadoras\u00bb<\/strong> y <strong>\u00abEl \u00c1ngelus\u00bb<\/strong> son ejemplos destacados de su enfoque en la vida rural.<\/li>\n<\/ul>\n<h3>Obras destacadas de Jean-Fran\u00e7ois Millet.<\/h3>\n<p>Jean-Fran\u00e7ois Millet dej\u00f3 un legado impresionante con sus obras, aqu\u00ed tienes algunas de sus pinturas m\u00e1s destacadas:<\/p>\n<ol start=\"1\">\n<li><strong>Las espigadoras (1857)<\/strong>: Esta pintura muestra a tres mujeres campesinas recogiendo espigas de trigo despu\u00e9s de la cosecha. Es una oda a la dignidad del trabajo campesino y una de sus obras m\u00e1s conocidas.\n<p><figure id=\"attachment_6874\" aria-describedby=\"caption-attachment-6874\" style=\"width: 300px\" class=\"wp-caption aligncenter\"><a href=\"https:\/\/rafaramirez.org\/blog\/wp-content\/uploads\/2024\/11\/Jean-Francois_Millet_-_Las-espigadoras-1857-scaled.jpg\" target=\"_blank\" rel=\"noopener\"><img loading=\"lazy\" decoding=\"async\" class=\"wp-image-6874 size-medium\" src=\"https:\/\/rafaramirez.org\/blog\/wp-content\/uploads\/2024\/11\/Jean-Francois_Millet_-_Las-espigadoras-1857-300x224.jpg\" alt=\"Las espigadoras (1857). Blog de Rafael Ram\u00edrez.\" width=\"300\" height=\"224\" srcset=\"https:\/\/rafaramirez.org\/blog\/wp-content\/uploads\/2024\/11\/Jean-Francois_Millet_-_Las-espigadoras-1857-300x224.jpg 300w, https:\/\/rafaramirez.org\/blog\/wp-content\/uploads\/2024\/11\/Jean-Francois_Millet_-_Las-espigadoras-1857-1024x766.jpg 1024w, https:\/\/rafaramirez.org\/blog\/wp-content\/uploads\/2024\/11\/Jean-Francois_Millet_-_Las-espigadoras-1857-768x575.jpg 768w, https:\/\/rafaramirez.org\/blog\/wp-content\/uploads\/2024\/11\/Jean-Francois_Millet_-_Las-espigadoras-1857-1536x1149.jpg 1536w, https:\/\/rafaramirez.org\/blog\/wp-content\/uploads\/2024\/11\/Jean-Francois_Millet_-_Las-espigadoras-1857-2048x1532.jpg 2048w\" sizes=\"auto, (max-width: 300px) 100vw, 300px\" \/><\/a><figcaption id=\"caption-attachment-6874\" class=\"wp-caption-text\">Las espigadoras (1857). Jean Fran\u00e7ois Millet. Blog de Rafael Ram\u00edrez.<\/figcaption><\/figure><\/li>\n<li class=\"ps-2\"><strong>El \u00c1ngelus (1859)<\/strong>: Representa a dos campesinos rezando al atardecer, con una atm\u00f3sfera de serenidad y devoci\u00f3n. Esta obra es famosa por su misticismo y sentimentalismo.\n<p><figure id=\"attachment_6875\" aria-describedby=\"caption-attachment-6875\" style=\"width: 300px\" class=\"wp-caption aligncenter\"><a href=\"https:\/\/rafaramirez.org\/blog\/wp-content\/uploads\/2024\/11\/Jean-Francois_Millet_-_El-Angelus-1859-scaled.jpg\" target=\"_blank\" rel=\"noopener\"><img loading=\"lazy\" decoding=\"async\" class=\"wp-image-6875 size-medium\" src=\"https:\/\/rafaramirez.org\/blog\/wp-content\/uploads\/2024\/11\/Jean-Francois_Millet_-_El-Angelus-1859-300x249.jpg\" alt=\"El \u00c1ngelus (1859). Blog de Rafael Ram\u00edrez.\" width=\"300\" height=\"249\" srcset=\"https:\/\/rafaramirez.org\/blog\/wp-content\/uploads\/2024\/11\/Jean-Francois_Millet_-_El-Angelus-1859-300x249.jpg 300w, https:\/\/rafaramirez.org\/blog\/wp-content\/uploads\/2024\/11\/Jean-Francois_Millet_-_El-Angelus-1859-1024x851.jpg 1024w, https:\/\/rafaramirez.org\/blog\/wp-content\/uploads\/2024\/11\/Jean-Francois_Millet_-_El-Angelus-1859-768x639.jpg 768w, https:\/\/rafaramirez.org\/blog\/wp-content\/uploads\/2024\/11\/Jean-Francois_Millet_-_El-Angelus-1859-1536x1277.jpg 1536w, https:\/\/rafaramirez.org\/blog\/wp-content\/uploads\/2024\/11\/Jean-Francois_Millet_-_El-Angelus-1859-2048x1703.jpg 2048w\" sizes=\"auto, (max-width: 300px) 100vw, 300px\" \/><\/a><figcaption id=\"caption-attachment-6875\" class=\"wp-caption-text\">El \u00c1ngelus (1859). Jean Fran\u00e7ois Millet. Blog de Rafael Ram\u00edrez.<\/figcaption><\/figure><\/li>\n<li class=\"ps-2\"><strong>La comida de los segadores (1853)<\/strong>: Tambi\u00e9n conocida como \u00abRuth y Booz\u00bb, esta obra muestra a los campesinos descansando y comiendo durante la cosecha.\n<p><figure id=\"attachment_6877\" aria-describedby=\"caption-attachment-6877\" style=\"width: 300px\" class=\"wp-caption aligncenter\"><a href=\"https:\/\/rafaramirez.org\/blog\/wp-content\/uploads\/2024\/11\/Jean-Francois_Millet_-_La-comida-de-los-segadores-1853.png\" target=\"_blank\" rel=\"noopener\"><img loading=\"lazy\" decoding=\"async\" class=\"wp-image-6877 size-medium\" src=\"https:\/\/rafaramirez.org\/blog\/wp-content\/uploads\/2024\/11\/Jean-Francois_Millet_-_La-comida-de-los-segadores-1853-300x172.png\" alt=\"La comida de los segadores (1853). Jean Fran\u00e7ois Millet. Blog de Rafael Ram\u00edrez.\" width=\"300\" height=\"172\" srcset=\"https:\/\/rafaramirez.org\/blog\/wp-content\/uploads\/2024\/11\/Jean-Francois_Millet_-_La-comida-de-los-segadores-1853-300x172.png 300w, https:\/\/rafaramirez.org\/blog\/wp-content\/uploads\/2024\/11\/Jean-Francois_Millet_-_La-comida-de-los-segadores-1853-1024x586.png 1024w, https:\/\/rafaramirez.org\/blog\/wp-content\/uploads\/2024\/11\/Jean-Francois_Millet_-_La-comida-de-los-segadores-1853-768x439.png 768w, https:\/\/rafaramirez.org\/blog\/wp-content\/uploads\/2024\/11\/Jean-Francois_Millet_-_La-comida-de-los-segadores-1853-1536x878.png 1536w, https:\/\/rafaramirez.org\/blog\/wp-content\/uploads\/2024\/11\/Jean-Francois_Millet_-_La-comida-de-los-segadores-1853.png 1600w\" sizes=\"auto, (max-width: 300px) 100vw, 300px\" \/><\/a><figcaption id=\"caption-attachment-6877\" class=\"wp-caption-text\">La comida de los segadores (1853). Jean Fran\u00e7ois Millet. Blog de Rafael Ram\u00edrez.<\/figcaption><\/figure><\/li>\n<li class=\"ps-2\"><strong>La muerte y el le\u00f1ador (1859)<\/strong>: Una obra que combina el realismo con un toque rom\u00e1ntico, mostrando a un le\u00f1ador exhausto enfrent\u00e1ndose a la muerte.\n<p><figure id=\"attachment_6878\" aria-describedby=\"caption-attachment-6878\" style=\"width: 300px\" class=\"wp-caption aligncenter\"><a href=\"https:\/\/rafaramirez.org\/blog\/wp-content\/uploads\/2024\/11\/Jean-Francois_Millet_-_La-muerte-y-el-lenador-1859.jpg\" target=\"_blank\" rel=\"noopener\"><img loading=\"lazy\" decoding=\"async\" class=\"wp-image-6878 size-medium\" src=\"https:\/\/rafaramirez.org\/blog\/wp-content\/uploads\/2024\/11\/Jean-Francois_Millet_-_La-muerte-y-el-lenador-1859-300x237.jpg\" alt=\"La muerte y el le\u00f1ador (1859). Jean Fran\u00e7ois Millet. Blog de Rafael Ram\u00edrez.\" width=\"300\" height=\"237\" srcset=\"https:\/\/rafaramirez.org\/blog\/wp-content\/uploads\/2024\/11\/Jean-Francois_Millet_-_La-muerte-y-el-lenador-1859-300x237.jpg 300w, https:\/\/rafaramirez.org\/blog\/wp-content\/uploads\/2024\/11\/Jean-Francois_Millet_-_La-muerte-y-el-lenador-1859-1024x809.jpg 1024w, https:\/\/rafaramirez.org\/blog\/wp-content\/uploads\/2024\/11\/Jean-Francois_Millet_-_La-muerte-y-el-lenador-1859-768x607.jpg 768w, https:\/\/rafaramirez.org\/blog\/wp-content\/uploads\/2024\/11\/Jean-Francois_Millet_-_La-muerte-y-el-lenador-1859.jpg 1200w\" sizes=\"auto, (max-width: 300px) 100vw, 300px\" \/><\/a><figcaption id=\"caption-attachment-6878\" class=\"wp-caption-text\">La muerte y el le\u00f1ador (1859). Jean Fran\u00e7ois Millet. Blog de Rafael Ram\u00edrez.<\/figcaption><\/figure><\/li>\n<li class=\"ps-2\"><strong>Descanso al mediod\u00eda (1866)<\/strong>: Dos campesinos descansan del duro trabajo bajo el sol del mediod\u00eda, capturando un momento de tranquilidad en medio de la labor.\n<p><figure id=\"attachment_6879\" aria-describedby=\"caption-attachment-6879\" style=\"width: 300px\" class=\"wp-caption aligncenter\"><a href=\"https:\/\/rafaramirez.org\/blog\/wp-content\/uploads\/2024\/11\/Jean-Francois_Millet_-_Descanso-al-mediodia-1866.png\" target=\"_blank\" rel=\"noopener\"><img loading=\"lazy\" decoding=\"async\" class=\"wp-image-6879 size-medium\" src=\"https:\/\/rafaramirez.org\/blog\/wp-content\/uploads\/2024\/11\/Jean-Francois_Millet_-_Descanso-al-mediodia-1866-300x211.png\" alt=\"Descanso al mediod\u00eda (1866). Jean Fran\u00e7ois Millet. Blog de Rafael Ram\u00edrez.\" width=\"300\" height=\"211\" srcset=\"https:\/\/rafaramirez.org\/blog\/wp-content\/uploads\/2024\/11\/Jean-Francois_Millet_-_Descanso-al-mediodia-1866-300x211.png 300w, https:\/\/rafaramirez.org\/blog\/wp-content\/uploads\/2024\/11\/Jean-Francois_Millet_-_Descanso-al-mediodia-1866-1024x721.png 1024w, https:\/\/rafaramirez.org\/blog\/wp-content\/uploads\/2024\/11\/Jean-Francois_Millet_-_Descanso-al-mediodia-1866-768x540.png 768w, https:\/\/rafaramirez.org\/blog\/wp-content\/uploads\/2024\/11\/Jean-Francois_Millet_-_Descanso-al-mediodia-1866-1536x1081.png 1536w, https:\/\/rafaramirez.org\/blog\/wp-content\/uploads\/2024\/11\/Jean-Francois_Millet_-_Descanso-al-mediodia-1866.png 1600w\" sizes=\"auto, (max-width: 300px) 100vw, 300px\" \/><\/a><figcaption id=\"caption-attachment-6879\" class=\"wp-caption-text\">Descanso al mediod\u00eda (1866). Jean Fran\u00e7ois Millet. Blog de Rafael Ram\u00edrez.<\/figcaption><\/figure><\/li>\n<li class=\"ps-2\"><strong>Oto\u00f1o: pajares (1874)<\/strong>: Esta pintura muestra la preparaci\u00f3n para el invierno, con pajares apilados en un paisaje oto\u00f1al.\n<p><figure id=\"attachment_6880\" aria-describedby=\"caption-attachment-6880\" style=\"width: 300px\" class=\"wp-caption aligncenter\"><a href=\"https:\/\/rafaramirez.org\/blog\/wp-content\/uploads\/2024\/11\/Jean-Francois_Millet_-_Otono_pajares-1874.png\" target=\"_blank\" rel=\"noopener\"><img loading=\"lazy\" decoding=\"async\" class=\"wp-image-6880 size-medium\" src=\"https:\/\/rafaramirez.org\/blog\/wp-content\/uploads\/2024\/11\/Jean-Francois_Millet_-_Otono_pajares-1874-300x234.png\" alt=\"Oto\u00f1o: pajares (1874). Jean Fran\u00e7ois Millet. Blog de Rafael Ram\u00edrez.\" width=\"300\" height=\"234\" srcset=\"https:\/\/rafaramirez.org\/blog\/wp-content\/uploads\/2024\/11\/Jean-Francois_Millet_-_Otono_pajares-1874-300x234.png 300w, https:\/\/rafaramirez.org\/blog\/wp-content\/uploads\/2024\/11\/Jean-Francois_Millet_-_Otono_pajares-1874-1024x800.png 1024w, https:\/\/rafaramirez.org\/blog\/wp-content\/uploads\/2024\/11\/Jean-Francois_Millet_-_Otono_pajares-1874-768x600.png 768w, https:\/\/rafaramirez.org\/blog\/wp-content\/uploads\/2024\/11\/Jean-Francois_Millet_-_Otono_pajares-1874.png 1200w\" sizes=\"auto, (max-width: 300px) 100vw, 300px\" \/><\/a><figcaption id=\"caption-attachment-6880\" class=\"wp-caption-text\">Oto\u00f1o: pajares (1874). Jean Fran\u00e7ois Millet. Blog de Rafael Ram\u00edrez.<\/figcaption><\/figure><\/li>\n<\/ol>\n<p>Estas obras reflejan la profunda conexi\u00f3n de Millet con la vida rural y su habilidad para capturar la esencia de la naturaleza y el trabajo campesino.<\/p>\n<p><strong>En resumen, Jean-Fran\u00e7ois Millet fue un destacado pintor que fund\u00f3 y dise\u00f1\u00f3 las bases del <a href=\"https:\/\/rafaramirez.org\/blog\/index.php\/2025\/10\/23\/realismo-del-mito-a-la-realidad-el-arte-que-retrato-la-vida-comun\/\" target=\"_blank\" rel=\"noopener\">movimiento realista<\/a> enfoc\u00e1ndose en la vida campesina. Supo capturar en su obra la dignidad y nobleza del trabajo rural e influenci\u00f3 a artistas tan importantes de generaciones posteriores como Vincent van Gogh y Salvador Dal\u00ed.<\/strong><\/p>\n<p>M\u00e1s informaci\u00f3n:<\/p>\n<ul>\n<li><a href=\"https:\/\/es.wikipedia.org\/wiki\/Jean-Fran%C3%A7ois_Millet\" target=\"_blank\" rel=\"noopener\">Wikipedia<\/a>.<\/li>\n<li><a href=\"https:\/\/historia-arte.com\/artistas\/jean-francois-millet\" target=\"_blank\" rel=\"noopener\">Historia Arte<\/a>.<\/li>\n<li><a href=\"https:\/\/rafaramirez.org\/blog\/index.php\/category\/arte\/historia-del-arte\/\" target=\"_blank\" rel=\"noopener\">Vida y obra de otros grandes pintores<\/a>.<\/li>\n<\/ul>\n","protected":false},"excerpt":{"rendered":"<p>Jean-Fran\u00e7ois Millet fue un pintor franc\u00e9s conocido por ser uno de los fundadores del movimiento realista en la pintura, su obra se caracteriza por representar la vida campesina con una profunda simpat\u00eda y respeto. Nacido el 4 de octubre de 1814 en Gruchy, Normand\u00eda, falleci\u00f3 el 20 de enero de 1875 en Barbizon, Francia. Millet [&hellip;]<\/p>\n","protected":false},"author":3,"featured_media":6883,"comment_status":"open","ping_status":"closed","sticky":false,"template":"","format":"standard","meta":{"site-container-style":"default","site-container-layout":"default","site-sidebar-layout":"default","disable-article-header":"default","disable-site-header":"default","disable-site-footer":"default","disable-content-area-spacing":"default","_jetpack_newsletter_access":"","_jetpack_dont_email_post_to_subs":false,"_jetpack_newsletter_tier_id":0,"_jetpack_memberships_contains_paywalled_content":false,"_jetpack_feature_clip_id":0,"_jetpack_memberships_contains_paid_content":false,"footnotes":"","jetpack_publicize_message":"","jetpack_publicize_feature_enabled":true,"jetpack_social_post_already_shared":true,"jetpack_social_options":{"image_generator_settings":{"template":"highway","default_image_id":0,"font":"","enabled":false},"version":2},"jetpack_post_was_ever_published":false},"categories":[1290],"tags":[743,65,68,3764,3762,3749,3759,3751,3754,3752,1612,3748,3757,3552,3760,3761,3758,738,3756,3554,3763,3750,3747,371,435,3753,3755,508],"class_list":["post-6867","post","type-post","status-publish","format-standard","has-post-thumbnail","hentry","category-historia-del-arte","tag-arte-y-pintura","tag-biografia","tag-blog-de-rafael-ramirez","tag-critica-de-arte","tag-descanso-al-mediodia-1866","tag-ecole-des-beaux-arts-de-paris","tag-el-angelus-1859","tag-escuela-de-barbizon","tag-estilo-realista","tag-fontainebleau","tag-gustave-courbet","tag-historia-de-la-pintura","tag-honore-daumier","tag-jean-francois-millet","tag-la-comida-de-los-segadores-1853","tag-la-muerte-y-el-lenador-1859","tag-las-espigadoras-1857","tag-maestros-de-la-pintura","tag-narcisse-virgilio-diaz-de-la-pena","tag-normandia","tag-otono-pajares-1874","tag-paul-delaroche","tag-pintor-realista","tag-pintura","tag-salvador-dali","tag-tematica-campesina","tag-theodore-rousseau","tag-vincent-van-gogh"],"yoast_head":"<!-- This site is optimized with the Yoast SEO plugin v28.4 - https:\/\/yoast.com\/product\/yoast-seo-wordpress\/ -->\n<title>Jean-Fran\u00e7ois Millet, el pintor realista que influy\u00f3 a artistas de su \u00e9poca y de generaciones posteriores. - Blog de Rafael Ram\u00edrez<\/title>\n<meta name=\"description\" content=\"Jean-Fran\u00e7ois Millet fue un pintor franc\u00e9s conocido por ser uno de los fundadores del movimiento realista en la pintura y reflejar en...\" \/>\n<meta name=\"robots\" content=\"index, follow, max-snippet:-1, max-image-preview:large, max-video-preview:-1\" \/>\n<link rel=\"canonical\" href=\"https:\/\/rafaramirez.org\/blog\/index.php\/2024\/11\/19\/jean-francois-millet\/\" \/>\n<meta property=\"og:locale\" content=\"es_ES\" \/>\n<meta property=\"og:type\" content=\"article\" \/>\n<meta property=\"og:title\" content=\"Jean-Fran\u00e7ois Millet, el pintor realista que influy\u00f3 a artistas de su \u00e9poca y de generaciones posteriores. - Blog de Rafael Ram\u00edrez\" \/>\n<meta property=\"og:description\" content=\"Jean-Fran\u00e7ois Millet fue un pintor franc\u00e9s conocido por ser uno de los fundadores del movimiento realista en la pintura y reflejar en...\" \/>\n<meta property=\"og:url\" content=\"https:\/\/rafaramirez.org\/blog\/index.php\/2024\/11\/19\/jean-francois-millet\/\" \/>\n<meta property=\"og:site_name\" content=\"Blog de Rafael Ram\u00edrez\" \/>\n<meta property=\"article:published_time\" content=\"2024-11-19T07:15:45+00:00\" \/>\n<meta property=\"article:modified_time\" content=\"2026-07-14T09:46:09+00:00\" \/>\n<meta property=\"og:image\" content=\"https:\/\/rafaramirez.org\/blog\/wp-content\/uploads\/2024\/11\/Jean-Francois-Millet_banner_logblog.jpg\" \/>\n\t<meta property=\"og:image:width\" content=\"720\" \/>\n\t<meta property=\"og:image:height\" content=\"440\" \/>\n\t<meta property=\"og:image:type\" content=\"image\/jpeg\" \/>\n<meta name=\"author\" content=\"Documentaci\u00f3n e investigaci\u00f3n\" \/>\n<meta name=\"twitter:card\" content=\"summary_large_image\" \/>\n<meta name=\"twitter:site\" content=\"@rafaramirez_ok\" \/>\n<meta name=\"twitter:label1\" content=\"Escrito por\" \/>\n\t<meta name=\"twitter:data1\" content=\"Documentaci\u00f3n e investigaci\u00f3n\" \/>\n\t<meta name=\"twitter:label2\" content=\"Tiempo de lectura\" \/>\n\t<meta name=\"twitter:data2\" content=\"7 minutos\" \/>\n<script type=\"application\/ld+json\" class=\"yoast-schema-graph\">{\"@context\":\"https:\\\/\\\/schema.org\",\"@graph\":[{\"@type\":\"Article\",\"@id\":\"https:\\\/\\\/rafaramirez.org\\\/blog\\\/index.php\\\/2024\\\/11\\\/19\\\/jean-francois-millet\\\/#article\",\"isPartOf\":{\"@id\":\"https:\\\/\\\/rafaramirez.org\\\/blog\\\/index.php\\\/2024\\\/11\\\/19\\\/jean-francois-millet\\\/\"},\"author\":{\"name\":\"Documentaci\u00f3n e investigaci\u00f3n\",\"@id\":\"https:\\\/\\\/rafaramirez.org\\\/blog\\\/#\\\/schema\\\/person\\\/8debd05b3d9a1d16fb21af726811617d\"},\"headline\":\"Jean-Fran\u00e7ois Millet, el pintor realista que influy\u00f3 a artistas de su \u00e9poca y de generaciones posteriores.\",\"datePublished\":\"2024-11-19T07:15:45+00:00\",\"dateModified\":\"2026-07-14T09:46:09+00:00\",\"mainEntityOfPage\":{\"@id\":\"https:\\\/\\\/rafaramirez.org\\\/blog\\\/index.php\\\/2024\\\/11\\\/19\\\/jean-francois-millet\\\/\"},\"wordCount\":1161,\"commentCount\":0,\"publisher\":{\"@id\":\"https:\\\/\\\/rafaramirez.org\\\/blog\\\/#\\\/schema\\\/person\\\/50f43b6d60c578760d4c17bda54ab6a5\"},\"image\":{\"@id\":\"https:\\\/\\\/rafaramirez.org\\\/blog\\\/index.php\\\/2024\\\/11\\\/19\\\/jean-francois-millet\\\/#primaryimage\"},\"thumbnailUrl\":\"https:\\\/\\\/rafaramirez.org\\\/blog\\\/wp-content\\\/uploads\\\/2024\\\/11\\\/Jean-Francois-Millet_banner_logblog.jpg\",\"keywords\":[\"arte y pintura\",\"biograf\u00eda\",\"blog de Rafael Ram\u00edrez\",\"cr\u00edtica de arte\",\"Descanso al mediod\u00eda (1866)\",\"\u00c9cole des Beaux-Arts de Par\u00eds\",\"El \u00c1ngelus (1859)\",\"Escuela de Barbizon\",\"Estilo realista\",\"Fontainebleau\",\"Gustave Courbet\",\"historia de la pintura\",\"Honor\u00e9 Daumier\",\"Jean-Fran\u00e7ois Millet\",\"La comida de los segadores (1853)\",\"La muerte y el le\u00f1ador (1859)\",\"Las espigadoras (1857)\",\"maestros de la pintura\",\"Narcisse Virgilio D\u00edaz de la Pe\u00f1a\",\"Normand\u00eda\",\"Oto\u00f1o: pajares (1874)\",\"Paul Delaroche\",\"pintor realista\",\"pintura\",\"salvador dal\u00ed\",\"Tem\u00e1tica campesina\",\"Th\u00e9odore Rousseau\",\"Vincent Van Gogh\"],\"articleSection\":[\"Historia del arte\"],\"inLanguage\":\"es\",\"potentialAction\":[{\"@type\":\"CommentAction\",\"name\":\"Comment\",\"target\":[\"https:\\\/\\\/rafaramirez.org\\\/blog\\\/index.php\\\/2024\\\/11\\\/19\\\/jean-francois-millet\\\/#respond\"]}]},{\"@type\":\"WebPage\",\"@id\":\"https:\\\/\\\/rafaramirez.org\\\/blog\\\/index.php\\\/2024\\\/11\\\/19\\\/jean-francois-millet\\\/\",\"url\":\"https:\\\/\\\/rafaramirez.org\\\/blog\\\/index.php\\\/2024\\\/11\\\/19\\\/jean-francois-millet\\\/\",\"name\":\"Jean-Fran\u00e7ois Millet, el pintor realista que influy\u00f3 a artistas de su \u00e9poca y de generaciones posteriores. - Blog de Rafael Ram\u00edrez\",\"isPartOf\":{\"@id\":\"https:\\\/\\\/rafaramirez.org\\\/blog\\\/#website\"},\"primaryImageOfPage\":{\"@id\":\"https:\\\/\\\/rafaramirez.org\\\/blog\\\/index.php\\\/2024\\\/11\\\/19\\\/jean-francois-millet\\\/#primaryimage\"},\"image\":{\"@id\":\"https:\\\/\\\/rafaramirez.org\\\/blog\\\/index.php\\\/2024\\\/11\\\/19\\\/jean-francois-millet\\\/#primaryimage\"},\"thumbnailUrl\":\"https:\\\/\\\/rafaramirez.org\\\/blog\\\/wp-content\\\/uploads\\\/2024\\\/11\\\/Jean-Francois-Millet_banner_logblog.jpg\",\"datePublished\":\"2024-11-19T07:15:45+00:00\",\"dateModified\":\"2026-07-14T09:46:09+00:00\",\"description\":\"Jean-Fran\u00e7ois Millet fue un pintor franc\u00e9s conocido por ser uno de los fundadores del movimiento realista en la pintura y reflejar en...\",\"breadcrumb\":{\"@id\":\"https:\\\/\\\/rafaramirez.org\\\/blog\\\/index.php\\\/2024\\\/11\\\/19\\\/jean-francois-millet\\\/#breadcrumb\"},\"inLanguage\":\"es\",\"potentialAction\":[{\"@type\":\"ReadAction\",\"target\":[\"https:\\\/\\\/rafaramirez.org\\\/blog\\\/index.php\\\/2024\\\/11\\\/19\\\/jean-francois-millet\\\/\"]}]},{\"@type\":\"ImageObject\",\"inLanguage\":\"es\",\"@id\":\"https:\\\/\\\/rafaramirez.org\\\/blog\\\/index.php\\\/2024\\\/11\\\/19\\\/jean-francois-millet\\\/#primaryimage\",\"url\":\"https:\\\/\\\/rafaramirez.org\\\/blog\\\/wp-content\\\/uploads\\\/2024\\\/11\\\/Jean-Francois-Millet_banner_logblog.jpg\",\"contentUrl\":\"https:\\\/\\\/rafaramirez.org\\\/blog\\\/wp-content\\\/uploads\\\/2024\\\/11\\\/Jean-Francois-Millet_banner_logblog.jpg\",\"width\":720,\"height\":440,\"caption\":\"Jean-Fran\u00e7ois Millet. Maestros de la pintura. Blog de Rafael Ram\u00edrez.\"},{\"@type\":\"BreadcrumbList\",\"@id\":\"https:\\\/\\\/rafaramirez.org\\\/blog\\\/index.php\\\/2024\\\/11\\\/19\\\/jean-francois-millet\\\/#breadcrumb\",\"itemListElement\":[{\"@type\":\"ListItem\",\"position\":1,\"name\":\"Portada\",\"item\":\"https:\\\/\\\/rafaramirez.org\\\/blog\\\/\"},{\"@type\":\"ListItem\",\"position\":2,\"name\":\"Jean-Fran\u00e7ois Millet, el pintor realista que influy\u00f3 a artistas de su \u00e9poca y de generaciones posteriores.\"}]},{\"@type\":\"WebSite\",\"@id\":\"https:\\\/\\\/rafaramirez.org\\\/blog\\\/#website\",\"url\":\"https:\\\/\\\/rafaramirez.org\\\/blog\\\/\",\"name\":\"Blog de Rafael Ram\u00edrez\",\"description\":\"Un sitio social, de arte y cultura\",\"publisher\":{\"@id\":\"https:\\\/\\\/rafaramirez.org\\\/blog\\\/#\\\/schema\\\/person\\\/50f43b6d60c578760d4c17bda54ab6a5\"},\"potentialAction\":[{\"@type\":\"SearchAction\",\"target\":{\"@type\":\"EntryPoint\",\"urlTemplate\":\"https:\\\/\\\/rafaramirez.org\\\/blog\\\/?s={search_term_string}\"},\"query-input\":{\"@type\":\"PropertyValueSpecification\",\"valueRequired\":true,\"valueName\":\"search_term_string\"}}],\"inLanguage\":\"es\"},{\"@type\":[\"Person\",\"Organization\"],\"@id\":\"https:\\\/\\\/rafaramirez.org\\\/blog\\\/#\\\/schema\\\/person\\\/50f43b6d60c578760d4c17bda54ab6a5\",\"name\":\"Rafael Ram\u00edrez\",\"image\":{\"@type\":\"ImageObject\",\"inLanguage\":\"es\",\"@id\":\"https:\\\/\\\/rafaramirez.org\\\/blog\\\/wp-content\\\/uploads\\\/2024\\\/09\\\/RR_socialnetwork.jpg\",\"url\":\"https:\\\/\\\/rafaramirez.org\\\/blog\\\/wp-content\\\/uploads\\\/2024\\\/09\\\/RR_socialnetwork.jpg\",\"contentUrl\":\"https:\\\/\\\/rafaramirez.org\\\/blog\\\/wp-content\\\/uploads\\\/2024\\\/09\\\/RR_socialnetwork.jpg\",\"width\":600,\"height\":606,\"caption\":\"Rafael Ram\u00edrez\"},\"logo\":{\"@id\":\"https:\\\/\\\/rafaramirez.org\\\/blog\\\/wp-content\\\/uploads\\\/2024\\\/09\\\/RR_socialnetwork.jpg\"},\"sameAs\":[\"https:\\\/\\\/www.rafaramirez.org\\\/blog\",\"https:\\\/\\\/www.instagram.com\\\/rafaramirez_ok\\\/\",\"https:\\\/\\\/es.pinterest.com\\\/Ramirez_Rafa\\\/\",\"https:\\\/\\\/x.com\\\/rafaramirez_ok\"]},{\"@type\":\"Person\",\"@id\":\"https:\\\/\\\/rafaramirez.org\\\/blog\\\/#\\\/schema\\\/person\\\/8debd05b3d9a1d16fb21af726811617d\",\"name\":\"Documentaci\u00f3n e investigaci\u00f3n\",\"image\":{\"@type\":\"ImageObject\",\"inLanguage\":\"es\",\"@id\":\"https:\\\/\\\/secure.gravatar.com\\\/avatar\\\/fe70e496579a39c7a8fc4982b89275403b1092eb200623138a32daada9416911?s=96&d=mm&r=g\",\"url\":\"https:\\\/\\\/secure.gravatar.com\\\/avatar\\\/fe70e496579a39c7a8fc4982b89275403b1092eb200623138a32daada9416911?s=96&d=mm&r=g\",\"contentUrl\":\"https:\\\/\\\/secure.gravatar.com\\\/avatar\\\/fe70e496579a39c7a8fc4982b89275403b1092eb200623138a32daada9416911?s=96&d=mm&r=g\",\"caption\":\"Documentaci\u00f3n e investigaci\u00f3n\"},\"url\":\"https:\\\/\\\/rafaramirez.org\\\/blog\\\/index.php\\\/author\\\/admin\\\/\"}]}<\/script>\n<!-- \/ Yoast SEO plugin. -->","yoast_head_json":{"title":"Jean-Fran\u00e7ois Millet, el pintor realista que influy\u00f3 a artistas de su \u00e9poca y de generaciones posteriores. - Blog de Rafael Ram\u00edrez","description":"Jean-Fran\u00e7ois Millet fue un pintor franc\u00e9s conocido por ser uno de los fundadores del movimiento realista en la pintura y reflejar en...","robots":{"index":"index","follow":"follow","max-snippet":"max-snippet:-1","max-image-preview":"max-image-preview:large","max-video-preview":"max-video-preview:-1"},"canonical":"https:\/\/rafaramirez.org\/blog\/index.php\/2024\/11\/19\/jean-francois-millet\/","og_locale":"es_ES","og_type":"article","og_title":"Jean-Fran\u00e7ois Millet, el pintor realista que influy\u00f3 a artistas de su \u00e9poca y de generaciones posteriores. - Blog de Rafael Ram\u00edrez","og_description":"Jean-Fran\u00e7ois Millet fue un pintor franc\u00e9s conocido por ser uno de los fundadores del movimiento realista en la pintura y reflejar en...","og_url":"https:\/\/rafaramirez.org\/blog\/index.php\/2024\/11\/19\/jean-francois-millet\/","og_site_name":"Blog de Rafael Ram\u00edrez","article_published_time":"2024-11-19T07:15:45+00:00","article_modified_time":"2026-07-14T09:46:09+00:00","og_image":[{"width":720,"height":440,"url":"https:\/\/rafaramirez.org\/blog\/wp-content\/uploads\/2024\/11\/Jean-Francois-Millet_banner_logblog.jpg","type":"image\/jpeg"}],"author":"Documentaci\u00f3n e investigaci\u00f3n","twitter_card":"summary_large_image","twitter_site":"@rafaramirez_ok","twitter_misc":{"Escrito por":"Documentaci\u00f3n e investigaci\u00f3n","Tiempo de lectura":"7 minutos"},"schema":{"@context":"https:\/\/schema.org","@graph":[{"@type":"Article","@id":"https:\/\/rafaramirez.org\/blog\/index.php\/2024\/11\/19\/jean-francois-millet\/#article","isPartOf":{"@id":"https:\/\/rafaramirez.org\/blog\/index.php\/2024\/11\/19\/jean-francois-millet\/"},"author":{"name":"Documentaci\u00f3n e investigaci\u00f3n","@id":"https:\/\/rafaramirez.org\/blog\/#\/schema\/person\/8debd05b3d9a1d16fb21af726811617d"},"headline":"Jean-Fran\u00e7ois Millet, el pintor realista que influy\u00f3 a artistas de su \u00e9poca y de generaciones posteriores.","datePublished":"2024-11-19T07:15:45+00:00","dateModified":"2026-07-14T09:46:09+00:00","mainEntityOfPage":{"@id":"https:\/\/rafaramirez.org\/blog\/index.php\/2024\/11\/19\/jean-francois-millet\/"},"wordCount":1161,"commentCount":0,"publisher":{"@id":"https:\/\/rafaramirez.org\/blog\/#\/schema\/person\/50f43b6d60c578760d4c17bda54ab6a5"},"image":{"@id":"https:\/\/rafaramirez.org\/blog\/index.php\/2024\/11\/19\/jean-francois-millet\/#primaryimage"},"thumbnailUrl":"https:\/\/rafaramirez.org\/blog\/wp-content\/uploads\/2024\/11\/Jean-Francois-Millet_banner_logblog.jpg","keywords":["arte y pintura","biograf\u00eda","blog de Rafael Ram\u00edrez","cr\u00edtica de arte","Descanso al mediod\u00eda (1866)","\u00c9cole des Beaux-Arts de Par\u00eds","El \u00c1ngelus (1859)","Escuela de Barbizon","Estilo realista","Fontainebleau","Gustave Courbet","historia de la pintura","Honor\u00e9 Daumier","Jean-Fran\u00e7ois Millet","La comida de los segadores (1853)","La muerte y el le\u00f1ador (1859)","Las espigadoras (1857)","maestros de la pintura","Narcisse Virgilio D\u00edaz de la Pe\u00f1a","Normand\u00eda","Oto\u00f1o: pajares (1874)","Paul Delaroche","pintor realista","pintura","salvador dal\u00ed","Tem\u00e1tica campesina","Th\u00e9odore Rousseau","Vincent Van Gogh"],"articleSection":["Historia del arte"],"inLanguage":"es","potentialAction":[{"@type":"CommentAction","name":"Comment","target":["https:\/\/rafaramirez.org\/blog\/index.php\/2024\/11\/19\/jean-francois-millet\/#respond"]}]},{"@type":"WebPage","@id":"https:\/\/rafaramirez.org\/blog\/index.php\/2024\/11\/19\/jean-francois-millet\/","url":"https:\/\/rafaramirez.org\/blog\/index.php\/2024\/11\/19\/jean-francois-millet\/","name":"Jean-Fran\u00e7ois Millet, el pintor realista que influy\u00f3 a artistas de su \u00e9poca y de generaciones posteriores. - Blog de Rafael Ram\u00edrez","isPartOf":{"@id":"https:\/\/rafaramirez.org\/blog\/#website"},"primaryImageOfPage":{"@id":"https:\/\/rafaramirez.org\/blog\/index.php\/2024\/11\/19\/jean-francois-millet\/#primaryimage"},"image":{"@id":"https:\/\/rafaramirez.org\/blog\/index.php\/2024\/11\/19\/jean-francois-millet\/#primaryimage"},"thumbnailUrl":"https:\/\/rafaramirez.org\/blog\/wp-content\/uploads\/2024\/11\/Jean-Francois-Millet_banner_logblog.jpg","datePublished":"2024-11-19T07:15:45+00:00","dateModified":"2026-07-14T09:46:09+00:00","description":"Jean-Fran\u00e7ois Millet fue un pintor franc\u00e9s conocido por ser uno de los fundadores del movimiento realista en la pintura y reflejar en...","breadcrumb":{"@id":"https:\/\/rafaramirez.org\/blog\/index.php\/2024\/11\/19\/jean-francois-millet\/#breadcrumb"},"inLanguage":"es","potentialAction":[{"@type":"ReadAction","target":["https:\/\/rafaramirez.org\/blog\/index.php\/2024\/11\/19\/jean-francois-millet\/"]}]},{"@type":"ImageObject","inLanguage":"es","@id":"https:\/\/rafaramirez.org\/blog\/index.php\/2024\/11\/19\/jean-francois-millet\/#primaryimage","url":"https:\/\/rafaramirez.org\/blog\/wp-content\/uploads\/2024\/11\/Jean-Francois-Millet_banner_logblog.jpg","contentUrl":"https:\/\/rafaramirez.org\/blog\/wp-content\/uploads\/2024\/11\/Jean-Francois-Millet_banner_logblog.jpg","width":720,"height":440,"caption":"Jean-Fran\u00e7ois Millet. Maestros de la pintura. Blog de Rafael Ram\u00edrez."},{"@type":"BreadcrumbList","@id":"https:\/\/rafaramirez.org\/blog\/index.php\/2024\/11\/19\/jean-francois-millet\/#breadcrumb","itemListElement":[{"@type":"ListItem","position":1,"name":"Portada","item":"https:\/\/rafaramirez.org\/blog\/"},{"@type":"ListItem","position":2,"name":"Jean-Fran\u00e7ois Millet, el pintor realista que influy\u00f3 a artistas de su \u00e9poca y de generaciones posteriores."}]},{"@type":"WebSite","@id":"https:\/\/rafaramirez.org\/blog\/#website","url":"https:\/\/rafaramirez.org\/blog\/","name":"Blog de Rafael Ram\u00edrez","description":"Un sitio social, de arte y cultura","publisher":{"@id":"https:\/\/rafaramirez.org\/blog\/#\/schema\/person\/50f43b6d60c578760d4c17bda54ab6a5"},"potentialAction":[{"@type":"SearchAction","target":{"@type":"EntryPoint","urlTemplate":"https:\/\/rafaramirez.org\/blog\/?s={search_term_string}"},"query-input":{"@type":"PropertyValueSpecification","valueRequired":true,"valueName":"search_term_string"}}],"inLanguage":"es"},{"@type":["Person","Organization"],"@id":"https:\/\/rafaramirez.org\/blog\/#\/schema\/person\/50f43b6d60c578760d4c17bda54ab6a5","name":"Rafael Ram\u00edrez","image":{"@type":"ImageObject","inLanguage":"es","@id":"https:\/\/rafaramirez.org\/blog\/wp-content\/uploads\/2024\/09\/RR_socialnetwork.jpg","url":"https:\/\/rafaramirez.org\/blog\/wp-content\/uploads\/2024\/09\/RR_socialnetwork.jpg","contentUrl":"https:\/\/rafaramirez.org\/blog\/wp-content\/uploads\/2024\/09\/RR_socialnetwork.jpg","width":600,"height":606,"caption":"Rafael Ram\u00edrez"},"logo":{"@id":"https:\/\/rafaramirez.org\/blog\/wp-content\/uploads\/2024\/09\/RR_socialnetwork.jpg"},"sameAs":["https:\/\/www.rafaramirez.org\/blog","https:\/\/www.instagram.com\/rafaramirez_ok\/","https:\/\/es.pinterest.com\/Ramirez_Rafa\/","https:\/\/x.com\/rafaramirez_ok"]},{"@type":"Person","@id":"https:\/\/rafaramirez.org\/blog\/#\/schema\/person\/8debd05b3d9a1d16fb21af726811617d","name":"Documentaci\u00f3n e investigaci\u00f3n","image":{"@type":"ImageObject","inLanguage":"es","@id":"https:\/\/secure.gravatar.com\/avatar\/fe70e496579a39c7a8fc4982b89275403b1092eb200623138a32daada9416911?s=96&d=mm&r=g","url":"https:\/\/secure.gravatar.com\/avatar\/fe70e496579a39c7a8fc4982b89275403b1092eb200623138a32daada9416911?s=96&d=mm&r=g","contentUrl":"https:\/\/secure.gravatar.com\/avatar\/fe70e496579a39c7a8fc4982b89275403b1092eb200623138a32daada9416911?s=96&d=mm&r=g","caption":"Documentaci\u00f3n e investigaci\u00f3n"},"url":"https:\/\/rafaramirez.org\/blog\/index.php\/author\/admin\/"}]}},"jetpack_publicize_connections":[],"jetpack_sharing_enabled":true,"jetpack_likes_enabled":true,"jetpack_featured_media_url":"https:\/\/rafaramirez.org\/blog\/wp-content\/uploads\/2024\/11\/Jean-Francois-Millet_banner_logblog.jpg","_links":{"self":[{"href":"https:\/\/rafaramirez.org\/blog\/index.php\/wp-json\/wp\/v2\/posts\/6867","targetHints":{"allow":["GET"]}}],"collection":[{"href":"https:\/\/rafaramirez.org\/blog\/index.php\/wp-json\/wp\/v2\/posts"}],"about":[{"href":"https:\/\/rafaramirez.org\/blog\/index.php\/wp-json\/wp\/v2\/types\/post"}],"author":[{"embeddable":true,"href":"https:\/\/rafaramirez.org\/blog\/index.php\/wp-json\/wp\/v2\/users\/3"}],"replies":[{"embeddable":true,"href":"https:\/\/rafaramirez.org\/blog\/index.php\/wp-json\/wp\/v2\/comments?post=6867"}],"version-history":[{"count":13,"href":"https:\/\/rafaramirez.org\/blog\/index.php\/wp-json\/wp\/v2\/posts\/6867\/revisions"}],"predecessor-version":[{"id":11837,"href":"https:\/\/rafaramirez.org\/blog\/index.php\/wp-json\/wp\/v2\/posts\/6867\/revisions\/11837"}],"wp:featuredmedia":[{"embeddable":true,"href":"https:\/\/rafaramirez.org\/blog\/index.php\/wp-json\/wp\/v2\/media\/6883"}],"wp:attachment":[{"href":"https:\/\/rafaramirez.org\/blog\/index.php\/wp-json\/wp\/v2\/media?parent=6867"}],"wp:term":[{"taxonomy":"category","embeddable":true,"href":"https:\/\/rafaramirez.org\/blog\/index.php\/wp-json\/wp\/v2\/categories?post=6867"},{"taxonomy":"post_tag","embeddable":true,"href":"https:\/\/rafaramirez.org\/blog\/index.php\/wp-json\/wp\/v2\/tags?post=6867"}],"curies":[{"name":"wp","href":"https:\/\/api.w.org\/{rel}","templated":true}]}}