{"id":6813,"date":"2024-11-16T08:15:40","date_gmt":"2024-11-16T07:15:40","guid":{"rendered":"https:\/\/rafaramirez.org\/blog\/?p=6813"},"modified":"2024-11-25T19:28:39","modified_gmt":"2024-11-25T18:28:39","slug":"dia-internacional-del-flamenco","status":"publish","type":"post","link":"https:\/\/rafaramirez.org\/blog\/index.php\/2024\/11\/16\/dia-internacional-del-flamenco\/","title":{"rendered":"D\u00eda Internacional del Flamenco: destacando la importancia y la influencia global de este arte."},"content":{"rendered":"<p>El\u00a0<strong>D\u00eda Internacional del Flamenco<\/strong>\u00a0se celebra cada a\u00f1o el\u00a0<strong>16 de noviembre<\/strong>. Esta fecha fue elegida para conmemorar el d\u00eda en que la UNESCO reconoci\u00f3 al flamenco como <strong>Patrimonio Cultural Inmaterial de la Humanidad<\/strong> en 2010.<\/p>\n<p>El flamenco es una expresi\u00f3n art\u00edstica profundamente arraigada en Espa\u00f1a, especialmente en Andaluc\u00eda. Este arte incluye el cante, el baile y el toque (guitarra), y es considerado un s\u00edmbolo de la identidad andaluza y gitana.<\/p>\n<p>Durante este d\u00eda, se organizan numerosas actividades para celebrar y promover el flamenco, como recitales, conferencias, talleres y espect\u00e1culos en vivo.\u00a0Estas actividades no solo se llevan a cabo en Andaluc\u00eda, sino tambi\u00e9n en otras partes de Espa\u00f1a y del mundo, destacando la importancia y la influencia global de este arte.<\/p>\n<h3>Un poco de historia (resumida) del flamenco.<\/h3>\n<p>La historia del flamenco es rica y compleja, con ra\u00edces que se extienden a trav\u00e9s de varios siglos y culturas. Aunque sus or\u00edgenes exactos son dif\u00edciles de precisar, se cree que el flamenco comenz\u00f3 a desarrollarse en Andaluc\u00eda, en el sur de Espa\u00f1a, durante el siglo XVIII.<\/p>\n<h4>Or\u00edgenes y Desarrollo<\/h4>\n<ul>\n<li><strong>Influencia Cultural<\/strong>: El flamenco es el resultado de una mezcla de diversas culturas que han pasado por Andaluc\u00eda, incluyendo la gitana, \u00e1rabe, jud\u00eda y cristiana. Cada una de estas culturas ha aportado elementos \u00fanicos al flamenco, como ritmos, melod\u00edas y estilos de baile.<\/li>\n<li><strong>Siglo XVIII<\/strong>: Durante este per\u00edodo, el flamenco comenz\u00f3 a tomar forma como una expresi\u00f3n art\u00edstica distintiva. Los gitanos, en particular, jugaron un papel crucial en su desarrollo, fusionando sus propias tradiciones musicales con las de otras culturas presentes en la regi\u00f3n.<\/li>\n<li><strong>Caf\u00e9s Cantantes (Siglo XIX)<\/strong>: En el siglo XIX, los \u201ccaf\u00e9s cantantes\u201d se convirtieron en centros importantes para la difusi\u00f3n del flamenco. Estos locales ofrec\u00edan espect\u00e1culos en vivo y ayudaron a popularizar el flamenco entre un p\u00fablico m\u00e1s amplio.<\/li>\n<li><strong>Edad de Oro (1860-1910)<\/strong>: Este per\u00edodo es conocido como la \u201cEdad de Oro del Flamenco\u201d. Durante estos a\u00f1os, el flamenco alcanz\u00f3 un alto nivel de sofisticaci\u00f3n y se establecieron muchos de los estilos y formas que conocemos hoy en d\u00eda.<\/li>\n<li><strong>Flamenco Moderno<\/strong>: En el siglo XX, el flamenco continu\u00f3 evolucionando, incorporando influencias de otros g\u00e9neros musicales y adapt\u00e1ndose a los cambios sociales y culturales. Artistas como Paco de Luc\u00eda, Camar\u00f3n de la Isla y Enrique Morente han sido fundamentales en la modernizaci\u00f3n y globalizaci\u00f3n del flamenco.<\/li>\n<\/ul>\n<figure id=\"attachment_6829\" aria-describedby=\"caption-attachment-6829\" style=\"width: 200px\" class=\"wp-caption aligncenter\"><a href=\"https:\/\/rafaramirez.org\/blog\/wp-content\/uploads\/2024\/11\/flamenco-1046485.jpg\" target=\"_blank\" rel=\"noopener\"><img loading=\"lazy\" decoding=\"async\" class=\"wp-image-6829 size-medium\" src=\"https:\/\/rafaramirez.org\/blog\/wp-content\/uploads\/2024\/11\/flamenco-1046485-200x300.jpg\" alt=\"D\u00eda Internacional del Flamenco. Blog de Rafael Ram\u00edrez.\" width=\"200\" height=\"300\" srcset=\"https:\/\/rafaramirez.org\/blog\/wp-content\/uploads\/2024\/11\/flamenco-1046485-200x300.jpg 200w, https:\/\/rafaramirez.org\/blog\/wp-content\/uploads\/2024\/11\/flamenco-1046485-684x1024.jpg 684w, https:\/\/rafaramirez.org\/blog\/wp-content\/uploads\/2024\/11\/flamenco-1046485-768x1151.jpg 768w, https:\/\/rafaramirez.org\/blog\/wp-content\/uploads\/2024\/11\/flamenco-1046485.jpg 801w\" sizes=\"auto, (max-width: 200px) 100vw, 200px\" \/><\/a><figcaption id=\"caption-attachment-6829\" class=\"wp-caption-text\">D\u00eda Internacional del Flamenco. Blog de Rafael Ram\u00edrez.<\/figcaption><\/figure>\n<h4>Elementos del Flamenco<\/h4>\n<p>El flamenco se compone de tres elementos principales:<\/p>\n<ul>\n<li><strong>Cante<\/strong>: El canto flamenco es profundo y emotivo, con letras que a menudo reflejan temas de amor, dolor y lucha.<\/li>\n<li><strong>Baile<\/strong>: El baile flamenco es apasionado y expresivo, caracterizado por movimientos de brazos y manos, zapateado y una fuerte conexi\u00f3n con la m\u00fasica.<\/li>\n<li><strong>Toque<\/strong>: La guitarra espa\u00f1ola es esencial, proporcionando el acompa\u00f1amiento r\u00edtmico y mel\u00f3dico para el cante y el baile.<\/li>\n<\/ul>\n<p>El flamenco sigue siendo una parte vibrante y vital de la cultura andaluza y espa\u00f1ola, y contin\u00faa evolucionando mientras mantiene sus ra\u00edces tradicionales.<\/p>\n<h3>Palos del flamenco.<\/h3>\n<p>Los\u00a0<strong>palos del flamenco<\/strong>\u00a0son los diferentes estilos o formas de cante, baile y toque dentro del flamenco. Cada palo tiene su propio comp\u00e1s, estructura y tem\u00e1tica. Aqu\u00ed te presento algunos de los palos m\u00e1s conocidos:<\/p>\n<ul>\n<li><strong>Sole\u00e1<\/strong>: Considerado uno de los pilares del flamenco, es solemne y profundo, con un comp\u00e1s de 12 tiempos.<\/li>\n<li><strong>Seguiriyas<\/strong>: Otro palo fundamental, caracterizado por su ritmo lento y su tem\u00e1tica de dolor y sufrimiento.<\/li>\n<li><strong>Alegr\u00edas<\/strong>: De car\u00e1cter festivo y alegre, con un comp\u00e1s similar al de la sole\u00e1 pero m\u00e1s r\u00e1pido.<\/li>\n<li><strong>Buler\u00edas<\/strong>: Muy popular en las fiestas flamencas, es un palo r\u00e1pido y alegre, ideal para la improvisaci\u00f3n.<\/li>\n<li><strong>Fandangos<\/strong>: De origen \u00e1rabe y portugu\u00e9s, existen muchas variantes regionales como los fandangos de Huelva y las malague\u00f1as.<\/li>\n<li><strong>Tangos<\/strong>: Uno de los palos m\u00e1s antiguos, con un ritmo vivo y alegre.<\/li>\n<li><strong>Tientos<\/strong>: Similar a los tangos pero m\u00e1s lento y solemne.<\/li>\n<li><strong>Taranto<\/strong>: Originario de la regi\u00f3n minera de Almer\u00eda, es un palo serio y profundo.<\/li>\n<\/ul>\n<p>Cada uno de estos palos tiene su propia personalidad y se utiliza en diferentes contextos y estados de \u00e1nimo.<\/p>\n<figure id=\"attachment_6830\" aria-describedby=\"caption-attachment-6830\" style=\"width: 300px\" class=\"wp-caption aligncenter\"><a href=\"https:\/\/rafaramirez.org\/blog\/wp-content\/uploads\/2024\/11\/flamenco-594272.jpg\" target=\"_blank\" rel=\"noopener\"><img loading=\"lazy\" decoding=\"async\" class=\"wp-image-6830 size-medium\" src=\"https:\/\/rafaramirez.org\/blog\/wp-content\/uploads\/2024\/11\/flamenco-594272-300x200.jpg\" alt=\"D\u00eda Internacional del Flamenco 16 de noviembre. Blog de Rafael Ram\u00edrez.\" width=\"300\" height=\"200\" srcset=\"https:\/\/rafaramirez.org\/blog\/wp-content\/uploads\/2024\/11\/flamenco-594272-300x200.jpg 300w, https:\/\/rafaramirez.org\/blog\/wp-content\/uploads\/2024\/11\/flamenco-594272-1024x683.jpg 1024w, https:\/\/rafaramirez.org\/blog\/wp-content\/uploads\/2024\/11\/flamenco-594272-768x512.jpg 768w, https:\/\/rafaramirez.org\/blog\/wp-content\/uploads\/2024\/11\/flamenco-594272.jpg 1200w\" sizes=\"auto, (max-width: 300px) 100vw, 300px\" \/><\/a><figcaption id=\"caption-attachment-6830\" class=\"wp-caption-text\">D\u00eda Internacional del Flamenco 16 de noviembre. Blog de Rafael Ram\u00edrez.<\/figcaption><\/figure>\n<h3>Artistas m\u00e1s famosos por interpretar un determinado palo.<\/h3>\n<p>En el flamenco, muchos artistas se han destacado por su maestr\u00eda en interpretar ciertos palos. Aqu\u00ed te menciono algunos de los m\u00e1s reconocidos:<\/p>\n<h4>Sole\u00e1<\/h4>\n<p><iframe loading=\"lazy\" title=\"YouTube video player\" src=\"https:\/\/www.youtube.com\/embed\/z0r23KkDQMs?si=yWE_dmVcX5wBEmOO\" width=\"560\" height=\"315\" frameborder=\"0\" allowfullscreen=\"allowfullscreen\"><\/iframe><\/p>\n<ul>\n<li><strong>Antonio Mairena<\/strong>: Considerado uno de los grandes maestros del cante jondo, especialmente conocido por su interpretaci\u00f3n de la sole\u00e1.<\/li>\n<li><strong>La Ni\u00f1a de los Peines (Pastora Pav\u00f3n)<\/strong>: Una de las figuras m\u00e1s importantes del flamenco, destacada en varios palos, incluyendo la sole\u00e1.<\/li>\n<\/ul>\n<h4>Seguiriyas<\/h4>\n<p><iframe loading=\"lazy\" title=\"YouTube video player\" src=\"https:\/\/www.youtube.com\/embed\/FCiH04L87yU?si=WnkOJWFjkp0jdfoa\" width=\"560\" height=\"315\" frameborder=\"0\" allowfullscreen=\"allowfullscreen\"><\/iframe><\/p>\n<ul>\n<li><strong>Manuel Torre<\/strong>: Un referente en el cante por seguiriyas, conocido por su voz profunda y emotiva.<\/li>\n<li><strong>Enrique Morente<\/strong>: Innovador del flamenco, tambi\u00e9n dej\u00f3 su huella en las seguiriyas con su estilo \u00fanico.<\/li>\n<\/ul>\n<h4>Alegr\u00edas<\/h4>\n<p><iframe loading=\"lazy\" title=\"YouTube video player\" src=\"https:\/\/www.youtube.com\/embed\/qzGWidhj6Bk?si=u86ZvbUZ060myJ7Z&amp;start=13\" width=\"560\" height=\"315\" frameborder=\"0\" allowfullscreen=\"allowfullscreen\"><\/iframe><\/p>\n<ul>\n<li><strong>Camar\u00f3n de la Isla<\/strong>: Aunque es famoso por su versatilidad, sus alegr\u00edas son especialmente celebradas.<\/li>\n<li><strong>Paco de Luc\u00eda<\/strong>: Su toque de guitarra en las alegr\u00edas es legendario, aportando una gran riqueza mel\u00f3dica.<\/li>\n<\/ul>\n<h4>Buler\u00edas<\/h4>\n<p><iframe loading=\"lazy\" title=\"YouTube video player\" src=\"https:\/\/www.youtube.com\/embed\/2BCoZiSbGtY?si=keEV5r4ip3PTfv_J\" width=\"560\" height=\"315\" frameborder=\"0\" allowfullscreen=\"allowfullscreen\"><\/iframe><\/p>\n<ul>\n<li><strong>El Torta<\/strong>: Conocido por su estilo festivo y su capacidad para improvisar en las buler\u00edas.<\/li>\n<li><strong>Tomatito<\/strong>: Guitarrista que ha acompa\u00f1ado a grandes cantaores y es famoso por su toque en las buler\u00edas.<\/li>\n<\/ul>\n<h4>Fandangos<\/h4>\n<p><iframe loading=\"lazy\" title=\"YouTube video player\" src=\"https:\/\/www.youtube.com\/embed\/t2_fi4QT3nM?si=D_Db8sL-KXn_ODWv\" width=\"560\" height=\"315\" frameborder=\"0\" allowfullscreen=\"allowfullscreen\"><\/iframe><\/p>\n<ul>\n<li><strong>Manolo Caracol<\/strong>: Innovador en el fandango, conocido por su estilo apasionado y su capacidad para transmitir emociones profundas.<\/li>\n<li><strong>Ni\u00f1o Ricardo<\/strong>: Guitarrista que ha dejado una marca indeleble en el fandango con su t\u00e9cnica y creatividad.<\/li>\n<\/ul>\n<h4>Tangos<\/h4>\n<p><iframe loading=\"lazy\" title=\"YouTube video player\" src=\"https:\/\/www.youtube.com\/embed\/3nsUP6zy8To?si=PmthAKxJOxBVazWF\" width=\"560\" height=\"315\" frameborder=\"0\" allowfullscreen=\"allowfullscreen\"><\/iframe><\/p>\n<ul>\n<li><strong>La Paquera de Jerez<\/strong>: Su interpretaci\u00f3n de los tangos es vibrante y llena de energ\u00eda.<\/li>\n<li><strong>Diego el Cigala<\/strong>: Conocido por su voz rasgada y su estilo \u00fanico en los tangos.<\/li>\n<\/ul>\n<p>Estos artistas han dejado una huella importante y crucial en el flamenco, cada uno aportando su propio estilo y personalidad a los diferentes palos.<\/p>\n<h3>Camar\u00f3n de la Isla como referente.<\/h3>\n<p><strong>Camar\u00f3n de la Isla<\/strong>, cuyo nombre real era Jos\u00e9 Monje Cruz, es una de las figuras m\u00e1s ic\u00f3nicas y revolucionarias del flamenco.\u00a0Naci\u00f3 el 5 de diciembre de 1950 en San Fernando, C\u00e1diz, y falleci\u00f3 el 2 de julio de 1992 en Badalona, Barcelona.<\/p>\n<h4>Aportes al Flamenco<\/h4>\n<ul>\n<li><strong>Innovaci\u00f3n y Modernizaci\u00f3n<\/strong>: Camar\u00f3n de la Isla es conocido por haber llevado el flamenco a nuevas alturas, fusionando el cante jondo tradicional con elementos modernos.\u00a0Su colaboraci\u00f3n con el guitarrista Paco de Luc\u00eda fue especialmente influyente, resultando en \u00e1lbumes que son considerados cl\u00e1sicos del flamenco.<\/li>\n<li><strong>\u00c1lbumes Ic\u00f3nicos<\/strong>: Su disco \u201cLa Leyenda del Tiempo\u201d (1979) es uno de los m\u00e1s revolucionarios en la historia del flamenco.\u00a0Este \u00e1lbum incorpor\u00f3 instrumentos y estilos no tradicionales, como el bajo el\u00e9ctrico y la bater\u00eda, lo que marc\u00f3 un antes y un despu\u00e9s en el g\u00e9nero.<\/li>\n<\/ul>\n<p><iframe loading=\"lazy\" title=\"YouTube video player\" src=\"https:\/\/www.youtube.com\/embed\/MrUWtOtfwDw?si=pz-CQ99G45mtjPIR\" width=\"560\" height=\"315\" frameborder=\"0\" allowfullscreen=\"allowfullscreen\"><\/iframe><\/p>\n<ul>\n<li><strong>Difusi\u00f3n Internacional<\/strong>: Camar\u00f3n ayud\u00f3 a popularizar el flamenco a nivel mundial.\u00a0Su estilo \u00fanico y su voz inconfundible atrajeron a audiencias de todo el mundo, llevando el flamenco m\u00e1s all\u00e1 de las fronteras de Espa\u00f1a.<\/li>\n<li><strong>Legado Duradero<\/strong>: Su influencia sigue siendo palpable hoy en d\u00eda. Artistas contempor\u00e1neos contin\u00faan inspir\u00e1ndose en su trabajo, y su m\u00fasica sigue siendo un referente para los nuevos talentos del flamenco.<\/li>\n<\/ul>\n<h4>Estilo y T\u00e9cnica<\/h4>\n<p>Camar\u00f3n era conocido por su capacidad para transmitir emociones profundas a trav\u00e9s de su voz.\u00a0Su estilo era apasionado y aut\u00e9ntico, y su t\u00e9cnica vocal era impecable, lo que le permiti\u00f3 interpretar una amplia variedad de palos del flamenco con gran maestr\u00eda.<\/p>\n<h4>Reconocimientos<\/h4>\n<p>A lo largo de su carrera, Camar\u00f3n recibi\u00f3 numerosos premios y reconocimientos, incluyendo la Medalla de Oro al M\u00e9rito en las Bellas Artes, otorgada p\u00f3stumamente en 1999.<\/p>\n<p>Camar\u00f3n de la Isla no solo revolucion\u00f3 el flamenco, sino que tambi\u00e9n dej\u00f3 un legado que contin\u00faa inspirando a generaciones de artistas y amantes del flamenco en todo el mundo.<\/p>\n<p><strong>Ante todo, el D\u00eda Internacional del Flamenco\u00a0es importante porque conmemora el reconocimiento del flamenco como\u00a0Patrimonio Cultural Inmaterial de la Humanidad. Este d\u00eda celebra y promueve el flamenco, destacando su valor cultural, hist\u00f3rico y art\u00edstico, y su influencia global. Es una oportunidad para apreciar y preservar esta rica tradici\u00f3n andaluza.<\/strong><\/p>\n<p>M\u00e1s informaci\u00f3n:<\/p>\n<ul>\n<li><a href=\"https:\/\/www.lavanguardia.com\/cultura\/20231116\/9365083\/celebra-16-noviembre-dia-internacional-flamenco.html\" target=\"_blank\" rel=\"noopener\">La Vanguardia<\/a>.<\/li>\n<li><a href=\"https:\/\/es.wikipedia.org\/wiki\/D%C3%ADa_del_Flamenco\" target=\"_blank\" rel=\"noopener\">Wikipedia<\/a>.<\/li>\n<li><a href=\"https:\/\/cantantesfamosos.net\/cantantes-de-flamenco\/\" target=\"_blank\" rel=\"noopener\">Cantantes famosos<\/a>.<\/li>\n<li><a href=\"https:\/\/elflamencoensevilla.com\/palos-flamencos-mas-populares\/\" target=\"_blank\" rel=\"noopener\">El Flamenco en Sevilla<\/a>.<\/li>\n<li><a href=\"https:\/\/es.wikipedia.org\/wiki\/Camar%C3%B3n_de_la_Isla\" target=\"_blank\" rel=\"noopener\">Wikipedia: Camar\u00f3n de la Isla<\/a>.<\/li>\n<li><a href=\"https:\/\/www.cope.es\/actualidad\/cultura\/noticias\/camaron-isla-verdadero-revolucionario-flamenco-sabado-cumpliria-anos-20201205_1029267\" target=\"_blank\" rel=\"noopener\">Cope<\/a>.<\/li>\n<li><a href=\"https:\/\/creativecommons.org\/licenses\/by\/2.0\/\" target=\"_blank\" rel=\"noopener\">Fotograf\u00edas cr\u00e9ditos: Creative Commons License<\/a>.<\/li>\n<\/ul>\n","protected":false},"excerpt":{"rendered":"<p>El\u00a0D\u00eda Internacional del Flamenco\u00a0se celebra cada a\u00f1o el\u00a016 de noviembre. Esta fecha fue elegida para conmemorar el d\u00eda en que la UNESCO reconoci\u00f3 al flamenco como Patrimonio Cultural Inmaterial de la Humanidad en 2010. El flamenco es una expresi\u00f3n art\u00edstica profundamente arraigada en Espa\u00f1a, especialmente en Andaluc\u00eda. Este arte incluye el cante, el baile y [&hellip;]<\/p>\n","protected":false},"author":3,"featured_media":6834,"comment_status":"open","ping_status":"closed","sticky":false,"template":"","format":"standard","meta":{"site-container-style":"default","site-container-layout":"default","site-sidebar-layout":"default","disable-article-header":"default","disable-site-header":"default","disable-site-footer":"default","disable-content-area-spacing":"default","_jetpack_newsletter_access":"","_jetpack_dont_email_post_to_subs":false,"_jetpack_newsletter_tier_id":0,"_jetpack_memberships_contains_paywalled_content":false,"_jetpack_feature_clip_id":0,"_jetpack_memberships_contains_paid_content":false,"footnotes":"","jetpack_publicize_message":"","jetpack_publicize_feature_enabled":true,"jetpack_social_post_already_shared":true,"jetpack_social_options":{"image_generator_settings":{"template":"highway","default_image_id":0,"font":"","enabled":false},"version":2},"jetpack_post_was_ever_published":false},"categories":[1291,709],"tags":[3742,68,3741,1323],"class_list":["post-6813","post","type-post","status-publish","format-standard","has-post-thumbnail","hentry","category-efemerides","category-musica","tag-16-de-noviembre","tag-blog-de-rafael-ramirez","tag-dia-internacional-del-flamenco","tag-efemerides"],"yoast_head":"<!-- This site is optimized with the Yoast SEO plugin v28.4 - https:\/\/yoast.com\/product\/yoast-seo-wordpress\/ -->\n<title>D\u00eda Internacional del Flamenco: destacando la importancia y la influencia global de este arte. - Blog de Rafael Ram\u00edrez<\/title>\n<meta name=\"description\" content=\"D\u00eda Internacional del Flamenco:\u00a016 de noviembre.\u00a0Esta fecha reconoce al flamenco como\u00a0Patrimonio Cultural Inmaterial de la Humanidad.\" \/>\n<meta name=\"robots\" content=\"index, follow, max-snippet:-1, max-image-preview:large, max-video-preview:-1\" \/>\n<link rel=\"canonical\" href=\"https:\/\/rafaramirez.org\/blog\/index.php\/2024\/11\/16\/dia-internacional-del-flamenco\/\" \/>\n<meta property=\"og:locale\" content=\"es_ES\" \/>\n<meta property=\"og:type\" content=\"article\" \/>\n<meta property=\"og:title\" content=\"D\u00eda Internacional del Flamenco: destacando la importancia y la influencia global de este arte. - Blog de Rafael Ram\u00edrez\" \/>\n<meta property=\"og:description\" content=\"D\u00eda Internacional del Flamenco:\u00a016 de noviembre.\u00a0Esta fecha reconoce al flamenco como\u00a0Patrimonio Cultural Inmaterial de la Humanidad.\" \/>\n<meta property=\"og:url\" content=\"https:\/\/rafaramirez.org\/blog\/index.php\/2024\/11\/16\/dia-internacional-del-flamenco\/\" \/>\n<meta property=\"og:site_name\" content=\"Blog de Rafael Ram\u00edrez\" \/>\n<meta property=\"article:published_time\" content=\"2024-11-16T07:15:40+00:00\" \/>\n<meta property=\"article:modified_time\" content=\"2024-11-25T18:28:39+00:00\" \/>\n<meta property=\"og:image\" content=\"https:\/\/rafaramirez.org\/blog\/wp-content\/uploads\/2024\/11\/Dia_Internacional_del_Flamenco_bannerblog_2.jpg\" \/>\n\t<meta property=\"og:image:width\" content=\"720\" \/>\n\t<meta property=\"og:image:height\" content=\"440\" \/>\n\t<meta property=\"og:image:type\" content=\"image\/jpeg\" \/>\n<meta name=\"author\" content=\"Documentaci\u00f3n e investigaci\u00f3n\" \/>\n<meta name=\"twitter:card\" content=\"summary_large_image\" \/>\n<meta name=\"twitter:site\" content=\"@rafaramirez_ok\" \/>\n<meta name=\"twitter:label1\" content=\"Escrito por\" \/>\n\t<meta name=\"twitter:data1\" content=\"Documentaci\u00f3n e investigaci\u00f3n\" \/>\n\t<meta name=\"twitter:label2\" content=\"Tiempo de lectura\" \/>\n\t<meta name=\"twitter:data2\" content=\"7 minutos\" \/>\n<script type=\"application\/ld+json\" class=\"yoast-schema-graph\">{\"@context\":\"https:\\\/\\\/schema.org\",\"@graph\":[{\"@type\":\"Article\",\"@id\":\"https:\\\/\\\/rafaramirez.org\\\/blog\\\/index.php\\\/2024\\\/11\\\/16\\\/dia-internacional-del-flamenco\\\/#article\",\"isPartOf\":{\"@id\":\"https:\\\/\\\/rafaramirez.org\\\/blog\\\/index.php\\\/2024\\\/11\\\/16\\\/dia-internacional-del-flamenco\\\/\"},\"author\":{\"name\":\"Documentaci\u00f3n e investigaci\u00f3n\",\"@id\":\"https:\\\/\\\/rafaramirez.org\\\/blog\\\/#\\\/schema\\\/person\\\/8debd05b3d9a1d16fb21af726811617d\"},\"headline\":\"D\u00eda Internacional del Flamenco: destacando la importancia y la influencia global de este arte.\",\"datePublished\":\"2024-11-16T07:15:40+00:00\",\"dateModified\":\"2024-11-25T18:28:39+00:00\",\"mainEntityOfPage\":{\"@id\":\"https:\\\/\\\/rafaramirez.org\\\/blog\\\/index.php\\\/2024\\\/11\\\/16\\\/dia-internacional-del-flamenco\\\/\"},\"wordCount\":1496,\"commentCount\":0,\"publisher\":{\"@id\":\"https:\\\/\\\/rafaramirez.org\\\/blog\\\/#\\\/schema\\\/person\\\/50f43b6d60c578760d4c17bda54ab6a5\"},\"image\":{\"@id\":\"https:\\\/\\\/rafaramirez.org\\\/blog\\\/index.php\\\/2024\\\/11\\\/16\\\/dia-internacional-del-flamenco\\\/#primaryimage\"},\"thumbnailUrl\":\"https:\\\/\\\/rafaramirez.org\\\/blog\\\/wp-content\\\/uploads\\\/2024\\\/11\\\/Dia_Internacional_del_Flamenco_bannerblog_2.jpg\",\"keywords\":[\"16 de noviembre\",\"blog de Rafael Ram\u00edrez\",\"D\u00eda Internacional del Flamenco\",\"efem\u00e9rides\"],\"articleSection\":[\"Efem\u00e9rides\",\"M\u00fasica\"],\"inLanguage\":\"es\",\"potentialAction\":[{\"@type\":\"CommentAction\",\"name\":\"Comment\",\"target\":[\"https:\\\/\\\/rafaramirez.org\\\/blog\\\/index.php\\\/2024\\\/11\\\/16\\\/dia-internacional-del-flamenco\\\/#respond\"]}]},{\"@type\":\"WebPage\",\"@id\":\"https:\\\/\\\/rafaramirez.org\\\/blog\\\/index.php\\\/2024\\\/11\\\/16\\\/dia-internacional-del-flamenco\\\/\",\"url\":\"https:\\\/\\\/rafaramirez.org\\\/blog\\\/index.php\\\/2024\\\/11\\\/16\\\/dia-internacional-del-flamenco\\\/\",\"name\":\"D\u00eda Internacional del Flamenco: destacando la importancia y la influencia global de este arte. - Blog de Rafael Ram\u00edrez\",\"isPartOf\":{\"@id\":\"https:\\\/\\\/rafaramirez.org\\\/blog\\\/#website\"},\"primaryImageOfPage\":{\"@id\":\"https:\\\/\\\/rafaramirez.org\\\/blog\\\/index.php\\\/2024\\\/11\\\/16\\\/dia-internacional-del-flamenco\\\/#primaryimage\"},\"image\":{\"@id\":\"https:\\\/\\\/rafaramirez.org\\\/blog\\\/index.php\\\/2024\\\/11\\\/16\\\/dia-internacional-del-flamenco\\\/#primaryimage\"},\"thumbnailUrl\":\"https:\\\/\\\/rafaramirez.org\\\/blog\\\/wp-content\\\/uploads\\\/2024\\\/11\\\/Dia_Internacional_del_Flamenco_bannerblog_2.jpg\",\"datePublished\":\"2024-11-16T07:15:40+00:00\",\"dateModified\":\"2024-11-25T18:28:39+00:00\",\"description\":\"D\u00eda Internacional del Flamenco:\u00a016 de noviembre.\u00a0Esta fecha reconoce al flamenco como\u00a0Patrimonio Cultural Inmaterial de la Humanidad.\",\"breadcrumb\":{\"@id\":\"https:\\\/\\\/rafaramirez.org\\\/blog\\\/index.php\\\/2024\\\/11\\\/16\\\/dia-internacional-del-flamenco\\\/#breadcrumb\"},\"inLanguage\":\"es\",\"potentialAction\":[{\"@type\":\"ReadAction\",\"target\":[\"https:\\\/\\\/rafaramirez.org\\\/blog\\\/index.php\\\/2024\\\/11\\\/16\\\/dia-internacional-del-flamenco\\\/\"]}]},{\"@type\":\"ImageObject\",\"inLanguage\":\"es\",\"@id\":\"https:\\\/\\\/rafaramirez.org\\\/blog\\\/index.php\\\/2024\\\/11\\\/16\\\/dia-internacional-del-flamenco\\\/#primaryimage\",\"url\":\"https:\\\/\\\/rafaramirez.org\\\/blog\\\/wp-content\\\/uploads\\\/2024\\\/11\\\/Dia_Internacional_del_Flamenco_bannerblog_2.jpg\",\"contentUrl\":\"https:\\\/\\\/rafaramirez.org\\\/blog\\\/wp-content\\\/uploads\\\/2024\\\/11\\\/Dia_Internacional_del_Flamenco_bannerblog_2.jpg\",\"width\":720,\"height\":440,\"caption\":\"D\u00eda Internacional del Flamenco. Blog de Rafael Ram\u00edrez.\"},{\"@type\":\"BreadcrumbList\",\"@id\":\"https:\\\/\\\/rafaramirez.org\\\/blog\\\/index.php\\\/2024\\\/11\\\/16\\\/dia-internacional-del-flamenco\\\/#breadcrumb\",\"itemListElement\":[{\"@type\":\"ListItem\",\"position\":1,\"name\":\"Portada\",\"item\":\"https:\\\/\\\/rafaramirez.org\\\/blog\\\/\"},{\"@type\":\"ListItem\",\"position\":2,\"name\":\"D\u00eda Internacional del Flamenco: destacando la importancia y la influencia global de este arte.\"}]},{\"@type\":\"WebSite\",\"@id\":\"https:\\\/\\\/rafaramirez.org\\\/blog\\\/#website\",\"url\":\"https:\\\/\\\/rafaramirez.org\\\/blog\\\/\",\"name\":\"Blog de Rafael Ram\u00edrez\",\"description\":\"Un sitio social, de arte y cultura\",\"publisher\":{\"@id\":\"https:\\\/\\\/rafaramirez.org\\\/blog\\\/#\\\/schema\\\/person\\\/50f43b6d60c578760d4c17bda54ab6a5\"},\"potentialAction\":[{\"@type\":\"SearchAction\",\"target\":{\"@type\":\"EntryPoint\",\"urlTemplate\":\"https:\\\/\\\/rafaramirez.org\\\/blog\\\/?s={search_term_string}\"},\"query-input\":{\"@type\":\"PropertyValueSpecification\",\"valueRequired\":true,\"valueName\":\"search_term_string\"}}],\"inLanguage\":\"es\"},{\"@type\":[\"Person\",\"Organization\"],\"@id\":\"https:\\\/\\\/rafaramirez.org\\\/blog\\\/#\\\/schema\\\/person\\\/50f43b6d60c578760d4c17bda54ab6a5\",\"name\":\"Rafael Ram\u00edrez\",\"image\":{\"@type\":\"ImageObject\",\"inLanguage\":\"es\",\"@id\":\"https:\\\/\\\/rafaramirez.org\\\/blog\\\/wp-content\\\/uploads\\\/2024\\\/09\\\/RR_socialnetwork.jpg\",\"url\":\"https:\\\/\\\/rafaramirez.org\\\/blog\\\/wp-content\\\/uploads\\\/2024\\\/09\\\/RR_socialnetwork.jpg\",\"contentUrl\":\"https:\\\/\\\/rafaramirez.org\\\/blog\\\/wp-content\\\/uploads\\\/2024\\\/09\\\/RR_socialnetwork.jpg\",\"width\":600,\"height\":606,\"caption\":\"Rafael Ram\u00edrez\"},\"logo\":{\"@id\":\"https:\\\/\\\/rafaramirez.org\\\/blog\\\/wp-content\\\/uploads\\\/2024\\\/09\\\/RR_socialnetwork.jpg\"},\"sameAs\":[\"https:\\\/\\\/www.rafaramirez.org\\\/blog\",\"https:\\\/\\\/www.instagram.com\\\/rafaramirez_ok\\\/\",\"https:\\\/\\\/es.pinterest.com\\\/Ramirez_Rafa\\\/\",\"https:\\\/\\\/x.com\\\/rafaramirez_ok\"]},{\"@type\":\"Person\",\"@id\":\"https:\\\/\\\/rafaramirez.org\\\/blog\\\/#\\\/schema\\\/person\\\/8debd05b3d9a1d16fb21af726811617d\",\"name\":\"Documentaci\u00f3n e investigaci\u00f3n\",\"image\":{\"@type\":\"ImageObject\",\"inLanguage\":\"es\",\"@id\":\"https:\\\/\\\/secure.gravatar.com\\\/avatar\\\/fe70e496579a39c7a8fc4982b89275403b1092eb200623138a32daada9416911?s=96&d=mm&r=g\",\"url\":\"https:\\\/\\\/secure.gravatar.com\\\/avatar\\\/fe70e496579a39c7a8fc4982b89275403b1092eb200623138a32daada9416911?s=96&d=mm&r=g\",\"contentUrl\":\"https:\\\/\\\/secure.gravatar.com\\\/avatar\\\/fe70e496579a39c7a8fc4982b89275403b1092eb200623138a32daada9416911?s=96&d=mm&r=g\",\"caption\":\"Documentaci\u00f3n e investigaci\u00f3n\"},\"url\":\"https:\\\/\\\/rafaramirez.org\\\/blog\\\/index.php\\\/author\\\/admin\\\/\"}]}<\/script>\n<!-- \/ Yoast SEO plugin. -->","yoast_head_json":{"title":"D\u00eda Internacional del Flamenco: destacando la importancia y la influencia global de este arte. - Blog de Rafael Ram\u00edrez","description":"D\u00eda Internacional del Flamenco:\u00a016 de noviembre.\u00a0Esta fecha reconoce al flamenco como\u00a0Patrimonio Cultural Inmaterial de la Humanidad.","robots":{"index":"index","follow":"follow","max-snippet":"max-snippet:-1","max-image-preview":"max-image-preview:large","max-video-preview":"max-video-preview:-1"},"canonical":"https:\/\/rafaramirez.org\/blog\/index.php\/2024\/11\/16\/dia-internacional-del-flamenco\/","og_locale":"es_ES","og_type":"article","og_title":"D\u00eda Internacional del Flamenco: destacando la importancia y la influencia global de este arte. - Blog de Rafael Ram\u00edrez","og_description":"D\u00eda Internacional del Flamenco:\u00a016 de noviembre.\u00a0Esta fecha reconoce al flamenco como\u00a0Patrimonio Cultural Inmaterial de la Humanidad.","og_url":"https:\/\/rafaramirez.org\/blog\/index.php\/2024\/11\/16\/dia-internacional-del-flamenco\/","og_site_name":"Blog de Rafael Ram\u00edrez","article_published_time":"2024-11-16T07:15:40+00:00","article_modified_time":"2024-11-25T18:28:39+00:00","og_image":[{"width":720,"height":440,"url":"https:\/\/rafaramirez.org\/blog\/wp-content\/uploads\/2024\/11\/Dia_Internacional_del_Flamenco_bannerblog_2.jpg","type":"image\/jpeg"}],"author":"Documentaci\u00f3n e investigaci\u00f3n","twitter_card":"summary_large_image","twitter_site":"@rafaramirez_ok","twitter_misc":{"Escrito por":"Documentaci\u00f3n e investigaci\u00f3n","Tiempo de lectura":"7 minutos"},"schema":{"@context":"https:\/\/schema.org","@graph":[{"@type":"Article","@id":"https:\/\/rafaramirez.org\/blog\/index.php\/2024\/11\/16\/dia-internacional-del-flamenco\/#article","isPartOf":{"@id":"https:\/\/rafaramirez.org\/blog\/index.php\/2024\/11\/16\/dia-internacional-del-flamenco\/"},"author":{"name":"Documentaci\u00f3n e investigaci\u00f3n","@id":"https:\/\/rafaramirez.org\/blog\/#\/schema\/person\/8debd05b3d9a1d16fb21af726811617d"},"headline":"D\u00eda Internacional del Flamenco: destacando la importancia y la influencia global de este arte.","datePublished":"2024-11-16T07:15:40+00:00","dateModified":"2024-11-25T18:28:39+00:00","mainEntityOfPage":{"@id":"https:\/\/rafaramirez.org\/blog\/index.php\/2024\/11\/16\/dia-internacional-del-flamenco\/"},"wordCount":1496,"commentCount":0,"publisher":{"@id":"https:\/\/rafaramirez.org\/blog\/#\/schema\/person\/50f43b6d60c578760d4c17bda54ab6a5"},"image":{"@id":"https:\/\/rafaramirez.org\/blog\/index.php\/2024\/11\/16\/dia-internacional-del-flamenco\/#primaryimage"},"thumbnailUrl":"https:\/\/rafaramirez.org\/blog\/wp-content\/uploads\/2024\/11\/Dia_Internacional_del_Flamenco_bannerblog_2.jpg","keywords":["16 de noviembre","blog de Rafael Ram\u00edrez","D\u00eda Internacional del Flamenco","efem\u00e9rides"],"articleSection":["Efem\u00e9rides","M\u00fasica"],"inLanguage":"es","potentialAction":[{"@type":"CommentAction","name":"Comment","target":["https:\/\/rafaramirez.org\/blog\/index.php\/2024\/11\/16\/dia-internacional-del-flamenco\/#respond"]}]},{"@type":"WebPage","@id":"https:\/\/rafaramirez.org\/blog\/index.php\/2024\/11\/16\/dia-internacional-del-flamenco\/","url":"https:\/\/rafaramirez.org\/blog\/index.php\/2024\/11\/16\/dia-internacional-del-flamenco\/","name":"D\u00eda Internacional del Flamenco: destacando la importancia y la influencia global de este arte. - Blog de Rafael Ram\u00edrez","isPartOf":{"@id":"https:\/\/rafaramirez.org\/blog\/#website"},"primaryImageOfPage":{"@id":"https:\/\/rafaramirez.org\/blog\/index.php\/2024\/11\/16\/dia-internacional-del-flamenco\/#primaryimage"},"image":{"@id":"https:\/\/rafaramirez.org\/blog\/index.php\/2024\/11\/16\/dia-internacional-del-flamenco\/#primaryimage"},"thumbnailUrl":"https:\/\/rafaramirez.org\/blog\/wp-content\/uploads\/2024\/11\/Dia_Internacional_del_Flamenco_bannerblog_2.jpg","datePublished":"2024-11-16T07:15:40+00:00","dateModified":"2024-11-25T18:28:39+00:00","description":"D\u00eda Internacional del Flamenco:\u00a016 de noviembre.\u00a0Esta fecha reconoce al flamenco como\u00a0Patrimonio Cultural Inmaterial de la Humanidad.","breadcrumb":{"@id":"https:\/\/rafaramirez.org\/blog\/index.php\/2024\/11\/16\/dia-internacional-del-flamenco\/#breadcrumb"},"inLanguage":"es","potentialAction":[{"@type":"ReadAction","target":["https:\/\/rafaramirez.org\/blog\/index.php\/2024\/11\/16\/dia-internacional-del-flamenco\/"]}]},{"@type":"ImageObject","inLanguage":"es","@id":"https:\/\/rafaramirez.org\/blog\/index.php\/2024\/11\/16\/dia-internacional-del-flamenco\/#primaryimage","url":"https:\/\/rafaramirez.org\/blog\/wp-content\/uploads\/2024\/11\/Dia_Internacional_del_Flamenco_bannerblog_2.jpg","contentUrl":"https:\/\/rafaramirez.org\/blog\/wp-content\/uploads\/2024\/11\/Dia_Internacional_del_Flamenco_bannerblog_2.jpg","width":720,"height":440,"caption":"D\u00eda Internacional del Flamenco. Blog de Rafael Ram\u00edrez."},{"@type":"BreadcrumbList","@id":"https:\/\/rafaramirez.org\/blog\/index.php\/2024\/11\/16\/dia-internacional-del-flamenco\/#breadcrumb","itemListElement":[{"@type":"ListItem","position":1,"name":"Portada","item":"https:\/\/rafaramirez.org\/blog\/"},{"@type":"ListItem","position":2,"name":"D\u00eda Internacional del Flamenco: destacando la importancia y la influencia global de este arte."}]},{"@type":"WebSite","@id":"https:\/\/rafaramirez.org\/blog\/#website","url":"https:\/\/rafaramirez.org\/blog\/","name":"Blog de Rafael Ram\u00edrez","description":"Un sitio social, de arte y cultura","publisher":{"@id":"https:\/\/rafaramirez.org\/blog\/#\/schema\/person\/50f43b6d60c578760d4c17bda54ab6a5"},"potentialAction":[{"@type":"SearchAction","target":{"@type":"EntryPoint","urlTemplate":"https:\/\/rafaramirez.org\/blog\/?s={search_term_string}"},"query-input":{"@type":"PropertyValueSpecification","valueRequired":true,"valueName":"search_term_string"}}],"inLanguage":"es"},{"@type":["Person","Organization"],"@id":"https:\/\/rafaramirez.org\/blog\/#\/schema\/person\/50f43b6d60c578760d4c17bda54ab6a5","name":"Rafael Ram\u00edrez","image":{"@type":"ImageObject","inLanguage":"es","@id":"https:\/\/rafaramirez.org\/blog\/wp-content\/uploads\/2024\/09\/RR_socialnetwork.jpg","url":"https:\/\/rafaramirez.org\/blog\/wp-content\/uploads\/2024\/09\/RR_socialnetwork.jpg","contentUrl":"https:\/\/rafaramirez.org\/blog\/wp-content\/uploads\/2024\/09\/RR_socialnetwork.jpg","width":600,"height":606,"caption":"Rafael Ram\u00edrez"},"logo":{"@id":"https:\/\/rafaramirez.org\/blog\/wp-content\/uploads\/2024\/09\/RR_socialnetwork.jpg"},"sameAs":["https:\/\/www.rafaramirez.org\/blog","https:\/\/www.instagram.com\/rafaramirez_ok\/","https:\/\/es.pinterest.com\/Ramirez_Rafa\/","https:\/\/x.com\/rafaramirez_ok"]},{"@type":"Person","@id":"https:\/\/rafaramirez.org\/blog\/#\/schema\/person\/8debd05b3d9a1d16fb21af726811617d","name":"Documentaci\u00f3n e investigaci\u00f3n","image":{"@type":"ImageObject","inLanguage":"es","@id":"https:\/\/secure.gravatar.com\/avatar\/fe70e496579a39c7a8fc4982b89275403b1092eb200623138a32daada9416911?s=96&d=mm&r=g","url":"https:\/\/secure.gravatar.com\/avatar\/fe70e496579a39c7a8fc4982b89275403b1092eb200623138a32daada9416911?s=96&d=mm&r=g","contentUrl":"https:\/\/secure.gravatar.com\/avatar\/fe70e496579a39c7a8fc4982b89275403b1092eb200623138a32daada9416911?s=96&d=mm&r=g","caption":"Documentaci\u00f3n e investigaci\u00f3n"},"url":"https:\/\/rafaramirez.org\/blog\/index.php\/author\/admin\/"}]}},"jetpack_publicize_connections":[],"jetpack_sharing_enabled":true,"jetpack_likes_enabled":true,"jetpack_featured_media_url":"https:\/\/rafaramirez.org\/blog\/wp-content\/uploads\/2024\/11\/Dia_Internacional_del_Flamenco_bannerblog_2.jpg","_links":{"self":[{"href":"https:\/\/rafaramirez.org\/blog\/index.php\/wp-json\/wp\/v2\/posts\/6813","targetHints":{"allow":["GET"]}}],"collection":[{"href":"https:\/\/rafaramirez.org\/blog\/index.php\/wp-json\/wp\/v2\/posts"}],"about":[{"href":"https:\/\/rafaramirez.org\/blog\/index.php\/wp-json\/wp\/v2\/types\/post"}],"author":[{"embeddable":true,"href":"https:\/\/rafaramirez.org\/blog\/index.php\/wp-json\/wp\/v2\/users\/3"}],"replies":[{"embeddable":true,"href":"https:\/\/rafaramirez.org\/blog\/index.php\/wp-json\/wp\/v2\/comments?post=6813"}],"version-history":[{"count":14,"href":"https:\/\/rafaramirez.org\/blog\/index.php\/wp-json\/wp\/v2\/posts\/6813\/revisions"}],"predecessor-version":[{"id":6911,"href":"https:\/\/rafaramirez.org\/blog\/index.php\/wp-json\/wp\/v2\/posts\/6813\/revisions\/6911"}],"wp:featuredmedia":[{"embeddable":true,"href":"https:\/\/rafaramirez.org\/blog\/index.php\/wp-json\/wp\/v2\/media\/6834"}],"wp:attachment":[{"href":"https:\/\/rafaramirez.org\/blog\/index.php\/wp-json\/wp\/v2\/media?parent=6813"}],"wp:term":[{"taxonomy":"category","embeddable":true,"href":"https:\/\/rafaramirez.org\/blog\/index.php\/wp-json\/wp\/v2\/categories?post=6813"},{"taxonomy":"post_tag","embeddable":true,"href":"https:\/\/rafaramirez.org\/blog\/index.php\/wp-json\/wp\/v2\/tags?post=6813"}],"curies":[{"name":"wp","href":"https:\/\/api.w.org\/{rel}","templated":true}]}}