{"id":6801,"date":"2024-11-15T08:15:26","date_gmt":"2024-11-15T07:15:26","guid":{"rendered":"https:\/\/rafaramirez.org\/blog\/?p=6801"},"modified":"2024-11-15T08:29:17","modified_gmt":"2024-11-15T07:29:17","slug":"garota-de-ipanema-vinicius-de-moraes-tom-jobim","status":"publish","type":"post","link":"https:\/\/rafaramirez.org\/blog\/index.php\/2024\/11\/15\/garota-de-ipanema-vinicius-de-moraes-tom-jobim\/","title":{"rendered":"\u00abGarota de Ipanema\u00bb por Vinicius de Moraes y Tom Jobim. \u00abChica de Ipanema\u00bb en directo\/vivo."},"content":{"rendered":"<p>La interpretaci\u00f3n en directo de <strong>\u201cGarota de Ipanema\u201d por Vinicius de Moraes y Tom Jobim <\/strong>es, decididamente, una de las m\u00e1s ic\u00f3nicas de la m\u00fasica brasile\u00f1a. Esta canci\u00f3n, que es un emblema de la <strong>bossa nova<\/strong>, fue presentada en varias ocasiones por estos dos grandes m\u00fasicos.<\/p>\n<p>Una de las interpretaciones m\u00e1s memorables, la que te traigo hoy, tuvo lugar en 1978 durante el programa <strong>\u201cMusicalmente dallo studio\u201d<\/strong> en Italia. En esta actuaci\u00f3n, la qu\u00edmica entre Vinicius y Tom es palpable, y su interpretaci\u00f3n captura la esencia relajada y mel\u00f3dica de la bossa nova. La canci\u00f3n, con su ritmo suave y letra po\u00e9tica, describe la belleza de una joven que pasea por las playas de Ipanema, en R\u00edo de Janeiro.<\/p>\n<p><iframe loading=\"lazy\" frameborder=\"0\" title=\"YouTube video player\" src=\"https:\/\/www.youtube.com\/embed\/sA_cMoTP-uA?si=C-P9MC4xPVNzGekZ\" width=\"560\" height=\"315\" allowfullscreen><\/iframe><\/p>\n<p>Otra actuaci\u00f3n destacada es la grabaci\u00f3n en vivo en el restaurante <strong>Au Bon Gourmet<\/strong> en <strong>Copacabana<\/strong>, en agosto de 1962. Asimismo en esta presentaci\u00f3n, adem\u00e1s de Vinicius y Tom, participaron <strong>Jo\u00e3o Gilberto<\/strong> y el grupo <strong>Os Cariocas<\/strong>. Esta fue una de las primeras veces que la canci\u00f3n se interpret\u00f3 en p\u00fablico.<\/p>\n<p data-sourcepos=\"1:1-1:134\"><strong>Historia: <\/strong><\/p>\n<p class=\"first-token\" data-sourcepos=\"1:1-1:134\">La <strong>Bossa Nova<\/strong>, que significa \u00abnuevo estilo\u00bb en portugu\u00e9s, es principalmente un g\u00e9nero musical que surgi\u00f3 en <strong>Brasil a finales de la d\u00e9cada de 1950<\/strong>. Se caracteriza por su <strong>ritmo suave y sincopado<\/strong>, sus melod\u00edas pegadizas y sus letras po\u00e9ticas. La Bossa Nova se basa en la <strong>samba tradicional brasile\u00f1a<\/strong>, pero tambi\u00e9n est\u00e1 influenciada por el <strong>jazz estadounidense<\/strong>, especialmente por el <strong>cool jazz<\/strong>.<\/p>\n<figure id=\"attachment_6805\" aria-describedby=\"caption-attachment-6805\" style=\"width: 300px\" class=\"wp-caption aligncenter\"><a href=\"https:\/\/rafaramirez.org\/blog\/wp-content\/uploads\/2024\/11\/Garota_de_Ipanema_snapshot_2.jpg\" target=\"_blank\" rel=\"noopener\"><img loading=\"lazy\" decoding=\"async\" class=\"wp-image-6805 size-medium\" src=\"https:\/\/rafaramirez.org\/blog\/wp-content\/uploads\/2024\/11\/Garota_de_Ipanema_snapshot_2-300x200.jpg\" alt=\"Vinicius de Moraes. Blog de Rafael Ram\u00edrez.\" width=\"300\" height=\"200\" srcset=\"https:\/\/rafaramirez.org\/blog\/wp-content\/uploads\/2024\/11\/Garota_de_Ipanema_snapshot_2-300x200.jpg 300w, https:\/\/rafaramirez.org\/blog\/wp-content\/uploads\/2024\/11\/Garota_de_Ipanema_snapshot_2.jpg 720w\" sizes=\"auto, (max-width: 300px) 100vw, 300px\" \/><\/a><figcaption id=\"caption-attachment-6805\" class=\"wp-caption-text\">Vinicius de Moraes. Blog de Rafael Ram\u00edrez.<\/figcaption><\/figure>\n<p data-sourcepos=\"3:1-3:13\"><strong>Or\u00edgenes:<\/strong><\/p>\n<ul data-sourcepos=\"5:1-5:15\">\n<li data-sourcepos=\"5:1-5:15\">La Bossa Nova naci\u00f3 en las reuniones informales de m\u00fasicos, poetas e intelectuales de Copacabana e <strong>Ipanema<\/strong>, barrios de <strong>R\u00edo de Janeiro<\/strong>.<\/li>\n<li data-sourcepos=\"6:1-6:1\">Algunos de los primeros exponentes de la Bossa Nova fueron principalmente:\n<ul data-sourcepos=\"7:5-9:117\">\n<li data-sourcepos=\"7:5-7:226\"><strong>Tom Jobim:<\/strong> Compositor, pianista y guitarrista, considerado uno de los padres fundadores de la Bossa Nova. Entre sus composiciones m\u00e1s famosas se encuentran, sin duda,  <strong>\u00abDesafinado\u00bb<\/strong> y \u00e9sta \u00abGarota de Ipanema\u00bb.<\/li>\n<li data-sourcepos=\"8:5-8:125\"><strong>Vinicius de Moraes:<\/strong> Poeta y letrista, <strong>colabor\u00f3 con Jobim<\/strong> en muchas de las canciones m\u00e1s conocidas de la Bossa Nova.<\/li>\n<li data-sourcepos=\"9:5-9:117\"><strong>Jo\u00e3o Gilberto:<\/strong> Cantante y guitarrista, conocido por su voz suave y su estilo de <strong>interpretaci\u00f3n minimalista<\/strong>.<\/li>\n<\/ul>\n<\/li>\n<li data-sourcepos=\"10:1-10:26\">El lanzamiento del \u00e1lbum <strong>\u00abCan\u00e7\u00e3o do Amor Demais\u00bb<\/strong> de <strong>Luiz Bonf\u00e1<\/strong> en 1958 se considera un hito en la historia de la Bossa Nova.<\/li>\n<li data-sourcepos=\"11:1-12:0\">En 1962, la Bossa Nova alcanz\u00f3 fama internacional gracias al \u00e9xito del \u00e1lbum <strong>\u00abGetz\/Gilberto\u00bb<\/strong> de <strong>Stan Getz<\/strong> y Jo\u00e3o Gilberto.<\/li>\n<\/ul>\n<p data-sourcepos=\"13:1-13:23\"><strong>As\u00ed pues, estos han sido sus m\u00e1ximos exponentes:<\/strong><\/p>\n<ul data-sourcepos=\"15:1-24:0\">\n<li data-sourcepos=\"15:1-15:15\"><strong>Tom Jobim<\/strong><\/li>\n<li data-sourcepos=\"16:1-16:24\"><strong>Vinicius de Moraes<\/strong><\/li>\n<li data-sourcepos=\"17:1-17:19\"><strong>Jo\u00e3o Gilberto<\/strong><\/li>\n<li data-sourcepos=\"18:1-18:16\"><strong>Luiz Bonf\u00e1<\/strong><\/li>\n<li data-sourcepos=\"19:1-19:26\"><strong>Ant\u00f4nio Carlos Jobim<\/strong><\/li>\n<li data-sourcepos=\"20:1-20:17\"><strong>Carlos Lyra<\/strong><\/li>\n<li data-sourcepos=\"21:1-21:18\"><strong>Baden Powell<\/strong><\/li>\n<li data-sourcepos=\"22:1-22:15\"><strong>Nora Nara<\/strong><\/li>\n<li data-sourcepos=\"23:1-24:0\"><strong>Astrud Gilberto<\/strong><\/li>\n<\/ul>\n<figure id=\"attachment_6807\" aria-describedby=\"caption-attachment-6807\" style=\"width: 300px\" class=\"wp-caption aligncenter\"><a href=\"https:\/\/rafaramirez.org\/blog\/wp-content\/uploads\/2024\/11\/Garota_de_Ipanema_snapshot_3.jpg\" target=\"_blank\" rel=\"noopener\"><img loading=\"lazy\" decoding=\"async\" class=\"wp-image-6807 size-medium\" src=\"https:\/\/rafaramirez.org\/blog\/wp-content\/uploads\/2024\/11\/Garota_de_Ipanema_snapshot_3-300x200.jpg\" alt=\"Vinicius de Moraes y Tom Jobim. Blog de Rafael Ram\u00edrez.\" width=\"300\" height=\"200\" srcset=\"https:\/\/rafaramirez.org\/blog\/wp-content\/uploads\/2024\/11\/Garota_de_Ipanema_snapshot_3-300x200.jpg 300w, https:\/\/rafaramirez.org\/blog\/wp-content\/uploads\/2024\/11\/Garota_de_Ipanema_snapshot_3.jpg 720w\" sizes=\"auto, (max-width: 300px) 100vw, 300px\" \/><\/a><figcaption id=\"caption-attachment-6807\" class=\"wp-caption-text\">Vinicius de Moraes y Tom Jobim. Blog de Rafael Ram\u00edrez.<\/figcaption><\/figure>\n<p data-sourcepos=\"25:1-25:11\"><strong>Legado:<\/strong><\/p>\n<ul data-sourcepos=\"27:1-30:0\">\n<li data-sourcepos=\"27:1-27:84\">As\u00ed, la Bossa Nova ha tenido una gran influencia en la m\u00fasica popular de todo el mundo.<\/li>\n<li data-sourcepos=\"28:1-28:87\">Ciertamente, ha inspirado a artistas de diversos g\u00e9neros, como el jazz, el pop y la m\u00fasica latina.<\/li>\n<li data-sourcepos=\"29:1-30:0\">La Bossa Nova sigue siendo un g\u00e9nero popular en la actualidad, y evidentemente se contin\u00faa interpretando y disfrutando en todo el mundo.<\/li>\n<\/ul>\n<p><strong>Sin duda que la interpretaci\u00f3n de \u2018Garota de Ipanema\u2019 por Vinicius de Moraes y Tom Jobim es un cl\u00e1sico atemporal de la bossa nova, lleno de elegancia y encanto.<\/strong><\/p>\n<p data-sourcepos=\"31:1-31:98\">M\u00e1s informaci\u00f3n:<\/p>\n<ul data-sourcepos=\"33:1-36:0\">\n<li><a href=\"https:\/\/www.youtube.com\/@TheTelevideo\/videos\" target=\"_blank\" rel=\"noopener\">Videos musicales de Bossa Nova y otros g\u00e9neros en el canal TheTeleVideo<\/a>.<\/li>\n<li data-sourcepos=\"33:1-33:133\"><a href=\"https:\/\/es.wikipedia.org\/wiki\/Bossa_nova\" target=\"_blank\" rel=\"noopener\">Art\u00edculo de Wikipedia sobre la Bossa Nova.<\/a><\/li>\n<li data-sourcepos=\"34:1-34:66\"><a href=\"https:\/\/www.youtube.com\/watch?v=SHMmtOhq3Ss\" target=\"_blank\" rel=\"noopener\">Documental de YouTube \u00abHistoria de la Bossa Nova\u00bb (portugu\u00e9s)<\/a>.<\/li>\n<li data-sourcepos=\"35:1-36:0\"><a href=\"https:\/\/rafaramirez.org\/blog\/index.php\/category\/arte\/musica\/\" target=\"_blank\" rel=\"noopener\">M\u00e1s m\u00fasica en el blog<\/a>.<\/li>\n<\/ul>\n","protected":false},"excerpt":{"rendered":"<p>La interpretaci\u00f3n en directo de \u201cGarota de Ipanema\u201d por Vinicius de Moraes y Tom Jobim es, decididamente, una de las m\u00e1s ic\u00f3nicas de la m\u00fasica brasile\u00f1a. Esta canci\u00f3n, que es un emblema de la bossa nova, fue presentada en varias ocasiones por estos dos grandes m\u00fasicos. Una de las interpretaciones m\u00e1s memorables, la que te [&hellip;]<\/p>\n","protected":false},"author":1,"featured_media":6806,"comment_status":"open","ping_status":"closed","sticky":false,"template":"","format":"standard","meta":{"site-container-style":"default","site-container-layout":"default","site-sidebar-layout":"default","disable-article-header":"default","disable-site-header":"default","disable-site-footer":"default","disable-content-area-spacing":"default","_jetpack_newsletter_access":"","_jetpack_dont_email_post_to_subs":false,"_jetpack_newsletter_tier_id":0,"_jetpack_memberships_contains_paywalled_content":false,"_jetpack_feature_clip_id":0,"_jetpack_memberships_contains_paid_content":false,"footnotes":"","jetpack_publicize_message":"","jetpack_publicize_feature_enabled":true,"jetpack_social_post_already_shared":true,"jetpack_social_options":{"image_generator_settings":{"template":"highway","default_image_id":0,"font":"","enabled":false},"version":2},"jetpack_post_was_ever_published":false},"categories":[709],"tags":[1230,2209,3738,2196,68,750,2185,2201,3740,2194,2214,1541,2203,724,2193,2195,2210,2200,1106,2202,2212,2190,2191,3739,2192,2204,2215,2197,572,506,2199],"class_list":["post-6801","post","type-post","status-publish","format-standard","has-post-thumbnail","hentry","category-musica","tag-1230","tag-astrud-gilberto","tag-au-bon-gourmet","tag-barrios-de-rio-de-janeiro","tag-blog-de-rafael-ramirez","tag-bossa-nova","tag-bossa-nova-al-vivo","tag-cancao-do-amor-demais","tag-cool-jazz","tag-copacabana","tag-garota-de-ipanema","tag-genios-de-la-musica","tag-getz-gilberto","tag-historia-de-la-musica","tag-intelectuales","tag-ipanema","tag-jazz","tag-joao-gilberto","tag-la-musica","tag-luiz-bonfa","tag-musica-latina","tag-musicalmente-dallo-studio-3","tag-musicos","tag-os-cariocas","tag-poetas","tag-stan-getz","tag-the-girl-from-ipanema","tag-tom-jobim","tag-video-musical","tag-videoclip-musical","tag-vinicius-de-moraes"],"yoast_head":"<!-- This site is optimized with the Yoast SEO plugin v28.3 - https:\/\/yoast.com\/product\/yoast-seo-wordpress\/ -->\n<title>&quot;Garota de Ipanema&quot; por Vinicius de Moraes y Tom Jobim. &quot;Chica de Ipanema&quot; en directo\/vivo. - Blog de Rafael Ram\u00edrez<\/title>\n<meta name=\"description\" content=\"La interpretaci\u00f3n en directo de \u201cGarota de Ipanema\u201d por Vinicius de Moraes y Tom Jobim es una de las m\u00e1s ic\u00f3nicas de la m\u00fasica brasile\u00f1a.\" \/>\n<meta name=\"robots\" content=\"index, follow, max-snippet:-1, max-image-preview:large, max-video-preview:-1\" \/>\n<link rel=\"canonical\" href=\"https:\/\/rafaramirez.org\/blog\/index.php\/2024\/11\/15\/garota-de-ipanema-vinicius-de-moraes-tom-jobim\/\" \/>\n<meta property=\"og:locale\" content=\"es_ES\" \/>\n<meta property=\"og:type\" content=\"article\" \/>\n<meta property=\"og:title\" content=\"&quot;Garota de Ipanema&quot; por Vinicius de Moraes y Tom Jobim. &quot;Chica de Ipanema&quot; en directo\/vivo. - Blog de Rafael Ram\u00edrez\" \/>\n<meta property=\"og:description\" content=\"La interpretaci\u00f3n en directo de \u201cGarota de Ipanema\u201d por Vinicius de Moraes y Tom Jobim es una de las m\u00e1s ic\u00f3nicas de la m\u00fasica brasile\u00f1a.\" \/>\n<meta property=\"og:url\" content=\"https:\/\/rafaramirez.org\/blog\/index.php\/2024\/11\/15\/garota-de-ipanema-vinicius-de-moraes-tom-jobim\/\" \/>\n<meta property=\"og:site_name\" content=\"Blog de Rafael Ram\u00edrez\" \/>\n<meta property=\"article:published_time\" content=\"2024-11-15T07:15:26+00:00\" \/>\n<meta property=\"article:modified_time\" content=\"2024-11-15T07:29:17+00:00\" \/>\n<meta property=\"og:image\" content=\"https:\/\/rafaramirez.org\/blog\/wp-content\/uploads\/2024\/11\/Garota_de_Ipanema_Vinicius-Tom_bannerblog.jpg\" \/>\n\t<meta property=\"og:image:width\" content=\"720\" \/>\n\t<meta property=\"og:image:height\" content=\"440\" \/>\n\t<meta property=\"og:image:type\" content=\"image\/jpeg\" \/>\n<meta name=\"author\" content=\"Rafael Ram\u00edrez\" \/>\n<meta name=\"twitter:card\" content=\"summary_large_image\" \/>\n<meta name=\"twitter:creator\" content=\"@rafaramirez_ok\" \/>\n<meta name=\"twitter:site\" content=\"@rafaramirez_ok\" \/>\n<meta name=\"twitter:label1\" content=\"Escrito por\" \/>\n\t<meta name=\"twitter:data1\" content=\"Rafael Ram\u00edrez\" \/>\n\t<meta name=\"twitter:label2\" content=\"Tiempo de lectura\" \/>\n\t<meta name=\"twitter:data2\" content=\"4 minutos\" \/>\n<script type=\"application\/ld+json\" class=\"yoast-schema-graph\">{\"@context\":\"https:\\\/\\\/schema.org\",\"@graph\":[{\"@type\":\"Article\",\"@id\":\"https:\\\/\\\/rafaramirez.org\\\/blog\\\/index.php\\\/2024\\\/11\\\/15\\\/garota-de-ipanema-vinicius-de-moraes-tom-jobim\\\/#article\",\"isPartOf\":{\"@id\":\"https:\\\/\\\/rafaramirez.org\\\/blog\\\/index.php\\\/2024\\\/11\\\/15\\\/garota-de-ipanema-vinicius-de-moraes-tom-jobim\\\/\"},\"author\":{\"name\":\"Rafael Ram\u00edrez\",\"@id\":\"https:\\\/\\\/rafaramirez.org\\\/blog\\\/#\\\/schema\\\/person\\\/50f43b6d60c578760d4c17bda54ab6a5\"},\"headline\":\"\u00abGarota de Ipanema\u00bb por Vinicius de Moraes y Tom Jobim. \u00abChica de Ipanema\u00bb en directo\\\/vivo.\",\"datePublished\":\"2024-11-15T07:15:26+00:00\",\"dateModified\":\"2024-11-15T07:29:17+00:00\",\"mainEntityOfPage\":{\"@id\":\"https:\\\/\\\/rafaramirez.org\\\/blog\\\/index.php\\\/2024\\\/11\\\/15\\\/garota-de-ipanema-vinicius-de-moraes-tom-jobim\\\/\"},\"wordCount\":628,\"commentCount\":0,\"publisher\":{\"@id\":\"https:\\\/\\\/rafaramirez.org\\\/blog\\\/#\\\/schema\\\/person\\\/50f43b6d60c578760d4c17bda54ab6a5\"},\"image\":{\"@id\":\"https:\\\/\\\/rafaramirez.org\\\/blog\\\/index.php\\\/2024\\\/11\\\/15\\\/garota-de-ipanema-vinicius-de-moraes-tom-jobim\\\/#primaryimage\"},\"thumbnailUrl\":\"https:\\\/\\\/rafaramirez.org\\\/blog\\\/wp-content\\\/uploads\\\/2024\\\/11\\\/Garota_de_Ipanema_Vinicius-Tom_bannerblog.jpg\",\"keywords\":[\"1978\",\"Astrud Gilberto\",\"Au Bon Gourmet\",\"barrios de R\u00edo de Janeiro\",\"blog de Rafael Ram\u00edrez\",\"bossa nova\",\"Bossa nova al vivo\",\"Can\u00e7\u00e3o do Amor Demais\",\"cool jazz\",\"Copacabana\",\"Garota de Ipanema\",\"genios de la m\u00fasica\",\"Getz\\\/Gilberto\",\"historia de la m\u00fasica\",\"intelectuales\",\"Ipanema\",\"jazz\",\"Jo\u00e3o Gilberto\",\"la m\u00fasica\",\"Luiz Bonf\u00e1\",\"m\u00fasica latina\",\"Musicalmente dallo Studio 3\",\"m\u00fasicos\",\"Os Cariocas\",\"poetas\",\"Stan Getz\",\"The Girl from Ipanema\",\"Tom Jobim\",\"video musical\",\"videoclip musical\",\"Vinicius de Moraes\"],\"articleSection\":[\"M\u00fasica\"],\"inLanguage\":\"es\",\"potentialAction\":[{\"@type\":\"CommentAction\",\"name\":\"Comment\",\"target\":[\"https:\\\/\\\/rafaramirez.org\\\/blog\\\/index.php\\\/2024\\\/11\\\/15\\\/garota-de-ipanema-vinicius-de-moraes-tom-jobim\\\/#respond\"]}]},{\"@type\":\"WebPage\",\"@id\":\"https:\\\/\\\/rafaramirez.org\\\/blog\\\/index.php\\\/2024\\\/11\\\/15\\\/garota-de-ipanema-vinicius-de-moraes-tom-jobim\\\/\",\"url\":\"https:\\\/\\\/rafaramirez.org\\\/blog\\\/index.php\\\/2024\\\/11\\\/15\\\/garota-de-ipanema-vinicius-de-moraes-tom-jobim\\\/\",\"name\":\"\\\"Garota de Ipanema\\\" por Vinicius de Moraes y Tom Jobim. \\\"Chica de Ipanema\\\" en directo\\\/vivo. - Blog de Rafael Ram\u00edrez\",\"isPartOf\":{\"@id\":\"https:\\\/\\\/rafaramirez.org\\\/blog\\\/#website\"},\"primaryImageOfPage\":{\"@id\":\"https:\\\/\\\/rafaramirez.org\\\/blog\\\/index.php\\\/2024\\\/11\\\/15\\\/garota-de-ipanema-vinicius-de-moraes-tom-jobim\\\/#primaryimage\"},\"image\":{\"@id\":\"https:\\\/\\\/rafaramirez.org\\\/blog\\\/index.php\\\/2024\\\/11\\\/15\\\/garota-de-ipanema-vinicius-de-moraes-tom-jobim\\\/#primaryimage\"},\"thumbnailUrl\":\"https:\\\/\\\/rafaramirez.org\\\/blog\\\/wp-content\\\/uploads\\\/2024\\\/11\\\/Garota_de_Ipanema_Vinicius-Tom_bannerblog.jpg\",\"datePublished\":\"2024-11-15T07:15:26+00:00\",\"dateModified\":\"2024-11-15T07:29:17+00:00\",\"description\":\"La interpretaci\u00f3n en directo de \u201cGarota de Ipanema\u201d por Vinicius de Moraes y Tom Jobim es una de las m\u00e1s ic\u00f3nicas de la m\u00fasica brasile\u00f1a.\",\"breadcrumb\":{\"@id\":\"https:\\\/\\\/rafaramirez.org\\\/blog\\\/index.php\\\/2024\\\/11\\\/15\\\/garota-de-ipanema-vinicius-de-moraes-tom-jobim\\\/#breadcrumb\"},\"inLanguage\":\"es\",\"potentialAction\":[{\"@type\":\"ReadAction\",\"target\":[\"https:\\\/\\\/rafaramirez.org\\\/blog\\\/index.php\\\/2024\\\/11\\\/15\\\/garota-de-ipanema-vinicius-de-moraes-tom-jobim\\\/\"]}]},{\"@type\":\"ImageObject\",\"inLanguage\":\"es\",\"@id\":\"https:\\\/\\\/rafaramirez.org\\\/blog\\\/index.php\\\/2024\\\/11\\\/15\\\/garota-de-ipanema-vinicius-de-moraes-tom-jobim\\\/#primaryimage\",\"url\":\"https:\\\/\\\/rafaramirez.org\\\/blog\\\/wp-content\\\/uploads\\\/2024\\\/11\\\/Garota_de_Ipanema_Vinicius-Tom_bannerblog.jpg\",\"contentUrl\":\"https:\\\/\\\/rafaramirez.org\\\/blog\\\/wp-content\\\/uploads\\\/2024\\\/11\\\/Garota_de_Ipanema_Vinicius-Tom_bannerblog.jpg\",\"width\":720,\"height\":440,\"caption\":\"\\\"Garota de Ipanema\\\" Vinicius de Moraes y Tom Jobim. Blog de Rafael Ram\u00edrez.\"},{\"@type\":\"BreadcrumbList\",\"@id\":\"https:\\\/\\\/rafaramirez.org\\\/blog\\\/index.php\\\/2024\\\/11\\\/15\\\/garota-de-ipanema-vinicius-de-moraes-tom-jobim\\\/#breadcrumb\",\"itemListElement\":[{\"@type\":\"ListItem\",\"position\":1,\"name\":\"Portada\",\"item\":\"https:\\\/\\\/rafaramirez.org\\\/blog\\\/\"},{\"@type\":\"ListItem\",\"position\":2,\"name\":\"\u00abGarota de Ipanema\u00bb por Vinicius de Moraes y Tom Jobim. \u00abChica de Ipanema\u00bb en directo\\\/vivo.\"}]},{\"@type\":\"WebSite\",\"@id\":\"https:\\\/\\\/rafaramirez.org\\\/blog\\\/#website\",\"url\":\"https:\\\/\\\/rafaramirez.org\\\/blog\\\/\",\"name\":\"Blog de Rafael Ram\u00edrez\",\"description\":\"Un sitio social, de arte y cultura\",\"publisher\":{\"@id\":\"https:\\\/\\\/rafaramirez.org\\\/blog\\\/#\\\/schema\\\/person\\\/50f43b6d60c578760d4c17bda54ab6a5\"},\"potentialAction\":[{\"@type\":\"SearchAction\",\"target\":{\"@type\":\"EntryPoint\",\"urlTemplate\":\"https:\\\/\\\/rafaramirez.org\\\/blog\\\/?s={search_term_string}\"},\"query-input\":{\"@type\":\"PropertyValueSpecification\",\"valueRequired\":true,\"valueName\":\"search_term_string\"}}],\"inLanguage\":\"es\"},{\"@type\":[\"Person\",\"Organization\"],\"@id\":\"https:\\\/\\\/rafaramirez.org\\\/blog\\\/#\\\/schema\\\/person\\\/50f43b6d60c578760d4c17bda54ab6a5\",\"name\":\"Rafael Ram\u00edrez\",\"image\":{\"@type\":\"ImageObject\",\"inLanguage\":\"es\",\"@id\":\"https:\\\/\\\/rafaramirez.org\\\/blog\\\/wp-content\\\/uploads\\\/2024\\\/09\\\/RR_socialnetwork.jpg\",\"url\":\"https:\\\/\\\/rafaramirez.org\\\/blog\\\/wp-content\\\/uploads\\\/2024\\\/09\\\/RR_socialnetwork.jpg\",\"contentUrl\":\"https:\\\/\\\/rafaramirez.org\\\/blog\\\/wp-content\\\/uploads\\\/2024\\\/09\\\/RR_socialnetwork.jpg\",\"width\":600,\"height\":606,\"caption\":\"Rafael Ram\u00edrez\"},\"logo\":{\"@id\":\"https:\\\/\\\/rafaramirez.org\\\/blog\\\/wp-content\\\/uploads\\\/2024\\\/09\\\/RR_socialnetwork.jpg\"},\"sameAs\":[\"https:\\\/\\\/www.rafaramirez.org\\\/blog\",\"https:\\\/\\\/www.instagram.com\\\/rafaramirez_ok\\\/\",\"https:\\\/\\\/es.pinterest.com\\\/Ramirez_Rafa\\\/\",\"https:\\\/\\\/x.com\\\/rafaramirez_ok\"],\"url\":\"https:\\\/\\\/rafaramirez.org\\\/blog\\\/index.php\\\/author\\\/rafaell_qm6j97da\\\/\"}]}<\/script>\n<!-- \/ Yoast SEO plugin. -->","yoast_head_json":{"title":"\"Garota de Ipanema\" por Vinicius de Moraes y Tom Jobim. \"Chica de Ipanema\" en directo\/vivo. - Blog de Rafael Ram\u00edrez","description":"La interpretaci\u00f3n en directo de \u201cGarota de Ipanema\u201d por Vinicius de Moraes y Tom Jobim es una de las m\u00e1s ic\u00f3nicas de la m\u00fasica brasile\u00f1a.","robots":{"index":"index","follow":"follow","max-snippet":"max-snippet:-1","max-image-preview":"max-image-preview:large","max-video-preview":"max-video-preview:-1"},"canonical":"https:\/\/rafaramirez.org\/blog\/index.php\/2024\/11\/15\/garota-de-ipanema-vinicius-de-moraes-tom-jobim\/","og_locale":"es_ES","og_type":"article","og_title":"\"Garota de Ipanema\" por Vinicius de Moraes y Tom Jobim. \"Chica de Ipanema\" en directo\/vivo. - Blog de Rafael Ram\u00edrez","og_description":"La interpretaci\u00f3n en directo de \u201cGarota de Ipanema\u201d por Vinicius de Moraes y Tom Jobim es una de las m\u00e1s ic\u00f3nicas de la m\u00fasica brasile\u00f1a.","og_url":"https:\/\/rafaramirez.org\/blog\/index.php\/2024\/11\/15\/garota-de-ipanema-vinicius-de-moraes-tom-jobim\/","og_site_name":"Blog de Rafael Ram\u00edrez","article_published_time":"2024-11-15T07:15:26+00:00","article_modified_time":"2024-11-15T07:29:17+00:00","og_image":[{"width":720,"height":440,"url":"https:\/\/rafaramirez.org\/blog\/wp-content\/uploads\/2024\/11\/Garota_de_Ipanema_Vinicius-Tom_bannerblog.jpg","type":"image\/jpeg"}],"author":"Rafael Ram\u00edrez","twitter_card":"summary_large_image","twitter_creator":"@rafaramirez_ok","twitter_site":"@rafaramirez_ok","twitter_misc":{"Escrito por":"Rafael Ram\u00edrez","Tiempo de lectura":"4 minutos"},"schema":{"@context":"https:\/\/schema.org","@graph":[{"@type":"Article","@id":"https:\/\/rafaramirez.org\/blog\/index.php\/2024\/11\/15\/garota-de-ipanema-vinicius-de-moraes-tom-jobim\/#article","isPartOf":{"@id":"https:\/\/rafaramirez.org\/blog\/index.php\/2024\/11\/15\/garota-de-ipanema-vinicius-de-moraes-tom-jobim\/"},"author":{"name":"Rafael Ram\u00edrez","@id":"https:\/\/rafaramirez.org\/blog\/#\/schema\/person\/50f43b6d60c578760d4c17bda54ab6a5"},"headline":"\u00abGarota de Ipanema\u00bb por Vinicius de Moraes y Tom Jobim. \u00abChica de Ipanema\u00bb en directo\/vivo.","datePublished":"2024-11-15T07:15:26+00:00","dateModified":"2024-11-15T07:29:17+00:00","mainEntityOfPage":{"@id":"https:\/\/rafaramirez.org\/blog\/index.php\/2024\/11\/15\/garota-de-ipanema-vinicius-de-moraes-tom-jobim\/"},"wordCount":628,"commentCount":0,"publisher":{"@id":"https:\/\/rafaramirez.org\/blog\/#\/schema\/person\/50f43b6d60c578760d4c17bda54ab6a5"},"image":{"@id":"https:\/\/rafaramirez.org\/blog\/index.php\/2024\/11\/15\/garota-de-ipanema-vinicius-de-moraes-tom-jobim\/#primaryimage"},"thumbnailUrl":"https:\/\/rafaramirez.org\/blog\/wp-content\/uploads\/2024\/11\/Garota_de_Ipanema_Vinicius-Tom_bannerblog.jpg","keywords":["1978","Astrud Gilberto","Au Bon Gourmet","barrios de R\u00edo de Janeiro","blog de Rafael Ram\u00edrez","bossa nova","Bossa nova al vivo","Can\u00e7\u00e3o do Amor Demais","cool jazz","Copacabana","Garota de Ipanema","genios de la m\u00fasica","Getz\/Gilberto","historia de la m\u00fasica","intelectuales","Ipanema","jazz","Jo\u00e3o Gilberto","la m\u00fasica","Luiz Bonf\u00e1","m\u00fasica latina","Musicalmente dallo Studio 3","m\u00fasicos","Os Cariocas","poetas","Stan Getz","The Girl from Ipanema","Tom Jobim","video musical","videoclip musical","Vinicius de Moraes"],"articleSection":["M\u00fasica"],"inLanguage":"es","potentialAction":[{"@type":"CommentAction","name":"Comment","target":["https:\/\/rafaramirez.org\/blog\/index.php\/2024\/11\/15\/garota-de-ipanema-vinicius-de-moraes-tom-jobim\/#respond"]}]},{"@type":"WebPage","@id":"https:\/\/rafaramirez.org\/blog\/index.php\/2024\/11\/15\/garota-de-ipanema-vinicius-de-moraes-tom-jobim\/","url":"https:\/\/rafaramirez.org\/blog\/index.php\/2024\/11\/15\/garota-de-ipanema-vinicius-de-moraes-tom-jobim\/","name":"\"Garota de Ipanema\" por Vinicius de Moraes y Tom Jobim. \"Chica de Ipanema\" en directo\/vivo. - Blog de Rafael Ram\u00edrez","isPartOf":{"@id":"https:\/\/rafaramirez.org\/blog\/#website"},"primaryImageOfPage":{"@id":"https:\/\/rafaramirez.org\/blog\/index.php\/2024\/11\/15\/garota-de-ipanema-vinicius-de-moraes-tom-jobim\/#primaryimage"},"image":{"@id":"https:\/\/rafaramirez.org\/blog\/index.php\/2024\/11\/15\/garota-de-ipanema-vinicius-de-moraes-tom-jobim\/#primaryimage"},"thumbnailUrl":"https:\/\/rafaramirez.org\/blog\/wp-content\/uploads\/2024\/11\/Garota_de_Ipanema_Vinicius-Tom_bannerblog.jpg","datePublished":"2024-11-15T07:15:26+00:00","dateModified":"2024-11-15T07:29:17+00:00","description":"La interpretaci\u00f3n en directo de \u201cGarota de Ipanema\u201d por Vinicius de Moraes y Tom Jobim es una de las m\u00e1s ic\u00f3nicas de la m\u00fasica brasile\u00f1a.","breadcrumb":{"@id":"https:\/\/rafaramirez.org\/blog\/index.php\/2024\/11\/15\/garota-de-ipanema-vinicius-de-moraes-tom-jobim\/#breadcrumb"},"inLanguage":"es","potentialAction":[{"@type":"ReadAction","target":["https:\/\/rafaramirez.org\/blog\/index.php\/2024\/11\/15\/garota-de-ipanema-vinicius-de-moraes-tom-jobim\/"]}]},{"@type":"ImageObject","inLanguage":"es","@id":"https:\/\/rafaramirez.org\/blog\/index.php\/2024\/11\/15\/garota-de-ipanema-vinicius-de-moraes-tom-jobim\/#primaryimage","url":"https:\/\/rafaramirez.org\/blog\/wp-content\/uploads\/2024\/11\/Garota_de_Ipanema_Vinicius-Tom_bannerblog.jpg","contentUrl":"https:\/\/rafaramirez.org\/blog\/wp-content\/uploads\/2024\/11\/Garota_de_Ipanema_Vinicius-Tom_bannerblog.jpg","width":720,"height":440,"caption":"\"Garota de Ipanema\" Vinicius de Moraes y Tom Jobim. Blog de Rafael Ram\u00edrez."},{"@type":"BreadcrumbList","@id":"https:\/\/rafaramirez.org\/blog\/index.php\/2024\/11\/15\/garota-de-ipanema-vinicius-de-moraes-tom-jobim\/#breadcrumb","itemListElement":[{"@type":"ListItem","position":1,"name":"Portada","item":"https:\/\/rafaramirez.org\/blog\/"},{"@type":"ListItem","position":2,"name":"\u00abGarota de Ipanema\u00bb por Vinicius de Moraes y Tom Jobim. \u00abChica de Ipanema\u00bb en directo\/vivo."}]},{"@type":"WebSite","@id":"https:\/\/rafaramirez.org\/blog\/#website","url":"https:\/\/rafaramirez.org\/blog\/","name":"Blog de Rafael Ram\u00edrez","description":"Un sitio social, de arte y cultura","publisher":{"@id":"https:\/\/rafaramirez.org\/blog\/#\/schema\/person\/50f43b6d60c578760d4c17bda54ab6a5"},"potentialAction":[{"@type":"SearchAction","target":{"@type":"EntryPoint","urlTemplate":"https:\/\/rafaramirez.org\/blog\/?s={search_term_string}"},"query-input":{"@type":"PropertyValueSpecification","valueRequired":true,"valueName":"search_term_string"}}],"inLanguage":"es"},{"@type":["Person","Organization"],"@id":"https:\/\/rafaramirez.org\/blog\/#\/schema\/person\/50f43b6d60c578760d4c17bda54ab6a5","name":"Rafael Ram\u00edrez","image":{"@type":"ImageObject","inLanguage":"es","@id":"https:\/\/rafaramirez.org\/blog\/wp-content\/uploads\/2024\/09\/RR_socialnetwork.jpg","url":"https:\/\/rafaramirez.org\/blog\/wp-content\/uploads\/2024\/09\/RR_socialnetwork.jpg","contentUrl":"https:\/\/rafaramirez.org\/blog\/wp-content\/uploads\/2024\/09\/RR_socialnetwork.jpg","width":600,"height":606,"caption":"Rafael Ram\u00edrez"},"logo":{"@id":"https:\/\/rafaramirez.org\/blog\/wp-content\/uploads\/2024\/09\/RR_socialnetwork.jpg"},"sameAs":["https:\/\/www.rafaramirez.org\/blog","https:\/\/www.instagram.com\/rafaramirez_ok\/","https:\/\/es.pinterest.com\/Ramirez_Rafa\/","https:\/\/x.com\/rafaramirez_ok"],"url":"https:\/\/rafaramirez.org\/blog\/index.php\/author\/rafaell_qm6j97da\/"}]}},"jetpack_publicize_connections":[],"jetpack_sharing_enabled":true,"jetpack_likes_enabled":true,"jetpack_featured_media_url":"https:\/\/rafaramirez.org\/blog\/wp-content\/uploads\/2024\/11\/Garota_de_Ipanema_Vinicius-Tom_bannerblog.jpg","_links":{"self":[{"href":"https:\/\/rafaramirez.org\/blog\/index.php\/wp-json\/wp\/v2\/posts\/6801","targetHints":{"allow":["GET"]}}],"collection":[{"href":"https:\/\/rafaramirez.org\/blog\/index.php\/wp-json\/wp\/v2\/posts"}],"about":[{"href":"https:\/\/rafaramirez.org\/blog\/index.php\/wp-json\/wp\/v2\/types\/post"}],"author":[{"embeddable":true,"href":"https:\/\/rafaramirez.org\/blog\/index.php\/wp-json\/wp\/v2\/users\/1"}],"replies":[{"embeddable":true,"href":"https:\/\/rafaramirez.org\/blog\/index.php\/wp-json\/wp\/v2\/comments?post=6801"}],"version-history":[{"count":10,"href":"https:\/\/rafaramirez.org\/blog\/index.php\/wp-json\/wp\/v2\/posts\/6801\/revisions"}],"predecessor-version":[{"id":6892,"href":"https:\/\/rafaramirez.org\/blog\/index.php\/wp-json\/wp\/v2\/posts\/6801\/revisions\/6892"}],"wp:featuredmedia":[{"embeddable":true,"href":"https:\/\/rafaramirez.org\/blog\/index.php\/wp-json\/wp\/v2\/media\/6806"}],"wp:attachment":[{"href":"https:\/\/rafaramirez.org\/blog\/index.php\/wp-json\/wp\/v2\/media?parent=6801"}],"wp:term":[{"taxonomy":"category","embeddable":true,"href":"https:\/\/rafaramirez.org\/blog\/index.php\/wp-json\/wp\/v2\/categories?post=6801"},{"taxonomy":"post_tag","embeddable":true,"href":"https:\/\/rafaramirez.org\/blog\/index.php\/wp-json\/wp\/v2\/tags?post=6801"}],"curies":[{"name":"wp","href":"https:\/\/api.w.org\/{rel}","templated":true}]}}