{"id":6789,"date":"2024-11-14T08:15:29","date_gmt":"2024-11-14T07:15:29","guid":{"rendered":"https:\/\/rafaramirez.org\/blog\/?p=6789"},"modified":"2024-11-15T08:29:22","modified_gmt":"2024-11-15T07:29:22","slug":"limpia-de-alia-trabucco-zeran","status":"publish","type":"post","link":"https:\/\/rafaramirez.org\/blog\/index.php\/2024\/11\/14\/limpia-de-alia-trabucco-zeran\/","title":{"rendered":"\u00abLimpia\u00bb de Alia Trabucco Zeran: abordando de manera efectiva las desigualdades sociales y econ\u00f3micas."},"content":{"rendered":"<p>Hoy te hablo de <strong>\u201cLimpia\u201d <\/strong>de <strong>Alia Trabucco Zer\u00e1n, <\/strong>novela publicada en 2023. La obra est\u00e1 escrita en forma de mon\u00f3logo y explora temas como la <strong>clase social, el poder, los privilegios y las din\u00e1micas familiares<\/strong>. La tensi\u00f3n crece con cada p\u00e1gina, recordando a una tragedia griega, y culmina en un desenlace inevitable y poderoso.<\/p>\n<p>Su autora, Alia Trabucco Zer\u00e1n ha sido reconocida por su estilo preciso y su capacidad para retratar de manera cruda y realista las vidas de sus personajes. \u201cLimpia\u201d ha sido traducida a varios idiomas y ha recibido elogios <strong>por su profundidad y su narrativa impactante<\/strong>.<\/p>\n<p>La novela se sit\u00faa en el <strong>Chile contempor\u00e1neo<\/strong>, pero est\u00e1 profundamente influenciada por el contexto hist\u00f3rico y social del pa\u00eds. La novela refleja las desigualdades sociales y econ\u00f3micas que han marcado a Chile, especialmente en relaci\u00f3n con la <strong>dictadura de Augusto Pinochet<\/strong> (1973-1990) y sus consecuencias.<\/p>\n<p>Durante la dictadura, muchas familias chilenas experimentaron una gran <strong>polarizaci\u00f3n social y econ\u00f3mica.<\/strong> Evidentemente, la transici\u00f3n a la democracia en los a\u00f1os 90 no elimin\u00f3 completamente estas desigualdades, y muchas de ellas persisten hasta hoy. De tal modo, la novela de Trabucco Zer\u00e1n, explora estas din\u00e1micas a trav\u00e9s de la relaci\u00f3n entre <strong>Estela, la protagonista<\/strong>, empleada dom\u00e9stica, y la familia para la que trabaja.<\/p>\n<p>Adem\u00e1s, la novela toca temas de migraci\u00f3n interna, ya que Estela, se traslada desde el sur rural de Chile <strong>a la capital, Santiago<\/strong>, en busca de mejores oportunidades. Este movimiento refleja una realidad com\u00fan en muchos pa\u00edses de <strong>Am\u00e9rica Latina<\/strong>, donde las grandes ciudades atraen a personas de \u00e1reas rurales <strong>en busca de trabajo y una vida mejor<\/strong>.<\/p>\n<p>En resumen, \u201cLimpia\u201d no solo es una historia personal y familiar, sino tambi\u00e9n un <strong>reflejo de las tensiones y desigualdades<\/strong> que han moldeado la historia reciente de Chile.<\/p>\n<h3>Cr\u00edtica.<\/h3>\n<p>\u201cLimpia\u201d de Alia Trabucco Zer\u00e1n destaca por su estilo narrativo y su capacidad para abordar temas complejos con una prosa precisa y evocadora. Entre sus puntos fuertes cabe resaltar:<\/p>\n<ul>\n<li><strong>Narrativa intensa y envolvente:<\/strong> La novela est\u00e1 escrita en forma de mon\u00f3logo, lo que permite una <strong>inmersi\u00f3n profunda en la mente<\/strong> de Estela, la protagonista. Este estilo narrativo crea una<strong> conexi\u00f3n \u00edntima con el lector<\/strong> y a\u00f1ade una capa de tensi\u00f3n y urgencia a la historia.<\/li>\n<li><strong>Exploraci\u00f3n de temas sociales:<\/strong> Trabucco Zer\u00e1n aborda de manera efectiva las <strong>diferencias sociales y econ\u00f3micas en Chile<\/strong>, reflejando las tensiones entre clases y las din\u00e1micas de poder. La relaci\u00f3n entre Estela y la familia para la que trabaja es un <strong>microcosmos de estas desigualdades<\/strong>.<\/li>\n<li><strong>Personajes complejos:<\/strong> Los personajes est\u00e1n <strong>bien desarrollado<\/strong>s y son multidimensionales. Estela, en particular, es un personaje fascinante cuya vida y experiencias reflejan <strong>las luchas de muchas mujeres<\/strong> en situaciones similares.<\/li>\n<li><strong>Estilo literario:<\/strong> La prosa de Trabucco Zer\u00e1n es precisa y po\u00e9tica, con <strong>descripciones v\u00edvidas<\/strong> que capturan tanto la belleza como la dureza de la vida de Estela. Sin duda que la autora tiene un talento especial para crear atm\u00f3sferas y <strong>transmitir emociones profundas<\/strong>.<\/li>\n<\/ul>\n<p>A pesar de esto, tengo que decir que, algunos lectores pueden encontrar que el ritmo de la narraci\u00f3n es lento, especialmente debido a su enfoque en los detalles cotidianos de la vida de Estela. Sin embargo, pienso que este ritmo no es m\u00e1s que una forma de reflejar la monoton\u00eda y la repetici\u00f3n de su trabajo diario.<\/p>\n<p>Otro punto que cabe mencionar es que, aunque la tensi\u00f3n se mantiene a lo largo de la novela, l\u00f3gicamente, algunas personas pueden sentir que el desenlace es predecible. Yo creo, sin duda, que la fuerza de la novela radica m\u00e1s en el viaje emocional y psicol\u00f3gico de los personajes que en las sorpresas de la trama.<\/p>\n<figure id=\"attachment_6796\" aria-describedby=\"caption-attachment-6796\" style=\"width: 232px\" class=\"wp-caption aligncenter\"><a href=\"https:\/\/rafaramirez.org\/blog\/wp-content\/uploads\/2024\/11\/Limpia_de_Alia-Trabucco-Zeran.jpg\" target=\"_blank\" rel=\"noopener\"><img loading=\"lazy\" decoding=\"async\" class=\"wp-image-6796 size-medium\" src=\"https:\/\/rafaramirez.org\/blog\/wp-content\/uploads\/2024\/11\/Limpia_de_Alia-Trabucco-Zeran-232x300.jpg\" alt=\"Portada del libro \u201cLimpia\u201d de Alia Trabucco Zer\u00e1n. Blog de Rafael Ram\u00edrez.\" width=\"232\" height=\"300\" srcset=\"https:\/\/rafaramirez.org\/blog\/wp-content\/uploads\/2024\/11\/Limpia_de_Alia-Trabucco-Zeran-232x300.jpg 232w, https:\/\/rafaramirez.org\/blog\/wp-content\/uploads\/2024\/11\/Limpia_de_Alia-Trabucco-Zeran-792x1024.jpg 792w, https:\/\/rafaramirez.org\/blog\/wp-content\/uploads\/2024\/11\/Limpia_de_Alia-Trabucco-Zeran-768x993.jpg 768w, https:\/\/rafaramirez.org\/blog\/wp-content\/uploads\/2024\/11\/Limpia_de_Alia-Trabucco-Zeran.jpg 940w\" sizes=\"auto, (max-width: 232px) 100vw, 232px\" \/><\/a><figcaption id=\"caption-attachment-6796\" class=\"wp-caption-text\">Portada del libro \u201cLimpia\u201d de Alia Trabucco Zer\u00e1n. Blog de Rafael Ram\u00edrez.<\/figcaption><\/figure>\n<h3>Ficha t\u00e9cnica.<\/h3>\n<ul>\n<li><strong>T\u00edtulo:<\/strong> Limpia<\/li>\n<li><strong>Autora:<\/strong> Alia Trabucco Zer\u00e1n<\/li>\n<li><strong>Editorial:<\/strong> Lumen<\/li>\n<li><strong>ISBN:<\/strong> 9788426424112<\/li>\n<li><strong>Idioma:<\/strong> Castellano<\/li>\n<li><strong>N\u00famero de p\u00e1ginas:<\/strong> 232<\/li>\n<li><strong>Fecha de lanzamiento:<\/strong> 26 de enero de 2023<\/li>\n<li><strong>Encuadernaci\u00f3n:<\/strong> Tapa blanda<\/li>\n<\/ul>\n<h3>Sobre la autora.<\/h3>\n<p>Alia Trabucco Zer\u00e1n naci\u00f3 el 26 de agosto de 1983 en Santiago de Chile. Es una <strong>escritora y ensayista chilena<\/strong>, adem\u00e1s de una abogada reconocida por su trabajo en literatura y <strong>derechos humanos<\/strong>.<\/p>\n<p><strong>Formaci\u00f3n Acad\u00e9mica:<\/strong><\/p>\n<ul>\n<li><strong>Derecho:<\/strong> Universidad de Chile.<\/li>\n<li><strong>Maestr\u00eda en Escritura Creativa:<\/strong> Universidad de Nueva York.<\/li>\n<li><strong>Doctorado en Literatura Hispanoamericana:<\/strong> University College London.<\/li>\n<\/ul>\n<p><strong>Carrera Literaria:<\/strong><\/p>\n<ul>\n<li><strong>La Resta (2015):<\/strong> Su primera novela, que fue finalista del <strong>Premio Man Booker International<\/strong> y gan\u00f3 el P<strong>remio Mejores Obras Literarias<\/strong> del Consejo Nacional de las Culturas y las Artes de Chile.<\/li>\n<li><strong>Las Homicidas (2019):<\/strong> Un ensayo feminista que recibi\u00f3 el <strong>Premio de la Academia Brit\u00e1nica<\/strong> para el Entendimiento Global en 2022.<\/li>\n<li><strong>Limpia (2023):<\/strong> La novela que te presento hoy y que, como te he contado, explora las desigualdades sociales en Chile.<\/li>\n<\/ul>\n<figure id=\"attachment_6797\" aria-describedby=\"caption-attachment-6797\" style=\"width: 300px\" class=\"wp-caption aligncenter\"><a href=\"https:\/\/rafaramirez.org\/blog\/wp-content\/uploads\/2024\/11\/Alia-Trabucco-Zeran.jpg\" target=\"_blank\" rel=\"noopener\"><img loading=\"lazy\" decoding=\"async\" class=\"wp-image-6797 size-medium\" src=\"https:\/\/rafaramirez.org\/blog\/wp-content\/uploads\/2024\/11\/Alia-Trabucco-Zeran-300x200.jpg\" alt=\"La escritora Alia Trabucco Zer\u00e1n. Blog de Rafael Ram\u00edrez.\" width=\"300\" height=\"200\" srcset=\"https:\/\/rafaramirez.org\/blog\/wp-content\/uploads\/2024\/11\/Alia-Trabucco-Zeran-300x200.jpg 300w, https:\/\/rafaramirez.org\/blog\/wp-content\/uploads\/2024\/11\/Alia-Trabucco-Zeran-768x512.jpg 768w, https:\/\/rafaramirez.org\/blog\/wp-content\/uploads\/2024\/11\/Alia-Trabucco-Zeran.jpg 1024w\" sizes=\"auto, (max-width: 300px) 100vw, 300px\" \/><\/a><figcaption id=\"caption-attachment-6797\" class=\"wp-caption-text\">La escritora Alia Trabucco Zer\u00e1n. Blog de Rafael Ram\u00edrez.<\/figcaption><\/figure>\n<p><strong>Premios y Reconocimientos:<\/strong><\/p>\n<ul>\n<li><strong>Beca Fulbright.<\/strong><\/li>\n<li><strong>Premio Anna Seghers (2022).<\/strong><\/li>\n<li><strong>Eccles Centre &amp; Hay Festival Writer\u2019s Award (2023).<\/strong><\/li>\n<li><strong>British Academy Book Prize for Global Cultural Understanding (2022).<\/strong><\/li>\n<\/ul>\n<p>Al mismo tiempo, Alia ha trabajado en diversas investigaciones sobre derechos humanos y ha sido editora y coautora de varios ensayos sobre este tema.<\/p>\n<p>Decididamente te recomiendo \u201cLimpia\u201d  ya que es una novela poderosa y conmovedora que ofrece una mirada profunda y cr\u00edtica a las desigualdades sociales en Chile. As\u00ed mismo, la habilidad de Alia Trabucco Zer\u00e1n para crear personajes complejos y una narrativa envolvente hace que esta obra sea una lectura valiosa y memorable.<strong>\u00a1Saludos y buena lectura!<\/strong><\/p>\n<p>M\u00e1s informaci\u00f3n:<\/p>\n<ul>\n<li><a href=\"https:\/\/www.casadellibro.com\/libro-limpia\/9788426424112\/13304756\" target=\"_blank\" rel=\"noopener\">Casa del Libro<\/a>.<\/li>\n<li><a href=\"https:\/\/www.lecturalia.com\/libro\/109420\/limpia\" target=\"_blank\" rel=\"noopener\">Lecturalia<\/a>.<\/li>\n<li><a href=\"https:\/\/es.wikipedia.org\/wiki\/Alia_Trabucco\" target=\"_blank\" rel=\"noopener\">Wikipedia<\/a>.<\/li>\n<li><a href=\"https:\/\/www.google.com\/search?q=comprar+%E2%80%9CLimpia%E2%80%9D+de+Alia+Trabucco+Zer%C3%A1n\" target=\"_blank\" rel=\"noopener\">D\u00f3nde comprar \u201cLimpia\u201d de Alia Trabucco Zer\u00e1n<\/a>.<\/li>\n<li><a href=\"https:\/\/rafaramirez.org\/blog\/index.php\/category\/arte\/literatura\/\" target=\"_blank\" rel=\"noopener\">M\u00e1s libros recomendados<\/a>.<\/li>\n<\/ul>\n","protected":false},"excerpt":{"rendered":"<p>Hoy te hablo de \u201cLimpia\u201d de Alia Trabucco Zer\u00e1n, novela publicada en 2023. La obra est\u00e1 escrita en forma de mon\u00f3logo y explora temas como la clase social, el poder, los privilegios y las din\u00e1micas familiares. La tensi\u00f3n crece con cada p\u00e1gina, recordando a una tragedia griega, y culmina en un desenlace inevitable y poderoso. [&hellip;]<\/p>\n","protected":false},"author":1,"featured_media":6795,"comment_status":"open","ping_status":"closed","sticky":false,"template":"","format":"standard","meta":{"site-container-style":"default","site-container-layout":"default","site-sidebar-layout":"default","disable-article-header":"default","disable-site-header":"default","disable-site-footer":"default","disable-content-area-spacing":"default","_jetpack_newsletter_access":"","_jetpack_dont_email_post_to_subs":false,"_jetpack_newsletter_tier_id":0,"_jetpack_memberships_contains_paywalled_content":false,"_jetpack_feature_clip_id":0,"_jetpack_memberships_contains_paid_content":false,"footnotes":"","jetpack_publicize_message":"","jetpack_publicize_feature_enabled":true,"jetpack_social_post_already_shared":true,"jetpack_social_options":{"image_generator_settings":{"template":"highway","default_image_id":0,"font":"","enabled":false},"version":2},"jetpack_post_was_ever_published":false},"categories":[710],"tags":[3737,68,1470,3610,264,325],"class_list":["post-6789","post","type-post","status-publish","format-standard","has-post-thumbnail","hentry","category-literatura","tag-limpia-de-alia-trabucco-zeran","tag-blog-de-rafael-ramirez","tag-critica-libro","tag-lectura-recomendada","tag-libro-recomendado","tag-noticias-culturales"],"yoast_head":"<!-- This site is optimized with the Yoast SEO plugin v28.4 - https:\/\/yoast.com\/product\/yoast-seo-wordpress\/ -->\n<title>&quot;Limpia&quot; de Alia Trabucco Zeran: abordando de manera efectiva las desigualdades sociales y econ\u00f3micas. - Blog de Rafael Ram\u00edrez<\/title>\n<meta name=\"description\" content=\"Hoy te hablo de \u201cLimpia\u201d de\u00a0Alia Trabucco Zer\u00e1n. La novela explora temas como la clase social, el poder o los privilegios, entre otros.\" \/>\n<meta name=\"robots\" content=\"index, follow, max-snippet:-1, max-image-preview:large, max-video-preview:-1\" \/>\n<link rel=\"canonical\" href=\"https:\/\/rafaramirez.org\/blog\/index.php\/2024\/11\/14\/limpia-de-alia-trabucco-zeran\/\" \/>\n<meta property=\"og:locale\" content=\"es_ES\" \/>\n<meta property=\"og:type\" content=\"article\" \/>\n<meta property=\"og:title\" content=\"&quot;Limpia&quot; de Alia Trabucco Zeran: abordando de manera efectiva las desigualdades sociales y econ\u00f3micas. - Blog de Rafael Ram\u00edrez\" \/>\n<meta property=\"og:description\" content=\"Hoy te hablo de \u201cLimpia\u201d de\u00a0Alia Trabucco Zer\u00e1n. La novela explora temas como la clase social, el poder o los privilegios, entre otros.\" \/>\n<meta property=\"og:url\" content=\"https:\/\/rafaramirez.org\/blog\/index.php\/2024\/11\/14\/limpia-de-alia-trabucco-zeran\/\" \/>\n<meta property=\"og:site_name\" content=\"Blog de Rafael Ram\u00edrez\" \/>\n<meta property=\"article:published_time\" content=\"2024-11-14T07:15:29+00:00\" \/>\n<meta property=\"article:modified_time\" content=\"2024-11-15T07:29:22+00:00\" \/>\n<meta property=\"og:image\" content=\"https:\/\/rafaramirez.org\/blog\/wp-content\/uploads\/2024\/11\/Limpia_de_Alia-Trabucco-Zeran_banner.jpg\" \/>\n\t<meta property=\"og:image:width\" content=\"720\" \/>\n\t<meta property=\"og:image:height\" content=\"440\" \/>\n\t<meta property=\"og:image:type\" content=\"image\/jpeg\" \/>\n<meta name=\"author\" content=\"Rafael Ram\u00edrez\" \/>\n<meta name=\"twitter:card\" content=\"summary_large_image\" \/>\n<meta name=\"twitter:creator\" content=\"@rafaramirez_ok\" \/>\n<meta name=\"twitter:site\" content=\"@rafaramirez_ok\" \/>\n<meta name=\"twitter:label1\" content=\"Escrito por\" \/>\n\t<meta name=\"twitter:data1\" content=\"Rafael Ram\u00edrez\" \/>\n\t<meta name=\"twitter:label2\" content=\"Tiempo de lectura\" \/>\n\t<meta name=\"twitter:data2\" content=\"5 minutos\" \/>\n<script type=\"application\/ld+json\" class=\"yoast-schema-graph\">{\"@context\":\"https:\\\/\\\/schema.org\",\"@graph\":[{\"@type\":\"Article\",\"@id\":\"https:\\\/\\\/rafaramirez.org\\\/blog\\\/index.php\\\/2024\\\/11\\\/14\\\/limpia-de-alia-trabucco-zeran\\\/#article\",\"isPartOf\":{\"@id\":\"https:\\\/\\\/rafaramirez.org\\\/blog\\\/index.php\\\/2024\\\/11\\\/14\\\/limpia-de-alia-trabucco-zeran\\\/\"},\"author\":{\"name\":\"Rafael Ram\u00edrez\",\"@id\":\"https:\\\/\\\/rafaramirez.org\\\/blog\\\/#\\\/schema\\\/person\\\/50f43b6d60c578760d4c17bda54ab6a5\"},\"headline\":\"\u00abLimpia\u00bb de Alia Trabucco Zeran: abordando de manera efectiva las desigualdades sociales y econ\u00f3micas.\",\"datePublished\":\"2024-11-14T07:15:29+00:00\",\"dateModified\":\"2024-11-15T07:29:22+00:00\",\"mainEntityOfPage\":{\"@id\":\"https:\\\/\\\/rafaramirez.org\\\/blog\\\/index.php\\\/2024\\\/11\\\/14\\\/limpia-de-alia-trabucco-zeran\\\/\"},\"wordCount\":995,\"commentCount\":0,\"publisher\":{\"@id\":\"https:\\\/\\\/rafaramirez.org\\\/blog\\\/#\\\/schema\\\/person\\\/50f43b6d60c578760d4c17bda54ab6a5\"},\"image\":{\"@id\":\"https:\\\/\\\/rafaramirez.org\\\/blog\\\/index.php\\\/2024\\\/11\\\/14\\\/limpia-de-alia-trabucco-zeran\\\/#primaryimage\"},\"thumbnailUrl\":\"https:\\\/\\\/rafaramirez.org\\\/blog\\\/wp-content\\\/uploads\\\/2024\\\/11\\\/Limpia_de_Alia-Trabucco-Zeran_banner.jpg\",\"keywords\":[\"\u201cLimpia\u201d de Alia Trabucco Zer\u00e1n\",\"blog de Rafael Ram\u00edrez\",\"critica libro\",\"lectura recomendada\",\"libro recomendado\",\"noticias culturales\"],\"articleSection\":[\"Literatura\"],\"inLanguage\":\"es\",\"potentialAction\":[{\"@type\":\"CommentAction\",\"name\":\"Comment\",\"target\":[\"https:\\\/\\\/rafaramirez.org\\\/blog\\\/index.php\\\/2024\\\/11\\\/14\\\/limpia-de-alia-trabucco-zeran\\\/#respond\"]}]},{\"@type\":\"WebPage\",\"@id\":\"https:\\\/\\\/rafaramirez.org\\\/blog\\\/index.php\\\/2024\\\/11\\\/14\\\/limpia-de-alia-trabucco-zeran\\\/\",\"url\":\"https:\\\/\\\/rafaramirez.org\\\/blog\\\/index.php\\\/2024\\\/11\\\/14\\\/limpia-de-alia-trabucco-zeran\\\/\",\"name\":\"\\\"Limpia\\\" de Alia Trabucco Zeran: abordando de manera efectiva las desigualdades sociales y econ\u00f3micas. - Blog de Rafael Ram\u00edrez\",\"isPartOf\":{\"@id\":\"https:\\\/\\\/rafaramirez.org\\\/blog\\\/#website\"},\"primaryImageOfPage\":{\"@id\":\"https:\\\/\\\/rafaramirez.org\\\/blog\\\/index.php\\\/2024\\\/11\\\/14\\\/limpia-de-alia-trabucco-zeran\\\/#primaryimage\"},\"image\":{\"@id\":\"https:\\\/\\\/rafaramirez.org\\\/blog\\\/index.php\\\/2024\\\/11\\\/14\\\/limpia-de-alia-trabucco-zeran\\\/#primaryimage\"},\"thumbnailUrl\":\"https:\\\/\\\/rafaramirez.org\\\/blog\\\/wp-content\\\/uploads\\\/2024\\\/11\\\/Limpia_de_Alia-Trabucco-Zeran_banner.jpg\",\"datePublished\":\"2024-11-14T07:15:29+00:00\",\"dateModified\":\"2024-11-15T07:29:22+00:00\",\"description\":\"Hoy te hablo de \u201cLimpia\u201d de\u00a0Alia Trabucco Zer\u00e1n. La novela explora temas como la clase social, el poder o los privilegios, entre otros.\",\"breadcrumb\":{\"@id\":\"https:\\\/\\\/rafaramirez.org\\\/blog\\\/index.php\\\/2024\\\/11\\\/14\\\/limpia-de-alia-trabucco-zeran\\\/#breadcrumb\"},\"inLanguage\":\"es\",\"potentialAction\":[{\"@type\":\"ReadAction\",\"target\":[\"https:\\\/\\\/rafaramirez.org\\\/blog\\\/index.php\\\/2024\\\/11\\\/14\\\/limpia-de-alia-trabucco-zeran\\\/\"]}]},{\"@type\":\"ImageObject\",\"inLanguage\":\"es\",\"@id\":\"https:\\\/\\\/rafaramirez.org\\\/blog\\\/index.php\\\/2024\\\/11\\\/14\\\/limpia-de-alia-trabucco-zeran\\\/#primaryimage\",\"url\":\"https:\\\/\\\/rafaramirez.org\\\/blog\\\/wp-content\\\/uploads\\\/2024\\\/11\\\/Limpia_de_Alia-Trabucco-Zeran_banner.jpg\",\"contentUrl\":\"https:\\\/\\\/rafaramirez.org\\\/blog\\\/wp-content\\\/uploads\\\/2024\\\/11\\\/Limpia_de_Alia-Trabucco-Zeran_banner.jpg\",\"width\":720,\"height\":440,\"caption\":\"\u201cLimpia\u201d de Alia Trabucco Zer\u00e1n. Blog de Rafael Ram\u00edrez.\"},{\"@type\":\"BreadcrumbList\",\"@id\":\"https:\\\/\\\/rafaramirez.org\\\/blog\\\/index.php\\\/2024\\\/11\\\/14\\\/limpia-de-alia-trabucco-zeran\\\/#breadcrumb\",\"itemListElement\":[{\"@type\":\"ListItem\",\"position\":1,\"name\":\"Portada\",\"item\":\"https:\\\/\\\/rafaramirez.org\\\/blog\\\/\"},{\"@type\":\"ListItem\",\"position\":2,\"name\":\"\u00abLimpia\u00bb de Alia Trabucco Zeran: abordando de manera efectiva las desigualdades sociales y econ\u00f3micas.\"}]},{\"@type\":\"WebSite\",\"@id\":\"https:\\\/\\\/rafaramirez.org\\\/blog\\\/#website\",\"url\":\"https:\\\/\\\/rafaramirez.org\\\/blog\\\/\",\"name\":\"Blog de Rafael Ram\u00edrez\",\"description\":\"Un sitio social, de arte y cultura\",\"publisher\":{\"@id\":\"https:\\\/\\\/rafaramirez.org\\\/blog\\\/#\\\/schema\\\/person\\\/50f43b6d60c578760d4c17bda54ab6a5\"},\"potentialAction\":[{\"@type\":\"SearchAction\",\"target\":{\"@type\":\"EntryPoint\",\"urlTemplate\":\"https:\\\/\\\/rafaramirez.org\\\/blog\\\/?s={search_term_string}\"},\"query-input\":{\"@type\":\"PropertyValueSpecification\",\"valueRequired\":true,\"valueName\":\"search_term_string\"}}],\"inLanguage\":\"es\"},{\"@type\":[\"Person\",\"Organization\"],\"@id\":\"https:\\\/\\\/rafaramirez.org\\\/blog\\\/#\\\/schema\\\/person\\\/50f43b6d60c578760d4c17bda54ab6a5\",\"name\":\"Rafael Ram\u00edrez\",\"image\":{\"@type\":\"ImageObject\",\"inLanguage\":\"es\",\"@id\":\"https:\\\/\\\/rafaramirez.org\\\/blog\\\/wp-content\\\/uploads\\\/2024\\\/09\\\/RR_socialnetwork.jpg\",\"url\":\"https:\\\/\\\/rafaramirez.org\\\/blog\\\/wp-content\\\/uploads\\\/2024\\\/09\\\/RR_socialnetwork.jpg\",\"contentUrl\":\"https:\\\/\\\/rafaramirez.org\\\/blog\\\/wp-content\\\/uploads\\\/2024\\\/09\\\/RR_socialnetwork.jpg\",\"width\":600,\"height\":606,\"caption\":\"Rafael Ram\u00edrez\"},\"logo\":{\"@id\":\"https:\\\/\\\/rafaramirez.org\\\/blog\\\/wp-content\\\/uploads\\\/2024\\\/09\\\/RR_socialnetwork.jpg\"},\"sameAs\":[\"https:\\\/\\\/www.rafaramirez.org\\\/blog\",\"https:\\\/\\\/www.instagram.com\\\/rafaramirez_ok\\\/\",\"https:\\\/\\\/es.pinterest.com\\\/Ramirez_Rafa\\\/\",\"https:\\\/\\\/x.com\\\/rafaramirez_ok\"],\"url\":\"https:\\\/\\\/rafaramirez.org\\\/blog\\\/index.php\\\/author\\\/rafaell_qm6j97da\\\/\"}]}<\/script>\n<!-- \/ Yoast SEO plugin. -->","yoast_head_json":{"title":"\"Limpia\" de Alia Trabucco Zeran: abordando de manera efectiva las desigualdades sociales y econ\u00f3micas. - Blog de Rafael Ram\u00edrez","description":"Hoy te hablo de \u201cLimpia\u201d de\u00a0Alia Trabucco Zer\u00e1n. La novela explora temas como la clase social, el poder o los privilegios, entre otros.","robots":{"index":"index","follow":"follow","max-snippet":"max-snippet:-1","max-image-preview":"max-image-preview:large","max-video-preview":"max-video-preview:-1"},"canonical":"https:\/\/rafaramirez.org\/blog\/index.php\/2024\/11\/14\/limpia-de-alia-trabucco-zeran\/","og_locale":"es_ES","og_type":"article","og_title":"\"Limpia\" de Alia Trabucco Zeran: abordando de manera efectiva las desigualdades sociales y econ\u00f3micas. - Blog de Rafael Ram\u00edrez","og_description":"Hoy te hablo de \u201cLimpia\u201d de\u00a0Alia Trabucco Zer\u00e1n. La novela explora temas como la clase social, el poder o los privilegios, entre otros.","og_url":"https:\/\/rafaramirez.org\/blog\/index.php\/2024\/11\/14\/limpia-de-alia-trabucco-zeran\/","og_site_name":"Blog de Rafael Ram\u00edrez","article_published_time":"2024-11-14T07:15:29+00:00","article_modified_time":"2024-11-15T07:29:22+00:00","og_image":[{"width":720,"height":440,"url":"https:\/\/rafaramirez.org\/blog\/wp-content\/uploads\/2024\/11\/Limpia_de_Alia-Trabucco-Zeran_banner.jpg","type":"image\/jpeg"}],"author":"Rafael Ram\u00edrez","twitter_card":"summary_large_image","twitter_creator":"@rafaramirez_ok","twitter_site":"@rafaramirez_ok","twitter_misc":{"Escrito por":"Rafael Ram\u00edrez","Tiempo de lectura":"5 minutos"},"schema":{"@context":"https:\/\/schema.org","@graph":[{"@type":"Article","@id":"https:\/\/rafaramirez.org\/blog\/index.php\/2024\/11\/14\/limpia-de-alia-trabucco-zeran\/#article","isPartOf":{"@id":"https:\/\/rafaramirez.org\/blog\/index.php\/2024\/11\/14\/limpia-de-alia-trabucco-zeran\/"},"author":{"name":"Rafael Ram\u00edrez","@id":"https:\/\/rafaramirez.org\/blog\/#\/schema\/person\/50f43b6d60c578760d4c17bda54ab6a5"},"headline":"\u00abLimpia\u00bb de Alia Trabucco Zeran: abordando de manera efectiva las desigualdades sociales y econ\u00f3micas.","datePublished":"2024-11-14T07:15:29+00:00","dateModified":"2024-11-15T07:29:22+00:00","mainEntityOfPage":{"@id":"https:\/\/rafaramirez.org\/blog\/index.php\/2024\/11\/14\/limpia-de-alia-trabucco-zeran\/"},"wordCount":995,"commentCount":0,"publisher":{"@id":"https:\/\/rafaramirez.org\/blog\/#\/schema\/person\/50f43b6d60c578760d4c17bda54ab6a5"},"image":{"@id":"https:\/\/rafaramirez.org\/blog\/index.php\/2024\/11\/14\/limpia-de-alia-trabucco-zeran\/#primaryimage"},"thumbnailUrl":"https:\/\/rafaramirez.org\/blog\/wp-content\/uploads\/2024\/11\/Limpia_de_Alia-Trabucco-Zeran_banner.jpg","keywords":["\u201cLimpia\u201d de Alia Trabucco Zer\u00e1n","blog de Rafael Ram\u00edrez","critica libro","lectura recomendada","libro recomendado","noticias culturales"],"articleSection":["Literatura"],"inLanguage":"es","potentialAction":[{"@type":"CommentAction","name":"Comment","target":["https:\/\/rafaramirez.org\/blog\/index.php\/2024\/11\/14\/limpia-de-alia-trabucco-zeran\/#respond"]}]},{"@type":"WebPage","@id":"https:\/\/rafaramirez.org\/blog\/index.php\/2024\/11\/14\/limpia-de-alia-trabucco-zeran\/","url":"https:\/\/rafaramirez.org\/blog\/index.php\/2024\/11\/14\/limpia-de-alia-trabucco-zeran\/","name":"\"Limpia\" de Alia Trabucco Zeran: abordando de manera efectiva las desigualdades sociales y econ\u00f3micas. - Blog de Rafael Ram\u00edrez","isPartOf":{"@id":"https:\/\/rafaramirez.org\/blog\/#website"},"primaryImageOfPage":{"@id":"https:\/\/rafaramirez.org\/blog\/index.php\/2024\/11\/14\/limpia-de-alia-trabucco-zeran\/#primaryimage"},"image":{"@id":"https:\/\/rafaramirez.org\/blog\/index.php\/2024\/11\/14\/limpia-de-alia-trabucco-zeran\/#primaryimage"},"thumbnailUrl":"https:\/\/rafaramirez.org\/blog\/wp-content\/uploads\/2024\/11\/Limpia_de_Alia-Trabucco-Zeran_banner.jpg","datePublished":"2024-11-14T07:15:29+00:00","dateModified":"2024-11-15T07:29:22+00:00","description":"Hoy te hablo de \u201cLimpia\u201d de\u00a0Alia Trabucco Zer\u00e1n. La novela explora temas como la clase social, el poder o los privilegios, entre otros.","breadcrumb":{"@id":"https:\/\/rafaramirez.org\/blog\/index.php\/2024\/11\/14\/limpia-de-alia-trabucco-zeran\/#breadcrumb"},"inLanguage":"es","potentialAction":[{"@type":"ReadAction","target":["https:\/\/rafaramirez.org\/blog\/index.php\/2024\/11\/14\/limpia-de-alia-trabucco-zeran\/"]}]},{"@type":"ImageObject","inLanguage":"es","@id":"https:\/\/rafaramirez.org\/blog\/index.php\/2024\/11\/14\/limpia-de-alia-trabucco-zeran\/#primaryimage","url":"https:\/\/rafaramirez.org\/blog\/wp-content\/uploads\/2024\/11\/Limpia_de_Alia-Trabucco-Zeran_banner.jpg","contentUrl":"https:\/\/rafaramirez.org\/blog\/wp-content\/uploads\/2024\/11\/Limpia_de_Alia-Trabucco-Zeran_banner.jpg","width":720,"height":440,"caption":"\u201cLimpia\u201d de Alia Trabucco Zer\u00e1n. Blog de Rafael Ram\u00edrez."},{"@type":"BreadcrumbList","@id":"https:\/\/rafaramirez.org\/blog\/index.php\/2024\/11\/14\/limpia-de-alia-trabucco-zeran\/#breadcrumb","itemListElement":[{"@type":"ListItem","position":1,"name":"Portada","item":"https:\/\/rafaramirez.org\/blog\/"},{"@type":"ListItem","position":2,"name":"\u00abLimpia\u00bb de Alia Trabucco Zeran: abordando de manera efectiva las desigualdades sociales y econ\u00f3micas."}]},{"@type":"WebSite","@id":"https:\/\/rafaramirez.org\/blog\/#website","url":"https:\/\/rafaramirez.org\/blog\/","name":"Blog de Rafael Ram\u00edrez","description":"Un sitio social, de arte y cultura","publisher":{"@id":"https:\/\/rafaramirez.org\/blog\/#\/schema\/person\/50f43b6d60c578760d4c17bda54ab6a5"},"potentialAction":[{"@type":"SearchAction","target":{"@type":"EntryPoint","urlTemplate":"https:\/\/rafaramirez.org\/blog\/?s={search_term_string}"},"query-input":{"@type":"PropertyValueSpecification","valueRequired":true,"valueName":"search_term_string"}}],"inLanguage":"es"},{"@type":["Person","Organization"],"@id":"https:\/\/rafaramirez.org\/blog\/#\/schema\/person\/50f43b6d60c578760d4c17bda54ab6a5","name":"Rafael Ram\u00edrez","image":{"@type":"ImageObject","inLanguage":"es","@id":"https:\/\/rafaramirez.org\/blog\/wp-content\/uploads\/2024\/09\/RR_socialnetwork.jpg","url":"https:\/\/rafaramirez.org\/blog\/wp-content\/uploads\/2024\/09\/RR_socialnetwork.jpg","contentUrl":"https:\/\/rafaramirez.org\/blog\/wp-content\/uploads\/2024\/09\/RR_socialnetwork.jpg","width":600,"height":606,"caption":"Rafael Ram\u00edrez"},"logo":{"@id":"https:\/\/rafaramirez.org\/blog\/wp-content\/uploads\/2024\/09\/RR_socialnetwork.jpg"},"sameAs":["https:\/\/www.rafaramirez.org\/blog","https:\/\/www.instagram.com\/rafaramirez_ok\/","https:\/\/es.pinterest.com\/Ramirez_Rafa\/","https:\/\/x.com\/rafaramirez_ok"],"url":"https:\/\/rafaramirez.org\/blog\/index.php\/author\/rafaell_qm6j97da\/"}]}},"jetpack_publicize_connections":[],"jetpack_sharing_enabled":true,"jetpack_likes_enabled":true,"jetpack_featured_media_url":"https:\/\/rafaramirez.org\/blog\/wp-content\/uploads\/2024\/11\/Limpia_de_Alia-Trabucco-Zeran_banner.jpg","_links":{"self":[{"href":"https:\/\/rafaramirez.org\/blog\/index.php\/wp-json\/wp\/v2\/posts\/6789","targetHints":{"allow":["GET"]}}],"collection":[{"href":"https:\/\/rafaramirez.org\/blog\/index.php\/wp-json\/wp\/v2\/posts"}],"about":[{"href":"https:\/\/rafaramirez.org\/blog\/index.php\/wp-json\/wp\/v2\/types\/post"}],"author":[{"embeddable":true,"href":"https:\/\/rafaramirez.org\/blog\/index.php\/wp-json\/wp\/v2\/users\/1"}],"replies":[{"embeddable":true,"href":"https:\/\/rafaramirez.org\/blog\/index.php\/wp-json\/wp\/v2\/comments?post=6789"}],"version-history":[{"count":15,"href":"https:\/\/rafaramirez.org\/blog\/index.php\/wp-json\/wp\/v2\/posts\/6789\/revisions"}],"predecessor-version":[{"id":6893,"href":"https:\/\/rafaramirez.org\/blog\/index.php\/wp-json\/wp\/v2\/posts\/6789\/revisions\/6893"}],"wp:featuredmedia":[{"embeddable":true,"href":"https:\/\/rafaramirez.org\/blog\/index.php\/wp-json\/wp\/v2\/media\/6795"}],"wp:attachment":[{"href":"https:\/\/rafaramirez.org\/blog\/index.php\/wp-json\/wp\/v2\/media?parent=6789"}],"wp:term":[{"taxonomy":"category","embeddable":true,"href":"https:\/\/rafaramirez.org\/blog\/index.php\/wp-json\/wp\/v2\/categories?post=6789"},{"taxonomy":"post_tag","embeddable":true,"href":"https:\/\/rafaramirez.org\/blog\/index.php\/wp-json\/wp\/v2\/tags?post=6789"}],"curies":[{"name":"wp","href":"https:\/\/api.w.org\/{rel}","templated":true}]}}