{"id":6772,"date":"2024-11-13T08:15:31","date_gmt":"2024-11-13T07:15:31","guid":{"rendered":"https:\/\/rafaramirez.org\/blog\/?p=6772"},"modified":"2024-11-04T19:50:34","modified_gmt":"2024-11-04T18:50:34","slug":"dia-mundial-de-la-bondad","status":"publish","type":"post","link":"https:\/\/rafaramirez.org\/blog\/index.php\/2024\/11\/13\/dia-mundial-de-la-bondad\/","title":{"rendered":"D\u00eda Mundial de la Bondad: fomentando el respeto y la amabilidad."},"content":{"rendered":"<p>El\u00a0<strong>D\u00eda Mundial de la Bondad<\/strong>\u00a0se celebra cada a\u00f1o el\u00a0<strong>13 de noviembre<\/strong>. El prop\u00f3sito de este d\u00eda es destacar las buenas acciones en la comunidad y centrarse en el poder positivo de la bondad <strong>como un hilo conductor que nos une a todos<\/strong>. Se celebra en muchos pa\u00edses, incluidos Alemania, Francia, Estados Unidos, Canad\u00e1, Jap\u00f3n o Australia.<\/p>\n<p>Durante este d\u00eda, se anima a las personas a <strong>realizar actos de bondad, ya sean grandes o peque\u00f1os,<\/strong> para fomentar un ambiente de <strong>empat\u00eda, respeto y amabilidad<\/strong>. Es una oportunidad para reflexionar sobre c\u00f3mo nuestras acciones pueden impactar positivamente en los dem\u00e1s y en nuestra comunidad.<\/p>\n<h3>Historia detr\u00e1s del Movimiento Mundial de la Bondad.<\/h3>\n<p>El\u00a0<strong>Movimiento Mundial de la Bondad<\/strong> (World Kindness Movement) tiene sus ra\u00edces en la d\u00e9cada de 1990. En 1997, durante una conferencia en Tokio, Jap\u00f3n, se reunieron organizaciones de bondad de varias naciones para discutir la necesidad de una acci\u00f3n social global que promoviera el bien<span style=\"font-size: 12px;\">.<\/span>\u00a0Este encuentro marc\u00f3 el inicio formal del movimiento.<\/p>\n<p>El\u00a0<strong>D\u00eda Mundial de la Bondad<\/strong> fue introducido oficialmente en 1998 por el Movimiento Mundial de la Bondad. Desde entonces, ha crecido y se ha extendido a muchos pa\u00edses, promoviendo la idea de que la bondad puede ser un nexo que une a las personas m\u00e1s all\u00e1 de las fronteras culturales, raciales y religiosas.<\/p>\n<p>En el a\u00f1o 2000, el movimiento se lanz\u00f3 en Singapur, y en 2012, a petici\u00f3n del presidente de <strong>World Kindness<\/strong> Australia, el D\u00eda Mundial de la Bondad se incluy\u00f3 en el calendario escolar federal de Australia. Hoy en d\u00eda, muchas escuelas y comunidades en todo el mundo celebran este d\u00eda con diversas actividades que fomentan la <strong>amabilidad y la empat\u00eda<\/strong>.<\/p>\n<figure id=\"attachment_6779\" aria-describedby=\"caption-attachment-6779\" style=\"width: 169px\" class=\"wp-caption aligncenter\"><a href=\"https:\/\/rafaramirez.org\/blog\/wp-content\/uploads\/2024\/11\/ai-generated-9103841.jpg\" target=\"_blank\" rel=\"noopener\"><img loading=\"lazy\" decoding=\"async\" class=\"wp-image-6779 size-medium\" src=\"https:\/\/rafaramirez.org\/blog\/wp-content\/uploads\/2024\/11\/ai-generated-9103841-169x300.jpg\" alt=\"D\u00eda Mundial de la Bondad. Blog de Rafael Ram\u00edrez.\" width=\"169\" height=\"300\" srcset=\"https:\/\/rafaramirez.org\/blog\/wp-content\/uploads\/2024\/11\/ai-generated-9103841-169x300.jpg 169w, https:\/\/rafaramirez.org\/blog\/wp-content\/uploads\/2024\/11\/ai-generated-9103841-576x1024.jpg 576w, https:\/\/rafaramirez.org\/blog\/wp-content\/uploads\/2024\/11\/ai-generated-9103841.jpg 675w\" sizes=\"auto, (max-width: 169px) 100vw, 169px\" \/><\/a><figcaption id=\"caption-attachment-6779\" class=\"wp-caption-text\">D\u00eda Mundial de la Bondad. Blog de Rafael Ram\u00edrez.<\/figcaption><\/figure>\n<h3>Actividades comunes en el D\u00eda Mundial de la Bondad.<\/h3>\n<p>El D\u00eda Mundial de la Bondad se celebra con una variedad de actividades, aqu\u00ed tienes algunas actividades comunes:<\/p>\n<ul>\n<li><strong>Actos de bondad al azar<\/strong>: Las personas realizan gestos amables inesperados, como pagar el caf\u00e9 de alguien, dejar notas positivas o ayudar a un vecino.<\/li>\n<li><strong>Eventos comunitarios<\/strong>: Organizaciones y comunidades pueden organizar eventos como recogidas de basura, donaciones de ropa y alimentos, o visitas a hospitales y residencias de ancianos.<\/li>\n<li><strong>Campa\u00f1as en redes sociales<\/strong>: Se utilizan hashtags como <strong>#WorldKindnessDay<\/strong> para compartir historias y actos de bondad, inspirando a otros a hacer lo mismo.<\/li>\n<li><strong>Actividades escolares<\/strong>: Las escuelas pueden organizar actividades como escribir cartas de agradecimiento, crear murales de bondad o realizar proyectos de servicio comunitario.<\/li>\n<li><strong>Charlas y talleres<\/strong>: Se pueden organizar charlas y talleres sobre la importancia de la bondad y c\u00f3mo podemos incorporarla en nuestra vida diaria.<\/li>\n<\/ul>\n<p>Estas actividades no solo promueven la bondad, sino que tambi\u00e9n <strong>ayudan a construir un sentido de comunidad y conexi\u00f3n entre las personas<\/strong>.<\/p>\n<h3>Participando activamente en promover la bondad.<\/h3>\n<p>Es genial promover la bondad. Aqu\u00ed tienes algunas ideas para participar activamente:<\/p>\n<ul>\n<li><strong>Realiza actos de bondad al azar<\/strong>: Peque\u00f1os gestos como sostener la puerta para alguien, dejar una nota positiva o ayudar a un vecino pueden tener un gran impacto.<\/li>\n<li><strong>Voluntariado<\/strong>: Si te es posible, dedica tu tiempo a organizaciones ben\u00e9ficas, refugios de animales, bancos de alimentos o cualquier causa que te apasione.<\/li>\n<li><strong>Organiza eventos comunitarios<\/strong>: Puedes organizar o participar en eventos como limpiezas de parques, donaciones de ropa y alimentos, o actividades de recaudaci\u00f3n de fondos para causas locales.<\/li>\n<li><strong>Promueve la bondad en l\u00ednea<\/strong>: Usa tus redes sociales para compartir mensajes positivos, historias inspiradoras y actos de bondad. Puedes usar hashtags como #WorldKindnessDay para unirte a la conversaci\u00f3n global.<\/li>\n<li><strong>Educa y sensibiliza<\/strong>: Habla con amigos, familiares y colegas sobre la importancia de la bondad y c\u00f3mo pueden incorporarla en su vida diaria. Puedes hablar sobre ello en tu comunidad o lugar de trabajo.<\/li>\n<li><strong>Apoya a negocios locales<\/strong>: Compra en tiendas locales y apoya a peque\u00f1os negocios. Esto no solo ayuda a la econom\u00eda local, sino que tambi\u00e9n fomenta un sentido de comunidad.<\/li>\n<li><strong>S\u00e9 un modelo a seguir<\/strong>: La mejor manera de promover la bondad es practicarla t\u00fa mismo. S\u00e9 amable y respetuoso en tus interacciones diarias y muestra empat\u00eda hacia los dem\u00e1s.<\/li>\n<\/ul>\n<p>Cada peque\u00f1o acto cuenta y puede <strong>inspirar a otros a hacer lo mismo<\/strong>.<\/p>\n<figure id=\"attachment_6780\" aria-describedby=\"caption-attachment-6780\" style=\"width: 300px\" class=\"wp-caption aligncenter\"><a href=\"https:\/\/rafaramirez.org\/blog\/wp-content\/uploads\/2024\/11\/ai-generated-9013262.jpg\" target=\"_blank\" rel=\"noopener\"><img loading=\"lazy\" decoding=\"async\" class=\"wp-image-6780 size-medium\" src=\"https:\/\/rafaramirez.org\/blog\/wp-content\/uploads\/2024\/11\/ai-generated-9013262-300x150.jpg\" alt=\"D\u00eda Mundial de la Bondad. Blog de Rafael Ram\u00edrez.\" width=\"300\" height=\"150\" srcset=\"https:\/\/rafaramirez.org\/blog\/wp-content\/uploads\/2024\/11\/ai-generated-9013262-300x150.jpg 300w, https:\/\/rafaramirez.org\/blog\/wp-content\/uploads\/2024\/11\/ai-generated-9013262-1024x512.jpg 1024w, https:\/\/rafaramirez.org\/blog\/wp-content\/uploads\/2024\/11\/ai-generated-9013262-768x384.jpg 768w, https:\/\/rafaramirez.org\/blog\/wp-content\/uploads\/2024\/11\/ai-generated-9013262.jpg 1200w\" sizes=\"auto, (max-width: 300px) 100vw, 300px\" \/><\/a><figcaption id=\"caption-attachment-6780\" class=\"wp-caption-text\">D\u00eda Mundial de la Bondad. Blog de Rafael Ram\u00edrez.<\/figcaption><\/figure>\n<h3>Impacto del D\u00eda Mundial de la Bondad a largo plazo.<\/h3>\n<p>El impacto del D\u00eda Mundial de la Bondad a largo plazo puede ser significativo y multifac\u00e9tico. Aqu\u00ed te dejo algunos de los efectos m\u00e1s destacados:<\/p>\n<ul>\n<li><strong>Fomento de la empat\u00eda y la compasi\u00f3n<\/strong>: Al promover actos de bondad, se cultiva una cultura de empat\u00eda y compasi\u00f3n, lo que puede llevar a relaciones m\u00e1s fuertes y comunidades m\u00e1s unidas.<\/li>\n<li><strong>Reducci\u00f3n del estr\u00e9s y mejora del bienestar<\/strong>: Estudios han demostrado que realizar actos de bondad puede reducir el estr\u00e9s y aumentar el bienestar tanto del que da como del que recibe. Esto puede tener efectos positivos en la salud mental y f\u00edsica a largo plazo.<\/li>\n<li><strong>Inspiraci\u00f3n para acciones continuas<\/strong>: Celebrar el D\u00eda Mundial de la Bondad puede inspirar a las personas a incorporar la bondad en su vida diaria, creando un efecto domin\u00f3 de acciones positivas.<\/li>\n<li><strong>Fortalecimiento de la comunidad<\/strong>: Las actividades comunitarias y los eventos organizados en torno a este d\u00eda pueden fortalecer el sentido de comunidad y colaboraci\u00f3n, haciendo que las personas se sientan m\u00e1s conectadas y apoyadas.<\/li>\n<li><strong>Conciencia global<\/strong>: Al ser una celebraci\u00f3n internacional, el D\u00eda Mundial de la Bondad ayuda a aumentar la conciencia sobre la importancia de la bondad y c\u00f3mo puede trascender fronteras culturales y geogr\u00e1ficas.<\/li>\n<li><strong>Educaci\u00f3n y sensibilizaci\u00f3n<\/strong>: Las campa\u00f1as y actividades educativas asociadas con este d\u00eda pueden ayudar a sensibilizar a las personas sobre la importancia de la bondad y c\u00f3mo pueden practicarla en su vida diaria.<\/li>\n<\/ul>\n<p>De hecho, el D\u00eda Mundial de la Bondad tiene el potencial de crear un impacto duradero al fomentar una cultura de amabilidad y empat\u00eda, mejorando el bienestar individual y fortaleciendo las comunidades.<\/p>\n<h3>Un acto inspirador de bondad.<\/h3>\n<p>Hay muchos actos de bondad inspiradores, pero uno que destaca es la historia de <strong>James Harrison<\/strong>, conocido como el <strong>\u201chombre del brazo de oro\u201d<\/strong>. James, un australiano, ha donado sangre casi cada semana durante m\u00e1s de 60 a\u00f1os. Su sangre contiene un anticuerpo raro que ha sido utilizado para desarrollar una inyecci\u00f3n llamada <strong>Anti-D<\/strong>, que ayuda a prevenir la enfermedad hemol\u00edtica del reci\u00e9n nacido, una condici\u00f3n que puede ser fatal para los beb\u00e9s.<\/p>\n<p>Gracias a sus donaciones, se estima que <strong>ha salvado m\u00e1s de 2.4 millones de vidas<\/strong>. Decididamente, este acto de bondad y dedicaci\u00f3n no solo ha tenido un impacto directo en las vidas de millones de beb\u00e9s y sus familias, sino que tambi\u00e9n ha inspirado a muchas personas a donar sangre y a ser conscientes de c\u00f3mo un simple acto puede tener un efecto tan profundo y duradero.<\/p>\n<figure id=\"attachment_6781\" aria-describedby=\"caption-attachment-6781\" style=\"width: 169px\" class=\"wp-caption aligncenter\"><a href=\"https:\/\/rafaramirez.org\/blog\/wp-content\/uploads\/2024\/11\/ai-generated-9103847.jpg\" target=\"_blank\" rel=\"noopener\"><img loading=\"lazy\" decoding=\"async\" class=\"wp-image-6781 size-medium\" src=\"https:\/\/rafaramirez.org\/blog\/wp-content\/uploads\/2024\/11\/ai-generated-9103847-169x300.jpg\" alt=\"D\u00eda Mundial de la Bondad. Blog de Rafael Ram\u00edrez.\" width=\"169\" height=\"300\" srcset=\"https:\/\/rafaramirez.org\/blog\/wp-content\/uploads\/2024\/11\/ai-generated-9103847-169x300.jpg 169w, https:\/\/rafaramirez.org\/blog\/wp-content\/uploads\/2024\/11\/ai-generated-9103847-576x1024.jpg 576w, https:\/\/rafaramirez.org\/blog\/wp-content\/uploads\/2024\/11\/ai-generated-9103847.jpg 675w\" sizes=\"auto, (max-width: 169px) 100vw, 169px\" \/><\/a><figcaption id=\"caption-attachment-6781\" class=\"wp-caption-text\">D\u00eda Mundial de la Bondad. Blog de Rafael Ram\u00edrez.<\/figcaption><\/figure>\n<p><strong>Decididamente, el D\u00eda Mundial de la Bondad es importante porque promueve la empat\u00eda y la compasi\u00f3n, fortaleciendo las comunidades y mejorando el bienestar emocional de las personas. Adem\u00e1s, inspira a realizar acciones positivas que pueden tener un impacto duradero en la sociedad.\u00a0<\/strong><\/p>\n<p>M\u00e1s informaci\u00f3n:<\/p>\n<ul>\n<li><a href=\"https:\/\/quedia.es\/dia-mundial-de-la-bondad-13-de-noviembre\/\" target=\"_blank\" rel=\"noopener\">Qu\u00e9 d\u00eda<\/a>.<\/li>\n<li><a href=\"https:\/\/larepublica.pe\/mundo\/2021\/11\/13\/dia-mundial-de-la-bondad-desde-cuando-y-por-que-se-celebra-el-13-de-noviembre-atmp\" target=\"_blank\" rel=\"noopener\">La Rep\u00fablica<\/a>.<\/li>\n<li><a href=\"https:\/\/www.mundoescopio.com\/2020\/11\/dia-mundial-de-la-bondad.html\" target=\"_blank\" rel=\"noopener\">Mundoescopio<\/a>.<\/li>\n<li><a href=\"https:\/\/rafaramirez.org\/blog\/index.php\/category\/arte\/efemerides\/\" target=\"_blank\" rel=\"noopener\">M\u00e1s efem\u00e9rides<\/a>.<\/li>\n<li><a href=\"https:\/\/rafaramirez.org\/blog\/index.php\/category\/noticias-sociales\/\" target=\"_blank\" rel=\"noopener\">Otros informes sociales<\/a>.<\/li>\n<\/ul>\n","protected":false},"excerpt":{"rendered":"<p>El\u00a0D\u00eda Mundial de la Bondad\u00a0se celebra cada a\u00f1o el\u00a013 de noviembre. El prop\u00f3sito de este d\u00eda es destacar las buenas acciones en la comunidad y centrarse en el poder positivo de la bondad como un hilo conductor que nos une a todos. Se celebra en muchos pa\u00edses, incluidos Alemania, Francia, Estados Unidos, Canad\u00e1, Jap\u00f3n o [&hellip;]<\/p>\n","protected":false},"author":1,"featured_media":6778,"comment_status":"open","ping_status":"closed","sticky":false,"template":"","format":"standard","meta":{"site-container-style":"default","site-container-layout":"default","site-sidebar-layout":"default","disable-article-header":"default","disable-site-header":"default","disable-site-footer":"default","disable-content-area-spacing":"default","_jetpack_newsletter_access":"","_jetpack_dont_email_post_to_subs":false,"_jetpack_newsletter_tier_id":0,"_jetpack_memberships_contains_paywalled_content":false,"_jetpack_feature_clip_id":0,"_jetpack_memberships_contains_paid_content":false,"footnotes":"","jetpack_publicize_message":"","jetpack_publicize_feature_enabled":true,"jetpack_social_post_already_shared":true,"jetpack_social_options":{"image_generator_settings":{"template":"highway","default_image_id":0,"font":"","enabled":false},"version":2},"jetpack_post_was_ever_published":false},"categories":[1291,15],"tags":[68,3733,1323,3517,3735,3736,3734],"class_list":["post-6772","post","type-post","status-publish","format-standard","has-post-thumbnail","hentry","category-efemerides","category-noticias-sociales","tag-blog-de-rafael-ramirez","tag-dia-mundial-de-la-bondad","tag-efemerides","tag-informe-social","tag-movimiento-mundial-de-la-bondad","tag-world-kindness-movement","tag-worldkindnessday"],"yoast_head":"<!-- This site is optimized with the Yoast SEO plugin v28.4 - https:\/\/yoast.com\/product\/yoast-seo-wordpress\/ -->\n<title>D\u00eda Mundial de la Bondad: fomentando el respeto y la amabilidad. - Blog de Rafael Ram\u00edrez<\/title>\n<meta name=\"description\" content=\"El\u00a0D\u00eda Mundial de la Bondad\u00a0tiene como prop\u00f3sito destacar las buenas acciones en la comunidad y centrarse en el poder positivo de la bondad.\" \/>\n<meta name=\"robots\" content=\"index, follow, max-snippet:-1, max-image-preview:large, max-video-preview:-1\" \/>\n<link rel=\"canonical\" href=\"https:\/\/rafaramirez.org\/blog\/index.php\/2024\/11\/13\/dia-mundial-de-la-bondad\/\" \/>\n<meta property=\"og:locale\" content=\"es_ES\" \/>\n<meta property=\"og:type\" content=\"article\" \/>\n<meta property=\"og:title\" content=\"D\u00eda Mundial de la Bondad: fomentando el respeto y la amabilidad. - Blog de Rafael Ram\u00edrez\" \/>\n<meta property=\"og:description\" content=\"El\u00a0D\u00eda Mundial de la Bondad\u00a0tiene como prop\u00f3sito destacar las buenas acciones en la comunidad y centrarse en el poder positivo de la bondad.\" \/>\n<meta property=\"og:url\" content=\"https:\/\/rafaramirez.org\/blog\/index.php\/2024\/11\/13\/dia-mundial-de-la-bondad\/\" \/>\n<meta property=\"og:site_name\" content=\"Blog de Rafael Ram\u00edrez\" \/>\n<meta property=\"article:published_time\" content=\"2024-11-13T07:15:31+00:00\" \/>\n<meta property=\"og:image\" content=\"https:\/\/rafaramirez.org\/blog\/wp-content\/uploads\/2024\/11\/Dia-Mundial-de-la-Bondad_banner_logblog.jpg\" \/>\n\t<meta property=\"og:image:width\" content=\"720\" \/>\n\t<meta property=\"og:image:height\" content=\"440\" \/>\n\t<meta property=\"og:image:type\" content=\"image\/jpeg\" \/>\n<meta name=\"author\" content=\"Rafael Ram\u00edrez\" \/>\n<meta name=\"twitter:card\" content=\"summary_large_image\" \/>\n<meta name=\"twitter:creator\" content=\"@rafaramirez_ok\" \/>\n<meta name=\"twitter:site\" content=\"@rafaramirez_ok\" \/>\n<meta name=\"twitter:label1\" content=\"Escrito por\" \/>\n\t<meta name=\"twitter:data1\" content=\"Rafael Ram\u00edrez\" \/>\n\t<meta name=\"twitter:label2\" content=\"Tiempo de lectura\" \/>\n\t<meta name=\"twitter:data2\" content=\"7 minutos\" \/>\n<script type=\"application\/ld+json\" class=\"yoast-schema-graph\">{\"@context\":\"https:\\\/\\\/schema.org\",\"@graph\":[{\"@type\":\"Article\",\"@id\":\"https:\\\/\\\/rafaramirez.org\\\/blog\\\/index.php\\\/2024\\\/11\\\/13\\\/dia-mundial-de-la-bondad\\\/#article\",\"isPartOf\":{\"@id\":\"https:\\\/\\\/rafaramirez.org\\\/blog\\\/index.php\\\/2024\\\/11\\\/13\\\/dia-mundial-de-la-bondad\\\/\"},\"author\":{\"name\":\"Rafael Ram\u00edrez\",\"@id\":\"https:\\\/\\\/rafaramirez.org\\\/blog\\\/#\\\/schema\\\/person\\\/50f43b6d60c578760d4c17bda54ab6a5\"},\"headline\":\"D\u00eda Mundial de la Bondad: fomentando el respeto y la amabilidad.\",\"datePublished\":\"2024-11-13T07:15:31+00:00\",\"mainEntityOfPage\":{\"@id\":\"https:\\\/\\\/rafaramirez.org\\\/blog\\\/index.php\\\/2024\\\/11\\\/13\\\/dia-mundial-de-la-bondad\\\/\"},\"wordCount\":1306,\"commentCount\":0,\"publisher\":{\"@id\":\"https:\\\/\\\/rafaramirez.org\\\/blog\\\/#\\\/schema\\\/person\\\/50f43b6d60c578760d4c17bda54ab6a5\"},\"image\":{\"@id\":\"https:\\\/\\\/rafaramirez.org\\\/blog\\\/index.php\\\/2024\\\/11\\\/13\\\/dia-mundial-de-la-bondad\\\/#primaryimage\"},\"thumbnailUrl\":\"https:\\\/\\\/rafaramirez.org\\\/blog\\\/wp-content\\\/uploads\\\/2024\\\/11\\\/Dia-Mundial-de-la-Bondad_banner_logblog.jpg\",\"keywords\":[\"blog de Rafael Ram\u00edrez\",\"D\u00eda Mundial de la Bondad\",\"efem\u00e9rides\",\"informe social\",\"Movimiento Mundial de la Bondad\",\"World Kindness Movement\",\"WorldKindnessDay\"],\"articleSection\":[\"Efem\u00e9rides\",\"Informe social\"],\"inLanguage\":\"es\",\"potentialAction\":[{\"@type\":\"CommentAction\",\"name\":\"Comment\",\"target\":[\"https:\\\/\\\/rafaramirez.org\\\/blog\\\/index.php\\\/2024\\\/11\\\/13\\\/dia-mundial-de-la-bondad\\\/#respond\"]}]},{\"@type\":\"WebPage\",\"@id\":\"https:\\\/\\\/rafaramirez.org\\\/blog\\\/index.php\\\/2024\\\/11\\\/13\\\/dia-mundial-de-la-bondad\\\/\",\"url\":\"https:\\\/\\\/rafaramirez.org\\\/blog\\\/index.php\\\/2024\\\/11\\\/13\\\/dia-mundial-de-la-bondad\\\/\",\"name\":\"D\u00eda Mundial de la Bondad: fomentando el respeto y la amabilidad. - Blog de Rafael Ram\u00edrez\",\"isPartOf\":{\"@id\":\"https:\\\/\\\/rafaramirez.org\\\/blog\\\/#website\"},\"primaryImageOfPage\":{\"@id\":\"https:\\\/\\\/rafaramirez.org\\\/blog\\\/index.php\\\/2024\\\/11\\\/13\\\/dia-mundial-de-la-bondad\\\/#primaryimage\"},\"image\":{\"@id\":\"https:\\\/\\\/rafaramirez.org\\\/blog\\\/index.php\\\/2024\\\/11\\\/13\\\/dia-mundial-de-la-bondad\\\/#primaryimage\"},\"thumbnailUrl\":\"https:\\\/\\\/rafaramirez.org\\\/blog\\\/wp-content\\\/uploads\\\/2024\\\/11\\\/Dia-Mundial-de-la-Bondad_banner_logblog.jpg\",\"datePublished\":\"2024-11-13T07:15:31+00:00\",\"description\":\"El\u00a0D\u00eda Mundial de la Bondad\u00a0tiene como prop\u00f3sito destacar las buenas acciones en la comunidad y centrarse en el poder positivo de la bondad.\",\"breadcrumb\":{\"@id\":\"https:\\\/\\\/rafaramirez.org\\\/blog\\\/index.php\\\/2024\\\/11\\\/13\\\/dia-mundial-de-la-bondad\\\/#breadcrumb\"},\"inLanguage\":\"es\",\"potentialAction\":[{\"@type\":\"ReadAction\",\"target\":[\"https:\\\/\\\/rafaramirez.org\\\/blog\\\/index.php\\\/2024\\\/11\\\/13\\\/dia-mundial-de-la-bondad\\\/\"]}]},{\"@type\":\"ImageObject\",\"inLanguage\":\"es\",\"@id\":\"https:\\\/\\\/rafaramirez.org\\\/blog\\\/index.php\\\/2024\\\/11\\\/13\\\/dia-mundial-de-la-bondad\\\/#primaryimage\",\"url\":\"https:\\\/\\\/rafaramirez.org\\\/blog\\\/wp-content\\\/uploads\\\/2024\\\/11\\\/Dia-Mundial-de-la-Bondad_banner_logblog.jpg\",\"contentUrl\":\"https:\\\/\\\/rafaramirez.org\\\/blog\\\/wp-content\\\/uploads\\\/2024\\\/11\\\/Dia-Mundial-de-la-Bondad_banner_logblog.jpg\",\"width\":720,\"height\":440,\"caption\":\"D\u00eda Mundial de la Bondad. Blog de Rafael Ram\u00edrez.\"},{\"@type\":\"BreadcrumbList\",\"@id\":\"https:\\\/\\\/rafaramirez.org\\\/blog\\\/index.php\\\/2024\\\/11\\\/13\\\/dia-mundial-de-la-bondad\\\/#breadcrumb\",\"itemListElement\":[{\"@type\":\"ListItem\",\"position\":1,\"name\":\"Portada\",\"item\":\"https:\\\/\\\/rafaramirez.org\\\/blog\\\/\"},{\"@type\":\"ListItem\",\"position\":2,\"name\":\"D\u00eda Mundial de la Bondad: fomentando el respeto y la amabilidad.\"}]},{\"@type\":\"WebSite\",\"@id\":\"https:\\\/\\\/rafaramirez.org\\\/blog\\\/#website\",\"url\":\"https:\\\/\\\/rafaramirez.org\\\/blog\\\/\",\"name\":\"Blog de Rafael Ram\u00edrez\",\"description\":\"Un sitio social, de arte y cultura\",\"publisher\":{\"@id\":\"https:\\\/\\\/rafaramirez.org\\\/blog\\\/#\\\/schema\\\/person\\\/50f43b6d60c578760d4c17bda54ab6a5\"},\"potentialAction\":[{\"@type\":\"SearchAction\",\"target\":{\"@type\":\"EntryPoint\",\"urlTemplate\":\"https:\\\/\\\/rafaramirez.org\\\/blog\\\/?s={search_term_string}\"},\"query-input\":{\"@type\":\"PropertyValueSpecification\",\"valueRequired\":true,\"valueName\":\"search_term_string\"}}],\"inLanguage\":\"es\"},{\"@type\":[\"Person\",\"Organization\"],\"@id\":\"https:\\\/\\\/rafaramirez.org\\\/blog\\\/#\\\/schema\\\/person\\\/50f43b6d60c578760d4c17bda54ab6a5\",\"name\":\"Rafael Ram\u00edrez\",\"image\":{\"@type\":\"ImageObject\",\"inLanguage\":\"es\",\"@id\":\"https:\\\/\\\/rafaramirez.org\\\/blog\\\/wp-content\\\/uploads\\\/2024\\\/09\\\/RR_socialnetwork.jpg\",\"url\":\"https:\\\/\\\/rafaramirez.org\\\/blog\\\/wp-content\\\/uploads\\\/2024\\\/09\\\/RR_socialnetwork.jpg\",\"contentUrl\":\"https:\\\/\\\/rafaramirez.org\\\/blog\\\/wp-content\\\/uploads\\\/2024\\\/09\\\/RR_socialnetwork.jpg\",\"width\":600,\"height\":606,\"caption\":\"Rafael Ram\u00edrez\"},\"logo\":{\"@id\":\"https:\\\/\\\/rafaramirez.org\\\/blog\\\/wp-content\\\/uploads\\\/2024\\\/09\\\/RR_socialnetwork.jpg\"},\"sameAs\":[\"https:\\\/\\\/www.rafaramirez.org\\\/blog\",\"https:\\\/\\\/www.instagram.com\\\/rafaramirez_ok\\\/\",\"https:\\\/\\\/es.pinterest.com\\\/Ramirez_Rafa\\\/\",\"https:\\\/\\\/x.com\\\/rafaramirez_ok\"],\"url\":\"https:\\\/\\\/rafaramirez.org\\\/blog\\\/index.php\\\/author\\\/rafaell_qm6j97da\\\/\"}]}<\/script>\n<!-- \/ Yoast SEO plugin. -->","yoast_head_json":{"title":"D\u00eda Mundial de la Bondad: fomentando el respeto y la amabilidad. - Blog de Rafael Ram\u00edrez","description":"El\u00a0D\u00eda Mundial de la Bondad\u00a0tiene como prop\u00f3sito destacar las buenas acciones en la comunidad y centrarse en el poder positivo de la bondad.","robots":{"index":"index","follow":"follow","max-snippet":"max-snippet:-1","max-image-preview":"max-image-preview:large","max-video-preview":"max-video-preview:-1"},"canonical":"https:\/\/rafaramirez.org\/blog\/index.php\/2024\/11\/13\/dia-mundial-de-la-bondad\/","og_locale":"es_ES","og_type":"article","og_title":"D\u00eda Mundial de la Bondad: fomentando el respeto y la amabilidad. - Blog de Rafael Ram\u00edrez","og_description":"El\u00a0D\u00eda Mundial de la Bondad\u00a0tiene como prop\u00f3sito destacar las buenas acciones en la comunidad y centrarse en el poder positivo de la bondad.","og_url":"https:\/\/rafaramirez.org\/blog\/index.php\/2024\/11\/13\/dia-mundial-de-la-bondad\/","og_site_name":"Blog de Rafael Ram\u00edrez","article_published_time":"2024-11-13T07:15:31+00:00","og_image":[{"width":720,"height":440,"url":"https:\/\/rafaramirez.org\/blog\/wp-content\/uploads\/2024\/11\/Dia-Mundial-de-la-Bondad_banner_logblog.jpg","type":"image\/jpeg"}],"author":"Rafael Ram\u00edrez","twitter_card":"summary_large_image","twitter_creator":"@rafaramirez_ok","twitter_site":"@rafaramirez_ok","twitter_misc":{"Escrito por":"Rafael Ram\u00edrez","Tiempo de lectura":"7 minutos"},"schema":{"@context":"https:\/\/schema.org","@graph":[{"@type":"Article","@id":"https:\/\/rafaramirez.org\/blog\/index.php\/2024\/11\/13\/dia-mundial-de-la-bondad\/#article","isPartOf":{"@id":"https:\/\/rafaramirez.org\/blog\/index.php\/2024\/11\/13\/dia-mundial-de-la-bondad\/"},"author":{"name":"Rafael Ram\u00edrez","@id":"https:\/\/rafaramirez.org\/blog\/#\/schema\/person\/50f43b6d60c578760d4c17bda54ab6a5"},"headline":"D\u00eda Mundial de la Bondad: fomentando el respeto y la amabilidad.","datePublished":"2024-11-13T07:15:31+00:00","mainEntityOfPage":{"@id":"https:\/\/rafaramirez.org\/blog\/index.php\/2024\/11\/13\/dia-mundial-de-la-bondad\/"},"wordCount":1306,"commentCount":0,"publisher":{"@id":"https:\/\/rafaramirez.org\/blog\/#\/schema\/person\/50f43b6d60c578760d4c17bda54ab6a5"},"image":{"@id":"https:\/\/rafaramirez.org\/blog\/index.php\/2024\/11\/13\/dia-mundial-de-la-bondad\/#primaryimage"},"thumbnailUrl":"https:\/\/rafaramirez.org\/blog\/wp-content\/uploads\/2024\/11\/Dia-Mundial-de-la-Bondad_banner_logblog.jpg","keywords":["blog de Rafael Ram\u00edrez","D\u00eda Mundial de la Bondad","efem\u00e9rides","informe social","Movimiento Mundial de la Bondad","World Kindness Movement","WorldKindnessDay"],"articleSection":["Efem\u00e9rides","Informe social"],"inLanguage":"es","potentialAction":[{"@type":"CommentAction","name":"Comment","target":["https:\/\/rafaramirez.org\/blog\/index.php\/2024\/11\/13\/dia-mundial-de-la-bondad\/#respond"]}]},{"@type":"WebPage","@id":"https:\/\/rafaramirez.org\/blog\/index.php\/2024\/11\/13\/dia-mundial-de-la-bondad\/","url":"https:\/\/rafaramirez.org\/blog\/index.php\/2024\/11\/13\/dia-mundial-de-la-bondad\/","name":"D\u00eda Mundial de la Bondad: fomentando el respeto y la amabilidad. - Blog de Rafael Ram\u00edrez","isPartOf":{"@id":"https:\/\/rafaramirez.org\/blog\/#website"},"primaryImageOfPage":{"@id":"https:\/\/rafaramirez.org\/blog\/index.php\/2024\/11\/13\/dia-mundial-de-la-bondad\/#primaryimage"},"image":{"@id":"https:\/\/rafaramirez.org\/blog\/index.php\/2024\/11\/13\/dia-mundial-de-la-bondad\/#primaryimage"},"thumbnailUrl":"https:\/\/rafaramirez.org\/blog\/wp-content\/uploads\/2024\/11\/Dia-Mundial-de-la-Bondad_banner_logblog.jpg","datePublished":"2024-11-13T07:15:31+00:00","description":"El\u00a0D\u00eda Mundial de la Bondad\u00a0tiene como prop\u00f3sito destacar las buenas acciones en la comunidad y centrarse en el poder positivo de la bondad.","breadcrumb":{"@id":"https:\/\/rafaramirez.org\/blog\/index.php\/2024\/11\/13\/dia-mundial-de-la-bondad\/#breadcrumb"},"inLanguage":"es","potentialAction":[{"@type":"ReadAction","target":["https:\/\/rafaramirez.org\/blog\/index.php\/2024\/11\/13\/dia-mundial-de-la-bondad\/"]}]},{"@type":"ImageObject","inLanguage":"es","@id":"https:\/\/rafaramirez.org\/blog\/index.php\/2024\/11\/13\/dia-mundial-de-la-bondad\/#primaryimage","url":"https:\/\/rafaramirez.org\/blog\/wp-content\/uploads\/2024\/11\/Dia-Mundial-de-la-Bondad_banner_logblog.jpg","contentUrl":"https:\/\/rafaramirez.org\/blog\/wp-content\/uploads\/2024\/11\/Dia-Mundial-de-la-Bondad_banner_logblog.jpg","width":720,"height":440,"caption":"D\u00eda Mundial de la Bondad. Blog de Rafael Ram\u00edrez."},{"@type":"BreadcrumbList","@id":"https:\/\/rafaramirez.org\/blog\/index.php\/2024\/11\/13\/dia-mundial-de-la-bondad\/#breadcrumb","itemListElement":[{"@type":"ListItem","position":1,"name":"Portada","item":"https:\/\/rafaramirez.org\/blog\/"},{"@type":"ListItem","position":2,"name":"D\u00eda Mundial de la Bondad: fomentando el respeto y la amabilidad."}]},{"@type":"WebSite","@id":"https:\/\/rafaramirez.org\/blog\/#website","url":"https:\/\/rafaramirez.org\/blog\/","name":"Blog de Rafael Ram\u00edrez","description":"Un sitio social, de arte y cultura","publisher":{"@id":"https:\/\/rafaramirez.org\/blog\/#\/schema\/person\/50f43b6d60c578760d4c17bda54ab6a5"},"potentialAction":[{"@type":"SearchAction","target":{"@type":"EntryPoint","urlTemplate":"https:\/\/rafaramirez.org\/blog\/?s={search_term_string}"},"query-input":{"@type":"PropertyValueSpecification","valueRequired":true,"valueName":"search_term_string"}}],"inLanguage":"es"},{"@type":["Person","Organization"],"@id":"https:\/\/rafaramirez.org\/blog\/#\/schema\/person\/50f43b6d60c578760d4c17bda54ab6a5","name":"Rafael Ram\u00edrez","image":{"@type":"ImageObject","inLanguage":"es","@id":"https:\/\/rafaramirez.org\/blog\/wp-content\/uploads\/2024\/09\/RR_socialnetwork.jpg","url":"https:\/\/rafaramirez.org\/blog\/wp-content\/uploads\/2024\/09\/RR_socialnetwork.jpg","contentUrl":"https:\/\/rafaramirez.org\/blog\/wp-content\/uploads\/2024\/09\/RR_socialnetwork.jpg","width":600,"height":606,"caption":"Rafael Ram\u00edrez"},"logo":{"@id":"https:\/\/rafaramirez.org\/blog\/wp-content\/uploads\/2024\/09\/RR_socialnetwork.jpg"},"sameAs":["https:\/\/www.rafaramirez.org\/blog","https:\/\/www.instagram.com\/rafaramirez_ok\/","https:\/\/es.pinterest.com\/Ramirez_Rafa\/","https:\/\/x.com\/rafaramirez_ok"],"url":"https:\/\/rafaramirez.org\/blog\/index.php\/author\/rafaell_qm6j97da\/"}]}},"jetpack_publicize_connections":[],"jetpack_sharing_enabled":true,"jetpack_likes_enabled":true,"jetpack_featured_media_url":"https:\/\/rafaramirez.org\/blog\/wp-content\/uploads\/2024\/11\/Dia-Mundial-de-la-Bondad_banner_logblog.jpg","_links":{"self":[{"href":"https:\/\/rafaramirez.org\/blog\/index.php\/wp-json\/wp\/v2\/posts\/6772","targetHints":{"allow":["GET"]}}],"collection":[{"href":"https:\/\/rafaramirez.org\/blog\/index.php\/wp-json\/wp\/v2\/posts"}],"about":[{"href":"https:\/\/rafaramirez.org\/blog\/index.php\/wp-json\/wp\/v2\/types\/post"}],"author":[{"embeddable":true,"href":"https:\/\/rafaramirez.org\/blog\/index.php\/wp-json\/wp\/v2\/users\/1"}],"replies":[{"embeddable":true,"href":"https:\/\/rafaramirez.org\/blog\/index.php\/wp-json\/wp\/v2\/comments?post=6772"}],"version-history":[{"count":12,"href":"https:\/\/rafaramirez.org\/blog\/index.php\/wp-json\/wp\/v2\/posts\/6772\/revisions"}],"predecessor-version":[{"id":6788,"href":"https:\/\/rafaramirez.org\/blog\/index.php\/wp-json\/wp\/v2\/posts\/6772\/revisions\/6788"}],"wp:featuredmedia":[{"embeddable":true,"href":"https:\/\/rafaramirez.org\/blog\/index.php\/wp-json\/wp\/v2\/media\/6778"}],"wp:attachment":[{"href":"https:\/\/rafaramirez.org\/blog\/index.php\/wp-json\/wp\/v2\/media?parent=6772"}],"wp:term":[{"taxonomy":"category","embeddable":true,"href":"https:\/\/rafaramirez.org\/blog\/index.php\/wp-json\/wp\/v2\/categories?post=6772"},{"taxonomy":"post_tag","embeddable":true,"href":"https:\/\/rafaramirez.org\/blog\/index.php\/wp-json\/wp\/v2\/tags?post=6772"}],"curies":[{"name":"wp","href":"https:\/\/api.w.org\/{rel}","templated":true}]}}